{"id":19653,"date":"2019-09-24T10:09:00","date_gmt":"2019-09-24T09:09:00","guid":{"rendered":"https:\/\/speyer24news.com\/?p=19653"},"modified":"2019-09-24T10:09:02","modified_gmt":"2019-09-24T09:09:02","slug":"freizeit-oktoberfest-urweisse-huettn-mannheim","status":"publish","type":"post","link":"https:\/\/speyer24news.com\/?p=19653","title":{"rendered":"Freizeit \/ Oktoberfest &#038; Urweisse H\u00fctt`n Mannheim:"},"content":{"rendered":"<style type=\"text\/css\">\r\n\t.ads_top_disp{}\r\n\t.ads_top_corner_disp{ float:left; margin:0px 10px 10px 0px; }\r\n\t.ads_first_p_disp{}\r\n\t.ads_bottom_disp{}\r\n\t<\/style>\n<h2 class=\"wp-block-heading\">Das Mannheimer Oktoberfest: Vier Wochen vor Fassanstich restlos ausverkauft<\/h2>\n\n\n\n<div class=\"wp-block-image\"><figure class=\"aligncenter\"><img decoding=\"async\" loading=\"lazy\" width=\"800\" height=\"591\" src=\"https:\/\/speyer24news.com\/wp-content\/uploads\/2019\/09\/DSC02700.jpg\" alt=\"\" class=\"wp-image-19654\" srcset=\"https:\/\/speyer24news.com\/wp-content\/uploads\/2019\/09\/DSC02700.jpg 800w, https:\/\/speyer24news.com\/wp-content\/uploads\/2019\/09\/DSC02700-300x222.jpg 300w, https:\/\/speyer24news.com\/wp-content\/uploads\/2019\/09\/DSC02700-768x567.jpg 768w, https:\/\/speyer24news.com\/wp-content\/uploads\/2019\/09\/DSC02700-80x60.jpg 80w\" sizes=\"(max-width: 800px) 100vw, 800px\" \/><\/figure><\/div>\n\n\n\n<p><strong>Mannheim &#8211; <\/strong>In drei Wochen startet das Oktoberfest beim Carl-Benz-Stadion in Mannheim und ist bereits jetzt restlos ausverkauft. Mit einem Aufgebot von f\u00fcnf hochkar\u00e4tigen Stimmungsbands wird an vier Wochenenden mit \u00fcber 30.000 Besuchern im pr\u00e4chtig geschm\u00fcckten Festzelt krachledern gefeiert. Veranstalter Arno Kiegele freut sich schon jetzt: \u201eF\u00fcr mich ist es das Highlight des Jahres und ein gro\u00dfes Wiedersehen mit unseren vielen G\u00e4sten, die es verstehen, mit Niveau und guter Laune eine ausgelassene Party zu feiern. Seit \u00fcber zehn Jahren hat sich das Mannheimer Oktoberfest zu einer festen Gr\u00f6\u00dfe in der Metropolregion entwickelt und steht f\u00fcr ein Generationen \u00fcbergreifendes, friedliches Miteinander mit hohem Spa\u00dffaktor.\u201c<\/p>\n\n\n\n<div class=\"wp-block-image\"><figure class=\"aligncenter\"><img decoding=\"async\" loading=\"lazy\" width=\"800\" height=\"600\" src=\"https:\/\/speyer24news.com\/wp-content\/uploads\/2019\/09\/DSC02756.jpg\" alt=\"\" class=\"wp-image-19655\" srcset=\"https:\/\/speyer24news.com\/wp-content\/uploads\/2019\/09\/DSC02756.jpg 800w, https:\/\/speyer24news.com\/wp-content\/uploads\/2019\/09\/DSC02756-300x225.jpg 300w, https:\/\/speyer24news.com\/wp-content\/uploads\/2019\/09\/DSC02756-768x576.jpg 768w, https:\/\/speyer24news.com\/wp-content\/uploads\/2019\/09\/DSC02756-678x509.jpg 678w, https:\/\/speyer24news.com\/wp-content\/uploads\/2019\/09\/DSC02756-326x245.jpg 326w, https:\/\/speyer24news.com\/wp-content\/uploads\/2019\/09\/DSC02756-80x60.jpg 80w\" sizes=\"(max-width: 800px) 100vw, 800px\" \/><\/figure><\/div>\n\n\n\n<p>Wer sich den Spa\u00df nicht entgehen lassen will, aber kein Ticket mehr f\u00fcr das Oktoberfest ergattert hat, dem bietet die Platzhirsch-Alm ab dem 16.11. eine attraktive Alternative. Die originelle URWEISSE H\u00dcTT\u2019N steht seit ihrer Premiere vor f\u00fcnf Jahren f\u00fcr herzhaftes Genie\u00dfen in alpenl\u00e4ndischem Flair und versetzt ihre G\u00e4ste immer von Mitte November bis Mitte Februar f\u00fcr ein paar Stunden in eine andere Welt. Dabei hat sich die Platzhirsch Alm in der Erlebnisgastronomie einen Namen als perfekte Location f\u00fcr Winterfeiern, Firmenevents oder einen gemeinsamen Besuch mit Freunden gemacht. Donnerstags, freitags und samstags erwartet die G\u00e4ste ein herzhaftes 3-G\u00e4nge-Men\u00fc f\u00fcr 39 Euro. Vom Tiroler Schlutzkrapfen mit Ricotta bis hin zur Rinderroulade mit Kn\u00f6del und Blaukraut ist f\u00fcr jeden Gaumen etwas dabei. H\u00fcttenwirt und Urbayer Erich mit seinem tollen Team ist bereits in der dritten Saison der perfekte Gastgeber und sorgt als Stimmungsgarant f\u00fcr eine z\u00fcnftige Apr\u00e8s-Ski-Party mit bis zu 140 Personen.<\/p>\n\n\n\n<div class=\"wp-block-image\"><figure class=\"aligncenter\"><img decoding=\"async\" loading=\"lazy\" width=\"800\" height=\"600\" src=\"https:\/\/speyer24news.com\/wp-content\/uploads\/2019\/09\/DSC05386.jpg\" alt=\"\" class=\"wp-image-19656\" srcset=\"https:\/\/speyer24news.com\/wp-content\/uploads\/2019\/09\/DSC05386.jpg 800w, https:\/\/speyer24news.com\/wp-content\/uploads\/2019\/09\/DSC05386-300x225.jpg 300w, https:\/\/speyer24news.com\/wp-content\/uploads\/2019\/09\/DSC05386-768x576.jpg 768w, https:\/\/speyer24news.com\/wp-content\/uploads\/2019\/09\/DSC05386-678x509.jpg 678w, https:\/\/speyer24news.com\/wp-content\/uploads\/2019\/09\/DSC05386-326x245.jpg 326w, https:\/\/speyer24news.com\/wp-content\/uploads\/2019\/09\/DSC05386-80x60.jpg 80w\" sizes=\"(max-width: 800px) 100vw, 800px\" \/><\/figure><\/div>\n\n\n\n<p>2019 erweitert die Platzhirsch Alm ihr Angebot und bietet sonntags, montags und dienstags im \u201eedelweiss\u201c, der Mannheimer Fondue-H\u00fctte mit 80 Sitzpl\u00e4tzen, in geselligem Ambiente ein dreig\u00e4ngiges K\u00e4sefondue-Men\u00fc und Fondue Chinoise-Men\u00fc zum Preis f\u00fcr 46 bzw. 54 Euro pro Person an. Die H\u00fctte \u201ebrennt\u201c in dieser Saison erstmalig durchg\u00e4ngig drei Monate von 16. November bis 16. Februar von 18 bis 1 Uhr und ist auch zwischen den Jahren und an Silvester ge\u00f6ffnet. Pl\u00e4tze ab 2 Personen k\u00f6nnen online unter <a href=\"http:\/\/www.platzhirsch-alm.de\">www.platzhirsch-alm.de<\/a> reserviert werden. Kostenfreie Parkpl\u00e4tze sind ausreichend vorhanden, die Anbindung an die \u00f6ffentlichen Verkehrsmittel befindet sich in unmittelbarer N\u00e4he.   <\/p>\n\n\n\n<div class=\"wp-block-image\"><figure class=\"aligncenter\"><img decoding=\"async\" loading=\"lazy\" width=\"640\" height=\"480\" src=\"https:\/\/speyer24news.com\/wp-content\/uploads\/2019\/09\/DSC01527.jpg\" alt=\"\" class=\"wp-image-19657\" srcset=\"https:\/\/speyer24news.com\/wp-content\/uploads\/2019\/09\/DSC01527.jpg 640w, https:\/\/speyer24news.com\/wp-content\/uploads\/2019\/09\/DSC01527-300x225.jpg 300w, https:\/\/speyer24news.com\/wp-content\/uploads\/2019\/09\/DSC01527-326x245.jpg 326w, https:\/\/speyer24news.com\/wp-content\/uploads\/2019\/09\/DSC01527-80x60.jpg 80w\" sizes=\"(max-width: 640px) 100vw, 640px\" \/><\/figure><\/div>\n\n\n\n<p>Am 1. Februar 2020 beginnt der offizielle Vorverkauf f\u00fcr das Mannheimer Oktoberfest im n\u00e4chsten Jahr. Wie immer k\u00f6nnen die Stammg\u00e4ste ihre Tische vorbei best\u00e4tigen. Wer fr\u00fchzeitig informiert werden m\u00f6chte, abonniert den Newsletter auf <a href=\"http:\/\/www.oktoberfest-mannheim.de\">www.oktoberfest-mannheim.de<\/a>. <\/p>\n\n\n\n<p><em>Text: CommCo Communication &amp; PR Consulting Foto: Speyer 24\/7 News, dak<br>24.09.2019<\/em><\/p>\n","protected":false},"excerpt":{"rendered":"<div class=\"mh-excerpt\"><p>Das Mannheimer Oktoberfest: Vier Wochen vor Fassanstich restlos ausverkauft Mannheim &#8211; In drei Wochen startet das Oktoberfest beim Carl-Benz-Stadion in Mannheim und ist bereits jetzt restlos ausverkauft. Mit einem Aufgebot von f\u00fcnf hochkar\u00e4tigen Stimmungsbands wird <a class=\"mh-excerpt-more\" href=\"https:\/\/speyer24news.com\/?p=19653\" title=\"Freizeit \/ Oktoberfest &#038; Urweisse H\u00fctt`n Mannheim:\">[&#8230;]<\/a><\/p>\n<\/div>","protected":false},"author":3,"featured_media":18008,"comment_status":"open","ping_status":"open","sticky":false,"template":"","format":"standard","meta":{"_monsterinsights_skip_tracking":false,"_monsterinsights_sitenote_active":false,"_monsterinsights_sitenote_note":"","_monsterinsights_sitenote_category":0,"footnotes":""},"categories":[11,13],"tags":[2812,1061,3527,3529,3528,56,114,117,3526],"aioseo_notices":[],"amp_enabled":true,"_links":{"self":[{"href":"https:\/\/speyer24news.com\/index.php?rest_route=\/wp\/v2\/posts\/19653"}],"collection":[{"href":"https:\/\/speyer24news.com\/index.php?rest_route=\/wp\/v2\/posts"}],"about":[{"href":"https:\/\/speyer24news.com\/index.php?rest_route=\/wp\/v2\/types\/post"}],"author":[{"embeddable":true,"href":"https:\/\/speyer24news.com\/index.php?rest_route=\/wp\/v2\/users\/3"}],"replies":[{"embeddable":true,"href":"https:\/\/speyer24news.com\/index.php?rest_route=%2Fwp%2Fv2%2Fcomments&post=19653"}],"version-history":[{"count":1,"href":"https:\/\/speyer24news.com\/index.php?rest_route=\/wp\/v2\/posts\/19653\/revisions"}],"predecessor-version":[{"id":19658,"href":"https:\/\/speyer24news.com\/index.php?rest_route=\/wp\/v2\/posts\/19653\/revisions\/19658"}],"wp:featuredmedia":[{"embeddable":true,"href":"https:\/\/speyer24news.com\/index.php?rest_route=\/wp\/v2\/media\/18008"}],"wp:attachment":[{"href":"https:\/\/speyer24news.com\/index.php?rest_route=%2Fwp%2Fv2%2Fmedia&parent=19653"}],"wp:term":[{"taxonomy":"category","embeddable":true,"href":"https:\/\/speyer24news.com\/index.php?rest_route=%2Fwp%2Fv2%2Fcategories&post=19653"},{"taxonomy":"post_tag","embeddable":true,"href":"https:\/\/speyer24news.com\/index.php?rest_route=%2Fwp%2Fv2%2Ftags&post=19653"}],"curies":[{"name":"wp","href":"https:\/\/api.w.org\/{rel}","templated":true}]}}