{"id":19659,"date":"2019-09-24T10:47:37","date_gmt":"2019-09-24T09:47:37","guid":{"rendered":"https:\/\/speyer24news.com\/?p=19659"},"modified":"2019-09-24T10:47:38","modified_gmt":"2019-09-24T09:47:38","slug":"wirtschaft-finanzen-25","status":"publish","type":"post","link":"https:\/\/speyer24news.com\/?p=19659","title":{"rendered":"Wirtschaft &#038; Finanzen:"},"content":{"rendered":"<style type=\"text\/css\">\r\n\t.ads_top_disp{}\r\n\t.ads_top_corner_disp{ float:left; margin:0px 10px 10px 0px; }\r\n\t.ads_first_p_disp{}\r\n\t.ads_bottom_disp{}\r\n\t<\/style>\n<h1 class=\"wp-block-heading\" style=\"text-align:center\">Holiday Park Ha\u00dfloch:<\/h1>\n\n\n\n<div class=\"wp-block-image\"><figure class=\"aligncenter\"><img decoding=\"async\" src=\"https:\/\/speyer24news.com\/wp-content\/uploads\/2019\/09\/Holidaypark-Logo.png\" alt=\"\" class=\"wp-image-19660\"\/><\/figure><\/div>\n\n\n\n<h2 class=\"wp-block-heading\">Holiday Indoor im Holiday Park \u00f6ffnet jetzt auch im Winter<\/h2>\n\n\n\n<h3 class=\"wp-block-heading\">Erstmalig wird es dieses Jahr im Holiday Park eine Wintersaison geben. Dazu \u00f6ffnet der Park von November bis M\u00e4rz seinen neuen Indoorthemenpark Holiday Indoor.<\/h3>\n\n\n\n<div class=\"wp-block-image\"><figure class=\"aligncenter\"><img decoding=\"async\" loading=\"lazy\" width=\"800\" height=\"537\" src=\"https:\/\/speyer24news.com\/wp-content\/uploads\/2019\/09\/DSC01119.jpg\" alt=\"\" class=\"wp-image-19661\" srcset=\"https:\/\/speyer24news.com\/wp-content\/uploads\/2019\/09\/DSC01119.jpg 800w, https:\/\/speyer24news.com\/wp-content\/uploads\/2019\/09\/DSC01119-300x201.jpg 300w, https:\/\/speyer24news.com\/wp-content\/uploads\/2019\/09\/DSC01119-768x516.jpg 768w\" sizes=\"(max-width: 800px) 100vw, 800px\" \/><\/figure><\/div>\n\n\n\n<p><strong>Ha\u00dfloch \/ Holiday Park Indoor &#8211;<\/strong> Der Holiday Park \u00f6ffnet dieses Jahr erstmalig auch im Winter seine Tore f\u00fcr die Besucher. Fahrgesch\u00e4fte, Indoor-Spielpl\u00e4tze, Shows und tolle Specials gibt es dieses Jahr auch im Winter zu erleben \u2013 und das v\u00f6llig wetterunabh\u00e4ngig. Mit dem 2019 offiziell er\u00f6ffneten Indoor Themenbereich Holiday Indoor bietet sich die M\u00f6glichkeit, den Holiday Park auch in der kalten Jahreszeit zu besuchen. <\/p>\n\n\n\n<div class=\"wp-block-image\"><figure class=\"aligncenter\"><img decoding=\"async\" loading=\"lazy\" width=\"800\" height=\"655\" src=\"https:\/\/speyer24news.com\/wp-content\/uploads\/2019\/09\/hph_kerstman.jpg\" alt=\"\" class=\"wp-image-19662\" srcset=\"https:\/\/speyer24news.com\/wp-content\/uploads\/2019\/09\/hph_kerstman.jpg 800w, https:\/\/speyer24news.com\/wp-content\/uploads\/2019\/09\/hph_kerstman-300x246.jpg 300w, https:\/\/speyer24news.com\/wp-content\/uploads\/2019\/09\/hph_kerstman-768x629.jpg 768w\" sizes=\"(max-width: 800px) 100vw, 800px\" \/><\/figure><\/div>\n\n\n\n<p>In der 5000qm gro\u00dfen, beheizten Halle finden die Besucher 7 Familienattraktionen und treffen Ihre Fernsehhelden wie Heidi, Tabaluga und Biene Maja hautnah. Das Konzept des Holiday Indoor hebt sich deutlich von den bisher bekannten Indoor-Spielpl\u00e4tzen ab. <\/p>\n\n\n\n<div class=\"wp-block-image\"><figure class=\"aligncenter\"><img decoding=\"async\" loading=\"lazy\" width=\"800\" height=\"533\" src=\"https:\/\/speyer24news.com\/wp-content\/uploads\/2019\/09\/hph_heidi.jpg\" alt=\"\" class=\"wp-image-19663\" srcset=\"https:\/\/speyer24news.com\/wp-content\/uploads\/2019\/09\/hph_heidi.jpg 800w, https:\/\/speyer24news.com\/wp-content\/uploads\/2019\/09\/hph_heidi-300x200.jpg 300w, https:\/\/speyer24news.com\/wp-content\/uploads\/2019\/09\/hph_heidi-768x512.jpg 768w\" sizes=\"(max-width: 800px) 100vw, 800px\" \/><\/figure><\/div>\n\n\n\n<p>Mit einem Investitionsvolumen von 7,5 Millionen Euro wurde eine einzigartig  deteilreiche Erlebniswelt geschaffen. Die fantasievollen Attraktionen im neuen Indoorbereich wurden rund um die beliebten TV-Figuren \u201eHeidi\u201c sowie \u201eMia and me\u201c, eine der meistgesehenen Kinderserien im deutschen Fernsehen, thematisiert. Dar\u00fcber hinaus hat \u201eTabaluga\u201c im Holiday Indoor  mit einer neuen Achterbahn eine Heimat gefunden. Neben den aufw\u00e4ndig gestalteten Fahrgesch\u00e4ften und Spielpl\u00e4tzen finden Besucher ein Restaurant, einen Shop, sowie ein Theater mit \u00fcber 500 Sitzpl\u00e4tzen. <\/p>\n\n\n\n<div class=\"wp-block-image\"><figure class=\"aligncenter\"><img decoding=\"async\" loading=\"lazy\" width=\"800\" height=\"530\" src=\"https:\/\/speyer24news.com\/wp-content\/uploads\/2019\/09\/hph_miaselfenflug.jpg\" alt=\"\" class=\"wp-image-19664\" srcset=\"https:\/\/speyer24news.com\/wp-content\/uploads\/2019\/09\/hph_miaselfenflug.jpg 800w, https:\/\/speyer24news.com\/wp-content\/uploads\/2019\/09\/hph_miaselfenflug-300x199.jpg 300w, https:\/\/speyer24news.com\/wp-content\/uploads\/2019\/09\/hph_miaselfenflug-768x509.jpg 768w\" sizes=\"(max-width: 800px) 100vw, 800px\" \/><\/figure><\/div>\n\n\n\n<p>Hier finden an jeden \u00d6ffnungstag Meet &amp; Greets mit den beliebten Figuren des Parks statt. Speziell in den Weinachtsferien, wird der Park mit vielen Weinachtsb\u00e4umen geschm\u00fcckt und f\u00fcr die kleinen Besucher wartet der Weinachtsmann um Weinachtsw\u00fcnsche entgegen zu nehmen.<\/p>\n\n\n\n<div class=\"wp-block-image\"><figure class=\"aligncenter\"><img decoding=\"async\" loading=\"lazy\" width=\"800\" height=\"533\" src=\"https:\/\/speyer24news.com\/wp-content\/uploads\/2019\/09\/hph_miaselfenflug2.jpg\" alt=\"\" class=\"wp-image-19665\" srcset=\"https:\/\/speyer24news.com\/wp-content\/uploads\/2019\/09\/hph_miaselfenflug2.jpg 800w, https:\/\/speyer24news.com\/wp-content\/uploads\/2019\/09\/hph_miaselfenflug2-300x200.jpg 300w, https:\/\/speyer24news.com\/wp-content\/uploads\/2019\/09\/hph_miaselfenflug2-768x512.jpg 768w\" sizes=\"(max-width: 800px) 100vw, 800px\" \/><\/figure><\/div>\n\n\n\n<p>F\u00fcr Jahreskartenbesitzer ist der Eintritt in der Wintersaison kostenlos. Eine Tageskarte kostet in der Wintersaison 9,99\u20ac. Weitere Informationen und \u00d6ffnungszeiten auf <a rel=\"noreferrer noopener\" href=\"https:\/\/deref-web-02.de\/mail\/client\/-7gApNTSTZI\/dereferrer\/?redirectUrl=https%3A%2F%2Fcdn.flxml.eu%2Flt-2164323784-7cfccae7e4ec17e3ef59071bcf53af23ab10475393e4a8f4\" target=\"_blank\">holidaypark.de<\/a>.<\/p>\n\n\n\n<div class=\"wp-block-image\"><figure class=\"aligncenter\"><img decoding=\"async\" loading=\"lazy\" width=\"800\" height=\"533\" src=\"https:\/\/speyer24news.com\/wp-content\/uploads\/2019\/09\/hph_tabaluga.jpg\" alt=\"\" class=\"wp-image-19666\" srcset=\"https:\/\/speyer24news.com\/wp-content\/uploads\/2019\/09\/hph_tabaluga.jpg 800w, https:\/\/speyer24news.com\/wp-content\/uploads\/2019\/09\/hph_tabaluga-300x200.jpg 300w, https:\/\/speyer24news.com\/wp-content\/uploads\/2019\/09\/hph_tabaluga-768x512.jpg 768w\" sizes=\"(max-width: 800px) 100vw, 800px\" \/><\/figure><\/div>\n\n\n\n<h4 class=\"wp-block-heading\">Neue Investitionen<\/h4>\n\n\n\n<div class=\"wp-block-image\"><figure class=\"aligncenter\"><img decoding=\"async\" loading=\"lazy\" width=\"800\" height=\"606\" src=\"https:\/\/speyer24news.com\/wp-content\/uploads\/2019\/09\/dino-hph_5mb.jpg\" alt=\"\" class=\"wp-image-19667\" srcset=\"https:\/\/speyer24news.com\/wp-content\/uploads\/2019\/09\/dino-hph_5mb.jpg 800w, https:\/\/speyer24news.com\/wp-content\/uploads\/2019\/09\/dino-hph_5mb-300x227.jpg 300w, https:\/\/speyer24news.com\/wp-content\/uploads\/2019\/09\/dino-hph_5mb-768x582.jpg 768w, https:\/\/speyer24news.com\/wp-content\/uploads\/2019\/09\/dino-hph_5mb-80x60.jpg 80w\" sizes=\"(max-width: 800px) 100vw, 800px\" \/><\/figure><\/div>\n\n\n\n<p>Auch nach dem Start der Winter Saison geht es im Holiday Park mit gro\u00dfen Schritten weiter. In den kommenden 5 Jahren wird die Plopsa Gruppe 25 Millionen Euro in den Park investieren. Bereits in der Sommersaison 2020 bietet der Holiday Park ein neues atemberaubendes Abenteuer. In der Attraktion &#8222;Dino Splash&#8220; wagen die Besucher eine abenteuerliche Fahrt durch das Gebiet der pr\u00e4historischen Dinosaurier. <\/p>\n\n\n\n<div class=\"wp-block-image\"><figure class=\"aligncenter\"><img decoding=\"async\" loading=\"lazy\" width=\"800\" height=\"664\" src=\"https:\/\/speyer24news.com\/wp-content\/uploads\/2019\/09\/mock-up_bed.jpg\" alt=\"\" class=\"wp-image-19668\" srcset=\"https:\/\/speyer24news.com\/wp-content\/uploads\/2019\/09\/mock-up_bed.jpg 800w, https:\/\/speyer24news.com\/wp-content\/uploads\/2019\/09\/mock-up_bed-300x249.jpg 300w, https:\/\/speyer24news.com\/wp-content\/uploads\/2019\/09\/mock-up_bed-768x637.jpg 768w\" sizes=\"(max-width: 800px) 100vw, 800px\" \/><\/figure><\/div>\n\n\n\n<p>Neben der thematischen  Neugestaltung des Donnerflusses zum &#8222;Dino Splash&#8220; im kommenden Jahr,  wird auch das Wikingerdorf in den kommenden Jahren um zwei neue  Attraktionen erweitert. Dadurch ergibt sich der n\u00e4chstlogische Schritt des Parks, der Bau eines Hotels. Somit haben die Besucher die M\u00f6glichkeit den Park mehrere Tage zu erleben. Das gro\u00dfe Ziel des Parks ist es, durch die Investitionen, das Ziel von mehr als 1 Millionen Besucher zu erreichen. <\/p>\n\n\n\n<p><em>Plopsa Group<br>24.09.2019<\/em><\/p>\n\n\n\n<h1 class=\"wp-block-heading\" style=\"text-align:center\">Bundesagentur f\u00fcr Arbeit (BA):<\/h1>\n\n\n\n<div class=\"wp-block-image\"><figure class=\"aligncenter\"><img decoding=\"async\" src=\"https:\/\/speyer24news.com\/wp-content\/uploads\/2019\/08\/Agentur-f\u00fcr-Arbeit.png\" alt=\"\" class=\"wp-image-17390\"\/><\/figure><\/div>\n\n\n\n<h2 class=\"wp-block-heading\">100. Pflegekraft aus Mexiko in Deutschland eingetroffen<\/h2>\n\n\n\n<h3 class=\"wp-block-heading\">BA blickt auf anderthalb Jahre erfolgreiche Rekrutierung zur\u00fcck<\/h3>\n\n\n\n<p><strong>M\u00fcnchen \/ Mexiko &#8211;<\/strong> Anfang September am M\u00fcnchner Flughafen: F\u00fcnf mexikanische Pflegekr\u00e4fte landen, um ihre Stellen an einer Klinik in Niederbayern anzutreten. Sie haben einen weiten Weg hinter sich, nicht nur r\u00e4umlich, sondern auch zeitlich: Genau ein Jahr zuvor hatten sie an einer Rekrutierungsveranstaltung der Zentrale Auslands- und Fachvermittlung  (ZAV) der Bundesagentur f\u00fcr Arbeit (BA) in Mexiko teilgenommen. Die Veranstaltung war Teil eines neuen Projektes der BA, um Pflegekr\u00e4fte f\u00fcr Krankenh\u00e4user und Altenpflegeeinrichtungen in Deutschland zu finden. Seit Projektbeginn im M\u00e4rz 2018 sind 100 mexikanische Pflegekr\u00e4fte mit Hilfe der BA nach Deutschland gekommen. Weitere rund 300 werden in den n\u00e4chsten Monaten erwartet. Angesichts der hohen Ausbildungsstandards f\u00fcr Pflegekr\u00e4fte in Mexiko ist das Interesse bei den Kliniken und Pflegeeinrichtungen in Deutschland an diesen Fachkr\u00e4ften hoch.<\/p>\n\n\n\n<h4 class=\"wp-block-heading\">Langer Vorlauf vor allem durch sprachliche Vorbereitung<\/h4>\n\n\n\n<p>Die Vermittlung nach Deutschland verlangt von Bewerberinnen und  Bewerbern wie Arbeitgebern allerdings viel Geduld. In der Zeit zwischen  ihrer Auswahl und der Einreise nach Deutschland werden die Pflegekr\u00e4fte  vor allem sprachlich auf ihren Einsatz in Deutschland vorbereitet.  Au\u00dferdem werden das Visumverfahren, die Arbeitsmarktzulassung und das Verfahren zur Anerkennung der in Mexiko erworbenen Qualifikation auf den Weg gebracht. Nach der Einreise muss der Spracherwerb weiter vorangetrieben werden. Denn Pflegekr\u00e4fte m\u00fcssen Deutschkenntnisse auf B2-Niveau nach dem Gemeinsamen Europ\u00e4ischen Referenzrahmen vorweisen, damit sie als Fachkraft in der Gesundheits- und Krankenpflege oder in der Altenpflege in Deutschland arbeiten k\u00f6nnen.<\/p>\n\n\n\n<h4 class=\"wp-block-heading\">Grundsatz der fairen Migration im Mittelpunkt<\/h4>\n\n\n\n<p>Das Projekt zur Gewinnung mexikanischer Pflegekr\u00e4fte f\u00fchrt die BA in  enger Abstimmung und Zusammenarbeit mit der staatlichen mexikanischen Arbeitsverwaltung, dem Servicio Nacional de Empleo (SNE), durch. SNE ist von Anfang an in die Auswahl der Teilnehmerinnen und Teilnehmer eingebunden, um zu vermeiden, dass in Mexiko selbst ben\u00f6tigte Fachkr\u00e4fte dem Arbeitsmarkt entzogen werden. Zudem erm\u00f6glicht die Teilnahme am Projekt Fachkr\u00e4ften aus Mexiko eine Weiterentwicklung ihrer fachlichen und berufspraktischen Kenntnisse, falls sie sich sp\u00e4ter f\u00fcr eine R\u00fcckkehr nach Mexiko entscheiden.<\/p>\n\n\n\n<p>\u201eDer partnerschaftliche Ansatz ist uns bei der gezielten Gewinnung  qualifizierter aus-l\u00e4ndischer Fachkr\u00e4fte besonders wichtig. Die sehr  gute Zusammenarbeit mit unseren mexikanischen Partnern ist daher ein  zentraler Erfolgsfaktor. Um diese weiter zu festigen, wollen die  Bundesagentur f\u00fcr Arbeit und der SNE sobald wie m\u00f6glich eine  Kooperationsvereinbarung unterzeichnen\u201c, unterstreicht  BA-Vorstandsmitglied Daniel Terzenbach. \u201cDie organisierte  Fachkr\u00e4ftezuwanderung nach Deutschland sollte f\u00fcr alle Seiten Vorteile  mit sich bringen.\u201c<\/p>\n\n\n\n<p>N\u00e4here Informationen zum Projekt finden interessierte Pflegekr\u00e4fte auf Spanisch auf der <a href=\"https:\/\/www.arbeitsagentur.de\/\">Homepage der BA<\/a><\/p>\n\n\n\n<p><em>Bundesagentur f\u00fcr Arbeit<br>24.09.2019<\/em><\/p>\n","protected":false},"excerpt":{"rendered":"<div class=\"mh-excerpt\"><p>Holiday Park Ha\u00dfloch: Holiday Indoor im Holiday Park \u00f6ffnet jetzt auch im Winter Erstmalig wird es dieses Jahr im Holiday Park eine Wintersaison geben. Dazu \u00f6ffnet der Park von November bis M\u00e4rz seinen neuen Indoorthemenpark <a class=\"mh-excerpt-more\" href=\"https:\/\/speyer24news.com\/?p=19659\" title=\"Wirtschaft &#038; Finanzen:\">[&#8230;]<\/a><\/p>\n<\/div>","protected":false},"author":3,"featured_media":0,"comment_status":"open","ping_status":"open","sticky":false,"template":"","format":"standard","meta":{"_monsterinsights_skip_tracking":false,"_monsterinsights_sitenote_active":false,"_monsterinsights_sitenote_note":"","_monsterinsights_sitenote_category":0,"footnotes":""},"categories":[29],"tags":[551,857,333,335,3531,3532,3530],"aioseo_notices":[],"amp_enabled":true,"_links":{"self":[{"href":"https:\/\/speyer24news.com\/index.php?rest_route=\/wp\/v2\/posts\/19659"}],"collection":[{"href":"https:\/\/speyer24news.com\/index.php?rest_route=\/wp\/v2\/posts"}],"about":[{"href":"https:\/\/speyer24news.com\/index.php?rest_route=\/wp\/v2\/types\/post"}],"author":[{"embeddable":true,"href":"https:\/\/speyer24news.com\/index.php?rest_route=\/wp\/v2\/users\/3"}],"replies":[{"embeddable":true,"href":"https:\/\/speyer24news.com\/index.php?rest_route=%2Fwp%2Fv2%2Fcomments&post=19659"}],"version-history":[{"count":1,"href":"https:\/\/speyer24news.com\/index.php?rest_route=\/wp\/v2\/posts\/19659\/revisions"}],"predecessor-version":[{"id":19669,"href":"https:\/\/speyer24news.com\/index.php?rest_route=\/wp\/v2\/posts\/19659\/revisions\/19669"}],"wp:attachment":[{"href":"https:\/\/speyer24news.com\/index.php?rest_route=%2Fwp%2Fv2%2Fmedia&parent=19659"}],"wp:term":[{"taxonomy":"category","embeddable":true,"href":"https:\/\/speyer24news.com\/index.php?rest_route=%2Fwp%2Fv2%2Fcategories&post=19659"},{"taxonomy":"post_tag","embeddable":true,"href":"https:\/\/speyer24news.com\/index.php?rest_route=%2Fwp%2Fv2%2Ftags&post=19659"}],"curies":[{"name":"wp","href":"https:\/\/api.w.org\/{rel}","templated":true}]}}