{"id":19730,"date":"2019-09-26T10:11:22","date_gmt":"2019-09-26T09:11:22","guid":{"rendered":"https:\/\/speyer24news.com\/?p=19730"},"modified":"2019-09-26T10:11:24","modified_gmt":"2019-09-26T09:11:24","slug":"hassloch-29","status":"publish","type":"post","link":"https:\/\/speyer24news.com\/?p=19730","title":{"rendered":"Ha\u00dfloch:"},"content":{"rendered":"<style type=\"text\/css\">\r\n\t.ads_top_disp{}\r\n\t.ads_top_corner_disp{ float:left; margin:0px 10px 10px 0px; }\r\n\t.ads_first_p_disp{}\r\n\t.ads_bottom_disp{}\r\n\t<\/style>\n<h2 class=\"wp-block-heading\">Arbeiten in der Westrandstra\u00dfe: Ab Montag erneut Teilst\u00fcck des Neustadter Kreisels gesperrt<\/h2>\n\n\n\n<p>Seit dem 12.08. sind die Arbeiten in der Westrandstra\u00dfe im Bereich zwischen Neustadter Kreisel und Adam-Stegerwald-Stra\u00dfe in vollem Gange. Mittlerweile konnten die Asphaltarbeiten weitestgehend abgeschlossen werden. Derzeit werden die Anschl\u00fcsse an den F\u00fcllerweg, an den Radweg entlang der Westrandstra\u00dfe und an zwei weitere Wirtschaftswege hergestellt. Aufgrund der Anschlussarbeiten bleibt die Zufahrt von der F\u00fcllergasse \u00fcber das Provisorium an der Westrandstra\u00dfe in den F\u00fcllerweg f\u00fcr den motorisierten Verkehr weiterhin gesperrt. Die Umleitung erfolgt \u00fcber den Neustadter Kreisel in Richtung Mu\u00dfbach und ist ausgeschildert. Fu\u00dfg\u00e4nger und Radfahrer hingegen k\u00f6nnen den F\u00fcllerweg und den Radweg entlang der Westrandstra\u00dfe wieder von der F\u00fcllergasse aus erreichen und befahren.<\/p>\n\n\n\n<p>Im Zuge der Arbeiten an der Westrandstra\u00dfe wird auch die Fahrbahn im Neustadter Kreisel erneuert. 75 Prozent des Kreisverkehres wurden bereits im Juni dieses Jahres fertiggestellt, die Sanierung des noch ausstehenden Viertels wird nun am <strong>Montag, den 30. September <\/strong>beginnen, wodurch der Kreisverkehr an der Neustadter Stra\u00dfe wieder teilweise gesperrt werden muss. Mittels Baustellenampel wird der Kreisel aber in Ost-West-Richtung (aus Richtung Mu\u00dfbach ins Ortszentrum und umgekehrt) und in Nordrichtung (Richtung A65) befahrbar sein. Der Kreiselarm in Richtung S\u00fcden (Badepark) bleibt weiterhin gesperrt. Autofahrer, die von der A65 in Richtung S\u00fcden fahren wollen, werden ab dem 30. September nicht mehr ab dem Neustadter Kreisel, sondern bereits ab der Moltkestra\u00dfe umgeleitet. Die Umleitung in Richtung S\u00fcden erfolgt dann \u00fcber die Moltkestra\u00dfe \u2013 Richard-Wagner-Stra\u00dfe \u2013 Waldstra\u00dfe \u2013 Pestalozzistra\u00dfe \u2013 Lachener Weg.<\/p>\n\n\n\n<p>Die Westrandstra\u00dfe sowie die Adam-Stegerwald-Stra\u00dfe werden seit Herbst vergangenen Jahres in mehreren Bauabschnitten saniert. Begonnen wurde im Norden im Bereich zwischen Richard-Sang-Stra\u00dfe und Meckenheimer Stra\u00dfe. Es folgten die Abschnitte zwischen Badepark-Kreisel und der Firma Hildebrand. Zuletzt wurden der Bereich zwischen Neustadter Kreisel und Bahnbr\u00fcckenbauwerk sowie dreiviertel des Neustadter Kreisels fertiggestellt. Die Arbeiten im jetzigen Bauabschnitt zwischen Neustadter Kreisel und Adam-Stegerwald-Stra\u00dfe sowie der letzte Abschnitt des Kreisverkehres werden <strong>voraussichtlich Ende Oktober vollst\u00e4ndig abgeschlossen<\/strong> und f\u00fcr den Verkehr freigegeben.<\/p>\n\n\n\n<p><em>Gemeindeverwaltung Ha\u00dfloch<br>26.09.2019<\/em><\/p>\n\n\n\n<h2 class=\"wp-block-heading\">Kindertagesst\u00e4tte \u201eHaus Kunterbunt\u201c mit dem Qualit\u00e4tssiegel \u201eBewegungskita Rheinland-Pfalz\u201c ausgezeichnet<\/h2>\n\n\n\n<div class=\"wp-block-image\"><figure class=\"aligncenter\"><img decoding=\"async\" loading=\"lazy\" width=\"800\" height=\"541\" src=\"https:\/\/speyer24news.com\/wp-content\/uploads\/2019\/09\/Bild-\u00dcbergabe-des-Qualit\u00e4tssiegels-an-das-KiTa-Team.jpg\" alt=\"\" class=\"wp-image-19731\" srcset=\"https:\/\/speyer24news.com\/wp-content\/uploads\/2019\/09\/Bild-\u00dcbergabe-des-Qualit\u00e4tssiegels-an-das-KiTa-Team.jpg 800w, https:\/\/speyer24news.com\/wp-content\/uploads\/2019\/09\/Bild-\u00dcbergabe-des-Qualit\u00e4tssiegels-an-das-KiTa-Team-300x203.jpg 300w, https:\/\/speyer24news.com\/wp-content\/uploads\/2019\/09\/Bild-\u00dcbergabe-des-Qualit\u00e4tssiegels-an-das-KiTa-Team-768x519.jpg 768w\" sizes=\"(max-width: 800px) 100vw, 800px\" \/><figcaption>\u00dcbergabe des Qualit\u00e4tssiegels an das KiTa-Team<\/figcaption><\/figure><\/div>\n\n\n\n<p>Die kommunale Kindertagesst\u00e4tte \u201eHaus Kunterbunt\u201c wurde jetzt als 127. Kindertagesst\u00e4tte in Rheinland-Pfalz und als erste Kindertagesst\u00e4tte in Ha\u00dfloch mit dem landesweit anerkannten Qualit\u00e4tssiegel \u201eBewegungskita Rheinland-Pfalz\u201c ausgezeichnet. Das Qualit\u00e4tssiegel wird vom Verein \u201eBewegungskindertagesst\u00e4tte Rheinland-Pfalz e.V.\u201c an Kindertagesst\u00e4tten verliehen, die der Bewegung einen wesentlichen Stellenwert in ihrer p\u00e4dagogischen Arbeit einr\u00e4umen. <\/p>\n\n\n\n<p>Vorstandsmitglied Reinhard Liebisch hat dem \u201eHaus Kunterbunt\u201c im Namen des Vereins das Siegel \u00fcberreicht und dabei die Leistungen des gesamten Kita-Teams hervorgehoben, das auf seinem Weg zur Bewegungskita nicht nur besondere Qualifikationen im Bereich \u201eEntwicklungsf\u00f6rderung durch Bewegung\u201c bei Fortbildungen erworben hat, sondern dem es gelungen ist, im p\u00e4dagogischen Konzept und Alltag, viel freie Bewegungs- und Spielzeit f\u00fcr die Kinder, t\u00e4glich angeleitete Bewegungseinheiten sowie w\u00f6chentliche Bewegungsstunden zu verankern. Zudem verf\u00fcgt das \u201eHaus Kunterbunt\u201c \u00fcber eine kindergerechte und bewegungsfreundliche Ausstattung der Innen- und Au\u00dfenbereiche, engagiert sich in der Netzwerkarbeit mit sozialen Einrichtungen und Beratungsstellen und hat Vorbild- und Multiplikatorenfunktion f\u00fcr andere Einrichtungen.<\/p>\n\n\n\n<p>Das Siegel und somit der Titel \u201eBewegungskita Rheinland-Pfalz\u201c wird f\u00fcr vier Jahre vergeben. Danach wird erneut gepr\u00fcft. Die Vergabe erfolgt auf Grundlage von verschiedenen Kriterien, die eine Einrichtung erf\u00fcllen muss. Diese Kriterien sind in 5 Kategorien aufgeschl\u00fcsselt. Auf dem Weg zur Bewegungskita werden interessierte Einrichtungen von dem Verein begleitet, unterst\u00fctzt und beraten. Im \u201eHaus Kunterbunt\u201c freut man sich sehr \u00fcber die Auszeichnung, so Einrichtungsleiter Simon Schmidt. Man wisse aber auch, dass das Siegel Anerkennung und Verpflichtung zugleich ist. Schlie\u00dflich m\u00f6chte man den Titel dauerhaft tragen. Der zust\u00e4ndige Beigeordnete Claus Wolfer gratulierte dem gesamten Team zu dem Erfolg. Man merke, dass vor Ort Hand in Hand gearbeitet und an einem Strang gezogen wird &#8211; und das sei schlie\u00dflich ein Grundpfeiler in den Voraussetzungen f\u00fcr eine Bewegungskita, so Wolfer.<\/p>\n\n\n\n<p>Der Verein \u201eBewegungskindertagesst\u00e4tte Rheinland-Pfalz e.V.&#8220; ist ein Zusammenschluss von sieben Organisationen, die das gemeinsame Ziel der F\u00f6rderung der ganzheitlichen Entwicklung, Gesundheit und Bildung von Kindern durch Bewegung und Spiel in rheinlandpf\u00e4lzischen Kitas verfolgen. Das im Jahr 2005 gegr\u00fcndete \u201eAktionsb\u00fcndnis Bewegungskindergarten&#8220; gr\u00fcndete am 31.05.2011 einen eigenen Tr\u00e4gerverein, der nun die Vergabe des Qualit\u00e4tssiegels \u201eBewegungskita Rheinland-Pfalz\u201c durchf\u00fchrt. Vor der KiTa \u201eHaus Kunterbunt\u201c wurde zuletzt im August 2019 eine Einrichtung in Mauchenheim im Landkreis Alzey-Worms mit dem Siegel ausgezeichnet. <\/p>\n\n\n\n<p><em>Gemeindeverwaltung Ha\u00dfloch<br>26.09.2019<\/em><\/p>\n","protected":false},"excerpt":{"rendered":"<div class=\"mh-excerpt\"><p>Arbeiten in der Westrandstra\u00dfe: Ab Montag erneut Teilst\u00fcck des Neustadter Kreisels gesperrt Seit dem 12.08. sind die Arbeiten in der Westrandstra\u00dfe im Bereich zwischen Neustadter Kreisel und Adam-Stegerwald-Stra\u00dfe in vollem Gange. Mittlerweile konnten die Asphaltarbeiten <a class=\"mh-excerpt-more\" href=\"https:\/\/speyer24news.com\/?p=19730\" title=\"Ha\u00dfloch:\">[&#8230;]<\/a><\/p>\n<\/div>","protected":false},"author":3,"featured_media":19205,"comment_status":"open","ping_status":"open","sticky":false,"template":"","format":"standard","meta":{"_monsterinsights_skip_tracking":false,"_monsterinsights_sitenote_active":false,"_monsterinsights_sitenote_note":"","_monsterinsights_sitenote_category":0,"footnotes":""},"categories":[235],"tags":[3573,180,3571,3572,3570,2565],"aioseo_notices":[],"amp_enabled":true,"_links":{"self":[{"href":"https:\/\/speyer24news.com\/index.php?rest_route=\/wp\/v2\/posts\/19730"}],"collection":[{"href":"https:\/\/speyer24news.com\/index.php?rest_route=\/wp\/v2\/posts"}],"about":[{"href":"https:\/\/speyer24news.com\/index.php?rest_route=\/wp\/v2\/types\/post"}],"author":[{"embeddable":true,"href":"https:\/\/speyer24news.com\/index.php?rest_route=\/wp\/v2\/users\/3"}],"replies":[{"embeddable":true,"href":"https:\/\/speyer24news.com\/index.php?rest_route=%2Fwp%2Fv2%2Fcomments&post=19730"}],"version-history":[{"count":1,"href":"https:\/\/speyer24news.com\/index.php?rest_route=\/wp\/v2\/posts\/19730\/revisions"}],"predecessor-version":[{"id":19732,"href":"https:\/\/speyer24news.com\/index.php?rest_route=\/wp\/v2\/posts\/19730\/revisions\/19732"}],"wp:featuredmedia":[{"embeddable":true,"href":"https:\/\/speyer24news.com\/index.php?rest_route=\/wp\/v2\/media\/19205"}],"wp:attachment":[{"href":"https:\/\/speyer24news.com\/index.php?rest_route=%2Fwp%2Fv2%2Fmedia&parent=19730"}],"wp:term":[{"taxonomy":"category","embeddable":true,"href":"https:\/\/speyer24news.com\/index.php?rest_route=%2Fwp%2Fv2%2Fcategories&post=19730"},{"taxonomy":"post_tag","embeddable":true,"href":"https:\/\/speyer24news.com\/index.php?rest_route=%2Fwp%2Fv2%2Ftags&post=19730"}],"curies":[{"name":"wp","href":"https:\/\/api.w.org\/{rel}","templated":true}]}}