{"id":19733,"date":"2019-09-26T13:19:53","date_gmt":"2019-09-26T12:19:53","guid":{"rendered":"https:\/\/speyer24news.com\/?p=19733"},"modified":"2019-09-26T13:19:54","modified_gmt":"2019-09-26T12:19:54","slug":"germersheim-und-lk-ger","status":"publish","type":"post","link":"https:\/\/speyer24news.com\/?p=19733","title":{"rendered":"Germersheim und LK GER:"},"content":{"rendered":"<style type=\"text\/css\">\r\n\t.ads_top_disp{}\r\n\t.ads_top_corner_disp{ float:left; margin:0px 10px 10px 0px; }\r\n\t.ads_first_p_disp{}\r\n\t.ads_bottom_disp{}\r\n\t<\/style>\n<h2 class=\"wp-block-heading\"><strong>Lange Nacht der Volkshochschulen gibt Einblicke in das umfangreiche Veranstaltungsangebot<\/strong><\/h2>\n\n\n\n<div class=\"wp-block-image\"><figure class=\"aligncenter\"><img decoding=\"async\" loading=\"lazy\" width=\"800\" height=\"517\" src=\"https:\/\/speyer24news.com\/wp-content\/uploads\/2019\/09\/Lange-Nacht-vhs-2.jpg\" alt=\"\" class=\"wp-image-19740\" srcset=\"https:\/\/speyer24news.com\/wp-content\/uploads\/2019\/09\/Lange-Nacht-vhs-2.jpg 800w, https:\/\/speyer24news.com\/wp-content\/uploads\/2019\/09\/Lange-Nacht-vhs-2-300x194.jpg 300w, https:\/\/speyer24news.com\/wp-content\/uploads\/2019\/09\/Lange-Nacht-vhs-2-768x496.jpg 768w\" sizes=\"(max-width: 800px) 100vw, 800px\" \/><\/figure><\/div>\n\n\n\n<p>Zum\n100-j\u00e4hrigen Bestehen haben die Volkshochschulen und ihre Verb\u00e4nde bundesweit\neine besondere Aktion gestartet: die erste \u201eLange Nacht\u201c der Volkshochschulen.\nAuch die Kreisvolkshochschule Germersheim mit den Au\u00dfenstellen hat sich am 20.\nSeptember beteiligt und den Besucher\/innen eine\nbunt gemischte Auswahl an Angeboten quer durch das Veranstaltungsprogramm\npr\u00e4sentiert. Die Besucherinnen und Besucher in der Aula der Berufsbildenden\nSchule in Germersheim zeigten sich positiv \u00fcberrascht von der gro\u00dfen Vielfalt\nan Kursangeboten. \u201eDa ist auf jeden Fall etwas dabei. Ich wollte zum Beispiel\nschon lange einen PowerPoint-Kurs besuchen und das Wollspinnen mit der\nHandspindel fand ich auch sehr interessant\u201c, so eine Besucherin.<\/p>\n\n\n\n<p>Auch\nim Bellheimer B\u00fcrgerhaus und im Lingenfelder Rathaus konnten sich Interessierte\n\u00fcber das breit gef\u00e4cherte Angebot informieren. <\/p>\n\n\n\n<p>Weitere Informationen zum Veranstaltungsangebot erhalten Interessierte bei der Kreisvolkshochschule Germersheim, Ritter-von-Schmau\u00df-Str.\/Ecke Paradeplatz, Tel. 07274\/53334, E-Mail: <a href=\"mailto:vhs@kreis-germersheim.de\">vhs@kreis-germersheim.de<\/a>, <a href=\"http:\/\/www.kreis-germersheim.de\/kvhs\">www.kreis-germersheim.de\/kvhs<\/a>.<\/p>\n\n\n\n<p><em>Kreisverwaltung Germersheim<br>26.09.2019<\/em><\/p>\n\n\n\n<h2 class=\"wp-block-heading\"><strong>Christoph Buttweiler zum Vorsitzenden des Jugendhilfeausschusses wiedergew\u00e4hlt<\/strong><\/h2>\n\n\n\n<div class=\"wp-block-image\"><figure class=\"aligncenter\"><img decoding=\"async\" loading=\"lazy\" width=\"800\" height=\"533\" src=\"https:\/\/speyer24news.com\/wp-content\/uploads\/2019\/09\/Christoph-Buttweiler-und-Alois-Herrmann.jpg\" alt=\"\" class=\"wp-image-19739\" srcset=\"https:\/\/speyer24news.com\/wp-content\/uploads\/2019\/09\/Christoph-Buttweiler-und-Alois-Herrmann.jpg 800w, https:\/\/speyer24news.com\/wp-content\/uploads\/2019\/09\/Christoph-Buttweiler-und-Alois-Herrmann-300x200.jpg 300w, https:\/\/speyer24news.com\/wp-content\/uploads\/2019\/09\/Christoph-Buttweiler-und-Alois-Herrmann-768x512.jpg 768w\" sizes=\"(max-width: 800px) 100vw, 800px\" \/><figcaption>v.l.: Christoph Buttweiler und Alois Herrmann<\/figcaption><\/figure><\/div>\n\n\n\n<p>Zu Beginn der letzten Sitzung des Jugendhilfeausschusses wurde der Erste Kreisbeigeordnete Christoph Buttweiler (Bild links) erneut einstimmig zum Vorsitzenden des Jugendhilfeausschusses gew\u00e4hlt. Auch der stellvertretende Vorsitzende Alois Herrmann wurde einstimmig wiedergew\u00e4hlt. Beide freuen sich nun auf weitere spannende Aufgaben.<\/p>\n\n\n\n<p><em>Kreisverwaltung Germersheim<br>26.09.2019<\/em><\/p>\n\n\n\n<h2 class=\"wp-block-heading\">\u201eSo schmeckt die S\u00fcdpfalz\u201c \u2013 Wettbewerb hat Genie\u00dfer zum Bewerten eingeladen.<\/h2>\n\n\n\n<h3 class=\"wp-block-heading\">Mal als bescheidene Begleiterin, mal als deftige Hauptakteurin, aber immer erdig im Geschmack:\nDie Pf\u00e4lzer GRUMBEERE vereinte Bodenst\u00e4ndigkeit mit kulinarischer Raffinesse auf den Tellern.<strong><\/strong><\/h3>\n\n\n\n<h4 class=\"wp-block-heading\"><strong>5. Gastronomiewettbewerb \u201eSo schmeckt die S\u00fcdpfalz\u201c erfolgreich beendet \u2013 die Sieger stehen fest!<\/strong><\/h4>\n\n\n\n<div class=\"wp-block-image\"><figure class=\"aligncenter\"><img decoding=\"async\" loading=\"lazy\" width=\"800\" height=\"639\" src=\"https:\/\/speyer24news.com\/wp-content\/uploads\/2019\/09\/So-schmeckt-die-S\u00fcdpfalz.png\" alt=\"\" class=\"wp-image-19596\" srcset=\"https:\/\/speyer24news.com\/wp-content\/uploads\/2019\/09\/So-schmeckt-die-S\u00fcdpfalz.png 800w, https:\/\/speyer24news.com\/wp-content\/uploads\/2019\/09\/So-schmeckt-die-S\u00fcdpfalz-300x240.png 300w, https:\/\/speyer24news.com\/wp-content\/uploads\/2019\/09\/So-schmeckt-die-S\u00fcdpfalz-768x613.png 768w\" sizes=\"(max-width: 800px) 100vw, 800px\" \/><\/figure><\/div>\n\n\n\n<p><strong>Germersheim \/ Landau &#8211; <\/strong>Im Rahmen einer feierlichen Preisverleihung wurden Montagabend (23.09.2019) auf dem Kartoffelhof B\u00f6hm in Bellheim die Siegerbetriebe des Gastronomiewettbewerbs \u201eSo schmeckt die S\u00fcdpfalz\u201c ausgezeichnet. Insgesamt acht Wochen lang konnten G\u00e4ste in den 16 nominierten Restaurants kreative \u201eGrumbeer\u201c-Men\u00fcs verkosten. 3.577 Bewertungen wurden in dieser Zeit von den G\u00e4sten abgegeben.<\/p>\n\n\n\n<div class=\"wp-block-image\"><figure class=\"aligncenter\"><img decoding=\"async\" loading=\"lazy\" width=\"800\" height=\"533\" src=\"https:\/\/speyer24news.com\/wp-content\/uploads\/2019\/09\/Gruppenbild-Abschluss-So-schmeckt-die-Suedpfalz.jpg\" alt=\"\" class=\"wp-image-19734\" srcset=\"https:\/\/speyer24news.com\/wp-content\/uploads\/2019\/09\/Gruppenbild-Abschluss-So-schmeckt-die-Suedpfalz.jpg 800w, https:\/\/speyer24news.com\/wp-content\/uploads\/2019\/09\/Gruppenbild-Abschluss-So-schmeckt-die-Suedpfalz-300x200.jpg 300w, https:\/\/speyer24news.com\/wp-content\/uploads\/2019\/09\/Gruppenbild-Abschluss-So-schmeckt-die-Suedpfalz-768x512.jpg 768w\" sizes=\"(max-width: 800px) 100vw, 800px\" \/><figcaption>Gruppenbild aller Teilnehmer und der Sieger (Bildmitte)<\/figcaption><\/figure><\/div>\n\n\n\n<p>Insgesamt wurden vier Preise verliehen: der Jurypreis in den Kategorien \u201eRestaurant\u201c und \u201eWeinstube &amp; Gasthaus\u201c, der Publikumspreis und die Auszeichnung als Geheimtipp. Bewertet wurden der Geschmack und die Kreativit\u00e4t bei der Umsetzung des Men\u00fcs, die Anforderungen an Regionalit\u00e4t und Saisonalit\u00e4t der verwendeten Zutaten sowie der Speisekarte, das Ambiente und der Service. <\/p>\n\n\n\n<div class=\"wp-block-image\"><figure class=\"aligncenter\"><img decoding=\"async\" loading=\"lazy\" width=\"800\" height=\"533\" src=\"https:\/\/speyer24news.com\/wp-content\/uploads\/2019\/09\/S\u00fcdliche_Weinstrasse_RS8975_DSC06702-scr.jpg\" alt=\"\" class=\"wp-image-19735\" srcset=\"https:\/\/speyer24news.com\/wp-content\/uploads\/2019\/09\/S\u00fcdliche_Weinstrasse_RS8975_DSC06702-scr.jpg 800w, https:\/\/speyer24news.com\/wp-content\/uploads\/2019\/09\/S\u00fcdliche_Weinstrasse_RS8975_DSC06702-scr-300x200.jpg 300w, https:\/\/speyer24news.com\/wp-content\/uploads\/2019\/09\/S\u00fcdliche_Weinstrasse_RS8975_DSC06702-scr-768x512.jpg 768w\" sizes=\"(max-width: 800px) 100vw, 800px\" \/><figcaption>Gruppenbild der Sieger\/innen<\/figcaption><\/figure><\/div>\n\n\n\n<p>Der Preis der Fachjury in der Kategorie \u201eWeinstube &amp; Gasthaus\u201c ging an den <strong>Birkenthaler Hof in Eu\u00dferthal<\/strong>. Die Jury war beeindruckt vom regionalen Angebot und dem originellen Familienrezept des Marillenkn\u00f6dels, welches auf der Speisekarte dargestellt wird. Der Preis der Fachjury in der Kategorie \u201eRestaurant\u201c ging an das <strong>Restaurant Ritterhof zur Rose in Burrweiler<\/strong>. Der Ritterhof zur Rose bot als einziges Restaurant nur eine vegetarische Variante des Grumbeer-Men\u00fcs an, was mutig war, aber bei der Jury sehr gut ankam.<\/p>\n\n\n\n<div class=\"wp-block-image\"><figure class=\"aligncenter\"><img decoding=\"async\" loading=\"lazy\" width=\"800\" height=\"693\" src=\"https:\/\/speyer24news.com\/wp-content\/uploads\/2019\/09\/8897scr.jpg\" alt=\"\" class=\"wp-image-19736\" srcset=\"https:\/\/speyer24news.com\/wp-content\/uploads\/2019\/09\/8897scr.jpg 800w, https:\/\/speyer24news.com\/wp-content\/uploads\/2019\/09\/8897scr-300x260.jpg 300w, https:\/\/speyer24news.com\/wp-content\/uploads\/2019\/09\/8897scr-768x665.jpg 768w\" sizes=\"(max-width: 800px) 100vw, 800px\" \/><\/figure><\/div>\n\n\n\n<p>Das Publikum w\u00e4hlte dieses Jahr bereits zum dritten Mal das <strong>Klosterst\u00fcb\u2018l in Eu\u00dferthal<\/strong> zum Liebling. Hier hat neben der Regionalit\u00e4t und Saisonalit\u00e4t des Men\u00fcs insbesondere der freundliche Service und die Atmosph\u00e4re \u00fcberzeugt. Auf Platz zwei schaffte es der Ritterhof zur Rose in Burrweiler und auf Platz drei das Restaurant Muskatellerhof aus Gleiszellen-Gleishorbach, das in diesem Jahr das erste Mal am Wettbewerb teilnahm und auf Anhieb die meisten G\u00e4ste aller teilnehmenden Restaurants verzeichnen konnte.\u00a0 <\/p>\n\n\n\n<div class=\"wp-block-image\"><figure class=\"aligncenter\"><img decoding=\"async\" loading=\"lazy\" width=\"800\" height=\"579\" src=\"https:\/\/speyer24news.com\/wp-content\/uploads\/2019\/09\/8899scr.jpg\" alt=\"\" class=\"wp-image-19737\" srcset=\"https:\/\/speyer24news.com\/wp-content\/uploads\/2019\/09\/8899scr.jpg 800w, https:\/\/speyer24news.com\/wp-content\/uploads\/2019\/09\/8899scr-300x217.jpg 300w, https:\/\/speyer24news.com\/wp-content\/uploads\/2019\/09\/8899scr-768x556.jpg 768w\" sizes=\"(max-width: 800px) 100vw, 800px\" \/><\/figure><\/div>\n\n\n\n<p>Den Preis als Geheimtipp der Region, der von der Erzeugergemeinschaft Pf\u00e4lzer Grumbeere vergeben wurde, konnte sich das <strong>Restaurant im Hotel Kurpfalz in Landau<\/strong>, sichern, von welchem die Jury besonders positiv \u00fcberrascht war. Insbesondere der Geschmack des Men\u00fcs, die durchweg kreative Darbietung der Speisen auf dem Teller und der professionelle Service konnten hier punkten. <\/p>\n\n\n\n<div class=\"wp-block-image\"><figure class=\"aligncenter\"><img decoding=\"async\" loading=\"lazy\" width=\"500\" height=\"694\" src=\"https:\/\/speyer24news.com\/wp-content\/uploads\/2019\/09\/8898scr.jpg\" alt=\"\" class=\"wp-image-19738\" srcset=\"https:\/\/speyer24news.com\/wp-content\/uploads\/2019\/09\/8898scr.jpg 500w, https:\/\/speyer24news.com\/wp-content\/uploads\/2019\/09\/8898scr-216x300.jpg 216w\" sizes=\"(max-width: 500px) 100vw, 500px\" \/><\/figure><\/div>\n\n\n\n<p>Der\nGastronomiewettbewerb ist dieses Jahr \u00fcbrigens selbst im Rennen um einen Preis:\ner ist nominiert als Projekt des Jahres beim Rheinland-Pfalz-Tourismuspreis,\nder am 12.11.2019 verliehen wird. Das Thema f\u00fcr den n\u00e4chsten Wettbewerb 2020\nlautet \u201eQuetsch und Mirabell\u201c. <\/p>\n\n\n\n<p>Mehr Informationen zum Wettbewerb gibt es unter <a href=\"http:\/\/www.soschmecktdiesuedpfalz.de\/\">soschmecktdiesuedpfalz.de<\/a>. <\/p>\n\n\n\n<p><em>Text: Kreisverwaltung Germersheim Foto: (Menu) S\u00fcdliche Weinstrasse e.V.; Christian Ernst; (Siegerehrung) S\u00fcdliche Weinstrasse e.V.; Anita Ballweber  <br>26.09.2019<\/em><\/p>\n\n\n\n<h1 class=\"wp-block-heading\" style=\"text-align:center\">Kreisvolkshochschule (KVHS) GER:<\/h1>\n\n\n\n<div class=\"wp-block-image\"><figure class=\"aligncenter\"><img decoding=\"async\" src=\"https:\/\/speyer24news.com\/wp-content\/uploads\/2019\/09\/KVHS-GER-Logo.png\" alt=\"\" class=\"wp-image-19415\"\/><\/figure><\/div>\n\n\n\n<h2 class=\"wp-block-heading\"><strong>Pr\u00e4sentation mit\nPowerPoint 2016 &#8211; Grundkurs <\/strong><\/h2>\n\n\n\n<p>Die Kreisvolkshochschule Germersheim bietet im einen Grundkurs \u201ePowerPoint 2016\u201c an. Kursbeginn ist <strong>Montag, 21.10.2019<\/strong> von 18 bis 21 Uhr, in Germersheim, Ritter-von-Schmau\u00df-Str.\/Ecke Paradeplatz, EDV-Raum der KVHS Gesch\u00e4ftsstelle. Ob im Beruf, bei Vereinssitzungen oder der privaten Fotoschau, ein fachgerechter Einsatz von PowerPoint ist hilfreich.<\/p>\n\n\n\n<p>Lerninhalt u.a.:<\/p>\n\n\n\n<ul><li> Grundlagen von PowerPoint <\/li><li> Grundlagen der Folienerstellung und -bearbeitung<\/li><li> Folientexte eingeben und gestalten<\/li><li> Objekte erzeugen und gestalten<\/li><li> Tabellen und Diagramme und SmartArt erstellen<\/li><li> Pr\u00e4sentationen planen, steuern und vorf\u00fchren<\/li><\/ul>\n\n\n\n<p>Voraussetzung: Grundkenntnisse in Office<\/p>\n\n\n\n<p>Der Kurs unter der Leitung von Gerald Kessing umfasst 4 Termine und kostet pro Person 56 Euro zzgl. 23 Euro Arbeitsbuch. Eine Anmeldung ist wegen begrenzt verf\u00fcgbarer Computerpl\u00e4tze zeitnah erforderlich bei der Gesch\u00e4ftsstelle der Kreisvolkshochschule Germersheim Ritter-von-Schmau\u00df-Str.\/Ecke Paradeplatz, Tel. 07274-53334 bzw. -53382, E-Mail: <a href=\"mailto:vhs@kreis-germersheim.de\">vhs@kreis-germersheim.de<\/a> oder online \u00fcber das Buchungsformular: <a href=\"http:\/\/www.kreis-germersheim.de\/kvhs\">www.kreis-germersheim.de\/kvhs<\/a>. <\/p>\n\n\n\n<h2 class=\"wp-block-heading\"><strong>Beginn\nVorbereitungskurs zum nachtr\u00e4glichen Erwerb der Berufsreife (Hauptschulabschluss)\n<\/strong><\/h2>\n\n\n\n<p>Schulabschl\u00fcsse\nsind heute wichtiger denn je. Der Hauptschulabschluss ist Grundlage aller\nanderen weiterf\u00fchrenden Qualifizierungen. Auch die Bundesagentur f\u00fcr Arbeit\nverlangt bei Umschulungsma\u00dfnahmen diesen Abschluss. Dieser Vorbereitungskurs\nder Kreisvolkshochschule Germersheim bietet Nichtsch\u00fclern die M\u00f6glichkeit, in\nzwei Semestern mit insgesamt 260 Unterrichtsstunden das Abschlusszeugnis der\nBerufsreife (Hauptschule) zu erwerben. Voraussetzung daf\u00fcr ist das Beherrschen\nder deutschen Sprache in Wort und Schrift. Unterrichtet werden die F\u00e4cher\nDeutsch, Mathematik, Erdkunde, Sozialkunde, Biologie und Englisch. Mit weiteren\n20 Unterrichtsstunden werden zus\u00e4tzlich EDV-Kenntnisse speziell f\u00fcr die\nBewerbung und den Berufsalltag erworben. Der Unterricht wendet sich an\narbeitslose Jugendliche ohne Hauptschulabschluss zur Verbesserung ihrer\nArbeitsplatzchancen, an Erwachsene, die bereits berufst\u00e4tig sind und f\u00fcr ihr\nberufliches Fortkommen den Hauptschulabschluss ben\u00f6tigen und ausl\u00e4ndische\nJugendliche mit entsprechenden Sprachkenntnissen. Der Vorbereitungskurs dauert\nca. 10 Monate und endet mit der Pr\u00fcfung vor der Aufsichts- und\nDienstleistungsdirektion Rheinland-Pfalz. Der Unterricht findet an zwei\nWochentagen (montags und donnerstags von 18 bis 21.15 Uhr, bei Bedarf auch\nsamstags von 9 bis 12 Uhr) statt. Schulungsort: Germersheim,\nRitter-von-Schmau\u00df-Str.\/Ecke Paradeplatz, Seiteneingang der Berufsbildenden\nSchule, 1. OG, Saal 1.01. Der Vorbereitungskurs steht unter der Leitung von\nChristiane Langner-Feith und beginnt am <strong>Donnerstag,\n24. Oktober 2019<\/strong>. Kosten pro Person f\u00fcr 260 Unterrichtsstunden (65\nTermine): 220 Euro zzgl. 25 Euro Kopierkosten und einer sp\u00e4teren einmaligen\nPr\u00fcfungsgeb\u00fchr in H\u00f6he von 35 Euro. <\/p>\n\n\n\n<p>F\u00fcr alle Interessierten gibt es am <strong>Mittwoch, 16.10.2019<\/strong> ab 18 Uhr einen <strong>kostenfreien Informationsabend<\/strong>. Eine Anmeldung ist sowohl f\u00fcr den Informationsabend als auch f\u00fcr den Vorbereitungskurs erforderlich bei der Gesch\u00e4ftsstelle der Kreisvolkshochschule Germersheim, Ritter-von-Schmau\u00df-Str.\/Ecke Paradeplatz, Tel. 07274-53334 bzw. -53382, E-Mail: <a href=\"mailto:vhs@kreis-germersheim.de\">vhs@kreis-germersheim.de<\/a> oder online \u00fcber das Buchungsformular: <a href=\"http:\/\/www.kreis-germersheim.de\/kvhs\">www.kreis-germersheim.de\/kvhs<\/a>.<\/p>\n\n\n\n<h2 class=\"wp-block-heading\"><strong>\u201eSpinnen\nmit der Handspindel\u201c- Einsteiger-Workshop<\/strong><\/h2>\n\n\n\n<h3 class=\"wp-block-heading\"><em>Von\nder Rohwolle zum gebrauchsfertigen Wollgarn im Handumdrehen<\/em><\/h3>\n\n\n\n<p>Die Kreisvolkshochschule Germersheim bietet im Kreativbereich \u201eTextiles Gestalten\u201c einen neuen Einsteiger-Workshop \u201eSpinnen mit der Handspindel\u201c an. Der Kurs findet statt am <strong>Samstag, 26. Oktober 2019<\/strong>, von 9 bis 12.45 Uhr, in Germersheim, Ritter-von-Schmau\u00df-Str.\/Ecke Paradeplatz, Seiteneingang der Berufsbildenden Schule, EG, Saal E 07. <\/p>\n\n\n\n<p>Das Spinnen von Hand wurde vor\nJahrtausenden erfunden und ist trotz der rasanten Entwicklung der Menschheit\nbis heute im Grunde immer gleich geblieben. In der hektischen Moderne wird diese\nberuhigende, fast meditative T\u00e4tigkeit gerade wieder neu entdeckt.<\/p>\n\n\n\n<p>Innerhalb weniger Stunden erlernen\ndie Teilnehmer\/innen die Technik des kurzen Auszugs am Beispiel von\nSchafschurwolle und werden ihr erstes eigenes Garn mit der Handspindel herstellen.\nIn gem\u00fctlicher Runde wird dabei ausf\u00fchrlich auf die ganz normalen\nAnfangsschwierigkeiten eingegangen und f\u00fcr alle, die vom Spinnfieber gepackt\nwerden, gibt es au\u00dferdem weiterf\u00fchrende Informationen zu Bezugsquellen,\nLiteratur sowie online Lernhilfen.<\/p>\n\n\n\n<p>Der Samstagsworkshop unter der Leitung von Sonja Collet kostet pro Person 20 Euro. Eine Anmeldung ist erforderlich und zu richten an die Gesch\u00e4ftsstelle der Kreisvolkshochschule Germersheim, Ritter-von-Schmau\u00df-Str.\/Ecke Paradeplatz, Tel. 07274-53334 bzw. -53382, E-Mail: <a href=\"mailto:vhs@kreis-germersheim.de\">vhs@kreis-germersheim.de<\/a> oder online \u00fcber das Buchungsformular: <a href=\"http:\/\/www.kreis-germersheim.de\/kvhs\">www.kreis-germersheim.de\/kvhs<\/a>. <\/p>\n\n\n\n<p><em>Kreisverwaltung Germersheim \/ Kreisvolkshochschule (KVHS) Germersheim<br>26.09.2019<\/em><\/p>\n","protected":false},"excerpt":{"rendered":"<div class=\"mh-excerpt\"><p>Lange Nacht der Volkshochschulen gibt Einblicke in das umfangreiche Veranstaltungsangebot Zum 100-j\u00e4hrigen Bestehen haben die Volkshochschulen und ihre Verb\u00e4nde bundesweit eine besondere Aktion gestartet: die erste \u201eLange Nacht\u201c der Volkshochschulen. Auch die Kreisvolkshochschule Germersheim mit <a class=\"mh-excerpt-more\" href=\"https:\/\/speyer24news.com\/?p=19733\" title=\"Germersheim und LK GER:\">[&#8230;]<\/a><\/p>\n<\/div>","protected":false},"author":3,"featured_media":0,"comment_status":"open","ping_status":"open","sticky":false,"template":"","format":"standard","meta":{"_monsterinsights_skip_tracking":false,"_monsterinsights_sitenote_active":false,"_monsterinsights_sitenote_note":"","_monsterinsights_sitenote_category":0,"footnotes":""},"categories":[449],"tags":[3574,210,3577,3403,1664,1665,2601,3065,377,3575,375,3576],"aioseo_notices":[],"amp_enabled":true,"_links":{"self":[{"href":"https:\/\/speyer24news.com\/index.php?rest_route=\/wp\/v2\/posts\/19733"}],"collection":[{"href":"https:\/\/speyer24news.com\/index.php?rest_route=\/wp\/v2\/posts"}],"about":[{"href":"https:\/\/speyer24news.com\/index.php?rest_route=\/wp\/v2\/types\/post"}],"author":[{"embeddable":true,"href":"https:\/\/speyer24news.com\/index.php?rest_route=\/wp\/v2\/users\/3"}],"replies":[{"embeddable":true,"href":"https:\/\/speyer24news.com\/index.php?rest_route=%2Fwp%2Fv2%2Fcomments&post=19733"}],"version-history":[{"count":1,"href":"https:\/\/speyer24news.com\/index.php?rest_route=\/wp\/v2\/posts\/19733\/revisions"}],"predecessor-version":[{"id":19741,"href":"https:\/\/speyer24news.com\/index.php?rest_route=\/wp\/v2\/posts\/19733\/revisions\/19741"}],"wp:attachment":[{"href":"https:\/\/speyer24news.com\/index.php?rest_route=%2Fwp%2Fv2%2Fmedia&parent=19733"}],"wp:term":[{"taxonomy":"category","embeddable":true,"href":"https:\/\/speyer24news.com\/index.php?rest_route=%2Fwp%2Fv2%2Fcategories&post=19733"},{"taxonomy":"post_tag","embeddable":true,"href":"https:\/\/speyer24news.com\/index.php?rest_route=%2Fwp%2Fv2%2Ftags&post=19733"}],"curies":[{"name":"wp","href":"https:\/\/api.w.org\/{rel}","templated":true}]}}