{"id":19772,"date":"2019-09-26T16:52:04","date_gmt":"2019-09-26T15:52:04","guid":{"rendered":"https:\/\/speyer24news.com\/?p=19772"},"modified":"2019-09-26T16:52:06","modified_gmt":"2019-09-26T15:52:06","slug":"hockenheim-32","status":"publish","type":"post","link":"https:\/\/speyer24news.com\/?p=19772","title":{"rendered":"Hockenheim:"},"content":{"rendered":"<style type=\"text\/css\">\r\n\t.ads_top_disp{}\r\n\t.ads_top_corner_disp{ float:left; margin:0px 10px 10px 0px; }\r\n\t.ads_first_p_disp{}\r\n\t.ads_bottom_disp{}\r\n\t<\/style>\n<figure class=\"wp-block-image\"><img decoding=\"async\" loading=\"lazy\" width=\"800\" height=\"559\" src=\"https:\/\/speyer24news.com\/wp-content\/uploads\/2019\/09\/1250-Jahre-Hockenheim.jpg\" alt=\"\" class=\"wp-image-19044\" srcset=\"https:\/\/speyer24news.com\/wp-content\/uploads\/2019\/09\/1250-Jahre-Hockenheim.jpg 800w, https:\/\/speyer24news.com\/wp-content\/uploads\/2019\/09\/1250-Jahre-Hockenheim-300x210.jpg 300w, https:\/\/speyer24news.com\/wp-content\/uploads\/2019\/09\/1250-Jahre-Hockenheim-768x537.jpg 768w\" sizes=\"(max-width: 800px) 100vw, 800px\" \/><\/figure>\n\n\n\n<h2 class=\"wp-block-heading\"><strong>Wegen Kerwe-Montag\ngeschlossen<\/strong><\/h2>\n\n\n\n<p>Die Stadtverwaltung Hockenheim, das Pumpwerk, der S\u00fcdstadt- und Parkkindergarten sind am Kerwe-Montag, dem <strong>7. Oktober 2019<\/strong>, ganzt\u00e4gig geschlossen. Der Fr\u00f6bel-Kindergarten hat an diesem Tag regul\u00e4r ge\u00f6ffnet. Ab Dienstag, 8. Oktober, sind alle Einrichtungen wieder erreichbar.<\/p>\n\n\n\n<p><em>Stadtverwaltung Hockenheim<br>26.09.2019<\/em><\/p>\n\n\n\n<h2 class=\"wp-block-heading\"><strong>Stadtwerke Hockenheim am 7. Oktober geschlossen<\/strong><\/h2>\n\n\n\n<div class=\"wp-block-image\"><figure class=\"aligncenter\"><img decoding=\"async\" src=\"https:\/\/speyer24news.com\/wp-content\/uploads\/2019\/09\/Hockenheim-Stadtwerke-Logo.png\" alt=\"\" class=\"wp-image-19775\"\/><\/figure><\/div>\n\n\n\n<p>Die Gesch\u00e4ftsstelle der Stadtwerke Hockenheim ist am <strong>Montag, dem 7. Oktober 2019<\/strong>, wegen der Kerwe in der Stadt ganzt\u00e4gig geschlossen.<\/p>\n\n\n\n<p>Der\nNotfalldienst kann an diesem Tag in dringenden F\u00e4llen unter folgenden\nTelefonnummern erreicht werden:<\/p>\n\n\n\n<ul><li>F\u00fcr die Stromversorgung: 06205\/2855-300, 0171\/2210-300,<\/li><li>f\u00fcr die Gas- und Wasserversorgung: 06205\/2855-290, 0171\/2210-290.<\/li><\/ul>\n\n\n\n<p>Ab Dienstag, 8. Oktober, sind die Stadtwerke\nHockenheim wieder regul\u00e4r erreichbar.<\/p>\n\n\n\n<p><em>Stadtwerke Hockenheim<br>26.09.2019<\/em><\/p>\n\n\n\n<h2 class=\"wp-block-heading\"><strong>\u00d6ffnungszeiten\nStadtbibliothek Hockenheim<\/strong><\/h2>\n\n\n\n<p style=\"text-align:left\">Die Stadtbibliothek Hockenheim ist am <strong>Freitag, 4. Oktober 2019<\/strong>, ab 13 Uhr wegen Vorbereitungsarbeiten f\u00fcr die Hockenheimer Nacht der Musik fr\u00fcher geschlossen. Am <strong>Samstag, 5. Oktober<\/strong>, hat sie wegen dem Oktoberfest auf dem Zehntscheunenplatz ganzt\u00e4tig nicht ge\u00f6ffnet. <strong>Ab Dienstag, 8. Oktober<\/strong>, ist sie ab 15 Uhr <strong>wieder regul\u00e4r erreichbar<\/strong>.<\/p>\n\n\n\n<p><em>Stadtverwaltung Hockenheim<br>26.09.2019<\/em><\/p>\n\n\n\n<h2 class=\"wp-block-heading\"><strong>Teenieflohmarkt im Pumpwerk<\/strong><strong><\/strong><\/h2>\n\n\n\n<p>Das Kinder- und Jugendb\u00fcro Pumpwerk veranstaltet am <strong>Samstag, 28. September 2019<\/strong>, von 11 bis 13 Uhr einen Teenieflohmarkt auf dem Au\u00dfengel\u00e4nde. Verkauft werden Kleidung ab Gr\u00f6\u00dfe 128 und Spielsachen von den Teenies selbst oder ihren Eltern. Das Pumpwerkbistro hat auch wieder ge\u00f6ffnet. Im Angebot sind Hotdogs, Kuchen, Kaffee und kalte Getr\u00e4nke. Die Standgeb\u00fchr betr\u00e4gt sieben Euro. Tische sind selbst mitzubringen. Bei Regen f\u00e4llt der Flohmarkt aus.<\/p>\n\n\n\n<p>Anmeldungen werden beim Kinder- und Jugendb\u00fcro Pumpwerk gerne unter der Internetadresse <a href=\"http:\/\/www.hockenheim.feripro.de\">http:\/\/www.hockenheim.feripro.de<\/a> entgegen genommen.<\/p>\n\n\n\n<p><em>Stadtverwaltung Hockenheim<br>26.09.2019<\/em><\/p>\n\n\n\n<h2 class=\"wp-block-heading\"><strong>Viel los im Herbst und Winter f\u00fcr Kinder<\/strong><\/h2>\n\n\n\n<div class=\"wp-block-image\"><figure class=\"aligncenter\"><img decoding=\"async\" loading=\"lazy\" width=\"330\" height=\"182\" src=\"https:\/\/speyer24news.com\/wp-content\/uploads\/2019\/08\/Pumpwerk.png\" alt=\"\" class=\"wp-image-18204\" srcset=\"https:\/\/speyer24news.com\/wp-content\/uploads\/2019\/08\/Pumpwerk.png 330w, https:\/\/speyer24news.com\/wp-content\/uploads\/2019\/08\/Pumpwerk-300x165.png 300w\" sizes=\"(max-width: 330px) 100vw, 330px\" \/><\/figure><\/div>\n\n\n\n<p>Das neue Kinder- und Jugendprogramm f\u00fcr den Herbst und Winter 2019 ist fertig. Die Mitarbeiter des Kinder- und Jugendb\u00fcros Pumpwerk Hockenheim haben daf\u00fcr wieder viele Ideen und Angebote zusammengetragen. Das neue Programm ist bereits jetzt online auf der Internetseite <a href=\"http:\/\/www.hockenheim.feripro.de\">http:\/\/www.hockenheim.feripro.de<\/a> einsehbar. Au\u00dferdem ist die kleine blaue Brosch\u00fcre f\u00fcr alle, die es lieber schriftlich wollen, im Pumpwerk, der Stadtbibliothek, im Rathaus, im JUZ und in den Kinderg\u00e4rten ausgelegt und wird in den Schulen verteilt.<\/p>\n\n\n\n<p>Den p\u00e4dagogischen Mitarbeitern des\nKinder- und Jugendb\u00fcros Pumpwerk ist erneut gelungen, ein attraktives\nFreizeitprogramm auf die Beine zu stellen. Insgesamt 36 Kinderkurse, dazu zwei\nKindertheaterveranstaltungen, sowie viele interessante Jugendangebote laden im\nPumpwerk zum Mitmachen ein. Dazu kommen die Angebote des Jugendzentrums am\nAquadrom, die ebenfalls in der Brosch\u00fcre zu finden sind und daf\u00fcr sorgen, dass\nauch dort so schnell keiner in den Winterschlaf verf\u00e4llt.<\/p>\n\n\n\n<p>Auch in diesem Herbst besteht wieder die\nM\u00f6glichkeit, den Kindergeburtstag im Pumpwerk zu feiern. Immer montags zu\nausgew\u00e4hlten Terminen haben Kids zwischen sechs und zw\u00f6lf Jahren die Auswahl\nzwischen verschiedenen Workshops, die sie mit ihren G\u00e4sten buchen k\u00f6nnen. Davor\nund danach k\u00f6nnen sie dann noch eine halbe Stunde mit ihren Freunden die M\u00f6glichkeiten\ndes Offenen Treffs nutzen. Dabei k\u00f6nnen sie einen selbst mitgebrachten Imbiss\ngenie\u00dfen.<\/p>\n\n\n\n<p>Doch nicht nur die ganz Kleinen schwingen\nim Pumpwerk das Zepter. Der Offene Treff l\u00e4dt alle Kids ab acht Jahren immer\nmontags bis donnerstags von 15 bis 19 Uhr zum Billard oder Tischkicker spielen ein.\nDienstags findet ein Treff nur f\u00fcr M\u00e4dchen statt. Immer von 16.30 bis 18 Uhr\nwird dort gemeinsam gespielt, gebastelt, gebacken oder einfach nur gem\u00fctlich\nzusammen gesessen. Als Pendant dazu gibt es immer donnerstags ebenfalls von 16.30\nbis 18 Uhr den Jungentreff.<\/p>\n\n\n\n<h4 class=\"wp-block-heading\">Der Herbst beginnt mit Workshops<\/h4>\n\n\n\n<p>Der Herbst geht Mitte Oktober mit den\nbew\u00e4hrten Workshops und auch wieder mit ganz neuen Kursen f\u00fcr gro\u00dfe und kleine \u201ePumpwerkler\u201c\nlos. Es werden K\u00fcrbisse gefilzt, Herbstwichtel gebastelt und Allerlei aus Holz\ngestaltet. Die Pumpwerkk\u00fcche selbst wird in diesem Herbst und Winter zu einem\nwahren Gourmet-Tempel. Ob bei K\u00fcrbisk\u00f6stlichkeiten, in der Pizzabackstube oder\nWeihnachtspl\u00e4tzchen, vor nichts machen die Nachwuchsk\u00f6che halt. Nat\u00fcrlich gibt\nes auch wieder jede Menge Kreativangebote um die sch\u00f6nsten Weihnachtsgeschenke\nselbst zu basteln. Am Samstag, dem 23. November 2019, startet mit dem Marotte\nFigurentheater aus Karlsruhe und dem St\u00fcck \u201eDas kleine Gespenst\u201c auch die Kindertheatersaison\nim Pumpwerk.<\/p>\n\n\n\n<h4 class=\"wp-block-heading\">Weihnachten mit Leckereien aus dem\nPumpwerk<\/h4>\n\n\n\n<p>Auf dem Hockenheimer Advent ist das\nKinder- und Jugendb\u00fcro Pumpwerk in seinem kuscheligen Holzh\u00e4uschen ebenfalls\nmit seiner Weihnachtsbackstube jeweils Samstag und Sonntag von 15 bis 18 Uhr\nvertreten. Das Theater Tom Teuer ist am Sonntag, 8. Dezember, mit seiner\n\u201eWeihnachtsb\u00e4ckerei\u201c im Pumpwerk Hockenheim zu Gast. Auch die traditionelle Weihnachtswerkstatt\nder Mitarbeiter des Pumpwerks am Samstag, dem 7. und 14. Dezember, darf in\ndiesem Jahr nicht fehlen. Immer von 10 bis 16 Uhr wird gebacken, gebastelt,\ngespielt und gemeinsam zu Mittag gegessen. Damit haben alle Eltern genug Zeit,\ndie letzten Erledigungen f\u00fcr das Fest zu t\u00e4tigen. Das Kursprogramm findet nach\nden Weihnachtsferien in einer zweiten Kursreihe seine Fortsetzung. Falls es\nbeim ersten Termin nicht geklappt haben sollte, besteht dann nochmal die\nM\u00f6glichkeit, dieses Mal seinen Wunschkurs zu belegen.<\/p>\n\n\n\n<p>Die Anmeldung zum Herbst- und Winterprogramm erfolgt online. Auf der Internetseite <a href=\"http:\/\/www.hockenheim.feripro.de\">http:\/\/www.hockenheim.feripro.de<\/a> ist das neue Angebot zu finden. Die Anmeldung dort ist einfach und selbsterkl\u00e4rend. Zur Unterst\u00fctzung ist auch ein Link mit einer ausf\u00fchrlichen Anleitung zu finden. Ab Donnerstag, 10. Oktober, ab 17 Uhr wird die Anmeldung freigeschalten. Weitere Informationen zu allen Veranstaltungen sind immer vormittags im Kinder- und Jugendb\u00fcro Pumpwerk unter der Telefonnummer 06205 100062 und auf <a href=\"http:\/\/www.pumpwerk-kjb-hockenheim.de\">http:\/\/www.pumpwerk-kjb-hockenheim.de<\/a> zu erhalten.<\/p>\n\n\n\n<p><em>Stadtverwaltung Hockenheim<br>26.09.2019<\/em><\/p>\n\n\n\n<h2 class=\"wp-block-heading\"><strong>Karlsruher Stra\u00dfe f\u00fcr die Musik gesperrt<\/strong><\/h2>\n\n\n\n<div class=\"wp-block-image\"><figure class=\"aligncenter\"><img decoding=\"async\" loading=\"lazy\" width=\"800\" height=\"299\" src=\"https:\/\/speyer24news.com\/wp-content\/uploads\/2019\/09\/HoNaMu.png\" alt=\"\" class=\"wp-image-19774\" srcset=\"https:\/\/speyer24news.com\/wp-content\/uploads\/2019\/09\/HoNaMu.png 800w, https:\/\/speyer24news.com\/wp-content\/uploads\/2019\/09\/HoNaMu-300x112.png 300w, https:\/\/speyer24news.com\/wp-content\/uploads\/2019\/09\/HoNaMu-768x287.png 768w\" sizes=\"(max-width: 800px) 100vw, 800px\" \/><\/figure><\/div>\n\n\n\n<p>Die von der Stadt Hockenheim unterst\u00fctzte, achte Hockenheimer Nacht der Musik (auch HoNaMu genannt) findet am <strong>Freitag, dem 4. Oktober 2019<\/strong>, statt. Ab 20 Uhr sorgen zw\u00f6lf Live-Acts in ebenso vielen Spielst\u00e4tten in der Innenstadt f\u00fcr musikalische Unterhaltung mit zwei Walking Acts. Aus diesem Grund ist an diesem Tag die Karlsruher Stra\u00dfe (zwischen Fortuna-Kreuzung bis Wilhelm-Leuschner-Stra\u00dfe) von 18 bis 2.30 Uhr f\u00fcr den Verkehr gesperrt. Im genannten Bereich gilt ein allgemeines Park- und Haltverbot.<\/p>\n\n\n\n<p>Mehr Informationen \u00fcber die Veranstaltung auf der Internetseite <a href=\"http:\/\/www.honamu.de\">http:\/\/www.honamu.de<\/a>.<\/p>\n\n\n\n<p><em>Stadtverwaltung Hockenheim<br>26.09.2019<\/em><\/p>\n\n\n\n<h2 class=\"wp-block-heading\"><strong>\u00d6ffentliche Sitzung\ndes Technischen Ausschusses am 2. Oktober<\/strong><\/h2>\n\n\n\n<p>Am Mittwoch, dem 2. Oktober 2019, 17 Uhr, findet im B\u00fcrgersaal des Rathauses eine Sitzung des Ausschusses f\u00fcr Technik, Umwelt und Verkehr statt. <\/p>\n\n\n\n<p>Auf der Tagesordnung stehen folgende Punkte:<\/p>\n\n\n\n<ol><li>Besucherfragen<\/li><li>Initiative Mobilit\u00e4tsstadt Hockenheim; Projekt \u201eMobilit\u00e4tspfad Hockenheim&#8220; &#8211; weiteres Vorgehen, Vorlage: 60.3\/2019\/131<\/li><li>Mitteilungen der Verwaltung    <\/li><li>Anfragen aus der Mitte des Gremiums<\/li><\/ol>\n\n\n\n<p>Alle interessierten B\u00fcrger sind zur Sitzung herzlich eingeladen <\/p>\n\n\n\n<p><em>Stadtverwaltung Hockenheim<br>26.09.2019<\/em><\/p>\n\n\n\n<h2 class=\"wp-block-heading\"><strong>Stand Up Comedy Night: Neuer K\u00fcnstler<\/strong><\/h2>\n\n\n\n<div class=\"wp-block-image\"><figure class=\"aligncenter\"><img decoding=\"async\" loading=\"lazy\" width=\"800\" height=\"534\" src=\"https:\/\/speyer24news.com\/wp-content\/uploads\/2019\/09\/2019-09-24-Pumpwerk_StandUp-Comedy-Night-Ersatz.jpg\" alt=\"\" class=\"wp-image-19773\" srcset=\"https:\/\/speyer24news.com\/wp-content\/uploads\/2019\/09\/2019-09-24-Pumpwerk_StandUp-Comedy-Night-Ersatz.jpg 800w, https:\/\/speyer24news.com\/wp-content\/uploads\/2019\/09\/2019-09-24-Pumpwerk_StandUp-Comedy-Night-Ersatz-300x200.jpg 300w, https:\/\/speyer24news.com\/wp-content\/uploads\/2019\/09\/2019-09-24-Pumpwerk_StandUp-Comedy-Night-Ersatz-768x513.jpg 768w\" sizes=\"(max-width: 800px) 100vw, 800px\" \/><figcaption> Timor Turga als &#8222;Ersatz&#8220; f\u00fcr den urspr\u00fcnglich eingeplanten Costa Meronianakis bei der Stand Up Comedy-Night<\/figcaption><\/figure><\/div>\n\n\n\n<p>Im Kulturhaus Pumpwerk Hockenheim steht am kommenden <strong>Samstag, 28. September 2019<\/strong>, die Stand Up Comedy-Night auf dem Programm. Bei den Comedians hat sich jetzt eine \u00c4nderung ergeben: Der urspr\u00fcnglich eingeplante Costa Meronianakis kann wegen eines Fernsehtermins dieses Mal leider nicht in Hockenheim dabei sein. Daf\u00fcr konnte ebenb\u00fcrtiger Ersatz gefunden werden: Timor Turga.<\/p>\n\n\n\n<p>Seit zwei Jahren sieht Timur die Welt mit anderen Augen. Fast blind und mit Blindenstock bewaffnet, erz\u00e4hlt er humorvoll \u00fcber seine Begegnungen im Alltag. Da wird er gerne mal von \u201ehilfsbereiten\u201c Menschen in die falsche Bahn gesetzt oder landet in der falschen Toilette. Was seine Augen nicht mehr erfassen k\u00f6nnen, ersetzt seine Fantasie mit Bildern in seinem Kopf, die er auf der B\u00fchne beschreibt und damit seine Anekdoten schm\u00fcckt. Timur packt jeden Zuschauer, wenn er auf beeindruckende und humorvolle Weise erz\u00e4hlt, was sich seit seiner Augenkrankheit in seinem Leben ver\u00e4ndert hat: Eigentlich gar nichts \u2013 au\u00dfer Joggen.<\/p>\n\n\n\n<div class=\"wp-block-image\"><figure class=\"aligncenter\"><img decoding=\"async\" loading=\"lazy\" width=\"800\" height=\"600\" src=\"https:\/\/speyer24news.com\/wp-content\/uploads\/2019\/09\/Pumpwerk-Hockenheim.jpg\" alt=\"\" class=\"wp-image-19447\" srcset=\"https:\/\/speyer24news.com\/wp-content\/uploads\/2019\/09\/Pumpwerk-Hockenheim.jpg 800w, https:\/\/speyer24news.com\/wp-content\/uploads\/2019\/09\/Pumpwerk-Hockenheim-300x225.jpg 300w, https:\/\/speyer24news.com\/wp-content\/uploads\/2019\/09\/Pumpwerk-Hockenheim-768x576.jpg 768w, https:\/\/speyer24news.com\/wp-content\/uploads\/2019\/09\/Pumpwerk-Hockenheim-678x509.jpg 678w, https:\/\/speyer24news.com\/wp-content\/uploads\/2019\/09\/Pumpwerk-Hockenheim-326x245.jpg 326w, https:\/\/speyer24news.com\/wp-content\/uploads\/2019\/09\/Pumpwerk-Hockenheim-80x60.jpg 80w\" sizes=\"(max-width: 800px) 100vw, 800px\" \/><\/figure><\/div>\n\n\n\n<h4 class=\"wp-block-heading\">Karten:<\/h4>\n\n\n\n<p>Karten f\u00fcr die Veranstaltung sind zum Preis von 16 Euro (erm\u00e4\u00dfigt 14 Euro f\u00fcr Sch\u00fcler, Studenten und Schwerbehinderte) gibt es an allen bekannten Vorverkaufsstellen, in der Stadthalle Hockenheim (Telefon 06205 21190), im Kartenshop der Hockenheimer Tageszeitung\/Schwetzinger Zeitung sowie unter der Ticket-Hotline 06205 922625. Auf den Internetseiten <a href=\"http:\/\/www.pumpwerk-hockenheim.de\">http:\/\/www.pumpwerk-hockenheim.de<\/a> und <a href=\"http:\/\/www.reservix.de\">http:\/\/www.reservix.de<\/a> k\u00f6nnen Karten auch online bestellt werden.<\/p>\n\n\n\n<p><em>Stadtverwaltung Hockenheim<br>26.09.2019<\/em><\/p>\n\n\n\n<h2 class=\"wp-block-heading\"><strong>Stadtkasse\ngeschlossen<\/strong><\/h2>\n\n\n\n<p>Die Stadtkasse der Stadtverwaltung Hockenheim ist <strong>Montag, 30. September 2019, und Dienstag, 1. Oktober<\/strong>, wegen Weiterbildungsma\u00dfnahmen ganzt\u00e4gig geschlossen. Ab Mittwoch, 2. Oktober, ist die Stadtkasse im Rahmen der regul\u00e4ren \u00d6ffnungszeiten wieder erreichbar.<\/p>\n\n\n\n<p><em>Stadtverwaltung Hockenheim<br>26.09.2019<\/em><\/p>\n\n\n\n<h2 class=\"wp-block-heading\"><strong>Ehrung\nb\u00fcrgerschaftliches Engagement bis 11. November melden<\/strong><\/h2>\n\n\n\n<p>B\u00fcrgerschaftliches Engagement zum Wohle der Allgemeinheit oder f\u00fcr\nbestimmte Belange ist eine der Grundlagen unserer Gesellschaft. In diesem Sinne\nhat sich die Stadt Hockenheim durch den Gemeinderat Richtlinien gegeben, um auf\nderen Basis das B\u00fcrgerengagement zu f\u00f6rdern und anzuerkennen. Daf\u00fcr k\u00f6nnen\nVorschl\u00e4ge bis Montag, 11. November 2019, bei der Stadtverwaltung Hockenheim\neingereicht werden.<\/p>\n\n\n\n<p>Auf der Grundlage dieser Vorschl\u00e4ge sollen Personen und Vereinigungen beim\nNeujahrsempfang am 17. Januar 2020, die sich durch au\u00dfergew\u00f6hnliches\nmenschliches Engagement besondere Verdienste erworben haben, \u00f6ffentlich Dank\nund Anerkennung ausgesprochen werden. Dabei stehen insbesondere Menschen im\nFokus, die nicht im Rahmen einer Vereinst\u00e4tigkeit f\u00fcr ihr freiwilliges\nEngagement gew\u00fcrdigt werden k\u00f6nnen.<\/p>\n\n\n\n<p>Dar\u00fcber hinaus ehrt die Stadt Hockenheim mit einem eigens geschaffenen\nSozialpreis das besondere Engagement von Kindern und Jugendlichen, die das\nsoziale Miteinander f\u00f6rdern. Sie unterstreicht damit die Wichtigkeit derartigen\nTuns f\u00fcr die Entwicklung unserer Gesellschaft.<\/p>\n\n\n\n<p>Die Ehrungsrichtlinien sind auf <a href=\"http:\/\/www.hockenheim.de\">www.hockenheim.de<\/a> im Bereich \u201eRathaus\u201c unter Punkt \u201eStadtrecht\u201c zu finden.<\/p>\n\n\n\n<p>Auf Grund von Arbeitsabl\u00e4ufen und Gremienentscheidungen sollen die Vorschl\u00e4ge f\u00fcr eine \u00f6ffentliche W\u00fcrdigung bis 11. November von Organisationen und Einzelpersonen schriftlich bei der Stadtverwaltung Hockenheim, Fachbereich Organisation, IuK und zentraler Service, Rathausstra\u00dfe\u00a01, 68766 Hockenheim oder per E-Mail an <a href=\"http:\/\/n.spahn@hockenheim.d\">n.spahn@hockenheim.d<\/a>e eingereicht werden. Sie sind formlos mit einer Darstellung der besonderen Leistungen zu betragen und auf der Grundlage der Richtlinien zu begr\u00fcnden.<\/p>\n\n\n\n<p><em>Stadtverwaltung Hockenheim<br>26.09.2019<\/em><\/p>\n","protected":false},"excerpt":{"rendered":"<div class=\"mh-excerpt\"><p>Wegen Kerwe-Montag geschlossen Die Stadtverwaltung Hockenheim, das Pumpwerk, der S\u00fcdstadt- und Parkkindergarten sind am Kerwe-Montag, dem 7. Oktober 2019, ganzt\u00e4gig geschlossen. Der Fr\u00f6bel-Kindergarten hat an diesem Tag regul\u00e4r ge\u00f6ffnet. Ab Dienstag, 8. Oktober, sind alle <a class=\"mh-excerpt-more\" href=\"https:\/\/speyer24news.com\/?p=19772\" title=\"Hockenheim:\">[&#8230;]<\/a><\/p>\n<\/div>","protected":false},"author":3,"featured_media":19045,"comment_status":"open","ping_status":"open","sticky":false,"template":"","format":"standard","meta":{"_monsterinsights_skip_tracking":false,"_monsterinsights_sitenote_active":false,"_monsterinsights_sitenote_note":"","_monsterinsights_sitenote_category":0,"footnotes":""},"categories":[489],"tags":[3607,108,3601,3603,3599,3600,1287,3602,196,1286,3606,492,3604,750,3605],"aioseo_notices":[],"amp_enabled":true,"_links":{"self":[{"href":"https:\/\/speyer24news.com\/index.php?rest_route=\/wp\/v2\/posts\/19772"}],"collection":[{"href":"https:\/\/speyer24news.com\/index.php?rest_route=\/wp\/v2\/posts"}],"about":[{"href":"https:\/\/speyer24news.com\/index.php?rest_route=\/wp\/v2\/types\/post"}],"author":[{"embeddable":true,"href":"https:\/\/speyer24news.com\/index.php?rest_route=\/wp\/v2\/users\/3"}],"replies":[{"embeddable":true,"href":"https:\/\/speyer24news.com\/index.php?rest_route=%2Fwp%2Fv2%2Fcomments&post=19772"}],"version-history":[{"count":1,"href":"https:\/\/speyer24news.com\/index.php?rest_route=\/wp\/v2\/posts\/19772\/revisions"}],"predecessor-version":[{"id":19776,"href":"https:\/\/speyer24news.com\/index.php?rest_route=\/wp\/v2\/posts\/19772\/revisions\/19776"}],"wp:featuredmedia":[{"embeddable":true,"href":"https:\/\/speyer24news.com\/index.php?rest_route=\/wp\/v2\/media\/19045"}],"wp:attachment":[{"href":"https:\/\/speyer24news.com\/index.php?rest_route=%2Fwp%2Fv2%2Fmedia&parent=19772"}],"wp:term":[{"taxonomy":"category","embeddable":true,"href":"https:\/\/speyer24news.com\/index.php?rest_route=%2Fwp%2Fv2%2Fcategories&post=19772"},{"taxonomy":"post_tag","embeddable":true,"href":"https:\/\/speyer24news.com\/index.php?rest_route=%2Fwp%2Fv2%2Ftags&post=19772"}],"curies":[{"name":"wp","href":"https:\/\/api.w.org\/{rel}","templated":true}]}}