{"id":19784,"date":"2019-09-27T07:50:20","date_gmt":"2019-09-27T06:50:20","guid":{"rendered":"https:\/\/speyer24news.com\/?p=19784"},"modified":"2019-09-27T07:55:21","modified_gmt":"2019-09-27T06:55:21","slug":"polizei-76","status":"publish","type":"post","link":"https:\/\/speyer24news.com\/?p=19784","title":{"rendered":"Polizei:"},"content":{"rendered":"<style type=\"text\/css\">\r\n\t.ads_top_disp{}\r\n\t.ads_top_corner_disp{ float:left; margin:0px 10px 10px 0px; }\r\n\t.ads_first_p_disp{}\r\n\t.ads_bottom_disp{}\r\n\t<\/style>\n<h2 class=\"wp-block-heading\">Polizeimeldungen vom Donnerstag (27.09.2019)<\/h2>\n\n\n\n<div class=\"wp-block-image\"><figure class=\"aligncenter\"><img decoding=\"async\" src=\"https:\/\/speyer24news.com\/wp-content\/uploads\/2019\/09\/Aktuelles-Polizeilogo-1.jpg\" alt=\"\" class=\"wp-image-19009\"\/><\/figure><\/div>\n\n\n\n<h4 class=\"wp-block-heading\">(Speyer) &#8211; Zeugen zu Unfall am Bartholom\u00e4us-Weltz-Platz gesucht<\/h4>\n\n\n\n<p>Die Polizei sucht Zeugen zu einem Verkehrsunfall, der sich am Mittwoch  gegen 21:27 Uhr am Bartholom\u00e4us-Weltz-Platz in Speyer ereignet hat. <\/p>\n\n\n\n<p>Ein  vermutlich aus Richtung Schwerdstra\u00dfe kommender Citroen C2 kam in der  Linkskurve auf regennasser Fahrbahn nach rechts ab und kollidierte mit  einem dort parkenden Audi A3. Obwohl nach dem Schadensbild von keinem  allzu starken Aufprall auszugehen war, musste der 26j\u00e4hrige Fahrer aus  Speyer durch die Feuerwehr, welche mit 4 Fahrzeugen und 15  Einsatzkr\u00e4ften vor Ort waren, aus dem Fahrzeug gerettet werden. Hierf\u00fcr  wurde der Bartholom\u00e4us-Weltz-Platz f\u00fcr ca. 45 Minuten gesperrt. Der  Fahrer klagte bei der Unfallaufnahme \u00fcber Schmerzen im  H\u00fcft-\/Nackenbereich und wurde in ein \u00f6rtliches Krankenhaus verbracht. An  den unfallbeteiligten Fahrzeugen entstand ein Gesamtschaden von ca.  9000EUR. <\/p>\n\n\n\n<h4 class=\"wp-block-heading\">(Speyer) &#8211; Mit Kleinkraftrad ohne Fahrerlaubnis gefahren<\/h4>\n\n\n\n<p>Ein\n 19j\u00e4hriger aus Dudenhofen wurde am Mittwoch in den Abendstunden in der \nFriedrich-Ebert-Stra\u00dfe auf einem Peugeot-Roller festgestellt und einer \nallgemeinen Verkehrskontrolle unterzogen. Er h\u00e4ndigte dabei lediglich \neine Mofa-Pr\u00fcfbescheinigung aus, gab jedoch an, dass es sich bei dem \nRoller um ein Kleinkraftrad handle, welches 50km\/h fahre. Im Besitz \neiner hierf\u00fcr erforderlichen Fahrerlaubnis sei er nicht. Ihm wurde die \nWeiterfahrt untersagt. Der Fahrzeugschl\u00fcssel wurde an sein Mutter \n\u00fcbergeben. <\/p>\n\n\n\n<h4 class=\"wp-block-heading\">(Speyer) &#8211; Falsche Polizeibeamte \/ Tatverd\u00e4chtiger in Haft<\/h4>\n\n\n\n<h4 class=\"wp-block-heading\">Gemeinsame Pressemitteilung von Staatsanwaltschaft Frankenthal\/Pfalz und Polizeipr\u00e4sidium Rheinpfalz <\/h4>\n\n\n\n<p>In\n der vergangenen Woche kam es zu vermehrten Betrugsversuchen im Raum \nSpeyer, bei welchen die T\u00e4ter vorspiegelten Polizeibeamte zu sein. Durch\n diese T\u00e4uschung wollten sie ihre Opfer zur Herausgabe von Bargeld oder \nWertsachen bewegen. In einem Fall konnten die T\u00e4ter 20.000 Euro \nerlangen. <\/p>\n\n\n\n<p>Nach intensiven und umfangreichen Ermittlungen der \nStaatsanwaltschaft Frankenthal und der Kriminalpolizei Ludwigshafen \nwurden am Dienstag, 25.09.2019, ein 27-j\u00e4hriger marokkanischer \nStaatsangeh\u00f6riger und ein 26-j\u00e4hriger deutsch-libanesischer \nStaatsangeh\u00f6riger vorl\u00e4ufig festgenommen. <\/p>\n\n\n\n<p>Der 27-J\u00e4hrige, der \nkeinen festen Wohnsitz in Deutschland hat, wurde noch am selben Tag dem \nErmittlungsrichter vorgef\u00fchrt. Dieser setzte den von der \nStaatsanwaltschaft Frankenthal erwirkten Haftbefehl in Vollzug und \nordnete Untersuchungshaft wegen Flucht- und Wiederholungsgefahr an. Der \nBeschuldigte wurde in eine Justizvollzugsanstalt gebracht. <\/p>\n\n\n\n<p>Den 26-j\u00e4hrigen Tatbeteiligten haben Polizeibeamte vorerst auf freien Fu\u00df gesetzt. <\/p>\n\n\n\n<p>Die Ermittlungen dauern an. <\/p>\n\n\n\n<h4 class=\"wp-block-heading\">(Speyer) &#8211; Kleinkraftrad von Hotelparkplatz entwendet<\/h4>\n\n\n\n<p>Zwischen  Dienstag und Mittwoch wurde ein Kleinkraftrad Matador im Wert von ca. 1800EUR vom Mitarbeiterparkplatz eines Hotels im Binsfeld         entwendet. Das Zweirad war zu diesem Zeitpunkt verschlossen. Derzeit         liegen keinerlei T\u00e4terhinweise vor. Zeugenhinweise nimmt die  Polizei        unter der Tel.-Nr. 06232-1370 oder per Mail an <a href=\"mailto:pispeyer@polizei.rlp.de\">pispeyer@polizei.rlp.de<\/a>     entgegen. <\/p>\n\n\n\n<h4 class=\"wp-block-heading\">(R\u00f6merberg \/ Berghausen) &#8211; K\u00f6rperverletzung beim Hundespaziergang<\/h4>\n\n\n\n<p>Die  Polizei sucht nach einem Radfahrer, der am Mittwoch gegen 11:30 Uhr auf  einem Feldweg entlang der Bahngleise in Berghausen mit einer 31j\u00e4hrige  Frau aus R\u00f6merberg wegen ihres nicht angeleinten Hundes in Streit  geriet. Die Frau \u00fcbte mit ihrem 5 Monate alten Berner Sennenhund gerade  &#8222;Sitz&#8220; und hatte diesen deshalb kurzzeitig abgeleint. Als der Hund  bereits sa\u00df, kam der gesuchte Radfahrer zu der Frau und wies sie forsch  an, den Hund anzuleinen. Zudem fertigte er ein Foto von der  Hundehalterin. Als diese ihn aufforderte, das Foto zu l\u00f6schen, packte er  sie an der Hand und drehte diese so stark um, dass die Frau Schmerzen  versp\u00fcrte. Danach fuhr der Radfahrer davon. Er wird wie folgt  beschrieben: <\/p>\n\n\n\n<ul><li>Mitte-Ende 40 Jahre<\/li><li>kr\u00e4ftig K\u00f6rperstatur<\/li><li>kurze dunkle lichte Haare<\/li><li>hochdeutsch sprechend<\/li><li>schwarze Funktionskleidung<\/li><li>Rucksack mit froschgr\u00fcnem Regen\u00fcberzug<\/li><\/ul>\n\n\n\n<p>Zeugenhinweise nimmt die Polizei  unter der Tel.-Nr. 06232-1370 oder per Mail an <a href=\"mailto:pispeyer@polizei.rlp.de\">pispeyer@polizei.rlp.de<\/a> entgegen. <\/p>\n\n\n\n<h4 class=\"wp-block-heading\">(Schifferstadt) &#8211; Verkehrsunfall mit Radfahrer<\/h4>\n\n\n\n<p>Am Mittwochabend gegen 19:00 Uhr ereignete sich im Waldspitzweg ein  Verkehrsunfall an der Zufahrt zum Kaufland. Eine 22-j\u00e4hrige Pkw-Fahrerin  kam vom Supermarkt und wollte nach rechts in den Waldspitzweg abbiegen.  Dabei \u00fcbersah sie jedoch den von rechts kommenden 29-j\u00e4hrigen  Radfahrer, der verkehrswidrig den Radweg aus Richtung Salierstra\u00dfe  befuhr. Der Radfahrer st\u00fcrzte durch den Zusammensto\u00df und versp\u00fcrte  anschlie\u00dfend Schmerzen in der Hand und der Schulter. <\/p>\n\n\n\n<h4 class=\"wp-block-heading\">(Limburgerhof) &#8211; Sprengung eines Geldausgabeautomaten<\/h4>\n\n\n\n<h4 class=\"wp-block-heading\" style=\"text-align:center\"><strong>Erstmeldung<\/strong><\/h4>\n\n\n\n<div class=\"wp-block-image\"><figure class=\"aligncenter\"><img decoding=\"async\" src=\"https:\/\/speyer24news.com\/wp-content\/uploads\/2019\/09\/gesprengter-Geldautomat.jpg\" alt=\"\" class=\"wp-image-19785\"\/><figcaption>Beispielfoto eines gesprengten Geldautomatens<\/figcaption><\/figure><\/div>\n\n\n\n<p>Unbekannte T\u00e4ter sprengten am Freitag, 27.09.2019, um  03:03 Uhr, einen Geldausgabeautomaten der VR Bank in der Speyerer  Stra\u00dfe. Ob die unbekannten T\u00e4ter an das Geld des Automaten gelangten,  wird derzeit noch ermittelt. \u00dcber die Schadensh\u00f6he kann noch keine  Aussage getroffen werden. Fahndungsma\u00dfnahmen der Polizei laufen. Die  Kriminalpolizei Ludwigshafen hat die Ermittlungen aufgenommen.  Sachdienliche Hinweise nimmt die Kriminalpolizei Ludwigshafen unter der  Telefonnummer 0621\/963-2773 oder per Email <a href=\"mailto:kiludwigshafen@polizei.rlp.de\">kiludwigshafen@polizei.rlp.de<\/a> entgegen. <\/p>\n\n\n\n<h4 class=\"wp-block-heading\">(Mutterstadt) &#8211; Unfall unter Alkoholeinfluss<\/h4>\n\n\n\n<p>In der Nacht zu Donnerstag \u00fcber den Kreisverkehr am Pfalzmarkt gefahren  und anschlie\u00dfend im gegen\u00fcberliegenden Stra\u00dfengraben zum Stehen  gekommen. Als die Polizei vor Ort kam, befand sich ein 29-j\u00e4hriger Mann  auf dem Beifahrersitz. Er gab den Beamten gegen\u00fcber an, dass jemand  anderes gefahren sei, der w\u00e4re aber gerade Hilfe holen. Ein freiwillig  durchgef\u00fchrter Alkoholtest ergab einen Wert von 1,32 Promille. Kurz  darauf entdeckten die Polizisten in der N\u00e4he einen weiteren Mann (40  Jahre), der behauptete der Fahrer gewesen zu ein. Er stand sichtlich  unter Alkoholeinfluss. Ein Atemtest ergab bei ihm einen Wert von 2,16  Promille. Da nicht eindeutig gekl\u00e4rt werden konnte, wer gefahren war,  mussten bei beide M\u00e4nner mit zur Dienststelle kommen, wo ihnen eine  Blutprobe entnommen wurde. Bei dem Unfall ist niemand verletzt worden.  Es entstand lediglich Sachschaden. Die Polizei ermittelt nun wegen der  Gef\u00e4hrdung des Stra\u00dfenverkehrs. <\/p>\n\n\n\n<h4 class=\"wp-block-heading\">(Steinfeld) &#8211; Vorfahrt missachtet \/ 3 Leichtverletzte<\/h4>\n\n\n\n<p>Am Mittwoch, 25.09.2019, gegen 15:20 Uhr, kam es an der Kreuzung L  545\/L546 in Steinfeld zu einem Verkehrsunfall. Eine 51-j\u00e4hrige Fahrerin  eines Pkw Hyundai befuhr die L 545 von Bad Bergzabern kommend in  Richtung Steinfeld. Eine 62j\u00e4hrige Fahrerin eines Pkw Audi befuhr die L  546 von Schweighofen in Richtung Kandel. Die Fahrerin des Hyundai  missachtete beim Einfahren auf die L 546 die Vorfahrt der Audi-Fahrerin.  Beim Zusammensto\u00df wurden in dem wartepflichtigen Pkw Hyundai zwei  Insassen und die vorfahrtsberechtigte Audi-Fahrerin leicht verletzt. An  den Fahrzeugen entstand ein Sachschaden in H\u00f6he von 11.000.- Euro. <\/p>\n\n\n\n<h4 class=\"wp-block-heading\">(Bad Bergzabern) &#8211; Motorradfahrerin leichtverletzt<\/h4>\n\n\n\n<p>Am Mittwoch, 25.09.2019, gegen 07:35 Uhr, befuhr eine 17-j\u00e4hrige  Motorradfahrerin die B 48, kam in der Abfahrt Bad Bergzabern-Mitte beim  Abbremsen ins Rutschen und st\u00fcrzte auf regennasser Fahrbahn auf die  Stra\u00dfe. Hierbei erlitt die Fahrerin leichte Verletzungen. An dem  Fahrzeug entstand ein Sachschaden in H\u00f6he von 150.- Euro. <\/p>\n\n\n\n<h4 class=\"wp-block-heading\">(B 10 bei Birkweiler und Godramstein) &#8211; 100% unerlaubte Durchfahrten<\/h4>\n\n\n\n<p>Donnerstagnacht (26.09.) wurden auf der B10 erneut Kontrollen zur  \u00dcberwachung des Nachtfahrverbotes f\u00fcr LKW durchgef\u00fchrt. Im Zeitraum von  01:20h &#8211; 03:00 Uhr wurden insgesamt f\u00fcnf LKW hinsichtlich ihrer  Genehmigung \u00fcberpr\u00fcft. Kein einziger konnte die erforderliche Erlaubnis  nachweisen. Die LKW aus Rtg. Landau wurden wieder zur\u00fcckgeschickt, die  Fahrzeuge aus Rtg. Pirmasens mussten bis 06h stehen bleiben. <\/p>\n\n\n\n<h4 class=\"wp-block-heading\">(Landau-M\u00f6rlheim \/ K 1) &#8211; Verkehrsunfall mit verletztem Pedelecfahrer<\/h4>\n\n\n\n<p>Am 25.9.19, gegen 18.20 Uhr, verletzte sich ein 68-j\u00e4hriger  Pedelecfahrer auf der K1 bei Landau-M\u00f6rlheim. Er befuhr die Kreisstra\u00dfe  in Richtung LD-M\u00f6rlheim, als sein Vorderrad auf den unbefestigten  Seitenstreifen kam. Er st\u00fcrzte und erlitt eine Platzwunde am Kopf. Der  Pedelcfahrer wurde durch den Rettungsdienst zur weiteren \u00e4rztlichen  Versorgung in ein Krankenhaus verbracht. Es entstand kein Sachschaden. <\/p>\n\n\n\n<h4 class=\"wp-block-heading\">(Neustadt) &#8211; Zwei Personen ohne F\u00fchrerschein verursachen Verkehrsunfall mit Leichtkraftrad<\/h4>\n\n\n\n<p>Zwei Jungs im Alter von 19 und 23 Jahren fuhren am 25.09.2019 gegen  17:00 Uhr auf einem Leichtkraftrad in der Stra\u00dfe Sch\u00fctt und st\u00fcrzten.  Hierbei besch\u00e4digten sie zwei geparkte Pkw und wurden von Zeugen dabei  beobachtet. Allerdings konnte die hinzugerufene Polizei bislang den  Fahrer nicht eindeutig ermitteln, da beide die Fahrereigenschaft  bestreiten. Alle Zwei sind nicht im Besitz einer g\u00fcltigen Fahrerlaubnis  und f\u00fcr die Polizei auch keine Unbekannten. An beiden Fahrzeugen  entstand jeweils ein Sachschaden von ca. 1000 Euro. Am Leichtkraftrad  betr\u00e4gt der Schaden ca. 500 Euro. Der 19-J\u00e4hrige erlitt Sch\u00fcrfwunden am  Arm, der 23-J\u00e4hrige blieb unverletzt. <\/p>\n\n\n\n<h4 class=\"wp-block-heading\">(Neustadt) &#8211; Mobiler Drucker im Parkhaus vergessen \/ Dieb nutzt Gelegenheit<\/h4>\n\n\n\n<p>Ein 59-j\u00e4hriger Mann lie\u00df am 25.09.2019 gegen 13:00 Uhr versehentlich  seinen mobilen Drucker in einer Tiefgarage in Neustadt stehen und fuhr  weg. Kurz darauf bemerkte er seinen Fehler und kehrte zur\u00fcck. Allerdings  hatte zwischenzeitlich ein Langfinger das Ger\u00e4t bemerkt und scheinbar  mitgenommen. Da m\u00f6glicherweise Videoaufzeichnungen existieren, werden  die Ermittlungen fortgesetzt. Der Sachschaden wird mit ca. 200 Euro  beziffert. <\/p>\n\n\n\n<h4 class=\"wp-block-heading\">(Ha\u00dfloch) &#8211; Vorsicht bei Zeitungsinseraten \/ Auch Betr\u00fcger geben Kleinanzeigen auf &#8211; Tipps der Polizei<\/h4>\n\n\n\n<p>\n &#8222;Achtung &#8211; Kaufe Pelze aller Art, sowie Silberbesteck, Gold- und \nSilberschmuck. Zahle in bar. Komme vorbei. Telefon &#8230;.&#8220; Vor allem \nSenioren f\u00fchlen sich von diesen Anzeigen angesprochen. Oft sind diese \nalleinstehend und die T\u00e4ter haben leichtes Spiel. Wohin mit den alten \nPelzm\u00e4nteln und Wertgegenst\u00e4nden, die schon jahrelang nicht mehr \ngetragen werden oder in den Schr\u00e4nken liegen? Da kommen die \nverschiedenen Zeitungsanzeigen gerade recht. Mit solchen \nZeitungsanzeigen versuchen aber auch Betr\u00fcger, das Vertrauen der Opfer \nzu erschleichen, um sie anschlie\u00dfend zu bestehlen oder zu betr\u00fcgen. <\/p>\n\n\n\n<p>In\n der Ausgabe der Rheinpfalz vom 20.09.2019, Ha\u00dflocher Teil, wurde ein \nInserat geschaltet. Sofort Bargeld. Ankaufsaktion in der Hauptfiliale. \nKostenlose Hausbesuche bis 100 km. Die Aktion war befristet zwischen \n20.09.2019 bis 24.09.2019. Es wurde ein Name, der Ort 67157 Wachenheim \nund eine Rufnummer angegeben. <\/p>\n\n\n\n<p>Ein B\u00fcrger aus Ha\u00dfloch meldete sich\n am 21.09.2019 auf das Inserat und es erschienen zwei m\u00e4nnliche Personen\n bei ihm, welche Schmuckst\u00fccke weit unter dem tats\u00e4chlichen Wert \neinkauften. Sie \u00fcbergaben eine Anzahlung und wollten sp\u00e4ter erneut \nvorbeikommen, um weitere Gegenst\u00e4nde abzuholen und den Gesamtpreis zu \nbezahlen. Dies erfolgte jedoch nicht. <\/p>\n\n\n\n<p>Die beiden M\u00e4nner waren \njeweils 35 bis 40 Jahre alt, s\u00fcdl\u00e4ndisches Aussehen, ca. 1,70 m gro\u00df, \ngepflegtes \u00e4u\u00dferes Erscheinungsbild, und erschienen mit einem \ndunkelblauen 3er BMW Coupe. <\/p>\n\n\n\n<p>Zeugen  oder weitere Opfer werden gebeten, sich an die Polizeiinspektion Ha\u00dfloch, Tel. 06324\/933-0, Fax 06324\/933120, email: <a href=\"mailto:pihassloch@polizei.rlp.de\">pihassloch@polizei.rlp.de<\/a>, oder an ihre zust\u00e4ndige Polizeidienststelle zu  wenden. <\/p>\n\n\n\n<p><strong><em>Um vor solchen unliebsamen \u00dcberraschungen gesch\u00fctzt zu sein, r\u00e4t  die Polizei:<\/em><\/strong><\/p>\n\n\n\n<ul><li>Vermeiden Sie solche Verkaufsgespr\u00e4che in der Wohnung<\/li><li>Wickeln Sie solche Verk\u00e4ufe nie alleine in Ihrer Wohnung ab. Holen Sie sich immer Verwandte oder Bekannte hinzu, die den oder die K\u00e4ufer &#8222;im Auge&#8220; haben.<\/li><li>Lassen Sie sich von solchen K\u00e4ufern nie aus dem Zimmer schicken, um etwa ein Glas Wasser oder dergleichen zu holen.<\/li><li>Zeigen Sie den K\u00e4ufern niemals, wo Sie Ihre Wertsachen oder Ihr Bargeld aufbewahren.<\/li><li>Notieren Sie sich das Autokennzeichen des K\u00e4ufers, wenn Sie bei den Verkaufsverhandlungen ein ungutes Gef\u00fchl haben.<\/li><li>Sollten Sie bei einer solchen Verkaufsaktion trotz aller Vorsichtsma\u00dfnahmen bestohlen worden sein, erstatten Sie unverz\u00fcglich Anzeige bei ihrer Polizeidienststelle. Hierbei ist es wichtig, dass Sie den K\u00e4ufer gut beschreiben k\u00f6nnen. <\/li><\/ul>\n\n\n\n<h4 class=\"wp-block-heading\">(Wachenheim) &#8211; Diebstahl eines hochwertigen Mercedes<\/h4>\n\n\n\n<p>In den fr\u00fchen Morgenstunden des Mittwoches wurde in der Pegauer Stra\u00dfe  ein hochwertiger Mercedes gestohlen. Da es sich um ein Fahrzeug handelt,  welches mit Keyless-Entry-System ausgestattet ist, ist nicht  auszuschlie\u00dfen, dass das Fahrzeug mit einem Funkwellenverl\u00e4ngerer  ge\u00f6ffnet wurde. <\/p>\n\n\n\n<p><strong><em>Aus diesem Grund r\u00e4t die Polizei bei solchen Systemen zu folgenden Vorsichtsma\u00dfnahmen: <\/em><\/strong><\/p>\n\n\n\n<ul><li>Fahrzeugschl\u00fcssel nicht in der N\u00e4he von Eingangst\u00fcren, Fenstern usw. ablegen, um die &#8222;Abstrahlungssicherheit&#8220; zu gew\u00e4hrleisten. <\/li><li>Fahrzeugschl\u00fcssel zu Hause, wenn m\u00f6glich, in einem Schl\u00fcsseltresor aus Metall aufbewahren. <\/li><li>Fahrzeugschl\u00fcsselm\u00e4ppchen mit spezieller Sicherheitsfolie, z. B. &#8222;Cryptally-Folie&#8220; verwenden. <\/li><li>Nicht formsch\u00f6n aber eine weitere Option ist das Einwickeln des Fahrzeugschl\u00fcssels in Alu-Folie. <\/li><li>W\u00e4hlen Sie den Abstellplatz Ihres PKW sorgf\u00e4ltig aus: Nutzen Sie Ihre Garage (Abschlie\u00dfen nicht vergessen!) bzw. Parkpl\u00e4tze\/-h\u00e4user mit Video\u00fcberwachung.<\/li><li>Vorsicht bei Personen, die sich beim Ausstieg in unmittelbarer N\u00e4he befinden, z. B. bei f\u00fcr Sie reservierten (Firmen-)Parkpl\u00e4tzen. <\/li><li>Achten Sie auf Auff\u00e4lligkeiten in T\u00fcrschlossn\u00e4he (Fahrerseite), z.B. kleine K\u00e4stchen am T\u00fcrschloss, Aktenkoffer, Rucks\u00e4cke. <\/li><\/ul>\n\n\n\n<p>Wer sachdienliche Hinweise zu dem Diebstahl geben kann, wird gebeten,  sich mit der Polizeiinspektion Bad D\u00fcrkheim unter der Telefonnummer  Tel.: 06322\/963-0 oder per Email <a href=\"mailto:pibadduerkheim@polizei.rlp.de\">pibadduerkheim@polizei.rlp.de<\/a>  in Verbindung zu setzen.<\/p>\n\n\n\n<h4 class=\"wp-block-heading\">(Bad D\u00fcrkheim) &#8211; Trickdiebstahl in einem Optikergesch\u00e4ft<\/h4>\n\n\n\n<p>Am Mittwochnachmittag erschienen zwei m\u00e4nnliche Personen in einem  Optikergesch\u00e4ft in der Weinstra\u00dfe S\u00fcd. Nachdem eine Person die  Mitarbeiterin in ein Gespr\u00e4ch verwickelte, hielt sich die zweite Person  an den Ausstellungsregalen auf. Nachdem beide M\u00e4nner das Gesch\u00e4ft  verlassen hatten, wurde der Diebstahl von vier Brillen festgestellt.  Nach bisherigen Erkenntnissen waren die beiden M\u00e4nner zuvor in einem  anderen Optikergesch\u00e4ft in der Innenstadt. Beide M\u00e4nner wurden als  dunkelh\u00e4utig mit einem gesch\u00e4tzten Alter von 40 Jahren beschrieben. Eine  Person sei kr\u00e4ftiger und habe einen Anzug getragen, die zweite Person  sei d\u00fcnn und hat einen d\u00fcnnen Oberlippenbart. <\/p>\n\n\n\n<p>Wer sachdienliche \nHinweise zu den Personen geben kann, wird gebeten, sich mit der \nPolizeiinspektion Bad D\u00fcrkheim unter der Telefonnummer Tel.: 06322\/963-0\n oder per Email <a href=\"mailto:pibadduerkheim@polizei.rlp.de\">pibadduerkheim@polizei.rlp.de<\/a> in Verbindung zu setzen. <\/p>\n\n\n\n<h4 class=\"wp-block-heading\">(Neuleiningen) &#8211; Trunkenheit im Stra\u00dfenverkehr<\/h4>\n\n\n\n<p>Am 25.09.2019, um 23.05 Uhr, f\u00fchrten Beamte der PI Gr\u00fcnstadt in  Neuleiningen eine Verkehrskontrolle durch. Im Rahmen der Kontrolle  stellten sie bei einem 47-j\u00e4hrigen Fahrzeugf\u00fchrer Alkoholgeruch fest.  Ein durchgef\u00fchrter Alkotest ergab eine AAK von 1,12 Promille. Dem  Fahrzeugf\u00fchrer wurde eine Blutprobe entnommen, sein F\u00fchrerschein wurde  sichergestellt. <\/p>\n\n\n\n<h4 class=\"wp-block-heading\">(Ebertsheim) &#8211; Verkehrsunfall mit 3 verletzen Personen<\/h4>\n\n\n\n<p>Am 25.09.2019, um 07:15 Uhr, kam es in Ebertsheim, Eim\u00fcndung  Eisenberger Stra\u00dfe \/ Kerzenheimer Stra\u00dfe, zu einem Verkehrsunfall bei  dem 3 Personen verletzt wurden. Ein Fahrzeugf\u00fchrer befuhr die  Kerzenheimer Stra\u00dfe und wollte von dort nach links in Fahrtrichtung  Gr\u00fcnstadt in die Eisenberger Stra\u00dfe einbiegen. Die Fahrerin eines Busses  befuhr die Eisenberger Stra\u00dfe aus Eisenberg kommend und wollte nach  links in die Kerzenheimer Stra\u00dfe abbiegen. Um besser Abbiegen zu k\u00f6nnen,  gew\u00e4hrt sie dem einbiegenden Fahrzeugf\u00fchrer durch Handzeichen die  Vorfahrt. Dieser f\u00e4hrt darauf, ohne auf den aus Richtung Gr\u00fcnstadt  kommenden flie\u00dfenden Verkehr zu achten, auf die Eisenberger Stra\u00dfe ein  und prallt frontal mit einem Fahrzeug, welches aus Richtung Gr\u00fcnstadt  die Eisenberger Stra\u00dfe befuhr, zusammen. <\/p>\n\n\n\n<p>An den beiden direkt  unfallbeteiligten Fahrzeugen d\u00fcrfte jeweils Totalschaden entstanden  sein. Es wird von einem Schaden von ca. 8.000 Euro ausgegangen. Der  Fahrer des einbiegenden Fahrzeuges und die zwei Insassen des aus  Richtung Gr\u00fcnstadt kommenden Fahrzeuges wurden verletzt und wurden zur  Behandlung in einen Krankenhaus verbracht. <\/p>\n\n\n\n<h4 class=\"wp-block-heading\">(Gro\u00dfniedesheim) &#8211; In Einfamilienhaus eingebrochen<\/h4>\n\n\n\n<p>In ein Einfamilienhaus in Gro\u00dfniedesheim, Kleinniedesheimer Stra\u00dfe,  brachen Unbekannte in der Zeit von 11.09.2019 bis gestern, 25.09.2019,  ein. Die T\u00e4ter durchw\u00fchlten mehrere R\u00e4ume und entwendeten aus dem  Schlafzimmer diverse Schmuckst\u00fccke. Sachdienliche Hinweise nimmt die  Kriminalpolizei Ludwigshafen unter der Telefonnummer 0621\/963-2773 oder  per E-Mail <a href=\"mailto:kiludwigshafen@polizei.rlp.de\">kiludwigshafen@polizei.rlp.de<\/a> entgegen. <\/p>\n\n\n\n<h4 class=\"wp-block-heading\">(Frankenthal) &#8211; Verkehrsunfallflucht<\/h4>\n\n\n\n<p>Die 30-j\u00e4hrige Gesch\u00e4digte bef\u00e4hrt am 26.09.2019, gegen 20.15 Uhr, mit  ihrem Pkw Opel Astra die Wormser Stra\u00dfe in Richtung Innenstadt. Etwa auf  H\u00f6he des Friedhofes touchiert ein entgegenkommender Pkw ihren  Au\u00dfenspiegel und entfernt sich  unerlaubt von der Unfallstelle. Bei dem  fl\u00fcchtigen Fahrzeug soll es sich um einen dunklen Pkw handeln. Der  Schaden wird auf etwa 350 Euro gesch\u00e4tzt. <\/p>\n\n\n\n<p>Wer sachdienliche  Hinweise zu dem genannten Fall geben kann, wird gebeten sich mit der  Polizeiinspektion Frankenthal unter der Rufnummer 06233\/313-0 oder der  Polizeiwache Maxdorf unter der Rufnummer 06237\/934-1100 in Verbindung zu  setzen. Hinweise k\u00f6nnen auch per E-Mail unter <a href=\"mailto:pifrankenthal@polizei.rlp.de\">pifrankenthal@polizei.rlp.de<\/a> an die Polizei \u00fcbermittelt werden. <\/p>\n\n\n\n<h4 class=\"wp-block-heading\">(Ludwigshafen) &#8211; K\u00f6rperverletzung an Endhaltestelle Oggersheim<\/h4>\n\n\n\n<div class=\"wp-block-image\"><figure class=\"aligncenter\"><img decoding=\"async\" src=\"https:\/\/speyer24news.com\/wp-content\/uploads\/2019\/09\/Zeugen-gesucht-Neutral-1.jpg\" alt=\"\" class=\"wp-image-19014\"\/><\/figure><\/div>\n\n\n\n<p>Ein 16-J\u00e4hriger aus Bad-D\u00fcrkheim erreichte Mittwochabend, um 21.25 Uhr,  mit dem Bus die Endhaltestelle Oggersheim. Mit ihm im Bus sa\u00df ein ihm  unbekannter Mann. Beim Aussteigen kam es zwischen Beiden zu einem  Streitgespr\u00e4ch, in dessen Verlauf der Unbekannte dem 16-J\u00e4hrigen einen  Kopfsto\u00df verpasste. Der junge Mann wehrte sich. Durch das Eingreifen  eines unbeteiligten Mannes, konnten die beiden Kontrahenten getrennt  werden. Der Bad D\u00fcrkheimer ging daraufhin zu Fu\u00df weg. Er bemerkte dann  aber, dass ihm der Unbekannte folgte und einen Gegenstand aus seinem  Rucksack zog. Aus Angst rannte der junge Mann los, er konnte den  Unbekannten absch\u00fctteln. Die Polizei sucht Zeugen, die den Vorfall  beobachtet haben. <\/p>\n\n\n\n<p>Wer kennt den Unbekannten? <\/p>\n\n\n\n<ul><li>Dieser soll 1,75m gro\u00df<\/li><li>sehr schlank gewesen sein<\/li><li>Er trug einen schwarzen Hut und <\/li><li>hatte einen Nasenring<\/li><\/ul>\n\n\n\n<p>Zeugenwerden gebeten, sich bei der Polizeiinspektion  Ludwigshafen 2  unter der Telefonnummer 0621 963-2222 oder per E-Mail <a href=\"mailto:piludwigshafen2@polizei.rlp.de\">piludwigshafen2@polizei.rlp.de<\/a> zu melden. <\/p>\n\n\n\n<h4 class=\"wp-block-heading\">(Ludwigshafen) &#8211; Kontrollen im Stadtgebiet<\/h4>\n\n\n\n<p>Am Mittwoch, zwischen 11 und 21 Uhr, f\u00fchrten Polizeikr\u00e4fte gemeinsam  mit dem Gewerbeamt der Stadt Ludwigshafen Pensions- und  Baustellenkontrollen durch. Bei einer Pensionskontrolle wurden zwei  t\u00fcrkische Staatsangeh\u00f6rige angetroffen, die sich mit gef\u00e4lschten  Ausweisdokumenten auswiesen und ein albanischer Staatsangeh\u00f6riger, der  mittlerweile sei sechs Monaten in Deutschland wohnt, ohne ein  entsprechendes Visum zu haben. Gegen diese Personen wurden  Ermittlungsverfahren wegen Urkundenf\u00e4lschung und illegalem Aufenthalt  eingeleitet. Die Tatverd\u00e4chtigen wurden erkennungsdienstlich behandelt  und DNA Proben entnommen. <\/p>\n\n\n\n<p>Bei einer Fahrzeugkontrolle stellten \nwir einen bulgarischen Staatsangeh\u00f6rigen fest, dass seit 2014 seinen \nfesten Wohnsitz in Deutschland hat, aber weiterhin seinen Wagen mit \nbulgarischem Kennzeichen f\u00e4hrt. Gegen ihn wurde ein Ermittlungsverfahren\n wegen des Versto\u00dfes gegen das Pflichtversicherungs- und \nKraftfahrzeugsteuergesetz. <\/p>\n\n\n\n<p>Bei der Kontrolle einer Pension in der\n Luitpoldstra\u00dfe stellten wir eine Person fest, die von der \nStaatsanwaltschaft Bremen wegen Betrug gesucht wird. Nach Feststellung \nder Identit\u00e4t und des Aufenthaltsortes wird die Staatsanwaltschaft \nbenachrichtigt. <\/p>\n\n\n\n<h4 class=\"wp-block-heading\">(Ludwigshafen) &#8211; Frau bei Verkehrsunfall verletzt<\/h4>\n\n\n\n<p>An der Kreuzung Strandweg \/ Gro\u00dfpartstra\u00dfe kam es am Mittwoch zu einem  Unfall. Die 41-j\u00e4hrige Fahrerin eines Peugeot war auf dem Strandweg  unterwegs. Als sie die Kreuzung erreichte, missachtete sie die Vorfahrt  einer 34-j\u00e4hrigen Nissan-Fahrerin. Durch den Zusammensto\u00df wurde der  Nissan so stark besch\u00e4digt, dass der Wagen abgeschleppt werden musste.  Die 34-J\u00e4hrige Fahrer verletzte sich leicht an der Schulter. <\/p>\n\n\n\n<h4 class=\"wp-block-heading\">(Ludwigshafen) &#8211; 4 Unf\u00e4lle mit 4 Verletzten<\/h4>\n\n\n\n<p>Am 25.09.2019 kam es am Morgen und am Nachmittag zu insgesamt vier Unf\u00e4llen mit vier Verletzten: <\/p>\n\n\n\n<p>Um\n 06:30 Uhr wollte eine 41-J\u00e4hrige mit ihrem Auto vom Adlerdamm nach \nlinks in die Mundenheimer Stra\u00dfe abbiegen. Hierbei kam es zum \nZusammensto\u00df mit dem Pkw einer 38-J\u00e4hrigen, die auf dem Kaiserw\u00f6rthdamm \nin Richtung Saarlandstra\u00dfe unterwegs war. An beiden Pkw l\u00f6sten die \nAirbags aus und beide waren nicht mehr fahrbereit. Es entstand insgesamt\n ein Sachschaden von rund 11.000 Euro.  Die 38-J\u00e4hrige wurde leicht \nverletzt und wurde zur Untersuchung in ein Krankenhaus gebracht. <\/p>\n\n\n\n<p>Auf\n der Brunckstra\u00dfe in H\u00f6he Ruthenstra\u00dfe \u00fcberquerte gegen 07:25 Uhr ein \n15-j\u00e4hriger Fu\u00dfg\u00e4nger die Stra\u00dfe an der dortigen Ampel. Hierbei kam es \nzum Zusammensto\u00df mit dem Auto eines 22-J\u00e4hrigen. Der Jugendliche wurde \nleicht verletzt und kam ebenfalls zur Untersuchung in ein Krankenhaus. <\/p>\n\n\n\n<p>Gegen\n 15:40 Uhr wechselte ein 61-J\u00e4hriger mit seinem Lkw stadtausw\u00e4rts \nfahrend auf dem Kaiserw\u00f6rthdamm in H\u00f6he An der Feuerwache vom linken auf\n den rechten Fahrstreifen. Ein rechts daneben fahrender 38-J\u00e4hriger \nst\u00fcrzte daraufhin mit seinem Mofa und verletzte sich leicht. Er wurde \nauch zur Untersuchung in ein Krankenhaus gebracht. Sein Roller war nicht\n mehr fahrbereit. Es entstand ein Sachschaden von ca. 1.000 Euro. <\/p>\n\n\n\n<p>Auf  der Brunckstra\u00dfe stadtausw\u00e4rts in H\u00f6he Vexierbild fuhr um 16:45 Uhr ein  16-J\u00e4hriger mit seinem Leichtkraftrad im stockenden Feierabendverkehr  auf das Auto einer 28-J\u00e4hrigen auf. Der Kradfahrer verletzte sich  hierbei leicht. An beiden Fahrzeugen entstand Sachschaden von ca. 2.500  Euro. <\/p>\n\n\n\n<h4 class=\"wp-block-heading\">(Ludwigshafen) &#8211; Versuchter Raub<\/h4>\n\n\n\n<p>Vor dem Rathauscenter wurde Mittwochmittag, gegen 14 Uhr, ein  14-J\u00e4hriger von sechs Jugendlichen angehalten. Einer forderte von ihm:  &#8222;Geld her!&#8220; Als der Junge erwiderte, kein Geld zu haben, schlug ihm der  Wortf\u00fchrer ins Gesicht. Anschlie\u00dfend schlugen die Tatverd\u00e4chtigen zu  zweit auf ihn ein, so dass der 14-J\u00e4hrige zu Boden st\u00fcrzte. Durch das  beherzte Eingreifen von zwei Frauen lie\u00dfen die Jugendlichen von dem am  Boden Liegenden ab und fl\u00fcchteten. Drei aus der T\u00e4tergruppe konnten in  der anschlie\u00dfenden Fahndung der Polizei festgestellt werden. Es handelte  sich hier um Jungs im Alter von 13 &#8211; 16 Jahren aus Ludwigshafen. Die  Ermittlungen dauern an. <\/p>\n\n\n\n<h4 class=\"wp-block-heading\">(Ludwigshafen) &#8211; Playstation-Spiele gestohlen<\/h4>\n\n\n\n<p>Beim Diebstahl von vier Playstation Spiele beobachtete am Mittwoch ein  Ladendetektiv im Drogeriemarkt M\u00fcller einen 17-J\u00e4hrigen und einen  20-J\u00e4hrigen. Die beiden waren zusammen im Markt. W\u00e4hrend der eine  Schmiere stand, steckte der zweite die Waren ein. Als sie die Drogerie  verlassen wollten, sprach der Detektiv die Beiden an. W\u00e4hrend der  polizeilichen Ermittlungen stellte sich heraus, dass der 17-J\u00e4hrige zwei  Tage zuvor schon Spiele im selben Markt gestohlen hatte. Gegen die  jungen M\u00e4nner wurden Ermittlungsverfahren eingeleitet. <\/p>\n\n\n\n<h4 class=\"wp-block-heading\">(Ludwigshafen) &#8211; Anruf von falschem Microsoft Mitarbeiter<\/h4>\n\n\n\n<p>Gleich zwei Anrufe erhielt am Mittwoch ein 58-J\u00e4hriger in Ludwigshafen.  Kurz nach 11 Uhr meldete sich ein m\u00e4nnlicher Anrufer, der in schwer  verst\u00e4ndlichem englisch, auf dem PC des Ludwigshafeners sei ein Virus.  Als der Angerufene den Anrufer aufforderte in einem anst\u00e4ndigen Englisch  oder Deutsch mit ihm zu reden, beendete dieser das Gespr\u00e4ch. Am  Nachmittag, kurz vor 16 Uhr, meldete sich telefonisch eine Frau. Dieses  Gespr\u00e4ch beendete der Angerufene selbst. Hinweise zum richtigen  Verhalten bei solchen Anrufen finden Sie hier: <a rel=\"noreferrer noopener\" target=\"_blank\" href=\"https:\/\/www.presseportal.de\/blaulicht\/pm\/117696\/4283425\">https:\/\/www.presseportal.de\/blaulicht\/pm\/117696\/4283425<\/a> <\/p>\n\n\n\n<h4 class=\"wp-block-heading\">(Ludwigshafen) &#8211; Bei Auffahrunfall leicht verletzt<\/h4>\n\n\n\n<p>Bei einem Auffahrunfall in der Langgartenstra\u00dfe wurde am  Mittwochmorgen, um 11 Uhr, ein 70-j\u00e4hriger Mercedes Fahrer leicht  verletzt. Der 70-J\u00e4hrige war auf der Langgartenstra\u00dfe unterwegs, hinter  ihm fuhr ein 56-J\u00e4hriger mit seinem Mazda. An der Einm\u00fcndung zur  Friesenheimer Stra\u00dfe wollten Beide links abbiegen. Wegen Querverkehr  hielt der 70-J\u00e4hrige seinen Wagen an. Der hinter ihm fahrende 56-J\u00e4hrige  bemerkte dies zu sp\u00e4t und fuhr auf den Mercedes auf. Durch das  Auffahren versp\u00fcrte der 70-J\u00e4hrige Nackenschmerzen. An beiden Autos  entstand Sachschaden. <\/p>\n\n\n\n<h4 class=\"wp-block-heading\">(Ludwigshafen) &#8211; Fu\u00dfg\u00e4ngerin auf Fu\u00dfg\u00e4nger\u00fcberweg erfasst<\/h4>\n\n\n\n<p>Eine 28-j\u00e4hrige Fu\u00dfg\u00e4ngerin wurde am Mittwochmorgen, um 07.20 Uhr, auf  dem Fu\u00dfg\u00e4nger\u00fcberweg im Br\u00fcsseler Ring verletzt. Die Fu\u00dfg\u00e4ngerin wollte  den Br\u00fcsseler Ring auf dem \u00dcberweg queren. Die Fahrerin eines Toyota  Aygo befuhr den Br\u00fcsseler Ring. Sie \u00fcbersah die Frau auf dem  Fu\u00dfg\u00e4nger\u00fcberweg und erfasste sie mit dem Wagen. Die 28-J\u00e4hrige erlitt  diverse Prellungen und Sch\u00fcrfungen und musste mit dem Rettungswagen zur  \u00e4rztlichen Behandlung in ein Krankenhaus verbracht werden. <\/p>\n\n\n\n<h4 class=\"wp-block-heading\">(Ludwigshafen) &#8211; Auto aufgebrochen<\/h4>\n\n\n\n<p>Einen Seat Arosa, der in der Nacht 24.09.2019 auf den 25.09.2019 in der  Wegelnburgstra\u00dfe geparkt war, brachen Unbekannte auf. Sie durchw\u00fchlten  den Wagen und entwendeten wenige Euro M\u00fcnzgeld und einen Schl\u00fcssel.  Sachdienliche Hinweise nimmt die Kriminalpolizei Ludwigshafen unter der  Telefonnummer 0621\/963-2773 oder per E-Mail <a href=\"mailto:kiludwigshafen@polizei.rlp.de\">kiludwigshafen@polizei.rlp.de<\/a> entgegen. <\/p>\n\n\n\n<h4 class=\"wp-block-heading\">(Ludwigshafen) &#8211; Kinder ausgeraubt<\/h4>\n\n\n\n<p>Am 24.09.2019 besuchten drei Freunde im Alter von 11 &#8211; 13 Jahren die  Friesenheimer Kerwe. Auf dem Nachhauseweg, kurz nach 17 Uhr, wurden die  Jungs an der Luitpoldstra\u00dfe von zehn Jugendlichen aufgehalten. Der  Hauptt\u00e4ter forderte die Jungs auf, ihr Geld herauszugeben, dabei schlug  er einem der dreien mit der Faust ins Gesicht. Die Tatverd\u00e4chtigen  erbeuteten anschlie\u00dfend wenige Euro Bargeld. Da den Jungs der Vorname  des Anf\u00fchrers der Gruppe bekannt war, konnte schnell ein 14-J\u00e4hriger  Ludwigshafener als Tatverd\u00e4chtiger identifiziert werden. Die  Ermittlungen dauern an. <\/p>\n\n\n\n<h4 class=\"wp-block-heading\">(Ludwigshafen) &#8211; Raub auf der Autobahn<\/h4>\n\n\n\n<h4 class=\"wp-block-heading\" style=\"text-align:center\">1. Nachtragsmeldung<\/h4>\n\n\n\n<h4 class=\"wp-block-heading\">Gemeinsame Pressemitteilung von Staatsanwaltschaft Frankenthal\/Pfalz und Polizeipr\u00e4sidium Rheinpfalz Nachtrag zu: <a rel=\"noreferrer noopener\" target=\"_blank\" href=\"https:\/\/www.presseportal.de\/blaulicht\/pm\/117696\/4377272\">https:\/\/www.presseportal.de\/blaulicht\/pm\/117696\/4377272<\/a> <\/h4>\n\n\n\n<p>Nach  umfangreichen Ermittlungen der Staatsanwaltschaft Frankenthal und der  Kriminalpolizei Ludwigshafen wurde am Dienstag, 24.09.2019, ein  vietnamesischer Staatsangeh\u00f6riger in Ha\u00dfloch vorl\u00e4ufig festgenommen. Der  29-J\u00e4hrige, der keinen festen Wohnsitz in Deutschlang hat, wurde noch  am selben Tag dem Ermittlungsrichter des Amtsgerichts Frankenthal  vorgef\u00fchrt. Auf Antrag der Staatsanwaltschaft Frankenthal ordnete dieser  Untersuchungshaft wegen Fluchtgefahr an. Der Beschuldigte wurde in eine  Justizvollzugsanstalt gebracht. <\/p>\n\n\n\n<h4 class=\"wp-block-heading\">(Mannheim) &#8211; Frau wird von Stra\u00dfenbahn mitgeschleift und verletzt \/ Einlieferung ins Krankenhaus<\/h4>\n\n\n\n<p>Am Mittwoch, kurz nach 19 Uhr, kam es am Willy-Brandt-Platz zu einem  Vorfall, bei dem eine Fu\u00dfg\u00e4ngerin leicht verletzt wurde. Nach  derzeitigem Kenntnisstand wollte die Frau an der Haltestelle  &#8222;Hauptbahnhof&#8220; vermutlich in die Linie 4A Ein- oder Aussteigen, als die  Bahn gerade losfuhr. Die Hand der Dame wurde in der T\u00fcr der Tram  eingeklemmt, sodass sie einige Meter mitgeschleift und auf dem Bahnsteig  zu Fall kam. Der Stra\u00dfenbahnfahrer bekam von dem Vorfall zun\u00e4chst  nichts mit, wurde dann aber von Passanten darauf aufmerksam gemacht,  woraufhin er die Bahn sofort abbremste. Die Frau zog sich bei dem Sturz  Prellungen im Gesicht zu und wurde vor Ort von Rettungssanit\u00e4tern  erstversorgt. Sie kam anschlie\u00dfend zur weiteren Behandlung in ein  Krankenhaus. Die weiteren Ermittlungen hat das Polizeirevier  Mannheim-Oststadt aufgenommen. <\/p>\n\n\n\n<h4 class=\"wp-block-heading\">(Mannheim) &#8211; Von der Fahrbahn abgekommen und gegen Betonseitenwand gekracht \/ Auto nicht mehr fahrbereit<\/h4>\n\n\n\n<p>Bei seiner Fahrt von der B 36 kommend auf die B 37 in Richtung  Innenstadt kam am Mittwochabend gegen 19 Uhr ein 25-j\u00e4hriger Autofahrer  aus bislang unbekannter Ursache nach rechts von der Fahrbahn ab und  prallte gegen die Betonseitenwand der dortigen Unterf\u00fchrung. Sein  Fahrzeug, an dem Schaden von 4.000 Euro entstand, war nicht mehr  fahrbereit und musste nach der Unfallaufnahme von einem  Abschleppunternehmen abtransportiert werden. Der Mannheimer \u00fcberstand  den Aufprall zum Gl\u00fcck unverletzt.<\/p>\n\n\n\n<h4 class=\"wp-block-heading\">(Mannheim) &#8211; Mercedes kollidiert mit vorfahrtsberechtigter Stra\u00dfenbahn \/ Mehrere Tausend Euro Sachschaden<\/h4>\n\n\n\n<p>Ein 25-j\u00e4hriger Mercedes-Fahrer kollidierte am Mittwochabend, gegen  18:20 Uhr, in der Kurpfalzstra\u00dfe, in H\u00f6he der Haltestelle &#8222;Schloss&#8220;, mit  einer vorfahrtsberechtigten Stra\u00dfenbahn und verursachte dabei einen  Sachschaden in H\u00f6he von \u00fcber 7.000 Euro. Der Autofahrer befuhr die  Stra\u00dfe zwischen den Quadraten A1\/B1 und kollidierte beim Einfahren in  den Kreuzungsbereich mit der von rechts kommenden Stra\u00dfenbahn. Beide  Fahrzeuge wurden bei dem Zusammensto\u00df besch\u00e4digt. Verletzungen zog sich  aber gl\u00fccklicherweise niemand zu. Der Stra\u00dfenbahnverkehr war bis kurz  nach 19 Uhr in beide Richtungen eingeschr\u00e4nkt. <\/p>\n\n\n\n<h4 class=\"wp-block-heading\">(Mannheim) &#8211; Opel Corsa \u00fcberschl\u00e4gt sich \/ Fahrerin nach Erstbehandlung ins Krankenhaus<\/h4>\n\n\n\n<p>Erstversorgt und danach in ein Mannheimer Krankenhaus eingeliefert  werden musste am Dienstag kurz nach 17 Uhr eine 53-j\u00e4hrige Autofahrerin,  die sich bei einem Unfall in der Sonderburger Stra\u00dfe\/Lilienthalstra\u00dfe  Verletzungen zugezogen hatte. <\/p>\n\n\n\n<p>Ein 23-j\u00e4hriger Lancia-Fahrer war \nin Fahrtrichtung Blumenau unterwegs und hatte die Vorfahrt der Opel \nCorsa-Fahrerin nicht beachtet. Im Einm\u00fcndungsbereich stie\u00dfen die Autos \nzusammen, der Opel \u00fcberschlug sich und blieb letztlich auf dem Dach \nliegen. W\u00e4hrend der Unfallaufnahme wurde die Sonderburger Stra\u00dfe in \nFahrtrichtung Waldhof gesperrt. DRK, Notarzt wie auch Feuerwehr waren \nzudem im Einsatz. <\/p>\n\n\n\n<p>Nach Beendigung der Unfallaufnahme musste der \nOpel Corsa von einem Abschleppunternehmen abtransportiert werden. Der \n23-J\u00e4hrige organisierte selbst das Entfernen seines Wagens. Den Schaden \nbeziffert die Polizei mit 10.000 Euro. <\/p>\n\n\n\n<p>Die Feuerwehr s\u00e4uberte die\n mit Betriebsstoffen verschmutzte Fahrbahn. Da aufgrund des einsetzenden\n Regens die Stra\u00dfe schmierig wurde, nahm eine Spezialfirma die \nendg\u00fcltige Reinigung vor. Bis gegen 20 Uhr kam es daher zu \nBeeintr\u00e4chtigung des Stra\u00dfenverkehrs. Der 23-j\u00e4hrige Verursacher sieht \neiner Anzeige entgegen. <\/p>\n\n\n\n<h4 class=\"wp-block-heading\">(Mannheim) &#8211; Polizei sucht zwei Autofahrer und Zeugen!<\/h4>\n\n\n\n<h4 class=\"wp-block-heading\" style=\"text-align:center\">Nachmeldung zu Unfall in der Mallaustra\u00dfe<\/h4>\n\n\n\n<p>Wie bereits Mittwoch berichtet kam es am Dienstagnachmittag, gegen 15  Uhr, zu einem Unfall in der Mallaustra\u00dfe. Eine VW-Passat-Fahrerin war  zwei entgegenkommenden Fahrzeugen ausgewichen und kam infolgedessen von  der Fahrbahn ab. Sie prallte gegen den Zaun des Sportplatzes des SC  Pfingstberg-Hochst\u00e4tt, welcher nicht unerheblich besch\u00e4digt wurde. <\/p>\n\n\n\n<p>Die  Ermittler des Polizeireviers Mannheim-Neckarau suchen nun Zeugen des  Unfalls und insbesondere die zwei bislang unbekannten Autofahrer, die  der VW-Fahrerin entgegenkamen. Diese werden gebeten, sich unter Tel.:  0621\/83397-0 zu melden. <\/p>\n\n\n\n<h4 class=\"wp-block-heading\">(Mannheim-Innenstadt) &#8211; Nach Uhrendiebstahl Verk\u00e4uferin zur Seite gesto\u00dfen und gefl\u00fcchtet<\/h4>\n\n\n\n<p>Ein bislang noch nicht ermittelter T\u00e4ter hat am Mittwoch kurz vor 13  Uhr in einem Kaufhaus in N 7 sechs Uhren der Marke &#8222;Hugo Boss&#8220; aus einer  Vitrine entwendet. Dabei wurde er von einer Verk\u00e4uferin entdeckt und  angesprochen. Der T\u00e4ter stie\u00df die Angestellte zur Seite gegen eine  Vitrine, als ein Zeuge zur Hilfe eilte, fl\u00fcchtete der T\u00e4ter in Richtung  Ausgang Kunststra\u00dfe. Dort stieg er auf ein Fahrrad und fuhr in Richtung  Paradeplatz davon. Die Angestellte wurde durch den Sto\u00df leicht verletzt.  Der Diebstahlsschaden bel\u00e4uft sich auf \u00fcber 1.500 Euro. Die weiteren  Ermittlungen f\u00fchrt das Polizeirevier Mannheim-Oststadt. <\/p>\n\n\n\n<h4 class=\"wp-block-heading\">(Mannheim-Herzogenried) &#8211; T\u00fcren an einer Sporthalle in Brand gesetzt, Zeugen gesucht!<\/h4>\n\n\n\n<p>Am Mittwoch gegen 17.30 Uhr setzten ein oder mehrere bislang unbekannte  T\u00e4ter die Schwenkt\u00fcren der Sporthalle in der Herzogenriedstra\u00dfe 50 in  Brand. <\/p>\n\n\n\n<p>Die Eingangst\u00fcr befindet sich im Untergeschoss auf der R\u00fcckseite der Sporthalle im Bereich des Sportplatzes. <\/p>\n\n\n\n<p>Beim\n Eintreffen der Polizei war das zwischen den T\u00fcrenrahmen entfachte Feuer\n bereits aus. Am Holz waren Ru\u00dfantragungen in einer L\u00e4nge von einem \nMeter feststellbar. Die Feuerwehr goss vorsorglich Wasser \u00fcber die \nBrandstelle. <\/p>\n\n\n\n<p>Der Sachschaden wurde auf 10.000 Euro gesch\u00e4tzt. <\/p>\n\n\n\n<p>W\u00e4hrend des Vorfalls befanden sich nach derzeitigem Kenntnisstand keine Personen in der Halle. <\/p>\n\n\n\n<p>Die Ermittlungen des Polizeireviers Mannheim-Neckarstadt dauern an. <\/p>\n\n\n\n<p>Zeugen  des Vorfalls und oder Personen, die Hinweise auf die Brandleger geben  k\u00f6nnen oder verd\u00e4chtige Personen im Bereich wahrgenommen haben, werden  gebeten, sich unter 0621 33010 zu melden. <\/p>\n\n\n\n<h4 class=\"wp-block-heading\">(Mannheim-Neckarstadt) &#8211; Schmuck und Bargeld bei Wohnungseinbruch gestohlen \/ Zeugen gesucht!<\/h4>\n\n\n\n<p>In der Alphornstra\u00dfe wurde am Mittwoch, zwischen 10 Uhr und 12 Uhr, in  eine Wohnung eingebrochen. Ein oder mehrere bislang unbekannte T\u00e4ter  hatten sich auf noch nicht bekannte Art und Weise Zugang zur Wohnung im  zweiten Obergeschoss verschafft. Nach derzeitigem Kenntnisstand  entwendeten sie Schmuckst\u00fccke, Uhren und Bargeld in noch unbekannter  H\u00f6he. Der Wert des Diebesguts sowie der entstandene Sachschaden kann  derzeit noch nicht beziffert werden. <\/p>\n\n\n\n<p>Zeugen, die verd\u00e4chtige  Beobachtungen gemacht haben, werden gebeten, sich mit dem Polizeirevier  Mannheim-Neckarstadt unter Tel.: 0621\/3301 in Verbindung zu setzen. <\/p>\n\n\n\n<h4 class=\"wp-block-heading\">(Mannheim-Wallstadt) &#8211; Kollision zwischen Auto und Motorrad, Motorradfahrer schwer verletzt, derzeit Vollsperrung der Sudetenstra\u00dfe<\/h4>\n\n\n\n<h4 class=\"wp-block-heading\" style=\"text-align:center\">Pressemeldung 1<\/h4>\n\n\n\n<p>Am Donnerstag kurz vor 15 Uhr kam es auf der Sudetenstra\u00dfe in H\u00f6he zur  Auffahrt zur Kreisstra\u00dfe 9753 zu einem Zusammensto\u00df zwischen einem Auto  und einem Motorradfahrer. <\/p>\n\n\n\n<p>Nach derzeitigem Kenntnisstand wurde der Motorradfahrer hierbei schwer verletzt. <\/p>\n\n\n\n<p>Zurzeit sind Rettungskr\u00e4fte im Einsatz. <\/p>\n\n\n\n<p>Die  Sudetenstra\u00dfe ist zwischen Siebenb\u00fcrger Stra\u00dfe und Kreisstra\u00dfe 9753 im  Moment voll gesperrt, es kommt zu Verkehrsbehinderungen. <\/p>\n\n\n\n<h4 class=\"wp-block-heading\">(Mannheim-Wallstadt) &#8211; Kollision zwischen Auto und Motorrad, Motorradfahrer schwer verletzt <\/h4>\n\n\n\n<h4 class=\"wp-block-heading\" style=\"text-align:center\">Pressemeldung 2<\/h4>\n\n\n\n<p>Am Donnerstag kurz vor 15 Uhr fuhr ein 60-j\u00e4hriger Fahrer eines Opel  Mervia auf der Sudetenstra\u00dfe, von K\u00e4fertal kommend in Richtung  Mannheim-Wallstadt. <\/p>\n\n\n\n<p>Kurz vor dem Abzweig zur Kreisstra\u00dfe 9753 \nhielt er nach derzeitigem Kenntnisstand am rechten Fahrbahnrand an und \nwollte verbotswidrig ein Wendeman\u00f6ver durchf\u00fchren. <\/p>\n\n\n\n<p>Hierbei \n\u00fcbersah er einen 64 Jahre alten Mann, der auf seinem 125 ccm Motorroller\n in Richtung Ladenburg fuhr. Der Motorroller fuhr in die linke \nFahrzeugseite des Opels, der Fahrer kam zu Sturz und zog sich schwere \nVerletzungen zu. <\/p>\n\n\n\n<p>Er wurde nach einer not\u00e4rztlichen Behandlung in ein Krankenhaus transportiert. <\/p>\n\n\n\n<p>Es entstand ein Sachschaden in H\u00f6he von 4.000 Euro. <\/p>\n\n\n\n<p>W\u00e4hrend\n der Unfallaufnahme, Bergung der Fahrzeuge und Reinigung der Fahrbahn \nwar die Sudentenstra\u00dfe in diesem Bereich zeitweise voll gesperrt. Es kam\n zu Verkehrsbehinderungen. <\/p>\n\n\n\n<p>Die Ermittlungen des  Unfallaufnahmedienstes Mannheim dauern an, der 60-j\u00e4hrige  Unfallverursacher war nach derzeitigem Ermittlungsstand nicht im Besitz  einer g\u00fcltigen Fahrerlaubnis. <\/p>\n\n\n\n<h4 class=\"wp-block-heading\">(Mannheim-Friedrichsfeld) &#8211; Abgefahrene Reifen und Regen, KIA landet auf dem Dach!<\/h4>\n\n\n\n<p>Am Donnerstag gegen 12.40 Uhr befuhr ein 65-j\u00e4hriger Fahrer eines KIA  Kleinwagens die Schwabenstra\u00dfe aus Richtung Suebenheim kommend und  wollte auf die Landesstra\u00dfe 597 auffahren. <\/p>\n\n\n\n<p>Im Kurvenbereich, bei \nregennasser Fahrbahn, mit abgefahren Reifen war er nach derzeitigem \nErmittlungsstand zu schnell unterwegs, kam von der Fahrbahn ab und \n\u00fcberschlug sich. Der Kia blieb auf dem Dach liegen. Der Fahrer konnte \nsich aus seinem Fahrzeug selbst\u00e4ndig befreien. <\/p>\n\n\n\n<p>Augenscheinlich \nunverletzt, wurde er trotz allen mit einem Rettungswagen in ein \nnahegelegenes Krankenhaus gefahren um weitere Untersuchung durchf\u00fchren \nzu lassen. <\/p>\n\n\n\n<p>Es entstand ein Sachschaden in H\u00f6he von 5.000 Euro. <\/p>\n\n\n\n<h4 class=\"wp-block-heading\">(Mannheim-K\u00e4fertal) &#8211; 44-J\u00e4hriger nach Streit mit Faustschl\u00e4gen und Glasflasche verletzt \/ Zeugen gesucht<\/h4>\n\n\n\n<div class=\"wp-block-image\"><figure class=\"aligncenter\"><img decoding=\"async\" src=\"https:\/\/speyer24news.com\/wp-content\/uploads\/2019\/09\/Zeugen-gesucht-Neutral-1.jpg\" alt=\"\" class=\"wp-image-19014\"\/><\/figure><\/div>\n\n\n\n<p>Bei einem Streit vor einer Gastst\u00e4tte in der Waldstra\u00dfe wurde am  Mittwochabend gegen 22.30 Uhr ein 44-j\u00e4hriger Mann verletzt. Dabei  wurden dem Gesch\u00e4digten von einem bislang unbekannten Mann mehrere  Faustschl\u00e4ge versetzt und eine Glasflasche auf den Kopf geschlagen.  Anschlie\u00dfend fl\u00fcchtete der T\u00e4ter zusammen mit den Begleitern zu Fu\u00df. Das  Opfer erlitt mehrere Schnittwunden im Gesicht, nach seiner  Erstversorgung wurde er mit einem Rettungswagen in eine Klinik  eingeliefert. <\/p>\n\n\n\n<p>Der wird wie folgt beschrieben: <\/p>\n\n\n\n<ul><li>Alter Mitte 20<\/li><li>braun gebrannte Haut<\/li><li>zur\u00fcckgek\u00e4mmtes Haar<\/li><\/ul>\n\n\n\n<p>Eine Fahndung nach dem T\u00e4ter  verlief ergebnislos. Die weiteren Ermittlungen f\u00fchrt das Polizeirevier  Mannheim-Sandhofen. Zeugen, die sachdienliche Hinweise geben k\u00f6nnen,  werden gebeten sich unter Telefon 0621\/777690 zu melden. <\/p>\n\n\n\n<h4 class=\"wp-block-heading\">(Edingen-Neckarhausen \/ Rhein-Neckar-Kreis) &#8211; Mercedes gestohlen \/ Polizei sucht Zeugen<\/h4>\n\n\n\n<p>Unbekannte T\u00e4ter haben im Zeitraum von Dienstag, 21.30 und Mittwoch, 19  Uhr in der Gerhard-Hauptmann-Stra\u00dfe abgestellten grauen Mercedes S 500  4MATIC entwendet. Der Diebstahlsschaden bel\u00e4uft sich auf ca. 70.000  Euro. Die bislang eingeleiteten Fahndungsma\u00dfnahmen f\u00fchrten noch nicht  zum Erfolg. Die weiteren Ermittlungen f\u00fchrt die Kriminalpolizeidirektion  Heidelberg. Zeugen, die im Tatzeitraum oder auch schon davor  verd\u00e4chtige Beobachtungen gemacht haben, werden gebeten sich unter  Telefon 0621\/174-4444 bei der Kriminalpolizei zu melden. <\/p>\n\n\n\n<h4 class=\"wp-block-heading\">(Heidelberg) &#8211; Auffahrunfall fordert 14.000 Euro Schaden \/ 26-J\u00e4hrige kam ins Krankenhaus<\/h4>\n\n\n\n<p>Zu einem Auffahrunfall mit drei beteiligten Fahrzeugen kam es am  Mittwoch kurz nach 15 Uhr in der Berliner Stra\u00dfe. Verursacht hatte den  Unfall eine 41-j\u00e4hrige VW Touran-Fahrerin, die aufgrund Unachtsamkeit  und nicht ausreichendem Sicherheitsabstand auf einen Opel Corsa  aufgefahren war, der in der Folge auf einen weiteren Mercedes prallte. <\/p>\n\n\n\n<p>Die\n 26-j\u00e4hrige Opel-Fahrerin zog sich Verletzungen zu und wurde nach der \nErstversorgung in ein Krankenhaus eingeliefert. Die Mercedes-Fahrerin \nkonnte nach der Behandlung an der Unfallstelle ihren Weg fortsetzen. \nTrotz des Gesamtschadens, der mit rund 14.000 Euro zu beziffern ist, \nwaren die Autos noch fahrbereit. <\/p>\n\n\n\n<p>Die Verursacherin muss mit einer Anzeige rechnen. <\/p>\n\n\n\n<h4 class=\"wp-block-heading\">(Heidelberg) &#8211; Hyundai st\u00f6\u00dft mit Stra\u00dfenbahn zusammen \/ Mehrere tausend Euro Schaden<\/h4>\n\n\n\n<p>Eine 52-j\u00e4hrige Hyundai-Fahrerin war am Mittwochmittag gegen 13.30 Uhr  in der Wilhelm-Grieser-Stra\u00dfe in Fahrtrichtung Schwetzinger Stra\u00dfe  gefahren und missachtete die Vorfahrt einer Stra\u00dfenbahn, so dass es im  Einm\u00fcndungsbereich zum Zusammensto\u00df kam. <\/p>\n\n\n\n<p>Auto und Stra\u00dfenbahn  wurden im Frontbereich stark in Mitleidenschaft gezogen. Den Sachschaden  beziffert die Polizei auf mehrere tausend Euro. Bei dem Unfall wurde  zum Gl\u00fcck niemand verletzt. <\/p>\n\n\n\n<h4 class=\"wp-block-heading\">(Oftersheim \/ Rhein-Neckar-Kreis) &#8211; Senior missachtet rote Ampel \/ Beide Autos abschleppreif<\/h4>\n\n\n\n<p>Ein 85-j\u00e4hriger VW Golf-Fahrer verursachte am sp\u00e4ten Mittwochabend kurz  nach 23 Uhr einen Unfall. Er befuhr die Schwetzinger Stra\u00dfe von  Plankstadt in Fahrtrichtung Schwetzingen, missachtete die Rotphase der  Ampelanlage und krachte mit einem Audi einer aus Sandhausen stammenden  Frau zusammen. Ihre Mitfahrerin zog sich durch die Aufprallwucht  Verletzungen zu und wurde an der Unfallstelle erstversorgt. Der  85-J\u00e4hrige klagte ebenfalls \u00fcber Verletzungen und wurde vorsorglich in  einem Krankenhaus behandelt. Beide Autos, an denen Gesamtschaden von  30.000 Euro entstand, transportierte ein Abschleppunternehmen nach der  Unfallaufnahme ab. <\/p>\n\n\n\n<h4 class=\"wp-block-heading\">(Hockenheim \/ A 6 \/ Rhein-Neckar-Kreis) &#8211; 47-j\u00e4hriger Lastzugfahrer aus Litauen mit \u00fcber zwei Promille auf der A 6 unterwegs<\/h4>\n\n\n\n<p>Mit \u00fcber zwei Promille Alkohol war am Mittwoch um 21.20 Uhr ein  47-j\u00e4hriger Fahrer eines Autotransporters aus Litauen auf der A 6 von  Heilbronn in Richtung Mannheim unterwegs. \u00dcber den Notruf waren mehrere  Anrufe beim F\u00fchrungs- und Lagezentrum eingegangen, wonach der Fahrer  auff\u00e4llig in &#8218;Schlangenlinien&#8216; fahren w\u00fcrde. Im Rahmen der Fahndung  wurde der Lastzug auf der A 6 aufgenommen und auf die Tank- und  Rastanlage Hockenheim-Ost geleitet. Ein Alkoholtest beseitigte alle  Zweifel, dem Fahrer wurde auf der Dienststelle des Verkehrskommissariats  in Walldorf eine Blutprobe entnommen. Der F\u00fchrerschein wurde in  Verwahrung genommen, der 47-J\u00e4hrige musste eine Kaution von mehreren  Hundert Euro entrichten. Die Transportfirma k\u00fcmmerte sich um einen  Ersatzfahrer. <\/p>\n\n\n\n<h4 class=\"wp-block-heading\">(Reilingen \/ Rhein-Neckar-Kreis) &#8211; Motorradfahrer missachtet Vorfahrt \/ Unfall im Kreuzungsbereich<\/h4>\n\n\n\n<p>Am Mittwochnachmittag gegen 14.30 Uhr ereignete sich in der  Wilhelm-\/Hockenheimer Stra\u00dfe ein Verkehrsunfall, bei dem alle Beteiligte  leicht verletzt wurden, aber keine medizinische Versorgung vor Ort in  Anspruch nahmen. Verursacht hatte den Crash ein 18-j\u00e4hriger KTM-Fahrer,  der im Kreuzungsbereich die Vorfahrt eines ordnungsgem\u00e4\u00df fahrenden  Hyundai-Fahrers nicht beachtet hatte. Der Motorradfahrer wie auch sein  Mitfahrer st\u00fcrzten auf die Fahrbahn; Sachschaden entstand in H\u00f6he von  mehreren tausend Euro. Beide wie auch der Autofahrer wollten sich ggf.  selbstst\u00e4ndig in \u00e4rztliche Behandlung begeben. <\/p>\n\n\n\n<h4 class=\"wp-block-heading\">(Leimen \/ Rhein-Neckar-Kreis) &#8211; Einbruch in B\u00fcrogeb\u00e4ude \/ 34-j\u00e4hrige Tatverd\u00e4chtige festgenommen<\/h4>\n\n\n\n<p>Nach einem Einbruch in ein B\u00fcrogeb\u00e4ude einer Fachfirma f\u00fcr Bau-Logistik  in der Olpenitzer Stra\u00dfe in der Nacht von Samstag auf Sonntag  (21.\/22.09.) wurde am Mittwochmorgen eine 34-j\u00e4hrige Tatverd\u00e4chtige in  Leimen festgenommen. Die Frau steht im dringenden Tatverdacht an dem  Geb\u00e4ude eine Scheibe eingeschlagen und aus einem der B\u00fcror\u00e4ume Bargeld,  einen Laptop, ein Navigationsger\u00e4t, zwei iPhones sowie Zigaretten  entwendet zu haben. Die 34-J\u00e4hrige r\u00e4umte in ihrer Vernehmung die  Tatbegehung ein, in einem von ihr genannten Versteck wurden Teile des  entwendeten Diebesguts aufgefunden und sichergestellt. Der Einbruch  wurde zur Beschaffung von Bet\u00e4ubungsmittel ver\u00fcbt, bei der Festnahme  wurde eine geringe Menge Marihuana bei der 34-J\u00e4hrigen sichergestellt.  Nach der Vernehmung wurde die Beschuldigte wieder auf freien Fu\u00df  gesetzt.   Die weiteren Ermittlungen f\u00fchrt der Polizeiposten Leimen. <\/p>\n\n\n\n<h4 class=\"wp-block-heading\">(Nu\u00dfloch \/ Rhein-Neckar-Kreis) &#8211; 4.000 Euro Schaden bei Unfall \/ Beteiligter leicht verletzt<\/h4>\n\n\n\n<p>Bei seiner Fahrt auf der L 547 in Richtung Schatthausen kam am  Mittwochmorgen ein 37-j\u00e4hriger VW Golf-Fahrer aus bislang unbekannten  Gr\u00fcnden auf die Gegenfahrbahn und touchierte den Audi A 3 eines aus  Eberbach stammenden Mannes. Durch das Einschlagen seines Au\u00dfenspiegels  splitterte die Seitenscheibe, wodurch er sich durch umherfliegende  Glassplitter leichte Verletzungen an der Hand zuzog. Die Autos, an denen  Schaden von je 2.000 Euro entstand, waren noch fahrbereit. Der  VW-Fahrer sieht einer Anzeige entgegen. <\/p>\n\n\n\n<h4 class=\"wp-block-heading\">(Rauenberg \/ Rhein-Neckar-Kreis) &#8211; 90-J\u00e4hriger bei Bergung seines Traktors nicht gerade einsichtig<\/h4>\n\n\n\n<p>Nach verrichteter Arbeit am Mittwochabend gegen 19.30 Uhr befuhr ein  90-J\u00e4hriger mit seinem Traktor einen Feldweg in Richtung B 39, als er  kurz vor der Unterf\u00fchrung in einer Kurve nach eigenen Angaben Probleme  mit der Schaltung bekam, die Kontrolle verlor und die Zugmaschine  pl\u00f6tzlich zur Seite kippte. <\/p>\n\n\n\n<p>Da bei Eintreffen der Polizei keine \nPerson angetroffen werden konnte und nicht auszuschlie\u00dfen war, dass sich\n diese in einer evtl. hilflosen Lage befindet, wurde die Freiwillige \nFeuerwehr Rauenberg hinzugezogen. Kurze Zeit danach kehrte aber der \nSenior mit Angeh\u00f6rigen und einer Zugmaschine zur\u00fcck, um den Traktor zu \nbergen. <\/p>\n\n\n\n<p>Der Senior zog sich dabei auch eine Platzwunde am Kopf \nzu, lehnte aber eine Behandlung vor Ort ab. Auch der hinzugezogene \nNotarzt konnte ihn nicht zu einer Untersuchung in einem Krankenhaus \nbewegen. <\/p>\n\n\n\n<p>W\u00e4hrend die Wehrleute noch mit Arbeiten an der \nverunfallten Zugmaschine besch\u00e4ftigt waren, setzte sich der Senior \nselbst hinter das Steuer der mitgebrachten Zugmaschine, die zu diesem \nZeitpunkt aber noch nicht bewegt werden durfte. Die Zugmaschine stand an\n einem Hang, unweit von einem Einsatzfahrzeug der Feuerwehr. Um eine \nGef\u00e4hrdung der Feuerwehrleute schnellstm\u00f6glich zu verhindern, forderten \ndie Beamten den Mann zum Verlassen des F\u00fchrerhauses auf. Dieser \nAufforderung kam er nicht nach, so dass  sie den Senior vom Steuer \nwegzogen. Parallel dazu rollte die Zugmaschine in Richtung des \nEinsatzfahrzeugs. Nur durch ein schnelles Eingreifen mehrerer \nFeuerwehrleute konnte eine Kollision vermieden werden. Der 90-J\u00e4hrige \nselbst verhielt sich w\u00e4hrend der Ma\u00dfnahme recht unkooperativ, beruhigte \nsich dann aber im weiteren Verlauf. <\/p>\n\n\n\n<p>Der Traktor wurde nach der Bergung am Feldrand abgestellt. Die Freiwillige Feuerwehr Rauenberg war mit zehn Mann im Einsatz. <\/p>\n","protected":false},"excerpt":{"rendered":"<div class=\"mh-excerpt\"><p>Polizeimeldungen vom Donnerstag (27.09.2019) (Speyer) &#8211; Zeugen zu Unfall am Bartholom\u00e4us-Weltz-Platz gesucht Die Polizei sucht Zeugen zu einem Verkehrsunfall, der sich am Mittwoch gegen 21:27 Uhr am Bartholom\u00e4us-Weltz-Platz in Speyer ereignet hat. Ein vermutlich aus <a class=\"mh-excerpt-more\" href=\"https:\/\/speyer24news.com\/?p=19784\" title=\"Polizei:\">[&#8230;]<\/a><\/p>\n<\/div>","protected":false},"author":3,"featured_media":0,"comment_status":"open","ping_status":"open","sticky":false,"template":"","format":"standard","meta":{"_monsterinsights_skip_tracking":false,"_monsterinsights_sitenote_active":false,"_monsterinsights_sitenote_note":"","_monsterinsights_sitenote_category":0,"footnotes":""},"categories":[12],"tags":[61,2555,63,105,53,102,213,55,103,106,2803,2423,427,62,104,979,1565],"aioseo_notices":[],"amp_enabled":true,"_links":{"self":[{"href":"https:\/\/speyer24news.com\/index.php?rest_route=\/wp\/v2\/posts\/19784"}],"collection":[{"href":"https:\/\/speyer24news.com\/index.php?rest_route=\/wp\/v2\/posts"}],"about":[{"href":"https:\/\/speyer24news.com\/index.php?rest_route=\/wp\/v2\/types\/post"}],"author":[{"embeddable":true,"href":"https:\/\/speyer24news.com\/index.php?rest_route=\/wp\/v2\/users\/3"}],"replies":[{"embeddable":true,"href":"https:\/\/speyer24news.com\/index.php?rest_route=%2Fwp%2Fv2%2Fcomments&post=19784"}],"version-history":[{"count":2,"href":"https:\/\/speyer24news.com\/index.php?rest_route=\/wp\/v2\/posts\/19784\/revisions"}],"predecessor-version":[{"id":19787,"href":"https:\/\/speyer24news.com\/index.php?rest_route=\/wp\/v2\/posts\/19784\/revisions\/19787"}],"wp:attachment":[{"href":"https:\/\/speyer24news.com\/index.php?rest_route=%2Fwp%2Fv2%2Fmedia&parent=19784"}],"wp:term":[{"taxonomy":"category","embeddable":true,"href":"https:\/\/speyer24news.com\/index.php?rest_route=%2Fwp%2Fv2%2Fcategories&post=19784"},{"taxonomy":"post_tag","embeddable":true,"href":"https:\/\/speyer24news.com\/index.php?rest_route=%2Fwp%2Fv2%2Ftags&post=19784"}],"curies":[{"name":"wp","href":"https:\/\/api.w.org\/{rel}","templated":true}]}}