{"id":19815,"date":"2019-09-27T11:44:51","date_gmt":"2019-09-27T10:44:51","guid":{"rendered":"https:\/\/speyer24news.com\/?p=19815"},"modified":"2019-09-27T11:44:52","modified_gmt":"2019-09-27T10:44:52","slug":"kirche-30","status":"publish","type":"post","link":"https:\/\/speyer24news.com\/?p=19815","title":{"rendered":"Kirche:"},"content":{"rendered":"<style type=\"text\/css\">\r\n\t.ads_top_disp{}\r\n\t.ads_top_corner_disp{ float:left; margin:0px 10px 10px 0px; }\r\n\t.ads_first_p_disp{}\r\n\t.ads_bottom_disp{}\r\n\t<\/style>\n<h2 class=\"wp-block-heading\"><strong>Terminkalender des Bistum Speyer im Oktober 2019<\/strong><\/h2>\n\n\n\n<div class=\"wp-block-image\"><figure class=\"aligncenter\"><img decoding=\"async\" src=\"https:\/\/speyer24news.com\/wp-content\/uploads\/2019\/09\/Bistum-Speyer.png\" alt=\"\" class=\"wp-image-19821\"\/><\/figure><\/div>\n\n\n\n<table class=\"wp-block-table\"><tbody><tr><td>\n  <strong>3. \u2013\n  13.10.<\/strong>\n  <\/td><td>\n  Di\u00f6zesanwallfahrt\n  mit 382 Pilgerinnen und Pilgern nach Santiago de Compostela.\n  Wallfahrt\n  der Di\u00f6zese Speyer mit Bischof Dr. Karl-Heinz Wiesemann (ab 7.10.) und\n  weiteren geistlichen Begleitern. \n  <\/td><\/tr><tr><td>\n  <strong>3.10.<\/strong>\n  <\/td><td>\n  Maus T\u00fcr\u00f6ffnertag mit Begehung der\n  Domsakristei (bereits ausgebucht)\n  <\/td><\/tr><tr><td>\n  <strong>3.10.<\/strong>\n  <\/td><td>\n  10 Uhr, M\u00fcnchweiler, Festmesse 125\n  Jahre Kirchweihe St. Georg mit Weihbischof Otto Georgens\n  <\/td><\/tr><tr><td>\n  <strong>5.10.<\/strong>\n  <\/td><td>\n  18 Uhr, Konzert am Vorabend zum Domweihfest in der\n  Speyerer Kathederale<br>\n  \u201eO beata Virgine, Marienmotetten aus dem\n  Umfeld von Claudio Monteverdi, Werke von Monteverdi, Barbarino, Rovetta,\n  Usper u.a. Es musizieren: Matthias\n  Lucht, Altus J\u00fcrgen Banholzer, Cembalo und Orgel.\n  <\/td><\/tr><tr><td>\n  <strong>6.10.<\/strong>\n  <\/td><td>\n  10 Uhr\n  Pontifikalamt zum Domweihfest (958. Jahrestag der Domweihe) mit Bischof Dr.\n  Karl-Heinz Wiesemann im Speyerer Dom.\n  Ernennung von Bischof Philippe\n  Christory, Di\u00f6zese Chartres, zum Ehrendomherr an der Kathedrale zu Speyer \n  12-14 Uhr Vorstellung der 100 Euro-Goldm\u00fcnze\n  \u201eDom zu Speyer\u201c mit der Staatssekret\u00e4rin des Bundesministeriums der Finanzen\n  Bettina Hagedorn.\n  16.30 Uhr\n  Pontifikalvesper mit Bischof Dr. Karl-Heinz Wiesemann im Speyerer Dom. \n  <\/td><\/tr><tr><td>\n  <strong>6.10.<\/strong>\n  <\/td><td>\n  17 Uhr, Herxheim, Theater\n  Chawwerusch \u201eRosa B.\u201c, eine Frauenbiografie w\u00e4hrend des Nationalsozialismus.\n  Veranstalter: Katholische Frauengemeinschaft Deutschlands (kfd) im Bistum\n  Speyer. \n  <\/td><\/tr><tr><td>\n  <strong>12.10.<\/strong>\n  <\/td><td>\n  18.30 Uhr Herbstball Club 86;\n  Heinrich Pesch Haus Ludwigshafen; \u201eSeelsorge f\u00fcr Menschen mit\n  Behinderung\/Club 86\n  <\/td><\/tr><tr><td>\n  <strong>16.10.<\/strong>\n  <\/td><td>\n  19 Uhr\n  \u201eStammtisch f\u00fcr Entdecker*innen\u201c in Neustadt.\n  \u00d6kumenische\n  Austauschplattform f\u00fcr Haupt- und Ehrenamtliche aus den verschiedenen\n  Regionen im Gebiet der beiden Gro\u00dfkirchen.\n  Veranstalter:\n  \u201eSchon jetzt\u201c \u2013 eine \u00f6kumenische Initiative der Evangelischen Kirche der\n  Pfalz (Prot. Landeskirche) und des Bistums Speyer. \n  <\/td><\/tr><tr><td>\n  <strong>17.10.<\/strong>\n  <\/td><td>\n  18 Uhr Firmung mit Weihbischof Otto\n  Georgens in Ludwigshafen St. Hedwig\n  <\/td><\/tr><tr><td>\n  <strong>17.10.<\/strong>\n  <\/td><td>\n  19 Uhr, Dom zu Speyer, Herbstkonzert\n  des Landespolizeiorchesters; Veranstalter: \u00f6kumenischer\n  Polizeiseelsorgebeirat und Polizeipr\u00e4sidium Rheinpfalz\n  <\/td><\/tr><tr><td>\n  <strong>17. &#8211;\n  27.10.<\/strong>\n  <\/td><td>\n  Besuch von Bischof Victor Lyngdoh\n  aus der Di\u00f6zese Jowai (Nordostindien) im Bistum Speyer. Bischof Lyngdoh h\u00e4lt\n  sich auf Einladung des Hilfswerkes missio M\u00fcnchen zum Monat der Weltmission\n  in Deutschland auf.\n  <\/td><\/tr><tr><td>\n  <strong>18.10.<\/strong>\n  <\/td><td>\n  40-j\u00e4hriges\n  Jubil\u00e4um der Telefonseelsorge Pfalz.\n  17 Uhr\n  Gottesdienst mit Bischof Dr. Karl-Heinz Wiesemann und Kirchenpr\u00e4sident\n  Christian Schad in der Kirche St. Martin in Kaiserslautern. \n  <\/td><\/tr><tr><td>\n  <strong>18.10.<\/strong>\n  <\/td><td>\n  18 Uhr Firmung mit Weihbischof Otto\n  Georgens in Ludwigshafen Christ K\u00f6nig\n  <\/td><\/tr><tr><td>\n  <strong>18. \u2013\n  23.10. <\/strong>\n  <\/td><td>\n  Sr. Martina Thabah aus\n  Nordostindien, Gast des Hilfswerkes missio M\u00fcnchen, besucht zum Monat der\n  Weltmission das Bistum Speyer. \n  <\/td><\/tr><tr><td>\n  <strong>19.10.<\/strong>\n  <\/td><td>\n  10.30 Uhr Admissio im\n  Priesterseminar Speyer.\n  <\/td><\/tr><tr><td>\n  <strong>19.10.<\/strong>\n  <\/td><td>\n  16 Uhr Firmung mit Bischof Dr.\n  Karl-Heinz Wiesemann in Eisenberg St. Matth\u00e4us.\n  <\/td><\/tr><tr><td>\n  <strong>19.10.<\/strong>\n  <\/td><td>\n  18 Uhr Firmung mit Weihbischof Otto\n  Georgens in Winnweiler\n  <\/td><\/tr><tr><td>\n  <strong>19.10. \u2013\n  1.11.<\/strong>\n  <\/td><td>\n  Internationale\n  Musiktage Dom zu Speyer\n  <strong>Samstag, 19.10., 19.30 Uhr Er\u00f6ffnungskonzert<\/strong> der Internationalen Musiktage der Dommusik Speyer im Speyerer Dom.\n  Felix\n  Mendelssohn Bartholdy (1809 \u2013 1847)\n  Paulus,\n  op. 36 \u2013 Oratorium in zwei Teilen nach Worten der Heiligen Schrift.\n  Mechthild\n  Bach (Sopran), Georg Poplutz (Tenor), Klaus Mertens (Bass), M\u00e4dchenchor am\n  Dom zu Speyer, Speyerer Domsingknaben, Domchor Speyer, Deutsche\n  Staatsphilharmonie Rheinland-Pfalz.\n  <\/td><\/tr><tr><td>\n  <strong>20.10.<\/strong>\n  <\/td><td>\n  10 Uhr Firmung mit\n  Weihbischof Otto Georgens in Germersheim\n  <\/td><\/tr><tr><td>\n  <strong>20.10.<\/strong>\n  <\/td><td>\n  10.30 Uhr Firmung mit\n  Bischof Dr. Karl-Heinz Wiesemann in R\u00fclzheim Hl. Theodard\n  <\/td><\/tr><tr><td>\n  <strong>21.10.<\/strong>\n  <\/td><td>\n  11 Uhr\n  Pressegespr\u00e4ch zum Weltmissionssonntag im Priesterseminar Speyer mit Weihbischof Otto Georgens und den G\u00e4sten Schwester Martina Thabah\n  und Bischof Victor Lyngdoh \u2013 beide aus Nordostindien \n  <\/td><\/tr><tr><td>\n  <strong>21.10.<\/strong>\n  <\/td><td>\n  17-21 Uhr,\n  Pfarrheim Berghausen (R\u00f6merberg), \u201eGemeinsam unterwegs im Glauben: Frauen in\n  Nordost-Indien\u201c Begegnungs- und Studienabend mit Sr. Martina Thabah,\n  Ausbildungsleitrin f\u00fcr den Aufbau Kleiner Christlicher Gemeinschaften in der\n  Di\u00f6zese Jowei in Indien. Leitung: Annette Bauer-Simons, Monika Kreiner. Eine\n  Kooperationsveranstaltung der Frauenverb\u00e4nde Katholische Frauengemeinschaft\n  Deutschlands (kfd) und Katholischer Deutscher Frauenbund (KDFB) im Monat der\n  Weltmission.\n  <\/td><\/tr><tr><td>\n  <strong>22.10.<\/strong>\n  <\/td><td>\n  Orgel 3.0\n  \u2013 Faszination Kathedralorgel \u2013 Konzert im Rahmen der Internationalen\n  Musiktage; 15 Uhr im Speyerer Dom 30 Minuten Orgelmusik. Christoph\n  Keggenhoff, Orgel\n  <\/td><\/tr><tr><td>\n  <strong>23.10.<\/strong>\n  <\/td><td>\n  18 Uhr Firmung mit Bischof Dr.\n  Karl-Heinz Wiesemann in Eppenbrunn\n  <\/td><\/tr><tr><td>\n  <strong>23.10.<\/strong>\n  <\/td><td>\n  19.30 Uhr\n  Konzert in der Krypta des Speyerer Domes im Rahmen der Internationalen\n  Musiktage.\n  Biblische\n  Historien &#8211; Werke des Fr\u00fchbarock von Johann Kuhnau, Johann Rosenm\u00fcller,\n  Benedetto Reggio u. a. Es musizieren: Georg Poplutz (Tenor), Johann\n  Rosenm\u00fcller-Ensemble: Arno Paduch (Zink), Volker M\u00fchlberg (Violine), Johannes\n  Vogt (Chitarrone), J\u00fcrgen Banholzer (Orgel)\n  <\/td><\/tr><tr><td>\n  <strong>23. \u2013\n  24.10.<\/strong>\n  <\/td><td>\n  Werktage\n  Jugendseelsorge: \u201eKirche geht. Auch anders \u2026\u201c\n  \u201efresh\n  expressions of church f\u00fcr die kirchliche Jugend(verbands)arbeit\u201c.\n  Bei den\n  Werktagen Jugendseelsorge stellen wir in diesem Jahr die Frage nach Mission\n  und kirchlicher Jugend(verbands)arbeit unter ver\u00e4nderten Voraussetzungen. Wir\n  hinterfragen klassische Kirchenbilder und lernen von Gr\u00fcnder\/-innen neuer\n  Formen von Kirche. Referent: Felix Goldinger; Ort: Kloster Neustadt, Waldstr.\n  145, 67434 Neustadt\n  <\/td><\/tr><tr><td>\n  <strong>24.10.<\/strong>\n  <\/td><td>\n  18 Uhr Firmung mit\n  Weihbischof Otto Geoergens in Lambrecht\n  <\/td><\/tr><tr><td>\n  <strong>24.10.<\/strong>\n  <\/td><td>\n  19.00\n  Uhr, Dombauverein: 2. Wissenschaftliches Forum in der Volksbank: Sabine\n  Kaufmann, Sammlungsleiterin im Historischen Museum der Pfalz zum Thema \u201eDie\n  Grabbeigaben der Salier\u201c\n  <\/td><\/tr><tr><td>\n  <strong>24.10.<\/strong>\n  <\/td><td>\n  Bach zur\n  Nacht \u2013 Soireekonzert in der Klosterkirche St. Magdalena im Rahmen der\n  Internationalen Musiktage.\n  20.30 Uhr\n  K\u00fcnstlergespr\u00e4ch im Gro\u00dfen Chorsaal des Hauses der Kirchenmusik. \n  21 Uhr\n  Konzert\n  21.30 Uhr\n  Ausklang\/Nachklang im Foyer des Hauses der Kirchenmusik mit einem \u201eSpeyerer\n  Gedeck\u201c (Riesling und Laugenbrezel!)\n  Veranstalter:\n  Dommusik Speyer\n  <\/td><\/tr><tr><td>\n  <strong>24. \u2013\n  25.10.<\/strong>\n  <\/td><td>\n  Delegiertenversammlung\n  der Arbeitsgemeinschaft Christlicher Kirchen (ACK) \u2013 Region S\u00fcdwest in\n  Ebernburg mit dem ACK-Bundesvorsitzenden.\n  <\/td><\/tr><tr><td>\n  <strong>25.10.<\/strong>\n  <\/td><td>\n  Orgel 3.0\n  \u2013 Faszination Kathedralorgel &#8211; Konzert im Rahmen der Internationalen\n  Musiktage <br>\n  15 Uhr im Speyerer Dom 30 Minuten Orgelmusik. Christoph Keggenhoff, Orgel\n  <\/td><\/tr><tr><td>\n  <strong>25.10.<\/strong>\n  <\/td><td>\n  18 Uhr Firmung mit\n  Weihbischof Otto Georgens in Ludwigshafen St. Ludwig\n  <\/td><\/tr><tr><td>\n  <strong>26.10.<\/strong>\n  <\/td><td>\n  19.30 Uhr\n  Konzert im Speyerer Dom im Rahmen der Internationalen Musiktage.\n  Petr Eben\n  (1929 \u2013 2007)\n  Hiob \u2013\n  Zyklus in acht Bildern f\u00fcr Sprecher und Orgel\n  Harald\n  Schmidt, Sprecher, Markus Eichenlaub, Orgel\n  <\/td><\/tr><tr><td>\n  <strong>27.10.<\/strong>\n  <\/td><td>\n  10 Uhr Pontifikalamt\n  zum Weltmissionssonntag mit Weihbischof Otto Georgens und Bischof Victor\n  Lyngdoh aus Indien (Predigt) im Speyerer Dom.\n  <\/td><\/tr><tr><td>\n  <strong>27.10.<\/strong>\n  <\/td><td>\n  10.30 Uhr\n  Firmung mit Bischof Dr. Karl-Heinz Wiesemann in Waldfischbach Hl. Johannes\n  XIII.\n  <\/td><\/tr><tr><td>\n  <strong>27.10.<\/strong>\n  <\/td><td>\n  19.30 Uhr\n  Konzert in der Krypta des Speyerer Domes im Rahmen der Internationalen\n  Musiktage. Heinrich Sch\u00fctz (1585 \u2013 1672); Historia der Auferstehung Jesu\n  Christi, SWV 50 Capella Spirensis vocale e instrumentale\n  <\/td><\/tr><tr><td>\n  <strong>29.10.<\/strong>\n  <\/td><td>\n  10 Uhr Spitzengespr\u00e4ch\n  mit der saarl\u00e4ndischen Landesregierung in Saarbr\u00fccken\n  <\/td><\/tr><tr><td>\n  <strong>29.10.<\/strong>\n  <\/td><td>\n  Orgel 3.0\n  \u2013 Faszination Kathedralorgel &#8211; Konzert im Rahmen der Internationalen\n  Musiktage; 15 Uhr im Speyerer Dom 30 Minuten Orgelmusik. Markus Eichenlaub,\n  Orgel\n  <\/td><\/tr><tr><td>\n  <strong>29.10.<\/strong>\n  <\/td><td>\n  19.30 Uhr Dom, Geistliche\n  Chormusik aus Armenien mit dem Geghard-Chor, Armenien &#8211; Konzert im\n  Rahmen der Internationalen Musiktage \n  <\/td><\/tr><tr><td>\n  <strong>30.10.<\/strong>\n  <\/td><td>\n  19.30 Uhr\n  Konzert in der Ged\u00e4chtniskirche in Speyer im Rahmen der Internationalen\n  Musiktage\n  Seven \u2013\n  Sieben klingende Fragmente \u00fcber den Ursprung des Lebens\n  Musik f\u00fcr\n  Orgel und Posaune zwischen Jazz und Tradition\n  Hansj\u00f6rg\n  Fink (Posaune), Elmar Lehnen (Orgel)\n  <\/td><\/tr><tr><td>\n  <strong>31.10.<\/strong>\n  <\/td><td>\n  21 Uhr Klosterkirche St. Magdalena Konzert im Rahmen der Internationalen Musiktage\n  Bach zur Nacht \u2013 Soireekonzert,\n  Paul Strauch-Erb (Violine)\n  20.15 Uhr\n  K\u00fcnstlergespr\u00e4ch im Gro\u00dfen Chorsaal des Hauses der Kirchenmusik \n  21.40 Uhr\n  Ausklang\/Nachklang im Foyer des Hauses der Kirchenmusik mit einem \u201eSpeyerer\n  Gedeck\u201c (Riesling und Laugenbrezel)\n  <\/td><\/tr><\/tbody><\/table>\n\n\n\n<h2 class=\"wp-block-heading\"><strong>Di\u00f6zesanwallfahrt nach Santiago de Compostela beginnt<\/strong><\/h2>\n\n\n\n<h3 class=\"wp-block-heading\"><strong>Erste Pilgerreisegruppe startet am 3. Oktober &#8211; insgesamt 382 Personen nehmen an Di\u00f6zesanwallfahrt des Bistums Speyer teil<\/strong><\/h3>\n\n\n\n<div class=\"wp-block-image\"><figure class=\"aligncenter\"><img decoding=\"async\" loading=\"lazy\" width=\"500\" height=\"747\" src=\"https:\/\/speyer24news.com\/wp-content\/uploads\/2019\/09\/Pilger.jpg\" alt=\"\" class=\"wp-image-19819\" srcset=\"https:\/\/speyer24news.com\/wp-content\/uploads\/2019\/09\/Pilger.jpg 500w, https:\/\/speyer24news.com\/wp-content\/uploads\/2019\/09\/Pilger-201x300.jpg 201w\" sizes=\"(max-width: 500px) 100vw, 500px\" \/><\/figure><\/div>\n\n\n\n<p><strong>Speyer &#8211; <\/strong>Die ersten 274 Pilgerinnen und Pilger machen sich am kommenden  Donnerstag, 3. Oktober, zur Di\u00f6zesanwallfahrt des Bistums Speyer nach  Santiago de Compostela auf den Weg. Weitere 108 Wallfahrerinnen und  Wallfahrer werden am 7. Oktober von Frankfurt aus Richtung Santiago  starten. Insgesamt sind neun Pilgergruppen per Bus, Flugzeug und zu Fu\u00df  auf verschiedenen Routen zu dem spanischen Wallfahrtsort unterwegs.  Bischof Dr. Karl-Heinz Wiesemann begleitet zusammen mit weiteren  Seelsorgern die Reise als Geistlicher Leiter. Organisiert wird die Tour  vom Pilgerb\u00fcro Speyer. Die R\u00fcckkehr der Pilgerinnen und Pilger ist am  11. Oktober oder \u2013 f\u00fcr die Busreisenden \u2013 am 13. Oktober vorgesehen.<\/p>\n\n\n\n<p>\u201eF\u00fcr  viele ist der Pilgerweg zum Grab des heiligen Jakobus mit einer inneren  Sehnsucht verbunden, die kaum zu beschreiben ist. Die steigenden  Pilgerzahlen beweisen jedes Jahr aus Neue: Nach Santiago zu pilgern hat  was\u201c, erkl\u00e4rt Domkapitular Franz Vogelgesang, im Bistum Speyer zust\u00e4ndig  f\u00fcr den Bereich Wallfahrten. \u201eWir freuen uns auf die gemeinsamen  spirituellen Erfahrungen w\u00e4hrend der Reise und am Zielort. Nat\u00fcrlich ist  uns bewusst, dass die Pilgerreise wie jede Reise nicht klimaneutral  m\u00f6glich ist. Wir empfehlen daher allen Flugreisenden eine Kompensation  der CO2-Emissionen durch eine Zahlung an atmosfair. Von Seiten des  Bistums \u00fcbernehmen wir die CO2 Kompensation f\u00fcr alle Begleiterinnen und  Begleiter der Pilgergruppen.\u201c<\/p>\n\n\n\n<div class=\"wp-block-image\"><figure class=\"aligncenter\"><img decoding=\"async\" loading=\"lazy\" width=\"640\" height=\"480\" src=\"https:\/\/speyer24news.com\/wp-content\/uploads\/2019\/09\/IMG_4256.jpg\" alt=\"\" class=\"wp-image-19820\" srcset=\"https:\/\/speyer24news.com\/wp-content\/uploads\/2019\/09\/IMG_4256.jpg 640w, https:\/\/speyer24news.com\/wp-content\/uploads\/2019\/09\/IMG_4256-300x225.jpg 300w, https:\/\/speyer24news.com\/wp-content\/uploads\/2019\/09\/IMG_4256-326x245.jpg 326w, https:\/\/speyer24news.com\/wp-content\/uploads\/2019\/09\/IMG_4256-80x60.jpg 80w\" sizes=\"(max-width: 640px) 100vw, 640px\" \/><\/figure><\/div>\n\n\n\n<p>Trotz\n unterschiedlicher Anreise treffen sich alle neun Gruppen am Ende der \nReise zu einem gemeinsamen Programm. Am 9. Oktober findet f\u00fcr alle \nWallfahrerinnen und Wallfahrer aus dem Bistum eine feierliche \nPilgermesse in der Kirche S. Francisco, denn in der Kathedrale ist die \nFeier von Gottesdiensten zurzeit nicht m\u00f6glich. Zum Programm geh\u00f6rt \nau\u00dferdem eine Fahrt an die K\u00fcste und zum Felsenkap Finisterre sowie zum \nMarienwallfahrstort Muxia am 10. Oktober.<\/p>\n\n\n\n<p>\u00dcber\n den Reiseverlauf und die Erfahrungen der Pilgerinnen und Pilger \nberichtet das Bistum in den sozialen Netzwerken Facebook und Twitter.<\/p>\n\n\n\n<p><strong>Weitere Informationen zu der Reise unter:<\/strong>\u00a0<a rel=\"noreferrer noopener\" href=\"https:\/\/deref-web-02.de\/mail\/client\/NNL_GuTxwaI\/dereferrer\/?redirectUrl=http%3A%2F%2Fwww.pilgerreisen-speyer.de%2F\" target=\"_blank\">www.pilgerreisen-speyer.de<\/a><\/p>\n\n\n\n<p><em>Text: Bistum Speyer Foto: Speyer 24\/7 News, dak<br>27.09.2019<\/em><\/p>\n\n\n\n<h2 class=\"wp-block-heading\"><strong>Bistum Speyer feiert 958. Jahrestag der Domweihe<\/strong><\/h2>\n\n\n\n<h3 class=\"wp-block-heading\"><strong>Pontifikalamt  mit Verleihung der Ehrendomherrenw\u00fcrde an Bischof Philippe Christory  aus Chartres\u00a0 \u2013 Vorstellung der 100-Euro-Goldm\u00fcnze \u201eUNESCO-Welterbe-Dom  zu Speyer\u201c \u2013 Konzert mit Marienmotetten am Vorabend<\/strong><\/h3>\n\n\n\n<div class=\"wp-block-image\"><figure class=\"aligncenter\"><img decoding=\"async\" loading=\"lazy\" width=\"800\" height=\"600\" src=\"https:\/\/speyer24news.com\/wp-content\/uploads\/2019\/09\/IMG_20190920_202028.jpg\" alt=\"\" class=\"wp-image-19818\" srcset=\"https:\/\/speyer24news.com\/wp-content\/uploads\/2019\/09\/IMG_20190920_202028.jpg 800w, https:\/\/speyer24news.com\/wp-content\/uploads\/2019\/09\/IMG_20190920_202028-300x225.jpg 300w, https:\/\/speyer24news.com\/wp-content\/uploads\/2019\/09\/IMG_20190920_202028-768x576.jpg 768w, https:\/\/speyer24news.com\/wp-content\/uploads\/2019\/09\/IMG_20190920_202028-678x509.jpg 678w, https:\/\/speyer24news.com\/wp-content\/uploads\/2019\/09\/IMG_20190920_202028-326x245.jpg 326w, https:\/\/speyer24news.com\/wp-content\/uploads\/2019\/09\/IMG_20190920_202028-80x60.jpg 80w\" sizes=\"(max-width: 800px) 100vw, 800px\" \/><\/figure><\/div>\n\n\n\n<p><strong>Speyer &#8211; <\/strong>Aus Anlass des 958. Jahrestages der Domweihe feiert Bischof Dr.  Karl-Heinz Wiesemann gemeinsam mit Bischof Philippe Christory aus  Chartres, der die Predigt halten wird, am <strong>Sonntag, 6. Oktober<\/strong>, im  Speyerer Dom ein Pontifikalamt. Der festliche Gottesdienst beginnt um 10  Uhr. Im Rahmen des Pontifikalamtes wird Dompropst und Weihbischof Otto  Georgens Bischof Christory die Ehrendomherrenw\u00fcrde der Speyerer  Kathedrale verleihen. Weitere Ehrendomherren sind die fr\u00fcheren Bisch\u00f6fe  von Chartres Michel Pansard, Jacques Perrier und Bernard-Nicolas  Aubertin sowie der ehemalige Generalvikar des Bistums Speyer und jetzige  Bischof von W\u00fcrzburg, Dr. Franz Jung. <\/p>\n\n\n\n<p>Die  musikalische Gestaltung der Messe \u00fcbernimmt die Dommusik Speyer in  Gestalt der Capella Spirensis vocale e instrumentale unter der Leitung  von Domkapellmeister Markus Melchiori. Die Orgel spielt Domorganist  Markus Eichenlaub.<\/p>\n\n\n\n<p>F\u00fcr geladene G\u00e4ste findet  im Anschluss an den Gottesdienst ab ca. 12 Uhr im Kaisersaal die  Vorstellung der 100-Euro-Goldm\u00fcnze \u201eUNESCO-Welterbe-Dom zu Speyer\u201c  statt. Nach der Begr\u00fc\u00dfung durch Weihbischof und Dompropst Otto Georgens  wird die parlamentarische Staatssekret\u00e4rin beim Bundesminister der  Finanzen, Bettina Hagedorn MdB, die M\u00fcnze vorstellen. Mit dieser M\u00fcnze  wird die im Jahr 2003 begonnene Serie zur W\u00fcrdigung von  UNESCO-Welterbest\u00e4tten in Deutschland abgeschlossen. <\/p>\n\n\n\n<p>Ab  16.30 Uhr sind alle Gl\u00e4ubigen zur Pontifikalvesper mit Bischof  Wiesemann in den Dom eingeladen. Die Vesper wird musikalisch vom  Vokalensemble der Dommusik gestaltet.<\/p>\n\n\n\n<p>Aus Anlass  des Domweihfestes findet am Vorabend (5. Oktober) ab 18 Uhr ein Konzert  in der Reihe \u201eCantate Domino\u201c statt. Die Dommusik Speyer l\u00e4dt ein,  Motetten aus dem Umfeld Claudio Monteverdis zu lauschen. Passend zum  Mariendom stehen diese unter dem Titel \u201eO beata Virgine\u201c und sind der  Gottesmutter gewidmet. Der Altus Matthias Lucht und J\u00fcrgen Banholzer an  Cembalo und Orgel bringen Werke von Monteverdi, Barbarino, Rovetta und  Usper zu Geh\u00f6r.<\/p>\n\n\n\n<p><em>Text: Bistum Speyer Foto: Speyer 24\/7 News, dak<br>27.09.2019<\/em><\/p>\n\n\n\n<h2 class=\"wp-block-heading\"><strong>Social Media Guidelines f\u00fcr das Bistum Speyer ver\u00f6ffentlicht<\/strong><\/h2>\n\n\n\n<h3 class=\"wp-block-heading\"><strong>Eine Reihe von Empfehlungen soll Mitarbeiterinnen und Mitarbeitern den Umgang mit Social Media erleichtern<\/strong><\/h3>\n\n\n\n<div class=\"wp-block-image\"><figure class=\"aligncenter\"><img decoding=\"async\" loading=\"lazy\" width=\"500\" height=\"833\" src=\"https:\/\/speyer24news.com\/wp-content\/uploads\/2019\/09\/Social-Media-Guidelines.png\" alt=\"\" class=\"wp-image-19817\" srcset=\"https:\/\/speyer24news.com\/wp-content\/uploads\/2019\/09\/Social-Media-Guidelines.png 500w, https:\/\/speyer24news.com\/wp-content\/uploads\/2019\/09\/Social-Media-Guidelines-180x300.png 180w\" sizes=\"(max-width: 500px) 100vw, 500px\" \/><\/figure><\/div>\n\n\n\n<p><strong>Speyer &#8211; <\/strong>Das Bistum Speyer hat Social Media Guidelines ver\u00f6ffentlicht. \u201eMit den  Guidelines m\u00f6chten wir unsere Mitarbeiterinnen und Mitarbeitern  best\u00e4rken, ihre Identifikation mit dem Bistum im Netz zu leben.  Zahlreiche Mitarbeitende sind bereits in Social Media unterwegs. Wir  m\u00f6chten sie \u00a0gern ermutigen, aus christlicher Sicht Stellung zu  beziehen\u201c, erkl\u00e4rt Generalvikar Andreas Sturm. Die Guidelines sind auch  eine Reaktion auf R\u00fcckmeldungen aus der Mitarbeiterschaft. Der Wunsch  nach einer Orientierungshilfe im digitalen Raum kristallisierte sich in  zweierlei Hinsicht heraus: Einerseits auf der Seite derjenigen, die die  vom Bistums bereitgestellten Angebote bereits aktiv oder passiv nutzen.  Das Bistum Speyer ist auf Facebook, Twitter, Instagram und YouTube  aktiv. Andererseits denkt eine zunehmende Anzahl von Akteuren im Bistum  dar\u00fcber nach, selbst aktiv zu werden.<\/p>\n\n\n\n<p>\u201eDie\n in den Guidelines versammelten Empfehlungen sollen daher einen \nzus\u00e4tzlichen Anreiz bieten, sich mit den sozialen Netzwerken zu \nbesch\u00e4ftigen. Mit den Empfehlungen gehen wir einen weiteren Schritt in \nder Professionalisierung unserer digitalen Kommunikation\u201c, kommentiert \nMarkus Herr, Leiter der Abteilung \u00d6ffentlichkeitsarbeit. So geh\u00f6re es \nbei zahlreichen Organisationen und Unternehmen mittlerweile zur guten \nPraxis, \u00fcber die Chancen und Risiken von Social Media zu informieren. \n\u201eGuidelines sind ein gute M\u00f6glichkeit zur F\u00f6rderung der positiven \nDialogm\u00f6glichkeiten von Social Media\u201c, so das Fazit von Herr.<\/p>\n\n\n\n<p>Die  Social Media Guidelines des Bistums bauen einerseits auf einer Vorlage  der Deutschen Bischofskonferenz auf. Zum anderen basieren sie auf  eigenen Erfahrungen und aktuellen technischen und gesetzlichen  Entwicklungen. Nach intensiver fachlicher Diskussion liegen nun die  finalen Social Media Guidelines vor. Sie sind als Empfehlungen gefasst  und haben daher keinen rechtsverbindlichen Charakter.<\/p>\n\n\n\n<h4 class=\"wp-block-heading\">Lesen sie hier den Flyer zu den Social Media Guidelines als pdf:<\/h4>\n\n\n\n<div class=\"wp-block-file\"><a href=\"https:\/\/speyer24news.com\/wp-content\/uploads\/2019\/09\/Flyer_Social_Media_Guidelines.pdf\">Flyer_Social_Media_Guidelines<\/a><a href=\"https:\/\/speyer24news.com\/wp-content\/uploads\/2019\/09\/Flyer_Social_Media_Guidelines.pdf\" class=\"wp-block-file__button\" download>Herunterladen<\/a><\/div>\n\n\n\n<h4 class=\"wp-block-heading\"><strong>Das Bistum Speyer in den sozialen Netzwerken:<\/strong><\/h4>\n\n\n\n<p><a href=\"https:\/\/deref-web-02.de\/mail\/client\/suyGyQiPadU\/dereferrer\/?redirectUrl=https%3A%2F%2Fwww.facebook.com%2Fdein.Bistum%2F\" target=\"_blank\" rel=\"noreferrer noopener\">Facebook<\/a> <\/p>\n\n\n\n<p><a href=\"https:\/\/deref-web-02.de\/mail\/client\/HhJqI0v4fLY\/dereferrer\/?redirectUrl=https%3A%2F%2Ftwitter.com%2Fbistum_speyer\" target=\"_blank\" rel=\"noreferrer noopener\">Twitter<\/a> <\/p>\n\n\n\n<p><a href=\"https:\/\/deref-web-02.de\/mail\/client\/I6acYINIqpo\/dereferrer\/?redirectUrl=https%3A%2F%2Fwww.instagram.com%2Fbistum.speyer%2F\" target=\"_blank\" rel=\"noreferrer noopener\">Instagram <\/a><\/p>\n\n\n\n<p><a rel=\"noreferrer noopener\" href=\"https:\/\/deref-web-02.de\/mail\/client\/6kY_kbXc6cY\/dereferrer\/?redirectUrl=https%3A%2F%2Fwww.youtube.com%2Fchannel%2FUCic61UfXuy2eYJG9aAe-uHg\" target=\"_blank\">YouTube<\/a> <\/p>\n\n\n\n<p><em>Bistum Speyer<br>27.09.2019<\/em><\/p>\n","protected":false},"excerpt":{"rendered":"<div class=\"mh-excerpt\"><p>Terminkalender des Bistum Speyer im Oktober 2019 3. \u2013 13.10. Di\u00f6zesanwallfahrt mit 382 Pilgerinnen und Pilgern nach Santiago de Compostela. Wallfahrt der Di\u00f6zese Speyer mit Bischof Dr. Karl-Heinz Wiesemann (ab 7.10.) und weiteren geistlichen Begleitern. <a class=\"mh-excerpt-more\" href=\"https:\/\/speyer24news.com\/?p=19815\" title=\"Kirche:\">[&#8230;]<\/a><\/p>\n<\/div>","protected":false},"author":3,"featured_media":16802,"comment_status":"open","ping_status":"open","sticky":false,"template":"","format":"standard","meta":{"_monsterinsights_skip_tracking":false,"_monsterinsights_sitenote_active":false,"_monsterinsights_sitenote_note":"","_monsterinsights_sitenote_category":0,"footnotes":""},"categories":[120],"tags":[3642,174,3638,3641,3640,121,3639,901,3643,3100,3016],"aioseo_notices":[],"amp_enabled":true,"_links":{"self":[{"href":"https:\/\/speyer24news.com\/index.php?rest_route=\/wp\/v2\/posts\/19815"}],"collection":[{"href":"https:\/\/speyer24news.com\/index.php?rest_route=\/wp\/v2\/posts"}],"about":[{"href":"https:\/\/speyer24news.com\/index.php?rest_route=\/wp\/v2\/types\/post"}],"author":[{"embeddable":true,"href":"https:\/\/speyer24news.com\/index.php?rest_route=\/wp\/v2\/users\/3"}],"replies":[{"embeddable":true,"href":"https:\/\/speyer24news.com\/index.php?rest_route=%2Fwp%2Fv2%2Fcomments&post=19815"}],"version-history":[{"count":1,"href":"https:\/\/speyer24news.com\/index.php?rest_route=\/wp\/v2\/posts\/19815\/revisions"}],"predecessor-version":[{"id":19822,"href":"https:\/\/speyer24news.com\/index.php?rest_route=\/wp\/v2\/posts\/19815\/revisions\/19822"}],"wp:featuredmedia":[{"embeddable":true,"href":"https:\/\/speyer24news.com\/index.php?rest_route=\/wp\/v2\/media\/16802"}],"wp:attachment":[{"href":"https:\/\/speyer24news.com\/index.php?rest_route=%2Fwp%2Fv2%2Fmedia&parent=19815"}],"wp:term":[{"taxonomy":"category","embeddable":true,"href":"https:\/\/speyer24news.com\/index.php?rest_route=%2Fwp%2Fv2%2Fcategories&post=19815"},{"taxonomy":"post_tag","embeddable":true,"href":"https:\/\/speyer24news.com\/index.php?rest_route=%2Fwp%2Fv2%2Ftags&post=19815"}],"curies":[{"name":"wp","href":"https:\/\/api.w.org\/{rel}","templated":true}]}}