{"id":19834,"date":"2019-09-27T14:28:14","date_gmt":"2019-09-27T13:28:14","guid":{"rendered":"https:\/\/speyer24news.com\/?p=19834"},"modified":"2019-09-27T14:28:15","modified_gmt":"2019-09-27T13:28:15","slug":"radar-laser-blitzer","status":"publish","type":"post","link":"https:\/\/speyer24news.com\/?p=19834","title":{"rendered":"Radar \/ Laser \/ Blitzer:"},"content":{"rendered":"<style type=\"text\/css\">\r\n\t.ads_top_disp{}\r\n\t.ads_top_corner_disp{ float:left; margin:0px 10px 10px 0px; }\r\n\t.ads_first_p_disp{}\r\n\t.ads_bottom_disp{}\r\n\t<\/style>\n<h2 class=\"wp-block-heading\">Radarkontrollen f\u00fcr die Woche vom 30. September bis 6. Oktober 2019<\/h2>\n\n\n\n<div class=\"wp-block-image\"><figure class=\"aligncenter\"><img decoding=\"async\" src=\"https:\/\/speyer24news.com\/wp-content\/uploads\/2019\/09\/Radarkontrolle_1.jpg\" alt=\"\" class=\"wp-image-19286\"\/><\/figure><\/div>\n\n\n\n<p><strong>(Ludwigshafen) &#8211; <\/strong>Die Stadt Ludwigshafen nimmt in folgenden Stadtteilen Radarkontrollen vor.<\/p>\n\n\n\n<ul><li> Montag, 30. September: Gartenstadt, West und S\u00fcd<\/li><li> Dienstag, 1. Oktober: Oppau, Edigheim und Friesenheim<\/li><li> Mittwoch, 2. Oktober: Ruchheim, Oggersheim und Gartenstadt<\/li><li> Donnerstag, 3. Oktober: Maudach, Mitte und Mundenheim<\/li><li> Freitag, 4. Oktober: Gartenstadt, Friesenheim und Nord<\/li><\/ul>\n\n\n\n<p>Kurzfristige \u00c4nderungen beh\u00e4lt sich der Bereich Stra\u00dfenverkehr vor. Kontrollen k\u00f6nnen auch kurzfristig an anderen Stellen stattfinden.<\/p>\n\n\n\n<p>Stadt Ludwigshafen am Rhein<br>\n27.09.2019<\/p>\n\n\n\n<h2 class=\"wp-block-heading\">Geschwindigkeitskontrollen f\u00fcr die Woche vom 30. September bis 4. Oktober<\/h2>\n\n\n\n<div class=\"wp-block-image\"><figure class=\"aligncenter\"><img decoding=\"async\" src=\"https:\/\/speyer24news.com\/wp-content\/uploads\/2019\/09\/Kontrolle-BaW\u00fc.jpg\" alt=\"\" class=\"wp-image-19285\"\/><\/figure><\/div>\n\n\n\n<p><strong>(Mannheim) &#8211; <\/strong>Die Stadt Mannheim f\u00fchrt vom 30. September bis 4. Oktober in folgenden Stra\u00dfen Radarkontrollen durch:<\/p>\n\n\n\n<ul><li> Grenadierstra\u00dfe (Erich-K\u00e4stner-Schule)<\/li><li> Kronenburgstra\u00dfe<\/li><li> K\u00fclsheimer Stra\u00dfe<\/li><li> L\u00fcderitzstra\u00dfe<\/li><li> Mallaustra\u00dfe<\/li><li> Marianne-Cohn-Stra\u00dfe<\/li><li> Mudauer Ring<\/li><li> Mutterstadter Platz (Rheinauschule)<\/li><li> Rheinauer Ring<\/li><li> Rohrhofer Stra\u00dfe<\/li><li> R\u00f6merstra\u00dfe (Wallstadtschule)<\/li><li> Storchenstra\u00dfe<\/li><li> Wachenburgstra\u00dfe<\/li><li> Wilhelm-Peters-Stra\u00dfe (Gerhard-Hauptmann-Schule)<\/li><li> Winterstra\u00dfe (Pfingstbergschule)<\/li><li> Zum Herrenried (K\u00e4the-Kollwitz-Schule)<\/li><\/ul>\n\n\n\n<p>Kurzfristige \u00c4nderungen oder zus\u00e4tzliche Messstellen sind aus aktuellem Anlass m\u00f6glich.<\/p>\n\n\n\n<p><em>Stadt Mannheim<br>27.09.2019<\/em><\/p>\n","protected":false},"excerpt":{"rendered":"<div class=\"mh-excerpt\"><p>Radarkontrollen f\u00fcr die Woche vom 30. September bis 6. Oktober 2019 (Ludwigshafen) &#8211; Die Stadt Ludwigshafen nimmt in folgenden Stadtteilen Radarkontrollen vor. Montag, 30. September: Gartenstadt, West und S\u00fcd Dienstag, 1. Oktober: Oppau, Edigheim und <a class=\"mh-excerpt-more\" href=\"https:\/\/speyer24news.com\/?p=19834\" title=\"Radar \/ Laser \/ Blitzer:\">[&#8230;]<\/a><\/p>\n<\/div>","protected":false},"author":3,"featured_media":0,"comment_status":"open","ping_status":"open","sticky":false,"template":"","format":"standard","meta":{"_monsterinsights_skip_tracking":false,"_monsterinsights_sitenote_active":false,"_monsterinsights_sitenote_note":"","_monsterinsights_sitenote_category":0,"footnotes":""},"categories":[64],"tags":[18,19,947,28,779,153,56,227,17,949,1310,948],"aioseo_notices":[],"amp_enabled":true,"_links":{"self":[{"href":"https:\/\/speyer24news.com\/index.php?rest_route=\/wp\/v2\/posts\/19834"}],"collection":[{"href":"https:\/\/speyer24news.com\/index.php?rest_route=\/wp\/v2\/posts"}],"about":[{"href":"https:\/\/speyer24news.com\/index.php?rest_route=\/wp\/v2\/types\/post"}],"author":[{"embeddable":true,"href":"https:\/\/speyer24news.com\/index.php?rest_route=\/wp\/v2\/users\/3"}],"replies":[{"embeddable":true,"href":"https:\/\/speyer24news.com\/index.php?rest_route=%2Fwp%2Fv2%2Fcomments&post=19834"}],"version-history":[{"count":1,"href":"https:\/\/speyer24news.com\/index.php?rest_route=\/wp\/v2\/posts\/19834\/revisions"}],"predecessor-version":[{"id":19835,"href":"https:\/\/speyer24news.com\/index.php?rest_route=\/wp\/v2\/posts\/19834\/revisions\/19835"}],"wp:attachment":[{"href":"https:\/\/speyer24news.com\/index.php?rest_route=%2Fwp%2Fv2%2Fmedia&parent=19834"}],"wp:term":[{"taxonomy":"category","embeddable":true,"href":"https:\/\/speyer24news.com\/index.php?rest_route=%2Fwp%2Fv2%2Fcategories&post=19834"},{"taxonomy":"post_tag","embeddable":true,"href":"https:\/\/speyer24news.com\/index.php?rest_route=%2Fwp%2Fv2%2Ftags&post=19834"}],"curies":[{"name":"wp","href":"https:\/\/api.w.org\/{rel}","templated":true}]}}