{"id":19841,"date":"2019-09-29T08:31:29","date_gmt":"2019-09-29T07:31:29","guid":{"rendered":"https:\/\/speyer24news.com\/?p=19841"},"modified":"2019-09-29T08:31:31","modified_gmt":"2019-09-29T07:31:31","slug":"polizei-79","status":"publish","type":"post","link":"https:\/\/speyer24news.com\/?p=19841","title":{"rendered":"Polizei:"},"content":{"rendered":"<style type=\"text\/css\">\r\n\t.ads_top_disp{}\r\n\t.ads_top_corner_disp{ float:left; margin:0px 10px 10px 0px; }\r\n\t.ads_first_p_disp{}\r\n\t.ads_bottom_disp{}\r\n\t<\/style>\n<h2 class=\"wp-block-heading\">Polizeimeldungen vom Samstag (28.09.2019)<\/h2>\n\n\n\n<div class=\"wp-block-image\"><figure class=\"aligncenter\"><img decoding=\"async\" src=\"https:\/\/speyer24news.com\/wp-content\/uploads\/2019\/09\/Aktuelles-Polizeilogo-1.jpg\" alt=\"\" class=\"wp-image-19009\"\/><\/figure><\/div>\n\n\n\n<h4 class=\"wp-block-heading\">(Dudenhofen) &#8211; Einbr\u00fcche in zwei benachbarte Einfamilienh\u00e4user<\/h4>\n\n\n\n<p>In zwei benachbarte Einfamilienh\u00e4user  in der Mozartstra\u00dfe wurde am Freitagabend durch Aufhebeln von Erdgescho\u00dffenstern im  r\u00fcckw\u00e4rtigen Bereich eingebrochen. In beiden H\u00e4usern wurden in allen  Stockwerken die Schrankt\u00fcren und Schubladen ge\u00f6ffnet und nach  Wertgegenst\u00e4nde durchsucht. Die T\u00e4ter hatten offenbar nur Interesse an  Bargeld und Schmuck. Wer in den Nachmittag- und Abendstunden in diesem  Bereich verd\u00e4chtige Personen oder Fahrzeuge wahrgenommen hat, m\u00f6chte  sich bitte mit der Polizei Speyer unter der Tel.-Nr. 06232\/1370 oder per  Mail <a href=\"mailto:pispeyer@polizei.rlp.de\">pispeyer@polizei.rlp.de<\/a> in Verbindung setzen. <\/p>\n\n\n\n<h4 class=\"wp-block-heading\">(Landau-Offenbach \/ Queich) &#8211; Ohne F\u00fchrerschein in Unfall verwickelt<\/h4>\n\n\n\n<p>Am 27.9.19, gegen 21:15 Uhr, verletzte sich ein 15-j\u00e4hriger  Rollerfahrer sowie sein gleichaltriger Sozius bei einem Verkehrsunfall  auf der Essinger Stra\u00dfe in Offenbach\/Queich. Beim \u00dcberholvorgang \u00fcbersah  der Rollerfahrer aus der Verbandsgemeinde Offenbach den bereits  bet\u00e4tigten Fahrrichtungsanzeiger des vor ihm befindlichen PKW-Fahrers.  Beim Linksabbiegen kam es zum Zusammensto\u00df zwischen Roller und PKW,  woraufhin der Rollerfahrer samt Mitfahrer st\u00fcrzten. Im Verlauf der  Unfallaufnahme konnte festgestellt werden, dass der unfallbeteiligte  Roller als Kleinkraftrad zugelassen ist. Weil der Fahrer des genannten  Zweirads nur im Besitz einer Mofa-Pr\u00fcfbescheinigung ist, muss dieser  sich zus\u00e4tzlich in einem Strafverfahren wegen Fahrens ohne Fahrerlaubnis  verantworten. Rollerfahrer und Mitfahrer wurden mit leichten  Verletzungen durch den Rettungsdienst in ein Krankenhaus verbracht. Beim  Unfall entstand ein Sachschaden von ca. 4000 Euro. <\/p>\n\n\n\n<h4 class=\"wp-block-heading\">(Gr\u00fcnstadt) &#8211; Verkehrsunfall mit vier leichtverletzten Personen<\/h4>\n\n\n\n<p>Am 28.09.2019 gegen 15:35 Uhr kam es in der Kirchheimer Stra\u00dfe in  Gr\u00fcnstadt zu einem Verkehrsunfall bei dem vier Personen leicht verletzt  wurden. Eine Fahrzeugf\u00fchrerin befuhr die Kirchheimer Stra\u00dfe in Richtung  Stadtmitte und wollte nach links auf das Gel\u00e4nde einer Tankstelle  abbiegen. Hierbei \u00fcbersah sie einen entgegenkommenden Pkw und  kollidierte frontal mit diesem. Durch den Zusammensto\u00df wurden vier  Insassen des entgegenkommenden Fahrzeugs leicht verletzt und durch den  Rettungsdienst zur weiteren Abkl\u00e4rung in ein Krankenhaus verbracht. Die  unfallbeteiligten Fahrzeuge waren nicht mehr fahrbereit und mussten  abgeschleppt werden. Die Schadensh\u00f6he wird insgesamt auf ca. 9000EUR  gesch\u00e4tzt. F\u00fcr die Dauer der Unfallaufnahme war die Kirchheimer Stra\u00dfe  ca. eine halbe Stunde gesperrt. <\/p>\n\n\n\n<h4 class=\"wp-block-heading\">(Lambsheim) &#8211; Enkeltrickbetrug<\/h4>\n\n\n\n<p>Am 27.09.2019 gegen 12:10 Uhr wird die 86-j\u00e4hrige Gesch\u00e4digte  telefonisch von einer weiblichen Person kontaktiert. Diese meldet sich  mit den Worten &#8222;Kennst du mich nicht!?Ich bin deine Enkelin.&#8220; Die  Anruferin heuchelt im weiteren Verlauf eine Geldnot vor und teilte der  Gesch\u00e4digten mit, nun umgehend von ihr Bargeld zu ben\u00f6tigen. Die \u00e4ltere  Dame bemerkte den Schwindel und konnte die Anruferin als Betr\u00fcgerin  enttarnen. Somit kam es zu keiner Geld\u00fcbergabe. <\/p>\n\n\n\n<p>Der Betrug scheiterte aufgrund der Besonnenheit und Geistesgegenw\u00e4rtigkeit der \u00e4lteren Dame. <\/p>\n\n\n\n<p>Immer\n wieder t\u00e4uschen Betr\u00fcger eine vermeintliche Familienangeh\u00f6rigkeit und \nmeist eine damit verbundene finanzielle Notlage vor. So erschleichen sie\n sich das Vertrauen der ahnungslosen Angerufenen und nutzen deren \nGutgl\u00e4ubigkeit und Hilfsbereitschaft gnadenlos aus. Lassen Sie sich \nnicht t\u00e4uschen und seien Sie misstrauisch. Wenn Ihnen ein Anruf seltsam \nerscheint rufen Sie uns an. Wir sind unter der 110 oder der 06233 3130 \nf\u00fcr Sie da. <\/p>\n\n\n\n<p>Wir wollen, dass Sie sicher Leben &#8211; Ihre Polizei Frankenthal. <\/p>\n\n\n\n<h4 class=\"wp-block-heading\">(Frankenthal) &#8211; Fahren ohne Fahrerlaubnis<\/h4>\n\n\n\n<p>Am Freitag den 27.09.2019 gegen 21:15 Uhr f\u00e4llt einer aufmerksamen  Streifenwagenbesatzung ein 16-j\u00e4hriger Jugendlicher auf einem  unbeleuchteten Roller auf. Dieser wird im Stadtgebiet einer allgemeinen  Verkehrskontrolle unterzogen. Auf Verlangen kann der Jugendliche den  Beamten keine g\u00fcltige Fahrerlaubnis vorzeigen. Gegen den Jugendlichen  wird nun wegen Fahren ohne Fahrerlaubnis ermittelt. <\/p>\n\n\n\n<h4 class=\"wp-block-heading\">(Frankenthal) &#8211; Verkehrsunfall mit Personenschaden<\/h4>\n\n\n\n<p>Am Freitag den 27.09.2019 gegen 13:19 Uhr bef\u00e4hrt ein 12-j\u00e4hriger  Frankenthaler mit seinem Fahrrad den Fahrradweg der Mahlastra\u00dfe in  Fahrtrichtung Studernheim. In H\u00f6he der Einm\u00fcndung Mahlastra\u00dfe\/Auffahrt  B9 kommt es zu einer Kollision zwischen dem Fahrradfahrer und einem PKW.  <\/p>\n\n\n\n<p>Im Zuge der Ermittlungen wird als Ursache des Verkehrsunfalls  festgestellt, dass der Fahrradfahrer die Vorfahrt des PKW-Fahrers  missachtet hat. In Folge des Sturzes wird der Fahrradfahrer leicht  verletzt und in die BGU nach Ludwigshafen verbracht. Am PKW entsteht ein  Sachschaden von gesch\u00e4tzten 500 EUR. <\/p>\n\n\n\n<h4 class=\"wp-block-heading\">(Frankenthal) &#8211; Verkehrsunfallflucht mit Personenschaden<\/h4>\n\n\n\n<p>Am Freitag den 27.09.2019 gegen 07:45 Uhr kommt es im Innenstadtbereich  zu einem Verkehrsunfall zwischen fahrradfahrendem Kind und PKW-Fahrer.  Das 11-j\u00e4hrige Kind f\u00e4hrt mit dem Fahrrad \u00fcber einen Fu\u00dfg\u00e4nger\u00fcberweg.  Der PKW Fahrer touchiert beim Abbiegen das Kind, welches aufgrund der  Kollision st\u00fcrzt und sich leicht am Fu\u00df verletzt. <\/p>\n\n\n\n<p>Der Unfallverursacher setzt seine Fahrt fort, ohne sich um das Kind zu k\u00fcmmern. <\/p>\n\n\n\n<p>Eine\n Streifenwagenbesatzung nimmt umgehend die Ermittlungen auf und k\u00f6nnen \nden Unfallverursacher feststellen. Gegen diesen wird nun wegen \nfahrl\u00e4ssiger K\u00f6rperverletzung und unerlaubten Entfernen vom Unfallort \nermittelt. <\/p>\n\n\n\n<p>Die Polizei weist darauf hin, dass Unerlaubtes \nEntfernen vom Unfallort kein Kavaliersdelikt ist! Der fl\u00fcchtige Fahrer \nmuss mit einer Geld- oder Freiheitsstrafe bis zu 3 Jahren und evtl. mit \neinem F\u00fchrerscheinentzug rechnen. Au\u00dferdem kann der Fl\u00fcchtige den \nKaskoschutz seiner Kfz-Versicherung verlieren und von seiner \nVersicherung an der Begleichung des Fremdschadens beteiligt werden. Die \nPolizei r\u00e4t deshalb jeden Unfall zu melden. <\/p>\n\n\n\n<p>Wir wollen, dass Sie sicher Leben &#8211; ihre Polizei Frankenthal. <\/p>\n\n\n\n<h4 class=\"wp-block-heading\">(Ludwigshafen) &#8211; Verdacht der Brandstiftung<\/h4>\n\n\n\n<p>In der Freitagnacht, kurz vor Mitternacht, wurde der Feuerwehr  Ludwigshafen ein starke Rauchentwicklung im Bereich des Hotels Excelsior  gemeldet. Durch die Feuerwehr und die Polizei wurde festgestellt, dass  der Rauch aus einem leerstehenden B\u00fcrogeb\u00e4ude kam. Der Brand hatte sich  vom Erdgeschoss \u00fcber die Zwischendecke in weitere R\u00e4ume des Geb\u00e4udes  ausgebreitet. Die Feuerwehr Ludwigshafen l\u00f6schte den Brand. Es konnte  ermittelt werden, dass bislang unbekannte T\u00e4ter vermutlich Unrat in  Brand gesetzt hatten. Neben starken Verru\u00dfungen der Decke und W\u00e4nde  wurde auch die D\u00e4mmung der Zwischendecke in Mitleidenschaft gezogen.  Ersten Sch\u00e4tzungen zufolge d\u00fcrfte sich der Schaden auf ca. 10.000 EUR  belaufen. Personen wurden nicht verletzt. Die Polizei Ludwigshafen hat  die Ermittlungen wegen Verdachts der Brandstiftung aufgenommen.<\/p>\n\n\n\n<h4 class=\"wp-block-heading\">(Ludwigshafen) &#8211; Verkehrsunfall mit leichtverletzter Person<\/h4>\n\n\n\n<p>In Folge nicht angepasster Geschwindigkeit kam am Freitagnachmittag,  27.09.2019, gegen 16:45 Uhr die 58-j\u00e4hrige Fahrerin eines PKW auf dem  Beschleunigungsstreifen der B44 aus Richtung &#8222;W\u00f6llner-Kreisel&#8220; kommend  von der Fahrbahn ab und kollidierte mit der vor Ort befindlichen  L\u00e4rmschutzwand. In der Folge des Zusammensto\u00dfes drehte sich der PKW und  kam entgegengesetzt zur Fahrtrichtung zum Stehen. Die 58-J\u00e4hrige  verletzte sich hierbei leicht. Dar\u00fcber hinaus entstand Sachschaden in  H\u00f6he von ca. 4000 Euro. <\/p>\n\n\n\n<h4 class=\"wp-block-heading\">(Ludwigshafen) &#8211; Unfall bei regennasser Fahrbahn<\/h4>\n\n\n\n<p>Am 27.09.2019, gegen 14:20 Uhr kam es im Bereich der Wollstra\u00dfe zu  einem Verkehrsunfall. Ein Pkw-Fahrer verlor im Kurvenbereich auf  regennasser Fahrbahn und \u00fcberh\u00f6hter Geschwindigkeit die Kontrolle \u00fcber  sein Fahrzeug und landete im Stra\u00dfengraben. Es wurden zwei Leitpfosten  besch\u00e4digt und das Fahrzeug musste abgeschleppt werden. Der Fahrer blieb  unverletzt. Die Polizei Ludwigshafen 2 bitte die Fahrzeugf\u00fchrer zu  erh\u00f6hter Vorsicht bei nassen Fahrbahnen, vor allem in der Herbstzeit. <\/p>\n\n\n\n<h4 class=\"wp-block-heading\">(Ludwigshafen) &#8211; Versuchte r\u00e4uberische Erpressung<\/h4>\n\n\n\n<p>Zwei  14- und 15-j\u00e4hrige Jugendliche wurden am Freitagnachmittag,  27.09.2019, gegen 14:00 Uhr Opfer einer versuchten r\u00e4uberischen  Erpressung in der Rathauspassage Ludwigshafen, hier an der unterirdisch  gelegenen Stra\u00dfenbahnhaltestelle im Bereich der Rolltreppen. Nachdem die  beiden durch zwei unbekannte Jugendliche aus einer Gruppe heraus  zun\u00e4chst nach Bargeld befragt wurden, packte einer der T\u00e4ter die beiden  14- und 15-J\u00e4hrigen von hinten an deren Nacken und versetzte in der  weiteren Folge, seiner Forderung um Herausgabe von Bargeld Nachdruck  verleihend, dem 15-J\u00e4hrigen einen Kopfsto\u00df. Zur Herausgabe oder gar  Entwendung von Bargeld kam es nicht. <\/p>\n\n\n\n<p>Sachdienliche Hinweise bitte an die Polizeiinspektion 1 unter der Telefonnummer 0621 963-2122 oder per E-Mail <a href=\"mailto:piludwigshafen1@polizei.rlp.de\">piludwigshafen1@polizei.rlp.de<\/a>. <\/p>\n\n\n\n<h4 class=\"wp-block-heading\">(Ludwigshafen) &#8211; Lkw-Fahrer mit abgelaufenem F\u00fchrerschein<\/h4>\n\n\n\n<p>Am 26.09.2019, gegen 15 Uhr fiel dem Werkschutz der BASF ein Lkw-Fahrer  mit abgelaufenem F\u00fchrerschein auf. Polizeibeamte konnten dies vor Ort  best\u00e4tigen. Gegen den Fahrer wurde ein Verfahren wegen Fahrens ohne  Fahrerlaubnis eingeleitet. Die Polizeiinspektion Ludwigshafen 2 bittet  alle Lkw-Fahrer zu regelm\u00e4\u00dfigen Kontrollen ihres F\u00fchrerscheines. <\/p>\n\n\n\n<h4 class=\"wp-block-heading\">(Heidelberg-Neuenheim) &#8211; 23-j\u00e4hriger Mann betrunken mit E-Scooter unterwegs.<\/h4>\n\n\n\n<p>Am fr\u00fchen Samstagmorgen war im Stadtteil Neuenheim ein 23-j\u00e4hriger Mann  mit einem E-Scooter unterwegs, obwohl er deutlich unter Alkoholeinfluss  stand. Der Mann fiel einer Polizeistreife gegen 1.30 Uhr in der  Handschuhsheimer Landstra\u00dfe auf, als er mit dem Scooter in Richtung  Handschuhsheim fuhr. Bei der Kontrolle bemerkten die Beamten sofort  Alkoholgeruch im Atem des 23-J\u00e4hrigen. Ein Alkoholtest ergab einen Wert  von \u00fcber 1,1 Promille. Ihm wurde daraufhin eine Blutprobe entnommen.  Gegen ihn wird nun wegen Trunkenheit im Stra\u00dfenverkehr ermittelt. Sein  F\u00fchrerschein wurde einbehalten. <\/p>\n\n\n\n<p>In diesem Zusammenhang weist die  Polizei nochmals darauf hin, dass es sich bei den sogenannten E-Scootern  um Kraftfahrzeuge handelt und somit die Alkoholgrenzwerte f\u00fcr  Autofahrer gelten. Auch ist bei Verst\u00f6\u00dfen mit den gleichen Konsequenzen,  wie Entzug der Fahrerlaubnis, zu rechnen. <\/p>\n\n\n\n<h4 class=\"wp-block-heading\">(Heidelberg-Bergheim) &#8211; Geparktes Fahrzeug besch\u00e4digt und abgehauen \/ Zeugen gesucht<\/h4>\n\n\n\n<p>Ein unbekannter Autofahrer besch\u00e4digte am Freitagabend im Stadtteil  Bergheim einen geparkten Ford Mondeo und fl\u00fcchtete anschlie\u00dfend von der  Unfallstelle. In der Zeit zwischen 18.45 Uhr und 23.15 Uhr besch\u00e4digte  der Unbekannte, das auf einem Parkplatz eines Bowling-Centers in der  Bergheimer Stra\u00dfe abgestellte Fahrzeug. Anschlie\u00dfend fuhr er einfach  davon. An dem Ford entstand Sachschaden in H\u00f6he von rund 4.000 Euro. <\/p>\n\n\n\n<p>Zeugen,  die auf den Unfall aufmerksam geworden waren und sachdienliche Hinweise  zum Verursacher geben k\u00f6nnen, werden gebeten, sich beim Polizeirevier  Heidelberg-Mitte, Tel.: 06221\/99-1700 zu melden. <\/p>\n\n\n\n<h4 class=\"wp-block-heading\">(Heidelberg-Schlierbach) &#8211; Jugendliche randalieren auf Schulgel\u00e4nde<\/h4>\n\n\n\n<p>Am Freitagabend meldeten Zeugen, dass auf dem Gel\u00e4nde einer Schule im  Stadtteil Schlierbach mehrere Jugendliche randalieren w\u00fcrden. Kurz vor  Mitternacht nahm ein Zeuge ein lautes Klirren, ausgehend von der Gel\u00e4nde  der Grundschule in der Schlierbacher Landstra\u00dfe, wahr. Beim Betreten  des Schulanwesens konnte er eine Gruppe Jugendlicher beobachten, die mit  kleinen Glasflaschen auf die Glas-Schutzscheiben des \u00fcberdachten  Schulhofbereichs warfen. Dabei ging zumindest eine Glasscheibe zu Bruch.  Anschlie\u00dfend fl\u00fcchtete die Gruppe in Richtung einer nahegelegenen  S-Bahn-Haltestelle. Dort konnten sie von verst\u00e4ndigten Polizeibeamten  festgestellt und kontrolliert werden. Durch den Zeugen konnten die  Jugendlichen, die weitere Fl\u00e4schchen bei sich f\u00fchrten, als die  Randalierer auf den Schulhof identifiziert werden. <\/p>\n\n\n\n<p>Gegen die sieben Jugendlichen im Alter zwischen 16 und 19 Jahren wird nun wegen Sachbesch\u00e4digung ermittelt. <\/p>\n\n\n\n<h4 class=\"wp-block-heading\">(Heidelberg \/ Dossenheim \/ Neulu\u00dfheim) &#8211; Betr\u00fcgerische Anrufer versuchen an das Bargeld betagter Senioren zu gelangen<\/h4>\n\n\n\n<p>Eine 80-j\u00e4hrige Dame erschien am Freitagmorgen, gegen 9.30 Uhr in  Filiale eines Geldinstituts im Stadtteil Kirchheim und wollte einen  f\u00fcnfstelligen Bargeldbetrag abheben. Die anwesende Mitarbeiterin lehnte  dies jedoch geistesgegenw\u00e4rtig ab und verst\u00e4ndigte die Polizei. Die  Seniorin beharrte jedoch auf der Auszahlung eines zumindest  vierstelligen Betrages, um eine \u00dcberweisung zwecks einer  Gewinnauszahlung t\u00e4tigen zu k\u00f6nnen. Sie habe zuvor einen Anruf erhalten,  dass sie in K\u00fcrze von einem Taxifahrer abgeholt werde. Dieser  Taxifahrer erschien kurz nach 10 Uhr tats\u00e4chlich an der Wohnung der Dame  und brachte diese zur Bank. Der noch wartende Taxifahrer gab an, er  habe den Auftrag, die Seniorin zu Hause abzuholen, von seiner Zentrale  bekommen. Wer den Auftrag erteilt hatte, muss noch ermittelt werden. <\/p>\n\n\n\n<p>Das\n ausgezahlte Bargeld der 80-J\u00e4hrigen sowie die Bankkarten wurden \nvorsorglich in Verwahrung genommen, nachdem bekannt worden war, dass \ndiese in den zur\u00fcckliegenden Wochen mehrmals hohe Bargeldbetr\u00e4ge an \nunbekannte Empf\u00e4nger \u00fcberwiesen hatte. <\/p>\n\n\n\n<p>Die Ermittlungen dauern an. <\/p>\n\n\n\n<p>Im\n gleichen Zeitraum erhielten weitere betagte Menschen in Heidelberg, \nEppelheim, Dossenheim, Altlu\u00dfheim und Neulu\u00dfheim Anrufer von \nUnbekannten, die sich entweder als entfernte Verwandte oder auch \nPolizeibeamte ausgaben und an die Ersparnisse der Angerufenen gelangen \nwollten. <\/p>\n\n\n\n<p><strong><em>In diesem Zusammenhang weist die Polizei nochmals eindringlich auf folgendes hin: <\/em><\/strong><\/p>\n\n\n\n<ul><li>Lassen Sie sich am Telefon nicht unter Druck setzen. Legen Sie den H\u00f6rer auf. So werden Sie Betr\u00fcger los. <\/li><li>Werden Sie misstrauisch bei Forderungen nach schnellen       Entscheidungen, Kontaktaufnahme mit Fremden sowie Herausgabe von      pers\u00f6nlichen Daten, Bargeld, Schmuck oder Wertgegenst\u00e4nden. <\/li><li>W\u00e4hlen Sie die 110 und teilen Sie den Sachverhalt mit. Benutzen Sie nicht die R\u00fcckruftaste, da Sie sonst wieder bei den T\u00e4tern landen. <\/li><li>Sprechen Sie am Telefon nicht \u00fcber Ihre pers\u00f6nlichen und finanziellen Verh\u00e4ltnisse. <\/li><li>Beraten Sie sich mit Ihrer Familie oder Personen, denen Sie vertrauen. <\/li><\/ul>\n\n\n\n<p>Weitere Informationen und Pr\u00e4ventionstipps finden Sie unter <a rel=\"noreferrer noopener\" target=\"_blank\" href=\"http:\/\/www.polizei-beratung.de\">www.polizei-beratung.de<\/a><\/p>\n\n\n\n<h4 class=\"wp-block-heading\">(Schwetzingen \/ Rhein-Neckar-Kreis) &#8211; Drei Verletzte nach Frontalzusammensto\u00df zweier Pkw<\/h4>\n\n\n\n<p>Am Freitag, gegen 18.10 Uhr, fuhr ein 32-J\u00e4hriger mit seinem Mercedes  auf der S\u00fcdtangente in Richtung Odenwaldring. Im Eisenbahntunnel fuhr er  aus bislang unbekannter Ursache an den rechten Bordstein und wurde nach  links auf die Gegenfahrbahn abgewiesen. Dort stie\u00df er mit einem  entgegenkommenden Ford Fiesta frontal zusammen. Im Ford wurden die  40-j\u00e4hrige Fahrerin, sowie die 11-j\u00e4hrige Beifahrerin verletzt. Beide  wurden vorsorglich in ein Krankenhaus eingeliefert. Der  Unfallverursacher wurde leicht verletzt. Beide Fahrzeuge mussten  abgeschleppt werden. Der Sachschaden wird auf rund 7.000 Euro gesch\u00e4tzt.  Am Unfallort war die Freiwillige Feuerwehr Schwetzingen mit vier  Fahrzeugen eingesetzt. Aufgrund ausgelaufener Betriebsstoffe war die  S\u00fcdtangente bis 20.30 Uhr voll gesperrt. Der Verkehr wurde \u00f6rtlich  umgeleitet. <\/p>\n\n\n\n<h4 class=\"wp-block-heading\">(Schwetzingen \/ A 6 \/ Rhein-Neckar-Kreis) &#8211; Beim Auffahren auf die Autobahn mit Lastwagen zusammengesto\u00dfen<\/h4>\n\n\n\n<p>Am Freitagnachmittag kam es an der Anschlussstelle Schwetzingen von der  B535 auf die A6 in Richtung Mannheim zu einem Verkehrsunfall, bei dem  ein Pkw und ein Sattelzug beteiligt waren. Ein 43-j\u00e4hriger Mann wollte  gegen 14 Uhr an der Anschlussstelle Schwetzingen mit seinem Honda auf  die A6 auffahren. Beim Wechsel vom Beschleunigungsstreifen auf die  Autobahn \u00fcbersah er den von hinten herannahenden Sattelzug eines  62-J\u00e4hrigen. Dieser konnte den Zusammenprall nicht mehr verhindern. Bei  dem Zusammensto\u00df drehte sich der Honda quer vor die Zugmaschine und  wurde mehrere Meter davor hergeschoben. Erst als der Sattelzugfahrer  eine Vollbremsung durchf\u00fchrte, l\u00f6ste sich das Auto wieder und  schleuderte quer \u00fcber alle Fahrstreifen nach links und blieb schlie\u00dflich  entgegen der urspr\u00fcnglichen Fahrtrichtung auf der linken Fahrspur  stehen. Die Beifahrerin im Honda erlitt leichte Verletzungen und wurde  zur ambulanten Behandlung in ein Krankenhaus eingeliefert. Der Honda war  nicht mehr fahrbereit und musste abgeschleppt werden. Die H\u00f6he des  Sachschadens l\u00e4sst sich noch nicht beziffern. <\/p>\n\n\n\n<p>Es bildete sich ein R\u00fcckstau von bis zu 5 Kilometern L\u00e4nge. <\/p>\n\n\n\n<p>W\u00e4hrend  der Unfallaufnahme wurde der Staubereich hinsichtlich der Einhaltung  der Rettungsgasse sowie fotografierender Gaffer \u00fcberwacht. Festgestellte  Verst\u00f6\u00dfe werden konsequent geahndet. <\/p>\n\n\n\n<h4 class=\"wp-block-heading\">(St. Leon-Rot \/ A 6 \/ Rhein-Neckar-Kreis) &#8211; Unbekannter verursacht Unfall und haut ab \/ Polizei sucht Zeugen<\/h4>\n\n\n\n<p>Einen Verkehrsunfall verursachte am Freitagmorgen ein r\u00fccksichtsloser  Autofahrer auf der A 6 bei St. Leon-Rot. Der Unbekannte war gegen 8.20  Uhr auf der A 6 in Richtung Heilbronn unterwegs. Da Stau herrschte,  wechselte der unbekannte Mann mit seinem Fahrzeug auf den Standstreifen,  um an den stehenden Fahrzeugen vorbeizufahren und schneller  vorw\u00e4rtszukommen. W\u00e4hrend der Fahrt auf dem Standstreifen stie\u00df er gegen  den Sattelauflieger eines 46-j\u00e4hrigen Lastwagenfahrers. Dieser stieg  aus, stellte den Unbekannten zur Rede und schlug vor, die Sache auf dem  n\u00e4chsten Parkplatz zu regeln. Der unbekannte Autofahrer entgegnete nur,  er habe einen dringenden Gerichtstermin, setzte sich wieder in sein  Fahrzeug und fuhr einfach davon. Der Sattelzugfahrer konnte sich noch  das Kennzeichen vom BMW des Unfallverursachers notieren. Die  Ermittlungen des Verkehrskommissariats Walldorf dauern an. <\/p>\n\n\n\n<p>Zeugen,  die sachdienliche Hinweise geben k\u00f6nnen, werden gebeten sich an das  Verkehrskommissariat Walldorf, Tel.: 06227-35826-0 zu wenden. <\/p>\n\n\n\n<h4 class=\"wp-block-heading\">(Dielheim \/ Rhein-Neckar-Kreis) &#8211; Gasverpuffung auf Kerwe<\/h4>\n\n\n\n<p>Am Samstagabend kurz vor halb acht, gab es einen lauten Knall mit  Stichflammen am Langos-Stand auf der Dielheimer Kerwe, bei dem zum Gl\u00fcck  niemand schwerer verletzt wurde. Urs\u00e4chlich f\u00fcr dieses Ereignis war  wohl der Schlauch einer Gasflasche, der sich pl\u00f6tzlich l\u00f6ste, Gas  ausstr\u00f6mte und sich kurz ger\u00e4uschvoll entflammte. Hierbei wurde eine  Bedienstete des Standes an der Hand verletzt und zur Untersuchung in ein  Krankenhaus verbracht. Das Lagos-Zelt wurde besch\u00e4digt. Die Flammen  waren beim Eintreffen der Rettungskr\u00e4fte bereits erloschen. Wie es zu  der Fehlfunktion kam, ist unbekannt. Nach der Behebung der Sch\u00e4den und  dem Verdauen des Schocks, konnte auf der Kerwe fr\u00f6hlich weitergefeiert  werden. <\/p>\n\n\n\n<h4 class=\"wp-block-heading\">(Eberbach \/ Rhein-Neckar-Kreis) &#8211; Unbekannter BMW-Fahrer ger\u00e4t in den Gegenverkehr und verursacht Unfall \/ Verursacher fl\u00fcchtig &#8211; Polizei  sucht Zeugen<\/h4>\n\n\n\n<p>Ein unbekannter BMW-Fahrer verursachte am Freitagnachmittag auf der B  37 zwischen Lindach und Zwingenberg einen Verkehrsunfall und entfernte  sich anschlie\u00dfend von der Unfallstelle. Ein 62-j\u00e4hriger Mann war gegen  16 Uhr mit seinem Lastwagen auf der B37 in Richtung Zwingenberg  unterwegs. Kurz vor der Kreisgrenze kommt ihm auf seiner Fahrspur ein  BMW entgegen. Der 62-J\u00e4hrige wich nach rechts aus, geriet in den  Gr\u00fcnstreifen und verlor die Kontrolle \u00fcber sein Fahrzeug. Dabei \u00fcberfuhr  er ein Verkehrszeichen und besch\u00e4digte mehrere Leitplankenelemente. Es  entstand Sachschaden in H\u00f6he von rund 10.000. Zu einer Ber\u00fchrung  zwischen beiden Fahrzeugen war es nicht gekommen. Der BMW fuhr, ohne  anzuhalten, einfach weiter. <\/p>\n\n\n\n<p>Zeugen, die sachdienliche Hinweise  zum fl\u00fcchtigen BMW geben k\u00f6nnen, werden gebeten, sich beim Polizeirevier  Eberbach, Tel.: 06271-9210-0 zu melden. <\/p>\n\n\n\n<h4 class=\"wp-block-heading\">(Schriesheim \/ Rhein-Neckar-Kreis) &#8211; Einbruch in Seniorenwohnheim \/ Zeugen gesucht<\/h4>\n\n\n\n<p>Unbekannte T\u00e4ter brachen am Freitagnachmittag in eine  Seniorenwohneinrichtung in Schriesheim ein. Die T\u00e4ter brachen zwischen  17 Uhr und 19.30 Uhr ein Fenster des Anwesens in der Talstra\u00dfe auf und  drangen in die Verwaltungsr\u00e4ume der Einrichtung ein. Hier hebelten sie  zun\u00e4chst einen Tresor auf, in dem sich zahlreiche Schl\u00fcssel befanden.  Anschlie\u00dfend brachen sie eine Zwischent\u00fcr auf und gelangten in ein  weiteres B\u00fcro, in dem sie mittels eines der erbeuteten Schl\u00fcssel einen  weiteren Tresor \u00f6ffnen konnten. Aus diesem entnahmen sie einen noch  nicht n\u00e4her bekannten Bargeldbetrag. <\/p>\n\n\n\n<p>Zeugen, die verd\u00e4chtige \nWahrnehmungen gemacht haben, werden gebeten, sich beim Polizeirevier \nWeinheim, Tel.: 06201\/1003-0 zu melden. <\/p>\n","protected":false},"excerpt":{"rendered":"<div class=\"mh-excerpt\"><p>Polizeimeldungen vom Samstag (28.09.2019) (Dudenhofen) &#8211; Einbr\u00fcche in zwei benachbarte Einfamilienh\u00e4user In zwei benachbarte Einfamilienh\u00e4user in der Mozartstra\u00dfe wurde am Freitagabend durch Aufhebeln von Erdgescho\u00dffenstern im r\u00fcckw\u00e4rtigen Bereich eingebrochen. In beiden H\u00e4usern wurden in allen <a class=\"mh-excerpt-more\" href=\"https:\/\/speyer24news.com\/?p=19841\" title=\"Polizei:\">[&#8230;]<\/a><\/p>\n<\/div>","protected":false},"author":3,"featured_media":0,"comment_status":"open","ping_status":"open","sticky":false,"template":"","format":"standard","meta":{"_monsterinsights_skip_tracking":false,"_monsterinsights_sitenote_active":false,"_monsterinsights_sitenote_note":"","_monsterinsights_sitenote_category":0,"footnotes":""},"categories":[12],"tags":[61,2555,63,105,53,102,213,55,103,106,2803,2423,427,62,104,979,1565],"aioseo_notices":[],"amp_enabled":true,"_links":{"self":[{"href":"https:\/\/speyer24news.com\/index.php?rest_route=\/wp\/v2\/posts\/19841"}],"collection":[{"href":"https:\/\/speyer24news.com\/index.php?rest_route=\/wp\/v2\/posts"}],"about":[{"href":"https:\/\/speyer24news.com\/index.php?rest_route=\/wp\/v2\/types\/post"}],"author":[{"embeddable":true,"href":"https:\/\/speyer24news.com\/index.php?rest_route=\/wp\/v2\/users\/3"}],"replies":[{"embeddable":true,"href":"https:\/\/speyer24news.com\/index.php?rest_route=%2Fwp%2Fv2%2Fcomments&post=19841"}],"version-history":[{"count":1,"href":"https:\/\/speyer24news.com\/index.php?rest_route=\/wp\/v2\/posts\/19841\/revisions"}],"predecessor-version":[{"id":19842,"href":"https:\/\/speyer24news.com\/index.php?rest_route=\/wp\/v2\/posts\/19841\/revisions\/19842"}],"wp:attachment":[{"href":"https:\/\/speyer24news.com\/index.php?rest_route=%2Fwp%2Fv2%2Fmedia&parent=19841"}],"wp:term":[{"taxonomy":"category","embeddable":true,"href":"https:\/\/speyer24news.com\/index.php?rest_route=%2Fwp%2Fv2%2Fcategories&post=19841"},{"taxonomy":"post_tag","embeddable":true,"href":"https:\/\/speyer24news.com\/index.php?rest_route=%2Fwp%2Fv2%2Ftags&post=19841"}],"curies":[{"name":"wp","href":"https:\/\/api.w.org\/{rel}","templated":true}]}}