{"id":20032,"date":"2019-10-01T08:49:49","date_gmt":"2019-10-01T07:49:49","guid":{"rendered":"https:\/\/speyer24news.com\/?p=20032"},"modified":"2019-10-01T08:52:35","modified_gmt":"2019-10-01T07:52:35","slug":"polizei-81","status":"publish","type":"post","link":"https:\/\/speyer24news.com\/?p=20032","title":{"rendered":"Polizei:"},"content":{"rendered":"<style type=\"text\/css\">\r\n\t.ads_top_disp{}\r\n\t.ads_top_corner_disp{ float:left; margin:0px 10px 10px 0px; }\r\n\t.ads_first_p_disp{}\r\n\t.ads_bottom_disp{}\r\n\t<\/style>\n<h2 class=\"wp-block-heading\">Polizeimeldungen vom Montag (30.09.2019)<\/h2>\n\n\n\n<div class=\"wp-block-image\"><figure class=\"aligncenter\"><img decoding=\"async\" src=\"https:\/\/speyer24news.com\/wp-content\/uploads\/2019\/09\/Aktuelles-Polizeilogo-1.jpg\" alt=\"\" class=\"wp-image-19009\"\/><\/figure><\/div>\n\n\n\n<h4 class=\"wp-block-heading\">(Speyer) &#8211; Verkehrsunfall mit Wildschwein<\/h4>\n\n\n\n<p>Auf  der L454 erfasste Sonntagnacht der 67 &#8211; j\u00e4hrige Fahrer eine Fiat Punto aus Speyer  das letzte Tier einer etwa 5 Wildschweine umfassenden Rotte, welche die  Fahrbahn \u00fcberquerte. Das Tier lief anschlie\u00dfend in den Wald. Durch die  Kollision wurde an dem PKW die vordere Sto\u00dfstange sowie das Kennzeichen  besch\u00e4digt. Der Sachschaden wird auf etwa 300 EUR beziffert. <\/p>\n\n\n\n<h4 class=\"wp-block-heading\">(Schifferstadt) &#8211; Verkehrsunfall mit verletztem Motorradfahrer<\/h4>\n\n\n\n<p>Am 29.09.2019, gegen 10:50 Uhr, kam es in der Mannheimer Stra\u00dfe zu  einem Zusammensto\u00df zwischen einer 39-j\u00e4hrigen PKW-Fahrerin und einem 24-  j\u00e4hrigen Motorradfahrer. Beim r\u00fcckw\u00e4rtigen Ausparken aus einer  Hofeinfahrt stie\u00df die PKW-Fahrerin mit dem bevorrechtigten  Motorradfahrer, welcher die Mannheimer Stra\u00dfe befuhr, zusammen. Durch  den Zusammensto\u00df verlor der Motorradfahrer die Kontrolle \u00fcber sein  Fahrzeug, stie\u00df gegen einen geparkten PKW und st\u00fcrzte. Der  Motorradfahrer, welcher ordnungsgem\u00e4\u00df einen Helm trug, verletzte sich  leicht. Eine medizinische Behandlung war jedoch nicht notwendig. An  beiden beteiligten Fahrzeugen, sowie am Motorrad entstand Sachschaden. <\/p>\n\n\n\n<h4 class=\"wp-block-heading\">(R\u00f6merberg) &#8211; Verkehrsunfall, Zeugen gesucht<\/h4>\n\n\n\n<p>Am Samstag wurde der PI Speyer ein Verkehrsunfall nachgemeldet, der  sich im Laufe des Samstagnachmittags in der Speyerer Stra\u00dfe in R\u00f6merberg  zugetragen haben soll. Hierbei habe ein derzeit unbekannter PKW in der  Vorbeifahrt den linken Au\u00dfenspiegel eines ordnungsgem\u00e4\u00df geparkten PKW  Fiat Punto mit Germersheimer Kennzeichen besch\u00e4digt und es entstand  geringer Sachschaden in H\u00f6he von etwa 200 EUR. Tats\u00e4chlich hatte ein vor  Ort befindlicher Zeuge pers\u00f6nlichen Kontakt zu der Unfallverursacherin,  die auch ihre Handynummer zwecks \u00dcbermittlung an die gesch\u00e4digte  Fahrzeughalterin \u00fcbermittelte. Auch las der Zeuge das Kennzeichen der  Unfallverursacherin ab. Leider notierte er dieses wie auch die  Handynummer der Frau fehlerhaft, so dass trotz diverser Recherchen  bisher keinerlei Daten zu der zweiten Unfallbeteiligten vorliegen. <\/p>\n\n\n\n<p>Aus\n diesem Grund bittet die Polizei darum, dass sich die \nUnfallverursacherin oder weitere Zeugen des Unfalls bei der \nPolizeiinspektion Speyer melden. <\/p>\n\n\n\n<p>Zeugenhinweise nimmt die Polizei unter der Tel.-Nr. 06232-1370 oder per Mail an <a href=\"mailto:pispeyer@polizei.rlp.de\">pispeyer@polizei.rlp.de<\/a> entgegen. <\/p>\n\n\n\n<h4 class=\"wp-block-heading\">(Klingenm\u00fcnster) &#8211; Einbruch im Pfalzklinikum<\/h4>\n\n\n\n<p>In der Nacht zum Samstag hebelten unbekannte T\u00e4ter ein Kellerfenster  der Cafeteria bzw. der K\u00fcche auf dem Klinikgel\u00e4nde auf. Im Geb\u00e4udeinnern  wurden insgesamt sechs abgeschlossene T\u00fcren aufgebrochen und zahlreiche  R\u00e4ume durchsucht. Aus einem Schrank wurde ein M\u00f6beltresor mit Bargeld  entwendet. Da noch ein Geschirrwagen vermisst wird, ist anzunehmen, dass  der Tresor mit dem Geschirrwagen abtransportiert wurde. Wer  sachdienliche Beobachtungen gemacht hat, wird gebeten sich mit der  Polizeiinspektion Bad Bergzabern, Tel. 06343 93340 oder unter <a href=\"mailto:pibadbergzabern@polizei.rlp.de\">pibadbergzabern@polizei.rlp.de<\/a> in Verbindung zu setzen.<\/p>\n\n\n\n<h4 class=\"wp-block-heading\">(Waldhambach) &#8211; Schwerer Verkehrsunfall mit eingeklemmter Person<\/h4>\n\n\n\n<p>Montagmorgen, gegen 06.00 Uhr, ereignete sich auf der B  48, zwischen Waldhambach und Klingenm\u00fcnster, in H\u00f6he des Steinbruchs von  Waldhambach, ein schwerer Verkehrsunfall. Zwei Personenkraftwagen  stie\u00dfen aus bislang ungekl\u00e4rter Ursache im Begegnungsverkehr frontal  zusammen. Ein 20 j\u00e4hriger Fahrzeugf\u00fchrer wurde hierbei in seinem  Fahrzeug eingeklemmt und musste durch die Feuerwehr herausgeschnitten  werden. Die F\u00fchrer beider beteiligten Unfallfahrzeuge wurden  schwerstverletzt in Krankenh\u00e4user verbracht. Zur Kl\u00e4rung des genauen  Unfallhergangs wurde ein Gutachter an die Unfallstelle hinzugezogen. Die  B 48 musste in dem Streckenabschnitt bis 09.30 Uhr komplett gesperrt  werden. <\/p>\n\n\n\n<h4 class=\"wp-block-heading\">(Venningen \/ M\u00f6rzheim \/ Impflingen \/ Schaidt) &#8211;   Asbestplatten illegal entsorgt<\/h4>\n\n\n\n<div class=\"wp-block-image\"><figure class=\"aligncenter\"><img decoding=\"async\" loading=\"lazy\" width=\"800\" height=\"600\" src=\"https:\/\/speyer24news.com\/wp-content\/uploads\/2019\/10\/Asbestentsorgung.jpg.jpg\" alt=\"\" class=\"wp-image-20033\" srcset=\"https:\/\/speyer24news.com\/wp-content\/uploads\/2019\/10\/Asbestentsorgung.jpg.jpg 800w, https:\/\/speyer24news.com\/wp-content\/uploads\/2019\/10\/Asbestentsorgung.jpg-300x225.jpg 300w, https:\/\/speyer24news.com\/wp-content\/uploads\/2019\/10\/Asbestentsorgung.jpg-768x576.jpg 768w, https:\/\/speyer24news.com\/wp-content\/uploads\/2019\/10\/Asbestentsorgung.jpg-678x509.jpg 678w, https:\/\/speyer24news.com\/wp-content\/uploads\/2019\/10\/Asbestentsorgung.jpg-326x245.jpg 326w, https:\/\/speyer24news.com\/wp-content\/uploads\/2019\/10\/Asbestentsorgung.jpg-80x60.jpg 80w\" sizes=\"(max-width: 800px) 100vw, 800px\" \/><figcaption>Asbestplatten M\u00f6rzheim<\/figcaption><\/figure><\/div>\n\n\n\n<p>Bisher\n unbekannte T\u00e4ter lagerten in der Zeit vom 12.09.19 bis 20.09.19 in \nWeinbergen, bzw. auf Wiesenfl\u00e4chen im Bereich von Venningen, \nLandau-M\u00f6rzheim, Impflingen und W\u00f6rth-Schaidt gr\u00f6\u00dfere Mengen \nAsbestplatten ab. Die Platten waren mit einer wei\u00dfen Farbe gestrichen \nund teilweise mit einer gr\u00fcnen Plane abgedeckt oder in Big Bags \nverpackt. Auf Grund der Beschaffenheit und der markanten Farbe d\u00fcrften \ndie Platten einem einzigen Objekt stammen. Die zust\u00e4ndigen \nUmweltbeh\u00f6rden haben zwischenzeitlich die ordnungsgem\u00e4\u00dfe Entsorgung \nveranlasst. <\/p>\n\n\n\n<p>Zeugen, die Angaben zur Herkunft der Platten oder  Hinweise zu den T\u00e4tern machen k\u00f6nnen, werden gebeten sich mit der  Kriminalinspektion Landau unter der Telefonnummer 06341-287-0 in  Verbindung zu setzen. <\/p>\n\n\n\n<h4 class=\"wp-block-heading\">(Weyher) &#8211; Falschparker<\/h4>\n\n\n\n<p>Am Sonntag gegen 13:59 Uhr meldete die Busfahrerin eines Linienbusunternehmens,  dass durch die Kehrgasse in Weyher aufgrund eines falsch geparkten Pkw  im Kurvenbereich kein Durchkommen sei. In der Tat-f\u00fcr s\u00e4mtliche  Fahrg\u00e4ste war die Reise erst einmal zu Ende. Ebenfalls der  Fahrzeugverkehr kam an der Blockade zum Erliegen. Und da die  Verantwortliche des Pkw nicht erreicht werden konnte, musste ein  Abschleppdienst beauftragt werden, um den Pkw umzusetzen. Gegen 14:55  Uhr kehrte sie zur\u00fcck-gl\u00fccklicherweise, bevor der Abschlepper vor Ort  erschien. Das wird ein teurer Parkplatz. Neben einem Verwarnungsgeld  wird das Abschleppunternehmen Forderungen stellen, als auch m\u00f6glichweise  das Linienbusunternehmen, da der Bus f\u00fcr eine knappe Stunde nicht  weiter fahren konnte. <\/p>\n\n\n\n<h4 class=\"wp-block-heading\">(Edenkoben) &#8211; Unbekannter explodierender Gegenstand<\/h4>\n\n\n\n<p>Am 29.09.2019 gegen 15:27 Uhr meldete ein 46-j\u00e4hriger  Verkehrsteilnehmer aus Mannheim, dass auf der A65 zwischen den  Anschlussstellen Neustadt-S\u00fcd und Edenkoben von einem Feldweg aus ein  unbekannter explodierender Gegenstand in Richtung Autobahn geworfen  werde. Der Fahrer habe einen lauten Knall geh\u00f6rt und einen  Explosionsblitz gesehen und sich hierdurch stark erschrocken. Die sofort  herbeieilenden Streifen der Polizei Edenkoben und Neustadt konnten  jedoch auf der Autobahn, als auch auf den daneben befindlichen Feldwegen  nichts feststellen-weder Personen, noch -Fahrzeuge. Personen, die  Angaben zu dieser beinahe mysteri\u00f6sen Beobachtung machen k\u00f6nnen werden  gebeten, sich mit der Polizei Edenkoben (Tel: 06323-9550) in Verbindung  zu setzen. <\/p>\n\n\n\n<h4 class=\"wp-block-heading\">(Edenkoben) &#8211; Angebranntes Essen l\u00f6st Einsatz aus<\/h4>\n\n\n\n<p>Am Sonntag, den 29.09.2019 gegen 12:26 Uhr meldete eine Anruferin, dass  es in der Nachbarswohnung eines Mehrparteienhauses in Edenkoben zur  Rauchentwicklung komme und der Rauchmelder aktiv sei. Vor Ort stellte  sich f\u00fcr die Einsatzkr\u00e4fte der Feuerwehr und der Polizei aus Edenkoben  heraus, dass die Wohnungsinhaber schlichtweg eine Pfanne mit Champignons  auf dem Herd vergessen hatte. Dies f\u00fchrte zur starken Rauchentwicklung.  Die Wohnungsinhaber wurden wohlbehalten vor dem Haus angetroffen. Es  kam niemand zu Schaden. Nachdem die Wohnung durch die Feuerwehr  anst\u00e4ndig durchgel\u00fcftet wurde, konnte sie wieder betreten werden. <\/p>\n\n\n\n<h4 class=\"wp-block-heading\">(Edenkoben) &#8211; Internetbetr\u00fcger<\/h4>\n\n\n\n<p>Unbekannte T\u00e4ter forderten den 67-j\u00e4hrigen Gesch\u00e4digten aus Edenkoben  in einer fingierten E-Mail auf, seine Kontodaten und die entsprechende  PIN-Nummer einzugeben, da er diese Daten bei der Sparkasse aktualisieren  m\u00fcsse. Die Eingabe erfolgte \u00fcber einen Button in der E-Mail, welcher  auf eine Internetseite f\u00fchrte die nach Eingabe der Daten deaktiviert  wurde. <\/p>\n\n\n\n<p>Der Gesch\u00e4digte hielt R\u00fccksprache mit der Sparkasse und \nerfuhr, dass es sich um einen Betrugsfall handele. Durch die zust\u00e4ndige \nBank konnte eine Sperrung des Online-Banking-Zugangs erfolgen. <\/p>\n\n\n\n<p>Ein finanzieller Schaden ist bisher nicht entstanden. <\/p>\n\n\n\n<p>Es\n handelt sich hierbei um das Ph\u00e4nomen &#8222;Phishing&#8220;. Durch gef\u00e4lschte \nE-Mails, auf dem Postweg oder am Telefon versuchen Internetbetr\u00fcger an \nPIN oder TAN und Passw\u00f6rter zu kommen. Um mit den erlangten Daten \nMissbrauch zu betreiben. Seien sie daher misstrauisch, wenn in E-Mails \nnach sensiblen Daten gefragt wird. <\/p>\n\n\n\n<p>N\u00e4here Informationen zum Thema sowie die Tricks der T\u00e4ter erfahren sie unter <a rel=\"noreferrer noopener\" target=\"_blank\" href=\"http:\/\/www.polizei-beratung.de\">www.polizei-beratung.de<\/a>. <\/p>\n\n\n\n<h4 class=\"wp-block-heading\">(Maikammer) &#8211; Vermisster<\/h4>\n\n\n\n<p>Am 29.09.19 gegen 18 Uhr meldete die diensthabende Schwester einer  Betreuungs- und Pflegeeinrichtung aus Maikammer einen 85-j\u00e4hrigen, an  Demenz erkrankten Bewohner als vermisst. In der j\u00fcngeren Vergangenheit  musste er bereits \u00f6fters gesucht und wieder zur\u00fcck gebracht werden.  Zun\u00e4chst machten sich Einsatzkr\u00e4fte der Polizei Edenkoben und Landau an  die Suche. Als die Dunkelheit hereinbrach, wurde zudem die  Hubschrauberstaffel sowie weitere Kr\u00e4fte der Feuerwehr alarmiert. Gegen  20:10 Uhr erfolgte die beruhigende Nachricht, dass der Gesuchte durch  seine Lebensgef\u00e4hrtin in Maikammer, als er auf der Stra\u00dfe unterwegs war,  wieder gefunden wurde. <\/p>\n\n\n\n<h4 class=\"wp-block-heading\">(Bad D\u00fcrkheim) &#8211; Ohne F\u00fchrerschein aber mit Einhandmesser unterwegs<\/h4>\n\n\n\n<p>Am Sonntagabend wurde eine Familie aus Lambrecht in der Weinstra\u00dfe S\u00fcd  mit ihrem Auto einer Verkehrskontrolle unterzogen. Der Familienvater gab  direkt an, dass er nicht im Besitz einer Fahrerlaubnis ist. Bei der  Durchsuchung seiner Person wurde zudem ein verbotenes Einhandmesser  sichergestellt. Ihn erwartet nun eine Strafanzeige wegen Fahrens ohne  Fahrerlaubnis und wegen Versto\u00dfes gegen das Waffengesetz. <\/p>\n\n\n\n<h4 class=\"wp-block-heading\">(Bad D\u00fcrkheim) &#8211; Versuchter Einbruch in Mehrfamilienhaus<\/h4>\n\n\n\n<p>Bereits am Mittwoch, in der Zeit von 14.00 Uhr bis 16.00 Uhr,  versuchten bislang unbekannte T\u00e4ter in die Erdgeschosswohnung eines  Mehrfamilienhauses im Hausener Weg zu gelangen. Wie der Bewohner erst  gestern mitteilte, wurde die Wohnungst\u00fcr aufgehebelt. Aus der Wohnung  wurde nichts entwendet. Der Sachschaden betr\u00e4gt ca. 500 Euro. <\/p>\n\n\n\n<p>Wer  sachdienliche Hinweise zu dem Diebstahl geben kann, wird gebeten, sich  mit der Polizeiinspektion Bad D\u00fcrkheim unter der Telefonnummer Tel.:  06322\/963-0 oder per Email <a href=\"mailto:pibadduerkheim@polizei.rlp.de\">pibadduerkheim@polizei.rlp.de<\/a>  in Verbindung zu setzen. <\/p>\n\n\n\n<h4 class=\"wp-block-heading\">(Frankenthal) &#8211; Sachbesch\u00e4digung an Pkw<\/h4>\n\n\n\n<p>Der Gesch\u00e4digte stellt seinen Pkw Mercedes-Benz C180 in der Zeit von  28.09.2019, 23.50 Uhr, bis 29.09.2019, 15.30 Uhr, in der  Lucas-Cranach-Stra\u00dfe, H\u00f6he Hausnummer 4, ab. Als er wieder zu seinem  Fahrzeug kommt, muss er feststellen, dass dieses durch bislang  unbekannte T\u00e4ter auf der rechten Seite zerkratzt wurde. Der Schaden wird  auf etwa 1000 Euro gesch\u00e4tzt. <\/p>\n\n\n\n<p>Wer sachdienliche Hinweise zu dem  genannten Fall geben kann, wird gebeten sich mit der Polizeiinspektion  Frankenthal unter der Rufnummer 06233\/313-0 oder der Polizeiwache  Maxdorf unter der Rufnummer 06237\/934-1100 in Verbindung zu setzen.  Hinweise k\u00f6nnen auch per E-Mail unter <a href=\"mailto:pifrankenthal@polizei.rlp.de\">pifrankenthal@polizei.rlp.de<\/a> an die Polizei \u00fcbermittelt werden. <\/p>\n\n\n\n<h4 class=\"wp-block-heading\">(Frankenthal) &#8211; Verkehrsunfallflucht<\/h4>\n\n\n\n<p>Die Gesch\u00e4digte stellt ihren Pkw Mercedes-Benz A200 am 28.09.2019, in  der Zeit von 18.00 Uhr bis 22.30 Uhr, in der Heinrich-Reffert-Stra\u00dfe,  H\u00f6he Hausnummer 1a, ab. Als sie wieder zu ihrem Fahrzeug kommt, muss sie  feststellen, dass dieses durch einen bislang unbekannten Fahrzeugf\u00fchrer  an der rechten Fahrzeugseite besch\u00e4digt wurde. Der Schaden wird auf  etwa 1500 Euro gesch\u00e4tzt. <\/p>\n\n\n\n<p>Wer sachdienliche Hinweise zu dem  genannten Fall geben kann, wird gebeten sich mit der Polizeiinspektion  Frankenthal unter der Rufnummer 06233\/313-0 oder der Polizeiwache  Maxdorf unter der Rufnummer 06237\/934-1100 in Verbindung zu setzen.  Hinweise k\u00f6nnen auch per E-Mail unter <a href=\"mailto:pifrankenthal@polizei.rlp.de\">pifrankenthal@polizei.rlp.de<\/a> an die Polizei \u00fcbermittelt werden. <\/p>\n\n\n\n<h4 class=\"wp-block-heading\">(Ruchheim \/ A 61) &#8211; Schleuser gefasst<\/h4>\n\n\n\n<p>Am sp\u00e4ten Sonntagabend wird durch die Streife ein italienischer PKW auf  der BAB 61 in Richtung Norden kontrolliert. Im Fahrzeug k\u00f6nnen, au\u00dfer  dem Fahrer, noch drei illegale Zuwanderer aus Syrien festgestellt  werden. Der Fahrzeugf\u00fchrer wird wegen dem Einschleusen von Ausl\u00e4ndern  bzw. Beihilfe zum illegalen Aufenthalt vorl\u00e4ufig festgenommen, jedoch  sp\u00e4ter wieder auf freien Fu\u00df gesetzt. <\/p>\n\n\n\n<h4 class=\"wp-block-heading\">(Ruchheim \/ A 61) &#8211; Verkehrsunfall auf der A61 Fahrtrichtung Koblenz<\/h4>\n\n\n\n<p>Am 29.09.2019 gegen 16:10 Uhr kam es auf der A61 Fahrtrichtung Koblenz  kurz hinter dem Autobahnkreuz Frankenthal zu einem Verkehrsunfall, bei  dem ein 69-j\u00e4hriger PKW-F\u00fchrer nach rechts von der Fahrbahn abkam und in  der B\u00f6schung zum Stehen kam. Unfallurs\u00e4chlich d\u00fcrfte nach derzeitigem  Stand ein medizinischer Notfall gewesen sein. Sowohl der Fahrzeugf\u00fchrer  als auch seine 66-j\u00e4hrige Beifahrerin wurden durch den Unfall nicht  verletzt. Auf Grund des Unfalls waren neben der Autobahnpolizei Ruchheim  die Feuerwehr Frankenthal, der Rettungsdienst und ein  Rettungshubschrauber im Einsatz. Auf Grund der Landung des  Rettungshubschraubers musste die A61 in Fahrtrichtung Norden kurzzeitig  voll gesperrt werden. Bis zur Bergung des Fahrzeugs war die Fahrbahn  einspurig befahrbar. Hierdurch bildete sich ein R\u00fcckstau von ca. 7,5km.  Gegen 18:00 Uhr war die Unfallstelle vollst\u00e4ndig ger\u00e4umt. <\/p>\n\n\n\n<h4 class=\"wp-block-heading\">(Ludwigshafen) &#8211; Streit eskaliert<\/h4>\n\n\n\n<p>In einer Bar in der Hartmannstra\u00dfe eskalierte am 29.09.2019, gegen  23:30 Uhr, ein Streit zwischen einem 24-J\u00e4hrigen und einem 38-J\u00e4hrigen.  Nachdem es zun\u00e4chst zu verbalen Streitigkeiten gekommen war, schlug der  \u00e4ltere der beiden den J\u00fcngeren mit einer Glasflasche. Der 24-J\u00e4hrige  erlitt eine Platzwunde am Kopf und musste in einem Krankenhaus  medizinisch versorgt werden. Beide M\u00e4nner waren stark alkoholisiert. <\/p>\n\n\n\n<h4 class=\"wp-block-heading\">(Ludwigshafen) &#8211; Fahrrad geraubt<\/h4>\n\n\n\n<p>Einem 10-J\u00e4hrigen wurde Sonntag, 29.09.2019, um 17.40 Uhr, in der  Von-der-Tann-Stra\u00dfe das Fahrrad geraubt. Der Junge wurde in der  Von-der-Tann-Stra\u00dfe von vier Jugendlichen angehalten. Ein Junge aus der  Gruppe forderte ihn auf, ihm sein Fahrrad zu geben. Als der 10-J\u00e4hrige  dies verweigerte, nahm sich der Tatverd\u00e4chtige gewaltsam das Rad und  entfernte sich mit seinen drei Begleitern in Richtung Rathauscenter. <\/p>\n\n\n\n<p>Die\n Jugendlichen sollen 15 Jahre alt gewesen sein, drei Jungs und ein \nM\u00e4dchen. Ein Junge trug eine wei\u00dfe Weste, ein anderer eine rote Jacke. <\/p>\n\n\n\n<p>Die\n Polizei sucht Zeugen! Wer hat die Tat in der Von-der -Tann Stra\u00dfe \nbeobachtet? Wer hat eine Gruppe Jugendlicher im Hemshof oder \nRathaus-Center gesehen, auf die die Personenbeschreibung passt? \nSachdienliche Hinweise bitte an die Polizeiinspektion Ludwigshafen 2, \nTelefonnummer 0621 963-2222 oder per E-Mail <a href=\"mailto:piludwigshafen2@polizei.rlp.de\">piludwigshafen2@polizei.rlp.de<\/a>. <\/p>\n\n\n\n<h4 class=\"wp-block-heading\">(Ludwigshafen) &#8211; 11.000 Euro Schaden nach Verkehrsunfall<\/h4>\n\n\n\n<p>Am 29.09.2019, gegen 14:30 Uhr, kam es in der Leuschnerstra\u00dfe zu einem  Verkehrsunfall. Eine 55-J\u00e4hrige wollte mit ihrem Auto in die  Bremserstra\u00dfe abbiegen und kollidierte dabei mit einem  vorfahrtsberechtigten 22-j\u00e4hrigen Motorradfahrer. Dieser \u00fcberschlug sich  durch den Zusammensto\u00df und st\u00fcrzte zu Boden. Nach derzeitigem  Kenntnisstand wurde er dabei leicht verletzt. Er wurde in ein  Krankenhaus verbracht. <\/p>\n\n\n\n<p>Insgesamt entstand ein Sachschaden von gesch\u00e4tzten 11.000 Euro. <\/p>\n\n\n\n<h4 class=\"wp-block-heading\">(Mannheim) &#8211; Betrunkene E-Scooter-Fahrer<\/h4>\n\n\n\n<div class=\"wp-block-image\"><figure class=\"aligncenter\"><img decoding=\"async\" loading=\"lazy\" width=\"800\" height=\"600\" src=\"https:\/\/speyer24news.com\/wp-content\/uploads\/2019\/10\/E-Roller-2.jpg\" alt=\"\" class=\"wp-image-20034\" srcset=\"https:\/\/speyer24news.com\/wp-content\/uploads\/2019\/10\/E-Roller-2.jpg 800w, https:\/\/speyer24news.com\/wp-content\/uploads\/2019\/10\/E-Roller-2-300x225.jpg 300w, https:\/\/speyer24news.com\/wp-content\/uploads\/2019\/10\/E-Roller-2-768x576.jpg 768w, https:\/\/speyer24news.com\/wp-content\/uploads\/2019\/10\/E-Roller-2-678x509.jpg 678w, https:\/\/speyer24news.com\/wp-content\/uploads\/2019\/10\/E-Roller-2-326x245.jpg 326w, https:\/\/speyer24news.com\/wp-content\/uploads\/2019\/10\/E-Roller-2-80x60.jpg 80w\" sizes=\"(max-width: 800px) 100vw, 800px\" \/><\/figure><\/div>\n\n\n\n<p>Zwischen Sonntagmorgen und Montagmorgen fielen im Stadtgebiet Mannheim  mehrere M\u00e4nner im Alter zwischen 26 und 59 Jahren auf, die betrunken mit  sogenannten E-Scootern unterwegs waren. <\/p>\n\n\n\n<p>Unter anderem fielen \neiner Polizeistreife am fr\u00fchen Sonntagmorgen, gegen 3.30 Uhr zwei 33- \nund 35-j\u00e4hrige M\u00e4nner auf, die im Stadtteil Neckarstadt gemeinsam auf \neinem E-Scooter \u00fcber den Alten Me\u00dfplatz zu einem Fast-Food-Restaurant \nfuhren. Bei der Kontrolle bemerkten die Beamten sofort Alkoholgeruch im \nAtem beider M\u00e4nner. Ein Alkoholtest bei dem 35-J\u00e4hrigen, der vorne stand\n und offenbar den Scooter f\u00fchrte, ergab einen Wert von \u00fcber 1,2 \nPromille. Ihm wurde eine Blutprobe entnommen. Gegen den Mann wird nun \nwegen Trunkenheit im Verkehr ermittelt. Die verkehrsrechtlichen Verst\u00f6\u00dfe\n werden gesondert angezeigt. Der F\u00fchrerschein des 35-J\u00e4hrigen wurde \neinbehalten. <\/p>\n\n\n\n<p>In den Innenstadtquadraten war am Sonntagabend, kurz\n vor Mitternacht ein 59-J\u00e4hriger ebenfalls alkoholisiert unterwegs. Ein \nAlkoholtest bei ihm ergab einen Wert von 0,8 Promille. In der \nTattersallstra\u00dfe wurde am Montag, kurz vor vier Uhr ein 28-J\u00e4hriger mit \n\u00fcber 0,7 Promille festgestellt. Gegen diese beiden M\u00e4nner wird wegen \nVerkehrsteilnahme mit einem Kraftfahrzeug unter Alkoholeinfluss \nermittelt. Beide sehen einem Fahrverbot entgegen. <\/p>\n\n\n\n<p>Die Polizei \nweist nochmals eindr\u00fccklich darauf hin, dass es sich bei den E-Scootern \num Kraftfahrzeuge handelt und somit die Alkoholgrenzwerte f\u00fcr Auto- und \nMotorradfahrer Anwendung finden. Ebenfalls haben die Scooter-Fahrer mit \nden gleichen Konsequenzen (Fahrverbot, Entzug der Fahrerlaubnis) zu \nrechnen. <\/p>\n\n\n\n<h4 class=\"wp-block-heading\">(Mannheim) &#8211; Fu\u00dfballbegegnung SV Waldhof Mannheim 07 &#8211; FC Hansa Rostock; polizeiliche Bilanz der Einsatzma\u00dfnahmen<\/h4>\n\n\n\n<p>Am 29. September kurz nach 13 Uhr wurde das 3.Liga-Fu\u00dfballspiel  zwischen dem SV Waldhof Mannheim 07 und dem FC Hansa Rostock im  Carl-Benz-Stadion angepfiffen. Nach Angaben des Veranstalters besuchten  das Spiel insgesamt 13.025 Zuschauer, davon 3.000 G\u00e4stefans. <\/p>\n\n\n\n<p>Gegen\n 10.45 Uhr erreichte ein Sonderzug mit etwa 820 Hansa Rostock Fans den \nHauptbahnhof Mannheim. Die Fans wurden mit Shuttlebussen in Richtung \nCarl-Benz-Stadion gefahren und erreichten dieses nach einem kurzen \nFu\u00dfmarsch. <\/p>\n\n\n\n<p>Beim Bef\u00fcllen der bereitgestellten Busse wurde eine \nB\u00fcchse in Richtung der eingesetzten Polizeibeamten geworfen, ansonsten \nverlief der Transfer zum Stadion st\u00f6rungsfrei. <\/p>\n\n\n\n<p>Auch die Anreise der Heimfans verlief ohne besondere Vorkommnisse. <\/p>\n\n\n\n<p>Gegen\n 11.40 Uhr wurde am Stadioneingang, Heimbereich ein 23-j\u00e4hriger Mann \nvorl\u00e4ufig festgenommen. Der Mann wurde von Einsatzkr\u00e4ften widererkannt, \ner ist Tatverd\u00e4chtiger in Sachen Landfriedensbruch, gef\u00e4hrlicher \nK\u00f6rperverletzung, T\u00e4tlichen Angriffs auf Polizeibeamte. Der Sachverhalt \nereignete sich beim Spiel 1. FC Kaiserslautern gegen SV Waldhof Mannheim\n vor einigen Wochen. Au\u00dferdem hatte er am heutigen Tag einen \nselbstgebauten pyrotechnischen Gegenstand bei sich, offenbar handelte es\n sich um einen Rauchtopf, weshalb auch Ermittlungen wegen des Versto\u00dfes \ngegen das Sprengstoff Gesetz eingeleitet wurden. Nach Abschluss aller \npolizeilichen Ma\u00dfnahmen wurde er wieder auf freien Fu\u00df gesetzt, der \nZutritt zum Stadion blieb ihm verwehrt. <\/p>\n\n\n\n<p>Vor Anpfiff der Partie vermummten sich zahlreiche Personen im G\u00e4stefanblock und zogen sich Einwegoveralls an. <\/p>\n\n\n\n<p>Auch auf der Otto-Sifling-Trib\u00fcne vermummten sich mehrere Personen. <\/p>\n\n\n\n<p>Kurz\n vor Anpfiff der Partie wurden sowohl im Heimbereich als auch im \nG\u00e4stefanblock eine Vielzahl an Raucht\u00f6pfen gez\u00fcndet. Zudem wurden \nFeuerwerksk\u00f6rper im G\u00e4stebereich abgebrannt. <\/p>\n\n\n\n<p>Das Spiel wurde verz\u00f6gert angepfiffen. <\/p>\n\n\n\n<p>Um\n 14.15 Uhr wurde ein zivil gekleideter Polizeibeamter beim Verlassen der\n Heimtrib\u00fcne von hinten angegriffen und leicht verletzt. Er musste ein \nKrankenhaus aufsuchen, konnte seinen Dienst jedoch im Anschluss \nfortf\u00fchren. Bislang gibt es keine Hinweise auf den Angreifer. <\/p>\n\n\n\n<p>Zu Beginn der zweiten Halbzeit wurden im Block der Heimmannschaft vier Leuchtfackeln abgerannt. <\/p>\n\n\n\n<p>Bei\n zwei Anh\u00e4ngern des FC Hansa Rostock wurden die Personalien \nfestgestellt, nachdem sie Polizisten beleidigt hatten. Au\u00dferdem wurde \nein FC Hansa Rostock Fans wegen Sachbesch\u00e4digung eines Zaunes angezeigt.\n <\/p>\n\n\n\n<p>Nach dem Spiel kam es am Ausgang des G\u00e4stebereichs zu \nFlaschenw\u00fcrfen in Richtung der dort eingesetzten Polizeibeamten. Ein \nvermummter Anh\u00e4nger des FC Hansa Rostock wurde vorl\u00e4ufig festgenommen. <\/p>\n\n\n\n<p>Ansonsten kam es zu keinen polizeibekannten Vorf\u00e4llen. <\/p>\n\n\n\n<p>Die\n Videoaufnahmen im Zusammenhang mit dem Einsatz des pyrotechnischen \nMaterials werden im Nachgang ausgewertet, Ermittlungen wegen Verst\u00f6\u00dfen \ngegen das Sprengstoffgesetz eingeleitet. <\/p>\n\n\n\n<p>Anl\u00e4sslich der  Drittligabegegnung waren mehrere hundert Beamte im Einsatz, die Kr\u00e4fte  des Polizeipr\u00e4sidiums Mannheim wurden hierbei von Polizeibeamten des  Polizeipr\u00e4sidiums Einsatz und der Bundespolizei unterst\u00fctzt. <\/p>\n\n\n\n<h4 class=\"wp-block-heading\">(Mannheim) &#8211; Polizeibeamte mit Messer bedroht; volltrunkener Mann festgenommen<\/h4>\n\n\n\n<h4 class=\"wp-block-heading\">Gemeinsame Presseerkl\u00e4rung der Staatsanwaltschaft Mannheim und des Polizeipr\u00e4sidiums Mannheim: <\/h4>\n\n\n\n<p>Auf\n Antrag der Staatsanwaltschaft Mannheim wurde am 27.09.2019 Haftbefehl \ngegen einen 50-j\u00e4hrigen Mann erlassen. Der polnische Staatsangeh\u00f6rige \nsteht im dringenden Verdacht, am Tag zuvor zwei Polizeibeamte auf dem \nParadeplatz mit einem Messer t\u00e4tlich angegriffen zu haben. <\/p>\n\n\n\n<p>Am \n26.09.2019 gegen 16:25 Uhr hatten Passanten eine Streife des \nPolizeireviers Innenstadt informiert, dass ein Mann mit einem Messer in \nder Hand auf dem Paradeplatz unterwegs sei. Der betreffende Mann, ein \n50-j\u00e4hriger Pole, der, wie sich sp\u00e4ter herausstellte, ohne festen \nWohnsitz in Deutschland lebt, sollte sodann kontrolliert werden. Bei \nErkennen der Beamten ging er mit dem Messer in drohender Haltung auf die\n Beamten zu. Erst als einer von ihnen seine Dienstpistole zog und den \nSchusswaffengebrauch androhte, legte der offenbar betrunkene Mann das \nMesser ab. Er wurde anschlie\u00dfend festgenommen und zur Dienststelle \ngebracht. Ein Alkoholtest ergab stolze 3,8 Promille. <\/p>\n\n\n\n<p>Am n\u00e4chsten \nTag wurde der Verd\u00e4chtige auf Antrag der Staatsanwaltschaft Mannheim dem\n Ermittlungsrichter vorgef\u00fchrt, der Haftbefehl wegen des dringenden \nVerdachts des t\u00e4tlichen Angriffs auf Vollstreckungsbeamte und \nbestehender Fluchtgefahr erlie\u00df. <\/p>\n\n\n\n<p>Anschlie\u00dfend wurde der  50-J\u00e4hrige in eine Justizvollzugsanstalt eingeliefert. Die Ermittlungen  der Staatsanwaltschaft Mannheim und des Polizeireviers Mannheim  Innenstadt dauern an. <\/p>\n\n\n\n<h4 class=\"wp-block-heading\">(Mannheim-Waldhof) &#8211; Von der Fahrbahn abgekommen und gegen Mast geprallt \/ Polizei sucht Zeugen<\/h4>\n\n\n\n<p>Einen Verkehrsunfall zeigte ein 22-j\u00e4hriger Mann am Samstagmorgen beim  Polizeirevier Mannheim-Neckarstadt an. Der junge Mann gab an, mit einem  schwarzen Mercedes E230 zu einem bislang nicht genau feststehenden  Zeitpunkt, vermutlich aber am Freitagabend, gegen 18.30 Uhr, in der  Luzenbergstra\u00dfe stadteinw\u00e4rts unterwegs gewesen zu sein. An der  Fahrbahnverengung in H\u00f6he der Einm\u00fcndung zur Karl-Feuerstein-Stra\u00dfe kam  er nach links von der Fahrbahn ab und stie\u00df gegen einen Masten der  Stra\u00dfenbahngleise. Dieser Mast wurde durch den Aufprall komplett  zerst\u00f6rt. Auch der Mercedes wurde stark besch\u00e4digt. Der Sachschaden wird  auf rund 4.000 Euro gesch\u00e4tzt. Verletzt wurde niemand. <\/p>\n\n\n\n<p>Nach Angaben des Anzeigeerstatters sei kein zweites Fahrzeug beteiligt gewesen. <\/p>\n\n\n\n<p>Der  Unfallhergang konnte bislang noch nicht eindeutig gekl\u00e4rt werden. Daher  sucht die Polizei Zeugen, die an genannter \u00d6rtlichkeit auf einen  Verkehrsunfall aufmerksam geworden sind und sachdienliche Hinweise zu  dessen Ablauf geben k\u00f6nnen. Diese werden gebeten, sich bei der  Verkehrspolizei Mannheim, Tel.: 0621\/174-4045 zu melden. <\/p>\n\n\n\n<h4 class=\"wp-block-heading\">(Leimen \/ Rhein-Neckar-Kreis) &#8211; Pedelec aus Garage gestohlen \/ Zeugen gesucht<\/h4>\n\n\n\n<p>Unbekannte T\u00e4ter entwendeten in der Zeit zwischen Samstag, 28.  September und Montag 30. September aus einer verschlossenen Garage in  Leimen ein Pedelec im Wert von \u00fcber 2.000 Euro. Die Einbrecher gelangten  auf bislang unbekannte Art und Weise in die verschlossene Garage eines  Anwesens im Buchenweg und nahmen das dort abgestellte Pedelec der Marke  Haibike. Der Mann hatte vor der Garage Altmetall zur Abholung  bereitgelegt. Am Montagmorgen stellte er fest, dass sowohl das Metall,  als auch das Pedelec verschwunden war. <\/p>\n\n\n\n<p>Zeugen, die verd\u00e4chtige \nWahrnehmungen gemacht haben, werden gebeten, sich beim Polizeirevier \nWiesloch, Tel.: 06222\/5709-0 zu melden. <\/p>\n\n\n\n<h4 class=\"wp-block-heading\">(Leimen \/ Rhein-Neckar-Kreis) &#8211; Kradfahrerin verletzt sich bei Verkehrsunfall<\/h4>\n\n\n\n<p>Bei einem Verkehrsunfall wurde am Sonntagabend bei Leimen eine 16-j\u00e4hrige Leichtkraftradfahrerin verletzt. <\/p>\n\n\n\n<p>Die\n junge Frau war gegen 20:45 Uhr auf der Landesstra\u00dfe 600 zwischen \nLingental und Gaiberg unterwegs. Kurz nach dem Ortsausgang Lingental \nmusste der Fahrer eines Opel Astra wegen eines Wildunfalls auf der \nGegenfahrbahn stark abbremsen. Vermutlich registrierte die \nMotorradfahrerin dies zu sp\u00e4t und fuhr dem Opel so heftig ins Heck, dass\n sie durch die Wucht des Aufpralls \u00fcber das komplette Auto geschleudert \nwurde und vor dem Pkw auf der Stra\u00dfe zum Liegen kam. <\/p>\n\n\n\n<p>Die \nJugendliche war ansprechbar und klagte \u00fcber Schmerzen im \nOberschenkelbereich. Sie kam nach medizinischer Erstversorgung vor Ort \nin ein Heidelberger Krankenhaus. <\/p>\n\n\n\n<p>Der Sachschaden wurde auf rund 3.000 Euro gesch\u00e4tzt. Die Ermittlungen zur Unfallursache f\u00fchrt das Polizeirevier Wiesloch. <\/p>\n\n\n\n<h4 class=\"wp-block-heading\">(Hockenheim \/ Rhein-Neckar-Kreis) &#8211; Vollbrand eines Gartenhauses<\/h4>\n\n\n\n<p>Am sp\u00e4ten Sonntagabend gegen 22.45 Uhr wurden Feuerwehr und Polizei  nach Hockenheim in den Hofweg gerufen. Aus bislang unbekannter Ursache  war dort, im Bereich der Kleingartenanlagen, ein circa 50 qm gro\u00dfes  Gartenhaus in Brand geraten. Beim Eintreffen der ersten Rettungskr\u00e4fte  stand dieses bereits in Vollbrand. Die Freiwillige Feuerwehr Hockenheim,  welche mit 22 Mann und 5 Fahrzeugen vor Ort war, konnte den Brand  schnell l\u00f6schen. Bei dem Zwischenfall wurde gl\u00fccklicherweise niemand  verletzt. Das Objekt ist aufgrund des Brandes derzeit einsturzgef\u00e4hrdet.  Die H\u00f6he des Sachschadens betr\u00e4gt nach ersten Sch\u00e4tzungen ca. 10.000  Euro. Weitere Ermittlungen bez\u00fcglich der Brandursache erfolgen durch  Brandermittler des Polizeireviers Hockenheim. <\/p>\n\n\n\n<h4 class=\"wp-block-heading\">(Hockenheim \/ Rhein-Neckar-Kreis) &#8211; Nach Hundebiss Zeugen gesucht!<\/h4>\n\n\n\n<p>Am Sonntagvormittag wurde eine Frau von einem Hund in den Oberschenkel  gebissen &#8211; die verantwortliche Hundef\u00fchrerin entfernte sich trotz der  hilflosen Lage der Verletzten vom Tatort. <\/p>\n\n\n\n<p>Eine 53-J\u00e4hrige ging um\n 11 Uhr mit ihrem angeleinten Hund in der Waldstra\u00dfe spazieren. Dabei \nkam ihr eine bislang unbekannte Hundef\u00fchrerin mit einem nicht \nangeleinten Malteserhund entgegen. Der Bitte den Hund anzuleinen kam die\n Unbekannte nicht nach. Hierbei biss der Malteser der 53-J\u00e4hrigen in den\n Oberschenkel, worauf diese zu Boden fiel, ein schmerzendes H\u00e4matom \ndavontrug und nicht mehr ohne Hilfe aufstehen konnte. Trotz der Bitte \nder Verletzten ihr zu helfen, setzte die unbekannte Frau gemeinsam mit \nihrem Malteser den Weg fort und lie\u00df die Verletzte auf dem Boden liegen.\n <\/p>\n\n\n\n<p>Die Beamten des Polizeireviers Hockenheim haben die Ermittlungen  wegen fahrl\u00e4ssiger K\u00f6rperverletzung und unterlassener Hilfeleistung  aufgenommen. In diesem  Zusammenhang suchen die Ermittler nach der  weiblichen Hundef\u00fchrerin, welche wie folgt beschrieben werden kann: <\/p>\n\n\n\n<ul><li>1,58  m gro\u00df<\/li><li>ca. 60 Jahre alt<\/li><li>sprach Deutsch<\/li><li>mitteleurop\u00e4isches Aussehen<\/li><li>grau-blonder Pagenschnitt mit vielen Locken<\/li><li>trug eine helle Jacke und  Jeans<\/li><li>f\u00fchrte ein Malteserhund mit sich. <\/li><\/ul>\n\n\n\n<p>Zeugen oder Hinweisgeber werden gebeten, sich unter 06205 28600 an die ermittelnden Beamten zu wenden. <\/p>\n\n\n\n<h4 class=\"wp-block-heading\">(Waibstadt \/ Rhein-Neckar-Kreis) &#8211; Nach Vandalismus in W\u00e4scherei Zeugen gesucht<\/h4>\n\n\n\n<p>In der Nacht von Samstag auf Sonntag brachen mehrere unbekannte T\u00e4ter  in eine W\u00e4scherei in der Neidensteiner Stra\u00dfe ein &#8211; wohl mit der Absicht  darin zu randalieren. <\/p>\n\n\n\n<p>Die Unbekannten verschafften sich zun\u00e4chst\n durch Aufbrechen der Eingangst\u00fcre einer Halle Zutritt in die \nR\u00e4umlichkeiten. Darin entnahmen diese dann insgesamt f\u00fcnf \nPulver-Feuerl\u00f6scher und bespr\u00fchten damit vier geparkte Transporter im \nHinterhof des Betriebs. Bei einem der Fahrzeuge wurde der komplette \nInnenraum eingespr\u00fcht, bei einem Zweiten die Ladefl\u00e4che. Zudem betraten \ndie T\u00e4ter durch einen Notausstieg das Dach des Anwesens. Hierf\u00fcr nutzen \ndie Unbekannten eine Leiter, die sie zuvor aus dem Geb\u00e4ude mitnahmen. <\/p>\n\n\n\n<p>Die\n Beamten des Polizeireviers Sinsheim haben die Ermittlungen aufgenommen \nund suchen in diesem Zusammenhang nach Zeugen oder Hinweisgebern. Diese \nwerden gebeten, sich unter 07261 6900 an die Ermittler zu wenden. <\/p>\n\n\n\n<h4 class=\"wp-block-heading\">(Spechbach \/ Rhein-Neckar-Kreis) &#8211; Rettungshubschrauber nach Reitunfall im Einsatz<\/h4>\n\n\n\n<p>Am Sonntagnachmittag kam es in der Hirtenstra\u00dfe zu einem Unfall bei dem  eine 9-J\u00e4hrige verletzt wurde. Das Kind ritt gegen 16:50 Uhr in  Begleitung auf einem Pferd vom Sch\u00fctzenhaus kommend in Richtung  Spechbach. Aus bislang unbekannter Ursache fiel das M\u00e4dchen dabei vom  Pferd mit dem Hinterkopf auf den Asphalt. Gl\u00fccklicherweise trug die  9-J\u00e4hrige einen Helm &#8211; da aber Verletzungen an der Wirbels\u00e4ule nicht  ausgeschlossen werden konnten wurde sie mit einem Rettungshubschrauber  in ein Krankenhaus geflogen. Das Pferd wurde unverletzt eingefangen. <\/p>\n\n\n\n<h4 class=\"wp-block-heading\">(Wiesenbach \/ Rhein-Neckar-Kreis) &#8211; 36-j\u00e4hriger Motorradfahrer bei Unfall verletzt<\/h4>\n\n\n\n<p>Bei einem Verkehrsunfall am Sonntagabend auf der L 532 bei Wiesenbach  wurde ein 36-j\u00e4hriger Motorradfahrer verletzt. Der Zweiradfahrer war  gegen 18 Uhr mit seinem Kraftrad von Lobenfeld in Richtung Wiesenbach  unterwegs. Kurz vor einer Rechtskurve \u00fcberholte er ein Auto. Aufgrund  der vermutlich nicht angepassten Geschwindigkeit verlor er nach  Abschluss des \u00dcberholvorgangs in der Kurve dann die Kontrolle \u00fcber sein  Zweirad, fuhr \u00fcber die Gegenfahrspur nach links in den Acker und  \u00fcberschlug sich dabei mehrmals. Der Fahrer des \u00fcberholten Pkw sowie eine  weitere Verkehrsteilnehmerin hielten an, k\u00fcmmerten sich um den  Verunfallten und verst\u00e4ndigten Polizei und Rettungsdienst. Der  36-J\u00e4hrige wurde zur Behandlung in eine Klinik eingeliefert. \u00dcber Art  und Schwere seiner Verletzungen liegen keine weiteren Informationen vor.  Das Motorrad wurde stark besch\u00e4digt und musste abgeschleppt werden. Der  Sachschaden wird auf rund 6.000 Euro gesch\u00e4tzt. <\/p>\n\n\n\n<h4 class=\"wp-block-heading\">(Heddesheim \/ Rhein-Neckar-Kreis) &#8211; Golfcaddy gestohlen und besch\u00e4digt, wer hat was gesehen?<\/h4>\n\n\n\n<p>Am Sonntag gegen 08.15 Uhr teilte eine Passantin mit, dass vor dem  Anwesen Muckensturm 17 ein sog. Golfcaddy herumstehen w\u00fcrde. <\/p>\n\n\n\n<p>Beim\n dem Fahrzeug war das Armaturenbrett samt Verkabelung herausgerissen. \nDas Fahrzeug hatte sich augenscheinlich aufgrund einer \nbaustellenbedingten Bodenunebenheit festgefahren. <\/p>\n\n\n\n<p>Die Ermittler gehen davon aus, dass das Golffahrzeug zuvor vom Areal des Golfclub Heddesheim entwendet wurde. <\/p>\n\n\n\n<p>Der Sachschaden konnte bislang nicht beziffert werden. <\/p>\n\n\n\n<p>Personen,\n die Hinweise geben k\u00f6nnen, wer das Fahrzeug benutzte oder verd\u00e4chtige \nPersonen festgestellt haben, werden gebeten, sich beim Polizeiposten \nHeddesheim unter 06203 41443 zu melden. <\/p>\n","protected":false},"excerpt":{"rendered":"<div class=\"mh-excerpt\"><p>Polizeimeldungen vom Montag (30.09.2019) (Speyer) &#8211; Verkehrsunfall mit Wildschwein Auf der L454 erfasste Sonntagnacht der 67 &#8211; j\u00e4hrige Fahrer eine Fiat Punto aus Speyer das letzte Tier einer etwa 5 Wildschweine umfassenden Rotte, welche die <a class=\"mh-excerpt-more\" href=\"https:\/\/speyer24news.com\/?p=20032\" title=\"Polizei:\">[&#8230;]<\/a><\/p>\n<\/div>","protected":false},"author":3,"featured_media":0,"comment_status":"open","ping_status":"open","sticky":false,"template":"","format":"standard","meta":{"_monsterinsights_skip_tracking":false,"_monsterinsights_sitenote_active":false,"_monsterinsights_sitenote_note":"","_monsterinsights_sitenote_category":0,"footnotes":""},"categories":[12],"tags":[61,2555,63,105,53,102,213,55,103,106,2803,2423,427,62,104,979,1565],"aioseo_notices":[],"amp_enabled":true,"_links":{"self":[{"href":"https:\/\/speyer24news.com\/index.php?rest_route=\/wp\/v2\/posts\/20032"}],"collection":[{"href":"https:\/\/speyer24news.com\/index.php?rest_route=\/wp\/v2\/posts"}],"about":[{"href":"https:\/\/speyer24news.com\/index.php?rest_route=\/wp\/v2\/types\/post"}],"author":[{"embeddable":true,"href":"https:\/\/speyer24news.com\/index.php?rest_route=\/wp\/v2\/users\/3"}],"replies":[{"embeddable":true,"href":"https:\/\/speyer24news.com\/index.php?rest_route=%2Fwp%2Fv2%2Fcomments&post=20032"}],"version-history":[{"count":2,"href":"https:\/\/speyer24news.com\/index.php?rest_route=\/wp\/v2\/posts\/20032\/revisions"}],"predecessor-version":[{"id":20036,"href":"https:\/\/speyer24news.com\/index.php?rest_route=\/wp\/v2\/posts\/20032\/revisions\/20036"}],"wp:attachment":[{"href":"https:\/\/speyer24news.com\/index.php?rest_route=%2Fwp%2Fv2%2Fmedia&parent=20032"}],"wp:term":[{"taxonomy":"category","embeddable":true,"href":"https:\/\/speyer24news.com\/index.php?rest_route=%2Fwp%2Fv2%2Fcategories&post=20032"},{"taxonomy":"post_tag","embeddable":true,"href":"https:\/\/speyer24news.com\/index.php?rest_route=%2Fwp%2Fv2%2Ftags&post=20032"}],"curies":[{"name":"wp","href":"https:\/\/api.w.org\/{rel}","templated":true}]}}