{"id":20048,"date":"2019-10-01T14:49:00","date_gmt":"2019-10-01T13:49:00","guid":{"rendered":"https:\/\/speyer24news.com\/?p=20048"},"modified":"2019-10-10T07:59:43","modified_gmt":"2019-10-10T06:59:43","slug":"germersheim-und-lk-ger-2","status":"publish","type":"post","link":"https:\/\/speyer24news.com\/?p=20048","title":{"rendered":"Germersheim und LK GER:"},"content":{"rendered":"<style type=\"text\/css\">\r\n\t.ads_top_disp{}\r\n\t.ads_top_corner_disp{ float:left; margin:0px 10px 10px 0px; }\r\n\t.ads_first_p_disp{}\r\n\t.ads_bottom_disp{}\r\n\t<\/style>\n<h2 class=\"wp-block-heading\"><strong>Gemeinsam gesund \u00e4lter werden im\nLandkreis Germersheim<\/strong><\/h2>\n\n\n\n<h3 class=\"wp-block-heading\"><strong>F\u00f6rderung\ndes Wohlbefinden und der Lebensqualit\u00e4t \u2013 Landkreis ist Pilotkommune<\/strong><\/h3>\n\n\n\n<p><strong>Landkreis Germersheim &#8211; <\/strong>\u201eDas Thema \u201aF\u00f6rderung des Wohlbefindens und der Lebensqualit\u00e4t \u00e4lterer Menschen\u2018 steht im Rahmen unserer Initiative \u201aGemeinsam \u00e4lter werden \u2013 Zuhause\u2018 Landkreis Germersheim in den n\u00e4chsten Jahren ganz oben auf der Tagesordnung\u201c, teilen Landrat Dr. Fritz Brechtel und der Erste Kreisbeigeordnete Christoph Buttweiler mit, \u201eIn vielen Gemeinden gibt es dazu schon gute Angebote. Unser Ziel ist es, dass m\u00f6glichst viele Seniorinnen und Senioren an diesen Angeboten teilnehmen k\u00f6nnen und kreisweit Angebote geschaffen werden, die das Wohlf\u00fchlen und die Gesundheit und damit die Lebensqualit\u00e4t \u00e4lterer Menschen f\u00f6rdern.\u201c<\/p>\n\n\n\n<p>Das bestehende Angebot in\nden Gemeinden ist breit gef\u00e4chert: Seniorennachmittage, gemeinsame\nMittagstische, Gesundheitsmessen, Ausfl\u00fcge, Hol- und Bringdienste, B\u00fcrgerbusse,\nNachbarschaftshilfe. Mehr \u00e4lteren Menschen die Teilhabe an bestehenden oder neu\nzu entwickelnden Angeboten zu erm\u00f6glichen, ist das Ziel der f\u00fcr den Bereich\nSenioren und Pflege zust\u00e4ndigen Gesch\u00e4ftsstelle der Kreisverwaltung Germersheim.\nZusammen mit Verantwortlichen und Aktiven in der Seniorenarbeit und der\nAltenhilfe sowie interessierten B\u00fcrgerinnen und B\u00fcrgern wird dieses Thema in\nden n\u00e4chsten zwei Jahren ein Schwerpunkt sein.<\/p>\n\n\n\n<p>F\u00fcr die fachliche und\nmethodische Begleitung hatte sich der Landkreis Germersheim als Pilotkommune\nf\u00fcr das Projekt \u201eF\u00f6rderung des Wohlbefindens und der Lebensqualit\u00e4t \u00e4lterer\nMenschen\u201c beworben. Dieses wird von der Bundesarbeitsgemeinschaft der\nSenioren-Organisationen (BAGSO) im Rahmen von \u201eIN FORM\u201c, Deutschlands\nInitiative f\u00fcr gesunde Ern\u00e4hrung und mehr Bewegung, durchgef\u00fchrt und vom\nBundesministerium f\u00fcr Ern\u00e4hrung und Landwirtschaft gef\u00f6rdert.<\/p>\n\n\n\n<p>Das \u201eBAGSO-Im Alter IN FORM\u201c-Team\nunterst\u00fctzt Pilotkommunen, begleitet fachlich und bietet allen, die in der\nSeniorenarbeit aktiv sind oder aktiv werden wollen, kostenlose Schulungen an.<\/p>\n\n\n\n<p>\u201eDer Landkreis richtet\neinen Fokus auf das Thema Gesundheitsf\u00f6rderung, denn die Einbindung \u00e4lterer\nMenschen in die Angebote, Aktivit\u00e4ten und Feste in der Gemeinde, schmackhafte\nund gesunde Mahlzeiten in Gemeinschaft oder ausreichend Bewegung sind wichtige\nVoraussetzung f\u00fcr ein gutes Lebensgef\u00fchl und die Erhaltung der\nSelbstst\u00e4ndigkeit, vor allem der k\u00f6rperlichen, seelischen und geistigen\nGesundheit\u201c, so Buttweiler. <\/p>\n\n\n\n<p>Anfang September hat sich bereits eine\nSteuerungsgruppe etabliert, die das weitere Vorgehen und die Einbindung aller\nAkteure festlegte. Auf Einladung von Landrat Brechtel und dem Ersten\nKreisbeigeordneten Christoph Buttweiler trafen sich am 30. September Verantwortliche\nund Akteure der Seniorenarbeit und Altenhilfe zum ersten Werkstatt-Treffen im\nStra\u00dfenmuseum in Germersheim: \u201eMit der Umsetzung der Initiative \u201aIm Alter IN\nFORM\u2018 wollen wir das Engagement f\u00fcr Gesundheitsf\u00f6rderung bei B\u00fcrgerinnen und\nB\u00fcrgern und Fachkr\u00e4ften in den Gemeinden unterst\u00fctzen\u201c, erkl\u00e4rt Valkana Krstev\nvon der Gesch\u00e4ftsstelle Regionale Pflegekonferenz.<\/p>\n\n\n\n<p>In der Veranstaltung wurde aufgezeigt, welche hohe Bedeutung gesundes Essen, ausreichend Bewegung und die soziale Einbindung der \u00e4lteren Menschen f\u00fcr das Wohlbefinden und die Gesundheit haben. Dargestellt wurde auch, warum alle in der Gemeinde von einem guten Angebot f\u00fcr \u00e4ltere Menschen profitieren k\u00f6nnen und wie es gemeinsam gelingen kann, gew\u00fcnschte Ziele f\u00fcr mehr Wohlbefinden \u00e4lterer Menschen zu erreichen. Das n\u00e4chste Werkstatt-Treffen findet am <strong>Donnerstag, 7. November 2019<\/strong>, im Stra\u00dfenmuseum in Germersheim statt. Wer gerne mitarbeiten m\u00f6chte, kann sich bei Frau Valkana Krstev von der Gesch\u00e4ftsstelle der Regionalen Pflegekonferenz in der Kreisverwaltung melden. Tel.&nbsp;07274\/53-279, E-Mail:  <a href=\"v.krstev@kreis-germersheim.de\">v.krstev@kreis-germersheim.de<\/a> . <\/p>\n\n\n\n<p><em>Kreisverwaltung Germersheim<br>01.10.2019<\/em><\/p>\n\n\n\n<h2 class=\"wp-block-heading\"><strong>Invasive Arten \u2013 Kalikokrebs<\/strong><\/h2>\n\n\n\n<h3 class=\"wp-block-heading\"><strong>Kreisverwaltung: Ma\u00dfnahmen gegen Ausbreitung darf nicht alleinige Sache der Landkreise werden<\/strong><\/h3>\n\n\n\n<div class=\"wp-block-image\"><figure class=\"aligncenter\"><img decoding=\"async\" loading=\"lazy\" width=\"800\" height=\"492\" src=\"https:\/\/speyer24news.com\/wp-content\/uploads\/2019\/10\/Orconectes_immunis_Kalikokrebs_calico_crayfish.jpg\" alt=\"\" class=\"wp-image-20053\" srcset=\"https:\/\/speyer24news.com\/wp-content\/uploads\/2019\/10\/Orconectes_immunis_Kalikokrebs_calico_crayfish.jpg 800w, https:\/\/speyer24news.com\/wp-content\/uploads\/2019\/10\/Orconectes_immunis_Kalikokrebs_calico_crayfish-300x185.jpg 300w, https:\/\/speyer24news.com\/wp-content\/uploads\/2019\/10\/Orconectes_immunis_Kalikokrebs_calico_crayfish-768x472.jpg 768w\" sizes=\"(max-width: 800px) 100vw, 800px\" \/><figcaption>Ein M\u00e4nnchen des Kalikokrebses<\/figcaption><\/figure><\/div>\n\n\n\n<p><strong>Landkreis Germersheim &#8211; <\/strong> \u201eAus Sicht der unteren Naturschutzbeh\u00f6rde stellt die fortschreitende Ausbreitung des Kalikokrebses eine erhebliche Gefahr f\u00fcr die Artenvielfalt und den Naturhaushalt unserer gew\u00e4ssergepr\u00e4gten Auen dar\u201c, so Michael Braun, zust\u00e4ndiger Kreisbeigeordneter bei der letzten Sitzung des Ausschusses f\u00fcr Umwelt- und Landwirtschaft. Er erg\u00e4nzt: \u201eDeshalb wurde die Landesregierung durch die Kreisverwaltung Germersheim \u00fcber verschiedene Schreiben auf die Problematik und die Notwendigkeit zur Ergreifung von Ma\u00dfnahmen hingewiesen. Da sich der Krebs leider nicht auf der EU-Liste der invasiven Arten (Unionsliste) befindet, wird eine rechtliche Verpflichtung seitens des Umweltministeriums jedoch nicht gesehen.\u201c Das Land verweist hierbei auf das laufende Forschungsprojekt unter Leitung von Prof. Dr. Andreas Martens am Institut f\u00fcr Biologie und Schulgartenentwicklung der P\u00e4dagogischen Hochschule Karlsruhe, \u00fcber das Managementma\u00dfnahmen des Kalikokrebses in Kleingew\u00e4ssern am Oberrhein entwickelt und evaluiert werden sollen.<\/p>\n\n\n\n<p>Im Ausschuss f\u00fcr\nUmwelt- und Landwirtschaft wurde auch \u00fcber die durch die Landesregierung\ngeplante \u00c4nderung der Zust\u00e4ndigkeitsverordnung Naturschutz informiert, die u.a.\neine Verlagerung der Zust\u00e4ndigkeit im Bereich des Vollzugs bei invasiven Arten\nauf die Landkreise vorsieht. \u201eDiese Aufgaben\u00fcbertragung sehen wir aufgrund der\noft kreis\u00fcbergreifenden Ausbreitung, der biologischen artspezifischen\nBesonderheiten mit komplexer Betroffenheitslage sowie des nicht absehbaren finanziellen\nund personellen Mehraufwands sehr kritisch\u201c, so Braun.\n\nDer Kalikokrebs (Orconectes\nimmunis) besiedelt l\u00e4ngst Gew\u00e4sser auch im Landkreis Germersheim sowie im\nganzen Pamina-Raum und breitet sich weiteraus. In den Gew\u00e4ssern am Oberrhein\nfindet der aus Nordamerika stammende Krebs durch die lehmigen B\u00f6den und die\nwarmen Wassertemperaturen ideale Bedingungen vor. Kennzeichen des Kalikokrebses\nist die enorme Reproduktionsrate, die M\u00f6glichkeit \u00fcber Land zu wandern und das\n\u00dcberstehen von monatelangen Trocken- und K\u00e4ltephasen durch den Bau von\nWohnr\u00f6hren, in dies sich der Krebs zur\u00fcckzieht. Uwe Mei\u00dfner von der Unteren\nNaturschutzbeh\u00f6rde informierte dar\u00fcber, dass es in befallenen Gew\u00e4ssern mit\nMassenvermehrung zu einer nahezu vollst\u00e4ndigen Zerst\u00f6rung der Vegetation,\nAmphibien- und Libellenbest\u00e4nde kommt, so dass der Kalikokrebs von Fachleuten als\nbesonders invasiv angesehen wird. Auch die Fischfauna, zu der auch der\nKalikokrebs geh\u00f6rt, leidet durch den Fra\u00dfdruck auf den Laich unter der\nzunehmenden Besiedlung der flie\u00dfenden und stehenden Gew\u00e4sser.\n\n\n\n<\/p>\n\n\n\n<p><em>Text: Kreisverwaltung Germersheim Foto: @ wikipedia <\/em><a rel=\"noreferrer noopener\" href=\"https:\/\/creativecommons.org\/licenses\/by-sa\/3.0\" target=\"_blank\"><em>CC BY-SA 3.0<\/em><\/a><em> <br>01.10.2019<\/em><\/p>\n\n\n\n<h2 class=\"wp-block-heading\"><strong>H\u00f6rdter Rheinaue: Reserveraum f\u00fcr Extremhochwasser<\/strong><\/h2>\n\n\n\n<h3 class=\"wp-block-heading\"><strong>SGD S\u00fcd  informierte in B\u00fcrgermeisterrunde zum aktuellen Planungsstand f\u00fcr den  Reserveraum f\u00fcr Extremhochwasser in der H\u00f6rdter Rheinaue<\/strong><\/h3>\n\n\n\n<div class=\"wp-block-image\"><figure class=\"aligncenter\"><img decoding=\"async\" loading=\"lazy\" width=\"800\" height=\"534\" src=\"https:\/\/speyer24news.com\/wp-content\/uploads\/2019\/10\/IMG_1760-H\u00f6rdter-Rheinauen.jpg\" alt=\"\" class=\"wp-image-20051\" srcset=\"https:\/\/speyer24news.com\/wp-content\/uploads\/2019\/10\/IMG_1760-H\u00f6rdter-Rheinauen.jpg 800w, https:\/\/speyer24news.com\/wp-content\/uploads\/2019\/10\/IMG_1760-H\u00f6rdter-Rheinauen-300x200.jpg 300w, https:\/\/speyer24news.com\/wp-content\/uploads\/2019\/10\/IMG_1760-H\u00f6rdter-Rheinauen-768x513.jpg 768w\" sizes=\"(max-width: 800px) 100vw, 800px\" \/><figcaption> H\u00f6rdter Rheinauen<\/figcaption><\/figure><\/div>\n\n\n\n<p><strong>H\u00f6rdt &#8211; <\/strong>Die Deichmeisterei\/Neubaugruppe Hochwasserschutz der SGD S\u00fcd informierte  im Rahmen der &#8222;B\u00fcrgermeisterrunde&#8220; \u00fcber den aktuellen Planungsstand zum  Reserveraum f\u00fcr Extremhochwasser in der H\u00f6rdter Rheinaue. Es war das  vierte Treffen in diesem Rahmen, bei dem die  B\u00fcrgermeister der vom Vorhaben tangierten Gemeinden und der Landrat  vertreten waren.<\/p>\n\n\n\n<p>Anhand des aktuellen Vorhabenplans erl\u00e4uterte der Leiter der  Deichmeisterei\/Neu-baugruppe Wolfgang Koch, die geplanten Optimierungen  zur:<\/p>\n\n\n\n<ul><li>Lage und Detailprofilierung des Abschlussdeichs<\/li><li>Gew\u00e4hrleistung der binnenseitigen Entw\u00e4sserung beim Einsatz des Reserveraums und den Sch\u00f6pfwerken<\/li><li>\u00d6kologischen Flutung und der Nutzbarkeit der Hauptwege<\/li><li>Sicherstellung der landwirtschaftlichen Nutzbarkeit<\/li><\/ul>\n\n\n\n<p>Koch berichtete \u00fcber die Detailanalysen zur Wirksamkeit des  Reserveraums. Sie zeigen, dass erg\u00e4nzend zu den geplanten  &#8222;\u00dcberlaufschwellen&#8220; die Anlage von &#8222;definierten Breschen&#8220; sinnvoll ist.<\/p>\n\n\n\n<p>Als \u00dcberlaufschwellen werden Bereiche bezeichnet, bei denen  Rheinhochwasser je nach Wasserstand im Rhein in den Reserveraum  \u00fcberl\u00e4uft. Die \u00dcberlaufschwellen beim Reserveraum in H\u00f6rdt sind auf H\u00f6he  des Wasserstands geplant, auf dessen H\u00f6he die Deiche bemessen  sind. Definierte Breschen sind speziell gesicherte Bereiche, bei denen  bei Hochwasser der Deich gezielt und auf den definierten Bereich der  Bresche beschr\u00e4nkt ge\u00f6ffnet und so der Reserveraum gef\u00fcllt werden kann.<\/p>\n\n\n\n<p>Die Analysen zur Wirksamkeit des Reserveraums haben gezeigt, dass  \u00dcberlaufschwellen bei den besonders hohen (und damit besonders seltenen)  Extremhochwassern optimal wirksam sind. Extremhochwasser, die im  Bereich der \u00dcberlaufschwellen jedoch den Bemessungswasserstand  der Deiche nur gering \u00fcbersteigen, sind dagegen nicht in der Lage, die  R\u00fcckhalteleistung des Reserveraums auszusch\u00f6pfen, da bei geringeren  \u00dcberlaufwasserst\u00e4nden die Leistungsf\u00e4higkeit der \u00dcberlaufschwellen nicht  zu seiner effektiven Bef\u00fcllung ausreichend w\u00e4re.<\/p>\n\n\n\n<p>Naturgem\u00e4\u00df sind gro\u00dfe Extremhochwasser mit besonders hohem  Rheinwasserstand, seltener zu erwarten als niedrigere Extremhochwasser.  Um die Leistungsf\u00e4higkeit des Reserveraums auch bei  Extremhochwasserereignissen, die die Bemessungsgrenze der Deiche nur  wenig  \u00fcbersteigen, optimal nutzen zu k\u00f6nnen, ist die Einrichtung von  definierten Breschen notwendig.<\/p>\n\n\n\n<p>Wolfgang Koch erl\u00e4uterte, dass die m\u00f6glichst weitgehende Aussch\u00f6pfung  der Leistungsf\u00e4higkeit des Reserveraums (gerade auch bei relativ  wahrscheinlicheren niedrigen Extremhochwasserereignissen) insbesondere  auch den Hochwasserschutz im Bereich der an den Reserveraum  unmittelbar angrenzenden Gemeinden und des Landkreises Germersheim  wichtig ist, da gerade hier durch die Nutzung des Reserveraums der  Hochwasserspiegel erheblich abgesenkt wird.<\/p>\n\n\n\n<p>Landrat Dr.&nbsp;Fritz Brechtel betonte, dass f\u00fcr ihn und die B\u00fcrgermeister  das Ziel ein bestm\u00f6glicher Hochwasserschutz in der Region ist. Die  Veranstaltung habe folgende wesentlichen Erkenntnisse best\u00e4tigt  beziehungsweise untermauert:<\/p>\n\n\n\n<ol><li>Unterhalb eines 200-j\u00e4hrigen Hochwasserereignisses wird der  Reserveraum H\u00f6rdter Rheinaue nicht eingesetzt, weil hier die anderen  Ma\u00dfnahmen des Hochwasserschutzes greifen.<\/li><li>Bei extremen Hochwasserereignissen oberhalb der 200-j\u00e4hrigen Marke  ist der Reserveraum H\u00f6rdt bei gezielter Bef\u00fcllung in der Lage, den  Hochwasserschutz f\u00fcr die Rheinanliegergemeinden im Kreis Germersheim  deutlich zu verbessern. Insbesondere die Gemeinden  von Neupotz bis Germersheim werden deutlich besser gesch\u00fctzt. Auch  dar\u00fcber hinaus greifen die Verbesserungen, vor allem stromabw\u00e4rts.<\/li><li>Um den Hochwasserschutz innerhalb des Kreises Germersheim je nach  Hochwasserereignis zu optimieren, muss sowohl mit \u00dcberlaufschwellen, als  auch erg\u00e4nzend mit definierten Breschen gearbeitet werden. Dies haben  die Probeberechnungen und Computersimulationen  klar aufgezeigt.<\/li><\/ol>\n\n\n\n<p>Er unterst\u00fctzt daher die weitere Planung mit \u00dcberlaufschwellen und  definierten Breschen. Landrat Dr.&nbsp;Fritz Brechtel stellte klar, dass es  sich in H\u00f6rdt um einen Reserveraum f\u00fcr Extremhochwasser und nicht um  einen Polder handelt. Der Einsatz des Reserveraums  darf nur dann erfolgen, wenn alle anderen R\u00fcckhalter\u00e4ume am Oberrhein  bei einem Hochwasser in Einsatzkommen und dennoch aufgrund eines  Extremereignisses zus\u00e4tzliche R\u00fcckhaltekapazit\u00e4t zwingend erforderlich  wird.<\/p>\n\n\n\n<p>Auch der B\u00fcrgermeister der Verbandsgemeinde R\u00fclzheim, Matthias Schardt,  bef\u00fcrwortet wegen der gerade vor Ort signifikant erh\u00f6hten Wirksamkeit,  eine zus\u00e4tzliche M\u00f6glichkeit zur Bef\u00fcllung des Reserveraums \u00fcber  definierte Breschen zu schaffen. Zu beachten sei  aber, dass die Option zur Steuerung vor Ort kritisch gesehen wird.  Infolge der M\u00f6glichkeit zur Bef\u00fcllung \u00fcber definierte Breschen d\u00fcrfe der  Reserveraum nicht zum Ersatz von noch nicht realisierten  R\u00fcckhalter\u00e4umen werden. Der Einsatz des Reserveraums d\u00fcrfe  nur erfolgen, wenn alle Polder und Deichr\u00fcckverlegungen in Einsatz  kommen und dies absehbar nicht ausreichend ist, um den Hochwasserschutz  zu gew\u00e4hrleisten.<\/p>\n\n\n\n<p>Zum Abschluss der B\u00fcrgermeisterrunde gab Wolfgang Koch einen Ausblick  zum weiteren Vorgehen. Als wesentliche Punkte seien noch die Bauzuwegung  und die naturschutzbezogenen Ausgleichsma\u00dfnahmen zu planen. Der  Beteiligungsprozess soll in bew\u00e4hrter Weise fortgesetzt  werden. F\u00fcr 2020 sind der Abschluss der Planungen und die Stellung des  Antrags auf Planfeststellung vorgesehen. Bereits im n\u00e4chsten Sommer soll  als vorgezogene Ma\u00dfnahme mit dem Neubau des Sch\u00f6pfwerks Leimersheim  begonnen werden.<\/p>\n\n\n\n<div class=\"wp-block-image\"><figure class=\"aligncenter\"><img decoding=\"async\" loading=\"lazy\" width=\"400\" height=\"235\" src=\"https:\/\/speyer24news.com\/wp-content\/uploads\/2019\/10\/SGD-S\u00fcd.jpg\" alt=\"\" class=\"wp-image-20052\" srcset=\"https:\/\/speyer24news.com\/wp-content\/uploads\/2019\/10\/SGD-S\u00fcd.jpg 400w, https:\/\/speyer24news.com\/wp-content\/uploads\/2019\/10\/SGD-S\u00fcd-300x176.jpg 300w\" sizes=\"(max-width: 400px) 100vw, 400px\" \/><\/figure><\/div>\n\n\n\n<p><em>Struktur- und Genehmigungsdirektion S\u00fcd (SGD)<br>01.10.2019<\/em><\/p>\n\n\n\n<h2 class=\"wp-block-heading\"><strong>S\u00dcDPFALZ &#8211; Radelspa\u00df, Natur- und Weingenuss auf der Offerta<\/strong><\/h2>\n\n\n\n<div class=\"wp-block-image\"><figure class=\"aligncenter\"><img decoding=\"async\" loading=\"lazy\" width=\"800\" height=\"449\" src=\"https:\/\/speyer24news.com\/wp-content\/uploads\/2019\/10\/Offerta-2018-STAND-1.jpg\" alt=\"\" class=\"wp-image-20050\" srcset=\"https:\/\/speyer24news.com\/wp-content\/uploads\/2019\/10\/Offerta-2018-STAND-1.jpg 800w, https:\/\/speyer24news.com\/wp-content\/uploads\/2019\/10\/Offerta-2018-STAND-1-300x168.jpg 300w, https:\/\/speyer24news.com\/wp-content\/uploads\/2019\/10\/Offerta-2018-STAND-1-768x431.jpg 768w, https:\/\/speyer24news.com\/wp-content\/uploads\/2019\/10\/Offerta-2018-STAND-1-678x381.jpg 678w\" sizes=\"(max-width: 800px) 100vw, 800px\" \/><\/figure><\/div>\n\n\n\n<p><strong>Karlsruhe &#8211;<\/strong> Der S\u00fcdpfalz-Tourismus Landkreis Germersheim e.V. pr\u00e4sentiert erneut gemeinsam mit S\u00fcdliche Weinstrasse e.V. und den Museen aus der Verbandsgemeinde Jockgrim <strong>vom 26. Oktober bis 3. November<\/strong> die Besonderheiten der S\u00fcdpfalz auf der Verbrauchermesse \u201eOfferta\u201c. <\/p>\n\n\n\n<p>Direkt im\nEingangsbereich der Halle 1 der Karlsruher Messe erhalten die Besucher Tipps\nf\u00fcr ihren Ausflug in die benachbarte S\u00fcdpfalz, Informationen zu Rad- und\nWanderwegen sowie Freizeit- und Einkehrm\u00f6glichkeiten. <\/p>\n\n\n\n<p>Druckfrisch erh\u00e4ltlich\nsind der Veranstaltungskalender 2020 sowie der Flyer \u201eWilde Wochen in der\nS\u00fcdpfalz\u201c mit Tipps, bei welchen Gastronomen man Wildgerichte vom heimischen\nWild genie\u00dfen kann. <\/p>\n\n\n\n<p>Am\nS\u00fcdpfalztag, der traditionell am Offerta-Dienstag stattfindet, gibt es\nzus\u00e4tzlich ein buntes B\u00fchnenprogramm. Nachmittags werden an diesem Tag (29.10.)\ndie S\u00fcdpf\u00e4lzer Hoheiten Autogramme geben und bei einer Gewinnspielrallye mit\nSch\u00e4tzspielen und Fragen an den St\u00e4nden gibt es attraktive Preise der\nMitaussteller und Teilnehmer der diesj\u00e4hrigen Offerta zu gewinnen. Von 13 \u2013\n13.50 Uhr unterhalten der Chor und die Big Band des Europa-Gymnasiums W\u00f6rth auf\nder Hauptb\u00fchne die G\u00e4ste. <\/p>\n\n\n\n<p>Am\n\u201eFreundinnentag\u201c am 31.10. erhalten Freundinnen von 16 \u2013 18 Uhr beim Wein- und\nSektgut Rosenhof aus Steinweiler sowie beim Weingut Kehrt aus Winden ein Glas\nSecco gratis.<\/p>\n\n\n\n<p>S\u00fcdpf\u00e4lzer\nWeine k\u00f6nnen w\u00e4hrend der gesamten Messe beim Wein- und Sektgut Rosenhof sowie\nbei den Weing\u00fctern Heintz aus Minfeld (26.10.-30.10.) und Kehrt aus Winden\n(31.10. &#8211; 03.11.) verkostet werden. Die Hofmetzgerei Kerth aus\nKandel-Minderslachen, das Reptilium Landau mit seinen exotischen Tieren und\nnicht zuletzt die \u201eHerxemer\u201c Schokok\u00fcsse runden die Vielfalt der Angebote aus\nder S\u00fcdpfalz ab. Das Terra-Sigillata-Museum Rheinzabern und das Haus \u201eLeben am\nStrom\u201c halten allerlei Geschichte(n) bereit. Am <strong>Donnerstag<\/strong> hei\u00dft es wieder \u201eBellheimer Tag\u201c. Die \u201eBellheimer Lords\u201c\nverteilen kostenlos Bier der Bellheimer Brauerei. Auf der Aktionsfl\u00e4che\npr\u00e4sentieren sich in diesem Jahr die Stadt Germersheim sowie das Stadt- und\nFestungsmuseum Germersheim und das Deutsche Stra\u00dfenmuseum aus Germersheim am 26.\/27.10.,\nder Radshop Seither aus R\u00fclzheim am 28.10., Lama-Wandern am 30.10. sowie\n1.\/2.11., die Steinweilerer Seifenmanufaktur am 01. und 02.11. sowie der\nAbenteuerpark Kandel und Haasis Radschlag aus Germersheim am 03.11. und die\nBurg Berwartstein vom 01. bis 03.11. Au\u00dferdem ist am 30.10. das Museum aus\nHerxheim mit dabei.<\/p>\n\n\n\n<p>Zu finden ist die\nS\u00fcdpfalz in Halle 1. Stand A.01, A.04, A.18+B.03<\/p>\n\n\n\n<p>Weitere Informationen: S\u00fcdpfalz-Tourismus\nLandkreis Germersheim e.V. <a href=\"http:\/\/www.suedpfalz-tourismus.de\">www.suedpfalz-tourismus.de<\/a><\/p>\n\n\n\n<p><em>Kreisverwaltung Germersheim<br>01.10.2019<\/em><\/p>\n\n\n\n<h2 class=\"wp-block-heading\"><strong>Gro\u00dfes Kino zeigt Filme \u00fcber das\n\u00c4lterwerden <\/strong><\/h2>\n\n\n\n<h3 class=\"wp-block-heading\"><strong>10. Europ\u00e4ische Filmfestival der Generationen im Landkreis Germersheim vom 17. bis 27. Oktober<\/strong><\/h3>\n\n\n\n<div class=\"wp-block-image\"><figure class=\"aligncenter\"><img decoding=\"async\" loading=\"lazy\" width=\"800\" height=\"256\" src=\"https:\/\/speyer24news.com\/wp-content\/uploads\/2019\/10\/Europ\u00e4isches-Film-Festival.png\" alt=\"\" class=\"wp-image-20049\" srcset=\"https:\/\/speyer24news.com\/wp-content\/uploads\/2019\/10\/Europ\u00e4isches-Film-Festival.png 800w, https:\/\/speyer24news.com\/wp-content\/uploads\/2019\/10\/Europ\u00e4isches-Film-Festival-300x96.png 300w, https:\/\/speyer24news.com\/wp-content\/uploads\/2019\/10\/Europ\u00e4isches-Film-Festival-768x246.png 768w\" sizes=\"(max-width: 800px) 100vw, 800px\" \/><\/figure><\/div>\n\n\n\n<p><strong>Landkreis Germersheim &#8211; <\/strong> Das Europ\u00e4ische Filmfestival der Generationen gastiert wieder in der Metropolregion Rhein-Neckar. <strong>Vom 17. bis 27. Oktober <\/strong>hei\u00dft es auch an mehreren Orten im Landkreis Germersheim wieder \u201eVorhang auf\u201c und \u201eEintritt frei\u201c.<\/p>\n\n\n\n<p>Wie\nkein anderes Festival tr\u00e4gt das Europ\u00e4ische Filmfestival, das 2019 zehnj\u00e4hriges\nJubil\u00e4um feiert, zum Dialog der Generationen bei. Im Anschluss an jede\nFilmvorf\u00fchrung kommt das Publikum mit ausgew\u00e4hlten Fachleuten und ehrenamtlich\nAktiven aus der Seniorenarbeit, aus der Altenhilfe und der Politik ins\nGespr\u00e4ch. So wird das Filmthema vertieft und die Bedeutung des Demografischen\nWandels f\u00fcr das eigene Leben und das eigene Altern greifbarer. Die Diskussionen\nnach den Filmvorf\u00fchrungen erm\u00f6glichen den Dialog zwischen den Generationen und\nKulturen und k\u00f6nnen neue Impulse setzen zur St\u00e4rkung des nachbarschaftlichen\nMiteinanders in der Gemeinde. <\/p>\n\n\n\n<p>Zum\nJubil\u00e4umsjahr wurde ein Programm mit \u00fcber 30 Filmen zusammengestellt. Sechs der\ndiesj\u00e4hrigen zehn Filmpremieren sind an verschiedenen Orten im Landkreis\nGermersheim zu sehen. <\/p>\n\n\n\n<p>W\u00e4hrend\nder Festivalwoche werden in neun Gemeinden des Landkreises insgesamt 15\nFilmvorf\u00fchrungen mit anschlie\u00dfenden Gespr\u00e4chsrunden stattfinden. <strong>Der Eintritt ist frei.<\/strong><\/p>\n\n\n\n<p>Im Alten Regina Kino in <strong>Germersheim<\/strong>, Sandstr. 12a, werden die Filme \u201eBritt-Marie war hier\u201c (Montag, 21. Oktober, 18.30 Uhr), \u201eDas etruskische L\u00e4cheln\u201c (Dienstag, 22. Oktober, 18.30 Uhr), \u201eWilde Erdbeeren\u201c (Mittwoch, 23. Oktober, 18.30 Uhr), \u201eEine bretonische Liebe\u201c (Donnerstag, 24. Oktober, 18.30 Uhr) und \u201eEin Haufen Liebe\u201c (Freitag, 25. Oktober, 18.30 Uhr) gezeigt. Veranstalter ist das Seniorenb\u00fcro der Stadt Germersheim, unterst\u00fctzt von der Gruppe Agenda 21 und der Sprechergruppe Ohrenschmaus.<\/p>\n\n\n\n<p>In <strong>Kandel<\/strong> ist der Film \u201eHonig im Kopf\u201c am Samstag, 19. Oktober, um 17\nUhr im Kultursaal der Stadthalle Kandel, Schulgasse 3, zu sehen. Veranstalter\nist die B\u00fcrgergemeinschaft Kandel e.V., zusammen mit dem Familienb\u00fcro bellA,\ndem Haus der Familie \u2013 FFZ Kandel und VergissDeinNicht &#8211; Die etwas andere\nAgentur.<\/p>\n\n\n\n<p>In <strong>Lingenfeld <\/strong>steht der Film \u201eBritt-Marie war hier\u201c am Freitag, 18.\nOktober, 19 Uhr, in der Protestantischen Kirchengemeinde im Gemeindesaal\nLingenfeld, Humboldtstr. 12. Veranstalter ist der B\u00fcrgerverein der Verbandsgemeinde\nLingenfeld e.V. <\/p>\n\n\n\n<p>In <strong>Lustadt <\/strong>wird am Freitag, 25. Oktober, 19 Uhr, im B\u00fcrgersaal des\nRathauses, Obere Hauptstra\u00dfe 140, der Film \u201eDas etruskische L\u00e4cheln\u201c gezeigt.\nVeranstalter ist der B\u00fcrgerverein der Verbandsgemeinde Lingenfeld e.V.<\/p>\n\n\n\n<p>In <strong>Neulauterburg\/Berg<\/strong> steht der Film \u201eAugenblicke. Gesichter einer Reise\u201c am Dienstag, 22. Oktober, 14 Uhr, im EVTZ Eurodistikt PAMINA, Hagenbacher Str. 5a, auf dem Programm. Veranstalter ist der EVTZ Eurodistrikt PAMINA Neulauterburg, in Kooperation mit der BBS S\u00fcdliche Weinstra\u00dfe, dem Lyc\u00e9e Stanislas Wissembourg, dem Landkreis Germersheim und dem Conseil D\u00e9partemental du Bas-Rhin.<\/p>\n\n\n\n<p>In <strong>R\u00fclzheim <\/strong>wird am Donnerstag, 24. Oktober, um 17 Uhr, im Centrum f\u00fcr\nKunst und Kultur, Kuntzengasse 3 der Film \u201eWir sind die Neuen\u201c gezeigt.\nVeranstalter ist der S\u00fcdpfalz-Tourismus Verbandsgemeinde R\u00fclzheim e.V. <\/p>\n\n\n\n<p>In <strong>Schwegenheim <\/strong>steht am Montag, 21. Oktober, um 17.30 Uhr, im\nDorfgemeinschaftshaus im Rathaus, Hauptstra\u00dfe 78 \u201eGundermann\u201c auf dem Programm.\nVeranstalter ist der B\u00fcrgerverein der Verbandsgemeinde Lingenfeld e.V.<\/p>\n\n\n\n<p>In <strong>Westheim <\/strong>wird am Donnerstag, 24. Oktober, 16.30 Uhr, im B\u00fcrgerhaus,\nKleiner Saal, Martin-Luther-Weg 1, der Film \u201eHeute bin ich blond\u201c gezeigt.\nVeranstalter ist der B\u00fcrgerverein der Verbandsgemeinde Lingenfeld e.V.<\/p>\n\n\n\n<p>Im Mehrgenerationenhaus in <strong>W\u00f6rth<\/strong>, Ahornstra\u00dfe 5, werden die Filme\n\u201eDie mit dem Bauch tanzen\u201c (Dienstag, 22. Oktober, 18.30 Uhr), \u201eMonsieur Pierre\ngeht online\u201c (Donnerstag, 24. Oktober, 18.30 Uhr) und \u201eBritt-Marie war hier\u201c (Sonntag,\n27. Oktober, 16 Uhr) gezeigt. Veranstalter ist die Stadtverwaltung W\u00f6rth am\nRhein in Kooperation mit dem Mehrgenerationenhaus W\u00f6rth.<\/p>\n\n\n\n<p>Alle Veranstaltungen im Landkreis Germersheim finden Interessierte auf der \u00dcbersicht der Gesch\u00e4ftsstelle Regionale Pflegekonferenz der Kreisverwaltung Germersheim auf <a href=\"http:\/\/www.kreis-germersheim.de\">www.kreis-germersheim.de<\/a>. Das Gesamtprogramm des 10. Filmfestivals der Generationen ist im Internet auf <a href=\"http:\/\/www.festival-generationen.de\">www.festival-generationen.de<\/a> ver\u00f6ffentlicht. <\/p>\n\n\n\n<p>Bundesweiter Veranstalter des\nEurop\u00e4ischen Filmfestivals der Generationen ist das Kompetenzzentrum Alter der\nUniversit\u00e4t Heidelberg. Festivalleiter ist der Gerontologe Dr. Michael Doh. Die\nKoordination des Filmfestivals in der Metropolregion Rhein-Neckar (MRN) \u00fcbernimmt\nseit 2014 das vom Verband Region Rhein-Neckar (vrrn) getragene Netzwerk\nRegionalstrategie Demografischer Wandel (RDW).<\/p>\n\n\n\n<p><em>Kreisverwaltung Germersheim<br>01.10.2019<\/em><\/p>\n\n\n\n<h2 class=\"wp-block-heading\"><strong>Zusch\u00fcsse f\u00fcr Jugendarbeit werden\nerh\u00f6ht<\/strong><\/h2>\n\n\n\n<h3 class=\"wp-block-heading\"><strong>Jugendhilfeausschuss:\nVerbesserungen f\u00fcr Anbieter au\u00dferschulischer Jugendarbeit beschlossen<\/strong><\/h3>\n\n\n\n<p><strong>Landkreis Germersheim &#8211; <\/strong>Jugendarbeit braucht finanzielle Ressourcen: Sowohl im Sinne der F\u00f6rderung von Veranstaltungen und Projekten als auch zur Sicherung der fachlichen und personellen Grundlagen der Jugendarbeit. <\/p>\n\n\n\n<p>H\u00f6he\nund Art der F\u00f6rderungen sind in den Richtlinien der Jugendarbeit im Landkreis\nGermersheim festgelegt. In seiner letzten Sitzung hat der Jugendhilfeausschuss\ndie Anhebung der Zusch\u00fcsse und die Fortschreibung der vorhandenen\nKreisrichtlinie zur F\u00f6rderung der Jugendarbeit im Landkreis Germersheim\nbeschlossen. Die neue Richtlinie tritt zum 01.01.2020 in Kraft.<\/p>\n\n\n\n<p>Darin\nwird das F\u00f6rderalter bei der Schulung Ehrenamtlicher von 15 auf 14 Jahre\nherabgesetzt und die allgemeinen Zusch\u00fcsse werden aufgrund der angestiegenen\nMaterial- und Sachkosten erh\u00f6ht. <\/p>\n\n\n\n<p>\u201eNach\n9 Jahren ist eine Anpassung durchaus angebracht und gerne hat die Verwaltung\ndas Anliegen des Kreisjugendrings aufgegriffen, die Kriterien zur F\u00f6rderung\nanzupassen\u201c, so der Erste Kreisbeigeordnete und Vorsitzende des\nJugendhilfeausschusses Christoph Buttweiler. <\/p>\n\n\n\n<p>Gerade\nJugendverb\u00e4nde sind auf stabile Strukturen angewiesen, die es jungen\nehrenamtlich Engagierten erm\u00f6glichen, sich neben Schule, Ausbildung oder\nStudium in der Jugendarbeit zu engagieren. Daher ist es wichtig, den\nEngagierten gute Aus- und Fortbildungsm\u00f6glichkeiten anzubieten und sie in ihrer\nverantwortungsvollen Arbeit mit Kindern und Jugendlichen zu unterst\u00fctzen. <\/p>\n\n\n\n<p>\u201eAu\u00dferdem\ndient es der Vereinbarkeit von Familie und Beruf, denn die\nErziehungsberechtigten im Landkreis sind auf eine verl\u00e4ssliche und attraktive\nFerienbetreuung ihrer Kinder angewiesen. Und die F\u00f6rderung von Freizeiten und\nKinderferienbetreuungen bewirkt, dass diese Ma\u00dfnahmen zu einem angemessenen\nPreis angeboten werden k\u00f6nnen\u201c, so Buttweiler.<\/p>\n\n\n\n<p>\u201eEbenfalls\nwichtig ist, dass in den neuen Richtlinien dem Thema Inklusion nunmehr auch\ndurch eine h\u00f6here F\u00f6rderung bei Teilnahme von beeintr\u00e4chtigten Menschen f\u00fcr\nFreizeiten oder (Bildungs-) Ma\u00dfnahmen Rechnung getragen wird\u201c, erg\u00e4nzt Jugendamtsleiterin\nDenise Hartmann-Mohr.<\/p>\n\n\n\n<p>F\u00fcr Fragen und Antr\u00e4ge auf F\u00f6rderung k\u00f6nnen sich alle Anbieter von au\u00dferschulischer Jugendarbeit (Vereine, Verb\u00e4nde, kirchliche Tr\u00e4ger, etc.) im Landkreis Germersheim an das Kreisjugendamt, Jutta Werling, Tel. 07274\/53 433, E-Mail: <a href=\"mailto:j.werling@kreis-germersheim.de\">j.werling@kreis-germersheim.de<\/a>, wenden.<\/p>\n\n\n\n<p><em>Kreisverwaltung Germersheim<br>01.10.2019<\/em><\/p>\n\n\n\n<h1 class=\"wp-block-heading\" style=\"text-align:center\"><strong>Kreisvolkshochschule Germersheim<\/strong><\/h1>\n\n\n\n<div class=\"wp-block-image\"><figure class=\"aligncenter\"><img decoding=\"async\" src=\"https:\/\/speyer24news.com\/wp-content\/uploads\/2019\/09\/KVHS-GER-Logo.png\" alt=\"\" class=\"wp-image-19415\"\/><\/figure><\/div>\n\n\n\n<h2 class=\"wp-block-heading\"><strong>Kurse, Vortr\u00e4ge, Veranstaltungen:<\/strong><\/h2>\n\n\n\n<p>Es wird darauf hingewiesen, dass zu\nallen nachstehend aufgef\u00fchrten Kursen und Vortr\u00e4gen eine<strong> Anmeldung unbedingt erforderlich <\/strong>ist. Kontaktadressen sind\nam Ende des Textes zu finden.<\/p>\n\n\n\n<p><strong>2019kv080<\/strong><strong><\/strong><\/p>\n\n\n\n<p><strong>\u201eVorbereitungskurs\nzum nachtr\u00e4glichen Erwerb der Berufsreife (Hauptschulabschluss) &#8211; <em>kostenfreier<\/em> Informationsabend <\/strong>mit <strong>&nbsp;Karin\nTr\u00e4ber:<\/strong> Germersheim, Ritter-von-Schmau\u00df-Str.\/Ecke Paradeplatz, Seiteneingang der Berufsbildende Schule, EG, Saal E 01.\nBeginn: Mittwoch, 16.10.2019, 18:00 &#8211; 19:30 Uhr. <strong><\/strong><\/p>\n\n\n\n<p><strong>2019kv325<\/strong><strong><\/strong><\/p>\n\n\n\n<p><strong>\u201ePr\u00e4sentation mit PowerPoint 2016\u201c &#8211; <\/strong>Kurs mit<strong> Gerald Kessing:<\/strong> Germersheim, Ritter-von-Schmau\u00df-Str.\/Ecke\nParadeplatz, EDV-Raum in der KVHS\nGesch\u00e4ftsstelle. Beginn: Montag, 21.10.2019, 18:00\n&#8211; 21:00 Uhr. Dauer: 4 Termine,\nKosten: 56,00 Euro\/Person.<\/p>\n\n\n\n<p><strong>2019kv220<\/strong><strong><\/strong><\/p>\n\n\n\n<p><strong>\u201eFeldenkraismethode\u00ae &#8211; Kurs A\u201c &#8211; <\/strong>Kurs mit<strong> Katharina Gayer:<\/strong> Germersheim, Ritter-von-Schmau\u00df-Str.\/Ecke\nParadeplatz, Seiteneingang der\nBerufsbildende Schule, EG, Saal E 06. Beginn: Samstag, 26.10.2019, 10:00 &#8211; 16:30\nUhr. Dauer: 1 Termin, Kosten: 40,00 Euro\/Person.<\/p>\n\n\n\n<p><strong>2019kv302<\/strong><strong><\/strong><\/p>\n\n\n\n<p><strong>\u201eDer Alltagsknigge f\u00fcr viele Lebenslagen\u201c &#8211; <\/strong>Kurs mit<strong> Ulrike-Ebba Gr\u00e4fin von Sparr:<\/strong>\nGermersheim, Ritter-von-Schmau\u00df-Str.\/Ecke Paradeplatz, Seiteneingang der Berufsbildende Schule, EG, Saal E 01. Beginn: Dienstag, 29.10.2019,\n18:00 &#8211; 21:00\nUhr. Dauer: 1 Termin, Kosten: 20,00 Euro\/Person.<\/p>\n\n\n\n<p><strong>2019kv322<\/strong><strong><\/strong><\/p>\n\n\n\n<p><strong>\u201eTabellenkalkulation mit MS-Excel 2016 &#8211;\nEinf\u00fchrungskurs\u201c &#8211; <\/strong>Kurs\nmit<strong> Gerald\nKessing:<\/strong> Germersheim, Ritter-von-Schmau\u00df-Str.\/Ecke Paradeplatz, EDV-Raum in der KVHS Gesch\u00e4ftsstelle. Beginn: Dienstag, 29.10.2019,\n18:00 &#8211; 21:00\nUhr. Dauer: 8 Termine, Kosten: 112,00\nEuro\/Person.<\/p>\n\n\n\n<p><strong>2019kv305<\/strong><strong><\/strong><\/p>\n\n\n\n<p><strong>\u201eSchlaflos &#8211; und was dann?\u201c &#8211; <\/strong>Kurs mit<strong> Dorothea Manusch:<\/strong> Germersheim, Ritter-von-Schmau\u00df-Str.\/Ecke\nParadeplatz, Seiteneingang der Berufsbildende\nSchule, EG, Saal E 07. Beginn: Montag,\n04.11.2019, 17:00 &#8211; 21:00 Uhr. Dauer: 1 Termin, Kosten: 20,00 Euro\/Person.<\/p>\n\n\n\n<p><strong>2019kv195\nund 1029kv196<\/strong><\/p>\n\n\n\n<p><strong>\u201eEinb\u00fcrgerungstest, Termin 19 am Vormittag und Termin\n20 am Nachmittag-\u201c &#8211; Test mit Karin\nTr\u00e4ber:<\/strong> Germersheim, Ritter-von-Schmau\u00df-Str.\/Ecke\nParadeplatz, Seminarraum 1 der KVHS\nGesch\u00e4ftsstelle. Beginn: Montag,\n18. November 2019, Termin 19 um 10:00 Uhr,\nTermin 20 um 15:00 Uhr, Dauer: 60 Minuten, Kosten: 25,00 Euro\/Person. <strong>Anmeldeschluss: 18. Oktober 2019.<\/strong><\/p>\n\n\n\n<p>Eine <strong>Anmeldung<\/strong>\nist zu allen Veranstaltungen der Kreisvolkshochschule zwingend <strong>erforderlich. <\/strong>Pers\u00f6nlich&nbsp;bei der Gesch\u00e4ftsstelle der KVHS in\nGermersheim, Ritter-von-Schmau\u00df-Str.\/Ecke Paradeplatz, telefonisch 07274-53334\noder -53382, per E-Mail: <a href=\"mailto:vhs@kreis-germersheim.de\">vhs@kreis-germersheim.de<\/a> oder online \u00fcber ein\nBuchungsformular <\/p>\n\n\n\n<p>auf\nder Homepage unter www.kreis-germersheim.de\/kvhs.<\/p>\n\n\n\n<p><strong>Bitte beachten Sie unsere\n\u00d6ffnungszeiten:<\/strong><\/p>\n\n\n\n<p>Montag\nbis Freitag: 08:30 bis 12:00 Uhr, Dienstag: 13:30 bis 16:00 Uhr, Donnerstag:\n13:30 bis 18:00 Uhr, <\/p>\n\n\n\n<p>Annahmeschluss: jeweils&nbsp;15 Minuten vor Ende der \u00d6ffnungszeiten.<\/p>\n\n\n\n<p><em>Kreisverwaltung Germersheim \/ Kreisvolkshochschule KVHS<br>01.10.2019<\/em><\/p>\n","protected":false},"excerpt":{"rendered":"<div class=\"mh-excerpt\"><p>Gemeinsam gesund \u00e4lter werden im Landkreis Germersheim F\u00f6rderung des Wohlbefinden und der Lebensqualit\u00e4t \u2013 Landkreis ist Pilotkommune Landkreis Germersheim &#8211; \u201eDas Thema \u201aF\u00f6rderung des Wohlbefindens und der Lebensqualit\u00e4t \u00e4lterer Menschen\u2018 steht im Rahmen unserer Initiative <a class=\"mh-excerpt-more\" href=\"https:\/\/speyer24news.com\/?p=20048\" title=\"Germersheim und LK GER:\">[&#8230;]<\/a><\/p>\n<\/div>","protected":false},"author":3,"featured_media":0,"comment_status":"open","ping_status":"open","sticky":false,"template":"","format":"standard","meta":{"_monsterinsights_skip_tracking":false,"_monsterinsights_sitenote_active":false,"_monsterinsights_sitenote_note":"","_monsterinsights_sitenote_category":0,"footnotes":""},"categories":[449],"tags":[3683,3682,3692,3688,3680,210,2827,3686,3687,3685,3684,2380,1664,1665,1831,2601,3691,3681,3690,3689,451,3693],"aioseo_notices":[],"amp_enabled":true,"_links":{"self":[{"href":"https:\/\/speyer24news.com\/index.php?rest_route=\/wp\/v2\/posts\/20048"}],"collection":[{"href":"https:\/\/speyer24news.com\/index.php?rest_route=\/wp\/v2\/posts"}],"about":[{"href":"https:\/\/speyer24news.com\/index.php?rest_route=\/wp\/v2\/types\/post"}],"author":[{"embeddable":true,"href":"https:\/\/speyer24news.com\/index.php?rest_route=\/wp\/v2\/users\/3"}],"replies":[{"embeddable":true,"href":"https:\/\/speyer24news.com\/index.php?rest_route=%2Fwp%2Fv2%2Fcomments&post=20048"}],"version-history":[{"count":3,"href":"https:\/\/speyer24news.com\/index.php?rest_route=\/wp\/v2\/posts\/20048\/revisions"}],"predecessor-version":[{"id":20511,"href":"https:\/\/speyer24news.com\/index.php?rest_route=\/wp\/v2\/posts\/20048\/revisions\/20511"}],"wp:attachment":[{"href":"https:\/\/speyer24news.com\/index.php?rest_route=%2Fwp%2Fv2%2Fmedia&parent=20048"}],"wp:term":[{"taxonomy":"category","embeddable":true,"href":"https:\/\/speyer24news.com\/index.php?rest_route=%2Fwp%2Fv2%2Fcategories&post=20048"},{"taxonomy":"post_tag","embeddable":true,"href":"https:\/\/speyer24news.com\/index.php?rest_route=%2Fwp%2Fv2%2Ftags&post=20048"}],"curies":[{"name":"wp","href":"https:\/\/api.w.org\/{rel}","templated":true}]}}