{"id":20075,"date":"2019-10-01T16:52:28","date_gmt":"2019-10-01T15:52:28","guid":{"rendered":"https:\/\/speyer24news.com\/?p=20075"},"modified":"2019-10-01T16:52:30","modified_gmt":"2019-10-01T15:52:30","slug":"hockenheim-33","status":"publish","type":"post","link":"https:\/\/speyer24news.com\/?p=20075","title":{"rendered":"Hockenheim:"},"content":{"rendered":"<style type=\"text\/css\">\r\n\t.ads_top_disp{}\r\n\t.ads_top_corner_disp{ float:left; margin:0px 10px 10px 0px; }\r\n\t.ads_first_p_disp{}\r\n\t.ads_bottom_disp{}\r\n\t<\/style>\n<div class=\"wp-block-image\"><figure class=\"aligncenter\"><img decoding=\"async\" loading=\"lazy\" width=\"800\" height=\"559\" src=\"https:\/\/speyer24news.com\/wp-content\/uploads\/2019\/09\/1250-Jahre-Hockenheim.jpg\" alt=\"\" class=\"wp-image-19044\" srcset=\"https:\/\/speyer24news.com\/wp-content\/uploads\/2019\/09\/1250-Jahre-Hockenheim.jpg 800w, https:\/\/speyer24news.com\/wp-content\/uploads\/2019\/09\/1250-Jahre-Hockenheim-300x210.jpg 300w, https:\/\/speyer24news.com\/wp-content\/uploads\/2019\/09\/1250-Jahre-Hockenheim-768x537.jpg 768w\" sizes=\"(max-width: 800px) 100vw, 800px\" \/><\/figure><\/div>\n\n\n\n<h2 class=\"wp-block-heading\"><strong>Wirtschaftsweg\nan der Kl\u00e4ranlage wird saniert<\/strong><\/h2>\n\n\n\n<p>Die Stadtverwaltung Hockenheim saniert den Wirtschaftsweg von der Kl\u00e4ranlage kommend in Richtung Siegelhain. Davon ist der Bereich am Modellflugplatz, angrenzend an das Gewann Geigler, betroffen. Die Arbeiten beginnen am <strong>Montag, dem 7. Oktober 2019<\/strong>, und sollen in voraussichtlich zwei Tagen abgeschlossen sein. Der Verkehr in dem betroffenen Bereich wird in dieser Zeit umgeleitet.<\/p>\n\n\n\n<p><em>Stadtverwaltung Hockenheim<br>01.10.2019<\/em><\/p>\n\n\n\n<h2 class=\"wp-block-heading\"><strong>Verkehrsregelungen DTM-Finale<\/strong><\/h2>\n\n\n\n<p>Zum Finale\nder Deutschen Tourenwagenmeisterschaft (DTM) auf dem Hockenheimring (4. bis 6. Oktober\n2019) gelten ab Freitag, dem 4. Oktober<strong>,<\/strong> folgende Verkehrsregelungen:<\/p>\n\n\n\n<h4 class=\"wp-block-heading\">An- und\nAbfahrt zur DTM<\/h4>\n\n\n\n<p>Die Continentalstra\u00dfe\nab H\u00f6he des Forsthauses sowie die Ernst-Wilhelm-Sachs-Stra\u00dfe\/H\u00f6he Einfahrt P2\nwird ab Freitag, 4. Oktober, 8 Uhr, gesperrt. Anschlie\u00dfend ist auch der\nNordring zwischen Ernst-Wilhelm-Sachs-Stra\u00dfe\/Hardtstra\u00dfe und Schwetzinger\nStra\u00dfe f\u00fcr den \u00f6ffentlichen Stra\u00dfenverkehr nicht mehr befahrbar. Die Strecke\nist w\u00e4hrend der Sperrung nur f\u00fcr Besucher des Finalrennens zum\/vom Parkplatz P2\nerlaubt.<\/p>\n\n\n\n<p>Die Reilinger Stra\u00dfe\nzwischen Hub\u00e4ckerring und L 723 wird am Samstag und Sonntag f\u00fcr die An- und\nAbfahrt zur DTM als Einbahnstra\u00dfe ausgeschildert. Damit soll ein schneller\nAbfluss des Verkehrs erm\u00f6glicht werden. Dar\u00fcber hinaus beh\u00e4lt sich die Polizei\nje nach Verkehrslage am Sonntag vor, auch in der Nordanbindung (B39 bis\nSchwetzinger Stra\u00dfe\/Nordring) eine Einbahnstra\u00dfe einzurichten.<\/p>\n\n\n\n<p>Au\u00dferdem wird in der\nWaldstra\u00dfe zwischen der Heidelberger Stra\u00dfe und Continentalstra\u00dfe den gesamten\nSamstag und Sonntag ein absolutes Halt- und Parkverbot notwendig.<\/p>\n\n\n\n<h4 class=\"wp-block-heading\">Park- und\nCampingpl\u00e4tze<\/h4>\n\n\n\n<p>W\u00e4hrend des\nDTM-Finales werden die Parkpl\u00e4tze P1, P2, P6 und P8\/C6&nbsp; zum Parken f\u00fcr die\nVeranstaltungsbesucher freigegeben.<\/p>\n\n\n\n<p>F\u00fcr das Camping sind\ndie Campingpl\u00e4tze C2 und C3 ge\u00f6ffnet.<\/p>\n\n\n\n<h4 class=\"wp-block-heading\">Weitere Hinweise<\/h4>\n\n\n\n<p>Von diesen\nVerkehrsregelungsma\u00dfnahmen ist auch die Buslinie der BRN von Speyer nach\nHeidelberg betroffen. Hier kann es zu erheblichen Verz\u00f6gerungen kommen.<\/p>\n\n\n\n<p>Au\u00dferdem gilt \u2013 wie\nimmer bei Gro\u00dfveranstaltungen \u2013 in den \u00fcblichen Stra\u00dfen rund um den Hockenheimring\nein Halt- und Parkverbot. Dort d\u00fcrfen dann nur Bewohner mit entsprechendem\nParkausweis halten und parken. Diese Ausweise k\u00f6nnen im B\u00fcrgerb\u00fcro des\nRathauses Hockenheim unter Vorlage des Fahrzeugscheins zu den \u00fcblichen\n\u00d6ffnungszeiten abgeholt werden. Diese lauten: Montag bis Freitag 8 bis 12 Uhr,\nMontag, Dienstag und Donnerstag 14 bis 15.30 Uhr sowie und Mittwoch 14 bis 18\nUhr.<\/p>\n\n\n\n<p><em>Stadtverwaltung Hockenheim<br>01.10.2019<\/em><\/p>\n\n\n\n<h2 class=\"wp-block-heading\"><strong>Blick zur\u00fcck nach vorn mit den BH\u00b4s<\/strong><\/h2>\n\n\n\n<div class=\"wp-block-image\"><figure class=\"aligncenter\"><img decoding=\"async\" loading=\"lazy\" width=\"500\" height=\"531\" src=\"https:\/\/speyer24news.com\/wp-content\/uploads\/2019\/10\/2019-10-01-Pumpwerk_Begabte-Hausfrauen.jpg\" alt=\"\" class=\"wp-image-20078\" srcset=\"https:\/\/speyer24news.com\/wp-content\/uploads\/2019\/10\/2019-10-01-Pumpwerk_Begabte-Hausfrauen.jpg 500w, https:\/\/speyer24news.com\/wp-content\/uploads\/2019\/10\/2019-10-01-Pumpwerk_Begabte-Hausfrauen-282x300.jpg 282w\" sizes=\"(max-width: 500px) 100vw, 500px\" \/><figcaption> Die \u201eBHs\u201c und ihre Verst\u00e4rkung Klaus Nottbohm, Oliver Brinkmann, Carsten Wagner (obere Reihe, v.l.), Sabine Weyers und Marina Nottbohm (untere Reihe, v.l.) geben mit ihren j\u00fcngeren Ichs einen \u201eBlick zur\u00fcck nach vorn\u201c. <\/figcaption><\/figure><\/div>\n\n\n\n<p>Musik und Comedy aus Hockenheim erwartet die Besucher am <strong>Freitag, 11. und Samstag, 12. Oktober 2019<\/strong>, jeweils 20 Uhr, im Kulturhaus Pumpwerk Hockenheim. Im gro\u00dfen Jubil\u00e4umsjahr k\u00f6nnen die Teilnehmer die \u201eBegabten Hausfrauen\u201c (BH) mit ihrem Programm \u201eBlick zur\u00fcck nach vorn\u201c nicht nur jubilierend erleben. Obwohl es auch f\u00fcr sie allen Grund zum Feiern gibt: Mit 1250 Jahren k\u00f6nnen Sabine Weyers und Marina Nottbohm noch nicht dienen, aber immerhin stehen sie in diesem Jahr schon 20 Jahre zusammen auf der B\u00fchne.<\/p>\n\n\n\n<p>Von der ersten gemeinsamen \u201eFrauennacht\u201c\nim Pumpwerk bis heute ist viel passiert. Doch eines ist sicher: Langweilig\nwurde es mit den beiden nie, denn der Dauerstreit um die Vorherrschaft auf der\nB\u00fchne geht unver\u00e4ndert weiter. Und man glaubt es kaum, es gibt noch ein\nweiteres Jubil\u00e4um: Zehn Jahre ist es her, dass diese (un-)traute Zweisamkeit\nvon drei M\u00e4nnern unterbrochen wurde. Die \u201eVerst\u00e4rkung\u201c, bestehend aus Oliver\nBrinkmann am Bass, Klaus Nottbohm an der Gitarre und Carsten Wagner am\nSchlagzeug, macht nicht nur sch\u00f6ne Ger\u00e4usche, sondern wirkt auch auf die beiden\nStreithennen immer wieder harmonisch ein.<\/p>\n\n\n\n<p>Nicht nur die 1250 Jahre alte Hockenheimer Geschichte soll an zwei Abenden beleuchtet werden, auch die eigenen Jubil\u00e4en werden betrachtet und \u201everworschtelt\u201c. Au\u00dferdem freuen sich die BHs diesmal bei fast allen Liedern eigene Texte pr\u00e4sentieren zu k\u00f6nnen. So richtig selbstgemacht: Mit kurpf\u00e4lzischem Mundartcharme (Sabine Weyers) und norddeutscher \u201eSchnodderschnauze\u201c (Marina Nottbohm). Wer wei\u00df, vielleicht muss nach diesem Programm die Hockenheimer Geschichte ganz neu geschrieben werden? Karten zum Preis f\u00fcr 16 Euro (erm\u00e4\u00dfigt zw\u00f6lf Euro erm\u00e4\u00dfigt f\u00fcr Sch\u00fcler, Studenten und Schwerbehinderte) gibt es an allen bekannten Vorverkaufsstellen, in der Stadthalle Hockenheim (Telefon 06205 21190), im Kartenshop der Schwetzinger Zeitung sowie unter der Ticket-Hotline 06205 922625 erh\u00e4ltlich. Auf der Internetseite <a href=\"http:\/\/www.pumpwerk-hockenheim.de\">http:\/\/www.pumpwerk-hockenheim.de<\/a> k\u00f6nnen Karten auch online bestellt werden. <\/p>\n\n\n\n<p><em>Text: Stadtverwaltung Hockenheim \/ Kulturhaus Pumpwerk Foto: Begabte Hausfrauen <br>01.10.2019<\/em><\/p>\n\n\n\n<h2 class=\"wp-block-heading\"><strong>Wochenmarkt\nf\u00e4llt aus<\/strong><\/h2>\n\n\n\n<p>Der Wochenmarkt in Hockenheim <strong>entf\u00e4llt am Samstag, 5. Oktober 2019<\/strong>,\u00a0 wegen der Kerwe und dem Oktoberfest auf dem Zehntscheunenplatz. Er findet am Mittwoch 9. Oktober, statt. Am Samstag, 12. Oktober, entf\u00e4llt der Wochenmarkt erneut. <\/p>\n\n\n\n<p><em>Stadtverwaltung Hockenheim<br>01.10.2019<\/em><\/p>\n\n\n\n<h2 class=\"wp-block-heading\"><strong>Hockenheim wichtiger Standort f\u00fcr Reitsport<\/strong><\/h2>\n\n\n\n<div class=\"wp-block-image\"><figure class=\"aligncenter\"><img decoding=\"async\" loading=\"lazy\" width=\"800\" height=\"636\" src=\"https:\/\/speyer24news.com\/wp-content\/uploads\/2019\/10\/2019-09-30-Verwaltung_Besuch-Pferdesport-Kr\u00e4mer.jpg\" alt=\"\" class=\"wp-image-20077\" srcset=\"https:\/\/speyer24news.com\/wp-content\/uploads\/2019\/10\/2019-09-30-Verwaltung_Besuch-Pferdesport-Kr\u00e4mer.jpg 800w, https:\/\/speyer24news.com\/wp-content\/uploads\/2019\/10\/2019-09-30-Verwaltung_Besuch-Pferdesport-Kr\u00e4mer-300x239.jpg 300w, https:\/\/speyer24news.com\/wp-content\/uploads\/2019\/10\/2019-09-30-Verwaltung_Besuch-Pferdesport-Kr\u00e4mer-768x611.jpg 768w\" sizes=\"(max-width: 800px) 100vw, 800px\" \/><figcaption>v.l.: Vor dem Logistikzentrum von Kr\u00e4mer Pferdesport: Phil Stricker, Walter Stricker, OB Marcus Zeitler, Donald Pape-Rese, Christopher Schmeckenbecher und Frank Schmeckenbecher<\/figcaption><\/figure><\/div>\n\n\n\n<p>\u201eProbleme\nansprechen, weil sie nur so gel\u00f6st werden k\u00f6nnen\u201c. Mit dieser Motivation vor\nAugen besuchten Oberb\u00fcrgermeister Marcus Zeitler und &nbsp;Wirtschaftsf\u00f6rderer Donald Pape \u201eKr\u00e4mer\nPferdesport\u201c im Gewerbegebiet Talhaus. Das Familienunternehmen mit Sitz in\nHockenheim vertreibt rund 25.000 Artikel f\u00fcr Pferd und Reiter von mehr als 200\nHerstellern. Die Waren werden von rund 300 Mitarbeitern am Standort Hockenheim bundesweit\nund in sieben weitere europ\u00e4ische L\u00e4nder versandt. OB Marcus Zeitler und Donald\nPape informierten sich bei einem Gespr\u00e4ch mit der Gesch\u00e4ftsleitung rund um Frank\nund Christopher Schmeckenbecher sowie Phil und Walter Stricker \u00fcber die\nAnliegen von Kr\u00e4mer Pferdesport.<\/p>\n\n\n\n<p>Die\nVertreter der Gesch\u00e4ftsleitung stellten im Gespr\u00e4ch mit OB Marcus Zeitler und\nDonald Pape die Pl\u00e4ne zum Bau einer neuen Logistikhalle vor. Sie entsteht in\nder Nachbarschaft des bestehenden Hochregallagers. Diese Investition ist\nAusdruck des Bekenntnisses zum Standort Hockenheim, waren sich Frank\nSchmeckenbecher und Phil Stricker einig. Die Bearbeitung von notwendigen Genehmigungsverfahren\nbei der Stadtverwaltung, unter anderem f\u00fcr die Baugenehmigung, dauern aber zu\nlange, meinten sie.<\/p>\n\n\n\n<p>\u201eDieses\nProblem f\u00fcr unsere Unternehmen sind wir bereits angegangen. Der Gemeinderat hat\nzur Arbeitsentlastung zwei weitere Stellen f\u00fcr das Baurechtsamt bewilligt\u201c,\nerkl\u00e4rte dazu OB Marcus Zeitler. Neben diesem Schritt kommt auch die Rotation\nder Fachbereichsleiter und die Verbesserung interner Abl\u00e4ufe bei der\nAntragsbearbeitung den Unternehmern in Hockenheim zuk\u00fcnftig zu Gute\u201c, so Marcus\nZeitler weiter.<\/p>\n\n\n\n<p>Auf\ndem Programm des Besuchs stand auch die Besichtigung der bereits bestehenden\nLogistikhalle. Die G\u00e4ste erlebten dort das moderne Hochregallager in Aktion. Die\nVertreter der Gesch\u00e4ftsleitung erw\u00e4hnten dabei, dass Kr\u00e4mer Pferdesport vor\nallem f\u00fcr die Logistik qualifiziertes Fachpersonal sucht. Das Unternehmen\nsetzte daf\u00fcr in der Vergangenheit auch Gefl\u00fcchtete ein, die \u00fcber das\nAsylnetzwerk vermittelt und mit denen gute Erfahrungen gemacht wurden. Ein\nHinderungsgrund f\u00fcr die Einstellung von Fl\u00fcchtlingen sei aber der hohe\nb\u00fcrokratische Aufwand.<\/p>\n\n\n\n<p>OB\nMarcus Zeitler sagte in konkreten F\u00e4llen Unterst\u00fctzung zu. \u201eIch setze mich f\u00fcr\nunb\u00fcrokratische L\u00f6sungen in Hockenheim und der Region ein, wenn wir dadurch dem\nFachkr\u00e4ftemangel f\u00fcr Unternehmen in Hockenheim entgegenwirken k\u00f6nnen&#8220;, so\nOB Marcus Zeitler. Dabei sei die Kenntnis und Anwendung der deutschen Sprache\nein wichtiger Faktor, meinte er. Die Zusage f\u00fcr eine Unterst\u00fctzung umfasse auch\nF\u00e4lle, in denen die M\u00f6glichkeit zur Kinderbetreuung fehlt. \u201eEltern haben einen\nRechtsanspruch auf einen Kinderbetreuungsplatz in Hockenheim. Diesen Anspruch\nerf\u00fcllen wir. Daher m\u00f6chte ich Eltern und Unternehmen bei diesem Punkt helfen,\nwenn ein Engpass entsteht\u201c, sagte Marcus Zeitler.<\/p>\n\n\n\n<p><em>Stadtverwaltung Hockenheim<br>01.10.2019<\/em><\/p>\n\n\n\n<h2 class=\"wp-block-heading\"><strong>N\u00e4chster\nHauptausschuss am 8. Oktober 2019<\/strong><\/h2>\n\n\n\n<p>Am <strong>Dienstag, dem 8. Oktober 2019<\/strong>, 17 Uhr, findet im B\u00fcrgersaal des Rathauses eine Sitzung des Hauptausschusses statt. Auf der Tagesordnung stehen folgende Punkte:<\/p>\n\n\n\n<ol><li>Besucherfragen<\/li><li>Annahme\/Vermittlung von Spenden, Schenkungen oder \u00e4hnlichen Zuwendungen (Paragraph 7 Hauptsatzung), Vorlage: 20\/2019\/134<\/li><li>Mitteilungen der Verwaltung<\/li><li>Anfragen aus der Mitte des Gremiums<\/li><\/ol>\n\n\n\n<p>Alle interessierten B\u00fcrger sind zur Sitzung herzlich\neingeladen.<\/p>\n\n\n\n<p><em>Stadtverwaltung Hockenheim<br>01.10.2019<\/em><\/p>\n\n\n\n<h2 class=\"wp-block-heading\"><strong>\u201eGabe des Himmels\u201c entf\u00fchrt in Mittelalter<\/strong><\/h2>\n\n\n\n<div class=\"wp-block-image\"><figure class=\"aligncenter\"><img decoding=\"async\" loading=\"lazy\" width=\"500\" height=\"755\" src=\"https:\/\/speyer24news.com\/wp-content\/uploads\/2019\/10\/Gabe-des-Himmels-@-Goldmann-Verlag.png\" alt=\"\" class=\"wp-image-20076\" srcset=\"https:\/\/speyer24news.com\/wp-content\/uploads\/2019\/10\/Gabe-des-Himmels-@-Goldmann-Verlag.png 500w, https:\/\/speyer24news.com\/wp-content\/uploads\/2019\/10\/Gabe-des-Himmels-@-Goldmann-Verlag-199x300.png 199w\" sizes=\"(max-width: 500px) 100vw, 500px\" \/><\/figure><\/div>\n\n\n\n<p>Passend zum Jubil\u00e4umsjahr \u201e1250 Jahre Erw\u00e4hnung Ochinheims im Lorscher Codex\u201c l\u00e4dt die Stadtbibliothek Hockenheim interessierte Besucher am <strong>Donnerstag, 10. Oktober 2019<\/strong>, 20 Uhr, zu einer literarischen Reise in die Zehntscheune ein. Dabei geht es 650 Jahre zur\u00fcck in die Vergangenheit ein. Der Eintritt betr\u00e4gt acht Euro, im Vorverkauf sechs Euro. Die Reise geht in den Norden Frankreichs, wo seit mehreren Generationen die Familie Fleury ein erfolgreiches Handelsunternehmen betreibt. \u201eDie Gabe des Himmels\u201c ist der j\u00fcngste Teil der Fleury-Saga.<\/p>\n\n\n\n<p>Anno Domini 1346: Der junge Kaufmannssohn Adrien\nFleury studiert in Montpellier Medizin und tr\u00e4umt von einer Laufbahn als Arzt.\nAls er nach Varennes-Saint-Jacques zur\u00fcckkehrt, erkennt er seine Heimatstadt\nkaum wieder. Reiche Patrizier regieren Varennes r\u00fccksichtslos. Das einfache\nVolk rebelliert gegen Unterdr\u00fcckung und niedrige L\u00f6hne. Die Juden leiden unter\nHass und Ausgrenzung. Als Adrien eine Stelle als Wundarzt antritt, lernt er die\nJ\u00fcdin L\u00e9a kennen, die die Apotheke ihres Vaters f\u00fchrt. Sie verlieben sich und\nbringen sich damit in h\u00f6chste Gefahr. Doch dann w\u00fctet der Schwarze Tod in\nVarennes, und Adriens F\u00e4higkeiten werden auf eine harte Probe gestellt.<\/p>\n\n\n\n<p>Die\nReaktionen der Leser sind positiv: \u201eMan w\u00fcnscht sich, das Buch w\u00fcrde nie zu\nEnde gehen, und ich hoffe, dass weitere Geschichten mit realem Hintergrund\nfolgen\u201c, sagt eine Leserin. Eine andere Leserin meint: \u201eWieder genauso spannend\nwie seine anderen B\u00fccher. Konnte gar nicht mehr mit dem Lesen aufh\u00f6ren.\u201c Die\nLiteraturkritik hat sich damit ebenfalls befasst. \u201eDaniel Wolf macht sich auf,\nden Thron der deutschen historischen Autoren zu besteigen\u201c, ist die Meinung von\ndenglers-buchkritik.de.<\/p>\n\n\n\n<p>Einlass 20 Minuten vor Veranstaltungsbeginn. Eintrittskarten sind ab sofort bei der Stadtbibliothek Hockenheim (Telefon 06205 21-665 oder -666, Fax 06205 21-664, E-Mail <a href=\"stadtbibliothek@hockenheim.de\">stadtbibliothek@hockenheim.de<\/a>) oder bei der Buchhandlung Gansler (Telefon 06205 7300, E-Mail <a href=\"buch@buchhandlung-gansler.de\">buch@buchhandlung-gansler.de<\/a>) erh\u00e4ltlich.<\/p>\n\n\n\n<p><em>Text: Stadtverwaltung Hockenheim Foto: Goldmann Verlag<br>01.10.2019<\/em><\/p>\n\n\n\n<h2 class=\"wp-block-heading\"><strong>Kleine\nLiebesgedichte vom L\u00f6wen<\/strong><\/h2>\n\n\n\n<p>Die Stadtbibliothek Hockenheim pr\u00e4sentiert f\u00fcr Kinder im Alter ab vier Jahren am <strong>Samstag, 12. Oktober 2019<\/strong>, 10.30 Uhr, ein besonderes Bilderbuchkino. Sie zeigt \u201eDie Geschichte vom L\u00f6wen, der nicht schreiben konnte\u201c von Martin Baltscheit. Eine Erz\u00e4hlung rund um das Lesen und Schreiben. Einfach ganz wichtige F\u00e4higkeiten f\u00fcr Kinder, wie man auch in der Tierwelt sieht.<\/p>\n\n\n\n<p><em><strong>Zum Inhalt: <\/strong><\/em>Der L\u00f6we kann nicht schreiben, aber das st\u00f6rt ihn nicht, denn er kann br\u00fcllen, Z\u00e4hne zeigen und mehr braucht er nicht. Eines Tages aber trifft er eine L\u00f6win und die ist sehr sch\u00f6n. Sie liest in einem Buch. Die kann man nicht einfach gleich k\u00fcssen, findet der L\u00f6we. Eine solche Dame erwartet zuerst einen Liebesbrief. Also bittet der L\u00f6we den Affen, f\u00fcr ihn zu schreiben. Der nimmt Bleistift und Papier und bietet der L\u00f6win an, mit ihm auf B\u00e4ume zu klettern und Bananen zu essen. <\/p>\n\n\n\n<p>Das\nist aber v\u00f6lliger Unsinn. Der L\u00f6we wendet sich irritiert an das Nilpferd.\nDieses fragt die L\u00f6win, ob sie mit ihm im Fluss schwimmen und nach Algen\ntauchen will. Was der Mistk\u00e4fer, der Geier, die Giraffe und das Krokodil der\nL\u00f6win schreiben, l\u00e4sst den L\u00f6wen vor Wut fast platzen. Da naht Rettung. Die\nsch\u00f6ne L\u00f6win n\u00e4mlich h\u00f6rt sein Gebr\u00fcll.<\/p>\n\n\n\n<p>Einlass ist ab 10.25 Uhr. Der Eintritt ist frei. Einlass nach Beginn ist nicht mehr m\u00f6glich.<\/p>\n\n\n\n<p><em>Stadtverwaltung Hockenheim<br>01.10.2019<\/em><\/p>\n","protected":false},"excerpt":{"rendered":"<div class=\"mh-excerpt\"><p>Wirtschaftsweg an der Kl\u00e4ranlage wird saniert Die Stadtverwaltung Hockenheim saniert den Wirtschaftsweg von der Kl\u00e4ranlage kommend in Richtung Siegelhain. Davon ist der Bereich am Modellflugplatz, angrenzend an das Gewann Geigler, betroffen. Die Arbeiten beginnen am <a class=\"mh-excerpt-more\" href=\"https:\/\/speyer24news.com\/?p=20075\" title=\"Hockenheim:\">[&#8230;]<\/a><\/p>\n<\/div>","protected":false},"author":3,"featured_media":19045,"comment_status":"open","ping_status":"open","sticky":false,"template":"","format":"standard","meta":{"_monsterinsights_skip_tracking":false,"_monsterinsights_sitenote_active":false,"_monsterinsights_sitenote_note":"","_monsterinsights_sitenote_category":0,"footnotes":""},"categories":[489],"tags":[3713,1650,3718,3712,3711,3717,3716,108,793,3715,1287,1286,3714],"aioseo_notices":[],"amp_enabled":true,"_links":{"self":[{"href":"https:\/\/speyer24news.com\/index.php?rest_route=\/wp\/v2\/posts\/20075"}],"collection":[{"href":"https:\/\/speyer24news.com\/index.php?rest_route=\/wp\/v2\/posts"}],"about":[{"href":"https:\/\/speyer24news.com\/index.php?rest_route=\/wp\/v2\/types\/post"}],"author":[{"embeddable":true,"href":"https:\/\/speyer24news.com\/index.php?rest_route=\/wp\/v2\/users\/3"}],"replies":[{"embeddable":true,"href":"https:\/\/speyer24news.com\/index.php?rest_route=%2Fwp%2Fv2%2Fcomments&post=20075"}],"version-history":[{"count":1,"href":"https:\/\/speyer24news.com\/index.php?rest_route=\/wp\/v2\/posts\/20075\/revisions"}],"predecessor-version":[{"id":20079,"href":"https:\/\/speyer24news.com\/index.php?rest_route=\/wp\/v2\/posts\/20075\/revisions\/20079"}],"wp:featuredmedia":[{"embeddable":true,"href":"https:\/\/speyer24news.com\/index.php?rest_route=\/wp\/v2\/media\/19045"}],"wp:attachment":[{"href":"https:\/\/speyer24news.com\/index.php?rest_route=%2Fwp%2Fv2%2Fmedia&parent=20075"}],"wp:term":[{"taxonomy":"category","embeddable":true,"href":"https:\/\/speyer24news.com\/index.php?rest_route=%2Fwp%2Fv2%2Fcategories&post=20075"},{"taxonomy":"post_tag","embeddable":true,"href":"https:\/\/speyer24news.com\/index.php?rest_route=%2Fwp%2Fv2%2Ftags&post=20075"}],"curies":[{"name":"wp","href":"https:\/\/api.w.org\/{rel}","templated":true}]}}