{"id":20092,"date":"2019-10-01T18:40:27","date_gmt":"2019-10-01T17:40:27","guid":{"rendered":"https:\/\/speyer24news.com\/?p=20092"},"modified":"2019-10-01T18:43:16","modified_gmt":"2019-10-01T17:43:16","slug":"polizei-82","status":"publish","type":"post","link":"https:\/\/speyer24news.com\/?p=20092","title":{"rendered":"Polizei:"},"content":{"rendered":"<style type=\"text\/css\">\r\n\t.ads_top_disp{}\r\n\t.ads_top_corner_disp{ float:left; margin:0px 10px 10px 0px; }\r\n\t.ads_first_p_disp{}\r\n\t.ads_bottom_disp{}\r\n\t<\/style>\n<h2 class=\"wp-block-heading\">Polizeimeldungen vom Dienstag (01.10.2019)<\/h2>\n\n\n\n<div class=\"wp-block-image\"><figure class=\"aligncenter\"><img decoding=\"async\" src=\"https:\/\/speyer24news.com\/wp-content\/uploads\/2019\/09\/Aktuelles-Polizeilogo-1.jpg\" alt=\"\" class=\"wp-image-19009\"\/><\/figure><\/div>\n\n\n\n<h4 class=\"wp-block-heading\">(Speyer) &#8211; Verkehrsunfall mit leichtverletzter Person<\/h4>\n\n\n\n<p>Der  86-j\u00e4hrige Fahrer eines PKW Hyundai bog Montagmorgen an der Kreuzung  Kurt-Schumacher-Str.\/Im Erlich nach links in die Stra\u00dfe Im Erlich ab und  \u00fcbersah dabei einen 59-j\u00e4hrigen Radfahrer, welcher ordnungsgem\u00e4\u00df den  Radweg in entgegengesetzter Richtung befuhr. Der PKW kollidiert im  hinteren Bereich mit dem Fahrrad, so dass der Radfahrer st\u00fcrzte und sich  am Knie verletzte. Medizinische Versorgung vor Ort war nicht n\u00f6tig. An  den beteiligten Fahrzeugen entstand ein Sachschaden von ca. 500 EUR. <\/p>\n\n\n\n<h4 class=\"wp-block-heading\">(Mechtersheim) &#8211; Verfolgungsfahrt, Zeugen gesucht<\/h4>\n\n\n\n<div class=\"wp-block-image\"><figure class=\"aligncenter\"><img decoding=\"async\" src=\"https:\/\/speyer24news.com\/wp-content\/uploads\/2019\/09\/Zeugen-gesucht-Neutral-1.jpg\" alt=\"\" class=\"wp-image-19014\"\/><\/figure><\/div>\n\n\n\n<p>W\u00e4hrend\n einer Fu\u00dfstreife in Mechtersheim fiel den Beamten der Fahrer eines PKW \nVW Vento auf. Als die Beamten ihr Fahrzeug besetzten, um den PKW einer \nVerkehrskontrolle zu unterziehen, beschleunigte der VW stark und \nentfernte sich in Richtung eines Feldes in Fahrtrichtung Heiligenstein. \nDa der fl\u00fcchtige Fahrer sein Fahrzeug innerorts mehrfach auf bis zu 130 \nkm\/h beschleunigte und Anhaltesignale missachtete, wurde die Verfolgung \ndurch die Beamten letztlich abgebrochen, um eine zus\u00e4tzliche Gef\u00e4hrdung \nanderer Verkehrsteilnehmer zu verhindern. Im Rahmen der anschlie\u00dfenden \nFahndung konnte der 37-j\u00e4hrige Fahrer des gefl\u00fcchteten Ventos fu\u00dfl\u00e4ufig \nin Berghausen festgestellt und einer Personenkontrolle unterzogen \nwerden. Der Mann r\u00e4umte die Fahrereigenschaft ein, gab an, dass er nicht\n im Besitz einer g\u00fcltigen Fahrerlaubnis sei und dass er Bet\u00e4ubungsmittel\n konsumiert habe. Eine Durchsuchung des Speyerers und seines Fahrzeugs \nf\u00fchrte zum Auffinden von insgesamt 13 Gramm Amphetamin und 3 Gramm \nMarihuana. Dem Beschuldigten wurde eine Blutprobe entnommen und das \nFahrzeug wurde sichergestellt. Zeugen, die Angaben zu der \nVerfolgungsfahrt, Fahrweise und Fahrtstrecke des Beschuldigten oder zu \nm\u00f6glichen Gef\u00e4hrdungen durch diesen machen k\u00f6nnen, werden gebeten sich \nmit der Polizeiinspektion Speyer in Verbindung zu setzen. <\/p>\n\n\n\n<p>Zeugenhinweise nimmt die Polizei unter der Tel.-Nr. 06232-1370 oder per Mail an <a href=\"mailto:pispeyer@polizei.rlp.de\">pispeyer@polizei.rlp.de<\/a> entgegen. <\/p>\n\n\n\n<h4 class=\"wp-block-heading\">(Germersheim) &#8211; Unfallflucht<\/h4>\n\n\n\n<p>900 Euro Sachschaden sind die Folge einer Verkehrsunfallflucht auf dem  Parkplatz eines Einkaufsmarktes in der Posthiusstra\u00dfe am  Montagnachmittag. Ein auf dem Parkplatz abgestellter blauer BMW, wurde  durch ein ausparkendes Fahrzeug, aufgrund der Lackspuren d\u00fcrfte es sich  um einen wei\u00dfen Pkw gehandelt haben, besch\u00e4digt. Der Verursacher verlie\u00df  daraufhin die \u00d6rtlichkeit ohne sich um den entstandenen Schaden zu  k\u00fcmmern. <\/p>\n\n\n\n<p>Zeugen, welche die Tat beobachtet und Hinweise zum T\u00e4ter  geben k\u00f6nnen, werden gebeten, sich bei der Polizeiinspektion  Germersheim unter 07274\/958-0 oder <a href=\"mailto:pigermersheim@polizei.rlp.de\">pigermersheim@polizei.rlp.de<\/a> zu melden. <\/p>\n\n\n\n<h4 class=\"wp-block-heading\">(Bad Bergzabern) &#8211; Garderobe besch\u00e4digt<\/h4>\n\n\n\n<p>Am vergangenen Sonntag wurden im Haus des Gastes in Bad Bergzabern  mutwillig 16 Kleiderst\u00e4nder besch\u00e4digt. Der Garderobenbereich mit den  Kleiderst\u00e4ndern befindet sich im Untergeschoss. Der Sachschaden bel\u00e4uft  sich auf ca. 1000.- Euro. Die Polizei Bad Bergzabern bittet um Hinweise  auf den oder die T\u00e4ter unter der Telefonnummer 06343 93340 oder per  E-Mail an <a href=\"mailto:pibadbergzabern@polizei.rlp.de\">pibadbergzabern@polizei.rlp.de<\/a> <\/p>\n\n\n\n<h4 class=\"wp-block-heading\">(Landau) &#8211; Sachbesch\u00e4digung, Graffiti<\/h4>\n\n\n\n<div class=\"wp-block-image\"><figure class=\"aligncenter\"><img decoding=\"async\" loading=\"lazy\" width=\"800\" height=\"600\" src=\"https:\/\/speyer24news.com\/wp-content\/uploads\/2019\/10\/29.09.19-LD-Grafitti.jpg\" alt=\"\" class=\"wp-image-20094\" srcset=\"https:\/\/speyer24news.com\/wp-content\/uploads\/2019\/10\/29.09.19-LD-Grafitti.jpg 800w, https:\/\/speyer24news.com\/wp-content\/uploads\/2019\/10\/29.09.19-LD-Grafitti-300x225.jpg 300w, https:\/\/speyer24news.com\/wp-content\/uploads\/2019\/10\/29.09.19-LD-Grafitti-768x576.jpg 768w, https:\/\/speyer24news.com\/wp-content\/uploads\/2019\/10\/29.09.19-LD-Grafitti-678x509.jpg 678w, https:\/\/speyer24news.com\/wp-content\/uploads\/2019\/10\/29.09.19-LD-Grafitti-326x245.jpg 326w, https:\/\/speyer24news.com\/wp-content\/uploads\/2019\/10\/29.09.19-LD-Grafitti-80x60.jpg 80w\" sizes=\"(max-width: 800px) 100vw, 800px\" \/><figcaption>LD, Moltkestra\u00dfe Graffiti<\/figcaption><\/figure><\/div>\n\n\n\n<p>Im Zeitraum vom 26.-29.9.2019 wurde in Landau,  Moltkestra\u00dfe, auf die  Schaufensterscheibe eines leerstehenden Gesch\u00e4ftes durch unbekannte  T\u00e4ter ein Graffiti gespr\u00fcht. Der Sachschaden bel\u00e4uft sich auf ca.  300.&#8211;EUR. Sachdienliche Hinweise erbittet die Polizei Landau unter Tel.  Nr. 06341\/2870 oder per Email an <a href=\"mailto:pilandau@polizei.rlp.de\">pilandau@polizei.rlp.de<\/a>. <\/p>\n\n\n\n<h4 class=\"wp-block-heading\">(Landau) &#8211; Sachbesch\u00e4digung an Pkw<\/h4>\n\n\n\n<p>Am 28.9.2019, in der Zeit zwischen 11.45 Uhr und 12.15 Uhr, wurde  ein  wei\u00dfer VW Golf  auf dem Parkplatz eines Supermarktes in Landau, in der  Johannes-Kopp-Stra\u00dfe besch\u00e4digt. Unbekannte T\u00e4ter zerkratzten die  Heckklappe und den rechten hinteren Radlauf mit einem Gegenstand. Der  Sachschaden bel\u00e4uft sich auf ca. 2500.&#8211;EUR. <\/p>\n\n\n\n<p>Sachdienliche Hinweise erbittet die Polizei Landau unter Tel. Nr. 06341\/2870 oder per Email an <a href=\"mailto:pilandau@polizei.rlp.de\">pilandau@polizei.rlp.de<\/a>. <\/p>\n\n\n\n<h4 class=\"wp-block-heading\">(Landau) &#8211; Sachbesch\u00e4digung, Graffiti II<\/h4>\n\n\n\n<div class=\"wp-block-image\"><figure class=\"aligncenter\"><img decoding=\"async\" loading=\"lazy\" width=\"800\" height=\"595\" src=\"https:\/\/speyer24news.com\/wp-content\/uploads\/2019\/10\/28.09.19-LD-Graffiti.jpg\" alt=\"\" class=\"wp-image-20093\" srcset=\"https:\/\/speyer24news.com\/wp-content\/uploads\/2019\/10\/28.09.19-LD-Graffiti.jpg 800w, https:\/\/speyer24news.com\/wp-content\/uploads\/2019\/10\/28.09.19-LD-Graffiti-300x223.jpg 300w, https:\/\/speyer24news.com\/wp-content\/uploads\/2019\/10\/28.09.19-LD-Graffiti-768x571.jpg 768w, https:\/\/speyer24news.com\/wp-content\/uploads\/2019\/10\/28.09.19-LD-Graffiti-80x60.jpg 80w\" sizes=\"(max-width: 800px) 100vw, 800px\" \/><\/figure><\/div>\n\n\n\n<p>In der Nacht vom 27.\/28.9.2019 wurde in Landau in der Vogesenstra\u00dfe auf  eine Betonwand eines Anwesens durch unbekannte T\u00e4ter ein Graffiti  gespr\u00fcht. Der Sachschaden bel\u00e4uft sich auf ca. 200.&#8211;EUR Sachdienliche  Hinweise erbittet die Polizei Landau unter Tel. Nr. 06341\/2870 oder per  Email an <a href=\"mailto:pilandau@polizei.rlp.de\">pilandau@polizei.rlp.de<\/a>. <\/p>\n\n\n\n<h4 class=\"wp-block-heading\">(B\u00f6chingen) &#8211; Berauschter Fahrer wird gestoppt<\/h4>\n\n\n\n<p>Am 30.09.2019 gegen 09:55 Uhr wurde ein 57-j\u00e4hriger Pkw-Fahrer aus  Burrweiler einer zun\u00e4chst verdachtsfreien, allgemeinen Verkehrskontrolle  unterzogen. Bei der Kontrolle zeigte sich jedoch schnell drogentypische  Auff\u00e4lligkeiten, die auf einen zeitnahen Konsum von Bet\u00e4ubungsmittel  hindeuteten. Ein vor Ort durchgef\u00fchrter Drogenschnelltest reagierte  positiv auf Cannabisprodukte. Der Fahrer wurde zwecks der Entnahme einer  Blutprobe zur Dienststelle verbracht. Der Fahrzeugschl\u00fcssel wurde  sichergestellt. Der Fahrer muss wegen der Fahrt unter dem Einfluss von  berauschenden Mitteln mit einer Ordnungswidrigkeitanzeige rechnen. Die  Weiterfahrt wurde untersagt. <\/p>\n\n\n\n<h4 class=\"wp-block-heading\">(Venningen) &#8211; Fahrer stand unter Einfluss von Cannabisprodukten<\/h4>\n\n\n\n<p>Am 30.09.2019 gegen 20:10 Uhr wurde ein 34-j\u00e4hriger Pkw-Fahrer aus  Deidesheim einer Verkehrskontrolle unterzogen, in deren Verlauf sich  drogentypische Auff\u00e4lligkeiten bei dem Fahrer zeigten. Der Fahrer gab  dann auch zu, dass er vor wenigen Tagen Cannabis konsumiert habe.  Daraufhin wurde die Weiterfahrt untersagt und der Fahrer zur Entnahme  einer Blutprobe zur Dienststelle verbracht. Der Pkw wurde nach  Bet\u00e4ubungsmittel durchsucht. Hierbei wurden tats\u00e4chlich kleine Mengen  Cannabisprodukte aufgefunden. Der F\u00fchrerschein wurden sichergestellt.  Neben der Ordnungswidrigkeitanzeige muss der Fahrer nun auch wegen einer  Anzeige gegen das Bet\u00e4ubungsmittelgesetzt rechnen. <\/p>\n\n\n\n<h4 class=\"wp-block-heading\">(Venningen) &#8211; Verkehrsunfall mit Flucht<\/h4>\n\n\n\n<p>Am 30.09.2019 gegen 07:30 Uhr kam es in Venningen zu einem  Verkehrsunfall mit anschlie\u00dfender Flucht. Zwei Pkw passierten im  Begegnungsverkehr die Hauptstra\u00dfe in Venningen, wobei der Fahrstreifen  des Gesch\u00e4digten durch parkende Fahrzeuge teilweise blockiert war. Der  Verursacher lie\u00df dem Gesch\u00e4digten keine Chance, zwischen den Fahrzeuge  anzuhalten. Der Gesch\u00e4digte wich nach rechts in der Engstelle aus und  touchierte dabei einen der geparkten Fahrzeuge. Der andere  Unfallbeteiligte verlie\u00df die Unfallstelle, ohne sich um den Schaden zu  k\u00fcmmern. Daher wurde ein Strafverfahren wegen Unfallflucht eingeleitet.  Auch wenn der Fl\u00fcchtige bereits ermittelt wurde, werden Personen, die  Angaben zum Unfallhergang oder zum fl\u00fcchtigen Fahrzeug machen k\u00f6nnen,  gebeten, sich mit der Polizei Edenkoben (Tel: 06323-95550) in Verbindung  zu setzen. Es entstand Sachschaden in H\u00f6he von ca. 1000EUR. <\/p>\n\n\n\n<h4 class=\"wp-block-heading\">(Neustadt) &#8211; Vollsperrung L 516 nach Unfall \/ Zum Gl\u00fcck nur zwei Leichtverletzte<\/h4>\n\n\n\n<div class=\"wp-block-image\"><figure class=\"aligncenter\"><img decoding=\"async\" loading=\"lazy\" width=\"800\" height=\"518\" src=\"https:\/\/speyer24news.com\/wp-content\/uploads\/2019\/10\/01.10.19-NW-VU.jpg\" alt=\"\" class=\"wp-image-20095\" srcset=\"https:\/\/speyer24news.com\/wp-content\/uploads\/2019\/10\/01.10.19-NW-VU.jpg 800w, https:\/\/speyer24news.com\/wp-content\/uploads\/2019\/10\/01.10.19-NW-VU-300x194.jpg 300w, https:\/\/speyer24news.com\/wp-content\/uploads\/2019\/10\/01.10.19-NW-VU-768x497.jpg 768w\" sizes=\"(max-width: 800px) 100vw, 800px\" \/><\/figure><\/div>\n\n\n\n<p>Am 01.10.2019 gegen 06:45 Uhr kam es auf der Kreuzung L516 \/ K9 zu  einem Verkehrsunfall, bei dem sich ein Klein-Lkw \u00fcberschlug. Nach  bisherigen Erkenntnissen fuhr ein 26-j\u00e4hriger Fahrer eines Klein-Lkw auf  der L516 Richtung Neustadt. An der Kreuzung zur K9 zeigte die Ampel f\u00fcr  den 26-J\u00e4hrigen Gr\u00fcn. Eine 46-j\u00e4hrige Fahrerin eines Kleinwagens fuhr  indes auf der K9 in Fahrtrichtung BAB 65 \u00fcber die Kreuzung und  missachtete scheinbar das Rotlicht der Ampel. Bei dem Zusammensto\u00df fuhr  der Kleinwagen in den hinteren Teil des Klein-Lkw so dass sich dieser  mehrfach \u00fcberschlug. Gl\u00fccklicherweise erlitten beide Fahrer nur leichte  Verletzungen im HWS-Bereich. Die Gesamtschadensh\u00f6he wird mit ca. 60.000  Euro beziffert. Beide Fahrzeuge mussten abgeschleppt werden. Die L516  war \u00fcber eine Stunde f\u00fcr die Unfallaufnahme voll gesperrt. <\/p>\n\n\n\n<h4 class=\"wp-block-heading\">(Neustadt) &#8211; Unter Alkoholeinfluss ans Steuer<\/h4>\n\n\n\n<p>Ein 84-j\u00e4hriger Senior wurde am 30.09.2019 gegen 19:30 Uhr in Mu\u00dfbach  als Fahrer eines Pkw einer Verkehrskontrolle unterzogen. Hierbei wurde  Atemalkoholgeruch festgestellt. Ein Atemalkoholtest ergab eine  Konzentration von 0,65 Promille. Die Weiterfahrt wurde unterbunden. Da  der Senior den Atemalkoholtest auf der Dienststelle nicht durchf\u00fchren  konnte, wurde eine Blutentnahme durchgef\u00fchrt. Der 84-J\u00e4hrige muss nun  mit einem Monat Fahrverbot, zwei Punkten in Flensburg sowie 500 Euro  Bu\u00dfgeld rechnen. <\/p>\n\n\n\n<h4 class=\"wp-block-heading\">(Neustadt) &#8211; Verkehrs\u00fcberwachung Abbiegeverbot Exterstra\u00dfe<\/h4>\n\n\n\n<p>Am Montag, 30.09.2019 wurde das Abbiegeverbot von der Landauer Stra\u00dfe  in die Exterstra\u00dfe im Zeitraum von 11:45 Uhr bis 12:15 Uhr \u00fcberwacht.  Das Abbiegeverbot wurde f\u00fcr den Zeitraum des Weinfestes zur besseren  Verkehrssteuerung eingerichtet. In diesen 30 Minuten bogen 13  Verkehrsteilnehmer verkehrswidrig ab, ein Autofahrer war nicht  angegurtet. <\/p>\n\n\n\n<h4 class=\"wp-block-heading\">(Neustadt) &#8211; Zwei Leichtverletzte bei Verkehrsunfall in der Weinstra\u00dfe<\/h4>\n\n\n\n<p>Bei einem Verkehrsunfall am 30.09.2019 gegen 10:30 Uhr in der  Weinstra\u00dfe in Hambach wurde der 39-j\u00e4hrige Fahrer eines Leichtkraftrades  leicht verletzt. Er fuhr hinter einer 29-j\u00e4hrigen Fahrerin eines Pkw  und wollte links an ihr vorbeifahren. Zu diesem Zeitpunkt bog sie links  in ein Grundst\u00fcck ab, so dass es zum Zusammensto\u00df kam. Nach derzeitigem  Kenntnisstand \u00fcbersah der Zweiradfahrer den eingeschalteten Blinker der  29-J\u00e4hrigen. Der 39-J\u00e4hrige klagte \u00fcber Schmerzen im Bereich Arm und  Schulter, die Fahrerin verletzte sich leicht im R\u00fccken- und  Nackenbereich. Der Gesamtsachschaden betr\u00e4gt ca. 6000 Euro. <\/p>\n\n\n\n<h4 class=\"wp-block-heading\">(Frankeneck) &#8211; Bei Geschwindigkeitskontrolle viele zu schnell<\/h4>\n\n\n\n<p>Bei einer 75 min\u00fctigen Geschwindigkeits\u00fcberwachung am  Dienstagnachmittag zwischen 16.00 und 17.15 Uhr in der Frankenecker  Talstra\u00dfe waren insgesamt 11 Autofahrer teils viel zu schnell unterwegs.  Vier von ihnen m\u00fcssen mit einer Geldbu\u00dfe rechnen. Der Schnellste wurde  mit 82 km\/h gemessen. Die anderen 7 Autofahrer wurden vor Ort verwarnt.<\/p>\n\n\n\n<h4 class=\"wp-block-heading\">(Frankenthal) &#8211; Versuchter schwerer Raub in Frankenthaler Einkaufszentrum<\/h4>\n\n\n\n<figure class=\"wp-block-image\"><a href=\"https:\/\/cache.pressmailing.net\/thumbnail\/story_hires\/aaac1ffa-9310-4c80-a96d-eda1e8496ebb\/Zeugenaufruf_BANNER.jpg.jpg\"><img decoding=\"async\" src=\"https:\/\/cache.pressmailing.net\/thumbnail\/story_big\/aaac1ffa-9310-4c80-a96d-eda1e8496ebb\/pol-pdlu-versuchter-schwerer-raub-in-frankenthaler-einkaufszentrum\" alt=\"POL-PDLU: Versuchter schwerer Raub in Frankenthaler Einkaufszentrum\"\/><\/a><\/figure>\n\n\n\n<p>Ein 61 &#8211; j\u00e4hriger Frankenthaler hebt gegen 11:00 Uhr an einem  Geldautomaten an einem Einkaufszentrum in der Wormser Stra\u00dfe in  Frankenthal einen dreistelligen Geldbetrag ab. Einen Teil des Geldes  steckt er ein, einen Gro\u00dfteil beh\u00e4lt er in der Hand. Beim Versuch, das  Einkaufszentrum durch den Haupteingang zu verlassen, wird ihm von einem  ihm unbekannten Mann ein Bein gestellt und er stolpert. Als der  Frankenthaler den Tatverd\u00e4chtigen daraufhin anspricht, fordert dieser  Geld von ihm. Da der 61 &#8211; J\u00e4hrige der Aufforderung nicht nachkommt,  spr\u00fcht der Tatverd\u00e4chtige ihm unvermittelt Pfefferspray ins Gesicht und  fl\u00fcchtet ohne Geld. Eine sofort eingeleitete Fahndung mit zahlreichen  Kr\u00e4ften in Uniform und zivil bleibt bislang erfolglos. Der Gesch\u00e4digte  klagt in der Folge \u00fcber Augenreizungen, eine weitere medizinische  Betreuung ist aber nach derzeitigem Stand der Dinge nicht notwendig. Der  Gesch\u00e4digte und erste befragte Zeugen k\u00f6nnen den Tatverd\u00e4chtigen wie  folgt beschreiben: <\/p>\n\n\n\n<ul><li>M\u00e4nnlich <\/li><li>ca. 180cm gro\u00df <\/li><li>33-34 Jahre alt oder j\u00fcnger <\/li><li>Glatze <\/li><li>Sonnenbrille <\/li><li>schwarze Lederjacke <\/li><li>Spricht akzentfreies Deutsch <\/li><\/ul>\n\n\n\n<p>Wer sachdienliche Hinweise zu dem genannten Fall geben kann, wird  gebeten sich mit der Polizeiinspektion Frankenthal unter der Rufnummer  06233\/313-0 oder der Polizeiwache Maxdorf unter der Rufnummer  06237\/934-1100 in Verbindung zu setzen. Hinweise k\u00f6nnen auch per E-Mail  unter <a href=\"mailto:pifrankenthal@polizei.rlp.de\">pifrankenthal@polizei.rlp.de<\/a> an die Polizei \u00fcbermittelt werden.  <\/p>\n\n\n\n<h4 class=\"wp-block-heading\">(Frankenthal) &#8211; Verkehrsunfallflucht I<\/h4>\n\n\n\n<p>Der Gesch\u00e4digte stellt seinen Pkw Opel Movano am 30.09.2019, in der  Zeit von 09.30 Uhr bis 16.00 Uhr, in der Edigheimer Stra\u00dfe, H\u00f6he  Hausnummer 1a, ab. Als er wieder zu seinem Fahrzeug kommt, muss er  feststellen, dass dieses durch einen bislang unbekannten Fahrzeugf\u00fchrer  an der linken hinteren Sto\u00dfstange besch\u00e4digt wurde. Der Schaden wird auf  etwa 500 Euro gesch\u00e4tzt. <\/p>\n\n\n\n<p>Die Polizei weist darauf hin, dass \nUnerlaubtes Entfernen vom Unfallort kein Kavaliersdelikt ist! Der \nfl\u00fcchtige Fahrer muss mit einer Geld- oder Freiheitsstrafe bis zu 3 \nJahren und evtl. mit einem F\u00fchrerscheinentzug rechnen. Au\u00dferdem kann der\n Fl\u00fcchtige den Kaskoschutz seiner Kfz-Versicherung verlieren und von \nseiner Versicherung an der Begleichung des Fremdschadens beteiligt \nwerden. Die Polizei r\u00e4t deshalb jeden Unfall zu melden. <\/p>\n\n\n\n<p>Wir wollen, dass Sie sicher Leben &#8211; ihre Polizei Frankenthal. <\/p>\n\n\n\n<p>Wer\n sachdienliche Hinweise zu dem genannten Fall geben kann, wird gebeten \nsich mit der Polizeiinspektion Frankenthal unter der Rufnummer \n06233\/313-0 oder der Polizeiwache Maxdorf unter der Rufnummer \n06237\/934-1100 in Verbindung zu setzen. Hinweise k\u00f6nnen auch per E-Mail \nunter <a href=\"mailto:pifrankenthal@polizei.rlp.de\">pifrankenthal@polizei.rlp.de<\/a> an die Polizei \u00fcbermittelt werden. <\/p>\n\n\n\n<h4 class=\"wp-block-heading\">(Frankenthal) &#8211; Verkehrsunfallflucht II<\/h4>\n\n\n\n<p>Der Gesch\u00e4digte stellt seinen Pkw Mercedes-Benz CLA200 in der Zeit von  28.09.2019, 19.00 Uhr, bis 30.09.2019, 11.00 Uhr, im Sch\u00fctzenweg, H\u00f6he  Hausnummer 2, ab. Als er wieder zu seinem Fahrzeug kommt, muss er  feststellen, dass dieses durch einen bislang unbekannten Fahrzeugf\u00fchrer  am hinteren linken Kotfl\u00fcgel besch\u00e4digt wurde. Der Schaden wird auf etwa  500 Euro gesch\u00e4tzt. <\/p>\n\n\n\n<p>Die Polizei weist darauf hin, dass \nUnerlaubtes Entfernen vom Unfallort kein Kavaliersdelikt ist! Der \nfl\u00fcchtige Fahrer muss mit einer Geld- oder Freiheitsstrafe bis zu 3 \nJahren und evtl. mit einem F\u00fchrerscheinentzug rechnen. Au\u00dferdem kann der\n Fl\u00fcchtige den Kaskoschutz seiner Kfz-Versicherung verlieren und von \nseiner Versicherung an der Begleichung des Fremdschadens beteiligt \nwerden. Die Polizei r\u00e4t deshalb jeden Unfall zu melden. <\/p>\n\n\n\n<p>Wir wollen, dass Sie sicher Leben &#8211; ihre Polizei Frankenthal. <\/p>\n\n\n\n<p>Wer\n sachdienliche Hinweise zu dem genannten Fall geben kann, wird gebeten \nsich mit der Polizeiinspektion Frankenthal unter der Rufnummer \n06233\/313-0 oder der Polizeiwache Maxdorf unter der Rufnummer \n06237\/934-1100 in Verbindung zu setzen. Hinweise k\u00f6nnen auch per E-Mail \nunter <a href=\"mailto:pifrankenthal@polizei.rlp.de\">pifrankenthal@polizei.rlp.de<\/a> an die Polizei \u00fcbermittelt werden. <\/p>\n\n\n\n<h4 class=\"wp-block-heading\">(Frankenthal) &#8211; Verkehrsunfallflucht III<\/h4>\n\n\n\n<p>Der Gesch\u00e4digte stellt seinen Pkw VW Touran in der Zeit von 28.09.2019,  16.00 Uhr, bis 30.09.2019, 08.30 Uhr, in der Hans-Purrmann-Stra\u00dfe, H\u00f6he  Hausnummer 9a, ab. Als er wieder zu seinem Fahrzeug kommt, muss er  feststellen, dass dieses durch einen bislang unbekannten Fahrzeugf\u00fchrer  an der hinteren Sto\u00dfstange besch\u00e4digt wurde. Der Schaden wird auf etwa  1500 Euro gesch\u00e4tzt. <\/p>\n\n\n\n<p>Die Polizei weist darauf hin, dass \nUnerlaubtes Entfernen vom Unfallort kein Kavaliersdelikt ist! Der \nfl\u00fcchtige Fahrer muss mit einer Geld- oder Freiheitsstrafe bis zu 3 \nJahren und evtl. mit einem F\u00fchrerscheinentzug rechnen. Au\u00dferdem kann der\n Fl\u00fcchtige den Kaskoschutz seiner Kfz-Versicherung verlieren und von \nseiner Versicherung an der Begleichung des Fremdschadens beteiligt \nwerden. Die Polizei r\u00e4t deshalb jeden Unfall zu melden. <\/p>\n\n\n\n<p>Wir wollen, dass Sie sicher Leben &#8211; ihre Polizei Frankenthal. <\/p>\n\n\n\n<p>Wer  sachdienliche Hinweise zu dem genannten Fall geben kann, wird gebeten  sich mit der Polizeiinspektion Frankenthal unter der Rufnummer  06233\/313-0 oder der Polizeiwache Maxdorf unter der Rufnummer  06237\/934-1100 in Verbindung zu setzen. Hinweise k\u00f6nnen auch per E-Mail  unter <a href=\"mailto:pifrankenthal@polizei.rlp.de\">pifrankenthal@polizei.rlp.de<\/a> an die Polizei \u00fcbermittelt werden. <\/p>\n\n\n\n<h4 class=\"wp-block-heading\">(Ludwigshafen) &#8211; &#8222;Neue&#8220; Polizisten f\u00fcrs Polizeipr\u00e4sidium Rheinpfalz<\/h4>\n\n\n\n<div class=\"wp-block-image\"><figure class=\"aligncenter\"><img decoding=\"async\" loading=\"lazy\" width=\"1024\" height=\"449\" src=\"https:\/\/speyer24news.com\/wp-content\/uploads\/2019\/10\/LU-neue-Polizisten-2019-1024x449.jpg\" alt=\"\" class=\"wp-image-20096\" srcset=\"https:\/\/speyer24news.com\/wp-content\/uploads\/2019\/10\/LU-neue-Polizisten-2019-1024x449.jpg 1024w, https:\/\/speyer24news.com\/wp-content\/uploads\/2019\/10\/LU-neue-Polizisten-2019-300x132.jpg 300w, https:\/\/speyer24news.com\/wp-content\/uploads\/2019\/10\/LU-neue-Polizisten-2019-768x337.jpg 768w, https:\/\/speyer24news.com\/wp-content\/uploads\/2019\/10\/LU-neue-Polizisten-2019.jpg 1200w\" sizes=\"(max-width: 1024px) 100vw, 1024px\" \/><figcaption>Zuversetzung<\/figcaption><\/figure><\/div>\n\n\n\n<p>Im Zuge des landesweiten Versetzungsgeschehens der Polizei im Oktober  2019 verlassen 14 Kolleginnen und Kollegen das Polizeipr\u00e4sidium  Rheinpfalz, sie wechseln in andere Polizeipr\u00e4sidien des Landes. Zum  Polizeipr\u00e4sidium Rheinpfalz werden insgesamt 48 Polizisten versetzt.F\u00fcnf  Zuversetzungen erfolgen zum 07.Oktober. <\/p>\n\n\n\n<p>Zum Stichtag 01. Oktober\n wurden heute insgesamt 43 Kollegen von der Hochschule der Polizei zu \nuns versetzt, davon 16 Polizeibeamtinnen und 27 Polizeibeamte. Diese \nwurden erst gestern nach erfolgreichem Studienabschluss zu \nPolizeikommissarinnen und Polizeikommissaren ernannt. Heute Morgen \nbegr\u00fc\u00dfte sie unser Polizeipr\u00e4sidenten Thomas Ebling zum Dienstantritt im\n Polizeipr\u00e4sidium Rheinpfalz: &#8222;Sie geh\u00f6ren zu den bestausgebildeten \nPolizisten, die wir jemals hatten. Ihr Ausbildungsstand ist \nhervorragend. Zur Vollwertigkeit geh\u00f6rt nur noch die Erfahrung! \nVertrauen sie den Kollegen, die sie nun an der Hand nehmen.&#8220; In seiner \nAnsprache machte Ebling deutlich, wie gro\u00df der Personalbedarf in unserer\n Beh\u00f6rde ist und wie sehr wir uns auf die Verst\u00e4rkung freuen. In seinen \nabschlie\u00dfenden Worten machte er den jungen Frauen und M\u00e4nner aber auch \ndeutlich, welche Erwartungen er an sie hat. &#8222;Bleiben sie stets aufrecht,\n offen und tolerant im demokratischen Sinne. Handeln Sie konsequent, mit\n Verstand aber auch mit Herz!&#8220; Die 43 Polizeibeamtinnen und \nPolizeibeamte werden im gesamten Pr\u00e4sidialbereich verteilt. Zur \nDirektion Ludwigshafen kommen 20, nach Landau 13 und nach Neustadt 10 \nBeamtinnen und Beamte. <\/p>\n\n\n\n<h4 class=\"wp-block-heading\">(Ludwigshafen) &#8211; Einbruch in Caf\u00e9<\/h4>\n\n\n\n<p>Am 01.10.2019, gegen 04:30 Uhr, h\u00f6rte eine Zeugin Stimmen aus einem  Caf\u00e9 in der Goethestra\u00dfe. Als sie nachschaute, sah sie zwei M\u00e4nner. Als  die beiden unbekannten M\u00e4nner die Zeugin bemerkten, fl\u00fcchteten sie. Nach  Ermittlungen der Polizei stellte sich heraus, dass die beiden  unbekannten M\u00e4nner ein Fenster in dem Caf\u00e9 aufgehebelt hatten, mehrere  Automaten gewaltsam ge\u00f6ffnet und das darin befindliche Geld gestohlen  hatten. Der Schaden wird auf mehrere tausend Euro gesch\u00e4tzt. Wer etwas  gesehen hat und sachdienliche Hinweise geben kann, wird gebeten, sich  bei der Kriminalpolizei Ludwigshafen unter der Telefonnummer  0621\/963-2773 oder per E-Mail <a href=\"mailto:kiludwigshafen@polizei.rlp.de\">kiludwigshafen@polizei.rlp.de<\/a> zu melden. <\/p>\n\n\n\n<h4 class=\"wp-block-heading\">(Ludwigshafen) &#8211; M\u00fclltonnen angez\u00fcndet<\/h4>\n\n\n\n<p>Am 01.10.2019, gegen 04:00 Uhr, wurde der Polizei gemeldet, dass in der  Kriemhildstra\u00dfe eine M\u00fclltonne brennt. Vor Ort stellten die  Polizeibeamten zwei brennende Papier M\u00fclltonnen fest, die durch  unbekannte T\u00e4ter in Brand gesetzt wurden. Durch das Feuer wurde zudem  ein Auto besch\u00e4digt. Sachdienliche Hinweise bitte an die  Polizeiinspektion Ludwigshafen 2  unter der Telefonnummer 0621 963-2222  oder per E-Mail <a href=\"mailto:piludwigshafen2@polizei.rlp.de\">piludwigshafen2@polizei.rlp.de<\/a>. <\/p>\n\n\n\n<h4 class=\"wp-block-heading\">(Ludwigshafen) &#8211; Versuchter Einbruch in Gastst\u00e4tte<\/h4>\n\n\n\n<p>In der Nacht zum 01.10.2019 versuchten unbekannte T\u00e4ter in eine  Gastst\u00e4tte in der Sch\u00fctzenstra\u00dfe einzubrechen. Aufgrund eines  ausgel\u00f6sten akustischen Alarms lie\u00dfen sie vermutlich von ihrem Vorhaben  ab und fl\u00fcchteten. Sachdienliche Hinweise nimmt die Kriminalpolizei  Ludwigshafen unter der Telefonnummer 0621\/963-2773 oder per E-Mail <a href=\"mailto:kiludwigshafen@polizei.rlp.de\">kiludwigshafen@polizei.rlp.de<\/a> entgegen. <\/p>\n\n\n\n<h4 class=\"wp-block-heading\">(Ludwigshafen) &#8211; Einbruch in Kellerverschlag<\/h4>\n\n\n\n<p>In der Zeit zwischen dem 31.08.2019, gegen 12:00 Uhr und dem  30.09.2019, gegen 16.30 Uhr, brachen unbekannte T\u00e4ter einen  Kellerverschlag eines Mehrfamilienhauses in der &#8222;Deutsche Stra\u00dfe&#8220; auf  und durchw\u00fchlten alles. Ob und was gestohlen wurde, steht derzeit noch  nicht fest. Sachdienliche Hinweise bitte an die Polizeiinspektion  Ludwigshafen 2  unter der Telefonnummer 0621 963-2222 oder per E-Mail <a href=\"mailto:piludwigshafen2@polizei.rlp.de\">piludwigshafen2@polizei.rlp.de<\/a>. <\/p>\n\n\n\n<h4 class=\"wp-block-heading\">(Ludwigshafen) &#8211; Radio aus Auto gestohlen<\/h4>\n\n\n\n<p>In der Zeit zwischen dem 29.09.2019, gegen 21:45 Uhr und dem  30.09.2019, gegen 10:45 Uhr, versuchten unbekannte T\u00e4ter zun\u00e4chst die  Beifahrert\u00fcr eines Audi aufzuhebeln, der in der Raschigstra\u00dfe stand. Als  ihnen dies nicht gelang, schlugen sie die Scheibe ein und stahlen das  Autoradio. Sachdienliche Hinweise nimmt die Kriminalpolizei Ludwigshafen  unter der Telefonnummer 0621\/963-2773 oder per E-Mail <a href=\"mailto:kiludwigshafen@polizei.rlp.de\">kiludwigshafen@polizei.rlp.de<\/a> entgegen. <\/p>\n\n\n\n<h4 class=\"wp-block-heading\">(Ludwigshafen) &#8211; Werkzeuge aus LKW gestohlen<\/h4>\n\n\n\n<p>In der Zeit zwischen dem 28.09.2019, gegen 15:00 Uhr und dem  30.09.2019, gegen 06:00 Uhr, schlugen unbekannte T\u00e4ter die Scheibe der  Beifahrerseite eines LKW ein, der in der Karl-Lochner-Stra\u00dfe abgestellt  war. Sie stahlen diverse Werkzeuge. Sachdienliche Hinweise nimmt die  Kriminalpolizei Ludwigshafen unter der Telefonnummer 0621\/963-2773 oder  per E-Mail <a href=\"mailto:kiludwigshafen@polizei.rlp.de\">kiludwigshafen@polizei.rlp.de<\/a> entgegen. <\/p>\n\n\n\n<h4 class=\"wp-block-heading\">(Ludwigshafen) &#8211; Angeblich gestohlener Wagen wurde nur abgeschleppt<\/h4>\n\n\n\n<p>Am 29.09.2019 &#8211; 08:30 berichteten wir von einem VW Tiguan, der im  Zeitraum vom 24.09.2019,13:00Uhr &#8211; 28.09.2019,09:00 Uhr aus einer  Tiefgarage in der Dessauer Stra\u00dfe gestohlen worden sein sollte. <\/p>\n\n\n\n<p>Im Wege der Ermittlungen stellte sich heraus, dass der Wagen abgeschleppt wurde. Keine Straftat. <a rel=\"noreferrer noopener\" target=\"_blank\" href=\"https:\/\/www.presseportal.de\/blaulicht\/pm\/117696\/4388022\">https:\/\/www.presseportal.de\/blaulicht\/pm\/117696\/4388022<\/a> <\/p>\n\n\n\n<h4 class=\"wp-block-heading\">(Mannheim-Innenstadt) &#8211; Rollerfahrer fl\u00fcchtet nach Zusammensto\u00df mit Auto<\/h4>\n\n\n\n<p>Nach einem Unfall am fr\u00fchen Dienstagmorgen im Stadtteil Innenstadt, an  dem ein Auto und ein Motorroller beteiligt waren, fl\u00fcchtete der  beteiligte Rollerfahrer von der Unfallstelle. Ein 35-j\u00e4hriger Mann war  kurz vor ein Uhr mit seinem Audi in der Stra\u00dfe zwischen den Quadraten F 5  und F 6 in Richtung Rathaus und wollte nach rechts in die Stra\u00dfe  zwischen E 6 und F 6 abbiegen. Dabei nahm er dem 34-j\u00e4hrigen  Rollerfahrer die Vorfahrt und stie\u00df mit diesem zusammen. Der  Rollerfahrer st\u00fcrzte zun\u00e4chst, hob seinen Roller jedoch wieder auf und  fuhr einfach davon. Zeugen, die den Unfall beobachtet hatten, nahmen die  Verfolgung auf und fertigten Bilder des Rollers, auf denen auch das  Kennzeichen zu erkennen war. <\/p>\n\n\n\n<p>Der Roller konnte schlie\u00dflich im \nRahmen der Fahndung festgestellt und dessen Fahrer an seiner \nWohnanschrift angetroffen werden. Ein Alkoholtest ergab einen Wert von \n0,0 Promille. Allerdings konnte bei dem Mann eine Kleinstmenge von \nMarihuana aufgefunden werden. Da der 34-J\u00e4hrige zudem Anzeichen f\u00fcr \nDrogenbeeinflussung zeigte und ein Drogenvortest positiv reagierte, \nwurde ihm eine Blutprobe entnommen. <\/p>\n\n\n\n<p>Gegen den Rollerfahrer wird  nun wegen Drogenbesitzes, Gef\u00e4hrdung des Stra\u00dfenverkehrs und  Unfallflucht ermittelt. Den 34-j\u00e4hrigen Audi-Fahrer als  Unfallverursacher erwartet nun ein Bu\u00dfgeld. <\/p>\n\n\n\n<h4 class=\"wp-block-heading\">(Mannheim-Herzogenried) &#8211; Senior wird in Wohnung von unbekannter Frau bestohlen \/ Zeugen gesucht!<\/h4>\n\n\n\n<p>Ein 80-j\u00e4hriger Mann wurde am Sonntag, zwischen 19 Uhr und 20 Uhr, in  dessen Wohnung in der Stra\u00dfe &#8222;Am Steingarten&#8220; bestohlen. Eine fl\u00fcchtige  Bekannte des Mannes verschaffte sich unter dem Vorwand, Gl\u00e4ser abkaufen  zu wollen, Zutritt zu dessen Wohnung. In einem unbeobachteten Moment  stahl sie aus zwei Beh\u00e4ltnissen einen Goldring mit einem Rubinstein  sowie ein goldenes Armkettchen und steckte sich diese ein. Nachdem sie  dem Senior dann das Geld f\u00fcr die Gl\u00e4ser bezahlt hatte, verlie\u00df sie  wieder die Wohnung. Dem Gesch\u00e4digten fiel erst kurz darauf auf, dass die  Schmuckst\u00fccke fehlten und meldete dies der Polizei. Er gab an, die Frau  von seinen Spazierg\u00e4ngen fl\u00fcchtig zu kennen. <\/p>\n\n\n\n<p>Die Unbekannte konnte wie folgt beschrieben werden: <\/p>\n\n\n\n<ul><li>ca.  1,80 m gro\u00df<\/li><li>etwa 46 Jahre alt<\/li><li>schlank<\/li><li>schwarze nackenlange Haare<\/li><li>trug zum Tatzeitpunkt eine schwarze Regenjacke, einen gleichfarbigen  Rock und schwarze Schuhe<\/li><li>Sie ist der deutschen und polnischen Sprache m\u00e4chtig<\/li><\/ul>\n\n\n\n<p>Zeugen, die verd\u00e4chtige Wahrnehmungen gemacht haben oder  Hinweise zu der Unbekannten geben k\u00f6nnen, werden gebeten, sich mit dem  Polizeirevier Mannheim-Neckarstadt unter Tel.: 0621\/3301-0 in Verbindung  zu setzen. <\/p>\n\n\n\n<h4 class=\"wp-block-heading\">(Mannheim-Sch\u00f6nau) &#8211; Baucontainer aufgebrochen, Zeugen gesucht!<\/h4>\n\n\n\n<p>An einem in der Stettiner Stra\u00dfe stehenden Baucontainer machten sich bislang Unbekannte vergangenes Wochenende zu schaffen. <\/p>\n\n\n\n<p>Der\n oder die T\u00e4ter begaben sich in der Zeit zwischen Donnerstagmittag, \n11:30 Uhr und Montagmittag, 12:00 Uhr zum Ereignisort. Dort schoben sie \nzun\u00e4chst einen zur Sicherung vor die T\u00fcren gestellten Betonquader zur \nSeite und brachen dann das Schloss auf. Aus dem Container entwendeten \nsie sodann einen Asphaltschneider, einen Trennj\u00e4ger, eine R\u00fcttelplatte \nund einen Vibrationsstampfer im Wert von mehreren Tausend Euro. <\/p>\n\n\n\n<p>Da  zum Abtransport der sperrigen Ger\u00e4te vermutlich ein Transporter oder  Lkw zum Einsatz kam, bittet die Polizei Personen, die im fraglichen  Zeitraum Verd\u00e4chtiges beobachtet haben, um telefonische Meldung unter  0621\/77769-0. <\/p>\n\n\n\n<h4 class=\"wp-block-heading\">(Mannheim-Rheinau) &#8211; Verkehrsunfall beim Fahrstreifenwechsel<\/h4>\n\n\n\n<p>Ein Verkehrsunfall mit hohem Sachschaden ereignete sich am Montagmittag auf der B 36, in H\u00f6he Rheinau-S\u00fcd. <\/p>\n\n\n\n<p>Gegen\n 12:50 Uhr wollte der 40-j\u00e4hrige Fahrer eines Lkw von der rechten \nFahrspur der B 36 auf die Abfahrt zur Schwetzinger Landstra\u00dfe wechseln. \nVermutlich \u00fcbersah der Mann dabei einen im toten Winkel seines Lasters \nfahrenden Mercedes, der daraufhin gegen die Leitplanke gedr\u00fcckt wurde. <\/p>\n\n\n\n<p>Der hierbei entstandene Sachschaden wurde auf mindestens 14.000 Euro gesch\u00e4tzt. Verletzte waren nicht zu beklagen. <\/p>\n\n\n\n<h4 class=\"wp-block-heading\">(Heidelberg-Bahnstadt) &#8211; Maschinen bei Einbruch in Werkstatt gestohlen \/ Zeugen gesucht!<\/h4>\n\n\n\n<p>In der Zeit von Sonntag, 19:30 Uhr bis Montag, 4:50 Uhr, brachen  bislang Unbekannte in die Werkstatt einer Bildungseinrichtung in der  Stra\u00dfe &#8222;Am Bahnbetriebswerk&#8220; ein. Nach derzeitigem Ermittlungsstand  warfen die T\u00e4ter eine Fensterscheibe ein und gelangten so ins Innere.  Sie durchsuchten die komplette Werkstatt nach Stehlenswertem und  entwendeten Maschinen in noch unbekannter Anzahl. Nachdem sie auf dem  Gel\u00e4nde noch mehrere Container aufgehebelt hatten und teilweise in diese  eindrangen, lie\u00dfen sie aus der Werkstatt den Schl\u00fcssel eines  Kleintransporters mitgehen, um diesen zum Abtransport der Maschinen zu  nutzen. Sie luden das Diebesgut in den Transporter ein und fuhren dann  an die nahegelegen Bahngleise unterhalb der Haltestelle &#8222;Ochsenkopf&#8220;, wo  sie das Fahrzeug abstellen mussten. Die gestohlenen Maschinen hatten  die Diebe auf unbekannte Art und Weise weitertransportiert. Der  Kleintransporter wurde sichergestellt und abgeschleppt. <\/p>\n\n\n\n<p>Die  Polizei sucht nun Zeugen, die verd\u00e4chtige Beobachtungen gemacht haben.  Diese werden gebeten, sich mit dem Polizeirevier Heidelberg-Mitte unter  Tel.: 06221\/99-1700 in Verbindung zu setzen. <\/p>\n\n\n\n<h4 class=\"wp-block-heading\">(Walldorf \/ Rhein-Neckar-Kreis) &#8211; Blauer Polo nach Unfallflucht gesucht<\/h4>\n\n\n\n<p>Am Sonntagnachmittag kam es im Kreisverkehr der Hubstra\u00dfe \/  Heidelberger Stra\u00dfe zu einem Verkehrsunfall &#8211; trotz erheblicher  Besch\u00e4digungen am Auto des Verursachers fl\u00fcchtete dieser vom Unfallort. <\/p>\n\n\n\n<p>Der\n bislang unbekannte Fahrer fuhr gegen 16:10 Uhr in den Kreisverkehr ein,\n wobei er aufgrund seiner Geschwindigkeit von der Fahrbahn abkam und mit\n einem Fahnenmast zusammenstie\u00df. Dieser knickte um und musste letztlich \nfachm\u00e4nnisch abgetrennt werden. Durch den Aufprall wurde der Pkw des \nUnfallverursachers, ein blauer Polo, massiv im Frontbereich besch\u00e4digt. \nDies hielt den Fahrer allerdings nicht davon ab vom Unfallort in \nRichtung Hubstra\u00dfe zu fl\u00fcchten. Dabei verlor er ein Kennzeichen und \nTeile der Karosserie. <\/p>\n\n\n\n<p>Ermittlungen ergaben, dass das  sichergestellte Kennzeichen von einem anderen Pkw gestohlen wurde.  Aufgrund von Zeugenaussagen kann der Fahrer des blauen VW Polo wie folgt  beschrieben werden: <\/p>\n\n\n\n<ul><li>m\u00e4nnlich<\/li><li>ca. 20 Jahre alt<\/li><li>hellbraune kurze Haare<\/li><li>schlank<\/li><li>westeurop\u00e4isches Erscheinungsbild<\/li><\/ul>\n\n\n\n<p>Zeugen des  Unfallgeschehens oder Hinweisgeber, die Angaben zum gesuchten Fahrzeug  oder Fahrer machen k\u00f6nnen, werden gebeten, sich unter 06222 57090 an die  Beamten des Polizeireviers Wiesloch zu wenden. <\/p>\n\n\n\n<h4 class=\"wp-block-heading\">(Wiesloch \/ Bad Sch\u00f6nborn \/ Rhein-Neckar-Kreis) &#8211; 43-j\u00e4hriger Fahrer eines Sattelzugs f\u00e4hrt  \u00fcber rote Ampeln und gef\u00e4hrdet mehrere Autofahrer \/ Polizei sucht  Gesch\u00e4digte und weitere Zeugen<\/h4>\n\n\n\n<p>Ein 43-j\u00e4hriger Fahrer eines Sattelzugs missachtete am Montagabend das  Rotlicht gleich mehrerer Ampeln und gef\u00e4hrdete dabei mindestens zwei  Autofahrer erheblich. Der Fahrer war auf der B 39 und im weiteren  Verlauf auf der L 723 von M\u00fchlhausen kommend in Richtung Wiesloch  unterwegs. An der Einm\u00fcndung der s\u00fcdlichen Autobahnabfahrt der A 6  missachtete er das Rotlicht der Ampel. Auch die n\u00e4chsten Einm\u00fcndung L  723\/Abfahrt A 6 aus Richtung Sinsheim \u00fcberquerte er bei Rotlicht.  Hierbei konnte ein bislang unbekannter Autofahrer, der bei Gr\u00fcnlicht  abbiegen wollte, nur durch eine Vollbremsung und Ausweichen einen  Zusammensto\u00df verhindern. Eine nachfolgende aufmerksame Zeugin  verst\u00e4ndigte \u00fcber Notruf die Polizei und folgte dem Sattelzug. Der  Fahrer fuhr weiter auf der L 723 in Richtung Walldorf und bog ab auf die  B 3 in Richtung Bad Sch\u00f6nborn. Auch hier fuhr der Sattelzugfahrer bei  &#8222;Rot&#8220; \u00fcber die Ampel und gef\u00e4hrdete den Fahrer eines hellen Autos. Da  die Zeugin dem Fahrzeug weiter folgte und ihren Standort der Polizei  mitteilte, konnte der Sattelzug auf der L 555\/Gemarkung Kronau von einer  Streife des Polizeireviers Bad Sch\u00f6nborn angehalten werden. Gegen den  43-j\u00e4hrigen Fahrer wird wegen Gef\u00e4hrdung des Stra\u00dfenverkehrs ermittelt.  Die Autofahrer, die gef\u00e4hrdet wurden bzw. weitere Gesch\u00e4digte und Zeugen  werden gebeten, sich unter Telefon 06222\/57090 beim Polizeirevier  Wiesloch zu melden. <\/p>\n\n\n\n<h4 class=\"wp-block-heading\">(St. Leon-Rot \/ A 5 \/ Rhein-Neckar-Kreis) &#8211; Einrichtung einer Gro\u00dfbaustelle sorgt f\u00fcr lange Verkehrsstaus \/ Polizei muss schlafende Lkw-Fahrer wecken<\/h4>\n\n\n\n<p>Die Einrichtung des ersten Teilst\u00fccks der Gro\u00dfbaustelle auf der A 5  zwischen dem Autobahnkreuz , ABK Walldorf und der Anschlussstelle Kronau  sorgte am Montag erhebliche Verkehrsbehinderungen und kilometerlange  Staus. Rund um das Autobahnkreuz kam der Verkehr teilweise zum Erliegen,  es bildeten sich Staus auf der A 5 bis in den Raum Karlsruhe und auf  der A 6 bis zur A 61. Hinzu kam, dass gegen 18.15 Uhr ein Reisebus mit  53 Fahrg\u00e4sten an Bord innerhalb der Baustelle aufgrund einer Panne  liegen blieb und f\u00fcr einen Zeitraum von \u00fcber drei Stunden nur noch ein  Fahrstreifen zur Verf\u00fcgung stand. Die dahinter verkehrsbedingt stehenden  Lkw kamen nicht mehr weiter, viele Fahrer nahmen ihre Ruhezeiten und  legten sich zum Schlafen in die Kojen. Die Beamten des  Verkehrskommissariats Walldorf hatten dann bis sp\u00e4t abends alle H\u00e4nde  voll zu tun, um die Lkw-Fahrer wieder zu wecken. <\/p>\n\n\n\n<p>Am \nDienstagmorgen gegen 7.30 Uhr hatte sich baustellenbedingt, ohne \nPannenfahrzeuge oder einen Unfall,  bereits wieder ein Stau bis auf die A\n 61 gebildet. Und die Situation wird sich nach Ansicht der \nVerkehrspolizei noch versch\u00e4rfen. Die Baustelle wird in den n\u00e4chsten \nMonaten auf sieben Kilometer, derzeit etwa dreieinhalb, ausgedehnt. Und \nin wenigen Tagen beginnt die Einrichtung der Gro\u00dfbaustelle auf der A 6 \nzwischen den Anschlussstellen Wiesloch\/Rauenberg und Sinsheim. <\/p>\n\n\n\n<h4 class=\"wp-block-heading\">(St. Leon-Rot \/ Rhein-Neckar-Kreis) &#8211; Zigarettenautomat von der Hauswand  gerissen \/ Automat in Waldgebiet aufgefunden &#8211; Zeugen gesucht!<\/h4>\n\n\n\n<p>Bislang unbekannte T\u00e4ter rissen im Zeitraum von Freitag bis Montag in  der Walldorfer Stra\u00dfe\/Ecke Friedhofstra\u00dfe einen Zigarettenautomaten von  der Hauswand eines Anwesens und transportieren diesen in ein  nahegelegenes Waldst\u00fcck. Ein Passant fand den total besch\u00e4digten  Automaten am Montagmittag, gegen 13 Uhr, in dem Waldst\u00fcck in der  verl\u00e4ngerten Friedhofstra\u00dfe und meldete dies der Polizei. Die  unbekannten T\u00e4ter hatten das Ger\u00e4t aufgebrochen und aus diesem eine noch  unbekannte Anzahl an Zigaretten und Bargeld gestohlen. Die H\u00f6he des  Diebstahl- und Sachschaden kann derzeit nicht beziffert werden. <\/p>\n\n\n\n<p>Zeugen,  die verd\u00e4chtige Beobachtungen gemacht haben, werden gebeten, sich mit  dem Polizeiposten St. Leon-Rot unter Tel.: 06227\/881600 oder dem  Polizeirevier Wiesloch unter Tel.: 06222\/5709-0 in Verbindung zu setzen.  <\/p>\n\n\n\n<h4 class=\"wp-block-heading\">(Wiesenbach \/ Rhein-Neckar-Kreis) &#8211; Audi A4 auf Parkplatz eines Supermarktes besch\u00e4digt \/ Zeugen gesucht!<\/h4>\n\n\n\n<p>Auf dem Parkplatz eines Supermarktes in der Hauptstra\u00dfe, in H\u00f6he der  Silcherstra\u00dfe, ereignete sich am Freitag, zwischen 10 Uhr und 11 Uhr,  eine Unfallflucht, zu der die Polizei Zeugen sucht. Ein bislang  unbekannter Autofahrer hatte vermutlich beim Ausparken einen Audi A4  gestreift und war dann gefl\u00fcchtet, obwohl der PKW an der Beifahrert\u00fcr  und am rechten Kotfl\u00fcgel besch\u00e4digt worden war. Die H\u00f6he des  entstandenen Sachschadens wird auf ca. 2.500 Euro gesch\u00e4tzt. <\/p>\n\n\n\n<p>Zeugen,  die den Unfall beobachtet haben und Hinweise zum Verursacher geben  k\u00f6nnen, werden gebeten, sich beim Polizeirevier Neckargem\u00fcnd unter Tel.:  06223\/9254-0 zu melden. <\/p>\n\n\n\n<h4 class=\"wp-block-heading\">(Ladenburg \/ Rhein-Neckar-Kreis) &#8211; Wohnungseinbruch in der Scheffelstra\u00dfe \/ Fl\u00fcchteten T\u00e4ter mit VW Passat? Zeugen gesucht!<\/h4>\n\n\n\n<p>Am Montag, zwischen 17:30 Uhr und 21:45 Uhr, wurde in eine Wohnung in  der Scheffelstra\u00dfe eingebrochen. Durch Aufhebeln der Terrassent\u00fcr hatte  sich ein bislang unbekannter T\u00e4ter Zutritt zu der Wohnung verschafft und  aus den R\u00e4umlichkeiten Bargeld in H\u00f6he von mehreren hundert Euro  gestohlen. Einem Zeugen fiel in H\u00f6he der Friedrich-Ebert-Stra\u00dfe ein  silberner VW Passat mit K\u00f6lner Kennzeichen auf, in welchem drei  m\u00e4nnlichen Personen sa\u00dfen. Als die drei unbekannten M\u00e4nner den Zeugen  erblickten, seien diese sofort in unbekannte Richtung davongefahren. Ob  das Trio mit der Tat im Zusammenhang steht, ist Gegenstand der weiteren  Ermittlungen. <\/p>\n\n\n\n<p>Weitere Zeugen, die verd\u00e4chtige Beobachtungen  gemacht haben und Hinweise im Zusammenhang mit dem VW geben k\u00f6nnen,  werden gebeten, sich mit dem Polizeirevier Ladenburg unter Tel.:  06203\/9305-0 in Verbindung zu setzen. <\/p>\n\n\n\n<h4 class=\"wp-block-heading\">(Weinheim \/ Rhein-Neckar-Kreis) &#8211; Autofahrer unter Drogeneinfluss mit  nicht zugelassenem Fahrzeug unterwegs \/ Wer ist gefahren? Polizei sucht Zeugen<\/h4>\n\n\n\n<p>Zwei M\u00e4nner unter Drogeneinfluss waren am fr\u00fchen Dienstagmorgen in  Weinheim mit einem nicht zugelassenen Auto unterwegs. Einer  Polizeistreife fiel gegen zwei Uhr in der Mannheimer Stra\u00dfe ein Audi A 6  auf, der mit drei jungen M\u00e4nnern besetzt war. An einer Tankstelle wurde  das Fahrzeug gestoppt und die drei M\u00e4nner im Alter von 16 und 18 Jahren  kontrolliert. Alle drei M\u00e4nner waren azs gestiegen, noch bevor die  Beamten das Fahrzeug erreichten. In der weiteren Folge beschuldigten  sich der 18-J\u00e4hrige und einer der 16-J\u00e4hrigen gegenseitig, das Fahrzeug  gef\u00fchrt zu haben. Bei der weiteren \u00dcberpr\u00fcfung wurde festgestellt, dass  beide nicht im Besitz der erforderlichen Fahrerlaubnis waren. Zudem  standen beide erkennbar unter Drogeneinfluss. Beiden M\u00e4nnern wurden  Blutproben entnommen. <\/p>\n\n\n\n<p>Im Fahrzeug roch es stark nach Marihuana. Drogen konnten im Fahrzeug jedoch nicht aufgefunden werden. <\/p>\n\n\n\n<p>Die\n am Fahrzeug angebrachten Kennzeichen waren f\u00fcr ein anderes Fahrzeug \nausgegeben und waren bereits entstempelt. Die zum Audi geh\u00f6renden \nKennzeichen konnten im Fahrzeuginneren aufgefunden werden, waren aber \nebenfalls zur Entstempelung ausgeschrieben. Das Fahrzeug wurde \nsichergestellt, da die Eigentumsverh\u00e4ltnisse nicht eindeutig gekl\u00e4rt \nwerden konnten. <\/p>\n\n\n\n<p>Die Aufnahmen der Video\u00fcberwachungsanlage der Tankstelle wurden erhoben und m\u00fcssen noch ausgewertet werden. <\/p>\n\n\n\n<p>Gegen\n beide M\u00e4nner wird nun u.a. wegen  des Verdachts des Fahrens unter \nDrogeneinfluss, Fahrens ohne Fahrerlaubnis, Versto\u00df gegen das \nPflichtversicherungsgesetz und das Kraftfahrzeugsteuergesetz und \nKennzeichenmissbrauchs ermittelt. <\/p>\n\n\n\n<p>Zeugen, die auf das Fahrzeug  aufmerksam geworden waren und sachdienliche Hinweise zum Fahrer geben  k\u00f6nnen, werden gebeten, sich beim Polizeirevier Weinheim, Tel.:  06201\/1003-0 zu melden. <\/p>\n\n\n\n<h4 class=\"wp-block-heading\">(Weinheim \/ Rhein-Neckar-Kreis) &#8211; Container auf Firmengel\u00e4nde aufgebrochen und Arbeitsger\u00e4te gestohlen \/ Zeugen gesucht!<\/h4>\n\n\n\n<p>Auf dem Firmengel\u00e4nde eines Gartengestalters in der Freiburger Stra\u00dfe  wurde in der Zeit von Samstag, 19 Uhr bis Montag, 7:40 Uhr, ein  Container aufgebrochen. Ein oder mehrere bislang unbekannte T\u00e4ter hatten  den Maschendrahtzaun zum Grundst\u00fcck durchtrennt und waren so auf das  Areal gelangt. Dort machten sie sich gewaltsam an dem Container zu  schaffen und entwendeten aus diesem eine noch unbekannte Anzahl an  Arbeitsger\u00e4ten. In welcher H\u00f6he Sachschaden entstand, ist derzeit nicht  bekannt. <\/p>\n\n\n\n<p>Zeugen, die verd\u00e4chtige Wahrnehmungen gemacht haben, \nwerden gebeten, sich beim Polizeirevier Weinheim unter Tel.: \n06201\/1003-0 zu melden. <\/p>\n","protected":false},"excerpt":{"rendered":"<div class=\"mh-excerpt\"><p>Polizeimeldungen vom Dienstag (01.10.2019) (Speyer) &#8211; Verkehrsunfall mit leichtverletzter Person Der 86-j\u00e4hrige Fahrer eines PKW Hyundai bog Montagmorgen an der Kreuzung Kurt-Schumacher-Str.\/Im Erlich nach links in die Stra\u00dfe Im Erlich ab und \u00fcbersah dabei einen <a class=\"mh-excerpt-more\" href=\"https:\/\/speyer24news.com\/?p=20092\" title=\"Polizei:\">[&#8230;]<\/a><\/p>\n<\/div>","protected":false},"author":3,"featured_media":0,"comment_status":"open","ping_status":"open","sticky":false,"template":"","format":"standard","meta":{"_monsterinsights_skip_tracking":false,"_monsterinsights_sitenote_active":false,"_monsterinsights_sitenote_note":"","_monsterinsights_sitenote_category":0,"footnotes":""},"categories":[12],"tags":[61,2555,63,105,53,102,213,55,103,106,2803,2423,427,62,104,979,1565],"aioseo_notices":[],"amp_enabled":true,"_links":{"self":[{"href":"https:\/\/speyer24news.com\/index.php?rest_route=\/wp\/v2\/posts\/20092"}],"collection":[{"href":"https:\/\/speyer24news.com\/index.php?rest_route=\/wp\/v2\/posts"}],"about":[{"href":"https:\/\/speyer24news.com\/index.php?rest_route=\/wp\/v2\/types\/post"}],"author":[{"embeddable":true,"href":"https:\/\/speyer24news.com\/index.php?rest_route=\/wp\/v2\/users\/3"}],"replies":[{"embeddable":true,"href":"https:\/\/speyer24news.com\/index.php?rest_route=%2Fwp%2Fv2%2Fcomments&post=20092"}],"version-history":[{"count":2,"href":"https:\/\/speyer24news.com\/index.php?rest_route=\/wp\/v2\/posts\/20092\/revisions"}],"predecessor-version":[{"id":20098,"href":"https:\/\/speyer24news.com\/index.php?rest_route=\/wp\/v2\/posts\/20092\/revisions\/20098"}],"wp:attachment":[{"href":"https:\/\/speyer24news.com\/index.php?rest_route=%2Fwp%2Fv2%2Fmedia&parent=20092"}],"wp:term":[{"taxonomy":"category","embeddable":true,"href":"https:\/\/speyer24news.com\/index.php?rest_route=%2Fwp%2Fv2%2Fcategories&post=20092"},{"taxonomy":"post_tag","embeddable":true,"href":"https:\/\/speyer24news.com\/index.php?rest_route=%2Fwp%2Fv2%2Ftags&post=20092"}],"curies":[{"name":"wp","href":"https:\/\/api.w.org\/{rel}","templated":true}]}}