{"id":20105,"date":"2019-10-02T09:13:13","date_gmt":"2019-10-02T08:13:13","guid":{"rendered":"https:\/\/speyer24news.com\/?p=20105"},"modified":"2019-10-02T09:13:15","modified_gmt":"2019-10-02T08:13:15","slug":"sport-20","status":"publish","type":"post","link":"https:\/\/speyer24news.com\/?p=20105","title":{"rendered":"Sport:"},"content":{"rendered":"<style type=\"text\/css\">\r\n\t.ads_top_disp{}\r\n\t.ads_top_corner_disp{ float:left; margin:0px 10px 10px 0px; }\r\n\t.ads_first_p_disp{}\r\n\t.ads_bottom_disp{}\r\n\t<\/style>\n<h1 class=\"wp-block-heading\" style=\"text-align:center\">Judo \/ JSV Speyer e.V.:<\/h1>\n\n\n\n<div class=\"wp-block-image\"><figure class=\"aligncenter\"><img decoding=\"async\" loading=\"lazy\" width=\"175\" height=\"226\" src=\"https:\/\/speyer24news.com\/wp-content\/uploads\/2019\/10\/JSV-Speyer.png\" alt=\"\" class=\"wp-image-20112\"\/><\/figure><\/div>\n\n\n\n<h2 class=\"wp-block-heading\">Doppelsieg zum Saisonabschluss<\/h2>\n\n\n\n<h3 class=\"wp-block-heading\">Nachwuchsteam des JSV besiegelt erfolgreiche Premierensaison &#8211; Erfolgreicher Saisonabschluss f\u00fcr die zweite Frauenmannschaft des JSV<\/h3>\n\n\n\n<div class=\"wp-block-image\"><figure class=\"aligncenter\"><img decoding=\"async\" loading=\"lazy\" width=\"800\" height=\"586\" src=\"https:\/\/speyer24news.com\/wp-content\/uploads\/2019\/10\/2019-09-28-JSV2F-.jpg\" alt=\"\" class=\"wp-image-20113\" srcset=\"https:\/\/speyer24news.com\/wp-content\/uploads\/2019\/10\/2019-09-28-JSV2F-.jpg 800w, https:\/\/speyer24news.com\/wp-content\/uploads\/2019\/10\/2019-09-28-JSV2F--300x220.jpg 300w, https:\/\/speyer24news.com\/wp-content\/uploads\/2019\/10\/2019-09-28-JSV2F--768x563.jpg 768w, https:\/\/speyer24news.com\/wp-content\/uploads\/2019\/10\/2019-09-28-JSV2F--80x60.jpg 80w\" sizes=\"(max-width: 800px) 100vw, 800px\" \/><\/figure><\/div>\n\n\n\n<p><strong>Ulm \/ Speyer &#8211; <\/strong>Dank zweier Siege am letzten Kampftag der 2. Bundesliga S\u00fcd in  Ulm hat die neue Nachwuchsmannschaft des JSV ihre Premierensaison auf  dem vierten Tabellenplatz beendet.<\/p>\n\n\n\n<p>Trotz eines personellen Engpasses gelangen gegen den 1. DJC Frankfurt  und den gastgebenden VfL Ulm zwei 5:2-Siege. Die Speyererinnen, dieses  Mal von Erstliga-K\u00e4mpferin Vanessa Benkert gecoacht, waren ohne  K\u00e4mpferinnen in den Gewichtsklassen bis 70 und bis 78 Kilogramm  angetreten, so dass Lena Behrens und Jana F\u00f6rtsch beide jeweils zwei  Gewichtsklassen h\u00f6her k\u00e4mpfen mussten. Dennoch gelang es beiden, jeweils  einen ihrer K\u00e4mpfe zu gewinnen. \u201eEine ganz starke Leistung der beiden,  und super, wie sie sich in den Dienst der Mannschaft gestellt haben\u201c,  lobte Vanessa Benkert den Einsatz von F\u00f6rtsch und Behrens. F\u00fcr Jana Lutz  waren es der erste Einsatz \u00fcberhaupt im Zweitliga-Team des JSV, ebenso  gab Mona Kohlbacher ihr Deb\u00fct.<\/p>\n\n\n\n<p>Im ersten Duell gegen Frankfurt musste Lena Behrens den ersten Kampf  abgeben, danach \u00fcbernahm der JSV allerdings mit Siegen von Vanessa Adam,  Lisa Rrustaj, Julia Holstein und Lina Balzer das Heft in die Hand  nehmen und uneinholbar in F\u00fchrung gehen. Pia Neumayer unterlag im  vorletzten Kampf, bevor Jana F\u00f6rtsch mit einem schnellen Sieg den  5:2-Endstand herstellte.<\/p>\n\n\n\n<p>Im zweiten Kampf gegen Ulm ging der JSV sogar mit 5:0 in F\u00fchrung durch  Siege von Lena Behrens, Mona Kohlbacher, Jana Lutz, Julia Holstein und  Lina Balzer. Neumayer und F\u00f6rtsch mussten dann allerdings die letzten  beiden K\u00e4mpfe abgeben, so dass auch dieses Duell 5:2 f\u00fcr Speyer endete.<\/p>\n\n\n\n<p>Nach drei Kampftagen mit jeweils einem Sieg und einer Niederlage konnte  die Speyerer Nachwuchsmannschaft somit die erste Zweitligasaison mit  einer positiven Bilanz abschlie\u00dfen. Positiv ist aus JSV-Sicht auch, dass  insgesamt 15, weit \u00fcberwiegend junge bis sehr junge, K\u00e4mpferinnen in  dieser Saison zum Einsatz kamen. \u201eDie Entscheidung, eine zweite  Mannschaft zu stellen, hat sich als absolut richtig erwiesen. Es war  wichtig f\u00fcr die Wettkampferfahrung und f\u00fcr die Gemeinschaft. Dass dann  noch eine stabile Leistung herauskam, ist umso erfreulicher\u201c, res\u00fcmiert  JSV-Gesch\u00e4ftsf\u00fchrerin Gerlinde G\u00f6rgen.<\/p>\n\n\n\n<p><\/p>\n\n\n\n<h1 class=\"wp-block-heading\" style=\"text-align:center\">Tanzen \/ Gr\u00fcn-Gold Speyer e.V.:<\/h1>\n\n\n\n<div class=\"wp-block-image\"><figure class=\"aligncenter\"><img decoding=\"async\" loading=\"lazy\" width=\"479\" height=\"500\" src=\"https:\/\/speyer24news.com\/wp-content\/uploads\/2019\/10\/Gr\u00fcnGold-Speyer-eV.jpg\" alt=\"\" class=\"wp-image-20109\" srcset=\"https:\/\/speyer24news.com\/wp-content\/uploads\/2019\/10\/Gr\u00fcnGold-Speyer-eV.jpg 479w, https:\/\/speyer24news.com\/wp-content\/uploads\/2019\/10\/Gr\u00fcnGold-Speyer-eV-287x300.jpg 287w\" sizes=\"(max-width: 479px) 100vw, 479px\" \/><\/figure><\/div>\n\n\n\n<h2 class=\"wp-block-heading\"><strong>Hauptgruppenpaare bei den Mainhattan Dance Days<\/strong><\/h2>\n\n\n\n<div class=\"wp-block-image\"><figure class=\"aligncenter\"><img decoding=\"async\" loading=\"lazy\" width=\"600\" height=\"644\" src=\"https:\/\/speyer24news.com\/wp-content\/uploads\/2019\/10\/v.l.-Martin-Carla-Jasmin-Andreas.jpeg\" alt=\"\" class=\"wp-image-20110\" srcset=\"https:\/\/speyer24news.com\/wp-content\/uploads\/2019\/10\/v.l.-Martin-Carla-Jasmin-Andreas.jpeg 600w, https:\/\/speyer24news.com\/wp-content\/uploads\/2019\/10\/v.l.-Martin-Carla-Jasmin-Andreas-280x300.jpeg 280w\" sizes=\"(max-width: 600px) 100vw, 600px\" \/><figcaption>v.l.: Martin, Carla, Jasmin, Andreas<\/figcaption><\/figure><\/div>\n\n\n\n<p><strong>Frankfurt \/ Speyer &#8211; <\/strong>Am vergangenen Wochenende fanden in Frankfurt die 7. Mainhattan Dance Days statt, bei denen auch zwei Speyerer Paare ihr K\u00f6nnen auf dem Parkett zeigten und sich gegen zum Teil starke, hessische Konkurrenz durchsetzten.<\/p>\n\n\n\n<div class=\"wp-block-image\"><figure class=\"aligncenter\"><img decoding=\"async\" loading=\"lazy\" width=\"500\" height=\"936\" src=\"https:\/\/speyer24news.com\/wp-content\/uploads\/2019\/10\/Martin-und-Carla.jpeg\" alt=\"\" class=\"wp-image-20111\" srcset=\"https:\/\/speyer24news.com\/wp-content\/uploads\/2019\/10\/Martin-und-Carla.jpeg 500w, https:\/\/speyer24news.com\/wp-content\/uploads\/2019\/10\/Martin-und-Carla-160x300.jpeg 160w\" sizes=\"(max-width: 500px) 100vw, 500px\" \/><figcaption>Martin und Carla freuen sich \u00fcber Platz 7.<\/figcaption><\/figure><\/div>\n\n\n\n<p>Am Samstag starteten Andreas Hoffmann und Jasmin H\u00e4nlein in der Hauptgruppe D Standard. Dort tanzten sie sich trotz einer glatten Fl\u00e4che direkt in die Endrunde und erreichten dort den 5. Platz. Nach schnellem Umziehen starteten sie ebenfalls in der Hauptgruppe C Latein, die direkt danach angesetzt war, wo die sich ebenfalls direkt in die Endrunde tanzten und dort den 5.Platz sicherten. Auf der Fl\u00e4che daneben starteten zeitgleich Martin Kuznetsov und Carla Salah in der Hauptgruppe D Latein, welche erstmals die Endrunde erreichten. \u00dcber den anschlie\u00dfenden 7. Platz im Finale freuten sie sich sehr.<\/p>\n\n\n\n<p><em>Tanz-Sport-Club Gr\u00fcn-Gold Speyer e.V.<br>02.10.2019<\/em><\/p>\n\n\n\n<h1 class=\"wp-block-heading\" style=\"text-align:center\">Rudern \/ Rudergesellschaft Speyer:<\/h1>\n\n\n\n<div class=\"wp-block-image\"><figure class=\"aligncenter\"><img decoding=\"async\" src=\"https:\/\/speyer24news.com\/wp-content\/uploads\/2019\/09\/Rudergesellschaft-Speyer-e.V..png\" alt=\"\" class=\"wp-image-18703\"\/><\/figure><\/div>\n\n\n\n<h2 class=\"wp-block-heading\"><strong>Rudergesellschaft Speyer in den Achtern stark<\/strong><\/h2>\n\n\n\n<h4 class=\"wp-block-heading\"><em>von Angelika Schwager<\/em><\/h4>\n\n\n\n<div class=\"wp-block-image\"><figure class=\"aligncenter\"><img decoding=\"async\" loading=\"lazy\" width=\"500\" height=\"667\" src=\"https:\/\/speyer24news.com\/wp-content\/uploads\/2019\/10\/SM-8-A.jpg\" alt=\"\" class=\"wp-image-20107\" srcset=\"https:\/\/speyer24news.com\/wp-content\/uploads\/2019\/10\/SM-8-A.jpg 500w, https:\/\/speyer24news.com\/wp-content\/uploads\/2019\/10\/SM-8-A-225x300.jpg 225w\" sizes=\"(max-width: 500px) 100vw, 500px\" \/><figcaption> M\u00e4nnerachter am Start<\/figcaption><\/figure><\/div>\n\n\n\n<p><strong>Sursee &#8211; <\/strong>Bei der, f\u00fcr die Rudergesellschaft Speyer traditionellen, Regatta in Sursee, Schweiz, auf dem Sempacher <\/p>\n\n\n\n<p>See strahlte die Sonne und die Speyerer Aktiven zeigten ihr K\u00f6nnen. Erneut waren alle Altersgruppen von der Jugend bis zu den Master-Ruderern gemeinsam am Start. <\/p>\n\n\n\n<p>Beim renommierten Langstreckenachterrennen \u00fcber den Sempacher See gelang die Verteidigung des Vorjahreserfolgs. Neben der Verteidigung des Masters-Pokals erhoffte sich das Speyerer Team im Vorfeld, dass der Rudernachwuchs m\u00f6glichst viel Erfahrung und Motivation mit ins kommende Wintertraining nimmt. Bei der 5-Bahnen-Regatta werden f\u00fcr die drei Erstplatzierten eines Rennens Punkte ausschlie\u00dflich an Vereinsmannschaften in Mannschaftsbooten vergeben. Vier Siege, zehn zweite und zw\u00f6lf dritte Pl\u00e4tze bei der Kurzstreckenregatta bedeuteten am Ende den erneuten Gewinn des Masters-Pokal, deutlich vor dem Basler RC und dem RC Hallwilersee und bei insgesamt neunundzwanzig teilnehmenden Vereinen mit 35 Punkten den f\u00fcnften Platz der Gesamtwertung nur knapp hinter dem SC Luzern und dem RC Z\u00fcrich auf Rang drei.<\/p>\n\n\n\n<p>Bei bestem Ruderwetter brachte die RG Speyer am ersten Regattatag erneut zwei Achter, einen Junioren-Achter und einen Mixed-Achter, zur Langstrecke \u00fcber die knapp sieben Kilometer lange Distanz \u00fcber den Sempacher See zu Wasser. Auf einer Breite von etwa 500 Metern lagen 26 Achter am Start und wurden per Kanonenschuss gemeinsam ins Rennen geschickt. Ein Augenschmaus f\u00fcr die Zuschauer. Die Masters mit Schlagfrau Elke M\u00fcsel, Corinna Bachmann, Silke Pattloch, Nathalie Z\u00f6llig, Thomas Dresel, Lutz Fiedler, Jan Wei\u00df und Harald Schwager ruderten mit Anna Heyl an den Steuerseilen in der offenen Klasse. Schon auf dem ersten Streckenkilometer konnte sich der Speyerer-Mixed-Achter von den anderen Mixed-Booten absetzen und k\u00e4mpfte sich an die Masters-M\u00e4nner-Achter heran. Mit konstanter Schlagzahl 32 lief das Boot pr\u00e4zise wie ein Uhrwerk \u00fcber die Strecke. Nach 24:34,41 Minuten stand der Sieg fest. Eine b\u00e4renstarke Leistung zeigte auch der Juniorenachter A mit Ole Bartenbach am Schlag, Nicolas Bohn, Alexander Martirosyan, David Martirosyan, Sebastian Kohl, Simon Holstein, Leo Wels, Paul Bohnenstiel und Sandra Wundling am Steuer. Nur vom Seeclub Biel geschlagen kamen die Jungs auf Platz zwei bei den Junioren A.<\/p>\n\n\n\n<div class=\"wp-block-image\"><figure class=\"aligncenter\"><img decoding=\"async\" loading=\"lazy\" width=\"800\" height=\"600\" src=\"https:\/\/speyer24news.com\/wp-content\/uploads\/2019\/10\/SF-4x-A-4.jpg\" alt=\"\" class=\"wp-image-20108\" srcset=\"https:\/\/speyer24news.com\/wp-content\/uploads\/2019\/10\/SF-4x-A-4.jpg 800w, https:\/\/speyer24news.com\/wp-content\/uploads\/2019\/10\/SF-4x-A-4-300x225.jpg 300w, https:\/\/speyer24news.com\/wp-content\/uploads\/2019\/10\/SF-4x-A-4-768x576.jpg 768w, https:\/\/speyer24news.com\/wp-content\/uploads\/2019\/10\/SF-4x-A-4-678x509.jpg 678w, https:\/\/speyer24news.com\/wp-content\/uploads\/2019\/10\/SF-4x-A-4-326x245.jpg 326w, https:\/\/speyer24news.com\/wp-content\/uploads\/2019\/10\/SF-4x-A-4-80x60.jpg 80w\" sizes=\"(max-width: 800px) 100vw, 800px\" \/><figcaption> Frauen-Doppelvierer nach dem Start<\/figcaption><\/figure><\/div>\n\n\n\n<p>Die Sprintregatta \u00fcber die 450-Meter-Distanz war\nf\u00fcr die Speyerer leider von einigen krankheitsbedingten Ausf\u00e4llen und\n\u201eletzte-Minute\u201c-Mannschaftswechseln gepr\u00e4gt.<\/p>\n\n\n\n<p>Knapp am Sieg vorbei schrammten Jane Elsner, Sandra Wundling, Eleni Thanou und Josephine Holstein im Juniorinnen-Doppelvierer B hinter dem SC Sempach. Ebenso erging es Eleni Thanou und Sandra Wundling im Juniorinnen-Doppelzweier B mit einer Sekunde R\u00fcckstand auf den SC Luzern. Auch im Juniorinnen-Einer B wollte der Sieg nicht gelingen und Sandra Wundling kam erneut auf Rang zwei hinter dem Basler RC. Den Bann bei den Junioren konnte der Mixed-Doppelvierer mit Jane Elsner, Sandra Wundling, David Martirosyan und Alexander Martirosyan brechen. In 1:20,88 Minuten siegte das Quartett mit vier zehntel Sekunden vor dem SC K\u00fcsnacht.<\/p>\n\n\n\n<p>Bei den Masters siegten fast erwartungsgem\u00e4\u00df Elke M\u00fcsel und Corinna Bachmann im Doppelzweier in einem stark umk\u00e4mpften Rennen vor der Renngemeinschaft RC Reuss Luzern\/RC Z\u00fcrich mit einer Sekunde Vorsprung. Im Mixed-Masters-Doppelvierer sa\u00dfen die beiden dann mit Harald Schwager und Jan Wei\u00df und ruderten in 1:19,47 Minuten knapp hinter der Renngemeinschaft WSV Waldshut\/RC Uster ins Ziel. Im zweiten lauf steuerten Thomas Dresel, Lutz Fiedler, Michaela Maier und Silke Pattloch in 1:19,89 Minuten einen Sieg vor der Renngemeinschaft RC Uster\/Greifensee bei. Einen weiteren zweiten Platz gab es f\u00fcr den Masters-Doppelvierer mit Thomas Dresel, Lutz Fiedler, Jan Wei\u00df und Ralf Burkhardt. Im Ziel den hauchd\u00fcnnen R\u00fcckstand von sieben zehntel Sekunden und Platz zwei musste auch der Frauen-Doppelvierer mit Julia Hoffmann, Silke Pattloch, Michaela Maier und Corinna Bachmann akzeptieren.<\/p>\n\n\n\n<p>Freude und Ungl\u00fcck lagen im Mixed-Masters-Doppelzweier ganz nah beisammen. W\u00e4hrend Jan Wei\u00df und Anna Heyl zum Sieg mit\u00a0 f\u00fcnf zehntel Sekunden Vorsprung auf den SC Richterswil ruderten, konnten Ralf Burkhardt und marion Peltzer-Lehr ihr Rennen aufgrund eines Zusammensto\u00dfes beim Warmrudern gar nicht erst antreten. Aus Speyerer-Sicht mehr als erfreulich war, dass sowohl der Frauen-Achter als auch der M\u00e4nner-Achter unter der \u201eRGS\u201c-Flagge auf die Strecke geschickt werden konnte. In 1:26,71 Minuten behauptete sich der ausschlie\u00dflich mit Masterinnen besetzte Frauen-Achter mit Elke M\u00fcsel, Corinna Bachmann, Marion Peltzer-Lehr, Anna Heyl, Michaela Maier, Beate Wettling, Silke Pattloch, Nathalie Z\u00f6llig und Tim Streib am Steuer in der Offenen Klasse hervorragend und wurde zweites Boot. Ebenso der von Anna Heyl gesteuerte M\u00e4nner-Achter besetzt mit den Masters Thomas Dresel, Lutz Fiedler, Jan Wei\u00df, Olaf Gl\u00e4ser, Martin G\u00e4rtner, Patrick Papin, Harald Schwager sowie Johannes Buchholz als einzigem J\u00fcngeren. Bis kurz vor dem Ziel konnte sich der M\u00e4nnerachter vom SC Richterswil, nach F\u00fchrung des Speyerer Bootes, nicht entscheidend absetzen und rettete seinen knappen Vorsprung in Ziel. Ein weiterer zweiter Platz f\u00fcr Speyer.<\/p>\n\n\n\n<p>\u201eWir haben einen Langstreckensieg\u00a0 und den Masterspokal geholt, den Rudernachwuchs ins Renngeschehen integriert und hatten vor allem viel Spa\u00df\u201c,\u00a0 lautete das durchweg positive Fazit.<\/p>\n\n\n\n<p><em>02.10.2019<\/em><\/p>\n\n\n\n<h2 class=\"wp-block-heading\"><strong>RGS-Masters-Mannschaft \u00fcberrascht \u2013 5 Titel bei FISA World Rowing Masters Regatta geholt<\/strong><\/h2>\n\n\n\n<h3 class=\"wp-block-heading\">Mehr als 5000 Ruderinnen und Ruderer aus 52 L\u00e4ndern k\u00e4mpften auf dem Lake Velence, Ungarn, bei der diesj\u00e4hrigen FISA World Masters Regatta um die Medaillen. Mittendrin die Rudergesellschaft Speyer. <\/h3>\n\n\n\n<div class=\"wp-block-image\"><figure class=\"aligncenter\"><img decoding=\"async\" loading=\"lazy\" width=\"800\" height=\"688\" src=\"https:\/\/speyer24news.com\/wp-content\/uploads\/2019\/10\/MM-2-D-5.jpg\" alt=\"\" class=\"wp-image-20106\" srcset=\"https:\/\/speyer24news.com\/wp-content\/uploads\/2019\/10\/MM-2-D-5.jpg 800w, https:\/\/speyer24news.com\/wp-content\/uploads\/2019\/10\/MM-2-D-5-300x258.jpg 300w, https:\/\/speyer24news.com\/wp-content\/uploads\/2019\/10\/MM-2-D-5-768x660.jpg 768w\" sizes=\"(max-width: 800px) 100vw, 800px\" \/><figcaption> Arnd Garsuch und Martin G\u00e4rtner nach dem Sieg im Zweier-ohne-Steuermann<\/figcaption><\/figure><\/div>\n\n\n\n<h4 class=\"wp-block-heading\"><em>von Angelika Schwager<\/em><\/h4>\n\n\n\n<p><strong>Ungarn \/ Speyer &#8211; <\/strong>Gleich mit einem Doppelsieg ging es am ersten Tag los. Im ersten Rennen gingen Martin G\u00e4rtner und Arnd Garsuch im Zweier-ohne Steuermann C \u00fcber die 1000 Meter-Strecke. Vom Start weg entbrannte ein extrem harter Bord-an-Bord-Kampf. Bei Streckenh\u00e4lfte lag das Feld eng zusammen und Speyer knapp hinter der Spitze. \u201eDas war ein unglaubliches Gekeule mit technischer Finesse, die Ruderer gingen nicht nur ans Limit, sondern auch dar\u00fcber\u201c, lauteten die Kommentare. Das belegt auch der Zieleinlauf, Sieg f\u00fcr Speyer in 3:39,46 Minuten, vor Russland (3:40,07 min) und Kroatien (3:40,81 min). Gefolgt von Tschechien, Estland, Gro\u00dfbritannien, Ungarn und Gro\u00dfbritannien II. Etwas weniger spannend aber nicht minder gut machte es Frank Durein im Masters-Einer F. Gewohnt konzentriert und technisch sauber rudernd setzte er sich von seinem h\u00e4rtesten Widersacher Nigel Price, Gro\u00dfbritannien, ab. Im Ziel lag Frank Durein mehr als eine L\u00e4nge vor Price, gefolgt von Tschechien, Russland, D\u00e4nemark, Belgien und Brasilien. Im Doppelzweier D holten sich Arnd Garsuch und Frank Durein zum Abschluss des ersten Tages den guten dritten Platz. <\/p>\n\n\n\n<p>Am zweiten Tag erlebte der Masters-Achter D sein Deja-Vu. Vom Start weg war klar der Gegner hie\u00df einmal mehr nur Russland. Bei etwa der Streckenh\u00e4lfte hatte sich der russische Achter einen kleinen Vorteil erarbeitet, der bis ins Ziel Bestand hatte. Deutlich wird die H\u00e4rte des Rennens um den Sieg aus dem Abstand zu den folgenden Booten, Gro\u00dfbritannien auf Rang drei lag 11 Sekunden hinter Speyer, dann folgten im zwei Sekunden Takt Norwegen, Gro\u00dfbritannien II, D\u00e4nemark. \u201eMit dem Rennen sind wir sehr zufrieden, das Boot lief super, jeder konnte hart arbeiten. Dass es erneut bei Rang zwei hinter Russland blieb, ist mittlerweile etwas \u00e4rgerlich\u201c, waren die Speyer Masters zufrieden.<\/p>\n\n\n\n<p>Zum Auftakt des dritten Regattatages schafften Elke M\u00fcsel und Corinna Bachmann die gro\u00dfe \u00dcberraschung. Im Zweier-ohne-Steuerfrau C lag das Duo bei Streckenh\u00e4lfte noch auf Rang drei hinter Niederlande und Tschechien zur\u00fcck. Mit konstant harten Schl\u00e4gen schoben sie sich immer n\u00e4her an die Spitze. Etwa 100-Meter vor dem Ziel dann der Ruf von Elke M\u00fcsel \u201edie schaffen wir\u201c und tats\u00e4chlich: Nach 4:10,17 Minuten war der Sieg in trockenen T\u00fcchern, ganze sechs Zehntel vor den Niederlanden und Tschechien, die Tschechinnen hatten auf den letzten Metern sage und schreibe f\u00fcnf Sekunden verloren. Es folgten Spanien, Ungarn und Lettland.<\/p>\n\n\n\n<p>Elke M\u00fcsel und Corinna Bachmann lie\u00dfen nach ihren Erfolg im Zweier-ohne-Steuermann auch im Doppelzweier C einen beeindruckenden Sieg folgen. Vom Start weg \u00fcbernahm das Speyerer-Duo mit Schlagzahl 36 die F\u00fchrung und lag bei Streckenh\u00e4lfte bereits eine L\u00e4nge vor S\u00fcdafrika. Im Ziel waren es glatte zwei L\u00e4ngen Vorsprung vor S\u00fcdafrika, gefolgt von Gro\u00dfbritannien, Deutschland II, Tschechien, Polen und D\u00e4nemark.<\/p>\n\n\n\n<p>Der Masters-Achter setzte der Speyerer Erfolgsserie die Krone auf. Nach dem 2. Platz in der j\u00fcngeren Alterskategorie folgte in der angestammten Altersklasse E f\u00fcr Peter G\u00e4rtner, Harald Schwager, Arnd Garsuch, Frank Durein, Martin G\u00e4rtner Ralf Mattil und Marion Peltzer-Lehr an den Steiuerseilen ein mit Technik und mentaler St\u00e4rke herausgefahrener Goldlauf. Nach der dritten Attacke gegen die Holl\u00e4nder mit wechselnden F\u00fchrungen lag der Speyerer-Achter bei 800 Meter erneut mit einem Meter vorn und der Wille der Niederl\u00e4nder war gebrochen. Nach\u00a03:14,30 Minuten kam die Zielglocke, Gold, dann die in Niederlande 3:15,06 Minuten sieben zehntel Sekunden zur\u00fcck. Auf Rang drei folgte Brasilien in 3:17,79 Minuten, dann Norwegen (3:25,84 Minuten), Gro\u00dfbritannien I (3:29,52 Minuten) und Gro\u00dfbritannien II (3:29,74 Minuten).<\/p>\n\n\n\n<p>Mit einem Silberrang beendete die RGS die FISA World Masters in Velence. Der Masters-Mixed-Achter D mit Elke M\u00fcsel am Schlag, Marion Peltzer-Lehr an den Steuerseilen, Corinna Bachmann, Martin G\u00e4rtner, Arnd Garsuch, Peter G\u00e4rtner, Harald Schwager, Manuela Damm,WSV Offenbach-B\u00fcgel, Bettina Blanckmeister, Potsdamer RC, kam schnell und gut, rhythmisch ins Laufen. Dennoch waren die f\u00fchrenden Briten nicht zu halten, nach 3:26,13 Minuten ert\u00f6nte die Zielhupe und der letzte Zieleinlauf auf Rang zwei lag hinter der ausgepumpten Crew. Es folgten die Ungarn, dann Tschechien vor Bulgarien.<\/p>\n\n\n\n<p>\u201eMit f\u00fcnf Siegen, zwei zweiten und vier dritten Pl\u00e4tzen haben wir definitiv alle Erwartungen \u00fcbertroffen\u201c, waren die RGS-Masters \u00fcbergl\u00fccklich.<\/p>\n\n\n\n<p><em>02.10.2019<\/em><\/p>\n","protected":false},"excerpt":{"rendered":"<div class=\"mh-excerpt\"><p>Judo \/ JSV Speyer e.V.: Doppelsieg zum Saisonabschluss Nachwuchsteam des JSV besiegelt erfolgreiche Premierensaison &#8211; Erfolgreicher Saisonabschluss f\u00fcr die zweite Frauenmannschaft des JSV Ulm \/ Speyer &#8211; Dank zweier Siege am letzten Kampftag der 2. <a class=\"mh-excerpt-more\" href=\"https:\/\/speyer24news.com\/?p=20105\" title=\"Sport:\">[&#8230;]<\/a><\/p>\n<\/div>","protected":false},"author":3,"featured_media":0,"comment_status":"open","ping_status":"open","sticky":false,"template":"","format":"standard","meta":{"_monsterinsights_skip_tracking":false,"_monsterinsights_sitenote_active":false,"_monsterinsights_sitenote_note":"","_monsterinsights_sitenote_category":0,"footnotes":""},"categories":[339],"tags":[3727,346,342,3138,3726,347,341,193,340],"aioseo_notices":[],"amp_enabled":true,"_links":{"self":[{"href":"https:\/\/speyer24news.com\/index.php?rest_route=\/wp\/v2\/posts\/20105"}],"collection":[{"href":"https:\/\/speyer24news.com\/index.php?rest_route=\/wp\/v2\/posts"}],"about":[{"href":"https:\/\/speyer24news.com\/index.php?rest_route=\/wp\/v2\/types\/post"}],"author":[{"embeddable":true,"href":"https:\/\/speyer24news.com\/index.php?rest_route=\/wp\/v2\/users\/3"}],"replies":[{"embeddable":true,"href":"https:\/\/speyer24news.com\/index.php?rest_route=%2Fwp%2Fv2%2Fcomments&post=20105"}],"version-history":[{"count":1,"href":"https:\/\/speyer24news.com\/index.php?rest_route=\/wp\/v2\/posts\/20105\/revisions"}],"predecessor-version":[{"id":20114,"href":"https:\/\/speyer24news.com\/index.php?rest_route=\/wp\/v2\/posts\/20105\/revisions\/20114"}],"wp:attachment":[{"href":"https:\/\/speyer24news.com\/index.php?rest_route=%2Fwp%2Fv2%2Fmedia&parent=20105"}],"wp:term":[{"taxonomy":"category","embeddable":true,"href":"https:\/\/speyer24news.com\/index.php?rest_route=%2Fwp%2Fv2%2Fcategories&post=20105"},{"taxonomy":"post_tag","embeddable":true,"href":"https:\/\/speyer24news.com\/index.php?rest_route=%2Fwp%2Fv2%2Ftags&post=20105"}],"curies":[{"name":"wp","href":"https:\/\/api.w.org\/{rel}","templated":true}]}}