{"id":20129,"date":"2019-10-02T11:06:54","date_gmt":"2019-10-02T10:06:54","guid":{"rendered":"https:\/\/speyer24news.com\/?p=20129"},"modified":"2019-10-02T11:06:55","modified_gmt":"2019-10-02T10:06:55","slug":"freizeit-palais-des-etoiles","status":"publish","type":"post","link":"https:\/\/speyer24news.com\/?p=20129","title":{"rendered":"Freizeit \/ Palais des \u00c9toiles:"},"content":{"rendered":"<style type=\"text\/css\">\r\n\t.ads_top_disp{}\r\n\t.ads_top_corner_disp{ float:left; margin:0px 10px 10px 0px; }\r\n\t.ads_first_p_disp{}\r\n\t.ads_bottom_disp{}\r\n\t<\/style>\n<h2 class=\"wp-block-heading\">Palais des \u00c9toiles: Vorfreude auf winterlichen Sternenzauber<\/h2>\n\n\n\n<div class=\"wp-block-image\"><figure class=\"aligncenter\"><img decoding=\"async\" loading=\"lazy\" width=\"500\" height=\"704\" src=\"https:\/\/speyer24news.com\/wp-content\/uploads\/2019\/10\/Palais-des-Etoiles-2019.png\" alt=\"\" class=\"wp-image-20131\" srcset=\"https:\/\/speyer24news.com\/wp-content\/uploads\/2019\/10\/Palais-des-Etoiles-2019.png 500w, https:\/\/speyer24news.com\/wp-content\/uploads\/2019\/10\/Palais-des-Etoiles-2019-213x300.png 213w\" sizes=\"(max-width: 500px) 100vw, 500px\" \/><figcaption> Das Publikum darf sich auf traumhaften Showeinlagen aus der Welt der Sterne, der Fantasien und der kulinarischen Gaumenfreuden freuen. Foto: Palais<\/figcaption><\/figure><\/div>\n\n\n\n<p><strong>Landau &#8211;<\/strong> Das Tr\u00e4umen vom winterlichen Sternenzauber kann schon jetzt im Sommer beginnen: Das neue Programm f\u00fcr die zweite Spielzeit im Palais des \u00c9toiles in Landau steht. Produzentin Laura Erny hat neue traumhafte Showeinlagen aus der Welt der Sterne, der Fantasien und der kulinarischen Gaumenfreuden zusammengestellt. Es lohnt sich, sich Tickets f\u00fcr einen der Abende <strong>von 15. November 2019 bis 6. Januar 2020<\/strong> im Showpalast auf dem Neuen Messplatz in Landau zu sichern. <\/p>\n\n\n\n<div class=\"wp-block-image\"><figure class=\"aligncenter\"><img decoding=\"async\" loading=\"lazy\" width=\"800\" height=\"600\" src=\"https:\/\/speyer24news.com\/wp-content\/uploads\/2019\/10\/Showballett.jpg\" alt=\"\" class=\"wp-image-20132\" srcset=\"https:\/\/speyer24news.com\/wp-content\/uploads\/2019\/10\/Showballett.jpg 800w, https:\/\/speyer24news.com\/wp-content\/uploads\/2019\/10\/Showballett-300x225.jpg 300w, https:\/\/speyer24news.com\/wp-content\/uploads\/2019\/10\/Showballett-768x576.jpg 768w, https:\/\/speyer24news.com\/wp-content\/uploads\/2019\/10\/Showballett-678x509.jpg 678w, https:\/\/speyer24news.com\/wp-content\/uploads\/2019\/10\/Showballett-326x245.jpg 326w, https:\/\/speyer24news.com\/wp-content\/uploads\/2019\/10\/Showballett-80x60.jpg 80w\" sizes=\"(max-width: 800px) 100vw, 800px\" \/><\/figure><\/div>\n\n\n\n<p>Die G\u00e4ste d\u00fcrfen sich auch 2019 auf artistische Meisterleistungen, atemberaubende Akrobatik, anmutenden Tanz und mitrei\u00dfende Comedy freuen: Am besten, man reserviert gleich jetzt den Wunschtermin und erwirbt die Eintrittskarten: F\u00fcr die Weihnachtsfeier mit den Kollegen oder den Freunden aus dem Verein, f\u00fcr den Abend als Dankesch\u00f6n f\u00fcr die Belegschaft, f\u00fcr die unterhaltsamen Stunden im Freundeskreis, f\u00fcr die Familienfeier oder f\u00fcr den Abend zu zweit. Anl\u00e4sse gibt es schlie\u00dflich viele f\u00fcr einen Abend im Palais des \u00c9toiles.<\/p>\n\n\n\n<div class=\"wp-block-image\"><figure class=\"aligncenter\"><img decoding=\"async\" loading=\"lazy\" width=\"800\" height=\"600\" src=\"https:\/\/speyer24news.com\/wp-content\/uploads\/2019\/10\/Yuan.jpg\" alt=\"\" class=\"wp-image-20133\" srcset=\"https:\/\/speyer24news.com\/wp-content\/uploads\/2019\/10\/Yuan.jpg 800w, https:\/\/speyer24news.com\/wp-content\/uploads\/2019\/10\/Yuan-300x225.jpg 300w, https:\/\/speyer24news.com\/wp-content\/uploads\/2019\/10\/Yuan-768x576.jpg 768w, https:\/\/speyer24news.com\/wp-content\/uploads\/2019\/10\/Yuan-678x509.jpg 678w, https:\/\/speyer24news.com\/wp-content\/uploads\/2019\/10\/Yuan-326x245.jpg 326w, https:\/\/speyer24news.com\/wp-content\/uploads\/2019\/10\/Yuan-80x60.jpg 80w\" sizes=\"(max-width: 800px) 100vw, 800px\" \/><\/figure><\/div>\n\n\n\n<p>Nach der viel gelobten ersten Spielzeit im vergangenen Jahr genie\u00dfen die G\u00e4ste den Abend auch in diesem Jahr im eleganten Showpalast, der f\u00fcr die Veranstaltung auf dem Neuen Messplatz errichtet wird. Die G\u00e4ste erleben einen zauberhaften Abend, der gepr\u00e4gt ist von Glanz und Glamour. Die gro\u00dfartige Atmosph\u00e4re ist einer der Garanten f\u00fcr dreieinhalb unvergessliche Stunden bei bester Unterhaltung.<\/p>\n\n\n\n<div class=\"wp-block-image\"><figure class=\"aligncenter\"><img decoding=\"async\" loading=\"lazy\" width=\"800\" height=\"600\" src=\"https:\/\/speyer24news.com\/wp-content\/uploads\/2019\/10\/Christopher-Togni.jpg\" alt=\"\" class=\"wp-image-20134\" srcset=\"https:\/\/speyer24news.com\/wp-content\/uploads\/2019\/10\/Christopher-Togni.jpg 800w, https:\/\/speyer24news.com\/wp-content\/uploads\/2019\/10\/Christopher-Togni-300x225.jpg 300w, https:\/\/speyer24news.com\/wp-content\/uploads\/2019\/10\/Christopher-Togni-768x576.jpg 768w, https:\/\/speyer24news.com\/wp-content\/uploads\/2019\/10\/Christopher-Togni-678x509.jpg 678w, https:\/\/speyer24news.com\/wp-content\/uploads\/2019\/10\/Christopher-Togni-326x245.jpg 326w, https:\/\/speyer24news.com\/wp-content\/uploads\/2019\/10\/Christopher-Togni-80x60.jpg 80w\" sizes=\"(max-width: 800px) 100vw, 800px\" \/><\/figure><\/div>\n\n\n\n<p>Produzentin Laura Erny setzt auch 2019 auf die erlesene Kochkunst von K\u00fcchenvirtuose Oliver Weisch, der mit seinem Team das Publikum w\u00e4hrend der Show mit einem Vier-G\u00e4ngeMen\u00fc begeistert. Oliver Weisch ist Chefkoch im Restaurant \u201emama\u00b4s\u201c im Vier-Sterne-Hotel Das Prinzregent in Edenkoben und Gesamtk\u00fcchenleiter des nationalen Cateringunternehmens Gaumenfreunde aus Edenkoben.<\/p>\n\n\n\n<h2 class=\"wp-block-heading\">Palais des \u00c9toiles: Kulinarische Ouvert\u00fcre von Oliver Weisch<\/h2>\n\n\n\n<div class=\"wp-block-image\"><figure class=\"aligncenter\"><img decoding=\"async\" loading=\"lazy\" width=\"600\" height=\"600\" src=\"https:\/\/speyer24news.com\/wp-content\/uploads\/2019\/10\/Oliver-Weisch.jpg\" alt=\"\" class=\"wp-image-20135\" srcset=\"https:\/\/speyer24news.com\/wp-content\/uploads\/2019\/10\/Oliver-Weisch.jpg 600w, https:\/\/speyer24news.com\/wp-content\/uploads\/2019\/10\/Oliver-Weisch-150x150.jpg 150w, https:\/\/speyer24news.com\/wp-content\/uploads\/2019\/10\/Oliver-Weisch-300x300.jpg 300w\" sizes=\"(max-width: 600px) 100vw, 600px\" \/><figcaption> Der Kochvirtuose Oliver Weisch reiht sich in die Reihe aus internationalen K\u00fcnstlern ein und bereichert mit seinem 4-G\u00e4nge-Men\u00fc das Abendprogramm. <\/figcaption><\/figure><\/div>\n\n\n\n<p>Der Kochvirtuose Oliver Weisch hat schon in der ersten Spielzeit im Palais des \u00c9toiles kulinarische Glanzpunkte gesetzt. Auch in diesem Jahr wird er sich im Showpalast auf dem Neuen Messplatz in Landau in die Reihe aus internationalen K\u00fcnstlern einreihen und mit seinem 4-G\u00e4nge-Men\u00fc das Abendprogramm bereichern \u2013 in der klassischen Variante drehen sich die Speisen um norwegischen Lachs und Kalbsfilet und in der vegetarischen Variante um gebackenen Ziegenk\u00e4se und um Steinpilztaschen. Das Palais des \u00c9toiles \u00f6ffnet von 15. November 2019 bis 6. Januar 2020.<\/p>\n\n\n\n<div class=\"wp-block-image\"><figure class=\"aligncenter\"><img decoding=\"async\" loading=\"lazy\" width=\"800\" height=\"600\" src=\"https:\/\/speyer24news.com\/wp-content\/uploads\/2019\/10\/Menue_2019-06-960x720.jpg\" alt=\"\" class=\"wp-image-20136\" srcset=\"https:\/\/speyer24news.com\/wp-content\/uploads\/2019\/10\/Menue_2019-06-960x720.jpg 800w, https:\/\/speyer24news.com\/wp-content\/uploads\/2019\/10\/Menue_2019-06-960x720-300x225.jpg 300w, https:\/\/speyer24news.com\/wp-content\/uploads\/2019\/10\/Menue_2019-06-960x720-768x576.jpg 768w, https:\/\/speyer24news.com\/wp-content\/uploads\/2019\/10\/Menue_2019-06-960x720-678x509.jpg 678w, https:\/\/speyer24news.com\/wp-content\/uploads\/2019\/10\/Menue_2019-06-960x720-326x245.jpg 326w, https:\/\/speyer24news.com\/wp-content\/uploads\/2019\/10\/Menue_2019-06-960x720-80x60.jpg 80w\" sizes=\"(max-width: 800px) 100vw, 800px\" \/><\/figure><\/div>\n\n\n\n<p>Oliver Weisch ist Chefkoch im Restaurant \u201emama\u00b4s\u201c im Vier-Sterne-Hotel Das Prinzregent in Edenkoben und Gesamtk\u00fcchenleiter des nationalen Cateringunternehmens Gaumenfreunde aus Edenkoben. Mit seinem Team bereichert er die Dinner-Show mit gemixtem Peter, Norweger Lachs mit oliger Orange, K.a.l.b.s.F.i.l.e.t und Schwarzpf\u00e4lzer. In der vegetarischen Version werden als zweiter Gang gebackene Ziege mit Oliger Orange und Stonepilz Tascherl serviert. Vorspeise und Nachtisch sind gleich.<\/p>\n\n\n\n<div class=\"wp-block-image\"><figure class=\"aligncenter\"><img decoding=\"async\" loading=\"lazy\" width=\"800\" height=\"600\" src=\"https:\/\/speyer24news.com\/wp-content\/uploads\/2019\/10\/Menue_2019-04-960x720.jpg\" alt=\"\" class=\"wp-image-20137\" srcset=\"https:\/\/speyer24news.com\/wp-content\/uploads\/2019\/10\/Menue_2019-04-960x720.jpg 800w, https:\/\/speyer24news.com\/wp-content\/uploads\/2019\/10\/Menue_2019-04-960x720-300x225.jpg 300w, https:\/\/speyer24news.com\/wp-content\/uploads\/2019\/10\/Menue_2019-04-960x720-768x576.jpg 768w, https:\/\/speyer24news.com\/wp-content\/uploads\/2019\/10\/Menue_2019-04-960x720-678x509.jpg 678w, https:\/\/speyer24news.com\/wp-content\/uploads\/2019\/10\/Menue_2019-04-960x720-326x245.jpg 326w, https:\/\/speyer24news.com\/wp-content\/uploads\/2019\/10\/Menue_2019-04-960x720-80x60.jpg 80w\" sizes=\"(max-width: 800px) 100vw, 800px\" \/><\/figure><\/div>\n\n\n\n<p>\u201eOliver Weisch versteht es, jeder Speise seine ganz pers\u00f6nliche und unverwechselbare Handschrift zu verliehen\u201c, schw\u00e4rmt Produzentin Laura Erny von dem gelungenen Men\u00fc. Das kann das Publikum im Showpalast geschmacklich genie\u00dfen, aber auch bei der Zusammenstellung der Speisen und bei der Beschreibung erkennen \u2013 gro\u00dfe Kochkunst mit ganz pers\u00f6nlicher Note.<\/p>\n\n\n\n<div class=\"wp-block-image\"><figure class=\"aligncenter\"><img decoding=\"async\" loading=\"lazy\" width=\"800\" height=\"600\" src=\"https:\/\/speyer24news.com\/wp-content\/uploads\/2019\/10\/Menue_2019-05-960x720.jpg\" alt=\"\" class=\"wp-image-20138\" srcset=\"https:\/\/speyer24news.com\/wp-content\/uploads\/2019\/10\/Menue_2019-05-960x720.jpg 800w, https:\/\/speyer24news.com\/wp-content\/uploads\/2019\/10\/Menue_2019-05-960x720-300x225.jpg 300w, https:\/\/speyer24news.com\/wp-content\/uploads\/2019\/10\/Menue_2019-05-960x720-768x576.jpg 768w, https:\/\/speyer24news.com\/wp-content\/uploads\/2019\/10\/Menue_2019-05-960x720-678x509.jpg 678w, https:\/\/speyer24news.com\/wp-content\/uploads\/2019\/10\/Menue_2019-05-960x720-326x245.jpg 326w, https:\/\/speyer24news.com\/wp-content\/uploads\/2019\/10\/Menue_2019-05-960x720-80x60.jpg 80w\" sizes=\"(max-width: 800px) 100vw, 800px\" \/><\/figure><\/div>\n\n\n\n<p>So gelingt Oliver Weisch mit seinen kulinarischen Gaumenfreuden eine kulinarische Ouvert\u00fcre im glanzvollen Abendprogramm mit traumhaften Showeinlagen aus der Welt der Sterne und der Fantasien. Zu erleben ist die Ausnahme-Artistin Yuan, die brennende Kerzen auf den H\u00e4nden, den F\u00fc\u00dfen und dem Kopf balanciert. Der mehrfach ausgezeichneten Artist Christopher Togni, der mit seiner Kunst des Balancierens begeistert. Die stilvolle, \u00e4sthetische und elegante Performance von Eonys Goncalves, die an der gl\u00e4nzenden Metallstange anmutigen Tanz und kraftvolle Akrobatik verbindet. Die k\u00fcnstlerische Allrounderin Ekaterina Sheludyakova, die Hula-Hoop-Artistik, Luftakrobatik und einen kraftvoll-grazilen Handstand in einem sinnlich sch\u00f6nen Tanz vereint. Der Meister der Balance Dima Kharlov, der Rolle um Rolle unter sich auft\u00fcrmt und dem Publikum den Atem stocken l\u00e4sst. Und der Jongleur Juan Pablo Martinez, der in unglaublichem Tempo B\u00e4lle durch die Luft wirbelt.<\/p>\n\n\n\n<div class=\"wp-block-image\"><figure class=\"aligncenter\"><img decoding=\"async\" loading=\"lazy\" width=\"800\" height=\"600\" src=\"https:\/\/speyer24news.com\/wp-content\/uploads\/2019\/10\/Menue_2019-02-960x720.jpg\" alt=\"\" class=\"wp-image-20139\" srcset=\"https:\/\/speyer24news.com\/wp-content\/uploads\/2019\/10\/Menue_2019-02-960x720.jpg 800w, https:\/\/speyer24news.com\/wp-content\/uploads\/2019\/10\/Menue_2019-02-960x720-300x225.jpg 300w, https:\/\/speyer24news.com\/wp-content\/uploads\/2019\/10\/Menue_2019-02-960x720-768x576.jpg 768w, https:\/\/speyer24news.com\/wp-content\/uploads\/2019\/10\/Menue_2019-02-960x720-678x509.jpg 678w, https:\/\/speyer24news.com\/wp-content\/uploads\/2019\/10\/Menue_2019-02-960x720-326x245.jpg 326w, https:\/\/speyer24news.com\/wp-content\/uploads\/2019\/10\/Menue_2019-02-960x720-80x60.jpg 80w\" sizes=\"(max-width: 800px) 100vw, 800px\" \/><\/figure><\/div>\n\n\n\n<p>Die G\u00e4ste im Palast der Sterne d\u00fcrfen sich auch auf Publikumslieblinge aus dem vergangenen Jahr freuen: Auf die Comedians Edd &amp; Lefou, die gewitzt durch den Abend f\u00fchren. Auf die S\u00e4ngerin Lucy Campbell, die im Showpalast einmal mehr die G\u00e4ste begeistert. Und auf das bezaubernde Showballett.<\/p>\n\n\n\n<h3 class=\"wp-block-heading\" style=\"text-align:center\">Das Palais des \u00c9toiles auf einen Blick:<\/h3>\n\n\n\n<div class=\"wp-block-image\"><figure class=\"aligncenter\"><img decoding=\"async\" loading=\"lazy\" width=\"800\" height=\"522\" src=\"https:\/\/speyer24news.com\/wp-content\/uploads\/2019\/10\/Logo.jpg\" alt=\"\" class=\"wp-image-20130\" srcset=\"https:\/\/speyer24news.com\/wp-content\/uploads\/2019\/10\/Logo.jpg 800w, https:\/\/speyer24news.com\/wp-content\/uploads\/2019\/10\/Logo-300x196.jpg 300w, https:\/\/speyer24news.com\/wp-content\/uploads\/2019\/10\/Logo-768x501.jpg 768w\" sizes=\"(max-width: 800px) 100vw, 800px\" \/><\/figure><\/div>\n\n\n\n<p><strong>Spielzeit: <\/strong>Ab 15. November 2019 bis 6. Januar 2020. <\/p>\n\n\n\n<p><strong>Show:<\/strong> \u00dcber drei Stunden artistische Meisterleistungen, atemberaubende Akrobatik, anmutender Tanz und mitrei\u00dfende Comedy. <\/p>\n\n\n\n<p><strong>Showbeginn: <\/strong>In der Regel um 19.30 Uhr, sonn- und feiertags um 18 Uhr. <\/p>\n\n\n\n<p><strong>Einlass:<\/strong> 60 Minuten vor Beginn. <\/p>\n\n\n\n<p><strong>Men\u00fc:<\/strong> Wahl (bei der Buchung) zwischen einem klassischen und einem vegetarischen Men\u00fc, auf Nachfrage auch einem veganen Men\u00fc. <\/p>\n\n\n\n<p><strong>Zugang:<\/strong> Die Veranstaltungsst\u00e4tte ist rollstuhlgerecht (barrierefrei) konzipiert. <\/p>\n\n\n\n<p><strong>Spielort<\/strong>: Showpalast mit Bar und Foyer auf dem Neuen Messplatz in Landau, zentral und sehr gut erreichbar, ausreichend Parkpl\u00e4tze sind vorhanden. <\/p>\n\n\n\n<p><strong>Preise: <\/strong>Eintrittskarten inklusive Showprogramm ab 54 Euro; Eintrittskarten inklusive Showprogramm mit Men\u00fc ab 94 Euro erh\u00e4ltlich. <\/p>\n\n\n\n<p><strong>Tickets:<\/strong> Unter Telefon: 06341 681268<br>per E-Mail: <a href=\"info@palais-landau.de\">info@palais-landau.de<\/a><br>im Internet: <a href=\"http:\/\/www.palais-landau.de\">www.palais-landau.de<\/a><\/p>\n\n\n\n<p><strong>Infos:<\/strong> <a href=\"http:\/\/www.palais-landau.de\">www.palais-landau.de<\/a><\/p>\n\n\n\n<p><\/p>\n","protected":false},"excerpt":{"rendered":"<div class=\"mh-excerpt\"><p>Palais des \u00c9toiles: Vorfreude auf winterlichen Sternenzauber Landau &#8211; Das Tr\u00e4umen vom winterlichen Sternenzauber kann schon jetzt im Sommer beginnen: Das neue Programm f\u00fcr die zweite Spielzeit im Palais des \u00c9toiles in Landau steht. Produzentin <a class=\"mh-excerpt-more\" href=\"https:\/\/speyer24news.com\/?p=20129\" title=\"Freizeit \/ Palais des \u00c9toiles:\">[&#8230;]<\/a><\/p>\n<\/div>","protected":false},"author":3,"featured_media":20130,"comment_status":"open","ping_status":"open","sticky":false,"template":"","format":"standard","meta":{"_monsterinsights_skip_tracking":false,"_monsterinsights_sitenote_active":false,"_monsterinsights_sitenote_note":"","_monsterinsights_sitenote_category":0,"footnotes":""},"categories":[11],"tags":[3740,810,2169,3741,3737,58,3738,3739,3734,3735,3736],"aioseo_notices":[],"amp_enabled":true,"_links":{"self":[{"href":"https:\/\/speyer24news.com\/index.php?rest_route=\/wp\/v2\/posts\/20129"}],"collection":[{"href":"https:\/\/speyer24news.com\/index.php?rest_route=\/wp\/v2\/posts"}],"about":[{"href":"https:\/\/speyer24news.com\/index.php?rest_route=\/wp\/v2\/types\/post"}],"author":[{"embeddable":true,"href":"https:\/\/speyer24news.com\/index.php?rest_route=\/wp\/v2\/users\/3"}],"replies":[{"embeddable":true,"href":"https:\/\/speyer24news.com\/index.php?rest_route=%2Fwp%2Fv2%2Fcomments&post=20129"}],"version-history":[{"count":1,"href":"https:\/\/speyer24news.com\/index.php?rest_route=\/wp\/v2\/posts\/20129\/revisions"}],"predecessor-version":[{"id":20140,"href":"https:\/\/speyer24news.com\/index.php?rest_route=\/wp\/v2\/posts\/20129\/revisions\/20140"}],"wp:featuredmedia":[{"embeddable":true,"href":"https:\/\/speyer24news.com\/index.php?rest_route=\/wp\/v2\/media\/20130"}],"wp:attachment":[{"href":"https:\/\/speyer24news.com\/index.php?rest_route=%2Fwp%2Fv2%2Fmedia&parent=20129"}],"wp:term":[{"taxonomy":"category","embeddable":true,"href":"https:\/\/speyer24news.com\/index.php?rest_route=%2Fwp%2Fv2%2Fcategories&post=20129"},{"taxonomy":"post_tag","embeddable":true,"href":"https:\/\/speyer24news.com\/index.php?rest_route=%2Fwp%2Fv2%2Ftags&post=20129"}],"curies":[{"name":"wp","href":"https:\/\/api.w.org\/{rel}","templated":true}]}}