{"id":20141,"date":"2019-10-03T09:18:28","date_gmt":"2019-10-03T08:18:28","guid":{"rendered":"https:\/\/speyer24news.com\/?p=20141"},"modified":"2019-10-03T09:18:29","modified_gmt":"2019-10-03T08:18:29","slug":"polizei-83","status":"publish","type":"post","link":"https:\/\/speyer24news.com\/?p=20141","title":{"rendered":"Polizei:"},"content":{"rendered":"<style type=\"text\/css\">\r\n\t.ads_top_disp{}\r\n\t.ads_top_corner_disp{ float:left; margin:0px 10px 10px 0px; }\r\n\t.ads_first_p_disp{}\r\n\t.ads_bottom_disp{}\r\n\t<\/style>\n<h2 class=\"wp-block-heading\">Polizeimeldungen vom Mittwoch (02.10.2019)<\/h2>\n\n\n\n<div class=\"wp-block-image\"><figure class=\"aligncenter\"><img decoding=\"async\" src=\"https:\/\/speyer24news.com\/wp-content\/uploads\/2019\/09\/Aktuelles-Polizeilogo-1.jpg\" alt=\"\" class=\"wp-image-19009\"\/><\/figure><\/div>\n\n\n\n<h4 class=\"wp-block-heading\">(Speyer) &#8211; Aufbruch eines Kassenautomaten<\/h4>\n\n\n\n<p>In  der Nacht zu Mittwoch wurde ein Kassenautomat im Parkhaus Bahnhofstra\u00dfe  in Speyer aufgebrochen. Entwendet wurde Bargeld im vierstelligen  Bereich. An einer \u00dcberwachungskamera und an dem Automat entstand ein  Gesamtsachschaden von 1.000 EUR. Bei den beiden T\u00e4tern handelt es sich  vermutlich um: <\/p>\n\n\n\n<ul><li>eine m\u00e4nnliche Person<\/li><li>die ca. 1,90 m gro\u00df ist<\/li><li>dunkle Kleidung und ein dunkles Basecap trug und <\/li><li>eine m\u00f6glicherweise weibliche Person<\/li><li>die etwa 1,60 m gro\u00df ist <\/li><li>und dunkle Kleidung, eine schwarze  Umh\u00e4ngetasche und einen wei\u00dfen Fischerhut trug. <\/li><li>Beide T\u00e4ter trugen bei  Tatausf\u00fchrung Handschuhe. <\/li><\/ul>\n\n\n\n<p>Zeugen, die Hinweise auf m\u00f6gliche T\u00e4ter\n geben k\u00f6nnen, werden gebeten, sich mit der Polizeiinspektion Speyer in \nVerbindung zu setzen. Zeugenhinweise nimmt die Polizei unter der \nTel.-Nr. 06232-1370 oder per Mail an <a href=\"mailto:pispeyer@polizei.rlp.de\">pispeyer@polizei.rlp.de<\/a> entgegen. <\/p>\n\n\n\n<h4 class=\"wp-block-heading\">(Speyer) &#8211; K\u00f6rperverletzung<\/h4>\n\n\n\n<p>Handfest  aneinander geraten sind am Dienstagnachmittag in der Iggelheimer Stra\u00dfe  ein 42-j\u00e4hriger Rennradfahrer aus B\u00f6hl-Iggelheim und der Fahrer eines VW  Golfs aus Speyer. Ein Fahrman\u00f6ver des Speyerers, dass den Radfahrer zum  Ausweichen zwang, f\u00fchrte zun\u00e4chst zu einer verbalen Auseinandersetzung,  die schlie\u00dflich in einer Ohrfeige endete, die der PKW-Fahrer dem Radler  verpasste. Dies f\u00fchrte zu einer leicht blutenden Verletzung auf der  Wange des Gesch\u00e4digten. <\/p>\n\n\n\n<h4 class=\"wp-block-heading\">(Bellheim) &#8211; Durchfahrtsverbot \u00fcberwacht<\/h4>\n\n\n\n<p>Insgesamt 64 Autofahrer wurden wegen Missachtung des  Durchfahrtsverbotes bei Kontrollen am Dienstag und Mittwoch in Bellheim  geb\u00fchrenpflichtig verwarnt. Kontrolliert wurde am Dienstag zwischen  10:40 und 11:15 Uhr im Bereich das Schwabsweg und am Mittwoch zwischen  9:30 und 11:30 Uhr auf einem Wirtschaftsweg in der Verl\u00e4ngerung zur  Karl-Silbernagel-Stra\u00dfe.  Die kontrollierten Fahrer zeigten wenig  Verst\u00e4ndnis f\u00fcr die Kontrollen. Die Polizeiinspektion Germersheim weist  nochmals daraufhin die ausgeschilderte Umleitungsstrecke zu befolgen.  Weiterhin werden nach wie vor Beschwerden von Anwohnern bei der Polizei  Germersheim registriert. <\/p>\n\n\n\n<h4 class=\"wp-block-heading\">(Rheinzabern) &#8211; Zusammensto\u00df im \u00dcberholvorgang<\/h4>\n\n\n\n<div class=\"wp-block-image\"><figure class=\"aligncenter\"><img decoding=\"async\" loading=\"lazy\" width=\"800\" height=\"603\" src=\"https:\/\/speyer24news.com\/wp-content\/uploads\/2019\/10\/02.10.19-Rheinzabern-VU2.jpg\" alt=\"\" class=\"wp-image-20142\" srcset=\"https:\/\/speyer24news.com\/wp-content\/uploads\/2019\/10\/02.10.19-Rheinzabern-VU2.jpg 800w, https:\/\/speyer24news.com\/wp-content\/uploads\/2019\/10\/02.10.19-Rheinzabern-VU2-300x226.jpg 300w, https:\/\/speyer24news.com\/wp-content\/uploads\/2019\/10\/02.10.19-Rheinzabern-VU2-768x579.jpg 768w, https:\/\/speyer24news.com\/wp-content\/uploads\/2019\/10\/02.10.19-Rheinzabern-VU2-326x245.jpg 326w, https:\/\/speyer24news.com\/wp-content\/uploads\/2019\/10\/02.10.19-Rheinzabern-VU2-80x60.jpg 80w\" sizes=\"(max-width: 800px) 100vw, 800px\" \/><\/figure><\/div>\n\n\n\n<p>Am 02.10.2019 befuhr um 06:42 Uhr ein 18-j\u00e4hriger  Verkehrsteilnehmer die L 549 von Rheinzabern kommend in Richtung Kandel.  Nach dem Hatzenb\u00fchler Kreisel setzte der PKW Fahrer als zweites  Fahrzeug zum \u00dcberholen eines LKW an. Hierbei untersch\u00e4tzte er die  Geschwindigkeit des entgegenkommenden Verkehrs und es kam zum frontalen  Zusammensto\u00df der zwei PKW. Beide Fahrzeuge kamen im Stra\u00dfengraben zum  Stehen. <\/p>\n\n\n\n<div class=\"wp-block-image\"><figure class=\"aligncenter\"><img decoding=\"async\" loading=\"lazy\" width=\"800\" height=\"552\" src=\"https:\/\/speyer24news.com\/wp-content\/uploads\/2019\/10\/02.10.19-Rheinzabern-VU.jpg\" alt=\"\" class=\"wp-image-20143\" srcset=\"https:\/\/speyer24news.com\/wp-content\/uploads\/2019\/10\/02.10.19-Rheinzabern-VU.jpg 800w, https:\/\/speyer24news.com\/wp-content\/uploads\/2019\/10\/02.10.19-Rheinzabern-VU-300x207.jpg 300w, https:\/\/speyer24news.com\/wp-content\/uploads\/2019\/10\/02.10.19-Rheinzabern-VU-768x530.jpg 768w\" sizes=\"(max-width: 800px) 100vw, 800px\" \/><figcaption>Unfallbild 1<\/figcaption><\/figure><\/div>\n\n\n\n<p>Die beiden beteiligten Fahrer verletzten sich gl\u00fccklicherweise  nur leicht. F\u00fcr die Bergung der Fahrzeuge und die Versorgung der  Verletzten, musste die L549 f\u00fcr ca. eine Stunde voll gesperrt werden. Es  entstand ein Sachschaden von ca. 15.000EUR <\/p>\n\n\n\n<h4 class=\"wp-block-heading\">(W\u00f6rth) &#8211; Noch nicht genug gehabt<\/h4>\n\n\n\n<p>Am 01.10.2019 betrat um 21:25 Uhr ein 27-j\u00e4hriger m\u00e4nnlicher  T\u00e4ter den Verkaufsraum der Total Tankstelle in der Bahnhofstra\u00dfe. Der  T\u00e4ter entnahm mehrere Dosen Bier, S\u00fc\u00dfigkeiten und mehrere Eispackungen  aus den St\u00e4nden und verstaute diese in einem Rucksack. Als er die  Tankstelle verlassen wollte, wurde er von einem Mitarbeiter  angesprochen. Der T\u00e4ter konnte jedoch fl\u00fcchten. Noch w\u00e4hrend der  Anzeigenaufnahme, kam der T\u00e4ter zur Tankstelle zur\u00fcck und konnte  festgenommen werden. <\/p>\n\n\n\n<h4 class=\"wp-block-heading\">(Steinfeld) &#8211; Leck in Gasleitung<\/h4>\n\n\n\n<p>Am Dienstagabend verletzten ein 60-J\u00e4hriger Mann und sein Sohn bei  Grabungsarbeiten in ihrer Hofeinfahrt in der Bahnhofstra\u00dfe eine  Gasleitung, wodurch Gas austrat. Die Feuerwehr war mit 21 Fahrzeugen im  Einsatz und evakuierte mehrere Personen aus den umliegenden H\u00e4usern. Der  Gasversorger stellte letztlich das Gas ab, sodass keine Gefahr mehr  bestand. <\/p>\n\n\n\n<h4 class=\"wp-block-heading\">(Bad Bergzabern) &#8211; Verkehrsunfall in der K\u00f6nigstra\u00dfe<\/h4>\n\n\n\n<p>Am Mittwoch kam es gegen 12:30 Uhr zu einem Verkehrsunfall in der  K\u00f6nigstra\u00dfe gegen\u00fcber des dortigen D\u00f6ner-Imbisses. Zum Zusammensto\u00df der  beiden Fahrzeuge kam es, als ein silberner VW Golf an einem Golf  gleicher Farbe vorbeifuhr. Der konkrete Unfallhergang konnte aufgrund  widerspr\u00fcchlicher Angaben nicht abschlie\u00dfend ermittelt werden, weshalb  Zeugen gebeten werden, sich mit der Polizeiinspektion Bad Bergzabern  unter 06343-93340 oder per Email unter <a href=\"mailto:pibadbergzabern@Polizei.rlp.de\">pibadbergzabern@Polizei.rlp.de<\/a> in Verbindung zu setzen. <\/p>\n\n\n\n<h4 class=\"wp-block-heading\">(Bad Bergzabern) &#8211; Teurer Gurtversto\u00df<\/h4>\n\n\n\n<p>Ein Gurtversto\u00df kommt einen 41-J\u00e4hrigen ohne festen Wohnsitz teuer zu  stehen. Der Mann wurde einer Verkehrskontrolle unterzogen, nachdem er  ohne angelegten Sicherheitsgurt die Weinstra\u00dfe befuhr. Die Beamten  konnten aus dem Fahrzeuginnenraum starken Cannabisgeruch wahrnehmen und  nahmen das Fahrzeug daraufhin genauer in Augenschein. Es konnten vier  frisch geerntete Cannabispflanzen sichergestellt werden. Dar\u00fcber hinaus  verlief ein Drogentest bei dem Fahrzeugf\u00fchrer positiv. Gegen den Mann  wird nun wegen Versto\u00dfes gegen das Bet\u00e4ubungsmittelgesetz und dem F\u00fchren  eines Fahrzeuges unter Drogeneinfluss ermittelt. <\/p>\n\n\n\n<h4 class=\"wp-block-heading\">(M\u00fcnchweiler am Klingbach) &#8211; Scheibe an Traktor eingeschlagen<\/h4>\n\n\n\n<p>Unbekannte schlugen von Montag auf Dienstag an einem Traktor die  Windschutzscheibe ein. Das Fahrzeug war auf einem Parkplatz neben dem  Radweg zwischen Silz und M\u00fcnchweiler abgestellt. Zeugen, die Angaben zu  der Tat machen k\u00f6nnen, werden gebeten sich mit der Polizeiinspektion Bad  Bergzabern unter 06343-93340 oder per Email unter <a href=\"mailto:pibadbergzabern@Polizei.rlp.de\">pibadbergzabern@Polizei.rlp.de<\/a> in Verbindung zu setzen. <\/p>\n\n\n\n<h4 class=\"wp-block-heading\">(Gro\u00dffischlingen) &#8211; Defekter Vollernter sorgt f\u00fcr Verkehrschaos<\/h4>\n\n\n\n<div class=\"wp-block-image\"><figure class=\"aligncenter\"><img decoding=\"async\" loading=\"lazy\" width=\"500\" height=\"667\" src=\"https:\/\/speyer24news.com\/wp-content\/uploads\/2019\/10\/02.10.19-Gro\u00dffischlingen-Vollernter-defekt2.jpg\" alt=\"\" class=\"wp-image-20144\" srcset=\"https:\/\/speyer24news.com\/wp-content\/uploads\/2019\/10\/02.10.19-Gro\u00dffischlingen-Vollernter-defekt2.jpg 500w, https:\/\/speyer24news.com\/wp-content\/uploads\/2019\/10\/02.10.19-Gro\u00dffischlingen-Vollernter-defekt2-225x300.jpg 225w\" sizes=\"(max-width: 500px) 100vw, 500px\" \/><\/figure><\/div>\n\n\n\n<p>Ein defekter Vollernter rief am Mittwochmorgen gegen 10:15 Uhr die  Polizei Edenkoben, die Stra\u00dfenmeisterei und die Untere Wasserbeh\u00f6rde der  Kreisverwaltung S\u00fcdliche Weinstra\u00dfe auf den Plan, als ein dort  angebrachter Hydraulikschlauch platzte und sich das \u00d6l sowohl \u00fcber der  Fahrbahn ausbreitete, als auch ins Erdreich gelangte. Zur  Fahrbahnreinigung musste die L 542 f\u00fcr etwa eine Stunde voll gesperrt  und eine Umleitungsstrecke eingerichtet werden. Die Reinigungsarbeiten  d\u00fcrften bis etwa 12:15 Uhr andauern. <\/p>\n\n\n\n<div class=\"wp-block-image\"><figure class=\"aligncenter\"><img decoding=\"async\" loading=\"lazy\" width=\"500\" height=\"667\" src=\"https:\/\/speyer24news.com\/wp-content\/uploads\/2019\/10\/02.10.19-Gro\u00dffischlingen-Vollernter-defekt.jpg\" alt=\"\" class=\"wp-image-20145\" srcset=\"https:\/\/speyer24news.com\/wp-content\/uploads\/2019\/10\/02.10.19-Gro\u00dffischlingen-Vollernter-defekt.jpg 500w, https:\/\/speyer24news.com\/wp-content\/uploads\/2019\/10\/02.10.19-Gro\u00dffischlingen-Vollernter-defekt-225x300.jpg 225w\" sizes=\"(max-width: 500px) 100vw, 500px\" \/><\/figure><\/div>\n\n\n\n<p>Der Vollernter musste an Ort und  Stelle durch einen Fachmann repariert werden, da er sich nicht mehr  bewegen lie\u00df. W\u00e4hrend der Reinigungsarbeiten kam es zu leichten  Verkehrsbehinderungen. <\/p>\n\n\n\n<h4 class=\"wp-block-heading\">(Neustadt) &#8211; 52-J\u00e4hriger behindert Baumf\u00e4llarbeiten<\/h4>\n\n\n\n<p>Am 02.10.2019 gegen 08:45 Uhr wurde die Polizei nach Lachen-Speyerdorf  an den Jahnplatz gerufen, da dort ein Mann mit einem Fahrzeug  absichtlich in einen Bauzaun gefahren w\u00e4re. Nach bisherigen Ermittlungen  war ein 52-j\u00e4hriger Mann aus Neustadt ver\u00e4rgert \u00fcber den Beginn der  Baumf\u00e4llarbeiten und machte seinem Unmut zun\u00e4chst dadurch Luft, dass er  mit seinem Pkw mehrfach in den Bauzaun fuhr, der die Fl\u00e4che um die zu  f\u00e4llenden B\u00e4ume sicherte. Danach stieg er aus und beleidigte einen der  Mitarbeiter der mit der Baumf\u00e4llung beauftragten Firma. Der  hinzugerufene Rechtsbeistand der Firma wollte \u00fcber sein Mobiltelefon die  Polizei verst\u00e4ndigen. Dies veranlasste den 52-J\u00e4hrigen, den Jurist  k\u00f6rperlich anzugehen und sein Mobiltelefon aus der Hand zu rei\u00dfen. Er  verschwand kurz mit dem Handy, kam kurze Zeit sp\u00e4ter jedoch wieder  zur\u00fcck und h\u00e4ndigte das Telefon dem Eigent\u00fcmer wieder aus. Der Jurist  erlitt dabei Verletzungen am Hals. Insgesamt muss sich der 52-J\u00e4hrige  nun u.a. wegen K\u00f6rperverletzung, Beleidigung und Sachbesch\u00e4digung  verantworten. <\/p>\n\n\n\n<h4 class=\"wp-block-heading\">(Neustadt) &#8211; Ohne F\u00fchrerschein mit Kleinkraftrad und Sozius unterwegs<\/h4>\n\n\n\n<p>Ein 26-j\u00e4hriger Mann wurde am 01.10.2019 gegen 17:45 Uhr in der  Talstra\u00dfe mit seinem Kleinkraftrad einer Verkehrskontrolle unterzogen.  Hierbei wurde festgestellt, dass der Fahrer keine g\u00fcltige Fahrerlaubnis  besitzt und bereits zum dritten Mal mit dem Roller erwischt wurde. Das  Fahrzeug wurde zum Zwecke der Einziehung sichergestellt. Der 18-j\u00e4hrige  Sozius wusste angeblich nichts vom nicht vorhandenen F\u00fchrerschein. <\/p>\n\n\n\n<h4 class=\"wp-block-heading\">(Neustadt) &#8211; Nicht gesichertes Fahrzeug klemmt Fahrerin ein<\/h4>\n\n\n\n<p>Eine 32-j\u00e4hrige Postzustellerin stellte ihr Fahrzeug am 01.10.2019  gegen 14:00 Uhr in der Weinstra\u00dfe in Hambach ab, ohne es gegen wegrollen  zu sichern. Als sie auf der absch\u00fcssigen Stra\u00dfe vor das Fahrzeug lief,  rollte es los und klemmte sie zwischen dem eigenen Fahrzeug und einem  weiteren geparkten Fahrzeug ein. Passanten eilten zu Hilfe und schoben  das Fahrzeug zur\u00fcck, um sie aus der misslichen Lage zu befreien. Die  32-J\u00e4hrige erlitt Prellungen an beiden Knien. Sachschaden entstand  nicht. #<\/p>\n\n\n\n<h4 class=\"wp-block-heading\">(Bad D\u00fcrkheim) &#8211; Unwissenheit sch\u00fctzt vor Strafe nicht<\/h4>\n\n\n\n<p>Am 02.10.2019 gegen 03:40 Uhr wurde in der Fronhofallee in Bad D\u00fcrkheim  ein Fahrzeuggespann, bestehend aus PKW und Anh\u00e4nger, durch eine  Funkstreifenwagenbesatzung der Polizeiinspektion Bad D\u00fcrkheim einer  Verkehrskontrolle unterzogen. Im Rahmen dieser stellte sich heraus, dass  beide mitgef\u00fchrten Fahrzeuge  bereits seit Juni weder versichert noch  zugelassen und daher zur Fahndung ausgeschrieben waren. Der  verantwortliche Fahrzeugf\u00fchrer gab gegen\u00fcber den eingesetzten Beamten  an, davon nichts gewusst zu haben, was diesen jedoch nicht vor  Einleitung eines Strafverfahrens wegen des Versto\u00dfes gegen das  Pflichtversicherungsgesetz sowie der Untersagung der Weiterfahrt  sch\u00fctzte. <\/p>\n\n\n\n<h4 class=\"wp-block-heading\">(He\u00dfheim) &#8211; Polizeieinsatz<\/h4>\n\n\n\n<p>Am 01.10.2019, gegen 14.40 Uhr, wird durch eine Zeugin mitgeteilt, dass  sich ihr Sohn nach einem Streit mit einem Messer in der Wohnung, in der  Hauptstra\u00dfe, verschanzt habe. Die \u00d6rtlichkeit wird durch starke  Polizeikr\u00e4fte angefahren. Vor Ort kann durch die eingesetzten Beamten  Kontakt zu dem 22-j\u00e4hrigen Mann aus He\u00dfheim hergestellt werden. Im  Rahmen der Kontaktaufnahme kann er dazu bewegt werden, unbewaffnet vor  das Haus zu kommen. Hier wird er zun\u00e4chst gefesselt und nach Waffen  durchsucht. Nachdem festgestellt wird, dass er unbewaffnet ist, wird er  aufgrund seines psychischen Ausnahmezustandes in ein Krankenhaus  verbracht. Verletzt wird bei dem Einsatz niemand. <\/p>\n\n\n\n<p>Wer  sachdienliche Hinweise zu dem genannten Fall geben kann, wird gebeten  sich mit der Polizeiinspektion Frankenthal unter der Rufnummer  06233\/313-0 oder der Polizeiwache Maxdorf unter der Rufnummer  06237\/934-1100 in Verbindung zu setzen. Hinweise k\u00f6nnen auch per E-Mail  unter <a href=\"mailto:pifrankenthal@polizei.rlp.de\">pifrankenthal@polizei.rlp.de<\/a> an die Polizei \u00fcbermittelt werden. <\/p>\n\n\n\n<h4 class=\"wp-block-heading\">(Ludwigshafen) &#8211; 26-J\u00e4hrigen beim Ladendiebstahl erwischt<\/h4>\n\n\n\n<p>Am 01.10.2019, gegen 15:10 Uhr, beobachtete ein Ladendetektiv in einem  Elektronikmarkt im Hedwig-Laudien-Ring, wie ein 26-J\u00e4hriger sich  zun\u00e4chst verd\u00e4chtig verhielt, sich dann zwei  Fitness-Tracker-Armbanduhren im Wert von knapp 500 Euro in seine  Jackentasche steckte und zum Ausgang lief. Als der 26-J\u00e4hrige die  zwischenzeitlich verst\u00e4ndigten Polizeibeamten erblickte, fl\u00fcchtete er  \u00fcber den Parkplatz. Nach einer kurzen Verfolgung st\u00fcrzte er, so dass die  Polizeibeamten ihn festnehmen konnten. Sie nahmen ihn mit zur  Dienststelle. Nach Abschluss der polizeilichen Ma\u00dfnahmen kam er wieder  auf freien Fu\u00df. <\/p>\n\n\n\n<h4 class=\"wp-block-heading\">(Ludwigshafen) &#8211; Geldbeutel gestohlen<\/h4>\n\n\n\n<p>Am 01.10.2019, zwischen 11:30 Uhr und 12:00 Uhr, fuhr eine 25-J\u00e4hrige  mit dem Bus Nr. 4 vom Hans-Warsch-Platz zum Berliner Platz. Als sie  ausstieg, bemerkte sie, dass ihr der Geldbeutel aus der Jackentasche  gestohlen worden war. Die Polizeiinspektion Ludwigshafen 1 bittet um  sachdienliche Hinweise unter der Telefonnummer 0621 963-2122 oder per  e-Mail <a href=\"mailto:piludwigshafen1@polizei.rlp.de\">piludwigshafen1@polizei.rlp.de<\/a> . <\/p>\n\n\n\n<h4 class=\"wp-block-heading\">(Ludwigshafen) &#8211; Radfahrer mit Autot\u00fcr erwischt<\/h4>\n\n\n\n<p>Am 01.10.2019, gegen 11:30 Uhr parkte eine 36-J\u00e4hrige am rechten  Fahrbahnrand in der Hindenburgstra\u00dfe. Als sie ausstieg, stie\u00df sie mit  ihrer Fahrert\u00fcr gegen einen vorbeifahrenden 80-j\u00e4hrigen Radfahrer. Der  80-J\u00e4hrige st\u00fcrzte daraufhin und verletzte sich. Er kam ins Krankenhaus.  <\/p>\n\n\n\n<h4 class=\"wp-block-heading\">(Mannheim) &#8211; Intensivma\u00dfnahmen 2019 gegen Poser beendet \/ Ermittlungsverfahren wegen verbotener Kraftfahrzeugrennen nehmen zu<\/h4>\n\n\n\n<div class=\"wp-block-image\"><figure class=\"aligncenter\"><img decoding=\"async\" loading=\"lazy\" width=\"500\" height=\"697\" src=\"https:\/\/speyer24news.com\/wp-content\/uploads\/2019\/10\/Poser-1.png\" alt=\"\" class=\"wp-image-20146\" srcset=\"https:\/\/speyer24news.com\/wp-content\/uploads\/2019\/10\/Poser-1.png 500w, https:\/\/speyer24news.com\/wp-content\/uploads\/2019\/10\/Poser-1-215x300.png 215w\" sizes=\"(max-width: 500px) 100vw, 500px\" \/><\/figure><\/div>\n\n\n\n<p>Die spezialisierten Ermittler der Verkehrspolizeidirektion haben zum  Monatsende September die Saison beendet und ihre Intensivma\u00dfnahmen gegen  Poser eingestellt. Die Verkehrspolizisten haben an 40 Kontrolltagen 429  Fahrzeuge und 597 Personen kontrolliert. 159 Fahrzeugf\u00fchrer wurden  direkt vor Ort wegen unterschiedlicher Ordnungswidrigkeiten verwarnt, 30  davon wegen unn\u00f6tigen L\u00e4rms. Diese erhielten dann auch einen  Platzverweis f\u00fcr den Kontrolltag. 82 Fahrzeugf\u00fchrer und Halter erhielten  eine Anzeige und ein Bu\u00dfgeld, 62 davon wegen technischer Ver\u00e4nderungen.  Lediglich 22 Poserfahrzeuge mussten sichergestellt und entstempelt  werden. Bei 10 Fahrzeugen war hierzu ein technisches Gutachten  erforderlich. Die Halter erhielten eine Betriebsuntersagungen und  mussten nach Wiederherstellung des ordnungsgem\u00e4\u00dfen Zustandes die  Fahrzeuge neu zulassen. Gegen zwei der 429 Fahrzeugf\u00fchrer mussten  Strafverfahren wegen Trunkenheit im Stra\u00dfenverkehr eingeleitet werden. <\/p>\n\n\n\n<p>Die  Poserszene ist weiterhin aktiv und pr\u00e4sent. Durch gezielte Ansprachen  im innerst\u00e4dtischen Bereich und an den bekannten Treffpunkten im  Hafengebiet ist die Akzeptanz f\u00fcr die Ma\u00dfnahmen und die Einsicht, durch  Verzicht auf typisches Posergehabe zur L\u00e4rmreduzierung in der Innenstadt  beizutragen, gewachsen. Dies korrespondiert auch mit der Anzahl der f\u00fcr  das Mannheimer Stadtgebiet eingegangenen B\u00fcrgerhinweise. Aus 233  Poser-Meldungen resultierten 19 Anschreiben mit gelben Karten &#8222;STOP  Posing&#8220; an die jeweiligen Halter. Die Meldeadresse ist mittlerweile auch  in Heidelberg und in den Gemeinden des Rhein-Neckar-Kreises angenommen.  Es gehen unregelm\u00e4\u00dfig Hinweise auf einzelne Poser ein, die zur  Lageinformation an das zust\u00e4ndige Polizeirevier weitergeleitet werden.  &#8222;Da Posen ein Sch\u00f6nwetterph\u00e4nomen ist, wird es im Winterhalbjahr  erfahrungsgem\u00e4\u00df ruhiger&#8220;, so Sch\u00e4fer. &#8222;Die Anwohner k\u00f6nnen jedoch  weiterhin St\u00f6rungen \u00fcber die Emailadresse <a href=\"mailto:mannheim.vd@polizei.bwl.de\">mannheim.vd@polizei.bwl.de<\/a> melden. Die Verkehrspolizei f\u00fchrt das Lagebild weiter. Bei Bedarf k\u00f6nnen so Ma\u00dfnahmen reaktiviert werden.&#8220; <\/p>\n\n\n\n<div class=\"wp-block-image\"><figure class=\"aligncenter\"><img decoding=\"async\" loading=\"lazy\" width=\"500\" height=\"645\" src=\"https:\/\/speyer24news.com\/wp-content\/uploads\/2019\/10\/Poser-2.png\" alt=\"\" class=\"wp-image-20147\" srcset=\"https:\/\/speyer24news.com\/wp-content\/uploads\/2019\/10\/Poser-2.png 500w, https:\/\/speyer24news.com\/wp-content\/uploads\/2019\/10\/Poser-2-233x300.png 233w\" sizes=\"(max-width: 500px) 100vw, 500px\" \/><\/figure><\/div>\n\n\n\n<p>&#8222;Solange  junge M\u00e4nner aus Macho-Kulturen ihren Geltungsdrang \u00fcber laute  Fahrzeuge definieren, solange werden wir uns mit dem Ph\u00e4nomen &#8218;Poser\u00b4  besch\u00e4ftigen m\u00fcssen.&#8220; Nach der nunmehr vierten Posersaison zieht  Polizeidirektor Dieter Sch\u00e4fer, Chef der Verkehrspolizeidirektion des PP  Mannheim diese ern\u00fcchternde Bilanz. Sorgen bereiten ihm die jungen  M\u00e4nner, die sich tageweise ihren Traum vom hoch-motorisierten  AMG-Mercedes, BMW oder Audi erf\u00fcllen und sich ihr Sehnsuchtsauto bei  Verleihfirmen im Rhein-Neckar-Raum mieten. \u00dcberfordert mit mehreren  hundert PS f\u00e4hrt bei kurzen Sprints zur Erzeugung des sog. Backfires  oder spontanen Beschleunigungsrennen immer die Gefahr eines Unfalles und  schwerer Verletzungen mit. &#8222;Wir hatten seit 2017 vier schwere  Raserunf\u00e4lle mit jungen t\u00fcrkischen oder t\u00fcrkischst\u00e4mmigen M\u00e4nnern. Einer  endete t\u00f6dlich, bei den anderen drei war lediglich Gl\u00fcck im Spiel. &#8222;Wir  sind deshalb im Einzelfall, bei festgestellten Beschleunigungssprints,  dazu \u00fcbergegangen, an den Fahrer ein Gef\u00e4hrderanschreiben zu richten und  seine Eignung zum F\u00fchren von Kraftfahrzeugen in Zweifel zu ziehen. Wir  teilen ihm mit, dass wir eine Meldung an die F\u00fchrerscheinstelle vorlegen  und damit ein Pr\u00fcfverfahren zur Vorladung zu einer medizinisch  psychologischen Untersuchung einleiten&#8220; berichtet Sch\u00e4fer \u00fcber die  n\u00e4chste Eskalationsstufe bei leichtfertigen Posern. <\/p>\n\n\n\n<p>Au\u00dferdem \nerhofft er sich die baldige Einf\u00fchrung eines eigenen Bu\u00dfgeldtatbestands \ngegen das Posen von mindestens 100 EUR, f\u00fcr den Baden-W\u00fcrttemberg bei \nder Verkehrsministerkonferenz im April 2019 den Vorschlag eingebracht \nhat. Dies w\u00fcrde die Vorladung zur MPU beschleunigen, da die \nFahrerlaubnisverordnung hierf\u00fcr einen erheblichen oder aber mehrere \nVerst\u00f6\u00dfe gegen verkehrsrechtliche Vorschriften fordert. Fraglos ist \ndiese Meldung bei der Teilnahme an verbotenen Kraftfahrzeugrennen. Die \nErmittlungsverfahren nach \u00a7 315d StGB haben deutlich zugenommen. 2017 \nwurde beim PP Mannheim eine Strafanzeige mit Tatort in Mannheim \nbearbeitet. 2018 waren es bereits 10, vier davon mit Tatort Mannheim. \nUnd bis September 2019 wurden 19 Ermittlungsverfahren gef\u00fchrt. 11 davon \nim Stadtgebiet Mannheim. <\/p>\n\n\n\n<p>&#8222;Posen ist kein Kavaliersdelikt.  Verkehrsl\u00e4rm macht nachgewiesen krank. Und leichtfertige  Beschleunigungsfahrten in belebten Innenst\u00e4dten stellen eine t\u00f6dliche  Gefahr dar&#8220;, mahnt Sch\u00e4fer, in der konsequenten gesellschaftlichen  \u00c4chtung dieses Ph\u00e4nomens nicht nachzulassen. <\/p>\n\n\n\n<h4 class=\"wp-block-heading\">(Mannheim-Innenstadt) &#8211; 12-J\u00e4hriger mit e-Scooter unterwegs<\/h4>\n\n\n\n<p>Am Dienstagabend war in der Mannheimer Innenstadt ein 12-j\u00e4hriger Junge  mit einem sogenannten e-Scooter unterwegs. Der Junge fiel einer  Polizeistreife kurz nach 18 Uhr in der Fu\u00dfg\u00e4ngerzone, auf dem Scooter  fahrend, auf. Bei der Kontrolle stellte sich heraus, dass er erst zw\u00f6lf  Jahre alt war. Von seiner Mutter h\u00e4tte er deren PayPal-Zugangsdaten  erhalten, wodurch er sich mit der Scooter-App das Fahrzeug freischalten  konnte. Der Junge wurde zun\u00e4chst zum Polizeirevier Mannheim-Oststadt  gebracht. Nach R\u00fccksprache mit den Eltern wurde er, zur Heimfahrt mit  der Stra\u00dfenbahn, wieder entlassen. <\/p>\n\n\n\n<p>Die Polizei weist in diesem  Zusammenhang darauf hin, dass die Nutzung eines sogenannten e-Scooters  nach den Vorschriften der Elektrokleinstfahrzeugeverordnung erst ab  einem Alter von 14 Jahren zul\u00e4ssig ist. <\/p>\n\n\n\n<h4 class=\"wp-block-heading\">(Mannheim-Neckarstadt) &#8211; Mann leistet bei Polizeieinsatz Widerstand<\/h4>\n\n\n\n<p>Wegen des Verdachts des Widerstands gegen Polizeibeamte ermittelt  derzeit der Bezirksdienst des Polizeireviers Neckarstadt gegen einen  34-j\u00e4hrigen Mann. <\/p>\n\n\n\n<p>Am Dienstagabend, gegen 20:20 Uhr wurde der \nPolizei in einem Mehrfamilienhaus in der Hochuferstra\u00dfe ein Randalierer \ngemeldet. Angeblich versuchte ein Mann, eine Wohnungst\u00fcr einzutreten. \nSofort machten sich mehrere Funkwagen auf den Weg zum Einsatzort. Vor \nOrt gestaltete sich die Situation un\u00fcbersichtlich, weswegen zun\u00e4chst \neinmal die Streitparteien getrennt werden sollten. Im Zuge der \npolizeilichen Ma\u00dfnahmen griff der 34-J\u00e4hrige zwei Beamte an. Um weitere \nAngriffe zu verhindern, setzte eine Funkwagenbesatzung des Reviers \nInnenstadt daraufhin Pfefferspray ein. Daraufhin konnte der v\u00f6llig au\u00dfer\n sich Geratene geschlossen und zum Revier gebracht werden. Auf dem Weg \ndorthin wurde er zudem beleidigend. <\/p>\n\n\n\n<p>Der Beschuldigte wird sich gleich auf mehrere Strafanzeigen einstellen m\u00fcssen. <\/p>\n\n\n\n<h4 class=\"wp-block-heading\">(Mannheim-Lindenhof) &#8211; Unbekannter Autofahrer kommt von Fahrbahn ab, landet im Gleisbett und fl\u00fcchtet \/ Zeugen gesucht!<\/h4>\n\n\n\n<p>Ein bislang unbekannter Autofahrer ist am fr\u00fchen Mittwoch gefl\u00fcchtet,  nachdem er in der Stra\u00dfe &#8222;Am Victoria-Turm&#8220; einen Verkehrsunfall  verursacht hatte. Der Unbekannte befuhr kurz nach 4 Uhr mit seinem  VW-Polo die Lindenhof\u00fcberf\u00fchrung in Richtung Mannheim-Neckarau, als er  aus unbekannten Gr\u00fcnden von der Fahrbahn ins Gleisbett der Stra\u00dfenbahn  abkam. Ein Zeuge konnte beobachten wie der Autofahrer, ein \u00e4lterer Herr,  noch versuchte seinen PKW aus dem Gleisbett herauszufahren. Dieser  hatte sich jedoch so verkeilt, dass der Unbekannte den PKW einfach  stehen lie\u00df und daraufhin zu Fu\u00df die Flucht ergriff. Durch die  blockierten Gleise war der Stra\u00dfenbahnverkehr der Linie 3 bis in die  Morgenstunden beeintr\u00e4chtigt. Der VW wurde so besch\u00e4digt, dass er nicht  mehr fahrbereit war. Er musste mit einem Kran angehoben und abgeschleppt  werden. Durch den Unfall wurde auch ein Kontaktkasten im Gleisbett  besch\u00e4digt. Die H\u00f6he des entstandenen Sachschadens kann derzeit noch  nicht beziffert werden. <\/p>\n\n\n\n<p>Eine \u00dcberpr\u00fcfung der Halteradresse blieb bislang ohne Erfolg. Die Ermittlungen dauern an. <\/p>\n\n\n\n<p>Weitere  Zeugen, die den Unfall beobachtet haben oder Hinweise zum Fahrer geben  k\u00f6nnen, werden gebeten, sich beim Polizeirevier Mannheim-Neckarau unter  Tel.: 0621\/83397-0 zu melden. <\/p>\n\n\n\n<h4 class=\"wp-block-heading\">(Mannheim-Sch\u00f6nau) &#8211; Durch Kellerfenster in Kindertagesst\u00e4tte eingebrochen \/ Zeugen gesucht!<\/h4>\n\n\n\n<p>In eine Kindertagesst\u00e4tte im Albert-Fritz-Weg brachen ein oder mehrere  bislang unbekannte T\u00e4ter im Zeitraum von Montag, 17:30 Uhr bis Dienstag,  9 Uhr, ein. Die T\u00e4ter hatten auf unbekannte Art und Weise an einem  Kellerfenster ein Gitter entfernt und sich anschlie\u00dfend Zugang ins  Innere verschafft. Sie brachen in dem Geb\u00e4ude gewaltsam zwei T\u00fcren auf  und lie\u00dfen aus den R\u00e4umlichkeiten eine Spiegelreflexkamera und Bargeld  im Wert von mehreren hundert Euro mitgehen. Die H\u00f6he des Sachschadens  steht derzeit noch nicht fest. <\/p>\n\n\n\n<p>Zeugen, die verd\u00e4chtige  Beobachtungen gemacht haben, werden gebeten, sich mit dem Polizeirevier  Mannheim-Sandhofen unter Tel.: 0621\/77769-0 in Verbindung zu setzen. <\/p>\n\n\n\n<h4 class=\"wp-block-heading\">(Heidelberg) &#8211; Autofahrer \u00fcbersieht beim Abbiegen entgegenkommenden Radfahrer<\/h4>\n\n\n\n<p>Am Mittwochabend kam es in der  Heidelberger Weststadt zu einem  Verkehrsunfall bei dem ein 33-j\u00e4hriger Radfahrer verletzt wurde. Der  Radfahrer befuhr gegen 19:30 Uhr die Hebelstra\u00dfe in Richtung Messplatz,  als er an der Kreuzung Rudolf-Diesel-Stra\u00dfe von einem entgegenkommenden  48-j\u00e4hrigen Autofahrer, der links abbiegen wollte, \u00fcbersehen wurde. Es  kam zu einem Zusammensto\u00df der Fahrzeuge. Der Radfahrer, der einen Helm  trug, wurde  zur Untersuchung in eine Klinik eingeliefert. An den  Fahrzeugen entstand Sachschaden in gesch\u00e4tzter H\u00f6he von 5500EUR. <\/p>\n\n\n\n<h4 class=\"wp-block-heading\">(Heidelberg-Bergheim) &#8211; 41-j\u00e4hriger Rollerfahrer bei Verkehrsunfall leicht verletzt \/ Verursacherin fl\u00fcchtet &#8211; Polizei sucht Zeugen<\/h4>\n\n\n\n<p>Einen Verkehrsunfall, bei dem ein 41-j\u00e4hriger Rollerfahrer leicht  verletzt wurde, verursachte eine unbekannte Autofahrerin am  Dienstagvormittag im Heidelberger Stadtteil Bergheim. Die Frau war kurz  nach 10 Uhr mit ihrem Kleinwagen, vermutlich ein VW-Golf, auf der linken  Geradeausspur der Mittermaierstra\u00dfe in Richtung Neuenheim unterwegs.  Rechts neben ihr, etwas nach hinten versetzt, fuhr ein 41-j\u00e4hriger Mann  mit seinem Elektro-Motorroller. Beim Rechtsabbiegen in die Bergheimer  Stra\u00dfe musste die unbekannte Frau wegen eines geradeausfahrenden  Radfahrers auf dem rechten Fahrstreifen schr\u00e4g auf der rechten Fahrspur  anhalten und \u00fcbersah dabei den Rollerfahrer. Dieser musste daraufhin  stark bremsen, um einen Zusammensto\u00df zu vermeiden. Hierdurch verlor der  41-J\u00e4hrige die Kontrolle \u00fcber den Roller und st\u00fcrzte auf die Fahrbahn.  Er zog sich dabei leichte Verletzungen zu. Die Autofahrerin stieg kurz  aus und entschuldigte sich bei dem 41-J\u00e4hrigen, stieg jedoch wieder ein  und fuhr weiter. Nachdem sie schlie\u00dflich abgebogen war, stoppte sie  nochmals, stieg erneut aus und blickte sich suchen um, bevor sie  endg\u00fcltig weiterfuhr. <\/p>\n\n\n\n<p>Der verletzte Rollerfahrer wurde vor Ort \nvon Sanit\u00e4tern versorgt. Er hatte sich lediglich leichte Verletzungen an\n Armen und Beinen zugezogen. <\/p>\n\n\n\n<p>Bei dem unfallverursachenden \nFahrzeug soll es sich um einen silbernen Kleinwagen, vermutlich einen \nVW-Golf gehandelt haben, an dessen Steuer eine Frau gesessen haben soll.\n <\/p>\n\n\n\n<p>Zeugen, die auf den Unfall aufmerksam geworden waren, werden  gebeten, sich beim Verkehrskommissariat Heidelberg, Tel.: 0621\/174-4140  zu melden. <\/p>\n\n\n\n<h4 class=\"wp-block-heading\">(Heidelberg-Neuenheim) &#8211; 79-j\u00e4hrige Pedelec-Fahrerin bei Unfall verletzt<\/h4>\n\n\n\n<p>Bei einem Verkehrsunfall am Dienstagvormittag im Stadtteil Neuenheim  wurde eine 79-j\u00e4hrige Pedelec-Fahrerin leicht verletzt. Die Frau war  gegen 10.30 Uhr mit ihrem Pedelec auf dem Radweg der Br\u00fcckenstra\u00dfe in  Richtung Handschuhsheim unterwegs. An der Einm\u00fcndung zur M\u00f6nchhofstra\u00dfe  verlangsamte sie ihre Geschwindigkeit, um einem Fu\u00dfg\u00e4nger das Queren des  Radwegs zu erm\u00f6glichen. Zeitgleich \u00fcberholte eine 23-j\u00e4hrige  Fahrradfahrerin die Seniorin ohne ausreichenden Sicherheitsabstand,  wodurch es zu einer leichten Ber\u00fchrung zwischen beiden Frauen kam. Die  79-J\u00e4hrige st\u00fcrzte daraufhin und zog sich Verletzungen zu. Sie wurde zur  eingehenden Untersuchung vorsorglich in eine Klinik eingeliefert, wo  sie station\u00e4r aufgenommen wurde. <\/p>\n\n\n\n<h4 class=\"wp-block-heading\">(Schwetzingen \/ Rhein Neckar Kreis) &#8211; Linksabbieger auf B 291 aufgefahren \/ 2 leicht Verletzte<\/h4>\n\n\n\n<p>Am Dienstagabend, gegen 18.00 Uhr, befuhr ein 39j\u00e4hriger Mazda Fahrer,  von Schwetzingen kommend, die B 291 \/ Hockenheimer Landstra\u00dfe in  Fahrtrichtung Hockenheim. Aus bislang noch nicht gekl\u00e4rter Ursache fuhr  er einem, nach links in einen Waldweg, abbiegenden Pkw VW eines  36J\u00e4hrigen auf. Durch den Zusammenprall wurde der Mazda auf die  Grasnarbe abgewiesen, rutschte eine dortige B\u00f6schung hinunter, wobei  sich das Fahrzeug mehrfach \u00fcberschlug und auf dem Dach liegen blieb.  Beide Fahrzeuglenker wurden leicht verletzt und vorsorglich in  umliegende Krankenh\u00e4user verbracht. An beiden Fahrzeugen entstand  Totalschaden. F\u00fcr die Dauer der Unfallaufnahme und R\u00e4umarbeiten musste  die Hockenheimer Landstra\u00dfe bis ca. 20.50 Uhr voll gesperrt werden. Die  Verkehrsunfallaufnahme Mannheim hat die Ermittlungen \u00fcbernommen. <\/p>\n\n\n\n<h4 class=\"wp-block-heading\">(A 6 \/ Hockenheim \/ Schwetzingen \/ Rhein-Neckar-Kreis) &#8211; Bei Kontrolle gefl\u00fcchtet \/ Festnahme nach Verfolgungsfahrt<\/h4>\n\n\n\n<p>Am Mittwochnachmittag kam es auf der BAB 6 zu einer Verfolgungsfahrt &#8211;  der Fl\u00fcchtige wurde kurze Zeit sp\u00e4ter gestoppt und festgenommen. <\/p>\n\n\n\n<p>Den\n Beamten des Autobahnpolizeireviers Mannheim fiel gegen 13:30 Uhr auf \nder Tank- und Rastanlage Hockenheim ein Mitsubishi auf, an dem \ngestohlene Kennzeichen angebracht waren. Als die Polizeibeamten den \nFahrer daraufhin einer Verkehrskontrolle unterziehen wollten, fl\u00fcchtete \ndieser auf die BAB 6 in Richtung Mannheim. Von mehreren Streifenw\u00e4gen \nverfolgt, fuhr der Fahrer des Mitsubishis an der Ausfahrt Mannheim \/ \nSchwetzingen von der Autobahn und setzte die Flucht auf der B535 fort. \nLetztlich wurde der Fl\u00fcchtige auf der Friedrichsfelder Landstra\u00dfe \ngestoppt &#8211; dabei wurden zwei Polizeifahrzeuge besch\u00e4digt. Die Beamten \nblieben unverletzt. Der 37-j\u00e4hrige Fahrer wurde vor Ort festgenommen. \nDieser blieb ebenfalls unverletzt. Ein Test ergab 1,8 Promille Alkohol \nim Atem des Mannes. <\/p>\n\n\n\n<p>Dieser muss sich nun wegen \nStra\u00dfenverkehrsgef\u00e4hrdung und der gestohlenen Kennzeichen verantworten. \nOb sich der 37-J\u00e4hrige noch weiter strafbar gemacht hat, ermitteln nun \ndie Beamten der Autobahnpolizei. <\/p>\n\n\n\n<p>Die Fl\u00fcchtige fuhr teilweise bis  zu 180 Km\/h und wich auf den Standstreifen aus &#8211; Zeugen des Vorfalls  oder Personen, die hierdurch gef\u00e4hrdet wurden, werden gebeten, sich  unter 0621 470930 an die Ermittler zu wenden. <\/p>\n\n\n\n<h4 class=\"wp-block-heading\">(Walldorf \/ Rhein-Neckar-Kreis) &#8211; Einbruch in Caf\u00e9 in der Heidelberger Stra\u00dfe \/ Zeugen gesucht!<\/h4>\n\n\n\n<p>In der Heidelberger Stra\u00dfe\/Ecke Kettenstra\u00dfe wurde in der Nacht zum  Dienstag in ein Caf\u00e9 eingebrochen. Durch Aufhebeln der Eingangst\u00fcr  hatten sich bislang Unbekannte Zugang zu dem Lokal verschafft und im  Inneren mehrere Geldspielautomaten ge\u00f6ffnet. Aus den Automaten  entwendeten die T\u00e4ter das gesamte Bargeld in noch unbekannter H\u00f6he und  ergriffen anschlie\u00dfend die Flucht. Als Tatzeit kommt 3 Uhr bis 10 Uhr in  Betracht. Die H\u00f6he des Diebstahl- und Sachschadens steht noch nicht  fest. <\/p>\n\n\n\n<p>Zeugen, die verd\u00e4chtige Beobachtungen gemacht haben, werden  gebeten, sich beim Polizeiposten Walldorf unter Tel.: 06227\/841999-0  oder beim Polizeirevier Wiesloch unter Tel.: 06222\/5709-0 zu melden. <\/p>\n\n\n\n<h4 class=\"wp-block-heading\">(Mauer \/ Rhein-Neckar-Kreis) &#8211; Scheibe eines VW eingeschlagen \/ Wer hat Verd\u00e4chtiges beobachtet?<\/h4>\n\n\n\n<p>Am Dienstag, zwischen 14:20 Uhr und 15:25 Uhr, schlug ein bislang  unbekannter T\u00e4ter die hintere Beifahrerscheibe eines VWs ein, der auf  einem Feldweg an der L547, gegen\u00fcber eines Gefl\u00fcgelhofes, geparkt war.  Entwendet wurde aus dem Fahrzeug offenbar nichts. <\/p>\n\n\n\n<p>Die Polizei  sucht nun Zeugen, die verd\u00e4chtige Wahrnehmungen gemacht haben. Diese  werden gebeten, sich mit dem Polizeirevier Neckargem\u00fcnd unter Tel.:  06223\/9254-0 in Verbindung zu setzen. <\/p>\n\n\n\n<h4 class=\"wp-block-heading\">(Wiesloch \/ Rhein-Neckar-Kreis) &#8211; K\u00fcchenbrand durch erhitztes \u00d6l \/ 78-j\u00e4hrige leicht verletzt &#8211; Sachschaden ca. 8.000 Euro<\/h4>\n\n\n\n<p>Bei einem K\u00fcchenbrand in einer Wohnung im 2. Obergeschoss eines Hauses  in der Rathausgasse wurde am Dienstagabend gegen 22.40 Uhr eine  78-j\u00e4hrige Bewohnerin leicht verletzt. Nach der Erstversorgung durch  einen Notarzt wurde die Frau mit Verdacht auf Rauchgasvergiftung mit  einem Rettungswagen in eine Klinik eingeliefert. Nach den bisherigen  Erkenntnissen hatte ein Anwohner auf einem Herd \u00d6l in einem Topf erhitzt  und dann den Raum verlassen. Als er zur\u00fcckkehrte, stand die K\u00fcche in  Flammen. Zusammen mit seiner Frau und zwei Kleinkindern konnte er sich  unverletzt ins Freie retten und die Rettungsdienste verst\u00e4ndigen. Zwei  beherzte M\u00e4nner gingen in die Wohnung und l\u00f6schten den Brand noch vor  Eintreffen der Feuerwehr. Die Freiwillige Feuerwehr Wiesloch, die mit  f\u00fcnf Fahrzeugen und 28 Wehrleuten im Einsatz waren,  barg die 78-J\u00e4hrige  und l\u00fcftete anschlie\u00dfend die Wohnung. Die K\u00fcche wurde vollst\u00e4ndig  zerst\u00f6rt, der Sachschaden wird auf ca. 8.000 Euro beziffert. Die Familie  wurde nach Absprache mit der Stadt zun\u00e4chst oin einem Hotel  untergebracht. <\/p>\n\n\n\n<h4 class=\"wp-block-heading\">(Weinheim \/ Rhein-Neckar-Kreis) &#8211; Trickdiebe bestehlen \u00e4lteres Ehepaar in Wohnung \/ Polizei sucht Zeugen!<\/h4>\n\n\n\n<p>Am Montagmorgen, gegen 10 Uhr, wurde ein \u00e4lteres Ehepaar in dessen  Wohnung in der Klausingstra\u00dfe von Trickdieben bestohlen. Eine unbekannte  Frau klingelte zun\u00e4chst an der Wohnungst\u00fcr der Gesch\u00e4digten und fragte  nach einem Zettel und einem Stift, da sie ihrer vermeintlichen  Arbeitgeberin im Haus eine Nachricht hinterlassen wolle. Die  Gesch\u00e4digten lie\u00dfen die Frau daraufhin in die Wohnung und gingen mit  dieser in die K\u00fcche. W\u00e4hrend die Unbekannte ihre Nachricht auf den  Zettel schrieb, kam pl\u00f6tzlich ein unbekannter Mann hinzu, der sich  unbemerkt Zutritt zur Wohnung verschafft hatte. Der Mann stellte sich in  den T\u00fcrrahmen der K\u00fcche und versperrte die Sicht zum Flur mit einer  Decke. Als die Gesch\u00e4digte daraufhin aufstand, um in den Flur zu gehen,  wurde sie von der unbekannten Frau zur\u00fcck gesto\u00dfen. Die beiden  Unbekannten ergriffen kurz darauf die Flucht. Das Ehepaar meldete den  Vorfall zun\u00e4chst nicht der Polizei. Sie stellten jedoch am n\u00e4chsten  Morgen fest, dass aus dem Schlafzimmer mehrere Schmuckst\u00fccke im Wert von  mindestens 2.000 Euro gestohlen wurden. Die Ermittler gehen nun davon  aus, dass sich eine dritte Person Zugang zur Wohnung verschafft hatte  und die Wertgegenst\u00e4nde mitgehen lie\u00df. <\/p>\n\n\n\n<p>Das Duo wurde wie folgt beschrieben: <\/p>\n\n\n\n<ol><li>Person: weiblich, ca. 40 Jahre alt, schwarze zusammengebundene Haare, trug eine Jeans und einen blauen Pullover. <\/li><li>Person: m\u00e4nnlich, ca. 40 Jahre alt, auffallend dicker Bauch, kr\u00e4ftig  und breit gebaut, weder Bart noch Brille, trug zur Tatzeit eine Jeans. <\/li><\/ol>\n\n\n\n<p>Zeugen,\n die Hinweise zu den Personen geben k\u00f6nnen, werden gebeten, sich beim \nPolizeirevier Weinheim unter Tel.: 06201\/1003-0 zu melden. <\/p>\n","protected":false},"excerpt":{"rendered":"<div class=\"mh-excerpt\"><p>Polizeimeldungen vom Mittwoch (02.10.2019) (Speyer) &#8211; Aufbruch eines Kassenautomaten In der Nacht zu Mittwoch wurde ein Kassenautomat im Parkhaus Bahnhofstra\u00dfe in Speyer aufgebrochen. Entwendet wurde Bargeld im vierstelligen Bereich. An einer \u00dcberwachungskamera und an dem <a class=\"mh-excerpt-more\" href=\"https:\/\/speyer24news.com\/?p=20141\" title=\"Polizei:\">[&#8230;]<\/a><\/p>\n<\/div>","protected":false},"author":3,"featured_media":0,"comment_status":"open","ping_status":"open","sticky":false,"template":"","format":"standard","meta":{"_monsterinsights_skip_tracking":false,"_monsterinsights_sitenote_active":false,"_monsterinsights_sitenote_note":"","_monsterinsights_sitenote_category":0,"footnotes":""},"categories":[12],"tags":[],"aioseo_notices":[],"amp_enabled":true,"_links":{"self":[{"href":"https:\/\/speyer24news.com\/index.php?rest_route=\/wp\/v2\/posts\/20141"}],"collection":[{"href":"https:\/\/speyer24news.com\/index.php?rest_route=\/wp\/v2\/posts"}],"about":[{"href":"https:\/\/speyer24news.com\/index.php?rest_route=\/wp\/v2\/types\/post"}],"author":[{"embeddable":true,"href":"https:\/\/speyer24news.com\/index.php?rest_route=\/wp\/v2\/users\/3"}],"replies":[{"embeddable":true,"href":"https:\/\/speyer24news.com\/index.php?rest_route=%2Fwp%2Fv2%2Fcomments&post=20141"}],"version-history":[{"count":1,"href":"https:\/\/speyer24news.com\/index.php?rest_route=\/wp\/v2\/posts\/20141\/revisions"}],"predecessor-version":[{"id":20148,"href":"https:\/\/speyer24news.com\/index.php?rest_route=\/wp\/v2\/posts\/20141\/revisions\/20148"}],"wp:attachment":[{"href":"https:\/\/speyer24news.com\/index.php?rest_route=%2Fwp%2Fv2%2Fmedia&parent=20141"}],"wp:term":[{"taxonomy":"category","embeddable":true,"href":"https:\/\/speyer24news.com\/index.php?rest_route=%2Fwp%2Fv2%2Fcategories&post=20141"},{"taxonomy":"post_tag","embeddable":true,"href":"https:\/\/speyer24news.com\/index.php?rest_route=%2Fwp%2Fv2%2Ftags&post=20141"}],"curies":[{"name":"wp","href":"https:\/\/api.w.org\/{rel}","templated":true}]}}