{"id":20175,"date":"2019-10-04T09:59:31","date_gmt":"2019-10-04T08:59:31","guid":{"rendered":"https:\/\/speyer24news.com\/?p=20175"},"modified":"2019-10-04T09:59:31","modified_gmt":"2019-10-04T08:59:31","slug":"polizei-85","status":"publish","type":"post","link":"https:\/\/speyer24news.com\/?p=20175","title":{"rendered":"Polizei:"},"content":{"rendered":"<style type=\"text\/css\">\r\n\t.ads_top_disp{}\r\n\t.ads_top_corner_disp{ float:left; margin:0px 10px 10px 0px; }\r\n\t.ads_first_p_disp{}\r\n\t.ads_bottom_disp{}\r\n\t<\/style>\n<h2 class=\"wp-block-heading\">Polizeimeldungen vom Donnerstag (03.10.2019)<\/h2>\n\n\n\n<div class=\"wp-block-image\"><figure class=\"aligncenter\"><img decoding=\"async\" src=\"https:\/\/speyer24news.com\/wp-content\/uploads\/2019\/09\/Aktuelles-Polizeilogo-1.jpg\" alt=\"\" class=\"wp-image-19009\"\/><\/figure><\/div>\n\n\n\n<p><\/p>\n\n\n\n<h4 class=\"wp-block-heading\">(Speyer) &#8211; Raub\u00fcberfall mit Schusswaffe<\/h4>\n\n\n\n<p>Am Mittwoch, den 02.10.2018, um 22:24 Uhr trat ein schwarz gekleideter,  vermummter T\u00e4ter mit einer Schusswaffe vor den Mitarbeiterinnen des  EDEKA (E-Center) in Speyer, Am R\u00fcbsamenw\u00fchl 4. Unter Vorhalt der Waffe  erbeutete der Unbekannte mehrere tausend Euro. Anschlie\u00dfend fl\u00fcchtete  der T\u00e4ter zu Fu\u00df in unbekannte Richtung. Eine sofort eingeleitete  Fahndung auch mittels Hubschrauber verlief bislang erfolgslos. Die  Kriminalpolizei hat die Ermittlungen aufgenommen. Hinweise werden  erbeten an die Kripo Ludwighafen unter Telefonnummer 0621 \/ 963-2773  oder per Mail an <a href=\"mailto:kiludwighafen.k1.kdd@polizei.rlp.de\">kiludwighafen.k1.kdd@polizei.rlp.de<\/a> <\/p>\n\n\n\n<h4 class=\"wp-block-heading\">(Speyer) &#8211; Verkehrskontrollen im Speyerer Stadtgebiet<\/h4>\n\n\n\n<p>Am Mittwochmorgen wurden im Speyerer Stadtgebiet verst\u00e4rkt  Verkehrskontrollen im Hinblick auf die Verkehrssicherheit im  Allgemeinen und auf die Sicherheit im Stra\u00dfenverkehr unter Beteiligung von Fahrradfahrern im Besonderen durchgef\u00fchrt. Bei insgesamt 25 kontrollierten PKW kam es wegen Nichtbeachtens der Gurtpflicht und sonstigen Fahrzeugm\u00e4ngeln zu insgesamt elf Beanstandungen. <\/p>\n\n\n\n<p>Bei einer Kontrollstelle im Bereich des St.-Guido-Stifts-Platz in  Speyer mussten von neun kontrollierten Fahrradfahrern sieben mit  einer Verwarnung bedacht werden, da sie unter anderem vermehrt nicht  die vorgegebene Richtung auf dem Radweg befuhren. Dieses Fehlverhalten birgt ein besonderes Gefahrenpotential und  stellt eine der Hauptunfallursachen unter Beteiligung von Fahrradfahrern dar. <\/p>\n\n\n\n<p>Die Polizei wird auch zu Beginn der nun beginnenden &#8222;dunkleren  Jahreszeit&#8220; vermehrt diesbez\u00fcglich Kontrollen durchf\u00fchren. <\/p>\n\n\n\n<h4 class=\"wp-block-heading\">(R\u00fclzheim) &#8211; Unfallflucht<\/h4>\n\n\n\n<p>5000 Euro Sachschaden sind die Folge einer Verkehrsunfallflucht in der  Neue M\u00fchlgasse am Mittwochmittag. Ein am Fahrbahnrand geparkter, roter  Mercedes-Benz wurde durch ein vorbeifahrendes Fahrzeug stark besch\u00e4digt.   Der Fahrer verlie\u00df daraufhin die \u00d6rtlichkeit, ohne sich um den  entstandenen Sachschaden zu k\u00fcmmern. Aufgrund der Sch\u00e4den am PKW d\u00fcrfte  es sich bei dem Verursacher Fahrzeug um einen LKW gehandelt haben. <\/p>\n\n\n\n<p>Zeugen,  welche die Tat beobachtet und Hinweise zum T\u00e4ter geben k\u00f6nnen, werden  gebeten, sich bei der Polizeiinspektion Germersheim unter 07274\/958-0  oder <a href=\"mailto:pigermersheim@polizei.rlp.de\">pigermersheim@polizei.rlp.de<\/a> zu melden. <\/p>\n\n\n\n<h4 class=\"wp-block-heading\">(Jockgrim \/ Hatzenb\u00fchl) &#8211; Nachtfahrstunde ohne Fahrlehrer<\/h4>\n\n\n\n<p>Am 03.10.2019 um 01:30 Uhr stellten Polizeibeamte einen unsicher  fahrenden PKW auf der Umgehungsstra\u00dfe zwischen Jockgrim und Hatzenb\u00fchl  fest. Bei der anschlie\u00dfenden Kontrolle konnte der Grund f\u00fcr die  unsichere Fahrweise schnell ermittelt werden. Der 18-j\u00e4hrige  Fahrzeugf\u00fchrer aus dem Kreis Germersheim ist noch nicht im Besitz einer  Fahrerlaubnis, sondern besucht derzeit noch eine Fahrschule. <\/p>\n\n\n\n<p>Neben  der Einleitung eines Strafverfahrens, k\u00f6nnten die unerlaubten  Fahrstunden auch Konsequenzen f\u00fcr den anstehenden Erwerb der  Fahrerlaubnis haben. <\/p>\n\n\n\n<h4 class=\"wp-block-heading\">(W\u00f6rth-Maximiliansau) &#8211; Auseinandersetzungen bei Abi-Party<\/h4>\n\n\n\n<p>Gleich zweimal einschreiten mussten die Polizeibeamten der PI W\u00f6rth bei einer Party in der Tullahalle in W\u00f6rth-Maximiliansau. <\/p>\n\n\n\n<p>Am Mittwoch gegen 00:30 Uhr wollte ein Gast, der zuvor aufgrund seines Verhaltens von den  Security-Mitarbeitern bereits aus der Halle verwiesen wurde, seinen  Ausschluss von der Veranstaltung nicht wahrhaben und versuchte wieder in  die Halle zu gelangen. Hierbei kam es zu einer Auseinandersetzung, bei  der ein Security-Mitarbeiter einen Angriff des jungen Mannes nur noch  mit einem Tierabwehrspray unterbinden konnte. Dies veranlasste den  Angreifer dazu die Flucht zu ergreifen. Der 21-j\u00e4hrige Beschuldigte  konnte jedoch durch die Polizei im Stadtgebiet angetroffen werden. Bei  der Befragung zum vorausgegangen Sachverhalt zeigte er sich auch hier  unkooperativ und aggressiv. Eine Behandlung seiner Augen durch den  Rettungsdienst lehnte er ab und beleidigte stattdessen die eingesetzten  Beamten. <\/p>\n\n\n\n<p>Ein zweites Mal wurde die Polizei nach Beendigung der  Party gegen 03:30 Uhr gefordert. Auf dem Hof vor der Tullahalle kam es  zwischen zwei Personengruppen zu einer handfesten Auseinandersetzung.  Hierbei bekam ein Gesch\u00e4digter einen Faustschlag ins Gesicht und ein  anderer wurde zu Boden gesto\u00dfen. Die drei Kontrahenten verlie\u00dfen noch  vor Eintreffen der Polizei die \u00d6rtlichkeit. Hinweise zu dem Sachverhalt  und zu der Personengruppe nimmt die Polizei in W\u00f6rth entgegen. <\/p>\n\n\n\n<h4 class=\"wp-block-heading\">(Bad Bergzabern) &#8211; Betrunken gefahren<\/h4>\n\n\n\n<p>Ein 46 Jahre alter Mann aus Bad Bergzabern befuhr mit seinem  Motorroller am 3.10., morgens um 02:00 Uhr, die Edith-Stein-Stra\u00dfe in  Bad Bergzabern. Da er hierbei deutlich &#8222;Schlangenlinien&#8220; fuhr, wurde er  angehalten und \u00fcberpr\u00fcft. Hierbei ergab sich, dass der Mann mehr als 2  Promille Alkohol in der Atemluft hatte. Ihm wurde eine Blutprobe  entnommen. Ein Strafverfahren wurde eingeleitet. <\/p>\n\n\n\n<h4 class=\"wp-block-heading\">(Billigheim-Ingenheim) &#8211; PKW \u00fcberschl\u00e4gt sich mehrfach&#8230;<\/h4>\n\n\n\n<p>In der Nacht auf Donnerstag befuhr eine 56-j\u00e4hrige Fahrerin die  Landstra\u00dfe von Billigheim kommend in Richtung Landau. An der Einm\u00fcndung  zur B38 verlor die Fahrerin vermutlich infolge unangepasster  Geschwindigkeit die Kontrolle \u00fcber ihren PKW, kam von der Fahrbahn ab  und \u00fcberschlug sich mehrfach in einem angrenzenden Acker. Die  ansprechbare Fahrerin wurde in ein \u00f6rtliches Krankenhaus verbracht, dort  wurde sie station\u00e4r aufgenommen. Es entstand ein Gesamtsachschaden von  ca. 5000.- EUR. <\/p>\n\n\n\n<h4 class=\"wp-block-heading\">(Billigheim-Ingenheim) &#8211; Verkehrsunfall mit  leichtverletzter Person<\/h4>\n\n\n\n<p>Zu einem heftigen Zusammensto\u00df zweier Fahrzeuge kam es am Mittwoch den  02.10.2019 gegen 19:20 Uhr auf der L544. Ein PKW VW und ein PKW Peugeot  befuhren die L544 von Barbelroth kommend in Richtung Billigheim. An der  Einm\u00fcndung nach M\u00fchlhofen, bog der VW \u00fcber die Gegenfahrbahn nach links  ab. Ein 59-j\u00e4hriger Fahrer im Gegenverkehr, nach Zeugenangaben mit  deutlich \u00fcberh\u00f6hter Geschwindigkeit unterwegs, musste wegen des  Abbiegevorgangs stark abbremsen. Der Fahrer verlor in Folge die  Kontrolle \u00fcber sein Fahrzeug, schleuderte in den Gegenverkehr und  kollidierte mit dem aus Barbelroth kommenden, nachfolgenden Peugeot. An  beiden Fahrzeugen entstand Totalschaden, gl\u00fccklicherweise wurde der  59-j\u00e4hrige Fahrer nur leicht verletzt. Der Fahrer des Peugeot erlitt  keine Verletzungen, es entstand ein Gesamtsachschaden von ca. 15.000-  EUR. <\/p>\n\n\n\n<h4 class=\"wp-block-heading\">(Edesheim) &#8211; Bekifft Auto gefahren<\/h4>\n\n\n\n<p>Am Mittwoch, 02.10.2019 gegen 23:10 Uhr wurde ein 23-j\u00e4hriger Landauer  mit seinem  Pkw in Edesheim  einer Verkehrskontrolle unterzogen, in  deren Verlauf sich drogentypische Auff\u00e4lligkeiten bei dem Mann zeigten.  Der Fahrer gab dann auch zu, dass er vor wenigen Tagen Cannabis  konsumiert habe. Daraufhin wurde die Weiterfahrt untersagt und der  Fahrer zur Entnahme einer Blutprobe zur Dienststelle verbracht. Der  F\u00fchrerschein wurde sichergestellt. Den Mann erwartet nun eine Anzeige  wegen Fahrens unter Bet\u00e4ubungsmitteleinfluss und dem Versto\u00df gegen das  Bet\u00e4ubungsmittelgesetz. <\/p>\n\n\n\n<h4 class=\"wp-block-heading\">(Edesheim) &#8211; Dreister Ladendieb<\/h4>\n\n\n\n<p>Am Mittwoch, 02.10.2019 gegen 18:35 Uhr entwendete ein 26 j\u00e4hriger Mann  aus dem Kreis S\u00fcdliche Weinstra\u00dfe Waren im Nah und Gut Kissel-Markt in  Edesheim, indem er diese in einer Papiert\u00fcte verstaute und den Laden in  Richtung Bahnhof verlie\u00df. Die eingesetzten Beamten konnten den Mann  zun\u00e4chst fu\u00dfl\u00e4ufig verfolgen und schlie\u00dflich im Bereich der Gleise  stellen. Das Diebesgut in H\u00f6he von 50 EUR konnte sichergestellt werden.  Der Mann darf sich nun  wegen Ladendiebstahls und wegen eines  gef\u00e4hrlichen Eingriffs in den Bahnverkehr verantworten. <\/p>\n\n\n\n<h4 class=\"wp-block-heading\">(Edesheim) &#8211; Professioneller Traubenklau<\/h4>\n\n\n\n<p>Im Zeitraum von Montag,  23.09.2019 bis Sonntag, 29.09.2019 wurden in  Edesheim in der Gemarkung Oberes Gerech durch bislang unbekannte T\u00e4ter  widerrechtlich 7 Zeilen Silvanertrauben mittels eines Vollernters  abgeerntet. Bei dem Diebstahl der Trauben entstand ein Schaden in H\u00f6he  von 6000EUR. Zeugen, die in o.g. Zeitraum Beobachtungen in diesem  Bereich gemacht haben, werden gebeten, sich mit der Polizei in Edenkoben  unter Tel: 06323-9550 in Verbindung zu setzen. <\/p>\n\n\n\n<h4 class=\"wp-block-heading\">(Edenkoben) &#8211; Gefahrenstellen im Verkehr halten Polizei auf Trab<\/h4>\n\n\n\n<p>Am Mittwoch, 02.10.2019 musste die Polizei Edenkoben viermal ausr\u00fccken,  um sogenannten Gefahrenstellen im Verkehr zu beseitigen. Gegen 07:30  Uhr wurden Fahrzeugteile auf der A65, RF KA, in H\u00f6he der AS  Neustadt-Nord gemeldet. Diese stellten sich jedoch lediglich als  Antirutschmatten heraus, die durch die eingesetzten Beamten von der  Fahrbahn ger\u00e4umt wurden. Um 12:00 Uhr verlor ein bislang unbekannter  Fahrzeugf\u00fchrer mehrere Pakete D\u00e4mmwolle auf der Totenkopfstra\u00dfe in Sankt  Martin. Diese fielen auf die Fahrbahn und in den B\u00f6schungsbereich und  mussten von der Stra\u00dfenmeisterei geborgen werden. Hinweise zum Verlierer  nimmt die Polizei Edenkoben unter Tel: 06323-9550 entgegen. Gegen 12:32  Uhr wurde ein umgeknickter Strauch gemeldet, der auf die K6 in H\u00f6he  Altdorf in die Fahrbahn ragen w\u00fcrde. Auch hier musste die  Stra\u00dfenmeisterei vor Ort kommen, um den Strauch von der Fahrbahn zu  entfernen. Gegen 19:40 Uhr blieb ein Pkw auf der B10, in Fahrtrichtung  Pirmasens, zwischen Birkweiler und Queichhambach liegen und musste 45  min. bis zum Eintreffen eines Abschleppdienstes abgesichert werden. <\/p>\n\n\n\n<p>Wir wollen, dass Sie sicher Leben &#8211; ihre Polizei Edenkoben. <\/p>\n\n\n\n<h4 class=\"wp-block-heading\">(Neustadt) &#8211; Zwei Trunkenheitsfahrten im Stadtgebiet<\/h4>\n\n\n\n<p>Gleich zwei Trunkenheitsfahrten stellte die Polizeiinspektion Neustadt  in der Nacht von Mittwoch, den 02.10.2019, auf Donnerstag, den  03.10.2019, fest. Zun\u00e4chst befuhr ein 17-j\u00e4hriger Neustadter gegen  23:30Uhr ohne Beleuchtung mit seinem Fahrrad die Konrad-Adenauer-Stra\u00dfe  auf der falschen Fahrbahnseite. Im Rahmen der Kontrolle konnten bei dem  Jugendlichen Gleichgewichtsst\u00f6rungen und deutlicher Atemalkoholgeruch  wahrgenommen werden. Ein im Anschluss durchgef\u00fchrter Atemalkoholtest  ergab 1,74Promille. Um 03:20Uhr fiel den Beamten in der  Martin-Luther-Stra\u00dfe ein Mitsubishi auf, welcher auf dem Vorderrad der  Fahrerseite nur noch auf der Felge fuhr. Bei der Kontrolle des  28-j\u00e4hrigen Fahrers aus Bad D\u00fcrkheim konnte auch bei diesem deutlicher  Alkoholgeruch wahrgenommen werden, hier ergab die durchgef\u00fchrte Messung  1,49Promille. Beiden Personen wurde eine Blutprobe entnommen und  entsprechende Strafverfahren eingeleitet. <\/p>\n\n\n\n<h4 class=\"wp-block-heading\">(Frankenthal) &#8211; Fahren unter Alkoholeinfluss<\/h4>\n\n\n\n<p>Ein 28-j\u00e4hriger Frankenthaler wird am 03.10.2019 04:30 Uhr mit seinem  PKW in der Goethestra\u00dfe in Frankenthal einer Verkehrskontrolle  unterzogen. W\u00e4hrend der Kontrolle kann dem Fahrerraum deutlicher  Alkoholgeruch festgestellt werden. Der Fahrer gibt an einige  Biermischgetr\u00e4nke konsumiert zu haben. Ein freiwillig durchgef\u00fchrter  Atemalkoholtest ergibt zun\u00e4chst 0,69 Promille. Nach Durchf\u00fchrung des  gerichtlich verwertbaren Atemalkoholmessverfahrens (0,62 Promille) auf  hiesiger Dienststelle wird der Betroffene aus der Ma\u00dfnahme entlassen.  Sein Fahrzeugschl\u00fcssel und sein F\u00fchrerschein werden sichergestellt und  ein Ordnungswidrigkeitenverfahren nach \u00a7 24a StVG eingeleitet. Ihn  erwarten gem\u00e4\u00df Bu\u00dfgeldkatalog mindestens 500 EUR Geldbu\u00dfe und ein  einmonatiges Fahrverbot. <\/p>\n\n\n\n<h4 class=\"wp-block-heading\">(Frankenthal) &#8211; Fahren unter Bet\u00e4ubungsmitteleinfluss<\/h4>\n\n\n\n<p>Im Rahmen der Streife wird am 02.10.2019 gegen 19:15 Uhr in der  Mahlastra\u00dfe ein PKW einer allgemeinen Verkehrskontrolle unterzogen. In  deren Verlauf k\u00f6nnen bei dem 21-j\u00e4hrigen aus Worms Anzeichen f\u00fcr akuten  Drogenkonsum festgestellt werden. Ein freiwillig durchgef\u00fchrter  Schnelltest best\u00e4tigte den Verdacht. Dem Betroffenen wurde auf der  Dienststelle eine Blutprobe entnommen, der Fahrzeugschl\u00fcssel und der  F\u00fchrerschein zu Verhinderung der Weiterfahrt sichergestellt und ein  Ordnungswidrigkeitenverfahren nach \u00a7 24a StVG eingeleitet. <\/p>\n\n\n\n<p>Neben \nden Kosten f\u00fcr die Entnahme einer Blutprobe, kommt gem\u00e4\u00df dem \nBu\u00dfgeldkatalog auf den Betroffenen nun eine Strafe mindestens in H\u00f6he \n500EUR sowie ein Fahrverbot von einem Monat zu. Zudem muss der Fahrer im\n Nachgang zum eigentlichen Ordnungswidrigkeitenverfahren vermutlich die \nsogenannte medizinisch psychologische Untersuchung ablegen, durch welche\n weitere Kosten entstehen. <\/p>\n\n\n\n<h4 class=\"wp-block-heading\">(Frankenthal) &#8211; Fahren ohne Fahrerlaubnis mit LKW<\/h4>\n\n\n\n<p>Durch den Werkschutz eines Chemieunternehmens wird am 02.10.2019 gegen  08:32 Uhr hiesiger Dienststelle mitgeteilt, dass ein LKW-Fahrer, dessen  Fahrerlaubnis abgelaufen sei, am dortigen Werkstor Im Spitzenbusch in  Frankenthal um Einfahrt ersucht h\u00e4tte. Durch die eingesetzte Streife  wird vor Ort festgestellt, dass die erforderliche F\u00fchrerscheinklasse f\u00fcr  den LKW bereits seit dem 16.08.2019 abgelaufen ist. Die Weiterfahrt  wird dem 29-j\u00e4hrigen Beschuldigten aus Nordhessen untersagt und ein  Strafverfahren wegen Fahren ohne Fahrerlaubnis eingeleitet. Ob auch ein  strafbares Verhalten des Fahrzeughalters, bzw. des Arbeitgebers des  Fahrers in Betracht kommt ist Gegenstand der Ermittlungen. <\/p>\n\n\n\n<h4 class=\"wp-block-heading\">(Kleinniedesheim) &#8211; Verkehrsunfall unter Alkoholeinfluss<\/h4>\n\n\n\n<p>Am 02.10.2019 gegen 19:45 Uhr meldet sich ein 38-j\u00e4hriger aus  Bobenheim-Roxheim telefonisch bei hiesiger Dienststelle und gibt an,  dass er soeben auf der Wormser Stra\u00dfe zwischen Kleinniedesheim und  Bobenheim-Roxheim mit seinem PKW (wei\u00dfer Toyota) verunfallt sei, da er  auf Grund eines entgegenkommenden &#8222;Geisterfahrers&#8220; in den Stra\u00dfengraben  habe ausweichen m\u00fcssen. Im Rahmen der Unfallaufnahme wird bei dem  Mitteiler deutlicher Alkoholgeruch festgestellt. Ein freiwilliger  Vortest ergibt 1,19 Promille. Sein F\u00fchrerschein wird beschlagnahmt und  ein Strafverfahren gegen den Beschuldigten eingeleitet. Ob tats\u00e4chlich  ein &#8222;Geisterfahrer&#8220; mit einem wei\u00dfen BMW, m\u00e4nnlichem Fahrer und  wom\u00f6glich Mannheimer Kennzeichen f\u00fcr den Unfall verantwortlich ist oder  nicht eher die deutliche Alkoholisierung des Unfallfahrers m\u00fcssen die  weiteren Ermittlungen zeigen. <\/p>\n\n\n\n<p>Wer sachdienliche Hinweise zu dem  genannten Fall geben kann, wird gebeten sich mit der Polizeiinspektion  Frankenthal unter der Rufnummer 06233\/313-0 oder der Polizeiwache  Maxdorf unter der Rufnummer 06237\/934-1100 in Verbindung zu setzen.  Hinweise k\u00f6nnen auch per E-Mail unter <a href=\"mailto:pifrankenthal@polizei.rlp.de\">pifrankenthal@polizei.rlp.de<\/a> an die Polizei \u00fcbermittelt werden. <\/p>\n\n\n\n<h4 class=\"wp-block-heading\">(Ludwigshafen) &#8211; Streit endet in Gewahrsamszelle<\/h4>\n\n\n\n<p>Am Mittwochabend, den 02.10.2019 gegen 23 Uhr, kam es in der Schlesier  Stra\u00dfe in Ludwigshafen zu einer k\u00f6rperlichen Auseinandersetzung   zwischen zwei 20 und 44 Jahre alten M\u00e4nnern. Da sich der 44-J\u00e4hrige  gegen\u00fcber den Polizisten durchweg aggressiv verhielt und stark  alkoholisiert war, wurde er dem polizeilichen Gewahrsam zugef\u00fchrt. Sein  20-j\u00e4hriger Kontrahent stand mit 1,18 Promille ebenso unter  Alkoholeinfluss, kam einem erteilten Platzverweis nicht nach und wurde  ebenfalls in Gewahrsam genommen. Weiterhin befand sich ein unbeteiligter  Dritter 19-J\u00e4hriger am Einsatzort, der von Beginn an grundlos die  polizeilichen Ma\u00dfnahmen st\u00f6rte. Unter anderem riss er einen Poller aus  der Verankerung und beleidigte mehrere eingesetzte Beamte. Nachdem auch  ihm ein Platzverweis erteilt worden war, welchem er nicht nachkam, wurde  er zwecks Ingewahrsamnahme ebenfalls auf die Dienststelle verbracht.  Dort leistete er bei der Verbringung in die Gewahrsamszelle Widerstand,  indem er sich gegen s\u00e4mtliche Ma\u00dfnahmen sperrte, die Polizisten durchweg  beleidigte und einen Polizeibeamten sogar trat. Schlie\u00dflich wurde dem  19-J\u00e4hrigen noch eine Blutprobe entnommen. <\/p>\n\n\n\n<p>Nun m\u00fcssen sich die  beiden 20- und 44-j\u00e4hrigen  M\u00e4nner wegen wechselseitiger  K\u00f6rperverletzung verantworten. Gegen den 19-J\u00e4rigen wurden  Strafverfahren wegen Widerstandes gegen Vollstreckungsbeamte und  Beleidigung eingeleitet. <\/p>\n\n\n\n<h4 class=\"wp-block-heading\">(Ludwigshafen) &#8211; Betrunkener zerst\u00f6rt Glasscheibe an Stra\u00dfenbahnhaltestelle<\/h4>\n\n\n\n<p>Am Mittwochabend, den 02.10.2019 gegen 19:15 Uhr, zerst\u00f6rte ein  41-j\u00e4hriger die Glasabtrennung zwischen den Gleisen einer  Stra\u00dfenbahnhaltestelle im s\u00fcdlichen Innenstadtbereich. Der Mann war  stark alkoholisiert, was sich durch den Wert des  Atemalkoholtest von  rund 3 Promille best\u00e4tigte. Da eine Feststellung seiner Personalien am  Einsatzort nicht m\u00f6glich war und der 41 J\u00e4hrige sich kaum auf den Beinen  halten konnte, wurde er auf die Dienststelle verbracht. Dort wurde er  nach einer Identifizierung aufgrund seiner Alkoholisierung dem  polizeilichen Gewahrsam zugef\u00fchrt. <\/p>\n\n\n\n<p>Er muss sich nun wegen Sachbesch\u00e4digung verantworten. <\/p>\n\n\n\n<h4 class=\"wp-block-heading\">(Ludwigshafen) &#8211; K\u00f6rperverletzung mit Messer<\/h4>\n\n\n\n<p>Am 02.10.2019, gegen 18.00 Uhr, geriet eine Gruppe junger M\u00e4nner auf  dem Danziger Platz in Streit. Dabei zog einer der Beteiligten, ein  23-j\u00e4hriger Mann aus Ludwigshafen, ein Messer hervor und f\u00fcgte einem  vermeintlichen Streitschlichter eine oberfl\u00e4chliche Hautverletzung am  Brustkorb zu. Auch bei der anschlie\u00dfenden k\u00f6rperlichen  Auseinandersetzung wurde keiner der Beteiligten ernsthaft verletzt. <\/p>\n\n\n\n<h4 class=\"wp-block-heading\">(Mannheim) &#8211; Technischer Defekt an Fahrgesch\u00e4ft auf Herbstmesse \/ Feuerwehr befreit sieben Personen<\/h4>\n\n\n\n<p>Auf der Mannheimer Herbstmesse kam es am Mittwochabend, gegen 20:30  Uhr, zu einem technischen Defekt an einem Fahrgesch\u00e4ft, in dessen Folge  sieben Fahrg\u00e4ste in zwei Gondeln, in ca. 5m und 10m H\u00f6he, festsa\u00dfen. Aus  bislang ungekl\u00e4rter Ursache l\u00f6sten sich Teile der Beleuchtung, die  herab fielen und vermutlich zu einem Kurzschluss f\u00fchrten. Hierdurch kam  das Fahrgesch\u00e4ft abrupt zum Stehen. Die Mannheimer Berufsfeuerwehr  befreite die Personen gegen 21:45 Uhr unter Einbindung der H\u00f6henrettung.  Drei der Fahrg\u00e4ste im Alter von 12 bis 42 Jahren wurden durch die  herabfallenden Beleuchtungselemente leicht verletzt. Sie wurden vor Ort  medizinisch versorgt. Der Betrieb des Fahrgesch\u00e4fts wurde durch die  Stadt Mannheim vorerst untersagt. Die Ermittlungen zur Erforschung der  Ursache dauern an. <\/p>\n\n\n\n<h4 class=\"wp-block-heading\">(Mannheim-K\u00e4fertal) &#8211; PKW ausgebrannt<\/h4>\n\n\n\n<p>Aus bislang unbekannter Ursache fing am fr\u00fchen Donnerstagmorgen ein  Renault Feuer und brannte vollst\u00e4ndig aus. Der Fahrzeugf\u00fchrer befuhr  kurz nach 02.00 Uhr die Anna-Sammet-Stra\u00dfe als er bemerkte, dass sein  PKW zu brennen begann. Er konnte das Fahrzeug rechtzeitig verlassen und  wurde nicht verletzt. Die H\u00f6he des Sachschadens ist nicht bekannt. <\/p>\n\n\n\n<h4 class=\"wp-block-heading\">(Heidelberg) &#8211; Drei betrunkene E-Roller-Fahrer<\/h4>\n\n\n\n<p>Am Donnerstagmorgen wurden in Heidelberg insgesamt drei E-Roller-Fahrer  mit Alkohol im Blut festgestellt. Der erste betrunkene Fahrer fiel  einer Streife aufgrund seiner unsicheren Fahrweise gegen 01.45 Uhr in  der Hauptstra\u00dfe auf. Der 27-j\u00e4hrige Mann hatte fast 1,,2 Promille  Alkohol intus. Eine Stunde sp\u00e4ter kontrollierte eine Streife des  Polizeireviers Heidelberg-S\u00fcd eine 24-j\u00e4hrige Rollerfahrerin in der  Henkel-Teroson-Stra\u00dfe, die verbotenerweise einen Beifahrer mitnahm. Bei  ihr wurde \u00fcber 1 Promille Atemalkohol festgestellt. Kurz vor 04.30 Uhr  wurde in der Feuerbachstra\u00dfe ebenfalls ein Duo auf einem E-Roller  fahrend festgestellt, weshalb auch hier die Kontrolle folgte. Der  17-j\u00e4hrige Fahrer war mit 1,3 Promille unterwegs. Allen drei Fahrer   wurde eine Blutprobe entnommen. Es folgt jeweils die Anzeige wegen  Trunkenheit im Stra\u00dfenverkehr. <\/p>\n\n\n\n<h4 class=\"wp-block-heading\">(Heidelberg) &#8211; Fahrradfahrer bei Unfall schwer verletzt<\/h4>\n\n\n\n<p>Der 33-j\u00e4hrige \u00fcberquerte am Mittwochabend gegen 19.30 Uhr auf dem  Fahrradweg die Rudolf-Diesel-Stra\u00dfe von der Hebelstra\u00dfe kommend. Hierbei  wurde er von einem aus dem Kirchheimer Weg nach links abbiegenden  Audi-Fahrer \u00fcbersehen und frontal erfasst. Der 33-j\u00e4hrige musste  anschlie\u00dfend mit schweren Verletzungen in ein Heidelberger Krankenhaus  eingeliefert werden. Der 48-j\u00e4hrige Verursacher blieb unverletzt. Es  entstand Sachschaden in H\u00f6he von ca. 5500,- Euro. <\/p>\n\n\n\n<h4 class=\"wp-block-heading\">(Sch\u00f6nau \/ Rhein-Neckar-Kreis) &#8211; Stra\u00dfenverkehrsgef\u00e4hrdung bei Verfolgungsfahrt<\/h4>\n\n\n\n<p>Am Mittwochabend sollte gegen 19.00 Uhr in Sch\u00f6nau ein Pkw durch eine  Polizeistreife des Polizeireviers Neckargem\u00fcnd einer Verkehrskontrolle  unterzogen werden. Der gelbe Opel Tigra fuhr in Richtung Neckarsteinach.  Aufgrund des hohen Verkehrsaufkommens war ein Aufschlie\u00dfen auf den Opel  zun\u00e4chst nicht m\u00f6glich. Als der Fahrer offensichtlich bemerkte, dass  ihn ein Streifenwagen der Polizei verfolgte, versuchte er, sich durch  eine halsbrecherische Fahrweise mit deutlich \u00fcberh\u00f6hter Geschwindigkeit  einer Polizeikontrolle zu entziehen. Trotz eingeschaltetem Blaulicht und  Martinhorn konnte der Pkw nicht verfolgt und gestoppt werden. Nach  einer wilden Fahrt durch Neckarsteinach fuhr der unbekannte Fahrer  wieder in Richtung Sch\u00f6nau zur\u00fcck. Nach einem \u00dcberholvorgang des Fahrers  trotz Gegenverkehr wurde der Pkw aus den Augen verloren. Die weitere  Fahndung nach dem Opel verlief negativ. Die Identit\u00e4t des Fahrers und  die begangenen Straftatbest\u00e4nde sind nun Gegenstand der weiteren  Ermittlungen durch das Polizeirevier Neckargem\u00fcnd. <\/p>\n\n\n\n<p>Augenzeugen,  welche den gelben Opel Tigra mit Heidelberger Kennzeichen fahren gesehen  haben oder sogar eventuell selbst durch das Fahrzeug gef\u00e4hrdet wurden,  sollen sich bitte bei der Polizei (06223\/92540) melden. <\/p>\n\n\n\n<h4 class=\"wp-block-heading\">(Weinheim \/ Rhein-Neckar-Kreis) &#8211; Wohnmobil zu hoch f\u00fcr Unterf\u00fchrung<br>Kind leicht verletzt<\/h4>\n\n\n\n<p>Am Donnerstagmorgen 08.00 Uhr wollte die 34-j\u00e4hrige Fahrerin eines  Wohnmobils die Eisenbahnunterf\u00fchrung im Suezkanalweg durchfahren und  \u00fcbersah hierbei, dass ihr Fahrzeug mit einer H\u00f6he von 3,20 m nicht durch  den 2,50 m hohen Tunnel passte. Durch die Kollision wurde der  vierj\u00e4hrige Sohn der Fahrerin, der sich mit dem Vater im Innenraum  aufhielt, leicht verletzt. Er wurde vorsorglich in ein Krankennhaus  gebracht. Das Wohnmobil konnte ohne fremde Hilfe r\u00fcckw\u00e4rts aus der  Unterf\u00fchrung herausgefahren werden. Eine Weiterfahrt war allerdings  aufgrund der Besch\u00e4digungen nicht mehr m\u00f6glich. Die H\u00f6he des  Sachschadens betr\u00e4gt ca. 10.000,- Euro. An der Unterf\u00fchrung entstand  keine Besch\u00e4digung. <\/p>\n","protected":false},"excerpt":{"rendered":"<div class=\"mh-excerpt\"><p>Polizeimeldungen vom Donnerstag (03.10.2019) (Speyer) &#8211; Raub\u00fcberfall mit Schusswaffe Am Mittwoch, den 02.10.2018, um 22:24 Uhr trat ein schwarz gekleideter, vermummter T\u00e4ter mit einer Schusswaffe vor den Mitarbeiterinnen des EDEKA (E-Center) in Speyer, Am R\u00fcbsamenw\u00fchl <a class=\"mh-excerpt-more\" href=\"https:\/\/speyer24news.com\/?p=20175\" title=\"Polizei:\">[&#8230;]<\/a><\/p>\n<\/div>","protected":false},"author":3,"featured_media":0,"comment_status":"open","ping_status":"open","sticky":false,"template":"","format":"standard","meta":{"_monsterinsights_skip_tracking":false,"_monsterinsights_sitenote_active":false,"_monsterinsights_sitenote_note":"","_monsterinsights_sitenote_category":0,"footnotes":""},"categories":[12],"tags":[61,2555,63,105,53,102,213,55,103,106,2803,2423,427,62,104,979,1565],"aioseo_notices":[],"amp_enabled":true,"_links":{"self":[{"href":"https:\/\/speyer24news.com\/index.php?rest_route=\/wp\/v2\/posts\/20175"}],"collection":[{"href":"https:\/\/speyer24news.com\/index.php?rest_route=\/wp\/v2\/posts"}],"about":[{"href":"https:\/\/speyer24news.com\/index.php?rest_route=\/wp\/v2\/types\/post"}],"author":[{"embeddable":true,"href":"https:\/\/speyer24news.com\/index.php?rest_route=\/wp\/v2\/users\/3"}],"replies":[{"embeddable":true,"href":"https:\/\/speyer24news.com\/index.php?rest_route=%2Fwp%2Fv2%2Fcomments&post=20175"}],"version-history":[{"count":1,"href":"https:\/\/speyer24news.com\/index.php?rest_route=\/wp\/v2\/posts\/20175\/revisions"}],"predecessor-version":[{"id":20176,"href":"https:\/\/speyer24news.com\/index.php?rest_route=\/wp\/v2\/posts\/20175\/revisions\/20176"}],"wp:attachment":[{"href":"https:\/\/speyer24news.com\/index.php?rest_route=%2Fwp%2Fv2%2Fmedia&parent=20175"}],"wp:term":[{"taxonomy":"category","embeddable":true,"href":"https:\/\/speyer24news.com\/index.php?rest_route=%2Fwp%2Fv2%2Fcategories&post=20175"},{"taxonomy":"post_tag","embeddable":true,"href":"https:\/\/speyer24news.com\/index.php?rest_route=%2Fwp%2Fv2%2Ftags&post=20175"}],"curies":[{"name":"wp","href":"https:\/\/api.w.org\/{rel}","templated":true}]}}