{"id":20178,"date":"2019-10-04T11:06:27","date_gmt":"2019-10-04T10:06:27","guid":{"rendered":"https:\/\/speyer24news.com\/?p=20178"},"modified":"2019-10-04T11:06:29","modified_gmt":"2019-10-04T10:06:29","slug":"stadtnotizen-verkehrsnotizen-speyer","status":"publish","type":"post","link":"https:\/\/speyer24news.com\/?p=20178","title":{"rendered":"Stadtnotizen &#038; Verkehrsnotizen Speyer:"},"content":{"rendered":"<style type=\"text\/css\">\r\n\t.ads_top_disp{}\r\n\t.ads_top_corner_disp{ float:left; margin:0px 10px 10px 0px; }\r\n\t.ads_first_p_disp{}\r\n\t.ads_bottom_disp{}\r\n\t<\/style>\n<h1 class=\"wp-block-heading\" style=\"text-align:center\">Stadtnotizen:<\/h1>\n\n\n\n<h2 class=\"wp-block-heading\"><strong>Sonderbriefmarke Weihnachten mit Motiv aus Chartres wird im Historischen Rathaus der Stadt Speyer pr\u00e4sentiert<\/strong><\/h2>\n\n\n\n<div class=\"wp-block-image\"><figure class=\"aligncenter\"><img decoding=\"async\" loading=\"lazy\" width=\"1024\" height=\"481\" src=\"https:\/\/speyer24news.com\/wp-content\/uploads\/2019\/10\/1910_Weihnachten_Kirchenfenster-gro\u00df-1024x481.jpg\" alt=\"\" class=\"wp-image-20182\" srcset=\"https:\/\/speyer24news.com\/wp-content\/uploads\/2019\/10\/1910_Weihnachten_Kirchenfenster-gro\u00df-1024x481.jpg 1024w, https:\/\/speyer24news.com\/wp-content\/uploads\/2019\/10\/1910_Weihnachten_Kirchenfenster-gro\u00df-300x141.jpg 300w, https:\/\/speyer24news.com\/wp-content\/uploads\/2019\/10\/1910_Weihnachten_Kirchenfenster-gro\u00df-768x361.jpg 768w, https:\/\/speyer24news.com\/wp-content\/uploads\/2019\/10\/1910_Weihnachten_Kirchenfenster-gro\u00df.jpg 1200w\" sizes=\"(max-width: 1024px) 100vw, 1024px\" \/><\/figure><\/div>\n\n\n\n<p>Passend zum 60-j\u00e4hrigen Partnerschaftsjubil\u00e4um der  beiden St\u00e4dte Chartres und Speyer erscheint am 10. Oktober 2019 die  Sonderbriefmarke \u201eWeihnachten\u201c der Deutschen Post AG mit einem\u00a0 Motiv  aus einem Kirchenfenster der Kathedrale von Chartres.  Zur Vorstellung dieses Sonderpostwertzeichens l\u00e4dt Oberb\u00fcrgermeisterin  Stefanie Seiler am Donnerstag, 10. Oktober 2019, 11 Uhr in den  Historischen Ratssaal ein. Aus Chartres wird Beigeordneter Patrick  Geroudet erwartet. Die Deutsche Post und der Briefmarkensammler-Verein  Speyer werden dazu im Rathaus einen Ersttagsbrief und die  entsprechenden philatelistischen Stempel anbieten.<\/p>\n\n\n\n<div class=\"wp-block-image\"><figure class=\"aligncenter\"><img decoding=\"async\" loading=\"lazy\" width=\"800\" height=\"600\" src=\"https:\/\/speyer24news.com\/wp-content\/uploads\/2019\/10\/efim1790003_Z_1_150412594_Ersttagsbrief_mit_dem_Plus_Weihnachten_Kirchenfenster_800x600.jpg\" alt=\"\" class=\"wp-image-20183\" srcset=\"https:\/\/speyer24news.com\/wp-content\/uploads\/2019\/10\/efim1790003_Z_1_150412594_Ersttagsbrief_mit_dem_Plus_Weihnachten_Kirchenfenster_800x600.jpg 800w, https:\/\/speyer24news.com\/wp-content\/uploads\/2019\/10\/efim1790003_Z_1_150412594_Ersttagsbrief_mit_dem_Plus_Weihnachten_Kirchenfenster_800x600-300x225.jpg 300w, https:\/\/speyer24news.com\/wp-content\/uploads\/2019\/10\/efim1790003_Z_1_150412594_Ersttagsbrief_mit_dem_Plus_Weihnachten_Kirchenfenster_800x600-768x576.jpg 768w, https:\/\/speyer24news.com\/wp-content\/uploads\/2019\/10\/efim1790003_Z_1_150412594_Ersttagsbrief_mit_dem_Plus_Weihnachten_Kirchenfenster_800x600-678x509.jpg 678w, https:\/\/speyer24news.com\/wp-content\/uploads\/2019\/10\/efim1790003_Z_1_150412594_Ersttagsbrief_mit_dem_Plus_Weihnachten_Kirchenfenster_800x600-326x245.jpg 326w, https:\/\/speyer24news.com\/wp-content\/uploads\/2019\/10\/efim1790003_Z_1_150412594_Ersttagsbrief_mit_dem_Plus_Weihnachten_Kirchenfenster_800x600-80x60.jpg 80w\" sizes=\"(max-width: 800px) 100vw, 800px\" \/><\/figure><\/div>\n\n\n\n<p>Seit 60 Jahren bestehen enge freundschaftliche  Beziehungen zwischen den beiden St\u00e4dten Chartres und Speyer. Millionen  Besucher reisen j\u00e4hrlich in die franz\u00f6sische Partnerstadt s\u00fcdlich von  Paris: Ihr Ziel ist in erster Linie die Gotische  Kathedrale von Chartres. Sie ist eine der bekanntesten Kirchen der Welt  und besonders ber\u00fchmt f\u00fcr ihre fantastischen, au\u00dfergew\u00f6hnlich gut  erhaltenen Fenster aus dem 13. Jahrhundert. Wer in der Dunkelheit der  Kathedrale steht, ist beeindruckt von der Leuchtkraft  der gro\u00dfen Bleiglasfenster, die bei wechselnden Lichtverh\u00e4ltnissen  verschiedene Wirkungen erzielen und fast lebendig wirken. So auch das  Motiv f\u00fcr die Briefmarke aus dem gro\u00dfen Menschwerdungsfenster der  Westfassade, das f\u00fcr die Neuausgabe der Serie \u201eWeihnachten\u201c  als Vorlage diente . Das Fenster zeigt rechts unten in einer Szene die  heilige Familie. Das Jesuskind liegt gewickelt in der Grippe, Maria und  Joseph daneben. Ein Motiv, das seit 2000 Jahren fester Teil der  christlichen Kultur ist.<\/p>\n\n\n\n<h4 class=\"wp-block-heading\"><em>Organisatorischer Hinweis: Am 10. Oktober, von 10 bis 17 Uhr, werden  Vertreter der Deutschen Post und des Briefmarkensammler-Vereins Speyer  im Foyer des Historischen Rathauses die Weihnachtsmarke, Ersttagsbriefe  und weitere philatelistische Sonderstempel  zum Verkauf an bieten.<\/em><\/h4>\n\n\n\n<p><em>Stadt Speyer<br>04.10.2019<\/em><\/p>\n\n\n\n<h2 class=\"wp-block-heading\"><strong>Neues Angebot der Fr\u00fchen Hilfen Speyer f\u00fcr Familien in Speyer-Nord: Caf\u00e9 AnNa-Nord<\/strong><\/h2>\n\n\n\n<div class=\"wp-block-image\"><figure class=\"aligncenter\"><img decoding=\"async\" loading=\"lazy\" width=\"600\" height=\"642\" src=\"https:\/\/speyer24news.com\/wp-content\/uploads\/2019\/10\/Cafe-Anna.jpg\" alt=\"\" class=\"wp-image-20181\" srcset=\"https:\/\/speyer24news.com\/wp-content\/uploads\/2019\/10\/Cafe-Anna.jpg 600w, https:\/\/speyer24news.com\/wp-content\/uploads\/2019\/10\/Cafe-Anna-280x300.jpg 280w\" sizes=\"(max-width: 600px) 100vw, 600px\" \/><\/figure><\/div>\n\n\n\n<p><strong><em>Ab dem 16. Oktober 2019<\/em><\/strong>, immer mittwochs von 14 bis  16 Uhr, laden die Fr\u00fchen Hilfen Speyer zum Caf\u00e9 AnNa-Nord ins  Mehrgenerationenhaus (MGH), Wei\u00dfdornweg 3 in Speyer-Nord herzlich ein.<\/p>\n\n\n\n<p>Im Caf\u00e9 AnNa sind Schwangere, werdende Papas, junge\n Eltern und ihre Kleinkinder bis 3 Jahre herzlich willkommen zu \nAustausch, Information \u00fcber Angebote und Hilfen, Beratung zu allen \nFragen rund ums Familienleben und zum Spielen. Eine Fachkraft\n der Fr\u00fchen Hilfen leitet die offenen und kostenlosen Treffen, f\u00fcr die \nkeine Anmeldung notwendig ist.<\/p>\n\n\n\n<p>Dies ist ein neues Angebot der Fr\u00fchen Hilfen \nspeziell f\u00fcr Familien in Speyer-Nord, welches das bew\u00e4hrte Angebot Caf\u00e9 \nAnNa im Vogelgesang erg\u00e4nzt.<\/p>\n\n\n\n<p>Informationen k\u00f6nnen erfragt werden unter Fr\u00fche Hilfen Speyer, Tel. 06232\/142924 oder -2925 oder <a href=\"fruehehilfen@stadt-speyer.de\">fruehehilfen@stadt-speyer.de<\/a>.<\/p>\n\n\n\n<p><em>Stadt Speyer<br>04.10.2019<\/em><\/p>\n\n\n\n<h2 class=\"wp-block-heading\">Nicht mehr gebrauchte Handys spenden und Gutes tun &#8211; Stadt Speyer unterst\u00fctzt die Handy-Spendenaktion von missio M\u00fcnchen<\/h2>\n\n\n\n<div class=\"wp-block-image\"><figure class=\"aligncenter\"><img decoding=\"async\" loading=\"lazy\" width=\"800\" height=\"597\" src=\"https:\/\/speyer24news.com\/wp-content\/uploads\/2019\/10\/IMG_5724.jpg\" alt=\"\" class=\"wp-image-20180\" srcset=\"https:\/\/speyer24news.com\/wp-content\/uploads\/2019\/10\/IMG_5724.jpg 800w, https:\/\/speyer24news.com\/wp-content\/uploads\/2019\/10\/IMG_5724-300x224.jpg 300w, https:\/\/speyer24news.com\/wp-content\/uploads\/2019\/10\/IMG_5724-768x573.jpg 768w, https:\/\/speyer24news.com\/wp-content\/uploads\/2019\/10\/IMG_5724-80x60.jpg 80w\" sizes=\"(max-width: 800px) 100vw, 800px\" \/><figcaption><em>v.l.: Oberb\u00fcrgermeisterin Stefanie Seiler, Nachhaltigkeitsmanagerin Sandra Gehrlein, Birgit Walther <\/em><\/figcaption><\/figure><\/div>\n\n\n\n<p>Die Stadt Speyer beteiligt sich an der von missio M\u00fcnchen initiierten Handyspendenaktion. Ab 01.10.2019 bis einschlie\u00dflich der Abfallvermeidungswoche Ende November werden in den B\u00fcrgerb\u00fcros und der Umweltabteilung Sammelboxen f\u00fcr ausgediente Handys aufgestellt.<\/p>\n\n\n\n<p>\u201eJetzt ist der richtige Zeitpunkt, ihr altes, nicht mehr genutztes Handy zu spenden und damit etwas Gutes zu tun\u201c, l\u00e4dt Oberb\u00fcrgermeisterin Stefanie Seiler die B\u00fcrger<em>innen ein. Vollj\u00e4hrige Teilnehmer<\/em>innen k\u00f6nnen zudem am begleitenden Gewinnspiel von missio M\u00fcnchen teilnehmen und einen von zehn Preisen gewinnen.<\/p>\n\n\n\n<p>\u00dcber 124 Millionen ausgediente Mobiltelefone liegen ungenutzt in deutschen Schubladen. Dabei sind darin wertvolle Erze und Metalle verbaut. So sch\u00fctzt \u201eColtan\u201c die Handys vor \u00dcberhitzung, \u201eKobalt\u201c ist unersetzlich f\u00fcr die Akku-Herstellung und \u201eGold\u201c hat hervorragende Eigenschaften als Leiter.<\/p>\n\n\n\n<p>Die Menschen, die diese Stoffe aus dem Boden holen, sind oft schlimmster Gewalt ausgesetzt, so wie im Osten der Demokratischen Republik Kongo, einem der Hauptlieferanten f\u00fcr Handy-Rohstoffe. Dort finanzieren bewaffnete Milizen ihren Krieg durch den illegalen Verkauf von Erzen wie Coltan. <\/p>\n\n\n\n<p>missio M\u00fcnchen nimmt in Kooperation mit dem Unternehmen Mobile-Box alten Handys als Spende entgegen Das Unternehmen f\u00fchrt die Handysammlung durch, bereitet geeignete Ger\u00e4te f\u00fcr den Wiederverkauf auf und sorgt f\u00fcr das Recycling der Rohstoffe. Dabei werden auch alle verbliebenen Daten des Vorbesitzers umfassend gel\u00f6scht. So werden wertvolle Rohstoffe wie z. B. Gold gewonnen. Durch \u201eSecond-Life-Handys\u201c und Rohstoff-Recycling wird die Umwelt vor weiterer Ausbeutung gesch\u00fctzt, nicht recycelbare Stoffe werden fachgerecht entsorgt und k\u00f6nnen somit nicht mehr die Umwelt belasten. F\u00fcr jedes Alt-Handy erh\u00e4lt missio M\u00fcnchen einen Anteil des Erl\u00f6ses, der in die Arbeit der missio-Projektpartner flie\u00dft, beispielsweise in ein Trauma-Zentrum f\u00fcr B\u00fcrgerkriegsfl\u00fcchtlinge in der DR Kongo.<\/p>\n\n\n\n<p>Dieses Konzept \u00fcberzeugte die st\u00e4dtische Nachhaltigkeitsmanagerin Sandra Gehrlein, die die Beteiligung der Stadt Speyer an der Handysammelaktion initiierte. Sie r\u00e4t au\u00dferdem: \u201eWer sich ein neues Handy zulegt, sollte sich nach fairen oder gebrauchten, wiederaufbereiteten Handys umsehen. Hier gibt es auch neuwertige Modelle im Angebot.\u201c<\/p>\n\n\n\n<h3 class=\"wp-block-heading\">Nicht mehr gebrauchte, auch defekte Handys k\u00f6nnen bis Ende November abgegeben werden bei:<\/h3>\n\n\n\n<h4 class=\"wp-block-heading\">den B\u00fcrgerb\u00fcros der Stadt Speyer<\/h4>\n\n\n\n<p>Industriestra\u00dfe 23 und Maximilianstra\u00dfe 94<\/p>\n\n\n\n<p>\u00d6ffnungszeiten:<\/p>\n\n\n\n<p>Montag &#8211; Dienstag: 07:30 &#8211; 16:00 Uhr<\/p>\n\n\n\n<p>Mittwoch: 07:30 &#8211; 13:00 Uhr<\/p>\n\n\n\n<p>Donnerstag: 07:30 &#8211; 18:00 Uhr<\/p>\n\n\n\n<p>Freitag: 07:30 &#8211; 13:00 Uhr<\/p>\n\n\n\n<h4 class=\"wp-block-heading\">der Abteilung Umwelt und Forsten<\/h4>\n\n\n\n<p>Maximilianstra\u00dfe 12<\/p>\n\n\n\n<p>\u00d6ffnungszeiten:<\/p>\n\n\n\n<p>Montag &#8211; Freitag: 08:00 &#8211; 12:00 Uhr;<\/p>\n\n\n\n<p>Montag \u2013 Donnerstag: 14:00 &#8211; 16:00 Uhr<\/p>\n\n\n\n<p>oder nach Terminvereinbarung<\/p>\n\n\n\n<h4 class=\"wp-block-heading\">Bei weiteren Fragen:<\/h4>\n\n\n\n<p>Stadt Speyer, Nachhaltigkeitsmanagement<\/p>\n\n\n\n<p>Maximilianstr. 12, 67346 Speyer<\/p>\n\n\n\n<p>Telefon 06232 \/ 14-24 90 (Mo-Fr 8-13 Uhr, Do 14-16:30 Uhr)<\/p>\n\n\n\n<p>Email: <a href=\"sandra.gehrlein@stadt-speyer.de\">sandra.gehrlein@stadt-speyer.de<\/a><\/p>\n\n\n\n<p><a href=\"http:\/\/www.speyer.de\/nachhaltigkeit\">www.speyer.de\/nachhaltigkeit<\/a><\/p>\n\n\n\n<p>N\u00e4here Informationen im Internet unter <a href=\"http:\/\/www.missio-handyaktion.de\">www.missio-handyaktion.de<\/a><\/p>\n\n\n\n<p><em>Stadt Speyer<br>04.10.2019<\/em><\/p>\n\n\n\n<h1 class=\"wp-block-heading\" style=\"text-align:center\">Verkehrsnotizen:<\/h1>\n\n\n\n<h2 class=\"wp-block-heading\"><strong>Wildentenweg gesperrt<\/strong><\/h2>\n\n\n\n<div class=\"wp-block-image\"><figure class=\"aligncenter\"><img decoding=\"async\" src=\"https:\/\/speyer24news.com\/wp-content\/uploads\/2019\/10\/Vollsperrung.jpg\" alt=\"\" class=\"wp-image-20184\"\/><\/figure><\/div>\n\n\n\n<p>Zum Abbau eines Krans muss der Wildentenweg auf H\u00f6he der Hausnummer 10\n<strong>am 7. Oktober<\/strong> zwischen 7 Uhr und voraussichtlich 12 Uhr f\u00fcr den \nDurchgangsverkehr gesperrt werden. F\u00fcr die Dauer der Ma\u00dfnahme wird der \nWildentenweg beidseitig als Sackgasse ausgewiesen und die \nEinbahnstra\u00dfenregelung aufgehoben.<\/p>\n\n\n\n<h2 class=\"wp-block-heading\"><strong>Festplatz wegen Stellfl\u00e4chenaufzeichnung f\u00fcr die Schaustellerbetriebe der Herbstmesse gesperrt<\/strong><\/h2>\n\n\n\n<p>Am  <strong>Mittwoch, 9. Oktober 2019<\/strong> kann der Festplatz nicht als Parkplatz  genutzt werden. Die Sperrung wird wegen der Stellfl\u00e4chenaufzeichnung f\u00fcr  die Schaustellerbetriebe der Herbstmesse  erforderlich. Sie wird nach Beendigung der Markierungsarbeiten  aufgehoben. Witterungsbedingt k\u00f6nnte die Ma\u00dfnahme auch auf Donnerstag  10. Oktober verschoben werden. Parkplatzsuchende werden gebeten auf den  Parkplatz &#8211; Naturfreundehaus auszuweichen. Als Parkplatz  f\u00fcr die Monats- und Jahresparkscheininhaber steht der  Naturfreundeparkplatz zur Verf\u00fcgung.<\/p>\n\n\n\n<p>F\u00fcr R\u00fcckfragen steht die Stra\u00dfenverkehrsbeh\u00f6rde unter den Rufnummern 14-2739, 14-2682 oder 14-2492 zur Verf\u00fcgung.<\/p>\n\n\n\n<h2 class=\"wp-block-heading\"><strong>Busumleitungen anl\u00e4sslich der Speyerer Weinprobe und des verkaufsoffenen Sonntages<\/strong><\/h2>\n\n\n\n<div class=\"wp-block-image\"><figure class=\"aligncenter\"><img decoding=\"async\" loading=\"lazy\" width=\"800\" height=\"665\" src=\"https:\/\/speyer24news.com\/wp-content\/uploads\/2019\/10\/DSC01951.jpg\" alt=\"\" class=\"wp-image-20179\" srcset=\"https:\/\/speyer24news.com\/wp-content\/uploads\/2019\/10\/DSC01951.jpg 800w, https:\/\/speyer24news.com\/wp-content\/uploads\/2019\/10\/DSC01951-300x249.jpg 300w, https:\/\/speyer24news.com\/wp-content\/uploads\/2019\/10\/DSC01951-768x638.jpg 768w\" sizes=\"(max-width: 800px) 100vw, 800px\" \/><\/figure><\/div>\n\n\n\n<p>F\u00fcr die am kommenden Wochenende (<strong>Samstag, 05.10.  und Sonntag 06.10.2019<\/strong>) in der Maximilianstra\u00dfe stattfindende Weinprobe der Leistungsgemeinschaft \u201eDas Herz Speyers\u201c und dem damit verbundenen  verkaufsoffenen Sonntag werden die Buslinien 564, 565 und 568 umgeleitet und Ersatzhaltestellen ausgewiesen. <\/p>\n\n\n\n<p>Je nach Fu\u00dfg\u00e4ngeraufkommen kann es zu einer Teilsperrung des Domplatzes f\u00fcr den motorisierten Individualverkehr kommen. <\/p>\n\n\n\n<p><em>Text: Stadt Speyer Foto: Speyer 24\/7 News<br>04.10.2019<\/em><\/p>\n","protected":false},"excerpt":{"rendered":"<div class=\"mh-excerpt\"><p>Stadtnotizen: Sonderbriefmarke Weihnachten mit Motiv aus Chartres wird im Historischen Rathaus der Stadt Speyer pr\u00e4sentiert Passend zum 60-j\u00e4hrigen Partnerschaftsjubil\u00e4um der beiden St\u00e4dte Chartres und Speyer erscheint am 10. Oktober 2019 die Sonderbriefmarke \u201eWeihnachten\u201c der Deutschen <a class=\"mh-excerpt-more\" href=\"https:\/\/speyer24news.com\/?p=20178\" title=\"Stadtnotizen &#038; Verkehrsnotizen Speyer:\">[&#8230;]<\/a><\/p>\n<\/div>","protected":false},"author":3,"featured_media":0,"comment_status":"open","ping_status":"open","sticky":false,"template":"","format":"standard","meta":{"_monsterinsights_skip_tracking":false,"_monsterinsights_sitenote_active":false,"_monsterinsights_sitenote_note":"","_monsterinsights_sitenote_category":0,"footnotes":""},"categories":[47],"tags":[3750,1984,1828,3751,3752,3748,6,802,1296,777,1114,3544,3753],"aioseo_notices":[],"amp_enabled":true,"_links":{"self":[{"href":"https:\/\/speyer24news.com\/index.php?rest_route=\/wp\/v2\/posts\/20178"}],"collection":[{"href":"https:\/\/speyer24news.com\/index.php?rest_route=\/wp\/v2\/posts"}],"about":[{"href":"https:\/\/speyer24news.com\/index.php?rest_route=\/wp\/v2\/types\/post"}],"author":[{"embeddable":true,"href":"https:\/\/speyer24news.com\/index.php?rest_route=\/wp\/v2\/users\/3"}],"replies":[{"embeddable":true,"href":"https:\/\/speyer24news.com\/index.php?rest_route=%2Fwp%2Fv2%2Fcomments&post=20178"}],"version-history":[{"count":1,"href":"https:\/\/speyer24news.com\/index.php?rest_route=\/wp\/v2\/posts\/20178\/revisions"}],"predecessor-version":[{"id":20185,"href":"https:\/\/speyer24news.com\/index.php?rest_route=\/wp\/v2\/posts\/20178\/revisions\/20185"}],"wp:attachment":[{"href":"https:\/\/speyer24news.com\/index.php?rest_route=%2Fwp%2Fv2%2Fmedia&parent=20178"}],"wp:term":[{"taxonomy":"category","embeddable":true,"href":"https:\/\/speyer24news.com\/index.php?rest_route=%2Fwp%2Fv2%2Fcategories&post=20178"},{"taxonomy":"post_tag","embeddable":true,"href":"https:\/\/speyer24news.com\/index.php?rest_route=%2Fwp%2Fv2%2Ftags&post=20178"}],"curies":[{"name":"wp","href":"https:\/\/api.w.org\/{rel}","templated":true}]}}