{"id":20192,"date":"2019-10-06T07:44:34","date_gmt":"2019-10-06T06:44:34","guid":{"rendered":"https:\/\/speyer24news.com\/?p=20192"},"modified":"2019-10-06T07:44:36","modified_gmt":"2019-10-06T06:44:36","slug":"polizei-87","status":"publish","type":"post","link":"https:\/\/speyer24news.com\/?p=20192","title":{"rendered":"Polizei:"},"content":{"rendered":"<style type=\"text\/css\">\r\n\t.ads_top_disp{}\r\n\t.ads_top_corner_disp{ float:left; margin:0px 10px 10px 0px; }\r\n\t.ads_first_p_disp{}\r\n\t.ads_bottom_disp{}\r\n\t<\/style>\n<h2 class=\"wp-block-heading\">Polizeimeldungen vom Samstag (05.10.2019)<\/h2>\n\n\n\n<div class=\"wp-block-image\"><figure class=\"aligncenter\"><img decoding=\"async\" src=\"https:\/\/speyer24news.com\/wp-content\/uploads\/2019\/09\/Aktuelles-Polizeilogo.jpg\" alt=\"\" class=\"wp-image-18496\"\/><\/figure><\/div>\n\n\n\n<h4 class=\"wp-block-heading\">(Speyer) &#8211; Auf frischer Tat erwischt<\/h4>\n\n\n\n<p>Ein 19-j\u00e4hriger Mann aus Speyer konnte am Freitagabend auf frischer Tat  bei einem Fahrraddiebstahl festgestellt werden. Der 19-J\u00e4hrige wurde  dabei beobachtet, wie er sich l\u00e4ngere Zeit an einem Fahrrad zu schaffen  machte. Durch die alarmierten Beamten konnte er noch vor Ort angetroffen  werden. Nach mehreren Ausfl\u00fcchten gab er zu, dass er vorgehabt habe,  ein vor Ort abgestelltes und abgeschlossenes Fahrrad zu entwenden. Er  hatte hierzu bereits an dem angebrachten Kabelschloss unmittelbar  angesetzt. Der Mann f\u00fchrte noch weiteres Werkzeug mit, welches zum  unsachgem\u00e4\u00dfen \u00d6ffnen von Schl\u00f6ssern verwendet werden kann. Dieses wurde  vor Ort durch die Beamten sichergestellt. Der Mann muss nun mit einem  Ermittlungsverfahren wegen versuchtem Fahrraddiebstahl rechnen. Das vor  Ort angegangene Kabelschloss konnte am Fahrrad belassen werden, da es  nur oberfl\u00e4chlich besch\u00e4digt aber noch voll funktionst\u00fcchtig war. <\/p>\n\n\n\n<h4 class=\"wp-block-heading\">(Speyer) &#8211; Im PKW eingeschlafen<\/h4>\n\n\n\n<p>Ein 25-j\u00e4hriger Mann aus Gernsbach war am fr\u00fchen Freitagabend Ausl\u00f6ser  eines polizeilichen Einsatzes in Speyer. Durch einen Zeugen wurde eine  nicht ansprechbare Person in einem PKW gemeldet. Die Beamten fanden den  Sachverhalt vor Ort best\u00e4tigt vor und waren ebenso nicht in der Lage,  Zugang zu dem Mann im Wagen zu erhalten. Da ein medizinischer Grund f\u00fcr  die Lage des Mannes nicht ausgeschlossen werden konnte, wurde die  Scheibe der Beifahrert\u00fcr kurzerhand eingeschlagen. Im Anschluss konnte  der Mann aufgeweckt werden. Vermutlich war der Konsum einer gr\u00f6\u00dferen  Menge Alkohol Grund f\u00fcr den tiefen Schlaf des Mannes. Nachdem die  angeforderte Not\u00e4rztin das Erfordernis einer medizinischen Behandlung  abgelehnt hatte, wurde er in die Obhut eines Freundes \u00fcbergeben. Zuvor  wurde der F\u00fchrerschein des Mannes sichergestellt und bis zur  Ausn\u00fcchterung einbehalten. Erkenntnisse zum Grad seiner Alkoholisierung  konnten nicht gewonnen werden, da der Mann einen entsprechenden Test  verweigerte. <\/p>\n\n\n\n<h4 class=\"wp-block-heading\">(Hanhofen) &#8211; Diebstahl aus unverschlossenem PKW<\/h4>\n\n\n\n<p>Einen Fahrzeugschein und eine Tankkarte ist die Ausbeute einer bislang  noch unbekannten Person im Rahmen eines Diebstahls in Hanhofen. Die  Gegenst\u00e4nde befanden sich zw. 03.10.2019, 21:30 Uhr bis 04.10.2019, 15:00 Uhr in einem PKW, der in Hanhofen abgestellt war.  Den Ermittlungen zufolge d\u00fcrfte der PKW nicht abgeschlossen gewesen  sein. Die Beamten konnten keine Spuren eines Aufbruchs an dem Fahrzeug  feststellen. Der 33-j\u00e4hrige Besitzer des PKW hatte die Polizei  informiert, nachdem er sein Fahrzeug durchw\u00fchlt vorfand und das Fehlen  der Gegenst\u00e4nde entdeckt hatte. Hinweise auf den oder die T\u00e4ter liegen  aktuell nicht vor. <\/p>\n\n\n\n<h4 class=\"wp-block-heading\">(Meckenheim) &#8211; Verkehrsunfall mit zwei Schwerverletzten Personen<\/h4>\n\n\n\n<p>Am 05.10.2019, um ca. 13:00 Uhr, befuhr ein 83-j\u00e4hriger Mann aus  Dannstadt-Schauernheim mit seiner 82-j\u00e4hrigen Beifahrerin die L 519 in  einem VW Golf von Meckenheim Richtung Neustadt-Mu\u00dfbach.  W\u00e4hrend er  einen Traktor mit zwei Anh\u00e4ngern \u00fcberholte, bog dieses Gespann nach  links in einen Feldweg ab. Es kam zum Zusammensto\u00df zwischen Pkw und  Traktor. Die Beifahrerin des Pkw wurde im Fahrzeug eingeklemmt und  musste von der Feuerwehr befreit werden. Beide Pkw-Insassen wurden  schwer verletzt, die Beifahrerin lebensgef\u00e4hrlich. Sie wurden mit dem  Rettungswagen in eine Klinik gebracht. Am Pkw entstand Totalschaden. Der  30-j\u00e4hrige Fahrer des Traktors blieb unverletzt. Der Traktor war  ebenfalls derart besch\u00e4digt, dass er nicht mehr fahrbereit war. W\u00e4hrend  des Rettungseinsatzes und der Verkehrsunfallaufnahme war die L 519  zwischen Meckenheim und Neustadt-Mu\u00dfbach bis ca. 16:00 Uhr voll  gesperrt. Der Rettungsdienst war mit 2 Rettungswagen, einem Notarzt und  dem Hubschrauber im Einsatz. Die Freiwilligen Feuerwehren aus Meckenheim  und Deidesheim waren mit 7 Fahrzeugen und 39 Einsatzkr\u00e4ften vor Ort. <\/p>\n\n\n\n<h4 class=\"wp-block-heading\">(Edenkoben) &#8211; L\u00f6schschaum tritt aus Anlage<\/h4>\n\n\n\n<div class=\"wp-block-image\"><figure class=\"aligncenter\"><img decoding=\"async\" loading=\"lazy\" width=\"600\" height=\"390\" src=\"https:\/\/speyer24news.com\/wp-content\/uploads\/2019\/10\/05.10.19-Edenkoben-L\u00f6schschaum.jpg\" alt=\"\" class=\"wp-image-20193\" srcset=\"https:\/\/speyer24news.com\/wp-content\/uploads\/2019\/10\/05.10.19-Edenkoben-L\u00f6schschaum.jpg 600w, https:\/\/speyer24news.com\/wp-content\/uploads\/2019\/10\/05.10.19-Edenkoben-L\u00f6schschaum-300x195.jpg 300w\" sizes=\"(max-width: 600px) 100vw, 600px\" \/><\/figure><\/div>\n\n\n\n<p>Am 05.10.2019 erfolgte ein Brandmeldealarm einer Firma aus Edenkoben,  die chemische Erzeugnisse herstellt. Vor Ort stellte sich f\u00fcr die  Einsatzkr\u00e4fte der Feuerwehr und der Polizei von Edenkoben  heraus, dass  es zwar nicht zu einem Brand-jedoch zu einem technischen Defekt einer  L\u00f6schanlange kam, so dass L\u00f6schschaum in sehr gro\u00dfer Menge austrat. <\/p>\n\n\n\n<div class=\"wp-block-image\"><figure class=\"aligncenter\"><img decoding=\"async\" loading=\"lazy\" width=\"500\" height=\"559\" src=\"https:\/\/speyer24news.com\/wp-content\/uploads\/2019\/10\/05.10.19-Edenkoben-L\u00f6schschaum2.jpg\" alt=\"\" class=\"wp-image-20194\" srcset=\"https:\/\/speyer24news.com\/wp-content\/uploads\/2019\/10\/05.10.19-Edenkoben-L\u00f6schschaum2.jpg 500w, https:\/\/speyer24news.com\/wp-content\/uploads\/2019\/10\/05.10.19-Edenkoben-L\u00f6schschaum2-268x300.jpg 268w\" sizes=\"(max-width: 500px) 100vw, 500px\" \/><\/figure><\/div>\n\n\n\n<p>Dieser L\u00f6schschaum \u00fcberdeckte schon bald nicht nur das eigene  Firmengel\u00e4nde, sondern auch das Nachbargrundst\u00fcck und verteilte sich  dar\u00fcber hinaus durch den Wind \u00fcber das Industriegebiet. Die Untere  Wasserbeh\u00f6rde der Kreisverwaltung S\u00fcdliche Weinstra\u00dfe befasste sich  ebenfalls mit der Angelegenheit. Dieser Schaum hat nichts mit einer  &#8222;Schaumparty&#8220; zu tun. Der L\u00f6schschaum sollte nicht in die Augen oder in  den Mund  gelangen und verursacht Hautreizungen. Die Feuerwehr, die mit  35 Personen vor Ort ist sowie Werksangeh\u00f6rige werden den Schaum  abpumpen. <\/p>\n\n\n\n<h4 class=\"wp-block-heading\">(Neustadt) &#8211; Wildunfall auf BAB65<\/h4>\n\n\n\n<p>Am 04.10.2019, gegen 22:20 Uhr, kreuzte eine Rotte Wildschweine die  BAB65, Fahrtrichtung Landau, zwischen den Anschlussstellen Neustadt Nord  und Neustadt S\u00fcd. Mehrere Verkehrsteilnehmer kollidierten mit den  Tieren. Die Tiere verendeten noch an der Unfallstelle. F\u00fcr die Reinigung  der Fahrbahn musste die Autobahn f\u00fcr eine Dauer von ca. 45 Minuten  vollgesperrt werden. Die H\u00f6he des entstandenen Sachschadens ist noch  unbekannt. <\/p>\n\n\n\n<p>Weitere Gesch\u00e4digte melden sich bitte bei der PI Edenkoben unter 06323 955-0 oder per Mail an <a href=\"mailto:piedenkoben@polizei.rlp.de\">piedenkoben@polizei.rlp.de<\/a>. <\/p>\n\n\n\n<h4 class=\"wp-block-heading\">(Bad D\u00fcrkheim) &#8211; Diebstahl von Geldb\u00f6rse<\/h4>\n\n\n\n<p>Am Freitag, den 04.10.2019 zwischen 10:15 Uhr und 10:45 Uhr kam es in  einem Supermarkt in der Bruchstra\u00dfe zum Diebstahl einer Geldb\u00f6rse. Die  70-j\u00e4hrige Gesch\u00e4digte aus Freinsheim hatte f\u00fcr den Zeitraum ihres  Einkaufs ihre Handtasche, zeitweise unbeaufsichtigt,  am Einkaufswagen  h\u00e4ngen. Unbekannte T\u00e4ter entwendeten die Geldb\u00f6rse aus der Handtasche.  Beim Sperren der EC-Karte stellte sich heraus, dass bereits ein h\u00f6herer  Geldbetrag (ca. 3000 Euro) vom Konto der Gesch\u00e4digten abgehoben wurde.  Hinweise auf tatverd\u00e4chtige Personen liegen bislang nicht vor. Zeugen  werden gebeten sich bei der Polizei Bad D\u00fcrkheim zu melden. (Tel.  06322\/963-0; <a href=\"mailto:pibadduerkheim@polizei.rlp.de\">pibadduerkheim@polizei.rlp.de<\/a>  ) <\/p>\n\n\n\n<p>Die\n Polizei Bad D\u00fcrkheim empfiehlt Wertgegenst\u00e4nde niemals unbeaufsichtigt \nzu lassen und Handtaschen verschlossen am K\u00f6rper zu tragen. <\/p>\n\n\n\n<h4 class=\"wp-block-heading\">(Freinsheim) &#8211; Einbruch in Vereinsheim<\/h4>\n\n\n\n<p>In der Nacht von Donnerstag, den 03.10.2019 auf Freitag, den 04.10.2019  verschafften sich unbekannte T\u00e4ter durch Aufbrechen eines  Vorh\u00e4ngeschlosses am Zugangstor und Aufhebeln der Haupteingangst\u00fcr  Zutritt zu einem Vereinsheim Am Rabendeckel in Freinsheim. Es wurden  Gegenst\u00e4nden im Wert von ca. 4000 Euro, u.a. ein Makita Schlagbohrer,  mehrere Werkzeugk\u00e4sten und eine Musikanlage, entwendet. Zeugen, die  verd\u00e4chtige Wahrnehmungen gemacht haben, werden gebeten, sich bei der  Polizei Bad D\u00fcrkheim zu melden. (Tel. 06322\/963-0; <a href=\"mailto:pibadduerkheim@polizei.rlp.de\">pibadduerkheim@polizei.rlp.de<\/a>  ) <\/p>\n\n\n\n<h4 class=\"wp-block-heading\">(Gr\u00fcnstadt) &#8211; Bewaffneter 50-j\u00e4hriger in Fu\u00dfg\u00e4ngerzone \/  Polizei gibt Warnschuss ab<\/h4>\n\n\n\n<h4 class=\"wp-block-heading\">Gemeinsame Presseerkl\u00e4rung Staatsanwaltschaft  Frankenthal und Polizei<\/h4>\n\n\n\n<p>Am 05.10.19 gegen 12.30 Uhr gingen bei der Polizeiinspektion Gr\u00fcnstadt  mehrere Notrufe bez\u00fcglich einer bewaffneten Person in der Fu\u00dfg\u00e4ngerzone  Gr\u00fcnstadt ein. Der Mann h\u00e4tte ein Samurai-Schwert und eine Pistole  dabei, mit der er mehrfach in die Luft geschossen habe. Die Streife der  PI Gr\u00fcnstadt befand sich zu diesem Zeitpunkt in unmittelbarer N\u00e4he zur  Fu\u00dfg\u00e4ngerzone und konnte einen weiteren Schuss in geringer Entfernung  vernehmen. Nach Ann\u00e4herung an die Person wurde diese lautstark  aufgefordert, die Waffen, eine Pistole sowie ein Samurai-Schwert, fallen  zu lassen. Nach Abgabe eines Warnschusses durch einen Polizeibeamten in  die Luft, legte der Mann die Waffen ab und konnte \u00fcberw\u00e4ltigt werden.  Der T\u00e4ter, ein 50-J\u00e4hriger Mann aus Gr\u00fcnstadt, war erheblich  alkoholisiert. Bereitschaftsstaatsanwaltschaft und Bereitschaftsrichter  wurden informiert. <\/p>\n\n\n\n<h4 class=\"wp-block-heading\">(Frankenthal) &#8211; Trunkenheitsfahrt<\/h4>\n\n\n\n<p>Am fr\u00fchen Samstagmorgen gegen 03:20 Uhr wird ein Pkw in der  Beindersheimer Stra\u00dfe in Frankenthal einer allgemeinen Verkehrskontrolle  unterzogen. Bei dem 44-j\u00e4hrigen Fahrer aus Bobenheim-Roxheim kann  Alkoholgeruch festgestellt werden. Ein Atemalkoholtest best\u00e4tigt den  Verdacht der Polizeibeamten. Dieser ergibt einen Wert von 0,67 Promille.  Dem 44-J\u00e4hrigen wird auf der Polizeidienststelle eine Blutprobe  entnommen. <\/p>\n\n\n\n<p>Der Einfluss von Alkohol oder anderen berauschenden \nMitteln stellt eine Hauptunfallursache dar. Wer berauscht f\u00e4hrt, \ngef\u00e4hrdet nicht nur sich, sondern auch Andere. Gegen den unter \nAlkoholeinfluss stehenden Fahrzeugf\u00fchrer wurde ein Ermittlungsverfahren \nwegen der Trunkenheitsfahrt eingeleitet. Der F\u00fchrerschein wurde \nsichergestellt, gegen ihn kann eine Geldbu\u00dfe und ein Fahrverbot verh\u00e4ngt\n werden. <\/p>\n\n\n\n<h4 class=\"wp-block-heading\">(Frankenthal) &#8211; Verkehrsunfall mit Flucht<\/h4>\n\n\n\n<p>Am Freitagmittag zwischen 11:00 Uhr und 12:00 Uhr kommt es im Parkhaus  des City Centers in Frankenthal zu einem Verkehrsunfall. Ein bislang  unbekannter Verursacher streift, vermutlich beim Vorbeifahren, den  geparkten blauen VW Passat mit M\u00fcnchener Kennzeichen und entfernt sich  anschlie\u00dfend unerlaubt von der Unfallstelle, ohne sich um den Schaden in  H\u00f6he von ca. EUR500,- zu k\u00fcmmern. <\/p>\n\n\n\n<p>Die Polizei weist darauf hin, \ndass Unerlaubtes Entfernen vom Unfallort kein Kavaliersdelikt ist! Der \nfl\u00fcchtige Fahrer muss mit einer Geld- oder Freiheitsstrafe bis zu 3 \nJahren und evtl. mit einem F\u00fchrerscheinentzug rechnen. Au\u00dferdem kann der\n Fl\u00fcchtige den Kaskoschutz seiner Kfz-Versicherung verlieren und von \nseiner Versicherung an der Begleichung des Fremdschadens beteiligt \nwerden. Die Polizei r\u00e4t deshalb jeden Unfall zu melden. <\/p>\n\n\n\n<p>Wir wollen, dass Sie sicher Leben &#8211; ihre Polizei Frankenthal. <\/p>\n\n\n\n<p>Zeugen  werden gebeten sich an die Polizeiinspektion Frankenthal unter der  Tel.-Nr.: 06233\/313-0 zu wenden. Gerne nehmen wir Ihre Hinweise auch per  E-Mail unter  <a href=\"mailto:pifrankenthal@polizei.rlp.de\">pifrankenthal@polizei.rlp.de<\/a> entgegen. <\/p>\n\n\n\n<h4 class=\"wp-block-heading\">(Ludwigshafen) &#8211; Verkehrsunfall mit hohem Sachschaden<\/h4>\n\n\n\n<p>Ein 21 &#8211; j\u00e4hriger Ludwigshafener befuhr mit einem Toyota Celica die  Wollstra\u00dfe und kam wom\u00f6glich aufgrund nicht angepasster Geschwindigkeit  von der Fahrbahn ab. Nachdem er mit einem Verkehrsschild und einem  Leitpfosten kollidierte, kam er nach ca. 150 Meter auf dem Feld zum  Stehen. Der n\u00fcchterne Fahrer wurde gl\u00fccklicherweise nicht verletzt. Es  entstand Sachschaden im Wert von ca. 20 000 EUR. <\/p>\n\n\n\n<h4 class=\"wp-block-heading\">(Ludwigshafen) &#8211; Verkehrsunfall mit anschlie\u00dfender Flucht<\/h4>\n\n\n\n<p>Am 05.10.2019 in der Zeit zwischen 02:00 &#8211; 04:00 Uhr fuhr der Fahrer  eines PKW Opel Mokka, Farbe schwarz, im Bereich der Sternstra\u00dfe H\u00f6he Nr.  44 aus bislang unbekannter Ursache auf einen geparkten PKW Renault auf.  Es entstand hierbei Sachschaden von ca. 15000 EUR. Im Anschluss an den  Zusammensto\u00df fl\u00fcchtete der unbekannte Fahrer und lie\u00df den Opel, welcher  auf eine Autovermietung zugelassen ist, an der Unfall\u00f6rtlichkeit zur\u00fcck.  Daher sucht die Polizei Zeugen, welche Angaben zum Unfallhergang oder  zum Fahrer des Opels machen k\u00f6nnen. Hinweise an die Polizei in Oppau  unter der Rufnummer 0621 \/ 963-2222 <\/p>\n\n\n\n<h4 class=\"wp-block-heading\">(Ludwigshafen) &#8211; PKW wegen \u00fcberh\u00f6hter Geschwindigkeit in der Innenstadt verunfallt. 50.000EUR Schaden<\/h4>\n\n\n\n<p>Ein 18-J\u00e4hriger Fahranf\u00e4nger fuhr am Freitagabend (04.10.19) gegen  21:30 Uhr in einem neuwertigen BMW und seinen drei weiteren Insassen die  Rheinuferstra\u00dfe in Richtung Rhein-Galerie. In der Linkskurve vor der  Konrad-Adenauer-Br\u00fccke verlor er aufgrund \u00fcberh\u00f6hter Geschwindigkeit die  Kontrolle \u00fcber das Fahrzeug. Er fuhr auf die Gr\u00fcnfl\u00e4che des  Mittelschutzstreifens und kollidierte frontal mit dem Mast einer  Stra\u00dfenlaterne sowie einer Werbetafel. Der Fahrer und sein Beifahrer  wurden leicht verletzt in ein Krankenhaus verbracht. Der PKW an welchem  ein Schaden in H\u00f6he von ca. 40.000 Euro entstand musste abgeschleppt  werden. Insgesamt bel\u00e4uft sich der Schaden auf ca. 50.000EUR. Gegen den  Fahrer wurden entsprechende Strafverfahren eingeleitet. <\/p>\n\n\n\n<h4 class=\"wp-block-heading\">(Ludwigshafen) &#8211; Raub mit Schusswaffe auf Kiosk<\/h4>\n\n\n\n<div class=\"wp-block-image\"><figure class=\"aligncenter\"><img decoding=\"async\" src=\"https:\/\/speyer24news.com\/wp-content\/uploads\/2019\/09\/Zeugen-gesucht-Neutral-1.jpg\" alt=\"\" class=\"wp-image-19014\"\/><\/figure><\/div>\n\n\n\n<p>Am 04.10.2019 betrat gegen 12:00 Uhr eine m\u00e4nnliche Person ein Kiosk in  der Heinrich-Heine-Stra\u00dfe und forderte unter Vorhalt einer Schusswaffe  die Herausgabe von Bargeld. Im weiteren Verlauf schlug der T\u00e4ter die  66-j\u00e4hrige Verk\u00e4uferin mit der Waffe auf den Kopf, wodurch sich ein  Schuss in Richtung Decke l\u00f6ste. Der T\u00e4ter kam daraufhin in den Besitz  von Scheingeld in bislang unbekannter H\u00f6he und entkam mit einem dunklen  gemusterten Rucksack. Die Verk\u00e4uferin erlitt durch den Schlag eine  blutende Platzwunde. Sie beschrieb den T\u00e4ter:<\/p>\n\n\n\n<ul><li> m\u00e4nnlich<\/li><li>ca. 1,80m<\/li><li>ca.  20-25 Jahre<\/li><li>dunkler Kapuzenpulli (Kapuze auf dem Kopf)<\/li><li>Jeans mit braunem G\u00fcrtel<\/li><li>Tuch vor dem Gesicht<\/li><li>Sonnenbrille<\/li><li>Dem ersten Anschein nach handelte es sich um eine Schreckschusswaffe<\/li><\/ul>\n\n\n\n<p>Wer  sachdienliche Angaben zum Sachverhalt machen kann wird gebeten, sich mit  dem Kriminaldauerdienst unter der Tel.Nr. 0621 \/963-2773 oder per Mail  an <a href=\"mailto:kiludwighafen.k1.kdd@polizei.rlp.de\">kiludwighafen.k1.kdd@polizei.rlp.de<\/a> in Verbindung zu setzen.<\/p>\n\n\n\n<h4 class=\"wp-block-heading\">(Mannheim) &#8211; 59-j\u00e4hriger Fu\u00dfg\u00e4nger  nach Zusammensto\u00df mit Stra\u00dfenbahn  leicht verletzt \/ Polizei sucht Zeugen<\/h4>\n\n\n\n<p>Zeugen eines Verkehrsunfalls am Freitag kurz nach 20 Uhr in den Planken  zwischen einem Fu\u00dfg\u00e4nger und einer Stra\u00dfenbahn sucht die Polizei. Ein  59-j\u00e4hriger Fu\u00dfg\u00e4nger hatte die Planken von O 2 nach P 3 \u00fcberquert.  Dabei wurde er von Stra\u00dfenbahn der Linie 3 erfasst, dessen 25-j\u00e4hriger  Fahrer gerade angefahren war. Der Fu\u00dfg\u00e4nger wurde zu Boden geschleudert  und leicht verletzt, er wurde zur ambulanten Behandlung in eine Klinik  gebracht. Bei der Stra\u00dfenbahn ging die Frontscheibe zu Bruch. Zeugen,  die den Unfallbeobachtet haben und sachdienliche Hinweise geben k\u00f6nnen,  werden gebeten sich unter Telefon 0621\/174-4045 bei der Verkehrspolizei  in Mannheim zu melden. <\/p>\n\n\n\n<h4 class=\"wp-block-heading\">(Mannheim-Oststadt) &#8211; Auffahrunfall \/ Eine leicht verletzte Person<\/h4>\n\n\n\n<p>Am Freitagabend gegen 19:30 Uhr kam auf der Augustaanlage stadteinw\u00e4rts  zu einem Verkehrsunfall. Die beiden am Unfall beteiligten Pkw befuhren  den linken Fahrstreifen, als der 24-j\u00e4hrige Fahrer eines Ford Fiesta auf  H\u00f6he der Otto-Beck-Stra\u00dfe sein Fahrzeug aufgrund einer rot zeigenden  Lichtzeichenanlage abbremsen musste. Der hinter ihm fahrende, 39-j\u00e4hrige  Fahrzeugf\u00fchrer einer Mercedes-Benz E-Klasse erkannte die Situation zu  sp\u00e4t und fuhr dem Fiesta hinten auf. Der Fahrer des Ford wurde durch den  Aufprall leicht verletzt und zur weiteren Abkl\u00e4rung in ein umliegendes  Krankenhaus verbracht. Der Mercedesfahrer wurde nicht verletzt und  konnte seine Fahrt im Anschluss an die Unfallaufnahme fortsetzen. An  beiden Fahrzeugen entstand Sachschaden in H\u00f6he von 5000,- Euro (Ford)  und 7500,- Euro (Mercedes-Benz). Zu gr\u00f6\u00dferen Verkehrsbehinderungen kam  es nicht. <\/p>\n\n\n\n<h4 class=\"wp-block-heading\">(Mannheim-Lindenhof) &#8211; 27-j\u00e4hriger Mann beraubt \/ Zeugen gesucht<\/h4>\n\n\n\n<div class=\"wp-block-image\"><figure class=\"aligncenter\"><img decoding=\"async\" src=\"https:\/\/speyer24news.com\/wp-content\/uploads\/2019\/09\/Zeugen-gesucht-Neutral-1.jpg\" alt=\"\" class=\"wp-image-19014\"\/><\/figure><\/div>\n\n\n\n<p>\n Am Samstagmorgen um 2 Uhr wurde ein 27-j\u00e4hriger Mann in der \nRheinpromenade von zwei unbekannten T\u00e4tern  beraubt. Das Opfer befand \nsich mit einem Begleiter auf einer Bank in der Gr\u00fcnanlage der \nRheinterrassen, beide konsumierten Alkohol. Als er 27-J\u00e4hrige zwei \nvorbeilaufende M\u00e4nner mit einer Taschenlampe anstrahlte, kam es zum \nStreit. W\u00e4hrend der Begleiter fl\u00fcchtete, wurde der 27-J\u00e4hrige von dem \nDuo zu Boden gebracht und dort auf ihn eingetreten. Anschlie\u00dfend wurden \nihm der Geldbeutel, das Handy sowie seine Armbanduhr und eine \nE-Zigarette entwendet. <\/p>\n\n\n\n<p>Beschreibung der T\u00e4ter: <\/p>\n\n\n\n<ul><li>beide ca. 180 &#8211;  190 cm gro\u00df<\/li><li>einer ca. 22 Jahre alt,Blonde Haare, schlanke\/sportliche  Figur mit grauer Jogginghose bekleidet. <\/li><li>Der Mitt\u00e4ter ca. 30 &#8211; 35 Jahre,  weiteres nicht bekannt. <\/li><\/ul>\n\n\n\n<p>Das Opfer wurde in eine Klinik  eingeliefert und station\u00e4r aufgenommen. Zeugen, die sachdienliche  Hinweise geben k\u00f6nnen, werden gebeten sich unter Telefon 0621\/174-4444  bei der Kriminalpolizei zu melden. <\/p>\n\n\n\n<h4 class=\"wp-block-heading\">(Mannheim-K\u00e4fertal) &#8211; 17-j\u00e4hriger Sprayer auf frischer Tat festgenommen<\/h4>\n\n\n\n<p>Am Freitag gegen 14.20 Uhr wurde ein 17-j\u00e4hriger Jugendlicher in der  Unterf\u00fchrung Rollb\u00fchlstra\u00dfe\/Mannheimer Stra\u00dfe auf frischer Tat beim  Sprayen festgenommen. Der vermummte Jugendliche hatte die W\u00e4nde mit  Graffitis beschmiert. Bei der Durchsuchung seiner mitgef\u00fchrten Tasche  wurden zw\u00f6lf Spraydosen gefunden. In seiner Hosentasche hatte er einen  angerauchten Joint. Die Spraydosen und der Joint wurden sichergestellt,  der Jugendliche wurde von einem Erziehungsberechtigten auf dem Revier  abgeholt. Die weiteren Ermittlungen f\u00fchrt das Haus des Jugendrechts des  Kriminalkommissariats Mannheim. <\/p>\n\n\n\n<h4 class=\"wp-block-heading\">(Heidelberg) &#8211; Werkzeugkisten aufgebrochen und daraus Maschinen und Werkzeuge entwendet \/ Polizei sucht Zeugen<\/h4>\n\n\n\n<p>Im Zeitraum zwischen Donnerstag, 11 Uhr und Freitag 7 Uhr brachen  bislang unbekannte T\u00e4ter auf einem Gel\u00e4nde Am Bahnbetriebswerk gewaltsam  drei auf den Ladefl\u00e4chen von Fahrzeugen montierte Werkzeugkisten auf  und entwendeten daraus Maschinen und Werkzeuge.  Erbeutet wurden mehrere  Winkelschleifer, eine Motors\u00e4ge, zwei Akkuschrauber, eine Bohrmaschine  sowie ein Abbruchhammer. Das Diebesgut muss mit einem Fahrzeug  abtransportiert worden sein. Zeugen, die im fraglichen Zeitraum  verd\u00e4chtige Personen oder Fahrzeuge bemerkt haben, werden gebeten sich  unter Telefon 06221\/34180 beim Polizeirevier Heidelberg-S\u00fcd zu melden. <\/p>\n\n\n\n<h4 class=\"wp-block-heading\">(Heidelberg-Wieblingen) &#8211; Einbrechertrio nach Einbruch in Discounter festgenommen<\/h4>\n\n\n\n<p>Am Samstagmorgen gegen 3.20 Uhr beobachtete ein aufmerksamer Zeuge, wie  in einen Discounter in der Mannheimer Stra\u00dfe eingebrochen wurde. Mit  einem Brecheisen wurde die Glasschiebet\u00fcr aufgehebelt. Als die T\u00e4ter den  Zeugen bemerkten, fl\u00fcchteten sie in Richtung Oberdorfstra\u00dfe. Die  zwischenzeitlich verst\u00e4ndigte Polizei konnte im Rahmen der Fahndung mit  insgesamt acht Streifenwagen in Tatortn\u00e4he drei Tatverd\u00e4chtige im Alter  zwischen 18 und 20 Jahren festnehmen. Auf dem Parkplatz des  Einkaufsmarktes wurde das von dem Trio benutzte Auto aufgefunden und  sichergestellt. Der Fiat war kurzgeschlossen und seit Anfang September  als gestohlen gemeldet. Bei der Absuche des Parkplatzes konnten  Einbruchswerkzeug, Handschuhe und Vermummungsgegenst\u00e4nde aufgefunden  werden, ebenso eine geringe Menge Rauschgift. Nach der  erkennungsdienstlichen Behandlung wurden die jungen M\u00e4nner wieder auf  freien Fu\u00df gesetzt. Die weiteren Ermittlungen hat das Polizeirevier  Heidelberg-S\u00fcd \u00fcbernommen. <\/p>\n\n\n\n<h4 class=\"wp-block-heading\">(Heidelberg \/ Schriesheim \/ Rhein-Neckar-Kreis) &#8211; 58-j\u00e4hriger Autofahrer fl\u00fcchtet vor Polizeikontrolle und leistet bei der Festnahme heftigen  Widerstand \/ Gesch\u00e4digte gesucht<\/h4>\n\n\n\n<p>Ein 58-j\u00e4hriger Fahrer eines Hyundai ist am Samstagmorgen gegen 0:45  Uhr aus bislang noch nicht feststehenden Gr\u00fcnden vor einer  Polizeikontrolle gefl\u00fcchtet. Nach einer Verfolgungsfahrt wurde der  60-J\u00e4hrige schlie\u00dflich festgenommen, dabei leistete er heftigen  Widerstand. Der Fahrer war zun\u00e4chst in der Dossenheimer Landstra\u00dfe  aufgefallen, da er zu schnell fuhr. Als er \u00fcberpr\u00fcft werden sollte,  fl\u00fcchtete er mit \u00fcberh\u00f6hter Geschwindigkeit durch mehrere Stra\u00dfenz\u00fcge in  Handschuhsheim. In der Burgstra\u00dfe fuhr er \u00fcber den Gehweg an einem  Streifenwagen vorbei, der die Stra\u00dfe blockiert hatte. Anschlie\u00dfend  fl\u00fcchtete er mit hoher Geschwindigkeit auf der B 3 in Richtung  Dossenheim, wo er mehrere Ampeln bei Rotlicht \u00fcberquerte. Weiter ging  die Fahrt in Richtung Schriesheim, wo der Fahrer das Auto im  Industriegebiet in der Robert-Bosch-Stra\u00dfe mit einem platten  Vorderreifen abstellte und zu Fu\u00df fl\u00fcchtete. Der 60-j\u00e4hrige konnte  eingeholt und festgenommen werden. Nach seiner erkennungsdienstlichen  Behandlung wurde er auf freien Fu\u00df gesetzt. Die weiteren Ermittlungen  hat das Polizeirevier Heidelberg-Nord \u00fcbernommen.  Verkehrsteilnehmer,  die durch die Fahrweise des 60-J\u00e4hrigen gef\u00e4hrdet wurden, werden  gebeten, sich unter Telefon 06221\/45690 bei der Polizei zu melden. <\/p>\n\n\n\n<h4 class=\"wp-block-heading\">(Ketsch \/ Rhein-Neckar-Kreis) &#8211; Toilettenpapier in Toilettenh\u00e4uschen der Alla-Hopp-Anlage angez\u00fcndet \/ Polizei sucht weitere Zeugen<\/h4>\n\n\n\n<p>Unbekannte haben am Freitag kurz nach 14 Uhr im Toilettenh\u00e4uschen der  Alla-Hopp-Anlage in der Stra\u00dfe Am Wasserwerk eine gr\u00f6\u00dfere Menge  Toilettenpapier angez\u00fcndet. Eine Zeugin bemerkte die Rauchentwicklung  und verst\u00e4ndigte die Feuerwehr. Die Freiwillige Feuerwehr aus Ketsch  l\u00f6schte den Brand. Ein Lichtsensor war durch die Hitzeentwicklung  geschmort. Die Zeugin sah noch zwei M\u00e4dchen, die sich von der  Toilettenanlage schnell in Richtung Brunnen-\/Gutenbergstra\u00dfe entfernten.  Eines der Kinder hatte ein Fahrrad bei sich. <\/p>\n\n\n\n<p>Beschreibung: <\/p>\n\n\n\n<ol><li>Ca. 12 &#8211; 13 Jahre, 165-168 cm gro\u00df, d\u00fcnne Figur, lange, blonde Haare. Bekleidet mit dunkler Leggins und schwarzer Jacke <\/li><li>Ca. 12 &#8211; 13 Jahre, ca. 160 cm, d\u00fcnne Figur, lange, dunkle Haare.  Bekleidet mit einer dunklen Hose und einer hellbraunen Steppjacke. <\/li><\/ol>\n\n\n\n<p>Sachdienliche Zeugenhinweise nimmt das Polizeirevier Schwetzingen unter Telefon 06202\/2880, entgegen. <\/p>\n\n\n\n<h4 class=\"wp-block-heading\">(Bammental \/ Rhein-Neckar-Kreis) &#8211; Mit Blumenk\u00fcbel Scheibe eingeworfen \/ Zeugen gesucht<\/h4>\n\n\n\n<p>Am Freitag kurz nach 20 Uhr hat ein unbekannter T\u00e4ter in einem  Beherbergungsbetrieb in der Hauptstra\u00dfe  mit einem vor dem Haus  stehenden Blumenk\u00fcbel eine Scheibe eingeworfen. Anschlie\u00dfend fl\u00fcchtete  die dunkel gekleidete Person in Richtung Rathaus. Es entstand ein  Sachschaden von ca. 2.000 Euro. Zeugen, die sachdienliche Hinweise geben  k\u00f6nnen, werden gebeten sich unter Telefon 06223\/92540 beim  Polizeirevier Neckargem\u00fcnd zu melden. <\/p>\n\n\n\n<h4 class=\"wp-block-heading\">(Sch\u00f6nbrunn \/ Rhein-Neckar-Kreis) &#8211; Zigarettenautomat samt Betonfundament  mit Traktor aus Verankerung gezogen und weggefahren \/ Polizei sucht  Zeugen<\/h4>\n\n\n\n<p>In der Nacht von Donnerstag haben bislang unbekannte T\u00e4ter in der  Hauptstra\u00dfe mit einem Traktor einen Zigarettenautomat samt  Betonfundament aus der Verankerung gezogen und ca. 60 Meter weggefahren.  Der Automat wurde von einem Zeugen gegen 8.15 Uhr auf einer Wiese, etwa  60 Meter vom Aufstellort entfernt, aufgefunden. Der Automat war nicht  aufgebrochen worden, der verst\u00e4ndigte Automatenbetreiber nahm das  Bargeld und die Zigaretten an sich. Ein weiterer Zeuge hatte am  Freitagmorgen zwischen 1:15 und 1:30 Uhr Schleifger\u00e4usche vernommen,  diesen aber zun\u00e4chst keine Bedeutung zugemessen. Dabei d\u00fcrfte es sich um  die Tatzeit gehandelt haben. Zeugen, die sachdienliche Hinweise geben  k\u00f6nnen, werden gebeten sich unter Telefon 06271\/92100 beim Polizeirevier  Eberbach zu melden. <\/p>\n\n\n\n<h4 class=\"wp-block-heading\">(Weinheim \/ Rhein-Neckar-Kreis) &#8211; Vier Leichtverletzte nach Frontalzusammensto\u00df \/ Sachschaden ca. 16.000 Euro<\/h4>\n\n\n\n<p>Bei einem Verkehrsunfall am Freitag um kurz vor 16 Uhr auf der  Kreisstra\u00dfe 4229 wurden vier Beteiligte leicht verletzt.  Eine  27-j\u00e4hrige Fahrerin eines Peugeot verlor bei der Fahrt in Richtung B 38  in einer langgezogenen Rechtskurve aufgrund \u00fcberh\u00f6hter Geschwindigkeit  auf nasser Stra\u00dfe die Kontrolle \u00fcber ihr Auto und geriet ins Schleudern.  Das Auto stellte sich quer und prallte mit einem entgegenkommenden Fiat  einer 22-J\u00e4hrigen zusammen. Im weiteren Verlauf rutschte der Peugeot  die B\u00f6schung hinunter. Beide Fahrerinnen sowie zwei Mitfahrer im Alter  von 59 und 18 Jahren in dem Fiat wurden leicht verletzt. Nach der  medizinischen Erstversorgung an der Unfallstelle  wurden alle Verletzten  in umliegenden Kliniken versorgt, auch ein Rettungshubschrauber war im  Einsatz.  Zur Der Gesamtsachschaden bel\u00e4uft sich auf ca. 16.000 Euro.  W\u00e4hrend der Unfallaufnahme und Bergung der Fahrzeuge war die Kreisstra\u00dfe  bis 18.25 Uhr voll gesperrt. Die weiteren Unfallermittlungen f\u00fchrt die  Verkehrspolizei in Mannheim. <\/p>\n","protected":false},"excerpt":{"rendered":"<div class=\"mh-excerpt\"><p>Polizeimeldungen vom Samstag (05.10.2019) (Speyer) &#8211; Auf frischer Tat erwischt Ein 19-j\u00e4hriger Mann aus Speyer konnte am Freitagabend auf frischer Tat bei einem Fahrraddiebstahl festgestellt werden. Der 19-J\u00e4hrige wurde dabei beobachtet, wie er sich l\u00e4ngere <a class=\"mh-excerpt-more\" href=\"https:\/\/speyer24news.com\/?p=20192\" title=\"Polizei:\">[&#8230;]<\/a><\/p>\n<\/div>","protected":false},"author":3,"featured_media":0,"comment_status":"open","ping_status":"open","sticky":false,"template":"","format":"standard","meta":{"_monsterinsights_skip_tracking":false,"_monsterinsights_sitenote_active":false,"_monsterinsights_sitenote_note":"","_monsterinsights_sitenote_category":0,"footnotes":""},"categories":[12],"tags":[61,2555,63,105,53,102,213,55,103,106,2803,2423,427,62,104,979,1565],"aioseo_notices":[],"amp_enabled":true,"_links":{"self":[{"href":"https:\/\/speyer24news.com\/index.php?rest_route=\/wp\/v2\/posts\/20192"}],"collection":[{"href":"https:\/\/speyer24news.com\/index.php?rest_route=\/wp\/v2\/posts"}],"about":[{"href":"https:\/\/speyer24news.com\/index.php?rest_route=\/wp\/v2\/types\/post"}],"author":[{"embeddable":true,"href":"https:\/\/speyer24news.com\/index.php?rest_route=\/wp\/v2\/users\/3"}],"replies":[{"embeddable":true,"href":"https:\/\/speyer24news.com\/index.php?rest_route=%2Fwp%2Fv2%2Fcomments&post=20192"}],"version-history":[{"count":1,"href":"https:\/\/speyer24news.com\/index.php?rest_route=\/wp\/v2\/posts\/20192\/revisions"}],"predecessor-version":[{"id":20195,"href":"https:\/\/speyer24news.com\/index.php?rest_route=\/wp\/v2\/posts\/20192\/revisions\/20195"}],"wp:attachment":[{"href":"https:\/\/speyer24news.com\/index.php?rest_route=%2Fwp%2Fv2%2Fmedia&parent=20192"}],"wp:term":[{"taxonomy":"category","embeddable":true,"href":"https:\/\/speyer24news.com\/index.php?rest_route=%2Fwp%2Fv2%2Fcategories&post=20192"},{"taxonomy":"post_tag","embeddable":true,"href":"https:\/\/speyer24news.com\/index.php?rest_route=%2Fwp%2Fv2%2Ftags&post=20192"}],"curies":[{"name":"wp","href":"https:\/\/api.w.org\/{rel}","templated":true}]}}