{"id":20229,"date":"2019-10-07T09:30:41","date_gmt":"2019-10-07T08:30:41","guid":{"rendered":"https:\/\/speyer24news.com\/?p=20229"},"modified":"2019-10-07T09:30:42","modified_gmt":"2019-10-07T08:30:42","slug":"kommunalpolitik-speyer","status":"publish","type":"post","link":"https:\/\/speyer24news.com\/?p=20229","title":{"rendered":"Kommunalpolitik Speyer:"},"content":{"rendered":"<style type=\"text\/css\">\r\n\t.ads_top_disp{}\r\n\t.ads_top_corner_disp{ float:left; margin:0px 10px 10px 0px; }\r\n\t.ads_first_p_disp{}\r\n\t.ads_bottom_disp{}\r\n\t<\/style>\n<h3 class=\"wp-block-heading\">Stellungnahme zum Artikel \u201eHinhaltetaktik\u201c aus \u201eDie Rheinpfalz\u201c vom 01.10.2019<\/h3>\n\n\n\n<div class=\"wp-block-image\"><figure class=\"aligncenter\"><img decoding=\"async\" loading=\"lazy\" width=\"500\" height=\"677\" src=\"https:\/\/speyer24news.com\/wp-content\/uploads\/2019\/10\/Claus-Noah-H..jpg\" alt=\"\" class=\"wp-image-20230\" srcset=\"https:\/\/speyer24news.com\/wp-content\/uploads\/2019\/10\/Claus-Noah-H..jpg 500w, https:\/\/speyer24news.com\/wp-content\/uploads\/2019\/10\/Claus-Noah-H.-222x300.jpg 222w\" sizes=\"(max-width: 500px) 100vw, 500px\" \/><figcaption> Noah Claus, Vorsitzender des SPD-Ortsvereins Speyer West-Erlich &amp; Vorsitzender der Jusos Speyer<\/figcaption><\/figure><\/div>\n\n\n\n<p><strong>Speyer &#8211;<\/strong>  Zu dem Artikel \u201eHinhaltetaktik\u201c aus \u201eDie Rheinpfalz\u201c vom 01.10.2019  m\u00f6chte ich als Vorsitzender des SPD-Ortsvereins Speyer West-Erlich sowie als Jusos-Vorsitzender Stellung beziehen.\u00a0 <\/p>\n\n\n\n<p>Ich war sehr verwundert \u00fcber die Anschuldigungen der Herren Wilke\n und Scheid sowie von Frau M\u00fcnch-Weinmann, die sie der Frau \nOberb\u00fcrgermeisterin vorwerfen. Die Kritik an der Vorgehensweise von OB \nSeiler ist v\u00f6llig unbegr\u00fcndet. \n<\/p>\n\n\n\n<p>Es gilt die demokratischen &amp; \u00fcber Jahrzehnte gepflegten \nGrundregeln des Stadtrates einzuhalten. Wenn die Kooperationspartner \neine \u00c4nderung der Hauptsatzung m\u00f6chten, wird dieser \u00c4nderungsvorschlag \nzuerst im \u00c4ltestenrat diskutiert. Danach wird es im Haupt- &amp; \nStiftungsausschuss diskutiert, der dann eine empfehlende oder eine nicht\n empfehlende Beschlussfassung f\u00fcr den Stadtrat trifft. In der \nStadtratssitzung wird dann dar\u00fcber abgestimmt. Bei einem positiven Votum\n muss man die \u00f6ffentliche Ausschreibung der Beigeordnetenstellen und \nderen Gesch\u00e4ftsbereiche im \u00c4ltestenrat kl\u00e4ren.\n<\/p>\n\n\n\n<p>Deshalb ist die Vorgehensweise von OB Seiler keine \u201eHinhaltetaktik\u201c, sondern das normale Prozedere.\n<\/p>\n\n\n\n<p>Die Entscheidung der Kooperationspartner, einen \u00c4nderungsantrag \nschon am 24. Oktober in den Stadtrat einzubringen und somit die \nDiskussion &amp; Entscheidung im \u00c4ltestenrat sowie Haupt- &amp; \nStiftungsausschuss zu \u00fcberspringen, ist \u00fcberhastet und zeigt, dass den \nKooperationspartnern die Posten wichtiger sind als die Sache.\n<\/p>\n\n\n\n<p>Ich m\u00f6chte die Kooperationspartner an ihren Vertrag erinnern, der\n vorsieht, dass Haushaltsdefizite mittelfristig abgebaut werden sollen \nund es einer strikten Haushaltsf\u00fchrung bedarf und an ihre Erkl\u00e4rung, \ndass sie \u201ekeine Politik gegen die Oberb\u00fcrgermeisterin\u201c machen wollen. \nDie Kosten, die f\u00fcr die Stadt f\u00fcr einen hauptamtlichen und einen \nehrenamtlichen Beigeordneten anfallen, k\u00f6nnten in wichtigere Vorgehen \nwie z.B. in den Klimaschutz oder in unsere Schulen investiert werden. Im\n Gegensatz zu den Koalitionspartnern vertraue und glaube ich \nOberb\u00fcrgermeisterin Seiler, wenn sie sagt, dass man keine weiteren \nBeigeordneten braucht, um die Verwaltung gut zu f\u00fchren. \n<\/p>\n\n\n\n<p>Deswegen bitte ich die Kooperationspartner auf das \nPostengeschacher zu verzichten und zur Sachpolitik zur\u00fcckzukehren, damit\n wir uns den wichtigen Themen in dieser Stadt widmen k\u00f6nnen.&nbsp;\n<\/p>\n\n\n\n<p>Mit freundlichen Gr\u00fc\u00dfen&nbsp;\n<\/p>\n\n\n\n<p>Noah Claus\n<\/p>\n\n\n\n<p>Vorsitzender des SPD-Ortsvereins Speyer West-Erlich\n<\/p>\n\n\n\n<p>Vorsitzender der Jusos Speyer<\/p>\n\n\n\n<div class=\"wp-block-image\"><figure class=\"aligncenter\"><img decoding=\"async\" loading=\"lazy\" width=\"1024\" height=\"99\" src=\"https:\/\/speyer24news.com\/wp-content\/uploads\/2019\/10\/Jusos-Speyer-1024x99.png\" alt=\"\" class=\"wp-image-20231\" srcset=\"https:\/\/speyer24news.com\/wp-content\/uploads\/2019\/10\/Jusos-Speyer-1024x99.png 1024w, https:\/\/speyer24news.com\/wp-content\/uploads\/2019\/10\/Jusos-Speyer-300x29.png 300w, https:\/\/speyer24news.com\/wp-content\/uploads\/2019\/10\/Jusos-Speyer-768x75.png 768w, https:\/\/speyer24news.com\/wp-content\/uploads\/2019\/10\/Jusos-Speyer-1030x101.png 1030w, https:\/\/speyer24news.com\/wp-content\/uploads\/2019\/10\/Jusos-Speyer.png 1040w\" sizes=\"(max-width: 1024px) 100vw, 1024px\" \/><\/figure><\/div>\n\n\n\n<p><em>07.10.2019<\/em><\/p>\n","protected":false},"excerpt":{"rendered":"<div class=\"mh-excerpt\"><p>Stellungnahme zum Artikel \u201eHinhaltetaktik\u201c aus \u201eDie Rheinpfalz\u201c vom 01.10.2019 Speyer &#8211; Zu dem Artikel \u201eHinhaltetaktik\u201c aus \u201eDie Rheinpfalz\u201c vom 01.10.2019 m\u00f6chte ich als Vorsitzender des SPD-Ortsvereins Speyer West-Erlich sowie als Jusos-Vorsitzender Stellung beziehen.\u00a0 Ich war <a class=\"mh-excerpt-more\" href=\"https:\/\/speyer24news.com\/?p=20229\" title=\"Kommunalpolitik Speyer:\">[&#8230;]<\/a><\/p>\n<\/div>","protected":false},"author":3,"featured_media":19824,"comment_status":"open","ping_status":"open","sticky":false,"template":"","format":"standard","meta":{"_monsterinsights_skip_tracking":false,"_monsterinsights_sitenote_active":false,"_monsterinsights_sitenote_note":"","_monsterinsights_sitenote_category":0,"footnotes":""},"categories":[1530],"tags":[3644,3768,846,987,3769,306,6],"aioseo_notices":[],"amp_enabled":true,"_links":{"self":[{"href":"https:\/\/speyer24news.com\/index.php?rest_route=\/wp\/v2\/posts\/20229"}],"collection":[{"href":"https:\/\/speyer24news.com\/index.php?rest_route=\/wp\/v2\/posts"}],"about":[{"href":"https:\/\/speyer24news.com\/index.php?rest_route=\/wp\/v2\/types\/post"}],"author":[{"embeddable":true,"href":"https:\/\/speyer24news.com\/index.php?rest_route=\/wp\/v2\/users\/3"}],"replies":[{"embeddable":true,"href":"https:\/\/speyer24news.com\/index.php?rest_route=%2Fwp%2Fv2%2Fcomments&post=20229"}],"version-history":[{"count":1,"href":"https:\/\/speyer24news.com\/index.php?rest_route=\/wp\/v2\/posts\/20229\/revisions"}],"predecessor-version":[{"id":20232,"href":"https:\/\/speyer24news.com\/index.php?rest_route=\/wp\/v2\/posts\/20229\/revisions\/20232"}],"wp:featuredmedia":[{"embeddable":true,"href":"https:\/\/speyer24news.com\/index.php?rest_route=\/wp\/v2\/media\/19824"}],"wp:attachment":[{"href":"https:\/\/speyer24news.com\/index.php?rest_route=%2Fwp%2Fv2%2Fmedia&parent=20229"}],"wp:term":[{"taxonomy":"category","embeddable":true,"href":"https:\/\/speyer24news.com\/index.php?rest_route=%2Fwp%2Fv2%2Fcategories&post=20229"},{"taxonomy":"post_tag","embeddable":true,"href":"https:\/\/speyer24news.com\/index.php?rest_route=%2Fwp%2Fv2%2Ftags&post=20229"}],"curies":[{"name":"wp","href":"https:\/\/api.w.org\/{rel}","templated":true}]}}