{"id":20233,"date":"2019-10-07T10:41:16","date_gmt":"2019-10-07T09:41:16","guid":{"rendered":"https:\/\/speyer24news.com\/?p=20233"},"modified":"2019-10-07T10:43:48","modified_gmt":"2019-10-07T09:43:48","slug":"hassloch-31","status":"publish","type":"post","link":"https:\/\/speyer24news.com\/?p=20233","title":{"rendered":"Ha\u00dfloch:"},"content":{"rendered":"<style type=\"text\/css\">\r\n\t.ads_top_disp{}\r\n\t.ads_top_corner_disp{ float:left; margin:0px 10px 10px 0px; }\r\n\t.ads_first_p_disp{}\r\n\t.ads_bottom_disp{}\r\n\t<\/style>\n<h2 class=\"wp-block-heading\">Hurra &#8211; Wir sind pf\u00e4lzer Weink\u00f6nigin<\/h2>\n\n\n\n<h3 class=\"wp-block-heading\">Treffen mit Anna auf dem Rathausplatz in Ha\u00dfloch<\/h3>\n\n\n\n<div class=\"wp-block-image\"><figure class=\"aligncenter\"><img decoding=\"async\" loading=\"lazy\" width=\"800\" height=\"533\" src=\"https:\/\/speyer24news.com\/wp-content\/uploads\/2019\/10\/DSC_0352-2.jpg\" alt=\"\" class=\"wp-image-20236\" srcset=\"https:\/\/speyer24news.com\/wp-content\/uploads\/2019\/10\/DSC_0352-2.jpg 800w, https:\/\/speyer24news.com\/wp-content\/uploads\/2019\/10\/DSC_0352-2-300x200.jpg 300w, https:\/\/speyer24news.com\/wp-content\/uploads\/2019\/10\/DSC_0352-2-768x512.jpg 768w\" sizes=\"(max-width: 800px) 100vw, 800px\" \/><figcaption>v.l.:  B\u00fcrgermeister Lothar Lorch, 81. pf\u00e4lzer Weink\u00f6nigin Anna-Maria L\u00f6ffler, Landrat Hans-Ulrich Ihlenfeld, stellv. Vorsitzender der Leisb\u00f6hler WeinKultur Edgar R\u00f6melt.<\/figcaption><\/figure><\/div>\n\n\n\n<p>\u201eHa\u00dfloch feiert Anna I. \u2013 als 81. pf\u00e4lzische Weink\u00f6nigin\u201c so der  stellvertretende Vorsitzende der Leisb\u00f6hler WeinKultur Ha\u00dfloch e.V.  Edgar R\u00f6melt. <\/p>\n\n\n\n<p>Aus diesem Grund treffen sich alle Weinfreunde und Weinfreundinnen am Samstag, den 5. Oktober ab 10 Uhr am Rathaushausplatz, vor dem Restaurant Bacchus, um mit der ersten Ha\u00dflocher Weinhoheit anzusto\u00dfen und ein Erinnerungsfoto zu schie\u00dfen. <\/p>\n\n\n\n<p>Als besondere Ehre f\u00fcr Anna I. wird eine nummerierte Sonderedition eines  Leisb\u00f6hler Wei\u00dfburgunders mit einem eigens hierf\u00fcr entworfenen Etiketts  verkauft. \u201eDie St\u00fcckzahl ist auf 250 Flaschen begrenzt\u201c so R\u00f6melt.<\/p>\n\n\n\n<p><strong>Mehr Informationen unter:<\/strong>  <a rel=\"noreferrer noopener\" href=\"https:\/\/deref-web-02.de\/mail\/client\/u9JIs9kFDrA\/dereferrer\/?redirectUrl=http%3A%2F%2Fwww.weinkultur-hassloch.de%2F\" target=\"_blank\">www.weinkultur-hassloch.de<\/a><\/p>\n\n\n\n<div class=\"wp-block-image\"><figure class=\"aligncenter\"><img decoding=\"async\" loading=\"lazy\" width=\"400\" height=\"400\" src=\"https:\/\/speyer24news.com\/wp-content\/uploads\/2019\/10\/logo_200.png\" alt=\"\" class=\"wp-image-20237\" srcset=\"https:\/\/speyer24news.com\/wp-content\/uploads\/2019\/10\/logo_200.png 400w, https:\/\/speyer24news.com\/wp-content\/uploads\/2019\/10\/logo_200-150x150.png 150w, https:\/\/speyer24news.com\/wp-content\/uploads\/2019\/10\/logo_200-300x300.png 300w\" sizes=\"(max-width: 400px) 100vw, 400px\" \/><\/figure><\/div>\n\n\n\n<p><em>J\u00fcrgen Vogt<br>Leisb\u00f6hler WeinKultur Ha\u00dfloch e.V.<br>Ehrenvorsitzender Vinum laetificat cor hominis<br>07.10.2019<\/em><\/p>\n\n\n\n<h2 class=\"wp-block-heading\">Anna-Maria L\u00f6ffler ist die 81. Pf\u00e4lzische Weink\u00f6nigin<\/h2>\n\n\n\n<div class=\"wp-block-image\"><figure class=\"aligncenter\"><img decoding=\"async\" loading=\"lazy\" width=\"500\" height=\"790\" src=\"https:\/\/speyer24news.com\/wp-content\/uploads\/2019\/10\/anna_maria_loeffler_wird_zur_81._pfaelzischen_weinkoenigin_gekroent.jpg\" alt=\"\" class=\"wp-image-20227\" srcset=\"https:\/\/speyer24news.com\/wp-content\/uploads\/2019\/10\/anna_maria_loeffler_wird_zur_81._pfaelzischen_weinkoenigin_gekroent.jpg 500w, https:\/\/speyer24news.com\/wp-content\/uploads\/2019\/10\/anna_maria_loeffler_wird_zur_81._pfaelzischen_weinkoenigin_gekroent-190x300.jpg 190w\" sizes=\"(max-width: 500px) 100vw, 500px\" \/><figcaption> Die 81. Pf\u00e4lzische Weink\u00f6nigin Anna-Maria L\u00f6ffler<\/figcaption><\/figure><\/div>\n\n\n\n<p><strong>Neustadt \/ Ha\u00dfloch \/ Pfalz \u2013 <\/strong>Nach einem spannenden Wahlabend  im ausverkauften  Neustadter Saalbau ist die Ha\u00dflocherin&nbsp;Anna-Maria  L\u00f6ffler&nbsp;zur 81.  Pf\u00e4lzischen Weink\u00f6nigin gew\u00e4hlt worden. <\/p>\n\n\n\n<p>Nachdem Boris Kranz, erster  Vorsitzender der Pfalzweinwerbung, das \nWahlergebnis bekannt gegeben  hatte, wurde die strahlendeSiegerinvon  \nihrer Vorg\u00e4ngerin Meike&nbsp;Klohr gekr\u00f6nt. Alle vier Kandidatinnen stellten \n ihr Wissen \u00fcber die Pfalz und den Wein am Vormittag bei der  \nFachbefragung im Rathaus in Neustadt unter Beweis. W\u00e4hrend der  \nAbendveranstaltung im Saalbau galt es dann, die 60-k\u00f6pfige Jury vor \neinem gro\u00dfen Publikum auf der B\u00fchne zu \u00fcberzeugen. <\/p>\n\n\n\n<p>Hier punktete Anna-Maria L\u00f6ffler mit viel Charme, Witz und \nSchlagfertigkeit. Sie wird nun ein Jahr lang die Pf\u00e4lzer Winzer und \nderen Weine bei zahlreichen Veranstaltungen repr\u00e4sentieren. <\/p>\n\n\n\n<p>Ihr zur Seite stehen die frisch gekr\u00f6nten Pf\u00e4lzischen \nWeinprinzessinnen Christina Fischer,&nbsp;Tamara Fr\u00e4nzle und Rosa Rummel. \nRund 300 Termine im In- und Ausland warten auf die \nvier&nbsp;Weinbotschafterinnen der Pfalz in den kommenden zw\u00f6lf Monaten.<\/p>\n\n\n\n<p><em>Pfalzwein \/ Pfalz.Marketing \/ Pfalz.Touristik<br>07.10.2019<\/em><\/p>\n\n\n\n<h2 class=\"wp-block-heading\"><strong>1. Skatclub Ha\u00dfloch:<\/strong> <strong>Wilfried Langen gewinnt Ha\u00dflocher Skatturnier<\/strong><\/h2>\n\n\n\n<div class=\"wp-block-image\"><figure class=\"aligncenter\"><img decoding=\"async\" loading=\"lazy\" width=\"800\" height=\"532\" src=\"https:\/\/speyer24news.com\/wp-content\/uploads\/2019\/10\/DSC_0459-002.jpg\" alt=\"\" class=\"wp-image-20235\" srcset=\"https:\/\/speyer24news.com\/wp-content\/uploads\/2019\/10\/DSC_0459-002.jpg 800w, https:\/\/speyer24news.com\/wp-content\/uploads\/2019\/10\/DSC_0459-002-300x200.jpg 300w, https:\/\/speyer24news.com\/wp-content\/uploads\/2019\/10\/DSC_0459-002-768x511.jpg 768w\" sizes=\"(max-width: 800px) 100vw, 800px\" \/><\/figure><\/div>\n\n\n\n<p>Beim diesj\u00e4hrigen Jahresturnier des 1. Skatclubs Ha\u00dfloch am Tag der Deutschen Einheit im Vereinsheim des 1. FC 08 Ha\u00dfloch konnte Vorsitzender Norbert Petry diesmal 48 Skatspieler aus der Region begr\u00fc\u00dfen. So waren neben einer Delegation des befreundeten Skatklubs \u201eDerkemer Worschtmarktbube\u201c Spieler aus Frankenthal, Rheinzabern, Ludwigshafen, Kaiserslautern und Neustadt ins Gro\u00dfdorf gekommen. Au\u00dferdem konnte Petry den Ehrenvorsitzenden des Skatverbandes Pfalz, Dietmar Spiegel, willkommen hei\u00dfen. Gespielt wurden zwei Runden mit je 48 Spielen. <\/p>\n\n\n\n<p>Sieger wurde Wilfried Langen vom veranstaltenden 1. Skatclub Ha\u00dfloch mit 2.494 Spielpunkten (Sp). Bis zum 12. Platz wurden Preise vergeben.<\/p>\n\n\n\n<p>Die weiteren Platzierungen: <\/p>\n\n\n\n<p>2. Willi Reif, Ha\u00dfloch (2.418 Sp)<\/p>\n\n\n\n<p>3. Karl Theisinger, Kaiserslautern (2.377 Sp)<\/p>\n\n\n\n<p>4. Kurt Astor, 1. SC Ha\u00dfloch (2.351 Sp)<\/p>\n\n\n\n<p>5. Andreas R\u00fcdiger, Frankenthal (2.348 Sp)<\/p>\n\n\n\n<p>6. Harald K\u00f6ppler, 1. SC Ha\u00dfloch (2.342 Sp)<\/p>\n\n\n\n<p>7. Bernhard Weisenburger, Rheinzabern (2.254 Sp)<\/p>\n\n\n\n<p>8. Wolfgang Vogler, Bad D\u00fcrkheim (2.240 Sp)<\/p>\n\n\n\n<p>9. Christian K\u00fchn, Ludwigshafen (2.195 Sp)<\/p>\n\n\n\n<p>10. Hans-J\u00f6rg Haege, 1. SC Ha\u00dfloch (2.165 Sp)<\/p>\n\n\n\n<p>11. Herbert Kaiser, 1. SC Ha\u00dfloch (2.153 Sp)<\/p>\n\n\n\n<p>12. Dieter Pieperz, 1. SC Ha\u00dfloch (2.151 Sp) <\/p>\n\n\n\n<p><em>1 Skatclubs Ha\u00dfloch, jh<br>07.10.2019<\/em><\/p>\n\n\n\n<h2 class=\"wp-block-heading\">Leseabend in englischer Sprache in der Gemeindeb\u00fccherei<\/h2>\n\n\n\n<p>Die Leseabende in einer Fremdsprache haben inzwischen Tradition in der Gemeindeb\u00fccherei und werden in Kooperation mit der VHS Ha\u00dfloch durchgef\u00fchrt. Am <strong>17. Oktober<\/strong> steht um 19:00 Uhr ein Leseabend in englischer Sprache auf dem Programm. Die VHSSprachkursleiterin Sabine H\u00fcbner wird aus \u201eMurder on the Orient Express\u201c von Agatha Christie lesen. Der Kriminalroman, in dem der Ermittler Hercule Poirot einen Mord im Orient-Express versucht aufzukl\u00e4ren, wurde inzwischen mehrfach verfilmt \u2013 zuletzt in 2017 mit Johnny Depp und Judi Dench in tragenden Rollen.<\/p>\n\n\n\n<p>Bei einer Tasse Tee und englischem Geb\u00e4ck sind alle Interessierten zu dem Leseabend herzlich eingeladen. Auch Besucher mit nicht allzu guten Englischkenntnissen k\u00f6nnen der Lesung folgen.<\/p>\n\n\n\n<p>Der Eintrittspreis betr\u00e4gt 6,50 Euro, der erm\u00e4\u00dfigte Preis f\u00fcr Sch\u00fcler und Studenten liegt bei 4,00 Euro. Karten sind \u00fcber die Gemeindeb\u00fccherei (Tel.: 06324-935 451) sowie \u00fcber das VHS-Sekretariat (Tel.: 06324-820 438) erh\u00e4ltlich. <\/p>\n\n\n\n<p><em>Gemeindeverwaltung Ha\u00dfloch<br>07.10.2019<\/em><\/p>\n\n\n\n<h2 class=\"wp-block-heading\">Herbstfest auf dem Wochenmarkt am 12. Oktober<\/h2>\n\n\n\n<p>Der Ha\u00dflocher Wochenmarkt ist seit inzwischen 32 Jahren eine feste Konstante im Dorfleben. Was 1986 als einmalige Aktion aus Anlass des Verschwisterungsjubil\u00e4ums mit Viroflay begann, ist heute nicht mehr wegzudenken. Da die damalige Aktion zahlreiche Besucher anlockte und entsprechend positiv aufgenommen wurde, entschloss man sich, daraus etwas Regelm\u00e4\u00dfiges zu machen. Kurz darauf wurde der Wochenmarkt geboren. Seit dem 11. April 1987 findet jeden Samstag ein Wochenmarkt statt.<\/p>\n\n\n\n<p>Eine \u00e4hnlich feste Konstante ist auch das <strong>Herbstfest auf dem Wochenmarkt<\/strong>, das in diesem Jahr am <strong>Samstag, den 12. Oktober<\/strong> stattfinden wird. Die Besucherinnen und Besucher des Herbstfestes werden mit Neuem Wein und Zwiebelkuchen durch die Ha\u00dflocher Marinekameradschaft bewirtet. Zudem wird der Shanty Chor der Marinekameradschaft f\u00fcr die musikalische Umrahmung des Festes sorgen.<\/p>\n\n\n\n<p>Das Angebot der Beschicker wird an dem Tag au\u00dferdem durch einen Stand der Kindertagesst\u00e4tte St. Elisabeth erg\u00e4nzt. Es gibt Kuchen, frisch gebackene Waffeln und Kaffee. Der Erl\u00f6s aus dem Verkauf kommt zu 100 Prozent den Kindern des Kindergartens zu Gute. Dar\u00fcber hinaus wird die \u00d6kumenische Hospizhilfe an diesem Tag mit einem Informationsstand auf dem Wochenmarkt vertreten sein. <\/p>\n\n\n\n<p><em>Gemeindeverwaltung Ha\u00dfloch<br>07.10.2019<\/em><\/p>\n\n\n\n<h2 class=\"wp-block-heading\">2. Auflage der Ha\u00dflocher Kunst- und Kulturtage<\/h2>\n\n\n\n<div class=\"wp-block-image\"><figure class=\"aligncenter\"><img decoding=\"async\" loading=\"lazy\" width=\"500\" height=\"705\" src=\"https:\/\/speyer24news.com\/wp-content\/uploads\/2019\/10\/Bild-Plakat.jpg\" alt=\"\" class=\"wp-image-20234\" srcset=\"https:\/\/speyer24news.com\/wp-content\/uploads\/2019\/10\/Bild-Plakat.jpg 500w, https:\/\/speyer24news.com\/wp-content\/uploads\/2019\/10\/Bild-Plakat-213x300.jpg 213w\" sizes=\"(max-width: 500px) 100vw, 500px\" \/><\/figure><\/div>\n\n\n\n<p>Im Oktober wird das Kulturviereck erneut im Zeichen der Ha\u00dflocher Kunst- und Kulturtage stehen. <strong>Vom 25.10. bis 27.10.2019 <\/strong>wird die nunmehr zweite Auflage der vom Arbeitskreis \u201eKunst\u201c, dem Kulturverein \u201e\u00c4ltestes Haus\u201c e.V. und der Gemeinde Ha\u00dfloch organisierten Veranstaltung stattfinden. <\/p>\n\n\n\n<p>Die Kunst- und Kulturtage gehen zur\u00fcck auf eine Idee des Arbeitskreises \u201eKunst\u201c. Der Arbeitskreis wurde in 2017 nach einer l\u00e4ngeren Auszeit reaktiviert und hatte sich in seinen ersten Sitzungen mit der Frage besch\u00e4ftigt, wie ein attraktives Angebot im Bereich der Kunst und Kultur f\u00fcr Ha\u00dfloch aussehen k\u00f6nnte. Aus den Gespr\u00e4chen entstand die Idee zu den Kunst- und Kulturtagen. Und aus der Idee wurde ein konkretes Projekt, was am 19. Oktober 2018 seine Premiere feierte. Die Premiere der Kunst- und Kulturtage war ein voller Erfolg, sodass sich alle Beteiligten ziemlich schnell einig waren, dass die Veranstaltung nicht ein einmaliges Event bleiben d\u00fcrfe, sondern in 2019 fortgef\u00fchrt werden soll.<\/p>\n\n\n\n<p>Bei der zweiten Auflage werden viele K\u00fcnstler aus dem vergangenen Jahr erneut mitwirken und ausstellen. Insgesamt haben 15 K\u00fcnstlerinnen und K\u00fcnstler ihre Teilnahme zugesagt. Gezeigt werden Plastiken und Skulpturen, Fotografien, Malereien sowie Zeichnungen.<\/p>\n\n\n\n<p>Die Kunst- und Kulturtage werden das gesamte Kulturviereck in Anspruch nehmen. Hinzu kommt in diesem Jahr erstmals auch der Hof des \u00c4ltesten Hauses, wo Steinzeithandwerk und Skulpturen aus Holz pr\u00e4sentiert werden sollen. Auch der Otto-Dill-Saal im Heimatmuseum wird Ausstellungsort. Hier werden k\u00fcnstlerisch begabte Sch\u00fclerinnen und Sch\u00fcler des Hannah-Arendt-Gymnasiums vertreten sein und unterschiedliche Werke pr\u00e4sentieren. Am Sonntag (27.10.) werden au\u00dferdem parallel zu den Kunst- und Kulturtagen das Heimatmuseum sowie die Suiseki-Ausstellung zu besichtigen sein.<\/p>\n\n\n\n<p>Die Kunst- und Kulturtage werden durch ein abwechslungsreiches und unterhaltsames Rahmenprogramm begleitet. Hierzu konnten wieder der Kulturverein \u201e\u00c4ltestes Haus\u201c e.V. und die Musikschule Ha\u00dfloch gewonnen werden. Die Musikschule wird in diesem Jahr s\u00e4mtliche Musikbeitr\u00e4ge \u00fcbernehmen &#8211; den Auftakt bildet die Vernissage am Freitagabend (25.10.). Die offizielle Er\u00f6ffnung sowie die Vorstellung der K\u00fcnstler \u00fcbernimmt der Kulturverein gemeinsam mit dem neuen Beigeordneten Claus Wolfer. Am Samstagabend (26.10.) spielt die Rockwerkstatt der Musikschule, die an dem Wochenende au\u00dferdem ihr 50- j\u00e4hriges Bestehen feiert. Zudem gibt es am Samstag und Sonntag kleinere Spielszenen der Jungschauspieler von \u201eTheater im Hof\u201c und der \u201eM\u00e4rchenb\u00fchne\u201c. Auch kurze musikalische Solo-Acts sind zwischendurch vorgesehen.<\/p>\n\n\n\n<p>Der Eintritt zu den Kunst- und Kulturtagen ist an allen drei Veranstaltungstagen frei. Die Finanzierung der Kunst- und Kulturtage erfolgt durch Eigenmittel der Gemeinde, ebenso wird ein Zuschuss durch das Ministerium f\u00fcr Wissenschaft, Weiterbildung und Kultur im Rahmen der \u201eF\u00f6rderung kommunaler Kultureinrichtungen und Projekte\u201c erwartet.<\/p>\n\n\n\n<h4 class=\"wp-block-heading\">Die \u00d6ffnungszeiten im \u00dcberblick: <\/h4>\n\n\n\n<ul><li>Freitag, 25.10.2019: ab 18:00 Uhr<\/li><li>Samstag, 26.10.2019: 14:00 bis 20:00 Uhr<\/li><li>Sonntag, 27.10.2019: 11:00 bis 17:00 Uhr <\/li><\/ul>\n\n\n\n<h3 class=\"wp-block-heading\" style=\"text-align:center\">Programm im \u00dcberblick: <\/h3>\n\n\n\n<h4 class=\"wp-block-heading\">Freitag, 25.10.2019 <\/h4>\n\n\n\n<ul><li>18:00 Uhr Einlass <\/li><li>19:00 Uhr Vernissage mit musikalischer Umrahmung durch die Musikschule der Gemeinde Ha\u00dfloch<\/li><\/ul>\n\n\n\n<h4 class=\"wp-block-heading\">Samstag, 26.10.2019 <\/h4>\n\n\n\n<ul><li>14:00 Uhr Musik <\/li><li>15:00 Uhr Theater <\/li><li>16:00 Uhr Musik <\/li><li>17:00 Uhr Theater <\/li><li>18:00 Uhr Rockwerkstatt der Musikschule <\/li><li>20:00 Uhr Ende<\/li><\/ul>\n\n\n\n<h4 class=\"wp-block-heading\">Sonntag, 27.10.2019 <\/h4>\n\n\n\n<ul><li>11:00 Uhr Klaviermatin\u00e9e Musikschule <\/li><li>13:00 Uhr Musik <\/li><li>14:00 Uhr Theater <\/li><li>15:00 Uhr Musik <\/li><li>16:00 Uhr Theater <\/li><li>Ende <\/li><\/ul>\n\n\n\n<p><em>Gemeindeverwaltung Ha\u00dfloch<br>07.10.2019<\/em><\/p>\n\n\n\n<h2 class=\"wp-block-heading\">Aufstellung der Fundsachen im September 2019<\/h2>\n\n\n\n<p>Im Monat September 2019 wurden nachstehende Fundsachen im Fundb\u00fcro der Gemeinde Ha\u00dfloch (B\u00fcrgerb\u00fcro, Langgasse 64) abgegeben:<\/p>\n\n\n\n<h4 class=\"wp-block-heading\">Fahrr\u00e4der:<\/h4>\n\n\n\n<ul><li>Ein Herrenrad der Marke \u201eWheeler pro Line\u201c in schwarz mit goldener Schrift, 26 Zoll<\/li><\/ul>\n\n\n\n<ul><li>Ein Mountainbike der Marke \u201eExakt\u201c in silber, 26 Zoll und 21 G\u00e4nge<\/li><\/ul>\n\n\n\n<h4 class=\"wp-block-heading\">Weitere Fundsachen:<\/h4>\n\n\n\n<ul><li>Ein graues, \u00e4rmelloses T-Shirt der Marke \u201echapter young\u201c in der Gr\u00f6\u00dfe 146\/152<\/li><li>Eine Power Bank der Marke \u201eX-Dodd\u201c in blau<\/li><li>Ein Smartphone der Marke \u201eSamsung\u201c in schwarz<\/li><li>Ein Smartphone der Marke \u201eSamsung\u201c in dunkelblau (Galaxy A 70)<\/li><\/ul>\n\n\n\n<p>Bei Fragen zu den Fundsachen k\u00f6nnen sich B\u00fcrgerinnen und B\u00fcrger an das B\u00fcrgerb\u00fcro in der Langgasse 64 wenden. Dieses ist zu den \u00fcblichen \u00d6ffnungszeiten unter der Telefonnummer 06324\/935-200 erreichbar.<\/p>\n\n\n\n<p><em>Gemeindeverwaltung Ha\u00dfloch<br>07.10.2019<\/em><\/p>\n","protected":false},"excerpt":{"rendered":"<div class=\"mh-excerpt\"><p>Hurra &#8211; Wir sind pf\u00e4lzer Weink\u00f6nigin Treffen mit Anna auf dem Rathausplatz in Ha\u00dfloch \u201eHa\u00dfloch feiert Anna I. \u2013 als 81. pf\u00e4lzische Weink\u00f6nigin\u201c so der stellvertretende Vorsitzende der Leisb\u00f6hler WeinKultur Ha\u00dfloch e.V. Edgar R\u00f6melt. Aus <a class=\"mh-excerpt-more\" href=\"https:\/\/speyer24news.com\/?p=20233\" title=\"Ha\u00dfloch:\">[&#8230;]<\/a><\/p>\n<\/div>","protected":false},"author":3,"featured_media":19205,"comment_status":"open","ping_status":"open","sticky":false,"template":"","format":"standard","meta":{"_monsterinsights_skip_tracking":false,"_monsterinsights_sitenote_active":false,"_monsterinsights_sitenote_note":"","_monsterinsights_sitenote_category":0,"footnotes":""},"categories":[235],"tags":[3774,325,3482,180,3778,3436,3780,3779,3773,3777,3770,3771,3776,3760,3772,44],"aioseo_notices":[],"amp_enabled":true,"_links":{"self":[{"href":"https:\/\/speyer24news.com\/index.php?rest_route=\/wp\/v2\/posts\/20233"}],"collection":[{"href":"https:\/\/speyer24news.com\/index.php?rest_route=\/wp\/v2\/posts"}],"about":[{"href":"https:\/\/speyer24news.com\/index.php?rest_route=\/wp\/v2\/types\/post"}],"author":[{"embeddable":true,"href":"https:\/\/speyer24news.com\/index.php?rest_route=\/wp\/v2\/users\/3"}],"replies":[{"embeddable":true,"href":"https:\/\/speyer24news.com\/index.php?rest_route=%2Fwp%2Fv2%2Fcomments&post=20233"}],"version-history":[{"count":3,"href":"https:\/\/speyer24news.com\/index.php?rest_route=\/wp\/v2\/posts\/20233\/revisions"}],"predecessor-version":[{"id":20240,"href":"https:\/\/speyer24news.com\/index.php?rest_route=\/wp\/v2\/posts\/20233\/revisions\/20240"}],"wp:featuredmedia":[{"embeddable":true,"href":"https:\/\/speyer24news.com\/index.php?rest_route=\/wp\/v2\/media\/19205"}],"wp:attachment":[{"href":"https:\/\/speyer24news.com\/index.php?rest_route=%2Fwp%2Fv2%2Fmedia&parent=20233"}],"wp:term":[{"taxonomy":"category","embeddable":true,"href":"https:\/\/speyer24news.com\/index.php?rest_route=%2Fwp%2Fv2%2Fcategories&post=20233"},{"taxonomy":"post_tag","embeddable":true,"href":"https:\/\/speyer24news.com\/index.php?rest_route=%2Fwp%2Fv2%2Ftags&post=20233"}],"curies":[{"name":"wp","href":"https:\/\/api.w.org\/{rel}","templated":true}]}}