{"id":20258,"date":"2019-10-07T13:08:55","date_gmt":"2019-10-07T12:08:55","guid":{"rendered":"https:\/\/speyer24news.com\/?p=20258"},"modified":"2019-10-07T13:08:57","modified_gmt":"2019-10-07T12:08:57","slug":"landau-und-kreis-ld","status":"publish","type":"post","link":"https:\/\/speyer24news.com\/?p=20258","title":{"rendered":"Landau und Kreis LD:"},"content":{"rendered":"<style type=\"text\/css\">\r\n\t.ads_top_disp{}\r\n\t.ads_top_corner_disp{ float:left; margin:0px 10px 10px 0px; }\r\n\t.ads_first_p_disp{}\r\n\t.ads_bottom_disp{}\r\n\t<\/style>\n<h2 class=\"wp-block-heading\">F\u00fcr (angehende) Existenzgr\u00fcnderinnen und -gr\u00fcnder: Schnupperseminar am Mittwoch, 13. November, im Landauer Rathaus<\/h2>\n\n\n\n<div class=\"wp-block-image\"><figure class=\"aligncenter\"><img decoding=\"async\" loading=\"lazy\" width=\"800\" height=\"531\" src=\"https:\/\/speyer24news.com\/wp-content\/uploads\/2019\/10\/Info-488-Existenzgr\u00fcndungsseminar.jpg\" alt=\"\" class=\"wp-image-20270\" srcset=\"https:\/\/speyer24news.com\/wp-content\/uploads\/2019\/10\/Info-488-Existenzgr\u00fcndungsseminar.jpg 800w, https:\/\/speyer24news.com\/wp-content\/uploads\/2019\/10\/Info-488-Existenzgr\u00fcndungsseminar-300x199.jpg 300w, https:\/\/speyer24news.com\/wp-content\/uploads\/2019\/10\/Info-488-Existenzgr\u00fcndungsseminar-768x510.jpg 768w\" sizes=\"(max-width: 800px) 100vw, 800px\" \/><figcaption> F\u00fcr (angehende) Existenzgr\u00fcnderinnen und -gr\u00fcnder: Die Wirtschaftsf\u00f6rderungen der Stadt Landau und des Landkreises S\u00fcdliche Weinstra\u00dfe bieten am Mittwoch, 13. November, einen Schnupperkurs im Landauer Rathaus an.<\/figcaption><\/figure><\/div>\n\n\n\n<p>Die Wirtschaftsf\u00f6rderungen der Stadt Landau und des Landkreises S\u00fcdliche Weinstra\u00dfe bieten allen Existenzgr\u00fcnderinnen und -gr\u00fcndern sowie allen Interessierten erneut einen Schnupperkurs an. Das Seminar wird von zwei Unternehmensberatern und -coaches durchgef\u00fchrt und findet am <strong>Mittwoch, 13. November<\/strong>, von 8 bis 16 Uhr im Sitzungszimmer 8 des Landauer Rathauses statt.<\/p>\n\n\n\n<p>Der Kurs richtet sich ausdr\u00fccklich auch an Frauen in oder nach der Babypause, die eine Existenzgr\u00fcndung als gro\u00dfe Chance sehen, um eigenes Geld zu verdienen und dabei die Arbeitszeit flexibel selbst bestimmen zu k\u00f6nnen. Eine weitere gro\u00dfe Zielgruppe sind Angestellte, die aus dem Angestelltenverh\u00e4ltnis aussteigen m\u00f6chten. <\/p>\n\n\n\n<h4 class=\"wp-block-heading\">Zu folgenden Themen verschafft das Seminar einen Einblick:<\/h4>\n\n\n\n<ul><li>Wie erstelle ich den perfekten Businessplan? <\/li><li>Wie kann ich mich durch Alleinstellungsmerkmale von anderen Unternehmen am Markt unterscheiden? <\/li><li>Marketing und Vertrieb<\/li><li>Finanzielle Zusch\u00fcsse, z.B. Gr\u00fcndungszuschuss, Darlehen<\/li><li>Grundz\u00fcge zu Steuern, Buchhaltung, Kalkulation<\/li><li>Genehmigungen, Rechtsformen<\/li><\/ul>\n\n\n\n<p>Die Teilnahmegeb\u00fchr betr\u00e4gt 59 Euro (inkl. USt.) pro Person. Die Teilnehmerinnen und Teilnehmer erhalten umfangreiche, kostenlose Seminarunterlagen vom Veranstalter sowie ein Zertifikat.  <\/p>\n\n\n\n<h4 class=\"wp-block-heading\">Anmeldung und Infos: <\/h4>\n\n\n\n<p><strong>Wirtschaftsf\u00f6rderung Stadt Landau in der Pfalz<\/strong><br>Telefon 0 63 41\/13 20 02, Fax 0 63 41\/13 88 20 09<br>E-Mail: jasmin.seither@landau.de<\/p>\n\n\n\n<p><strong>Mittelstandsberatungs- und Betreuungsgesellschaft S\u00dcW mbH<\/strong><br>Telefon 0 63 41\/94 04 51, Fax 0 63 41\/94 05 06<br>E-Mail: <a href=\"u.koenig@mbb-suew.de\">u.koenig@mbb-suew.de<\/a> <\/p>\n\n\n\n<p><strong>WEIS &amp; FRAUNDORFER, Landau<\/strong><br>Telefon 0172\/66 56 139<br>E-Mail: <a href=\"info@weis-fraundorfer.de\">info@weis-fraundorfer.de<\/a><br>KfW-Berater, BAFA gelistet, Coaches<\/p>\n\n\n\n<p><em>Text: Stadtverwaltung Landau in der Pfalz Foto: pixabay<br>07.10.2019<\/em><\/p>\n\n\n\n<h2 class=\"wp-block-heading\">Standesamt\nder Stadt Landau am Mittwoch, 16. Oktober, geschlossen<\/h2>\n\n\n\n<p>Wegen einer Schulungsveranstaltung bleibt das Standesamt der Stadt Landau am <strong>Mittwoch, 16. Oktober, ganzt\u00e4tig geschlossen<\/strong>. Ab Donnerstag, 17. Oktober, sind die Mitarbeiterinnen und Mitarbeiter wieder zu den \u00fcblichen \u00d6ffnungszeiten erreichbar. Diese sind: <\/p>\n\n\n\n<ul><li>Montag bis Mittwoch 8:30 Uhr bis 12 Uhr<\/li><li>Dienstag                       14 Uhr bis 16 Uhr<\/li><li>Donnerstag                  14 Uhr bis 18 Uhr<\/li><li>Freitag                           8:30 Uhr bis 12 Uhr<\/li><\/ul>\n\n\n\n<p><em>Stadtverwaltung Landau in der Pfalz<br>07.10.2019<\/em><\/p>\n\n\n\n<h2 class=\"wp-block-heading\">Von der S\u00fcdpfalzmetropole in die Bundeshauptstadt: St\u00e4dtische Jugendf\u00f6rderung mit Landauer Jugendlichen auf Bildungsfreizeit in Berlin<\/h2>\n\n\n\n<div class=\"wp-block-image\"><figure class=\"aligncenter\"><img decoding=\"async\" loading=\"lazy\" width=\"800\" height=\"600\" src=\"https:\/\/speyer24news.com\/wp-content\/uploads\/2019\/10\/Info-483c-Berlin-Freizeit.jpg\" alt=\"\" class=\"wp-image-20267\" srcset=\"https:\/\/speyer24news.com\/wp-content\/uploads\/2019\/10\/Info-483c-Berlin-Freizeit.jpg 800w, https:\/\/speyer24news.com\/wp-content\/uploads\/2019\/10\/Info-483c-Berlin-Freizeit-300x225.jpg 300w, https:\/\/speyer24news.com\/wp-content\/uploads\/2019\/10\/Info-483c-Berlin-Freizeit-768x576.jpg 768w, https:\/\/speyer24news.com\/wp-content\/uploads\/2019\/10\/Info-483c-Berlin-Freizeit-678x509.jpg 678w, https:\/\/speyer24news.com\/wp-content\/uploads\/2019\/10\/Info-483c-Berlin-Freizeit-326x245.jpg 326w, https:\/\/speyer24news.com\/wp-content\/uploads\/2019\/10\/Info-483c-Berlin-Freizeit-80x60.jpg 80w\" sizes=\"(max-width: 800px) 100vw, 800px\" \/><figcaption> Die bildungspolitische Freizeit f\u00fchrte die Landauer Jugendlichen auch in den Berliner Bundestag.<\/figcaption><\/figure><\/div>\n\n\n\n<p>Einmal im Jahr l\u00e4dt die Jugendf\u00f6rderung der Stadt Landau interessierte Jugendliche ab 15 Jahren zu einer Berlin-Freizeit. Das Programm in der Bundeshauptstadt setzt sich aus geschichtlichen, politischen und kulturellen Angeboten zusammen. Rund 20 Jugendliche sind jetzt von der diesj\u00e4hrigen bildungspolitischen Freizeit zur\u00fcckgekehrt \u2013 und zeigten sich von dem Angebot, das von den s\u00fcdpf\u00e4lzischen Bundestagsabgeordneten, in diesem Jahr Dr. Tobias Lindner (B\u00dcNDNIS 90\/DIE GR\u00dcNEN) unterst\u00fctzt wird, begeistert.<\/p>\n\n\n\n<div class=\"wp-block-image\"><figure class=\"aligncenter\"><img decoding=\"async\" loading=\"lazy\" width=\"800\" height=\"600\" src=\"https:\/\/speyer24news.com\/wp-content\/uploads\/2019\/10\/Info-483b-Berlin-Freizeit.jpg\" alt=\"\" class=\"wp-image-20268\" srcset=\"https:\/\/speyer24news.com\/wp-content\/uploads\/2019\/10\/Info-483b-Berlin-Freizeit.jpg 800w, https:\/\/speyer24news.com\/wp-content\/uploads\/2019\/10\/Info-483b-Berlin-Freizeit-300x225.jpg 300w, https:\/\/speyer24news.com\/wp-content\/uploads\/2019\/10\/Info-483b-Berlin-Freizeit-768x576.jpg 768w, https:\/\/speyer24news.com\/wp-content\/uploads\/2019\/10\/Info-483b-Berlin-Freizeit-678x509.jpg 678w, https:\/\/speyer24news.com\/wp-content\/uploads\/2019\/10\/Info-483b-Berlin-Freizeit-326x245.jpg 326w, https:\/\/speyer24news.com\/wp-content\/uploads\/2019\/10\/Info-483b-Berlin-Freizeit-80x60.jpg 80w\" sizes=\"(max-width: 800px) 100vw, 800px\" \/><figcaption> Zu den Highlights in Berlin geh\u00f6rte auch die Teilnahme an einer Streetart-Tour und einem Streetart-Workshop.<\/figcaption><\/figure><\/div>\n\n\n\n<p>\u201eWir haben nur positive R\u00fcckmeldungen erhalten und wollen die Freizeit auch im kommenden Jahr in den Herbstferien wieder anbieten\u201c, fasst Stadtjugendpfleger Arno Sch\u00f6nh\u00f6fer zusammen. Denn: \u201eDie Kids schnuppern so nicht nur Hauptstadtluft und haben in der Gruppe ganz viel Spa\u00df; sie lernen auch spielerisch viel \u00fcber Demokratie und unser politisches System, etwa durch den Besuch des Bundestags und das Nachspielen einer Sitzung im Bundesrat.\u201c An der von p\u00e4dagogischen Fachkr\u00e4ften betreuten Freizeit nahmen auch die Jugendlichen der Jugendbeteiligung Landau (JuBeLa) teil. Sie will die Beteiligung junger Menschen an kommunalen Prozessen f\u00f6rdern.<\/p>\n\n\n\n<div class=\"wp-block-image\"><figure class=\"aligncenter\"><img decoding=\"async\" loading=\"lazy\" width=\"800\" height=\"533\" src=\"https:\/\/speyer24news.com\/wp-content\/uploads\/2019\/10\/Info-483a-Berlin-Freizeit.jpg\" alt=\"\" class=\"wp-image-20269\" srcset=\"https:\/\/speyer24news.com\/wp-content\/uploads\/2019\/10\/Info-483a-Berlin-Freizeit.jpg 800w, https:\/\/speyer24news.com\/wp-content\/uploads\/2019\/10\/Info-483a-Berlin-Freizeit-300x200.jpg 300w, https:\/\/speyer24news.com\/wp-content\/uploads\/2019\/10\/Info-483a-Berlin-Freizeit-768x512.jpg 768w\" sizes=\"(max-width: 800px) 100vw, 800px\" \/><figcaption> Ein alternativer Blick auf Berlin: Die Landauer Jugendlichen nahmen an einer F\u00fchrung teil, die die Bundeshauptstadt aus Sicht von Obdachlosen erlebbar macht.<\/figcaption><\/figure><\/div>\n\n\n\n<p>Zu den absoluten\nHighlights der Freizeit geh\u00f6rte zudem eine Stadtf\u00fchrung, die Berlin aus der\nSicht von Obdachlosen erlebbar machte und den Landauer Jugendlichen einen ganz\neigenen, speziellen Blick auf die Bundeshauptstadt erm\u00f6glichte. Au\u00dferdem auf\nder Agenda standen ein Streetart-Workshop, der Besuch des Mauerparks, des\nStasi-Museums und des Holocaust-Mahnmals, Theaterbesuche und vieles mehr. \n\nInformationen zu diesem und anderen Angeboten\nerteilt die st\u00e4dtische Jugendf\u00f6rderung unter 0 63 41\/13 51 71 bzw. 0 63 41\/13 51\n72 oder direkt im Haus der Jugend in der Waffenstra\u00dfe.\n\n\n\n<\/p>\n\n\n\n<p><em>Stadtverwaltung Landau in der Pfalz<br>07.10.2019<\/em><\/p>\n\n\n\n<h2 class=\"wp-block-heading\">Aktion #Einheitsbuddeln in Landau ein voller Erfolg: Rund 50 Teilnehmerinnen und Teilnehmer pflanzen 25 B\u00e4ume auf fr\u00fcherem LGS-Gel\u00e4nde \u2013 OB Hirsch: \u201eTolle Gemeinschaftsleistung im Kampf gegen den Klimawandel\u201c \u2013 Wiederholung im kommenden Jahr so gut wie sicher<\/h2>\n\n\n\n<div class=\"wp-block-image\"><figure class=\"aligncenter\"><img decoding=\"async\" loading=\"lazy\" width=\"800\" height=\"533\" src=\"https:\/\/speyer24news.com\/wp-content\/uploads\/2019\/10\/Info-484a-Einheitsbuddeln.jpg\" alt=\"\" class=\"wp-image-20262\" srcset=\"https:\/\/speyer24news.com\/wp-content\/uploads\/2019\/10\/Info-484a-Einheitsbuddeln.jpg 800w, https:\/\/speyer24news.com\/wp-content\/uploads\/2019\/10\/Info-484a-Einheitsbuddeln-300x200.jpg 300w, https:\/\/speyer24news.com\/wp-content\/uploads\/2019\/10\/Info-484a-Einheitsbuddeln-768x512.jpg 768w\" sizes=\"(max-width: 800px) 100vw, 800px\" \/><figcaption> Gemeinsam sind wir stark: Rund 50 Landauerinnen und Landauer pflanzten  auf dem fr\u00fcheren LGS-Gel\u00e4nde unweit des Aussichtsturms 25 B\u00e4ume.<\/figcaption><\/figure><\/div>\n\n\n\n<p>Stell dir vor, am 3. Oktober pflanzt jeder Mensch in Deutschland einen Baum: Das ist die Idee hinter der Aktion #Einheitsbuddeln, die in diesem Jahr auf Initiative von Bundesratspr\u00e4sident Daniel G\u00fcnther erstmals in vielen deutschen St\u00e4dten stattfand \u2013 und auf Anhieb auf gro\u00dfe Resonanz stie\u00df. Bundesweit wurden von Privatpersonen und Kommunen mehr als 100.000 B\u00e4ume gepflanzt und auch die Stadt Landau lie\u00df es sich nicht nehmen, ein Zeichen f\u00fcr den Klimaschutz zu setzen. <\/p>\n\n\n\n<div class=\"wp-block-image\"><figure class=\"aligncenter\"><img decoding=\"async\" loading=\"lazy\" width=\"800\" height=\"533\" src=\"https:\/\/speyer24news.com\/wp-content\/uploads\/2019\/10\/Info-484b-Einheitsbuddeln.jpg\" alt=\"\" class=\"wp-image-20263\" srcset=\"https:\/\/speyer24news.com\/wp-content\/uploads\/2019\/10\/Info-484b-Einheitsbuddeln.jpg 800w, https:\/\/speyer24news.com\/wp-content\/uploads\/2019\/10\/Info-484b-Einheitsbuddeln-300x200.jpg 300w, https:\/\/speyer24news.com\/wp-content\/uploads\/2019\/10\/Info-484b-Einheitsbuddeln-768x512.jpg 768w\" sizes=\"(max-width: 800px) 100vw, 800px\" \/><figcaption> OB Thomas Hirsch hatte das #Einheitsbuddeln nach Landau geholt.<\/figcaption><\/figure><\/div>\n\n\n\n<p>Auf Einladung von OB Thomas Hirsch kamen rund 50 B\u00fcrgerinnen und B\u00fcrger auf dem fr\u00fcheren LGS-Gel\u00e4nde zusammen, um unweit des Aussichtssturms 25 neue B\u00e4ume zu pflanzen. Auch der Parlamentarische Staatssekret\u00e4r im Bundesgesundheitsministerium, Dr. Thomas Gebhart, die Europaabgeordnete Christine Schneider, der Landtagsabgeordnete Peter Lerch sowie zahlreiche Stadtr\u00e4tinnen und Stadtr\u00e4te griffen zum Spaten, um den neuen Baumhain aus Mehlbeeren anzulegen. Im Vorfeld hatte die Stadt ebenfalls im Rahmen des #Einheitsbuddelns mit Unterst\u00fctzung der EnergieS\u00fcdwest AG bereits verschiedene Baumarten an private Gartenbesitzerinnen und Gartenbesitzer verschenkt.<\/p>\n\n\n\n<div class=\"wp-block-image\"><figure class=\"aligncenter\"><img decoding=\"async\" loading=\"lazy\" width=\"800\" height=\"533\" src=\"https:\/\/speyer24news.com\/wp-content\/uploads\/2019\/10\/Info-484c-Einheitsbuddeln.jpg\" alt=\"\" class=\"wp-image-20264\" srcset=\"https:\/\/speyer24news.com\/wp-content\/uploads\/2019\/10\/Info-484c-Einheitsbuddeln.jpg 800w, https:\/\/speyer24news.com\/wp-content\/uploads\/2019\/10\/Info-484c-Einheitsbuddeln-300x200.jpg 300w, https:\/\/speyer24news.com\/wp-content\/uploads\/2019\/10\/Info-484c-Einheitsbuddeln-768x512.jpg 768w\" sizes=\"(max-width: 800px) 100vw, 800px\" \/><figcaption> Am Rande der Veranstaltung hatten B\u00fcrgerinnen und B\u00fcrger auch die M\u00f6glichkeit, ihre Wunschstandorte f\u00fcr noch mehr B\u00e4ume in Landau zu  markieren.<\/figcaption><\/figure><\/div>\n\n\n\n<p>Dass auch die Pflanzparty auf dem fr\u00fcheren LGS-Gel\u00e4nde auf gro\u00dfes Interesse stie\u00df, freut OB Hirsch. Der Initiator zeigte sich beeindruckt von der tollen Gemeinschaftsleistung der Landauerinnen und Landauer an diesem besonderen, historischen Tag. \u201eJunge B\u00e4ume, wie wir sie hier heute in die Erde pflanzen, stehen immer auch f\u00fcr den Anfang von etwas Neuem \u2013 das passt, finde ich, sehr gut zum Tag der Deutschen Einheit, den wir heute feiern und der uns jedes Jahr daran erinnert, dass wir das Gl\u00fcck haben, in einem vereinten, freien und demokratischen Deutschland leben zu d\u00fcrfen.\u201c Das Pflanzen von B\u00e4umen sei aber auch zum Symbol f\u00fcr den Kampf gegen den Klimawandel und unsere Bem\u00fchungen f\u00fcr eine gute und lebenswerte Zukunft geworden, so Landaus Stadtchef. Auch hier m\u00fcssten wir im wahrsten Sinne des Wortes \u201ezusammenwachsen\u201c und gemeinsam etwas bewegen. <\/p>\n\n\n\n<div class=\"wp-block-image\"><figure class=\"aligncenter\"><img decoding=\"async\" loading=\"lazy\" width=\"500\" height=\"667\" src=\"https:\/\/speyer24news.com\/wp-content\/uploads\/2019\/10\/Info-484d-Einheitsbuddeln.jpg\" alt=\"\" class=\"wp-image-20265\" srcset=\"https:\/\/speyer24news.com\/wp-content\/uploads\/2019\/10\/Info-484d-Einheitsbuddeln.jpg 500w, https:\/\/speyer24news.com\/wp-content\/uploads\/2019\/10\/Info-484d-Einheitsbuddeln-225x300.jpg 225w\" sizes=\"(max-width: 500px) 100vw, 500px\" \/><figcaption> Tatkr\u00e4ftig unterst\u00fctzt wurde das #Einheitsbuddeln in Landau von der Freiwilligen Feuerwehr.<\/figcaption><\/figure><\/div>\n\n\n\n<p>Der OB k\u00fcndigte nicht nur eine Wiederholung der Aktion #Einheitsbuddeln f\u00fcr das kommende Jahr an, sondern erinnerte auch an die (mindestens) 500 B\u00e4ume, die die Stadt Landau den kommenden Jahren im Stadtgebiet zus\u00e4tzlich pflanzen will. Beim #Einheitsbuddeln hatten die Landauerinnen und Landauer bereits die M\u00f6glichkeit, ihre Wunschstandorte f\u00fcr noch mehr Stadtgr\u00fcn auf einem Plan zu markieren.  Unterst\u00fctzt wurde das #Einheitsbuddeln in Landau von der st\u00e4dtischen Gr\u00fcnfl\u00e4chenabteilung, der Stabsstelle f\u00fcr \u00d6ffentlichkeitsarbeit und B\u00fcrgerbeteiligung, der Kinder- und Jugendfarm, die f\u00fcr die Bewirtung w\u00e4hrend der Pflanzparty sorgte, der Freiwilligen Feuerwehr, die f\u00fcr die Bew\u00e4sserung der neu gepflanzten B\u00e4ume zust\u00e4ndig war, der Firma Liebertseder, der Baumschule Lied, der EnergieS\u00fcdwest AG, der Druckerei Gieselmann und der Firma Gillet. <\/p>\n\n\n\n<div class=\"wp-block-image\"><figure class=\"aligncenter\"><img decoding=\"async\" loading=\"lazy\" width=\"800\" height=\"533\" src=\"https:\/\/speyer24news.com\/wp-content\/uploads\/2019\/10\/Info-484e-Einheitsbuddeln.jpg\" alt=\"\" class=\"wp-image-20266\" srcset=\"https:\/\/speyer24news.com\/wp-content\/uploads\/2019\/10\/Info-484e-Einheitsbuddeln.jpg 800w, https:\/\/speyer24news.com\/wp-content\/uploads\/2019\/10\/Info-484e-Einheitsbuddeln-300x200.jpg 300w, https:\/\/speyer24news.com\/wp-content\/uploads\/2019\/10\/Info-484e-Einheitsbuddeln-768x512.jpg 768w\" sizes=\"(max-width: 800px) 100vw, 800px\" \/><figcaption> Die Bewirtung beim Landauer #Einheitsbuddeln \u00fcbernahm die Kinder- und Jugendfarm um die Vorsitzende Dagmar Fl\u00f6rchinger.<\/figcaption><\/figure><\/div>\n\n\n\n<p><em>Stadtverwaltung Landau in der Pfalz<br>07.10.2019<\/em><\/p>\n\n\n\n<h2 class=\"wp-block-heading\">Der Mann der Zahlen: Landauer Stadtk\u00e4mmerer Kurt Degen wird nach 30 Jahren in den Ruhestand verabschiedet<\/h2>\n\n\n\n<div class=\"wp-block-image\"><figure class=\"aligncenter\"><img decoding=\"async\" loading=\"lazy\" width=\"500\" height=\"750\" src=\"https:\/\/speyer24news.com\/wp-content\/uploads\/2019\/10\/Info-481-Degen.jpg\" alt=\"\" class=\"wp-image-20261\" srcset=\"https:\/\/speyer24news.com\/wp-content\/uploads\/2019\/10\/Info-481-Degen.jpg 500w, https:\/\/speyer24news.com\/wp-content\/uploads\/2019\/10\/Info-481-Degen-200x300.jpg 200w\" sizes=\"(max-width: 500px) 100vw, 500px\" \/><figcaption> Landaus Stadtk\u00e4mmerer Kurt Degen wird nach 30 Jahren in den Ruhestand verabschiedet.<\/figcaption><\/figure><\/div>\n\n\n\n<p>30 Jahre lang war er der Mann der\nZahlen der Stadt Landau: K\u00e4mmerer Kurt Degen. Nach fast vier Jahrzehnten\nVerwaltungsdienst wurde der Stadtverwaltungsrat jetzt von Oberb\u00fcrgermeister\nThomas Hirsch im Rahmen einer kleinen Feierstunde offiziell in den Ruhestand verabschiedet.\nDie Nachfolge des langj\u00e4hrigen K\u00e4mmerers tritt ab dem 1. November Alexander\nSiegrist, zuvor Pers\u00f6nlicher Referent des Oberb\u00fcrgermeisters, an. <\/p>\n\n\n\n<p>\u201eDrei Jahrzehnte Stadtk\u00e4mmerer und\nzugleich auch stellvertretender Leiter unseres Amts f\u00fcr Finanzverwaltung und\nWirtschaftsf\u00f6rderung: Das ist eine beachtliche Zeit, auf die Kurt Degen heute\ngemeinsam mit uns zur\u00fcckblicken kann\u201c, betonte OB Hirsch. \u201eMit ihm verl\u00e4sst uns\nnicht nur ein gesch\u00e4tzter Kollege, Freund und Mitarbeiter, sondern auch ein\ngro\u00dfer Erfahrungsschatz und ein immenses Wissen, dass sich Degen \u00fcber die Jahre\nangeeignet hat, in den Ruhestand.\u201c Er danke Kurt Degen f\u00fcr die gute und\nlangj\u00e4hrige Zusammenarbeit und w\u00fcnsche ihm f\u00fcr den neuen Lebensabschnitt alles\nGute. <\/p>\n\n\n\n<p>Nachfolger Alexander Siegrist, der bereits in der Vergangenheit Berufserfahrung in der st\u00e4dtischen Finanzverwaltung sammeln konnte, freut sich auf seine neue, anspruchsvolle und bedeutende T\u00e4tigkeit als Stadtk\u00e4mmerer. \u201eVor meiner T\u00e4tigkeit als \u00abPers\u00f6nlicher\u00bb war ich in der K\u00e4mmerei u.a. auf der F\u00f6rderstelle t\u00e4tig \u2013 ich wei\u00df also, was auf mich zukommt\u201c, betont der gelernte Diplom-Verwaltungsbetriebswirt. Auch er danke Kurt Degen f\u00fcr die gute Zusammenarbeit, vor allem in der derzeitigen gemeinsamen \u00dcbergangszeit, in der ihm dieser viel Know-How mit auf den Weg gebe.  Kurt Degen absolvierte in der Zeit von 1977 bis 1981 seinen Wehrdienst, war als Soldat auf Zeit in Gerolstein stationiert und legte seine Pr\u00fcfung als Verwaltungsangestellter ab. Im August 1981 wurde er bei der Stadt Landau als Inspektorenanw\u00e4rter f\u00fcr den gehobenen nichttechnischen Verwaltungsdienst eingestellt. Nach der erfolgreich abgelegten Laufbahnpr\u00fcfung und dem Einsatz als Sachbearbeiter unter anderem im Garten- und Friedhofsamt sowie dem Bau- und dem Ordnungsamt wurde ihm zum 1. August 1989 die Stelle des Stadtk\u00e4mmerers und die Funktion des stellvertretenden Amtsleiters \u00fcbertragen. <\/p>\n\n\n\n<p><em>Stadtverwaltung Landau in der Pfalz<br>07.10.2019<\/em><\/p>\n\n\n\n<h2 class=\"wp-block-heading\">\u201efortuna\u201c: Ausstellung mit Werken von Gabriele Basch bringt \u201eEchor\u00e4ume der Wirklichkeit\u201c in St\u00e4dtische Galerie Villa Streccius in Landau<\/h2>\n\n\n\n<div class=\"wp-block-image\"><figure class=\"aligncenter\"><img decoding=\"async\" loading=\"lazy\" width=\"800\" height=\"590\" src=\"https:\/\/speyer24news.com\/wp-content\/uploads\/2019\/10\/Info-440-Ausstellung-fortuna.jpg\" alt=\"\" class=\"wp-image-20260\" srcset=\"https:\/\/speyer24news.com\/wp-content\/uploads\/2019\/10\/Info-440-Ausstellung-fortuna.jpg 800w, https:\/\/speyer24news.com\/wp-content\/uploads\/2019\/10\/Info-440-Ausstellung-fortuna-300x221.jpg 300w, https:\/\/speyer24news.com\/wp-content\/uploads\/2019\/10\/Info-440-Ausstellung-fortuna-768x566.jpg 768w, https:\/\/speyer24news.com\/wp-content\/uploads\/2019\/10\/Info-440-Ausstellung-fortuna-80x60.jpg 80w\" sizes=\"(max-width: 800px) 100vw, 800px\" \/><figcaption> Unter dem Titel \u201efortuna \u2013 Echor\u00e4ume der Wirklichkeit\u201c zeigt Gabriele  Basch ab Samstag, 19. Oktober, Malerei, Papierschnitte und raumbezogene  Folien-Cut-outs in der St\u00e4dtischen Galerie Villa Streccius in Landau.<\/figcaption><\/figure><\/div>\n\n\n\n<p>Auf Einladung der st\u00e4dtischen Kulturabteilung zeigt Gabriele Basch <strong>ab Samstag, 19. Oktober<\/strong>, unter dem Titel \u201efortuna \u2013 Echor\u00e4ume der Wirklichkeit\u201c Malerei, Papierschnitte und raumbezogene Folien-Cut-outs in der St\u00e4dtischen Galerie Villa Streccius in Landau. <\/p>\n\n\n\n<p>Die Werke der Hamburger\nKunstprofessorin verbinden traditionell getrennte k\u00fcnstlerische Techniken zu\neinem neuen Ganzen. In ihrem Werk begegnen sich Malerei und Zeichnung in einer\nso ungew\u00f6hnlichen Weise, dass Vordergrund und Hintergrund, Materialit\u00e4t und\nAussparung f\u00f6rmlich zu oszillieren beginnen. W\u00e4hrend der Farbenauftrag auf alle\nerdenklichen Weisen, in zarten Verl\u00e4ufen, verstrudelten Strukturen, spontanen\nGesten oder \u00fcber planvoll monochrom schablonierten Fl\u00e4chen erfolgt, erscheint\ndas zeichnerische Moment als Schnitt \u2013 und das im wahrsten Sinne des Wortes.\nSeit den 90er Jahren arbeitet Basch mit Cut-outs und \u00fcbersetzt die uralte\nTradition des silhouettenbetonten grafischen Scherenschnitts in eine sehr\neigene Formensprache, die formal wie inhaltlich neue Wege aufzeichnet, indem\nsie Planung und Zufall, Kreation und Zerst\u00f6rung miteinander zu einer neuen\nkomplexen, vielschichtigen Wirklichkeit verwebt. <\/p>\n\n\n\n<p>Aber nicht nur das: Auch\nder Ausstellungskontext und das r\u00e4umliche Umfeld der Betrachterinnen und\nBetrachter werden bei Basch zum integralen Bestandteil des Werks. Die\nLeerstellen der Cut-outs erlauben \u00fcberraschende Perspektiven auf den\ndahinterliegenden Grund, der immer neue Schattenbilder und subtile farbliche\nReflektionen hervorbringt und so weitere, den Betrachterinnen und Betrachtern\neigentlich abgewandte Ebenen erahnen l\u00e4sst. Wie diese Echor\u00e4ume unserer\nk\u00fcnstlichen, gebauten, phantastischen und medialen Umwelt sich gegenseitig\nerzeugen, verwandeln, verschlingen und neu hervorbringen, ist das gro\u00dfe Thema\nihrer Kunst.<\/p>\n\n\n\n<p>Anl\u00e4sslich der Ausstellung \u201efortuna\u201c in Landau erscheint ein Katalog bei edition cantz. Die 96 Seiten umfassende Monografie mit einem Text von Max Glauner bietet einen \u00dcberblick \u00fcber Baschs Arbeiten von 2008 bis 2019. Die von Ingrid B\u00fcrgy de Ruijter kuratierte Werkschau wird am Freitag, 18. Oktober, um 20 Uhr durch B\u00fcrgermeister und Kulturdezernent Dr. Maximilian Ingenthron er\u00f6ffnet. Zur Einf\u00fchrung spricht Dr. Annette Reich von der Pfalzgalerie Kaiserslautern. Die Ausstellung ist <strong>vom 19. Oktober bis 24. November<\/strong> zu den \u00d6ffnungszeiten der St\u00e4dtischen Galerie Villa Streccius, dienstags und mittwochs von 17 bis 20 Uhr und donnerstags bis sonntags von 14 bis 17 Uhr, zu sehen. <\/p>\n\n\n\n<p><em>Text: Stadtverwaltung Landau in der Pfalz Foto: Gabriele Basch<br>07.10.2019<\/em><\/p>\n\n\n\n<h2 class=\"wp-block-heading\">Im Rahmen der 35. Landauer B\u00fcchereitage: Lesung der Literatur-Offensive Heidelberg am 10. Oktober in Landauer Stadtbibliothek<\/h2>\n\n\n\n<div class=\"wp-block-image\"><figure class=\"aligncenter\"><img decoding=\"async\" loading=\"lazy\" width=\"800\" height=\"533\" src=\"https:\/\/speyer24news.com\/wp-content\/uploads\/2019\/10\/Info-482-B\u00fcchereitage-Literatur-Offensive-Heidelberg.jpg\" alt=\"\" class=\"wp-image-20259\" srcset=\"https:\/\/speyer24news.com\/wp-content\/uploads\/2019\/10\/Info-482-B\u00fcchereitage-Literatur-Offensive-Heidelberg.jpg 800w, https:\/\/speyer24news.com\/wp-content\/uploads\/2019\/10\/Info-482-B\u00fcchereitage-Literatur-Offensive-Heidelberg-300x200.jpg 300w, https:\/\/speyer24news.com\/wp-content\/uploads\/2019\/10\/Info-482-B\u00fcchereitage-Literatur-Offensive-Heidelberg-768x512.jpg 768w\" sizes=\"(max-width: 800px) 100vw, 800px\" \/><figcaption> Mitglieder der Literatur-Offensive Heidelberg lesen am Donnerstag, 10.  Oktober, in der Landauer Stadtbibliothek aus der Jubil\u00e4umsanthologie  \u201eangerichtet und aufgetischt\u201c.<\/figcaption><\/figure><\/div>\n\n\n\n<p>Seit 1989 vereint die Literatur-Offensive Heidelberg Autorinnen und Autoren der Region. Zu diesem 30. Jubil\u00e4um hat die Autorengruppe eine Anthologie herausgebracht, aus der sie am <strong>Donnerstag, 10. Oktober<\/strong>, im Rahmen der 35. Bibliothekstage in der Stadtbibliothek in Landau vorliest.<\/p>\n\n\n\n<p>Kulinarische\nEindr\u00fccke und feine Lesekost versprechen sechs der Mitglieder der Literatur-Offensive,\nn\u00e4mlich Edith Br\u00fcnnler, Birgit Heid, Heide-Marie Lauterer, Ingrid Sammel,\nLothar Seidler und Jancu Sinca, den anwesenden Literaturliebhaberinnen und -liebhabern\nan diesem Abend. Denn die neue Textsammlung \u201eangerichtet und aufgetischt\u201c\npr\u00e4sentiert Geschichten \u00fcber das Zubereiten von Speisen, \u00fcber das Essen und das\nGenie\u00dfen \u2013 geschrieben von insgesamt 33 Autorinnen und Autoren, die sich der\nRegion verbunden f\u00fchlen. Die vorkommenden Menschen und ihre Ideen, Gef\u00fchlslagen\nund Erlebnisse, aber auch alle Schaupl\u00e4tze und Szenarien sind deshalb durchzogen\nvon den D\u00fcften der regionalen K\u00fcche. <\/p>\n\n\n\n<p>Die Lesung findet in Zusammenarbeit mit dem Literarischen Verein der Pfalz in den R\u00e4umen der Stadtbibliothek Landau am Heinrich-Heine-Platz 10 statt. Beginn ist um 20 Uhr. Der Eintritt betr\u00e4gt 6 Euro, erm\u00e4\u00dfigt 3 Euro. <\/p>\n\n\n\n<p><em>Text: Stadtverwaltung Landau in der Pfalz Foto: Literatur-Offensive Heidelberg<br>07.10.2019<\/em><\/p>\n","protected":false},"excerpt":{"rendered":"<div class=\"mh-excerpt\"><p>F\u00fcr (angehende) Existenzgr\u00fcnderinnen und -gr\u00fcnder: Schnupperseminar am Mittwoch, 13. November, im Landauer Rathaus Die Wirtschaftsf\u00f6rderungen der Stadt Landau und des Landkreises S\u00fcdliche Weinstra\u00dfe bieten allen Existenzgr\u00fcnderinnen und -gr\u00fcndern sowie allen Interessierten erneut einen Schnupperkurs an. <a class=\"mh-excerpt-more\" href=\"https:\/\/speyer24news.com\/?p=20258\" title=\"Landau und Kreis LD:\">[&#8230;]<\/a><\/p>\n<\/div>","protected":false},"author":3,"featured_media":20271,"comment_status":"open","ping_status":"open","sticky":false,"template":"","format":"standard","meta":{"_monsterinsights_skip_tracking":false,"_monsterinsights_sitenote_active":false,"_monsterinsights_sitenote_note":"","_monsterinsights_sitenote_category":0,"footnotes":""},"categories":[675],"tags":[3799,2778,3797,3077,2036,3211,3800,182,1241,3794,3798,58,1702,3795,3796],"aioseo_notices":[],"amp_enabled":true,"_links":{"self":[{"href":"https:\/\/speyer24news.com\/index.php?rest_route=\/wp\/v2\/posts\/20258"}],"collection":[{"href":"https:\/\/speyer24news.com\/index.php?rest_route=\/wp\/v2\/posts"}],"about":[{"href":"https:\/\/speyer24news.com\/index.php?rest_route=\/wp\/v2\/types\/post"}],"author":[{"embeddable":true,"href":"https:\/\/speyer24news.com\/index.php?rest_route=\/wp\/v2\/users\/3"}],"replies":[{"embeddable":true,"href":"https:\/\/speyer24news.com\/index.php?rest_route=%2Fwp%2Fv2%2Fcomments&post=20258"}],"version-history":[{"count":1,"href":"https:\/\/speyer24news.com\/index.php?rest_route=\/wp\/v2\/posts\/20258\/revisions"}],"predecessor-version":[{"id":20272,"href":"https:\/\/speyer24news.com\/index.php?rest_route=\/wp\/v2\/posts\/20258\/revisions\/20272"}],"wp:featuredmedia":[{"embeddable":true,"href":"https:\/\/speyer24news.com\/index.php?rest_route=\/wp\/v2\/media\/20271"}],"wp:attachment":[{"href":"https:\/\/speyer24news.com\/index.php?rest_route=%2Fwp%2Fv2%2Fmedia&parent=20258"}],"wp:term":[{"taxonomy":"category","embeddable":true,"href":"https:\/\/speyer24news.com\/index.php?rest_route=%2Fwp%2Fv2%2Fcategories&post=20258"},{"taxonomy":"post_tag","embeddable":true,"href":"https:\/\/speyer24news.com\/index.php?rest_route=%2Fwp%2Fv2%2Ftags&post=20258"}],"curies":[{"name":"wp","href":"https:\/\/api.w.org\/{rel}","templated":true}]}}