{"id":20273,"date":"2019-10-07T13:22:12","date_gmt":"2019-10-07T12:22:12","guid":{"rendered":"https:\/\/speyer24news.com\/?p=20273"},"modified":"2019-10-07T13:22:14","modified_gmt":"2019-10-07T12:22:14","slug":"suedliche-weinstrasse-9","status":"publish","type":"post","link":"https:\/\/speyer24news.com\/?p=20273","title":{"rendered":"S\u00fcdliche Weinstra\u00dfe:"},"content":{"rendered":"<style type=\"text\/css\">\r\n\t.ads_top_disp{}\r\n\t.ads_top_corner_disp{ float:left; margin:0px 10px 10px 0px; }\r\n\t.ads_first_p_disp{}\r\n\t.ads_bottom_disp{}\r\n\t<\/style>\n<h2 class=\"wp-block-heading\"><strong>S\u00dcDPFALZ &#8211; Radelspa\u00df, Natur- und Weingenuss auf der Offerta<\/strong><\/h2>\n\n\n\n<div class=\"wp-block-image\"><figure class=\"aligncenter\"><img decoding=\"async\" loading=\"lazy\" width=\"800\" height=\"600\" src=\"https:\/\/speyer24news.com\/wp-content\/uploads\/2019\/10\/DSC00523.jpg\" alt=\"\" class=\"wp-image-20274\" srcset=\"https:\/\/speyer24news.com\/wp-content\/uploads\/2019\/10\/DSC00523.jpg 800w, https:\/\/speyer24news.com\/wp-content\/uploads\/2019\/10\/DSC00523-300x225.jpg 300w, https:\/\/speyer24news.com\/wp-content\/uploads\/2019\/10\/DSC00523-768x576.jpg 768w, https:\/\/speyer24news.com\/wp-content\/uploads\/2019\/10\/DSC00523-678x509.jpg 678w, https:\/\/speyer24news.com\/wp-content\/uploads\/2019\/10\/DSC00523-326x245.jpg 326w, https:\/\/speyer24news.com\/wp-content\/uploads\/2019\/10\/DSC00523-80x60.jpg 80w\" sizes=\"(max-width: 800px) 100vw, 800px\" \/><\/figure><\/div>\n\n\n\n<p><strong>Karlsruhe \/ S\u00fcdpfalz &#8211; <\/strong>Der S\u00fcdpfalz-Tourismus Landkreis Germersheim e.V. pr\u00e4sentiert erneut gemeinsam mit S\u00fcdliche Weinstrasse e.V. und den Museen aus der Verbandsgemeinde Jockgrim <strong>vom 26. Oktober bis 3. November<\/strong> die Besonderheiten der S\u00fcdpfalz auf der Verbrauchermesse \u201eOfferta\u201c. <\/p>\n\n\n\n<p>Direkt im Eingangsbereich der Halle 1 der Karlsruher Messe erhalten die Besucher Tipps f\u00fcr ihren Ausflug in die benachbarte S\u00fcdpfalz, Informationen zu Rad- und Wanderwegen sowie Freizeit- und Einkehrm\u00f6glichkeiten. <\/p>\n\n\n\n<div class=\"wp-block-image\"><figure class=\"aligncenter\"><img decoding=\"async\" loading=\"lazy\" width=\"800\" height=\"600\" src=\"https:\/\/speyer24news.com\/wp-content\/uploads\/2019\/10\/DSC00524.jpg\" alt=\"\" class=\"wp-image-20275\" srcset=\"https:\/\/speyer24news.com\/wp-content\/uploads\/2019\/10\/DSC00524.jpg 800w, https:\/\/speyer24news.com\/wp-content\/uploads\/2019\/10\/DSC00524-300x225.jpg 300w, https:\/\/speyer24news.com\/wp-content\/uploads\/2019\/10\/DSC00524-768x576.jpg 768w, https:\/\/speyer24news.com\/wp-content\/uploads\/2019\/10\/DSC00524-678x509.jpg 678w, https:\/\/speyer24news.com\/wp-content\/uploads\/2019\/10\/DSC00524-326x245.jpg 326w, https:\/\/speyer24news.com\/wp-content\/uploads\/2019\/10\/DSC00524-80x60.jpg 80w\" sizes=\"(max-width: 800px) 100vw, 800px\" \/><\/figure><\/div>\n\n\n\n<p>Druckfrisch erh\u00e4ltlich\nsind der Veranstaltungskalender 2020 sowie der Flyer \u201eWilde Wochen in der\nS\u00fcdpfalz\u201c mit Tipps, bei welchen Gastronomen man Wildgerichte vom heimischen\nWild genie\u00dfen kann. <\/p>\n\n\n\n<p>Am S\u00fcdpfalztag, der traditionell am Offerta-Dienstag stattfindet, gibt es zus\u00e4tzlich ein buntes B\u00fchnenprogramm. Nachmittags werden an diesem Tag (29.10.) die S\u00fcdpf\u00e4lzer Hoheiten Autogramme geben und bei einer Gewinnspielrallye mit Sch\u00e4tzspielen und Fragen an den St\u00e4nden gibt es attraktive Preise der Mitaussteller und Teilnehmer der diesj\u00e4hrigen Offerta zu gewinnen. Von 13 \u2013 13.50 Uhr unterhalten der Chor und die Big Band des Europa-Gymnasiums W\u00f6rth auf der Hauptb\u00fchne die G\u00e4ste. <\/p>\n\n\n\n<div class=\"wp-block-image\"><figure class=\"aligncenter\"><img decoding=\"async\" loading=\"lazy\" width=\"640\" height=\"480\" src=\"https:\/\/speyer24news.com\/wp-content\/uploads\/2019\/10\/DSC00526.jpg\" alt=\"\" class=\"wp-image-20276\" srcset=\"https:\/\/speyer24news.com\/wp-content\/uploads\/2019\/10\/DSC00526.jpg 640w, https:\/\/speyer24news.com\/wp-content\/uploads\/2019\/10\/DSC00526-300x225.jpg 300w, https:\/\/speyer24news.com\/wp-content\/uploads\/2019\/10\/DSC00526-326x245.jpg 326w, https:\/\/speyer24news.com\/wp-content\/uploads\/2019\/10\/DSC00526-80x60.jpg 80w\" sizes=\"(max-width: 640px) 100vw, 640px\" \/><\/figure><\/div>\n\n\n\n<p>Am \u201eFreundinnentag\u201c am\n31.10. erhalten Freundinnen von 16 \u2013 18 Uhr beim Wein- und Sektgut Rosenhof aus\nSteinweiler sowie beim Weingut Kehrt aus Winden ein Glas Secco gratis.<\/p>\n\n\n\n<p>S\u00fcdpf\u00e4lzer Weine k\u00f6nnen w\u00e4hrend der gesamten Messe beim Wein- und Sektgut Rosenhof sowie bei den Weing\u00fctern Heintz aus Minfeld (26.10.-30.10.) und Kehrt aus Winden (31.10. &#8211; 03.11.) verkostet werden. Die Hofmetzgerei Kerth aus Kandel-Minderslachen, das Reptilium Landau mit seinen exotischen Tieren und nicht zuletzt die \u201eHerxemer\u201c Schokok\u00fcsse runden die Vielfalt der Angebote aus der S\u00fcdpfalz ab. Das Terra-Sigillata-Museum Rheinzabern und das Haus \u201eLeben am Strom\u201c halten allerlei Geschichte(n) bereit. Am <strong>Donnerstag<\/strong> hei\u00dft es wieder \u201eBellheimer Tag\u201c. Die \u201eBellheimer Lords\u201c verteilen kostenlos Bier der Bellheimer Brauerei. Auf der Aktionsfl\u00e4che pr\u00e4sentieren sich in diesem Jahr die Stadt Germersheim sowie das Stadt- und Festungsmuseum Germersheim und das Deutsche Stra\u00dfenmuseum aus Germersheim am 26.\/27.10., der Radshop Seither aus R\u00fclzheim am 28.10., Lama-Wandern am 30.10. sowie 1.\/2.11., die Steinweilerer Seifenmanufaktur am 01. und 02.11. sowie der Abenteuerpark Kandel und Haasis Radschlag aus Germersheim am 03.11. und die Burg Berwartstein vom 01. bis 03.11. Au\u00dferdem ist am 30.10. das Museum aus Herxheim mit dabei.<\/p>\n\n\n\n<div class=\"wp-block-image\"><figure class=\"aligncenter\"><img decoding=\"async\" loading=\"lazy\" width=\"600\" height=\"77\" src=\"https:\/\/speyer24news.com\/wp-content\/uploads\/2019\/10\/Offerta.png\" alt=\"\" class=\"wp-image-20277\" srcset=\"https:\/\/speyer24news.com\/wp-content\/uploads\/2019\/10\/Offerta.png 600w, https:\/\/speyer24news.com\/wp-content\/uploads\/2019\/10\/Offerta-300x39.png 300w\" sizes=\"(max-width: 600px) 100vw, 600px\" \/><\/figure><\/div>\n\n\n\n<p>Zu finden ist die\nS\u00fcdpfalz in Halle 1. Stand A.01, A.04, A.18+B.03<\/p>\n\n\n\n<p>Weitere Informationen: S\u00fcdpfalz-Tourismus Landkreis Germersheim e.V. <a href=\"http:\/\/www.suedpfalz-tourismus.de\">www.suedpfalz-tourismus.de<\/a><\/p>\n\n\n\n<p><em>Text: S\u00fcdpfalz-Tourismus Landkreis Germersheim e.V. Foto: Speyer 24\/7 News, dak<br>07.10.2019<\/em><\/p>\n","protected":false},"excerpt":{"rendered":"<div class=\"mh-excerpt\"><p>S\u00dcDPFALZ &#8211; Radelspa\u00df, Natur- und Weingenuss auf der Offerta Karlsruhe \/ S\u00fcdpfalz &#8211; Der S\u00fcdpfalz-Tourismus Landkreis Germersheim e.V. pr\u00e4sentiert erneut gemeinsam mit S\u00fcdliche Weinstrasse e.V. und den Museen aus der Verbandsgemeinde Jockgrim vom 26. Oktober <a class=\"mh-excerpt-more\" href=\"https:\/\/speyer24news.com\/?p=20273\" title=\"S\u00fcdliche Weinstra\u00dfe:\">[&#8230;]<\/a><\/p>\n<\/div>","protected":false},"author":3,"featured_media":20277,"comment_status":"open","ping_status":"open","sticky":false,"template":"","format":"standard","meta":{"_monsterinsights_skip_tracking":false,"_monsterinsights_sitenote_active":false,"_monsterinsights_sitenote_note":"","_monsterinsights_sitenote_category":0,"footnotes":""},"categories":[1622,10],"tags":[2380,2865,3691,3802,3801,359,360,451,361],"aioseo_notices":[],"amp_enabled":true,"_links":{"self":[{"href":"https:\/\/speyer24news.com\/index.php?rest_route=\/wp\/v2\/posts\/20273"}],"collection":[{"href":"https:\/\/speyer24news.com\/index.php?rest_route=\/wp\/v2\/posts"}],"about":[{"href":"https:\/\/speyer24news.com\/index.php?rest_route=\/wp\/v2\/types\/post"}],"author":[{"embeddable":true,"href":"https:\/\/speyer24news.com\/index.php?rest_route=\/wp\/v2\/users\/3"}],"replies":[{"embeddable":true,"href":"https:\/\/speyer24news.com\/index.php?rest_route=%2Fwp%2Fv2%2Fcomments&post=20273"}],"version-history":[{"count":1,"href":"https:\/\/speyer24news.com\/index.php?rest_route=\/wp\/v2\/posts\/20273\/revisions"}],"predecessor-version":[{"id":20279,"href":"https:\/\/speyer24news.com\/index.php?rest_route=\/wp\/v2\/posts\/20273\/revisions\/20279"}],"wp:featuredmedia":[{"embeddable":true,"href":"https:\/\/speyer24news.com\/index.php?rest_route=\/wp\/v2\/media\/20277"}],"wp:attachment":[{"href":"https:\/\/speyer24news.com\/index.php?rest_route=%2Fwp%2Fv2%2Fmedia&parent=20273"}],"wp:term":[{"taxonomy":"category","embeddable":true,"href":"https:\/\/speyer24news.com\/index.php?rest_route=%2Fwp%2Fv2%2Fcategories&post=20273"},{"taxonomy":"post_tag","embeddable":true,"href":"https:\/\/speyer24news.com\/index.php?rest_route=%2Fwp%2Fv2%2Ftags&post=20273"}],"curies":[{"name":"wp","href":"https:\/\/api.w.org\/{rel}","templated":true}]}}