{"id":20280,"date":"2019-10-07T13:51:03","date_gmt":"2019-10-07T12:51:03","guid":{"rendered":"https:\/\/speyer24news.com\/?p=20280"},"modified":"2019-10-07T13:51:05","modified_gmt":"2019-10-07T12:51:05","slug":"schwetzingen-27","status":"publish","type":"post","link":"https:\/\/speyer24news.com\/?p=20280","title":{"rendered":"Schwetzingen:"},"content":{"rendered":"<style type=\"text\/css\">\r\n\t.ads_top_disp{}\r\n\t.ads_top_corner_disp{ float:left; margin:0px 10px 10px 0px; }\r\n\t.ads_first_p_disp{}\r\n\t.ads_bottom_disp{}\r\n\t<\/style>\n<h2 class=\"wp-block-heading\">Die Welt um 1500 \u2013 Aufbruch und Wandel <\/h2>\n\n\n\n<h3 class=\"wp-block-heading\">Vernissage am 12. Oktober 2019, 17 Uhr im Karl-W\u00f6rn-Haus <\/h3>\n\n\n\n<div class=\"wp-block-image\"><figure class=\"aligncenter\"><img decoding=\"async\" loading=\"lazy\" width=\"800\" height=\"314\" src=\"https:\/\/speyer24news.com\/wp-content\/uploads\/2019\/10\/Bild-1.jpg\" alt=\"\" class=\"wp-image-20287\" srcset=\"https:\/\/speyer24news.com\/wp-content\/uploads\/2019\/10\/Bild-1.jpg 800w, https:\/\/speyer24news.com\/wp-content\/uploads\/2019\/10\/Bild-1-300x118.jpg 300w, https:\/\/speyer24news.com\/wp-content\/uploads\/2019\/10\/Bild-1-768x301.jpg 768w\" sizes=\"(max-width: 800px) 100vw, 800px\" \/><figcaption> Der kaiserliche Feldhauptmann Reichsritter Franz von Sickingen stellt dem Humanisten und Dichterf\u00fcrsten Ulrich von Hutten seinen Landsknechtshaufen vor. Foto: Volker Ziegler<\/figcaption><\/figure><\/div>\n\n\n\n<p>Das Karl-W\u00f6rn-Haus, Museum der Stadt Schwetzingen zeigt <strong>ab dem 12. Oktober 2019 bis zum 12. Januar 2020<\/strong> zum sechsten Mal in Zusammenarbeit mit den Kurpf\u00e4lzer Figurenfreunden eine eindrucksvolle und lebendige Modellfigurenausstellung. Das diesj\u00e4hrige Thema lautet \u201eDie Welt um 1500 \u2013 Aufbruch und Wandel\u201c.<\/p>\n\n\n\n<div class=\"wp-block-image\"><figure class=\"aligncenter\"><img decoding=\"async\" loading=\"lazy\" width=\"800\" height=\"450\" src=\"https:\/\/speyer24news.com\/wp-content\/uploads\/2019\/10\/Bild-2.jpg\" alt=\"\" class=\"wp-image-20288\" srcset=\"https:\/\/speyer24news.com\/wp-content\/uploads\/2019\/10\/Bild-2.jpg 800w, https:\/\/speyer24news.com\/wp-content\/uploads\/2019\/10\/Bild-2-300x169.jpg 300w, https:\/\/speyer24news.com\/wp-content\/uploads\/2019\/10\/Bild-2-768x432.jpg 768w, https:\/\/speyer24news.com\/wp-content\/uploads\/2019\/10\/Bild-2-678x381.jpg 678w\" sizes=\"(max-width: 800px) 100vw, 800px\" \/><figcaption> Zechende Landsknechte im Wirtshaus. Foto: S\u00f6nke Maier  <\/figcaption><\/figure><\/div>\n\n\n\n<p>Entsprechend liegt der Fokus der Ausstellung auf den welthistorisch bedeutsamen Ereignissen und Entwicklungen, die sich im Zeitraum zwischen 1450 und 1550 ereigneten.<\/p>\n\n\n\n<div class=\"wp-block-image\"><figure class=\"aligncenter\"><img decoding=\"async\" loading=\"lazy\" width=\"800\" height=\"450\" src=\"https:\/\/speyer24news.com\/wp-content\/uploads\/2019\/10\/Bild-3.jpg\" alt=\"\" class=\"wp-image-20289\" srcset=\"https:\/\/speyer24news.com\/wp-content\/uploads\/2019\/10\/Bild-3.jpg 800w, https:\/\/speyer24news.com\/wp-content\/uploads\/2019\/10\/Bild-3-300x169.jpg 300w, https:\/\/speyer24news.com\/wp-content\/uploads\/2019\/10\/Bild-3-768x432.jpg 768w, https:\/\/speyer24news.com\/wp-content\/uploads\/2019\/10\/Bild-3-678x381.jpg 678w\" sizes=\"(max-width: 800px) 100vw, 800px\" \/><figcaption> Der Bildhauer Tilmann Riemenschneider in seiner Werkstatt. Foto: S\u00f6nke Maier <\/figcaption><\/figure><\/div>\n\n\n\n<p>Hierf\u00fcr wurde eine gro\u00dfe Zahl an Modellfiguren aller Gr\u00f6\u00dfen, Materialien und Formen, die in dieser Konstellation noch nie gezeigt wurden, von Sammlern aus ganz Deutschland, Frankreich und England zusammengetragen.<\/p>\n\n\n\n<div class=\"wp-block-image\"><figure class=\"aligncenter\"><img decoding=\"async\" loading=\"lazy\" width=\"800\" height=\"534\" src=\"https:\/\/speyer24news.com\/wp-content\/uploads\/2019\/10\/Bild-4.jpg\" alt=\"\" class=\"wp-image-20290\" srcset=\"https:\/\/speyer24news.com\/wp-content\/uploads\/2019\/10\/Bild-4.jpg 800w, https:\/\/speyer24news.com\/wp-content\/uploads\/2019\/10\/Bild-4-300x200.jpg 300w, https:\/\/speyer24news.com\/wp-content\/uploads\/2019\/10\/Bild-4-768x513.jpg 768w\" sizes=\"(max-width: 800px) 100vw, 800px\" \/><figcaption> Moctezuma und Cort\u00e9s bei ihrer ersten Begegnung 1519 in Tenochtitlan. Foto: Harald B\u00e4uchl <\/figcaption><\/figure><\/div>\n\n\n\n<p>In der ersten Abteilung geht es um die kulturellen und gesellschaftlichen Umw\u00e4lzungen, die sich um 1500 in Europa abspielten. Namhafte K\u00fcnstler der Renaissance wie Leonardo da Vinci, Michelangelo, aber auch bedeutende deutsche K\u00fcnstler wie Albrecht D\u00fcrer sind hier bei ihrer Arbeit zu sehen. Die von Deutschland ausgehende Reformation unter F\u00fchrung Martin Luthers wird ebenso dargestellt wie das Allt\u00e4gliche des damaligen Lebens: Handel und Handwerk, das bunte Treiben der Gaukler, das m\u00fchselige Dorfleben wie auch das Dunkel der Hexenprozesse und die drakonischen Bestrafungen dieser Zeit finden Eingang in die Pr\u00e4sentation.<\/p>\n\n\n\n<div class=\"wp-block-image\"><figure class=\"aligncenter\"><img decoding=\"async\" loading=\"lazy\" width=\"800\" height=\"431\" src=\"https:\/\/speyer24news.com\/wp-content\/uploads\/2019\/10\/Bild-5.jpg\" alt=\"\" class=\"wp-image-20291\" srcset=\"https:\/\/speyer24news.com\/wp-content\/uploads\/2019\/10\/Bild-5.jpg 800w, https:\/\/speyer24news.com\/wp-content\/uploads\/2019\/10\/Bild-5-300x162.jpg 300w, https:\/\/speyer24news.com\/wp-content\/uploads\/2019\/10\/Bild-5-768x414.jpg 768w\" sizes=\"(max-width: 800px) 100vw, 800px\" \/><figcaption> Der Inkak\u00f6nig auf einer Inspektionsreise durch sein Reich. Foto: Harald B\u00e4uchl <\/figcaption><\/figure><\/div>\n\n\n\n<p>Die zweite Abteilung handelt von den milit\u00e4rischen Ver\u00e4nderungen in dieser Epoche. Die mittelalterlichen Ritterheere wurden zunehmend von den Fu\u00dftruppen der Schweizer, der Burgunder oder durch deutsche Landsknechte verdr\u00e4ngt. Kondottiere und Feldherren bestimmten immer mehr die Kampfweise auf den blutigen Schlachtfeldern dieser Zeit; zudem gewann das Gesch\u00fctzwesen (Artillerie) an Bedeutung.<\/p>\n\n\n\n<p><em>Text: Stadtverwaltung Schwetzingen \/ Karl-W\u00f6rn-Haus Foto: (1) Volker Ziegler; (2&amp;3) S\u00f6nke Maier; (4&amp;5) Harald B\u00e4uchl <br>07.10.2019<\/em><\/p>\n\n\n\n<h2 class=\"wp-block-heading\"><strong>Wegen Gleisbauarbeiten: N\u00e4chtliche Vollsperrung des Bahn\u00fcbergangs Grenzh\u00f6fer Stra\u00dfe<\/strong><\/h2>\n\n\n\n<div class=\"wp-block-image\"><figure class=\"aligncenter\"><img decoding=\"async\" loading=\"lazy\" width=\"640\" height=\"471\" src=\"https:\/\/speyer24news.com\/wp-content\/uploads\/2019\/10\/Baustelle.jpg\" alt=\"\" class=\"wp-image-20286\" srcset=\"https:\/\/speyer24news.com\/wp-content\/uploads\/2019\/10\/Baustelle.jpg 640w, https:\/\/speyer24news.com\/wp-content\/uploads\/2019\/10\/Baustelle-300x221.jpg 300w, https:\/\/speyer24news.com\/wp-content\/uploads\/2019\/10\/Baustelle-80x60.jpg 80w\" sizes=\"(max-width: 640px) 100vw, 640px\" \/><\/figure><\/div>\n\n\n\n<p>Wegen  Gleisbauarbeiten auf der Bahnstrecke wird der Bahn\u00fcbergang an der  Grenzh\u00f6fer Stra\u00dfe <strong>von Dienstag, 8. Oktober, 21.00 Uhr, bis Mittwoch, 9.  Oktober, 06.00 Uhr<\/strong>, f\u00fcr den Verkehr gesperrt. <\/p>\n\n\n\n<p>Fu\u00dfg\u00e4nger\n und Radfahrer werden \u00fcber die Unterf\u00fchrung Heidelberger \nStra\u00dfe\/Schubertstra\u00dfe umgeleitet. Der motorisierte Verkehr wird \nweitr\u00e4umig \u00fcber die B535 umgeleitet. Wir bitten die\n Verkehrsteilnehmer um Verst\u00e4ndnis.<\/p>\n\n\n\n<p><em>Stadtverwaltung Schwetzingen<br>07.10.2019<\/em><\/p>\n\n\n\n<h2 class=\"wp-block-heading\"><strong>B\u00fcrgersprechstunde von Oberb\u00fcrgermeister Dr. Ren\u00e9 P\u00f6ltl im Oktober &amp; November<\/strong><\/h2>\n\n\n\n<div class=\"wp-block-image\"><figure class=\"aligncenter\"><img decoding=\"async\" loading=\"lazy\" width=\"640\" height=\"433\" src=\"https:\/\/speyer24news.com\/wp-content\/uploads\/2019\/10\/OB-Poeltl-Schwetzingen.jpg\" alt=\"\" class=\"wp-image-20285\" srcset=\"https:\/\/speyer24news.com\/wp-content\/uploads\/2019\/10\/OB-Poeltl-Schwetzingen.jpg 640w, https:\/\/speyer24news.com\/wp-content\/uploads\/2019\/10\/OB-Poeltl-Schwetzingen-300x203.jpg 300w\" sizes=\"(max-width: 640px) 100vw, 640px\" \/><\/figure><\/div>\n\n\n\n<p>Am <strong>Montag, 14. Oktober 2019, <\/strong>wird Oberb\u00fcrgermeister Dr. Ren\u00e9 P\u00f6ltl seine n\u00e4chste B\u00fcrgersprechstunde abhalten. Sie findet in der Zeit ab 17 Uhr im Rathaus statt. F\u00fcr diesen Termin sind noch Anmeldungen m\u00f6glich. <\/p>\n\n\n\n<p>Die n\u00e4chste B\u00fcrgersprechstunde findet dann am <strong>Dienstag, 19. November 2019<\/strong>, ab 17 Uhr, statt. F\u00fcr diesen Termin sind ebenfalls bereits Anmeldungen m\u00f6glich. Interessierte B\u00fcrger\/innen k\u00f6nnen sich an Sarah Erles, Tel. 87-201, zwecks Terminvereinbarung wenden.<\/p>\n\n\n\n<p><em>Stadtverwaltung Schwetzingen<br>07.10.2019<\/em><\/p>\n\n\n\n<h2 class=\"wp-block-heading\"><strong>Einbruchschutz \u2013 Wie sch\u00fctze ich mein Haus?\n<\/strong><\/h2>\n\n\n\n<h3 class=\"wp-block-heading\"><em>Kostenlose Info-Veranstaltung im Rahmen der Kommunalen Kriminalpr\u00e4vention am 10. Oktober im Josefshaus<\/em><\/h3>\n\n\n\n<div class=\"wp-block-image\"><figure class=\"aligncenter\"><img decoding=\"async\" loading=\"lazy\" width=\"800\" height=\"533\" src=\"https:\/\/speyer24news.com\/wp-content\/uploads\/2019\/10\/pressebild-einbruch-spurensicherung.jpg\" alt=\"\" class=\"wp-image-20284\" srcset=\"https:\/\/speyer24news.com\/wp-content\/uploads\/2019\/10\/pressebild-einbruch-spurensicherung.jpg 800w, https:\/\/speyer24news.com\/wp-content\/uploads\/2019\/10\/pressebild-einbruch-spurensicherung-300x200.jpg 300w, https:\/\/speyer24news.com\/wp-content\/uploads\/2019\/10\/pressebild-einbruch-spurensicherung-768x512.jpg 768w\" sizes=\"(max-width: 800px) 100vw, 800px\" \/><\/figure><\/div>\n\n\n\n<p>Um\n die B\u00fcrger\/innen f\u00fcr das Thema \u201eWirksamer Schutz vor Wohnungseinbruch\u201c \nzu sensibilisieren und um zu informieren, l\u00e4dt das Polizeipr\u00e4sidium \nMannheim am Donnerstag, 10. Oktober, um\n 18.30 Uhr ins Josefshaus in der Schlossstra\u00dfe 8. Die Fachberater der \nKriminalpolizeilichen Beratungsstelle Mannheim informieren zum Thema \n\u201eSchutz vor Wohnungseinbruch\u201c und kl\u00e4ren zudem \u00fcber die aktuelle \nSicherheitslage und die neuesten Tricks der Einbrecher\n auf. Sie geben Hinweise zu den vorhandenen technischen M\u00f6glichkeiten, \num Wohnungen und H\u00e4user schon mit einfachen Mitteln wirkungsvoll zu \nsichern. Interessierte B\u00fcrger aus Schwetzingen und den Nachbargemeinden \nsind herzlich eingeladen. Der Infoabend ist kostenlos<\/p>\n\n\n\n<p><em>Text: Stadtverwaltung Schwetzingen Foto: Polizeiliche Kriminalpr\u00e4vention der L\u00e4nder und des Bundes <br>07.10.2019<\/em><\/p>\n\n\n\n<h2 class=\"wp-block-heading\"><strong>2. Nacht der Betriebe am 11. Oktober 2019<\/strong><\/h2>\n\n\n\n<h3 class=\"wp-block-heading\"><em>Nach dem gro\u00dfen Erfolg im Jubil\u00e4umsjahr 2016,\u00a0 findet am 11. Oktober 2019  die zweite \u201eNacht der Betriebe\u201c\u00a0 statt. In diesem Jahr dabei sind die  Firma GEO, das Decathlon Logistiklager,  die Tanzschule Kiefer und die Firma J\u00fcnger + Gr\u00e4ter.<\/em><\/h3>\n\n\n\n<div class=\"wp-block-image\"><figure class=\"aligncenter\"><img decoding=\"async\" loading=\"lazy\" width=\"500\" height=\"667\" src=\"https:\/\/speyer24news.com\/wp-content\/uploads\/2019\/10\/lndb.png\" alt=\"\" class=\"wp-image-20282\" srcset=\"https:\/\/speyer24news.com\/wp-content\/uploads\/2019\/10\/lndb.png 500w, https:\/\/speyer24news.com\/wp-content\/uploads\/2019\/10\/lndb-225x300.png 225w\" sizes=\"(max-width: 500px) 100vw, 500px\" \/><\/figure><\/div>\n\n\n\n<p>Die\n teilnehmenden Betriebe stehen f\u00fcr lokale Produktion, Sport und \nFreizeit, Logistik und Bau und nat\u00fcrlich auch f\u00fcr \u201emade in \nSchwetzingen\u201c.&nbsp; Sie sind zudem auch wichtige Arbeitgeber\n f\u00fcr viele Menschen in unserer Stadt und Region und auch sonst vielfach \nin der Stadt engagiert.\n<\/p>\n\n\n\n<p>Kennt\n man vielleicht ihre Produkte, so sind gleichzeitig ihre Betriebsst\u00e4tten\n vielen Menschen nicht bekannt oder f\u00fcr die \u00d6ffentlichkeit nicht \nzug\u00e4nglich. Das \u00e4ndert sich bei der 2.\n Nacht der Betriebe am 11. Oktober. Von 18.00 bis 22.00 Uhr \u00f6ffnen die \nbeteiligten vier Firmen ihre Pforten, um den Besucher\/innen exklusive \nEinblicke hinter die Kulissen zu erm\u00f6glichen.\n<\/p>\n\n\n\n<h4 class=\"wp-block-heading\"><strong>So\n vielf\u00e4ltig wie die Firmen, so abwechslungsreich ist auch das Programm, \ndas die Unternehmen ihren Besucher\/innen an diesem Abend bieten werden.\n<\/strong><\/h4>\n\n\n\n<p>Bei der\n<strong>Firma GEO<\/strong> in der Friedrichsfelder Stra\u00dfe wird es alle 30 Minuten \nVorf\u00fchrungen rund um das Thema Sicherheitsglas geben. Unter anderem wird\n es bei den Stresstests von Glasscheiben wie Belastungstests und \nGlasbruchvorstellungen spannenden Augenblicke und\n interessante Eindr\u00fccke geben. Musikalisch wird die Band \u201eNobody\u2019s \nPerfect\u201c mit Rockmusik in die wilden 70er Jahre entf\u00fchren. Passend dazu \ngibt es wieder eine Fotobox mit 70er Jahre Requisiten zum standesgem\u00e4\u00dfen\n Styling. Die Erinnerungsfotos k\u00f6nnen danach gleich\n mit nach Hause genommen werden. <\/p>\n\n\n\n<p>Im <strong>\nDecathlon Logistiklager<\/strong> in der Grenzh\u00f6fer Stra\u00dfe dreht sich alles um\n das Thema Sport. Im Halbstundentakt von 18 Uhr an f\u00fchren Mitarbeiter \ndurch das Logistikzentrum und geben einen Einblick in die komplexen \nLogistikprozesse. Die letzte F\u00fchrung beginnt um\n 21.30 Uhr. &nbsp;Nat\u00fcrlich k\u00f6nnen die Besucher\/innen auch ihr sportliches \nTalent beim Badminton, Turnball und an der Tischtennisplatte unter \nBeweis stellen.\n<\/p>\n\n\n\n<p>Das Team der\n<strong>Tanzschule Kiefer<\/strong> um Tanzlehrerin Andrea Kiefer bittet in ihrem \nTanzwohnzimmer in der Scheffelstra\u00dfe ab 18.30 Uhr auf die Tanzfl\u00e4che. \nNeben einem Tanzupdate (20 Uhr), bei dem die Besucher\/innen ihr \nTanzwissen auffrischen k\u00f6nnen, wird es Schnupperstunden\n im angesagten Trendtanz WCS (21 Uhr), im amerikanischen Linedance&nbsp; (22 \nUhr) und im Bachata (23 Uhr) geben. Letzteres sorgt f\u00fcr Urlaubsfeeling \npur. F\u00fcr die Tanzworkshops sind \u00fcbrigens keine Vorkenntnisse n\u00f6tig. \nEinfach mittanzen und Spa\u00df haben! Das Bar-Team\n sorgt f\u00fcr Aperol, Selters und andere Erfrischungsgetr\u00e4nke zur \nAbk\u00fchlung. <\/p>\n\n\n\n<p>Bei <strong> J\u00fcnger + Gr\u00e4ter<\/strong> in der Scheffelstra\u00dfe geht es wieder hei\u00df her. Das  Firmengel\u00e4nde wird f\u00fcr die Nacht der Betriebe eindrucksvoll mit  Lichtinstallationen und Videoprojektionen in Szene gesetzt. Neben  st\u00fcndlichen Betriebsf\u00fchrungen (18.30 Uhr, 19.30 Uhr, 20.30  Uhr) \u00a0k\u00f6nnen die Besucher\/innen im Hochregal Staplerfahrten  unternehmen. Um 19 Uhr und um 20.30 Uhr heizt die Feuershow \u201eElements of  fire\u201c den Zuschauer\/innen ein. Eine Feuerwand mit 1.200 \u00b0 Celsius  demonstriert anschaulich, welcher Hitze die Materialien im  Feuerfestbau ausgesetzt sind. Bei einer Tombola zugunsten der \u201eBr\u00fccke  e.V.\u201c gibt es attraktive Preise zu gewinnen. Wer den \u00dcberblick behalten  m\u00f6chte, der kann sich von einem Schwerlastkran mit Aussichtsgondel in  die H\u00f6he bringen lassen. Ab 21 Uhr f\u00e4ngt dann  die After-Show Party unter dem Motto \u201eDominik &amp; Friends on fire\u201c  an. Frontmann Dominik Steegm\u00fcller serviert den G\u00e4sten tanzbare und  groovige Live-Musik.<\/p>\n\n\n\n<div class=\"wp-block-image\"><figure class=\"aligncenter\"><img decoding=\"async\" loading=\"lazy\" width=\"500\" height=\"662\" src=\"https:\/\/speyer24news.com\/wp-content\/uploads\/2019\/10\/Busfahrplan.png\" alt=\"\" class=\"wp-image-20283\" srcset=\"https:\/\/speyer24news.com\/wp-content\/uploads\/2019\/10\/Busfahrplan.png 500w, https:\/\/speyer24news.com\/wp-content\/uploads\/2019\/10\/Busfahrplan-227x300.png 227w\" sizes=\"(max-width: 500px) 100vw, 500px\" \/><\/figure><\/div>\n\n\n\n<p>Wie\n sieht es also innerhalb des Firmengel\u00e4ndes und in den Hallen aus, wie \nlaufen Produktionsprozesse ab und wie entsteht das Produkt? Auf diese \nund andere Fragen wird es an diesem Abend\n Antworten geben. <\/p>\n\n\n\n<p>Auch f\u00fcr das leibliche Wohl zu g\u00fcnstigen Preisen ist bei allen Veranstaltern gesorgt. Das verspricht eine interessante Tour!<\/p>\n\n\n\n<p>Als\n besonderen Service bietet die Stadt Schwetzingen als Organisator auch \ndiesmal wieder einen Shuttle-Bus Transfer zwischen den einzelnen Firmen \nan. Start und Ziel ist am Schlossplatz.\n Von dort fahren die Busse ab 17.45 Uhr bis ca. 22.30 Uhr in einem \nRundkurs die Veranstaltungsst\u00e4tten ab. Da die Parkplatzkapazit\u00e4ten an \nden Veranstaltungsst\u00e4tten sehr unterschiedlich sind, empfehlen wir zudem\n das Fahrrad als Fortbewegungsmittel.&nbsp;\n<\/p>\n\n\n\n<p><strong>Alle Infos zum Programm und zu den Shuttle-Bussen sind auch im Internet unter <a rel=\"noreferrer noopener\" href=\"https:\/\/deref-web-02.de\/mail\/client\/69usd-vhnf8\/dereferrer\/?redirectUrl=http%3A%2F%2Fwww.schwetzingen.de\" target=\"_blank\">www.schwetzingen.de<\/a> abrufbar.<\/strong><\/p>\n\n\n\n<h4 class=\"wp-block-heading\">Lesen sie hier auch den Flyer zur &#8222;Langen Nacht der Betriebe&#8220; als pdf:<\/h4>\n\n\n\n<div class=\"wp-block-file\"><a href=\"https:\/\/speyer24news.com\/wp-content\/uploads\/2019\/10\/Lange-Nacht-der-Betriebe-Flyer.pdf\">Lange-Nacht-der-Betriebe-Flyer<\/a><a href=\"https:\/\/speyer24news.com\/wp-content\/uploads\/2019\/10\/Lange-Nacht-der-Betriebe-Flyer.pdf\" class=\"wp-block-file__button\" download>Herunterladen<\/a><\/div>\n\n\n\n<p><em>Stadtverwaltung Schwetzingen<br>07.10.2019<\/em><\/p>\n","protected":false},"excerpt":{"rendered":"<div class=\"mh-excerpt\"><p>Die Welt um 1500 \u2013 Aufbruch und Wandel Vernissage am 12. Oktober 2019, 17 Uhr im Karl-W\u00f6rn-Haus Das Karl-W\u00f6rn-Haus, Museum der Stadt Schwetzingen zeigt ab dem 12. Oktober 2019 bis zum 12. Januar 2020 zum <a class=\"mh-excerpt-more\" href=\"https:\/\/speyer24news.com\/?p=20280\" title=\"Schwetzingen:\">[&#8230;]<\/a><\/p>\n<\/div>","protected":false},"author":3,"featured_media":0,"comment_status":"open","ping_status":"open","sticky":false,"template":"","format":"standard","meta":{"_monsterinsights_skip_tracking":false,"_monsterinsights_sitenote_active":false,"_monsterinsights_sitenote_note":"","_monsterinsights_sitenote_category":0,"footnotes":""},"categories":[477],"tags":[478,3807,3806,1765,3803,3804,3808,154,3805],"aioseo_notices":[],"amp_enabled":true,"_links":{"self":[{"href":"https:\/\/speyer24news.com\/index.php?rest_route=\/wp\/v2\/posts\/20280"}],"collection":[{"href":"https:\/\/speyer24news.com\/index.php?rest_route=\/wp\/v2\/posts"}],"about":[{"href":"https:\/\/speyer24news.com\/index.php?rest_route=\/wp\/v2\/types\/post"}],"author":[{"embeddable":true,"href":"https:\/\/speyer24news.com\/index.php?rest_route=\/wp\/v2\/users\/3"}],"replies":[{"embeddable":true,"href":"https:\/\/speyer24news.com\/index.php?rest_route=%2Fwp%2Fv2%2Fcomments&post=20280"}],"version-history":[{"count":1,"href":"https:\/\/speyer24news.com\/index.php?rest_route=\/wp\/v2\/posts\/20280\/revisions"}],"predecessor-version":[{"id":20292,"href":"https:\/\/speyer24news.com\/index.php?rest_route=\/wp\/v2\/posts\/20280\/revisions\/20292"}],"wp:attachment":[{"href":"https:\/\/speyer24news.com\/index.php?rest_route=%2Fwp%2Fv2%2Fmedia&parent=20280"}],"wp:term":[{"taxonomy":"category","embeddable":true,"href":"https:\/\/speyer24news.com\/index.php?rest_route=%2Fwp%2Fv2%2Fcategories&post=20280"},{"taxonomy":"post_tag","embeddable":true,"href":"https:\/\/speyer24news.com\/index.php?rest_route=%2Fwp%2Fv2%2Ftags&post=20280"}],"curies":[{"name":"wp","href":"https:\/\/api.w.org\/{rel}","templated":true}]}}