{"id":20293,"date":"2019-10-07T15:33:15","date_gmt":"2019-10-07T14:33:15","guid":{"rendered":"https:\/\/speyer24news.com\/?p=20293"},"modified":"2019-10-08T12:42:31","modified_gmt":"2019-10-08T11:42:31","slug":"hockenheim-34","status":"publish","type":"post","link":"https:\/\/speyer24news.com\/?p=20293","title":{"rendered":"Hockenheim:"},"content":{"rendered":"<style type=\"text\/css\">\r\n\t.ads_top_disp{}\r\n\t.ads_top_corner_disp{ float:left; margin:0px 10px 10px 0px; }\r\n\t.ads_first_p_disp{}\r\n\t.ads_bottom_disp{}\r\n\t<\/style>\n<figure class=\"wp-block-image\"><img decoding=\"async\" loading=\"lazy\" width=\"800\" height=\"559\" src=\"https:\/\/speyer24news.com\/wp-content\/uploads\/2019\/09\/1250-Jahre-Hockenheim.jpg\" alt=\"\" class=\"wp-image-19044\" srcset=\"https:\/\/speyer24news.com\/wp-content\/uploads\/2019\/09\/1250-Jahre-Hockenheim.jpg 800w, https:\/\/speyer24news.com\/wp-content\/uploads\/2019\/09\/1250-Jahre-Hockenheim-300x210.jpg 300w, https:\/\/speyer24news.com\/wp-content\/uploads\/2019\/09\/1250-Jahre-Hockenheim-768x537.jpg 768w\" sizes=\"(max-width: 800px) 100vw, 800px\" \/><\/figure>\n\n\n\n<h2 class=\"wp-block-heading\"><strong>Pflanzfl\u00e4chen in C4 und\nam Pumpwerk werden angelegt<\/strong><\/h2>\n\n\n\n<p>Im\nStadtwald Hockenheim werden in der ersten Oktoberh\u00e4lfte die Fl\u00e4chen f\u00fcr Neuanpflanzungen\nvorbereitet. Daf\u00fcr werden im Abschnitt C4 0,3 Hektar f\u00fcr die Bepflanzung im\nNovember 2019 und hinter dem Pumpwerk eine Fl\u00e4che von 0,5 Hektar f\u00fcr die\nFr\u00fchjahrspflanzung 2020 vorbereitet. <\/p>\n\n\n\n<p>Durch\ndie in den letzten Jahren anhaltende Hitze und Trockenheit sind dort viele\nB\u00e4ume durch den Engerlingfrass zerst\u00f6rt. Um den Maik\u00e4ferengerlingen die\nNahrungsgrundlage zu entziehen, m\u00fcssen diese Bereiche aufw\u00e4ndig maschinell\nbearbeitet werden. F\u00fcr die Bepflanzung wurden die am st\u00e4rksten gesch\u00e4digten Waldbereiche\nausgew\u00e4hlt.\n\nNach dem Entfernen der absterbenden Altb\u00e4ume und\nderen St\u00f6cke wird der Boden mit einer Spezialfr\u00e4se gelockert, Engerlinge damit\nmechanisch zerst\u00f6rt und die f\u00fcr den Maik\u00e4fer attraktive Grasschicht in den\nBoden eingearbeitet. Daher kann es w\u00e4hrend der Arbeiten zu\nL\u00e4rmbeeintr\u00e4chtigungen kommen.\n\n\n\n<\/p>\n\n\n\n<p><em>Stadtverwaltung Hockenheim<br>07.10.2019<\/em><\/p>\n\n\n\n<h2 class=\"wp-block-heading\"><strong>Gebrauchte Drahtesel wechseln wieder Eigent\u00fcmer<\/strong><\/h2>\n\n\n\n<p>Rauf auf den Drahtesel: Am <strong>Donnerstag, dem 17. Oktober 2019<\/strong>, findet von 14 bis ca. 15 Uhr im Bauhof Hockenheim (Schwetzinger Stra\u00dfe 107) wieder die Versteigerung gebrauchter Fundr\u00e4der statt. <\/p>\n\n\n\n<p>Die Drahtesel wechseln gegen Barzahlung ihren Eigent\u00fcmer. Dabei werden ausschlie\u00dflich Fahrr\u00e4der angeboten, deren gesetzliche Aufbewahrungsfrist abgelaufen ist. <\/p>\n\n\n\n<p>Die Auktion wird durch Mitarbeiter des Bauhofs sowie der Stadtkasse und des B\u00fcrgerb\u00fcros der Stadt Hockenheim vorgenommen. Die Drahtesel k\u00f6nnen ab 13.30 Uhr im Bauhof besichtigt werden.<\/p>\n\n\n\n<p><em>Stadtverwaltung Hockenheim<br>07.10.2019<\/em><\/p>\n\n\n\n<h2 class=\"wp-block-heading\"><strong>B\u00fcrgerb\u00fcro am\nSamstag, 12. Oktober, ge\u00f6ffnet<\/strong><\/h2>\n\n\n\n<p>Das B\u00fcrgerb\u00fcro ist au\u00dfer zu den \u00fcblichen \u00d6ffnungszeiten<strong> auch am Samstag, 12. Oktober 2019<\/strong>, von 9 bis 12 Uhr ge\u00f6ffnet. <\/p>\n\n\n\n<p>Dieses befindet sich im Neubau: Rathausstra\u00dfe&nbsp;1\n(Haupteingang), Erdgeschoss, Zimmer-Nr. E03 bis E05.<\/p>\n\n\n\n<p>Mehr Informationen auf der Internetseite unter <a href=\"http:\/\/www.hockenheim.de\">http:\/\/www.hockenheim.de<\/a>.<\/p>\n\n\n\n<p><em>Stadtverwaltung Hockenheim<br>07.10.2019<\/em><\/p>\n\n\n\n<h2 class=\"wp-block-heading\"><strong>Fr\u00f6hliche\nGeschichte rund um Stille Post<\/strong><\/h2>\n\n\n\n<p>In der Stadtbibliothek Hockenheim findet am <strong>Samstag, 19. Oktober 2019<\/strong>, 10.30 Uhr, das n\u00e4chste \u201e<strong>Kamishibai<\/strong>\u201c (japanisch f\u00fcr Papiertheater) statt. Es erz\u00e4hlt die Geschichte \u201eOphelia und die Schmetterlinge\u201c von Ingrid und Dieter Schubert. Sie richtet sich an Kinder im Alter ab vier Jahren. Der Eintritt ist kostenfrei. Nach Beginn ist leider kein Einlass mehr m\u00f6glich.<\/p>\n\n\n\n<p>Zum Inhalt: Ophelia\nnimmt wie jeden Morgen ihr Bad, als sie ihren Freund Joppe rufen h\u00f6rt: \u201eOoooo &#8211;\nOphelia, ich habe Schmetterlinge im Bauch\u201c. Das muss etwas Schlimmes sein,\ndenkt sie, und l\u00e4uft sofort mit ihrem Arztkoffer los. Unterwegs trifft Ophelia\nErdmann, der erz\u00e4hlt es dem Frosch und der sagt es dem Stachelschwein weiter.<\/p>\n\n\n\n<p>Alle sind besorgt um\nJoppe: Ob es ihm sehr schlecht geht? Die Geschichte wird immer abenteuerlicher,\ndenn jeder erz\u00e4hlt von einer noch schlimmeren Krankheit&#8230; Doch keine Sorge:\nDie Geschichte ist eine fr\u00f6hliche Variante des Spiels \u201eStille Post\u201c. Sie\nbesteht aus lustigen Missverst\u00e4ndnissen und einer romantischen Aufl\u00f6sung.<\/p>\n\n\n\n<p><em>Stadtverwaltung Hockenheim \/ Stadtbibliothek Hockenheim<br>07.10.2019<\/em><\/p>\n\n\n\n<h2 class=\"wp-block-heading\"><strong>OB Zeitler neuer Schirmherr von Plant-for-the-Planet<\/strong><\/h2>\n\n\n\n<div class=\"wp-block-image\"><figure class=\"aligncenter\"><img decoding=\"async\" loading=\"lazy\" width=\"800\" height=\"600\" src=\"https:\/\/speyer24news.com\/wp-content\/uploads\/2019\/10\/2019-10-02-Verwaltung_Schirmherrschaft-Plant-for-the-planet.jpg\" alt=\"\" class=\"wp-image-20296\" srcset=\"https:\/\/speyer24news.com\/wp-content\/uploads\/2019\/10\/2019-10-02-Verwaltung_Schirmherrschaft-Plant-for-the-planet.jpg 800w, https:\/\/speyer24news.com\/wp-content\/uploads\/2019\/10\/2019-10-02-Verwaltung_Schirmherrschaft-Plant-for-the-planet-300x225.jpg 300w, https:\/\/speyer24news.com\/wp-content\/uploads\/2019\/10\/2019-10-02-Verwaltung_Schirmherrschaft-Plant-for-the-planet-768x576.jpg 768w, https:\/\/speyer24news.com\/wp-content\/uploads\/2019\/10\/2019-10-02-Verwaltung_Schirmherrschaft-Plant-for-the-planet-678x509.jpg 678w, https:\/\/speyer24news.com\/wp-content\/uploads\/2019\/10\/2019-10-02-Verwaltung_Schirmherrschaft-Plant-for-the-planet-326x245.jpg 326w, https:\/\/speyer24news.com\/wp-content\/uploads\/2019\/10\/2019-10-02-Verwaltung_Schirmherrschaft-Plant-for-the-planet-80x60.jpg 80w\" sizes=\"(max-width: 800px) 100vw, 800px\" \/><figcaption>OB Marcus Zeitler (l.) und Lia Mayrock (r.) sprachen \u00fcber die bisherigen Aktivit\u00e4ten von Plant-for-the-Planet in Hockenheim.<\/figcaption><\/figure><\/div>\n\n\n\n<p>Die\nAktionen der jungen Botschafter f\u00fcr Klimagerechtigkeit von Plant-for-the-Planet\nin Hockenheim sind in aller Munde. Das gilt nicht erst seit dem erfolgreichen\nVerkauf der Jubil\u00e4umsedition der Guten Schokolade, von denen die Kinder in\ndiesem Jahr 11.500 Tafeln f\u00fcr einen guten Zweck abgesetzt haben. Die Kinder\nhaben auch in Zukunft gro\u00dfe Pl\u00e4ne. Davon erz\u00e4hlte die elfj\u00e4hrige Lia Mayrock\nvon Plant-for-the-Planet Oberb\u00fcrgermeister Marcus Zeitler bei einem Treffen im\nRathaus. Er war davon begeistert und \u00fcbernahm die Schirmherrschaft f\u00fcr die\nAktion. Diese hatte bereits sein Vorg\u00e4nger inne. \u201eIch finde es toll, was ihr in\nso jungen Jahren f\u00fcr den Klimaschutz anpackt. Solche Jugendliche brauchen wir\nmehr in Hockenheim\u201c, fand Marcus Zeitler.<\/p>\n\n\n\n<p>Mit einer\nPr\u00e4sentation gab Lia Mayrock dem Oberb\u00fcrgermeister einen \u00dcberblick \u00fcber die\nAktivit\u00e4ten in den letzten eineinhalb Jahren. Sie berichtete von den beiden\nBaumpflanzungen am \u201eTag des Baumes\u201c an der Hartmann-Baumann-Schule und dem\nCarl-Friedrich-Gau\u00df-Gymnasium. Sie erz\u00e4hlte auch von den Verkostungsaktionen in\nden Einkaufsm\u00e4rkten Globus und Rewe. Im Sommer kam auch die \u201elogo-Tour\u201c der\nZDF-Kindernachrichten nach Hockenheim. Dadurch erfuhr ganz Deutschland, was die\nAktion in Hockenheim alles auf die Beine gestellt hat.<\/p>\n\n\n\n<p>Die Botschafter f\u00fcr Klimagerechtigkeit haben in diesem Jahr noch weitere Ziele. Dazu z\u00e4hlt vor allem die erste <strong>Plant-for-the-Planet-Akademie<\/strong>, die am <strong>9. November<\/strong> im <strong>Gau\u00df-Gymnasium<\/strong> stattfindet. \u201eWir wollen anderen Kindern zeigen, welche Bedeutung die Klimakrise hat und was jeder dagegen tun kann\u201c, sagte Lia Mayrock. Die Sch\u00fclerin weiter: \u201eWir w\u00fcrden uns freuen, wenn sich viele Kinder aus Hockenheim und Umgebung anmelden w\u00fcrden\u201c. Au\u00dferdem planen die Kinder eine Neuauflage der Guten Schokolade. Als Vorgeschmack darauf bekam OB Marcus Zeitler das letzte Gesamtpacket der Hockenheim Edition geschenkt.<\/p>\n\n\n\n<p><strong>Terminhinweis:<\/strong> Plant-for-the-Planet-Akademie, <strong>Samstag, 9. November 2019, 9<\/strong> bis 17.30 Uhr, Carl-Friedrich-Gau\u00df-Gymnasium, Zielgruppe: Kinder im Alter von neun bis zw\u00f6lf Jahre, Teilnahme kostenfrei. Anmeldung unter <a href=\"https:\/\/www.plant-for-the-planet.org\/de\/mitmachen\/akademien\/20191109-hockenheim\/details\">https:\/\/www.plant-for-the-planet.org\/de\/mitmachen\/akademien\/20191109-hockenheim\/details<\/a> m\u00f6glich. <\/p>\n\n\n\n<p><em>Stadtverwaltung Hockenheim<br>07.10.2019<\/em><\/p>\n\n\n\n<h2 class=\"wp-block-heading\"><strong>Von der Frucht zum Saft<\/strong><\/h2>\n\n\n\n<div class=\"wp-block-image\"><figure class=\"aligncenter\"><img decoding=\"async\" loading=\"lazy\" width=\"500\" height=\"683\" src=\"https:\/\/speyer24news.com\/wp-content\/uploads\/2019\/10\/2019-10-02-Kinderg\u00e4rten_Apfelsaft-pressen_Bild-1.jpg\" alt=\"\" class=\"wp-image-20294\" srcset=\"https:\/\/speyer24news.com\/wp-content\/uploads\/2019\/10\/2019-10-02-Kinderg\u00e4rten_Apfelsaft-pressen_Bild-1.jpg 500w, https:\/\/speyer24news.com\/wp-content\/uploads\/2019\/10\/2019-10-02-Kinderg\u00e4rten_Apfelsaft-pressen_Bild-1-220x300.jpg 220w\" sizes=\"(max-width: 500px) 100vw, 500px\" \/><figcaption>Nils Mommert (l.) und Gabriel Walter (r.) pressten im Rahmen der Aktion des S\u00fcdstadtkindergartens den eigenen Apfelsaft. <\/figcaption><\/figure><\/div>\n\n\n\n<p>Herbstzeit ist Apfelzeit. Der S\u00fcdstadtkindergarten startete deshalb passend zur Jahreszeit und zu seinem Ern\u00e4hrungsprojekt mit seinen Vorschulkindern eine Apfelsaftaktion. Reinhold Gottfried brachte daf\u00fcr eine mobile Saftpresse mit. Die Vorschuleltern wurden um Apfelspenden f\u00fcr den Tag gebeten, weil der Kindergarten zwar selbst zwei kleine Apfelb\u00e4ume besitzt, diese aber 2019 nur sehr wenige Fr\u00fcchte trugen.<\/p>\n\n\n\n<div class=\"wp-block-image\"><figure class=\"aligncenter\"><img decoding=\"async\" loading=\"lazy\" width=\"800\" height=\"609\" src=\"https:\/\/speyer24news.com\/wp-content\/uploads\/2019\/10\/2019-10-02-Kinderg\u00e4rten_Apfelsaft-pressen_Bild-2.jpg\" alt=\"\" class=\"wp-image-20295\" srcset=\"https:\/\/speyer24news.com\/wp-content\/uploads\/2019\/10\/2019-10-02-Kinderg\u00e4rten_Apfelsaft-pressen_Bild-2.jpg 800w, https:\/\/speyer24news.com\/wp-content\/uploads\/2019\/10\/2019-10-02-Kinderg\u00e4rten_Apfelsaft-pressen_Bild-2-300x228.jpg 300w, https:\/\/speyer24news.com\/wp-content\/uploads\/2019\/10\/2019-10-02-Kinderg\u00e4rten_Apfelsaft-pressen_Bild-2-768x585.jpg 768w, https:\/\/speyer24news.com\/wp-content\/uploads\/2019\/10\/2019-10-02-Kinderg\u00e4rten_Apfelsaft-pressen_Bild-2-80x60.jpg 80w\" sizes=\"(max-width: 800px) 100vw, 800px\" \/><figcaption> Matteo Camilleri (l.) und Livia Herrmann (r.) beim Pressen des Apfelsafts. <\/figcaption><\/figure><\/div>\n\n\n\n<p>Die Aktion ging am ersten Oktober im Garten des Kindergartens trotz Regenwetter los. Die Apfelpresse wurde gesch\u00fctzt unter dem gro\u00dfen Sonnenschirm aufgebaut. Die Kinder waren an allen Schritten beteiligt. In kleinen Gruppen holten die beiden Erzieherinnen Lisa R\u00f6sler und Iris Schlampp die Vorsch\u00fcler aus allen f\u00fcnf Gruppen in den Garten. Zun\u00e4chst wuschen sie die \u00c4pfel an der Waschstation und schnitten sie dann an der Schneidestation in vier St\u00fccke.Anschlie\u00dfend wurde es spannend. Die Kinder drehten zun\u00e4chst unter Anleitung die Apfelst\u00fccke durch ein Schneideger\u00e4t. Mit gro\u00dfem Spa\u00df bedienten die Kinder im Wechsel die Kurbel und zeigten, wie viel Kraft sie haben. Dann wurde die Presse aufgesetzt und die Kinder durften den Presshebel bedienen. Es gab viele erstaunte \u201eAhs\u201c und \u201eOhs\u201c unter den Kindern, als der erste Saft in die untergestellte Sch\u00fcssel lief und der Stolz auf ihre Leistung war in den Kindergesichtern deutlich zu lesen. Ob Klein oder Gro\u00df, alle waren mit Feuereifer und Freunde bei der Sache. Es wurde Gespr\u00e4che \u00fcber den Apfel gef\u00fchrt und auch einige Apfellieder erklangen im Garten. Im Anschluss probierten die Kinder den selbst gepressten Apfelsaft. Auf die Frage, wie er denn schmeckt, gab es nur eine Antwort: \u201eLecker, das k\u00f6nnte ich jeden Tag trinken\u201c. Eine gelungene, nachhaltige Aktion, die auch an den Folgetagen durch das Herstellen von Apfelgelee, Filterexperimente des Saftes und andere Aktionen zum Thema Apfel in den einzelnen Gruppen weitergef\u00fchrt wurde. <\/p>\n\n\n\n<p><em>Text: Stadtverwaltung Hockenheim Foto: S\u00fcdstadtkindergarten Hockenheim<br>07.10.2019<\/em><\/p>\n\n\n\n<h2 class=\"wp-block-heading\"><strong>Ausschuss f\u00fcr\nSoziales, Jugend, Kultur und Sport tagt am 10. Oktober<\/strong><\/h2>\n\n\n\n<p>Der Ausschuss Soziales, Jugend, Kultur und Sport des Gemeinderates Hockenheim tagt am <strong>Donnerstag, 10. Oktober 2019<\/strong>, 17 Uhr, im B\u00fcrgersaal des Rathauses Hockenheim wieder \u00f6ffentlich. Auf der Tagesordnung stehen folgende Punkte: <\/p>\n\n\n\n<ol><li>Besucherfragen<\/li><li>Digitalisierung der Hockenheimer Schulen, Vorlage: 40\/2019\/323<\/li><li>Mitteilungen der Verwaltung<\/li><li>Anfragen aus der Mitte des Gremiums<\/li><\/ol>\n\n\n\n<p>Alle B\u00fcrger sind zur Sitzung herzlich eingeladen.<\/p>\n\n\n\n<p><em>Stadtverwaltung Hockenheim<br>07.10.2019<\/em><\/p>\n","protected":false},"excerpt":{"rendered":"<div class=\"mh-excerpt\"><p>Pflanzfl\u00e4chen in C4 und am Pumpwerk werden angelegt Im Stadtwald Hockenheim werden in der ersten Oktoberh\u00e4lfte die Fl\u00e4chen f\u00fcr Neuanpflanzungen vorbereitet. Daf\u00fcr werden im Abschnitt C4 0,3 Hektar f\u00fcr die Bepflanzung im November 2019 und <a class=\"mh-excerpt-more\" href=\"https:\/\/speyer24news.com\/?p=20293\" title=\"Hockenheim:\">[&#8230;]<\/a><\/p>\n<\/div>","protected":false},"author":3,"featured_media":19045,"comment_status":"open","ping_status":"open","sticky":false,"template":"","format":"standard","meta":{"_monsterinsights_skip_tracking":false,"_monsterinsights_sitenote_active":false,"_monsterinsights_sitenote_note":"","_monsterinsights_sitenote_category":0,"footnotes":""},"categories":[489],"tags":[1556,3813,638,3810,108,3811,2294,3812,3809,501,196,1286,891,3814],"aioseo_notices":[],"amp_enabled":true,"_links":{"self":[{"href":"https:\/\/speyer24news.com\/index.php?rest_route=\/wp\/v2\/posts\/20293"}],"collection":[{"href":"https:\/\/speyer24news.com\/index.php?rest_route=\/wp\/v2\/posts"}],"about":[{"href":"https:\/\/speyer24news.com\/index.php?rest_route=\/wp\/v2\/types\/post"}],"author":[{"embeddable":true,"href":"https:\/\/speyer24news.com\/index.php?rest_route=\/wp\/v2\/users\/3"}],"replies":[{"embeddable":true,"href":"https:\/\/speyer24news.com\/index.php?rest_route=%2Fwp%2Fv2%2Fcomments&post=20293"}],"version-history":[{"count":2,"href":"https:\/\/speyer24news.com\/index.php?rest_route=\/wp\/v2\/posts\/20293\/revisions"}],"predecessor-version":[{"id":20371,"href":"https:\/\/speyer24news.com\/index.php?rest_route=\/wp\/v2\/posts\/20293\/revisions\/20371"}],"wp:featuredmedia":[{"embeddable":true,"href":"https:\/\/speyer24news.com\/index.php?rest_route=\/wp\/v2\/media\/19045"}],"wp:attachment":[{"href":"https:\/\/speyer24news.com\/index.php?rest_route=%2Fwp%2Fv2%2Fmedia&parent=20293"}],"wp:term":[{"taxonomy":"category","embeddable":true,"href":"https:\/\/speyer24news.com\/index.php?rest_route=%2Fwp%2Fv2%2Fcategories&post=20293"},{"taxonomy":"post_tag","embeddable":true,"href":"https:\/\/speyer24news.com\/index.php?rest_route=%2Fwp%2Fv2%2Ftags&post=20293"}],"curies":[{"name":"wp","href":"https:\/\/api.w.org\/{rel}","templated":true}]}}