{"id":20323,"date":"2019-10-07T17:02:05","date_gmt":"2019-10-07T16:02:05","guid":{"rendered":"https:\/\/speyer24news.com\/?p=20323"},"modified":"2019-10-07T17:02:07","modified_gmt":"2019-10-07T16:02:07","slug":"speyer-aktuell-12","status":"publish","type":"post","link":"https:\/\/speyer24news.com\/?p=20323","title":{"rendered":"Speyer aktuell:"},"content":{"rendered":"<style type=\"text\/css\">\r\n\t.ads_top_disp{}\r\n\t.ads_top_corner_disp{ float:left; margin:0px 10px 10px 0px; }\r\n\t.ads_first_p_disp{}\r\n\t.ads_bottom_disp{}\r\n\t<\/style>\n<h2 class=\"wp-block-heading\"><strong>Protestanten ohne Protest &#8211; Die pf\u00e4lzische Landeskirche und ihre Gemeinden im Nationalsozialismus<\/strong><\/h2>\n\n\n\n<h3 class=\"wp-block-heading\"><strong>Stadtarchiv Speyer zeigt Wanderausstellung der Evangelischen Kirche im Rathaus der Stadt<\/strong><\/h3>\n\n\n\n<div class=\"wp-block-image\"><figure class=\"aligncenter\"><img decoding=\"async\" loading=\"lazy\" width=\"600\" height=\"138\" src=\"https:\/\/speyer24news.com\/wp-content\/uploads\/2019\/10\/Prostestanten-ohne-Protest.png\" alt=\"\" class=\"wp-image-20325\" srcset=\"https:\/\/speyer24news.com\/wp-content\/uploads\/2019\/10\/Prostestanten-ohne-Protest.png 600w, https:\/\/speyer24news.com\/wp-content\/uploads\/2019\/10\/Prostestanten-ohne-Protest-300x69.png 300w\" sizes=\"(max-width: 600px) 100vw, 600px\" \/><\/figure><\/div>\n\n\n\n<p>Die Stadt Speyer arbeitet derzeit ihre Geschichte in der NS-Zeit auf. In  der geplanten Ver\u00f6ffentlichung sollen neben  der Stadtverwaltung, Schulen und Vereinen auch Speyerer Institutionen  wie das Historische Museum der Pfalz, die Landesbibliothek und die  Kirchen behandelt werden. Vor diesem Hintergrund pr\u00e4sentierte das  Kulturelle Erbe \u2013 Stadtarchiv Speyer die Wanderausstellung  der Evangelischen Kirche der Pfalz (Protestantische Landeskirche) mit  dem Titel \u201eProtestanten ohne Protest\u201c. <\/p>\n\n\n\n<p>Protestantismus  und Nationalsozialismus gingen in der Pfalz weitgehend Hand in Hand.  NS-Funktion\u00e4re sahen sich als  gute Protestanten, Kirchenvertreter waren zum Teil begeisterte  Nationalsozialisten. Erkennbaren Widerstand (\u201aKirchenkampf\u2018) gab es  nicht. Im Anschluss an die Publikation \u201eProtestanten ohne Protest\u201c  (2016) bietet die Wanderausstellung auf 15 Roll-Ups Informationen zur pf\u00e4lzischen Landeskirche im Nationalsozialismus mit dem Schwerpunkt  auf dem Gemeindeleben.<\/p>\n\n\n\n<div class=\"wp-block-image\"><figure class=\"aligncenter\"><img decoding=\"async\" loading=\"lazy\" width=\"800\" height=\"487\" src=\"https:\/\/speyer24news.com\/wp-content\/uploads\/2019\/10\/Prostestanten-ohne-Protest2.png\" alt=\"\" class=\"wp-image-20326\" srcset=\"https:\/\/speyer24news.com\/wp-content\/uploads\/2019\/10\/Prostestanten-ohne-Protest2.png 800w, https:\/\/speyer24news.com\/wp-content\/uploads\/2019\/10\/Prostestanten-ohne-Protest2-300x183.png 300w, https:\/\/speyer24news.com\/wp-content\/uploads\/2019\/10\/Prostestanten-ohne-Protest2-768x468.png 768w\" sizes=\"(max-width: 800px) 100vw, 800px\" \/><\/figure><\/div>\n\n\n\n<p>Der\n Umgang mit der NS-Vergangenheit f\u00e4llt schwer. Wie ist mit dem Versagen \nder Landeskirche und der Kirchengemeinden umzugehen?\n Was ist zu den T\u00e4tern und den Unterst\u00fctzern des NS-Regimes aus unseren \nReihen zu sagen? Was sind die heutigen Generationen den Nachfahren der \nOpfer schuldig? Was soll mit den Relikten der NS-Kirchengeschichte \ngeschehen? Einen Schlussstrich kann es nicht geben.\n Dazu wiegen die Verbrechen, die Leiden der Opfer und das Versagen der \nKirche zu schwer.\n<\/p>\n\n\n\n<p>Die historische Aufarbeitung ist nicht abgeschlossen. Jede Generation steht neu vor der Aufgabe, sich die Geschichte anzueignen.<\/p>\n\n\n\n<div class=\"wp-block-image\"><figure class=\"aligncenter\"><img decoding=\"async\" loading=\"lazy\" width=\"500\" height=\"591\" src=\"https:\/\/speyer24news.com\/wp-content\/uploads\/2019\/10\/Scheideweg.png\" alt=\"\" class=\"wp-image-20327\" srcset=\"https:\/\/speyer24news.com\/wp-content\/uploads\/2019\/10\/Scheideweg.png 500w, https:\/\/speyer24news.com\/wp-content\/uploads\/2019\/10\/Scheideweg-254x300.png 254w\" sizes=\"(max-width: 500px) 100vw, 500px\" \/><figcaption> Wahlplakat 1932. Quelle: \u201eDer Religi\u00f6se Sozialist\u201c vom 26.6.1932. <\/figcaption><\/figure><\/div>\n\n\n\n<h4 class=\"wp-block-heading\"><strong>Ort und Dauer der Ausstellung<\/strong>:<\/h4>\n\n\n\n<p>Glaspavillon, Rathausr\u00fcckgeb\u00e4ude, Maximilianstra\u00dfe 12, Speyer 8. bis 28. Oktober 2019<\/p>\n\n\n\n<h4 class=\"wp-block-heading\"><strong>Besuchszeiten:<\/strong><\/h4>\n\n\n\n<p>Mo-Do 9-18 Uhr, Fr. 9-13 Uhr, an Feiertagen geschlossen.<\/p>\n\n\n\n<h4 class=\"wp-block-heading\"><strong>Veranstalter<\/strong>: <\/h4>\n\n\n\n<p>Kulturelles Erbe \u2013 Stadtarchiv Speyer in Kooperation mit dem Zentralarchiv der Evangelischen  Kirche der Pfalz<\/p>\n\n\n\n<h4 class=\"wp-block-heading\"><strong>Der Eintritt ist frei!<\/strong><\/h4>\n\n\n\n<p><strong>Weitere Infos: <\/strong><a rel=\"noreferrer noopener\" href=\"https:\/\/deref-web-02.de\/mail\/client\/-cRevXhYvGc\/dereferrer\/?redirectUrl=http%3A%2F%2Fwww.evpfalz.de%2Fgemeinden_t3v76%2Findex.php%3Fid%3D5591\" target=\"_blank\"><strong>http:\/\/www.evpfalz.de\/gemeinden_t3v76\/index.php?id=5591<\/strong><\/a><\/p>\n\n\n\n<p><em>Stadt Speyer<br>07.10.2019<\/em><\/p>\n","protected":false},"excerpt":{"rendered":"<div class=\"mh-excerpt\"><p>Protestanten ohne Protest &#8211; Die pf\u00e4lzische Landeskirche und ihre Gemeinden im Nationalsozialismus Stadtarchiv Speyer zeigt Wanderausstellung der Evangelischen Kirche im Rathaus der Stadt Die Stadt Speyer arbeitet derzeit ihre Geschichte in der NS-Zeit auf. In <a class=\"mh-excerpt-more\" href=\"https:\/\/speyer24news.com\/?p=20323\" title=\"Speyer aktuell:\">[&#8230;]<\/a><\/p>\n<\/div>","protected":false},"author":3,"featured_media":0,"comment_status":"open","ping_status":"open","sticky":false,"template":"","format":"standard","meta":{"_monsterinsights_skip_tracking":false,"_monsterinsights_sitenote_active":false,"_monsterinsights_sitenote_note":"","_monsterinsights_sitenote_category":0,"footnotes":""},"categories":[9],"tags":[187,3831,3830,3832,6,2674],"aioseo_notices":[],"amp_enabled":true,"_links":{"self":[{"href":"https:\/\/speyer24news.com\/index.php?rest_route=\/wp\/v2\/posts\/20323"}],"collection":[{"href":"https:\/\/speyer24news.com\/index.php?rest_route=\/wp\/v2\/posts"}],"about":[{"href":"https:\/\/speyer24news.com\/index.php?rest_route=\/wp\/v2\/types\/post"}],"author":[{"embeddable":true,"href":"https:\/\/speyer24news.com\/index.php?rest_route=\/wp\/v2\/users\/3"}],"replies":[{"embeddable":true,"href":"https:\/\/speyer24news.com\/index.php?rest_route=%2Fwp%2Fv2%2Fcomments&post=20323"}],"version-history":[{"count":1,"href":"https:\/\/speyer24news.com\/index.php?rest_route=\/wp\/v2\/posts\/20323\/revisions"}],"predecessor-version":[{"id":20328,"href":"https:\/\/speyer24news.com\/index.php?rest_route=\/wp\/v2\/posts\/20323\/revisions\/20328"}],"wp:attachment":[{"href":"https:\/\/speyer24news.com\/index.php?rest_route=%2Fwp%2Fv2%2Fmedia&parent=20323"}],"wp:term":[{"taxonomy":"category","embeddable":true,"href":"https:\/\/speyer24news.com\/index.php?rest_route=%2Fwp%2Fv2%2Fcategories&post=20323"},{"taxonomy":"post_tag","embeddable":true,"href":"https:\/\/speyer24news.com\/index.php?rest_route=%2Fwp%2Fv2%2Ftags&post=20323"}],"curies":[{"name":"wp","href":"https:\/\/api.w.org\/{rel}","templated":true}]}}