{"id":20329,"date":"2019-10-08T08:17:04","date_gmt":"2019-10-08T07:17:04","guid":{"rendered":"https:\/\/speyer24news.com\/?p=20329"},"modified":"2019-10-08T08:19:15","modified_gmt":"2019-10-08T07:19:15","slug":"polizei-89","status":"publish","type":"post","link":"https:\/\/speyer24news.com\/?p=20329","title":{"rendered":"Polizei:"},"content":{"rendered":"<style type=\"text\/css\">\r\n\t.ads_top_disp{}\r\n\t.ads_top_corner_disp{ float:left; margin:0px 10px 10px 0px; }\r\n\t.ads_first_p_disp{}\r\n\t.ads_bottom_disp{}\r\n\t<\/style>\n<h2 class=\"wp-block-heading\">Polizeimeldungen vom Montag (07.10.2019)<\/h2>\n\n\n\n<div class=\"wp-block-image\"><figure class=\"aligncenter\"><img decoding=\"async\" src=\"https:\/\/speyer24news.com\/wp-content\/uploads\/2019\/09\/Aktuelles-Polizeilogo-1.jpg\" alt=\"\" class=\"wp-image-19009\"\/><\/figure><\/div>\n\n\n\n<h4 class=\"wp-block-heading\">(Speyer) &#8211; Besitzer eines Pedelec gesucht<\/h4>\n\n\n\n<div class=\"wp-block-image\"><figure class=\"aligncenter\"><img decoding=\"async\" loading=\"lazy\" width=\"800\" height=\"600\" src=\"https:\/\/speyer24news.com\/wp-content\/uploads\/2019\/10\/06.10.19-SP-Fahrradfund.jpg\" alt=\"\" class=\"wp-image-20330\" srcset=\"https:\/\/speyer24news.com\/wp-content\/uploads\/2019\/10\/06.10.19-SP-Fahrradfund.jpg 800w, https:\/\/speyer24news.com\/wp-content\/uploads\/2019\/10\/06.10.19-SP-Fahrradfund-300x225.jpg 300w, https:\/\/speyer24news.com\/wp-content\/uploads\/2019\/10\/06.10.19-SP-Fahrradfund-768x576.jpg 768w, https:\/\/speyer24news.com\/wp-content\/uploads\/2019\/10\/06.10.19-SP-Fahrradfund-678x509.jpg 678w, https:\/\/speyer24news.com\/wp-content\/uploads\/2019\/10\/06.10.19-SP-Fahrradfund-326x245.jpg 326w, https:\/\/speyer24news.com\/wp-content\/uploads\/2019\/10\/06.10.19-SP-Fahrradfund-80x60.jpg 80w\" sizes=\"(max-width: 800px) 100vw, 800px\" \/><\/figure><\/div>\n\n\n\n<p>Am Sonntagabend wurde durch Beamte der PI Speyer im Rahmen einer  Pr\u00e4ventionsstreife unter anderem auch die Alla-Hopp-Anlage zu Fu\u00df  bestreift. Zwar konnten zur genannten Zeit keine Personen in der Anlage  festgestellt werden, wohl aber ein herrenloses hochwertiges Pedelec der  Marke Fischer. Aus Gr\u00fcnden der Eigentumssicherung wurde das Rad durch  die eingesetzten Beamten sichergestellt und auf hiesiger Dienststelle  verwahrt. Der Eigent\u00fcmer m\u00f6ge sich bitte mit der PI SP in Verbindung  setzen. Gegen einen Eigentumsnachweis wird ihm das Rad ausgeh\u00e4ndigt. <\/p>\n\n\n\n<p>Zeugenhinweise nimmt die Polizei unter der Tel.-Nr. 06232-1370 oder per Mail an <a href=\"mailto:pispeyer@polizei.rlp.de\">pispeyer@polizei.rlp.de<\/a> entgegen. <\/p>\n\n\n\n<h4 class=\"wp-block-heading\">(Germersheim) &#8211; Angebranntes Essen l\u00f6st gemeinsamen Einsatz der Feuerwehr und der Polizei aus<\/h4>\n\n\n\n<p>Zu einem gemeinsamen Einsatz r\u00fcckten Einsatzkr\u00e4fte der Feuerwehr und  Polizei Germersheim in der Nacht von Sonntag auf Montag aus. Ein  Bewohner eines Mehrparteienhaus in der Ludwig &#8211; Erhard-Stra\u00dfe hatte sein  Essen auf der eingeschalteten Herdplatte vergessen und war  eingeschlafen. Ein Nachbar hatte die Einsatzkr\u00e4fte \u00fcber die  Rauchentwicklung informiert. Gl\u00fccklicherweise wurde bei dem Vorfall  niemand verletzt. Es entstand auch kein Geb\u00e4udeschaden. <\/p>\n\n\n\n<h4 class=\"wp-block-heading\">(Kuhardt) &#8211; Polizei sucht Zeugen nach Raub auf Tankstelle<\/h4>\n\n\n\n<div class=\"wp-block-image\"><figure class=\"aligncenter\"><img decoding=\"async\" src=\"https:\/\/speyer24news.com\/wp-content\/uploads\/2019\/10\/Maskierter-T\u00e4ter-1024x941.jpg\" alt=\"\" class=\"wp-image-20150\"\/><\/figure><\/div>\n\n\n\n<p>Zwei m\u00e4nnliche Personen betraten am Sonntag, den 06.10.2019 gegen 21.25 Uhr eine Tankstelle in Kuhardt. Unter Vorhalt einer Waffe forderte ein T\u00e4ter  von der Angestellten die Herausgabe von Bargeld. Ein zweiter T\u00e4ter  wartete im Bereich der Eingangst\u00fcr. <\/p>\n\n\n\n<p>Nach Herausgabe der in der \nKasse befindlichen Geldscheine verlie\u00dfen beide T\u00e4ter die Tankstelle und \nfl\u00fcchteten zu Fu\u00df in Richtung der Stra\u00dfe Am Roppenbild. <\/p>\n\n\n\n<p>Der erste T\u00e4ter konnte wie folgt beschrieben werden: <\/p>\n\n\n\n<ul><li>ca. 1,70m gro\u00df <\/li><li>20-25 Jahre alt <\/li><li>Schlanke Figur <\/li><li>Bewaffnet mit einer Pistole <\/li><\/ul>\n\n\n\n<p>Der zweite T\u00e4ter wurde wie folgt beschrieben: <\/p>\n\n\n\n<ul><li>ca. 1,65 m gro\u00df <\/li><li>20-25 Jahre alt <\/li><li>Beide waren dunkel bekleidet mit schwarzen Sturmmasken. <\/li><\/ul>\n\n\n\n<p>Die Kriminalpolizei Landau hat ihre Ermittlungen aufgenommen. Hinweise werden erbeten unter 06341-287-0 oder <a href=\"mailto:kilandau@polizei.rlp.de\">kilandau@polizei.rlp.de<\/a>. <\/p>\n\n\n\n<h4 class=\"wp-block-heading\">(Freimersheim) &#8211; Verkehrsunfallflucht Tatort unbekannt<\/h4>\n\n\n\n<p>Am 06.10.2019 wurde um 22:30 Uhr auf der Bundesstra\u00dfe 272 in H\u00f6he von  Freimersheim ein unbeleuchtetes und erheblich besch\u00e4digtes Fahrzeug  festgestellt. An dem silbernen Opel Astra fehlten der vordere Sto\u00dff\u00e4nger  sowie das Kennzeichen. Der 29-j\u00e4hrige rum\u00e4nische Fahrzeugf\u00fchrer gab an  auf dem Weg von Heidelberg mit einer Leitplanke kollidiert zu sein. An  die genaue Unfall\u00f6rtlichkeit k\u00f6nne er sich nicht erinnern, da er  ortsunkundig sei. Das nicht mehr fahrbereite Fahrzeug musste  abgeschleppt werden. Gegen den Fahrer wird wegen Verkehrsunfallflucht  ermittelt. <\/p>\n\n\n\n<p>Wer sachdienliche Hinweise zu dem genannten Fall geben\n kann, wird gebeten sich mit der Polizeiinspektion Edenkoben unter der \nRufnummer 06323\/955-0 in Verbindung zu setzen. Hinweise k\u00f6nnen auch per \nE-Mail unter <a href=\"mailto:piedenkoben@polizei.rlp.de\">piedenkoben@polizei.rlp.de<\/a> an die Polizei \u00fcbermittelt werden. <\/p>\n\n\n\n<h4 class=\"wp-block-heading\">(Maikammer) &#8211; Sachbesch\u00e4digung<\/h4>\n\n\n\n<p>Unbekannte T\u00e4ter  besch\u00e4digten in dem Zeitraum vom 05.10.2019, 14.00  Uhr bis 06.10.2019, 14.30 Uhr die Scheibe eines Wintergartens an dem  Einfamilienhaus in der Alsterweiler Hauptstra\u00dfe 73 in Maikammer . Es  entstand eine etwa 3 cm gro\u00dfe kreisf\u00f6rmige Besch\u00e4digung mit einem  kleinen Loch. <\/p>\n\n\n\n<p>Wer sachdienliche Hinweise zu dem genannten Fall  geben kann, wird gebeten sich mit der Polizeiinspektion Edenkoben unter  der Rufnummer 06323\/955-0 in Verbindung zu setzen. Hinweise k\u00f6nnen auch  per E-Mail unter <a href=\"mailto:piedenkoben@polizei.rlp.de\">piedenkoben@polizei.rlp.de<\/a> an die Polizei \u00fcbermittelt werden. <\/p>\n\n\n\n<h4 class=\"wp-block-heading\">(Neustadt) &#8211; Fahrradfahrerin bei Unfall schwer verletzt<\/h4>\n\n\n\n<div class=\"wp-block-image\"><figure class=\"aligncenter\"><img decoding=\"async\" loading=\"lazy\" width=\"800\" height=\"465\" src=\"https:\/\/speyer24news.com\/wp-content\/uploads\/2019\/10\/05.10.19-NW-VU.jpg\" alt=\"\" class=\"wp-image-20331\" srcset=\"https:\/\/speyer24news.com\/wp-content\/uploads\/2019\/10\/05.10.19-NW-VU.jpg 800w, https:\/\/speyer24news.com\/wp-content\/uploads\/2019\/10\/05.10.19-NW-VU-300x174.jpg 300w, https:\/\/speyer24news.com\/wp-content\/uploads\/2019\/10\/05.10.19-NW-VU-768x446.jpg 768w\" sizes=\"(max-width: 800px) 100vw, 800px\" \/><\/figure><\/div>\n\n\n\n<p>Am Samstag 05.10.2019 gegen 19:00 Uhr kam es in der Spitalbachstra\u00dfe  Einm\u00fcndung Breslauer Stra\u00dfe zu einem Verkehrsunfall, bei dem eine  60-j\u00e4hrige Radfahrerin Kopfverletzungen erlitt. Eine 48-j\u00e4hrige  Taxifahrerin befuhr mit ihrem Pkw die Spitalbachstra\u00dfe in Richtung  Adolf-Kolping-Stra\u00dfe w\u00e4hrend die Radfahrerin aus der Breslauer Stra\u00dfe  nach links in die Spitalbachstra\u00dfe einbog. Bei dem Zusammensto\u00df knallte  die 60-J\u00e4hrige mit dem Kopf in die Windschutzscheibe des Pkw. Sie trug  keinen Kopfschutz und wurde mit einer Platzwunde am Kopf ins Krankenhaus  gebracht. Die genaue Unfallursache muss noch ermittelt werden. Die  Taxifahrerin und ihre Fahrg\u00e4ste blieben unverletzt. Der  Gesamtsachschaden wird mit ca. 2500 Euro angegeben. <\/p>\n\n\n\n<h4 class=\"wp-block-heading\">(Ha\u00dfloch) &#8211; Einbruchsdiebstahl in Cafe-Shop am Bahnhof in Ha\u00dfloch<\/h4>\n\n\n\n<p>In der Nacht von Sonntag, 06.10.2019, auf Montag, den 07.10.2019, wurde  in den Cafe-Shop am Bahnhof in Ha\u00dfloch eingebrochen. Der oder die  unbekannten T\u00e4ter gelangten \u00fcber ein eingeschlagenes Fenster ins Innere  des Shops und durchsuchten diesen nach Wertsachen. Entwendet wurde  lediglich ein geringer Bargeldbetrag. Zeugenhinweise bitte an die  Polizeiinspektion Ha\u00dfloch unter der Telefonnummer 06324-933-0. <\/p>\n\n\n\n<h4 class=\"wp-block-heading\">(Hettenleidelheim) &#8211; Wohnungseinbruch in Hettenleidelheim<\/h4>\n\n\n\n<p>Unbekannte T\u00e4ter \u00fcberstiegen einen Zaun zu einem Anwesen in der  Gartenstra\u00dfe und hebelten eine Kellert\u00fcr auf. Dort gingen sie einen  Tresor an, den sie mit einem Werkzeug aufbrachen und Schmuck, sowie  Goldm\u00fcnzen entwendeten. Die Gesch\u00e4digte bemerkte die Tat am 06.10.2019  gegen 13:00 Uhr. Nach ihren Angaben d\u00fcrfte die Tat am Vortag, am 05.10.  in der Zeit zwischen 19 und 22:00 Uhr ver\u00fcbt worden sein. Die T\u00e4ter  hatten es scheinbar gezielt auf den Tresor abgesehen &#8211; die restliche  Wohnung blieb unber\u00fchrt. Der Schaden betr\u00e4gt mehrere Tausend Euro.  M\u00f6glicherweise jemand am 05.10.2019 verd\u00e4chtige Wahrnehmungen im Bereich  Gartenstra\u00dfe gemacht. Hinweise erbittet die Polizei Gr\u00fcnstadt:  06359-93120. <\/p>\n\n\n\n<h4 class=\"wp-block-heading\">(Beindersheim) &#8211; Verkehrsunfallflucht<\/h4>\n\n\n\n<p>Die 28-j\u00e4hrige Fahrerin eines wei\u00dfen Ford Fiesta parkte ihr Fahrzeug am  06.10.2019 gegen 01:30 Uhr in der Frankenthaler Stra\u00dfe in Beindersheim  vor dem Anwesen mit der Hausnummer 20. Als sie gegen 14:50 Uhr zu dem  Fahrzeug zur\u00fcckkehrte, stellte sie einen frischen Unfallschaden an der  linken Fahrzeugseite fest. Der Schaden bel\u00e4uft sich auf mindestens 300  Euro. Die Polizei sucht Zeugen des Vorfalles. <\/p>\n\n\n\n<p>Die Polizei weist \nnochmals darauf hin, dass es sich bei einer Verkehrsunfallflucht \nkeinesfalls um ein Kavaliersdelikt handelt. Eine Unfallflucht ist eine \nStraftat, \u00e4hnlich einem Diebstahl oder einer K\u00f6rperverletzung. \u00a7 142 des\n Strafgesetzbuches sieht f\u00fcr eine Unfallflucht eine Geldstrafe oder \nsogar eine Freiheitsstrafe bis zu drei Jahre vor. In vielen F\u00e4llen \nbleiben die Gesch\u00e4digten auf ihren Kosten sitzen. Es k\u00f6nnte auch Ihr \nAuto treffen. Helfen Sie uns, Unfallopfern zu helfen. Wenn Sie Zeuge \neiner Unfallflucht werden, notieren Sie das Kennzeichen oder machen Sie \nein Foto mit Ihrem Handy. Verst\u00e4ndigen Sie auf jeden Fall die Polizei. <\/p>\n\n\n\n<p>Wir wollen, dass Sie sicher Leben &#8211; ihre Polizei Frankenthal <\/p>\n\n\n\n<h4 class=\"wp-block-heading\">(Frankenthal) &#8211; Verhinderte Trunkenheitsfahrt<\/h4>\n\n\n\n<p>Anwohner meldeten  am 06.10.19 gegen 19:00 Uhr einen Kleintransporter,  welcher in der Schmiedgasse in Frankenthal seit \u00fcber einer Stunde vor  einer Einfahrt parken w\u00fcrde. Der verantwortliche Fahrzeugf\u00fchrer konnte  in einer nahegelegenen Kneipe angetroffen werden. Er wies einen  Atemalkoholwert von 1,65 Promille auf. Die Fahrzeugschl\u00fcssel wurden  daher pr\u00e4ventiv sichergestellt und sp\u00e4ter dem Chef (Fahrzeughalter)  \u00fcbergeben. <\/p>\n\n\n\n<h4 class=\"wp-block-heading\">(Frankenthal) &#8211; Unfall unter Alkoholeinfluss<\/h4>\n\n\n\n<p>Am Sonntagmorgen kollidierte ein 51-J\u00e4hriger mit seinem Audi A3 gegen  10:05 Uhr mit einem Mercedes CLA, als er von einem Tankstellengel\u00e4nde in  der Mahlastra\u00dfe in den Flie\u00dfverkehr einbiegen wollte. Bei der  Unfallaufnahme konnten die eingesetzten Beamten bei dem Audifahrer  Alkoholgeruch feststellen. Ein Atemalkoholtest ergab einen Wert von 2,83  Promille. Der 25-j\u00e4hrige Mercedesfahrer erlitt durch den Unfall eine  Verletzung an der Hand und wurde ambulant im Krankenhaus versorgt. An  beiden Fahrzeugen entstand erheblicher Sachschaden von mindestens 4000  Euro. Der Unfallverursacher muss sich nun strafrechtlich verantworten,  sein F\u00fchrerschein wurde sichergestellt. <\/p>\n\n\n\n<h4 class=\"wp-block-heading\">(Ludwigshafen) &#8211; F\u00fchrungswechsel bei der Polizeiinspektion Ludwigshafen 2<\/h4>\n\n\n\n<div class=\"wp-block-image\"><figure class=\"aligncenter\"><img decoding=\"async\" loading=\"lazy\" width=\"800\" height=\"533\" src=\"https:\/\/speyer24news.com\/wp-content\/uploads\/2019\/10\/07.10.19-LU-Amtswechsel.jpg\" alt=\"\" class=\"wp-image-20332\" srcset=\"https:\/\/speyer24news.com\/wp-content\/uploads\/2019\/10\/07.10.19-LU-Amtswechsel.jpg 800w, https:\/\/speyer24news.com\/wp-content\/uploads\/2019\/10\/07.10.19-LU-Amtswechsel-300x200.jpg 300w, https:\/\/speyer24news.com\/wp-content\/uploads\/2019\/10\/07.10.19-LU-Amtswechsel-768x512.jpg 768w\" sizes=\"(max-width: 800px) 100vw, 800px\" \/><figcaption>v.l.: Katja Brill, Thomas Ebling, Kai Antes<\/figcaption><\/figure><\/div>\n\n\n\n<p>In einer Feierstunde wurde Montagmorgen, 07.10.2019, der bisherige  Leiter der Polizeiinspektion Ludwigshafen 2, Herr Polizeirat Kai Antes,  vom Polizeipr\u00e4sidenten Thomas Ebling verabschiedet und seine  Nachfolgerin, Frau Polizeir\u00e4tin Katja Brill, offiziell in ihr neues Amt  eingef\u00fchrt. <\/p>\n\n\n\n<p>Herr Antes hat seit 01.10.2019 im Polizeipr\u00e4sidium \nWestpfalz die Leitung der Polizeiinspektion Pirmasens \u00fcbernommen. Frau \nBrill war bis 30.09.2019 Leiterin eines Stabsbereiches im F\u00fchrungsstab \ndes Polizeipr\u00e4sidiums Trier. <\/p>\n\n\n\n<p>Wir w\u00fcnschen unserer Kollegin und unserem Kollegen viel Erfolg in ihren neuen \u00c4mtern. <\/p>\n\n\n\n<h4 class=\"wp-block-heading\">(Ludwigshafen) &#8211; Mit 1,44 Promille gefahren<\/h4>\n\n\n\n<p>Am 06.10.2019 gegen 22:20 Uhr meldete ein aufmerksamer 32-J\u00e4hriger  einen 68-j\u00e4hrigen Autofahrer, der in der Dammstra\u00dfe durch seine  unsichere Fahrweise aufgefallen war und nun in einer Bar eingekehrt sei.  Die Polizeibeamten konnten den Fahrer in der Kneipe antreffen und  stellten einen deutlichen Alkoholgeruch war. Ein freiwillig  durchgef\u00fchrter Atemalkoholtest ergab einen Wert von 1,44 Promille.  Sowohl der F\u00fchrerschein als auch die Fahrzeugschl\u00fcssel wurden  sichergestellt. <\/p>\n\n\n\n<h4 class=\"wp-block-heading\">(Ludwigshafen) &#8211; Tragetasche geraubt<\/h4>\n\n\n\n<p>Am 06.10.2019, gegen 20:15 Uhr, kam es in der Bremserstra\u00dfe Ecke  Leuschnerstra\u00dfe zu einem Raub. Eine 52-J\u00e4hrige war gerade auf dem Weg zu  ihrem Auto, als sie unvermittelt einen Sto\u00df in den R\u00fccken bemerkte.  Gleichzeitig wurde ihr ihre Tragetasche aus der Hand gerissen. Als sie  sich umsah, konnte sie eine fliehende m\u00e4nnliche Person sehen. <\/p>\n\n\n\n<p>Den T\u00e4ter  konnte sie wie folgt beschreiben: <\/p>\n\n\n\n<ul><li>J\u00fcngere m\u00e4nnliche Person<\/li><li>etwa 1,80 m gro\u00df <\/li><li>mit sportlicher Figur und <\/li><li>kurzen hellen Haaren<\/li><li>Zum Tatzeitpunkt  trug der T\u00e4ter dunkle Kleidung. <\/li><li>Die H\u00f6he der Beute betr\u00e4gt mehrere hundert Euro. <\/li><\/ul>\n\n\n\n<p>Wer hat etwas beobachtet und\/oder kann Hinweise zum  T\u00e4ter geben? Sachdienliche Hinweise bitte an die Polizeiinspektion  Ludwigshafen 2  unter der Telefonnummer 0621 963-2222 oder per E-Mail <a href=\"mailto:piludwigshafen2@polizei.rlp.de\">piludwigshafen2@polizei.rlp.de<\/a>. <\/p>\n\n\n\n<h4 class=\"wp-block-heading\">(Ludwigshafen) &#8211; Rettungssanit\u00e4ter verletzt<\/h4>\n\n\n\n<p>Eine 27-J\u00e4hrige musste am 06.10.2019, gegen 05:40 Uhr, in der  Bahnhofstra\u00dfe von einem 19-j\u00e4hrigen und einem 27-j\u00e4hrigen  Rettungssanit\u00e4ter versorgt werden. Als die Sanit\u00e4ter die Frau  untersuchen wollten, verhielt sich diese zunehmend aggressiv und schlug  dem 19-J\u00e4hrigen mehrfach auf den Arm. Dieser wurde hierdurch leicht  verletzt. W\u00e4hrend der Fahrt ins Krankenhaus bespuckte die 27-J\u00e4hrige den  gleichaltrigen Rettungssanit\u00e4ter und traf sein Auge. Auch er wurde  leicht verletzt. Die 27-J\u00e4hrige muss sich nach Paragraph 115 nun wegen  t\u00e4tlicher Angriffe auf Personen, die Vollstreckungsbeamten gleichstehen  sowie wegen K\u00f6rperverletzung verantworten. <\/p>\n\n\n\n<h4 class=\"wp-block-heading\">(Ludwigshafen) &#8211; Diebstahl von 40 Kilogramm Kupfer aus der BASF<\/h4>\n\n\n\n<p>Drei Mitarbeiter einer Fremdfirma versuchten am 05.10.2019, gegen 00:05  Uhr, bei Arbeiten auf dem BASF-Werksgel\u00e4nde insgesamt 40 Kilogramm  Kupfer im Wert von etwa 1000 Euro zu entwenden. Der Versuch des  Diebstahls scheiterte jedoch aufgrund einer Kontrolle des aufmerksamen  BASF-Werkschutzes. <\/p>\n\n\n\n<p>Des Weiteren erwartet einer der Mitarbeiter  nun noch ein Verfahren wegen Versto\u00df gegen das Bet\u00e4ubungsmittelgesetz.  Bei ihm konnte eine geringe Menge Marihuana aufgefunden und  sichergestellt werden. <\/p>\n\n\n\n<h4 class=\"wp-block-heading\">(Mannheim) &#8211; Verkehrstraining f\u00fcr &#8222;\u00c4ltere Kraftfahrer&#8220; in der Jugendverkehrsschule \/ Anmeldung erforderlich<\/h4>\n\n\n\n<p>Ende Oktober bietet die Jugendverkehrsschule Mannheim ihr begehrtes  Verkehrstraining zum letzten Mal in diesem Jahr an. Dabei handelt es  sich um ein Programm der Verkehrspr\u00e4vention Mannheim, welches sich an  Kraftfahrerinnen bzw. Kraftfahrer \u00fcber 60 Jahre richtet und auf dem  Gel\u00e4nde der Jugendverkehrsschule Mannheim stattfindet. <\/p>\n\n\n\n<p>In dieser \nVeranstaltung &#8211; Dauer etwa 3 Stunden &#8211; erl\u00e4utert die Polizei die \nThemenbereiche &#8222;Der \u00e4ltere Kraftfahrer&#8220; sowie &#8222;Wichtige Bestimmungen der\n Stra\u00dfenverkehrsordnung und Stra\u00dfenverkehrs &#8211; Zulassungsordnung&#8220; und \nbietet den Teilnehmern die M\u00f6glichkeit zum intensiven \nErfahrungsaustausch. <\/p>\n\n\n\n<p>Der Schwerpunkt dieser Veranstaltung liegt \nallerdings auf den fahrpraktischen \u00dcbungen. Voraussetzung f\u00fcr die \nTeilnahme ist daher das Mitbringen des eigenen Pkw. <\/p>\n\n\n\n<p>Termine sind: <\/p>\n\n\n\n<p>Dienstag, 29.10.2019 <\/p>\n\n\n\n<p>von 09.00 &#8211; 12.00 Uhr und von 14.00 &#8211; 17.00 Uhr <\/p>\n\n\n\n<p>Veranstaltungsort\n ist die Jugendverkehrsschule in Mannheim-K\u00e4fertal, \nOskar-von-Miller-Str. 5. Jeder Teilnehmer erh\u00e4lt eine Teilnahmeurkunde. \nDie Veranstaltungen sind kostenlos. <\/p>\n\n\n\n<p>Da die Teilnehmerzahl  begrenzt ist, sollten sich interessierte Kraftfahrer schnellstm\u00f6glich  bei der &#8222;Verkehrspr\u00e4vention&#8220; des Polizeipr\u00e4sidiums Mannheim, Telefon  0621\/41 57 00, anmelden. <\/p>\n\n\n\n<h4 class=\"wp-block-heading\">(Mannheim) &#8211; Mehrere tausend Euro Schaden bei Einbruch in der Fr\u00f6hlichstra\u00dfe<\/h4>\n\n\n\n<p>In die Wohnung eines Mehrfamilienhauses in der Fr\u00f6hlichstra\u00dfe im  Mannheimer Stadtteil Neckarstadt brachen in der Zeit zwischen Samstag,  10.30 Uhr und Sonntag, 18.15 Uhr bislang unbekannte T\u00e4ter ein und  entwendeten mehrere Wertgegenst\u00e4nde, dessen Gesamtschadensh\u00f6he sich auf  mehrere tausend Euro bel\u00e4uft. Zutritt in die im EG gelegene Wohnung  verschafften sich die Einbrecher durch Aufhebeln der Balkont\u00fcre. Die  Ermittlungen der Polizei dauern derzeit noch an. Zeugen, die zur  fraglichen Zeit verd\u00e4chtige Beobachtungen gemacht haben, werden gebeten,  sich beim Polizeirevier Mannheim-Neckarstadt, Tel.: 0621\/3301-0, oder  bei der Kriminalpolizeidirektion Heidelberg, Tel.: 0621\/174-4444, zu  melden. <\/p>\n\n\n\n<h4 class=\"wp-block-heading\">(Mannheim) &#8211; VW Golf besch\u00e4digt und gefl\u00fcchtet \/ Hinweise an die Polizei<\/h4>\n\n\n\n<p>Einen in der Bellenstra\u00dfe in H\u00f6he des Anwesens Nr. 60 abgestellten VW  Golf besch\u00e4digte ein bislang noch nicht ermittelter Autofahrer und  entfernte sich danach unerlaubt. Geparkt war das Auto zwischen  Donnerstag, 18.20 Uhr und Sonntag, 17 Uhr. Der Gesch\u00e4digte fand eine  Notiz an seinem Fahrzeug vor. Bisherigen Recherchen zufolge m\u00fcsste es  sich um einen roten Ford Fiesta gehandelt haben. Die Ermittlungen der  Polizei dauern derzeit noch an. Zeugen, die Hinweise zum Verursacher  geben k\u00f6nnen, werden gebeten, sich unter Tel.: 0621\/174-4045 zu melden. <\/p>\n\n\n\n<h4 class=\"wp-block-heading\">(Mannheim) &#8211; 20-J\u00e4hriger verursacht Unfall, Drogen und Waffen sichergestellt<\/h4>\n\n\n\n<p>Am Sonntag kurz nach 0 Uhr befuhr eine 18-J\u00e4hrige mit ihrem BMW den  Ulmenweg in Richtung Hochuferstra\u00dfe. Nach bisherigem Kenntnisstand  wollte sie an der Einm\u00fcndung zum Roteichenring links in diesen  einbiegen. Ein hinter der 18-J\u00e4hrigen fahrender 20-j\u00e4hriger Audifahrer  wollte offenbar den vor ihm fahrenden BMW \u00fcberholen und stie\u00df beim  Abbiegevorgang des BMWs mit diesem zusammen. <\/p>\n\n\n\n<p>Der BMW wurde \u00fcber den Gehweg in die Gr\u00fcnfl\u00e4che des Anwesens Roteichenring 2 geschleudert und prallte gegen einen Baum. <\/p>\n\n\n\n<p>Es entstand ein Sachschaden von mehreren tausend Euro. <\/p>\n\n\n\n<p>Beim\n Eintreffen der Polizeibeamten machte der 20-J\u00e4hrige einen abwesenden, \nverwirrten Eindruck, er wurde von einem Rettungswagen in ein \nnahegelegenes Krankenhaus gefahren. Die 18-j\u00e4hrige BMW-Lenkerin stand \nunter Schock, wurde augenscheinlich jedoch nicht verletzt. <\/p>\n\n\n\n<p>Bei \nder Unfallaufnahme konnte ein Polizeibeamter beobachten, wie ein bis \ndato Unbekannter sich im Audi des 20-J\u00e4hrigen zu schaffen machte. Er \nwurde aufgefordert das Fahrzeug zu verlassen. Da er zunehmend nerv\u00f6ser \nwurde, wurde der 25-J\u00e4hrige durchsucht. Bei der Durchsuchung wurden f\u00fcnf\n Plomben Kokain in einer Zigarettenschachtel versteckt aufgefunden. Bei \neiner anschlie\u00dfend durchgef\u00fchrten Wohnungsdurchsuchung beim 25-J\u00e4hrigen \nwurde eine geringe Menge an Marihuana beschlagnahmt. <\/p>\n\n\n\n<p>Der Audi \nwurde aufgrund der au\u00dfergew\u00f6hnlichen Gegebenheit durchsucht. Es wurden \nzwei Einhandmesser und ein Teleskopschlagstock sichergestellt. <\/p>\n\n\n\n<p>Ermittlungen\n ergaben, dass der 20-J\u00e4hrige Audi-Fahrer unter dem Einfluss von Kokain \nstand, weshalb ihm im Krankenhaus eine Blutprobe entnommen wurde. \nAu\u00dferdem soll er die an der \u00d6rtlichkeit vorgegebene \nGeschwindigkeitsbeschr\u00e4nkung von 50 km\/h erheblich \u00fcberschritten haben. <\/p>\n\n\n\n<p>Gegen  ihn wurden Ermittlungen wegen Stra\u00dfenverkehrsgef\u00e4hrdung, Fahren unter  Drogeneinwirkung, Versto\u00df gegen das Bet\u00e4ubungsmittelgesetz und Verst\u00f6\u00dfe  gegen das Waffengesetz  eingeleitet. <\/p>\n\n\n\n<h4 class=\"wp-block-heading\">(Mannheim) &#8211; Gartenhauseinbr\u00fcche \/ Schadensh\u00f6he noch nicht bekannt  Polizei bittet um Hinweise<\/h4>\n\n\n\n<p>In der Zeit zwischen Mittwochabend und Samstagnachmittag brachen  bislang unbekannte T\u00e4ter ein Gartenhaus in der Kleingartenanlage  &#8222;Sellweiden&#8220; in der Feudenheimer Stra\u00dfe auf und durchw\u00fchlten im Innern  s\u00e4mtliche Beh\u00e4ltnisse. Nach ersten Angaben des Gesch\u00e4digten wurde nichts  gestohlen. Am Samstagnachmittag bemerkte er den Einbruch und  verst\u00e4ndigte die Beamten des Polizeireviers Mannheim-Neckarstadt. In der  vergangenen Woche wurden zwei weitere Einbr\u00fcche in Gartenh\u00e4user zur  Anzeige gebracht. Die Polizei schlie\u00dft daher nicht aus, dass es sich um  ein und dieselben T\u00e4ter handeln k\u00f6nnte. Mit diversen Gegenst\u00e4nden bzw.  Arbeitsger\u00e4ten suchten die Einbrecher anschlie\u00dfend wieder &#8222;das Weite&#8220;. <\/p>\n\n\n\n<p>Zeugen,  die in der zur\u00fcckliegenden Woche evtl. verd\u00e4chtige Beobachtungen  gemacht haben, werden gebeten, sich mit dem Beamten unter Tel.:  0621\/3301-0 in Verbindung zu setzen. <\/p>\n\n\n\n<h4 class=\"wp-block-heading\">(Mannheim-Neckarstadt) &#8211; Auseinandersetzungen zwischen vier Personen, Zeugen gesucht!<\/h4>\n\n\n\n<p>Am Samstag zwischen 19.20 Uhr und 19.40 Uhr kam es offensichtlich zu  mehreren Auseinandersetzungen zun\u00e4chst vor dem Anwesen Laurentiusstra\u00dfe  15 und danach vor dem Anwesen Lortzingstra\u00dfe 5. <\/p>\n\n\n\n<p>In der \nLaurentiusstra\u00dfe soll ein 22-J\u00e4hriger zun\u00e4chst Beleidigungen gegen eine \n22-J\u00e4hrige und einen 26-J\u00e4hrigen ausgesprochen haben. <\/p>\n\n\n\n<p>Die \nzun\u00e4chst verbalen Auseinandersetzungen sollen in der Folge sich vor das \nAnwesen Lortzingstra\u00dfe 5 verlagert haben, dort soll die 22-J\u00e4hrige zu \nBoden gesto\u00dfen und auf sie eingeschlagen worden sein. Au\u00dferdem soll ein \nweiterer 22-J\u00e4hriger auf den 26-J\u00e4hrigen eingeschlagen haben. Beide \nM\u00e4nner wurden hierbei leicht verletzt. <\/p>\n\n\n\n<p>Alle vier Beteiligten wurden vor Ort festgestellt und getrennt. <\/p>\n\n\n\n<p>Beim\n Eintreffen der Beamten in der Lortzingstra\u00dfe 5 befanden sich viele, \naugenscheinlich unbeteiligte, Personen vor Ort und folgten der \nAuseinandersetzung. <\/p>\n\n\n\n<p>Das Polizeirevier Mannheim-Neckarstadt sucht  nun nach Zeugen der Auseinandersetzungen, diese m\u00f6gen sich unter 0621  33010 melden. <\/p>\n\n\n\n<h4 class=\"wp-block-heading\">(Mannheim-Lindenhof) &#8211; Auf stehendes Fahrzeug aufgefahren \/ Drei Personen leicht verletzt<\/h4>\n\n\n\n<p>Drei Personen wurden bei einem Unfall am Samstagabend, kurz vor 23 Uhr,  an der Kreuzung &#8222;S\u00fcdtangente&#8220;\/Landteilstra\u00dfe leicht verletzt. Ein  20-j\u00e4hriger Mercedes-Fahrer war an der Kreuzung auf einen stehenden Opel  aufgefahren, wobei beide Fahrzeuge nicht unerheblich besch\u00e4digt wurden.  Der 21-j\u00e4hrige Fahrer des Opels, dessen Beifahrer sowie der Verursacher  zogen sich durch den Aufprall leichte Verletzungen zu, die von  Rettungssanit\u00e4tern vor Ort erstversorgt wurden. Sie wurden im Anschluss  in Krankenh\u00e4user gebracht. W\u00e4hrend der Unfallaufnahme musste die  Ausfahrt des Fahrlachtunnels zeitweise voll gesperrt werden. Nachdem die  Autos abgeschleppt wurden, konnte die Fahrbahn wieder freigegeben  werden. Der entstandene Sachschaden wird auf mehrere Tausend Euro  gesch\u00e4tzt. <\/p>\n\n\n\n<h4 class=\"wp-block-heading\">(Mannheim-Lindenhof) &#8211; Beim Ausparken gegen Mercedes E-Klasse gesto\u00dfen und gefl\u00fcchtet \/ Zeugen gesucht!<\/h4>\n\n\n\n<p>In der Lindenhofstra\u00dfe, in H\u00f6he des Hanns-Gl\u00fcckstein-Platzes,  besch\u00e4digte ein bislang unbekannter Autofahrer vermutlich beim  R\u00fcckw\u00e4rtsausparken eine Mercedes E-Klasse, die zwischen Freitag, 22:30  Uhr bis Samstag, 12 Uhr, an der \u00d6rtlichkeit geparkt war. Im Anschluss  entfernte sich der Verursacher von der Unfallstelle, obwohl der Mercedes  an der Beifahrerseite nicht unerheblich besch\u00e4digt worden war. Der  Sachschaden wird auf ca. 5.000 Euro gesch\u00e4tzt. <\/p>\n\n\n\n<p>Zeugen, die den  Unfall beobachtet haben und Hinweise zum Unfallverursacher geben k\u00f6nnen,  werden gebeten, sich beim Polizeirevier Mannheim-Neckarau unter Tel.:  0621\/83397-0 zu melden. <\/p>\n\n\n\n<h4 class=\"wp-block-heading\">(Mannheim-Wallstadt) &#8211; PKW \u00fcberrollt 8 -j\u00e4hrigen Jungen \/ keine lebensgef\u00e4hrlichen Verletzungen<\/h4>\n\n\n\n<p>Am Montagmittag, gegen 13.40 Uhr, ereignete sich ein Unfall im  Stadtteil Wallstadt. Der 39-j\u00e4hrige Fahrer eines VW-Caddy \u00fcbersah beim  Rangieren im Binsenweg einen 8-j\u00e4hrigen Jungen, der am Boden kniete und  sich die Schuhe band. Der Junge wurde von dem Auto erfasst und teilweise  \u00fcberrollt. Dabei erlitt er unter anderem Verletzungen am Kopf und wurde  mit Verdacht auf Knochenbr\u00fcche durch den Rettungsdienst in die  Kinderklinik verbracht, wo er station\u00e4r aufgenommen wurde. Nach erster  Untersuchung besteht nach Auskunft der \u00c4rzte derzeit keine Lebensgefahr. <\/p>\n\n\n\n<h4 class=\"wp-block-heading\">(Heidelberg) &#8211; Wohnungseinbruch in der Eichendorffstra\u00dfe<\/h4>\n\n\n\n<p>In der Zeit zwischen Mittwochabend, 20 Uhr und Sonntagabend, 22.40 Uhr  brachen bislang unbekannte T\u00e4ter in die im 2. OG gelegene Wohnung eines  Mehrfamilienhauses in der Eichendorffstra\u00dfe im Heidelberger Stadtteil  Rohrbach ein. Durch Aufhebeln der Terrassent\u00fcre gelangten die Einbrecher  ins Innere und durchsuchten diverse Beh\u00e4ltnisse. Ob Gegenst\u00e4nde  gestohlen wurden, ist bislang noch nicht gekl\u00e4rt, ebenso k\u00f6nnen noch  keine Angaben zur Schadensh\u00f6he get\u00e4tigt werden. Zeugen bzw. Bewohner des  Hauses, die verd\u00e4chtige Beobachtungen gemacht haben, werden gebeten,  sich mit dem Polizeirevier Heidelberg-S\u00fcd, Tel.: 06221\/3418-0, oder der  Kriminalpolizeidirektion Heidelberg, Tel.: 0621\/174-4444, in Verbindung  zu setzen. <\/p>\n\n\n\n<h4 class=\"wp-block-heading\">(Heidelberg) &#8211; Auf nasser Fahrbahn Kontrolle verloren<\/h4>\n\n\n\n<p>Ein 25-j\u00e4hriger BMW-Fahrer verlor am Sonntagnachmittag gegen 15:30 Uhr  die Kontrolle \u00fcber sein Fahrzeug als er die B37 von Neckargem\u00fcnd  Richtung Heidelberg befuhr. Vermutlich fuhr er auf der nassen Fahrbahn  zu schnell und kam dadurch ins Schleudern. Dabei prallte er an ein  Gel\u00e4nder am Fahrbahnrand und kam quer auf beiden Fahrbahnen zum Stehen.  Gl\u00fccklicherweise wurde hierbei niemand verletzt. Es entstand allerdings  ein Sachschaden von 25.000 Euro. <\/p>\n\n\n\n<h4 class=\"wp-block-heading\">(Heidelberg-Altstadt) &#8211; Polizeibeamte unvermittelt angegriffen \/ Zeugen schreiten ein<\/h4>\n\n\n\n<p>In der Nacht von Samstag auf Sonntag wurden zwei Beamte des  Polizeireviers Heidelberg-Mitte in der Unteren Stra\u00dfe unvermittelt  angegriffen &#8211; Zeugen kamen zu Hilfe. <\/p>\n\n\n\n<p>Die beiden Uniformierten \nwurden um 00:30 Uhr von Passanten auf eine am Boden liegende Person \naufmerksam gemacht. Als dem 24-J\u00e4hrigen aufgeholfen werden sollte, \nschlug dieser pl\u00f6tzlich mit der flachen Hand in das Gesicht des Beamten.\n Bei der anschlie\u00dfenden Festnahme attackierte ein Bekannter des \n24-J\u00e4hrigen die Beamten, indem er einen von ihnen ins Gesicht schlug und\n dann von seinem Freund wegzog. Zeugen beobachteten das Geschehen und \neilten den Beamten zur Hilfe. Der ebenfalls 24-j\u00e4hrige Angreifer wurde \ndaraufhin festgenommen. <\/p>\n\n\n\n<p>Auf dem Weg zur Dienststelle leistete der  Angreifer weiter Widerstand und beleidigte die Uniformierten  fortw\u00e4hrend. Beide M\u00e4nner m\u00fcssen sich nun wegen t\u00e4tlichen Angriffs auf  Polizeibeamte strafrechtlich verantworten. Die leichtverletzten Beamten  konnten den Dienst fortsetzen. F\u00fcr die beiden M\u00e4nner endete die Nacht  allerdings &#8211; der zuvor auf dem Boden liegende 24-J\u00e4hrige wurde nach den  erforderlichen Ma\u00dfnahmen auf freien Fu\u00df entlassen, sein Begleiter  verblieb zur Ausn\u00fcchterung im Gewahrsam.<\/p>\n\n\n\n<h4 class=\"wp-block-heading\">(Heidelberg-Wieblingen) &#8211; Einbruch in Gastst\u00e4tte \/ Zigarettenautomat aufgebrochen &#8211; Polizei sucht Zeugen<\/h4>\n\n\n\n<p>In der Nacht von Donnerstag auf Freitag (03.\/04.10.)brachen unbekannte  T\u00e4ter min eine Gastst\u00e4tte im Pariser Weg ein. Wie die bisherigen  Ermittlungen ergaben, wurde der Rollladen eines Fensters hochgeschoben  und die Scheibe eingeschlagen. In der Gastst\u00e4tte wurde ein  Zigarettenautomat aufgebrochen und daraus die Zigaretten und die  Geldkassette entwendet. Im Gastraum wurden noch zahlreiche Schr\u00e4nke und  Schubladen ge\u00f6ffnet, ob weiterte Gegenst\u00e4nde gestohlen wurden bedarf  noch weiterer Abkl\u00e4rungen. Die H\u00f6he des Diebstahlsschadens steht noch  nicht fest, der Sachschaden bel\u00e4uft sich auf mehrere Hundert Euro. <\/p>\n\n\n\n<p>Ob\n der Gastst\u00e4tteneinbruch im Zusammenhang mit der Festnahme von drei \njungen M\u00e4nnern nach einem Einbruch in einen Discounter in der Mannheimer\n Stra\u00dfe am Samstagmorgen (05.10.)  gegen 3.20 Uhr steht, wird derzeit \n\u00fcberpr\u00fcft. (wir berichteten) <\/p>\n\n\n\n<p>Zeugen, die im fraglichen Zeitraum  verd\u00e4chtige Beobachtungen gemacht haben, werden gebeten sich unter  Telefon 06221\/34180 beim Polizeirevier Heidelberg-S\u00fcd zu melden. <\/p>\n\n\n\n<h4 class=\"wp-block-heading\">(Plankstadt \/ Rhein-Neckar-Kreis) &#8211; Unter Alkoholeinfluss Unfall gebaut \/ Mehrere Fahrzeuge nicht mehr fahrbereit &#8211; hoher Schaden<\/h4>\n\n\n\n<p>Ein 65-j\u00e4hriger Autofahrer verursachte am Sonntagabend, kurz nach 20  Uhr, unter Alkoholeinfluss in der Schubertstra\u00dfe einen Verkehrsunfall,  bei dem mehrere Autos in Mitleidenschaft gezogen wurden. Der Mann war in  Richtung Schwetzinger Stra\u00dfe unterwegs und fuhr aufgrund des  Gegenverkehrs m\u00f6glichst nah am rechten Fahrbahnrand. Er verlor dabei  jedoch die Kontrolle, streifte zun\u00e4chst einen geparkten VW und blieb  dann am Au\u00dfenspiegel eines Fords h\u00e4ngen. Er fuhr infolgedessen auf einen  Dacia auf, welcher wiederum durch den Aufprall auf einen Mercedes  geschoben wurde. Die Fahrzeuge wurden durch die Kollision allesamt  besch\u00e4digt, einige davon waren nicht mehr fahrbereit. Der gesch\u00e4tzte  Sachschaden bel\u00e4uft sich auf ca. 30.000 Euro. <\/p>\n\n\n\n<p>Bei der \nUnfallaufnahme bemerkten die Beamten, dass der Verursacher stark nach \nAlkohol roch. Sie f\u00fchrten mit dem Mann einen Alkoholtest durch, der \neinen Wert von ca. 1,7 Promille ergab. Er musste die Beamten im \nAnschluss zu einer Blutprobe mit aufs Polizeirevier begleiten. Sein \nF\u00fchrerschein wurde einbehalten. <\/p>\n\n\n\n<h4 class=\"wp-block-heading\">(Oftersheim \/ Rhein-Neckar-Kreis) &#8211; Versuchter Einbruch in Einfamilienhaus \/ Polizei sucht Zeugen!<\/h4>\n\n\n\n<p>In der Zeit von Mittwoch, 10 Uhr bis Samstag, 10 Uhr, versuchte ein  bislang unbekannter T\u00e4ter in ein Einfamilienhaus in der Stra\u00dfe &#8222;Im  Br\u00fcckenfeld&#8220; einzudringen. Der T\u00e4ter hatte sich gewaltsam an der  Eingangst\u00fcr des Anwesens zu schaffen gemacht. Da sich diese aber nicht  \u00f6ffnen lie\u00df, lie\u00df er von seinem Vorhaben ab und fl\u00fcchtete in unbekannte  Richtung. In welcher H\u00f6he Sachschaden entstand, steht bislang noch nicht  fest. <\/p>\n\n\n\n<p>Die Polizei sucht Zeugen, die verd\u00e4chtige Beobachtungen  gemacht haben. Diese werden gebeten, sich beim Polizeirevier  Schwetzingen unter Tel.: 06202\/288-0 zu melden. <\/p>\n\n\n\n<h4 class=\"wp-block-heading\">(Leimen \/ Rhein-Neckar-Kreis) &#8211; Mehrere Unf\u00e4lle am Sonntag<\/h4>\n\n\n\n<p>In Leimen kam es am Sonntagabend zu mehreren Unf\u00e4llen mit hohen Sachsch\u00e4den. <\/p>\n\n\n\n<p>Gegen  <strong>18:00 Uhr<\/strong> fuhr ein 55-j\u00e4hriger BWM-Fahrer auf der B3 aus bislang  ungekl\u00e4rten Gr\u00fcnden auf einen wartenden Seat auf, der durch die Wucht  des Aufpralls wiederum auf einen vor ihm stehenden Audi aufgeschoben  wurde. An den Autos entstand ein Gesamtschaden von 10.000 Euro. Verletzt  wurde keiner der Fahrer. <\/p>\n\n\n\n<p>Um <strong>18:30 Uhr <\/strong>wollte eine 71 &#8211; j\u00e4hrige Citroen  Fahrerin den Kreisverkehr in der Ernst-Naujoks-Stra\u00dfe in Richtung  Tinqueux-Allee verlassen. Dabei erlitt sie einen Schwindelanfall und  geriet deshalb in den Gegenverkehr. Dort kollidierte sie mit einem Opel,  der 55-j\u00e4hrige Fahrer konnte nicht mehr ausweichen. Die Frau wurde vor  Ort vom Rettungsdienst betreut und vorsorglich in ein Krankenhaus  gebracht. Durch den Unfall wurde niemand verletzt, es entstand  allerdings ein Sachschaden von 6.000 Euro. <\/p>\n\n\n\n<p>Sp\u00e4ter, gegen <strong>22.30 Uhr<\/strong>  verursachte eine 55-j\u00e4hrige Smart-Fahrerin an der Kreuzung Rohrbacher  Stra\u00dfe\/Schwetzinger Stra\u00dfe einen Verkehrsunfall. Sie fuhr in die  Kreuzung ein, obwohl die Ampel auf Rot stand. Dabei stie\u00df sie mit einem  anderen PKW, der bei Gr\u00fcn \u00fcber die Kreuzung fuhr, zusammen. Die  Beteiligten blieben unverletzt, es entstand ein Sachschaden von 12.000  Euro. <\/p>\n\n\n\n<h4 class=\"wp-block-heading\">(Leimen \/ Rhein-Neckar-Kreis) &#8211; Autos nach Kollision nicht mehr fahrbereit \/ Ein Beteiligter leicht verletzt<\/h4>\n\n\n\n<p>Ein leicht verletzter VW-Fahrer und Schaden von rund 7.000 Euro sind  nach einem Verkehrsunfall am Sonntagabend kurz nach 20 Uhr auf der L  600\/L 594 zu beklagen. Anhand der bisherigen Ermittlungen r\u00e4umte der  18-j\u00e4hrige Opel Astra-Fahrer &#8211; er war von Gaiberg kommend &#8211; beim  Linksabbiegen auf die Rohrbacher Stra\u00dfe dem entgegenkommenden VW  Golf-Fahrer den Vorrang nicht ein, so dass es im Kreuzungsbereich zum  Zusammensto\u00df kam. Die beiden im Frontbereich besch\u00e4digten Autos  transportierten Abschleppunternehmen von der Unfallstelle ab. Der  30-j\u00e4hrige VW-Fahrer wurde nach der Erstversorgung in einem Krankenhaus  weiterbehandelt. <\/p>\n\n\n\n<h4 class=\"wp-block-heading\">(Leimen \/ Rhein-Neckar-Kreis) &#8211; Mit \u00fcber 1,8 Promille in Gartenzaun gefahren<\/h4>\n\n\n\n<p>Mit \u00fcber 1,8 Promille Alkohol fuhr eine 37-j\u00e4hrige Autofahrerin am  Sonntagabend gegen 19.40 Uhr in einen Gartenzaun im Centgrafenweg. Ein  Anwohner hatte einen lauten Knall vernommen und beim Nachschauen den  zerst\u00f6rten Zaun festgestellt, worauf er die Polizei verst\u00e4ndigte. Die  Unfallverursacherin war zun\u00e4chst weiter gefahren, wurde aber von dem  Zeugen unweit der Unfallstelle entdeckt. Die Fahrerin lag im Auto, sie  reagierte erst auf mehrmaliges Klopfen und \u00f6ffnete die Fahrert\u00fcre. Hier  schlug den Beamten ein kr\u00e4ftiger Alkoholgeruch entgegen. An ihrem Auto  waren frische Unfallspuren, sie r\u00e4umte ein, den Unfallverursacht zu  haben. Auf dem Revier entnahm ein Arzt eine Blutprobe, der F\u00fchrerschein  wurde sichergestellt. Insgesamt entstand ein Sachschaden von ca. 3.000  Euro. <\/p>\n\n\n\n<h4 class=\"wp-block-heading\">(Gem. Reilingen \/ A 6  \/ Rhein-Neckar-Kreis) &#8211; Lkw-Unfall; A 6 in Richtung Heilbronn voll gesperrt<\/h4>\n\n\n\n<h4 class=\"wp-block-heading\" style=\"text-align:center\">Pressemitteilung Nr. 1<\/h4>\n\n\n\n<p>Aufgrund eines Lkw-Unfalls, der sich am Montagnachmittag gegen 15.45  Uhr auf der A 6, zwischen der Tank- und Rastanlage Hockenheim-West und  dem Autobahnkreuz Walldorf ereignete, ist die Fahrbahn in Richtung  Heilbronn voll gesperrt. \u00dcber den Unfallhergang und die Anzahl m\u00f6glicher  Verletzter liegen noch keine Erkenntnisse vor. Der Verkehr staut sich  bereits mehrere Kilometer zur\u00fcck. <\/p>\n\n\n\n<h4 class=\"wp-block-heading\">(Gem. Reilingen \/ A 6  \/ Rhein-Neckar-Kreis) &#8211; Lkw-Unfall auf A 6; zwei von drei Spuren in Richtung Heilbronn gesperrt<\/h4>\n\n\n\n<h4 class=\"wp-block-heading\" style=\"text-align:center\">Pressemitteilung Nr. 2<\/h4>\n\n\n\n<p>Bei dem Lkw-Unfall handelt es sich nach ersten Erkenntnissen um einem  Auffahrunfall, an dem zwei 40-Tonnen-Sattelz\u00fcge beteiligt sind. <\/p>\n\n\n\n<p>Beide\n Fahrer wurden verletzt in klinken gebracht. \u00dcber die Schwere ihrer \nVerletzungen liegen noch keine Erkenntnisse vor. An einem der Fahrzeuge \nwurde Ladung -nach derzeitigem Kenntnisstand ein noch unbekanntes \nGranulat- frei und verteilte sich \u00fcber zwei Fahrspuren. <\/p>\n\n\n\n<p>Beide Sattelz\u00fcge m\u00fcssen abgeschleppt werden. <\/p>\n\n\n\n<p>Die\n A 6 war zun\u00e4chst in Fahrtrichtung Heilbronn f\u00fcr 30 Minuten voll \ngesperrt. Derzeit sind noch die rechte und der mittlere Spur blockiert. \nWie lange beide Spuren noch gesperrt bleiben, ist nicht bekannt. <\/p>\n\n\n\n<p>Derzeit  betr\u00e4gt der Stau auf der A 6 rund acht Kilometer, auf der A 61 bis zur  Ausfahrt Hockenheim -rund vier Kilometer- zur\u00fcck. <\/p>\n\n\n\n<h4 class=\"wp-block-heading\">(Gem. Reilingen \/ A 6  \/ Rhein-Neckar-Kreis) &#8211; Lkw-Unfall auf A 6; zwei von drei Spuren in Richtung Heilbronn gesperrt; Aufhebungen der Sperrungen<\/h4>\n\n\n\n<h4 class=\"wp-block-heading\" style=\"text-align:center\">Pressemitteilung Nr. 3<\/h4>\n\n\n\n<p>Am Dienstagmorgen, gegen 00.30 Uhr, waren die Bergungs-, und  Reinigungsarbeiten beendet. Alle drei Fahrstreifen sind wieder  befahrbar. Zeitweise bildete sich ein R\u00fcckstau von rund acht Kilometer  L\u00e4nge. Ein 60-j\u00e4hriger Sattelzugfahrer hatte offensichtlich das Stauende  \u00fcbersehen und war auf einen stehenden Sattelzug aufgefahren. Dessen  50-j\u00e4hriger Fahrer blieb unverletzt &#8211; entgegen der ersten Meldung. Der  Unfallverursacher wurde in eine Klinik eingeliefert, konnte diese   jedoch in den Abendstunden wieder verlassen. Beim Unfall wurde  Plastikgranulat freigesetzt, welches sich \u00fcber zwei Fahrstreifen  verteilte. Die H\u00f6he des entstandenen Sachschadens kann noch nicht  beziffert werden. <\/p>\n\n\n\n<h4 class=\"wp-block-heading\">(Wiesloch-Schatthausen \/ Rhein-Neckar-Kreis) &#8211; Polizei Wiesloch ermittelt wegen Sachbesch\u00e4digung \/ Zeugen gesucht<\/h4>\n\n\n\n<p>Bislang unbekannte T\u00e4ter besch\u00e4digten in der Nacht von Samstag auf  Sonntag mehrere in der Ravensburgstra\u00dfe und Kirchstra\u00dfe abgestellte  Autos und rissen zudem zwei Sitzb\u00e4nke aus deren Verankerungen. In  welcher H\u00f6he Gesamtschaden entstand, ist derzeit noch nicht bekannt und  Gegenstand der weiteren polizeilichen Ermittlungen. Die Beamten  schlie\u00dfen auch nicht aus, dass noch weitere Autos besch\u00e4digt wurden, die  Besitzer aber noch keine Anzeige erstattet haben. Gesch\u00e4digte wie auch  Zeugen, die evtl. die T\u00e4ter beobachtet haben, werden gebeten, sich mit  dem Polizeirevier Wiesloch, Tel.: 06222\/57090, in Verbindung zu setzen. <\/p>\n\n\n\n<h4 class=\"wp-block-heading\">(Sch\u00f6nbrunn \/ Rhein-Neckar-Kreis) &#8211; Milchautomat aufgehebelt \/ Zeugen gesucht<\/h4>\n\n\n\n<p>In der Nacht von Samstag auf Sonntag hebelte ein bislang unbekannter  T\u00e4ter die Frontt\u00fcr eines Milchautomaten bei einem landwirtschaftlichen  Betrieb in der H\u00e4usserstra\u00dfe auf. Aus dem Automaten entnahm er die  Geldkassette mit einer geringen Bargeldsumme. Der Schaden an dem  Automaten bel\u00e4uft sich auf ca. 500 Euro. Zeugen, die im fraglichen  Zeitraum verd\u00e4chtige Beobachtungen gemacht haben, werden gebeten sich  unter Telefon 06271\/92100 beim Polizeirevier Eberbach zu melden. <\/p>\n\n\n\n<h4 class=\"wp-block-heading\">(Lobbach- Lobenfeld \/ Rhein-Neckar-Kreis) &#8211; Scheune aus bislang ungekl\u00e4rter Ursache niedergebrannt<\/h4>\n\n\n\n<p>Am Sonntagabend, gegen 19.50 Uhr, meldeten mehrere Verkehrsteilnehmer  bei der Integrierten Leitstelle Rhein-Neckar, einen Geb\u00e4udebrand im  Bereich Biddersbacherhof in Lobbach-Lobenfeld. Beim Eintreffen der  Freiwilligen Feuerwehren Lobbach, Waldwimmersbach, Neckargem\u00fcnd,  Eschelbronn, Epfenbach und Aglasterhausen stand auf dem Gel\u00e4nde des dort  ans\u00e4ssigen Golfclub Lobenfeld eine, durch den Golfclub genutzte,  Scheune bereits in Vollbrand. Das Ausma\u00df des Brandes war bereits derart  gro\u00df, dass eine aussichtsreiche Brandbek\u00e4mpfung nicht mehr m\u00f6glich war  und die Einsatzkr\u00e4fte nur noch ein kontrolliertes Niederbrennen der  Scheune gew\u00e4hrleisten konnten. \u00dcber die Brandursache, wie auch \u00fcber die  H\u00f6he des entstanden Sachschaden,  k\u00f6nnen bislang noch keine Angaben  gemacht werden. Personen kamen nicht zu Schaden. Das Polizeirevier  Neckargem\u00fcnd hat die Ermittlungen aufgenommen. <\/p>\n\n\n\n<h4 class=\"wp-block-heading\">(Lobbach- Lobenfeld \/ Rhein-Neckar-Kreis) &#8211; Scheune niedergebrannt; ca. 70.000.- Euro  Schaden; Brandursache unklar; Kriminalpolizei ermittelt; Zeugen gesucht<\/h4>\n\n\n\n<h4 class=\"wp-block-heading\" style=\"text-align:center\">Pressemitteilung Nr. 2<\/h4>\n\n\n\n<p>Am Montagvormittag haben Brandexperten der Kriminalpolizeidirektion Heidelberg die Ermittlungen zur Brandursache aufgenommen. <\/p>\n\n\n\n<p>Nach\n dem derzeitigen Stand der Ermittlungen bel\u00e4uft sich der Sachschaden auf\n rund 70.000.- Euro. In der v\u00f6llig niedergebrannten Scheune waren \nArbeitsger\u00e4te des angrenzenden Golfclubs gelagert. <\/p>\n\n\n\n<p>Die Ursache ist nach wie vor unklar. <\/p>\n\n\n\n<p>Zeugen,  die verd\u00e4chtige Wahrnehmungen rund um den Golfclub Lobbach gemacht  haben, insbesondere Hinweise auf Personen oder Fahrzeuge geben k\u00f6nnen,  die sich am Sonntagabend nach 19 Uhr in unmittelbarer N\u00e4he des  Brandortes aufgehalten haben, werden gebeten, sich mit dem  Kriminaldauerdienst, Tel.: 0621\/174-4444 in Verbindung zu setzen. <\/p>\n\n\n\n<h4 class=\"wp-block-heading\">(Neckargem\u00fcnd \/ Rhein-Neckar-Kreis) &#8211; 22-J\u00e4hriger besch\u00e4ftigt Polizei, Zeugen gesucht!<\/h4>\n\n\n\n<p>Bereits am Freitag gegen 23.45 Uhr stritt sich ein 22-J\u00e4hriger mit  seiner Freundin am Bahnhof, weshalb die Polizei verst\u00e4ndigt wurde. Beim  Eintreffen der Beamten lie\u00df der Mann eine Plombe mit einer geringen  Menge an Amphetamin fallen. Der Streit konnte geschlichtet werden, der  22-J\u00e4hrige wurde wegen Versto\u00df gegen das Bet\u00e4ubungsmittelgesetz zur  Anzeige gebracht. <\/p>\n\n\n\n<p>Am Samstag gegen 01.30 Uhr verst\u00e4ndigte ein \nZeuge die Polizei, dass ein Mann in der Bahnhofstra\u00dfe an einem Fiat die \nScheibenwischer abgerissen, einen Fahrradst\u00e4nder vor dem Sanit\u00e4tshaus \numgeworfen und einen M\u00fclleimer an der Bushaltestelle \n&#8222;Sch\u00fctzenhausbr\u00fccke&#8220; demoliert h\u00e4tte. <\/p>\n\n\n\n<p>In H\u00f6he der Bahnhofstra\u00dfe \n47 konnte eine Streifenwagenbesatzung des Polizeireviers Neckargem\u00fcnd \neinen Tatverd\u00e4chtigen kontrollieren und vorl\u00e4ufig festnehmen. <\/p>\n\n\n\n<p>Bei\n dem Tatverd\u00e4chtigen handelte es sich um den 22-J\u00e4hrigen, der bereits \ngegen 23.45 Uhr die Polizei besch\u00e4ftigte. Er stand unter dem Einfluss \nvon Alkohol, ein durchgef\u00fchrter Atemalkoholtest ergab einen Wert von \n\u00fcber 1,6 Promille. Au\u00dferdem f\u00fchrte er nun eine geringe Menge an \nMarihuana mit sich. <\/p>\n\n\n\n<p>W\u00e4hrend der Durchf\u00fchrung der polizeilichen \nMa\u00dfnahmen beleidigte der 22-J\u00e4hrige die eingesetzten Polizeibeamten im \nRevier. Nach Abschluss der Ma\u00dfnahmen wurde der Mann entlassen und von \neinem Bekannten vorm Revier abgeholt. <\/p>\n\n\n\n<p>Am Samstag gegen 11.40 Uhr \nstellte ein Polizeibeamter auf dem Weg zum Polizeirevier in der \nBahnhofstra\u00dfe zwischen den Hausnummer 21 und 29 vier geparkte Fahrzeuge \nfest an denen die Au\u00dfenspiegel besch\u00e4digt waren. Ein Tatzusammenhang zu \nden bereits in der Nacht festgestellten Sachbesch\u00e4digungen besteht. <\/p>\n\n\n\n<p>Die  Ermittler des Polizeireviers Neckargem\u00fcnd suchen nun nach weiteren  Zeugen der Sachbesch\u00e4digungen, diese m\u00f6gen sich unter 06223 92540  melden. <\/p>\n\n\n\n<h4 class=\"wp-block-heading\">(Sch\u00f6nau \/ Rhein-Neckar-Kreis) &#8211; Mit \u00fcber 1,6 Promille mit dem Auto unterwegs<\/h4>\n\n\n\n<p>Eine Zeugin meldete am Sonntag, gegen 17:15 Uhr, der Polizei, dass ein  Auto von Eberbach kommend in Richtung Neckarsteinach gefahren und dabei  mehrere Male in den Gegenverkehr geraten sei. Zudem h\u00e4tte der Fahrer des  Wagens eine rote Ampel missachtet. Die Beamten suchten die  Halteranschrift auf, wo der verantwortliche Autofahrer angetroffen  werden konnte. Der 44-j\u00e4hrige Mann gab zu, zuvor mit seinem PKW  unterwegs gewesen zu sein. Da der Mann bei einem Alkoholtest einen Wert  von \u00fcber 1,6 Promille pustete, musste er die Beamten mit aufs Revier  begleiten. Dort wurde ihm eine Blutprobe entnommen. Den F\u00fchrerschein  musste der 44-J\u00e4hrige abgeben. <\/p>\n\n\n\n<h4 class=\"wp-block-heading\">(Edingen-Neckarhausen \/ Rhein-Neckar-Kreis) &#8211; 90-j\u00e4hrige Frau bekommt ungebetenen Besuch \/ Polizei sucht Zeugen<\/h4>\n\n\n\n<p>Bereits am Mittwochnachmittag erhielt eine 90-j\u00e4hrige Frau in  Edingen-Neckarhausen ungebetenen Besuch von zwei trickreichen Dieben,  die es auf die Wertgegenst\u00e4nde der Dame abgesehen hatten. Die beiden  M\u00e4nner verschafften sich unter dem Vorwand, Reparaturarbeiten am  Fernseher der Seniorin vornehmen zu m\u00fcssen, Zutritt zur Wohnung der  90-J\u00e4hrigen. Dabei wiesen sie sich mit einem angeblichen Dienstausweis  aus. Nach Betreten der Wohnr\u00e4ume machte sich einer der M\u00e4nner sofort an  Fernseher und Telefon der Frau zu schaffen. Der zweite Unbekannte  verlie\u00df unter dem Vorwand, die Toilette benutzen zu wollen das  Wohnzimmer und nahm aus einer Kommode in einem Nebenraum mehrere  Schmuckst\u00fccke an sich. Anschlie\u00dfend verlie\u00dfen die zwei Unbekannten rasch  die Wohnung. \u00dcber den Wert der entwendeten Schmuckst\u00fccke liegen noch  keine Informationen vor. <\/p>\n\n\n\n<p>Die beiden unbekannten M\u00e4nner wurden von der 90-J\u00e4hrigen wie folgt beschrieben: <\/p>\n\n\n\n<ul><li>Ca. 35 bis 40 Jahre alt<\/li><li>Ca. 170-180 cm gro\u00df<\/li><li>Helle Hautfarbe<\/li><li>Sprachen akzentfreies Deutsch<\/li><li>Trugen normale Stra\u00dfenkleidung<\/li><li>Einer der M\u00e4nner hatte dunkelblondes Haar, der andere braunes Haar <\/li><\/ul>\n\n\n\n<p>Zeugen, denen verd\u00e4chtige Personen aufgefallen sind oder sachdienliche  Hinweise zu den T\u00e4ter geben k\u00f6nnen, werden gebeten, sich mit dem  Polizeirevier Ladenburg, Tel.: 06203\/9305-0 zu melden. <\/p>\n\n\n\n<h4 class=\"wp-block-heading\">(Schriesheim \/ Rhein-Neckar-Kreis) &#8211; Vorfahrt missachtet \/ 15.000 Euro Schaden<\/h4>\n\n\n\n<p>Eine 51-j\u00e4hrige Mazda-Fahrerin verursachte am Samstagmittag gegen 14:30  Uhr in der Robert-Bosch-Stra\u00dfe\/B 3 einen Verkehrsunfall. Im  Einm\u00fcndungsbereich missachtete sie die Vorfahrt eines 73-j\u00e4hrigen  BMW-Fahrers, so dass es zum Zusammensto\u00df kam. Verletzt wurde  gl\u00fccklicherweise niemand. Bei dem Unfall entstand ein Sachschaden von  mehr als 15.000 Euro. <\/p>\n\n\n\n<h4 class=\"wp-block-heading\">(Schriesheim \/ Rhein-Neckar-Kreis) &#8211; Lagerhalleneinbruch \/ Schaden: mehrere tausend Euro  Zeugen gesucht<\/h4>\n\n\n\n<p>Eine Lagerhalle im Gewann &#8222;Drei\u00dfig Morgen&#8220; suchten \u00fcber die vergangenen  Tage bislang unbekannte T\u00e4ter heim. Zwischen Mittwoch, 12 Uhr und  Samstag, 12 Uhr verschafften sich die Einbrecher durch Aufhebeln der  T\u00fcre Zutritt und lie\u00dfen u.a. zwei Kettens\u00e4gen, ein Freischneider,  Kleinwerkzeug wie auch einen Generator im Gesamtwert von mehreren  tausend Euro mitgehen. Die Beamten des Polizeipostens Schriesheim haben  zwischenzeitlich die Ermittlungen \u00fcbernommen. Zeugen, die zur fraglichen  Zeit verd\u00e4chtige Beobachtungen gemacht haben und Hinweise geben k\u00f6nnen,  werden gebeten, sich unter Tel.: 06203\/61301 (Polizeiposten  Schriesheim) oder Tel.: 06201\/10030 (Polizeirevier Weinheim) zu melden. <\/p>\n\n\n\n<h4 class=\"wp-block-heading\">(Weinheim \/ Rhein-Neckar-Kreis) &#8211; Randalierende Jugendliche werden rabiat \/ Polizei sucht Zeugen<\/h4>\n\n\n\n<p>Jugendliche Randalierer wurden am Samstagabend in Weinheim rabiat  gegen\u00fcber einem 27-j\u00e4hrigen Mann. Der 27-J\u00e4hrige beobachtete kurz nach  23 Uhr eine Gruppe Jugendlicher, die auf dem Gel\u00e4nde einer Schule in der  Bergstra\u00dfe lautstark randalierten. Er forderte die Gruppe auf, sich  ruhiger zu verhalten, woraufhin er aus der Gruppe heraus beleidigt  wurde. Als er die Jugendlichen daraufhin zur Rede stellen wollte, wurden  wiederum aus der Gruppe heraus zwei Glasflaschen in Richtung des  27-J\u00e4hrigen geworfen. Nach derzeitigem Erkenntnisstand entstand durch  die Flaschen jedoch kein Schaden. Um weitere Flaschenw\u00fcrfe zu  verhindern, griff der 27-j\u00e4hrige Mann die Kapuze eines Jugendlichen und  hielt diesen fest. Im weiteren Verlauf bekam er einen Schlag mit einer  Glasflasche gegen den Kopf, wodurch er eine Prellung am Jochbein erlitt.  Zur Anzeigenerstattung suchte der Gesch\u00e4digte anschlie\u00dfend das  Polizeirevier Weinheim auf. Er wollte sich selbst\u00e4ndig zur \u00e4rztlichen  Behandlung begeben. Durch eine Polizeistreife konnten wenig sp\u00e4ter vier  Jugendliche im Alter zwischen 16 und 19 Jahren in der Friedrichstra\u00dfe  angetroffen werden, die als Tatverd\u00e4chtige in Betracht kommen k\u00f6nnten.  Inwiefern diese tats\u00e4chlich an der Tat beteiligt waren, ist Gegenstand  der weiteren Ermittlungen wegen Beleidigung und gef\u00e4hrlicher  K\u00f6rperverletzung. <\/p>\n\n\n\n<p>Zeugen, die auf den Vorfall aufmerksam wurden \nund sachdienliche Hinweise zu den T\u00e4tern geben k\u00f6nnen, werden gebeten, \nsich beim Polizeirevier Weinheim, Tel.: 06201\/1003-0 zu melden. <\/p>\n","protected":false},"excerpt":{"rendered":"<div class=\"mh-excerpt\"><p>Polizeimeldungen vom Montag (07.10.2019) (Speyer) &#8211; Besitzer eines Pedelec gesucht Am Sonntagabend wurde durch Beamte der PI Speyer im Rahmen einer Pr\u00e4ventionsstreife unter anderem auch die Alla-Hopp-Anlage zu Fu\u00df bestreift. Zwar konnten zur genannten Zeit <a class=\"mh-excerpt-more\" href=\"https:\/\/speyer24news.com\/?p=20329\" title=\"Polizei:\">[&#8230;]<\/a><\/p>\n<\/div>","protected":false},"author":3,"featured_media":0,"comment_status":"open","ping_status":"open","sticky":false,"template":"","format":"standard","meta":{"_monsterinsights_skip_tracking":false,"_monsterinsights_sitenote_active":false,"_monsterinsights_sitenote_note":"","_monsterinsights_sitenote_category":0,"footnotes":""},"categories":[12],"tags":[61,2555,63,105,53,102,213,55,103,106,2803,2423,427,62,104,979,1565],"aioseo_notices":[],"amp_enabled":true,"_links":{"self":[{"href":"https:\/\/speyer24news.com\/index.php?rest_route=\/wp\/v2\/posts\/20329"}],"collection":[{"href":"https:\/\/speyer24news.com\/index.php?rest_route=\/wp\/v2\/posts"}],"about":[{"href":"https:\/\/speyer24news.com\/index.php?rest_route=\/wp\/v2\/types\/post"}],"author":[{"embeddable":true,"href":"https:\/\/speyer24news.com\/index.php?rest_route=\/wp\/v2\/users\/3"}],"replies":[{"embeddable":true,"href":"https:\/\/speyer24news.com\/index.php?rest_route=%2Fwp%2Fv2%2Fcomments&post=20329"}],"version-history":[{"count":2,"href":"https:\/\/speyer24news.com\/index.php?rest_route=\/wp\/v2\/posts\/20329\/revisions"}],"predecessor-version":[{"id":20334,"href":"https:\/\/speyer24news.com\/index.php?rest_route=\/wp\/v2\/posts\/20329\/revisions\/20334"}],"wp:attachment":[{"href":"https:\/\/speyer24news.com\/index.php?rest_route=%2Fwp%2Fv2%2Fmedia&parent=20329"}],"wp:term":[{"taxonomy":"category","embeddable":true,"href":"https:\/\/speyer24news.com\/index.php?rest_route=%2Fwp%2Fv2%2Fcategories&post=20329"},{"taxonomy":"post_tag","embeddable":true,"href":"https:\/\/speyer24news.com\/index.php?rest_route=%2Fwp%2Fv2%2Ftags&post=20329"}],"curies":[{"name":"wp","href":"https:\/\/api.w.org\/{rel}","templated":true}]}}