{"id":20687,"date":"2019-10-16T12:17:23","date_gmt":"2019-10-16T11:17:23","guid":{"rendered":"https:\/\/speyer24news.com\/?p=20687"},"modified":"2019-10-16T12:17:24","modified_gmt":"2019-10-16T11:17:24","slug":"hassloch-34","status":"publish","type":"post","link":"https:\/\/speyer24news.com\/?p=20687","title":{"rendered":"Ha\u00dfloch:"},"content":{"rendered":"<style type=\"text\/css\">\r\n\t.ads_top_disp{}\r\n\t.ads_top_corner_disp{ float:left; margin:0px 10px 10px 0px; }\r\n\t.ads_first_p_disp{}\r\n\t.ads_bottom_disp{}\r\n\t<\/style>\n<h2 class=\"wp-block-heading\">Waldbegang am 2. November<\/h2>\n\n\n\n<div class=\"wp-block-image\"><figure class=\"aligncenter\"><img decoding=\"async\" src=\"https:\/\/speyer24news.com\/wp-content\/uploads\/2019\/10\/Pf\u00e4lzerwald.jpg\" alt=\"\" class=\"wp-image-20688\"\/><\/figure><\/div>\n\n\n\n<p>Der neue Beigeordnete und Umweltdezernent Joachim Bl\u00f6hs l\u00e4dt am <strong>Samstag, den 02. November 2019<\/strong> zu einem \u00f6ffentlichen Waldbegang ein. Neben Mitgliedern des Feld-, Waldund Umweltschutzausschusses sowie Gemeinder\u00e4ten sind auch alle interessierten B\u00fcrgerinnen und B\u00fcrger eingeladen. Im Blickpunkt stehen aktuelle Hiebsma\u00dfnahmen und die Frage \u201eWie klimakrank ist der Ha\u00dflocher Wald?\u201c. F\u00f6rster und Revierleiter Armin Kupper wird die Tour f\u00fchren und f\u00fcr Fragen zur Verf\u00fcgung stehen. <\/p>\n\n\n\n<p>Treffpunkt ist um 10.00 Uhr am Beginn des Oberm\u00fchlweges s\u00fcdlich der Oberm\u00fchle. Von dort aus geht es zu Fu\u00df durch den Oberwald bis zum Streitert. F\u00fcr die Tour sind rund zwei Stunden anberaumt. Interessierte Teilnehmerinnen und Teilnehmer sollten beachten, dass der Treffpunkt ausschlie\u00dflich zu Fu\u00df oder mit Fahrrad erreichbar ist. Ebenso wird geeignete Bekleidung und passendes Schuhwerk empfohlen. Zur besseren Planung der Tour wird um Anmeldung im Umweltb\u00fcro bei Katrin Tavaglione (Tel.: 06324-935 306, Mail: <a href=\"kartin.tavaglione@hassloch.de\">kartin.tavaglione@hassloch.de<\/a>) gebeten. <\/p>\n\n\n\n<p>\u201eDer Waldbegang soll nicht die einzige Tour bleiben\u201c, so Umweltdezernent Joachim Bl\u00f6hs. Es seien mehrere Stationen f\u00fcr entsprechende Touren denkbar \u2013 beispielsweise die Ha\u00dflocher Friedh\u00f6fe. Ziel sei es, mit interessierten B\u00fcrgerinnen und B\u00fcrgern ins Gespr\u00e4ch zu kommen und vor Ort im Beisein von zust\u00e4ndigen Mitarbeitern aktuelle Gegebenheiten aufzuzeigen sowie Anliegen und Probleme anzusprechen. F\u00fcr den Waldbegang am 2. November hofft Bl\u00f6hs auf rege Teilnahme.<\/p>\n\n\n\n<p><em>Gemeindeverwaltung Ha\u00dfloch<br>16.10.2019<\/em><\/p>\n","protected":false},"excerpt":{"rendered":"<div class=\"mh-excerpt\"><p>Waldbegang am 2. November Der neue Beigeordnete und Umweltdezernent Joachim Bl\u00f6hs l\u00e4dt am Samstag, den 02. November 2019 zu einem \u00f6ffentlichen Waldbegang ein. Neben Mitgliedern des Feld-, Waldund Umweltschutzausschusses sowie Gemeinder\u00e4ten sind auch alle interessierten <a class=\"mh-excerpt-more\" href=\"https:\/\/speyer24news.com\/?p=20687\" title=\"Ha\u00dfloch:\">[&#8230;]<\/a><\/p>\n<\/div>","protected":false},"author":3,"featured_media":19205,"comment_status":"open","ping_status":"open","sticky":false,"template":"","format":"standard","meta":{"_monsterinsights_skip_tracking":false,"_monsterinsights_sitenote_active":false,"_monsterinsights_sitenote_note":"","_monsterinsights_sitenote_category":0,"footnotes":""},"categories":[235],"tags":[180,3928,3929,3930,3931,1241,1534],"aioseo_notices":[],"amp_enabled":true,"_links":{"self":[{"href":"https:\/\/speyer24news.com\/index.php?rest_route=\/wp\/v2\/posts\/20687"}],"collection":[{"href":"https:\/\/speyer24news.com\/index.php?rest_route=\/wp\/v2\/posts"}],"about":[{"href":"https:\/\/speyer24news.com\/index.php?rest_route=\/wp\/v2\/types\/post"}],"author":[{"embeddable":true,"href":"https:\/\/speyer24news.com\/index.php?rest_route=\/wp\/v2\/users\/3"}],"replies":[{"embeddable":true,"href":"https:\/\/speyer24news.com\/index.php?rest_route=%2Fwp%2Fv2%2Fcomments&post=20687"}],"version-history":[{"count":1,"href":"https:\/\/speyer24news.com\/index.php?rest_route=\/wp\/v2\/posts\/20687\/revisions"}],"predecessor-version":[{"id":20689,"href":"https:\/\/speyer24news.com\/index.php?rest_route=\/wp\/v2\/posts\/20687\/revisions\/20689"}],"wp:featuredmedia":[{"embeddable":true,"href":"https:\/\/speyer24news.com\/index.php?rest_route=\/wp\/v2\/media\/19205"}],"wp:attachment":[{"href":"https:\/\/speyer24news.com\/index.php?rest_route=%2Fwp%2Fv2%2Fmedia&parent=20687"}],"wp:term":[{"taxonomy":"category","embeddable":true,"href":"https:\/\/speyer24news.com\/index.php?rest_route=%2Fwp%2Fv2%2Fcategories&post=20687"},{"taxonomy":"post_tag","embeddable":true,"href":"https:\/\/speyer24news.com\/index.php?rest_route=%2Fwp%2Fv2%2Ftags&post=20687"}],"curies":[{"name":"wp","href":"https:\/\/api.w.org\/{rel}","templated":true}]}}