{"id":20694,"date":"2019-10-16T13:03:08","date_gmt":"2019-10-16T12:03:08","guid":{"rendered":"https:\/\/speyer24news.com\/?p=20694"},"modified":"2019-10-16T14:26:46","modified_gmt":"2019-10-16T13:26:46","slug":"schifferstadt-30","status":"publish","type":"post","link":"https:\/\/speyer24news.com\/?p=20694","title":{"rendered":"Schifferstadt:"},"content":{"rendered":"<style type=\"text\/css\">\r\n\t.ads_top_disp{}\r\n\t.ads_top_corner_disp{ float:left; margin:0px 10px 10px 0px; }\r\n\t.ads_first_p_disp{}\r\n\t.ads_bottom_disp{}\r\n\t<\/style>\n<h2 class=\"wp-block-heading\" style=\"text-align:center\">VHS &#8211; Kurse:<\/h2>\n\n\n\n<div class=\"wp-block-image\"><figure class=\"aligncenter\"><img decoding=\"async\" src=\"https:\/\/speyer24news.com\/wp-content\/uploads\/2019\/09\/VHS-1.png\" alt=\"\" class=\"wp-image-19393\"\/><\/figure><\/div>\n\n\n\n<h2 class=\"wp-block-heading\"><strong>Fit im B\u00fcroalltag dank POWER POINT<\/strong><\/h2>\n\n\n\n<p>Am <strong>Freitag, 18. Oktober 2019<\/strong> beginnt um 14 Uhr der Kurs \u201eFit im B\u00fcroalltag \u2013 POWER POINT\u201c im Schifferstadter vhs-Bildungszentrum, Neust\u00fcckweg 2. <\/p>\n\n\n\n<p>Sie planen nach einer l\u00e4ngeren Pause die R\u00fcckkehr in das\nBerufsleben? Sie wollen Ihr Wissen f\u00fcr die Arbeitsabl\u00e4ufe in B\u00fcros auf den\nneuesten Stand bringen? In diesem Kurs werden die wichtigsten\nGrundlagenkenntnisse der MS Office-Programme f\u00fcr den B\u00fcroalltag vermittelt und\nvertieft. Schwerpunkt des am Freitag stattfindenden Moduls ist Power Point. Der\nKurs richtet sich speziell an Frauen, die l\u00e4ngere Zeit nicht berufst\u00e4tig waren\nund aktuelle EDV-Kenntnisse f\u00fcr einen (Wieder-) Einstieg erwerben m\u00f6chten. <\/p>\n\n\n\n<p>Die Teilnehmerinnen erlernen das Arbeiten mit Windows 10 und\nden MS Office 2013\/2016 Programmen Word, Excel, PowerPoint und Outlook: u.a.\nDateimanagement, Textgestaltung, Serienbriefe, einfache Kalkulationen erstellen\nund formatieren, Pr\u00e4sentationen erstellen, E-Mails, Termine und Kontakte\nverwalten. Im Modul \u201eMS\nPower Point\u201c erlernen Sie die Grundlagen der Folienbearbeitung, Folientexte\neingeben und gestalten, Objekte erzeugen und gestalten, Pr\u00e4sentationen steuern\netc.<\/p>\n\n\n\n<p>Die Module werden einzeln gebucht und k\u00f6nnen unabh\u00e4ngig\nvoneinander besucht werden. Alle Module zusammen umfassen elf Termine. <\/p>\n\n\n\n<p>Der Kurs kann mit einer freiwilligen Xpert ECP R2 Online Pr\u00fcfung abgeschlossen werden. F\u00fcr die bestandene Pr\u00fcfung wird ein Zertifikat ausgestellt. F\u00fcr die Teilnahme an den Pr\u00fcfungen muss einmalig eine ID (Xpert Card) f\u00fcr zw\u00f6lf Euro \u20ac erworben werden. Das Pr\u00fcfungsentgelt betr\u00e4gt pro Modul zus\u00e4tzlich 29,95 \u20ac (\u00c4nderungen vorbehalten). Informationen und Anmeldung erhalten Interessierte bei der Stadtverwaltung Schifferstadt unter den Telefonnummern 06235 \/ 44302 oder 44305. <\/p>\n\n\n\n<h2 class=\"wp-block-heading\"><strong>Kinderyoga: St\u00e4rke deinen R\u00fccken!<\/strong><\/h2>\n\n\n\n<p>Am <strong>Freitag, 18. Oktober 2019<\/strong> beginnt um 16 Uhr der Kurs \u201eKinderyoga: St\u00e4rke deinen R\u00fccken!\u201c im Schifferstadter vhs-Bildungszentrum, Neust\u00fcckweg 2. <\/p>\n\n\n\n<p>Kinderyoga eignet sich als Gegengewicht zum langen Sitzen und\nzur geringen Abwechslung in der Schule. In diesem Kurs wird gezielt der R\u00fccken\ntrainiert. Ziel ist, dass sich die Kinder beweglicher f\u00fchlen, aber auch\nentspannt und ruhend in sich. Sie lernen den Unterschied zwischen Dehnung und\nSchmerz, bekommen dadurch zunehmend Sicherheit und k\u00f6nnen ihre K\u00f6rper besser\neinsch\u00e4tzen. <\/p>\n\n\n\n<p>Informationen und Anmeldung erhalten Interessierte bei der\nStadtverwaltung Schifferstadt unter den Telefonnummern 06235\/44302 oder 44305.<\/p>\n\n\n\n<h2 class=\"wp-block-heading\"><strong>Crashkurs: Die eigenen Bilder\nbearbeiten mit \u201eGimp\u201c<\/strong><\/h2>\n\n\n\n<p>Am <strong>Freitag, 18.Oktober 2019<\/strong> beginnt um 18 Uhr der Kurs \u201eDie eigenen Bilder bearbeiten mit Gimp \u2013 Crashkurs\u201c im Schifferstadter vhs-Bildungszentrum, Neust\u00fcckweg 2. <\/p>\n\n\n\n<p>Um eigene Bilder bearbeiten und verbessern zu k\u00f6nnen,\nben\u00f6tigt man spezielle Werkzeuge. Zu den wichtigsten Instrumenten, die ein\ngutes Bildbearbeitungsprogramm besitzen sollte, z\u00e4hlen Funktionen zum\nZuschneiden und Drehen von Fotos, zum Entfernen roter Augen und Sch\u00e4rfen\nverschwommener Bilder. All diese Werkzeuge stellt das kostenlose\nBildbearbeitungsprogramm Gimp bereit. <\/p>\n\n\n\n<p>Lernen Sie im Kurs Schritt f\u00fcr Schritt Arbeitstechniken\nkennen, mit denen Sie schnell und effektiv Fotos bearbeiten und verbessern\nk\u00f6nnen. Von einfachen Bildkorrekturen \u00fcber Retuschen bis hin zu Montagen k\u00f6nnen\nsie Ihre Fotos gezielt optimieren und kreativ gestalten.<\/p>\n\n\n\n<p>Informationen und Anmeldung erhalten Interessierte bei der Stadtverwaltung Schifferstadt unter den Telefonnummern 06235\/44302 oder 44305.<\/p>\n\n\n\n<h2 class=\"wp-block-heading\"><strong>Botanische Aquarellmalerei<\/strong><\/h2>\n\n\n\n<p>Am <strong>Freitag, 18. Oktober 2019<\/strong> beginnt um 18 Uhr der Kurs \u201eBotanische Aquarellmalerei\u201c im Schifferstadter vhs-Bildungszentrum, Neust\u00fcckweg 2. <\/p>\n\n\n\n<p>Dieser Kurs ist f\u00fcr Interessierte gedacht, die schon erste\nErfahrungen in der Aquarellmalerei gesammelt haben und ihre k\u00fcnstlerischen\nF\u00e4higkeiten verfeinern m\u00f6chten.<\/p>\n\n\n\n<p>Die Dozentin ist Diplom-Kunstwissenschaftlerin und bringt\nIhnen bei, botanische Motive sch\u00f6n und realistisch auf dem Papier festzuhalten.\nSie \u00fcben das Skizzieren und Zeichnen sowie das Malen mit Aquarellfarben im\nbotanischen Stil. Au\u00dferdem k\u00f6nnen Sie Ihre Kenntnisse aus den Bereichen\nMaterial, Farbenlehre, Bildkomposition, Proportionen sowie Sehen von Licht und\nSchatten erweitern. M\u00f6gliche Motive sind zum Beispiel Blumen, Gr\u00fcnpflanzen,\nBl\u00e4tter, Obst, Gem\u00fcse oder Schmetterlinge.<\/p>\n\n\n\n<p>Informationen und Anmeldung erhalten Interessierte bei der\nStadtverwaltung Schifferstadt unter den Telefonnummern 06235\/ 44302 oder 44305.<\/p>\n\n\n\n<p><em>Stadtverwaltung Schifferstadt<br>16.10.2019<\/em><\/p>\n\n\n\n<h2 class=\"wp-block-heading\"><strong>Ausschuss f\u00fcr Kultur und Sport<\/strong><\/h2>\n\n\n\n<p>Am <strong>Dienstag, 22. Oktober<\/strong> findet um 19 Uhr eine \u00f6ffentliche Sitzung des Ausschusses f\u00fcr Kultur und Sport der Stadt Schifferstadt im Ratssaal des Rathauses, Marktplatz 2, statt.<\/p>\n\n\n\n<p>Auf der Tagesordnung stehen der\nBericht 2019 von den Stadtarchivaren, das geplante Kulturprogramm der Stadt\nSchifferstadt und der Stadtb\u00fccherei f\u00fcr 2020 sowie der Zuschuss f\u00fcr den\nDJK-Sportverein Ph\u00f6nix Schifferstadt e.V.\n\nAlle\nInteressenten sind herzlich willkommen.\n\n\n\n<\/p>\n\n\n\n<p><em>Stadtverwaltung Schifferstadt<br>16.10.2019<\/em><\/p>\n\n\n\n<h2 class=\"wp-block-heading\"><strong>Trio \u201eDie 49ziger\u201c in der Adlerstube<\/strong><\/h2>\n\n\n\n<p>Am <strong>Dienstag, 22. Oktober<\/strong> gastiert das Trio \u201eDie 49ziger\u201c ab 14 Uhr in der Adlerstube, Kirchenstra\u00dfe 17. Beliebte Lieder und alte Schlager werden zu h\u00f6ren sein. Alle Seniorinnen und Senioren sind zu diesem Nachmittag herzlich willkommen.<\/p>\n\n\n\n<p><em>Stadtverwaltung Schifferstadt<br>16.10.2019<\/em><\/p>\n\n\n\n<h2 class=\"wp-block-heading\"><strong>Einbahnstra\u00dfenregelung Mannheimer\nStra\u00dfe<\/strong><\/h2>\n\n\n\n<h3 class=\"wp-block-heading\"><strong>Umleitung\n\u00fcber Johannesstra\u00dfe \u2013 Danziger Stra\u00dfe \u2013 Breslauer Stra\u00dfe<\/strong><\/h3>\n\n\n\n<p><strong>Ab Freitag, 18. Oktober<\/strong> werden in der Mannheimer Stra\u00dfe 34 Abrissarbeiten durchgef\u00fchrt. Von der Ma\u00dfnahme betroffen ist der Stra\u00dfenabschnitt zwischen Fr\u00fchlingsstra\u00dfe und Josefstra\u00dfe. Es wird eine halbseitige Sperrung mit Einbahnstra\u00dfenregelung eingerichtet. Entsprechend ist die Richtungsfahrbahn der Mannheimer Stra\u00dfe in Fahrtrichtung Ortsausgang ab der Einm\u00fcndung Johannesstra\u00dfe gesperrt. Die Stra\u00dfensperrung wird <strong><em>voraussichtlich bis zum 30. November<\/em><\/strong> andauern.<\/p>\n\n\n\n<p>Die ausgeschilderte Umleitung f\u00fcr\nVerkehrsteilnehmer erfolgt \u00fcber die Johannesstra\u00dfe, Danziger Stra\u00dfe bis zur\nBreslauer Stra\u00dfe. Die Stadtverwaltung dankt den B\u00fcrgerinnen und B\u00fcrgern f\u00fcr Ihr\nVerst\u00e4ndnis. <\/p>\n\n\n\n<p><em>Stadtverwaltung Schifferstadt<br>16.10.2019<\/em><\/p>\n\n\n\n<h2 class=\"wp-block-heading\"><strong>Tolles Spendenergebnis\nnach \u201eSix Favour Five\u201c-Benefizkonzert<\/strong><\/h2>\n\n\n\n<p>1.544 Euro sind beim Benefizkonzert\nder Schifferstadter Oldie-Band \u201eSix Favour Five\u201c am Samstag, 12. Oktober zusammengekommen.\nDie beliebte Gruppe hatte zur Feier ihres 50-j\u00e4hrigen Jubil\u00e4ums keinen Eintritt\nverlangt, daf\u00fcr aber um Spenden gebeten. Das Geld geht an \u00e4ltere, bed\u00fcrftige B\u00fcrgerinnen\nund B\u00fcrger. <\/p>\n\n\n\n<p>\u201eEs war eine tolle Veranstaltung\u201c,\nfindet die Erste Beigeordnete Ulla Behrendt-Roden, \u201edie Band hat Stimmung\ngemacht, der Saal war voll und die G\u00e4ste gut gelaunt. Die hohe Spendensumme\nsetzt dem Ganzen die Krone auf.\u201c <\/p>\n\n\n\n<p><em>Stadtverwaltung Schifferstadt<br>16.10.2019<\/em><\/p>\n\n\n\n<h2 class=\"wp-block-heading\"><strong>B\u00fcrgerbus f\u00e4hrt zum Filmfestival der\nGenerationen<\/strong><\/h2>\n\n\n\n<h3 class=\"wp-block-heading\"><strong>Rex-Kino-Center Schifferstadt zeigt \u201eEine bretonische Liebe\u201c<\/strong><\/h3>\n\n\n\n<figure class=\"wp-block-image\"><img decoding=\"async\" src=\"https:\/\/speyer24news.com\/wp-content\/uploads\/2019\/10\/B\u00fcrgerbus-Schifferstadt.png\" alt=\"\" class=\"wp-image-20696\"\/><\/figure>\n\n\n\n<p>Am <strong>Montag, 21. Oktober<\/strong> bringt der B\u00fcrgerbus interessierte B\u00fcrgerinnen und B\u00fcrger ins Rex-Kino-Center, Zeppelinstra\u00dfe 6. Dort l\u00e4uft um 19 Uhr der Film \u201eEine bretonische Liebe\u201c anl\u00e4sslich des zehnten Europ\u00e4ischen Filmfestivals der Generationen. Der Eintritt ist frei. Ab 18 Uhr ist das TEAMobil unterwegs. Wer mitgenommen werden will, wendet sich bis Montag, 12 Uhr telefonisch an Ute Frisch im Rathaus unter Telefonnummer 06235 \/ 44305. <\/p>\n\n\n\n<p><strong>Darum geht\u00b4s im Film<\/strong><\/p>\n\n\n\n<p>Erwan ist 45 Jahre alt, verwitwet und arbeitet als Mitglied\neines Minenr\u00e4umkommandos. Er hat also gute Nerven, die m\u00e4chtig beansprucht\nwerden: Denn seine Tochter Juliette ist schwanger und weigert sich, den Vater\nihres Kindes preiszugeben. Was Erwans eigenen Papa angeht, so erf\u00e4hrt er eines\nTages zuf\u00e4llig, dass der Mann, den er immer f\u00fcr seinen Vater gehalten hat, das\nim biologischen Sinne gar nicht ist. Obwohl er an seinem Adoptivvater Bastien\nh\u00e4ngt, beschlie\u00dft er, sich auf die Suche nach seinem Erzeuger zu machen und\nst\u00f6\u00dft dabei auf Joseph, der sich als ein liebenswerter Mann von \u00fcber 70 Jahren\nentpuppt, zu dem Erwan schnell ein gutes Verh\u00e4ltnis aufbaut. Doch zugleich\nlernt er auch die eigenwillig attraktive Anna kennen, in die er sich verliebt,\nbevor er feststellt, dass diese Liebe vielleicht nicht sein darf&#8230;. Eine\ncharmante Kom\u00f6die \u00fcber Fragen zur menschlichen Existenz und eigenen Identit\u00e4t.<\/p>\n\n\n\n<p><strong>Das Europ\u00e4ische Filmfestival der Generationen<\/strong><\/p>\n\n\n\n<p>Zwischen dem 17. Oktober und dem 11. November gastiert das\nzehnte Europ\u00e4ische Filmfestival der Generationen an \u00fcber 160 verschiedenen\nLokalit\u00e4ten. Das \u00c4lterwerden und der demographische Wandel stehen auch im\nJubil\u00e4umsjahr des Filmfestivals wieder im Vordergrund. Die Veranstalter m\u00f6chten\neinen Dialog der Jugend von gestern und vorgestern mit den Seniorinnen und\nSenioren von morgen und \u00fcbermorgen anregen, zu gegenseitigem Verst\u00e4ndnis\nbeitragen und R\u00fcckblick und Ausblick erm\u00f6glichen.\n\nIm Anschluss an den Film\nbesteht Gelegenheit zum Gespr\u00e4ch \u00fcber den Film. Die Moderation \u00fcbernimmt\nChristian Hassa, Leiter des Caritas-Altenzentrums St. Bonifatius in\nLimburgerhof.\n\n\n\n<\/p>\n\n\n\n<p><em>Stadtverwaltung Schifferstadt<br>16.10.2019<\/em><\/p>\n\n\n\n<h2 class=\"wp-block-heading\"><strong>Umfrageergebnis zur Stechm\u00fcckensituation<\/strong><\/h2>\n\n\n\n<div class=\"wp-block-image\"><figure class=\"aligncenter\"><img decoding=\"async\" loading=\"lazy\" width=\"1024\" height=\"129\" src=\"https:\/\/speyer24news.com\/wp-content\/uploads\/2019\/10\/Kabs-Header-1024x129.png\" alt=\"\" class=\"wp-image-20699\" srcset=\"https:\/\/speyer24news.com\/wp-content\/uploads\/2019\/10\/Kabs-Header-1024x129.png 1024w, https:\/\/speyer24news.com\/wp-content\/uploads\/2019\/10\/Kabs-Header-300x38.png 300w, https:\/\/speyer24news.com\/wp-content\/uploads\/2019\/10\/Kabs-Header-768x97.png 768w, https:\/\/speyer24news.com\/wp-content\/uploads\/2019\/10\/Kabs-Header.png 1057w\" sizes=\"(max-width: 1024px) 100vw, 1024px\" \/><\/figure><\/div>\n\n\n\n<p>Stechm\u00fccken sind nervig. Richtig \u00e4rgerlich wird\u00b4s aber, wenn\ndie beiden Hubschrauber der Kommunalen Aktionsgemeinschaft zur Bek\u00e4mpfung der\nStechm\u00fcckenplage e.V. (KABS) im Fr\u00fchsommer unfallbedingt ausfallen. <\/p>\n\n\n\n<p>Um sich einen \u00dcberblick zur Stechm\u00fcckensituation vor Ort zu\nmachen, hat die KABS 28 Gemeinden in Rheinland-Pfalz befragt. 14 gaben in einem\nUmfang R\u00fcckmeldung, der statistisch ausgewertet werden konnte. <\/p>\n\n\n\n<p>5.095 Personen in Rheinland-Pfalz haben den Fragebogen g\u00fcltig\nbeantwortet, davon 2.864\nFrauen und 2.198 M\u00e4nner. 87 % davon wohnen schon l\u00e4nger als zehn Jahre am Ort\nund 43 % l\u00e4nger als 40 Jahre, also schon vor Beginn der Bek\u00e4mpfung durch die\nKABS. Das bedeutet, dass \u00fcberdurchschnittlich viele Frauen und besonders \u00e4ltere\nMenschen an der Befragung teilgenommen haben, die die Stechm\u00fcckensituation vor\nOrt schon seit langem kennen.<\/p>\n\n\n\n<p>99 % aller Befragungsteilnehmer (5.053 Personen) halten die\nStechm\u00fcckenbek\u00e4mpfung f\u00fcr eher wichtig bis sehr wichtig, 65 Personen (1 %)\nhalten sie f\u00fcr eher unwichtig bis sehr unwichtig. &nbsp;<\/p>\n\n\n\n<p>Sehr empfindlich auf Stechm\u00fccken reagieren knapp 76 % aller\nTeilnehmer (3.861 Pers.). 22 % reagieren nicht sehr empfindlich (1.106 Pers.)\nund knapp 3 % reagieren kaum oder gar nicht (141 Pers.).<\/p>\n\n\n\n<p>85 % der Teilnehmenden (4.348 Pers.) f\u00fchlten sich in den\nletzten Wochen durch die Stechm\u00fccken stark bel\u00e4stigt. 14 % f\u00fchlten sich nur\ngering bel\u00e4stigt (716 Pers.). Gar nicht bel\u00e4stigt f\u00fchlten sich 44 Personen.<\/p>\n\n\n\n<p>F\u00fcr etwa 94 % der Teilnehmer aus Rheinland-Pfalz verbessert\ndie Bek\u00e4mpfung ihr pers\u00f6nliches Wohlbefinden (94 %), ihre Wohnsituation (94 %)\nund ihre Freizeitaktivit\u00e4ten (94 %).<\/p>\n\n\n\n<p>Etwa 54 % der Teilnehmenden (2.471 Pers.) sind der Meinung,\ndie KABS k\u00fcmmere sich gen\u00fcgend um \u00f6kologische Aspekte der Bek\u00e4mpfung, etwa 17 %\nfinden, die KABS sollte sich noch mehr darum k\u00fcmmern (788 Pers.) und 29 %\nmeinen, sie k\u00f6nnten das nicht beurteilen (1.304 Pers.).<\/p>\n\n\n\n<p>1.904 Teilnehmer von insgesamt 5.095 Teilnehmern (37 %) haben im Interview zus\u00e4tzlich pers\u00f6nliche Anmerkungen gemacht, die sich teilweise \u00fcberschneiden. <\/p>\n\n\n\n<div class=\"wp-block-image\"><figure class=\"aligncenter\"><img decoding=\"async\" loading=\"lazy\" width=\"330\" height=\"322\" src=\"https:\/\/speyer24news.com\/wp-content\/uploads\/2019\/10\/Kabs_logo.jpg\" alt=\"\" class=\"wp-image-20700\" srcset=\"https:\/\/speyer24news.com\/wp-content\/uploads\/2019\/10\/Kabs_logo.jpg 330w, https:\/\/speyer24news.com\/wp-content\/uploads\/2019\/10\/Kabs_logo-300x293.jpg 300w\" sizes=\"(max-width: 330px) 100vw, 330px\" \/><\/figure><\/div>\n\n\n\n<p>Ausdr\u00fccklich bedankt hat sich landesweit \u00fcber ein Viertel\ndieser Teilnehmer f\u00fcr die Arbeit der KABS und findet, dass die Lebensqualit\u00e4t\nim Allgemeinen durch die Bek\u00e4mpfung erheblich gestiegen ist. Besonders diejenigen,\ndie schon lange in Rheinn\u00e4he wohnen sind der Meinung, dass es fr\u00fcher oft\nunertr\u00e4glich war und sich durch die Arbeit der KABS die Lebensbedingungen besonders\nauch im Freien deutlich verbessert haben. Ebenso beklagt fast ein Viertel der\nTeilnehmer, dass es in diesem Jahr anders als in den Jahren zuvor ganz\nbesonders schlimm gewesen sei. Kinder, Allergiker und \u00e4ltere Menschen litten in\nbesonderem Ma\u00dfe unter den M\u00fccken. <\/p>\n\n\n\n<p>Etwa 15 % sind der Meinung, die Bek\u00e4mpfung sei alternativlos\nund solle unbedingt weitergef\u00fchrt werden. 8 % der Teilnehmer finden es\nunverst\u00e4ndlich, dass die Hubschrauber ausgefallen sind und man nicht umgehend\nErsatz beschaffen konnte. 4 % der Befragten mahnen die st\u00e4rkere Beachtung\n\u00f6kologischer Aspekte an oder sind dar\u00fcber hinaus der Meinung, dass die\nStechm\u00fcckenbek\u00e4mpfung m\u00f6glicherweise auch \u00f6kologische Probleme schaffe. 3 %\nerkl\u00e4rten sich bereit, einen eigenen finanziellen Beitrag zum Fortbestehen der\nBek\u00e4mpfung spenden zu wollen und w\u00fcnschen sich, dass man die Aktivit\u00e4ten der\nKABS besser in der \u00d6ffentlichkeit kommunizieren solle.<\/p>\n\n\n\n<p>Bez\u00fcglich des Hubschrauberausfall l\u00e4sst die KABS wissen, dass ihre Maschinen mit einer GPS-gest\u00fctzten Spr\u00fcheinrichtung versehen sind, die das Granulat automatisch beim \u00dcberfliegen der Brutgebiete ausbringt. Solche Maschinen lie\u00dfen sich nicht kurzfristig ersetzen, sondern m\u00fcssten zeitaufwendig nachger\u00fcstet bzw. neu erworben werden. Daher kam es nach der Havarie der beiden Bek\u00e4mpfungs-Hubschrauber zu dem Totalausfall. <\/p>\n\n\n\n<p><em>Stadtverwaltung Schifferstadt<br>16.10.2019<\/em><\/p>\n\n\n\n<h2 class=\"wp-block-heading\"><strong>Tag der offenen T\u00fcr in Kita Entdeckungskiste<\/strong><\/h2>\n\n\n\n<div class=\"wp-block-image\"><figure class=\"aligncenter\"><img decoding=\"async\" loading=\"lazy\" width=\"500\" height=\"721\" src=\"https:\/\/speyer24news.com\/wp-content\/uploads\/2019\/10\/Entdeckungskiste-Tag-der-offenen-T\u00fcr.png\" alt=\"\" class=\"wp-image-20698\" srcset=\"https:\/\/speyer24news.com\/wp-content\/uploads\/2019\/10\/Entdeckungskiste-Tag-der-offenen-T\u00fcr.png 500w, https:\/\/speyer24news.com\/wp-content\/uploads\/2019\/10\/Entdeckungskiste-Tag-der-offenen-T\u00fcr-208x300.png 208w\" sizes=\"(max-width: 500px) 100vw, 500px\" \/><\/figure><\/div>\n\n\n\n<p>Am <strong>Samstag, 26. Oktober <\/strong>l\u00e4dt die Kita Entdeckungskiste, Waldspitzweg 10 A, von 13 bis 17 Uhr zum Tag der offenen T\u00fcr.  Frisches Gr\u00fcn drinnen wie drau\u00dfen \u2013 Interessierte k\u00f6nnen sich die modernen R\u00e4ume und das weitl\u00e4ufige Au\u00dfengel\u00e4nde der neusten Schifferstadter Kita anschauen. Die Mitarbeiterinnen und Mitarbeiter stehen f\u00fcr Fragen rund ums Haus und die Konzeption zur Verf\u00fcgung und das K\u00fcchenteam stellt sich und einige kleine Leckereien vor. Dazu gibt es Kaffee und Kuchen. Spielen ist \u00fcbrigens absolut erlaubt und erw\u00fcnscht. <\/p>\n\n\n\n<p><em>Stadtverwaltung Schifferstadt<br>16.10.2019<\/em><\/p>\n\n\n\n<h2 class=\"wp-block-heading\"><strong>Acht neue Fahrradboxen am S\u00fcdbahnhof<\/strong><\/h2>\n\n\n\n<div class=\"wp-block-image\"><figure class=\"aligncenter\"><img decoding=\"async\" loading=\"lazy\" width=\"800\" height=\"600\" src=\"https:\/\/speyer24news.com\/wp-content\/uploads\/2019\/10\/Umwelt-Fahrradboxen-S\u00fcdbahnhof.jpg\" alt=\"\" class=\"wp-image-20697\" srcset=\"https:\/\/speyer24news.com\/wp-content\/uploads\/2019\/10\/Umwelt-Fahrradboxen-S\u00fcdbahnhof.jpg 800w, https:\/\/speyer24news.com\/wp-content\/uploads\/2019\/10\/Umwelt-Fahrradboxen-S\u00fcdbahnhof-300x225.jpg 300w, https:\/\/speyer24news.com\/wp-content\/uploads\/2019\/10\/Umwelt-Fahrradboxen-S\u00fcdbahnhof-768x576.jpg 768w, https:\/\/speyer24news.com\/wp-content\/uploads\/2019\/10\/Umwelt-Fahrradboxen-S\u00fcdbahnhof-678x509.jpg 678w, https:\/\/speyer24news.com\/wp-content\/uploads\/2019\/10\/Umwelt-Fahrradboxen-S\u00fcdbahnhof-326x245.jpg 326w, https:\/\/speyer24news.com\/wp-content\/uploads\/2019\/10\/Umwelt-Fahrradboxen-S\u00fcdbahnhof-80x60.jpg 80w\" sizes=\"(max-width: 800px) 100vw, 800px\" \/><\/figure><\/div>\n\n\n\n<p>Ab sofort stehen acht abschlie\u00dfbare Fahrradboxen am S\u00fcdbahnhof zur Vermietung. Die sichere Abstellm\u00f6glichkeit befindet sich neben den \u00fcberdachten Fahrradabstellanlagen. Bei Klimaschutzmanagerin Nicole D\u00f6rr k\u00f6nnen die Fahrradboxen f\u00fcr je zehn Euro im Monat angemietet werden: 06235 \/ 44239 oder per E-Mail an <a href=\"nicole.doerr@schifferstadt.de\">nicole.doerr@schifferstadt.de<\/a>.<\/p>\n\n\n\n<p>Die 15 Fahrradboxen am Hauptbahnhof sind aktuell \u00fcbrigens allesamt vermietet, Interessierte k\u00f6nnen sich jedoch auf eine Warteliste setzen lassen.<\/p>\n\n\n\n<p><em>Stadtverwaltung Schifferstadt<br>16.10.2019<\/em><\/p>\n\n\n\n<h2 class=\"wp-block-heading\"><strong>Vollsperrung Bahnhofstra\u00dfe und Einbahnstra\u00dfenregelung\nMannheimer Stra\u00dfe<\/strong><\/h2>\n\n\n\n<h3 class=\"wp-block-heading\"><strong>Umleitung\n\u00fcber Johannesstra\u00dfe \u2013 Danziger Stra\u00dfe \u2013 Altenhofstra\u00dfe \u2013 Iggelheimer Stra\u00dfe<\/strong><\/h3>\n\n\n\n<p>Am Mittwoch, 16. Oktober werden in der Bahnhofstra\u00dfe und\nMannheimer Stra\u00dfe Wartungs- und Reinigungsarbeiten an den Regen\u00fcberlaufbecken\ndurchgef\u00fchrt. Von der Ma\u00dfnahme betroffen ist der Kreuzungsbereich der\nBahnhofstra\u00dfe und Mannheimer Stra\u00dfe (Ampelanlage). Aufgrund der Lage der\nvorhandenen Schachtdeckel finden die Arbeiten in der Bahnhofstra\u00dfe unter\nVollsperrung der Fahrbahn statt. In der Mannheimer Stra\u00dfe wird eine halbseitige\nSperrung mit Einbahnstra\u00dfenregelung eingerichtet. Entsprechend ist die\nRichtungsfahrbahn der Mannheimer Stra\u00dfe in Fahrtrichtung Kirchenstra\u00dfe nach\nEinm\u00fcndung Johannesstra\u00dfe gesperrt. Der Gehweg kann weiterhin von Fu\u00dfg\u00e4ngern\ngenutzt werden. \n\nDie ausgeschilderte\nUmleitung f\u00fcr Verkehrsteilnehmer erfolgt \u00fcber die Johannesstra\u00dfe \u2013 Danziger\nStra\u00dfe \u2013 Altenhofstra\u00dfe bis zur Iggelheimer Stra\u00dfe. Am Donnerstag, 17. Oktober\nsind die Stra\u00dfen wieder wie gewohnt befahrbar.\n\n\n\n<\/p>\n\n\n\n<p><em>Stadtverwaltung Schifferstadt<br>16.10.2019<\/em><\/p>\n\n\n\n<h2 class=\"wp-block-heading\"><strong>Kindertheater \u201eNein hei\u00dft Nein\u201c<\/strong><\/h2>\n\n\n\n<p>Am <strong>Dienstag, 22. Oktober<\/strong> holen die Schifferstadter Sicherheitsberater das Kindertheaterst\u00fcck \u201eNein hei\u00dft Nein\u201c ins Pfarrzentrum St. Jakobus, Kirchenstra\u00dfe 16. Um 11 Uhr startet das vom Capitol Kindertheater ausgearbeitete und von der Kur- und Rheinpfalz eG in Schifferstadt unterst\u00fctzte St\u00fcck f\u00fcr Kinder ab drei Jahren. Die Stadtverwaltung hat alle kirchlichen und kommunalen Kitas in Schifferstadt eingeladen. Der Eintritt ist frei.<\/p>\n\n\n\n<p>Lotta darf nicht\n\u201eNein\u201c sagen. Auch dann nicht als sie sich auf den Scho\u00df ihres Onkels setzen\nsoll, der dabei wie ein Ungeheuer atmet. Lotta darf nicht \u201eNein\u201c sagen \u2013 sonst\nwird sie keine richtige Prinzessin. <\/p>\n\n\n\n<p>Das als M\u00e4rchen\nangelegte St\u00fcck f\u00fcr Kinder im Kindergarten- und fr\u00fchen Grundschulalter soll die\nKleinsten unter uns sch\u00fctzen. Die Schauspieler Georg Veit und Susanne Back\nsowie das gesamte Team des Capitol Kindertheaters setzen sich damit gegen\nMissbrauch und f\u00fcr ein selbstbestimmtes Kindsein ein. Spielerisch n\u00e4hern sie\nsich dabei den Themen \u201egute Gef\u00fchle\u201c, \u201eschlechte Gef\u00fchle\u201c, \u201eNein sagen\u201c und\n\u201eeigene Grenzen wahren\u201c. \n\nDie Schifferstadter\nSicherheitsberater G\u00fcnther Neudeck, Peter Imo, Rudi Keller und Karl Knorr freuen\nsich auf die rege Teilnahme der Schifferstadter Kitas.\n\n\n\n<\/p>\n\n\n\n<p><em>Stadtverwaltung Schifferstadt<br>16.10.2019<\/em><\/p>\n\n\n\n<h2 class=\"wp-block-heading\"><strong>Beweg dich, wenn dich was bewegt!<\/strong><\/h2>\n\n\n\n<h3 class=\"wp-block-heading\"><strong>Mitglieder\nf\u00fcr neuen Jugendstadtrat gesucht<\/strong><\/h3>\n\n\n\n<p><strong><em>Bis zum 18. Dezember<\/em><\/strong> dieses Jahrs k\u00f6nnen sich Jugendliche und junge Erwachsene im Alter von 12 bis 21 Jahren, die ihren ersten Wohnsitz in Schifferstadt haben, zur Mitarbeit im Jugendstadtrat bewerben. <\/p>\n\n\n\n<p>Aufgabe des Jugendstadtrates ist die Vertretung der Kinder\nund Jugendlichen und ihrer Anliegen. Schwerpunkt der Arbeit sollte es sein, auf\nEntscheidungen des \u201eErwachsenen-Stadtrates\u201c oder der Verwaltung, an deren\nSpitze B\u00fcrgermeisterin Ilona Volk steht, im Sinne der Jugend Einfluss zu\nnehmen. Der Jugendstadtrat hat ein Mitspracherecht bei Angelegenheiten, die\nJugendliche direkt betreffen und wird f\u00fcr die Dauer von zwei Jahren gew\u00e4hlt.<\/p>\n\n\n\n<p>Information und Diskussion \u00fcber allgemeine Probleme in der\nStadt, Kontaktaufnahmen mit Jugendverb\u00e4nden, gemeinsame Veranstaltungen, Erarbeiten\nvon Vorschl\u00e4gen zur Verbesserung der Freizeitm\u00f6glichkeiten f\u00fcr Kinder und\nJugendliche, des Angebotes im Jugendtreff oder auch in den Vereinen k\u00f6nnten\nAufgabenfelder des Jugendstadtrates sein. Er kann au\u00dferdem Vorschl\u00e4ge zur\nSicherung des Schulweges, zur Gestaltung von Bolz- und Spielpl\u00e4tzen und zur\neffektiven Nutzung der vorhandenen Sportm\u00f6glichkeiten machen. <\/p>\n\n\n\n<p>Wer Interesse an der Arbeit im Jugendstadtrat hat, kann sich ab sofort im Jugendtreff, Neust\u00fcckweg 1, melden oder einfach einen kurzen formlosen Brief mit Namen, Geburtsdatum, Anschrift, Telefonnummer und E-Mail-Adresse in den Briefkasten werfen. Nat\u00fcrlich kann man sich auch per E-Mail an <a href=\"http:\/\/kontakt@jugendtreff-schifferstadt.de \">kontakt@jugendtreff-schifferstadt.de <\/a>bewerben. <\/p>\n\n\n\n<p>Der f\u00fcr die Jugendarbeit in Schifferstadt zust\u00e4ndige\nBeigeordnete Patrick Poss hofft, dass sich viele Kinder und Jugendliche finden\nwerden, um wieder ein tatkr\u00e4ftiges Team bilden zu k\u00f6nnen. Deshalb bittet er\nauch alle Eltern darum, ihren Nachwuchs auf diese M\u00f6glichkeit der Beteiligung\nan der Kommunalpolitik aufmerksam zu machen.<\/p>\n\n\n\n<p><strong>So ist der Jugendstadtrat aufgebaut<\/strong><\/p>\n\n\n\n<p>Ein Jungendstadtrat wird eingerichtet, wenn sich mindestens acht Personen f\u00fcr diese ehrenamtliche T\u00e4tigkeit bereit erkl\u00e4rt haben. Die H\u00f6chstzahl der aufzunehmenden Mitglieder betr\u00e4gt 15 Personen. Stehen mehr Interessenten zur Verf\u00fcgung, w\u00e4hlen die Kandidaten bei einem ersten Treffen die in den Stadtrat aufzunehmenden 15 Mitglieder. <\/p>\n\n\n\n<p><em>Stadtverwaltung Schifferstadt<br>16.10.2019<\/em><\/p>\n\n\n\n<h2 class=\"wp-block-heading\"><strong>Gesucht: Wohnungen f\u00fcr Fl\u00fcchtlinge\nund Asylbewerber<\/strong><\/h2>\n\n\n\n<p>Die Stadtverwaltung Schifferstadt ben\u00f6tigt weiterhin dringend\nWohnungen f\u00fcr anerkannte Fl\u00fcchtlinge und Asylbewerber. Diese werden der Stadt von\nder Kreisverwaltung Rhein-Pfalz-Kreis zugewiesen. Bedenken, ob die Miete immer\np\u00fcnktlich gezahlt wird, braucht niemand zu haben \u2013 die \u00dcberweisung erfolgt\ndirekt von der Stadtverwaltung an die Vermieter. Wer also leerstehenden\nWohnraum zur Verf\u00fcgung hat, kann sich bei Ute Frisch unter der Telefonnummer\n06235 \/ 44305 oder bei Marcel Kaltenbach unter der Telefonnummer 06235 \/ 44320\nmelden, um weitere Informationen zu erhalten.<\/p>\n\n\n\n<p><em>Stadtverwaltung Schifferstadt<br>16.10.2019<\/em><\/p>\n\n\n\n<h2 class=\"wp-block-heading\"><strong>Fahrzeiten B\u00fcrgerbus<\/strong><\/h2>\n\n\n\n<div class=\"wp-block-image\"><figure class=\"aligncenter\"><img decoding=\"async\" src=\"https:\/\/speyer24news.com\/wp-content\/uploads\/2019\/10\/B\u00fcrgerbus-Schifferstadt.png\" alt=\"\" class=\"wp-image-20696\"\/><\/figure><\/div>\n\n\n\n<p>Der B\u00fcrgerbus f\u00e4hrt\nimmer Dienstag und Donnerstag von 8 bis 17 Uhr und am Freitag von 8 bis 12 Uhr\nzu jedem gew\u00fcnschten Ziel in Schifferstadt. <\/p>\n\n\n\n<p>Alle zwei Wochen zum\n16-Uhr-Gottesdienst der katholischen Kirche in St. Jakobus sowie zum Sonntags-Gottesdienst\nder evangelischen Kirchengemeinde (Gustav-Adolf- oder Luther-Kirche) um 10 Uhr.<\/p>\n\n\n\n<p>Nur nach telefonischer\nAnmeldung: Montag und Mittwoch von 14 bis 16 Uhr unter 06235 \/ 4555883.<\/p>\n\n\n\n<p><em>Stadtverwaltung Schifferstadt<br>16.10.2019<\/em><\/p>\n\n\n\n<h2 class=\"wp-block-heading\"><strong>Gesucht: Mitglieder f\u00fcr\nMigrationsbeirat<\/strong><\/h2>\n\n\n\n<p>Wer sich f\u00fcr die\nBelange von Menschen mit Migrationshintergrund einsetzen m\u00f6chte, sp\u00e4testens\nseit dem 31. Mai 2019 16 Jahre alt ist und seinen ersten Wohnsitz in\nSchifferstadt hat, kann sich bis zum 15. November als Mitglied des Migrationsbeirats\nbewerben. <\/p>\n\n\n\n<p>Da die Wahl eines\nBeirates nach der Gemeindeordnung nicht zustande gekommen ist, m\u00f6chte die\nStadtverwaltung einen freiwilligen \u201eBeirat f\u00fcr die Belange von Menschen mit\nMigrationshintergrund\u201c einrichten. Der Stadtrat hat hierzu Rahmenrichtlinien\nbeschlossen. In Zusammenarbeit mit Parteien bzw. W\u00e4hlergruppen, Sozialverb\u00e4nden\nund Glaubensgemeinschaften soll ein ehrenamtlich agierendes Gremium \u2013 \u00e4hnlich\ndem Seniorenbeirat und dem Jugendstadtrat \u2013 t\u00e4tig werden.<\/p>\n\n\n\n<p>Aufgabe des \u201eBeirates\nf\u00fcr die Belange von Menschen mit Migrationshintergrund\u201c ist die F\u00f6rderung und\nSicherung des gleichberechtigten Zusammenlebens der in Schifferstadt wohnenden\nMenschen verschiedenster Nationalit\u00e4t, Kultur und Religion sowie die\n(Weiter)-Entwicklung des kommunalen Integrationsprozesses.<\/p>\n\n\n\n<p>Die Mitglieder des\nMigrationsbeirates sind ehrenamtlich ohne Aufwandsentsch\u00e4digung, nationalit\u00e4ts\u00fcbergreifend,\n\u00fcberparteilich, \u00fcberkonfessionell und verbandsunabh\u00e4ngig t\u00e4tig. Ein\nMigrationshintergrund ist von Vorteil, aber nicht Bedingung. <\/p>\n\n\n\n<p>Die Verwaltung bittet\ndie in Schifferstadt t\u00e4tigen Parteien und W\u00e4hlergruppen sowie Kirchen- und\nGlaubensgemeinschaften und Vereine, die sich der Migration und Integration\nwidmen, um Vorschl\u00e4ge von interessierten Personen. Selbstverst\u00e4ndlich k\u00f6nnen\nsich auch andere Personen, die in diesen Gruppierungen nicht organisiert sind,\nmelden.<\/p>\n\n\n\n<p>Bei einer\nschriftlichen Bewerbung an die Stadtverwaltung Schifferstadt, Marktplatz 2,\n67105 Schifferstadt sollten Namen, Anschrift, Staatsangeh\u00f6rigkeit,\nGeburtsdatum, Telefonnummer und ggf. Erfahrungen in dem Aufgabenbereich\nmitgeteilt werden. <\/p>\n\n\n\n<p>Ansprechpartnerin ist Ute Frisch, Zimmer 5, erreichbar unter der Telefonnummer 06235 \/ 44305 oder per E-Mail an <a href=\"ute.frisch@schifferstadt.de\">ute.frisch@schifferstadt.de<\/a><\/p>\n\n\n\n<p><em>Stadtverwaltung Schifferstadt<br>16.10.2019<\/em><\/p>\n\n\n\n<h2 class=\"wp-block-heading\"><strong>Hand in Hand ins 25. Jahr<\/strong><\/h2>\n\n\n\n<h3 class=\"wp-block-heading\"><strong>Kita Kinderburg feiert Jubil\u00e4um<\/strong><\/h3>\n\n\n\n<div class=\"wp-block-image\"><figure class=\"aligncenter\"><img decoding=\"async\" loading=\"lazy\" width=\"500\" height=\"707\" src=\"https:\/\/speyer24news.com\/wp-content\/uploads\/2019\/10\/Kinderburg-Jubil\u00e4um.jpg\" alt=\"\" class=\"wp-image-20695\" srcset=\"https:\/\/speyer24news.com\/wp-content\/uploads\/2019\/10\/Kinderburg-Jubil\u00e4um.jpg 500w, https:\/\/speyer24news.com\/wp-content\/uploads\/2019\/10\/Kinderburg-Jubil\u00e4um-212x300.jpg 212w\" sizes=\"(max-width: 500px) 100vw, 500px\" \/><\/figure><\/div>\n\n\n\n<p>Unter dem Motto \u201eHand in Hand durchs Jahr\u201c feiert die Kinderburg am <strong>Samstag, 19. Oktober<\/strong> zwischen 14 und 18 Uhr ihr 25-j\u00e4hriges Bestehen in den R\u00e4umlichkeiten der Kita in der Gro\u00dfen Kapellenstra\u00dfe 26. <\/p>\n\n\n\n<p>Zu Livemusik, buntem\nB\u00fchnenprogramm, Verkaufsst\u00e4nden und leckerem Essen laden das Kita-Team und der\nElternausschuss Familien, Freunde, Ehemalige und alle, die der Kinderburg\nverbunden sind, herzlich ein. In Form von Workshops geben die Mitarbeiterinnen\nund Mitarbeiter au\u00dferdem Einblick in ihre p\u00e4dagogische Arbeit. &nbsp;<\/p>\n\n\n\n<p>Auch der Weltladen wird vertreten sein, denn: \u201eWir feiern fair\u201c, sagt Kita-Leiterin Sabine Lepschy. \u201eWir freuen uns auf alle, die uns besuchen und diesen erlebnisreichen Tag f\u00fcr Gro\u00df und Klein mit uns verbringen!\u201c<\/p>\n\n\n\n<p><em>Stadtverwaltung Schifferstadt<br>16.10.2019<\/em><\/p>\n","protected":false},"excerpt":{"rendered":"<div class=\"mh-excerpt\"><p>VHS &#8211; Kurse: Fit im B\u00fcroalltag dank POWER POINT Am Freitag, 18. Oktober 2019 beginnt um 14 Uhr der Kurs \u201eFit im B\u00fcroalltag \u2013 POWER POINT\u201c im Schifferstadter vhs-Bildungszentrum, Neust\u00fcckweg 2. Sie planen nach einer <a class=\"mh-excerpt-more\" href=\"https:\/\/speyer24news.com\/?p=20694\" title=\"Schifferstadt:\">[&#8230;]<\/a><\/p>\n<\/div>","protected":false},"author":3,"featured_media":0,"comment_status":"open","ping_status":"open","sticky":false,"template":"","format":"standard","meta":{"_monsterinsights_skip_tracking":false,"_monsterinsights_sitenote_active":false,"_monsterinsights_sitenote_note":"","_monsterinsights_sitenote_category":0,"footnotes":""},"categories":[126],"tags":[1853,2297,3933,3117,2189,1180,3692,3939,3932,1416,3937,3941,3393,3051,3945,3934,3575,2499,3942,3935,3422,1562,3940,3936,523,2582,3045,3944,3943],"aioseo_notices":[],"amp_enabled":true,"_links":{"self":[{"href":"https:\/\/speyer24news.com\/index.php?rest_route=\/wp\/v2\/posts\/20694"}],"collection":[{"href":"https:\/\/speyer24news.com\/index.php?rest_route=\/wp\/v2\/posts"}],"about":[{"href":"https:\/\/speyer24news.com\/index.php?rest_route=\/wp\/v2\/types\/post"}],"author":[{"embeddable":true,"href":"https:\/\/speyer24news.com\/index.php?rest_route=\/wp\/v2\/users\/3"}],"replies":[{"embeddable":true,"href":"https:\/\/speyer24news.com\/index.php?rest_route=%2Fwp%2Fv2%2Fcomments&post=20694"}],"version-history":[{"count":2,"href":"https:\/\/speyer24news.com\/index.php?rest_route=\/wp\/v2\/posts\/20694\/revisions"}],"predecessor-version":[{"id":20724,"href":"https:\/\/speyer24news.com\/index.php?rest_route=\/wp\/v2\/posts\/20694\/revisions\/20724"}],"wp:attachment":[{"href":"https:\/\/speyer24news.com\/index.php?rest_route=%2Fwp%2Fv2%2Fmedia&parent=20694"}],"wp:term":[{"taxonomy":"category","embeddable":true,"href":"https:\/\/speyer24news.com\/index.php?rest_route=%2Fwp%2Fv2%2Fcategories&post=20694"},{"taxonomy":"post_tag","embeddable":true,"href":"https:\/\/speyer24news.com\/index.php?rest_route=%2Fwp%2Fv2%2Ftags&post=20694"}],"curies":[{"name":"wp","href":"https:\/\/api.w.org\/{rel}","templated":true}]}}