{"id":20736,"date":"2019-10-16T15:13:06","date_gmt":"2019-10-16T14:13:06","guid":{"rendered":"https:\/\/speyer24news.com\/?p=20736"},"modified":"2019-10-16T15:13:07","modified_gmt":"2019-10-16T14:13:07","slug":"schwetzingen-29","status":"publish","type":"post","link":"https:\/\/speyer24news.com\/?p=20736","title":{"rendered":"Schwetzingen:"},"content":{"rendered":"<style type=\"text\/css\">\r\n\t.ads_top_disp{}\r\n\t.ads_top_corner_disp{ float:left; margin:0px 10px 10px 0px; }\r\n\t.ads_first_p_disp{}\r\n\t.ads_bottom_disp{}\r\n\t<\/style>\n<h2 class=\"wp-block-heading\"><strong>Sportlerehrung 2020 am 18. M\u00e4rz 2020<\/strong><\/h2>\n\n\n\n<h3 class=\"wp-block-heading\"><em>Stadt nimmt bis Ende Dezember 2019 Vorschl\u00e4ge der Vereine entgegen<\/em><\/h3>\n\n\n\n<p>Die Sportlerehrung 2020 der Stadt Schwetzingen findet am\n<strong>Mittwoch, den 18. M\u00e4rz 2020, um 19 Uhr&nbsp;im<\/strong> <strong>Palais Hirsch<\/strong> \nstatt.&nbsp;Die Stadt bittet die Vorst\u00e4nde der Sportvereine, Sportlerinnen \nund Sportler zu melden, die&nbsp;bedeutende Erfolge erzielt haben, um sie in \neiner Feierstunde zu ehren.\n<\/p>\n\n\n\n<p>Die Antr\u00e4ge&nbsp;m\u00fcssen\n<strong>bis Dienstag, den 31. Dezember 2019<\/strong> bei&nbsp;der Stadt eingegangen sein.&nbsp;Bitte verwenden Sie die vorbereiteten Meldeformulare.\nEinen Meldebogen f\u00fcr Einzelsportler und eine Excel-Meldeliste f\u00fcr eine gr\u00f6\u00dfere Anzahl von Sportlern\nist &nbsp;im Internet auf der\nHomepage <a href=\"https:\/\/deref-web-02.de\/mail\/client\/69usd-vhnf8\/dereferrer\/?redirectUrl=http%3A%2F%2Fwww.schwetzingen.de\" target=\"_blank\" rel=\"noreferrer noopener\">www.schwetzingen.de<\/a> unter: Stadt und B\u00fcrger\/Online-Dienste\/Formulare\/Kulturamt hinterlegt.&nbsp;<\/p>\n\n\n\n<p>Es gelten die Richtlinien f\u00fcr die Sportlerehrung, die\nunter: Stadt &amp; B\u00fcrger\/Rathaus\/Stadtrecht online\/<a href=\"https:\/\/deref-web-02.de\/mail\/client\/k7ZozyCjGH4\/dereferrer\/?redirectUrl=http%3A%2F%2Fwww.schwetzingen.de%2Fpb%2Fsite%2FSchwetzingen%2Fget%2Fdocuments%2Fschwetzingen%2FSatzungen%2FSatzungen%2F5.04%2520Richtlinien%2520%25C3%25BCber%2520die%2520Verleihung%2520von%2520Sportlerplaketten.pdf\" target=\"_blank\" rel=\"noreferrer noopener\">5.04\n \u201eRichtlinien \u00fcber die Verleihung von Sportlerplaketten.pdf<\/a>\u201c abgerufen werden k\u00f6nnen.\n<\/p>\n\n\n\n<p>R\u00fcckfragen beantwortet gern Herr Manfred Dams unter der Telefonnummer 87-134 oder unter\n<a href=\"mailto:manfred.dams@schwetzingen.de\" target=\"_blank\" rel=\"noreferrer noopener\">manfred.dams@schwetzingen.de<\/a> .<\/p>\n\n\n\n<p><em>Stadtverwaltung Schwetzingen<br>16.10.2019<\/em><\/p>\n\n\n\n<h2 class=\"wp-block-heading\"><strong>12. Schwetzinger Ausbildungsb\u00f6rse am 20. M\u00e4rz 2020: Vorbereitungen laufen<\/strong><\/h2>\n\n\n\n<h3 class=\"wp-block-heading\"><em>Interessierte Unternehmen und Firmen aus der Region haben die M\u00f6glichkeit, sich und ihr Ausbildungsangebot zu pr\u00e4sentieren<\/em><\/h3>\n\n\n\n<p>Am\n 20. M\u00e4rz 2020 findet die 12. Schwetzinger Ausbildungsb\u00f6rse statt. \nErstmals ist die Messe dann im Schwetzinger Lutherhaus auf den Kleinen \nPlanken mitten in der Stadt zu Gast. Dadurch\n soll einerseits das Thema berufliche Ausbildung noch st\u00e4rker in den \n\u00f6ffentlichen Fokus genommen werden, zum anderen haben die Aussteller \ndadurch wieder die Gelegenheit, Fahrzeuge, Ausbildungstrucks oder \nPr\u00e4sentationsst\u00e4nde im Au\u00dfenbereich auf den Kleinen Planken\n zu pr\u00e4sentieren. Alle Aussteller haben zudem die M\u00f6glichkeit, ihr \nUnternehmen oder Handwerk auch mit praktischen Vorf\u00fchrungen und vor \nallem mit attraktiven Mitmachangeboten vorzustellen. Hierbei ist \njegliche Form der Firmendarstellung willkommen, egal ob es\n um Kurzvortr\u00e4ge \u00fcber die eigenen Ausbildungsm\u00f6glichkeiten, \nBewerbertraining oder eine tolle berufsbezogene \u201eMitmach-Aktion\u201c \nhandelt.\n<\/p>\n\n\n\n<p>Interessierte\n Firmen und Betriebe sind herzlich eingeladen, an der Ausbildungsb\u00f6rse \nteilzunehmen. Alle Firmen, die sich bereits auf der Schwetzinger \nAusbildungsb\u00f6rse pr\u00e4sentiert haben,\n erhalten wieder automatisch ein Einladungsschreiben. Diejenigen Firmen,\n die erstmals an der Ausbildungsb\u00f6rse teilnehmen m\u00f6chten, sollten sich \nim Generationenb\u00fcro der Stadt melden. Dort erhalten sie weitere \nInformationen.\n<\/p>\n\n\n\n<p>In\n den vergangenen Jahren haben sich jeweils mehr als 1.000 Sch\u00fcler\/innen \nund Eltern aus Schwetzingen und den Nachbargemeinden auf der \nAusbildungsb\u00f6rse \u00fcber die verschiedenen Ausbildungsm\u00f6glichkeiten\n der beteiligten Firmen informiert. Es hat sich inzwischen \nherumgesprochen: Die Schwetzinger Ausbildungsb\u00f6rse bietet den \nteilnehmenden Firmen und Betrieben eine echte Chance sich zu \npr\u00e4sentieren, Kontakte zu kn\u00fcpfen und den Traum-Azubi zu finden.&nbsp;\n<\/p>\n\n\n\n<p><strong>Interessierte Ausbildungsbetriebe k\u00f6nnen sich im Generationenb\u00fcro unter: <a rel=\"noreferrer noopener\" href=\"mailto:Nicole.blem@schwetzingen.de\" target=\"_blank\">Nicole.blem@schwetzingen.de<\/a> oder telefonisch 06202\/87-493 melden.<\/strong><\/p>\n\n\n\n<p><em>Stadtverwaltung Schwetzingen<br>16.10.2019<\/em><\/p>\n","protected":false},"excerpt":{"rendered":"<div class=\"mh-excerpt\"><p>Sportlerehrung 2020 am 18. M\u00e4rz 2020 Stadt nimmt bis Ende Dezember 2019 Vorschl\u00e4ge der Vereine entgegen Die Sportlerehrung 2020 der Stadt Schwetzingen findet am Mittwoch, den 18. M\u00e4rz 2020, um 19 Uhr&nbsp;im Palais Hirsch statt.&nbsp;Die <a class=\"mh-excerpt-more\" href=\"https:\/\/speyer24news.com\/?p=20736\" title=\"Schwetzingen:\">[&#8230;]<\/a><\/p>\n<\/div>","protected":false},"author":3,"featured_media":0,"comment_status":"open","ping_status":"open","sticky":false,"template":"","format":"standard","meta":{"_monsterinsights_skip_tracking":false,"_monsterinsights_sitenote_active":false,"_monsterinsights_sitenote_note":"","_monsterinsights_sitenote_category":0,"footnotes":""},"categories":[477],"tags":[480,154,3963],"aioseo_notices":[],"amp_enabled":true,"_links":{"self":[{"href":"https:\/\/speyer24news.com\/index.php?rest_route=\/wp\/v2\/posts\/20736"}],"collection":[{"href":"https:\/\/speyer24news.com\/index.php?rest_route=\/wp\/v2\/posts"}],"about":[{"href":"https:\/\/speyer24news.com\/index.php?rest_route=\/wp\/v2\/types\/post"}],"author":[{"embeddable":true,"href":"https:\/\/speyer24news.com\/index.php?rest_route=\/wp\/v2\/users\/3"}],"replies":[{"embeddable":true,"href":"https:\/\/speyer24news.com\/index.php?rest_route=%2Fwp%2Fv2%2Fcomments&post=20736"}],"version-history":[{"count":1,"href":"https:\/\/speyer24news.com\/index.php?rest_route=\/wp\/v2\/posts\/20736\/revisions"}],"predecessor-version":[{"id":20738,"href":"https:\/\/speyer24news.com\/index.php?rest_route=\/wp\/v2\/posts\/20736\/revisions\/20738"}],"wp:attachment":[{"href":"https:\/\/speyer24news.com\/index.php?rest_route=%2Fwp%2Fv2%2Fmedia&parent=20736"}],"wp:term":[{"taxonomy":"category","embeddable":true,"href":"https:\/\/speyer24news.com\/index.php?rest_route=%2Fwp%2Fv2%2Fcategories&post=20736"},{"taxonomy":"post_tag","embeddable":true,"href":"https:\/\/speyer24news.com\/index.php?rest_route=%2Fwp%2Fv2%2Ftags&post=20736"}],"curies":[{"name":"wp","href":"https:\/\/api.w.org\/{rel}","templated":true}]}}