{"id":20747,"date":"2019-10-17T07:08:54","date_gmt":"2019-10-17T06:08:54","guid":{"rendered":"https:\/\/speyer24news.com\/?p=20747"},"modified":"2019-10-17T07:08:56","modified_gmt":"2019-10-17T06:08:56","slug":"polizei-98","status":"publish","type":"post","link":"https:\/\/speyer24news.com\/?p=20747","title":{"rendered":"Polizei:"},"content":{"rendered":"<style type=\"text\/css\">\r\n\t.ads_top_disp{}\r\n\t.ads_top_corner_disp{ float:left; margin:0px 10px 10px 0px; }\r\n\t.ads_first_p_disp{}\r\n\t.ads_bottom_disp{}\r\n\t<\/style>\n<h2 class=\"wp-block-heading\">Polizeimeldungen vom Mittwoch (16.10.2019)<\/h2>\n\n\n\n<div class=\"wp-block-image\"><figure class=\"aligncenter\"><img decoding=\"async\" src=\"https:\/\/speyer24news.com\/wp-content\/uploads\/2019\/10\/Aktuelles-Polizeilogo.jpg\" alt=\"\" class=\"wp-image-20680\"\/><\/figure><\/div>\n\n\n\n<h4 class=\"wp-block-heading\">(Speyer) &#8211; T\u00e4ter nach missgl\u00fccktem Parkscheinautomatenaufbruch von Polizei gestellt<\/h4>\n\n\n\n<p>In\n den fr\u00fchen Morgenstunden des Mittwoch erlangt die Polizei Speyer \nKenntnis \u00fcber einen m\u00f6glichen aktuellen Parkscheinautomatenaufbruch auf \ndem Parkplatz Unterer Dom. Durch eine dorthin entsandte Streife konnten \nan besagtem Parkscheinautomaten stehend zwei Jugendliche festgestellt \nwerden, welche bei Erblicken des Streifenwagens umgehend die Flucht in \nRichtung Domplatz ergriffen. Dort konnten der 16- und 18-J\u00e4hrige aus \nSpeyer dann von einer weiteren Streife gestellt und festgenommen werden.\n Beide Personen gaben an, nur zuf\u00e4llig auf dem Parkplatz gewesen sein. \nDies scheint jedoch wenig glaubw\u00fcrdig, zumal an dem Parkscheinautomaten,\n an welchem vergeblich versucht wurde eine Abdeckung herauszubrechen, \nfrische Blutanhaftungen festgestellt werden konnten. Ob es sich dabei um\n das Blut des 16J\u00e4hrigen handelt, welcher eine frische Wunde an der Hand\n aufwies, ist Gegenstand der weiteren Ermittlungen. Dieser wurde nach \nAbschluss der polizeilichen Ma\u00dfnahmen jedenfalls an seine wenig \nbegeisterte Mutter \u00fcberstellt. Die Sicherung des besch\u00e4digten \nParkscheinautomaten (Sachschaden ca. 200 Euro) erfolgte noch in der \nNacht \u00fcber den Bereitschaftsdienst der Stadtwerke Speyer. <\/p>\n\n\n\n<h4 class=\"wp-block-heading\">(Speyer) &#8211; Beim Sockenklau erwischt<\/h4>\n\n\n\n<p>Eine  17-J\u00e4hrige aus Speyer versuchte am Dienstagnachmittag Socken im Wert  von ca. 20 Euro aus einem Bekleidungsgesch\u00e4ft in der Maximilianstra\u00dfe zu  entwenden. Sie wurde dabei von einem Angestellten beobachte. Ihm  gegen\u00fcber r\u00e4umte sie die Tat ein und h\u00e4ndigte die Socken wieder aus.  Zudem gab sie an, bereits zuvor in einem nahegelegenen Drogeriemarkt  Waren entwendet zu haben und \u00fcbergab auch die dort gestohlenen Produkte  im Wert von ca. 50 Euro. Die Jugendliche wird sie deshalb nun wegen zwei  Ladendiebst\u00e4hlen verantworten m\u00fcssen. <\/p>\n\n\n\n<h4 class=\"wp-block-heading\">(Hanhofen) &#8211; Diebstahl eines Mercedes GLC<\/h4>\n\n\n\n<p>In  der Nacht von Montag auf Dienstag entwendeten unbekannte T\u00e4ter in  Hanhofen einen mit einem Keyless-Go-System ausgestatteten, schwarzen  Mercedes GLC mit RP-Kennung im Wert von ca. 50.000 Euro. Das Fahrzeug  stand zur Tatzeit verschlossen vor einer Garage in der Stra\u00dfe Im  Rosengarten. Hinweise auf den\/die T\u00e4ter bestehen derzeit nicht.  Zeugenhinweise zu verd\u00e4chtigen Personen im Bereich der Tat\u00f6rtlichkeit  bzw. zu dem entwendeten Fahrzeug nimmt die Polizei unter der Tel.-Nr.  06232-1370 oder per Mail an <a href=\"mailto:pispeyer@polizei.rlp.de\">pispeyer@polizei.rlp.de<\/a> entgegen. <\/p>\n\n\n\n<h4 class=\"wp-block-heading\">(Landau) &#8211; Verkehrsunfall<\/h4>\n\n\n\n<div class=\"wp-block-image\"><figure class=\"aligncenter\"><img decoding=\"async\" loading=\"lazy\" width=\"500\" height=\"667\" src=\"https:\/\/speyer24news.com\/wp-content\/uploads\/2019\/10\/15.10.19-LD-VU.jpg\" alt=\"\" class=\"wp-image-20749\" srcset=\"https:\/\/speyer24news.com\/wp-content\/uploads\/2019\/10\/15.10.19-LD-VU.jpg 500w, https:\/\/speyer24news.com\/wp-content\/uploads\/2019\/10\/15.10.19-LD-VU-225x300.jpg 225w\" sizes=\"(max-width: 500px) 100vw, 500px\" \/><\/figure><\/div>\n\n\n\n<p>Eine 17-J\u00e4hrige startete nach eigenen Angaben am 15.10.2019, gegen  13.15 Uhr, in Landau in der Thomas-Nast-Stra\u00dfe den Motor eines Pkw. Der  Pkw war ordnungsgem\u00e4\u00df in einer quer zum Gehweg angeordneten Parkbucht  abgestellt. Aus ungekl\u00e4rten Gr\u00fcnden kam die 17-j\u00e4hrige auf das Gaspedal.  Der Pkw fuhr vorw\u00e4rts \u00fcber den Gehweg in eine ca. 5 Meter breite und  absch\u00fcssige B\u00f6schung in Richtung Schulgeb\u00e4ude der Berufsbildenden  Schulen in Landau. Dort stie\u00df der Pkw gegen ein im Untergescho\u00df  befindlichen Fenster des Schulgeb\u00e4udes. Ihre 18-j\u00e4hrige Freundin,  berechtigte Nutzerin des Pkw, stand derweil auf dem Gehweg. Sie wurde   leicht verletzt, als der Pkw \u00fcber ihren Fu\u00df rollte. Der Pkw musste  mittels eines Abschleppdienstes geborgen werden. Der Sachschaden betr\u00e4gt  ca. 5000.&#8211;EUR. Die 17-j\u00e4hrige Pkw-Fahrerin wurde ebenfalls leicht  verletzt. Sie wird sich wegen fahrl\u00e4ssiger K\u00f6rperverletzung und Fahrens  ohne Fahrerlaubnis verantworten m\u00fcssen. Als Grund f\u00fcr die Inbetriebnahme  des Motors gab die 17-j\u00e4hrige an, dass sie das Autoradio bedienen  wollte. <\/p>\n\n\n\n<h4 class=\"wp-block-heading\">(Offenbach \/ L 542) &#8211; Verkehrsunfall mit schwer verletztem Rollerfahrer<\/h4>\n\n\n\n<p>Ein ungew\u00f6hnlicher Verkehrsunfall ereignete sich am 15.10.2019, gegen  9.45 Uhr, auf dem Radweg der L542 am n\u00f6rdlichen Ortsausgang in  Offenbach\/Queich. Nachdem der 77-j\u00e4hrige Fahrer eines Kleinkraftrollers  wegen eines platten Reifens seinen Roller auf den Radweg geschoben  hatte, st\u00fcrzte er ohne fremde Einwirkung beim Schieben seines Rollers  auf dem Radweg. Hierdurch erlitt er eine Fraktur am rechten Arm. Nach  Erstversorgung durch den Rettungsdienst wurde er in ein Krankenhaus  verbracht. Am Roller entstand nur geringer Sachschaden. <\/p>\n\n\n\n<h4 class=\"wp-block-heading\">(Freimersheim) &#8211; Verletzter Autofahrer<\/h4>\n\n\n\n<p>Leichte Verletzungen erlitt am Dienstagabend (15.110.2019) gegen 16.50  Uhr ein 21-j\u00e4hriger Skodafahrer in Freimersheim. Er war Richtung  Freisbach unterwegs und missachtete dabei die Vorfahrt eines 59-j\u00e4hrigen  Ford-Fahrers, der aus Hochstadt in Richtung Altdorf unterwegs war. Im  Kreuzungsbereich kam es zum Zusammensto\u00df der beiden Fahrzeuge, wobei der  21-J\u00e4hrige sich verletzte und in ein Krankenhaus kam. An seinem  Fahrzeug entstand ein Sachschaden von \u00fcber 5000 Euro. Der Sachschaden am  Ford wird auf 4000 Euro beziffert. <\/p>\n\n\n\n<h4 class=\"wp-block-heading\">(Edenkoben) &#8211; Vermisster tot aufgefunden<\/h4>\n\n\n\n<p>Am 16.10.2019 gegen 20:00 Uhr wurde der seit dem 15.10.2019 als  vermisst gemeldete 79-J\u00e4hrige aus Edenkoben im Waldgebiet n\u00f6rdlich des  Friedensdenkmals tot aufgefunden. <\/p>\n\n\n\n<p>An den umfangreichen Suchma\u00dfnahmen waren rund 90 Einsatzkr\u00e4fte von Polizei, Feuerwehr und THW beteiligt. <\/p>\n\n\n\n<p>Die Ermittlungen der Kriminalinspektion Landau zur Feststellung der Todesursache dauern an. <\/p>\n\n\n\n<h4 class=\"wp-block-heading\">(Edenkoben) &#8211; PKW in Brand gesetzt<\/h4>\n\n\n\n<div class=\"wp-block-image\"><figure class=\"aligncenter\"><img decoding=\"async\" loading=\"lazy\" width=\"800\" height=\"538\" src=\"https:\/\/speyer24news.com\/wp-content\/uploads\/2019\/10\/15.10.19-Edenkoben-verbranntes-KFZ.jpg\" alt=\"\" class=\"wp-image-20750\" srcset=\"https:\/\/speyer24news.com\/wp-content\/uploads\/2019\/10\/15.10.19-Edenkoben-verbranntes-KFZ.jpg 800w, https:\/\/speyer24news.com\/wp-content\/uploads\/2019\/10\/15.10.19-Edenkoben-verbranntes-KFZ-300x202.jpg 300w, https:\/\/speyer24news.com\/wp-content\/uploads\/2019\/10\/15.10.19-Edenkoben-verbranntes-KFZ-768x516.jpg 768w\" sizes=\"(max-width: 800px) 100vw, 800px\" \/><\/figure><\/div>\n\n\n\n<p>Die Polizei ermittelt wegen vors\u00e4tzlicher Brandstiftung gegen einen  unbekannten T\u00e4ter, der Dienstagmittag (15.10.2019, 14.50 Uhr) in der  Bismarckstra\u00dfe einen KIA Ceed angez\u00fcndet haben soll. Der Innenraum des  Fahrzeugs brannte komplett aus. In dem Zusammenhang sucht die Polizei  einen ca. 30-j\u00e4hrigen, jungen Mann mit kurzen dunklen Haaren, der sich  zuvor am Brandort aufgehalten hat. Die Kriminalpolizei Landau hat ein  Strafverfahren wegen vors\u00e4tzlicher Brandstiftung eingeleitet.   Tatrelevante Hinweise werden unter der Telefonnummer 06341 2870 erbeten.  Zudem nimmt die Polizei Edenkoben unter 06323 9550 Zeugenhinweise  entgegen. <\/p>\n\n\n\n<h4 class=\"wp-block-heading\">(Edenkoben) &#8211; Verkehrskontrollen<\/h4>\n\n\n\n<div class=\"wp-block-image\"><figure class=\"aligncenter\"><img decoding=\"async\" loading=\"lazy\" width=\"800\" height=\"506\" src=\"https:\/\/speyer24news.com\/wp-content\/uploads\/2019\/10\/15.10.19-Edenkoben-Ladungssicherung.jpg\" alt=\"\" class=\"wp-image-20751\" srcset=\"https:\/\/speyer24news.com\/wp-content\/uploads\/2019\/10\/15.10.19-Edenkoben-Ladungssicherung.jpg 800w, https:\/\/speyer24news.com\/wp-content\/uploads\/2019\/10\/15.10.19-Edenkoben-Ladungssicherung-300x190.jpg 300w, https:\/\/speyer24news.com\/wp-content\/uploads\/2019\/10\/15.10.19-Edenkoben-Ladungssicherung-768x486.jpg 768w\" sizes=\"(max-width: 800px) 100vw, 800px\" \/><\/figure><\/div>\n\n\n\n<p>14 Autofahrer missachteten Dienstagmorgen (15.10.2019) in der Zeit  zwischen 08.15 Uhr und 9 Uhr an der Kreuzung L507\/L540 bei  Gro\u00dffischlingen das STOP-Schild, weshalb sie geb\u00fchrenpflichtig verwarnt  wurden. Bereits in der Vergangenheit kam es an dieser \u00d6rtlichkeit immer  wieder zu schweren Verkehrsunf\u00e4llen, da die Verkehrsteilnehmer  ungebremst \u00fcber den Kreuzungsbereich fuhren. Stoppschilder sollen  Unf\u00e4lle an vielbefahrenen oder schlecht einsehbaren Kreuzungen  verhindern. 35 Autofahrer waren in der Weinstra\u00dfe zwischen 10 Uhr und 12  Uhr zu schnell. W\u00e4hrend 33 Fahrzeuglenker verwarnt wurden, erhalten  zwei jeweils einen Bu\u00dfgeldbescheid, weil deren Geschwindigkeit 54 km\/h  in der 30er Zone betrug. In Edesheim wurden am Nachmittag zwei  Autofahrer sanktioniert, die w\u00e4hrend der Fahrt telefonierten. F\u00fcnf  Gurtmuffel wurden mit 30 Euro verwarnt. Gestaunt hatten die Beamten, als  sie einen 42-j\u00e4hrigen, &#8222;geb\u00fcckten&#8220; Autofahrer anhielten. Er  transportierte vier Biertischgarnituren in Richtung Roschbach.  Allerdings war in Edesheim die Fahrt f\u00fcr ihn beendet.  Er musste die  Tische und B\u00e4nke auf einen Anh\u00e4nger umladen. Zudem kassierte er eine  geb\u00fchrenpflichtige Verwarnung. <\/p>\n\n\n\n<h4 class=\"wp-block-heading\">(Maikammer) &#8211; Verletzter Motorradfahrer<\/h4>\n\n\n\n<p>Weil ein Fahrradfahrer am &#8222;Wasgaukreisel&#8220; ohne auf den Verkehr zu  achten, die Fahrbahn querte, musste ein Autofahrer stark abbremsen. Ein  folgender Kradfahrer aus Neustadt erkannte diese Situation zu sp\u00e4t und  krachte auf das anhaltende Fahrzeug. Hierbei wurde die Heckscheibe  zertr\u00fcmmert. Der Zweiradfahrer kam mit leichten Verletzungen in ein  Krankenhaus. Wegen ausgelaufenen Betriebsstoffen musste die Fahrbahn  gereinigt werden, weshalb es kurzfristig zu Verkehrsst\u00f6rungen kam. Der  Gesamtschaden liegt bei 5000 Euro. <\/p>\n\n\n\n<h4 class=\"wp-block-heading\">(Neustadt) &#8211; Autoreifen zerstochen<\/h4>\n\n\n\n<p>In der Nacht von 14.10. auf 15.10.2019 wurde in der  Martin-Luther-Stra\u00dfe an einem VW-Caddy ein Reifen von einer bislang  unbekannten Person zerstochen. Die Fahrzeugeigent\u00fcmerin bemerkte am  Morgen den defekten Reifen und erst in der Werkstatt wurde der Einstich  von ca. 2cm bemerkt. Die Schadensh\u00f6he wird mit ca. 100 Euro angegeben. <\/p>\n\n\n\n<h4 class=\"wp-block-heading\">(Bad D\u00fcrkheim) &#8211; Versto\u00df gegen das Bet\u00e4ubungsmittelgesetz<\/h4>\n\n\n\n<p>Am 16.10.19, gegen 00:30 Uhr, wurde von einer Funkstreifenbesatzung in  der Kanalstra\u00dfe ein Radfahrer bemerkt, der seine Geschwindigkeit  erh\u00f6hte, nachdem er die Polizei gesehen hatte. Er konnte jedoch  eingeholt und angehalten werden. Bei der \u00dcberpr\u00fcfung des 48-j\u00e4hrigen  Mannes, der schon wegen Verst\u00f6\u00dfen gegen das Bet\u00e4ubungsmittelgesetztes in  Erscheinung getreten war, wurden in seinem Rucksack zwei  Glasbeh\u00e4ltnisse mit einer geringen Menge Marihuana und mehrere kleine  Plastikt\u00fctchen mit jeweils einer wei\u00dfen Substanz aufgefunden. Nach  Angaben des Mannes soll es sich bei der wei\u00dfen Substanz um Amphetamin  handeln. Ihn erwartet nun eine Anzeige wegen Versto\u00df gegen das  Bet\u00e4ubungsmittelgesetz. <\/p>\n\n\n\n<h4 class=\"wp-block-heading\">(Bad D\u00fcrkheim) &#8211; Trickdiebstahl<\/h4>\n\n\n\n<p>Am 15.10.19, gegen 13:30 Uhr, wurde ein \u00e4lterer Mann, der gerade bei  einer Bank einen geringen dreistellen Bargeldbetrag abgehoben hatte,   von einem unbekannten Mann am Schlossplatz angesprochen und gebeten ihm  Geld zu wechseln. Der \u00e4ltere Mann schaute daraufhin in seinem Geldbeutel  und wollte das Geld wechseln. Der Unbekannte lehnte dies dann ab und  entfernte sich. Wenig sp\u00e4ter stellte der \u00e4ltere Mann beim Bezahlen in  einem Gesch\u00e4ft fest, dass ihm das abgehobene Geld und ca. 30,- Euro in  Scheinen entwendet worden waren. <\/p>\n\n\n\n<p>Der unbekannte T\u00e4ter wird wie folgt beschrieben. <\/p>\n\n\n\n<ul><li>ca.  45- 50 Jahre<\/li><li>etwas gr\u00f6\u00dfer<\/li><li>korpulent<\/li><li>trug blau-wei\u00dfes kurzes Hemd<\/li><li>kurze nach hinten gek\u00e4mmte schwarze Haare<\/li><li>s\u00fcdl\u00e4ndisches Aussehen<\/li><\/ul>\n\n\n\n<p>Hinweise bitte an die Polizeiinspektion Bad D\u00fcrkheim, Tel. 06322\/963-0, oder <a href=\"mailto:pibadduerkheim@polizei.rlp.de\">pibadduerkheim@polizei.rlp.de<\/a> <\/p>\n\n\n\n<h4 class=\"wp-block-heading\">(Bad D\u00fcrkheim) &#8211; Randaliererin in Arztpraxis \/ Widerstand gegen Vollstreckungsbeamte u.a.<\/h4>\n\n\n\n<p>Durch eine Mitarbeiterin einer Arztpraxis in der Philipp-Fauth-Stra\u00dfe  wurde die Polizei am 15.10.19, gegen 09:50 Uhr, dar\u00fcber informiert, dass  eine ehemalige 54-j\u00e4hrige Patientin in den Praxisr\u00e4umen randalieren  w\u00fcrde. Vor Ort wurde festgestellt, dass die Frau sich in den  Praxisr\u00e4umen aggressiv verhalten und versucht hatte einen Arzt zu  schlagen. Der Arzt konnte dies verhindern. Es wurde jedoch hierbei seine  Brille besch\u00e4digt. Als die 54-J\u00e4hrige mitbekam, dass die Polizei  verst\u00e4ndigt wurde, entfernte sie sich aus der Praxis. Durch die  Funkstreifenbesatzung konnte die Frau aber zusammen mit ihrem Mann in  unmittelbarer N\u00e4he zur Praxis auf einer Bank sitzend angetroffen werden.  W\u00e4hrend der \u00dcberpr\u00fcfung der Frau, versuchte diese sich zu entfernen,  weshalb sie festgehalten wurde. Hierbei versuchte die 54-J\u00e4hrige an die  Dienstwaffe der Polizeibeamtin zu greifen, was verhindert werden konnte.  Die Frau wurde \u00fcberw\u00e4ltigt und gefesselt. Da sie im weiteren Verlauf  der polizeilichen Ma\u00dfnahmen psychische Auff\u00e4lligkeiten zeigte wurde sie  in eine Fachklinik in Bad D\u00fcrkheim verbracht. Die Polizeibeamtin und ihr  Kollege wurden leicht verletzt. <\/p>\n\n\n\n<h4 class=\"wp-block-heading\">(Bad D\u00fcrkheim) &#8211; Ermittlungserfolg nach Raub in Bad D\u00fcrkheim<\/h4>\n\n\n\n<h4 class=\"wp-block-heading\">Gemeinsame Pressemitteilung von Staatsanwaltschaft Frankenthal\/Pfalz und Polizeipr\u00e4sidium Rheinpfalz <\/h4>\n\n\n\n<h4 class=\"wp-block-heading\" style=\"text-align:center\">Nachtrag<\/h4>\n\n\n\n<div class=\"wp-block-image\"><figure class=\"aligncenter\"><img decoding=\"async\" src=\"https:\/\/speyer24news.com\/wp-content\/uploads\/2019\/10\/Zelle.jpg\" alt=\"\" class=\"wp-image-20683\"\/><\/figure><\/div>\n\n\n\n<p>Am  14.09.2019 kam es gegen 00.40 Uhr im Kurpark von Bad D\u00fcrkheim zu einem  Raubdelikt durch drei zun\u00e4chst unbekannte T\u00e4ter zum Nachteil von f\u00fcnf  Jugendlichen im Alter von 17 und 18 Jahren, wobei die T\u00e4ter auf die  gesch\u00e4digten Jugendlichen mit zum Teil erheblicher Gewaltanwendung  einwirkten. Die T\u00e4ter entwendeten bei der Tatausf\u00fchrung eine Musikbox  und eine Jacke im Gesamtwert von etwa 500 Euro und entfernten sich  sodann fluchtartig. Durch die Schl\u00e4ge wurden drei der Jugendlichen  verletzt, einer so schwer, dass er im Krankenhaus behandelt werden  musste. Nach umfangreichen Ermittlungen der Staatsanwaltschaft  Frankenthal und des Gemeinsamen Sachgebiets Jugendkriminalit\u00e4t der  Polizeidirektion Ludwigshafen ist es nun gelungen, den 17-j\u00e4hrigen  Hauptverd\u00e4chtigen sowie zwei weitere Tatverd\u00e4chtige im Alter von 17 und  19 Jahren zu identifizieren. Auf Antrag der Staatsanwaltschaft  Frankenthal erging Haftbefehl gegen den Hauptverd\u00e4chtigen. Der  17-J\u00e4hrige kam in eine Jugendstrafanstalt. <\/p>\n\n\n\n<h4 class=\"wp-block-heading\">(Frankenthal) &#8211; Verkehrsunfallflucht<\/h4>\n\n\n\n<p>Die Gesch\u00e4digte stellt ihren Pkw Seat Leon am 15.10.2019, in der Zeit  von 08.00 Uhr bis 18.50 Uhr, im Meergartenweg ab. Als sie wieder zu  ihrem Fahrzeug kommt, muss sie feststellen, dass dieses durch einen  bislang unbekannten Fahrzeugf\u00fchrer vorne links besch\u00e4digt wurde. Der  Schaden wird auf etwa 800 Euro gesch\u00e4tzt. <\/p>\n\n\n\n<p>Wer sachdienliche  Hinweise zu dem genannten Fall geben kann, wird gebeten sich mit der  Polizeiinspektion Frankenthal unter der Rufnummer 06233\/313-0 oder der  Polizeiwache Maxdorf unter der Rufnummer 06237\/934-1100 in Verbindung zu  setzen. Hinweise k\u00f6nnen auch per E-Mail unter <a href=\"mailto:pifrankenthal@polizei.rlp.de\">pifrankenthal@polizei.rlp.de<\/a> an die Polizei \u00fcbermittelt werden. <\/p>\n\n\n\n<h4 class=\"wp-block-heading\">(Ludwigshafen \/ Mannheim) &#8211; Nach Verfolgungsfahrt durch Mannheim und Ludwigshafen Widerstand geleistet<\/h4>\n\n\n\n<p>Ein 35-J\u00e4hriger leistete, am fr\u00fchen Mittwochmorgen (16.10.2019), nach  einer Verfolgungsfahrt mit der Polizei, Widerstand. Um 3.30 Uhr wollte  eine Streife der Polizei Mannheim einen 35-J\u00e4hrigen in seinem Auto im  Stadtgebiet Mannheim kontrollieren. Als der Mann die Polizei bemerkte,  versuchte er mit seinem Fahrzeug zu fl\u00fcchten. Die Mannheimer Polizei  nahm die Verfolgung mit zwei Streifewagen auf, die sich \u00fcber die  Konrad-Adenauer-Br\u00fccke bis in das Stadtgebiet Ludwigshafen erstreckte.  Zwischenzeitlich fuhr der Fl\u00fcchtige bis zu 150 km\/h und l\u00f6ste mehrere  Blitzer aus. Im Bereich der Damaschkestra\u00dfe und Kallstadter Stra\u00dfe  geriet der 35-J\u00e4hrige letztendlich mit seinem Auto ins Schleudern und  kam von der Stra\u00dfe ab. Bei der Festnahme des Fl\u00fcchtigen leistete dieser  Widerstand. Dem 35-J\u00e4hrigen wurde anschlie\u00dfend eine Blutprobe entnommen.  Die Polizei pr\u00fcft nun, ob der Mann unter dem Einfluss von  Bet\u00e4ubungsmittel stand. Bei der Festnahme wurden keine Personen  verletzt. <\/p>\n\n\n\n<h4 class=\"wp-block-heading\">(Ludwigshafen) &#8211; 28-J\u00e4hriger f\u00e4hrt betrunken und unter Einfluss von Bet\u00e4ubungsmitteln<\/h4>\n\n\n\n<p>Am 15.10.2019, gegen 23.00 Uhr, fiel der Betreiberin einer Tankstelle  in Neckargem\u00fcnd auf, dass der Fahrer eines Autos mit Ludwigshafener  Kennzeichen, der bei ihr getankt hatte, offensichtlich betrunken war.  Dies meldete sie der Polizei. Nachdem sich der Autofahrer einer  Kontrolle durch die Baden W\u00fcrttembergische Polizei entziehen konnte und  nun bereits die Grenze zwischen Baden W\u00fcrttemberger und Rheinland Pfalz  \u00fcberquert hatte, wurden die Kollegen der Polizeiinspektion Ludwigshafen  benachrichtigt. Als die Polizeibeamten das Auto kurz vor der  Halteranschrift feststellten und den Fahrer kontrollieren wollten,  \u00f6ffnete dieser die Fahrert\u00fcr, warf den Fahrzeugschl\u00fcssel unter ein  geparktes Fahrzeug und rannte weg, um sich der Kontrolle zu entziehen.  Als die Polizeibeamten ihn eingeholt hatten, war er sehr feindselig  ihnen gegen\u00fcber. Nachdem er sich aggressiv und drohend vor den Beamten  aufbaute, versuchten sie, ihn mit Handfesseln zu fixieren. Dagegen  wehrte sich der 28-J\u00e4hrige mit aller Gewalt. Nur mit erheblicher  Kraftanwendung gelang es den Beamten, ihm die Handschellen anzulegen. Da  er offensichtlich alkoholisiert war und unter Einfluss von  Bet\u00e4ubungsmittel stand, wurde er mit auf die Dienststelle genommen. Auch  dort verhielt er sich aggressiv und streitlustig. Nach Abschluss der  polizeilichen Ma\u00dfnahmen wurde er \u00fcber Nacht in Gewahrsam genommen. <\/p>\n\n\n\n<h4 class=\"wp-block-heading\">(Ludwigshafen) &#8211; Schmuck und Uhr gestohlen<\/h4>\n\n\n\n<p>Am 15.10.2019, gegen 17.10 Uhr, stahl eine unbekannte T\u00e4terin in einem  Uhren- und Schmuckgesch\u00e4ft in der Oppauer Stra\u00dfe Schmuck und eine Uhr im  Gesamtwert von \u00fcber 400 Euro. Die unbekannte Frau sowie ihr unbekannter  Begleiter gaben zuvor an, etwas kaufen zu wollen. W\u00e4hrend sich der  Begleiter an einen Tisch setzte, lief die Frau durch das Gesch\u00e4ft und  sah sich um. Nachdem die beiden den Laden verlassen hatten, wurde  festgestellt, dass Schmuck und eine Uhr fehlten. <\/p>\n\n\n\n<ul><li>Die Frau war etwa 40-45  Jahre alt, circa 1,65 &#8211; 1,70 m gro\u00df und schlank. Sie hatte schwarze lange Haare und stark gebr\u00e4unte Haut.<\/li><li>Der Begleiter war etwa 40-45 Jahre alt und circa 1,80 &#8211; 1,85 m gro\u00df. Er hatte eine schmale Statur und dunkle lockige Haare. <\/li><\/ul>\n\n\n\n<p>Sachdienliche Hinweise bitte an die  Polizeiinspektion Ludwigshafen 2  unter der Telefonnummer 0621 963-2222  oder per E-Mail <a href=\"mailto:piludwigshafen2@polizei.rlp.de\">piludwigshafen2@polizei.rlp.de<\/a>. <\/p>\n\n\n\n<h4 class=\"wp-block-heading\">(Ludwigshafen) &#8211; Unfall in der Heinigstra\u00dfe<\/h4>\n\n\n\n<p>Am 15.10.2019, gegen 13.20 Uhr, fuhr ein 23-J\u00e4hriger mit seinem Auto  auf der Heinigstra\u00dfe in Richtung Ludwigshafen Mitte. Zur gleichen Zeit  fuhr ein 44-J\u00e4hriger und seine 42-j\u00e4hrige Mitfahrerin mit einem  Kleinkraftrad auf der Fahrradspur der Heinigstra\u00dfe in die gleiche  Richtung. Als der 23-J\u00e4hrige nach rechts in die Benckiserstra\u00dfe einbog,  stie\u00df er mit dem Kleinkraftradfahrer zusammen. Die 42-j\u00e4hrige  Mitfahrerin fiel auf die Stra\u00dfe und verletzte sich. Sie wurde ins  Krankenhaus gebracht. <\/p>\n\n\n\n<h4 class=\"wp-block-heading\">(Ludwigshafen) &#8211; Versuchter Einbruch in Turnhalle<\/h4>\n\n\n\n<p>In der Zeit zwischen dem 14.10.2019, gegen 16:00 Uhr und dem  15.10.2019, gegen 08:00 Uhr, versuchten unbekannte T\u00e4ter die Eingangst\u00fcr  zur Turnhalle der Ernst-Reuter-Realschule plus in der Schlesier Stra\u00dfe  aufzubrechen. Es gelang ihnen jedoch nicht. Es entstand ein Sachschaden  von etwa 1.000 Euro. Sachdienliche Hinweise nimmt die Kriminalpolizei  Ludwigshafen unter der Telefonnummer 0621\/963-2773 oder per E-Mail <a href=\"mailto:kiludwigshafen@polizei.rlp.de\">kiludwigshafen@polizei.rlp.de<\/a> entgegen. <\/p>\n\n\n\n<h4 class=\"wp-block-heading\">(Mannheim-Innenstadt) &#8211; Streit in Stra\u00dfenbahn eskaliert, mehrere  Unbekannte schlagen an der Haltestelle auf Ehepaar ein! Zeugen gesucht!<\/h4>\n\n\n\n<p>Am Dienstag kurz nach 16.30 Uhr kam es an der Stra\u00dfenbahnhaltestelle  Marktplatz zu einer k\u00f6rperlichen Auseinandersetzung zwischen einem  Ehepaar und mindestens drei bislang unbekannten T\u00e4tern. <\/p>\n\n\n\n<p>Nach \nderzeitigem Ermittlungsstand stieg das Ehepaar an der Haltestelle Alter \nMessplatz in die Stra\u00dfenbahnlinie 1 ein. W\u00e4hrend der Fahrt geriet der \n35-j\u00e4hrige Ehemann mit einem Unbekannten in verbalen Streit. Am \nMarktplatz angekommen eskalierte die Situation an der Haltestelle in \neine handfeste  Auseinandersetzung. Dem Unbekannten eilten mindestens \nzwei weitere M\u00e4nner zu Hilfe und traktierten den 35-J\u00e4hrigen mit \nSchl\u00e4gen und Tritten. Anschlie\u00dfend sollen zwei T\u00e4ter zur \ngegen\u00fcberliegenden Stra\u00dfenbahnhaltestelle gerannt und mit der Linie 1 \nzur\u00fcck in Richtung alter Messplatz gefl\u00fcchtet sein. Ein oder mehrere \nUnbekannte fl\u00fcchteten in Richtung der Quadrate G2\/ H2. <\/p>\n\n\n\n<p>Der \n35-J\u00e4hrige erlitt Prellungen im Gesicht und klagte \u00fcber Schmerzen am \nR\u00fccken. Auch seine 25-j\u00e4hrige Frau, die ihrem Mann beistehen wollte, \nwurde angegriffen und erlitt Prellungen an Hand und Brustkorb. Beide \nwollten selbst\u00e4ndig einen Arzt aufsuchen. <\/p>\n\n\n\n<p>Bei einer sofort eingeleiteten Fahndung wurde kein Tatverd\u00e4chtiger ermittelt. <\/p>\n\n\n\n<p>Videos der Video\u00fcberwachung am Marktplatz und in den Stra\u00dfenbahnen wurden gesichert und werden ausgewertet. <\/p>\n\n\n\n<p>Die T\u00e4ter wurden wie folgt beschrieben: <\/p>\n\n\n\n<ul><li>lange Haare<\/li><li>teilweise zum Zopf zusammengebunden<\/li><li>schlanke Statur<\/li><li>leicht gebr\u00e4unte Hautfarbe<\/li><li>dunkle Kleidung <\/li><\/ul>\n\n\n\n<p>Die\n Ermittlungen des Polizeireviers Mannheim-Innenstadt wegen gef\u00e4hrlicher \nK\u00f6rperverletzung dauern an. Zeugen des Vorfalls werden gebeten, sich \nunter 0621 12580 zu melden. <\/p>\n\n\n\n<h4 class=\"wp-block-heading\">(Mannheim-Innenstadt) &#8211; Zusammensto\u00df mit wendendem Fahrzeug \/ Zwei Leichtverletzte<\/h4>\n\n\n\n<p>Beim Zusammensto\u00df mit einem wendenden Fahrzeug in den  Innenstadt-Quadraten am Dienstagmittag wurden zwei Personen leicht  verletzt. Ein 30-j\u00e4hriger Mann war kurz nach 12 Uhr mit seinem Skoda in  der Stra\u00dfe zwischen den Quadraten D 3 und E 3 in Richtung Paradeplatz  unterwegs. Beim Wenden stie\u00df er mit dem Audi einer entgegenkommenden  78-J\u00e4hrigen zusammen. Die Fahrerin des Audi und deren Mitfahrerin  erlitten leichte Verletzungen und begaben sich selbst\u00e4ndig in \u00e4rztliche  Behandlung. Beide Fahrzeuge wurden so stark besch\u00e4digt, die sie  abgeschleppt werden mussten. Der Sachschaden l\u00e4sst sich derzeit noch  nicht beziffern. <\/p>\n\n\n\n<h4 class=\"wp-block-heading\">(Mannheim-Neckarau) &#8211; Zusammensto\u00df an Engstelle<\/h4>\n\n\n\n<p>Sachschaden von \u00fcber 12.000 Euro entstand bei einem Verkehrsunfall, der  sich am Dienstagnachmittag im Stadtteil Neckarau ereignete. Ein  57-j\u00e4hriger Sattelzugfahrer stie\u00df in der Neckarauer Stra\u00dfe an einer  Fahrbahnverengung mit einem 78-j\u00e4hrigen VW-Fahrer zusammen, der vor ihm  einscherte. Dabei drehte sich das Fahrzeug und stand schlie\u00dflich quer  vor dem Sattelzug, wodurch es zu einem erneuten Aufprall kam. Die beiden  Beteiligten kamen mit dem Schrecken davon und blieben unverletzt. <\/p>\n\n\n\n<h4 class=\"wp-block-heading\">(Mannheim-Seckenheim) &#8211; Verkehrsunfall im Einm\u00fcndungsbereich, zwei Autos Totalschaden<\/h4>\n\n\n\n<p>Am Dienstag gegen 21.10 Uhr befuhr ein 47-j\u00e4hriger Mann mit seinem BMW  die Schwabenstra\u00dfe. An der Einm\u00fcndung zum Saarburger Ring bog er links  in Richtung Neu-Edingen ab und \u00fcbersah nach derzeitigem Kenntnisstand  einen auf dem Saarburger Ring ihm entgegenkommenden VW eines  50-J\u00e4hrigen. <\/p>\n\n\n\n<p>Die Fahrzeuge stie\u00dfen im Einm\u00fcndungsbereich  zusammen. An beiden Fahrzeugen entstand Totalschaden. Der Schaden wird  auf 15.000 Euro beziffert. <\/p>\n\n\n\n<h4 class=\"wp-block-heading\">(Mannheim-K\u00e4fertal) &#8211; Warnung vor falschen Polizeibeamten<\/h4>\n\n\n\n<p>Am Dienstagvormittag kam es im Stadtteil K\u00e4fertal wiederholt zu Anrufen durch falsche Polizeibeamte. <\/p>\n\n\n\n<p>Die\n Anrufer gaben sich als angebliche Polizeibeamte aus. Sie wollten eine \nbekannte Betrugsmasche anwenden, indem sie behaupteten, gegen die \nAngerufenen w\u00fcrde ein Haftbefehl vorliegen, der durch eine Geldzahlung \nabgewendet werden k\u00f6nne. Die Angerufenen handelten richtig und meldeten \nsich umgehend bei dem richtigen Polizeirevier-K\u00e4fertal, sodass es zu \nkeinem Schaden kam. <\/p>\n\n\n\n<p>Die Polizei r\u00e4t wiederholt, in solchen F\u00e4llen\n das n\u00e4chstgelegene Polizeirevier aufzusuchen, anzurufen oder den Notruf\n unter 110 zu w\u00e4hlen. <\/p>\n\n\n\n<p>Sie haben Fragen, wie Sie sich in solchen \nF\u00e4llen konkret verhalten sollen? Hinweise und Tipps erhalten Sie \njederzeit bei den Beamten der polizeilichen Beratungsstelle Mannheim \nunter 0621-174-1212 und der polizeilichen Beratungsstelle Heidelberg \nunter 0621-174-1234. <\/p>\n\n\n\n<h4 class=\"wp-block-heading\">(Mannheim-K\u00e4fertal) &#8211; In B\u00fcrocontainer eingebrochen \/ Polizei sucht Zeugen<\/h4>\n\n\n\n<p>In der Nacht von Montag auf Dienstag brachen unbekannte T\u00e4ter im  Stadtteil K\u00e4fertal in mehrere Containerb\u00fcros ein. Die Einbrecher  zerst\u00f6rten auf einem Baustellengel\u00e4nde im George-Sullivan-Ring an den  B\u00fcrocontainern die Roll\u00e4den und schlugen die dahinterliegenden Fenster  ein. Nachdem sie in die Container eingestiegen waren, durchw\u00fchlten sie  diese. Nach ersten Erkenntnissen wurden lediglich ein Messer und ein  Hammer entwendet. Es entstand jedoch Sachschaden in H\u00f6he von rund 1.200  Euro. <\/p>\n\n\n\n<p>Zeugen, die verd\u00e4chtige Wahrnehmungen gemacht haben und  sachdienliche Hinweise geben k\u00f6nnen, werden gebeten, sich beim  Polizeirevier Mannheim-K\u00e4fertal, Tel.: 0621\/71849-0 zu melden. <\/p>\n\n\n\n<h4 class=\"wp-block-heading\">(Heidelberg) &#8211; Radfahrerin st\u00fcrzt und verletzt sich<\/h4>\n\n\n\n<p>Verletzt und in ein Krankenhaus eingeliefert werden musste eine  17-j\u00e4hrige Radfahrerin, die am Dienstag gegen 15.40 Uhr in einen Unfall  in den Neckarstaden verwickelt war. Ein Lkw-Fahrer fuhr vom  Bismarckplatz aus in Richtung Neckarstaden und \u00fcbersah dabei die auf dem  Radweg ordnungsgem\u00e4\u00df fahrende Radfahrerin. Es kam zur Ber\u00fchrung, in  dessen Verlauf die junge Frau st\u00fcrzte und sich verletzte. Sie wurde an  der Unfallstelle erstversorgt und in einem Krankenhaus ambulant  weiterbehandelt. In welcher H\u00f6he Gesamtschaden entstand, ist bislang  noch nicht bekannt. <\/p>\n\n\n\n<h4 class=\"wp-block-heading\">(Heidelberg) &#8211; Pedelec-Fahrer ohne Fremdbeteiligung gest\u00fcrzt \/ Not\u00e4rztliche Erstversorgung<\/h4>\n\n\n\n<p>Not\u00e4rztlich erstversorgt und danach in ein Krankenhaus eingeliefert  werden musste ein 71-j\u00e4hriger Pedelec-Fahrer nach seinem Sturz am  Dienstag kurz vor 12 Uhr. Der Senior war auf dem stark absch\u00fcssigen  Graimbergweg gefahren, als er urpl\u00f6tzlich st\u00fcrzte und sich schwer  verletzte. Sein Fahrrad wie auch pers\u00f6nliche Utensilien stellten die  Beamten vorerst sicher. W\u00e4hrend der Versorgung des Heidelbergers musste  der Graimbergweg f\u00fcr rund eine halbe Stunde voll gesperrt werden. Zum  Zeitpunkt des Unfalls trug der Senior einen Helm. <\/p>\n\n\n\n<h4 class=\"wp-block-heading\">(Heidelberg) &#8211; Auffahrunfall auf Theodor-Heuss-Br\u00fccke<\/h4>\n\n\n\n<p>Eine 32-j\u00e4hrige Seat-Fahrerin verursachte am Dienstagmorgen einen Verkehrsunfall &#8211; eine Person wurde dabei verletzt. <\/p>\n\n\n\n<p>Ein  39-j\u00e4hriger Hyundai-Fahrer musste auf der Theodor-Heuss-Br\u00fccke aufgrund  des stauenden Verkehrs warten. Das bemerkte die Seat-Fahrerin zu sp\u00e4t  und fuhr ihm auf. Durch den Aufprall zog sich der Hyundai-Fahrer eine  Verletzung am R\u00fccken zu. Er wurde ambulant in der Heidelberger Chirurgie  versorgt. Beide Fahrzeuge waren durch den Unfall nicht mehr fahrbereit.  Der Gesamtschaden betr\u00e4gt 8.000 Euro. <\/p>\n\n\n\n<h4 class=\"wp-block-heading\">(Heidelberg-Kirchheim) &#8211; Zwei Leichtverletzte bei  Zusammenprall an Kreuzung \/ Ampel besch\u00e4digt &#8211; Sachschaden ca. 20.000  Euro<\/h4>\n\n\n\n<p>Bei einem schweren Verkehrsunfall am Mittwochmorgen um 5.50 Uhr an der  Kreuzung Sandh\u00e4user Stra\u00dfe\/L598 und der Judenchaussee\/L 600 wurden zwei  Beteiligte leicht verletzt. Ein 45-j\u00e4hriger Fahrer eines Kia war auf der  L 598 in Richtung Sandhausen unterwegs. Dabei stie\u00df er frontal mit dem  Mercedes einer entgegenkommenden 55-j\u00e4hrigen Autofahrerin zusammen, die  nach links auf die L 600 in Richtung Bruchhausen abgebogen war. Durch  den heftigen Aufprall wurde der Kia weitergeschleudert und prallte gegen  den dortigen Ampelmast und ein Verkehrszeichen. An beiden Fahrzeugen  l\u00f6sten die Airbags aus, nach der medizinischen Erstversorgung an der  Unfallstelle wurden die Verletzten mit Rettungsw\u00e4gen in umliegende  Kliniken eingeliefert. Beide Fahrzeuge wurden abgeschleppt, der  Gesamtsachschaden bel\u00e4uft sich auf ca. 20.000 Euro. Der Verkehr wurde an  der Unfallstelle vorbei geleitet. Zur Ausleuchtung der Unfallstelle war  die Freiwillige Feuerwehr aus Sandhausen eingesetzt. Zur Reinigung der  Fahrbahn von ausgelaufenen Betriebsstoffen musste eine Spezialfirma  eingesetzt werden. Die Ampel ist au\u00dfer Betrieb, eine Wartungsfirma wurde  verst\u00e4ndigt. Da zum jetzigen Zeitpunkt noch ungekl\u00e4rt ist, wer bei  Rotlicht in die Kreuzung einfuhr, werden etwaige Zeugen gebeten sich  unter Telefon 06221\/174-4140 beim Verkehrskommissariat Heidelberg zu  melden. <\/p>\n\n\n\n<h4 class=\"wp-block-heading\">(Schwetzingen \/ Rhein-Neckar-Kreis) &#8211; Greifvogel verursacht Auffahrunfall \/ Vollsperrung der B36<\/h4>\n\n\n\n<p>Am Mittwochnachmittag gegen 14:35 Uhr kam es auf der B36 in  Fahrtrichtung Mannheim, kurz nach der Anschlussstelle der BAB6 zu einem  Verkehrsunfall. Die 33-j\u00e4hrige Fahrzeugf\u00fchrerin eines Land Rover befuhr  zum Unfallzeitpunkt den Verz\u00f6gerungsstreifen, um die B36 in Richtung  Br\u00fchl zu verlassen. Der hinter ihr fahrende, 42-j\u00e4hrige Pkw-Lenker eines  Renault Kangoo, wich einem auf dem linken Fahrstreifen sitzenden  Greifvogel aus und kollidierte in der Folge mit dem Heck des Land Rover.  Im Anschluss daran wurde der Renault nach rechts in die Leitplanken  abgewiesen und kam dort letztlich zum Stehen. Der 42-J\u00e4hrige wurde  hierbei verletzt und im Anschluss zur weiteren Versorgung in ein  Mannheimer Krankenhaus verbracht. Die 33-j\u00e4hrige Frau im Land Rover  wurde vorsorglich in ein umliegendes Krankenhaus verbracht. Ihre  3-j\u00e4hrige Tochter, welche sich ebenfalls im Fahrzeug befand, blieb  unverletzt. Eine Absuche der B36 nach dem Greifvogel verlief negativ.  Aufgrund der zun\u00e4chst unklaren Sachlage waren insgesamt drei  Rettungswagen im Einsatz. Der nicht mehr fahrbereite Renault musste  durch ein Abschleppunternehmen mittels Kran geborgen werden. F\u00fcr den  Zeitraum des Abschleppvorgangs musste die B36 ca. 20 Minuten voll  gesperrt werden. Hierdurch bildete sich ein leichter R\u00fcckstau in  Richtung Schwetzingen. Nachdem die Vollsperrung gegen 17:35 Uhr wieder  aufgehoben werden konnte, musste im Anschluss daran noch der rechte  Fahrstreifen zur Fahrbahnreinigung gesperrt werden. Gegen 18:40 Uhr war  die B36 in Fahrtrichtung Mannheim wieder komplett frei. Der entstandene  Sachschaden l\u00e4sst sich derzeit noch nicht beziffern. <\/p>\n\n\n\n<h4 class=\"wp-block-heading\">(Schwetzingen \/ Rhein-Neckar-Kreis) &#8211; Unfallflucht \/ Zeugen gesucht<\/h4>\n\n\n\n<p>Ein bislang unbekannter Autofahrer besch\u00e4digte am Dienstagabend  zwischen 17:00 Uhr und 20:30 Uhr einen geparkten Porsche in der  Hockenheimer Landstra\u00dfe und fl\u00fcchtete anschlie\u00dfend. Durch das Ein-oder  Ausparken des Unfallverursachers auf dem Parkplatz eines Supermarktes  entstand ein Schaden in H\u00f6he von 4.000 Euro. Zeugen, die Angaben zu dem  Vorfall machen k\u00f6nnen, werden gebeten, sich unter 06202-288-0 beim  Polizeirevier Schwetzingen zu melden. <\/p>\n\n\n\n<h4 class=\"wp-block-heading\">(Walldorf \/ Rhein-Neckar-Kreis) &#8211; VW-Fahrer l\u00f6st Unfall im Gutenbergring aus \/ Vier Verletzte<\/h4>\n\n\n\n<p>Vier Verletzte und ein total besch\u00e4digter VW Golf forderte ein Unfall  am Dienstagnachmittag kurz nach 15 Uhr im Gutenbergring. Der 25-j\u00e4hrige  Autofahrer achtete beim Einfahren in den flie\u00dfenden Verkehr nicht  ausreichend auf einen ordnungsgem\u00e4\u00df fahrenden Linienbus. Der Busfahrer,  der eine Vollbremsung zwar einleitete, aber einen Zusammensto\u00df nicht  mehr verhindern konnte, zwei Fahrg\u00e4ste wie auch der Verursacher zogen  sich Verletzungen zu, die an der Unfallstelle behandelt werden mussten. <\/p>\n\n\n\n<p>W\u00e4hrend\n zwei Verletzte im Krankenhaus Schwetzingen medizinisch weiterversorgt \nwurden, wollten die beiden anderen Beteiligten bei Bedarf selbst einen \nArzt aufsuchen. <\/p>\n\n\n\n<p>Die H\u00f6he des Gesamtschadens ist bislang noch  nicht bekannt. Ein Abschleppunternehmen transportierte den total  besch\u00e4digten VW ab. <\/p>\n\n\n\n<h4 class=\"wp-block-heading\">(Walldorf \/ Rhein-Neckar-Kreis) &#8211; Auto st\u00f6\u00dft mit Linienbus zusammen<\/h4>\n\n\n\n<p>Am Dienstagmorgen, gegen 10:50 Uhr, kam es auf der Schwetzinger Stra\u00dfe zu einem Verkehrsunfall. <\/p>\n\n\n\n<p>Ein  80-j\u00e4hriger Mercedes-Fahrer kam beim Rechtsabbiegen auf die  Gegenfahrbahn und stie\u00df dabei mit einem entgegenkommenden Linienbus  zusammen. Bei dem Versuch auszuweichen, \u00fcberfuhr der Bus ein  Verkehrszeichen. Durch den Unfall wurde gl\u00fccklicherweise niemand  verletzt, es entstand jedoch ein Sachschaden von 7.000 Euro. Der  Mercedes wurde abgeschleppt und das Schild wieder aufgestellt. <\/p>\n\n\n\n<h4 class=\"wp-block-heading\">(Wiesloch \/ Rhein-Neckar-Kreis) &#8211; In Firma eingebrochen und Bargeld entwendet. Wer hat was gesehen?<\/h4>\n\n\n\n<p>Zwischen Montag 21 Uhr und Dienstag 06.45 Uhr drangen ein oder mehrere  bislang unbekannte T\u00e4ter in eine Firma In den Wein\u00e4ckern ein. <\/p>\n\n\n\n<p>Der\n oder die T\u00e4ter zerschlugen eine Fensterscheibe und verschafften sich so\n Zugang zum Objekt. In der Firma wurden mehrere B\u00fcros durchw\u00fchlt. Nach \nderzeitigem Kenntnisstand wurde Bargeld in H\u00f6he von mehreren hundert \nEuro entwendet. <\/p>\n\n\n\n<p>Die Ermittler des Polizeireviers Wiesloch suchen  nun nach Zeugen und oder nach Personen, die im Tatzeitraum verd\u00e4chtige  Personen oder Fahrzeuge festgestellt haben. Diese m\u00f6gen sich unter 06222  57090 melden. <\/p>\n\n\n\n<h4 class=\"wp-block-heading\">(Rauenberg \/ Rhein-Neckar-Kreis) &#8211; Unfall im Kreuzungsbereich<\/h4>\n\n\n\n<p>Im Kreuzungsbereich Malschenberger Stra\u00dfe\/Rotenberger Stra\u00dfe stie\u00dfen am  Dienstag kurz vor 15 Uhr zwei Fahrzeuge zusammen. Verursacht hatte den  Unfall eine 60-j\u00e4hrige Opel Corsa-Fahrerin, die beim Abbiegen einem  ordnungsgem\u00e4\u00df fahrenden Nissan-Fahrer die Vorfahrt nicht gew\u00e4hrt hatte.  Die beiden nicht mehr fahrbereiten Autos, an denen Gesamtschaden von  7.000 Euro entstand, transportierten Abschleppunternehmen ab.  Gl\u00fccklicherweise \u00fcberstanden die Beteiligten den Unfall ohne  Verletzungen. Die Verursacherin sieht einer Anzeige entgegen.<\/p>\n\n\n\n<h4 class=\"wp-block-heading\">(Angelbachtal \/ Rhein-Neckar-Kreis) &#8211; Frontalzusammensto\u00df zweier Fahrzeuge; K 4177 zwischen Michelfeld und D\u00fchren voll gesperrt<\/h4>\n\n\n\n<h4 class=\"wp-block-heading\" style=\"text-align:center\">Pressemitteilung Nr. 1<\/h4>\n\n\n\n<p>Am Mittwochmorgen, gegen 7.15 Uhr, kam es auf der K 4177, zwischen  Michelfeld und der Einm\u00fcndung zur B 292, kurz vor Sinsheim-D\u00fchren zu  einem Frontalzusammensto\u00df zweier Fahrzeuge. \u00dcber den Unfallhergang, die  Anzahl der Verletzten sowie das schadensausma\u00df liegen noch keine  Informationen vor. Die Kreisstra\u00dfe ist derzeit voll gesperrt. <\/p>\n\n\n\n<h4 class=\"wp-block-heading\">(Angelbachtal \/ Rhein-Neckar-Kreis) &#8211; 62-j\u00e4hriger Autofahrer bei  Frontalzusammensto\u00df leicht verletzt \/ Sachschaden ca. 22.000 Euro &#8211;  Zeugen gesucht<\/h4>\n\n\n\n<h4 class=\"wp-block-heading\" style=\"text-align:center\">Pressemitteilung Nr. 2<\/h4>\n\n\n\n<p>Bei einem Unfall am Mittwochmorgen gegen 7.15 Uhr auf der Kreisstra\u00dfe  4177, zwischen Michelfeld und der Einm\u00fcndung zur B 292, wurde ein  62-j\u00e4hriger Autofahrer leicht verletzt. Der 62-J\u00e4hrige war mit seinem VW  aus bislang ungekl\u00e4rter Ursache auf die Gegenfahrbahn geraten und  frontal mit einem Kleintransporter mit Anh\u00e4nger eines 21-j\u00e4hrigen  Fahrers zusammengesto\u00dfen. In dem VW l\u00f6sten die Airbags aus, die  Verletzte wurde mit einem Rettungswagen zur weiteren Untersuchung ins  Krankenhaus nach Sinsheim gebracht. Es entstand ein Sachschaden von  insgesamt ca. 22.000 Euro. W\u00e4hrend der Unfallaufnahme und  Bergungsarbeiten war die Kreisstra\u00dfe bis ca. 8.15 Uhr voll gesperrt, die  Polizei leitete den Verkehr um. Zeugen, die sachdienliche Angaben zum  Unfallhergang machen k\u00f6nnen, werden gebeten sich unter Telefon  07261\/6900 beim Polizeirevier Sinsheim zu melden. <\/p>\n\n\n\n<h4 class=\"wp-block-heading\">(Sinsheim \/ Rhein-Neckar-Kreis) &#8211; Wiederholte Fahrzeugkontrollen im Stadtgebiet; drei  Fahrzeuge manipuliert; zwei Autofahrer unter Drogeneinfluss erwischt;  Ermittlungen dauern an<\/h4>\n\n\n\n<p>Bereits zum f\u00fcnften Mal binnen weniger Wochen f\u00fchrte das Polizeirevier  Sinsheim am Dienstag im Sinsheimer Stadtgebiet Fahrzeugkontrollen durch.  <\/p>\n\n\n\n<p>Zwischen 16-21 Uhr \u00fcberpr\u00fcften rund 30 Beamte, darunter auch \nBeamte der Ermittlungsgruppe &#8222;Poser&#8220; der Verkehrspolizeidirektion \nMannheim, Beamte der Polizeireviere Schwetzingen, HD-Nord, HD-Mitte und \nWiesloch, insgesamt 50 Fahrzeuge und 60 Personen. <\/p>\n\n\n\n<p>Drei Fahrzeuge,\n die Manipulationen aufwiesen und bei denen dementsprechend die \nBetriebserlaubnis erloschen war, wurden aus dem Verkehr gezogen. \nBu\u00dfgeldverfahren gegen die Halter und die Fahrer der Fahrzeuge wurden \neingeleitet. Weitere Ermittlungen hierzu dauern noch an. <\/p>\n\n\n\n<p>Gegen zwei Personen, die unter Drogeneinfluss Auto fuhren, wurden ebenfalls Ermittlungen aufgenommen. <\/p>\n\n\n\n<p>Dar\u00fcber\n hinaus wurden sechs Personen beanstandet, die w\u00e4hrend der Fahrt nicht \nangeschnallt waren oder mit dem Handy telefonierten. <\/p>\n\n\n\n<p>Um das  Sicherheitsgef\u00fchl der Sinsheimer Bev\u00f6lkerung zu st\u00e4rken, aber auch um  einer Etablierung einer sogenannten &#8222;Poser-Szene&#8220; entgegen zu wirken,  sind weitere punktuelle Kontrollen bereits in der Planung. <\/p>\n\n\n\n<h4 class=\"wp-block-heading\">(Waibstadt \/ Rhein-Neckar-Kreis) &#8211; Sachschaden von ca. 2.500 Euro verursacht und gefl\u00fcchtet \/ Polizei sucht Zeugen<\/h4>\n\n\n\n<p>Am Dienstagabend hat ein bislang unbekannter Autofahrer einen in der  Alten Sinsheimer Stra\u00dfe geparkten Opel Vectra Kombi beim Vorbeifahren  gestreift und die dabei einen Schaden von ca. 2.500 Euro verursacht.  Ohne sich um den Schaden zu k\u00fcmmern, fl\u00fcchtete der Verursacher unerkannt  von der Unfallstelle. Ein Zeuge hatte gegen 21.30 Uhr das  Unfallger\u00e4usch vernommen. Das Verursacherfahrzeug m\u00fcsste auf der  Beifahrerseite besch\u00e4digt sein. Zeugen, die sachdienliche Hinweise geben  k\u00f6nnen, werden gebeten sich unter Telefon 07263\/5807 beim Polizeiposten  Waibstadt oder au\u00dferhalb dessen \u00d6ffnungszeiten beim Polizeirevier  Sinsheim, Telefon 07261\/6900, zu melden. <\/p>\n\n\n\n<h4 class=\"wp-block-heading\">(Neidenstein \/ Rhein-Neckar-Kreis) &#8211; Beim Ein- oder Ausparken fremdes Auto besch\u00e4digt und vom Unfallort gefl\u00fcchtet \/ Zeugen gesucht<\/h4>\n\n\n\n<p>Wie der Polizei erst sp\u00e4ter angezeigt wurde, kam es am vergangenen  Freitag (11.10.) auf dem Parkplatz des SV Neidenstein im Seerain zu  einer Verkehrsunfallflucht. Vermutlich beim Ein- oder Ausparken streifte  ein bislang unbekannter Fahrer eines vermutlich blauen Autos zwischen  19.15 und 21.15 Uhr einen schwarzen Mercedes an der Beifahrerseite. An  dem Mercedes entstand Sachschaden von \u00fcber tausend Euro. Zum  Unfallzeitpunkt fand auf dem Sportplatz ein Fu\u00dfballturnier und im  Clubhaus eine Festveranstaltung statt. Zeugen, die sachdienliche  Hinweise geben k\u00f6nnen, werden gebeten sich unter Telefon 07263\/5807 beim  Polizeiposten Waibstadt oder au\u00dferhalb dessen \u00d6ffnungszeiten beim  Polizeirevier Sinsheim, Telefon 07261\/6900, zu melden. <\/p>\n\n\n\n<h4 class=\"wp-block-heading\">(Eppelheim \/ Rhein-Neckar-Kreis) &#8211; 20.000 Euro Schaden nach Verkehrsunfall am Dienstagabend<\/h4>\n\n\n\n<p>Leicht verletzt wurden die Insassen eines Jaguar, der am Dienstagabend  gegen 22.15 Uhr in einen Unfall auf der K 9709 verstrickt war. Ein aus  Neulu\u00dfheim stammender Opel-Fahrer kollidierte beim Linksabbiegen mit dem  ordnungsgem\u00e4\u00df fahrenden Jaguar-Fahrer. Durch das Ausl\u00f6sen des Airbags  zogen sich der Fahrer wie auch seine Mitfahrerin leichte Verletzungen  zu, ben\u00f6tigten vor Ort aber keine medizinische Versorgung. <\/p>\n\n\n\n<p>Den  nicht mehr fahrbereiten Opel transportierte ein Abschleppunternehmen von  der Unfallstelle ab. Insgesamt entstand Gesamtschaden in H\u00f6he von  20.000 Euro. <\/p>\n\n\n\n<h4 class=\"wp-block-heading\">(Ilvesheim \/ Rhein-Neckar-Kreis) &#8211; Zusammensto\u00df nach Vorfahrtsverletzung<\/h4>\n\n\n\n<p>Rund 7.000 Euro Sachschaden ist das Ergebnis eines Verkehrsunfalls am  Dienstagabend in Ilvesheim. Ein 22-j\u00e4hriger Mann war kurz vor 20 Uhr mit  seinem Opel auf dem Brunnenweg in Richtung M\u00fchlenweg unterwegs. An der  Kreuzung zur Wachenheimer Stra\u00dfe missachtete er die Vorfahrt eines von  rechts kommenden 56-j\u00e4hrigen Mazda-Fahrers und stie\u00df mit ihm zusammen.  Dabei entstand Sachschaden in H\u00f6he von rund 7.000 Euro. <\/p>\n","protected":false},"excerpt":{"rendered":"<div class=\"mh-excerpt\"><p>Polizeimeldungen vom Mittwoch (16.10.2019) (Speyer) &#8211; T\u00e4ter nach missgl\u00fccktem Parkscheinautomatenaufbruch von Polizei gestellt In den fr\u00fchen Morgenstunden des Mittwoch erlangt die Polizei Speyer Kenntnis \u00fcber einen m\u00f6glichen aktuellen Parkscheinautomatenaufbruch auf dem Parkplatz Unterer Dom. Durch <a class=\"mh-excerpt-more\" href=\"https:\/\/speyer24news.com\/?p=20747\" title=\"Polizei:\">[&#8230;]<\/a><\/p>\n<\/div>","protected":false},"author":3,"featured_media":0,"comment_status":"open","ping_status":"open","sticky":false,"template":"","format":"standard","meta":{"_monsterinsights_skip_tracking":false,"_monsterinsights_sitenote_active":false,"_monsterinsights_sitenote_note":"","_monsterinsights_sitenote_category":0,"footnotes":""},"categories":[12],"tags":[61,2555,63,105,53,1548,102,213,55,103,106,2803,2423,427,62,104,979,1565],"aioseo_notices":[],"amp_enabled":true,"_links":{"self":[{"href":"https:\/\/speyer24news.com\/index.php?rest_route=\/wp\/v2\/posts\/20747"}],"collection":[{"href":"https:\/\/speyer24news.com\/index.php?rest_route=\/wp\/v2\/posts"}],"about":[{"href":"https:\/\/speyer24news.com\/index.php?rest_route=\/wp\/v2\/types\/post"}],"author":[{"embeddable":true,"href":"https:\/\/speyer24news.com\/index.php?rest_route=\/wp\/v2\/users\/3"}],"replies":[{"embeddable":true,"href":"https:\/\/speyer24news.com\/index.php?rest_route=%2Fwp%2Fv2%2Fcomments&post=20747"}],"version-history":[{"count":1,"href":"https:\/\/speyer24news.com\/index.php?rest_route=\/wp\/v2\/posts\/20747\/revisions"}],"predecessor-version":[{"id":20752,"href":"https:\/\/speyer24news.com\/index.php?rest_route=\/wp\/v2\/posts\/20747\/revisions\/20752"}],"wp:attachment":[{"href":"https:\/\/speyer24news.com\/index.php?rest_route=%2Fwp%2Fv2%2Fmedia&parent=20747"}],"wp:term":[{"taxonomy":"category","embeddable":true,"href":"https:\/\/speyer24news.com\/index.php?rest_route=%2Fwp%2Fv2%2Fcategories&post=20747"},{"taxonomy":"post_tag","embeddable":true,"href":"https:\/\/speyer24news.com\/index.php?rest_route=%2Fwp%2Fv2%2Ftags&post=20747"}],"curies":[{"name":"wp","href":"https:\/\/api.w.org\/{rel}","templated":true}]}}