{"id":20770,"date":"2019-10-19T10:19:15","date_gmt":"2019-10-19T09:19:15","guid":{"rendered":"https:\/\/speyer24news.com\/?p=20770"},"modified":"2019-10-19T16:57:39","modified_gmt":"2019-10-19T15:57:39","slug":"feuerwehr-4","status":"publish","type":"post","link":"https:\/\/speyer24news.com\/?p=20770","title":{"rendered":"Feuerwehr:"},"content":{"rendered":"<style type=\"text\/css\">\r\n\t.ads_top_disp{}\r\n\t.ads_top_corner_disp{ float:left; margin:0px 10px 10px 0px; }\r\n\t.ads_first_p_disp{}\r\n\t.ads_bottom_disp{}\r\n\t<\/style>\n<h2 class=\"wp-block-heading\">Garagenbrand im Akazienweg &#8211; keine Verletzten<\/h2>\n\n\n\n<div class=\"wp-block-image\"><figure class=\"aligncenter\"><img decoding=\"async\" loading=\"lazy\" width=\"800\" height=\"600\" src=\"https:\/\/speyer24news.com\/wp-content\/uploads\/2019\/10\/Feuerwehr-Speyer-1.jpg\" alt=\"\" class=\"wp-image-20772\" srcset=\"https:\/\/speyer24news.com\/wp-content\/uploads\/2019\/10\/Feuerwehr-Speyer-1.jpg 800w, https:\/\/speyer24news.com\/wp-content\/uploads\/2019\/10\/Feuerwehr-Speyer-1-300x225.jpg 300w, https:\/\/speyer24news.com\/wp-content\/uploads\/2019\/10\/Feuerwehr-Speyer-1-768x576.jpg 768w, https:\/\/speyer24news.com\/wp-content\/uploads\/2019\/10\/Feuerwehr-Speyer-1-678x509.jpg 678w, https:\/\/speyer24news.com\/wp-content\/uploads\/2019\/10\/Feuerwehr-Speyer-1-326x245.jpg 326w, https:\/\/speyer24news.com\/wp-content\/uploads\/2019\/10\/Feuerwehr-Speyer-1-80x60.jpg 80w\" sizes=\"(max-width: 800px) 100vw, 800px\" \/><\/figure><\/div>\n\n\n\n<p>Die Feuerwehr Speyer wurde am Freitagnachmittag zu einem Garagenfeuer alarmiert.<\/p>\n\n\n\n<p>Die Garage stand bereits beim Eintreffen der Feuerwehr im Vollbrand. Gl\u00fccklicherweise wurden keine Personen verletzt. Das in der Garage befindliche Fahrzeug und weitere Ger\u00e4tschaften konnten leider nicht mehr gerettet werden. Ein \u00dcbergreifen auf eine benachbarte Garage konnte dagegen verhindert werden. Die Brandursache ist bisher nicht bekannt, die Polizei ermittelt.<\/p>\n\n\n\n<div class=\"wp-block-image\"><figure class=\"aligncenter\"><img decoding=\"async\" loading=\"lazy\" width=\"800\" height=\"600\" src=\"https:\/\/speyer24news.com\/wp-content\/uploads\/2019\/10\/Feuerwehr-Speyer-2-1.jpg\" alt=\"\" class=\"wp-image-20773\" srcset=\"https:\/\/speyer24news.com\/wp-content\/uploads\/2019\/10\/Feuerwehr-Speyer-2-1.jpg 800w, https:\/\/speyer24news.com\/wp-content\/uploads\/2019\/10\/Feuerwehr-Speyer-2-1-300x225.jpg 300w, https:\/\/speyer24news.com\/wp-content\/uploads\/2019\/10\/Feuerwehr-Speyer-2-1-768x576.jpg 768w, https:\/\/speyer24news.com\/wp-content\/uploads\/2019\/10\/Feuerwehr-Speyer-2-1-678x509.jpg 678w, https:\/\/speyer24news.com\/wp-content\/uploads\/2019\/10\/Feuerwehr-Speyer-2-1-326x245.jpg 326w, https:\/\/speyer24news.com\/wp-content\/uploads\/2019\/10\/Feuerwehr-Speyer-2-1-80x60.jpg 80w\" sizes=\"(max-width: 800px) 100vw, 800px\" \/><\/figure><\/div>\n\n\n\n<p>Zum Einsatz kamen sieben Fahrzeuge und 28 Einsatzkr\u00e4fte der Feuerwehr  Speyer, der Rettungsdienst mit einem RTW und 3 Personen, die  Schutzpolizei und die Kriminalpolizei mit je zwei Personen.<\/p>\n\n\n\n<p>\u00dcber Schadensh\u00f6he und -ursache k\u00f6nnen wir leider keine Angaben machen.<\/p>\n\n\n\n<p><em>Feuerwehr Speyer<br>19.10.2019<\/em><\/p>\n","protected":false},"excerpt":{"rendered":"<div class=\"mh-excerpt\"><p>Garagenbrand im Akazienweg &#8211; keine Verletzten Die Feuerwehr Speyer wurde am Freitagnachmittag zu einem Garagenfeuer alarmiert. Die Garage stand bereits beim Eintreffen der Feuerwehr im Vollbrand. Gl\u00fccklicherweise wurden keine Personen verletzt. Das in der Garage <a class=\"mh-excerpt-more\" href=\"https:\/\/speyer24news.com\/?p=20770\" title=\"Feuerwehr:\">[&#8230;]<\/a><\/p>\n<\/div>","protected":false},"author":3,"featured_media":0,"comment_status":"open","ping_status":"open","sticky":false,"template":"","format":"standard","meta":{"_monsterinsights_skip_tracking":false,"_monsterinsights_sitenote_active":false,"_monsterinsights_sitenote_note":"","_monsterinsights_sitenote_category":0,"footnotes":""},"categories":[12],"tags":[54,507,3994,3995,802],"aioseo_notices":[],"amp_enabled":true,"_links":{"self":[{"href":"https:\/\/speyer24news.com\/index.php?rest_route=\/wp\/v2\/posts\/20770"}],"collection":[{"href":"https:\/\/speyer24news.com\/index.php?rest_route=\/wp\/v2\/posts"}],"about":[{"href":"https:\/\/speyer24news.com\/index.php?rest_route=\/wp\/v2\/types\/post"}],"author":[{"embeddable":true,"href":"https:\/\/speyer24news.com\/index.php?rest_route=\/wp\/v2\/users\/3"}],"replies":[{"embeddable":true,"href":"https:\/\/speyer24news.com\/index.php?rest_route=%2Fwp%2Fv2%2Fcomments&post=20770"}],"version-history":[{"count":2,"href":"https:\/\/speyer24news.com\/index.php?rest_route=\/wp\/v2\/posts\/20770\/revisions"}],"predecessor-version":[{"id":20779,"href":"https:\/\/speyer24news.com\/index.php?rest_route=\/wp\/v2\/posts\/20770\/revisions\/20779"}],"wp:attachment":[{"href":"https:\/\/speyer24news.com\/index.php?rest_route=%2Fwp%2Fv2%2Fmedia&parent=20770"}],"wp:term":[{"taxonomy":"category","embeddable":true,"href":"https:\/\/speyer24news.com\/index.php?rest_route=%2Fwp%2Fv2%2Fcategories&post=20770"},{"taxonomy":"post_tag","embeddable":true,"href":"https:\/\/speyer24news.com\/index.php?rest_route=%2Fwp%2Fv2%2Ftags&post=20770"}],"curies":[{"name":"wp","href":"https:\/\/api.w.org\/{rel}","templated":true}]}}