{"id":20970,"date":"2019-10-24T09:27:14","date_gmt":"2019-10-24T08:27:14","guid":{"rendered":"https:\/\/speyer24news.com\/?p=20970"},"modified":"2019-10-24T09:32:58","modified_gmt":"2019-10-24T08:32:58","slug":"wirtschaft-finanzen-27","status":"publish","type":"post","link":"https:\/\/speyer24news.com\/?p=20970","title":{"rendered":"Wirtschaft &#038; Finanzen:"},"content":{"rendered":"<style type=\"text\/css\">\r\n\t.ads_top_disp{}\r\n\t.ads_top_corner_disp{ float:left; margin:0px 10px 10px 0px; }\r\n\t.ads_first_p_disp{}\r\n\t.ads_bottom_disp{}\r\n\t<\/style>\n<h1 class=\"wp-block-heading\" style=\"text-align:center\">Stadtwerke Speyer \/ Bademaxx<\/h1>\n\n\n\n<div class=\"wp-block-image\"><figure class=\"aligncenter\"><img decoding=\"async\" src=\"https:\/\/speyer24news.com\/wp-content\/uploads\/2019\/10\/SWS-Logo-1-1024x356.jpg\" alt=\"\" class=\"wp-image-20975\"\/><\/figure><\/div>\n\n\n\n<h2 class=\"wp-block-heading\"><strong>\u201eHalloween\u201c im bademaxx<\/strong><\/h2>\n\n\n\n<div class=\"wp-block-image\"><figure class=\"aligncenter\"><img decoding=\"async\" loading=\"lazy\" width=\"500\" height=\"750\" src=\"https:\/\/speyer24news.com\/wp-content\/uploads\/2019\/10\/AdobeStock_50506137_b.jpg\" alt=\"\" class=\"wp-image-20976\" srcset=\"https:\/\/speyer24news.com\/wp-content\/uploads\/2019\/10\/AdobeStock_50506137_b.jpg 500w, https:\/\/speyer24news.com\/wp-content\/uploads\/2019\/10\/AdobeStock_50506137_b-200x300.jpg 200w\" sizes=\"(max-width: 500px) 100vw, 500px\" \/><\/figure><\/div>\n\n\n\n<p><strong>Speyer \/ Bademaxx &#8211; <\/strong>Die Saunan\u00e4chte im bademaxx beinhalten ab der  Herbstsaison 2019 Aroma- und Show-Aufg\u00fcsse. Daf\u00fcr werden unsere  Saunameister zu Aufguss-Akrobaten und bieten Ihnen ein Saunaerlebnis der  Extraklasse &#8211; mit einfallsreichem Motto, originellem  Kost\u00fcm, passender Musik, farbenfrohen Lichteffekten, ausdrucksstarker  Wedeltechnik und einer ganz besonderen Choreografie. Lassen Sie sich  \u00fcberraschen!<\/p>\n\n\n\n<p>Am <strong>Samstag, 26. Oktober 2019<\/strong>  findet im bademaxx in Speyer wieder eine lange Saunanacht statt. Von 19 bis 24 Uhr bietet das bademaxx-Personal unter dem Motto &#8222;Halloween&#8220;  viele Extras und \u00dcberraschungen bei Kerzenschein &#8211;  Mondscheinbaden im Naturteich und Spezialaufg\u00fcsse (halbst\u00fcndlich in der  Blockhaussauna und in der Panoramasauna) inklusive. Ab 22.00 Uhr steht  das Hallenbad samt Ausschwimmbecken zum FKK-Baden zur Verf\u00fcgung. <\/p>\n\n\n\n<p>Die Gastronomie offeriert ein besonderes Angebot \nund der im bademaxx ans\u00e4ssige Physiotherapeut Matthias Richter bietet \nexklusiv zur Saunanacht mit seinem Team Wellnessmassagen an.&nbsp;\n<\/p>\n\n\n\n<p>Im architektonisch reizvollen Wellnessbereich des  bademaxx finden Besucher drei finnische Saunen, ein Dampfbad und eine  Biobad. Lounge und Ruheraum bieten ein Erlebnis f\u00fcr die Sinne und einen  bezaubernden Blick auf den Saunagarten. Entspannen  l\u00e4sst es sich im charmanten Bistrobereich am offenen Kamin oder auf der  weitl\u00e4ufigen Terrasse. Erfrischen k\u00f6nnen sich die Besucher am  Eisbrunnen, unter den Erlebnisduschen, im Tauchbecken oder im Naturteich  auf ganz besondere Weise.<\/p>\n\n\n\n<div class=\"wp-block-image\"><figure class=\"aligncenter\"><img decoding=\"async\" src=\"https:\/\/speyer24news.com\/wp-content\/uploads\/2019\/10\/Bademaxx.jpg\" alt=\"\" class=\"wp-image-20977\"\/><\/figure><\/div>\n\n\n\n<p><strong>bademaxx &#8211; Das Sport- und Erlebnisbad in Speyer<\/strong><br>Geibstra\u00dfe 3<br>67346 Speyer<br>Tel. 06232\/625-1500<br>Internet: <a href=\"http:\/\/www.bademaxx.de\">www.bademaxx.de<\/a>  <\/p>\n\n\n\n<p><em>Text: Stadtwerke Speyer GmbH \/ bademaxx Foto: Adobe Stock\/\/ #50506137<br>24.10.2019<\/em><\/p>\n\n\n\n<h1 class=\"wp-block-heading\" style=\"text-align:center\">Vereinigte VR Bank Kur- und Rheinpfalz eG<\/h1>\n\n\n\n<div class=\"wp-block-image\"><figure class=\"aligncenter\"><img decoding=\"async\" src=\"https:\/\/speyer24news.com\/wp-content\/uploads\/2019\/10\/Volksbank-Kur-und-Rheinpfalz-eG-Logo.png\" alt=\"\" class=\"wp-image-20980\"\/><\/figure><\/div>\n\n\n\n<h2 class=\"wp-block-heading\">Vereinigte VR Bank Kur- und Rheinpfalz steht vor dem Abschluss der Fusion<\/h2>\n\n\n\n<h3 class=\"wp-block-heading\">Technische Zusammenf\u00fchrung der Banksysteme von Volksbank Kur- und Rheinpfalz und RV Bank Rhein-Haardt an diesem Wochenende<\/h3>\n\n\n\n<div class=\"wp-block-image\"><figure class=\"aligncenter\"><img decoding=\"async\" loading=\"lazy\" width=\"800\" height=\"600\" src=\"https:\/\/speyer24news.com\/wp-content\/uploads\/2019\/10\/DSC06061.jpg\" alt=\"\" class=\"wp-image-20981\" srcset=\"https:\/\/speyer24news.com\/wp-content\/uploads\/2019\/10\/DSC06061.jpg 800w, https:\/\/speyer24news.com\/wp-content\/uploads\/2019\/10\/DSC06061-300x225.jpg 300w, https:\/\/speyer24news.com\/wp-content\/uploads\/2019\/10\/DSC06061-768x576.jpg 768w, https:\/\/speyer24news.com\/wp-content\/uploads\/2019\/10\/DSC06061-678x509.jpg 678w, https:\/\/speyer24news.com\/wp-content\/uploads\/2019\/10\/DSC06061-326x245.jpg 326w, https:\/\/speyer24news.com\/wp-content\/uploads\/2019\/10\/DSC06061-80x60.jpg 80w\" sizes=\"(max-width: 800px) 100vw, 800px\" \/><\/figure><\/div>\n\n\n\n<p><strong>Speyer &#8211; Die Fusion der Volksbank Kur- und Rheinpfalz und der RV Bank  Rhein-Haardt zur Vereinigten VR Bank Kur- und Rheinpfalz findet an  diesem Wochenende mit der technischen Zusammenf\u00fchrung der Banksysteme  beider Institute ihren Abschluss.<\/strong><\/p>\n\n\n\n<p>Nachdem am 1. Oktober die  juristische Fusion der Volksbank Kur- und Rheinpfalz und der RV Bank  Rhein-Haardt durch einen Eintrag ins Genossenschaftsregister vollzogen  wurde, wird nun an diesem Wochenende die technische Zusammenf\u00fchrung der  Banksysteme beider Institute abgeschlossen.<\/p>\n\n\n\n<h4 class=\"wp-block-heading\">Beginn der Zusammenf\u00fchrung am Freitag<\/h4>\n\n\n\n<p>Die Zusammenf\u00fchrung der Banksysteme \nbeginnt am Freitag (25. Oktober) und wird am Samstagnachmittag (26. \nOktober) abgeschlossen sein. Im Zuge dessen bleiben alle Filialen der \nehemaligen RV Bank Rhein-Haardt am Freitag, den 25. Oktober 2019, \ngeschlossen. Zur Wahrung unserer hohen Sicherheitsstandards kann es in \nder Nacht von Freitag bis Samstagnachmittag zu technisch bedingten \nEinschr\u00e4nkungen kommen. Ausf\u00fchrliche Informationen sind unter <a href=\"https:\/\/deref-web-02.de\/mail\/client\/j3dSByjveK4\/dereferrer\/?redirectUrl=http%3A%2F%2Fwww.volksbank-krp.de%2Ffusion\" target=\"_blank\" rel=\"noreferrer noopener\">www.volksbank-krp.de\/fusion<\/a> oder unter <a href=\"https:\/\/deref-web-02.de\/mail\/client\/XOP8bFSZHhg\/dereferrer\/?redirectUrl=http%3A%2F%2Fwww.rvbank-rhein-haardt.de%2Ffusion\" target=\"_blank\" rel=\"noreferrer noopener\">www.rvbank-rhein-haardt.de\/fusion<\/a> zusammengefasst.<\/p>\n\n\n\n<h4 class=\"wp-block-heading\">Letzter Schritt zur Verschmelzung beider Ursprungsbanken<\/h4>\n\n\n\n<p>Die durch die Fusion neu entstehende  Vereinigte VR Bank Kur- und Rheinpfalz geh\u00f6rt mit einer Bilanzsumme von  knapp 5 Mrd. Euro zu den gr\u00f6\u00dften Volks- und Raiffeisenbanken  Deutschlands. In 49 Gesch\u00e4ftsstellen werden dabei von knapp 800  Mitarbeitern rund 185.000 Kunden und 79.000 Mitglieder betreut. \u201eMit dem  Abschluss der technischen Fusion ist der letzte Schritt zu einem  Zusammenschluss zweier starker regionaler Genossenschaftsbanken getan\u201c,  so Rudolf M\u00fcller, Vorstandssprecher der Vereinigten VR Bank Kur- und  Rheinpfalz eG. \u201eDamit st\u00e4rken wir unsere Region, sichern die  Arbeitspl\u00e4tze unserer Mitarbeiterinnen und Mitarbeiter und verbessern  unsere Wettbewerbs- und Zukunftsf\u00e4higkeit.\u201c<\/p>\n\n\n\n<p><em>Text: Vereinigte VR Bank Kur- und Rheinpfalz eG Foto: Speyer 24\/7 News<br>24.10.2019<\/em><\/p>\n\n\n\n<h1 class=\"wp-block-heading\" style=\"text-align:center\">Sparkasse Vorderpfalz<\/h1>\n\n\n\n<div class=\"wp-block-image\"><figure class=\"aligncenter\"><img decoding=\"async\" loading=\"lazy\" width=\"1024\" height=\"768\" src=\"https:\/\/speyer24news.com\/wp-content\/uploads\/2019\/10\/Sparkasse-Vorderpfalz-1-1024x768-1-1024x768.jpg\" alt=\"\" class=\"wp-image-20972\" srcset=\"https:\/\/speyer24news.com\/wp-content\/uploads\/2019\/10\/Sparkasse-Vorderpfalz-1-1024x768-1.jpg 1024w, https:\/\/speyer24news.com\/wp-content\/uploads\/2019\/10\/Sparkasse-Vorderpfalz-1-1024x768-1-300x225.jpg 300w, https:\/\/speyer24news.com\/wp-content\/uploads\/2019\/10\/Sparkasse-Vorderpfalz-1-1024x768-1-768x576.jpg 768w, https:\/\/speyer24news.com\/wp-content\/uploads\/2019\/10\/Sparkasse-Vorderpfalz-1-1024x768-1-678x509.jpg 678w, https:\/\/speyer24news.com\/wp-content\/uploads\/2019\/10\/Sparkasse-Vorderpfalz-1-1024x768-1-326x245.jpg 326w, https:\/\/speyer24news.com\/wp-content\/uploads\/2019\/10\/Sparkasse-Vorderpfalz-1-1024x768-1-80x60.jpg 80w\" sizes=\"(max-width: 1024px) 100vw, 1024px\" \/><\/figure><\/div>\n\n\n\n<h2 class=\"wp-block-heading\"><strong>Sparkasse Vorderpfalz l\u00e4dt zum Weltspartag ein<\/strong><\/h2>\n\n\n\n<div class=\"wp-block-image\"><figure class=\"aligncenter\"><img decoding=\"async\" loading=\"lazy\" width=\"800\" height=\"601\" src=\"https:\/\/speyer24news.com\/wp-content\/uploads\/2019\/10\/Weltspartag_Nutzbar-bis-01.04.2020_h_00011871_se_ebenen_1.jpg\" alt=\"\" class=\"wp-image-20979\" srcset=\"https:\/\/speyer24news.com\/wp-content\/uploads\/2019\/10\/Weltspartag_Nutzbar-bis-01.04.2020_h_00011871_se_ebenen_1.jpg 800w, https:\/\/speyer24news.com\/wp-content\/uploads\/2019\/10\/Weltspartag_Nutzbar-bis-01.04.2020_h_00011871_se_ebenen_1-300x225.jpg 300w, https:\/\/speyer24news.com\/wp-content\/uploads\/2019\/10\/Weltspartag_Nutzbar-bis-01.04.2020_h_00011871_se_ebenen_1-768x577.jpg 768w, https:\/\/speyer24news.com\/wp-content\/uploads\/2019\/10\/Weltspartag_Nutzbar-bis-01.04.2020_h_00011871_se_ebenen_1-678x509.jpg 678w, https:\/\/speyer24news.com\/wp-content\/uploads\/2019\/10\/Weltspartag_Nutzbar-bis-01.04.2020_h_00011871_se_ebenen_1-326x245.jpg 326w, https:\/\/speyer24news.com\/wp-content\/uploads\/2019\/10\/Weltspartag_Nutzbar-bis-01.04.2020_h_00011871_se_ebenen_1-80x60.jpg 80w\" sizes=\"(max-width: 800px) 100vw, 800px\" \/><figcaption> Am 30. Oktober ist Weltspartag. Junge Sparer k\u00f6nnen sich auf ein Kuscheltier freuen sowie an einem Ausschneide-R\u00e4tsel und Gewinnspiel teilnehmen.<\/figcaption><\/figure><\/div>\n\n\n\n<p><strong>Vorderpfalz \/ Deutschland &#8211; <\/strong>Der <strong>30. Oktober<\/strong> ist bei vielen gro\u00dfen und kleinen Sparern rot im Kalender angekreuzt: An diesem Tag &#8211; dem Weltspartag &#8211; geht es den angef\u00fctterten Sparschweinen \u201ean den Kragen\u201c. Auch die Sparkasse Vorderpfalz l\u00e4dt wieder alle Kinder ein, ihr Erspartes in ihre Sparkassen-Gesch\u00e4ftsstelle zu bringen. Junge Sparer k\u00f6nnen sich auf ein Kuscheltier freuen und an einem Ausschneide-R\u00e4tsel teilnehmen. F\u00fcr Kinder ab 14 Jahren gibt es zudem ein Gewinnspiel. Das Gewinnspielmotto lautet: Fotografiere dich mit deinem Sparschwein und verlinke das Foto mit #weltspartagsparkassevorderpfalz2019. Zu gewinnen gibt es dabei drei Samsung-Tablets.<\/p>\n\n\n\n<h4 class=\"wp-block-heading\"><strong>Weltspartag erinnert an die Bedeutung des Sparens<\/strong><\/h4>\n\n\n\n<p>Der im Oktober 1924 ins Leben gerufene Weltspartag erinnert an die Bedeutung des Sparens. Gerade in Zeiten niedriger Zinsen stellt sich die Frage: Ist das Sparschwein noch in Mode und lohnt sich Sparen \u00fcberhaupt noch? \u201eJa\u201c, antwortet Oliver Kolb, Vorstandsmitglied der Sparkasse Vorderpfalz. \u201eDas Sparschwein-Prinzip ist aktueller denn je\u201c. Die H\u00f6he der einzelnen Betr\u00e4ge sei dabei nicht der allein ausschlaggebende Punkt: &#8222;Wichtiger ist, dass regelm\u00e4\u00dfig angespart wird und dass Kinder und Jugendliche dadurch den verantwortlichen Umgang mit Geld und Finanzdienstleistungen fr\u00fchzeitig lernen&#8220;, betont Kolb.<\/p>\n\n\n\n<h4 class=\"wp-block-heading\">Klicksparen: Sparen auf die smarte Art<\/h4>\n\n\n\n<p>Was f\u00fcr das Sparschwein gilt, gilt ebenso f\u00fcr die Erf\u00fcllung von pers\u00f6nlichen W\u00fcnschen. Regelm\u00e4\u00dfige Sparbetr\u00e4ge summieren sich im Laufe der Zeit zu einem stattlichen Guthaben. Nur wer rechtzeitig aktiv wird und sich um seine finanzielle Zukunft k\u00fcmmert, kann diese sp\u00e4ter unbeschwert genie\u00dfen. \u201eDurch das aktuelle Niedrigzinsniveau sollte man sich nicht verleiten lassen, nichts zu tun. Ganz im Gegenteil: Sparen ist wichtiger denn je\u201c, betont Oliver Kolb. \u201eMein Tipp: Lassen Sie ihr Geld arbeiten \u2013 nicht nur zum kommenden Weltspartag. Angesichts der nach wie vor sehr niedrigen Zinsen kann es sich lohnen, Gelder, die nicht kurzfristig ben\u00f6tigt werden, in Anlageprodukte zu investieren, die langfristig mehr abwerfen. Wer sein Sparschwein regelm\u00e4\u00dfig \u201ef\u00fcttert\u201c und das Ersparte zielf\u00fchrend anlegt, kann sich auch in Zeiten niedriger Zinsen \u00fcber gute Ertr\u00e4ge freuen. \u00dcbrigens: Sparen kann man heute auch mobil per Klick mit dem Smartphone. Klicksparen mit der Sparkassen-App ist eine v\u00f6llig neue Art des Sparens, bei der man seine virtuelle Spardose \u00fcberall dabei hat. Mit jedem Klick spart man einen festgelegten Betrag und die App zeigt auf einen Blick, wie man seinem Ziel immer n\u00e4her kommt\u201c.<\/p>\n\n\n\n<p><em>Text: Sparkasse Vorderpfalz Foto: Sparkassen Verlag<br>24.10.2019<\/em><\/p>\n\n\n\n<h2 class=\"wp-block-heading\"><strong>Digitaler Finanzbericht: Sparkasse erweitert Service f\u00fcr Firmenkunden<\/strong><\/h2>\n\n\n\n<figure class=\"wp-block-image\"><img decoding=\"async\" loading=\"lazy\" width=\"640\" height=\"426\" src=\"https:\/\/speyer24news.com\/wp-content\/uploads\/2019\/10\/Sparkasse_Vorderpfalz_Schriftzug.jpg\" alt=\"\" class=\"wp-image-20974\" srcset=\"https:\/\/speyer24news.com\/wp-content\/uploads\/2019\/10\/Sparkasse_Vorderpfalz_Schriftzug.jpg 640w, https:\/\/speyer24news.com\/wp-content\/uploads\/2019\/10\/Sparkasse_Vorderpfalz_Schriftzug-300x200.jpg 300w\" sizes=\"(max-width: 640px) 100vw, 640px\" \/><figcaption> Mit dem Digitalen Finanzbericht erweitert die Sparkasse Vorderpfalz den Service f\u00fcr ihre Firmenkunden. <\/figcaption><\/figure>\n\n\n\n<p><strong>Ludwigshafen \/ Vorderpfalz &#8211; <\/strong>Die Sparkasse Vorderpfalz erm\u00f6glicht es ihren Firmenkunden k\u00fcnftig, ihre Jahresabschl\u00fcsse und Finanzberichte in digitaler Form zu \u00fcbermitteln. &#8222;Wir schaffen damit einen sicheren elektronischen \u00dcbertragungsweg und senken den Zeit- und Kostenaufwand f\u00fcr unsere Firmenkunden deutlich. Gleichzeitig f\u00e4llt das aufwendige Handling papiergebundener Abschl\u00fcsse weg&#8220;, hebt Ulli Sauer, Vorstandsmitglied der Sparkasse Vorderpfalz, hervor.<\/p>\n\n\n\n<p>Mit dem Digitalen Finanzbericht k\u00f6nnen die Firmenkunden der Sparkasse Vorderpfalz einen weiteren Schritt zur Digitalisierung ihrer Bankgesch\u00e4fte gehen. Das Kreditinstitut bietet seinen Kunden k\u00fcnftig an, ihren Jahresabschluss nicht mehr in Papierform, sondern auf einem sicheren elektronischen Weg einzureichen. Die Unternehmer k\u00f6nnen ihre Unterlagen damit bequemer, effizienter und schneller an ihre Sparkasse \u00fcbermitteln. Die Sicherheitsmechanismen bei der \u00dcbertragung und Verarbeitung entsprechen den aktuellen gesetzlichen Vorschriften zum Datenschutz und zur Datensicherheit. Das Verfahren beschleunigt den Kreditprozess und kann somit k\u00fcnftige Kreditanfragen verk\u00fcrzen. Ein weiterer positiver Nebenaspekt ist, dass die Unternehmer durch den Wegfall des papierhaften Berichts wichtige Umwelt-Ressourcen schonen und gleichzeitig Kosten sparen k\u00f6nnen.<\/p>\n\n\n\n<p><em>Text: Sparkasse Vorderpfalz Foto: Sparkasse Vorderpfalz \/ Klaus Venus<br>24.10.2019<\/em><\/p>\n\n\n\n<h2 class=\"wp-block-heading\"><strong>Experten informieren \u00fcber Erbrecht<\/strong><\/h2>\n\n\n\n<h3 class=\"wp-block-heading\">Der Eintritt ist frei, das Platzangebot begrenzt. Eine telefonische Anmeldung unter 0621\/5992-333 ist erforderlich.<\/h3>\n\n\n\n<div class=\"wp-block-image\"><figure class=\"aligncenter\"><img decoding=\"async\" loading=\"lazy\" width=\"800\" height=\"533\" src=\"https:\/\/speyer24news.com\/wp-content\/uploads\/2019\/10\/Erben_Vererben_Fotolia_27629413_X.jpg\" alt=\"\" class=\"wp-image-20978\" srcset=\"https:\/\/speyer24news.com\/wp-content\/uploads\/2019\/10\/Erben_Vererben_Fotolia_27629413_X.jpg 800w, https:\/\/speyer24news.com\/wp-content\/uploads\/2019\/10\/Erben_Vererben_Fotolia_27629413_X-300x200.jpg 300w, https:\/\/speyer24news.com\/wp-content\/uploads\/2019\/10\/Erben_Vererben_Fotolia_27629413_X-768x512.jpg 768w\" sizes=\"(max-width: 800px) 100vw, 800px\" \/><figcaption> Jetzt anmelden, solange Pl\u00e4tze frei sind. Die Sparkasse Vorderpfalz l\u00e4dt am 19. November um 18.30 Uhr zur Vortagsveranstaltung &#8222;Erben und Vererben&#8220; mit Fachvortr\u00e4gen ein. <\/figcaption><\/figure><\/div>\n\n\n\n<p><strong>Schifferstadt &#8211; <\/strong>Nachlassregelung, Erbengemeinschaft, Pflichtteil: Da kann einiges schief laufen. Hilfestellung hierbei soll die Vortragsreihe &#8222;Erben und Vererben&#8220; der Sparkasse Vorderpfalz bringen. Die n\u00e4chste Veranstaltung findet am<strong> 19. November<\/strong> im Katholischen Pfarrheim Herz Jesu (Salierstra\u00dfe 98 a) in Schifferstadt statt. Die Veranstaltung beginnt um 18.30 Uhr, Einlass ist ab 18 Uhr. Eine Fachanw\u00e4ltin f\u00fcr Erbrecht und Generationenmanager der Sparkasse Vorderpfalz informieren \u00fcber eine sinnvolle Nachlassplanung.<\/p>\n\n\n\n<p>Der eigene Tod ist ein Thema, das viele Menschen gerne verdr\u00e4ngen. Wer sein Hab und Gut nach dem Ableben in die richtigen H\u00e4nde legen m\u00f6chte, sollte das zu Lebzeiten durch ein g\u00fcltiges Testament festlegen. Die gesetzliche Erbfolge muss nicht immer den W\u00fcnschen und Vorstellungen des Verstorbenen entsprechen. Doch auch wer bereit ist, seinen letzten Willen niederzuschreiben, sieht sich mit vielen Fragen konfrontiert: Wie muss ein Testament aussehen? Wer ist erbberechtigt? Wie k\u00f6nnen die Erben Steuern sparen? Welche Rolle \u00fcbernimmt ein Testamentsvollstrecker? Soll ich eventuell einen Teil meines Verm\u00f6gens in eine Stiftung einbringen? Und wann ist es ratsam, ein Erbe anzunehmen oder auszuschlagen? Antworten hierauf geben die Fachvortr\u00e4ge der Fachanw\u00e4ltin f\u00fcr Erbrecht und die Generationenmanager der Sparkasse am 19. November im Katholischen Pfarrheim Herz Jesu (Salierstra\u00dfe 98 a) in Schifferstadt. <\/p>\n\n\n\n<p><em>Text: Sparkasse Vorderpfalz Foto: Fotolia.com<br>24.10.2019<\/em><\/p>\n","protected":false},"excerpt":{"rendered":"<div class=\"mh-excerpt\"><p>Stadtwerke Speyer \/ Bademaxx \u201eHalloween\u201c im bademaxx Speyer \/ Bademaxx &#8211; Die Saunan\u00e4chte im bademaxx beinhalten ab der Herbstsaison 2019 Aroma- und Show-Aufg\u00fcsse. Daf\u00fcr werden unsere Saunameister zu Aufguss-Akrobaten und bieten Ihnen ein Saunaerlebnis der <a class=\"mh-excerpt-more\" href=\"https:\/\/speyer24news.com\/?p=20970\" title=\"Wirtschaft &#038; Finanzen:\">[&#8230;]<\/a><\/p>\n<\/div>","protected":false},"author":3,"featured_media":0,"comment_status":"open","ping_status":"open","sticky":false,"template":"","format":"standard","meta":{"_monsterinsights_skip_tracking":false,"_monsterinsights_sitenote_active":false,"_monsterinsights_sitenote_note":"","_monsterinsights_sitenote_category":0,"footnotes":""},"categories":[29],"tags":[27,4058,2988,1088,4054,4052,4056,303,1442,4053,4055,4057,1087],"aioseo_notices":[],"amp_enabled":true,"_links":{"self":[{"href":"https:\/\/speyer24news.com\/index.php?rest_route=\/wp\/v2\/posts\/20970"}],"collection":[{"href":"https:\/\/speyer24news.com\/index.php?rest_route=\/wp\/v2\/posts"}],"about":[{"href":"https:\/\/speyer24news.com\/index.php?rest_route=\/wp\/v2\/types\/post"}],"author":[{"embeddable":true,"href":"https:\/\/speyer24news.com\/index.php?rest_route=\/wp\/v2\/users\/3"}],"replies":[{"embeddable":true,"href":"https:\/\/speyer24news.com\/index.php?rest_route=%2Fwp%2Fv2%2Fcomments&post=20970"}],"version-history":[{"count":2,"href":"https:\/\/speyer24news.com\/index.php?rest_route=\/wp\/v2\/posts\/20970\/revisions"}],"predecessor-version":[{"id":20983,"href":"https:\/\/speyer24news.com\/index.php?rest_route=\/wp\/v2\/posts\/20970\/revisions\/20983"}],"wp:attachment":[{"href":"https:\/\/speyer24news.com\/index.php?rest_route=%2Fwp%2Fv2%2Fmedia&parent=20970"}],"wp:term":[{"taxonomy":"category","embeddable":true,"href":"https:\/\/speyer24news.com\/index.php?rest_route=%2Fwp%2Fv2%2Fcategories&post=20970"},{"taxonomy":"post_tag","embeddable":true,"href":"https:\/\/speyer24news.com\/index.php?rest_route=%2Fwp%2Fv2%2Ftags&post=20970"}],"curies":[{"name":"wp","href":"https:\/\/api.w.org\/{rel}","templated":true}]}}