{"id":21055,"date":"2019-10-25T11:41:11","date_gmt":"2019-10-25T10:41:11","guid":{"rendered":"https:\/\/speyer24news.com\/?p=21055"},"modified":"2019-10-25T11:41:12","modified_gmt":"2019-10-25T10:41:12","slug":"neustadt-an-der-weinstrasse-4","status":"publish","type":"post","link":"https:\/\/speyer24news.com\/?p=21055","title":{"rendered":"Neustadt an der Weinstra\u00dfe:"},"content":{"rendered":"<style type=\"text\/css\">\r\n\t.ads_top_disp{}\r\n\t.ads_top_corner_disp{ float:left; margin:0px 10px 10px 0px; }\r\n\t.ads_first_p_disp{}\r\n\t.ads_bottom_disp{}\r\n\t<\/style>\n<h2 class=\"wp-block-heading\"><strong>St\u00e4dtisches Bildungsb\u00fcro auf dem \u201eMarkt der (Demokratie-)M\u00f6glichkeiten\u201c beim 14. Demokratietag in Ingelheim vertreten<\/strong><\/h2>\n\n\n\n<div class=\"wp-block-image\"><figure class=\"aligncenter\"><img decoding=\"async\" loading=\"lazy\" width=\"800\" height=\"507\" src=\"https:\/\/speyer24news.com\/wp-content\/uploads\/2019\/10\/Demokratietag-Ingelheim-2019.jpg\" alt=\"\" class=\"wp-image-21056\" srcset=\"https:\/\/speyer24news.com\/wp-content\/uploads\/2019\/10\/Demokratietag-Ingelheim-2019.jpg 800w, https:\/\/speyer24news.com\/wp-content\/uploads\/2019\/10\/Demokratietag-Ingelheim-2019-300x190.jpg 300w, https:\/\/speyer24news.com\/wp-content\/uploads\/2019\/10\/Demokratietag-Ingelheim-2019-768x487.jpg 768w\" sizes=\"(max-width: 800px) 100vw, 800px\" \/><\/figure><\/div>\n\n\n\n<p><strong>Ingelheim \/ Neustadt &#8211; <\/strong>Unter dem Motto \u201eZukunft. Machen. Jetzt!\u201c er\u00f6ffnete Ministerpr\u00e4sidentin Malu Dreyer am 17. Oktober 2019 den 14. Demokratietag in Ingelheim am Rhein. \u00dcber 1.000 demokratieinteressierte Teilnehmerinnen und Teilnehmer fanden sich in Ingelheim ein.<\/p>\n\n\n\n<p>Das Neustadter Bildungsb\u00fcro beteiligte sich beim \u201eMarkt der (Demokratie-)M\u00f6glichkeiten\u201c als Aussteller und hatte so die M\u00f6glichkeit, f\u00fcnf ausgew\u00e4hlte Projekte aus dem Demokratienetzwerk Neustadt zu pr\u00e4sentieren. Dazu geh\u00f6rten u. a. das \u201eKinderparlament\u201c der st\u00e4dtischen Kindertagesst\u00e4tte Hetzelstift, das \u201eKomm mit!\u201c-Politikpraktikum f\u00fcr Jugendliche oder auch das Projekt \u201eGute Zeiten \u2013 Schlechte Zeiten\u201c, das speziell f\u00fcr Migrantinnen und Migranten konzipiert wurde. Unter den \u00fcber 70 Ausstellungsst\u00e4nden war Neustadt an der Weinstra\u00dfe au\u00dferdem durch das Hambacher Schloss sowie die Gedenkst\u00e4tte f\u00fcr NS-Opfer in Neustadt vertreten.<\/p>\n\n\n\n<div class=\"wp-block-image\"><figure class=\"aligncenter\"><img decoding=\"async\" loading=\"lazy\" width=\"800\" height=\"600\" src=\"https:\/\/speyer24news.com\/wp-content\/uploads\/2019\/10\/Demokratietag-RLP-Ingelheim-17.10.2019-Bildungsb\u00fcro.jpg\" alt=\"\" class=\"wp-image-21057\" srcset=\"https:\/\/speyer24news.com\/wp-content\/uploads\/2019\/10\/Demokratietag-RLP-Ingelheim-17.10.2019-Bildungsb\u00fcro.jpg 800w, https:\/\/speyer24news.com\/wp-content\/uploads\/2019\/10\/Demokratietag-RLP-Ingelheim-17.10.2019-Bildungsb\u00fcro-300x225.jpg 300w, https:\/\/speyer24news.com\/wp-content\/uploads\/2019\/10\/Demokratietag-RLP-Ingelheim-17.10.2019-Bildungsb\u00fcro-768x576.jpg 768w, https:\/\/speyer24news.com\/wp-content\/uploads\/2019\/10\/Demokratietag-RLP-Ingelheim-17.10.2019-Bildungsb\u00fcro-678x509.jpg 678w, https:\/\/speyer24news.com\/wp-content\/uploads\/2019\/10\/Demokratietag-RLP-Ingelheim-17.10.2019-Bildungsb\u00fcro-326x245.jpg 326w, https:\/\/speyer24news.com\/wp-content\/uploads\/2019\/10\/Demokratietag-RLP-Ingelheim-17.10.2019-Bildungsb\u00fcro-80x60.jpg 80w\" sizes=\"(max-width: 800px) 100vw, 800px\" \/><\/figure><\/div>\n\n\n\n<p>Erfreulicherweise wurde au\u00dferdem Petra Schanze vom Team offene Jugendarbeit des Jugendamtes Neustadt darum gebeten, ihr Gemeinschaftsprojekt \u201eJunior Memory Guide\u201c mit der Gedenkst\u00e4tte und dem Bildungsb\u00fcro in einem Workshop vorzustellen. Die peer-to-peer-Geschichtsf\u00fchrungen, bei denen Jugendliche andere Jugendliche zu den Themen Demokratie und Diktatur in Neustadt informieren, hat seit dem Start im Sommer 2019 bundesweit gro\u00dfe Aufmerksamkeit gewonnen. Erfreulicherweise konnte Schanze im Anschluss an ihren Workshop das Bildungsb\u00fcro an seinem Stand unterst\u00fctzen und bei Fragen zum Projekt direkt Rede und Antwort stehen. Ein gro\u00dfes Interesse bestand vor allem von Personen (z. B. Lehrern), die das Projekt gerne selbst in ihrer Region transferieren wollen.<\/p>\n\n\n\n<div class=\"wp-block-image\"><figure class=\"aligncenter\"><img decoding=\"async\" loading=\"lazy\" width=\"800\" height=\"600\" src=\"https:\/\/speyer24news.com\/wp-content\/uploads\/2019\/10\/Demokratietag-Ingelheim-10_2019.jpg\" alt=\"\" class=\"wp-image-21058\" srcset=\"https:\/\/speyer24news.com\/wp-content\/uploads\/2019\/10\/Demokratietag-Ingelheim-10_2019.jpg 800w, https:\/\/speyer24news.com\/wp-content\/uploads\/2019\/10\/Demokratietag-Ingelheim-10_2019-300x225.jpg 300w, https:\/\/speyer24news.com\/wp-content\/uploads\/2019\/10\/Demokratietag-Ingelheim-10_2019-768x576.jpg 768w, https:\/\/speyer24news.com\/wp-content\/uploads\/2019\/10\/Demokratietag-Ingelheim-10_2019-678x509.jpg 678w, https:\/\/speyer24news.com\/wp-content\/uploads\/2019\/10\/Demokratietag-Ingelheim-10_2019-326x245.jpg 326w, https:\/\/speyer24news.com\/wp-content\/uploads\/2019\/10\/Demokratietag-Ingelheim-10_2019-80x60.jpg 80w\" sizes=\"(max-width: 800px) 100vw, 800px\" \/><\/figure><\/div>\n\n\n\n<p>Die Stadt Neustadt an der Weinstra\u00dfe ist au\u00dferdem seit diesem Jahr offiziell einer der B\u00fcndnispartner im B\u00fcndnis \u201eDemokratie gewinnt!\u201c (siehe Foto, rechts von Malu Dreyer). Mehr Informationen zum Demokratietag unter <a href=\"https:\/\/demokratietag-rlp.de\/\">https:\/\/demokratietag-rlp.de\/<\/a> oder im Bildungsb\u00fcro: <a href=\"mailto:bildungsbuero@neustadt.eu\">bildungsbuero@neustadt.eu<\/a> oder 06321\/855576. Dieses informiert auch gerne \u00fcber die oben genannten Projekte des Demokratienetzwerks in Neustadt. <\/p>\n\n\n\n<p><em>Stadtverwaltung Neustadt an der Weinstra\u00dfe<br>25.10.2019  <\/em><\/p>\n","protected":false},"excerpt":{"rendered":"<div class=\"mh-excerpt\"><p>St\u00e4dtisches Bildungsb\u00fcro auf dem \u201eMarkt der (Demokratie-)M\u00f6glichkeiten\u201c beim 14. Demokratietag in Ingelheim vertreten Ingelheim \/ Neustadt &#8211; Unter dem Motto \u201eZukunft. Machen. Jetzt!\u201c er\u00f6ffnete Ministerpr\u00e4sidentin Malu Dreyer am 17. Oktober 2019 den 14. Demokratietag in <a class=\"mh-excerpt-more\" href=\"https:\/\/speyer24news.com\/?p=21055\" title=\"Neustadt an der Weinstra\u00dfe:\">[&#8230;]<\/a><\/p>\n<\/div>","protected":false},"author":3,"featured_media":21059,"comment_status":"open","ping_status":"open","sticky":false,"template":"","format":"standard","meta":{"_monsterinsights_skip_tracking":false,"_monsterinsights_sitenote_active":false,"_monsterinsights_sitenote_note":"","_monsterinsights_sitenote_category":0,"footnotes":""},"categories":[145],"tags":[4130,4123,4128,4127,4121,1956,4125,4124,59,146,4129,4126,4122],"aioseo_notices":[],"amp_enabled":true,"_links":{"self":[{"href":"https:\/\/speyer24news.com\/index.php?rest_route=\/wp\/v2\/posts\/21055"}],"collection":[{"href":"https:\/\/speyer24news.com\/index.php?rest_route=\/wp\/v2\/posts"}],"about":[{"href":"https:\/\/speyer24news.com\/index.php?rest_route=\/wp\/v2\/types\/post"}],"author":[{"embeddable":true,"href":"https:\/\/speyer24news.com\/index.php?rest_route=\/wp\/v2\/users\/3"}],"replies":[{"embeddable":true,"href":"https:\/\/speyer24news.com\/index.php?rest_route=%2Fwp%2Fv2%2Fcomments&post=21055"}],"version-history":[{"count":1,"href":"https:\/\/speyer24news.com\/index.php?rest_route=\/wp\/v2\/posts\/21055\/revisions"}],"predecessor-version":[{"id":21060,"href":"https:\/\/speyer24news.com\/index.php?rest_route=\/wp\/v2\/posts\/21055\/revisions\/21060"}],"wp:featuredmedia":[{"embeddable":true,"href":"https:\/\/speyer24news.com\/index.php?rest_route=\/wp\/v2\/media\/21059"}],"wp:attachment":[{"href":"https:\/\/speyer24news.com\/index.php?rest_route=%2Fwp%2Fv2%2Fmedia&parent=21055"}],"wp:term":[{"taxonomy":"category","embeddable":true,"href":"https:\/\/speyer24news.com\/index.php?rest_route=%2Fwp%2Fv2%2Fcategories&post=21055"},{"taxonomy":"post_tag","embeddable":true,"href":"https:\/\/speyer24news.com\/index.php?rest_route=%2Fwp%2Fv2%2Ftags&post=21055"}],"curies":[{"name":"wp","href":"https:\/\/api.w.org\/{rel}","templated":true}]}}