{"id":21066,"date":"2019-10-25T12:29:17","date_gmt":"2019-10-25T11:29:17","guid":{"rendered":"https:\/\/speyer24news.com\/?p=21066"},"modified":"2019-10-25T12:29:18","modified_gmt":"2019-10-25T11:29:18","slug":"germersheim-und-landkreis-ger-5","status":"publish","type":"post","link":"https:\/\/speyer24news.com\/?p=21066","title":{"rendered":"Germersheim und Landkreis GER:"},"content":{"rendered":"<style type=\"text\/css\">\r\n\t.ads_top_disp{}\r\n\t.ads_top_corner_disp{ float:left; margin:0px 10px 10px 0px; }\r\n\t.ads_first_p_disp{}\r\n\t.ads_bottom_disp{}\r\n\t<\/style>\n<h2 class=\"wp-block-heading\"><strong>N\u00e4chste\nSitzung des Kreisrechtsausschusses<\/strong><\/h2>\n\n\n\n<p><strong>Germersheim-Kreisverwaltung &#8211; <\/strong>Die n\u00e4chste \u00f6ffentliche\/nicht\u00f6ffentliche Sitzung des Kreisrechtsausschusses findet unter dem Vorsitz von Justiziarin Andrea Reinhart am <strong>Donnerstag, 31. Oktober 2019<\/strong>, ab 9 Uhr, in der Kreisverwaltung Germersheim, Luitpoldplatz 1, Sitzungssaal 1.OG, Raum 1.05, 76726 Germersheim, statt. <\/p>\n\n\n\n<p><em>Kreisverwaltung Germersheim<br>25.10.2019 <\/em><\/p>\n\n\n\n<h2 class=\"wp-block-heading\"><strong>Informationsveranstaltung Vorsorgevollmacht<\/strong><\/h2>\n\n\n\n<p><strong>Kandel-Frauen- und Familienzentrum &#8211;<\/strong> Die Betreuungsbeh\u00f6rde und die Betreuungsvereine im Landkreis Germersheim laden am <strong>Mittwoch, 06.11.2019<\/strong> um 19 Uhr, alle Interessierten zu einer Veranstaltung zum Thema \u201eVorsorgevollmacht\u201c ins  Frauen- und Familienzentrum Kandel e.V., Luitpoldstra\u00dfe 6 in Kandel ein. Bei dieser Veranstaltung geht es u.a. um Fragen wie \u201eIch wurde bevollm\u00e4chtigt, was sind meine Aufgaben? Auf was muss ich achten? <\/p>\n\n\n\n<p>Die\nBetreuungsvereine und die Betreuungsbeh\u00f6rde beraten viele Menschen zum Thema\nVorsorgevollmacht. Doch dabei geht es meistens um die Formulierung der\nVollmacht. Wenn dann die Vorsorgevollmacht wirklich gebraucht wird, weil der\nVollmachtgeber seine Angelegenheiten nicht mehr regeln kann, st\u00fcrzen viele\nAufgaben und Fragen auf den Bevollm\u00e4chtigten.<\/p>\n\n\n\n<p>Der\nAbend richtet sich an alle Interessierten, die bereits bevollm\u00e4chtigt wurden\noder bei denen eine Bevollm\u00e4chtigung ansteht.<\/p>\n\n\n\n<p>Es\nwerden die verschiedenen Aufgaben und die Verantwortung eines Bevollm\u00e4chtigten\nerl\u00e4utert, entsprechende Fragen beantwortet und Unterst\u00fctzungsm\u00f6glichkeiten\naufgezeigt.<\/p>\n\n\n\n<p>Das\nTreffen ist eine gemeinsame Veranstaltung von der Betreuungsbeh\u00f6rde und den\ndrei Betreuungsvereinen im Kreis Germersheim. Die Teilnahme ist kostenlos.<\/p>\n\n\n\n<p>Um eine Anmeldung unter einer dieser Telefonnummern\nwird gebeten.<\/p>\n\n\n\n<ul><li>Betreuungsbeh\u00f6rde, Herr Stegner 07274\/53264<\/li><li>AWO Betreuungsverein, Frau Lossin 07275\/8919<\/li><li>SKFM Betreuungsverein, Frau Klein 07274\/7078211<\/li><li>Lebenshilfe Betreuungsverein, Herr Bast 07271\/5050341<\/li><\/ul>\n\n\n\n<p><em>Kreisverwaltung Germersheim<br>25.10.2019 <\/em><\/p>\n\n\n\n<h2 class=\"wp-block-heading\"><strong>Mit Qualit\u00e4t zum Erfolg \u2013 Radfahren als Urlaubsthema<\/strong><\/h2>\n\n\n\n<div class=\"wp-block-image\"><figure class=\"aligncenter\"><img decoding=\"async\" loading=\"lazy\" width=\"800\" height=\"598\" src=\"https:\/\/speyer24news.com\/wp-content\/uploads\/2019\/10\/Tourismustag-Akteure1.jpg\" alt=\"\" class=\"wp-image-21071\" srcset=\"https:\/\/speyer24news.com\/wp-content\/uploads\/2019\/10\/Tourismustag-Akteure1.jpg 800w, https:\/\/speyer24news.com\/wp-content\/uploads\/2019\/10\/Tourismustag-Akteure1-300x224.jpg 300w, https:\/\/speyer24news.com\/wp-content\/uploads\/2019\/10\/Tourismustag-Akteure1-768x574.jpg 768w, https:\/\/speyer24news.com\/wp-content\/uploads\/2019\/10\/Tourismustag-Akteure1-326x245.jpg 326w, https:\/\/speyer24news.com\/wp-content\/uploads\/2019\/10\/Tourismustag-Akteure1-80x60.jpg 80w\" sizes=\"(max-width: 800px) 100vw, 800px\" \/><figcaption>v.l.:  Landrat Clemens K\u00f6rner (Rhein-Pfalz-Kreis), Dr. Detlev Janik, Gesch\u00e4ftsf\u00fchrer  Pfalz.Touristik e.V., Peter Gerlach, Stellv. Gesch\u00e4ftsf\u00fchrer des HeideRegion Uelzen e.V., Frank Hofmann, stellv. Vorsitzender des ADFC Bundesverbandes, Landrat Dr. Fritz Brechtel (Landkreis  Germersheim). <\/figcaption><\/figure><\/div>\n\n\n\n<p><strong>Germersheim \/ Ludwigshafen &#8211;<\/strong> Das Thema \u201eRadfahren\u201c stand im Fokus des diesj\u00e4hrigen Tourismustages der beiden Landkreise Germersheim und Rhein-Pfalz-Kreis. Landrat Dr. Fritz Brechtel betonte in seinem Gru\u00dfwort, dass die Region entlang des Rheins gute Bedingungen f\u00fcr einen aktiven Urlaub in der Natur bietet. Zahlreiche Themenradwege laden dazu ein, die besondere Landschaft entlang des Rheins bis hin zu den Ausl\u00e4ufern des Pf\u00e4lzerwaldes zu entdecken. \u201eUm unsere Region touristisch noch st\u00e4rker zu vermarkten, denken wir dar\u00fcber nach, ADFC-zertifizierte RadReiseRegion zu werden\u201c, so Landrat Dr. Brechtel.\u00a0 \u201e`Rad\u00b4 machen viele Regionen, warum kann es sich dennoch lohnen, dieses Thema zu besetzen? Und was sollten wir beachten, um konkurrenzf\u00e4hig zu sein?\u201c Wertvolle Erkenntnisse zu diesen Fragen bot der Vortrag von Frank Hofmann, stellv. Vorsitzender des ADFC Bundesverbandes, der die ADFC-Travelbike-Radreiseanalyse vorstellte und umfassende Informationen zur Zertifizierung zur ADFC-RadReiseRegion lieferte. Er stellte dar, wie bedeutsam das Thema Radfahren als Freizeit- und Urlaubsthema ist. 52 Prozent aller Deutschen fahren in ihrer Freizeit Rad, jeder zweite Deutsche macht Tagesausfl\u00fcge mit dem Rad. 5,5 Millionen Radreisende gibt es in Deutschland. Gro\u00dfes Interesse besteht an regionalen Produkten.<\/p>\n\n\n\n<div class=\"wp-block-image\"><figure class=\"aligncenter\"><img decoding=\"async\" loading=\"lazy\" width=\"800\" height=\"600\" src=\"https:\/\/speyer24news.com\/wp-content\/uploads\/2019\/10\/Tourismustag-Vortrag1.jpg\" alt=\"\" class=\"wp-image-21072\" srcset=\"https:\/\/speyer24news.com\/wp-content\/uploads\/2019\/10\/Tourismustag-Vortrag1.jpg 800w, https:\/\/speyer24news.com\/wp-content\/uploads\/2019\/10\/Tourismustag-Vortrag1-300x225.jpg 300w, https:\/\/speyer24news.com\/wp-content\/uploads\/2019\/10\/Tourismustag-Vortrag1-768x576.jpg 768w, https:\/\/speyer24news.com\/wp-content\/uploads\/2019\/10\/Tourismustag-Vortrag1-678x509.jpg 678w, https:\/\/speyer24news.com\/wp-content\/uploads\/2019\/10\/Tourismustag-Vortrag1-326x245.jpg 326w, https:\/\/speyer24news.com\/wp-content\/uploads\/2019\/10\/Tourismustag-Vortrag1-80x60.jpg 80w\" sizes=\"(max-width: 800px) 100vw, 800px\" \/><\/figure><\/div>\n\n\n\n<p>Anschlie\u00dfend berichtete Peter Gerlach, Stellv.\nGesch\u00e4ftsf\u00fchrer des HeideRegion Uelzen e.V. in seinem Vortrag \u201eMit Qualit\u00e4t zum\nErfolg \u2013 vier Jahre ADFC RadReiseRegion Uelzen\u201c \u00fcber die Schritte der\nHeideRegion Uelzen auf dem Weg zur Radreiseregion. Er stellte ausf\u00fchrlich dar,\nwie die ganze Region von der Zertifizierung profitieren konnte. Bei der\nanschlie\u00dfenden Podiumsdiskussion wurde deutlich, dass auch seitens der\nZuh\u00f6rerInnen ein gro\u00dfes Potential f\u00fcr einen Radurlaub gesehen wird. Clemens\nK\u00f6rner wies in seinem Schlusswort erneut auf die Wichtigkeit der Zusammenarbeit\nder einzelnen Regionen in der Pfalz hin und lud zum n\u00e4chsten Tourismustag ein,\nder am 13. Oktober 2020 im Rhein-Pfalz-Kreis stattfinden wird. Marcus Schaile,\nB\u00fcrgermeister Stadt Germersheim, freute sich, dass der Tourismustag in diesem\nJahr in Germersheim stattfand. Er nutzte die Gelegenheit, um die touristischen\nAkteure \u00fcber die Vorz\u00fcge der Stadt Germersheim f\u00fcr einen genussvollen Radurlaub\nzu informieren. Mit Unterst\u00fctzung des Landkreises Germersheim soll im Rahmen\ndes Modellprojekts \u201eTourismus f\u00fcr alle\u201c am Rhein ein barrierefreier Radweg\nausgeschildert werden. <\/p>\n\n\n\n<p>Gewohnt charmant f\u00fchrte Dr. Detlev Janik,\nGesch\u00e4ftsf\u00fchrer Pfalz.Touristik e.V., durch die Veranstaltung. Beim\nabschlie\u00dfenden Stehempfang wurden bereits erste Ideen ausgetauscht. <\/p>\n\n\n\n<p><em>Kreisverwaltung Germersheim<br>25.10.2019<\/em><\/p>\n\n\n\n<h2 class=\"wp-block-heading\"><strong>Von November bis Ende April Leerung der Biotonnen 14-t\u00e4glich<\/strong><\/h2>\n\n\n\n<div class=\"wp-block-image\"><figure class=\"aligncenter\"><img decoding=\"async\" loading=\"lazy\" width=\"667\" height=\"1000\" src=\"https:\/\/speyer24news.com\/wp-content\/uploads\/2019\/10\/Biotonne.jpg\" alt=\"\" class=\"wp-image-21069\" srcset=\"https:\/\/speyer24news.com\/wp-content\/uploads\/2019\/10\/Biotonne.jpg 667w, https:\/\/speyer24news.com\/wp-content\/uploads\/2019\/10\/Biotonne-200x300.jpg 200w\" sizes=\"(max-width: 667px) 100vw, 667px\" \/><\/figure><\/div>\n\n\n\n<p><strong>Kreis Germersheim &#8211; <\/strong>Die Kreisverwaltung weist darauf hin, dass von November bis Ende April, in der kalten Jahreszeit, f\u00fcr die Biotonnen ein anderer Leerungsrhythmus gilt. Sie werden in diesem Zeitraum alle zwei Wochen geleert. <\/p>\n\n\n\n<p>In diesem Zusammenhang gibt die\nKreisverwaltung den Tipp, den Terminservice der Abfallwirtschaft zu nutzen.\nHier erh\u00e4lt man seine pers\u00f6nlichen Abfuhrtermine (inkl. Verlegungen) ganz\neinfach per Mail zugeschickt. Daf\u00fcr registrieren kann man sich ganz einfach auf\nder Homepage der Abfallwirtschaft unter <a href=\"http:\/\/www.kreis-germersheim.de\/denkdran\">www.kreis-germersheim.de\/denkdran<\/a> .<\/p>\n\n\n\n<p><em>Kreisverwaltung Germersheim<br>25.10.2019 <\/em><\/p>\n\n\n\n<h2 class=\"wp-block-heading\"><strong>Aufruf: Bitte gehen Sie w\u00e4hlen!<\/strong><\/h2>\n\n\n\n<h3 class=\"wp-block-heading\">Wahl\ndes Beirats f\u00fcr Migration und Integration am 27. Oktober <\/h3>\n\n\n\n<p><strong>Kreis Germersheim &#8211; <\/strong> \u201eGehen Sie bitte w\u00e4hlen! Nutzen Sie die Chance, k\u00fcnftig Ihre Anliegen von einem demokratisch gew\u00e4hlten Beirat formulieren und vertreten zu lassen\u201c, rufen Landrat Dr. Fritz Bechtel und die Kreisbeigeordneten Christoph Buttweiler, Jutta Wegmann und Michael Braun alle Wahlberechtigten im Landkreis Germersheim auf. <\/p>\n\n\n\n<p>Am\n27. Oktober finden die Beiratswahlen statt. <\/p>\n\n\n\n<p><strong>Die Wahl erfolgt als Urnenwahl<\/strong>. Die Wahlbenachrichtigungen wurden\nbereits verschickt. \u201eBitte gehen Sie an die Urne und geben Sie Ihre Stimme ab\u201c,\nwirbt Landrat Brechtel, \u201eWenn Sie selbst nicht w\u00e4hlen d\u00fcrfen, machen Sie bitte\nIhre Mitmenschen aufmerksam auf diese Wahl.\u201c<\/p>\n\n\n\n<p><strong>Wahlberechtigt<\/strong> sind alle nichtdeutschen\nStaatsb\u00fcrger, alle mit doppelter Staatsb\u00fcrgerschaft und Menschen mit\nMigrationshintergrund (Eingeb\u00fcrgerte und Personen, bei denen mindestens ein\nElternteil Migrant\/in ist) im Landkreis. Sie wurden direkt angeschrieben. Wer\nnicht direkt angeschrieben wurde, kann bis zum 25. Oktober, 18 Uhr, zu seiner\nVerbandsgemeinde- oder Stadtverwaltung gehen und sich dort ins\nW\u00e4hlerverzeichnis eintragen lassen und sofort die Unterlagen erhalten. W\u00e4hlen\nd\u00fcrfen alle ab 16 Jahren.<\/p>\n\n\n\n<p>Der\nMigrationsbeiratdes Landkreises\nbesteht aus 15 Mitgliedern. Zehn werden direkt gew\u00e4hlt, f\u00fcnf vertreten die\nFraktionen aus dem Kreistag. Er vertritt die Interessen von Migrantinnen und\nMigranten im Landkreis, vermittelt zu Beh\u00f6rden und bietet allgemeine Hilfe an. <\/p>\n\n\n\n<p><strong>Der Wahl stellen sich: <\/strong>Tazeem Ahmad (Germersheim, pakistanisch), Maan Al Ali (Kandel, syrisch), Bshar Alali (Kandel, syrisch), Mohammed Alali (Kandel, syrisch), Dr. Saleh Barmo (Jockgrim, deutsch), Mohamed Ferraouni (Kandel, deutsch-algerisch), Dorothea Dr. Fuhr (Jockgrim, deutsch), Reinhard Kalker (Jockgrim, deutsch), Emmanuel Kounchou Kounchou (Germersheim, deutsch), Olga Lenk (Germersheim, russisch), Selime \u00d6kden (Germersheim, t\u00fcrkisch), G\u00fcrkan Pitirkan (Kandel, deutsch), Serkan Pitirkan (Kandel, deutsch), Marita Schunder (Germersheim, deutsch), Yvonne Van de Zande (Germersheim, niederl\u00e4ndisch), Vika Venediktova (Germersheim, litauisch), Ziya Y\u00fcksel (Kuhardt, deutsch).<\/p>\n\n\n\n<p><em>Kreisverwaltung Germersheim<br>25.10.2019 <\/em><\/p>\n\n\n\n<h2 class=\"wp-block-heading\"><strong>In den Herbstferien\n\u201eweitergelernt\u201c<\/strong><\/h2>\n\n\n\n<h3 class=\"wp-block-heading\"><strong>Eindr\u00fcckliche Bildungsfahrt f\u00fcr Jugendliche \u2013 Heute schon anmelden f\u00fcr ein \u201eBerlin 2020\u201c<\/strong><\/h3>\n\n\n\n<div class=\"wp-block-image\"><figure class=\"aligncenter\"><img decoding=\"async\" loading=\"lazy\" width=\"800\" height=\"400\" src=\"https:\/\/speyer24news.com\/wp-content\/uploads\/2019\/10\/191016-Berlinfahrt_Street-Art.jpg\" alt=\"\" class=\"wp-image-21068\" srcset=\"https:\/\/speyer24news.com\/wp-content\/uploads\/2019\/10\/191016-Berlinfahrt_Street-Art.jpg 800w, https:\/\/speyer24news.com\/wp-content\/uploads\/2019\/10\/191016-Berlinfahrt_Street-Art-300x150.jpg 300w, https:\/\/speyer24news.com\/wp-content\/uploads\/2019\/10\/191016-Berlinfahrt_Street-Art-768x384.jpg 768w\" sizes=\"(max-width: 800px) 100vw, 800px\" \/><\/figure><\/div>\n\n\n\n<p><strong>Berlin \/ Kreis Germersheim &#8211; <\/strong>15 interessierte junge Menschen waren in diesem Jahr bei der beliebten politischen Bildungsfahrt des Kreisjugendamtes nach Berlin dabei, um n\u00e4here Einblicke in das Politikgeschehen der Hauptstadt zu erhaschen. Jugenddezernent und Erster Kreisbeigeordneter der Kreisverwaltung Germersheim Christoph Buttweiler schickte die Gruppe in den Herbstferien auf die einw\u00f6chige Ferienreise.<\/p>\n\n\n\n<p>Aber nicht nur Bildung\nwie der Besuch beim Deutschen Bundestag und beim Bundesnachrichtendienst stand\nauf dem Programm. Neben ausreichend Zeit bei vielen weiteren Sehensw\u00fcrdig- und\nEinkaufsm\u00f6glichkeiten gab es auch kulturelle Angebote wie eine Berliner \u201eStreet\nArt\u201c-Tour mit Graffiti-Workshop sowie der Besuch eines\nImprovisationstheaters.&nbsp; <\/p>\n\n\n\n<p>Das Bildungsprogramm war sehr vielschichtig. Die Gruppe besuchte u.a. die Gedenkst\u00e4tten \u201eTopographie des Terrors\u201c und \u201eDeutscher Widerstand\u201c sowie die ehemalige Stasi-Haftanstalt \u201eBerlin-H\u00f6hensch\u00f6nhausen\u201c und die \u201eBernauer Stra\u00dfe\u201c. \u201eVon Ostalgie und DDR-Romantik kann sp\u00e4testens nach diesen Erfahrungen keine Rede mehr sein\u201c, betont der Erste Kreisbeigeordnete Christoph Buttweiler und gibt bekannt, \u201edass die notwendigen Schritte f\u00fcr die Neuauflage der bildungspolitischen Fahrt 2019 bereits in die Wege geleitet sind.\u201c Die <strong>n\u00e4chste Berlinfahrt<\/strong> findet in der zweiten Herbstferienwoche <strong>vom 17. bis 24. Oktober 2020<\/strong> statt. Unverbindliche Vorreservierungen sind ab sofort bei der Kreisjugendpflegerin Jeanette Zikko-Giessen, Tel. 07274\/53-372, E-Mail: <a href=\"j.zikko@kreis-germersheim.de\">j.zikko@kreis-germersheim.de<\/a>, m\u00f6glich.<\/p>\n\n\n\n<p><em>Kreisverwaltung Germersheim<br>25.10.2019 <\/em><\/p>\n\n\n\n<h2 class=\"wp-block-heading\"><strong>Dritte\nAbschlagzahlung f\u00fcr M\u00fcllgeb\u00fchren<\/strong><\/h2>\n\n\n\n<p><strong>Kreis Germersheim &#8211; Am 1. November 2019<\/strong> ist im Kreis Germersheim die 3. Abschlagzahlung der M\u00fcllgeb\u00fchren f\u00fcr das Jahr 2019 f\u00e4llig. Die Abfallwirtschaft der Kreisverwaltung Germersheim erinnert die betroffenen Grundst\u00fcckseigent\u00fcmer an die rechtzeitige Zahlung. Der Geb\u00fchrenbescheid wird immer zu Beginn des aktuellen Kalenderjahres verschickt. Er weist die H\u00f6he sowie die F\u00e4lligkeitstermine der zu zahlenden Abschlagbetr\u00e4ge aus.<\/p>\n\n\n\n<p>Gehen die M\u00fcllgeb\u00fchren nicht fristgerecht ein m\u00fcssen zus\u00e4tzlich Verwaltungsgeb\u00fchren erhoben werden. Wer eine Einzugserm\u00e4chtigung \/ SEPA-Lastschriftmandat erteilt hat erh\u00e4lt die Garantie, dass die Abfallgeb\u00fchren immer fristgerecht abgebucht werden. Das Formular hierf\u00fcr kann beim Fachbereich Abfallwirtschaft unter der Telefonnummer 07274\/53-256 angefordert werden. Es ist ebenso im Internet unter <a href=\"http:\/\/www.kreis-germersheim.de\/abfallwirtschaft\">www.kreis-germersheim.de\/abfallwirtschaft<\/a> unter der Rubrik Formulare abrufbar und muss unterschrieben an die Kreisverwaltung geschickt bzw. gefaxt werden.<\/p>\n\n\n\n<p>Die Kreisverwaltung bittet darum, bei Zahlungen unbedingt die Eigent\u00fcmernummer auf den \u00dcberweisungstr\u00e4gern anzugeben. Ohne diese Angabe k\u00f6nnen die eingehenden Betr\u00e4ge nicht zugeordnet werden.<\/p>\n\n\n\n<p><em>Kreisverwaltung Germersheim<br>25.10.2019 <\/em><\/p>\n\n\n\n<h1 class=\"wp-block-heading\" style=\"text-align:center\"><strong>Kreisvolkshochschule Germersheim<\/strong><\/h1>\n\n\n\n<div class=\"wp-block-image\"><figure class=\"aligncenter\"><img decoding=\"async\" src=\"https:\/\/speyer24news.com\/wp-content\/uploads\/2019\/10\/VHS-GER-Logo-1.png\" alt=\"\" class=\"wp-image-21070\"\/><\/figure><\/div>\n\n\n\n<h2 class=\"wp-block-heading\"><strong>Kurse, Vortr\u00e4ge, Veranstaltungen:<\/strong><\/h2>\n\n\n\n<p><strong>Kreis Germersheim-Kreisvolkshochschule (KVHS) &#8211;<\/strong> Es wird darauf hingewiesen, dass zu allen nachstehend aufgef\u00fchrten Kursen und Vortr\u00e4gen eine<strong> Anmeldung unbedingt erforderlich <\/strong>ist. Kontaktadressen sind am Ende des Textes zu finden.<\/p>\n\n\n\n<p><strong>Neuer-Termin\n\u2013 Beginn Hauptschulabschluss am Montag, 11.11.2019 <\/strong><\/p>\n\n\n\n<p><strong>2019kv037<\/strong><strong><\/strong><\/p>\n\n\n\n<p><strong>\u201eVorbereitungskurs zum nachtr\u00e4glichen Erwerb der\nBerufsreife (Hauptschulabschluss)\u201c &#8211; <\/strong>Kurs mit <strong>Christiane Langner-Feith: <\/strong>Germersheim, Ritter-von-Schmau\u00df-Str.\/Ecke\nParadeplatz, Seiteneingang der\nBerufsbildende Schule, 1. OG, Saal 1.01. Beginn: Montag, 11.11.2019, 18:00 &#8211; 21:15\nUhr. Dauer: 65 Termine, Kosten: 245,00\nEuro\/Person. <\/p>\n\n\n\n<p><strong>2019kv262<\/strong><strong><\/strong><\/p>\n\n\n\n<p><strong>\u201eSchnelllesen &#8211; Speed Reading\u00ae &#8211; eine Lesetechnik\u201c\n&#8211; <\/strong>Kurs mit<strong>Horst M\u00fcller:<\/strong>Germersheim, August-Keiler-Str.\n34, Goethe-Gymnasium, Ostbau, EG, Saal\n081. Beginn: Samstag, 16.11.2019, 09:30\n&#8211; 17:30 Uhr. Dauer: 1 Termin, Kosten: 45,00 Euro\/Person.<\/p>\n\n\n\n<p><strong>2019kv352<\/strong><strong><\/strong><\/p>\n\n\n\n<p><strong>\u201eSalsa Cubana &#8211; f\u00fcr Einsteiger*innen &#8211; Kurs B\u201c &#8211;\n<\/strong>Kurs mit <strong>Mostafa Abd\nAlla: <\/strong>Germersheim, Ritter-von-Schmau\u00df-Str.\/Ecke Paradeplatz, Seiteneingang der Berufsbildende Schule, EG, Saal E 07.\nBeginn: Sonntag, 17.11.2019, 15:00 &#8211; 19:15 Uhr. Dauer: 1 Termin, Kosten: 25,00\nEuro\/Person.<\/p>\n\n\n\n<p><strong>2019kv281<\/strong><strong><\/strong><\/p>\n\n\n\n<p><strong>\u201eSelbstverteidigung\u201c &#8211; <\/strong>Kurs mit <strong>Sascha Kimling: <\/strong>Germersheim, August-Keiler-Str.\n34, Goethe-Gymnasium, Ostbau, 2. OG,\nGymnastikhalle. Beginn: Sonntag, 24.11.2019, 10:00\n&#8211; 16:00 Uhr. Dauer: 1 Termin, Kosten: 26,00 Euro\/Person.<\/p>\n\n\n\n<p><strong>2019kv197\nund 2019kv198<\/strong><\/p>\n\n\n\n<p><strong>\u201eEinb\u00fcrgerungstest, Termin 21 am Vormittag und Termin 22\nam Nachmittag-\u201c &#8211; Test mit Karin Tr\u00e4ber:\n<\/strong>Germersheim, Ritter-von-Schmau\u00df-Str.\/Ecke\nParadeplatz, Seminarraum 1 der KVHS\nGesch\u00e4ftsstelle, am Montag, 16.\nDezember 2019, Termin 21 um 10:00 Uhr, Termin 22\num 15:00 Uhr, Dauer: 60 Minuten, Kosten: 25,00\nEuro\/Person. <strong>Anmeldeschluss: 15.\nNovember 2019.<\/strong><\/p>\n\n\n\n<p><strong>2019kv225<\/strong><strong><\/strong><\/p>\n\n\n\n<p><strong>\u201eFrau und ihre Altersvorsorge &#8211; Vortrag B\u201c &#8211; <\/strong>Kurs mit<strong> Andrea Kalt:<\/strong> Germersheim, Ritter-von-Schmau\u00df-Str.\/Ecke\nParadeplatz, Seminarraum 1 in der KVHS\nGesch\u00e4ftsstelle. Beginn: Montag, 18.11.2019, 19:00\n&#8211; 21:15 Uhr. Dauer: 1 Termin, Kosten: 10,00 Euro\/Person.<\/p>\n\n\n\n<p><strong>2019kv266<\/strong><strong><\/strong><\/p>\n\n\n\n<p><strong>\u201eErbrecht &#8211; Rechtsvortrag B\u201c &#8211; <\/strong>Kurs mit<strong> Michael M\u00fcnch:<\/strong> Germersheim, Ritter-von-Schmau\u00df-Str.\/Ecke\nParadeplatz, Seminarraum 1 in der KVHS\nGesch\u00e4ftsstelle. Beginn: Dienstag,\n19.11.2019, 19:30 &#8211; 21:00 Uhr. Dauer: 1 Termin, Kosten: 10,00 Euro\/Person.<\/p>\n\n\n\n<p><strong>2019kv249<\/strong><strong><\/strong><\/p>\n\n\n\n<p><strong>\u201eSprachpr\u00fcfungsvorbereitung &#8211; Deutsch B1\/B2\u201c &#8211; <\/strong>Kurs mit<strong> Mike R\u00f6tzel:<\/strong> Germersheim, Ritter-von-Schmau\u00df-Str.\/Ecke\nParadeplatz, Seiteneingang der\nBerufsbildende Schule, EG, Saal E 07. Beginn: Samstag, 23.11.2019, 08:30 &#8211; 13:00\nUhr. Dauer: 1 Termin, Kosten: 20,00 Euro\/Person.<\/p>\n\n\n\n<p><strong>2019kv250<\/strong><strong><\/strong><\/p>\n\n\n\n<p><strong>\u201eSprachpr\u00fcfungsvorbereitung &#8211; Deutsch C1 Hochschule\u201c\n&#8211; <\/strong>Kurs mit<strong> Mike R\u00f6tzel:<\/strong>\nGermersheim, Ritter-von-Schmau\u00df-Str.\/Ecke Paradeplatz, Seiteneingang der Berufsbildende Schule, EG, Saal E 07. Beginn: Sonntag, 24.11.2019,\n08:30 &#8211; 15:00\nUhr. Dauer: 1 Termin, Kosten: 40,00 Euro\/Person.<\/p>\n\n\n\n<p><strong>2019kv251<\/strong><strong><\/strong><\/p>\n\n\n\n<p><strong>\u201eDeutsch Sprachpr\u00fcfungszertifikat A1 von telc\u201c &#8211;\n<\/strong>Kurs mit<strong> Karin\nTr\u00e4ber, Mike R\u00f6tzel:<\/strong> Germersheim,\nRitter-von-Schmau\u00df-Str.\/Ecke Paradeplatz,\nSeiteneingang der Berufsbildende Schule, EG,\nSaal 101\/102\/104. Beginn: Samstag,\n30.11.2019, 09:00 &#8211; 16:00 Uhr. Dauer: 1 Termin, Kosten: 80,00 Euro\/Person.<\/p>\n\n\n\n<p><strong>2019kv252<\/strong><strong><\/strong><\/p>\n\n\n\n<p><strong>\u201eDeutsch Sprachpr\u00fcfungszertifikat A2 von telc\u201c &#8211;\n<\/strong>Kurs mit<strong> Karin\nTr\u00e4ber, Mike R\u00f6tzel:<\/strong> Germersheim,\nRitter-von-Schmau\u00df-Str.\/Ecke Paradeplatz,\nSeiteneingang der Berufsbildende Schule, EG,\nSaal 101\/102\/104. Beginn: Samstag,\n30.11.2019, 09:00 &#8211; 16:00 Uhr. Dauer: 1 Termin, Kosten: 95,00 Euro\/Person.<\/p>\n\n\n\n<p><strong>2019kv221<\/strong><strong><\/strong><\/p>\n\n\n\n<p><strong>\u201eFeldenkraismethode\u00ae &#8211; Kurs B\u201c &#8211; <\/strong>Kurs mit<strong> Katharina Gayer:<\/strong> Germersheim, Ritter-von-Schmau\u00df-Str.\/Ecke\nParadeplatz, Seiteneingang der\nBerufsbildende Schule, EG, Saal E 06. Beginn: Samstag, 30.11.2019, 10:00 &#8211; 16:30\nUhr. Dauer: 1 Termin, Kosten: 40,00 Euro\/Person.<\/p>\n\n\n\n<p>Eine <strong>Anmeldung<\/strong> ist zu allen Veranstaltungen der Kreisvolkshochschule zwingend <strong>erforderlich. <\/strong>Pers\u00f6nlich\u00a0bei der Gesch\u00e4ftsstelle der KVHS in Germersheim, Ritter-von-Schmau\u00df-Str.\/Ecke Paradeplatz, telefonisch 07274-53334 oder -53382, per E-Mail: <a href=\"mailto:vhs@kreis-germersheim.de\">vhs@kreis-germersheim.de<\/a> oder online \u00fcber ein Buchungsformular auf der Homepage unter <a href=\"http:\/\/www.kreis-germersheim.de\/kvhs\">www.kreis-germersheim.de\/kvhs<\/a>.<\/p>\n\n\n\n<h4 class=\"wp-block-heading\"><strong>Bitte beachten Sie unsere\n\u00d6ffnungszeiten:<\/strong><\/h4>\n\n\n\n<p>Montag\nbis Freitag: 08:30 bis 12:00 Uhr, Dienstag: 13:30 bis 16:00 Uhr, Donnerstag:\n13:30 bis 18:00 Uhr, <\/p>\n\n\n\n<p>Annahmeschluss: jeweils\u00a015 Minuten vor Ende der \u00d6ffnungszeiten.<\/p>\n\n\n\n<p><em>Kreisverwaltung Germersheim \/ Kreisvolkshochschule  <br>25.10.2019<\/em><\/p>\n","protected":false},"excerpt":{"rendered":"<div class=\"mh-excerpt\"><p>N\u00e4chste Sitzung des Kreisrechtsausschusses Germersheim-Kreisverwaltung &#8211; Die n\u00e4chste \u00f6ffentliche\/nicht\u00f6ffentliche Sitzung des Kreisrechtsausschusses findet unter dem Vorsitz von Justiziarin Andrea Reinhart am Donnerstag, 31. Oktober 2019, ab 9 Uhr, in der Kreisverwaltung Germersheim, Luitpoldplatz 1, Sitzungssaal <a class=\"mh-excerpt-more\" href=\"https:\/\/speyer24news.com\/?p=21066\" title=\"Germersheim und Landkreis GER:\">[&#8230;]<\/a><\/p>\n<\/div>","protected":false},"author":3,"featured_media":0,"comment_status":"open","ping_status":"open","sticky":false,"template":"","format":"standard","meta":{"_monsterinsights_skip_tracking":false,"_monsterinsights_sitenote_active":false,"_monsterinsights_sitenote_note":"","_monsterinsights_sitenote_category":0,"footnotes":""},"categories":[449],"tags":[4148,4144,2189,2779,4147,4145,4146,210,2959,1664,1665,2601,153,4143,4142],"aioseo_notices":[],"amp_enabled":true,"_links":{"self":[{"href":"https:\/\/speyer24news.com\/index.php?rest_route=\/wp\/v2\/posts\/21066"}],"collection":[{"href":"https:\/\/speyer24news.com\/index.php?rest_route=\/wp\/v2\/posts"}],"about":[{"href":"https:\/\/speyer24news.com\/index.php?rest_route=\/wp\/v2\/types\/post"}],"author":[{"embeddable":true,"href":"https:\/\/speyer24news.com\/index.php?rest_route=\/wp\/v2\/users\/3"}],"replies":[{"embeddable":true,"href":"https:\/\/speyer24news.com\/index.php?rest_route=%2Fwp%2Fv2%2Fcomments&post=21066"}],"version-history":[{"count":1,"href":"https:\/\/speyer24news.com\/index.php?rest_route=\/wp\/v2\/posts\/21066\/revisions"}],"predecessor-version":[{"id":21073,"href":"https:\/\/speyer24news.com\/index.php?rest_route=\/wp\/v2\/posts\/21066\/revisions\/21073"}],"wp:attachment":[{"href":"https:\/\/speyer24news.com\/index.php?rest_route=%2Fwp%2Fv2%2Fmedia&parent=21066"}],"wp:term":[{"taxonomy":"category","embeddable":true,"href":"https:\/\/speyer24news.com\/index.php?rest_route=%2Fwp%2Fv2%2Fcategories&post=21066"},{"taxonomy":"post_tag","embeddable":true,"href":"https:\/\/speyer24news.com\/index.php?rest_route=%2Fwp%2Fv2%2Ftags&post=21066"}],"curies":[{"name":"wp","href":"https:\/\/api.w.org\/{rel}","templated":true}]}}