{"id":21406,"date":"2019-10-27T09:04:05","date_gmt":"2019-10-27T08:04:05","guid":{"rendered":"https:\/\/speyer24news.com\/?p=21406"},"modified":"2019-10-27T09:04:06","modified_gmt":"2019-10-27T08:04:06","slug":"polizei-108","status":"publish","type":"post","link":"https:\/\/speyer24news.com\/?p=21406","title":{"rendered":"Polizei:"},"content":{"rendered":"<style type=\"text\/css\">\r\n\t.ads_top_disp{}\r\n\t.ads_top_corner_disp{ float:left; margin:0px 10px 10px 0px; }\r\n\t.ads_first_p_disp{}\r\n\t.ads_bottom_disp{}\r\n\t<\/style>\n<h2 class=\"wp-block-heading\">Polizeimeldungen vom Samstag (26.10.2019)<\/h2>\n\n\n\n<div class=\"wp-block-image\"><figure class=\"aligncenter\"><img decoding=\"async\" src=\"https:\/\/speyer24news.com\/wp-content\/uploads\/2019\/10\/Aktuelles-Polizeilogo.jpg\" alt=\"\" class=\"wp-image-20680\"\/><\/figure><\/div>\n\n\n\n<h4 class=\"wp-block-heading\">(Speyer) &#8211; K\u00f6rperverletzung<\/h4>\n\n\n\n<p>Leichte Verletzungen in Form von Schmerzen an Torso und H\u00e4nden, sowie  eine besch\u00e4digte Jacke ist die Bilanz eines K\u00f6rperverletzungsdelikts in  den fr\u00fchen Morgenstunden des 26.10.2019. Die 38-j\u00e4hrige Gesch\u00e4digte  befand sich auf dem Weg zu ihrer Wohnung in Speyer-Nord, als sie von  zwei m\u00e4nnlichen Personen angegriffen wurde. Die beiden M\u00e4nner hielten  die Gesch\u00e4digte fest und dr\u00fcckten sie an eine vor Ort befindliche  Laterne. Die Gesch\u00e4digte konnte sich mittels Gegenwehr aus den F\u00e4ngen  der beiden T\u00e4ter befreien und fl\u00fcchten. \u00dcber das Mobiltelefon eines  zuf\u00e4llig vorbeikommenden Passanten konnte die Gesch\u00e4digte die Polizei  alarmieren. Die sofort eingeleitete Fahndung nach den beiden T\u00e4tern  verlief zun\u00e4chst negativ. Im Zuge der weiteren Fahndungsma\u00dfnahmen  konnten jedoch zwei Personen ermittelt werden, gegen die sich nunmehr  der Tatverdacht richtet. Hierzu bedarf es jedoch weiterer Ermittlungen. <\/p>\n\n\n\n<h4 class=\"wp-block-heading\">(Speyer) &#8211; Fahren unter Alkoholeinfluss<\/h4>\n\n\n\n<p>Der 20-j\u00e4hrige Betroffene konnte am fr\u00fchen Samstagmorgen in Speyer  einer Verkehrskontrolle unterzogen werden. Hierbei stellten die Beamten  Alkoholgeruch in der Atemluft des PKW Lenkers fest. Der anschlie\u00dfend  durchgef\u00fchrte Atemalkoholtest ergab einen Wert von 0,8 Promille. Die  Fahrt war hiermit beendet. Der Betroffene durfte die Beamten zur  Dienststelle begleiten, wo er einer weiteren Atemalkoholmessung  unterzogen wurde. Dieser gerichtsverwertbare Test best\u00e4tigte die zuvor  gewonnenen Erkenntnisse. Resultat dieser Alkoholfahrt war die  Sicherstellung des F\u00fchrerscheines bis zur Ausn\u00fcchterung. Weiterhin  erwartet den Betroffenen ein Bu\u00dfgeld von mindestens 500 Euro und ein  Fahrverbot von mindestens einem Monat. <\/p>\n\n\n\n<h4 class=\"wp-block-heading\">(Speyer) &#8211; Raub<\/h4>\n\n\n\n<p>Zwei Dosen mit medizinischem Cannabis ist die Beute eines 26-j\u00e4hrigen  Mannes aus Speyer, die er am Freitagmittag aus einem Raubdelikt  erlangte. Der Mann hatte den 24-j\u00e4hrigen Gesch\u00e4digten angesprochen und  ihn nach dem Besitz von Bet\u00e4ubungsmitteln befragt. Da der Gesch\u00e4digte  das medizinisch verordnete Bet\u00e4ubungsmittel nicht freiwillig aush\u00e4ndigen  wollte, wandte der T\u00e4ter Gewalt an, in dem er den Gesch\u00e4digten packte  und ihm drohte. Da der Gesch\u00e4digte hierauf nicht reagierte, nahm sich  der T\u00e4ter die beiden Dosen selbst. Der Gesch\u00e4digte wurde hierbei nicht  verletzt. Im Zuge der sofortigen Fahndungsma\u00dfnahmen der Polizei konnte  der Beschuldigte wenig sp\u00e4ter festgestellt und kontrolliert werden. Er  wurde zur Dienststelle verbracht, und weiteren strafprozessualen  Ma\u00dfnahmen unterzogen. Ihn erwartet ein Ermittlungsverfahren wegen Raub  und versuchter K\u00f6rperverletzung. <\/p>\n\n\n\n<h4 class=\"wp-block-heading\">(R\u00f6merberg) &#8211; Unter Alkoholeinfluss einen Auffahrunfall verursacht<\/h4>\n\n\n\n<p>Ein Sachschaden von insgesamt 3500 Euro entstand am fr\u00fchen  Freitagnachmittag im Rahmen eines Auffahrunfalles in R\u00f6merberg. Die  beiden Unfallbeteiligten befuhren die Kreisstra\u00dfe 25 von Mechtersheim  kommend. In H\u00f6he einer Kindertagesst\u00e4tte wollte der vorausfahrende PKW  nach rechts abbiegen. Der nachfolgende PKW Lenker, ein 35-j\u00e4hriger Mann  aus R\u00f6merberg, realisierte dies zu sp\u00e4t und fuhr dem vorausfahrenden PKW  hinten auf. Der darin befindliche PKW Lenker wurde hierbei nicht  verletzt. Im Rahmen der Unfallaufnahme fiel den eingesetzten  Polizeibeamten die glasigen Augen und der Atemalkoholgeruch des  35-J\u00e4hrigen auf. Der freiwillig durchgef\u00fchrte Atemalkoholtest ergab  einen Wert von 0,46 Promille. Der Mann musste aus diesem Grund eine  Blutprobe abgeben. Die weiteren Ermittlungen m\u00fcssen nunmehr ergeben, ob  der Alkoholkonsum urs\u00e4chlich f\u00fcr den vorliegenden Verkehrsunfall war.  Ein entsprechendes Ermittlungsverfahren wurde eingeleitet. <\/p>\n\n\n\n<h4 class=\"wp-block-heading\">(Harthausen) &#8211; Mit Wildschwein kollidiert<\/h4>\n\n\n\n<p>Ein Sachschaden von circa 1500 Euro entstand am Freitagmorgen bei einem  Wildunfall auf der Landesstra\u00dfe 537 zwischen Harthausen und  Schwegenheim. Ein 55-j\u00e4hriger PKW Lenker kollidierte beim Befahren der  Landstra\u00dfe mit einem Wildschwein, welches die Stra\u00dfe von rechts nach  links \u00fcberqueren wollte. Das Tier erlag noch an der Unfallstelle seinen  Verletzungen. Der zust\u00e4ndige Jagdp\u00e4chter wurde verst\u00e4ndigt und k\u00fcmmerte  sich um das verstorbene Tier. Der besch\u00e4digte PKW musste abgeschleppt  werden. Zus\u00e4tzlich musste die Stra\u00dfenmeisterei verst\u00e4ndigt werden, da  das Fahrzeug \u00d6l verloren hatte. <\/p>\n\n\n\n<h4 class=\"wp-block-heading\">(W\u00f6rth) &#8211; Schwerer Verkehrsunfall zwischen Maximiliansau und Hagenbach \/ 5 Verletzte<\/h4>\n\n\n\n<div class=\"wp-block-image\"><figure class=\"aligncenter\"><img decoding=\"async\" loading=\"lazy\" width=\"500\" height=\"667\" src=\"https:\/\/speyer24news.com\/wp-content\/uploads\/2019\/10\/26.10.19-W\u00f6rth-VU2.jpg\" alt=\"\" class=\"wp-image-21408\" srcset=\"https:\/\/speyer24news.com\/wp-content\/uploads\/2019\/10\/26.10.19-W\u00f6rth-VU2.jpg 500w, https:\/\/speyer24news.com\/wp-content\/uploads\/2019\/10\/26.10.19-W\u00f6rth-VU2-225x300.jpg 225w\" sizes=\"(max-width: 500px) 100vw, 500px\" \/><figcaption>Verursachender Pkw<\/figcaption><\/figure><\/div>\n\n\n\n<p>Am Samstagmittag gegen 16 Uhr ereignete sich auf der Stra\u00dfe zwischen  Maximiliansau und Hagenbach ein Frontalzusammensto\u00df zwischen zwei Pkw.  Nach dem derzeitigen Ermittlungsstand kam der Fahrzeugf\u00fchrer, der  Richtung Hagenbach fuhr, auf halber Strecke aus bislang ungekl\u00e4rter  Ursache auf die Gegenfahrbahn und kollidierte frontal mit dem  entgegenkommenden Pkw, welcher mit vier Personen besetzt war. <\/p>\n\n\n\n<div class=\"wp-block-image\"><figure class=\"aligncenter\"><img decoding=\"async\" loading=\"lazy\" width=\"500\" height=\"673\" src=\"https:\/\/speyer24news.com\/wp-content\/uploads\/2019\/10\/26.10.19-W\u00f6rth-VU.jpg\" alt=\"\" class=\"wp-image-21407\" srcset=\"https:\/\/speyer24news.com\/wp-content\/uploads\/2019\/10\/26.10.19-W\u00f6rth-VU.jpg 500w, https:\/\/speyer24news.com\/wp-content\/uploads\/2019\/10\/26.10.19-W\u00f6rth-VU-223x300.jpg 223w\" sizes=\"(max-width: 500px) 100vw, 500px\" \/><\/figure><\/div>\n\n\n\n<p>Bei dem  Zusammensto\u00df wurde der Verursacher im Pkw eingeklemmt und musste durch  die Feuerwehr geborgen werden. Er wurde schwer verletzt mit dem  Hubschrauber in ein Krankenhaus verbracht. Ein schwer verletzter Insasse  des gegnerischen Pkw wurde ebenfalls mit einem Hubschrauber in ein  Krankenhaus geflogen. Die drei anderen leichter Verletzten wurden in  umliegende Krankenh\u00e4user verbracht. Die Feuerwehren der Stadt W\u00f6rth und  der Verbandsgemeinde Hagenbach sperrten die Strecke f\u00fcr zweieinhalb  Stunden. <\/p>\n\n\n\n<h4 class=\"wp-block-heading\">(Landau) &#8211; Uneinsichtiger Schl\u00e4ger landet im Polizeigewahrsam<\/h4>\n\n\n\n<p>Zu einer wechselseitigen K\u00f6rperverletzung kam es am fr\u00fchen  Samstagmorgen, 26.10.2019, gegen 04.00 Uhr, vor einem Landauer  Nachtclub. Ein 19-j\u00e4hriger aus Neustadt und ein 21-j\u00e4hriger aus Landau  verwickelten sich vor dem Nachtclub aus unbekannten Gr\u00fcnden zun\u00e4chst in  ein verbales Streitgespr\u00e4ch. Als der verbale Schlagabtausch vermutlich  nicht mehr ausreichte, entwickelte sich eine handfeste  Auseinandersetzung unter den beiden Streith\u00e4hnen. Mitarbeiter eines vor  Ort befindlichen Sicherheitsdienstes griffen ein und trennten die beiden  Protagonisten. Hierbei beleidigte und bedrohte der 19-j\u00e4hrige  zus\u00e4tzlich die Mitarbeiter des Sicherheitsdienstes. Auch beim Eintreffen  der Polizei war der 19-j\u00e4hrige noch sehr aggressiv und von weiteren  Auseinandersetzungen mit Beteiligung des jungen Neustadters war  auszugehen. Um dies zu verhindern wurde er in polizeilichen Gewahrsam  genommen und verbrachte den Vormittag in der Gewahrsamszelle.  Sein  Alkoholisierungsgrad von 1,53 Promille d\u00fcrfte sich bis zur Entlassung  ebenfalls um einen Gro\u00dfteil verringert haben. Auf beide Schl\u00e4ger kommt  eine Anzeige wegen K\u00f6rperverletzung zu. Zus\u00e4tzlich bekommt der  19-j\u00e4hrigen eine Anzeige wegen Beleidigung und Bedrohung gegen die  Mitarbeiter des Sicherheitsdienstes. <\/p>\n\n\n\n<h4 class=\"wp-block-heading\">(Landau) &#8211; Ohne Fahrerlaubnis aber daf\u00fcr mit Alkoholfahne unterwegs<\/h4>\n\n\n\n<p>In den fr\u00fchen Morgenstunden des 26.10.2019 fiel ein 21-j\u00e4hriger Mann  aus Landau auf, der in der Mahlastra\u00dfe lautstark mit anderen Personen  eine Diskussion angefangen hatte. Im Rahmen einer Kontrolle konnte  Alkoholgeruch wahrgenommen werden. Weiterhin wurde im Rahmen der  Kontrolle bekannt, dass der junge Mann mit dem Auto zur \u00d6rtlichkeit  gefahren war. Aufgrund des Verdachtes der Teilnahme am Stra\u00dfenverkehr  unter Alkoholeinfluss wurde er zur Durchf\u00fchrung eines Atemalkoholtestes  zur PI Landau verbracht. Der dort ermittelte Wert ergab 0,68 Promille.  Der Landauer ist bereits seit August 2018 nicht mehr im Besitz einer  g\u00fcltigen Fahrerlaubnis. Auf ihn kommen eine Anzeige wegen Fahren ohne  Fahrerlaubnis sowie eine Anzeige wegen Fahren unter Alkoholeinfluss zu.<\/p>\n\n\n\n<h4 class=\"wp-block-heading\">(Landau) &#8211; Umfangreiche Fahrradkontrollen im Stadtgebiet<\/h4>\n\n\n\n<p>Im Bereich des Stadtgebietes Landau fanden am 25.10.2019, zu  unterschiedlichen Tageszeiten und an verschiedenen \u00d6rtlichkeiten,  Fahrradkontrollen statt. Das polizeiliche Augenmerk war schwerpunktm\u00e4\u00dfig  auf  das Fahrverhalten und die lichttechnischen Einrichtungen  gerichtet. Es wurden insgesamt 77 Radfahrer\/-innen und ihre Fahrr\u00e4der  kontrolliert. 17 Radfahrer\/-innen mussten auf ihr Fehlverhalten  angesprochen und Hinweise auf mangelhafte lichttechnischen Einrichtung  bzw. fehlende Sicherheitshelme gegeben werden. <\/p>\n\n\n\n<h4 class=\"wp-block-heading\">(Edenkoben) &#8211; Kurz beim B\u00e4cker gewesen<\/h4>\n\n\n\n<p>Nur wenige Minuten parkte am 25.10.2019 gegen 11:20 Uhr die 63-j\u00e4hrige  Gesch\u00e4digte ihren Smart auf einem Parkplatz in der Klosterstra\u00dfe, um  kurz in der B\u00e4ckerei einzukaufen. Als sie zu ihrem Fahrzeug zur\u00fcckkam  bemerkte sie einen Streifschaden an der Fahrert\u00fcr. Die Schadensh\u00f6he  betr\u00e4gt 800 Euro. Der Unfallverursacher fl\u00fcchtete, ohne sich um den  entstandenen Schaden zu k\u00fcmmern. Sachdienliche Hinweise zu dem  Unbekannten nimmt die Polizei in Edenkoben unter der Telefonnummer 06323  9550 entgegen. <\/p>\n\n\n\n<h4 class=\"wp-block-heading\">(Edenkoben) &#8211; 12 Fahrer zu schnell<\/h4>\n\n\n\n<p>Bei einer Geschwindigkeits\u00fcberwachung am 25.10.2019 in der Weinstra\u00dfe  in Edenkoben mussten innerhalb von 40 Minuten 12 PKW-Fahrer beanstandet  werden, die bei erlaubten 30 km\/h zu schnell fuhren. Spitzenreiter im  negativen Sinne war ein PKW-Fahrer mit gemessenen 53 km\/h. Alle  PKW-Fahrer wurden geb\u00fchrenpflichtig verwarnt. <\/p>\n\n\n\n<h4 class=\"wp-block-heading\">(Maikammer) &#8211; Kurz bei der Bank gewesen<\/h4>\n\n\n\n<p>Gegen 12 Uhr parkte am 25.10.2019 der 63 j\u00e4hrige VW-Fahrer auf dem  Parkplatz der Volksbank in Maikammer. Als er kurze Zeit sp\u00e4ter zu seinem  Fahrzeug zur\u00fcckkam musste er einen frischen Schaden an der linken Seite  seines PKW feststellen. Die Schadensh\u00f6he betr\u00e4gt 800 Euro. Der  Unfallverursacher fl\u00fcchtete, ohne sich um den entstandenen Schaden zu  k\u00fcmmern. Sachdienliche Hinweise zu dem Unbekannten nimmt die Polizei in  Edenkoben unter der Telefonnummer 06323 9550 entgegen. <\/p>\n\n\n\n<h4 class=\"wp-block-heading\">(Neustadt) &#8211; Kinder gefilmt und im Anschluss Polizisten beleidigt<\/h4>\n\n\n\n<p>Am Freitag, den 25.10.19, gegen 18.00 Uhr wurde die Polizei Neustadt  durch eine besorgte Mutter informiert, dass ein Nachbar die spielenden  Kinder auf dem Spielplatz im Harth\u00e4userweg in Neustadt\/Wstr. filmen  w\u00fcrde. Dies kam der Mutter seltsam vor. Der 51-j\u00e4hrige konnte im  Anschluss durch eine Funkstreife angetroffen werden. Der Hintergrund  seines Handelns konnte nicht gekl\u00e4rt werden. Nach einem belehrenden  Gespr\u00e4ch l\u00f6schte er zun\u00e4chst die Videoaufzeichnung, redete sich jedoch  vollkommen in Rage und beleidigte im Verlauf des Gespr\u00e4chs die  eingesetzten Beamten. Eine entsprechende Strafanzeige wurde gefertigt. <\/p>\n\n\n\n<h4 class=\"wp-block-heading\">(Neustadt) &#8211; Verkehrskontrollen im Stadtgebiet Neustadt an der Weinstra\u00dfe<\/h4>\n\n\n\n<p>Am Vormittag des 25.10.2019 wurden im Stadtgebiet station\u00e4re  Verkehrskontrollen durchgef\u00fchrt. Hierbei wurden sechs Fahrzeugf\u00fchrer  verwarnt, da sie den Sicherheitsgurt nicht angelegt hatten. Weiter wurde  gegen einen Fahrzeugf\u00fchrer eine Ordnungswidrigkeitenanzeige wegen des  Telefonierens am Steuer eingeleitet. Im Rahmen der Kontrollen konnte bei  einem 21-j\u00e4hrigen Neustadter der Anfangsverdacht auf den Konsum von  Bet\u00e4ubungsmittel gewonnen werden. Dem jungen Fahrzeugf\u00fchrer wurde auf  der Dienststelle eine Blutprobe entnommen und eine  Ordnungswidrigkeitenanzeige wegen des Anfangsverdachts des F\u00fchrens eines  Kraftfahrzeuges unter dem Einfluss von Bet\u00e4ubungsmittel eingeleitet. <\/p>\n\n\n\n<p>In\n der Nacht auf Samstag, den 26.10.2019, in der Zeit zwischen 00:15 Uhr \nbis 01:15 Uhr, wurden in der Talstra\u00dfe in Neustadt an der Weinstra\u00dfe \nGeschwindigkeitskontrollen durchgef\u00fchrt. Insgesamt waren zehn Fahrzeuge \nzu schnell unterwegs. Der Spitzenwert lag, bei erlaubten 50 km\/h, bei \n96km\/h. Diesem Fahrzeugf\u00fchrer droht jetzt ein Bu\u00dfgeld und ein \neinmonatiges Fahrverbot. <\/p>\n\n\n\n<h4 class=\"wp-block-heading\">(Neustadt) &#8211; Ladendiebstahl in Drogeriemarkt<\/h4>\n\n\n\n<p>Am Freitag, den 25.10.19, gegen 11.05 Uhr l\u00f6ste eine 31-j\u00e4hrige  Neustadterin beim Verlassen eines Drogeriemarktes in der Hauptstra\u00dfe die  akustische Alarmsicherung aus. Bei der Kontrolle wurde festgestellt,  dass sich in ihrer mitgef\u00fchrten Tasche zwei Parf\u00fcmtester im Wert von 186  Euro befanden, welche sie im Drogeriemarkt entwendet hatte. Sie muss  sich nun wegen Ladendiebstahls verantworten. <\/p>\n\n\n\n<h4 class=\"wp-block-heading\">(Neustadt) &#8211; Verkehrsunfall unter Alkoholeinfluss<\/h4>\n\n\n\n<p>Am Freitag, den 25.10.19, gegen 05.40 Uhr stie\u00df ein 39-j\u00e4hriger  Pkw-Fahrer gegen das ordnungsgem\u00e4\u00df geparkte Fahrzeug einer 47-j\u00e4hrigen.  Diese sprach daraufhin den Fahrzeugf\u00fchrer an um die Schadenslage zu  kl\u00e4ren, woraufhin sie deutlichen Alkoholgeruch wahrnehmen konnte. Der  Fahrzeugf\u00fchrer r\u00e4umte seine Trunkenheit ein und ging im Anschluss nach  Hause. Durch die eingesetzten Beamten konnte der Fahrzeugf\u00fchrer zu Hause  angetroffen werden. Er war deutlich alkoholisiert, verweigerte jedoch  einen Atemalkoholtest. Es wurde eine Blutprobe entnommen. Der  Fahrzeugf\u00fchrer muss sich nun wegen Verkehrsunfallflucht und  Stra\u00dfenverkehrsgef\u00e4hrdung verantworten. Es entstand leichter Sachschaden  am geparkten Fahrzeug in H\u00f6he von ca. 1000 Euro. <\/p>\n\n\n\n<h4 class=\"wp-block-heading\">(Ha\u00dfloch) &#8211; Einbruchsdiebstahl<\/h4>\n\n\n\n<p>Im Zeitraum vom 23.10-26.10.2019 kam es in Ha\u00dfloch in der  Otto-Hahn-Stra\u00dfe zu einem Einbruch in ein Einfamilienhaus. Hierzu  hebelten die T\u00e4ter das r\u00fcckw\u00e4rtig an G\u00e4rten gelegene Schlafzimmerfenster  des Anwesens auf und gelangten so in das Wohnhaus. Die T\u00e4ter suchten  alle R\u00e4umlichkeiten auf und durchw\u00fchlten dabei alle Schr\u00e4nke.  Anschlie\u00dfend verlie\u00dfen die T\u00e4ter  das Anwesen, vermutlich wieder \u00fcber  das Schlafzimmerfenster und entfernten sich in unbekannte Richtung.  Die  H\u00f6he des Schadens ist noch unbekannt. <\/p>\n\n\n\n<p>Wer kann Hinweise zu \nm\u00f6glichen T\u00e4tern und auff\u00e4lligen Personen im oben genannten Zeitraum \ngeben?  Wenden Sie sich bitte an die Polizeiinspektion Ha\u00dfloch unter \n06324-9330 oder <a href=\"mailto:pihassloch@polizei.rlp.de\">pihassloch@polizei.rlp.de<\/a>. <\/p>\n\n\n\n<h4 class=\"wp-block-heading\">(Ha\u00dfloch) &#8211; Verkehrsunfallflucht<\/h4>\n\n\n\n<p>Die gesch\u00e4digte 38-j\u00e4hrige VW-Fahrerin parkte ihr Fahrzeug am  25.10.2019 gegen 15:00 Am Pfalzplatz in Ha\u00dfloch. Um 19:00 Uhr kehrte sie  zur\u00fcck zu ihrem Fahrzeug und fuhr nach Hause. Hier musste sie einen  Schaden am linken Sto\u00dff\u00e4nger sowie am linken R\u00fccklicht feststellen.  Der  Verkehrsunfallverursacher entfernte sich vom Unfallort, ohne die  Feststellung der Personalien zu erm\u00f6glichen. <\/p>\n\n\n\n<p>Wer kann Hinweise zu\n einem Verkehrsunfall am 25.10.2019 Am Pfalzplatz im Zeitraum von 15:00 \nbis 19:00 Uhr geben? Wenden Sie sich bitte an die Polizeiinspektion \nHa\u00dfloch unter 06324-9330 oder <a href=\"mailto:pihassloch@polizei.rlp.de\">pihassloch@polizei.rlp.de<\/a>. <\/p>\n\n\n\n<h4 class=\"wp-block-heading\">(L 526 \/ Erpolzheim) &#8211; Schwer verletzt nach Verkehrsunfall<\/h4>\n\n\n\n<p>Am Freitag, den 25.10.2019, gegen 10:20 Uhr befuhr eine Autofahrerin  aus Gr\u00fcnstadt die L 526 zwischen Erpolzheim und Birkenheide. Aus bislang  ungekl\u00e4rter Ursache verlor die 36-J\u00e4hrige die Kontrolle \u00fcber ihr  Fahrzeug und kam in einer Rechtskurve von der Fahrbahn ab. Der PKW kam  in einer dort befindlichen B\u00f6schung zum Stehen. Die Unfallfahrerin war  ansprechbar und gab gegen\u00fcber den eingesetzten Polizeibeamten an, den  Unfall alleine verursacht zu haben. Sie erlitt bei dem Verkehrsunfall  vermutlich einen Knochenbruch und wurde in ein Krankenhaus verbracht.  Neben dem wirtschaftlichen Totalschaden an ihrem eigenen Fahrzeug  verursachte die Frau zus\u00e4tzlich Sachschaden an einem Leitpfosten. Der  Sachschaden d\u00fcrfte sich insgesamt auf etwa 5000 Euro belaufen. <\/p>\n\n\n\n<h4 class=\"wp-block-heading\">(Frankenthal) &#8211; Angriff auf Rettungsdienst und Polizeibeamte<\/h4>\n\n\n\n<figure class=\"wp-block-image\"><img decoding=\"async\" loading=\"lazy\" width=\"800\" height=\"603\" src=\"https:\/\/speyer24news.com\/wp-content\/uploads\/2019\/10\/26.10.19-FT-Gewalt.jpg\" alt=\"\" class=\"wp-image-21409\" srcset=\"https:\/\/speyer24news.com\/wp-content\/uploads\/2019\/10\/26.10.19-FT-Gewalt.jpg 800w, https:\/\/speyer24news.com\/wp-content\/uploads\/2019\/10\/26.10.19-FT-Gewalt-300x226.jpg 300w, https:\/\/speyer24news.com\/wp-content\/uploads\/2019\/10\/26.10.19-FT-Gewalt-768x579.jpg 768w, https:\/\/speyer24news.com\/wp-content\/uploads\/2019\/10\/26.10.19-FT-Gewalt-326x245.jpg 326w, https:\/\/speyer24news.com\/wp-content\/uploads\/2019\/10\/26.10.19-FT-Gewalt-80x60.jpg 80w\" sizes=\"(max-width: 800px) 100vw, 800px\" \/><\/figure>\n\n\n\n<p>Zun\u00e4chst wird am 26.10.2019 gegen 00:30 Uhr der Rettungsdienst zu einem  Paar in den Schie\u00dfgartenweg in Frankenthal alarmiert. Der stark  angetrunkene Patient mit chirurgischer Verletzung wird anschlie\u00dfend  zusammen mit seiner Partnerin im Rettungswagen in Rtg. Krankenhaus  gefahren. W\u00e4hrend der Fahrt schl\u00e4gt die 22-j\u00e4hrige Partnerin dann dem  Fahrer des Rettungswagens unvermittelt gegen die Schulter und zeigt sich  verbal aggressiv, worauf die Polizei hinzugezogen wird. W\u00e4hrend die  Beschuldigte beruhigt werden soll tritt sie mit beschuhtem Fu\u00df mehrmals  kraftvoll und gezielt gegen die Brust eines Polizeibeamten. Die Dame  wird dann gefesselt. Zudem beleidigt der 39-j\u00e4hrige Patient einen der  Polizeibeamten aufs \u00dcbelste. Der 22-j\u00e4hrigen wird auf Anordnung der  Staatsanwaltschaft eine Blutprobe entnommen und die Beschuldigte  anschlie\u00dfend in den Gewahrsam eingeliefert. <\/p>\n\n\n\n<p>Gegen beide \nBeschuldigten wurden u.a. entsprechende Strafverfahren wegen \nBeleidigung, K\u00f6rperverletzung und t\u00e4tlichem Angriff auf Rettungskr\u00e4fte \neingeleitet. <\/p>\n\n\n\n<h4 class=\"wp-block-heading\">(Frankenthal) &#8211; Verhinderte Trunkenheitsfahrten<\/h4>\n\n\n\n<p>Anl\u00e4sslich einer Veranstaltung in der Benderstra\u00dfe in Frankenthal  kontrolliert die Polizei am 25.10.2019 kurz vor Mitternacht den dortigen  Abreiseverkehr mit dem Schwerpunkt Alkohol am Steuer. Gegen 23:52 Uhr  kann eine 25-j\u00e4hrige Fahrerin aus Heppenheim noch vor Fahrtantritt  kontrolliert werden. Der freiwillige Atemalkoholtest ergibt 0,54  Promille, so dass ihr F\u00fchrerschein und der Fahrzeugschl\u00fcssel pr\u00e4ventiv  bis zur N\u00fcchternheit sichergestellt werden. Bei zwei weiteren,  potentiellen Fahrern muss einer der n\u00fcchternen Mitfahrer einspringen, um  den Weg nach Hause antreten zu k\u00f6nnen. Zudem wird zwei Radfahrern die  Heimfahrt mit ihrem Rad in Folge entsprechender Alkoholisierung  untersagt. <\/p>\n\n\n\n<h4 class=\"wp-block-heading\">(Ludwigshafen) &#8211; Sachbesch\u00e4digung durch Graffiti an SUV&#8217;s im Stadtteil LU-Ruchheim \/ Zeugen gesucht<\/h4>\n\n\n\n<p>In der Nacht von Freitag, 25.10.2019 auf Samstag, 26.10.2019 ereigneten  sich im Ludwigshafener Stadtteil Ruchheim  Sachbesch\u00e4digungen an zwei  sogenannten Sport Utility Vehicles (SUV). Zwischen 20:00 Uhr und 07:30  Uhr wurden im Bereich des Brunnenwegs und der Ru\u00dficonstra\u00dfe zwei dieser  geparkten Gel\u00e4ndew\u00e4gen mittels Spr\u00fchfarbe beschmiert und hierdurch  besch\u00e4digt. <\/p>\n\n\n\n<p>Die Polizei bittet Zeugen, die sachdienliche Hinweise  geben k\u00f6nnen, sowie weitere gesch\u00e4digte Fahrzeughalter sich an die  Polizeiwache Oggersheim unter Tel. 0621\/963-2403 zu wenden. <\/p>\n\n\n\n<h4 class=\"wp-block-heading\">(Ludwigshafen-Oggersheim) &#8211; Verkehrsunfall mit Flucht<\/h4>\n\n\n\n<p>Am 25.10.2019, gegen 19:45 Uhr, fuhr ein bislang unbekannter Fahrer mit  einem gelb-goldfarbenen Audi A3 mit Heppenheimer Kennzeichen  verbotswidrig \u00fcber den Hans-Warsch-Platz. Mit augenscheinlich \u00fcberh\u00f6hter  Geschwindigkeit landete der PKW am Ende des Hans-Warsch-Platzes im  dortigen Gleisbett der Stra\u00dfenbahn und fuhr sich fest. Der  Fahrzeugf\u00fchrer fl\u00fcchtete noch vor dem Eintreffen der Polizei fu\u00dfl\u00e4ufig.  F\u00fcr die Dauer der Verkehrsunfallaufnahme musste der Stra\u00dfenbahnverkehr  an der \u00d6rtlichkeit gestoppt werden. <\/p>\n\n\n\n<p>Die Polizei bittet Zeugen,  die sachdienliche Hinweise zum Unfallhergang geben k\u00f6nnen, sich an die  zust\u00e4ndige Polizeiwache Oggersheim unter Tel. 0621\/963-2403 zu wenden. <\/p>\n\n\n\n<h4 class=\"wp-block-heading\">(Mannheim) &#8211; E-Scooter Fahrer mit 1,4 Promille angehalten<\/h4>\n\n\n\n<p>F\u00fcr einen 25-j\u00e4hrigen E-Scooter Fahrer aus Mannheim wurde die Heimfahrt  am fr\u00fchen Samstagmorgen, gegen 04.35 Uhr, teurer als gedacht. Er fiel  an der Einm\u00fcndung Zielstra\u00dfe Ecke Friedrich-Ebert-Stra\u00dfe einer  Streifenbesatzung auf und wurde einer Kontrolle unterzogen. Hierbei  stellten die Beamten nach einem Atemalkoholtest einen Wert von  1,4Promille fest. Der junge Mann wurde zur Blutprobe zum Polizeirevier  Neckarstadt verbracht. Ihn erwartet jetzt eine Anzeige wegen Trunkenheit  im Verkehr. Ein Taxi oder Bus h\u00e4tte ihn schneller und g\u00fcnstiger an sein  Ziel gebracht. <\/p>\n\n\n\n<h4 class=\"wp-block-heading\">(Mannheim) &#8211; Auffahrunfall mit hohem Sach- und leichten Personenschaden<\/h4>\n\n\n\n<p>Am Freitagnachmittag, gegen 15.15 Uhr, \u00fcbersah ein 52-j\u00e4hriger Citroen  Fahrer aus Mannheim einen verkehrsbedingt auf der S\u00fcdtangente in  Fahrtrichtung Parkring wartenden 33-j\u00e4hrigen BMW Fahrer aus Maxdorf und  fuhr diesem auf. Der Fahrer des BMW kam mit leichten Verletzungen in ein  umliegendes Krankenhaus. Der Citroen Fahrer blieb unverletzt. Beide  Fahrzeuge mussten abgeschleppt werden. Insgesamt entstand ein  Sachschaden von 18.000 Euro. Durch verkehrslenkende Ma\u00dfnahmen der  Beamten vor Ort konnte der Verkehr an der Unfallstelle vorbeiflie\u00dfen. <\/p>\n\n\n\n<h4 class=\"wp-block-heading\">(Mannheim-Innenstadt) &#8211; Vorfahrt missachtet \/ 12 000,- Euro Sachschaden<\/h4>\n\n\n\n<p>Am Samstagabend, gegen 19.55 Uhr, befuhr ein 20j\u00e4hriger Hyundai Fahrer  die Stra\u00dfe zwischen den Quadraten K7\/K6 in Richtung Luisenring. Als er  nach rechts auf den Luisenring einbog, \u00fcbersah er hier einen in Richtung  Kurpfalzbr\u00fccke fahrenden vorfahrtsberechtigten BMW eines 27 J\u00e4hrigen  und kollidierte mit diesem. Durch den Zusammensto\u00df wurde keiner der  Unfallbeteiligten verletzt. W\u00e4hrend am Fahrzeug des  Unfallverursachers  ein Schaden von ca. 5000,,- Euro entstand wird der Schaden am Hyundai  mit 7000,- beziffert. <\/p>\n\n\n\n<h4 class=\"wp-block-heading\">(A 6 \/ Schwetzingen \/ Rhein-Neckar-Kreis) &#8211; Wegen Spurwechsel sechs Fahrzeug ineinander gefahren<\/h4>\n\n\n\n<p>Am Samstagnachmittag, gegen 16.20 Uhr, kam es auf der BAB 6 zu einem  Auffahrunfall mit sechs beteiligten Fahrzeugen. Hier befuhr eine  37-j\u00e4hrige Toyota Fahrerin aus Heidelberg nach derzeitigem  Ermittlungsstand den Standstreifen zwischen dem Autobahndreieck  Hockenheim und der Anschlussstelle Schwetzingen \/ Hockenheim, da es ihr  aufgrund des dichten Verkehrs vor Ende des Beschleunigungsstreifens, von  der BAB 61 kommend, nicht gelang auf die Hauptfahrbahn zu wechseln. Als  sie von der Standspur auf den rechten Fahrstreifen wechselte, musste  ein dort fahrendes Fahrzeug verkehrsbedingt eine Vollbremsung einleiten  und auf den linken Fahrstreifen wechseln. Durch zu geringen  Sicherheitsabstand fuhren dann auf beiden Spuren insgesamt sechs  Fahrzeuge aufeinander auf bzw. wurden aufeinander aufgeschoben. Bei dem  Unfall wurden sieben Personen verletzt und mussten in umliegende  Krankenh\u00e4user gebracht werden. Alle Personen konnten jedoch noch am  selben Abend wieder aus den Krankenh\u00e4usern entlassen werden. An den  beteiligten Fahrzeugen entstand ein Gesamtschaden von ca. 100.000 Euro.  Durch den Unfall war die Autobahn in dem betroffenen Bereich bis 18.10  Uhr voll gesperrt. Drei Fahrzeuge mussten abgeschleppt und der Verkehr  am Seitenstreifen vorbeigef\u00fchrt werden bevor die Fahrbahn gegen 18.40  Uhr wieder uneingeschr\u00e4nkt befahrbar war. Die maximale Staul\u00e4nge betrug  ca. 2 km. Die weiteren Ermittlungen dauern derzeit noch an und werden  vom Verkehrskommissariat Walldorf gef\u00fchrt. <\/p>\n\n\n\n<h4 class=\"wp-block-heading\">(Wiesloch \/ Rhein-Neckar-Kreis) &#8211; Wildunfall \/ Opel Fahrerin erfasst Wildschweine<\/h4>\n\n\n\n<p>Am Samstagabend, um 21.35 Uhr, befuhr eine 63j\u00e4hrige Opel Fahrerin die  Landstra\u00dfe L594, von der B 3 kommend, in Fahrtrichtung Wiesloch.  Unvermittelt querten 3 ausgewachsene Wildschweine die Fahrbahn. Die 63  J\u00e4hrige konnten eine Kollision nicht mehr vermeiden und erfasste 2 der  Wildschweine. W\u00e4hrend die Wildscheine am Unfallort verendeten blieb die  Fahrzeuglenkerin unverletzt. Jedoch entstand an ihrem Pkw ein  erheblicher Sachschaden, der auf ca. 3000,- Euro gesch\u00e4tzt wird. <\/p>\n\n\n\n<h4 class=\"wp-block-heading\">(Wiesloch \/ Rhein-Neckar-Kreis) &#8211; Die Polizei bittet um Mithilfe bei der Suche nach einem vermissten Mann aus Wiesloch, Person wurde durch die  Polizei aufgegriffen<\/h4>\n\n\n\n<h4 class=\"wp-block-heading\" style=\"text-align:center\">Pressemeldungen Nr. 2<\/h4>\n\n\n\n<p>Der seit Montag vermisst gemeldete 38-j\u00e4hrige Benno Philipp F. konnte  am Freitagabend durch die Polizei am Bahnhof in Homburg\/Saar  wohlbehalten angetroffen werden. Er wurde anschlie\u00dfend zur notwendigen  Behandlung in ein Krankenhaus verbracht. <\/p>\n\n\n\n<h4 class=\"wp-block-heading\">(Edingen-Neckarhausen \/ Rhein-Neckar-Kreis) &#8211; Warnung vor Reinigungsbetrug<\/h4>\n\n\n\n<p>Am Donnerstagmorgen wurde ein Ehepaar in der Neuen Bahnhofsstra\u00dfe Opfer  eines Reinigungsbetrugs. Die T\u00e4ter hatten einen Polstersessel gereinigt  und daf\u00fcr 4.000 Euro Bezahlung verlangt. Sie fuhren mit einem der  Gesch\u00e4digten zur Bank und lie\u00dfen sich den Betrag bar auszahlen. Durch  eine eingeleitete Fahndung konnten die T\u00e4ter gegen 13 Uhr gefasst  werden. Gegen sie wird derzeit ermittelt. <\/p>\n\n\n\n<p><strong><em>Die Polizei gibt nachfolgende Tipps, um sich vor dieser Betrugsart zu sch\u00fctzen: <\/em><\/strong><\/p>\n\n\n\n<ul><li>Legen Sie vorab eine Summe fest, die Sie, bemessen am Wert des  Gegenstandes, bereit w\u00e4ren, f\u00fcr die Reinigung zu zahlen.<\/li><li>Verlassen Sie sich am besten auf pers\u00f6nliche Empfehlungen von Freunden oder Verwandten.<\/li><li>Zahlen Sie niemals in Vorkasse.<\/li><li>Lassen Sie sich immer die Durchschrift der Auftragsbest\u00e4tigung aush\u00e4ndigen, bevor Sie den Gegenstand zur Reinigung abgeben.<\/li><li>Auch der Vertrag \u00fcber eine Reinigung kann 14 Tage lang Ihrerseits widerrufen werden.<\/li><li>Akzeptieren Sie keine allzu langen Wartezeiten bis zur Herausgabe Ihres Gegenstands.<\/li><li>Schalten Sie im Zweifel die \u00f6rtliche Polizei ein, falls Sie den Verdacht haben, an einen Betr\u00fcger geraten zu sein. <\/li><\/ul>\n\n\n\n<h4 class=\"wp-block-heading\">(Heddesheim \/ Rhein-Neckar-Kreis) &#8211; Wespennest auf Kinderspielplatz<\/h4>\n\n\n\n<p>Wegen eines Wespennestes sind derzeit Bereiche des Kinderspielplatzes  in der Brucknerstra\u00dfe bis auf weiteres gesperrt. Nach einem Hinweis von  Eltern haben Beamte des Polizeireviers Ladenburg die Wespen in einem  Erdloch unweit des Sandkastenh\u00e4uschens ausfindig gemacht und die  \u00d6rtlichkeit abgesperrt sowie mit Hinweisschildern versehen.  Verantwortliche des Bauhofes der Gemeinde Heddesheim werden sich um die  Beseitigung des Nestes k\u00fcmmern. Eltern wird empfohlen, die \u00d6rtlichkeit  vorr\u00fcbergehend zu meiden<\/p>\n","protected":false},"excerpt":{"rendered":"<div class=\"mh-excerpt\"><p>Polizeimeldungen vom Samstag (26.10.2019) (Speyer) &#8211; K\u00f6rperverletzung Leichte Verletzungen in Form von Schmerzen an Torso und H\u00e4nden, sowie eine besch\u00e4digte Jacke ist die Bilanz eines K\u00f6rperverletzungsdelikts in den fr\u00fchen Morgenstunden des 26.10.2019. Die 38-j\u00e4hrige Gesch\u00e4digte <a class=\"mh-excerpt-more\" href=\"https:\/\/speyer24news.com\/?p=21406\" title=\"Polizei:\">[&#8230;]<\/a><\/p>\n<\/div>","protected":false},"author":3,"featured_media":0,"comment_status":"open","ping_status":"open","sticky":false,"template":"","format":"standard","meta":{"_monsterinsights_skip_tracking":false,"_monsterinsights_sitenote_active":false,"_monsterinsights_sitenote_note":"","_monsterinsights_sitenote_category":0,"footnotes":""},"categories":[12],"tags":[3614,61,2555,63,105,53,1548,102,213,55,103,106,2803,2423,427,2625,380,62,104,979,1565],"aioseo_notices":[],"amp_enabled":true,"_links":{"self":[{"href":"https:\/\/speyer24news.com\/index.php?rest_route=\/wp\/v2\/posts\/21406"}],"collection":[{"href":"https:\/\/speyer24news.com\/index.php?rest_route=\/wp\/v2\/posts"}],"about":[{"href":"https:\/\/speyer24news.com\/index.php?rest_route=\/wp\/v2\/types\/post"}],"author":[{"embeddable":true,"href":"https:\/\/speyer24news.com\/index.php?rest_route=\/wp\/v2\/users\/3"}],"replies":[{"embeddable":true,"href":"https:\/\/speyer24news.com\/index.php?rest_route=%2Fwp%2Fv2%2Fcomments&post=21406"}],"version-history":[{"count":1,"href":"https:\/\/speyer24news.com\/index.php?rest_route=\/wp\/v2\/posts\/21406\/revisions"}],"predecessor-version":[{"id":21410,"href":"https:\/\/speyer24news.com\/index.php?rest_route=\/wp\/v2\/posts\/21406\/revisions\/21410"}],"wp:attachment":[{"href":"https:\/\/speyer24news.com\/index.php?rest_route=%2Fwp%2Fv2%2Fmedia&parent=21406"}],"wp:term":[{"taxonomy":"category","embeddable":true,"href":"https:\/\/speyer24news.com\/index.php?rest_route=%2Fwp%2Fv2%2Fcategories&post=21406"},{"taxonomy":"post_tag","embeddable":true,"href":"https:\/\/speyer24news.com\/index.php?rest_route=%2Fwp%2Fv2%2Ftags&post=21406"}],"curies":[{"name":"wp","href":"https:\/\/api.w.org\/{rel}","templated":true}]}}