{"id":21427,"date":"2019-10-28T09:15:53","date_gmt":"2019-10-28T08:15:53","guid":{"rendered":"https:\/\/speyer24news.com\/?p=21427"},"modified":"2019-10-28T09:15:55","modified_gmt":"2019-10-28T08:15:55","slug":"polizei-109","status":"publish","type":"post","link":"https:\/\/speyer24news.com\/?p=21427","title":{"rendered":"Polizei:"},"content":{"rendered":"<style type=\"text\/css\">\r\n\t.ads_top_disp{}\r\n\t.ads_top_corner_disp{ float:left; margin:0px 10px 10px 0px; }\r\n\t.ads_first_p_disp{}\r\n\t.ads_bottom_disp{}\r\n\t<\/style>\n<h2 class=\"wp-block-heading\">Polizeimeldungen vom Sonntag (27.10.2019)<\/h2>\n\n\n\n<div class=\"wp-block-image\"><figure class=\"aligncenter\"><img decoding=\"async\" src=\"https:\/\/speyer24news.com\/wp-content\/uploads\/2019\/10\/Aktuelles-Polizeilogo.jpg\" alt=\"\" class=\"wp-image-20680\"\/><\/figure><\/div>\n\n\n\n<h4 class=\"wp-block-heading\">(Speyer) &#8211; Unfall mit leichtverletztem Radfahrer<\/h4>\n\n\n\n<p>Ein 45-j\u00e4hriger Radfahrer befuhr am Samstagabend den Radweg in  der Wormser Landstra\u00dfe stadteinw\u00e4rts entgegengesetzt der  vorgeschriebenen Fahrtrichtung. Der 32-j\u00e4hrige Fahrer eines VW Golf kam  aus dem Schwarzen Weg und wollte in die Wormser Landstra\u00dfe einfahren. Im  Einm\u00fcndungsbereich kollidierte der mit dem Radfahrer, welcher st\u00fcrzte.  Er wurde zur weiteren medizinischen Behandlung vom DRK ins Krankenhaus  gebracht. Der Golf-Fahrer stand unter dem Einfluss von Alkohol und  Drogen. Ein Atemalkoholtest ergab einen Wert von 0,48 Promille.  Blutentnahme und F\u00fchrerscheinbeschlagnahme wurden angeordnet sowie ein  Strafverfahren eingeleitet. <\/p>\n\n\n\n<h4 class=\"wp-block-heading\">(Speyer) &#8211; Aus Autokorso geschossen<\/h4>\n\n\n\n<p>Aus einem PKW auf dem DM-Parkplatz in der  Wormser Landstra\u00dfe wurden am Samstagnachmittag mehrere Sch\u00fcsse abgegeben. Der PKW setzte sich  mit zwei weiteren PKWs in Richtung Innenstadt in Bewegung, wo sie in  H\u00f6he Rauschendes Wasser einer Kontrolle unterzogen wurden. Eigentliches  Ziel sei eine t\u00fcrkische Hochzeit in Ha\u00dfloch. In den drei PKWs befanden  sich insgesamt vier Schreckschusspistolen, die von zwei jungen M\u00e4nnern  im Alter von 16 und 22 Jahren mitgef\u00fchrt wurden, die nicht im Besitz von  Waffenscheinen waren. Die Waffen wurden sichergestellt. Die beiden  M\u00e4nner m\u00fcssen sich nun strafrechtlich verantworten. <\/p>\n\n\n\n<h4 class=\"wp-block-heading\">(Speyer) &#8211; Unfallflucht<\/h4>\n\n\n\n<p>Ein Im Erlich am Fahrbahnrand  geparkter PKW Citroen Berlingo wurde am Samstagvormittag vermutlich bei einem Abbiege- oder  Wendevorgang vorne links am Kotfl\u00fcgel durch ein bislang unbekanntes  Fahrzeug besch\u00e4digt. Der Schaden betr\u00e4gt ca. 800 Euro. Hinweise auf den  Unfallfl\u00fcchtigen nimmt die Polizei Speyer unter der Tel.-Nr. 06232\/1370  oder per Mail an <a href=\"mailto:pispeyer@polizei.rlp.de\">pispeyer@polizei.rlp.de<\/a> entgegen. <\/p>\n\n\n\n<h4 class=\"wp-block-heading\">(Speyer) &#8211; Sachbesch\u00e4digung an PKW<\/h4>\n\n\n\n<p>Ein in der Webergasse  am Fahrbahnrand geparkter PKW Mercedes A-Klasse wurde in der Nacht zum  26.10.2019 im hinteren Bereich zerkratzt. Der Schaden betr\u00e4gt ca. 600  Euro. Hinweise auf verd\u00e4chtige Personen oder Fahrzeuge in diesem Bereich  nimmt die Polizei Speyer unter der Tel.-Nr. 06232\/1370 oder per Mail an  <a href=\"mailto:pispeyer@polizei.rlp.de\">pispeyer@polizei.rlp.de<\/a> entgegen. <\/p>\n\n\n\n<h4 class=\"wp-block-heading\">(Speyer) &#8211; Einbruch in Einfamilienhaus<\/h4>\n\n\n\n<p>Bislang unbekannte  T\u00e4ter gelangten zw. dem 25.10. und 26.10. durch Aufhebeln der Balkont\u00fcr im 1. Obergescho\u00df in ein  Einfamilienhaus in der Leharstra\u00dfe, nachdem sie an anderen T\u00fcren bzw.  Fenster erfolglos zugange waren. Es wurden Schr\u00e4nke und Schubladen  durchsucht. Ob etwas entwendet wurde, steht derzeit noch nicht fest.  Hinweise auf verd\u00e4chtige Personen oder Fahrzeuge in diesem Bereich nimmt  die Polizei Speyer unter der Tel.-Nr. 06232\/1370 oder per Mail an <a href=\"mailto:pispeyer@polizei.rlp.de\">pispeyer@polizei.rlp.de<\/a> entgegen. <\/p>\n\n\n\n<h4 class=\"wp-block-heading\">(Speyer) &#8211; Sachbesch\u00e4digung an PKW mit Eiern<\/h4>\n\n\n\n<p>Ein in der  Armbruststra\u00dfe am Fahrbahnrand geparkter PKW Volvo wurde in der Nacht  zum 26.10.2019 mit Eiern beworfen, wodurch der Lack besch\u00e4digt wurde.  Der Schaden betr\u00e4gt ca. 1.000 Euro. Hinweise auf verd\u00e4chtige Personen  oder Fahrzeuge in diesem Bereich nimmt die Polizei Speyer unter der  Tel.-Nr. 06232\/1370 oder per Mail an <a href=\"mailto:pispeyer@polizei.rlp.de\">pispeyer@polizei.rlp.de<\/a> entgegen. <\/p>\n\n\n\n<h4 class=\"wp-block-heading\">(Limburgerhof) &#8211; Verkehrsunfall mit Flucht<\/h4>\n\n\n\n<p>Im Zeitraum vom 24.10., 18.00 Uhr, bis 25.10., 11.00 Uhr, wurde im  Kalmitweg ein ordnungsgem\u00e4\u00df geparkter Pkw durch einen Verkehrsunfall  besch\u00e4digt. Vermutlich beim Vorbeifahren streifte ein bislang  unbekanntes Fahrzeug den geparkten VW Golf, wobei die vordere Sto\u00dfstange  besch\u00e4digt wurde und ein Schaden von ca. 1500 Euro entstand. Der  Unfallverursacher entfernte sich von der Unfallstelle, ohne sich um den  entstandenen Schaden zu k\u00fcmmern. Zeugen werden gebeten, sich an die  Polizei Schifferstadt unter Tel. 06235 \/ 495-0 oder Email <a href=\"mailto:pischifferstadt@polizei.rlp.de\">pischifferstadt@polizei.rlp.de<\/a> zu wenden. <\/p>\n\n\n\n<h4 class=\"wp-block-heading\">(B\u00f6hl-Iggelheim) &#8211; Verkehrsunfall mit schwerverletztem Motorradfahrer<\/h4>\n\n\n\n<p>Am Samstagmittag kam es auf der Landstra\u00dfe zwischen B\u00f6hl-Iggelheim und  Schifferstadt gegen 15.45 Uhr zu einem schweren Verkehrsunfall. Eine  62-j\u00e4hrige Autofahrerin befuhr die L454 aus Richtung Schifferstadt  kommend und wollte vor der Einm\u00fcndung zur L532 nach links auf einen  befestigten Feldweg abbiegen. Hierbei \u00fcbersah sie offenbar einen ihr  entgegenkommenden Motorradfahrer, welcher kurz zuvor aus Richtung  B\u00f6hl-Iggelheim kommend auf die L454 abgebogen war. Es kam zur Kollision  der beiden Fahrzeuge, wobei das Motorrad in mehrere Teile gerissen  wurde. Auch an dem Pkw entstand wirtschaftlicher Totalschaden. Der  Kradfahrer wurde durch den Unfall schwer verletzt und in ein Krankenhaus  eingeliefert. Auch die Autofahrerin erlitt durch den Aufprall leichte  Verletzungen. Es entstand ein Sachschaden von ca. 15.000 Euro. <\/p>\n\n\n\n<h4 class=\"wp-block-heading\">(Germersheim) &#8211; Unfall mit verletzter Fu\u00dfg\u00e4ngerin<\/h4>\n\n\n\n<p>Ein 22-j\u00e4hriger BMW-Fahrer fuhr in Germersheim von der K\u00f6nigstra\u00dfe in  die Hauptstra\u00dfe.  An der dortigen scharfen Linkskurve kam er aufgrund  \u00fcberh\u00f6hter Geschwindigkeit ins Schleudern und krachte schlie\u00dflich rechts  in eine Stra\u00dfenlaterne. Die Stra\u00dfenlaterne knickte schr\u00e4g ab. Durch  herunterfallende Tr\u00fcmmerteile wurde eine Fu\u00dfg\u00e4ngerin verletzt und sp\u00e4ter  im Krankenhaus weiter versorgt. Am Fahrzeug entstand ein Sachschaden in  H\u00f6he von ca. 10.000 Euro. Der Schaden an der Laterne kann noch nicht  beziffert werden. Weil der Fahrer technische M\u00e4ngel am Fahrzeug geltend  machte, wurde das Fahrzeug sichergestellt. Ebenso wurde wegen des  Verdachts der Teilnahme am Stra\u00dfenverkehr unter berauschenden Mitteln  der F\u00fchrerschein des Fahrers sichergestellt. <\/p>\n\n\n\n<h4 class=\"wp-block-heading\">(Germersheim \/ H\u00f6rdt \/ Bellheim) &#8211; Alkoholisierter Audifahrer verursacht mehrere Verkehrsunf\u00e4lle.<\/h4>\n\n\n\n<p>Am Sonntagmorgen, um 05:57 Uhr wurde von Anwohnern ein Autofahrer  gemeldet, welcher mit einem platten Reifen durch Germersheim fahren  w\u00fcrde. Einige Minuten sp\u00e4ter wurde ein Verkehrsunfall am Ortseingang von  H\u00f6rdt gemeldet. Der Fahrer des verunfallten Autos war augenscheinlich  stark alkoholisiert von der Fahrbahn abgekommen und \u00fcber eine  Verkehrsinsel gefahren. Hierbei handelte es sich um den Autofahrer  welcher zuvor mit dem platten Reifen durch Germersheim gefahren war. Das  Fahrzeug des 36-J\u00e4hrigen war rundum besch\u00e4digt. Bei den weiteren  Ermittlungen konnten unter anderem anhand der Schleifspuren, die die  Felge auf dem Asphalt hinterlassen hatte, bislang drei besch\u00e4digte Autos  gefunden werden, die der 36-J\u00e4hrige w\u00e4hrend seiner Fahrt durch  Germersheim gestreift hatte. Ob bei dieser Fahrt noch weitere geparkte  Autos besch\u00e4digt wurden, ist noch nicht bekannt. Ein Strafverfahren  wegen Gef\u00e4hrdung des Stra\u00dfenverkehrs und Unfallflucht wurde gegen den  Unfallverursacher eingeleitet.  Die H\u00f6he des Gesamtschadens ist noch  nicht bekannt.<\/p>\n\n\n\n<h4 class=\"wp-block-heading\">(Knittelsheim) &#8211; Verkehrsunfall auf einem Wirtschaftsweg mit zwei verletzten Personen, Totalschaden zweier Fahrzeuge, mindestens 20.000 Euro  Gesamtschaden<\/h4>\n\n\n\n<p>Am Samstag, gegen 12:20 Uhr, kam es auf einem Wirtschaftsweg zwischen  Herxheim und Knittelsheim zu einem Verkehrsunfall mit zwei Transporter.  Die jeweiligen Fahrer d\u00fcrften beide mit erheblich \u00fcberh\u00f6hter  Geschwindigkeit die Wirtschaftswege befahren haben. Mitten in einem  \u00fcbersichtlichen Bereich kreuzten sich die beiden Fahrzeuge und stie\u00dfen  zusammen. Ein Fahrzeug wurde nach dem Zusammenprall gegen einen  naheliegenden Baum geschleudert. Die beiden Fahrer wurden teils  erheblich verletzt und ins umliegende Krankenhaus verbracht. Es besteht  aber keine Lebensgefahr. Beide Fahrzeuge d\u00fcrften unberechtigt den  Wirtschaftsweg befahren haben. Bez\u00fcglich der genauen Unfallursache wird  weiter ermittelt.<\/p>\n\n\n\n<h4 class=\"wp-block-heading\">(Kandel) &#8211; Lkw-Fahrer mit 2,5 Promille<\/h4>\n\n\n\n<p>Am Freitag, dem 25.10.19 wurde der Polizei gegen 23:15 Uhr ein Lkw aus  Ost-Europa gemeldet, der auf der B 9 vom Grenz\u00fcbergang Bienwald her  kommend in Schlangenlinien Richtung Autobahn f\u00e4hrt. Der Lkw konnte im  Bereich Kandel auf der A 65 fahrend angetroffen und anschlie\u00dfend  kontrolliert werden. Bei dem 37-j\u00e4hrigen Fahrer wurde deutlich  Alkoholgeruch im Atem wahrgenommen. Ein durchgef\u00fchrter Test lieferte den  Alkoholwert 2,5 Promille. Bei dem Trucker musste daher eine  Blutentnahme durchgef\u00fchrt werden. Zur Deckung der Kosten des  Strafverfahrens musste er eine Sicherheitsleistung im Wert von mehreren  hundert Euro hinterlegen und seinen F\u00fchrerschein abgeben. <\/p>\n\n\n\n<h4 class=\"wp-block-heading\">(Berg) &#8211; Autofahrt unter Cannabiseinfluss<\/h4>\n\n\n\n<p>Am Freitag, dem 25.10.19 gegen 11:45 Uhr wurden bei einem 32-j\u00e4hrigen  Renault-Fahrer w\u00e4hrend einer Verkehrskontrolle im Gewerbegebiet Berg  drogentypische Auff\u00e4lligkeiten festgestellt. Ein anschlie\u00dfend  durchgef\u00fchrter Drogenschnelltest wies auf den Einfluss von  Cannabisprodukten hin. Daher wurde dem Mann im Rahmen des eingeleiteten  Strafverfahrens eine Blutprobe entnommen sowie die Weiterfahrt  untersagt. <\/p>\n\n\n\n<h4 class=\"wp-block-heading\">(Scheibenhardt) &#8211; Unter Drogeneinfluss Auto gefahren<\/h4>\n\n\n\n<p>Bei einer Verkehrskontrolle in Scheibenhardt am Samstag, 26.10.19  wurden bei einem 20-j\u00e4hrigen Audi-Fahrer gegen 23:15 Uhr Auff\u00e4lligkeiten  festgestellt, die auf den Einfluss von Drogen hinwiesen. Ein  Schnelltest wies auf den Konsum von Cannabis-Produkten hin. Bei der  anschlie\u00dfenden Durchsuchung wurde eine geringe Menge Haschisch gefunden  und beschlagnahmt. Dem Heranwachsenden wurde eine Blutprobe entnommen  und die Weiterfahrt untersagt. Neben den eingeleiteten Strafverfahren  muss er sich auch der \u00dcberpr\u00fcfung seiner Geeignetheit zum F\u00fchren von  Kraftfahrzeugen stellen. <\/p>\n\n\n\n<h4 class=\"wp-block-heading\">(Schweigen-Rechtenbach) &#8211; Verkehrsunfallflucht<\/h4>\n\n\n\n<p>Am Samstag, gegen 22.45 Uhr, ereignete sich auf dem Parkplatz am  deutschen Weintor in Schweigen-Rechtenbach ein Verkehrsunfall, bei  welchem sich der Unfallverursacher unerlaubt von der Unfallstelle  entfernte. Beim Ausparken aus einer Parkl\u00fccke stie\u00df hierbei der  Unfallverursacher gegen einen auf dem Parkplatz ordnungsgem\u00e4\u00df  abgestelltes Fahrzeug und besch\u00e4digte diesen. An dem  unfallverursachenden Fahrzeug sollen nach Zeugenangaben franz\u00f6sische  Kennzeichen angebracht gewesen sein. <\/p>\n\n\n\n<p>Bei Hinweisen wenden Sie sich bitte an die Polizei in Bad Bergzabern, Tel.: 06343 \/ 93340 oder <a href=\"mailto:pibadbergzabern@polizei.rlp.de\">pibadbergzabern@polizei.rlp.de<\/a>. <\/p>\n\n\n\n<h4 class=\"wp-block-heading\">(Bad Bergzabern) &#8211; Verkehrssicherheitsarbeit<\/h4>\n\n\n\n<p>Sowohl am Freitag, dem 25.10.19, als auch am Samstag, dem 26.10.19,  f\u00fchrte die Polizei Bad Bergzabern sowohl entlang des Viehstrichs als  auch in Bad Bergzabern und Umgebung verst\u00e4rkt Kontrollen des flie\u00dfenden  Verkehrs durch. Hierbei stand neben der allgemeinen Verkehrssicherheit  der Fahrzeuge und der Fahrt\u00fcchtigkeit der Fahrzeugf\u00fchrer auch  insbesondere in Anbetracht der dunkleren Jahreszeit die  Verkehrssicherheit von Fahrr\u00e4dern im Fokus der Kontrollen. Insgesamt  mussten sechs Fahrzeugf\u00fchrer wegen ihrem verkehrsrechtlichen  Fehlverhalten verwarnt und elf Fahrzeugm\u00e4ngel beanstandet werden.  Erfreulicherweise musste nur ein Fahrrad wegen fehlender  Beleuchtungseinrichtungen bem\u00e4ngelt werden. Nicht so erfreulich verlief  die Kontrolle eines 41-j\u00e4hrigen Fahrzeugf\u00fchrers am Samstag gegen 17.15  Uhr in der Weinstra\u00dfe in Bad Bergzabern. Da Anzeichen f\u00fcr einen  m\u00f6glichen Alkoholkonsum festgestellt wurden, musste der Fahrer die  Beamten mit zur Dienststelle begleiten. Ein entsprechendes  Ordnungswidrigkeitenverfahren wurden gegen den Fahrer eingeleitet und  die Weiterfahrt untersagt. <\/p>\n\n\n\n<h4 class=\"wp-block-heading\">(Landau) &#8211; Unfall mit Wildschwein verursachte Folgeunf\u00e4lle<\/h4>\n\n\n\n<p>Auf der B10, in Fahrtrichtung Annweiler, kam es am 26.10.2019 gegen  21:55 Uhr, zu einem Verkehrsunfall mit einem Wildschwein. Das Fahrzeug  des 35-j\u00e4hrigen aus der Verbandgemeinde Bellheim wurde im Frontbereich  besch\u00e4digt. Es entstand Sachschaden in H\u00f6he von 300EUR. Ohne die  Unfallstelle entsprechend abzusichern fuhr der verunfallte Herr bis  Queichhambach um dort auf die Polizei zu warten. Infolge fuhren zwei  weitere PKW \u00fcber das tot auf der Fahrbahn liegende Tier. Am PKW eines  60-j\u00e4hrigen aus der Verbandsgemeinde Landau-Land entstand ein Schaden in  H\u00f6he von 500EUR. Am PKW eines 59-j\u00e4hrigen aus Schifferstadt entstand  ein Schaden von 1500EUR. Sein PKW war nicht mehr fahrbereit. Verletzt  wurde niemand. Da der 35-j\u00e4hrigen aus der Verbandgemeinde Bellheim  seiner Verkehrssicherungspflicht nicht nachkam, erwartet ihn nun ein  Bu\u00dfgeldverfahren. <\/p>\n\n\n\n<h4 class=\"wp-block-heading\">(Landau) &#8211; Entwendeter Briefkasten<\/h4>\n\n\n\n<p>Am 26.10.2019 wurde im Zeitraum von 18:30 Uhr bis 19:00 Uhr durch  bislang unbekannten T\u00e4ter in der Bismarckstra\u00dfe in Landau ein  Briefkasten entwendet, indem dieser aus der Verankerung gerissen wurde.  Zum Zeitpunkt der &#8222;unsachgem\u00e4\u00dfen Demontage&#8220; d\u00fcrfte der Briefkasten leer  gewesen sein. Das Motiv des T\u00e4ters ist nicht bekannt. Sachdienliche  Hinweise erbittet die Polizei Landau unter Tel. Nr. 06341\/2870 oder per  Email an <a href=\"mailto:pilandau@polizei.rlp.de\">pilandau@polizei.rlp.de<\/a>. <\/p>\n\n\n\n<h4 class=\"wp-block-heading\">(Landau) &#8211; Nicht bezahlter Treibstoff f\u00fchrt zu entwendetem PKW<\/h4>\n\n\n\n<p>Polizeibeamte der Polizeiinspektion Landau wurden am 24.10.2019 durch  Mitarbeiter einer Herxheimer Tankstelle \u00fcber einen Kunden informiert,  welcher f\u00fcr rund 70EUR Diesel getankt hatte und im Anschluss vorgab,  seinen Geldbeutel zuhause vergessen zu haben. Der 22-j\u00e4hrige hinterlegte  einen PKW-Schl\u00fcssel als Pfand, kehrte jedoch nicht mehr zur\u00fcck um seine  Schulden zu begleichen. Aufgrund der Video\u00fcberwachung war das  Kennzeichen mit dem getankten Fahrzeug mit Mannheimer Zulassung bekannt.  Durch die aufmerksamen Tankstellenmitarbeiter wurde ebenfalls  mitgeteilt, dass man den PKW am Vortag bereits im Gebiet der  Verbandsgemeinde Herxheim erblickt habe. Im Rahmen polizeilicher  Ermittlungen wurde bekannt, dass das Fahrzeug am 21.10.2019 in Mannheim  als gestohlen gemeldet wurde. Am 26.10.2019 konnte das gesuchte Fahrzeug  schlie\u00dflich in Herxheimweyher in der Hauptstra\u00dfe aufgefunden werden.  Der bei der Tankstelle hinterlegte Schl\u00fcssel passte zu dem PKW. Bei  Verlassen des Anwesens konnte der Beschuldigte, welcher \u00fcber keinen  festen Wohnsitz in Deutschland verf\u00fcgt, vorl\u00e4ufig festgenommen werden.  Bei ihm wurde das Funkelement des PKW-Schl\u00fcssels aufgefunden. Zu seiner  Verteidigung gab er an, dass er sowohl &#8222;vergessen&#8220; habe den PKW  zur\u00fcckzugeben als auch die Tankrechnung zu begleichen. Der Beschuldigte  wurde auf der Dienststelle in Landau erkennungsdienstlich behandelt. Da  er zudem keine Fahrerlaubnis nachweisen konnte erwarten ihn weitere  Strafanzeigen wegen Fahren ohne Fahrerlaubnis. Der PKW wurde  sichergestellt und wird dem rechtm\u00e4\u00dfigen Besitzer wieder \u00fcbergeben. <\/p>\n\n\n\n<h4 class=\"wp-block-heading\">(Birkweiler) &#8211; Stoppschild missachtet<\/h4>\n\n\n\n<p>Am 26.10.2019 gegen 20:40 Uhr wollte der 45-j\u00e4hrige VW-Fahrer an der  Anschlussstelle Birkweiler auf die B10 in Richtung Annweiler auffahren.  Hierbei \u00fcbersah er den bevorrechtigten 44-j\u00e4hrigen Golf-Fahrer, der  seinerseits die B10 Richtung Annweiler befuhr und an der Anschlussstelle  Birkweiler abfahren wollte. Im Einm\u00fcndungsbereich kam es zum  Zusammensto\u00df der beiden Fahrzeuge. Es entstand Sachschaden von insgesamt  3000 Euro, beide Fahrzeuge waren noch fahrbereit. Der Unfallverursacher  muss nun unabh\u00e4ngig von der Schadensregulierung mit einem Bu\u00dfgeld in  H\u00f6he von 120 Euro und einem Punkt in Flensburg rechnen. <\/p>\n\n\n\n<h4 class=\"wp-block-heading\">(Neustadt) &#8211; Schl\u00e4gerei in Gastst\u00e4tte<\/h4>\n\n\n\n<p>Am Sonntag, den 27.10.19, gegen 01.30 Uhr kam es in der Innenstadt von  Neustadt in einer dortigen Gastst\u00e4tte zu einer k\u00f6rperlichen  Auseinandersetzung. Hintergrund war dass sich der 29-j\u00e4hrige Ex-Freund  zur Arbeitsstelle seiner 21-j\u00e4hrigen Ex-Freundin begab und es hier  direkt zu einem Streit kam. Im weiteren Verlauf schlug der 29-j\u00e4hrige  mit einem Barhocker auf den 21-j\u00e4hrigen neuen Freund ein. Dieser konnte  die Angriffe jedoch weitgehend abwehren. Die 21-j\u00e4hrige, die ihrem neuen  Freund zu Hilfe kommen wollte, wurde durch ihren Ex-Freund zu Boden  gesto\u00dfen. Alle Beteiligte erlitten lediglich leichte Verletzungen, die  keine medizinische Versorgung erforderlich machten. Der 29-j\u00e4hrige war  nicht unerheblich alkoholisiert und erhielt im Anschluss an die  polizeiliche Sachverhaltsaufnahme einen Platzverweis. Eine Strafanzeige  wegen gef\u00e4hrlicher K\u00f6rperverletzung wurde aufgenommen. <\/p>\n\n\n\n<h4 class=\"wp-block-heading\">(Ha\u00dfloch) &#8211; Geparktes Fahrzeug gestreift und gefl\u00fcchtet \/ Hinweise gesucht<\/h4>\n\n\n\n<p>Im Zeitraum Freitag 25.10.19, 13:00 Uhr bis Sonntag 27.10.2019, 16:00  Uhr, streifte ein bisher unbekanntes Fahrzeug einen im Fasanenweg in  Ha\u00dfloch geparkten PKW.Im Anschluss entfernte sich der Unfallverursacher,  ohne sich um den Schaden zu k\u00fcmmern. Beim Unfallverursacher d\u00fcrfte es  sich um ein wei\u00dfes Fahrzeug handeln. Ausweislich der Spuren und Sch\u00e4den  vor Ort, wird ein Schaden im Frontbereich auf der Fahrerseite vermutet.  Sachdienliche Hinweise nimmt die Polizeiinspektion Ha\u00dfloch jederzeit  entgegen. <\/p>\n\n\n\n<h4 class=\"wp-block-heading\">(Bad D\u00fcrkheim) &#8211; Fu\u00dfg\u00e4ngerin bei Verkehrsunfall verletzt<\/h4>\n\n\n\n<p>Am Sonntag, 27.10.2019 gegen 05:35 Uhr, bog ein 66-j\u00e4hriger  Hyundai-Fahrer aus dem Landkreis Bad D\u00fcrkheim von der Gutleutstra\u00dfe nach  links in den Triftweg ab und erfasste hierbei eine 52-J\u00e4hrige Bad  D\u00fcrkheimerin, die gerade die Fahrbahn im Einm\u00fcndungsbereich zu Fu\u00df  \u00fcberquerte. Die Frau fiel zu Boden und verletzte sich leicht. Sie kam in  ein umliegendes Krankenhaus. Aus diesem wurde sie zwischenzeitlich  wieder entlassen. Der Gesamtschaden betr\u00e4gt ca. 150 EUR. <\/p>\n\n\n\n<h4 class=\"wp-block-heading\">(Bad D\u00fcrkheim) &#8211; Verkehrsunfallflucht mit verletztem Motorradfahrer, PKW-Fahrer gesucht<\/h4>\n\n\n\n<p>Am Samstag, den 26.10.2019 gegen 15:50 Uhr, befuhr ein 32-j\u00e4hriger  Motorradfahrer aus Bad D\u00fcrkheim die B37 in Fahrtrichtung  Wurstmarktgel\u00e4nde. In H\u00f6he der Ampelanlage B37\/Weinstra\u00dfe Nord musste  der Motorradfahrer aufgrund eines vor ihm pl\u00f6tzlich bremsenden  PKW-Fahrers stark bremsen, fiel zu Boden und verletzte sich am Bein. Er  kam in ein Krankenhaus. Am Motorrad entstand Sachschaden in H\u00f6he von ca.  2500 EUR. Der PKW-Fahrer soll den Motorradfahrer kurz angesprochen und  im Anschluss seine Fahrt fortgesetzt haben. <\/p>\n\n\n\n<p>Zeugen, die Angaben  zu dem Verkehrsunfall machen k\u00f6nnen, werden gebeten, sich mit der  Polizeiinspektion Bad D\u00fcrkheim in Verbindung zu setzen. Der PKW-Fahrer  wird gebeten, sich bei der Polizeiinspektion Bad D\u00fcrkheim zu melden. <\/p>\n\n\n\n<h4 class=\"wp-block-heading\">(Weisenheim am Sand) &#8211; Drogen bei Personenkontrolle aufgefunden<\/h4>\n\n\n\n<p>In der Nacht von Samstag auf Sonntag kontrollierte die Polizei in  Weisenheim am Sand einen 30-j\u00e4hrigen Ortsans\u00e4ssigen. Im Rahmen der  Kontrolle wurde bei dem Mann eine geringe Menge Amphetamin aufgefunden  und sichergestellt. Es wurde ein Strafverfahren aufgrund des Versto\u00dfes  gegen das Bet\u00e4ubungsmittelgesetz eingeleitet. <\/p>\n\n\n\n<h4 class=\"wp-block-heading\">(Bobenheim-Roxheim) &#8211; Verkehrsbeeintr\u00e4chtigung<\/h4>\n\n\n\n<p>Am Morgen des 26.10.2019, gegen 08:00 Uhr, kommt es in der  Frankenthaler Stra\u00dfe in Bobenheim-Roxheim zu teilweise erheblichen  Verkehrsbeeintr\u00e4chtigungen. Grund hierf\u00fcr sind Bauarbeiten: Mitarbeiter  einer Baufirma sch\u00fctten vor ein Anwesen eine erhebliche Menge Bausand,  welche sich bis auf die Fahrbahn erstreckt. Eine Sondergenehmigung zur  Stra\u00dfenbenutzung wird vorher seitens der verantwortlichen Baufirma nicht  eingeholt, ebenso keine Absperrung aufgestellt. Gemeinsam mit der  Feuerwehr Bobenheim-Roxheim wird daher die Baustelle abgesichert. Die  Arbeiten und somit auch die Beeintr\u00e4chtigung des Stra\u00dfenverkehrs gehen  bis in den Mittag. Gegen 13:00 Uhr kann der Verkehr in beide Richtungen  wieder ungehindert flie\u00dfen. <\/p>\n\n\n\n<h4 class=\"wp-block-heading\">(Ludwigshafen) &#8211; Erneut versuchen falsche Polizeibeamte Betr\u00fcgereien am Telefon<\/h4>\n\n\n\n<p>Bei der F\u00fchrungszentrale des Polizeipr\u00e4sidiums Rheinpfalz gingen am  Sonntagabend, 27.10.19, ab 19.45 Uhr, mehrere Notrufe wegen &#8222;falscher  Polizeibeamter&#8220; ein. Anwohner aus Ludwigshafen S\u00fcd und der Gartenstadt  waren kurz zuvor mit unterdr\u00fcckter Rufnummer von einem angeblichen  Polizeibeamten angerufen und auf einen angeblich bevorstehenden Einbruch  aufmerksam gemacht worden. Alle Anrufer waren sofort misstrauisch.  Richtigerweise gaben sie zu den betr\u00fcgerischen Fragen keine Ausk\u00fcnfte  oder beendeten die Telefonate. Es entstand kein Schaden. <\/p>\n\n\n\n<p>Es muss davon ausgegangen werden, dass die Betrugsmasche derzeit wohl wieder das Ludwigshafener Stadtgebiet erreicht hat. <\/p>\n\n\n\n<p>Die  echte Polizei weist ausdr\u00fccklich darauf hin, dass wir niemals unsere  B\u00fcrgerinnen und B\u00fcrger dazu auffordern,  Wertsachen, Schmuck oder  Bargeld in T\u00fcten zu stecken und vor Anwesen, in H\u00f6fen oder an M\u00fclltonnen  abzulegen, zu verstecken oder sonst zu deponieren. Wir schicken auch  keine Zivilkr\u00e4fte an die Wohnungen, um die gesammelten Wertsachen  abzuholen und vorsorglich in &#8222;Verwahrung&#8220; zu nehmen! Blieben Sie also  misstrauisch! Lassen Sie sich niemals zu ihrem Verm\u00f6gen am Telefon  aushorchen! Geben Sie niemals fremden Personen ihre Wertsachen zur  Verwahrung mit! <\/p>\n\n\n\n<h4 class=\"wp-block-heading\">(Mannheim) &#8211; T\u00f6tungsdelikt in der Innenstadt; Frau in Hausflur get\u00f6tet;  eine weitere Person schwer verletzt; Tatverd\u00e4chtiger wird durch SEK  festgenommen<\/h4>\n\n\n\n<p><strong>Gemeinsame Pressemitteilung der Staatsanwaltschaft Mannheim und des Polizeipr\u00e4sidiums Mannheim. <\/strong><\/p>\n\n\n\n<div class=\"wp-block-image\"><figure class=\"aligncenter\"><img decoding=\"async\" src=\"https:\/\/speyer24news.com\/wp-content\/uploads\/2019\/10\/SEK-Beispielbild-1.jpg\" alt=\"\" class=\"wp-image-21428\"\/><figcaption>Beispielbild eines Spezialeinsatzkommandos (SEK)<\/figcaption><\/figure><\/div>\n\n\n\n<p>In\n der Nacht zu Sonntag, 27.10.2019, wurden Polizei und Rettungsdienst zu \nzwei vermutlich schwer verletzten Personen in ein Wohnhaus in der \nMannheimer Innenstadt gerufen. Im Hausflur wurde eine 33-j\u00e4hrige Frau \nmit t\u00f6dlichen Verletzungen, vermutlich in Folge scharfer und stumpfer \nGewalt, aufgefunden. Auch die sofort eingeleiteten Reanimationsma\u00dfnahmen\n konnten ihr Leben nicht mehr retten. Eine weitere, schwer verletzte \nFrau wurde mit einer Stichverletzung in ein nahe gelegenes Krankenhaus \ngebracht. Ihr Zustand ist stabil. <\/p>\n\n\n\n<p>Aufgrund der Gesamtumst\u00e4nde \ngehen die Ermittler derzeit von einem T\u00f6tungsdelikt sowie einem \nversuchten T\u00f6tungsdelikt aus. Als dringend tatverd\u00e4chtig gilt der \nEx-Freund der Verstorbenen. Nach ersten Erkenntnissen war ein \nStreitgeschehen im Hausflur des Anwesens vorausgegangen. <\/p>\n\n\n\n<p>Der \nTatverd\u00e4chtige konnte durch Fahndungskr\u00e4fte der Polizei lokalisiert und \nam fr\u00fchen Sonntagmorgen durch Kr\u00e4fte des Spezialeinsatzkommandos (SEK) \nfestgenommen werden. Er soll dem Haftrichter des Amtsgerichts Mannheim \nvorgef\u00fchrt werden, der \u00fcber die Frage der Untersuchungshaft zu \nentscheiden hat. <\/p>\n\n\n\n<p>Die Spurensicherung wurde noch in der Nacht \ndurch die Kriminaltechnik der Kriminalpolizeidirektion Heidelberg und \ndas Institut f\u00fcr Rechtsmedizin durchgef\u00fchrt. <\/p>\n\n\n\n<p>Die Ermittlungen zu  den Hintergr\u00fcnden der Tat und dem Tatablauf der Staatsanwaltschaft  Mannheim und des Kriminalkommissariats Mannheim dauern an. <\/p>\n\n\n\n<h4 class=\"wp-block-heading\">(Reilingen \/ Rhein-Neckar-Kreis) &#8211; Unter Alkohol eine Verkehrsinsel besch\u00e4digt und anschlie\u00dfend von der Unfallstelle entfernt<\/h4>\n\n\n\n<p>Durch Zeugen wurde am 27.10.2019, um 01.36 Uhr, ein Verkehrsunfall auf  der L 560 im Bereich der Abfahrt Hockenheim-S\u00fcd gemeldet. Der Fahrer  eines Peugeot befuhr dort die L 560 (B 36) in s\u00fcdlicher Richtung, kam  dann rechts von der Fahrbahn ab und kollidierte mit dem Verkehrszeichen  auf der dortigen Verkehrsinsel. Anschlie\u00dfend entfernte er sich  unerlaubt. Die Zeugen konnten noch das Kennzeichen mitteilen, wonach die  Halteranschrift in Hockenheim sofort aufgesucht wurde. Der Fahrer  konnte dort auch angetroffen  werden. Bei ihm wurde deutlicher  Atemalkoholgeruch festgestellt, ein Alcotest ergab einen Wert von 1,12  Promille. Neben der Blutprobe und dem Einbehalt seines F\u00fchrerscheines  erwartet den 33-J\u00e4hrigen noch eine Anzeige wegen Trunkenheit im Verkehr  sowie Unerlaubtem Entfernen von der Unfallstelle. Am Peugeot entstand  ein Sachschaden in H\u00f6he von 3.000 Euro, der Schaden an der Verkehrsinsel  und dem Verkehrszeichen wurde auf 700 Euro gesch\u00e4tzt. <\/p>\n","protected":false},"excerpt":{"rendered":"<div class=\"mh-excerpt\"><p>Polizeimeldungen vom Sonntag (27.10.2019) (Speyer) &#8211; Unfall mit leichtverletztem Radfahrer Ein 45-j\u00e4hriger Radfahrer befuhr am Samstagabend den Radweg in der Wormser Landstra\u00dfe stadteinw\u00e4rts entgegengesetzt der vorgeschriebenen Fahrtrichtung. Der 32-j\u00e4hrige Fahrer eines VW Golf kam aus <a class=\"mh-excerpt-more\" href=\"https:\/\/speyer24news.com\/?p=21427\" title=\"Polizei:\">[&#8230;]<\/a><\/p>\n<\/div>","protected":false},"author":3,"featured_media":0,"comment_status":"open","ping_status":"open","sticky":false,"template":"","format":"standard","meta":{"_monsterinsights_skip_tracking":false,"_monsterinsights_sitenote_active":false,"_monsterinsights_sitenote_note":"","_monsterinsights_sitenote_category":0,"footnotes":""},"categories":[12],"tags":[61,2555,63,105,53,1548,102,213,55,103,106,2803,2423,427,2625,380,62,104,979,1565],"aioseo_notices":[],"amp_enabled":true,"_links":{"self":[{"href":"https:\/\/speyer24news.com\/index.php?rest_route=\/wp\/v2\/posts\/21427"}],"collection":[{"href":"https:\/\/speyer24news.com\/index.php?rest_route=\/wp\/v2\/posts"}],"about":[{"href":"https:\/\/speyer24news.com\/index.php?rest_route=\/wp\/v2\/types\/post"}],"author":[{"embeddable":true,"href":"https:\/\/speyer24news.com\/index.php?rest_route=\/wp\/v2\/users\/3"}],"replies":[{"embeddable":true,"href":"https:\/\/speyer24news.com\/index.php?rest_route=%2Fwp%2Fv2%2Fcomments&post=21427"}],"version-history":[{"count":1,"href":"https:\/\/speyer24news.com\/index.php?rest_route=\/wp\/v2\/posts\/21427\/revisions"}],"predecessor-version":[{"id":21429,"href":"https:\/\/speyer24news.com\/index.php?rest_route=\/wp\/v2\/posts\/21427\/revisions\/21429"}],"wp:attachment":[{"href":"https:\/\/speyer24news.com\/index.php?rest_route=%2Fwp%2Fv2%2Fmedia&parent=21427"}],"wp:term":[{"taxonomy":"category","embeddable":true,"href":"https:\/\/speyer24news.com\/index.php?rest_route=%2Fwp%2Fv2%2Fcategories&post=21427"},{"taxonomy":"post_tag","embeddable":true,"href":"https:\/\/speyer24news.com\/index.php?rest_route=%2Fwp%2Fv2%2Ftags&post=21427"}],"curies":[{"name":"wp","href":"https:\/\/api.w.org\/{rel}","templated":true}]}}