{"id":21431,"date":"2019-10-28T11:22:15","date_gmt":"2019-10-28T10:22:15","guid":{"rendered":"https:\/\/speyer24news.com\/?p=21431"},"modified":"2019-10-28T11:22:16","modified_gmt":"2019-10-28T10:22:16","slug":"stadtnotizen-verkehrsnotizen-speyer-3","status":"publish","type":"post","link":"https:\/\/speyer24news.com\/?p=21431","title":{"rendered":"Stadtnotizen &#038; Verkehrsnotizen Speyer:"},"content":{"rendered":"<style type=\"text\/css\">\r\n\t.ads_top_disp{}\r\n\t.ads_top_corner_disp{ float:left; margin:0px 10px 10px 0px; }\r\n\t.ads_first_p_disp{}\r\n\t.ads_bottom_disp{}\r\n\t<\/style>\n<h1 class=\"wp-block-heading\" style=\"text-align:center\">Stadtnotizen:<\/h1>\n\n\n\n<div class=\"wp-block-image\"><figure class=\"aligncenter\"><img decoding=\"async\" src=\"https:\/\/speyer24news.com\/wp-content\/uploads\/2019\/10\/Speyer-Stadtnachrichten-2.jpg\" alt=\"\" class=\"wp-image-21433\"\/><\/figure><\/div>\n\n\n\n<h2 class=\"wp-block-heading\"><strong>Oberb\u00fcrgermeisterin ruft zu Spenden f\u00fcr Kriegsgr\u00e4berf\u00fcrsorge auf<\/strong><\/h2>\n\n\n\n<div class=\"wp-block-image\"><figure class=\"aligncenter\"><img decoding=\"async\" loading=\"lazy\" width=\"800\" height=\"600\" src=\"https:\/\/speyer24news.com\/wp-content\/uploads\/2019\/10\/DSC04334.jpg\" alt=\"\" class=\"wp-image-21436\" srcset=\"https:\/\/speyer24news.com\/wp-content\/uploads\/2019\/10\/DSC04334.jpg 800w, https:\/\/speyer24news.com\/wp-content\/uploads\/2019\/10\/DSC04334-300x225.jpg 300w, https:\/\/speyer24news.com\/wp-content\/uploads\/2019\/10\/DSC04334-768x576.jpg 768w, https:\/\/speyer24news.com\/wp-content\/uploads\/2019\/10\/DSC04334-678x509.jpg 678w, https:\/\/speyer24news.com\/wp-content\/uploads\/2019\/10\/DSC04334-326x245.jpg 326w, https:\/\/speyer24news.com\/wp-content\/uploads\/2019\/10\/DSC04334-80x60.jpg 80w\" sizes=\"(max-width: 800px) 100vw, 800px\" \/><\/figure><\/div>\n\n\n\n<p>In\n diesem Jahr feiert der Volksbund Deutsche Kriegsgr\u00e4berf\u00fcrsorge e. V. \nsein 100. Jubil\u00e4um. Der eingetragene gemeinn\u00fctzige\n Verein hat einen humanit\u00e4ren Auftrag und ist gleichzeitig eine der \n\u00e4ltesten B\u00fcrgerinitiativen des Landes. Sein Bem\u00fchen ist es, den Opfern \nvon Krieg und Gewaltherrschaft eine w\u00fcrdige Ruhest\u00e4tte im Ausland zu \nerbauen und zu erhalten. Dar\u00fcber hinaus hilft er\n Angeh\u00f6rigen bei der Gr\u00e4bersuche und entwickelt die Kriegsgr\u00e4berst\u00e4tten \nweiter zu Lernorten der Geschichte. Diese wertvolle Arbeit ideell und \nmateriell zu unterst\u00fctzen, bittet Oberb\u00fcrgermeisterin Stefanie Seiler in\n ihrem Spendenaufruf f\u00fcr die bevorstehende\n Prominentensammlung am Samstag, 16. November 2019.<\/p>\n\n\n\n<p>\u201eDer Volksbund Deutsche Kriegsgr\u00e4berf\u00fcrsorge e.V. leistet einen wichtigen Beitrag f\u00fcr Frieden und V\u00f6lkerverst\u00e4ndigung\u201c,\n betont Oberb\u00fcrgermeisterin Stefanie Seiler, die sich aus \u00dcberzeugung aktiv an der Prominentensammlung beteiligen wird.<\/p>\n\n\n\n<p>Neben\n der Pflege von Kriegsgr\u00e4bern in Ost und West organisiert der Volksbund \nDeutscher Kriegsgr\u00e4berf\u00fcrsorge Jugendbegegnungen im In-\n und Ausland. Mit diesen internationalen Jugendcamps wird das Erinnern \nund Gedenken an die Opfer des Krieges bei der jungen Generation wach \ngehalten und f\u00fcr Toleranz und Frieden geworben. Der Volksbund schaffe es\n so, Erinnerung und Gegenwart zusammenzubringen\n und ein angemessenes Gedenken zu bewahren, res\u00fcmiert \nOberb\u00fcrgermeisterin Seiler. Dies zu unterst\u00fctzen sei f\u00fcr sie \nselbstverst\u00e4ndlich.<\/p>\n\n\n\n<p>\u201eDie  umfangreichen Aufgaben des Vereins erfordern erhebliche Mittel. Auch  wenn der Volksbund im Auftrag der Bundesregierung  arbeitet, muss er sich zu rund 75% aus Spenden finanzieren. Ich bitte  Sie deshalb herzlich, die Sorge um die Gr\u00e4ber unserer Kriegstoten sowie  die Arbeit um Vers\u00f6hnung und Frieden durch eine Spende f\u00fcr den Volksbund  Deutscher Kriegsgr\u00e4berf\u00fcrsorge zu unterst\u00fctzen\u201c,  so die Oberb\u00fcrgermeisterin.<\/p>\n\n\n\n<p><em>Text: Stadt Speyer Foto: S24N, archiv<br>28.10.2019<\/em><\/p>\n\n\n\n<h2 class=\"wp-block-heading\"><strong>Oberb\u00fcrgermeisterin Seiler regt Vertagung des Themas Industriehof im Stadtrat an<\/strong><\/h2>\n\n\n\n<div class=\"wp-block-image\"><figure class=\"aligncenter\"><img decoding=\"async\" loading=\"lazy\" width=\"800\" height=\"600\" src=\"https:\/\/speyer24news.com\/wp-content\/uploads\/2019\/10\/DSC04459.jpg\" alt=\"\" class=\"wp-image-21435\" srcset=\"https:\/\/speyer24news.com\/wp-content\/uploads\/2019\/10\/DSC04459.jpg 800w, https:\/\/speyer24news.com\/wp-content\/uploads\/2019\/10\/DSC04459-300x225.jpg 300w, https:\/\/speyer24news.com\/wp-content\/uploads\/2019\/10\/DSC04459-768x576.jpg 768w, https:\/\/speyer24news.com\/wp-content\/uploads\/2019\/10\/DSC04459-678x509.jpg 678w, https:\/\/speyer24news.com\/wp-content\/uploads\/2019\/10\/DSC04459-326x245.jpg 326w, https:\/\/speyer24news.com\/wp-content\/uploads\/2019\/10\/DSC04459-80x60.jpg 80w\" sizes=\"(max-width: 800px) 100vw, 800px\" \/><\/figure><\/div>\n\n\n\n<p>In\n seiner Sitzung vom 15.10.2019 hat der Ausschuss f\u00fcr Stadtentwicklung, \nBauen und Konversion beschlossen, dem&nbsp; Stadtrat eine Erg\u00e4nzung\n des Aufstellungsbeschlusses zum Bebauungsplan 069 II Rheinufer Nord, 2.\n Teilbebauungsplan \u201eIndustriehof\u201c&nbsp; zu empfehlen. Demnach soll die \nAusweisung eines urbanen Gebiets (MU) gem\u00e4\u00df \u00a76a BauNVO angestrebt \nwerden.\n<\/p>\n\n\n\n<p>Infolge\n dieses Beschlusses haben sich nun betroffene Mieterinnen und Mieter des\n Industriehofes an die Stadtverwaltung gewandt und\n ihre Verunsicherung ge\u00e4u\u00dfert. \u201eDie an uns herangetragenen Anliegen \nhaben gezeigt, dass noch Informationsbedarf \u2013 insbesondere in Bezug auf \ndie Gebietskategorie \u201eurbanes Gebiet\u201c &#8211; besteht\u201c, so Oberb\u00fcrgermeisterin\n Stefanie Seiler. \u201eSelbstverst\u00e4ndlich nehmen\n wir das sehr ernst. Aus diesem Grund werde ich in der Stadtratssitzung \nam kommenden Donnerstag anregen, das Thema Industriehof vorerst von der \nTagesordnung zu nehmen, um vor einer Beschlussfassung im Stadtrat am 12.\n Dezember eine \u00f6ffentliche Informationsveranstaltung\n anbieten zu k\u00f6nnen\u201c. <\/p>\n\n\n\n<p>Diese Informationsveranstaltung wird am <strong>Dienstag, 3. Dezember 2019, 15:30 Uhr<\/strong> im Stadtratssitzungssaal  stattfinden und steht allen betroffenen Mieterinnen und Mietern, allen  Interessierten und Stadtratsmitgliedern offen. \u201eZiel ist es, den  aktuellen Sachstand darzulegen und insbesondere \u00fcber  das \u201eurbane Gebiet\u201c sowie dessen Voraussetzungen und Auflagen  aufzukl\u00e4ren, um so Verunsicherungen aus der Welt zu schaffen\u201c, erl\u00e4utert  Oberb\u00fcrgermeisterin Seiler. <\/p>\n\n\n\n<p><em>Text: Stadt Speyer Foto: S24N, archiv<br>28.10.2019<\/em><\/p>\n\n\n\n<h2 class=\"wp-block-heading\"><strong>Verlegung des Wochenmarkts<\/strong><\/h2>\n\n\n\n<p>Aufgrund  des bevorstehenden Feiertags am Freitag, 01.11.2019 (Allerheiligen),  wird der Wochenmarkt auf dem Berliner Platz in Kalenderwoche  44 in Absprache mit den Beschickern ausnahmsweise am <strong>Donnerstag, 31.10.2019<\/strong>, stattfinden. <\/p>\n\n\n\n<p><em>Stadt Speyer<br>28.10.2019<\/em><\/p>\n\n\n\n<h2 class=\"wp-block-heading\"><strong>Gemeindeschwester<sup>plus<\/sup> bald auch in Speyer \u2013 Stadt erh\u00e4lt F\u00f6rderzusage<\/strong><\/h2>\n\n\n\n<p>Die\n Stadt Speyer erhielt am Donnerstag, 17.10.2019 eine F\u00f6rderzusage des \nMinisteriums f\u00fcr Soziales, Arbeit, Gesundheit und Demografie\n des Landes Rheinland-Pfalz zur Finanzierung eines kommunalen \nGesundheitsf\u00f6rderungskonzepts und wird im Zuge dessen k\u00fcnftig Teil des \nProjekts Gemeindeschwester<sup>plus<\/sup>.\n<\/p>\n\n\n\n<p>\u201eWir\n freuen uns, dass unser Projektantrag erfolgreich war. Das Angebot ist \neine gro\u00dfe Bereicherung f\u00fcr die Stadt Speyer\u201c, sind sich\n Oberb\u00fcrgermeisterin Stefanie Seiler und B\u00fcrgermeisterin Monika Kabs \neinig. Das Modellprojekt Gemeindeschwester<sup>plus<\/sup> startete am 1.\n Juli 2015 in seine erste Phase und endete am 31. Dezember 2018. Seit 1.\n Januar 2019 wird es in einer zweiten Phase\n fortgef\u00fchrt. Es richtet sich an hochbetagte Menschen ab 80 Jahren, die \nnoch selbstst\u00e4ndig leben und nicht auf Pflege angewiesen sind, die sich \naber gleichzeitig Unterst\u00fctzung und Beratung w\u00fcnschen.<\/p>\n\n\n\n<p>Im\n Rahmen des Projekts kann sowohl eine pr\u00e4ventiv ausgerichtete Beratung \nstattfinden, beispielsweise zur sozialen Situation, gesundheitlichen\n und hauswirtschaftlichen Versorgung, Wohnsituation, Mobilit\u00e4t oder \nHobbys und Kontakte, als auch die Vermittlung von wohnortnahen und gut \nerreichbaren Teilhabeangeboten wie beispielsweise geselligen \nSeniorentreffen, Bewegungsangeboten, Veranstaltungen oder\n interessanten Kursen. \u201eDie Gemeindeschwestern erkennen bei ihren \nHausbesuchen fr\u00fchzeitig Bedarfe und Risiken und k\u00f6nnen entsprechend \ngegensteuern. Sie tragen damit entscheidend dazu bei, dass Seniorinnen \nund Senioren l\u00e4nger zuhause leben und sich ihre Selbstst\u00e4ndigkeit\n erhalten k\u00f6nnen\u201c, fasst Sozialdezernentin Monika Kabs die \nentscheidenden Vorteile des Angebots zusammen. Dar\u00fcber hinaus ist es \nAufgabe der Gemeindeschwester, bei entsprechendem Bedarf neue Angebote \nanzuregen und zu initiieren und in Zusammenarbeit mit weiteren\n Akteuren in der Stadt die Entwicklung gesundheits- und \nselbstst\u00e4ndigkeitsf\u00f6rdernder Infrastrukturen voranzutreiben.<\/p>\n\n\n\n<p>Von\n 2015 bis 2018 finanzierte das Land Rheinland-Pfalz das Projekt zu 100 \nProzent. In den Jahren 2019 und 2020 haben sich die im Land\n Rheinland-Pfalz vertretenen Krankenkassen und Krankenkassenverb\u00e4nde \nbereit erkl\u00e4rt, es in die F\u00f6rderung kommunaler \nGesundheitsf\u00f6rderungskonzepte miteinzubeziehen. Sie beteiligen sich mit \n25 Prozent an den Kosten.<\/p>\n\n\n\n<p>Die  Stadt Speyer ist eine von zw\u00f6lf Kommunen und Landkreisen, auf die die 10,5 zur Verf\u00fcgung stehenden Vollzeitstellen, entsprechend  der Anzahl von Menschen, an die sich das Angebot in den jeweiligen  Regionen richtet, aufgeteilt werden. <\/p>\n\n\n\n<p><em>Stadt Speyer<br>28.10.2019<\/em><\/p>\n\n\n\n<h1 class=\"wp-block-heading\" style=\"text-align:center\">Verkehrsnotizen:<\/h1>\n\n\n\n<div class=\"wp-block-image\"><figure class=\"aligncenter\"><img decoding=\"async\" loading=\"lazy\" width=\"800\" height=\"565\" src=\"https:\/\/speyer24news.com\/wp-content\/uploads\/2019\/10\/Baustelle-2.jpg\" alt=\"\" class=\"wp-image-21434\" srcset=\"https:\/\/speyer24news.com\/wp-content\/uploads\/2019\/10\/Baustelle-2.jpg 800w, https:\/\/speyer24news.com\/wp-content\/uploads\/2019\/10\/Baustelle-2-300x212.jpg 300w, https:\/\/speyer24news.com\/wp-content\/uploads\/2019\/10\/Baustelle-2-768x542.jpg 768w\" sizes=\"(max-width: 800px) 100vw, 800px\" \/><\/figure><\/div>\n\n\n\n<h2 class=\"wp-block-heading\"><strong>Kutschergasse gesperrt<\/strong><\/h2>\n\n\n\n<p>Aufgrund  von Kanalarbeiten im Auftrag der EBS wird die Kutschergasse auf H\u00f6he  der Hausnummer 9 <strong>seit dem 21.10. bis voraussichtlich 30.11.2019 <\/strong> f\u00fcr den Durchgangsverkehr gesperrt. Die Kutschergasse wird aus Richtung  Heydenreichstra\u00dfe als Sackgasse ausgewiesen. Eine Einfahrt in die  Kutschergasse \u00fcber die Gro\u00dfe S\u00e4mergasse wird eingerichtet. <\/p>\n\n\n\n<p>F\u00fcr R\u00fcckfragen steht die Stra\u00dfenverkehrsbeh\u00f6rde unter den Telefonnummern 14-2492 und 14-2682 zur Verf\u00fcgung.<\/p>\n\n\n\n<p><em>Stadt Speyer<br>28.10.2019<\/em><\/p>\n","protected":false},"excerpt":{"rendered":"<div class=\"mh-excerpt\"><p>Stadtnotizen: Oberb\u00fcrgermeisterin ruft zu Spenden f\u00fcr Kriegsgr\u00e4berf\u00fcrsorge auf In diesem Jahr feiert der Volksbund Deutsche Kriegsgr\u00e4berf\u00fcrsorge e. V. sein 100. Jubil\u00e4um. Der eingetragene gemeinn\u00fctzige Verein hat einen humanit\u00e4ren Auftrag und ist gleichzeitig eine der \u00e4ltesten <a class=\"mh-excerpt-more\" href=\"https:\/\/speyer24news.com\/?p=21431\" title=\"Stadtnotizen &#038; Verkehrsnotizen Speyer:\">[&#8230;]<\/a><\/p>\n<\/div>","protected":false},"author":3,"featured_media":0,"comment_status":"open","ping_status":"open","sticky":false,"template":"","format":"standard","meta":{"_monsterinsights_skip_tracking":false,"_monsterinsights_sitenote_active":false,"_monsterinsights_sitenote_note":"","_monsterinsights_sitenote_category":0,"footnotes":""},"categories":[47],"tags":[4211,4212,2322,4209,4213,6,1296,1114,4210],"aioseo_notices":[],"amp_enabled":true,"_links":{"self":[{"href":"https:\/\/speyer24news.com\/index.php?rest_route=\/wp\/v2\/posts\/21431"}],"collection":[{"href":"https:\/\/speyer24news.com\/index.php?rest_route=\/wp\/v2\/posts"}],"about":[{"href":"https:\/\/speyer24news.com\/index.php?rest_route=\/wp\/v2\/types\/post"}],"author":[{"embeddable":true,"href":"https:\/\/speyer24news.com\/index.php?rest_route=\/wp\/v2\/users\/3"}],"replies":[{"embeddable":true,"href":"https:\/\/speyer24news.com\/index.php?rest_route=%2Fwp%2Fv2%2Fcomments&post=21431"}],"version-history":[{"count":1,"href":"https:\/\/speyer24news.com\/index.php?rest_route=\/wp\/v2\/posts\/21431\/revisions"}],"predecessor-version":[{"id":21437,"href":"https:\/\/speyer24news.com\/index.php?rest_route=\/wp\/v2\/posts\/21431\/revisions\/21437"}],"wp:attachment":[{"href":"https:\/\/speyer24news.com\/index.php?rest_route=%2Fwp%2Fv2%2Fmedia&parent=21431"}],"wp:term":[{"taxonomy":"category","embeddable":true,"href":"https:\/\/speyer24news.com\/index.php?rest_route=%2Fwp%2Fv2%2Fcategories&post=21431"},{"taxonomy":"post_tag","embeddable":true,"href":"https:\/\/speyer24news.com\/index.php?rest_route=%2Fwp%2Fv2%2Ftags&post=21431"}],"curies":[{"name":"wp","href":"https:\/\/api.w.org\/{rel}","templated":true}]}}