{"id":21487,"date":"2019-10-29T08:59:46","date_gmt":"2019-10-29T07:59:46","guid":{"rendered":"https:\/\/speyer24news.com\/?p=21487"},"modified":"2019-10-29T08:59:48","modified_gmt":"2019-10-29T07:59:48","slug":"polizei-110","status":"publish","type":"post","link":"https:\/\/speyer24news.com\/?p=21487","title":{"rendered":"Polizei:"},"content":{"rendered":"<style type=\"text\/css\">\r\n\t.ads_top_disp{}\r\n\t.ads_top_corner_disp{ float:left; margin:0px 10px 10px 0px; }\r\n\t.ads_first_p_disp{}\r\n\t.ads_bottom_disp{}\r\n\t<\/style>\n<h2 class=\"wp-block-heading\">Polizeimeldungen vom Montag (28.10.2019)<\/h2>\n\n\n\n<div class=\"wp-block-image\"><figure class=\"aligncenter\"><img decoding=\"async\" src=\"https:\/\/speyer24news.com\/wp-content\/uploads\/2019\/10\/Aktuelles-Polizeilogo.jpg\" alt=\"\" class=\"wp-image-20680\"\/><\/figure><\/div>\n\n\n\n<h4 class=\"wp-block-heading\">(Speyer) &#8211; Betrunken mit Fahrrad unterwegs<\/h4>\n\n\n\n<p>Die\n Polizei Speyer wurde am Sonntag gegen 17:40 Uhr auf eine \naugenscheinlich betrunkene Person aufmerksam, die mit ihrem Fahrrad den \nSt.-Guido-Stifts-Platz befuhr. Bei der Kontrolle des 23-J\u00e4hrigen aus \nR\u00f6merberg konnte dann deutlicher Alkoholgeruch festgestellt werden. Ein \nAtemalkoholtest ergab einen Wert von 2,31 Promille. Deutlich zu viel, da\n bei Radfahrern bereits ab einem Wert von 1,6 Promille von einer \nabsoluten Fahrunt\u00fcchtigkeit ausgegangen wird, die ein Strafverfahren \nwegen Trunkenheit im Verkehr zur Folge hat. Bei dem 23-j\u00e4hrigen \nRadfahrer konnten neben seine Alkoholisierung zudem drogentypische \nAuffallerscheinungen festgestellt werden. Ihm wurde die Weiterfahrt \nuntersagt und er musste der Polizei auf die Dienststelle folgen, wo ihm \neine Blutprobe entnommen wurde. <\/p>\n\n\n\n<h4 class=\"wp-block-heading\">(Speyer) &#8211; Einbr\u00fcche im Brahmsweg<\/h4>\n\n\n\n<div class=\"wp-block-image\"><figure class=\"aligncenter\"><img decoding=\"async\" src=\"https:\/\/speyer24news.com\/wp-content\/uploads\/2019\/10\/Einbruch-1.jpg\" alt=\"\" class=\"wp-image-21488\"\/><\/figure><\/div>\n\n\n\n<p>Zwischen\n Freitag und Sonntag kam es im Brahmsweg zu einem Einbruch sowie einem \nEinbruchsversuch. In einem Fall hebelten die T\u00e4ter dabei die \nTerrassent\u00fcr eines Einfamilienhauses auf und verschafften sich so \nZutritt in das Haus. Dort wurden s\u00e4mtlich Zimmer durchw\u00fchl und Bargeld \nin 3-stelliger H\u00f6he entwendet. <\/p>\n\n\n\n<p>In einem zweiten Fall machten sich\n die T\u00e4ter ebenfalls an der Terrassent\u00fcr des dortigen Wohnhauses zu \nschaffen. An dieser konnten bei der Tatortaufnahme mehrere Hebelmarken \nfestgestellt werden. Allerdings gelang es den T\u00e4tern offensichtlich \nnicht, die T\u00fcr zu \u00fcberwinden bzw. auf andere Weise in das Haus \neinzudringen. <\/p>\n\n\n\n<p><strong><em>Die Polizei wei\u00dft in diesem Zusammenhang darauf  hin, dass auch in diesem Jahr mit dem Beginn der &#8222;dunklen Jahreszeit&#8220;  wieder vermehrt mit Einbr\u00fcchen zu rechnen ist. Daher beachten Sie bitte  folgende Tipps der Polizei, um sich vor einem Einbruch zu sch\u00fctzen: <\/em><\/strong><\/p>\n\n\n\n<ul><li>Verschlie\u00dfen Sie auch bei kurzer Abwesenheit immer ihre Fenster,      Balkon- und Terrassent\u00fcren. Gekippte Fenster sind f\u00fcr Einbrecher      offenen Fenster!<\/li><li>Wenn Sie Ihren Schl\u00fcssel verloren haben, wechseln Sie umgehend den Schlie\u00dfzylinder.<\/li><li>Schlie\u00dfen Sie bei Verlassen des Hauses\/der Wohnung immer ab und       ziehen Sie die T\u00fcr nicht einfach nur ins Schloss.<\/li><li>Deponieren Sie Ihren Haus- oder Wohnungsschl\u00fcssel niemals au\u00dferhalb Ihrer R\u00e4ume\/im Au\u00dfenbereich: Einbrecher kennen jedes Versteck!<\/li><li>Rolll\u00e4den sollten zur Nachtzeit geschlossen werden.<\/li><li>Installieren sie Lichtquellen\/Bewegungsmelder im Au\u00dfenbereich<\/li><li>Lassen Sie im Au\u00dfenbereich keine Einstiegshilfen wie beispielsweise Leitern, Gartenst\u00fchle, M\u00fclltonnen stehen, die den Einbrechern das Eindringen erleichtern<\/li><li>Lassen Sie in der Urlaubszeit Briefk\u00e4sten von Nachbarn leeren, bestellen Sie die Tageszeitung in dieser Zeit ab, Steuern Sie das Licht \u00fcber Zeitschaltuhren.<\/li><li>Hinterlassen Sie keine Abwesenheitshinweise auf Ihrem       Anrufbeantworter<\/li><li>Vermeiden Sie, dass andere von ihrer Abwesenheit durch Eintr\u00e4ge in sozialen Medienportalen Kenntnis erlangen k\u00f6nnen.<\/li><li>Seien Sie wachsam im Hinblick auf Fremde\/Verd\u00e4chtige in ihrem       Wohnumfeld und in der Nachbarschaft und melden sie solche       Personen\/Fahrzeuge der Polizei. <\/li><\/ul>\n\n\n\n<p>Weitere Tipps wie Sie sich vor Einbrechern sch\u00fctzen k\u00f6nnen, finden Sie unter <a rel=\"noreferrer noopener\" target=\"_blank\" href=\"http:\/\/www.polizei-beratung.de\">www.polizei-beratung.de<\/a>. <\/p>\n\n\n\n<h4 class=\"wp-block-heading\">(Limburgerhof) &#8211; Einbruchsserie in Kellerr\u00e4ume<\/h4>\n\n\n\n<div class=\"wp-block-image\"><figure class=\"aligncenter\"><img decoding=\"async\" loading=\"lazy\" width=\"333\" height=\"500\" src=\"https:\/\/speyer24news.com\/wp-content\/uploads\/2019\/10\/Kellereinbruch-RLP.jpg\" alt=\"\" class=\"wp-image-21489\" srcset=\"https:\/\/speyer24news.com\/wp-content\/uploads\/2019\/10\/Kellereinbruch-RLP.jpg 333w, https:\/\/speyer24news.com\/wp-content\/uploads\/2019\/10\/Kellereinbruch-RLP-200x300.jpg 200w\" sizes=\"(max-width: 333px) 100vw, 333px\" \/><\/figure><\/div>\n\n\n\n<p>In dem Zeitraum von Freitag, 25.10.2019 (20:00 Uhr), bis Samstag,  26.10.2019 (08:00 Uhr), verschafften sich bislang unbekannte T\u00e4ter  gewaltsamen Zutritt zu mehreren Kellerr\u00e4umen eines Mehrparteienhauses in  der Schlesier Stra\u00dfe. Aus den R\u00e4umen wurden unter anderem Fahrr\u00e4der,  mehrere Flaschen Alkohol und Werkzeuge entwendet. Zeugen, die Hinweise  zu den Taten\/T\u00e4tern geben k\u00f6nnen, werden gebeten, sich mit der Polizei  Schifferstadt unter 06235 495-0 oder unter <a href=\"mailto:pischifferstadt@polizei.rlp.de\">pischifferstadt@polizei.rlp.de<\/a> in Verbindung zu setzen. <\/p>\n\n\n\n<h4 class=\"wp-block-heading\">(Bellheim) &#8211; Entlaufene Mulis im Bellheimer Wald<\/h4>\n\n\n\n<p>Die entlaufenen Mulis (Maultiere) Egon und Erna sorgten seit dem sp\u00e4ten  Samstagnachmittag f\u00fcr sportliche Ert\u00fcchtigung vieler Polizeibeamter und  Helfer, nachdem die Tiere aus dem Gehege einer Therapieeinrichtung in  Lustadt entkamen und sich einen Spaziergang durch den Wald g\u00f6nnten. Bis  in den Sonntagmorgen wurden die Mulis immer wieder entlang der  Landstra\u00dfe 538 gemeldet. Letztlich wurden diese durch engagierte Helfer  wieder in ihr Gehege getrieben und untergestellt.<\/p>\n\n\n\n<h4 class=\"wp-block-heading\">(R\u00fclzheim) &#8211; Geisterfahrer auf der B9 bei R\u00fclzheim-Nord<\/h4>\n\n\n\n<p>Ein 84-J\u00e4hriger Mann aus H\u00f6rdt l\u00f6ste am Freitagnachmittag eine Flut an  Notrufen aus, als er versuchte, mit seinem Krankenfahrstuhl auf der B9  von R\u00fclzheim nach H\u00f6rdt zu fahren und dies in Gegenrichtung. Hierzu  schien ihm der Standstreifen nicht breit genug gewesen zu sein, so dass  er den linken Fahrstreifen benutzte. Durch mutige Verkehrsteilnehmer  konnte der Verkehr verlangsamt und das Schlimmste verhindert werden,  indem sie den Rentner auf den Standstreifen begleiteten. Durch die  Beamten wurde er anschlie\u00dfend in Sicherheit gebracht. Ein Strafverfahren  wegen Gef\u00e4hrdung des Stra\u00dfenverkehrs wurde eingeleitet. <\/p>\n\n\n\n<h4 class=\"wp-block-heading\">(Bad Bergzabern) &#8211; Fu\u00dfg\u00e4nger gef\u00e4hrdet \/ Zeugen gesucht<\/h4>\n\n\n\n<p>Am Sonntag, 27.10.2019, gegen 22.40 Uhr, wollte ein 20-j\u00e4hriger  Fu\u00dfg\u00e4nger an einer \u00dcberquerungshilfe die Kapeller Stra\u00dfe \u00fcberqueren.  Zwei in Richtung Stadtmitte fahrende Fahrzeuge n\u00e4herten sich mit sehr  schneller Geschwindigkeit dem \u00dcberweg. Ein wei\u00dfer Suzuki Swift fuhr  verbotenerweise links an der Mittelinsel, ein hellgr\u00fcner Audi A 3 fuhr  rechts vorbei. Der Fu\u00dfg\u00e4nger musste zur\u00fcckweichen, um nicht von einem  der beiden Fahrzeuge erfasst zu werden. Zeugen, die Angaben zu dem  Verkehrsgeschehen oder den beiden beteiligten Fahrzeugen machen k\u00f6nnen,  werden gebeten sich unter 06343-93340 oder per Email unter <a href=\"mailto:pibadbergzabern@polizei.rlp.de\">pibadbergzabern@polizei.rlp.de<\/a> zu melden. <\/p>\n\n\n\n<h4 class=\"wp-block-heading\">(Bad Bergzabern) &#8211; Unter Alkoholeinfluss und Vorfahrt missachtet<\/h4>\n\n\n\n<p>Am Sonntag, 27.10.2019, gegen 17:20 Uhr, missachtete der Fahrer eines  Pkw BMW als Linksabbieger, an der Einm\u00fcndung B 48\/B 38, Bad  Bergzabern-Nord, die Vorfahrt eines von Bad Bergzabern in Richtung  Niederhorbach fahrenden 52-j\u00e4heirigen Pkw-Fahrers. Bei dem 37-j\u00e4hrigen  Unfallverursacher wurde zudem Alkoholeinfluss festgestellt und eine  Blutprobe entnommen. An beiden Fahrzeugen entstand Sachschaden in H\u00f6he  von 3000.- Euro. <\/p>\n\n\n\n<h4 class=\"wp-block-heading\">(Bad Bergzabern) &#8211; Unter Drogeneinfluss \/ Ohne F\u00fchrerschein und Zulassung<\/h4>\n\n\n\n<p>Am Sonntag, 27.10.2019, gegen 15:40 Uhr, wurde im Stadtgebiet Bad  Bergzabern, der Fahrer eines Pkw BMW einer Verkehrskontrolle unterzogen.  Hierbei wurden drogentypische Ausfallerscheinungen festgestellt. Dem  38-j\u00e4hrigen Fahrer wurde eine Blutprobe entnommen. Eine g\u00fcltige  Fahrerlaubnis und eine aktuell g\u00fcltige Zulassung f\u00fcr den Pkw BMW, konnte  der Fahrer nicht vorweisen. <\/p>\n\n\n\n<h4 class=\"wp-block-heading\">(Bad Bergzabern) &#8211; Ohne Gurt aber mit Alkohol<\/h4>\n\n\n\n<p>Am Samstag, 26.10.2019, gegen 17:15 Uhr, fiel in der Weinstra\u00dfe der  Fahrer eines Pkw Opel Astra auf, weil er keinen Sicherheitsgurt angelegt  hatte. Bei der Kontrolle stellten die Beamten zudem noch  Atemalkoholgeruch fest. Ein gerichtverwertbarer Alkoholtest ergab einen  Wert von 0,68 Promille. Der 41-j\u00e4hrige Fahrer muss mit einem Bu\u00dfgeld und  einem Fahrverbot rechnen. <\/p>\n\n\n\n<h4 class=\"wp-block-heading\">(Klingenm\u00fcnster) &#8211; Geldautomaten aufgebrochen<\/h4>\n\n\n\n<p>In der Nacht von Sonntag auf Montag, 27.\/28.10.2019, drangen bislang  Unbekannte in die Cafeteria des Pfalzklinikums in Klingenm\u00fcnster ein.  Hier brachen sie gewaltsam einen Geldautomaten auf und entwendeten  daraus mehrere tausend Euro Bargeld. Die genaue Gesamtschadensh\u00f6he ist  derzeit noch unbekannt. Die Kriminalpolizei hat die Ermittlungen  aufgenommen. <\/p>\n\n\n\n<p>Hinweise werden unter 06341-2870 oder <a href=\"mailto:kilandau@polizei.rlp.de\">kilandau@polizei.rlp.de<\/a> entgegengenommen. <\/p>\n\n\n\n<h4 class=\"wp-block-heading\">(Annweiler) &#8211; PKW landet in der Queich<\/h4>\n\n\n\n<div class=\"wp-block-image\"><figure class=\"aligncenter\"><img decoding=\"async\" loading=\"lazy\" width=\"800\" height=\"600\" src=\"https:\/\/speyer24news.com\/wp-content\/uploads\/2019\/10\/27.10.19-Annweiler-Verunfaller-PKW.jpg\" alt=\"\" class=\"wp-image-21490\" srcset=\"https:\/\/speyer24news.com\/wp-content\/uploads\/2019\/10\/27.10.19-Annweiler-Verunfaller-PKW.jpg 800w, https:\/\/speyer24news.com\/wp-content\/uploads\/2019\/10\/27.10.19-Annweiler-Verunfaller-PKW-300x225.jpg 300w, https:\/\/speyer24news.com\/wp-content\/uploads\/2019\/10\/27.10.19-Annweiler-Verunfaller-PKW-768x576.jpg 768w, https:\/\/speyer24news.com\/wp-content\/uploads\/2019\/10\/27.10.19-Annweiler-Verunfaller-PKW-678x509.jpg 678w, https:\/\/speyer24news.com\/wp-content\/uploads\/2019\/10\/27.10.19-Annweiler-Verunfaller-PKW-326x245.jpg 326w, https:\/\/speyer24news.com\/wp-content\/uploads\/2019\/10\/27.10.19-Annweiler-Verunfaller-PKW-80x60.jpg 80w\" sizes=\"(max-width: 800px) 100vw, 800px\" \/><\/figure><\/div>\n\n\n\n<p>In der Nacht zum Sonntag, den 26.\/27.10.2019, wollte ein 40-j\u00e4hriger  Fahrzeugf\u00fchrer gegen 03:00 Uhr auf dem Parkplatz beim Schwimmbad  Annweiler ein &#8222;Schleuder-Wende-Man\u00f6ver&#8220; durchf\u00fchren. Infolge \u00fcberh\u00f6hter  Geschwindigkeit verlor er jedoch die Kontrolle \u00fcber seinen PKW. Nachdem  er einen Baum gestreift hatte, durchbrach er mit seinem BMW zwei  Sicherungsgel\u00e4nder und landete mit der Fahrzeugspitze in der Queich. Am  Fahrzeug entstand Totalschaden. Insgesamt bel\u00e4uft sich der Sachschaden  auf eine niedrige, f\u00fcnfstellige Summe. Gl\u00fccklicherweise traten keine  Betriebsstoffe aus, sodass der Bachlauf nicht weiter verunreinigt wurde.  Der Verursacher entfernte sich zudem unerlaubt von der Unfallstelle. Er  konnte jedoch noch in den nachfolgenden Stunden von der Polizei  ermittelt werden und wird nunmehr unter anderem wegen unerlaubten  Entfernens vom Unfallort beanzeigt. <\/p>\n\n\n\n<h4 class=\"wp-block-heading\">(Annweiler) &#8211; Junge gest\u00fcrzt<\/h4>\n\n\n\n<p>Am 28.10.2019, zw. 12.50 und 12.55 Uhr, befuhr ein 11-j\u00e4hriger Junge  die Markwardstra\u00dfe in Richtung Trifelsgymnasium. Hierbei soll ein  vorbeifahrender Bus ohne ausreichenden Seitenabstand vorbeigefahren  sein. Der Junge kam zu fall und verletzte sich leicht an den H\u00e4nden. Die  Polizei Annweiler bittet Zeugen sich zu melden, insbesondere soll  direkt nach dem Sturz den Jungen eine Frau angesprochen haben.  Zeugenhinweise unter 06346-964619 <\/p>\n\n\n\n<h4 class=\"wp-block-heading\">(Rhodt unter Rietburg) &#8211; Einbruch in Rietburggastst\u00e4tte<\/h4>\n\n\n\n<p>Unbekannte sind in der Nacht von Freitag auf Samstag \u00fcber das  abgesperrte Tor der Rietburg geklettert. An der Gastst\u00e4tte haben sie  eine Fensterscheibe eingeschlagen und sind in den Gastraum eingestiegen.  Dort durchw\u00fchlten die Unbekannten s\u00e4mtliche Schubladen uns sonstige  Beh\u00e4ltnisse. Entwendet wurden nach ersten Erkenntnissen eine Kasse sowie  Tabakwaren. Die Gesamtschadensh\u00f6he liegt im vierstelligen Bereich.  Hinweise zu den Einbrechern oder sonstige verd\u00e4chtige Wahrnehmungen, die  im Zusammenhang mit diesem Einbruch stehen, nimmt die Polizei in  Edenkoben unter der Rufnummer 06323 9550 entgegen. <\/p>\n\n\n\n<h4 class=\"wp-block-heading\">(Maikammer) &#8211; Sorgfaltspflicht missachtet<\/h4>\n\n\n\n<p>Autofahrer, die ihr Fahrzeug verlassen, sind laut der  Stra\u00dfenverkehrsordnung (STVO) verpflichtet, ihr Fahrzeug gegen Wegrollen  zu sichern. So kam es am Sonntagmorgen im Bachwiesenweg zu einem  Verkehrsunfall, weil eine 23-j\u00e4hrige Autofahrerin beim Parken verga\u00df,  die Handbremse an ihrem Auto zu bet\u00e4tigen. Ihr Fahrzeug machte sich  selbst\u00e4ndig und rollte gegen einen geparkten PKW. Neben dem Sachschaden  von \u00fcber 200 Euro, f\u00fcr den sie nun aufkommen muss, wurde die  Autofahrerin verwarnt. <\/p>\n\n\n\n<h4 class=\"wp-block-heading\">(St. Martin) &#8211; Einbruch in Hotelzimmer<\/h4>\n\n\n\n<p>In der Maikammerer Stra\u00dfe sind am Freitagabend (TZ war kurz vor 21 Uhr)  Einbrecher \u00fcber eine gekippte Terrassent\u00fcr in ein Hotelzimmer  eingestiegen und haben dort alle Bekleidungsst\u00fccke und Reisetaschen nach  Wertgegenst\u00e4nden abgesucht. Da die G\u00e4ste ihre Wertsachen im Safe  deponiert hatten und die T\u00e4ter nichts fanden, verschwanden sie  unerkannt. Verd\u00e4chtige Wahrnehmungen oder T\u00e4terhinweise nimmt die  Polizei in Edenkoben unter der Rufnummer 06323 9550 entgegen. <\/p>\n\n\n\n<h4 class=\"wp-block-heading\">(Neustadt) &#8211; Polizeieinsatz an der BBS Neustadt<\/h4>\n\n\n\n<figure class=\"wp-block-image\"><a href=\"https:\/\/cache.pressmailing.net\/thumbnail\/story_hires\/c4f030d0-0639-4e55-a00e-9a86267e9e72\/Polizei2.jpg.jpg\"><img decoding=\"async\" src=\"https:\/\/cache.pressmailing.net\/thumbnail\/story_big\/c4f030d0-0639-4e55-a00e-9a86267e9e72\/pol-pdnw-polizeieinsatz-an-der-bbs-neustadt\" alt=\"POL-PDNW: Polizeieinsatz an der BBS Neustadt\"\/><\/a><\/figure>\n\n\n\n<p>Am Montagmorgen gegen 08.30 Uhr ging bei der Polizei Neustadt ein vager  Hinweis auf einen eventuell bevorstehenden, polizeilich relevanten  Sachverhalt an der BBS in der Robert-Stolz-Stra\u00dfe in Neustadt ein.  Diesem Hinweis wurde gewissenhaft nachgegangen und alle erforderlichen  Ma\u00dfnahmen der polizeilichen Konzeption wurden umgesetzt. Eine konkrete  Gef\u00e4hrdung der Sch\u00fclerinnen und Sch\u00fcler, der Lehrenden oder der Anwohner  bestand zu keiner Zeit. Eltern, die ihre minderj\u00e4hrigen Kinder abholen  wollten, konnten das jederzeit tun, die Lernenden waren die ganze Zeit  \u00fcber schulisch betreut. Der heute Morgen vermisste Sch\u00fcler konnte um  12.00 Uhr zu Hause angetroffen werden. Es war ihm aus gesundheitlichen  Gr\u00fcnden nicht m\u00f6glich, heute den Unterricht zu besuchen. Starke Kr\u00e4fte  der Polizei Neustadt und den benachbarten Dienststellen setzten das  notwendige Konzept zur Sicherheit aller und zur Verifizierung oder  Falsifizierung des vagen Hinweises um. <\/p>\n\n\n\n<h4 class=\"wp-block-heading\">(Deidesheim) &#8211; Poller umgefahren und gefl\u00fcchtet<\/h4>\n\n\n\n<p>Im Laufe des Sonntag, 27.10., oder zumindest am vergangenen Wochenende  vor Sonntag, 23.00 Uhr, befuhr ein Verkehrsteilnehmer mit bislang  unbekanntem Fahrzeug in Deidesheim die Stra\u00dfe &#8222;Marktplatz&#8220; von der  Weinstra\u00dfe her kommend und \u00fcberfuhr dabei den Poller in seiner  Fahrtrichtung links neben dem versenkbaren Poller und riss diesen dabei  aus der Verankerung, wobei der Poller selbst sowie das umgebende  Stra\u00dfenpflaster besch\u00e4digt wurde. Im Anschluss entfernte er sich von der  Unfallstelle, ohne sich um eine entsprechende Schadensregulierung zu  bem\u00fchen. Die Polizeiinspektion Ha\u00dfloch erbittet Hinweise von evtl.  Zeugen des Unfalls unter Tel. 06324-9330 oder per E-Mail an <a href=\"mailto:pihassloch@polizei.rlp.de\">pihassloch@polizei.rlp.de<\/a>. <\/p>\n\n\n\n<h4 class=\"wp-block-heading\">(Maxdorf) &#8211; Graffiti-Serie an Pkw<\/h4>\n\n\n\n<p>In der Nacht vom 27.10.2019 auf 28.10.2019 kommt es in der Maxstra\u00dfe  und den umliegenden Stra\u00dfen zu einer Serie von Graffiti-Schmierereien  auf Pkw. Durch bislang unbekannte T\u00e4ter werden nach derzeitigem  Ermittlungsstand 10 SUV verschiedener Marken mit &#8222;FCK SUV&#8220; und &#8222;Setzen  6&#8220; bespr\u00fcht. Nach bisherigem Kenntnisstand d\u00fcrfte die Tatzeit zwischen  02.00 Uhr und 05.30 Uhr liegen. In diesem Zusammenhang sucht die  Polizeiwache Maxdorf nach Zeugen, die in diesem Zeitraum verd\u00e4chtige  Personen bemerkt haben. <\/p>\n\n\n\n<p>Wer sachdienliche Hinweise zu dem  genannten Fall geben kann, wird gebeten sich mit der Polizeiinspektion  Frankenthal unter der Rufnummer 06233\/313-0 oder der Polizeiwache  Maxdorf unter der Rufnummer 06237\/934-1100 in Verbindung zu setzen.  Hinweise k\u00f6nnen auch per E-Mail unter <a href=\"mailto:pifrankenthal@polizei.rlp.de\">pifrankenthal@polizei.rlp.de<\/a> an die Polizei \u00fcbermittelt werden. <\/p>\n\n\n\n<h4 class=\"wp-block-heading\">(Rheinland-Pfalz) &#8211; Sonderprogramm zur Bek\u00e4mpfung von Geschwindigkeitsunf\u00e4llen und Gefahren im Stra\u00dfenverkehr in der Herbstzeit<\/h4>\n\n\n\n<p>Die Polizei Rheinland-Pfalz f\u00fchrt in der Zeit vom 28.10.2019 bis  10.11.2019 an durch Auswertungen des Landesbetriebs Mobilit\u00e4t  Rheinland-Pfalz (LBM) erkannten Verkehrsunfallschwerpunkten auf Bundes-,  Landes- und Kreisstra\u00dfen vermehrt Geschwindigkeitsmessungen durch. <\/p>\n\n\n\n<p>\u00dcberh\u00f6hte\n Geschwindigkeit z\u00e4hlt zu den h\u00e4ufigsten Unfallursachen, besonders bei \nVerkehrsunf\u00e4llen mit schweren Folgen. Bei \u00fcber einem Drittel aller \nt\u00f6dlichen Verkehrsunf\u00e4lle war nicht angepasste Geschwindigkeit die \nUnfallursache. Daneben bringt die Herbstzeit aufgrund schwieriger \nWitterungsbedingungen (Regen, Laub, Nebel, Dunkelheit, Wildwechsel) \nzus\u00e4tzliche Gefahren f\u00fcr Verkehrsteilnehmer mit sich. <\/p>\n\n\n\n<p>Die Anzahl \nder Verkehrsunfalltoten im Zeitraum 01.01.-31.08.2019 liegt mit 112 \nToten \u00fcber der Zahl (105 Tote) aus dem Vorjahreszeitraum. Deshalb wollen\n wir zentrale Themen der Verkehrssicherheit mit dem Sonderprogramm \n#gegenHeizerimHerbst wieder mehr in den Fokus der \u00d6ffentlichkeit \nstellen. Dar\u00fcber hinaus begleitet die Polizei das Sonderprogramm unter \nden Hashtags #gegenHeizerimHerbst #rasent\u00f6tet #visionzero auf den \nSocial-Media-Kan\u00e4len der Polizei Rheinland-Pfalz Facebook und Instagram \nsowie auf den Twitter-Kan\u00e4len der Polizeipr\u00e4sidien. Diese finden Sie \nunter: @PP_Rheinpfalz @PolizeiTrier @Polizei_KO @Polizei_KL \n@PolizeiMainz <\/p>\n\n\n\n<p>Die Gesamtergebnisse des landesweiten Sonderprogramms werden am 11.11.2019 per Pressemitteilung ver\u00f6ffentlicht. <\/p>\n\n\n\n<h4 class=\"wp-block-heading\">(Ludwigshafen) &#8211; Roller gestohlen<\/h4>\n\n\n\n<p>In der Zeit zwischen dem 25.10.2019, 18.30 Uhr und dem 26.10.2019,  gegen 20 Uhr, stahlen Unbekannte ein Kleinkraftrad, Marke Exploerer,  Speed 50, das im Zollhof abgestellt war. Sachdienliche Hinweise bitte an  die Polizeiinspektion Ludwigshafen 1  unter der Telefonnummer 0621  963-2122 oder per E-Mail <a href=\"mailto:piludwigshafen1@polizei.rlp.de\">piludwigshafen1@polizei.rlp.de<\/a>. <\/p>\n\n\n\n<h4 class=\"wp-block-heading\">(Ludwigshafen) &#8211; Einbruch in leerstehendes Einfamilienhaus<\/h4>\n\n\n\n<p>In ein leerstehendes Einfamilienhaus im Wei\u00dfdornhag brachen Unbekannte  in der Zeit zwischen 21.10. und 26.10.2019, 18.30 Uhr ein und betraten  die R\u00e4ume des Hauses. Entwendet wurde nichts. Die Polizei sucht Zeugen.  Wer hat im Tatzeitraum verd\u00e4chtige Beobachtungen gemacht? Sachdienliche  Hinweise bitte an die Polizeiinspektion Ludwigshafen 1  unter der  Telefonnummer 0621 963-2122 oder per E-Mail <a href=\"mailto:piludwigshafen1@polizei.rlp.de\">piludwigshafen1@polizei.rlp.de<\/a>. <\/p>\n\n\n\n<h4 class=\"wp-block-heading\">(Mannheim) &#8211; T\u00f6tungsdelikt in der Innenstadt; Tatverd\u00e4chtiger in Untersuchungshaft<\/h4>\n\n\n\n<h4 class=\"wp-block-heading\">Gemeinsame Pressemitteilung der Staatsanwaltschaft Mannheim und des Polizeipr\u00e4sidiums Mannheim Nr. 2 <\/h4>\n\n\n\n<div class=\"wp-block-image\"><figure class=\"aligncenter\"><img decoding=\"async\" src=\"https:\/\/speyer24news.com\/wp-content\/uploads\/2019\/10\/Zelle.jpg\" alt=\"\" class=\"wp-image-20683\"\/><\/figure><\/div>\n\n\n\n<p>Nachdem\n in der Nacht zum Sonntag, den 27.10.2019, eine 33-j\u00e4hrige deutsche \nStaatsangeh\u00f6rige im Flur ihres Wohnhauses, vor ihrer Wohnungst\u00fcr, in den\n Quadraten in Mannheim get\u00f6tet wurde, fand heute Mittag die \nHaftvorf\u00fchrung des Tatverd\u00e4chtigen statt. Gegen 13:00 Uhr wurde der \n33-j\u00e4hrige Ex-Freund der Verstorbenen, ein deutscher Staatsangeh\u00f6riger, \ndem Haftrichter beim Amtsgericht Mannheim vorgef\u00fchrt, der auf Antrag der\n Staatsanwaltschaft Mannheim die Untersuchungshaft wegen des Haftgrundes\n der Schwerkriminalit\u00e4t (\u00a7 112 Abs. 3 StPO) anordnete. <\/p>\n\n\n\n<p>Der \n33-j\u00e4hrige ist nach dem aktuellen Stand der Ermittlungen dringend \ntatverd\u00e4chtig, einen Totschlag zum Nachteil seiner ehemaligen \nLebensgef\u00e4hrtin in Tateinheit mit versuchtem Mord und gef\u00e4hrlicher \nK\u00f6rperverletzung zum Nachteil von deren Freundin, eine 38-j\u00e4hrige \nt\u00fcrkische Staatsangeh\u00f6rige, begangen zu haben. Diese soll versucht \nhaben, den 33-j\u00e4hrigen von seiner Tat abzubringen und wurde dabei selbst\n angegriffen, wobei der Tatverd\u00e4chtige mit T\u00f6tungsvorsatz gehandelt \nhaben soll. Lebensgefahr bestand f\u00fcr die 38-j\u00e4hrige nicht. Nach dem \nderzeitigen Stand der Ermittlungen wird von einer Beziehungstat \nausgegangen. Der Tatverd\u00e4chtige hat gegen\u00fcber dem Haftrichter keine \nAngaben gemacht. <\/p>\n\n\n\n<p>Die Ermittlungen der Staatsanwaltschaft Mannheim\n und des Kriminalkommissariats Mannheim, insbesondere zum genauen \nTathergang und den Hintergr\u00fcnden der Tat, dauern an. <\/p>\n\n\n\n<h4 class=\"wp-block-heading\">(Mannheim) &#8211; Ant\u00e4nzerin stiehlt Geldb\u00f6rse \/ Zeugen gesucht<\/h4>\n\n\n\n<p>Am Sonntagabend wurde einem 69-j\u00e4hrigen Mann gegen 19 Uhr durch eine sogenannte Ant\u00e4nzerin die Geldb\u00f6rse gestohlen. <\/p>\n\n\n\n<p>Der\n Mann war auf der Windeckstra\u00dfe in Richtung Feldbergstra\u00dfe unterwegs. In\n H\u00f6he des Best Western Hotels n\u00e4herte sich ihm eine unbekannte Frau von \nhinten und tanzte ihn an. Dabei tastete sie den Mann ab und entwendete \nihm die Geldb\u00f6rse aus der Jacke. Den Verlust stellte der Mann erst \nsp\u00e4ter fest. Beim sogenannten Antanzen geht der T\u00e4ter spontan auf sein \nOpfer zu und beginnt vor und mit ihm zu tanzen. Den dabei entstehenden \nK\u00f6rperkontakt nutzt der Dieb, um Wertgegenst\u00e4nde zu entwenden. <\/p>\n\n\n\n<p>Zeugen,\n die den Vorfall bemerkt und sachdienliche Hinweise geben k\u00f6nnen, werden\n gebeten, sich beim Polizeirevier Mannheim-Oststadt  unter 0621 1743310 \nzu melden. <\/p>\n\n\n\n<p><strong><em>Die Polizei gibt folgende Hinweise, um sich zu sch\u00fctzen: <\/em><\/strong><\/p>\n\n\n\n<ul><li>Nehmen Sie nur das Notwendigste an Bargeld und Wertsachen mit. <\/li><li>Tragen Sie Ihre Wertsachen m\u00f6glichst eng am K\u00f6rper. Gut geeignet sind Jackeninnentaschen  oder vordere Hosentaschen bzw. Brustbeutel und Bauchtaschen. <\/li><li>Handtaschen und Umh\u00e4ngetaschen sollten Sie immer mit der       Verschlussseite\/Zipper zum K\u00f6rper tragen. <\/li><li>Halten Sie Ihre Handtaschen und Rucks\u00e4cke stets geschlossen und       lassen Sie diese nie unbeaufsichtigt. <\/li><li>Im Gedr\u00e4nge sollten Rucks\u00e4cke immer vorn getragen werden. Zeigen Sie keine hohen Bargeldsummen. Seien Sie bei und nach Geldabhebungen besonders aufmerksam. <\/li><\/ul>\n\n\n\n<h4 class=\"wp-block-heading\">(Mannheim-Innenstadt) &#8211; Mit Spielzeugwaffe in Stra\u00dfenbahn unterwegs, Zeugen\/Gesch\u00e4digte gesucht!<\/h4>\n\n\n\n<p>Gro\u00dfe Aufregung gab es am Samstagmittag in einer Stra\u00dfenbahn der Linie 5  am Mannheimer Hauptbahnhof. Gegen 12:15 Uhr fiel im hinteren Bereich  des Zuges ein Mann auf, der ein Gewehr mit sich f\u00fchrte. Umgehend  verst\u00e4ndigte die Fahrerin der Tram die Polizei. <\/p>\n\n\n\n<p>Bei Eintreffen \nder ersten Streife hatte der 51-J\u00e4hrige die Bahn bereits verlassen und \nsa\u00df auf dem Bahnsteig, die Schusswaffe hatte er auf dem Boden abgelegt. \nWie die \u00dcberpr\u00fcfung vor Ort ergab, handelte es sich bei dem schwarzen \nRevolver mit Visiereinrichtung um eine sogenannte Anscheinswaffe. Der \n51-j\u00e4hrige Mann gab an, das Spielzeug f\u00fcr den Sohn eines Arbeitskollegen\n gekauft zu haben und sich wegen des Aussehens bzw. der offenen \nTrageweise keine weiteren Gedanken gemacht zu haben. <\/p>\n\n\n\n<p>Weiterhin  wurde der Polizei bei ihren ersten Ermittlungen bekannt, dass der Mann  mit der Waffe in der Hand herumgefuchtelt habe und deswegen mehrere  Fahrg\u00e4ste den Zug verlassen hatten. Ob und inwieweit diese Personen  durch den Verd\u00e4chtigen bedroht wurden, ist Gegenstand der weiteren  Untersuchungen. Zeugen des Vorfalls werden gebeten, das Polizeirevier  Oststadt, von wo aus die Ermittlungsarbeit gef\u00fchrt wird, unter der  Telefonnummer 0621\/174-3310 anzurufen. <\/p>\n\n\n\n<h4 class=\"wp-block-heading\">(Mannheim-Neckarstadt) &#8211; Brand vor Wohnhaus<\/h4>\n\n\n\n<p>Am sp\u00e4ten Sonntagabend gegen 22:40 Uhr musste die Feuerwehr zu einem  Brand in die  Paul-Gerhardt Stra\u00dfe ausr\u00fccken. Vor dem Haus, in dem sich  zwei Wohnungen, ein Pfarrb\u00fcro sowie ein Kindergarten befinden, war Unrat  in Brand geraten.  Die Flammen griffen auf die Haust\u00fcr \u00fcber. Diese  brannte lichterloh. Der Brand konnte durch Polizeibeamte des  Polizeireviers Neckarstadt mittels Feuerl\u00f6scher gel\u00f6scht werden, noch  bevor die Feuerwehr eintraf. Diese f\u00fchrte danach noch Nachl\u00f6scharbeiten  und L\u00fcftungsma\u00dfnahmen durch. Von den f\u00fcnf Hausbewohnern wurde niemand  verletzt. Der Schaden bel\u00e4uft sich laut Sch\u00e4tzungen der Feuerwehr auf  ca. 15.000 &#8211; 20.000 Euro. Die Kriminalpolizei hat die Ermittlungen zur  Brandursache \u00fcbernommen. Hinweise an den Kriminaldauerdienst, Tel. 0621 &#8211;  174 5555. <\/p>\n\n\n\n<h4 class=\"wp-block-heading\">(Mannheim-K\u00e4fertal) &#8211; Randalierend durch K\u00e4fertal gezogen, mehrere Autos besch\u00e4digt, Zeugen und weitere Gesch\u00e4digte gesucht!<\/h4>\n\n\n\n<p>Am Sonntag gegen 06 Uhr besch\u00e4digten ein oder mehrere bislang  unbekannter T\u00e4ter mehrere Fahrzeuge, die ordnungsgem\u00e4\u00df in der Wormser  Stra\u00dfe, Kirchplatz und in der Oberen Riedstra\u00dfe abgestellt waren.  Bislang wurden neun besch\u00e4digte Fahrzeuge festgestellt, an den die  Au\u00dfenspiegel und teilweise die Frontscheinwerfer abgetreten, bzw.  besch\u00e4digt wurden. <\/p>\n\n\n\n<p>Des Weiteren wurden mobile Verkehrsschilder in der Oberen Riedstra\u00dfe und in der Rollb\u00fchlstra\u00dfe umgeworfen. <\/p>\n\n\n\n<p>Es entstand ein Sachschaden in H\u00f6he von mehreren tausend Euro. <\/p>\n\n\n\n<p>Ein\n aufmerksamer Zeuge konnte einen m\u00e4nnlichen Verd\u00e4chtigen ausmachen und \nfolgte diesem bis er ihn in der Reiherstra\u00dfe aus den Augen verlor. <\/p>\n\n\n\n<p>Der Verd\u00e4chtige wurde wie folgt beschrieben: <\/p>\n\n\n\n<ul><li>20  bis 25 Jahre alt<\/li><li>ca. 180 cm<\/li><li>hagere Statur<\/li><li>mitteleurop\u00e4isches Aussehen<\/li><li>dunkel gekleidet, roter Stoffeinsatz im Kragenbereich<\/li><li>Der Verd\u00e4chtige soll in deutscher Sprache gr\u00f6lend unterwegs gewesen sein. <\/li><\/ul>\n\n\n\n<p>Bei einer eingeleiteten Fahndung konnte kein Tatverd\u00e4chtiger kontrolliert werden. <\/p>\n\n\n\n<p>Zeugen  der Sachbesch\u00e4digungen und oder Personen, die Hinweise auf  Verd\u00e4chtige  geben k\u00f6nnen, werden gebeten, sich unter 0621 718490 zu melden.  Au\u00dferdem k\u00f6nnen weitere Gesch\u00e4digte sich unter der angegebenen  Telefonnummer melden. <\/p>\n\n\n\n<h4 class=\"wp-block-heading\">(Mannheim \/ Heidelberg \/ Rhein-Neckar-Kreis) &#8211; Halloween: So mancher Streich kann ein juristisches Nachspiel haben<\/h4>\n\n\n\n<div class=\"wp-block-image\"><figure class=\"aligncenter\"><img decoding=\"async\" loading=\"lazy\" width=\"800\" height=\"600\" src=\"https:\/\/speyer24news.com\/wp-content\/uploads\/2019\/10\/IMG_20191019_212848-1.jpg\" alt=\"\" class=\"wp-image-21237\" srcset=\"https:\/\/speyer24news.com\/wp-content\/uploads\/2019\/10\/IMG_20191019_212848-1.jpg 800w, https:\/\/speyer24news.com\/wp-content\/uploads\/2019\/10\/IMG_20191019_212848-1-300x225.jpg 300w, https:\/\/speyer24news.com\/wp-content\/uploads\/2019\/10\/IMG_20191019_212848-1-768x576.jpg 768w, https:\/\/speyer24news.com\/wp-content\/uploads\/2019\/10\/IMG_20191019_212848-1-678x509.jpg 678w, https:\/\/speyer24news.com\/wp-content\/uploads\/2019\/10\/IMG_20191019_212848-1-326x245.jpg 326w, https:\/\/speyer24news.com\/wp-content\/uploads\/2019\/10\/IMG_20191019_212848-1-80x60.jpg 80w\" sizes=\"(max-width: 800px) 100vw, 800px\" \/><\/figure><\/div>\n\n\n\n<p>Bald ist es wieder so weit: Halloween steht vor der T\u00fcr. Am 31. Oktober  werden wieder, wie in den letzten Jahren, verkleidete Kinder und  Jugendliche um die H\u00e4user ziehen und die Bewohner mit dem Ausspruch  &#8222;S\u00fc\u00dfes oder Saures&#8220; vor die Wahl eines Streiches oder der Spende von  S\u00fc\u00dfem stellen. Dieser Brauch aus den USA hat sich innerhalb der letzten  Jahre in Deutschland etabliert. K\u00fcrbisse mit ausgeschnittenen Fratzen  werden mit Kerzen beleuchtet, Jugendliche gehen auf Gruselpartys und die  verkleideten Kinder ziehen durch die Stra\u00dfen und verlangen S\u00fc\u00dfigkeiten.  Allerdings haben die Erfahrungen der letzten Jahre auch gezeigt, dass  viele bei ihren Streichen die Grenze der Harmlosigkeit \u00fcberschreiten.  Frei nach dem Motto &#8222;nicht alles, was Spa\u00df macht, ist auch erlaubt&#8220;,  weist die Polizei darauf hin, dass viele Streiche ein juristisches  Nachspiel haben k\u00f6nnen. Vor allem Farbschmierereien und das Werfen von  Eiern oder Herausrei\u00dfen von Pflanzen werden oft als harmloser Streich  gesehen, sind aber keineswegs Kavaliersdelikte. Es handelt sich vielmehr  um Sachbesch\u00e4digungen, die von der Polizei konsequent strafrechtlich  verfolgt werden. In den letzten Jahren entstanden nicht selten hohe  Reinigungskosten f\u00fcr Hausbesitzer. Sogar lebensgef\u00e4hrlich werden kann  das Herausheben von Gullydeckeln, sowohl f\u00fcr Autofahrer als auch f\u00fcr  Fu\u00dfg\u00e4nger. Die Polizei appelliert au\u00dferdem an alle Halloween-Fans,  friedlich zu feiern! F\u00fcr Schl\u00e4ger und Randalierer ist an Halloween kein  Platz! Kinder unter 14 Jahren k\u00f6nnen zwar nicht strafrechtlich belangt  werden, jedoch k\u00f6nnen zivilrechtliche Forderungen auch gegen\u00fcber Kindern  bzw. ihren gesetzlichen Vertretern geltend gemacht werden. <\/p>\n\n\n\n<p><strong><em>Deshalb hier noch einige Tipps an die Eltern:<\/em><\/strong> <\/p>\n\n\n\n<ul><li>Den Kindern und Jugendlichen nicht grunds\u00e4tzlich verbieten in der Halloween-Nacht mitzugehen, ihnen aber die Grenzen bei Streichen aufzeigen! <\/li><li>Sprechen Sie mit Ihren Kindern ganz gezielt \u00fcber die m\u00f6glichen       Gefahren und Konsequenzen. Zeigen Sie ihnen an Beispielen auf, wo der Spa\u00df aufh\u00f6rt und der Ernst beginnt, damit es nicht zu einem &#8222;juristischen Nachspiel&#8220; kommt. <\/li><li>Kontrollieren, mit welchen Utensilien sich die Kinder zur Halloween-Tour ausr\u00fcsten! <\/li><li>Gegen den Gruppenzwang: die Kinder auffordern, bei \u00fcblen Halloween- Scherzen nicht mitzumachen und sich deutlich zu distanzieren! <\/li><\/ul>\n\n\n\n<h4 class=\"wp-block-heading\">(Heidelberg) &#8211; Volltrunken auf E-Roller unterwegs<\/h4>\n\n\n\n<p>Am sp\u00e4ten Sonntagabend wurden Beamte des Polizeireviers  Heidelberg-Mitte in der Alten Eppelheimer Stra\u00dfe auf einen E-Roller  Fahrer aufmerksam &#8211; aber nicht wegen seines Alkoholkonsums. <\/p>\n\n\n\n<p>Der \n21-J\u00e4hrige fuhr auf einem E-Roller und telefonierte w\u00e4hrenddessen mit \nseinem Mobiltelefon. Als die Uniformierten den jungen Mann anhielten und\n auf sein Fehlverhalten hinwiesen, stellten diese deutlichen \nAlkoholgeruch fest. Ein Test ergab 1,68 Promille im Atem des 21-j\u00e4hrigen\n Fahrers. Im Polizeireviers wurde dem Mann eine Blutprobe entnommen &#8211; er\n muss sich nun wegen Trunkenheit im Stra\u00dfenverkehrs strafrechtlich \nverantworten. <\/p>\n\n\n\n<p>F\u00fcr E-Roller gelten dieselben Grenzwerte wie bei \nanderen Kraftfahrzeugen. Ab einem Wert von 0,3 Promille kann man sich \nbereits strafbar machen. In allen F\u00e4llen hat dies Konsequenzen auf die \nFahrerlaubnis bis hin zum Entzug des F\u00fchrerscheins. <\/p>\n\n\n\n<h4 class=\"wp-block-heading\">(Heidelberg) &#8211; Polizeibeamte beleidigt und angegriffen<\/h4>\n\n\n\n<p>Gleich zweimal wurden am Sonntag Beamte des Polizeireviers  Heidelberg-Mitte bei Personenkontrollen angegriffen und beleidigt. <\/p>\n\n\n\n<p>Am\n fr\u00fchen Morgen sorgte sich ein Zeuge um eine stark betrunkene Frau in \nder Passage des Alten Hallenbades in der Poststra\u00dfe. Bei einer \nanschlie\u00dfenden Personenkontrolle um 7:15 Uhr beleidigte die 28-J\u00e4hrige \ndie Beamten zun\u00e4chst unfl\u00e4tig. Als die Betrunkene zum Polizeirevier \ngebracht werden sollte, trat sie unvermittelt nach einer Beamtin. Dem \nnicht genug setzte die Frau die Angriffe im Revier fort. Aufgrund des \nAlkoholwerts von mehr als 1,45 Promille in der Atemluft, wurde der \n28-J\u00e4hrigen durch einen Arzt Blut entnommen. Dabei schlug und trat sie \nnach den Polizisten und dem Arzt. Dabei wurde ein Beamter von der Frau \ngebissen, die sich nun wegen Beleidigung und Widerstands gegen \nVollstreckungsbeamte strafrechtlich verantworten muss. <\/p>\n\n\n\n<p>Am Abend  f\u00fchrten Polizeibeamte im Rahmen der Sicherheitspartnerschaft Heidelberg  Personenkontrollen auf dem Bahnhofsvorplatz durch. Da ein 39-J\u00e4hriger  die Angabe seiner Personalien verweigerte, sollte er um 19:45 Uhr  durchsucht werden. Dabei stie\u00df er absichtlich mit seiner Stirn gegen den  Kopf eines Polizeibeamten. Bei der anschlie\u00dfenden Festnahme schlug und  trat der Mann gegen die Beamten. Dem nicht genug beleidigte er diese  fortw\u00e4hrend. Ein Atemalkoholtest im Polizeirevier ergab 1,2 Promille.  Den Grund f\u00fcr sein Handeln wollte der Mann nicht erkl\u00e4ren &#8211; ihn erwartet  nun eine Strafanzeige wegen t\u00e4tlichen Angriffs, Widerstand gegen  Vollstreckungsbeamte, Beleidigung, sowie eine  Ordnungswidrigkeitenanzeige wegen des Verweigerns seiner Personalien. <\/p>\n\n\n\n<h4 class=\"wp-block-heading\">(A 6 \/ Autobahnkreuz Walldorf \/ \u00dcberleitung zur A 5 \/ Fahrtrichtung Karlsruhe \/ Rhein-Neckar-Kreis) &#8211; Auffahrunfall, Zwei leicht Verletzte<\/h4>\n\n\n\n<p>Am Sonntag kurz vor 17.00 Uhr \u00fcbersah der Fahrer eines Audi S 6  offenbar das Stauende am Walldorfer Kreuz und wollte vermutlich, um  einen Zusammensto\u00df zu vermeiden, zwischen einem stehenden Audi Cabrio  und der Leitplanke durchfahren. Anschlie\u00dfend fuhr er auf einen Sprinter  auf, der vor dem Cabrio stand. Alle drei Fahrzeuge wurden hierdurch  erheblich besch\u00e4digt. Der Verursacher sowie seine sich auf dem  Beifahrersitz befindliche 6-j\u00e4hrige Tochter wurden leicht verletzt.  Vorsorglich wurden sie mit dem Rettungshubschrauber in ein Krankenhaus  geflogen. Kurz darauf fuhr ein weiterer Audi auf die Unfallstelle zu,  der bereits qualmte und zu brennen begann. Die Ursache hierf\u00fcr d\u00fcrfte  ein technischer Defekt gewesen sein. Der Fahrer konnte sein Fahrzeug  unverletzt verlassen. Die Autobahn musste f\u00fcr fast zwei Stunden in  Fahrtrichtung Mannheim auf zwei Fahrstreifen gesperrt werden. <\/p>\n\n\n\n<h4 class=\"wp-block-heading\">(A 5 \/ St.Leon-Rot \/ Rhein-Neckar-Kreis) &#8211; Auffahrunfall, Lkw verliert Ladung, derzeit Vollsperrung <\/h4>\n\n\n\n<h4 class=\"wp-block-heading\" style=\"text-align:center\">Pressemeldung 1<\/h4>\n\n\n\n<p>Am Montag gegen 05 Uhr befuhr ein Ford Transit die Bundesautobahn 5 aus  Richtung Autobahnkreuz Walldorf kommend in Richtung Anschlussstelle  Kronau. <\/p>\n\n\n\n<p>Kurz nach dem Rastplatz Lu\u00dfhardt fuhr der Ford einem vor \nihm fahrenden Sattelzug auf. Hierbei \u00f6ffnete sich nach derzeitigem \nKenntnisstand die T\u00fcr des Sattelaufliegers und verteilte die Ladung auf \nden Fahrstreifen in Richtung S\u00fcden. <\/p>\n\n\n\n<p>Es handelt sich um sog. Industriehafer. <\/p>\n\n\n\n<p>Die Autobahn in Richtung Karlsruhe ist derzeit voll gesperrt. <\/p>\n\n\n\n<p>Rettungskr\u00e4fte und Polizei sind vor Ort und versuchen schnellstm\u00f6glich die Unfallstelle zu r\u00e4umen, den Hafer zu beseitigen. <\/p>\n\n\n\n<p>Nach bisherigem Stand wurde bei dem Unfall niemand verletzt. <\/p>\n\n\n\n<h4 class=\"wp-block-heading\">(A 5 \/ St.Leon-Rot \/ Rhein-Neckar-Kreis) &#8211; 32-J\u00e4hriger f\u00e4hrt aufgrund  eines Sekundenschlafs auf Sattelauflieger auf, Ermittlungen wegen  Stra\u00dfenverkehrsgef\u00e4hrdung, Fahrbahnen wieder frei <\/h4>\n\n\n\n<h4 class=\"wp-block-heading\" style=\"text-align:center\">Pressemeldung 2<\/h4>\n\n\n\n<p>Am Montag gegen 05 Uhr befuhr ein 32-j\u00e4hriger Fahrer eines Ford  Transits die Bundesautobahn 5 aus Richtung Autobahnkreuz Walldorf  kommend in Richtung Anschlussstelle Kronau. <\/p>\n\n\n\n<p>Nach derzeitigem \nErmittlungsstand fuhr der 32-j\u00e4hrige zun\u00e4chst auf der linken Fahrspur, \ngeriet  aufgrund eines sog. Sekundenschlafs auf die rechte Fahrspur der \ndreispurigen Autobahn und fuhr in der Folge auf einen Auflieger eines \nSattelzuges eines 74-J\u00e4hrigen auf. <\/p>\n\n\n\n<p>Der Ford wurde durch den \nZusammensto\u00df nach links gegen die Leitplanke abgewiesen, drehte sich um \n360 Grad und kam auf der mittleren Fahrspur zum Stehen. <\/p>\n\n\n\n<p>Durch das\n Auffahren auf den Sattelauflieger \u00f6ffnete sich dessen verschlossene \nLadet\u00fcr wodurch die Ladung, sog. Industriehafer \u00fcber alle drei \nFahrspuren in einer L\u00e4nge von ca. 500 Meter verteilt wurde. <\/p>\n\n\n\n<p>Der Ford wurde durch den Unfall totalbesch\u00e4digt. Beide Verkehrsteilnehmer blieben unverletzt. <\/p>\n\n\n\n<p>Es entstand ein Schaden von mehreren tausend Euro. <\/p>\n\n\n\n<p>Aufgrund der verlorengegangenen Ladung wurde die Autobahn in Richtung Karlsruhe kurz nach 05 Uhr voll gesperrt. <\/p>\n\n\n\n<p>Der F\u00fchrerschein des 32-j\u00e4hrigen wurde beschlagnahmt, gegen ihn wird nun wegen Stra\u00dfenverkehrsgef\u00e4hrdung ermittelt. <\/p>\n\n\n\n<p>Die Autobahnmeisterei reinigte mit einer Kehrmaschine die Fahrbahnen. <\/p>\n\n\n\n<p>Gegen 07.30 Uhr wurde die linke Fahrspur wieder freigegeben. <\/p>\n\n\n\n<p>Gegen 09.30 Uhr waren alle Fahrbahnen wieder befahrbar. <\/p>\n\n\n\n<p>Es entstanden erhebliche Verkehrsbehinderungen rund um die Unfallstelle und dem Walldorfer Kreuz. <\/p>\n\n\n\n<p>Die Ermittlungen des Verkehrskommissariats Walldorf dauern an. <\/p>\n\n\n\n<p>Die\n Ermittler suchen nun nach Zeugen des Unfalls und oder nach Personen, \ndie Angaben zu dem Fahrverhalten des Ford-Fahrers vor dem Unfall machen \nk\u00f6nnen. Diese m\u00f6gen sich unter 06227 358260 melden. <\/p>\n\n\n\n<p>Derzeit kommt es zu erheblichen Verkehrsbehinderungen. <\/p>\n\n\n\n<h4 class=\"wp-block-heading\">(Sch\u00f6nau \/ Sch\u00f6nbrunn \/ Rhein-Neckar-Kreis) &#8211; Tag des Einbruchschutzes \/ Informationsfahrzeug tourt durch die Region<\/h4>\n\n\n\n<div class=\"wp-block-image\"><figure class=\"aligncenter\"><img decoding=\"async\" loading=\"lazy\" width=\"800\" height=\"511\" src=\"https:\/\/speyer24news.com\/wp-content\/uploads\/2019\/10\/K-Einbruch.jpg\" alt=\"\" class=\"wp-image-21491\" srcset=\"https:\/\/speyer24news.com\/wp-content\/uploads\/2019\/10\/K-Einbruch.jpg 800w, https:\/\/speyer24news.com\/wp-content\/uploads\/2019\/10\/K-Einbruch-300x192.jpg 300w, https:\/\/speyer24news.com\/wp-content\/uploads\/2019\/10\/K-Einbruch-768x491.jpg 768w\" sizes=\"(max-width: 800px) 100vw, 800px\" \/><figcaption>Bild: PP Mannheim\nInformationsfahrzeug Wohnungseinbruch<\/figcaption><\/figure><\/div>\n\n\n\n<p>Mit Beginn der dunklen Jahreszeit steigt das Risiko, Opfer eines  Einbruchs zu werden. Durchw\u00fchlte Schr\u00e4nke, offenstehende Fenster, Chaos  und Verw\u00fcstung sind f\u00fcr die Opfer von Einbr\u00fcchen leider oftmals  Realit\u00e4t. Egal ob Einbruchversuch oder vollendetes Eindringen in den  Wohnraum: Vielen Opfern macht ein Einbruch auch danach noch lange zu  schaffen, denn die Tat bedeutet einen erheblichen Eingriff in die  Privatsph\u00e4re und das vertraute Gef\u00fchl von Sicherheit in den eigenen vier  W\u00e4nden geht verloren. Aus diesem Grund ist der Einbruchschutz ein  Handlungsschwerpunkt auch in der polizeilichen Kriminalpr\u00e4vention. <\/p>\n\n\n\n<p>Unter\n dem Motto &#8222;Eine Stunde f\u00fcr mehr Sicherheit&#8220; wird daher j\u00e4hrlich am \nletzten Sonntag im Oktober, dem Tag der Zeitumstellung auf die \nWinterzeit, der bundesweite Tag des Einbruchschutzes begangen. Bei \nzahlreichen Veranstaltungen und Aktionen der Polizei und ihrer \nKooperationspartner werden die B\u00fcrgerinnen und B\u00fcrger \u00fcber \nEinbruchschutz, Sicherheitsempfehlungen und Beratungsm\u00f6glichkeiten der \nPolizei informiert. <\/p>\n\n\n\n<p>Das Informationsfahrzeug des \nLandeskriminalamts Baden-W\u00fcrttemberg ist auf einer &#8222;Sicherheits-Tour&#8220; im\n Bereich des Polizeipr\u00e4sidiums Mannheim unterwegs und macht am Mittwoch,\n 30. Oktober 2019 auch Station in Sch\u00f6nau und Sch\u00f6nbrunn. <\/p>\n\n\n\n<p><strong>Sch\u00f6nau: <\/strong><\/p>\n\n\n\n<ul><li>09.30 &#8211; 13.00 Uhr, Parkplatz EDEKA, Greiner Stra\u00dfe 6 <\/li><\/ul>\n\n\n\n<p><strong>Sch\u00f6nbrunn: <\/strong><\/p>\n\n\n\n<ul><li>14.00 &#8211; 18.00 Uhr,  Parkplatz am Rathaus, Herdestra\u00dfe 2 <\/li><\/ul>\n\n\n\n<p>Die\n Fachberater  der Kriminalpolizeilichen Beratungsstelle stehen \ninteressierten B\u00fcrgern mit Rat und Tat zum Thema &#8220; Schutz vor \nWohnungseinbruch &#8220; zur Seite und kl\u00e4ren zudem \u00fcber die aktuelle \nSicherheitslage, die neuesten Tricks der Einbrecher sowie auch \u00fcber \ntechnische M\u00f6glichkeiten, Wohnungen und Wohnh\u00e4user schon mit einfachen \nMitteln wirkungsvoll zu sichern, auf. Besonders hingewiesen wird auf die\n M\u00f6glichkeit, dass selbstverst\u00e4ndlich auch Termine f\u00fcr eine individuelle\n &#8211; kostenfreie &#8211; Beratung bei den B\u00fcrgerinnen und B\u00fcrgern vor Ort \nvereinbart werden kann. <\/p>\n\n\n\n<p>Weitere Hinweise auch unter <a rel=\"noreferrer noopener\" target=\"_blank\" href=\"http:\/\/www.polizei-beratung.de\">www.polizei-beratung.de<\/a> und <a rel=\"noreferrer noopener\" target=\"_blank\" href=\"http:\/\/www.k-einbruch.de\">www.k-einbruch.de<\/a> <\/p>\n\n\n\n<h4 class=\"wp-block-heading\">(Helmstadt-Bargen \/ Meckesheim \/ Rhein-Neckar-Kreis) &#8211; Tag des Einbruchschutzes \/ Informationsfahrzeug tourt durch die Region<\/h4>\n\n\n\n<div class=\"wp-block-image\"><figure class=\"aligncenter\"><img decoding=\"async\" loading=\"lazy\" width=\"800\" height=\"511\" src=\"https:\/\/speyer24news.com\/wp-content\/uploads\/2019\/10\/K-Einbruch.jpg\" alt=\"\" class=\"wp-image-21491\" srcset=\"https:\/\/speyer24news.com\/wp-content\/uploads\/2019\/10\/K-Einbruch.jpg 800w, https:\/\/speyer24news.com\/wp-content\/uploads\/2019\/10\/K-Einbruch-300x192.jpg 300w, https:\/\/speyer24news.com\/wp-content\/uploads\/2019\/10\/K-Einbruch-768x491.jpg 768w\" sizes=\"(max-width: 800px) 100vw, 800px\" \/><figcaption>Bild: PP Mannheim\nInformationsfahrzeug Wohnungseinbruch<\/figcaption><\/figure><\/div>\n\n\n\n<p>Mit Beginn der dunklen Jahreszeit steigt das Risiko, Opfer eines  Einbruchs zu werden. Durchw\u00fchlte Schr\u00e4nke, offenstehende Fenster, Chaos  und Verw\u00fcstung sind f\u00fcr die Opfer von Einbr\u00fcchen leider oftmals  Realit\u00e4t. Egal ob Einbruchversuch oder vollendetes Eindringen in den  Wohnraum: Vielen Opfern macht ein Einbruch auch danach noch lange zu  schaffen, denn die Tat bedeutet einen erheblichen Eingriff in die  Privatsph\u00e4re und das vertraute Gef\u00fchl von Sicherheit in den eigenen vier  W\u00e4nden geht verloren. Aus diesem Grund ist der Einbruchschutz ein  Handlungsschwerpunkt auch in der polizeilichen Kriminalpr\u00e4vention. <\/p>\n\n\n\n<p>Unter\n dem Motto &#8222;Eine Stunde f\u00fcr mehr Sicherheit&#8220; wird daher j\u00e4hrlich am \nletzten Sonntag im Oktober, dem Tag der Zeitumstellung auf die \nWinterzeit, der bundesweite Tag des Einbruchschutzes begangen. Bei \nzahlreichen Veranstaltungen und Aktionen der Polizei und ihrer \nKooperationspartner werden die B\u00fcrgerinnen und B\u00fcrger \u00fcber \nEinbruchschutz, Sicherheitsempfehlungen und Beratungsm\u00f6glichkeiten der \nPolizei informiert. <\/p>\n\n\n\n<p>Das Informationsfahrzeug des \nLandeskriminalamts Baden-W\u00fcrttemberg ist auf einer &#8222;Sicherheits-Tour&#8220; im\n Bereich des Polizeipr\u00e4sidiums Mannheim unterwegs und macht am \nDonnerstag, 31. Oktober 2019 auch Station in Helmstadt-Bargen und \nMeckesheim. <\/p>\n\n\n\n<p><strong>Helmstadt-Bargen: <\/strong><\/p>\n\n\n\n<ul><li>09.30 &#8211; 13.00 Uhr, Parkplatz PENNY, Friedhofweg 13 <\/li><\/ul>\n\n\n\n<p><strong>Meckesheim: <\/strong><\/p>\n\n\n\n<ul><li>14.00 &#8211; 18.00 Uhr,  Parkplatz ALDI, Br\u00fchlweg 13 <\/li><\/ul>\n\n\n\n<p>Die\n Fachberater  der Kriminalpolizeilichen Beratungsstelle stehen \ninteressierten B\u00fcrgern mit Rat und Tat zum Thema &#8220; Schutz vor \nWohnungseinbruch &#8220; zur Seite und kl\u00e4ren zudem \u00fcber die aktuelle \nSicherheitslage, die neuesten Tricks der Einbrecher sowie auch \u00fcber \ntechnische M\u00f6glichkeiten, Wohnungen und Wohnh\u00e4user schon mit einfachen \nMitteln wirkungsvoll zu sichern, auf. Besonders hingewiesen wird auf die\n M\u00f6glichkeit, dass selbstverst\u00e4ndlich auch Termine f\u00fcr eine individuelle\n &#8211; kostenfreie &#8211; Beratung bei den B\u00fcrgerinnen und B\u00fcrgern vor Ort \nvereinbart werden kann. <\/p>\n\n\n\n<p>Weitere Hinweise auch unter <a rel=\"noreferrer noopener\" target=\"_blank\" href=\"http:\/\/www.polizei-beratung.de\">www.polizei-beratung.de<\/a> und <a rel=\"noreferrer noopener\" target=\"_blank\" href=\"http:\/\/www.k-einbruch.de\">www.k-einbruch.de<\/a> <\/p>\n\n\n\n<h4 class=\"wp-block-heading\">(Sinsheim \/ Rhein-Neckar-Kreis) &#8211; Mann l\u00e4sst Drohne an Landeplatz steigen<\/h4>\n\n\n\n<p>Am Samstagmittag lie\u00df ein 23-J\u00e4hriger gegen 14.40 Uhr eine Drohne nahe  des Segelflugplatzes in Sinsheim steigen, obwohl er hierf\u00fcr keine  Genehmigung hatte. Der Flugbetrieb wurde kurzzeitig unterbrochen, sodass  es zu keiner Gef\u00e4hrdung kam. Der Drohnenbetreiber konnte ermittelt  werden. <\/p>\n\n\n\n<p>Die Polizei weist nachfolgend auf die rechtlichen Vorschriften zum Drohnenflug hin: <\/p>\n\n\n\n<ul><li>Lassen Sie die Drohne nicht \u00fcber bewohntem Gebiet steigen <\/li><li>Halten Sie mindestens 1,5 km Abstand zu Flugh\u00e4fen <\/li><li>Drohnen d\u00fcrfen nicht \u00fcber Naturschutzgebieten steigen gelassen       werden <\/li><\/ul>\n\n\n\n<p>Weitere Hinweise finden Sie auch auf der App der Deutschen Flugsicherung (DFS-Drohnen App). <\/p>\n\n\n\n<h4 class=\"wp-block-heading\">(Waibstadt \/ Rhein-Neckar-Kreis) &#8211; Einbruch in Hallenbad \/ Kleinbus sichergestellt &#8211; Polizei sucht weitere Zeugen<\/h4>\n\n\n\n<p>Am Montagmorgen brachen unbekannte T\u00e4ter in das Hallenbad in der  Humboldtstra\u00dfe ein. Ein Zeuge hatte zun\u00e4chst gegen 3 Uhr am Tatort drei  verd\u00e4chtige M\u00e4nner bemerkt, die in Richtung Friedrich-Ebert-Stra\u00dfe  wegliefen und die Polizei verst\u00e4ndigt. Eine sofort eingeleitete Fahndung  verlief erfolglos. Eine \u00dcberpr\u00fcfung des Hallenbades ergab keine  Hinweise auf einen Einbruch, die Eingangst\u00fcre war zu diesem Zeitpunkt  noch intakt. Auch die \u00dcberpr\u00fcfung eines ortsfremden Fahrzeugs in der  Humboldtstra\u00dfe verlief ohne Ergebnis. Gegen 4.25 Uhr meldete sich der  Zeuge erneut und teilte mit, dass an diesem Fahrzeug zwei der  verd\u00e4chtigen M\u00e4nner standen. Diese seien in Richtung Neidenstein  weggelaufen. Bei der erneuten \u00dcberpr\u00fcfung des Hallenbads wurde gegen  4.50 Uhr die aufgebrochene T\u00fcr entdeckt. Das Geb\u00e4ude wurde mit  Unterst\u00fctzung von sieben Streifenbesatzungen aus Sinsheim, Neckargem\u00fcnd,  Mosbach und Eppingen umstellt und durch die Polizeihundef\u00fchrerstaffel  mit einem Hund durchsucht. Ob aus dem Kassenbereich etwas entwendet  wurde, steht bislang noch nicht fest. Das verd\u00e4chtige Fahrzeug, ein  roter Hyundai Kleinbus mit AC-Kennzeichen (Aachen) wurde sichergestellt  und wird durch die Kriminaltechnik untersucht. Die weiteren Ermittlungen  f\u00fchrt der Polizeiposten Waibstadt. Weitere Zeugen die verd\u00e4chtige  Beobachtungen gemacht haben, werden gebeten sich unter Telefon  07263\/5807 beim Polizeiposten oder au\u00dferhalb dessen \u00d6ffnungszeiten unter  Telefon 07261\/6900 beim Polizeirevier Sinsheim zu melden. <\/p>\n\n\n\n<h4 class=\"wp-block-heading\">(Eberbach \/ Rhein-Neckar-Kreis) &#8211; Gemeinsame Kontrollen des Polizeireviers Eberbach und der Bundespolizei<\/h4>\n\n\n\n<p>Am vergangenen Freitag wurden vom Nachmittag bis in den Abend in  Eberbach im Bereichs des Bahnhofsvorplatzes sowie den Bahnsteigen im  Rahmen der Sicherheitskooperation durch Beamte des Polizeireviers  Eberbach und der Bundespolizei Personenkontrollen durchgef\u00fchrt. Ziel der  Ma\u00dfnahme war die Gew\u00e4hrleistung der Sicherheit im \u00f6ffentlichen Raum,  die Bek\u00e4mpfung der Rauschgiftkriminalit\u00e4t sowie die Steigerung des  Sicherheitsempfindens der Bev\u00f6lkerung. Bei den Kontrollen wurden mehrere  Verst\u00f6\u00dfe gegen das Bet\u00e4ubungsmittelgesetz zur Anzeige gebracht,  darunter zwei Verst\u00f6\u00dfe wegen illegalen Handels mit Bet\u00e4ubungsmitteln.  Neben einem Joint wurden f\u00fcnf Gramm Marihuana, 12,1 Gramm Haschisch und  285 Euro Bargeld sichergestellt. <\/p>\n\n\n\n<p>Auch zuk\u00fcnftig werden solche und \u00e4hnliche Kontrollaktionen in enger Zusammenarbeit mit der Bundespolizei durchgef\u00fchrt. <\/p>\n\n\n\n<h4 class=\"wp-block-heading\">(Eppelheim \/ Rhein-Neckar-Kreis) &#8211; Kind angefahren und dann weiter gefahren; Polizei sucht weitere Zeugen!<\/h4>\n\n\n\n<p>Ein 6-j\u00e4hriger Junge wurde am sp\u00e4ten Montagnachmittag bei einem  Verkehrsunfall in Eppelheim verletzt. Der Unfallgegner des Kindes machte  sich nach dem Zusammensto\u00df aus dem Staub. <\/p>\n\n\n\n<p>Der Bub betrat gegen \n16:05 Uhr in H\u00f6he des Anwesens Schillerstra\u00dfe 7 die Fahrbahn, als sich \nein Pkw -vermutlich mit \u00fcberh\u00f6hter Geschwindigkeit- n\u00e4herte, ihn \nerfasste und zu Boden schleuderte. Der bis dahin unbekannte Fahrer des \nUnfallwagens, floh im unmittelbaren Anschluss von der Unfall\u00f6rtlichkeit,\n ohne sich um das auf der Stra\u00dfe liegende Kind zu k\u00fcmmern. Das Geschehen\n wurde von mehreren Zeugen beobachtet. <\/p>\n\n\n\n<p>Das gesch\u00e4digte Kind war \nzwischenzeitlich nicht ansprechbar. Derzeit ist bekannt, dass es sich \neine Kopfplatzwunde und h\u00f6chstwahrscheinlich eine Gehirnersch\u00fctterung \nzuzog, zudem klagte es \u00fcber Schmerzen im H\u00fcftbereich. Der Junge kam \nvorsorglich zur Beobachtung in ein Heidelberger Krankenhaus. <\/p>\n\n\n\n<p>Noch\n w\u00e4hrend der Unfallaufnahme erh\u00e4rtete sich der Verdacht, dass eine \n29-j\u00e4hrige Frau, die zur Tatzeit mit dem gesuchten Kleinwagen unterwegs \nwar, als Unfallverursacherin in Frage kommt. Gegen sie konzentrieren \nsich die Ermittlungen der Heidelberger Verkehrspolizei. Ihr F\u00fchrerschein\n wurde beschlagnahmt. <\/p>\n\n\n\n<p>Auch wenn der Unfallhergang gekl\u00e4rt  erscheint, werden weitere Zeugen des Unfalls um telefonische Meldung  unter 0621\/174-4140 gebeten. <\/p>\n\n\n\n<h4 class=\"wp-block-heading\">(Heddesheim \/ Rhein-Neckar-Kreis) &#8211; Einbruch in ein Einfamilienhaus, wer hat was Verd\u00e4chtiges bemerkt?<\/h4>\n\n\n\n<p>Zwischen Samstag 17 Uhr und Sonntag 09.30 Uhr brachen ein oder mehrere  bislang unbekannte T\u00e4ter in ein Einfamilienhaus in der Friedhofstra\u00dfe  ein. <\/p>\n\n\n\n<p>Nach bisherigen Erkenntnissen hebelten der oder die T\u00e4ter die Terrassent\u00fcr des Anwesens auf und gelangten so ins Haus. <\/p>\n\n\n\n<p>Zimmer und Schr\u00e4nke des Hauses wurden durchsucht und durchw\u00fchlt. <\/p>\n\n\n\n<p>Ob und ggfs. was die T\u00e4ter entwendeten, konnte bislang nicht in Erfahrung gebracht werden. <\/p>\n\n\n\n<p>Die  Kriminalpolizei sucht nun nach Zeugen und oder nach Personen, die  verd\u00e4chtige Personen oder Fahrzeuge im Tatzeitraum wahrgenommen haben.  Diese m\u00f6gen sich unter 0621 174 4444 melden und ihre Wahrnehmungen  mitteilen. <\/p>\n\n\n\n<h4 class=\"wp-block-heading\">(Hirschberg \/ Gro\u00dfsachsen \/ Rhein-Neckar-Kreis) &#8211; Fu\u00dfg\u00e4nger verstirbt nach Verkehrsunfall (vgl. PM des PP MA vom 23.10.2019, 15.16 Uhr)<\/h4>\n\n\n\n<p>Wie bereits berichtet, ereignete sich in H\u00f6he eines Tankstellengel\u00e4ndes  in der Landstra\u00dfe am 22.10.2019, 19.35 Uhr ein Verkehrsunfall, bei dem  ein 70-j\u00e4hriger Fu\u00dfg\u00e4nger lebensgef\u00e4hrlich verletzt wurde. <\/p>\n\n\n\n<p>Der Fu\u00dfg\u00e4nger verstarb am Freitag, 25.10.2019 aufgrund eines Sch\u00e4del-Hirn-Traumas in einem Krankenhaus. <\/p>\n\n\n\n<p>Die Ermittlungen des Verkehrsunfallaufnahmedienstes Mannheim dauern an. <\/p>\n\n\n\n<h4 class=\"wp-block-heading\">(Weinheim \/ Rhein-Neckar-Kreis) &#8211; Stra\u00dfenbahn mit Steinen beworfen, vier  Personen durch umherfliegende Glassplitter verletzt, Zeugen und  Gesch\u00e4digte gesucht!<\/h4>\n\n\n\n<div class=\"wp-block-image\"><figure class=\"aligncenter\"><img decoding=\"async\" src=\"https:\/\/speyer24news.com\/wp-content\/uploads\/2019\/10\/Zeugen-gesucht-Neutral.jpg\" alt=\"\" class=\"wp-image-20684\"\/><\/figure><\/div>\n\n\n\n<p>Wegen des Verdachts des gef\u00e4hrlichen Eingriffs in den Bahnverkehr und  Sachbesch\u00e4digung ermitteln derzeit die Beamten des Polizeireviers  Weinheim. <\/p>\n\n\n\n<p>In der Nacht zum Sonntag, um 01:45 Uhr bewarfen bislang\n Unbekannte eine Stra\u00dfenbahn der rnv mit Steinen. Durch umherfliegende \nSplitter einer zerborstenen Fensterscheibe wurden vermutlich vier \nPersonen leicht verletzt. <\/p>\n\n\n\n<p>Wie die bisherigen Ermittlungen \nergaben, wurde der hintere Teil einer Tram der Linie 5 in H\u00f6he der \nHaltestelle &#8222;Blumenstra\u00dfe&#8220; durch Steinwurf besch\u00e4digt. Dabei erlitten \nzwei m\u00e4nnliche und zwei weibliche Fahrg\u00e4ste Verletzungen. Bekannt sind \nder Polizei bislang aber nur die Personalien eines jungen Mannes. Die \nanderen Gesch\u00e4digten gaben sich bei Eintreffen der Polizei nicht zu \nerkennen oder hatten das Schienenfahrzeug bereits in unbekannte Richtung\n verlassen. <\/p>\n\n\n\n<p>Die Ermittler des Polizeireviers Weinheim bitten \ndaher alle bei dem Vorfall gesch\u00e4digten Personen, ebenso wie Zeugen, um \ntelefonische Meldung unter 06201\/1003-0. <\/p>\n\n\n\n<h4 class=\"wp-block-heading\">(Weinheim \/ Rhein-Neckar-Kreis) &#8211; Fahrkartenautomat an Stra\u00dfenbahnhaltestelle besch\u00e4digt \/ Zeugen gesucht<\/h4>\n\n\n\n<p>In der Nacht von Samstag auf Sonntag, kurz nach Mitternacht, das  Display an einem Fahrkartenautomaten an der Haltestelle &#8222;Rosenbrunnen&#8220;  in der Bergstra\u00dfe besch\u00e4digt. Dabei entstand ein erheblicher  Sachschaden. Durch die von einer aufmerksamen Zeugin \u00fcber Notruf  verst\u00e4ndigte Polizei konnten im Bereich der Haltestelle sechs  Jugendliche im Alter zwischen 14 und 16 Jahren festgestellt werden. Sie  bestritten, f\u00fcr die Sachbesch\u00e4digung verantwortlich zu sein. Die  weiteren Ermittlungen f\u00fchrt der Jugendsachbearbeiter des Polizeireviers.  Weitere Zeugen, die sachdienliche Hinweise geben k\u00f6nnen, werden gebeten  sich unter Telefon 06201\/10030 beim Polizeirevier Weinheim zu melden. <\/p>\n","protected":false},"excerpt":{"rendered":"<div class=\"mh-excerpt\"><p>Polizeimeldungen vom Montag (28.10.2019) (Speyer) &#8211; Betrunken mit Fahrrad unterwegs Die Polizei Speyer wurde am Sonntag gegen 17:40 Uhr auf eine augenscheinlich betrunkene Person aufmerksam, die mit ihrem Fahrrad den St.-Guido-Stifts-Platz befuhr. Bei der Kontrolle <a class=\"mh-excerpt-more\" href=\"https:\/\/speyer24news.com\/?p=21487\" title=\"Polizei:\">[&#8230;]<\/a><\/p>\n<\/div>","protected":false},"author":3,"featured_media":0,"comment_status":"open","ping_status":"open","sticky":false,"template":"","format":"standard","meta":{"_monsterinsights_skip_tracking":false,"_monsterinsights_sitenote_active":false,"_monsterinsights_sitenote_note":"","_monsterinsights_sitenote_category":0,"footnotes":""},"categories":[12],"tags":[3614,61,2555,63,105,53,1548,102,213,55,103,106,2803,2423,427,2625,380,62,104,979,1565],"aioseo_notices":[],"amp_enabled":true,"_links":{"self":[{"href":"https:\/\/speyer24news.com\/index.php?rest_route=\/wp\/v2\/posts\/21487"}],"collection":[{"href":"https:\/\/speyer24news.com\/index.php?rest_route=\/wp\/v2\/posts"}],"about":[{"href":"https:\/\/speyer24news.com\/index.php?rest_route=\/wp\/v2\/types\/post"}],"author":[{"embeddable":true,"href":"https:\/\/speyer24news.com\/index.php?rest_route=\/wp\/v2\/users\/3"}],"replies":[{"embeddable":true,"href":"https:\/\/speyer24news.com\/index.php?rest_route=%2Fwp%2Fv2%2Fcomments&post=21487"}],"version-history":[{"count":1,"href":"https:\/\/speyer24news.com\/index.php?rest_route=\/wp\/v2\/posts\/21487\/revisions"}],"predecessor-version":[{"id":21492,"href":"https:\/\/speyer24news.com\/index.php?rest_route=\/wp\/v2\/posts\/21487\/revisions\/21492"}],"wp:attachment":[{"href":"https:\/\/speyer24news.com\/index.php?rest_route=%2Fwp%2Fv2%2Fmedia&parent=21487"}],"wp:term":[{"taxonomy":"category","embeddable":true,"href":"https:\/\/speyer24news.com\/index.php?rest_route=%2Fwp%2Fv2%2Fcategories&post=21487"},{"taxonomy":"post_tag","embeddable":true,"href":"https:\/\/speyer24news.com\/index.php?rest_route=%2Fwp%2Fv2%2Ftags&post=21487"}],"curies":[{"name":"wp","href":"https:\/\/api.w.org\/{rel}","templated":true}]}}