{"id":21537,"date":"2019-11-01T20:19:08","date_gmt":"2019-11-01T19:19:08","guid":{"rendered":"https:\/\/speyer24news.com\/?p=21537"},"modified":"2019-11-01T20:19:10","modified_gmt":"2019-11-01T19:19:10","slug":"polizei-113","status":"publish","type":"post","link":"https:\/\/speyer24news.com\/?p=21537","title":{"rendered":"Polizei"},"content":{"rendered":"<style type=\"text\/css\">\r\n\t.ads_top_disp{}\r\n\t.ads_top_corner_disp{ float:left; margin:0px 10px 10px 0px; }\r\n\t.ads_first_p_disp{}\r\n\t.ads_bottom_disp{}\r\n\t<\/style>\n<h2 class=\"wp-block-heading\">Polizeimeldungen vom Freitag (01.11.2019)<\/h2>\n\n\n\n<div class=\"wp-block-image\"><figure class=\"aligncenter\"><img decoding=\"async\" src=\"https:\/\/speyer24news.com\/wp-content\/uploads\/2019\/10\/Aktuelles-Polizeilogo.jpg\" alt=\"\" class=\"wp-image-20680\"\/><\/figure><\/div>\n\n\n\n<h4 class=\"wp-block-heading\">(Speyer) &#8211; Wechselseitige K\u00f6rperverletzung bei einer Taxifahrt<\/h4>\n\n\n\n<p>Auf einer Taxifahrt in der Freitagfr\u00fch kam es aufgrund unterschiedlicher Ansichten zur  Fahrweise zum Streit zwischen zwei Fahrg\u00e4sten und dem Taxifahrer. Als  das Taxi stand, stiegen alle drei Beteiligten aus. Ein Fahrgast packte  den Taxifahrer an seinem Oberteil und \u00e4u\u00dferte seinen Unmut. Als der  Taxifahrer ebenfalls unm\u00fctig wurde, schlug ihn der andere Fahrgast mit  der Faust. Die Fahrg\u00e4ste liefen davon und wurden durch den Taxifahrer  kurz danach erneut angehalten. Nun schlug und trat der Fahrer nach einem  der Fahrg\u00e4ste. Anschlie\u00dfend wurde die Polizei verst\u00e4ndigt. Die  entsprechenden Strafverfahren wurden durch die Polizisten eingeleitet  und die Parteien beruhigt. Zeugenhinweise nimmt die Polizei unter der  Tel.-Nr. 06232-1370 oder per Mail an <a href=\"mailto:pispeyer@polizei.rlp.de\">pispeyer@polizei.rlp.de<\/a> entgegen. <\/p>\n\n\n\n<h4 class=\"wp-block-heading\">(Speyer) &#8211; Ladendiebstahl von iPhone11<\/h4>\n\n\n\n<p>Am Donnerstag, gegen 12:00 Uhr, entwendeten zwei bislang unbekannte  T\u00e4ter zun\u00e4chst insgesamt f\u00fcnf Apple iPhone 11 und fl\u00fcchteten  anschlie\u00dfend aus dem Ladengesch\u00e4ft in der Kameliterstra\u00dfe. Zwei der  Ger\u00e4te verloren die T\u00e4ter bei ihrer Flucht. Ein bislang unbekannter  Zeuge teilte \u00fcber Dritte mit, dass er die T\u00e4ter in der  Allerheiligenstra\u00dfe in ein Fahrzeug einsteigen und davonfahren sah.  Insbesondere dieser Zeuge wird gebeten sich bei der Polizei zu melden.  Zeugenhinweise nimmt die Polizei unter der Tel.-Nr. 06232-1370 oder per  Mail an <a href=\"mailto:pispeyer@polizei.rlp.de\">pispeyer@polizei.rlp.de<\/a> entgegen. <\/p>\n\n\n\n<h4 class=\"wp-block-heading\">(Limburgerhof) &#8211; Verkehrsunfall nach durchzechter Nacht mit 1,81 Promille<\/h4>\n\n\n\n<p>Am 01.11.2019, gegen 08:03 Uhr, wurde der Polizei in Schifferstadt ein  Verkehrsunfall im Pommernring in Limburgerhof gemeldet. Ein 71 Jahre  alter Mann aus Neuhofen befuhr vermutlich mit \u00fcberh\u00f6hter Geschwindigkeit  den Ostpreu\u00dfenring aus Mutterstadt kommend. Dabei untersch\u00e4tzte der  PKW-Fahrer den Kurvenbereich in den Pommernring und fuhr stattdessen  geradeaus in die den Gr\u00fcnstreifen. Dabei hatte der 71-j\u00e4hrige noch  Gl\u00fcck, dass er nur einen Verkehrsspiegel und ein Verkehrszeichen umfuhr  und mit seinem Mercedes-Benz kurz vor den dahinter stehenden B\u00e4umen zum  Stillstand kam, der Fahrzeugf\u00fchrer blieb unverletzt. Durch die Polizei  konnte bei dem Neuhofener Alkoholgeruch festgestellt werden. Ein  durchgef\u00fchrter Atemalkoholtest ergab dabei einen Wert von 1,81 Promille.  Den Beamten erkl\u00e4rte der Mann, dass er gestern in den Feiertag  reingefeiert habe. Heute Morgen sei er dann, ohne zuvor Schlafen gewesen  zu sein, nach Mutterstadt gefahren und wollte, wie jeden Tag, im real,-  Markt einkaufen gehen. Nachdem er dort vergeblich eine Stunde gewartet  hatte, dass der Markt am Feiertag \u00f6ffnet, sei er wieder davon gefahren.  Dann sei es zu dem Unfall gekommen. Dem Fahrzeugf\u00fchrer wurde durch einen  Arzt eine Blutprobe entnommen und der F\u00fchrerschein durch die Polizei  sichergestellt. Gegen den 71-j\u00e4hrigen wurde ein Strafverfahren wegen  Gef\u00e4hrdung des Stra\u00dfenverkehrs und Trunkenheit im Verkehr eingeleitet. <\/p>\n\n\n\n<h4 class=\"wp-block-heading\">(Zeiskam) &#8211; Tempo 30 \u00fcberwacht<\/h4>\n\n\n\n<p>Drei zu schnelle Autofahrer wurden am Donnerstag bei einer  Geschwindigkeitsmessung in der Bahnhofstra\u00dfe verwarnt. Die  Verkehrs\u00fcberwachung fand in der Zeit von 10:45 Uhr bis 11:10 Uhr statt.  Der H\u00f6chstwert lag bei 44 km\/h. An der \u00fcberwachten \u00d6rtlichkeit ist die  Geschwindigkeit auf Tempo 30 reguliert. <\/p>\n\n\n\n<h4 class=\"wp-block-heading\">(Jockgrim) &#8211; Wegen Streit angeforderte Polizisten vollstrecken Haftbefehl \/ Zudem Anzeige wegen Fahrens ohne Fahrerlaubnis<\/h4>\n\n\n\n<p>Polizisten aus W\u00f6rth wurden am Freitagnachmittag zu einem Streit in  Jockgrim hinzugerufen, da dieser zu eskalieren drohte. Im Rahmen der  Schlichtung wurde festgestellt, dass einer der Streith\u00e4hne einen offenen  Haftbefehl \u00fcber 2250 Euro hatte. Diesen Betrag musste der Mann  bezahlen. Da er ohne Fahrerlaubnis, aber mit einem  fahrerlaubnispflichtigen Kfz zur Streit\u00f6rtlichkeit gekommen war,  erwartet ihn zudem ein Verfahren wegen Fahrens ohne Fahrerlaubnis. <\/p>\n\n\n\n<h4 class=\"wp-block-heading\">(Jockgrim) &#8211; Bei Unfall Herzinfarkt festgestellt<\/h4>\n\n\n\n<p>Bei einer Unfallaufnahme stellten ein Streifenteam der PI W\u00f6rth am  fr\u00fchen Freitagnachmittag bei dem Unfallverursacher k\u00f6rperliche  Ausfallerscheinungen fest. Diese richtig deutend forderten sie umgehende  Unterst\u00fctzung durch Rettungsdienst und Notarzt an, welche den Verdacht  auf Herzinfarkt best\u00e4tigten und f\u00fcr die Erstversorgung sowie eine  schnelle Einlieferung in eine Klinik sorgten.<\/p>\n\n\n\n<h4 class=\"wp-block-heading\">(Bad Bergzabern) &#8211; Trunkenheitsfahrt in Bad Bergzabern<\/h4>\n\n\n\n<p>Am Freitagmorgen den 01.11.2019, gegen 01:00 Uhr, wurde ein 52-j\u00e4hriger  Fahrer eines Opel Corsa in Bad Bergzabern einer Verkehrskontrolle  unterzogen. Da die Beamten Alkoholgeruch wahrnehmen konnten wurde ein  Atemalkoholtest durchgef\u00fchrt. Gegen den Fahrer, welcher fast 1 Promille  gepustet hat, wurde ein Bu\u00dfgeldverfahren eingeleitet. <\/p>\n\n\n\n<h4 class=\"wp-block-heading\">(Landau) &#8211; Fahren unter Drogeneinflu\u00df<\/h4>\n\n\n\n<p>Bei einem 19-j\u00e4hrigen Pkw-Fahrer wurde am 01.11.2019, gegen 02:55 Uhr,  bei einer Verkehrskontrolle in Landau in der Wei\u00dfquartierstra\u00dfe  Drogeneinflu\u00df festgestellt. Ein Urintest best\u00e4tigte dies. Nach  entsprechender Belehrung r\u00e4umte der Fahrzeugf\u00fchrer ein Cannabis  konsumiert zu haben. Ihm wurde eine Blutprobe entnommen. Pkw-Schl\u00fcssel  und F\u00fchrerschein wurden sichergestellt und ein Ermittlungsverfahren  eingeleitet. <\/p>\n\n\n\n<h4 class=\"wp-block-heading\">(Landau \/ Ilbesheim) &#8211; Mit entwendetem Radlader Verw\u00fcstungstour von Landau nach Ilbesheim<\/h4>\n\n\n\n<div class=\"wp-block-image\"><figure class=\"aligncenter\"><img decoding=\"async\" loading=\"lazy\" width=\"800\" height=\"600\" src=\"https:\/\/speyer24news.com\/wp-content\/uploads\/2019\/11\/01.11.2019-LD-Bagger.jpg\" alt=\"\" class=\"wp-image-21538\" srcset=\"https:\/\/speyer24news.com\/wp-content\/uploads\/2019\/11\/01.11.2019-LD-Bagger.jpg 800w, https:\/\/speyer24news.com\/wp-content\/uploads\/2019\/11\/01.11.2019-LD-Bagger-300x225.jpg 300w, https:\/\/speyer24news.com\/wp-content\/uploads\/2019\/11\/01.11.2019-LD-Bagger-768x576.jpg 768w, https:\/\/speyer24news.com\/wp-content\/uploads\/2019\/11\/01.11.2019-LD-Bagger-678x509.jpg 678w, https:\/\/speyer24news.com\/wp-content\/uploads\/2019\/11\/01.11.2019-LD-Bagger-326x245.jpg 326w, https:\/\/speyer24news.com\/wp-content\/uploads\/2019\/11\/01.11.2019-LD-Bagger-80x60.jpg 80w\" sizes=\"(max-width: 800px) 100vw, 800px\" \/><figcaption>Entwendeter Radlader<\/figcaption><\/figure><\/div>\n\n\n\n<p>In der Nacht von Donnerstag auf Freitag entwendeten unbekannte T\u00e4ter an  einer Baustelle im Goethepark Landau einen gelben Radlader, warfen mit  dem Radlader einen im Goethepark stehenden Bagger um, besch\u00e4digten eine  am Weg stehende Laterne und setzten ihre Fahrt in Richtung Ilbesheim  fort. <\/p>\n\n\n\n<div class=\"wp-block-image\"><figure class=\"aligncenter\"><img decoding=\"async\" loading=\"lazy\" width=\"800\" height=\"600\" src=\"https:\/\/speyer24news.com\/wp-content\/uploads\/2019\/11\/01.11.2019-LD-Bagger2.jpg\" alt=\"\" class=\"wp-image-21539\" srcset=\"https:\/\/speyer24news.com\/wp-content\/uploads\/2019\/11\/01.11.2019-LD-Bagger2.jpg 800w, https:\/\/speyer24news.com\/wp-content\/uploads\/2019\/11\/01.11.2019-LD-Bagger2-300x225.jpg 300w, https:\/\/speyer24news.com\/wp-content\/uploads\/2019\/11\/01.11.2019-LD-Bagger2-768x576.jpg 768w, https:\/\/speyer24news.com\/wp-content\/uploads\/2019\/11\/01.11.2019-LD-Bagger2-678x509.jpg 678w, https:\/\/speyer24news.com\/wp-content\/uploads\/2019\/11\/01.11.2019-LD-Bagger2-326x245.jpg 326w, https:\/\/speyer24news.com\/wp-content\/uploads\/2019\/11\/01.11.2019-LD-Bagger2-80x60.jpg 80w\" sizes=\"(max-width: 800px) 100vw, 800px\" \/><figcaption>Besch\u00e4digtes Dach der Kapelle<\/figcaption><\/figure><\/div>\n\n\n\n<p>In Ilbesheim besch\u00e4digten die unbekannten T\u00e4ter auf der kleinen  Kalmit das Dach der Kapelle und setzten ihre Verw\u00fcstungstour weiter in  Richtung Arzheim fort. Auf dem Weg nach Arzheim wurden Wingertszeilen  mehrerer Winzerbetriebe besch\u00e4digt und eine am Weg befindlich Grillh\u00fctte  komplett zerlegt. <\/p>\n\n\n\n<div class=\"wp-block-image\"><figure class=\"aligncenter\"><img decoding=\"async\" loading=\"lazy\" width=\"800\" height=\"525\" src=\"https:\/\/speyer24news.com\/wp-content\/uploads\/2019\/11\/01.11.2019-LD-Bagger3.jpg\" alt=\"\" class=\"wp-image-21540\" srcset=\"https:\/\/speyer24news.com\/wp-content\/uploads\/2019\/11\/01.11.2019-LD-Bagger3.jpg 800w, https:\/\/speyer24news.com\/wp-content\/uploads\/2019\/11\/01.11.2019-LD-Bagger3-300x197.jpg 300w, https:\/\/speyer24news.com\/wp-content\/uploads\/2019\/11\/01.11.2019-LD-Bagger3-768x504.jpg 768w\" sizes=\"(max-width: 800px) 100vw, 800px\" \/><figcaption>Zerst\u00f6rte Grillh\u00fctte<\/figcaption><\/figure><\/div>\n\n\n\n<p>Die befahrenen Feldwege wurden teilweise mit der  Gabel des Radladers aufgerissen. Beendet wurde die Verw\u00fcstungstour auf  einem Feldweg vor Wollmesheim. Vermutlich aufgrund technischer Probleme.  Der Radlader wurde sichergestellt und mehrere Ermittlungsverfahren  wurden eingeleitet. <\/p>\n\n\n\n<p>Zeugen werden gebeten sich bei der Polizei Landau zu melden. <\/p>\n\n\n\n<h4 class=\"wp-block-heading\">(Landau) &#8211; Verkehrsunfallflucht<\/h4>\n\n\n\n<p>Auf dem Parkplatz des real-Marktes in Landau wurde ein grauer  Mitsubishi Eclipse mit S\u00dcW-Kennzeichen in einer Parkl\u00fccke in  Queraufstellung von einem unbekannten Fahrzeug vermutlich beim Ausparken  an dem Sto\u00dff\u00e4nger hinten links besch\u00e4digt. Anhand der Besch\u00e4digung  d\u00fcrfte es sich um ein helles Fahrzeug gehandelt haben. Der entstandene  Sachschaden d\u00fcrfte bei ca. 1000 Euro liegen. <\/p>\n\n\n\n<p>Zeugen werden gebeten sich bei der Polizei Landau zu melden. <\/p>\n\n\n\n<h4 class=\"wp-block-heading\">(Gleisweiler) &#8211; Unfall mit zwei Leichtverletzten<\/h4>\n\n\n\n<p>Am 31.10.2019, gegen 07:20 Uhr, kam es an der Kreuzung L513\/L519,  Gemarkung Gleisweiler, zu einem Verkehrsunfall mit zwei leichtverletzten  Personen. Ein 51j\u00e4hriger aus dem Bereich Landau befuhr mit seinem Pkw  die L513 von B\u00f6chingen kommend in Richtung Gleisweiler. An der genannten  Kreuzung missachtete er die Vorfahrt eines 27j\u00e4hrigen aus dem Bereich  der VG Annweiler, welcher mit seinem Pkw die L519 aus Richtung  Frankweiler befuhr. Durch den Zusammensto\u00df entstand an beiden Fahrzeugen  ein Sachschaden von ca. 23000EUR. Beide Fahrer wurden leicht verletzt,  bedurften jedoch keiner Behandlung durch den Rettungsdienst. <\/p>\n\n\n\n<h4 class=\"wp-block-heading\">(Edenkoben) &#8211; Verkehrskontrollen im Dienstgebiet<\/h4>\n\n\n\n<p>Am 31.10.2019, zwischen 14:00 und 22:00 Uhr, wurden durch Beamte der PI  Edenkoben Verkehrskontrollen mit dem Schwerpunkt Fahrzeugm\u00e4ngel  durchgef\u00fchrt. Hierbei wurden 19 Fahrzeuge kontrolliert. An acht  Fahrzeugen konnten Beleuchtungsm\u00e4ngel festgestellt werden, an den  \u00fcbrigen elf Fahrzeugen war die Hauptuntersuchung abgelaufen.  Entsprechende Ordnungswidrigkeiten- bzw. M\u00e4ngelverfahren wurden  eingeleitet. <\/p>\n\n\n\n<p>Im Hinblick auf die dunkle Jahreszeit r\u00e4t die \nPolizei allen Verkehrsteilnehmer die Beleuchtung ihrer Fahrzeuge \nregelm\u00e4\u00dfig zu \u00fcberpr\u00fcfen, da dies wesentlich zur Verkehrssicherheit \nbeitr\u00e4gt. <\/p>\n\n\n\n<p>Wir wollen, dass sie sicher Leben &#8211; Ihre Polizei Edenkoben. <\/p>\n\n\n\n<h4 class=\"wp-block-heading\">(Neustadt) &#8211; Absperrpfosten durchges\u00e4gt<\/h4>\n\n\n\n<div class=\"wp-block-image\"><figure class=\"aligncenter\"><img decoding=\"async\" loading=\"lazy\" width=\"800\" height=\"601\" src=\"https:\/\/speyer24news.com\/wp-content\/uploads\/2019\/11\/31.10.19-NW-Poller.jpg\" alt=\"\" class=\"wp-image-21541\" srcset=\"https:\/\/speyer24news.com\/wp-content\/uploads\/2019\/11\/31.10.19-NW-Poller.jpg 800w, https:\/\/speyer24news.com\/wp-content\/uploads\/2019\/11\/31.10.19-NW-Poller-300x225.jpg 300w, https:\/\/speyer24news.com\/wp-content\/uploads\/2019\/11\/31.10.19-NW-Poller-768x577.jpg 768w, https:\/\/speyer24news.com\/wp-content\/uploads\/2019\/11\/31.10.19-NW-Poller-678x509.jpg 678w, https:\/\/speyer24news.com\/wp-content\/uploads\/2019\/11\/31.10.19-NW-Poller-326x245.jpg 326w, https:\/\/speyer24news.com\/wp-content\/uploads\/2019\/11\/31.10.19-NW-Poller-80x60.jpg 80w\" sizes=\"(max-width: 800px) 100vw, 800px\" \/><\/figure><\/div>\n\n\n\n<p>Durch eine aufmerksame Zeugin konnte am Nachmittag des 31.10.2019, gg.  13.50 Uhr beobachtet werden, wie durch einen Insassen eines Mercedes  Sprinter ein Poller aus Weichplastik abges\u00e4gt wurde. Dieser Poller  befand sich zur Absperrung am sogenannten &#8222;Hambacher Weg&#8220;, die  Verbindungsstrecke zwischen Jahnplatz und Mitfahrerparkplatz an der  Bundesstra\u00dfe 39. Vermutlich wurde der Poller durchschnitten, um auf  direktem Weg an einen Schrebergarten zu gelangen. Durch die Angaben der  Zeugin konnte der Beschuldigte Neustadter ermittelt werden. Auf diesen  kommt nun ein Strafverfahren wegen Sachbesch\u00e4digung zu. <\/p>\n\n\n\n<h4 class=\"wp-block-heading\">(Bad D\u00fcrkheim) &#8211; Unter Amphetamineinfluss mit nicht zugelassenem E-Scooter unterwegs<\/h4>\n\n\n\n<p>Am 01.11.2019 gegen 00:05 Uhr wurde von Beamten der Polizeiinspektion  Bad D\u00fcrkheim ein 36-j\u00e4hriger Mann aus Bad D\u00fcrkheim mit seinem E-Scooter  in der Honigs\u00e4ckelstra\u00dfe in Bad D\u00fcrkheim OT Ungstein einer  Verkehrskontrolle unterzogen. Bei der Verkehrskontrolle konnten bei dem  Bad D\u00fcrkheimer drogenbedingte Auff\u00e4lligkeiten festgestellt werden. Ein  Vortest reagierte schlie\u00dflich positiv auf Amphetamin, woraufhin der Mann  einr\u00e4umte am Vortag die Substanz konsumiert zu haben. Bei dessen  Durchsuchung konnte au\u00dferdem ein kleines T\u00fctchen mit Restanhaftungen von  Amphetamin festgestellt werden. Der E-Scooter, welcher nach Angaben des  36-J\u00e4hrigen 20 km\/h schnell f\u00e4hrt, war zudem nicht versichert und somit  nicht f\u00fcr den \u00f6ffentlichen Stra\u00dfenverkehr zugelassen. Den Bad  D\u00fcrkheimer erwarten nun eine Strafanzeige wegen Versto\u00dfes gegen das  Pflichtversicherungsgesetz sowie Versto\u00dfes gegen das  Bet\u00e4ubungsmittelgesetz. Weiterhin wurde ein  Ordnungswidrigkeitenverfahren wegen Versto\u00dfes gem. \u00a7 24a StVG  eingeleitet. <\/p>\n\n\n\n<h4 class=\"wp-block-heading\">(Bad D\u00fcrkheim) &#8211; Einbruch in Mehrfamilienhaus<\/h4>\n\n\n\n<p>Am 31.10.2019 zwischen 15:55 Uhr und 16:15 Uhr drangen bislang  unbekannte T\u00e4ter in ein Mehrfamilienhaus in der Leiningerstra\u00dfe in Bad  D\u00fcrkheim ein, indem sie die Haust\u00fcr einer Wohnung aufhebelten. Die  Schlafzimmerr\u00e4ume der Wohnung wurden durchw\u00fchlt. Hierbei wurden  1000,-EUR Bargeld, ein goldener Armreif im Wert von ca. 500,-EUR sowie  eine Handtasche im Wert von ca. 30,-EUR entwendet. Durch Nachbarn  konnten m\u00f6gliche Tatverd\u00e4chtige beobachtet werden, welche sich innerhalb  des Tatzeitraums vor dem Mehrfamilienhaus bzw. in dessen Treppenhaus  aufhielten. Es h\u00e4tte sich hierbei um eine Frau mit s\u00fcdl\u00e4ndischem  Erscheinungsbild, 1,70m gro\u00df, schulterlange, dunkle Haare, kr\u00e4ftige  Statur, mit einem eingegipsten Arm gehandelt. Die Frau h\u00e4tte eine dunkle  Jacke und dunkelblaue Jeans getragen. Au\u00dferdem konnten zwei weitere  dunkel gekleidete Frauen mit s\u00fcdl\u00e4ndischem Erscheinungsbild im  Treppenhaus beobachtet werden. Beide seien schlank gewesen. Eine der  Frauen h\u00e4tte dunkle und gelockte, lange Haare gehabt. Die andere Frau  h\u00e4tte dunkle und glatte, lange Haare gehabt. Wer die beschriebenen oder  auch andere auff\u00e4llige Personen in der Leiningerstra\u00dfe in Bad D\u00fcrkheim  beobachtet hat, wird gebeten sich mit der Polizeiinspektion Bad D\u00fcrkheim  unter der Telefonnummer 06322-963-0 oder per Email <a href=\"mailto:pibadduerkheim@polizei.rlp.de\">pibadduerkheim@polizei.rlp.de<\/a> in Verbindung zu setzen. <\/p>\n\n\n\n<h4 class=\"wp-block-heading\">(Kleinkarlbach \/ Battenberg) &#8211; Rollerfahrer leicht verletzt<\/h4>\n\n\n\n<p>Leicht verletzt wurde ein 17-j\u00e4hriger Rollerfahrer aus Battenberg, der  am 31.10.2019 um 13:25 Uhr die L 517 von Bobenheim am Berg in Richtung  Kleinkarlbach befuhr. Hinter ihm fuhr ein 65-j\u00e4hriger Mann aus  Nordrhein-Westfalen mit seinem Wohnmobil. Obwohl er nach eigenen Angaben  unsicher war, wohin der Rollerfahrer weiterfahren wollte, setzte er  kurz vor der Einm\u00fcndung nach Battenberg zum \u00dcberholen an. Der  Rollerfahrer bemerkte dies nicht und wollte in Richtung Battenberg  abbiegen. Im Einm\u00fcndungsbereich kam es zum Zusammensto\u00df und der  Rollerfahrer st\u00fcrzte. Hierbei zog er sich leichte Verletzungen zu. Auf  den Fahrer des Wohnmobils kommt nun ein Verfahren wegen fahrl\u00e4ssiger  K\u00f6rperverletzung zu, da er bei unklarer Verkehrslage \u00fcberholt hat. <\/p>\n\n\n\n<h4 class=\"wp-block-heading\">(Tiefenthal) &#8211; Vorfahrtsmissachtung f\u00fchrt zu Verkehrsunfall<\/h4>\n\n\n\n<p>5500 Euro Sachschaden war die Bilanz eines Verkehrsunfalls, der sich am  31.10.2019 um 11:05 Uhr in Tiefenthal ereignet hat. Die 65-j\u00e4hrige  Fahrerin eines Opel Adam aus Eisenberg befuhr die Hauptstra\u00dfe in  Tiefenthal in Richtung Neuleiningen. Eine 21-j\u00e4hrige Frau aus Gr\u00fcnstadt  fuhr mit ihrem 1er BMW aus der Weedstra\u00dfe nach links auf die Hauptstra\u00dfe  und \u00fcbersah dabei den von rechts kommenden Opel. Es kam zum  Zusammensto\u00df im Einm\u00fcndungsbereich. Gl\u00fccklicher-weise wurde hierbei  niemand verletzt. Die Missachtung der Vorfahrt zieht ein Bu\u00dfgeld sowie  einen Eintrag beim Kraftfahrbundesamt nach sich. <\/p>\n\n\n\n<h4 class=\"wp-block-heading\">(Wattenheim) &#8211; Verhinderung einer Fahrt unter Alkoholeinfluss<\/h4>\n\n\n\n<p>Weil ein 21-j\u00e4hriger Mann aus Zweibr\u00fccken bei einer  Halloween-Veranstaltung in Wattenheim zuviel getrunken hatte, wollten  ihn andere G\u00e4ste am 01.11.2019 gegen 02:25 Uhr davon abbringen mit  seinem Auto wegzufahren. Da der 21-j\u00e4hrige daraufhin aggressiv wurde,  musste die Polizei eingeschaltet werden. Ein Alkotest ergab einen Wert  von 1,55 Promille. Daher wurden der F\u00fchrerschein und die  Fahrzeugschl\u00fcssel sichergestellt. Bei seiner \u00dcberpr\u00fcfung wurde weiterhin  festgestellt, dass der junge Mann seinen F\u00fchrerschein wegen eines  Fahrverbotes abzugeben hat. Den F\u00fchrerschein kann er also bei  N\u00fcchternheit erst einmal nicht wieder in Empfang nehmen, da er bis zum  Ablauf des Fahrverbotes bei der Bu\u00dfgeldstelle verwahrt wird. Das  verantwortungsbewusste Eingreifen der Festbesucher verhinderte  vielleicht schlimme Folgen, die bei der alkoholisierten Fahrt h\u00e4tten  entstehen k\u00f6nnen. <\/p>\n\n\n\n<h4 class=\"wp-block-heading\">(Lambsheim) &#8211; Fahrzeug im Graben<\/h4>\n\n\n\n<div class=\"wp-block-image\"><figure class=\"aligncenter\"><img decoding=\"async\" loading=\"lazy\" width=\"800\" height=\"497\" src=\"https:\/\/speyer24news.com\/wp-content\/uploads\/2019\/11\/31.10.19-Lambsheim-VU.jpg\" alt=\"\" class=\"wp-image-21542\" srcset=\"https:\/\/speyer24news.com\/wp-content\/uploads\/2019\/11\/31.10.19-Lambsheim-VU.jpg 800w, https:\/\/speyer24news.com\/wp-content\/uploads\/2019\/11\/31.10.19-Lambsheim-VU-300x186.jpg 300w, https:\/\/speyer24news.com\/wp-content\/uploads\/2019\/11\/31.10.19-Lambsheim-VU-768x477.jpg 768w\" sizes=\"(max-width: 800px) 100vw, 800px\" \/><figcaption>K2<\/figcaption><\/figure><\/div>\n\n\n\n<p>Am Donnerstag, den 31.10.2019 gegen 12:50 Uhr kam es auf der K2 bei  Lambsheim auf H\u00f6he der Einm\u00fcndung zum Eppsteiner Weg zu einem  Verkehrsunfall zwischen einem VW-Transporter und einem Opel. Der  81-j\u00e4hrige Opelfahrer missachtete die Vorfahrt des auf der K2, in  Richtung Frankenthal, fahrenden 22-J\u00e4hrigen VW-Fahrers. Dieser versuchte  noch dem Fahrzeug auszuweichen und zu bremsen. Trotzdem konnte die  Kollision nicht verhindert werden, weshalb der Transport von der  Fahrbahn abkam und erst hinter einem Graben auf einem neben der K2  verlaufenden Feldweg zum Stehen kam. Bei dem Unfall entstand ein  Sachschaden von ca. 2500 EUR. Da Hinweise auf einen  Geschwindigkeitsversto\u00df des VW-Fahrer vorliegen wurde gegen beide Fahrer  Ordnungswidrigkeitenverfahren eingeleitet. <\/p>\n\n\n\n<p>Wer sachdienliche  Hinweise zu dem genannten Fall geben kann, wird gebeten sich mit der  Polizeiwache Maxdorf unter der Rufnummer 06237\/934-1100 in Verbindung zu  setzen. Hinweise k\u00f6nnen auch per E-Mail unter <a href=\"mailto:pwmaxdorf@polizei.rlp.de\">pwmaxdorf@polizei.rlp.de<\/a> an die Polizei \u00fcbermittelt werden. <\/p>\n\n\n\n<h4 class=\"wp-block-heading\">(Frankenthal) &#8211; Streit um Taxi-Rechnung<\/h4>\n\n\n\n<p>Zu viel gefeiert hat in der Nacht vom 31.10.2019 zum 01.11.2019 wohl  ein 15-J\u00e4hriger aus Bad Endbach (Hessen), welcher zu Besuch in  Frankenthal war. Gegen 01:00 Uhr ruft ein Taxifahrer die Polizei und  teilt mit, dass seine Fahrg\u00e4ste die Rechnung nicht begleichen m\u00f6chten.  Vor Ort kann der stark alkoholisierte 15-J\u00e4hrige angetroffen werden, der  sich augenscheinlich mehrfach in das Innere des Taxis \u00fcbergibt. Die  Streitigkeiten mit dem Taxifahrer k\u00f6nnen gekl\u00e4rt werden &#8211; die Rechnung  f\u00fcr den Transport wird sofort bezahlt, die Kosten der Reinigung von etwa  300 Euro k\u00f6nnen auch im Nachgang beglichen werden. F\u00fcr den 15-J\u00e4hrigen  endet die Nacht allerdings im Krankenhaus: Aufgrund des schlechter  werdenden Gesundheitszustandes wird ein Rettungswagen hinzugerufen,  welcher den Jugendlichen in das Krankenhaus f\u00e4hrt. <\/p>\n\n\n\n<h4 class=\"wp-block-heading\">(Frankenthal) &#8211; Fahren unter Alkoholeinfluss<\/h4>\n\n\n\n<p>Ein 56-j\u00e4hriger Frankenthaler wird am 31.10.2019, gegen 23:00 Uhr, mit  seinem PKW in der Robert-Bosch-Stra\u00dfe einer Verkehrskontrolle  unterzogen. W\u00e4hrend der Kontrolle wird festgestellt, dass der Fahrer  unter dem Einfluss von Alkohol steht. Ein auf der Dienststelle  durchgef\u00fchrter Atemalkoholtest ergab einen Wert von 1,02 Promille. Der  Fahrzeugschl\u00fcssel wird an den Sohn des Betroffenen ausgeh\u00e4ndigt. Gem\u00e4\u00df  des nun eingeleiteten Ordnungswidrigkeitenverfahrens nach \u00a7 24a StVG  erwartet den 56-J\u00e4hrigen nun ein Bu\u00dfgeld von mindestens 500 Euro sowie  ein einmonatiges Fahrverbot. <\/p>\n\n\n\n<h4 class=\"wp-block-heading\">(Frankenthal) &#8211; Wohnungseinbruch<\/h4>\n\n\n\n<p>Am 31.10.2019, im Zeitraum von 09:00 und 16:00 Uhr, kommt es zu einem  Wohnungseinbruchsdiebstahl in der Elisabethstra\u00dfe. Den beiden Bewohnern  der betreffenden Wohnung fallen zun\u00e4chst die Einbruchspuren an der  Wohnungseingangst\u00fcr auf. Im Schlafzimmer angekommen wird festgestellt,  dass aus einer Schmuckschachtel Ketten, Ohrringe und ein Armband im  Gesamtwert von etwa 500 Euro entwendet wurden. <\/p>\n\n\n\n<p>Leider muss mit  Beginn der &#8222;dunklen Jahreszeit&#8220; auch dieses Jahr mit vermehrten  Einbr\u00fcchen gerechnet werden. Tipps wie Sie sich vor Einbrechern sch\u00fctzen k\u00f6nnen, finden Sie unter <a rel=\"noreferrer noopener\" target=\"_blank\" href=\"http:\/\/www.polizei-beratung.de\">www.polizei-beratung.de<\/a>. <\/p>\n\n\n\n<p>Wir wollen, dass Sie sicher Leben &#8211; ihre Polizei Frankenthal. <\/p>\n\n\n\n<p>Wer  sachdienliche Hinweise zu dem genannten Fall geben kann, wird gebeten  sich mit der Polizeiinspektion Frankenthal unter der Rufnummer  06233\/313-0 oder der Polizeiwache Maxdorf unter der Rufnummer  06237\/934-100 in Verbindung zu setzen. Hinweise k\u00f6nnen auch per E-Mail  unter <a href=\"mailto:pifrankenthal@polizei.rlp.de\">pifrankenthal@polizei.rlp.de<\/a> an die Polizei \u00fcbermittelt werden. <\/p>\n\n\n\n<h4 class=\"wp-block-heading\">(Frankenthal) &#8211; Trunkenheitsfahrt mit 3,53 Promille<\/h4>\n\n\n\n<div class=\"wp-block-image\"><figure class=\"aligncenter\"><img decoding=\"async\" src=\"https:\/\/speyer24news.com\/wp-content\/uploads\/2019\/11\/Alkohol-1.jpg\" alt=\"\" class=\"wp-image-21543\"\/><\/figure><\/div>\n\n\n\n<p>Am 31.10.2019, gegen 11:00 Uhr, werden die Beamten der  Polizeiinspektion Frankenthal von Mitarbeitern eines Versandhandels  dar\u00fcber in Kenntnis gesetzt, dass ein Mitarbeiter augenscheinlich  alkoholisiert mit seinem PKW zur Arbeit gefahren ist. Ein vor Ort  durchgef\u00fchrter Atemalkoholtest ergibt bei dem 44-J\u00e4hrigen aus  Frankenthal einen Wert von 3,53 Promille. Im Krankenhaus wird ihm daher  eine Blutprobe entnommen. Zudem werden der F\u00fchrerschein und der  Fahrzeugschl\u00fcssel sichergestellt. <\/p>\n\n\n\n<p>Der Einfluss von Alkohol oder  anderen berauschenden Mitteln stellt eine Hauptunfallursache dar. Wer  berauscht f\u00e4hrt, gef\u00e4hrdet nicht nur sich, sondern auch Andere. Gegen  den unter Alkoholeinfluss stehenden Fahrzeugf\u00fchrer wurde ein  Ermittlungsverfahren wegen Trunkenheit im Verkehr eingeleitet. Der  F\u00fchrerschein wurde sichergestellt und gegen ihn kann eine  Freiheitsstrafe bis zu einem Jahr oder eine Geldstrafe verh\u00e4ngt werden. <\/p>\n\n\n\n<h4 class=\"wp-block-heading\">(Bobenheim-Roxheim) &#8211; Versuchter Betrug durch &#8222;falsche Polizeibeamte&#8220;<\/h4>\n\n\n\n<p>Der 81-J\u00e4hrige Gesch\u00e4digte aus Bobenheim-Roxheim erh\u00e4lt am 31.10.2019,  gegen 10:00 Uhr, einen Anruf eines vermeintlichen Polizeibeamten. Dieser  stellte sich zu Beginn des Telefongespr\u00e4chs mit den Worten  &#8222;Kriminalpolizei Ludwigshafen&#8220; vor. Dem Gesch\u00e4digten wird sodann  mitgeteilt, dass eine Einbrecherbande in seiner Nachbarschaft unterwegs  sei und man ihn somit warnen m\u00f6chte. Im n\u00e4chsten Moment wird der  81-J\u00e4hrige gefragt, ob er einen Tresor und Bargeld zu Hause habe. In  Kenntnis \u00fcber das Deliktsph\u00e4nomen &#8222;Falsche Polizeibeamte&#8220; gibt der  Gesch\u00e4digte keine Ausk\u00fcnfte und beendet das Telefongespr\u00e4ch. <\/p>\n\n\n\n<p>Immer  wieder missbrauchen Betr\u00fcger den Namen der Polizei f\u00fcr kriminelle  Zwecke. Dabei nutzen sie gef\u00e4lschte Dienstausweise, versenden raffiniert  gef\u00e4lschte E-Mails oder geben sich am Telefon als Polizeibeamte aus.  Lassen Sie sich nicht t\u00e4uschen und seien Sie misstrauisch. Wenn Ihnen  der Anruf seltsam erscheint rufen Sie uns an. Wir sind unter der 110  oder der 06233\/313-0 f\u00fcr Sie da. Verwenden sie beim R\u00fcckruf, wenn  m\u00f6glich, bitte auch ein anderes Telefon. Wir wollen, dass Sie sicher  Leben &#8211; Ihre Polizei Frankenthal. <\/p>\n\n\n\n<h4 class=\"wp-block-heading\">(Ludwigshafen \/ Limburgerhof \/ Mannheim) &#8211; Polizeieinsatz nach Drohanrufen<\/h4>\n\n\n\n<div class=\"wp-block-image\"><figure class=\"aligncenter\"><img decoding=\"async\" loading=\"lazy\" width=\"800\" height=\"635\" src=\"https:\/\/speyer24news.com\/wp-content\/uploads\/2019\/11\/bomb-154456.png\" alt=\"\" class=\"wp-image-21544\" srcset=\"https:\/\/speyer24news.com\/wp-content\/uploads\/2019\/11\/bomb-154456.png 800w, https:\/\/speyer24news.com\/wp-content\/uploads\/2019\/11\/bomb-154456-300x238.png 300w, https:\/\/speyer24news.com\/wp-content\/uploads\/2019\/11\/bomb-154456-768x610.png 768w\" sizes=\"(max-width: 800px) 100vw, 800px\" \/><\/figure><\/div>\n\n\n\n<p>Aufgrund mehrerer Drohanrufe ist die Polizei aktuell in mehreren Hotels  und Krankenh\u00e4usern in Ludwigshafen, Limburgerhof und Mannheim im  Einsatz. Die Anrufe gingen heute zwischen 12 Uhr und 13 Uhr bei den  Objekten selbst ein. Der m\u00e4nnliche Anrufer sprach dabei unterschiedliche  Drohungen aus. <\/p>\n\n\n\n<p>Nach Bewertung unserer Fachdienststelle gehen wir  derzeit nicht von einer aktuellen Gef\u00e4hrdung aus, gleichwohl treffen  wir nun alle erforderlichen Ma\u00dfnahmen. <\/p>\n\n\n\n<h4 class=\"wp-block-heading\" style=\"text-align:center\">1. Nachtrag<\/h4>\n\n\n\n<p> Aufgrund der Medienberichterstattung meldete sich bei uns um 16 Uhr \neine Verantwortliche eines weiteren Ludwigshafener Hotelbetriebs. Die \nFrau hatte ebenfalls kurz nach 12 Uhr einen Drohanruf eines Mannes \nerhalten. Diesen Anruf nahm sie nicht ernst, weshalb sie das Telefonat \nbeendete und nichts Weiteres unternahm. Nachdem sie in der \nMedienberichterstattung von dem Polizeieinsatz h\u00f6rte, informierte sie \ndie Polizei. <\/p>\n\n\n\n<p>Derzeit sind uns insgesamt 9 Objekte bekannt, bei  denen heute Mittag Anrufe eingingen. Drei Krankenh\u00e4user in Ludwigshafen  und sechs Hotels\/Gastst\u00e4tten in Ludwigshafen, Limburgerhof und Mannheim.  <\/p>\n\n\n\n<h4 class=\"wp-block-heading\" style=\"text-align:center\">2. Nachtrag<\/h4>\n\n\n\n<p>Um 18.20 Uhr, informierte uns eine Angestellte aus einer weiteren  Gastst\u00e4tte in Ludwigshafen dass auch bei ihr heute Mittag, um 12.40 Uhr,  ein Mann angerufen hatte, der am Telefon eine Drohung aussprach. Mit  Stand 18.20 Uhr sind uns insgesamt zehn Objekte bekannt, bei denen heute  Mittag Anrufe eingingen. Drei Krankenh\u00e4user in Ludwigshafen, f\u00fcnf  Hotels in Ludwigshafen, Limburgerhof und Mannheim und zwei Gastst\u00e4tten  in Ludwigshafen.  <\/p>\n\n\n\n<h4 class=\"wp-block-heading\">(Ludwigshafen) &#8211; Gef\u00e4hrdung des Stra\u00dfenverkehrs<\/h4>\n\n\n\n<p>Am 31.10.2019 kam es in den Mittagstunden auf der Hauptstra\u00dfe zwischen  Ludwigshafen-Rheing\u00f6nheim und Limburgerhof zu einem weiteren  Verkehrsunfall. Ein 83-j\u00e4hriger Verkehrsteilnehmer geriet auf Grund von  M\u00fcdigkeit in den Gegenverkehr. Dort fuhr er so auf die Leitplanke auf,  dass er diese \u00fcber mehrere Meter besch\u00e4digte und schlussendlich mit  seinem Pkw in den Graben kippte. F\u00fcr die Dauer der Unfallaufnahme und  der Bergung des Fahrzeugs musste eine Fahrbahn gesperrt werden. Der  83-j\u00e4hrige muss sich nun wegen Gef\u00e4hrdung des Stra\u00dfenverkehrs  verantworten. <\/p>\n\n\n\n<h4 class=\"wp-block-heading\">(Ludwigshafen) &#8211; Verkehrsunfall mit Personenschaden<\/h4>\n\n\n\n<p>Am Donnerstagmorgen kam es in Ludwigshafen, im Bereich der Kreuzung  Bahnhofstra\u00dfe \/ Maxstra\u00dfe, zu einem Verkehrsunfall. Hierbei wurde einer  58-j\u00e4hrigen Verkehrsteilnehmerin durch einen 54-j\u00e4hrigen  Verkehrsteilnehmer die Vorfahrt genommen. Die 58-j\u00e4hrige wurde im Rahmen  des Verkehrsunfalles leicht verletzt und vorsorglich in ein Krankenhaus  verbracht. Die weiteren Unfallbeteiligten blieben unverletzt. Der  entstandene Sachschaden bel\u00e4uft sich auf ca. 4000 EUR. <\/p>\n\n\n\n<h4 class=\"wp-block-heading\">(Rhein-Neckar-Kreis) &#8211; Polizei zieht Fazit zur Halloween Nacht<\/h4>\n\n\n\n<div class=\"wp-block-image\"><figure class=\"aligncenter\"><img decoding=\"async\" loading=\"lazy\" width=\"800\" height=\"600\" src=\"https:\/\/speyer24news.com\/wp-content\/uploads\/2019\/10\/IMG_20191019_212848-1.jpg\" alt=\"\" class=\"wp-image-21237\" srcset=\"https:\/\/speyer24news.com\/wp-content\/uploads\/2019\/10\/IMG_20191019_212848-1.jpg 800w, https:\/\/speyer24news.com\/wp-content\/uploads\/2019\/10\/IMG_20191019_212848-1-300x225.jpg 300w, https:\/\/speyer24news.com\/wp-content\/uploads\/2019\/10\/IMG_20191019_212848-1-768x576.jpg 768w, https:\/\/speyer24news.com\/wp-content\/uploads\/2019\/10\/IMG_20191019_212848-1-678x509.jpg 678w, https:\/\/speyer24news.com\/wp-content\/uploads\/2019\/10\/IMG_20191019_212848-1-326x245.jpg 326w, https:\/\/speyer24news.com\/wp-content\/uploads\/2019\/10\/IMG_20191019_212848-1-80x60.jpg 80w\" sizes=\"(max-width: 800px) 100vw, 800px\" \/><\/figure><\/div>\n\n\n\n<p>Zum Morgen des ersten Novembers zieht die Polizei Mannheim ein Fazit  der Halloween Nacht. In einem Dutzend F\u00e4lle r\u00fcckten die  Polizeibeamtinnen und -beamten des Polizeipr\u00e4sidiums Mannheim wegen  Ruhest\u00f6rungen oder groben Unfugs aus, um f\u00fcr Ordnung zu sorgen. Bislang  wurden drei F\u00e4lle von Sachbesch\u00e4digungen durch Eierw\u00fcrfe auf  Hausfassaden polizeilich bekannt, zwei davon in Ladenburg und einer in  Mannheim. Aus polizeilicher Sicht handelte es sich im Vergleich zum  Vorjahr damit um eine eher ruhige Halloween Nacht, sodass eine insgesamt  positive Bilanz gezogen wird. <\/p>\n\n\n\n<h4 class=\"wp-block-heading\">(Mannheim-Neckarstadt) &#8211; &#8222;Sichere Neckarstadt&#8220;; Aktionstag Sicherer Verkehr<\/h4>\n\n\n\n<p>Nachdem am Donnerstag, den 24. Oktober im Bereich des Neumarkts und der  angrenzenden Stra\u00dfen im Zuge einer Razzia ein polizeiliches  Gro\u00dfaufgebot eine Reihe von Gastst\u00e4tten \u00fcberpr\u00fcfte, stand eine Woche  sp\u00e4ter die n\u00e4chste Aktion an: Der letzte Tag Oktober stand dabei ganz im  Zeichen der Verbesserung der Verkehrssicherheit in der  Neckarstadt-West: <\/p>\n\n\n\n<p>Das Polizeirevier Neckarstadt und Experten der \nVerkehrspolizeidirektion \u00fcberpr\u00fcften in Zeit zwischen 10:00 Uhr und \n16:00 Uhr den flie\u00dfenden Verkehr. <\/p>\n\n\n\n<p>Zwischen 10:00 Uhr und 12:00 \nUhr f\u00fchrten 6 Beamte des \u00f6rtlichen Polizeireviers am Neumarktplatz \nganzheitliche Verkehrskontrollen durch. Ihr besonderes Augenmerk legten \ndie Ordnungsh\u00fcter dabei auf das Einhalten der Gurtpflicht, das \nordnungsgem\u00e4\u00dfe Bef\u00f6rdern von Kindern im Auto sowie das verbotswidrige \nNutzen von Mobiltelefonen. Dabei ergaben sich 16 Beanstandungen, die im \nRahmen von Ordnungswidrigkeitenanzeigen weiterbearbeitet werden. <\/p>\n\n\n\n<p>Im\n Zeitraum zwischen 13:00 Uhr und 15:00 Uhr erhielten die \nSchutzpolizisten Unterst\u00fctzung von der Verkehrspolizei, sodass nunmehr \n12 Beamte das Verkehrsgeschehen am Alten Messplatz \u00fcberwachten. Hier \ndeckte die Polizei 28 weitere Verst\u00f6\u00dfe gegen die StVO und die StVZO auf.\n Zudem ermitteln die Beh\u00f6rden wegen eines Versto\u00dfes gegen die \nAbgabenordnung. <\/p>\n\n\n\n<p>Erw\u00e4hnenswert sind aus polizeilicher Sicht \ninsbesondere die Reaktionen aus der Neckarst\u00e4dter B\u00fcrgerschaft. Wie \nbereits eine Woche zuvor nutzten Anwohner die Gelegenheit, um mit \n&#8222;ihrer&#8220; Polizei in Kontakt zu treten. Sie bewerteten die polizeilichen \nMa\u00dfnahmen durchweg positiv, sprachen ihren Dank aus und brachten ihre \nHoffnung auf Fortsetzung der Aktionen zum Ausdruck. <\/p>\n\n\n\n<p>&#8222;Ziel der  gestrigen, aber auch zuk\u00fcnftiger Aktionen von Polizei, Stadt und  weiteren Kooperationspartnern ist es, die Sicherheit im \u00f6ffentlichen  Raum zu gew\u00e4hrleisten und ein nach au\u00dfen hin deutlich wahrnehmbares  Zeichen zu setzen&#8220;, so Polizeipr\u00e4sident Andreas Stenger. <\/p>\n\n\n\n<h4 class=\"wp-block-heading\">(Mannheim-Sch\u00f6nau) &#8211; Pkw-Brand aufgrund technischer Ursache<\/h4>\n\n\n\n<p>Am Freitagmittag kam es kurz nach 14 Uhr zu einem Pkw-Brand in der  Johann-Sch\u00fctte-Stra\u00dfe. Der Citroen wurde wenige Minuten zuvor vom  Besitzer am Fahrbahnrand abgestellt. Kurze Zeit sp\u00e4ter kam es zu einem  Brandausbruch im Bereich des Motors. Dieser breitete sich schnell auch  auf das Fahrzeuginnere aus. Durch das schnelle Eingreifen der  Berufsfeuerwehr konnte ein vollst\u00e4ndiges Ausbrennen verhindert werden.  Erste Ermittlungen ergaben, dass ein techn. Defekt urs\u00e4chlich f\u00fcr den  Brand war. Am Citroen entstand Sachschaden in H\u00f6he von mehreren Hundert  Euro. Das Fahrzeug wurde abgeschleppt. Durch das Feuer ausgelaufene  Betriebsmittel, wurden durch eine Fachfirma beseitigt. <\/p>\n\n\n\n<h4 class=\"wp-block-heading\">(Heidelberg) &#8211; Brand in leerstehendem Haus<\/h4>\n\n\n\n<p>Am sp\u00e4ten Donnerstagabend, gegen 23.23 Uhr, geriet aus bislang  unbekannter Ursache das Kellergeschoss eines leerstehenden  Mehrfamilienhauses im Wieblinger Weg in Brand. Um 00.25 Uhr war das  Feuer gel\u00f6scht. Es entstand Sachschaden in bislang noch unbekannter  H\u00f6he. Personen kamen nicht zu Schaden. Die weiteren Ermittlungen hierzu  werden vom Polizeirevier Heidelberg-Mitte gef\u00fchrt. <\/p>\n\n\n\n<h4 class=\"wp-block-heading\">(Heidelberg-Handschuhsheim) &#8211; Brand in Heidelberger Tierpension; zwei Hunde umgekommen<\/h4>\n\n\n\n<p>Am Donnerstagabend kam es aus bislang ungekl\u00e4rten Gr\u00fcnden zu einem  Brand in einer Tierpension in der Tiergartenstra\u00dfe in  Heidelberg-Handschuhsheim. Das Feuer war gegen 18.15 Uhr von Passanten  bemerkt worden. Die sofort alarmierte Berufsfeuerwehr Heidelberg konnte  den Brand l\u00f6schen. Die in Brand geratenen Geb\u00e4udeteile, in welchen die  Tiere untergebracht waren, wurden durch das Feuer v\u00f6llig zerst\u00f6rt. Ein  in einer Stallbox untergebrachtes Pony konnte gerade noch rechtzeitig  durch die P\u00e4chterin in Sicherheit gebracht werden. Zwei untergebrachte  Hunde konnten nicht mehr gerettet werden. Nach Beendigung der  L\u00f6scharbeiten mussten Teile des restlichen Geb\u00e4udes insbesondere des  Daches abgetragen werden. Ein Gro\u00dfteil des Geb\u00e4udes ist  einsturzgef\u00e4hrdet. Der Sachschaden wird auf ca. 20.000 EUR gesch\u00e4tzt.  Die Brandursache ist noch unklar. Die Kriminalpolizeidirektion  Heidelberg hat die weiteren Ermittlungen \u00fcbernommen. <\/p>\n\n\n\n<h4 class=\"wp-block-heading\" style=\"text-align:center\">Nachtrag zur Pressemitteilung<\/h4>\n\n\n\n<p>Bei dem Brandobjekt handelt es sich nicht um die dortige Hundepension, sondern um einen privat genutzten Pferdestall. In diesem waren f\u00fcr kurze Zeit zwei Hunde untergebracht, die bei dem  Brandgeschehen ums Leben kamen. Der Besitzer der Hunde ist bereits  dar\u00fcber informiert. <\/p>\n\n\n\n<p>Die Hundepension befindet sich zwar in der N\u00e4he zum Brandobjekt, hat aber keinerlei Schaden genommen. <\/p>\n\n\n\n<h4 class=\"wp-block-heading\">(Leimen \/ Rhein-Neckar-Kreis) &#8211; Brandsatz vor Shisha-Bar geworfen; keine Personen verletzt<\/h4>\n\n\n\n<p>Am sp\u00e4ten Donnerstagabend, dem 31.10.2019, gegen 23:30, Uhr wurde durch  bislang unbekannte T\u00e4ter in der Innenstadt in Leimen ein Brandsatz vor  einem Lokal ausgebracht. Das Feuer wurde durch die anwesenden G\u00e4ste der  Bar bemerkt und selbstst\u00e4ndig gel\u00f6scht. Verletzt wurde niemand, es  entstand lediglich Sachschaden an den Treppenstufen. Zeuge hatten  mehrere Personen beobachtet, die vom Tatort weggelaufen sind. Die  Kriminalpolizeidirektion Heidelberg hat die Ermittlungen \u00fcbernommen.  Hinweise nimmt der Kriminaldauerdienst unter Tel. 0621\/174-4444  entgegen. <\/p>\n\n\n\n<h4 class=\"wp-block-heading\">(A 61 \/ Hockenheim \/ Rhein-Neckar-Kreis) &#8211; Brennender Pkw sorgt f\u00fcr Verkehrsbeeintr\u00e4chtigungen<\/h4>\n\n\n\n<p>Am Freitagnachmittag, gegen 15:30 Uhr, meldeten Verkehrsteilnehmer  einen brennenden Pkw auf dem Seitenstreifen zwischen dem Autobahnkreuz  Speyer und der Anschlussstelle Hockenheim auf der BAB 61. <\/p>\n\n\n\n<p>Aufgrund\n eines technischen Defekts im Bereich des Getriebes geriet ein VW Golf \nw\u00e4hrend der Fahrt in Brand. Dem 27-j\u00e4hrigen Fahrer gelang es noch den \nPkw auf dem Seitenstreifen zum Stehen zu bringen. Das Feuer breitete \nsich jedoch rasch auf den kompletten Pkw aus. Die verst\u00e4ndigte Feuerwehr\n Speyer kam vor Ort, konnte aber ein vollst\u00e4ndiges Ausbrennen des Pkw \nnicht mehr verhindern. <\/p>\n\n\n\n<p>Am Pkw entstand ein Schaden in H\u00f6he von \n500 EUR. W\u00e4hrend der L\u00f6scharbeiten musste die Autobahn kurzzeitig in \nFahrtrichtung Autobahndreieck Hockenheim gesperrt werden. Durch die \nSperrung staute sich der Verkehr auf einer L\u00e4nge von drei Kilometern. \nDie Rauchentwicklung f\u00fchrte auch in der Gegenrichtung zu einem R\u00fcckstau \nvon einem Kilometer. <\/p>\n\n\n\n<p>Zurzeit sind der rechte Fahrstreifen und der\n Seitenstreifen gesperrt. Sobald der ausgebrannte Pkw abgeschleppt ist, \nwird auch der rechte Fahrstreifen wieder freigegeben. <\/p>\n\n\n\n<h4 class=\"wp-block-heading\">(A 61 \/ Hockenheim \/ Rhein-Neckar-Kreis) &#8211; BMW ger\u00e4t wegen technischem Defekt in Brand<\/h4>\n\n\n\n<p>Am fr\u00fchen Freitagmorgen, gegen 00.21 Uhr, geriet der BMW eines  58-j\u00e4hrigen Mannes aus Beerfelden nach einem technischen Defekt auf der  BAB 61, zwischen der Anschlussstelle Hockenheim und dem Autobahndreieck  Hockenheim in Vollbrand. Der Fahrer lenkte sein Fahrzeug sofort auf den  Standstreifen. Unmittelbar nach dem er ausgestiegen war schlugen Flammen  aus dem Motorraum. Als wenige Minuten sp\u00e4ter die Einsatzkr\u00e4fte  eintrafen brannte der BMW bereits vollst\u00e4ndig. F\u00fcr die Dauer der  L\u00f6scharbeiten musste die Fahrbahn in Richtung Autobahndreieck  Hockenheim, von 00.44 Uhr bis 00.58 Uhr, gesperrt werden. Es kam hierbei  zu einem R\u00fcckstau von ca. 1 Km. W\u00e4hrend das Fahrzeug abgeschleppt  wurde, konnte der Verkehr auf dem linken Fahrstreifen vorbeigef\u00fchrt  werden. Im Laufe des Tages muss erneut gepr\u00fcft werden, ob an der  Fahrbahn Sch\u00e4den entstanden sind, die noch behoben werden m\u00fcssen.  Gl\u00fccklicherweise wurde niemand verletzt. Die weiteren Ermittlungen  werden vom Verkehrskommissariat Walldorf gef\u00fchrt.<\/p>\n\n\n\n<h4 class=\"wp-block-heading\">(Heddesheim \/ Rhein-Neckar-Kreis) &#8211; Nach Kohlenmonoxid Alarm wurde Hochhaus ger\u00e4umt<\/h4>\n\n\n\n<p>Am 31.10.2019, gg. 21.45 Uhr, wollte eine RTW-Besatzung in Heddesheim  ein Hochhaus in der Lessingstra\u00dfe wegen eines medizinischen Notfalls  betreten. Im Hochhaus gaben die Melder der RTW Besatzung einen CO Alarm.  Da die erh\u00f6hte Kohlenmonoxidkonzentration im gesamten Hochhaus  festzustellen war, musste das Hochhaus mit den insgesamt 69 Bewohnern  ger\u00e4umt werden. Einige evakuierte Personen wurden in einer naheliegenden  Gastst\u00e4tte untersucht. Nachdem sp\u00e4ter festgestellt wurde, dass sich die  erh\u00f6hte Konzentration nur am Fahrstuhlschacht ergab, wurde die R\u00e4umung  unterbrochen. Ansonsten wurden nur niedrige Werte gemessen. Insgesamt  wurde bei 3 Bewohnern eine akute CO-Vergiftung festgestellt, so dass sie  in ein Krankenhaus verbracht wurden. Bei einer 4. Person reichte eine  ambulante Behandlung aus. Kurz vor 01 Uhr in der Nacht war der Einsatz  beendet und die Bewohner konnten nach L\u00fcftung des Geb\u00e4udes durch die  Feuerwehr wieder in ihre Wohnungen zur\u00fcck. Die Freiwilligen Feuerwehren  Heddesheim (drei Fahrzeuge), Ilvesheim (drei Fahrzeuge) und Ladenburg  (ein Fahrzeug) sowie die Rettungsdienste waren mit einer hohen Anzahl  von Kr\u00e4ften vor Ort. Auch der B\u00fcrgermeister der Gemeinde Heddesheim,  Herr Kessler, begab sich an den Einsatzort. Bei der Suche nach der  Ursache f\u00fcr das Entstehen des Kohlenmonoxids konnte ein defektes Rohr an  der Heizungsanlage festgestellt werden, wodurch Abgase in Richtung  Fahrstuhl gelangten. Die Kriminalpolizei hat diesbez\u00fcglich die weiteren  Ermittlungen aufgenommen. <\/p>\n","protected":false},"excerpt":{"rendered":"<div class=\"mh-excerpt\"><p>Polizeimeldungen vom Freitag (01.11.2019) (Speyer) &#8211; Wechselseitige K\u00f6rperverletzung bei einer Taxifahrt Auf einer Taxifahrt in der Freitagfr\u00fch kam es aufgrund unterschiedlicher Ansichten zur Fahrweise zum Streit zwischen zwei Fahrg\u00e4sten und dem Taxifahrer. Als das Taxi <a class=\"mh-excerpt-more\" href=\"https:\/\/speyer24news.com\/?p=21537\" title=\"Polizei\">[&#8230;]<\/a><\/p>\n<\/div>","protected":false},"author":3,"featured_media":0,"comment_status":"open","ping_status":"open","sticky":false,"template":"","format":"standard","meta":{"_monsterinsights_skip_tracking":false,"_monsterinsights_sitenote_active":false,"_monsterinsights_sitenote_note":"","_monsterinsights_sitenote_category":0,"footnotes":""},"categories":[12],"tags":[3614,61,2555,63,105,53,1548,102,213,55,103,106,2803,2423,427,2625,380,62,104,979,1565],"aioseo_notices":[],"amp_enabled":true,"_links":{"self":[{"href":"https:\/\/speyer24news.com\/index.php?rest_route=\/wp\/v2\/posts\/21537"}],"collection":[{"href":"https:\/\/speyer24news.com\/index.php?rest_route=\/wp\/v2\/posts"}],"about":[{"href":"https:\/\/speyer24news.com\/index.php?rest_route=\/wp\/v2\/types\/post"}],"author":[{"embeddable":true,"href":"https:\/\/speyer24news.com\/index.php?rest_route=\/wp\/v2\/users\/3"}],"replies":[{"embeddable":true,"href":"https:\/\/speyer24news.com\/index.php?rest_route=%2Fwp%2Fv2%2Fcomments&post=21537"}],"version-history":[{"count":2,"href":"https:\/\/speyer24news.com\/index.php?rest_route=\/wp\/v2\/posts\/21537\/revisions"}],"predecessor-version":[{"id":21548,"href":"https:\/\/speyer24news.com\/index.php?rest_route=\/wp\/v2\/posts\/21537\/revisions\/21548"}],"wp:attachment":[{"href":"https:\/\/speyer24news.com\/index.php?rest_route=%2Fwp%2Fv2%2Fmedia&parent=21537"}],"wp:term":[{"taxonomy":"category","embeddable":true,"href":"https:\/\/speyer24news.com\/index.php?rest_route=%2Fwp%2Fv2%2Fcategories&post=21537"},{"taxonomy":"post_tag","embeddable":true,"href":"https:\/\/speyer24news.com\/index.php?rest_route=%2Fwp%2Fv2%2Ftags&post=21537"}],"curies":[{"name":"wp","href":"https:\/\/api.w.org\/{rel}","templated":true}]}}