{"id":21549,"date":"2019-11-02T08:57:21","date_gmt":"2019-11-02T07:57:21","guid":{"rendered":"https:\/\/speyer24news.com\/?p=21549"},"modified":"2019-11-02T08:57:22","modified_gmt":"2019-11-02T07:57:22","slug":"rhein-pfalz-kreis-24","status":"publish","type":"post","link":"https:\/\/speyer24news.com\/?p=21549","title":{"rendered":"Rhein-Pfalz-Kreis"},"content":{"rendered":"<style type=\"text\/css\">\r\n\t.ads_top_disp{}\r\n\t.ads_top_corner_disp{ float:left; margin:0px 10px 10px 0px; }\r\n\t.ads_first_p_disp{}\r\n\t.ads_bottom_disp{}\r\n\t<\/style>\n<h2 class=\"wp-block-heading\"><strong>Beirat f\u00fcr Migration und Integration<\/strong><\/h2>\n\n\n\n<h3 class=\"wp-block-heading\"><strong>Zu wenige Wahlvorschl\u00e4ge im Rhein-Pfalz-Kreis<\/strong><\/h3>\n\n\n\n<p><strong>Rhein-Pfalz-Kreis &#8211;<\/strong> Im Rhein-Pfalz-Kreis sind f\u00fcr eine Direktwahl des Beirates f\u00fcr Migration und Integration zu wenige Kandidatinnen oder Kandidaten vorgeschlagen worden. Bis zum Ende der Einreichungsfrist f\u00fcr Wahlvorschl\u00e4ge am 09. September 2019 sind lediglich sieben Wahlvorschl\u00e4ge mit insgesamt 8 Kandidatinnen und Kandidaten eingegangen, von denen der Wahlausschuss nur drei Personen zulassen konnte. Die Wahl des Beirates f\u00fcr Migration und Integration am 27. Oktober 2019 kann daher nach Vorgaben der Landkreisordnung nicht stattfinden. <\/p>\n\n\n\n<p>Im kommenden Jahr wird der Kreistag \u00fcber die\nZusammensetzung eines fakultativen Beirates f\u00fcr die Belange von Menschen mit\nMigrationshintergrund entscheiden. Gem\u00e4\u00df den gesetzlichen Vorgaben sind Beir\u00e4te\nf\u00fcr gesellschaftlich bedeutsame Gruppen m\u00f6glich, in die dann Mitglieder berufen\nwerden. Wer darin ehrenamtlich mitarbeiten m\u00f6chte, kann sich noch bis <strong>29. November 2019<\/strong> bei der\nKreisverwaltung bewerben.<\/p>\n\n\n\n<p>Infrage kommen daf\u00fcr Frauen und M\u00e4nner mit\nMigrationshintergrund, die mindestens das 16. Lebensjahr vollendet haben und\ndenen das gleichberechtigte Zusammenleben der im Rhein-Pfalz-Kreis wohnenden\nMenschen verschiedener Nationalit\u00e4ten, Kulturen und Religionen am Herzen liegt.\nSie d\u00fcrfen nicht vorbestraft sein und nicht unter Vormundschaft stehen. Aus der\nBewerbung sollen Name, Nationalit\u00e4t, Geburtsdatum, Anschrift, Beruf,\nFamilienstand und andere Angaben zur Person hervorgehen. Angestrebt wird, dass\ndie 15 Mitglieder des Beirates hinsichtlich ihrer urspr\u00fcnglichen Herkunft und\nihrer Wohnorte die Kreisbev\u00f6lkerung mit Migrationshintergrund m\u00f6glichst gut\nrepr\u00e4sentieren. Auch eine ausgewogene Geschlechterverteilung ist erw\u00fcnscht. <\/p>\n\n\n\n<p>Als Ansprechpartner f\u00fcr\nweitere Informationen stehen in der Kreisverwaltung Rhein-Pfalz-Kreis Thomas\nHauck (0621 5909 5050) und Nicole Ullmeyer (0621 5909 2380) zur Verf\u00fcgung. <\/p>\n\n\n\n<h4 class=\"wp-block-heading\">Die Anschrift f\u00fcr Bewerbungen lautet: <\/h4>\n\n\n\n<p>Kreisverwaltung Rhein-Pfalz-Kreis<br>Abteilung 2<br>Postfach 217255 <br>67072 Ludwigshafen<br>E-Mail <a href=\"thomas.hauck@kv-rpk.de\">thomas.hauck@kv-rpk.de<\/a> oder <a href=\"nicole.ullmeyer@kv-rpk.de\">nicole.ullmeyer@kv-rpk.de<\/a><\/p>\n\n\n\n<p><em>Kreisverwaltung Rhein-Pfalz-Kreis<br>02.11.2019<\/em><\/p>\n\n\n\n<h2 class=\"wp-block-heading\"><strong>Die Premiere des\nJahres 2019:<\/strong><\/h2>\n\n\n\n<h3 class=\"wp-block-heading\"><strong>Zusammenspiel der \u201eSch\u00f6nen Mannheims\u201c mit \u201eCafe del Mundo\u201c<\/strong><\/h3>\n\n\n\n<div class=\"wp-block-image\"><figure class=\"aligncenter\"><img decoding=\"async\" loading=\"lazy\" width=\"500\" height=\"700\" src=\"https:\/\/speyer24news.com\/wp-content\/uploads\/2019\/11\/Sch\u00f6ne-Mannheims.png\" alt=\"\" class=\"wp-image-21555\" srcset=\"https:\/\/speyer24news.com\/wp-content\/uploads\/2019\/11\/Sch\u00f6ne-Mannheims.png 500w, https:\/\/speyer24news.com\/wp-content\/uploads\/2019\/11\/Sch\u00f6ne-Mannheims-214x300.png 214w\" sizes=\"(max-width: 500px) 100vw, 500px\" \/><\/figure><\/div>\n\n\n\n<p><strong>Maxdorf &#8211; <\/strong>Zur Premiere des Jahres 2019 l\u00e4dt der Rhein-Pfalz-Kreis am <strong>Samstag, 16. November 2019<\/strong> um 20 Uhr, in das Carl-Bosch-Haus in Maxdorf, H\u00fcttenm\u00fcllerstra\u00dfe 31, herzlich ein: \u201eDie Sch\u00f6nen Mannheims\u201c gestalten einen gemeinsamen Auftritt mit dem Flamenco-Gitarren-Duo \u201eCafe del Mundo\u201c! <\/p>\n\n\n\n<p>Dem Kulturb\u00fcro des Rhein-Pfalz-Kreises ist es gelungen, die beiden K\u00fcnstlergruppen zusammen zu verpflichten. Was uns erwartet, dar\u00fcber h\u00fcllen sich die K\u00fcnstler noch in absolutes Schweigen. Sicher ist: es wird ein besonderer Abend werden: au\u00dfergew\u00f6hnliche Stimmen treffen auf hochkar\u00e4tige Gitarrenkl\u00e4nge! Der Kartenverkauf ist bereits im vollen Gange: Karten zu 20 Euro sind im Schreibwarengesch\u00e4ft Schneider, Hauptstra\u00dfe 92 in Maxdorf (06237 3287) erh\u00e4ltlich. <\/p>\n\n\n\n<p><em>Kreisverwaltung Rhein-Pfalz-Kreis<br>02.11.2019<\/em><\/p>\n\n\n\n<h2 class=\"wp-block-heading\"><strong>Kreisbad in R\u00f6merberg\n<\/strong><\/h2>\n\n\n\n<h3 class=\"wp-block-heading\"><strong>Offizielle Er\u00f6ffnung mit kirchlichem Segen<\/strong><\/h3>\n\n\n\n<div class=\"wp-block-image\"><figure class=\"aligncenter\"><img decoding=\"async\" loading=\"lazy\" width=\"800\" height=\"410\" src=\"https:\/\/speyer24news.com\/wp-content\/uploads\/2019\/11\/Er\u00f6ffnung-Kreisbad-R\u00f6merberg.jpg\" alt=\"\" class=\"wp-image-21553\" srcset=\"https:\/\/speyer24news.com\/wp-content\/uploads\/2019\/11\/Er\u00f6ffnung-Kreisbad-R\u00f6merberg.jpg 800w, https:\/\/speyer24news.com\/wp-content\/uploads\/2019\/11\/Er\u00f6ffnung-Kreisbad-R\u00f6merberg-300x154.jpg 300w, https:\/\/speyer24news.com\/wp-content\/uploads\/2019\/11\/Er\u00f6ffnung-Kreisbad-R\u00f6merberg-768x394.jpg 768w\" sizes=\"(max-width: 800px) 100vw, 800px\" \/><figcaption>Offizielle Er\u00f6ffnung des Kreisbades R\u00f6merberg durch Landrat Clemens K\u00f6rner und Kreisbeigeordneten Manfred Gr\u00e4f <\/figcaption><\/figure><\/div>\n\n\n\n<p><strong>R\u00f6merberg &#8211; <\/strong>Mit einer offiziellen Er\u00f6ffnung wurde das umfassend sanierte Kreisbad in R\u00f6merberg am <strong>Freitag, 18. Oktober 2019<\/strong>, wieder seiner Bestimmung \u00fcbergeben. Landrat Clemens K\u00f6rner und Kreisbeigeordneter Manfred Gr\u00e4f luden zu der Feierlichkeit ein.<\/p>\n\n\n\n<p>Bereits\nseit Mitte August war das Bad f\u00fcr den Schwimmunterricht von Schulen und\nVereinen ge\u00f6ffnet und seit knapp zwei Wochen auch f\u00fcr die Bev\u00f6lkerung\nfreigegeben. Das Kreisbad mit Sauna in R\u00f6merberg war seit Anfang 2017\ngeschlossen, um in die umfangreiche technische und energetische Sanierungsphase\nzu gehen. Aus den veralteten, dunklen und unpers\u00f6nlichen R\u00e4umlichkeiten ist\neine helle und moderne Wohlf\u00fchloase geworden, die technisch nun auf dem\nneuesten Stand ist. Die bereits zuvor sanierte Schwimmhalle hat nun eine\nattraktive Saunalandschaft mit zwei Saunen, lichtdurchflutete Ruhebereiche und\neine sch\u00f6ne Gartenanlage erhalten. <\/p>\n\n\n\n<p>Manfred Gr\u00e4f betonte in seiner Ansprache, dass man zwar nicht zeitlich, daf\u00fcr aber finanziell eine Punktlandung erreicht habe. Die kalkulierten Kosten in H\u00f6he von 2,6 Millionen Euro wurden nicht \u00fcberschritten und \u00fcberplanm\u00e4\u00dfige Ausgaben konnten vermieden werden. Das Land Rheinland-Pfalz beteiligt sich mit 360.000 Euro an den Sanierungskosten. \u201eIch freue mich sehr dar\u00fcber, dass sich das R\u00f6merberger Schmuckk\u00e4stchen zu einem attraktiven Schmuckst\u00fcck entwickelt hat\u201c, erkl\u00e4rte Manfred Gr\u00e4f stolz.  Clemens K\u00f6rner hob in seiner Begr\u00fc\u00dfung hervor, dass auch die Verwaltung bei jeder Sanierung dazulerne \u2013 fehlten noch bei der letzten Sanierung Spiegel und F\u00f6ns, so wurden jetzt bei dieser Sanierung nur noch Kleinigkeiten wie eine fehlende Waage bem\u00e4ngelt. Weiterhin w\u00fcrde das R\u00f6merberger Bad mit Sauna seinen G\u00e4sten sowohl sportliche Bet\u00e4tigung als auch mehr Ruhe im Vergleich zu anderen B\u00e4dern im Umkreis bieten. Architekt Christoph Diehl erl\u00e4uterte die einzelnen Sanierungsma\u00dfnahmen und freute sich \u00fcber die gute Zusammenarbeit der jeweiligen Gewerke, die zum Entstehen eines v\u00f6llig ver\u00e4nderten Bades beigetragen haben. Auch Verbandsb\u00fcrgermeister Manfred Scharfenberger ist froh dar\u00fcber, dass Schulen und Kindertagesst\u00e4tten sowie die Bev\u00f6lkerung nun das ortsans\u00e4ssige Bad wieder nutzen k\u00f6nnen. <\/p>\n\n\n\n<div class=\"wp-block-image\"><figure class=\"aligncenter\"><img decoding=\"async\" loading=\"lazy\" width=\"800\" height=\"602\" src=\"https:\/\/speyer24news.com\/wp-content\/uploads\/2019\/11\/Segnung-Kreisbad-R\u00f6merberg.jpg\" alt=\"\" class=\"wp-image-21554\" srcset=\"https:\/\/speyer24news.com\/wp-content\/uploads\/2019\/11\/Segnung-Kreisbad-R\u00f6merberg.jpg 800w, https:\/\/speyer24news.com\/wp-content\/uploads\/2019\/11\/Segnung-Kreisbad-R\u00f6merberg-300x226.jpg 300w, https:\/\/speyer24news.com\/wp-content\/uploads\/2019\/11\/Segnung-Kreisbad-R\u00f6merberg-768x578.jpg 768w, https:\/\/speyer24news.com\/wp-content\/uploads\/2019\/11\/Segnung-Kreisbad-R\u00f6merberg-678x509.jpg 678w, https:\/\/speyer24news.com\/wp-content\/uploads\/2019\/11\/Segnung-Kreisbad-R\u00f6merberg-326x245.jpg 326w, https:\/\/speyer24news.com\/wp-content\/uploads\/2019\/11\/Segnung-Kreisbad-R\u00f6merberg-80x60.jpg 80w\" sizes=\"(max-width: 800px) 100vw, 800px\" \/><figcaption>Kirchliche Segnung des Kreisbades<\/figcaption><\/figure><\/div>\n\n\n\n<p>Bei der Segnung des Kreisbades durch Pfarrerin Bettina Beyerle als Vertreterin der evangelischen Kirche und Pastoralreferentin Sabine Alschner als Vertreterin der katholischen Kirche, wurde dem Bad und seinen Besuchern viel Frieden, Freiheit und Freude gew\u00fcnscht.<\/p>\n\n\n\n<p>Die\nVorf\u00fchrungen von Lebensrettungsma\u00dfnahmen durch die Wasserwacht des Deutschen\nRoten Kreuzes R\u00f6merberg, Synchronschwimmen der Nachwuchsmannschaften der\nDomnixen WSV Speyer und ein durch die Schwimmhalle fliegender Wal der\nFlugmodellgruppe Schifferstadt-Assenheim e.V. rundeten das offizielle\nRahmenprogramm gelungen ab.<\/p>\n\n\n\n<p>\u00d6ffnungszeiten\ndes Kreisbades R\u00f6merberg und weitere Informationen sind unter <a href=\"http:\/\/www.kreisbaeder.de\">www.kreisbaeder.de<\/a>\neinzusehen.<\/p>\n\n\n\n<p><em>Kreisverwaltung Rhein-Pfalz-Kreis<br>02.11.2019<\/em><\/p>\n\n\n\n<h2 class=\"wp-block-heading\"><strong>2. Fachtag der Fr\u00fchen Hilfen\nim Rhein-Pfalz-Kreis &nbsp;<\/strong><\/h2>\n\n\n\n<h3 class=\"wp-block-heading\"><strong>Thema: Kinder psychisch kranker Eltern<\/strong><\/h3>\n\n\n\n<div class=\"wp-block-image\"><figure class=\"aligncenter\"><img decoding=\"async\" loading=\"lazy\" width=\"500\" height=\"699\" src=\"https:\/\/speyer24news.com\/wp-content\/uploads\/2019\/11\/Fachtag-fr\u00fche-Hilfen.png\" alt=\"\" class=\"wp-image-21551\" srcset=\"https:\/\/speyer24news.com\/wp-content\/uploads\/2019\/11\/Fachtag-fr\u00fche-Hilfen.png 500w, https:\/\/speyer24news.com\/wp-content\/uploads\/2019\/11\/Fachtag-fr\u00fche-Hilfen-215x300.png 215w\" sizes=\"(max-width: 500px) 100vw, 500px\" \/><\/figure><\/div>\n\n\n\n<p><strong>Ludwigshafen &#8211; <\/strong>Die Lokalen Netzwerke \u201eKindeswohl\u201c und \u201eFr\u00fche Hilfen\u201c des Kreisjugendamtes laden interessierte Fachleute zum zweiten Fachtag am <strong>Dienstag, 19. November 2019<\/strong>, 12 bis 16:30 Uhr, zum Thema \u201eKinder psychisch kranker Eltern\u201c ein. Die Veranstaltung findet in der Kreisverwaltung Rhein-Pfalz-Kreis, Raum A153, in Ludwigshafen, statt. <\/p>\n\n\n\n<p>Jennifer\nJaque-Rodney, Familienhebamme und Gesundheitswissenschaftlerin referiert \u00fcber\n\u201ePsychische Erkrankungen in der Mutterschaft \u2013 Auswirkungen auf die\nfr\u00fchkindliche Bindung und Mutter-Kind-Interaktion\u201c. Dabei werden die vier\nh\u00e4ufigsten psychischen St\u00f6rungen und ihre Auswirkungen in der fr\u00fchen Kindheit\nn\u00e4her beleuchtet und welche M\u00f6glichkeiten der Begleitung und Unterst\u00fctzung in\nden Fr\u00fchen Hilfen m\u00f6glich sind. Nach einer Pause widmen sich Lisa Heib-Chehade,\nSystemische Beraterin und Therapeutin, und Jan Wolf, Dipl.-Psychologe und\nKinder- und Jugendlichenpsychotherapeut, beide bei anima in Speyer t\u00e4tig, in\nihrem Vortrag dem Thema \u201eKinder psychisch kranker Eltern am Beispiel der\nemotional-instabilen Pers\u00f6nlichkeitsst\u00f6rung (Borderline) auf Elternebene\u201c.&nbsp; <\/p>\n\n\n\n<p>Nach\nden Vortr\u00e4gen haben Interessierte Zeit f\u00fcr Fragen und Diskussionen. Angesprochen\nsind alle, die im professionellen Zusammenhang mit Kindern, Jugendlichen und\nFamilien arbeiten (\u00c4rztInnen, ErzieherInnen, LehrerInnen, Hebammen,\nBerater\/innen, etc.). Ziel ist es, das Verst\u00e4ndnis f\u00fcr die betroffenen Kinder\nund deren Eltern zu verst\u00e4rken und Einblicke in die Arbeitsbereiche der\nbeteiligten Institutionen zu erm\u00f6glichen.\n\nDie Teilnahme ist kostenfrei. Anmeldung per Mail bis zum 13. November\n2019 bei der Kreisverwaltung Rhein-Pfalz-Kreis, Fachbereich Netzwerk Kindeswohl\/Fr\u00fche\nHilfen, Sabine Askenazi unter <a href=\"mailto:sabine.askenazi@kv-rpk.de\">sabine.askenazi@kv-rpk.de<\/a> oder Bettina Bohn unter <a href=\"mailto:bettina.bohn@kv-rpk.de\">bettina.bohn@kv-rpk.de<\/a>.\n\n\n\n<\/p>\n\n\n\n<p><em>Kreisverwaltung Rhein-Pfalz-Kreis<br>02.11.2019<\/em><\/p>\n\n\n\n<h2 class=\"wp-block-heading\"><strong>Schlie\u00dfung der Kfz-Au\u00dfenstelle in He\u00dfheim bis 08. November 2019<\/strong><\/h2>\n\n\n\n<div class=\"wp-block-image\"><figure class=\"aligncenter\"><img decoding=\"async\" src=\"https:\/\/speyer24news.com\/wp-content\/uploads\/2019\/10\/Closed.jpg\" alt=\"\" class=\"wp-image-21034\"\/><\/figure><\/div>\n\n\n\n<p><strong>He\u00dfheim &#8211;<\/strong> Aufgrund krankheitsbedingter Gr\u00fcnde wird die Kfz-Au\u00dfenstelle in He\u00dfheim im Rathaus der Verbandsgemeindeverwaltung Lambsheim-He\u00dfheim<strong> bis Freitag, 08. November 2019<\/strong>, ganztags geschlossen bleiben. <\/p>\n\n\n\n<p>B\u00fcrgerinnen und B\u00fcrger haben alternativ die M\u00f6glichkeit, die Kfz-Zulassungsstelle im Kreishaus des Rhein-Pfalz-Kreises in Ludwigshafen oder die Kfz-Au\u00dfenstelle Dudenhofen, im B\u00fcrgerb\u00fcro der Verbandsgemeindeverwaltung R\u00f6merberg-Dudenhofen, zu nutzen. Die Kreisverwaltung bittet alle B\u00fcrgerinnen und B\u00fcrger um Verst\u00e4ndnis.  \u00d6ffnungszeiten und weitere Informationen unter <a href=\"http:\/\/www.rhein-pfalz-kreis.de\">www.rhein-pfalz-kreis.de<\/a>.<\/p>\n\n\n\n<p><em>Kreisverwaltung Rhein-Pfalz-Kreis<br>02.11.2019<\/em> <\/p>\n\n\n\n<h2 class=\"wp-block-heading\"><strong>Konzert der Kreismusikschule: \u201eStreicherabend\u201c<\/strong><\/h2>\n\n\n\n<div class=\"wp-block-image\"><figure class=\"aligncenter\"><img decoding=\"async\" loading=\"lazy\" width=\"500\" height=\"682\" src=\"https:\/\/speyer24news.com\/wp-content\/uploads\/2019\/11\/Streicherabend.png\" alt=\"\" class=\"wp-image-21550\" srcset=\"https:\/\/speyer24news.com\/wp-content\/uploads\/2019\/11\/Streicherabend.png 500w, https:\/\/speyer24news.com\/wp-content\/uploads\/2019\/11\/Streicherabend-220x300.png 220w\" sizes=\"(max-width: 500px) 100vw, 500px\" \/><\/figure><\/div>\n\n\n\n<p><strong>Dannstadt-Schauernheim &#8211; <\/strong>Die Musikschule des Rhein-Pfalz-Kreises l\u00e4dt zu einem Konzert des Fachbereichs Streichinstrumente am <strong>Freitag, 08. November 2019<\/strong> um 19 Uhr, in die das Zentrum Alte Schule in Dannstadt-Schauernheim, Hauptstra\u00dfe 139, ein. <\/p>\n\n\n\n<p>An diesem \u201eStreicherabend\u201c wirken\nInstrumentalsch\u00fcler der F\u00e4cher Violine, Viola, Violoncello und Kontrabass mit.\nAuch das Kammermusikensemble der Klassen von Theresa Segeth-Durczok, Wolfgang\nHammar, Rebecca Mauch, Katharina Uzal und Hiltrud Wies sind dabei.<\/p>\n\n\n\n<p>Der Eintritt ist frei. Der Saal wird bereits um 18:30 Uhr ge\u00f6ffnet.<\/p>\n\n\n\n<p><em>Kreisverwaltung Rhein-Pfalz-Kreis<br>02.11.2019<\/em><\/p>\n","protected":false},"excerpt":{"rendered":"<div class=\"mh-excerpt\"><p>Beirat f\u00fcr Migration und Integration Zu wenige Wahlvorschl\u00e4ge im Rhein-Pfalz-Kreis Rhein-Pfalz-Kreis &#8211; Im Rhein-Pfalz-Kreis sind f\u00fcr eine Direktwahl des Beirates f\u00fcr Migration und Integration zu wenige Kandidatinnen oder Kandidaten vorgeschlagen worden. Bis zum Ende der <a class=\"mh-excerpt-more\" href=\"https:\/\/speyer24news.com\/?p=21549\" title=\"Rhein-Pfalz-Kreis\">[&#8230;]<\/a><\/p>\n<\/div>","protected":false},"author":3,"featured_media":0,"comment_status":"open","ping_status":"open","sticky":false,"template":"","format":"standard","meta":{"_monsterinsights_skip_tracking":false,"_monsterinsights_sitenote_active":false,"_monsterinsights_sitenote_note":"","_monsterinsights_sitenote_category":0,"footnotes":""},"categories":[1564],"tags":[2189,4267,1220,4268,4269,4270,3694,4271,153,155,427,1565,156,4266,4272],"aioseo_notices":[],"amp_enabled":true,"_links":{"self":[{"href":"https:\/\/speyer24news.com\/index.php?rest_route=\/wp\/v2\/posts\/21549"}],"collection":[{"href":"https:\/\/speyer24news.com\/index.php?rest_route=\/wp\/v2\/posts"}],"about":[{"href":"https:\/\/speyer24news.com\/index.php?rest_route=\/wp\/v2\/types\/post"}],"author":[{"embeddable":true,"href":"https:\/\/speyer24news.com\/index.php?rest_route=\/wp\/v2\/users\/3"}],"replies":[{"embeddable":true,"href":"https:\/\/speyer24news.com\/index.php?rest_route=%2Fwp%2Fv2%2Fcomments&post=21549"}],"version-history":[{"count":1,"href":"https:\/\/speyer24news.com\/index.php?rest_route=\/wp\/v2\/posts\/21549\/revisions"}],"predecessor-version":[{"id":21556,"href":"https:\/\/speyer24news.com\/index.php?rest_route=\/wp\/v2\/posts\/21549\/revisions\/21556"}],"wp:attachment":[{"href":"https:\/\/speyer24news.com\/index.php?rest_route=%2Fwp%2Fv2%2Fmedia&parent=21549"}],"wp:term":[{"taxonomy":"category","embeddable":true,"href":"https:\/\/speyer24news.com\/index.php?rest_route=%2Fwp%2Fv2%2Fcategories&post=21549"},{"taxonomy":"post_tag","embeddable":true,"href":"https:\/\/speyer24news.com\/index.php?rest_route=%2Fwp%2Fv2%2Ftags&post=21549"}],"curies":[{"name":"wp","href":"https:\/\/api.w.org\/{rel}","templated":true}]}}