{"id":21557,"date":"2019-11-02T09:46:36","date_gmt":"2019-11-02T08:46:36","guid":{"rendered":"https:\/\/speyer24news.com\/?p=21557"},"modified":"2019-11-02T09:54:56","modified_gmt":"2019-11-02T08:54:56","slug":"germersheim-und-lk-ger-5","status":"publish","type":"post","link":"https:\/\/speyer24news.com\/?p=21557","title":{"rendered":"Germersheim und LK GER:"},"content":{"rendered":"<style type=\"text\/css\">\r\n\t.ads_top_disp{}\r\n\t.ads_top_corner_disp{ float:left; margin:0px 10px 10px 0px; }\r\n\t.ads_first_p_disp{}\r\n\t.ads_bottom_disp{}\r\n\t<\/style>\n<h2 class=\"wp-block-heading\"><strong>Winter in der S\u00fcdpfalz! \u2013 Neuer Flyer erh\u00e4ltlich<\/strong><\/h2>\n\n\n\n<div class=\"wp-block-image\"><figure class=\"aligncenter\"><img decoding=\"async\" loading=\"lazy\" width=\"500\" height=\"996\" src=\"https:\/\/speyer24news.com\/wp-content\/uploads\/2019\/11\/Winter-in-der-S\u00fcdpfalz.png\" alt=\"\" class=\"wp-image-21568\" srcset=\"https:\/\/speyer24news.com\/wp-content\/uploads\/2019\/11\/Winter-in-der-S\u00fcdpfalz.png 500w, https:\/\/speyer24news.com\/wp-content\/uploads\/2019\/11\/Winter-in-der-S\u00fcdpfalz-151x300.png 151w\" sizes=\"(max-width: 500px) 100vw, 500px\" \/><\/figure><\/div>\n\n\n\n<p><strong>S\u00fcdpfalz &#8211; <\/strong>Dass die S\u00fcdpfalz auch im Winter viel Genussvolles zu bieten hat, zeigt der neue Flyer \u201eWinter in der S\u00fcdpfalz\u201c, der in diesem Jahr erstmalig vom S\u00fcdpfalz-Tourismus Landkreis Germersheim e.V. herausgegeben wird. <\/p>\n\n\n\n<p>Auch\ndie S\u00fcdpfalz kommt langsam in Weihnachtsstimmung und bietet tolle Events und\nVeranstaltungen passend zur Jahreszeit. Die vielen gem\u00fctlichen Veranstaltungen\nund Adventsm\u00e4rkte in der S\u00fcdpfalz machen Vorfreude auf Weihnachten und vers\u00fc\u00dfen\nden Winter. Die Vorweihnachtszeit in der S\u00fcdpfalz ist romantisch und gem\u00fctlich.\nOb bei einem Glas Gl\u00fchwein auf einem der vielen stimmungsvollen Advents- und\nWeihnachtsm\u00e4rkte oder bei einer gef\u00fchrten Stadtf\u00fchrung in Germersheim. Vom\nLebkuchenhauswettbewerb, \u00fcber eine Kinder-Gruselfestungsf\u00fchrung bis Weihnachten\nim Bauernhof ist f\u00fcr jeden etwas dabei. Weihnachtsstimmung ist garantiert. <\/p>\n\n\n\n<p>Erh\u00e4ltlich ist der Flyer beim S\u00fcdpfalz-Tourismus Landkreis Germersheim e.V., Luitpoldplatz 1, 76726 Germersheim, Tel. 07274-53-300, E-Mail: <a href=\"mailto:info@suedpfalz-tourismus.de\">info@suedpfalz-tourismus.de<\/a> .<\/p>\n\n\n\n<h4 class=\"wp-block-heading\">Oder lesen sie den Flyer hier als PDF:<\/h4>\n\n\n\n<div class=\"wp-block-file\"><a href=\"https:\/\/speyer24news.com\/wp-content\/uploads\/2019\/11\/Winter-Flyer_2019.pdf\">Winter-Flyer_2019<\/a><a href=\"https:\/\/speyer24news.com\/wp-content\/uploads\/2019\/11\/Winter-Flyer_2019.pdf\" class=\"wp-block-file__button\" download>Herunterladen<\/a><\/div>\n\n\n\n<p><em>Kreisverwaltung Germersheim<br>02.11.2019<\/em><\/p>\n\n\n\n<h2 class=\"wp-block-heading\">Erfolgreich: Elf Teilnehmer erreichen Berufsreife in KVHS-Seminar<\/h2>\n\n\n\n<div class=\"wp-block-image\"><figure class=\"aligncenter\"><img decoding=\"async\" loading=\"lazy\" width=\"800\" height=\"366\" src=\"https:\/\/speyer24news.com\/wp-content\/uploads\/2019\/11\/191031-KVHS-Berufsreife-erreicht-a.jpg\" alt=\"\" class=\"wp-image-21566\" srcset=\"https:\/\/speyer24news.com\/wp-content\/uploads\/2019\/11\/191031-KVHS-Berufsreife-erreicht-a.jpg 800w, https:\/\/speyer24news.com\/wp-content\/uploads\/2019\/11\/191031-KVHS-Berufsreife-erreicht-a-300x137.jpg 300w, https:\/\/speyer24news.com\/wp-content\/uploads\/2019\/11\/191031-KVHS-Berufsreife-erreicht-a-768x351.jpg 768w\" sizes=\"(max-width: 800px) 100vw, 800px\" \/><figcaption>Freuen sich gemeinsam mit den Lehrkr\u00e4ften sowie Christoph Buttweiler und Karin Tr\u00e4ber \u00fcber die Abschlusszeugnisse: (Vordere Reihe, v. li.) Vanessa Dau\u00dfmann, Hatice Kocak, Alireza Rezahi, Stephanie Gr\u00f6ger,<br> (hintere Reihe, v. li.) Recep Can Akyildiz, Arne Schubart, Darwish Azizi, Jennyfer Yavuz.  <\/figcaption><\/figure><\/div>\n\n\n\n<p><strong>Germersheim &#8211; <\/strong>Innerhalb von elf Monaten haben die Teilnehmerinnen und Teilnehmer am Vorbereitungskurs f\u00fcr die \u201ePr\u00fcfung f\u00fcr Nichtsch\u00fcler zum Erwerb der Qualifikation der Berufsreife\u201c der Kreisvolkshochschule (KVHS) in Germersheim in den Abendstunden die Schulbank gedr\u00fcckt. Nun halten die erfolgreichen Sch\u00fclerinnen und Sch\u00fcler ihre Abschlusszeugnisse der Berufsreife in den H\u00e4nden.<\/p>\n\n\n\n<p>Zweimal w\u00f6chentlich ging es\nabends in die Geschwister-Scholl-Realschule plus, um dort an insgesamt 252\nUnterrichtsstunden in den Hauptf\u00e4chern Deutsch und Mathematik sowie in den\nNebenf\u00e4chern Sozialkunde, Biologie und Erdkunde unterrichtet zu werden. Auch\ndas Wahlfach Englisch stand auf dem Stundenplan. Die Sch\u00fclerinnen und Sch\u00fcler waren\nim Alter zwischen 18 und 38 Jahren. <\/p>\n\n\n\n<p>Die schriftliche Pr\u00fcfung fand in\nden Hauptf\u00e4chern und in einem Nebenfach statt, m\u00fcndlich wurden alle sechs\nUnterrichtsf\u00e4cher gepr\u00fcft. Elf von ehemals 18 Teilnehmern haben sich der\nPr\u00fcfung gestellt, davon haben alle bestanden. Eine der Teilnehmerinnen\nabsolvierte die Pr\u00fcfung sogar mit einem Notendurchschnitt von 1,3. Zwei der\nAbsolventinnen haben sich au\u00dferdem gleich ein neues Ziel gesetzt: den\nSekundarabschluss I (Mittlere Reife) und haben sich bereits f\u00fcr den laufenden\nLehrgang angemeldet.<\/p>\n\n\n\n<p>Die lernintensive Zeit und die\nentsprechenden Leistungen wurden mit der Ausgabe der Abschlusszeugnisse der\nBerufsreife durch Christoph Buttweiler, Erster Kreisbeigeordneter und f\u00fcr\nSchulen und Bildung zust\u00e4ndiger Dezernent sowie Karin Tr\u00e4ber, Leiterin der\nKVHS, in Vertretung von Landrat Dr. Fritz Brechtel, im Rahmen einer kleinen\nFeierstunde honoriert.<\/p>\n\n\n\n<p>Christoph Buttweiler hob hervor, wie wichtig ein Schulabschluss heute sei, um beruflich durchstarten zu k\u00f6nnen. Er lobte die Absolventinnen und Absolventen f\u00fcr ihr Engagement und ihr Durchhalteverm\u00f6gen neben Berufsalltag und Familie an insgesamt 65 Terminen ihren Abschluss zu erreichen. Karin Tr\u00e4ber bedankte sich bei dem \u201eLehrerteam\u201c, das sehr engagiert und damit nicht unerheblich f\u00fcr den Erfolg verantwortlich ist. Einen neuen Vorbereitungskurs zum Erwerb der Berufsreife f\u00fcr Nichtsch\u00fcler gibt es wieder <strong><em>ab dem 11. November 2019<\/em><\/strong>. Anmeldungen und Anfragen bitte an die Gesch\u00e4ftsstelle der Kreisvolkshochschule Germersheim, Tel. 07274\/53-334 oder per E-Mail <a href=\"vhs@kreis-germersheim.de\">vhs@kreis-germersheim.de<\/a>. <\/p>\n\n\n\n<p><em>Kreisverwaltung Germersheim<br>02.11.2019<\/em><\/p>\n\n\n\n<h2 class=\"wp-block-heading\"><strong>S\u00dcDPFALZTAG\u2013S\u00fcdpfalz-Tourismus Landkreis Germersheim e.V. wirbt f\u00fcr die Region<\/strong><\/h2>\n\n\n\n<div class=\"wp-block-image\"><figure class=\"aligncenter\"><img decoding=\"async\" loading=\"lazy\" width=\"800\" height=\"533\" src=\"https:\/\/speyer24news.com\/wp-content\/uploads\/2019\/11\/Offerta-Suedpfaltag-Buehnenprogramm-IMG_3217.jpg\" alt=\"\" class=\"wp-image-21565\" srcset=\"https:\/\/speyer24news.com\/wp-content\/uploads\/2019\/11\/Offerta-Suedpfaltag-Buehnenprogramm-IMG_3217.jpg 800w, https:\/\/speyer24news.com\/wp-content\/uploads\/2019\/11\/Offerta-Suedpfaltag-Buehnenprogramm-IMG_3217-300x200.jpg 300w, https:\/\/speyer24news.com\/wp-content\/uploads\/2019\/11\/Offerta-Suedpfaltag-Buehnenprogramm-IMG_3217-768x512.jpg 768w\" sizes=\"(max-width: 800px) 100vw, 800px\" \/><\/figure><\/div>\n\n\n\n<p><strong>Karlsruhe-Offerta \/ S\u00fcdpfalz &#8211; <\/strong>Am traditionellen S\u00fcdpfalztag am Dienstag, 29. Oktober 2019 zeigte sich die Region erneut von ihrer besten Seite. Die Big Band des Europa-Gymnasiums W\u00f6rth unter Leitung von Fabian Strahl begeisterte das Publikum im Wechsel mit dem Chor des Europa-Gymnasiums W\u00f6rth unter Leitung von Elisabeth Fraundorfer mit St\u00fccken aus den Bereichen Jazz, Pop und Rock. Zwischendurch plauderte der Erste Kreisbeigeordnete des Landkeises Germersheim, Christoph Buttweiler, zusammen mit ausgew\u00e4hlten S\u00fcdpf\u00e4lzer Hoheiten, dem Ottersheimer B\u00e4renk\u00f6nigspaar Christine und Markus, dem Knittelsheimer K\u00e4tzel Chiara und dem Bellheimer Lord Lothar \u00fcber die Vorz\u00fcge der S\u00fcdpfalz. Anschlie\u00dfend nutzten viele G\u00e4ste die Gelegenheit und beteiligten sich an der Gewinnspielrallye am S\u00fcdpfalzstand, um einen der tollen Preise der Mitaussteller zu gewinnen wie z.B. Einkaufsgutscheine der Winzer, einen Gutschein f\u00fcr ein Kesselfleischbuffet oder eine Nachenfahrt. Bei S\u00fcdpf\u00e4lzer Weinen und Hausmacher Spezialit\u00e4ten konnten sich die G\u00e4ste \u00fcber die Besonderheiten beraten lassen. Auf der Kochb\u00fchne in der DM-Arena verw\u00f6hnte Faycal Bettioui vom Sterne-Restaurant \u201eZur Krone\u201c aus Neupotz mit seinen kulinarischen Kreationen die G\u00e4ste. Bettioui ist der letztj\u00e4hrige Gewinner des Jurypreises beim Wettbewerb \u201eSo schmeckt die S\u00fcdpfalz\u201c. Zufrieden mit der Resonanz an den ersten Messetagen zeigt sich Silke Wiedrig vom S\u00fcdpfalz-Tourismus e.V.,\u201eviele Besucherinnen und Besucher kennen die S\u00fcdpfalz und nutzen die OFFERTA gerne, um sich mit den neuen Veranstaltungskalendern einzudecken und sich \u00fcber neue Angebote zu informieren.\u201c Auch die Mitaussteller am S\u00fcdpfalzstand sind zufrieden mit dem Messegesch\u00e4ft der ersten Tage. Sie nutzen die Messe gerne zur Kundenbindung, freuen sich aber auch, dass jedes Jahr neue Kunden hinzu gewonnen werden k\u00f6nnen. \u201eViele Kunden nehmen sich zur Probe eine Flasche Wein mit, viele kommen im Nachgang ins Weingut, um sich nach Bedarf einzudecken, insbesondere zu Weihnachten f\u00fcr den Festtagsbedarf\u201c, so Sabine Bohlender vom Wein- und Sektgut Rosenhof Steinweiler. <\/p>\n\n\n\n<p>Noch bis zum 3.\nNovember pr\u00e4sentiert sich die S\u00fcdpfalz direkt im Eingangsbereich der Halle 1. Die\nBesucherinnen und Besucher erhalten Tipps f\u00fcr ihren Ausflug in die benachbarte\nS\u00fcdpfalz, Informationen zu Rad- und Wanderwege sowie Freizeit- und\nEinkehrm\u00f6glichkeiten. Druckfrisch erh\u00e4ltlich sind der Veranstaltungskalender S\u00fcdpfalz\n2020, der Flyer \u201eWinter in der S\u00fcdpfalz\u201c mit den Advents- und Weihnachtsm\u00e4rkten\nsowie der Flyer \u201eWilde Wochen in der S\u00fcdpfalz\u201c mit Tipps, bei welchen\nGastronomen man Wildgerichte vom heimischen Wild genie\u00dfen kann.<\/p>\n\n\n\n<p>Am \u201eFreundinnentag\u201c am 31.10. erhalten Freundinnen von 16 \u2013 18 Uhr beim Wein- und Sektgut Rosenhof aus Steinweiler sowie beim Weingut Kehrt aus Winden ein Glas Secco gratis. S\u00fcdpf\u00e4lzer Weine k\u00f6nnen w\u00e4hrend der gesamten Messe beim Wein- und Sektgut Rosenhof sowie bei den Weing\u00fctern Heintz aus Minfeld (26.10.-30.10.) und Kehrt aus Winden (31.10.-03.11.) verkostet werden. Die Hofmetzgerei Kerth aus Kandel-Minderslachen, das Reptilium Landau mit seinen exotischen Tieren und nicht zuletzt die \u201eHerxemer\u201c Schokok\u00fcsse runden die Vielfalt der Angebote aus der S\u00fcdpfalz ab. Das Terra-Sigillata-Museum Rheinzabern und das Haus \u201eLeben am Strom\u201c halten allerlei Geschichte(n) bereit. Am Donnerstag hei\u00dft es wieder \u201eBellheimer Tag\u201c. Die \u201eBellheimer Lords\u201c verteilen kostenlos Bier der Bellheimer Brauerei. Auf der Aktionsfl\u00e4che pr\u00e4sentieren sich Lama-Wandern am 1.\/2.11., die Steinweilerer Seifenmanufaktur am 01. und 02.11. sowie der Abenteuerpark Kandel und Haasis Radschlag aus Germersheim am 03.11. und die Burg Berwartstein vom 01. bis 03.11. <\/p>\n\n\n\n<p>Zu finden ist die\nS\u00fcdpfalz in Halle 1. Stand A.01, A.04, A.18+B.03\n\nWeitere Informationen: S\u00fcdpfalz-Tourismus Landkreis Germersheim e.V., <a href=\"http:\/\/www.suedpfalz-tourismus.de\">www.suedpfalz-tourismus.de<\/a><\/p>\n\n\n\n<p><em>Kreisverwaltung Germersheim<br>02.11.2019<\/em><\/p>\n\n\n\n<h2 class=\"wp-block-heading\"><strong>Aktion Europ\u00e4ische Woche der Abfallvermeidung vom 16.-24.\nNovember<\/strong><\/h2>\n\n\n\n<h3 class=\"wp-block-heading\"><strong>Der Landkreis Germersheim macht mit<\/strong><\/h3>\n\n\n\n<div class=\"wp-block-image\"><figure class=\"aligncenter\"><img decoding=\"async\" loading=\"lazy\" width=\"500\" height=\"674\" src=\"https:\/\/speyer24news.com\/wp-content\/uploads\/2019\/11\/Europ\u00e4ische-Woche-der-Abfallvermeidung.png\" alt=\"\" class=\"wp-image-21564\" srcset=\"https:\/\/speyer24news.com\/wp-content\/uploads\/2019\/11\/Europ\u00e4ische-Woche-der-Abfallvermeidung.png 500w, https:\/\/speyer24news.com\/wp-content\/uploads\/2019\/11\/Europ\u00e4ische-Woche-der-Abfallvermeidung-223x300.png 223w\" sizes=\"(max-width: 500px) 100vw, 500px\" \/><\/figure><\/div>\n\n\n\n<p><strong>Europa \/ Landkreis Germersheim &#8211; <\/strong>Abfallvermeidung tr\u00e4gt nicht nur dazu bei, die Umweltbelastung zu reduzieren, sondern hilft auch, Ressourcen zu schonen. Jedes Jahr im November findet die \u201eEurop\u00e4ische Woche der Abfallvermeidung\u201c statt. In den letzten Jahren haben sich regelm\u00e4\u00dfig mehr als 25 europ\u00e4ische L\u00e4nder daran beteiligt.<\/p>\n\n\n\n<p>Ziel\ndieser europaweiten Aktionswoche ist es, dass sich m\u00f6glichst viele Akteure von\nKommunen, Unternehmen, privaten Initiativen und auch von Umweltverb\u00e4nden daran\nbeteiligen. \u201eDer Landkreis Germersheim wird auch in diesem Jahr wieder\nteilnehmen\u201c, so Landrat Dr. Fritz Brechtel, \u201eWir begr\u00fc\u00dfen diese Aktion und engagieren\nuns auch gerne wieder mit einem Programm in Kinderg\u00e4rten. Ziel ist es, bei\nVorschulkindern das Interesse an Themen rund um die Abfallvermeidung zu wecken.\u201c<\/p>\n\n\n\n<p>Zwei\nMitarbeiterinnen der Abfallwirtschaft werden in der Woche der Abfallvermeidung\nKinderg\u00e4rten besuchen. Am 19. und 20. November den Kindergarten Arche Noah in\nNeupotz sowie am 21. November den Kindergarten St. Johannes der T\u00e4ufer in\nGermersheim-Sondernheim. Den Kindern werden die Themen Kompostierung, Biotonne,\naber auch Abfalltrennung und Abfallvermeidung mit Hilfe von freundlichen Tieren\nin Form von Handpuppen spielerisch nahegebracht und dabei ge\u00fcbt, wie man im\nAlltag mit nat\u00fcrlichen Ressourcen bewusster umgehen kann.<\/p>\n\n\n\n<p>Unter <a href=\"http:\/\/www.wochederabfallvermeidung.de\">www.wochederabfallvermeidung.de<\/a> k\u00f6nnen sich\ninteressierte B\u00fcrgerinnen und B\u00fcrger \u00fcber die europ\u00e4ische Umweltwoche\ninformieren.<\/p>\n\n\n\n<p><em>Kreisverwaltung Germersheim<br>02.11.2019<\/em><\/p>\n\n\n\n<h2 class=\"wp-block-heading\"><strong>Ab 6.\nNovember wieder Abfuhr der Heckenabf\u00e4lle im Kreis Germersheim<\/strong><\/h2>\n\n\n\n<p><strong>Landkreis Germersheim &#8211;<\/strong> Am 6. November beginnt im Landkreis Germersheim wieder die Abfuhr der sperrigen Gr\u00fcnabf\u00e4lle im Rahmen einer Stra\u00dfensammlung. <\/p>\n\n\n\n<p>Zum Heckenschnitt geh\u00f6ren\ngeb\u00fcndelte Gartenabf\u00e4lle zwischen 0,5 und 2 Metern L\u00e4nge. Wegen der\nKompostierbarkeit sollte dabei verrottbares Bindematerial verwendet werden. <\/p>\n\n\n\n<p>Wurzelwerke sowie Baumst\u00e4mme mit\neinem Durchmesser \u00fcber 10 cm k\u00f6nnen bei der Stra\u00dfenabholung nicht mitgenommen\nwerden. Sie m\u00fcssen direkt am Wertstoffhof Bellheim oder beim Wertstoffhof an\nder Deponie Berg angeliefert werden. Ihre Entsorgung ist geb\u00fchrenpflichtig, da\nsie noch vorbehandelt werden m\u00fcssen.<\/p>\n\n\n\n<p>Beistellungen in Plastiks\u00e4cken,\nKartons etc., die mit kleinerem Schnittgut gef\u00fcllt sind, werden nicht mit der\nHeckensammlung erfasst. Sie k\u00f6nnen \u00fcber die Biotonne bzw. den Papiersack f\u00fcr\nBioabfall entsorgt werden. Die n\u00e4chstgelegenen Verkaufsstellen f\u00fcr die\nPapiers\u00e4cke sind im Abfallkalender zu finden. Die S\u00e4cke haben ein Volumen von\n120l und kosten 2,30 Euro pro St\u00fcck. Nichtsperrige Gr\u00fcnabf\u00e4lle wie z.B.\nkleineres Schnittgut, Laub oder Rasenschnitt werden jederzeit gegen Geb\u00fchr an den\nWertstoffh\u00f6fen Berg und Bellheim angenommen, f\u00fcr die privaten Nutzer einer\nBiotonne ist die Anlieferung sogar kostenlos.<\/p>\n\n\n\n<p>Wer au\u00dferhalb der Abfuhrtermine\nsperrigen Gr\u00fcnschnitt entsorgen m\u00f6chte, kann diesen an den Wertstoffh\u00f6fen Bellheim\noder Berg anliefern. Sperrige Heckenabf\u00e4lle aus Privathaushalten werden dort\nkostenlos entgegengenommen. Gr\u00fcnschnittmengen \u00fcber 2 cbm kann der Wertstoffhof\nBellheim allerdings aufgrund der beengten Situation nicht annehmen. Diese\nm\u00fcssen am bisherigen Standort Westheim entsorgt werden. Am Wertstoffhof\nR\u00fclzheim (auf dem Betriebsgel\u00e4nde der Firma SUEZ S\u00fcd GmbH) k\u00f6nnen Gr\u00fcnabf\u00e4lle\naus Platzgr\u00fcnden nicht angenommen werden. Nach Angaben der Kreisverwaltung\nhalten allerdings viele Gemeinden und St\u00e4dte H\u00e4ckselplatze vor, an denen\nHeckenschnitt meist wohnortnah angeliefert werden kann.<\/p>\n\n\n\n<p>Infos \u00fcber die lokalen Sammelorte\nund \u00d6ffnungszeiten gibt es bei der jeweiligen Verwaltung oder im jeweiligen\nAmtsblatt bzw. Stadtanzeiger. <\/p>\n\n\n\n<p>Allgemeine Informationen zum Thema\nAbfallentsorgung im Kreis Germersheim k\u00f6nnen im Internet unter <a href=\"http:\/\/www.kreis-germersheim.de\/abfallwirtschaft\">www.kreis-germersheim.de\/abfallwirtschaft<\/a> abgerufen werden.<\/p>\n\n\n\n<p><strong>Die\nAbfuhrtermine f\u00fcr Heckenabf\u00e4lle:<\/strong><\/p>\n\n\n\n<p>06.11.2019, Bezirk 1: Zeiskam,\nLustadt 1 und 2, Bellheim 1, 2 und 3, Freisbach, Weingarten, Schwegenheim,\nWestheim<\/p>\n\n\n\n<p>07.11.2019, Bezirk 2: Ottersheim,\nKnittelsheim, H\u00f6rdt, Kuhardt, R\u00fclzheim 1 und 2.<\/p>\n\n\n\n<p>13.11.2019, Bezirk 5: Germersheim\n1, 2, 3 und 4, Sondernheim 1 und 2, Lingenfeld 1 und 2.<\/p>\n\n\n\n<p>14.11.2019, Bezirk 4: Steinweiler,\nErlenbach, Winden, Kandel 1 und 2, Minfeld, Freckenfeld, Schaidt, B\u00fcchelberg,\nVollmersweiler.<\/p>\n\n\n\n<p>20.11.2019, Bezirk 3: W\u00f6rth 1und 2,\nMaximiliansau 1 und 2, Hagenbach 1 und 2, Scheibenhardt, Berg, Neuburg.<\/p>\n\n\n\n<p>21.11.2019. Bezirk 6: Leimersheim,\nNeupotz, Rheinzabern 1 und 2, Jockgrim 1 und 2, Hatzenb\u00fchl.<\/p>\n\n\n\n<p><em>Kreisverwaltung Germersheim<br>02.11.2019<\/em><\/p>\n\n\n\n<h2 class=\"wp-block-heading\">Ein St\u00fcck Natur genie\u00dfen: \u201eWilde Wochen\u201c in der S\u00fcdpfalz er\u00f6ffnet<\/h2>\n\n\n\n<div class=\"wp-block-image\"><figure class=\"aligncenter\"><img decoding=\"async\" loading=\"lazy\" width=\"500\" height=\"814\" src=\"https:\/\/speyer24news.com\/wp-content\/uploads\/2019\/11\/2019_Faltblatt_Wildwochen_Suedpfalz_web_Titel.jpg\" alt=\"\" class=\"wp-image-21560\" srcset=\"https:\/\/speyer24news.com\/wp-content\/uploads\/2019\/11\/2019_Faltblatt_Wildwochen_Suedpfalz_web_Titel.jpg 500w, https:\/\/speyer24news.com\/wp-content\/uploads\/2019\/11\/2019_Faltblatt_Wildwochen_Suedpfalz_web_Titel-184x300.jpg 184w\" sizes=\"(max-width: 500px) 100vw, 500px\" \/><\/figure><\/div>\n\n\n\n<p><strong>Kandel \/ S\u00fcdpfalz &#8211; <\/strong>Mit einer von Jagdhornbl\u00e4sern umrahmten Feierstunde im Hotel zum Riesen in Kandel wurden die \u201eWilden Wochen\u201c &#8211; eine Initiative der Kreisgruppen Germersheim und S\u00fcdliche Weinstra\u00dfe des Landesjagdverbandes Rheinland-Pfalz e.V. und der Tourismusvereine S\u00fcdpfalz-Tourismus Landkreis Germersheim e.V. und S\u00fcdliche Weinstrasse e.V., am 28.10. offiziell er\u00f6ffnet. Mehr als 20 Gastronomen, die sich an der Aktion beteiligen, bringen im November und Dezember Wildbret aus dem Bienwald, den Rheinauen und dem Pf\u00e4lzerwald auf den Tisch. Sie haben ihre H\u00e4user mit einem entsprechenden Schild markiert und werden von den beiden Tourismusvereinen mit einem Flyer und auf der Webseite <a href=\"http:\/\/www.soschmecktdiesuedpfalz.de\/wilde-wochen\">www.soschmecktdiesuedpfalz.de\/wilde-wochen<\/a> beworben.<\/p>\n\n\n\n<p>\u201eMit den Wildwochen S\u00fcdpfalz m\u00f6chten wir Einheimische und G\u00e4ste f\u00fcr Wild aus heimischer Jagd begeistern\u201c, erkl\u00e4rte Landrat Dr. Fritz Brechtel (Landkreis Germersheim) bei seiner Begr\u00fc\u00dfung. \u201eWer die Vorteile von Wildbretkennt, ist schnell \u00fcberzeugt. Wildbret ist das verzehrbare Fleisch von freilebenden Tieren, die dem Jagdrecht unterliegen. Eine artgerechtere Unterbringung als die Natur selbst, gibt es nicht. Das Futter der Wildtiere ist im heimischen Wald reichlich vorhanden und muss nicht mit gro\u00dfem CO2-Aussto\u00df von weither transportiert werden. Dar\u00fcber hinaus unterliegen die Tiere keinem Schlacht- und Transportstress, da sie in ihrer nat\u00fcrlichen Umgebung erlegt werden. Wer also Wildfleisch aus der heimischen Jagd statt Rind- oder Schweinefleisch aus Massentierhaltung isst, leistet obendrein einen Beitrag zum Klimaschutz. Schon der Gastronomiewettbewerb \u201aSo schmeckt die S\u00fcdpfalz\u2018 und dessen Nominierung f\u00fcr den Tourismuspreis Rheinland-Pfalz zum Projekt des Jahres 2019 haben gezeigt, dass die Bestrebungen unserer beiden Landkreise, Produkte aus der Region zu f\u00f6rdern, richtig und sinnvoll sind.\u201c<\/p>\n\n\n\n<div class=\"wp-block-image\"><figure class=\"aligncenter\"><img decoding=\"async\" loading=\"lazy\" width=\"800\" height=\"533\" src=\"https:\/\/speyer24news.com\/wp-content\/uploads\/2019\/11\/pfaelzerhof_wild_2018_byernst_69A4186-v.jpg\" alt=\"\" class=\"wp-image-21561\" srcset=\"https:\/\/speyer24news.com\/wp-content\/uploads\/2019\/11\/pfaelzerhof_wild_2018_byernst_69A4186-v.jpg 800w, https:\/\/speyer24news.com\/wp-content\/uploads\/2019\/11\/pfaelzerhof_wild_2018_byernst_69A4186-v-300x200.jpg 300w, https:\/\/speyer24news.com\/wp-content\/uploads\/2019\/11\/pfaelzerhof_wild_2018_byernst_69A4186-v-768x512.jpg 768w\" sizes=\"(max-width: 800px) 100vw, 800px\" \/><figcaption>#fotografie #christianernst #fashion #landscape #Photographer\n#design #mode #germany #portfolio #karlsruhe #art #stock #bilder\n#mode #advertisment #archive #screenprint #editorial #foto #insta \n#love #picoftheday<\/figcaption><\/figure><\/div>\n\n\n\n<p>\u201eDas Fleisch von Wildschwein, Reh- und Rotwild aus dem heimischen Wald gilt als nat\u00fcrliches und regionaltypisches Lebensmittel, weil es im Gegensatz zu den Nutztieren des Menschen in seiner nat\u00fcrlichen Umwelt lebt. Und das schmeckt man:Wildbret ist ein sehr hochwertiges, vitamin- und n\u00e4hrstoffreiches Fleisch, das viel Eiwei\u00df enth\u00e4lt und nur einen geringen Fettanteil. Wir freuen uns sehr dar\u00fcber, dass viele Gastronomen bei den hiesigen J\u00e4gern Fleisch einkaufen und so daf\u00fcr sorgen, dass das geschossene Wild auch eine sinnvolle und \u00e4u\u00dferst schmackhafte Verwendung findet. Regionaler und <strong>\u201a<\/strong>mehr Bio\u2018 geht gar nicht\u201c, so Landrat Dietmar Seefeldt (Landkreis S\u00fcdliche Weinstra\u00dfe).<\/p>\n\n\n\n<p>Dr. Stefan Schmitz und Klaus Walter,die beiden Vorsitzenden der Kreisgruppen Germersheim und S\u00fcdliche Weinstra\u00dfe des Landesjagdverbandes, freuen sich dar\u00fcber, dass die J\u00e4ger wegen der Wildwochen gerade eine gro\u00dfe Nachfrage nach Wildfleisch aus der Gastronomie erfahren und dass regionales Wildbret durch die Wilden Wochen auch wieder beim Verbraucher ins Bewusstsein r\u00fcckt. Kreisjagdmeister des Landkreises Germersheim Jochen Geeckerinnerte abschlie\u00dfend an die Rolle der J\u00e4ger als nachhaltige Nutzer und leidenschaftliche Sch\u00fctzer der Natur, die daf\u00fcr sorgen, dass der Wald und das Wild im Gleichgewicht gehalten wird.<\/p>\n\n\n\n<div class=\"wp-block-image\"><figure class=\"aligncenter\"><img decoding=\"async\" loading=\"lazy\" width=\"500\" height=\"621\" src=\"https:\/\/speyer24news.com\/wp-content\/uploads\/2019\/11\/Logo-Wild-aus-RLP.jpg\" alt=\"\" class=\"wp-image-21562\" srcset=\"https:\/\/speyer24news.com\/wp-content\/uploads\/2019\/11\/Logo-Wild-aus-RLP.jpg 500w, https:\/\/speyer24news.com\/wp-content\/uploads\/2019\/11\/Logo-Wild-aus-RLP-242x300.jpg 242w\" sizes=\"(max-width: 500px) 100vw, 500px\" \/><\/figure><\/div>\n\n\n\n<h4 class=\"wp-block-heading\"><strong>N\u00e4here Infos zu den Wilden Wochen <\/strong>finden Sie auf: <a href=\"http:\/\/www.soschmecktdiesuedpfalz.de\/wilde-wochen\">www.soschmecktdiesuedpfalz.de\/wilde-wochen<\/a><\/h4>\n\n\n\n<h4 class=\"wp-block-heading\">Lesen sie hier den Flyer zu den Wildwochen als pdf:<\/h4>\n\n\n\n<div class=\"wp-block-file\"><a href=\"https:\/\/speyer24news.com\/wp-content\/uploads\/2019\/11\/2019_Faltblatt_Wildwochen_Suedpfalz_web.pdf\">2019_Faltblatt_Wildwochen_Suedpfalz_web<\/a><a href=\"https:\/\/speyer24news.com\/wp-content\/uploads\/2019\/11\/2019_Faltblatt_Wildwochen_Suedpfalz_web.pdf\" class=\"wp-block-file__button\" download>Herunterladen<\/a><\/div>\n\n\n\n<h4 class=\"wp-block-heading\"><strong>Hier gibt\u2019s Wild aus der Region:<\/strong><\/h4>\n\n\n\n<ul><li> Weinstube Spelzenhof, Altdorf<\/li><li> Restaurant Kurhaus Trifels, Annweiler<\/li><li> Restaurant Schneider, Dernbach<\/li><li> Hotel Pf\u00e4lzer Hof \u2013 Restaurant Garten Eden, Edenkoben<\/li><li> Lounge im Weinkontor, Edenkoben<\/li><li> Birkenthaler Hof, Eu\u00dfertal<\/li><li> Landgasthof Klosterst\u00fcb\u2018l, Eu\u00dferthal<\/li><li> Gasthof Zum Lam, Gleiszellen<\/li><li> Restaurant Starker Tobak, Herxheim-Hayna<\/li><li> Koch\u2019s Restaurant, Kandel<\/li><li> Hotel zum Riesen, Kandel<\/li><li> Stiftsgut Keyserm\u00fchle, Klingenm\u00fcnster<\/li><li> Hotel und Restaurant Castell, Leinsweiler<\/li><li> Hotel Soho, Landau<\/li><li> Restaurant Consulat des Weins, St. Martin<\/li><li> Gasthaus &amp; Wildmetzgerei zur Kalmit, Maikammer<\/li><li> Gasthaus zum Winzer, Maikammer<\/li><li> Gasthof zum Lamm, Neupotz<\/li><li> WeinRestaurant Fritz Walter, Niederhorbach<\/li><li> Zum B\u00fcrstenbinder, Ramberg<\/li><li> Restaurant Zum Bahnhof 1894, Rohrbach<\/li><li> Restaurant im Landgut Buschm\u00fchle, Weyher in der Pfalz<\/li><li> Zur Hofsch\u00e4nke, Winden<\/li><\/ul>\n\n\n\n<p><em>Text: S\u00fcdpfalz-Tourismus Landkreis Germersheim e.V Foto: S\u00fcdpfalz-Tourismus Landkreis Germersheim e.V.; Christian Ernst<br>02.11.2019<\/em><\/p>\n\n\n\n<h2 class=\"wp-block-heading\"><strong>Anmeldetermine der\nweiterf\u00fchrenden Schulen im Landkreis Germersheim<\/strong><\/h2>\n\n\n\n<p><strong>Landkreis Germersheim &#8211; <\/strong>Im Januar bis M\u00e4rz 2020 sind die Anmeldetermine f\u00fcr die weiterf\u00fchrenden Schulen im Landkreis Germersheim:<\/p>\n\n\n\n<p><strong>Realschule Plus Bellheim, <\/strong>Schulstra\u00dfe\n4, 10.02.2020\u201314.02.2020 von 8 \u2013 12 Uhr (nach telefonischer Vereinbarung), <a href=\"http:\/\/www.rs-plus-bellheim.de\">www.rs-plus-bellheim.de<\/a><\/p>\n\n\n\n<p><strong>Geschwister-Scholl-Realschule Plus Germersheim<\/strong>,\nR\u00f6merweg 2, 03.02.2020 \u2013 14.02.2020; Mo \u2013 Do von 7 \u2013 16 Uhr, Fr 7 \u2013 13 Uhr, <a href=\"http:\/\/www.realschuleplus-germersheim.de\">www.realschuleplus-germersheim.de<\/a><\/p>\n\n\n\n<p><strong>Richard-von-Weizs\u00e4cker Realschule Plus Germersheim<\/strong>,\nAugust-Keiler-Str. 35, 08.02.2020 von 9 \u2013 12 Uhr, 10.02.2020 \u2013 12.02.2020 von 8\n\u2013 15 Uhr, 13.02.2020 von 08 \u2013 12 Uhr, <a href=\"http:\/\/www.realschule-germersheim.de\/\">www.realschule-germersheim.de<\/a><\/p>\n\n\n\n<p><strong>Realschule Plus\nKandel<\/strong>, Jahnstra\u00dfe\n18, 01.02.2020 von 9 \u2013 12 Uhr, 03.02.2020 \u2013 04.02.2020 von 8 \u2013 15 Uhr, <a href=\"http:\/\/www.realschule-kandel.de\/\">www.realschule-kandel.de<\/a><\/p>\n\n\n\n<p><strong>Realschule Plus\nLingenfeld<\/strong>,\nSchillerstra\u00dfe 10-12, 03.02.2020 \u2013 13.03.2020 nach telefonischer Vereinbarung, <a href=\"http:\/\/www.rsplus-lingenfeld.de\">www.rsplus-lingenfeld.de<\/a><\/p>\n\n\n\n<p><strong>IGS R\u00fclzheim<\/strong>, Schulstra\u00dfe 17, 5. Klassen: 01.02.2020 von 9 \u2013 13 Uhr, 03.02.2020 von 14 \u2013 18 Uhr, 04.02.2020 von 9 \u2013 13 Uhr, 11. Klassen: 10.02.2019 bis 12.02.2019 nach telefonischer Absprache, <a href=\"http:\/\/www.igs-ruelzheim.de\">www.igs-ruelzheim.de<\/a><\/p>\n\n\n\n<p><strong>IGS Kandel<\/strong>, Jahnstra\u00dfe 20, 5. Klassen:\n01.02.2020 von 9 \u2013 12 Uhr, 03.02.2020 von 9 \u2013 12 Uhr und 14 \u2013 16 Uhr,\n04.02.2020 von 9 \u2013 12 Uhr, 11. Klassen: 10.02.2020 \u2013 11.02.2020 von 9 \u2013 12 Uhr und\n14 \u2013 16 Uhr, <a href=\"http:\/\/www.igs-kandel.de\/\">www.igs-kandel.de<\/a><\/p>\n\n\n\n<p><strong>IGS Rheinzabern<\/strong>, Jockgrimer Stra\u00dfe 100, 5.\nKlassen: 01.02.2020 von 10 \u2013 13 Uhr, 03.02.2020 von 8 \u2013 16 Uhr, 04.02.2020 von\n8 \u2013 16 Uhr, 11. Klassen: 08.02.2020 von 10 \u2013 14 Uhr, 10.02.2020 von 8 \u2013 16 Uhr,\n11.02.2020 von 8 \u2013 20 Uhr, <a href=\"http:\/\/www.igs-rheinzabern.de\/\">www.igs-rheinzabern.de<\/a><\/p>\n\n\n\n<p><strong>IGS W\u00f6rth<\/strong>, Forststra\u00dfe 1a, 5. Klassen:\n01.02.2020 von 10 \u2013 12 Uhr, 03.04.2020 von 8 \u2013 16 Uhr, 04.02.2020 von 9 \u2013 16\nUhr, 11. Klassen: 13.02.2020 von 8 \u2013 16 Uhr, 14.02.2020 von 8 \u2013 16 Uhr,\n15.02.2020 von 8 \u2013 13 Uhr, <a href=\"http:\/\/www.igs-woerth.de\/\">www.igs-woerth.de<\/a><\/p>\n\n\n\n<p><strong>Goethe Gymnasium\nGermersheim<\/strong>,\nAugust-Keiler-Stra\u00dfe 34, 01.02.2020 von 10 \u2013 16 Uhr, 03.02.2020 von 13 \u2013 18\nUhr, 04.02.2020 von 13 \u2013 16 Uhr, Infoveranstaltung: 20.01.2020, <a href=\"http:\/\/www.goethe-gym-ger.de\/\">www.goethe-gym-ger.de<\/a><\/p>\n\n\n\n<p><strong>Europa-Gymnasium\nW\u00f6rth<\/strong>, Forststra\u00dfe\n1, 07.02.2020 von 14 \u2013 16 Uhr, 08.02.2020 10 \u2013 12 Uhr, 10.02.2020 von 14 \u2013 16\nUhr, 11.02.2020 von 14 \u2013 16 Uhr, <a href=\"http:\/\/www.egwoerth.de\/\">www.egwoerth.de<\/a><\/p>\n\n\n\n<p><strong>Berufsbildende Schule\nGermersheim<\/strong>,\nStandort Germersheim: Paradeplatz 8, Anmeldung bis sp\u00e4testens 01.03.2020, Mo \u2013\nDo von 7.30 \u2013 12 Uhr und 12.45 \u2013 16 Uhr, Fr von 7.30 \u2013 13 Uhr, Standort W\u00f6rth:\nHanns-Martin-Schleyer-Stra\u00dfe 3, Anmeldung bis sp\u00e4testens 01.03.2020, Mo \u2013 Do\nvon 7.45 \u2013 15.30 Uhr, Fr von 7.30 \u2013 13.30 Uhr, <a href=\"http:\/\/www.bbs-germersheim.de\/\">www.bbs-germersheim.de<\/a><\/p>\n\n\n\n<h3 class=\"wp-block-heading\"><strong>Folgende Schulen\nladen demn\u00e4chst zu einem Tag der offenen T\u00fcr ein: <\/strong><\/h3>\n\n\n\n<p><strong>Realschule Plus Bellheim <\/strong>am\n30.11.2019 von 13 \u2013 16 Uhr<\/p>\n\n\n\n<p><strong>Geschwister-Scholl-Realschule Plus Germersheim <\/strong>am19.11.2019\nab 17 Uhr<\/p>\n\n\n\n<p><strong>Richard-von-Weizs\u00e4cker\nRealschule Plus Germersheim <\/strong>am23.11.2019\nvon 10 \u2013 13 Uhr<\/p>\n\n\n\n<p><strong>Realschule Plus\nKandel <\/strong>am\n23.11.2019 von 11.30 \u2013 14 Uhr<\/p>\n\n\n\n<p><strong>Realschule Plus\nLingenfeld<\/strong> am\n30.11.2019 von 10 \u2013 14 Uhr<\/p>\n\n\n\n<p><strong>IGS R\u00fclzheim<\/strong> \u2013 noch kein Termin vorhanden<\/p>\n\n\n\n<p><strong>IGS Kandel <\/strong>am 30.11.2019 von 9.30 \u2013 13 Uhr<\/p>\n\n\n\n<p><strong>IGS Rheinzabern <\/strong>am 23.11.2019 von 10 \u2013 14 Uhr<\/p>\n\n\n\n<p><strong>IGS W\u00f6rth <\/strong>am 07.12.2019 von 10 \u2013 13 Uhr<\/p>\n\n\n\n<p><strong>Goethe-Gymnasium\nGermersheim <\/strong>am23.11.2019\nvon 10 \u2013 13 Uhr<strong>Europa-Gymnasium W\u00f6rth<\/strong> am 10.01.2020 von 15 \u2013 17.30 Uhr\n\n\n\n<\/p>\n\n\n\n<p><em>Kreisverwaltung Germersheim<br>02.11.2019<\/em><\/p>\n\n\n\n<h2 class=\"wp-block-heading\"><strong>Gastronomen, Winzer und Direktvermarkter\/Handwerker k\u00f6nnen sich f\u00fcr Rheinland-Pfalz-Tag 2020 bewerben<\/strong><\/h2>\n\n\n\n<div class=\"wp-block-image\"><figure class=\"aligncenter\"><img decoding=\"async\" src=\"https:\/\/speyer24news.com\/wp-content\/uploads\/2019\/11\/RheinlandPfalz-Tag-2020.png\" alt=\"\" class=\"wp-image-21559\"\/><figcaption> <em>Foto: \u00a9 90Grad Photography\/Hilger &amp; Schneider GbR<\/em><\/figcaption><\/figure><\/div>\n\n\n\n<p><strong>Andernach \/ Rheinland-Pfalz &#8211; <\/strong>Der n\u00e4chste Rheinland-Pfalz-Tag findet <strong><em>vom 19.06. bis 21.06.2020<\/em><\/strong> in Andernach statt. Auch der Landkreis Germersheim m\u00f6chte sich mit all seinen Facetten dort pr\u00e4sentieren. Wer Interesse hat mit einem Informationsstand, Gastronomiestand, Weinstand, einem Stand mit kunst- und handgefertigten Waren oder mit einer Ausstellung in Andernach vertreten zu sein, kann sich <strong>bis sp\u00e4testens 30.11.2019 direkt online bei der Staatskanzlei Rheinland-Pfalz bewerben<\/strong> unter <a href=\"http:\/\/www.rlp.de\/de\/unser-land\/rheinland-pfalz-tag\/bewerben\/\">http:\/\/www.rlp.de\/de\/unser-land\/rheinland-pfalz-tag\/bewerben\/<\/a><\/p>\n\n\n\n<p><em>Text: Kreisverwaltung Germersheim Foto: \u00a9 90Grad Photography\/Hilger &amp; Schneider GbR<br>02.11.2019<\/em><\/p>\n\n\n\n<h2 class=\"wp-block-heading\"><strong>Selbstverteidigung<\/strong><\/h2>\n\n\n\n<figure class=\"wp-block-image\"><img decoding=\"async\" src=\"https:\/\/speyer24news.com\/wp-content\/uploads\/2019\/11\/VHS-GER-Logo.png\" alt=\"\" class=\"wp-image-21572\"\/><\/figure>\n\n\n\n<p><strong>Germersheim-Kreisvolkshochschule<\/strong> <strong>&#8211; <\/strong>Die Kreisvolkshochschule bietet am <strong>Sonntag, den 24.11.2019<\/strong> von 10 bis 16 Uhr einen Selbstverteidigungskurs f\u00fcr Interessierte in Germersheim, August-Keiler-Str. 34, Goethe-Gymnasium, Ostbau, 2. OG, Gymnastikhalle, an.<\/p>\n\n\n\n<p>Selbstverteidigung beginnt nicht mit dem Kampf an sich, sie\nbeginnt schon fr\u00fcher. In manchen Situationen, sei es auf dem Heimweg, auf\nBahnh\u00f6fen oder Veranstaltungen kann es zu gewaltt\u00e4tigen \u00dcbergriffen kommen. Um diese\nzu vermeiden, bietet sich ein realit\u00e4tsnahes Selbstverteidigungs- und Selbstbehauptungstraining\nan, das solche Situationen durchleuchtet. <br>\nUrsachen &#8211; Auseinandersetzung &#8211; Folgen, sind die theoretischen Inhalte dieses\nWorkshops. Die praktischen Trainingseinheiten bestehen aus\nSelbstverteidigungstechniken, Stresstraining und realit\u00e4tsnahen Szenarien. Die\nTeilnehmenden erfahren auch, wann sie sich verteidigen d\u00fcrfen und welche\nMa\u00dfnahmen zu ergreifen sind. <\/p>\n\n\n\n<p>Der\nKurs steht unter der Leitung von Sascha Kimling und kostet 26 Euro pro Person. Eine\nAnmeldung ist erforderlich bei der Gesch\u00e4ftsstelle der Kreisvolkshochschule, Ritter-von-Schmau\u00df-Str.\/Ecke\nParadeplatz, Tel. 07274-53334 bzw. -53382, E-Mail: <a href=\"mailto:vhs@kreis-germersheim.de\">vhs@kreis-germersheim.de<\/a> oder online \u00fcber das\nBuchungsformular: <a href=\"http:\/\/www.kreis-germersheim.de\/kvhs\">www.kreis-germersheim.de\/kvhs<\/a>. <\/p>\n\n\n\n<p><em>Kreisverwaltung Germersheim<br>02.11.2019<\/em><\/p>\n\n\n\n<h2 class=\"wp-block-heading\"><strong>Schnelllesen &#8211; Speed Reading\u00ae &#8211; eine Lesetechnik<\/strong><\/h2>\n\n\n\n<div class=\"wp-block-image\"><figure class=\"aligncenter\"><img decoding=\"async\" src=\"https:\/\/speyer24news.com\/wp-content\/uploads\/2019\/11\/VHS-GER-Logo.png\" alt=\"\" class=\"wp-image-21572\"\/><\/figure><\/div>\n\n\n\n<p><strong>Germersheim-Kreisvolkshochschule<\/strong> <strong>&#8211; <\/strong> Die Kreisvolkshochschule bietet f\u00fcr alle Interessierte am <strong>Samstag, 16. November 2019<\/strong> von 9.30 bis 17.30 Uhr in Germersheim, August-Keiler-Str. 34, Goethe-Gymnasium, Ostbau, EG, Saal 081, ein Seminar zum Thema Speed Reading an.<\/p>\n\n\n\n<p>F\u00fcr die F\u00fclle von Informationen, sind moderne Schnelllesetechniken zur verbesserten Informations-aufnahme und -verarbeitung hilfreich. Beim Speed Reading\u00ae optimieren die Teilnehmenden ihre Lesetechnik und erh\u00f6hen damit die Lesegeschwindigkeit. Zus\u00e4tzlich erlernen sie Techniken, um das Wesentliche aus Texten herauszufiltern und Inhalte zu strukturieren. Dieser Kurs eignet sich f\u00fcr Studierende, Angestellte, Freiberufler und alle, die ihre Lesetechnik verbessern und ihre Lesegeschwindigkeit erh\u00f6hen wollen.<\/p>\n\n\n\n<p>Inhalte u.a.:<\/p>\n\n\n\n<ul><li>Bestandsaufnahme: Wie schnell lese ich<\/li><li>Lesen &#8211; Ein Prozess mit unterschiedlichen Komponenten<\/li><li>Grundlagen der Schnelllesetechnik<\/li><li>Optimieren der Lesetechnik<\/li><li>Beschleunigen der Lesegeschwindigkeit<\/li><li>Blick f\u00fcr das Wesentliche<\/li><\/ul>\n\n\n\n<p>Das\neint\u00e4gige Seminar steht unter der Leitung von Horst M\u00fcller und kostet pro\nPerson 45 Euro. Eine Anmeldung ist erforderlich bei der Gesch\u00e4ftsstelle der\nKreisvolkshochschule, Ritter-von-Schmau\u00df-Str.\/Ecke Paradeplatz, Tel.\n07274-53334 bzw. -53382, E-Mail: <a href=\"mailto:vhs@kreis-germersheim.de\">vhs@kreis-germersheim.de<\/a> oder online \u00fcber das\nBuchungsformular: <a href=\"http:\/\/www.kreis-germersheim.de\/kvhs\">www.kreis-germersheim.de\/kvhs<\/a>. <\/p>\n\n\n\n<p><em>Kreisverwaltung Germersheim<br>02.11.2019<\/em><\/p>\n\n\n\n<h2 class=\"wp-block-heading\"><strong>Beginn\nVorbereitungskurs zum nachtr\u00e4glichen Erwerb der Berufsreife (Hauptschulabschluss)\n<\/strong><\/h2>\n\n\n\n<h3 class=\"wp-block-heading\"><strong>Termin\u00e4nderung: neuer Beginn am 11.\nNovember 2019 \u2013 noch freie Pl\u00e4tze<\/strong><\/h3>\n\n\n\n<p><strong>Germersheim &#8211; <\/strong>Schulabschl\u00fcsse sind heute wichtiger denn je. Der Hauptschulabschluss ist Grundlage aller anderen weiterf\u00fchrenden Qualifizierungen. Auch die Bundesagentur f\u00fcr Arbeit verlangt bei Umschulungsma\u00dfnahmen diesen Abschluss. Dieser Vorbereitungskurs der Kreisvolkshochschule Germersheim bietet Nichtsch\u00fclern die M\u00f6glichkeit, in zwei Semestern mit insgesamt 260 Unterrichtsstunden das Abschlusszeugnis der Berufsreife (Hauptschule) zu erwerben. Voraussetzung daf\u00fcr ist das Beherrschen der deutschen Sprache in Wort und Schrift. Unterrichtet werden die F\u00e4cher Deutsch, Mathematik, Erdkunde, Sozialkunde, Biologie und Englisch. Mit weiteren 20 Unterrichtsstunden werden zus\u00e4tzlich EDV-Kenntnisse speziell f\u00fcr die Bewerbung und den Berufsalltag erworben. Der Unterricht wendet sich an arbeitslose Jugendliche ohne Hauptschulabschluss zur Verbesserung ihrer Arbeitsplatzchancen, an Erwachsene, die bereits berufst\u00e4tig sind und f\u00fcr ihr berufliches Fortkommen den Hauptschulabschluss ben\u00f6tigen und ausl\u00e4ndische Jugendliche mit entsprechenden Sprachkenntnissen. Der Vorbereitungskurs dauert ca. 11 Monate und endet mit der Pr\u00fcfung vor der Aufsichts- und Dienstleistungsdirektion Rheinland-Pfalz. Der Unterricht findet an zwei Wochentagen (montags und donnerstags von 18 bis 21.15 Uhr, bei Bedarf auch samstags von 9 bis 12 Uhr) statt. Schulungsort: Germersheim, Ritter-von-Schmau\u00df-Str.\/Ecke Paradeplatz, Seiteneingang der Berufsbildenden Schule, 1. OG, Saal 1.01. Der Vorbereitungskurs steht unter der Leitung von Christiane Langner-Feith und beginnt am <strong>Montag, 11. November 2019<\/strong>. Kosten pro Person f\u00fcr 260 Unterrichtsstunden (65 Termine): 220 Euro zzgl. 25 Euro Kopierkosten und einer sp\u00e4teren einmaligen Pr\u00fcfungsgeb\u00fchr in H\u00f6he von 35 Euro. <\/p>\n\n\n\n<p>Eine\nschnelle Anmeldung ist erforderlich bei der Gesch\u00e4ftsstelle der\nKreisvolkshochschule Germersheim, Ritter-von-Schmau\u00df-Str.\/Ecke Paradeplatz, Tel.\n07274-53334 bzw. -53382, E-Mail: <a href=\"mailto:vhs@kreis-germersheim.de\">vhs@kreis-germersheim.de<\/a> oder online \u00fcber das\nBuchungsformular: <a href=\"http:\/\/www.kreis-germersheim.de\/kvhs\">www.kreis-germersheim.de\/kvhs<\/a>.<\/p>\n\n\n\n<p><em>Kreisverwaltung Germersheim<br>02.11.2019<\/em><\/p>\n\n\n\n<h2 class=\"wp-block-heading\"><strong>Vorl\u00e4ufiges\nWahlergebnis der Wahl des Beirats f\u00fcr Migration und Integration des Landkreises\nGermersheim am 27. Oktober 2019<\/strong><\/h2>\n\n\n\n<p><strong>Landkreis Germersheim &#8211; <\/strong>Am Sonntag, 27.10.2019 fand die Wahl des Beirats f\u00fcr Migration und Integration des Landkreises Germersheim statt.<\/p>\n\n\n\n<p>Von den Wahlberechtigten wurden 10 Beiratsmitglieder\ngew\u00e4hlt; 5 weitere Mitglieder werden nach der Satzung des Landkreises durch den\nKreistag bestellt.<\/p>\n\n\n\n<p>Zu\nder Wahl wurden Wahlvorschl\u00e4ge von 17 Kandidatinnen und Kandidaten eingereicht.\n<\/p>\n\n\n\n<p>Die\nWahl erfolgte nach den Grunds\u00e4tzen der Mehrheitswahl. Jeder W\u00e4hler hatte 10\nStimmen; es konnten die vorgeschlagenen Bewerber oder weitere w\u00e4hlbare Personen\ngew\u00e4hlt werden.<\/p>\n\n\n\n<p>Die\nWahl brachte folgendes vorl\u00e4ufige Wahlergebnis:<\/p>\n\n\n\n<p>Wahlberechtigte\n&nbsp;&nbsp;&nbsp;&nbsp;&nbsp;&nbsp;&nbsp;&nbsp;&nbsp;&nbsp;&nbsp;&nbsp;&nbsp;&nbsp;&nbsp;&nbsp;&nbsp;&nbsp;&nbsp;&nbsp;&nbsp;&nbsp;&nbsp;&nbsp;&nbsp;&nbsp;&nbsp;&nbsp;&nbsp;&nbsp;&nbsp;&nbsp;&nbsp;&nbsp;&nbsp;&nbsp;&nbsp;&nbsp;&nbsp;&nbsp;&nbsp;&nbsp;&nbsp;&nbsp;&nbsp; 22.720<\/p>\n\n\n\n<p>W\u00e4hlerinnen und W\u00e4hler&nbsp;&nbsp;&nbsp;&nbsp;&nbsp;&nbsp;&nbsp;&nbsp;&nbsp;&nbsp;&nbsp;&nbsp;&nbsp;&nbsp;&nbsp;&nbsp;&nbsp;&nbsp;&nbsp;&nbsp;&nbsp;&nbsp;&nbsp;&nbsp;&nbsp;&nbsp;&nbsp;&nbsp;&nbsp; 929<\/p>\n\n\n\n<p>Darunter Briefw\u00e4hler&nbsp;&nbsp;&nbsp;&nbsp;&nbsp;&nbsp;&nbsp;&nbsp;&nbsp;&nbsp;&nbsp;&nbsp;&nbsp;&nbsp;&nbsp;&nbsp;&nbsp;&nbsp;&nbsp;&nbsp;&nbsp;&nbsp;&nbsp;&nbsp;&nbsp;&nbsp;&nbsp;&nbsp;&nbsp;&nbsp;&nbsp;&nbsp;&nbsp;&nbsp;&nbsp;&nbsp; 240<\/p>\n\n\n\n<p>Wahlbeteiligung&nbsp;&nbsp;&nbsp;&nbsp;&nbsp;&nbsp;&nbsp;&nbsp;&nbsp;&nbsp;&nbsp;&nbsp;&nbsp;&nbsp;&nbsp;&nbsp;&nbsp;&nbsp;&nbsp;&nbsp;&nbsp;&nbsp;&nbsp;&nbsp;&nbsp;&nbsp;&nbsp;&nbsp;&nbsp;&nbsp;&nbsp;&nbsp;&nbsp;&nbsp;&nbsp;&nbsp;&nbsp;&nbsp;&nbsp;&nbsp;&nbsp;&nbsp;&nbsp;&nbsp; &nbsp; 4,1 %<\/p>\n\n\n\n<p>Ung\u00fcltige Stimmzettel&nbsp;&nbsp;&nbsp;&nbsp;&nbsp;&nbsp;&nbsp;&nbsp;&nbsp;&nbsp;&nbsp;&nbsp;&nbsp;&nbsp;&nbsp;&nbsp;&nbsp;&nbsp;&nbsp;&nbsp;&nbsp;&nbsp;&nbsp;&nbsp;&nbsp;&nbsp;&nbsp;&nbsp;&nbsp;&nbsp;&nbsp;&nbsp;&nbsp;&nbsp;&nbsp;&nbsp; 34<\/p>\n\n\n\n<p>G\u00fcltige Stimmzettel&nbsp;&nbsp;&nbsp;&nbsp;&nbsp;&nbsp;&nbsp;&nbsp;&nbsp;&nbsp;&nbsp;&nbsp;&nbsp;&nbsp;&nbsp;&nbsp;&nbsp;&nbsp;&nbsp;&nbsp;&nbsp;&nbsp;&nbsp;&nbsp;&nbsp;&nbsp;&nbsp;&nbsp;&nbsp;&nbsp;&nbsp;&nbsp;&nbsp;&nbsp;&nbsp;&nbsp;&nbsp;&nbsp;&nbsp;&nbsp; &nbsp;895<\/p>\n\n\n\n<p>Die\nWahlbeteiligung bei der letzten Wahl 2014 betrug 4,39 %.<\/p>\n\n\n\n<p>Folgende\nWahlbewerber wurden nach dem vorl\u00e4ufigen Wahlergebnis in den Beirat gew\u00e4hlt:<\/p>\n\n\n\n<table class=\"wp-block-table\"><tbody><tr><td>\n  Familienname,\n  Vorname, Wohnort\n  <\/td><td><\/td><td><\/td><td><\/td><\/tr><tr><td>\n  1.\n  \u00d6kden, Selime; 76726 Germersheim\n  &nbsp;\n  <\/td><td>\n  mit\n  <\/td><td>\n  358\n  <\/td><td>\n  Stimmen\n  <\/td><\/tr><tr><td>\n  2.\n  Pitirkan, Serkan; 76870 Kandel\n  <\/td><td>\n  mit\n  <\/td><td>\n  350\n  <\/td><td>\n  Stimmen\n  <\/td><\/tr><tr><td>\n  3.\n  Pitirkan, G\u00fcrkan; 76870 Kandel\n  <\/td><td>\n  mit\n  <\/td><td>\n  349\n  <\/td><td>\n  Stimmen\n  <\/td><\/tr><tr><td>\n  4.\n  Y\u00fcksel, Ziya; 76773 Kuhardt\n  <\/td><td>\n  mit\n  <\/td><td>\n  275\n  <\/td><td>\n  Stimmen\n  <\/td><\/tr><tr><td>\n  5.\n  Lenk, Olga; 76726 Germersheim\n  <\/td><td>\n  mit\n  <\/td><td>\n  272\n  <\/td><td>\n  Stimmen\n  <\/td><\/tr><tr><td>\n  6.\n  Dr. Fuhr, Dorothea; 76751 Jockgrim\n  <\/td><td>\n  mit\n  <\/td><td>\n  237\n  <\/td><td>\n  Stimmen\n  <\/td><\/tr><tr><td>\n  7.\n  Schunder, Marita; 76726 Germersheim\n  <\/td><td>\n  mit\n  <\/td><td>\n  225\n  <\/td><td>\n  Stimmen\n  <\/td><\/tr><tr><td>\n  8.\n  Van de Zande, Yvonne; 76726 Germersheim\n  <\/td><td>\n  mit\n  <\/td><td>\n  222\n  <\/td><td>\n  Stimmen\n  <\/td><\/tr><tr><td>\n  9.\n  Dr. Barmo, Saleh; 76751 Jockgrim\n  <\/td><td>\n  mit\n  <\/td><td>\n  220\n  <\/td><td>\n  Stimmen\n  <\/td><\/tr><tr><td>\n  10.\n  Venediktova, Vika; 76726 Germersheim\n  <\/td><td>\n  mit\n  <\/td><td>\n  200\n  <\/td><td>\n  Stimmen\n  <\/td><\/tr><\/tbody><\/table>\n\n\n\n<p>Folgende\nPersonen gelten als Ersatzleute im Sinne des \u00a7&nbsp;45 Abs.&nbsp;4 KWG <\/p>\n\n\n\n<table class=\"wp-block-table\"><tbody><tr><td>\n  Familienname,\n  Vorname, Wohnort\n  <\/td><td>\n  &nbsp;\n  <\/td><td>\n  &nbsp;\n  <\/td><td>\n  &nbsp;\n  <\/td><\/tr><tr><td>\n  1. Ahmad, Tazeem; 76726\n  Germersheim\n  <\/td><td>\n  mit\n  <\/td><td>\n  193\n  <\/td><td>\n  Stimmen\n  <\/td><\/tr><tr><td>\n  2. Kalker, Reinhard; 76751\n  Jockgrim\n  <\/td><td>\n  mit\n  <\/td><td>\n  187\n  <\/td><td>\n  Stimmen\n  <\/td><\/tr><tr><td>\n  3. Al Ali, Maan; 76870 Kandel\n  <\/td><td>\n  mit\n  <\/td><td>\n  168\n  <\/td><td>\n  Stimmen\n  <\/td><\/tr><tr><td>\n  4.\n  Alali, Mohammed; 76870 Kandel\n  <\/td><td>\n  mit\n  <\/td><td>\n  155\n  <\/td><td>\n  Stimmen\n  <\/td><\/tr><tr><td>\n  5. Ferraouni, Mohamed; 76870\n  Kandel\n  <\/td><td>\n  mit\n  <\/td><td>\n  145\n  <\/td><td>\n  Stimmen\n  <\/td><\/tr><tr><td>\n  6. Kounchou Kounchou, Emmanuel;\n  76726 Germersheim\n  <\/td><td>\n  mit\n  <\/td><td>\n  144\n  <\/td><td>\n  Stimmen\n  <\/td><\/tr><tr><td>\n  7.\n  Alali, Bshar; 76870 Kandel\n  <\/td><td>\n  mit\n  <\/td><td>\n  136\n  <\/td><td>\n  Stimmen\n  <\/td><\/tr><tr><td>\n  8.\n  Al Nahhas, Bilal; 76726 Germersheim\n  <\/td><td>\n  mit\n  <\/td><td>\n  4 \n  <\/td><td>\n  Stimmen\n  <\/td><\/tr><\/tbody><\/table>\n\n\n\n<p>Die Feststellung des endg\u00fcltigen Wahlergebnisses erfolgt in der Wahlausschusssitzung am 30.10.2019.<\/p>\n\n\n\n<p><em>Kreisverwaltung Germersheim<br>02.11.2019<\/em><\/p>\n\n\n\n<h2 class=\"wp-block-heading\"><strong>Integriertes Klimaschutzkonzept f\u00fcr den Kreis<\/strong><\/h2>\n\n\n\n<h3 class=\"wp-block-heading\"><strong>Landrat Brechtel: \u201eKlimaschutz messbar machen und Projekte kreisweit vernetzen<\/strong><\/h3>\n\n\n\n<div class=\"wp-block-image\"><figure class=\"aligncenter\"><img decoding=\"async\" loading=\"lazy\" width=\"640\" height=\"480\" src=\"https:\/\/speyer24news.com\/wp-content\/uploads\/2019\/11\/DSC01095.jpg\" alt=\"\" class=\"wp-image-21558\" srcset=\"https:\/\/speyer24news.com\/wp-content\/uploads\/2019\/11\/DSC01095.jpg 640w, https:\/\/speyer24news.com\/wp-content\/uploads\/2019\/11\/DSC01095-300x225.jpg 300w, https:\/\/speyer24news.com\/wp-content\/uploads\/2019\/11\/DSC01095-326x245.jpg 326w, https:\/\/speyer24news.com\/wp-content\/uploads\/2019\/11\/DSC01095-80x60.jpg 80w\" sizes=\"(max-width: 640px) 100vw, 640px\" \/><\/figure><\/div>\n\n\n\n<p><strong>Landkreis Germersheim &#8211; <\/strong>Der Landkreis Germersheim intensiviert sein Engagement in Sachen Klimaschutz. \u201eDas `Integrierte Klimaschutzkonzept\u00b4 soll als Grundlage f\u00fcr die zielgerichtete Umsetzung von Klimaschutzma\u00dfnahmen dienen\u201c, so Landrat Dr. Fritz Brechtel in der Sitzung des Kreisausschusses Mitte Oktober. Gemeinsam mit der Kreisbeigeordneten Jutta Wegmann betont er: \u201eEs ist uns wichtig, dass wir Klima- und Umweltschutz vorantreiben, als gutes Beispiel voran gehen und deshalb auch unser Engagement in den Bereichen, f\u00fcr die wir direkt zust\u00e4ndig sind und damit direkt Einfluss nehmen k\u00f6nnen, ausweiten.\u201c<\/p>\n\n\n\n<p>Da das\nThema Klimaschutz eine der wichtigsten Aufgaben der n\u00e4chsten Jahre ist, wird\nder Landkreis Germersheim im Rahmen der nationalen Klimaschutzinitiative der\nBundesregierung ein Integriertes Klimaschutzkonzept (IKK) erstellen. In diesem\nwerden auf Grundlage der laufenden Klimaschutzaktivit\u00e4ten sowie der\nEnergieverbr\u00e4uche und Treibhausgas-Emissionen auf dem Kreisgebiet Potenziale\nzum Energiesparen und zur Emissionsminderung identifiziert. Konkrete\nEinsparziele werden definiert und ein Ma\u00dfnahmenkatalog f\u00fcr die k\u00fcnftige\nEnergie- und Klimaschutzarbeit erstellt. \u201eDas Integrierte Klimaschutzkonzept wird\ndie Grundlage f\u00fcr eine langfristig angelegte Klimaschutzpolitik bilden\u201c, sagt\nBrechtel, \u201eZudem besteht damit die gro\u00dfe Chance, den Klimaschutz im Kreis\nGermersheim in Zukunft messbar zu machen und alle laufenden und neu zu\nentwickelnde Projekte und Ma\u00dfnahmen im Kreis sowie in den Kommunen zum Thema\nKlimaschutz zusammenzubringen, miteinander zu vernetzen und weiterzuentwickeln.\u201c<\/p>\n\n\n\n<p>Inhaltliche Schwerpunkte des Klimaschutzkonzepts werden unter\nanderem im Bereich Energieeffizienz, besonders in Unternehmen und privaten\nHaushalten, in der Verst\u00e4rkung des Einsatzes Erneuerbarer Energien, im Bereich Planen-Bauen-Sanieren,\nim Mobilit\u00e4tssektor, in der Klimawandelanpassung und in der Umweltbildung\ngesehen.<\/p>\n\n\n\n<p>Bereits\nim September fand in der Kreisverwaltung die erste interne\nProjektgruppensitzung zum Integrierten Klimaschutzkonzept statt. Landrat Dr.\nFritz Brechtel und die Kreisbeigeordnete Jutta Wegmann sowie verschiedene\nStabstellen- und Fachbereichsleiter stimmten hierbei die Ziele mit dem zur\nErstellung des Integrierten Klimaschutzkonzeptes beauftragten B\u00fcro,\nenergielenker Beratungs GmbH, ab. \u201eEs ist uns wichtig, verschiedene Zielgruppen\naus Verwaltung und Wirtschaft, B\u00fcrger und Sch\u00fcler sowie lokale Akteure in den\nProzess einzubinden\u201c, berichtet Jutta Wegmann. Hierzu sind im weiteren Verlauf\nder Konzepterstellung vier Arbeitsgruppen zu den folgenden Themenfeldern\nvorgesehen: Erneuerbare Energien, Landwirtschaft, Schulen, Verwaltung. Im\nRahmen dieser vier Arbeitsgruppen werden Fachleute und Vertreter von\nLandwirtschaft, Handwerkerschaft, Bildungseinrichtungen, Dienstleistungsunternehmen,\nVereinen, Institutionen, Organisationen und Verwaltung in Zusammenarbeit\nMa\u00dfnahmen f\u00fcr den Klimaschutz entwickeln. <\/p>\n\n\n\n<p>Der aktuelle Projektzeitplan sieht eine Fertigstellung des Klimaschutzkonzeptes bis Mitte 2020 vor. Die \u00f6ffentliche Auftaktveranstaltung, in der die Zielsetzung und das Vorgehen der Konzepterstellung erl\u00e4utert werden und die auch Raum f\u00fcr Anregungen geben soll, findet am 13. November 2019 um 19.00 Uhr im Deutschen Stra\u00dfenmuseum in Germersheim statt. Neben der Information bietet die Veranstaltung interessierten B\u00fcrgerinnen und B\u00fcrgern sowie lokalen Akteuren die M\u00f6glichkeit sich direkt in das Klimaschutzkonzept einzubringen und f\u00fcr die aktive Mitarbeit im Rahmen einer der folgenden Arbeitsgruppen anzumelden. <\/p>\n\n\n\n<p><em>Kreisverwaltung Germersheim<br>02.11.2019<\/em><\/p>\n","protected":false},"excerpt":{"rendered":"<div class=\"mh-excerpt\"><p>Winter in der S\u00fcdpfalz! \u2013 Neuer Flyer erh\u00e4ltlich S\u00fcdpfalz &#8211; Dass die S\u00fcdpfalz auch im Winter viel Genussvolles zu bieten hat, zeigt der neue Flyer \u201eWinter in der S\u00fcdpfalz\u201c, der in diesem Jahr erstmalig vom <a class=\"mh-excerpt-more\" href=\"https:\/\/speyer24news.com\/?p=21557\" title=\"Germersheim und LK GER:\">[&#8230;]<\/a><\/p>\n<\/div>","protected":false},"author":3,"featured_media":0,"comment_status":"open","ping_status":"open","sticky":false,"template":"","format":"standard","meta":{"_monsterinsights_skip_tracking":false,"_monsterinsights_sitenote_active":false,"_monsterinsights_sitenote_note":"","_monsterinsights_sitenote_category":0,"footnotes":""},"categories":[449],"tags":[4276,4283,2189,4275,210,4277,3403,4278,2380,2130,1664,1665,1831,2601,3691,1543,4285,4284,4286,451,4274,4282,4281,4280,4279,4273],"aioseo_notices":[],"amp_enabled":true,"_links":{"self":[{"href":"https:\/\/speyer24news.com\/index.php?rest_route=\/wp\/v2\/posts\/21557"}],"collection":[{"href":"https:\/\/speyer24news.com\/index.php?rest_route=\/wp\/v2\/posts"}],"about":[{"href":"https:\/\/speyer24news.com\/index.php?rest_route=\/wp\/v2\/types\/post"}],"author":[{"embeddable":true,"href":"https:\/\/speyer24news.com\/index.php?rest_route=\/wp\/v2\/users\/3"}],"replies":[{"embeddable":true,"href":"https:\/\/speyer24news.com\/index.php?rest_route=%2Fwp%2Fv2%2Fcomments&post=21557"}],"version-history":[{"count":4,"href":"https:\/\/speyer24news.com\/index.php?rest_route=\/wp\/v2\/posts\/21557\/revisions"}],"predecessor-version":[{"id":21573,"href":"https:\/\/speyer24news.com\/index.php?rest_route=\/wp\/v2\/posts\/21557\/revisions\/21573"}],"wp:attachment":[{"href":"https:\/\/speyer24news.com\/index.php?rest_route=%2Fwp%2Fv2%2Fmedia&parent=21557"}],"wp:term":[{"taxonomy":"category","embeddable":true,"href":"https:\/\/speyer24news.com\/index.php?rest_route=%2Fwp%2Fv2%2Fcategories&post=21557"},{"taxonomy":"post_tag","embeddable":true,"href":"https:\/\/speyer24news.com\/index.php?rest_route=%2Fwp%2Fv2%2Ftags&post=21557"}],"curies":[{"name":"wp","href":"https:\/\/api.w.org\/{rel}","templated":true}]}}