{"id":21574,"date":"2019-11-03T08:53:43","date_gmt":"2019-11-03T07:53:43","guid":{"rendered":"https:\/\/speyer24news.com\/?p=21574"},"modified":"2019-11-03T08:53:45","modified_gmt":"2019-11-03T07:53:45","slug":"polizei-114","status":"publish","type":"post","link":"https:\/\/speyer24news.com\/?p=21574","title":{"rendered":"Polizei"},"content":{"rendered":"<style type=\"text\/css\">\r\n\t.ads_top_disp{}\r\n\t.ads_top_corner_disp{ float:left; margin:0px 10px 10px 0px; }\r\n\t.ads_first_p_disp{}\r\n\t.ads_bottom_disp{}\r\n\t<\/style>\n<h2 class=\"wp-block-heading\">Polizeimeldungen vom Samstag (02.11.2019)<\/h2>\n\n\n\n<div class=\"wp-block-image\"><figure class=\"aligncenter\"><img decoding=\"async\" src=\"https:\/\/speyer24news.com\/wp-content\/uploads\/2019\/10\/Aktuelles-Polizeilogo.jpg\" alt=\"\" class=\"wp-image-20680\"\/><\/figure><\/div>\n\n\n\n<h4 class=\"wp-block-heading\">(Speyer) &#8211; Als Falschfahrer auf B9 unterwegs und Unfall verursacht<\/h4>\n\n\n\n<p>Am 02.11.2019 gegen 06:35 Uhr befuhr ein 81-j\u00e4hriger VW-Polo Fahrer \ndie B9, Fahrtrichtung Germersheim als Falschfahrer. Einige hundert \nMeter vor der Ausfahrt Speyer\/Zentrum bemerkte ein anderer \nVerkehrsteilnehmer, der auf der rechten Fahrspur in Richtung \nGermersheim mit seinem Fahrzeug unterwegs war  den Falschfahrer und \nwisch geistesgegenw\u00e4rtig nach rechts aus. Hierdurch konnte ein \nFrontalzusammensto\u00df verhindert werden und die beiden Fahrzeuge trafen\nsich lediglich seitlich. Gl\u00fccklicherweise wurde bei dem Aufprall \nniemand verletzt und es entstand lediglich Sachschaden in H\u00f6he von \n6000 EUR an beiden Fahrzeugen. Nach dem Unfall wendete der \nVerursacher auf der B9 und konnte durch den Unfallgegner gestoppt \nwerden. Der F\u00fchrerschein des Falschfahrers wurde einbehalten. \nDie Polizei bittet Zeugen der Falschfahrt und des Verkehrsunfalls \nsich bei der Polizei zu melden.  \n\nZeugenhinweise nimmt die Polizei unter der Tel.-Nr. 06232-1370 oder \nper Mail an <a href=\"mailto:pispeyer@polizei.rlp.de\">pispeyer@polizei.rlp.de<\/a> entgegen. <\/p>\n\n\n\n<h4 class=\"wp-block-heading\">(Speyer) &#8211; Jugendliche treten Spiegel ab<\/h4>\n\n\n\n<p>Am 01.11.2019 gegen 19:40 Uhr wurden in der Goethestra\u00dfe und der  Eichendorffstra\u00dfe an insgesamt 3 Fahrzeugen jeweils die Au\u00dfenspiegel  abgetreten. Ein Zeuge konnte hierbei 3 dunkelgekleidete Jugendliche  beobachten, die anschlie\u00dfend in Richtung Dudenhofener Stra\u00dfe  fl\u00fcchteten. Trotz einer sofort eingeleiteten Fahndung konnten die  T\u00e4ter nicht gefasst werden.<\/p>\n\n\n\n<h4 class=\"wp-block-heading\">(Speyer) &#8211; Verkehrsunfall mit Unfallflucht<\/h4>\n\n\n\n<p>Im Zeitraum vom 31.10.2019, 17:30 Uhr bis zum 01.11.2019, 12:30 Uhr  streifte ein unbekanntes Fahrzeug in der Hasenpfuhlstra\u00dfe vermutlich  beim Abbiegen in die Sonnengasse einen dort ordnungsgem\u00e4\u00df geparkten  Mercedes. Anschlie\u00dfend fl\u00fcchtete der Verursacher von der  Unfall\u00f6rtlichkeit ohne seinen Pflichten als Unfallbeteiligter  nachzukommen. An dem Mercedes entstand im Frontbereich ein Schaden  von 1000EUR. <\/p>\n\n\n\n<h4 class=\"wp-block-heading\">(Speyer) &#8211; Versuchter Einbruch in Gastst\u00e4tte<\/h4>\n\n\n\n<p>In der Nacht vom 31.10.2019 auf den 01.11.2019 versuchten Unbekannte  in eine Gastst\u00e4tte in Speyer- West einzudringen. Dies misslang  jedoch, es wurde lediglich die T\u00fcre, sowie der Schlie\u00dfzylinder  besch\u00e4digt. Zeugenhinweise nimmt die Polizei unter der Tel.-Nr. 06232-1370 oder  per Mail an <a href=\"mailto:pispeyer@polizei.rlp.de\">pispeyer@polizei.rlp.de<\/a> entgegen. <\/p>\n\n\n\n<h4 class=\"wp-block-heading\">(Germersheim) &#8211; Brand im Keller eines Mehrfamilienhauses<\/h4>\n\n\n\n<p>Zu einem gr\u00f6\u00dferen Feuerwehreinsatz kam es am Freitagabend in einem  Mehrfamilienhaus im R\u00f6merweg in Germersheim. Um 18:58 Uhr wurde eine  starke Rauchentwicklung im Keller eines Mehrfamilienhauses im R\u00f6merweg  in Germersheim gemeldet. Die Feuerwehr konnte bei der Absuche zwar eine  starke Rauchentwicklung feststellen, einen Brand bzw. einen Brandherd  konnte die Feuerwehr jedoch nicht vorfinden. Zu einem Geb\u00e4ude- oder  Personenschaden kam es nicht. <\/p>\n\n\n\n<h4 class=\"wp-block-heading\">(Germersheim) &#8211; Streit um Parkplatz<\/h4>\n\n\n\n<p>Am 01.11.2019 gegen 13:45 Uhr, kam es in der Bismarckstra\u00dfe zu einem  Streit zwischen zwei Verkehrsteilnehmern wegen einem Parkplatz. Eine  76-j\u00e4hrige Beteiligte musste im Anschluss \u00e4rztlich versorgt und in ein  Krankenhaus eingeliefert werden. Die Ermittlungen der Polizei dauern an.  <\/p>\n\n\n\n<h4 class=\"wp-block-heading\">(Landau) &#8211; Demonstrationsgeschehen am 02.11.2019 von vielen St\u00f6rungen gepr\u00e4gt<\/h4>\n\n\n\n<div class=\"wp-block-image\"><figure class=\"aligncenter\"><img decoding=\"async\" loading=\"lazy\" width=\"800\" height=\"600\" src=\"https:\/\/speyer24news.com\/wp-content\/uploads\/2019\/11\/Frauenb\u00fcndnis-Kandel.jpg\" alt=\"\" class=\"wp-image-21575\" srcset=\"https:\/\/speyer24news.com\/wp-content\/uploads\/2019\/11\/Frauenb\u00fcndnis-Kandel.jpg 800w, https:\/\/speyer24news.com\/wp-content\/uploads\/2019\/11\/Frauenb\u00fcndnis-Kandel-300x225.jpg 300w, https:\/\/speyer24news.com\/wp-content\/uploads\/2019\/11\/Frauenb\u00fcndnis-Kandel-768x576.jpg 768w, https:\/\/speyer24news.com\/wp-content\/uploads\/2019\/11\/Frauenb\u00fcndnis-Kandel-678x509.jpg 678w, https:\/\/speyer24news.com\/wp-content\/uploads\/2019\/11\/Frauenb\u00fcndnis-Kandel-326x245.jpg 326w, https:\/\/speyer24news.com\/wp-content\/uploads\/2019\/11\/Frauenb\u00fcndnis-Kandel-80x60.jpg 80w\" sizes=\"(max-width: 800px) 100vw, 800px\" \/><\/figure><\/div>\n\n\n\n<p>Dem Frauenb\u00fcndnis Kandel schlossen sich etwa 80 Personen an, auf Seiten  der Gegendemonstration wurden rund 50 Personen gez\u00e4hlt. Der Kundgebung  auf dem Alten Messplatz folgten ca. 60 Personen. Beim Eintreffen des  Frauenb\u00fcndnisses am Zwischenkundgebungsort auf dem Untertorplatz,  formierte sich eine Gruppe mit ca. 30 Personen zu einer nicht  angemeldeten Gegenversammlung. Bereits zu diesem Zeitpunkt registrierte  die Polizei, dass es zwischen den beiden Lagern st\u00e4ndig zu gegenseitigen  Provokationen kam. <\/p>\n\n\n\n<div class=\"wp-block-image\"><figure class=\"aligncenter\"><img decoding=\"async\" loading=\"lazy\" width=\"800\" height=\"532\" src=\"https:\/\/speyer24news.com\/wp-content\/uploads\/2019\/11\/Kandel-gegen-Rechts.jpg\" alt=\"\" class=\"wp-image-21576\" srcset=\"https:\/\/speyer24news.com\/wp-content\/uploads\/2019\/11\/Kandel-gegen-Rechts.jpg 800w, https:\/\/speyer24news.com\/wp-content\/uploads\/2019\/11\/Kandel-gegen-Rechts-300x200.jpg 300w, https:\/\/speyer24news.com\/wp-content\/uploads\/2019\/11\/Kandel-gegen-Rechts-768x511.jpg 768w\" sizes=\"(max-width: 800px) 100vw, 800px\" \/><\/figure><\/div>\n\n\n\n<p>Die Aufzugsstrecke des Frauenb\u00fcndnisses wurde  zweimal durch Gegendemonstranten blockiert. Bei der folgenden  Personalienfeststellung wurde im Gerangel ein Polizeibeamter verletzt.  Ein weiterer Polizeibeamter wurde von einem der Blockierer beleidigt. Zu  einer weiteren St\u00f6rung der Versammlung kam es auf dem Stiftsplatz. Dort  l\u00e4uteten von 16:00 &#8211; 16:15 Uhr die Glocken der Stiftskirche. \u00dcber den  gesamten Versammlungszeitraum kam es immer wieder zu zeitlichen  Verz\u00f6gerungen, so dass die Versammlung erst gegen 17:15 Uhr in der  Ostbahnstra\u00dfe aufgel\u00f6st wurde. <\/p>\n\n\n\n<h4 class=\"wp-block-heading\">(Landau) &#8211; Pkw unter Bet\u00e4ubungsmittel gef\u00fchrt<\/h4>\n\n\n\n<p>Ein 20-j\u00e4hriger Mann aus dem Kreis S\u00fcdliche Weinstra\u00dfe wurde am Abend  des 01.11.2019 im Bereich Ostring in Landau einer Verkehrskontrolle  unterzogen. Beim Fahrer konnten im Verlauf der Kontrolle drogentypische  Auff\u00e4lligkeiten festgestellt werden. Ein Urintest best\u00e4tigte, dass der  Mann unter dem Einfluss von THC stand. Eine Blutprobe wurde entnommen,  die Fahrzeugschl\u00fcssel und der F\u00fchrerschein wurden sichergestellt. Der  Fahrer muss sich nun in einem Ordnungswidrigkeitenverfahren  verantworten. <\/p>\n\n\n\n<h4 class=\"wp-block-heading\">(Landau-Ilbesheim) &#8211; Sachbesch\u00e4digung an &#8222;Alla-Hopp-Anlage&#8220;<\/h4>\n\n\n\n<p>In der Halloween-Nacht besch\u00e4digten bislang unbekannte T\u00e4ter mehrere  Au\u00dfenfassaden an der Alla-Hopp-Anlage in Ilbesheim. Mittels eines  schwarzen Molotow-Stifts wurden diverse Schriftz\u00fcge: &#8222;Nur der FCK&#8220;,  &#8222;CC97&#8220; angebracht. Der verursachte Schaden bel\u00e4uft sich auf ca. 5000  Euro. <\/p>\n\n\n\n<p>Zeugen des Vorfalles werden gebeten sich unter Tel. Nr. 06341\/287-0 <br>\noder per Email <a href=\"mailto:pilandau@polizei.rlp.de\">pilandau@polizei.rlp.de<\/a> an die Polizei in Landau zu <br>\nwenden.<\/p>\n\n\n\n<h4 class=\"wp-block-heading\">(Landau) &#8211; Parkscheinautomat besch\u00e4digt<\/h4>\n\n\n\n<p>In der Nacht auf den 01.11.2019 wurde ein am Untertorplatz in Landau  aufgestellter Parkscheinautomat besch\u00e4digt. Gesicherte  Schuhabdruckspuren lassen augenscheinlich darauf schlie\u00dfen, dass der auf  der Seite liegende Automat mutwillig umgetreten wurde. <\/p>\n\n\n\n<p>Zeugenhinweise nimmt die Polizei Landau unter der Tel. 06341\/287-0 <br>\noder per Email <a href=\"mailto:pilandau@polizei.rlp.de\">pilandau@polizei.rlp.de<\/a> entgegen.<\/p>\n\n\n\n<h4 class=\"wp-block-heading\">(Landau) &#8211; Geschwindigkeitsmessung Landau<\/h4>\n\n\n\n<p>Am 31.10.2019 wurde im Bereich Landau, Am H\u00f6lzel aus Fahrtrichtung  Hornbach, eine Geschwindigkeitsmessung durchgef\u00fchrt. Innerhalb einer  Stunde wurden bei erlaubten 50 km\/h insgesamt 10 Verkehrsteilnehmer mit  \u00fcberh\u00f6hter Geschwindigkeit festgestellt. Ein Pkw-Fahrer war fast doppelt  so schnell wie erlaubt und wurde mit einem &#8222;Spitzenwert&#8220; von 92 km\/h  innerorts gemessen. Dieser muss nun mit 200 Euro Bu\u00dfgeld, 2 Punkten in  Flensburg und einem einmonatigen Fahrverbot rechnen. <\/p>\n\n\n\n<h4 class=\"wp-block-heading\">(Walsheim) &#8211; Fahrzeug gestreift und gefl\u00fcchtet<\/h4>\n\n\n\n<p>Am 31.10.2019, zwischen 18:00 und 20:50 Uhr, parkte die 55-j\u00e4hrige  Hyundai-Fahrerin ihren PKW in der Hauptstra\u00dfe in Walsheim. Vermutlich  beim Vorbeifahren streifte der fl\u00fcchtende Unfallverursacher den  genannten Hyundai. Im Anschluss fl\u00fcchtete dieser von der  Unfall\u00f6rtlichkeit, ohne sich um den entstandenen Schaden zu k\u00fcmmern.  Kratzer und Dellen an der Fahrerseite des Hyundais waren das Resultat,  hierdurch entstand Sachschaden in H\u00f6he von 2500 Euro. Die Polizei weist  darauf hin, dass Unerlaubtes Entfernen vom Unfallort kein  Kavaliersdelikt ist! Der fl\u00fcchtige Fahrer muss mit einer Geld- oder  Freiheitsstrafe bis zu 3 Jahren und eventuell mit einem  F\u00fchrerscheinentzug rechnen. Au\u00dferdem kann der Fl\u00fcchtige den Kaskoschutz  seiner Kfz-Versicherung verlieren und von seiner Versicherung an der  Begleichung des Fremdschadens beteiligt werden. Sachdienliche Hinweise  zu dem fl\u00fcchtenden Unfallverursacher nimmt die Polizei in Edenkoben  unter der Telefonnummer 06323 9550 entgegen. <\/p>\n\n\n\n<h4 class=\"wp-block-heading\">(Neustadt) &#8211; Unter Bet\u00e4ubungsmitteleinfluss (THC) ein Fahrzeug gef\u00fchrt<\/h4>\n\n\n\n<p>Im Rahmen einer allgemeinen Verkehrskontrolle wurde am Samstag,  02.11.2019 um 23:22 Uhr in der Falkensteinstra\u00dfe in Neustadt eine  22-j\u00e4hrige Fahrzeugf\u00fchrerin kontrolliert. Bei der Feststellung der  Fahrt\u00fcchtigkeit konnten drogentypische Auff\u00e4lligkeiten bei der  22-j\u00e4hrigen festgestellt werden. Noch vor Durchf\u00fchrung des Drogentestes  r\u00e4umte diese ein unmittelbar vor Fahrtantritt einen Joint geraucht zu  haben. Diese Aussage wurde durch den durchgef\u00fchrten Drogenschnelltest  best\u00e4tigt. Nach erfolgter Blutentnahme wurde sie entlassen. Zu erw\u00e4hnen  w\u00e4re noch dass sich bei der 22-j\u00e4hrigen ihre beiden Kinder im Alter von 4  und 6 Jahren im Fahrzeug befanden. Ein entsprechender Bericht an das  Jugendamt wurde veranlasst. Die Kinder wurden w\u00e4hrend der polizeilichen  Ma\u00dfnahmen durch einen Freund der 22-j\u00e4hrigen nach Hause verbracht. <\/p>\n\n\n\n<h4 class=\"wp-block-heading\">(Neustadt) &#8211; Alkoholisiert in Hemd und Unterhosen auf der Autobahn<\/h4>\n\n\n\n<p>Am Abend des 01.11.2019 wurde durch einen aufmerksamen  Verkehrsteilnehmer ein VW-Fahrer gemeldet, welcher die A65 in  Fahrtrichtung Ludwigshafen befahren und hierf\u00fcr die komplette  Fahrbahnbreite ben\u00f6tigen w\u00fcrde. Der VW-Fahrer konnte durch die  eingesetzten Beamten in H\u00f6he der Anschlussstelle Neustadt-Nord stehend  angetroffen werden. Der VW war aufgrund eines platten Reifens nicht mehr  fahrbereit. Der 55-j\u00e4hrige Fahrzeugf\u00fchrer aus dem Kreis S\u00dcW versuchte &#8211;  lediglich mit Unterhose und Hemd bekleidet &#8211; erfolglos den Reifen an  seinem Fahrzeug zu wechseln. Bei der Personalienfeststellung konnte  deutlicher Alkoholgeruch wahrgenommen werden, ein durchgef\u00fchrter  Alco-Test ergab einen Wert von \u00fcber 2 Promille. Daher wurde der  VW-Fahrer zur Dienststelle verbracht, wo ihm eine Blutprobe entnommen  wurde. Er wird sich nun in einem Strafverfahren wegen Trunkenheit im  Verkehr rechtfertigen m\u00fcssen. Um den VW mit dem platten Reifen k\u00fcmmerte  sich ein verst\u00e4ndigtes Abschleppunternehmen. Der PKW VW musste bis zum  Eintreffen des Abschleppers durch eine weitere Streife abgesichert  werden. <\/p>\n\n\n\n<h4 class=\"wp-block-heading\">(Frankeneck) &#8211; Verkehrsunfall unter Alkoholeinfluss<\/h4>\n\n\n\n<p>Ein 27-j\u00e4hriger Mann aus der Verbandsgemeinde Lambrecht befuhr am  Samstag, 02.11.2019 um 01:15 Uhr die Talstra\u00dfe in Frankeneck in  Fahrtrichtung Bundesstra\u00dfe. Nach dessen Angaben kam ihm ein  bevorrechtigtes Fahrzeug entgegen, weshalb er nach rechts ausweichen  musste. Bei diesem Ausweichman\u00f6ver streifte er drei ordnungsgem\u00e4\u00df  geparkte Fahrzeuge am rechten Fahrbahnrand und einen dort befindlichen  Zaun. Bei der Verkehrsunfallaufnahme wurde bei dem 27-j\u00e4hrigen  deutlicher Alkoholgeruch festgestellt, weshalb sein F\u00fchrerschein  sichergestellt und eine Blutprobe angeordnet wurde. Der Gesamtschaden  bel\u00e4uft sich auch ca. 19000 Euro. <\/p>\n\n\n\n<h4 class=\"wp-block-heading\">(Frankenthal) &#8211; Brandstiftung von Pkw<\/h4>\n\n\n\n<p>Am Samstag, 02.11.2019, gegen 04.00 Uhr, wird die Polizei Frankenthal  \u00fcber den Brand eines Pkws, Opel \/ Vivaro, in H\u00f6he des Anwesens,  Wingertstra\u00dfe 7 B in 67227 Frankenthal, in Kenntnis gesetzt. Der Pkw  steht beim Eintreffen von Polizei und Feuerwehr bereits komplett in  Flammen. Die Feuerwehr Frankenthal hat den Brand schnell unter Kontrolle  und verhindert potentielle \u00dcbergriffe des Feuers auf andere Fahrzeuge  sowie Wohngeb\u00e4ude. Durch den 49 Jahre alten Gesch\u00e4digten wird bekannt,  dass der Pkw bereits seit mehreren Tagen am Abstellort geparkt wird.  Nach vorliegenden Erkenntnissen wird wegen des Verdachts der  Brandstiftung ermittelt. Am Pkw entsteht Sachschaden in H\u00f6he von ca.  20000 EUR. Das Fahrzeugwrack wird nach R\u00fccksprache mit der  Staatsanwaltschaft Frankenthal sichergestellt. <\/p>\n\n\n\n<p>Wer sachdienliche  Hinweise zu dem genannten Fall geben kann, wird gebeten sich mit der  Polizeiinspektion Frankenthal unter der Rufnummer 06233\/313-0 oder der  Polizeiwache Maxdorf unter der Rufnummer 06237\/934-1100 in Verbindung zu  setzen. Hinweise k\u00f6nnen auch per E-Mail unter <a href=\"mailto:pifrankenthal@polizei.rlp.de\">pifrankenthal@polizei.rlp.de<\/a> an die Polizei \u00fcbermittelt werden. <\/p>\n\n\n\n<h4 class=\"wp-block-heading\">(Frankenthal) &#8211; Beleidigung \/ Versuchte K\u00f6rperverletzung \/ Trunkenheitsfahrt<\/h4>\n\n\n\n<p>Am Freitag, 01.11.2019, hilft ein 34-J\u00e4hriger einem Bekannten bei einem  Umzug. Mit seinem Fahrzeug blockiert der Helfer vor\u00fcbergehend die  Ausfahrt eines Anwesens in der Wormser Stra\u00dfe in 67227 Frankenthal. Ein  44-J\u00e4hriger wird hierdurch an der Ausfahrt mit seinem Fahrzeug behindert  und macht durch dauerhaftes Hupen auf sich aufmerksam. Als der  34-J\u00e4hrige erscheint und sein Fahrzeug zur Seite fahren m\u00f6chte, wird er  von dem 44- J\u00e4hrigen beleidigt. Anschlie\u00dfend versucht der 44-J\u00e4hrige  seinen Kontrahenten zu schlagen, verfehlt diesen jedoch. Der 34-J\u00e4hrige  f\u00e4hrt sein Fahrzeug zur Seite und der 44-J\u00e4hrige entfernt sich  unerkannt. Eine Fahndung nach dem Fl\u00fcchtigen verl\u00e4uft zun\u00e4chst  erfolglos. Zu einem sp\u00e4teren Zeitpunkt wird der Fl\u00fcchtige von dem  34-J\u00e4hrigen erneut in seinem Pkw gesichtet und die Polizei verst\u00e4ndigt.  Bei einer anschlie\u00dfenden Kontrolle des 44-J\u00e4hrigen wird Alkoholgeruch  wahrgenommen. Ein Atemalkoholtest ergibt 1,91 Promille. Der F\u00fchrerschein  sowie der Fahrzeugschl\u00fcssel werden sichergestellt. <\/p>\n\n\n\n<p>Neben einer  Strafanzeige wegen Beleidigung und versuchter K\u00f6rperverletzung wartet  nun auch noch eine Strafanzeige wegen Trunkenheit im Verkehr. <\/p>\n\n\n\n<h4 class=\"wp-block-heading\">(Ruchheim) &#8211; Verschiedene Pressemitteilungen der Polizeiautobahnstation Ruchheim vom 02.11.2019<\/h4>\n\n\n\n<p>Am Samstag, den 02.11.2019 ereigneten sich in den Morgenstunden mehrere  Verkehrsunf\u00e4lle und polizeiliche Eins\u00e4tze im Dienstbezirk der  Polizeiautobahnstation Ruchheim. <\/p>\n\n\n\n<p>Auf der Bundesautobahn 650 in \nFahrtrichtung Ludwigshafen wurde gegen 07:20 Uhr ein Kleinbus fahrend \nfestgestellt und im Anschluss in der Ortslage Oggersheim einer \nallgemeinen Verkehrskontrolle unterzogen. Im Rahmen der Kontrolle konnte\n Alkoholgeruch in der Atemluft des 34 Jahre alten Fahrzeugf\u00fchrers \nfestgestellt werden. Ein freiwillig durchgef\u00fchrter Atemalkoholtest ergab\n einen Wert von 0,48 Promille. Der Fahrzeugschl\u00fcssel und der \nF\u00fchrerschein wurden bis zur Ausn\u00fcchterung pr\u00e4ventivpolizeilich \nsichergestellt. <\/p>\n\n\n\n<p>Gegen 08:00 Uhr befuhr eine 30 Jahre alte \nKraftfahrzeugf\u00fchrerin die Anschlussstelle Gr\u00fcnstadt der Bundesautobahn 6\n in Fahrtrichtung Mannheim. Aufgrund einer nicht angepassten \nGeschwindigkeit bei regennasser Fahrbahn verlor sie im Kurvenverlauf die\n Kontrolle \u00fcber ihr Fahrzeug, schleuderte \u00fcber die Fahrbahn und \nkollidierte mit der Schutzplanke. Das Fahrzeug kam auf dem \nSeitenstreifen entgegengesetzt zur Fahrtrichtung stehend zum Stillstand.\n Der Sachschaden wird durch die Polizei auf circa 4000 Euro gesch\u00e4tzt. <\/p>\n\n\n\n<p>Um\n 08:40 Uhr befuhr ein 64 Jahre alter Kraftfahrzeugf\u00fchrer den linken der \nbeiden Fahrstreifen der Bundesautobahn 6 in Fahrtrichtung \nKaiserslautern. Hierbei \u00fcberfuhr er mit seinem Fahrzeug eine \nEisenstange, welche durch einen bislang unbekannten Verkehrsteilnehmer \ndort verloren wurde. Bedingt durch das \u00dcberfahren der Eisenstange \nplatzte der rechte Vorderreifen. Ebenfalls wurde der Fahrzeugunterboden \nbesch\u00e4digt. Die Schadensh\u00f6he bel\u00e4uft sich auf circa 2000 Euro. Zeugen, \nwelche Angaben zu dem Verlierer machen k\u00f6nnen werden gebeten sich mit \nder Polizeiautobahnstation Ruchheim (Tel.06237\/9330) in Verbindung zu \nsetzen. <\/p>\n\n\n\n<p>Zu einem weiteren Verkehrsunfall kam es gegen 09:20 Uhr \nan der Anschlussstelle Studernheim der Bundesstra\u00dfe 9 in Fahrtrichtung \nLudwigshafen. Hierbei befuhr ein 46 Jahre alter Fahrzeugf\u00fchrer mit \nseinem PKW unmittelbar hinter einem 61 Jahre alten Fahrzeugf\u00fchrer den \nEinm\u00fcndungsbereich von der Frankenthaler Stra\u00dfe aus kommend. Der 61 \nJahre alte Fahrzeugf\u00fchrer musste sein Fahrzeug verkehrsbedingt wegen \nvorrangigen Verkehrs abbremsen. Aufgrund eines zu geringen \nSicherheitsabstandes fuhr der 46 Jahre alte Fahrzeugf\u00fchrer auf das \nvorausfahrende Fahrzeug auf. An beiden Fahrzeugen entstand Sachschaden. \nDieser wird auf circa 4000 Euro gesch\u00e4tzt. <\/p>\n\n\n\n<p>Vor dem Hintergrund  des wechselhaften Herbstwetters wird nochmals darauf hingewiesen, dass  gerade auf den Bundesautobahnen aufgrund der hohen Geschwindigkeiten das  Risiko zu Aquaplaning hoch ist. Im Rahmen der polizeilichen  Verkehrsunfallaufnahme l\u00e4sst sich jedoch im Regelfall dem Wetter nicht  die Schuld geben. Vielmehr ist der Fahrstil entscheidend! Es wird daher  empfohlen fr\u00fchzeitig die Geschwindigkeit zu reduzieren und den  Sicherheitsabstand zu den vorausfahrenden Fahrzeugen einzuhalten. <\/p>\n\n\n\n<h4 class=\"wp-block-heading\">(Ludwigshafen) &#8211; Verkehrskontrolle beendet Weiterfahrt<\/h4>\n\n\n\n<p>Ein 17-j\u00e4hriger Ludwigshafener wurde in der Nacht des 02.11.2019, um  0:37 Uhr, am Steuer eines Ford, einer allgemeinen Verkehrskontrolle  unterzogen. Die Beamten konnten feststellen, dass die angebrachten  Kennzeichen als gestohlen gemeldet waren und der Ford aktuell nicht  zugelassen war. Der 17-j\u00e4hrige Fahrer konnte zudem nur eine  Bescheinigung &#8222;Begleitetes Fahren ab 17&#8243;vorzeigen. Hinsichtlich der  Eigentumsverh\u00e4ltnisse und weiterer im Kofferraum aufgefundenen  Kennzeichen verstrickten sich der 17-j\u00e4hrige Fahrer und dessen ebenfalls  17-j\u00e4hriger Beifahrer in Widerspr\u00fcche. Das Fahrzeug sowie die  Kennzeichen wurden zwecks weiterer Ermittlungen sichergestellt und der  17-j\u00e4hrige Fahrer an seine bereits informierten Eltern \u00fcberstellt. Ihn  erwarten mehrere Strafanzeigen. <\/p>\n\n\n\n<h4 class=\"wp-block-heading\">(Ludwigshafen \/ Limburgerhof \/ Mannheim) &#8211; Bombendrohung<\/h4>\n\n\n\n<h4 class=\"wp-block-heading\" style=\"text-align:center\">3. Nachtrag<\/h4>\n\n\n\n<div class=\"wp-block-image\"><figure class=\"aligncenter\"><img decoding=\"async\" loading=\"lazy\" width=\"800\" height=\"635\" src=\"https:\/\/speyer24news.com\/wp-content\/uploads\/2019\/11\/bomb-154456.png\" alt=\"\" class=\"wp-image-21544\" srcset=\"https:\/\/speyer24news.com\/wp-content\/uploads\/2019\/11\/bomb-154456.png 800w, https:\/\/speyer24news.com\/wp-content\/uploads\/2019\/11\/bomb-154456-300x238.png 300w, https:\/\/speyer24news.com\/wp-content\/uploads\/2019\/11\/bomb-154456-768x610.png 768w\" sizes=\"(max-width: 800px) 100vw, 800px\" \/><\/figure><\/div>\n\n\n\n<p>Der Polizeieinsatz ist beendet (A.d.R.: Stand 01.11.2019 20:39 Uhr). An den zehn Objekten konnten keine Hinweise f\u00fcr eine konkrete Gef\u00e4hrdung festgestellt werden. <\/p>\n\n\n\n<p>Der\n Tatverd\u00e4chtige ist noch unbekannt. Erste Hinweise f\u00fchrten bisher nicht \nzur Identifizierung des Anrufers. Ein Ermittlungsverfahren wegen St\u00f6rung\n des \u00f6ffentlichen Friedens durch Androhung von Straftaten wurde \neingeleitet. Die Ermittlungen dauern an. <\/p>\n\n\n\n<p>Hinweis Ihrer Polizei!  Wenn sie selbst einen Drohanruf erhalten, wenden Sie sich in jedem Fall  an die Polizei und erstatten Sie eine Anzeige! <\/p>\n\n\n\n<h4 class=\"wp-block-heading\">(Ludwigshafen) &#8211; Sachbesch\u00e4digung an Stra\u00dfenbahnen<\/h4>\n\n\n\n<p>Bislang unbekannte T\u00e4ter bespr\u00fchten am Freitag, den 01.11.2019, in der  Zeit von 15:30 Uhr bis 20:15 Uhr, drei in der Werkshalle der  Rhein-Neckar Verkehrsbetriebe abgestellte Stra\u00dfenbahnen mit diversen  Schriftz\u00fcgen. Hierdurch entstand ein Schaden in H\u00f6he von circa 10000  Euro. Die Ermittlungen zu den T\u00e4tern dauern an. <\/p>\n\n\n\n<h4 class=\"wp-block-heading\">(Ludwigshafen) &#8211; Verkehrsunfall<\/h4>\n\n\n\n<p>Am Freitagmittag, 01.11.2019, gegen 12:00 Uhr, kam es im  Kreuzungsbereich Wegelnburgstra\u00dfe\/Hoheloogstra\u00dfe zu einem  Verkehrsunfall. Hierbei \u00fcbersah der 28-j\u00e4hrige Fahrer eines VW den  vorfahrtsberechtigten Chrysler eines 61-j\u00e4hrigen Fahrers. Der Chrysler  musste abgeschleppt werden. Alle Beteiligten blieben gl\u00fccklicherweise  unverletzt. Es entstand ein Schaden an beiden Fahrzeugen in H\u00f6he von  circa 4000 Euro. <\/p>\n\n\n\n<h4 class=\"wp-block-heading\">(Mannheim) &#8211; Fu\u00dfg\u00e4nger von Stra\u00dfenbahn erfasst und lebensgef\u00e4hrlich verletzt<\/h4>\n\n\n\n<p>Am Samstagnachmittag, gegen 15.10 Uhr, wurde ein bislang namentlich  unbekannter Mann von einer Stra\u00dfenbahn erfasst, als er verbotswidrig den  Schienenbereich in der Otto-Selz-Stra\u00dfe, in H\u00f6he des Ausgangs  Schlosspark, \u00fcberschritt. Er erlitt hierbei schwere Kopfverletzungen und  musste station\u00e4r in einem umliegenden Krankenhaus aufgenommen werden.  An der Stra\u00dfenbahn entstand ein Sachschaden von ca. 5.000 Euro. Der  Stra\u00dfenbahnverkehr konnte erst um 16.50 Uhr wieder den normalen Betrieb  aufnehmen. Zeugen die den Vorgang beobachtet haben werden gebeten sich  bei der Verkehrsunfallaufnahme West unter der 0621-174 4045 zu melden. <\/p>\n\n\n\n<h4 class=\"wp-block-heading\">(Mannheim) &#8211; Opel Fahrer verliert die Kontrolle \u00fcber sein Fahrzeug und f\u00e4hrt in den Gegenverkehr \/ Vier Personen leicht verletzt<\/h4>\n\n\n\n<p>Am Samstagnachmittag, gegen 13.40 Uhr, befuhr ein 18-j\u00e4hriger Opel  Fahrer aus Mannheim die Diffen\u00e9stra\u00dfe von Sandhofen in Richtung  Luzenberg.  Kurz vor der Einm\u00fcndung zur Otto-Hahn-Stra\u00dfe kam er,  vermutlich aufgrund \u00fcberh\u00f6hter Geschwindigkeit und regennasser Fahrbahn  in den Gegenverkehr, wo er mit dem Nissan eines 29-j\u00e4hrigen aus  B\u00f6hl-Iggelheim kollidierte. In beiden Fahrzeugen befanden sich jeweils  zwei Personen, die allesamt leichtverletzt in umliegende Krankenh\u00e4user  eingeliefert wurden. An den Fahrzeugen entstand ein Gesamtschaden von  ca. 3.000 Euro. Den Unfallverursacher erwartet eine Strafanzeige wegen  fahrl\u00e4ssiger K\u00f6rperverletzung. Die weiteren Ermittlungen werden vom  Polizeirevier Mannheim Neckarstadt gef\u00fchrt. <\/p>\n\n\n\n<h4 class=\"wp-block-heading\">(Mannheim-Innenstadt) &#8211; Reifen geplatzt, ins Schleudern geraten und mit Stra\u00dfenbahn kollidiert<\/h4>\n\n\n\n<p>Am Freitag kurz vor 23.30 Uhr befuhr ein 26-j\u00e4hriger mit seinem  Daimler-Benz den Kurpfalzkreisel und wollte auf die Kurpfalzbr\u00fccke  fahren. Hierbei platzte ihm in der Kurve ein hinterer Reifen, wodurch er  die Kontrolle \u00fcber sein Fahrzeug verlor, nach links von der Fahrbahn  abkam und in den Gleisbereich der Stra\u00dfenbahnen geriet. Hier kollidierte  er mit dem letzten Wagen der Stra\u00dfenbahn der Linie 3, die aus Richtung  Neckarstadt kam. In der Stra\u00dfenbahn wurde eine Person leicht am Bein  verletzt. <\/p>\n\n\n\n<p>An der Stra\u00dfenbahn entstand ein Schaden von 10.000 \nEuro, auch der Daimler-Benz wurde im Frontbereich stark besch\u00e4digt, der \nSchaden wird auf 2.500 Euro beziffert. <\/p>\n\n\n\n<p>Die Ermittlungen des Polizeireviers Mannheim-Innenstadt dauern an. <\/p>\n\n\n\n<h4 class=\"wp-block-heading\">(Mannheim-Innenstadt) &#8211; Kellerbrand in Mehrfamilienhaus.<\/h4>\n\n\n\n<p>Zu einem Kellerbrand in einem 4-st\u00f6ckigen Mehrfamilienhaus in den  Mannheimer P-Quadraten musste die Feuerwehr am Freitagnachmittag  gegen  16.20 Uhr ausr\u00fccken. Dort war es im Kellergeschoss zu einer starken  Rauchentwicklung gekommen. Die Bewohner der beiden unteren Stockwerke  wurden daraufhin vorsorglich ins Freie verbracht. Nach Beendigung des  L\u00f6scheinsatzes gegen 17.20 Uhr und Bel\u00fcftung des Hauses konnten alle  Bewohner um 19.30 Uhr wieder zur\u00fcck in ihre Wohnungen. Verletzt wurde  niemand. Der Schaden wird auf ca. 25.000 Euro gesch\u00e4tzt. Die  Ermittlungen zur Brandursache hat das Polizeirevier Mannheim-Innenstadt  \u00fcbernommen. <\/p>\n\n\n\n<h4 class=\"wp-block-heading\">(Mannheim-Jungbusch) &#8211; Ex-Freundin randaliert und landet in Zelle, zwei Polizeibeamte verletzt<\/h4>\n\n\n\n<div class=\"wp-block-image\"><figure class=\"aligncenter\"><img decoding=\"async\" src=\"https:\/\/speyer24news.com\/wp-content\/uploads\/2019\/10\/Zelle.jpg\" alt=\"\" class=\"wp-image-20683\"\/><\/figure><\/div>\n\n\n\n<p>Am Freitag kurz gegen 22.30 Uhr bat ein 38-j\u00e4hriger Mann die Polizei um  Hilfe, da seine Ex-Freundin in seiner Wohnung randalieren w\u00fcrde. <\/p>\n\n\n\n<p>Die\n 32-j\u00e4hrige Frau wurde der Wohnung verwiesen, ein Platzverweis erteilt. \nDa sie diesem nur widerwillig nachkam, wurde sie aus der Wohnung \ngeleitet, bei einem m\u00f6glich neuen Auftreten an oder in der Wohnung des \nMannes in der eine Gewahrsamnahme angedroht. <\/p>\n\n\n\n<p>Kurz vor 23 Uhr meldete sich der 38-J\u00e4hrige erneut bei der Polizei, da die 32-J\u00e4hrige wieder an der Wohnung randalieren w\u00fcrde. <\/p>\n\n\n\n<p>Der\n 32-J\u00e4hrigen wurde daraufhin der Gewahrsam erkl\u00e4rt. Sie wurde an den \nOberarmen ergriffen und sollte zum Streifenwagen gef\u00fchrt werden. <\/p>\n\n\n\n<p>Gegen\n diese Ma\u00dfnahme wehrte sich die Frau, als die Gegenwehr immer heftiger \nwurde, wurde sie im Treppenflur des Mehrfamilienhauses zu Boden gebracht\n und fixiert. Hier versuchte sie die eingesetzten Beamten zu treten und \nbeleidigte diese. Beim Einsteigen in den Streifenwagen trat sie gegen \ndas Bein eines Polizeibeamten, der hierdurch leicht verletzt wurde. \nW\u00e4hrend der Widerstandshandlungen wurde auch ein weiterer Polizeibeamter\n leicht an der Hand verletzt. Beide Beamten konnten ihren Dienst \nfortsetzen. <\/p>\n\n\n\n<p>Die 32-J\u00e4hrige wurde in einer Zelle im Polizeirevier \nMannheim-Innenstadt untergebracht, auch sie wurde leicht verletzt. Bei \neinem durchgef\u00fchrten Alkoholtest wurde eine leichte Alkoholbeeinflussung\n festgestellt, au\u00dferdem ergaben sich Hinweise auf eine m\u00f6gliche \nDrogenbeeinflussung. <\/p>\n\n\n\n<p>Die 32-J\u00e4hrige wurde erkennungsdienstlich behandelt und nach Abschluss aller polizeilichen Ma\u00dfnahmen auf freien Fu\u00df gesetzt. <\/p>\n\n\n\n<p>Zu weiteren Vorf\u00e4llen in der Nacht kam es nach derzeitigem Stand der Ermittlungen nicht. <\/p>\n\n\n\n<h4 class=\"wp-block-heading\">(Mannheim-K\u00e4fertal) &#8211; Ohne F\u00fchrerschein, unter Drogeneinfluss und mit geklauten Kennzeichen unterwegs<\/h4>\n\n\n\n<p>Am Freitag kurz vor 22 Uhr kontrollierten Beamte des Polizeireviers  Mannheim-K\u00e4fertal einen VW, der auf der Waldstra\u00dfe aus Richtung K\u00e4fertal  in Richtung Vogelstang unterwegs war. <\/p>\n\n\n\n<p>Bei der Kontrolle des \n33-j\u00e4hrigen Fahrers stellten die Beamten fest, dass dieser nicht im \nBesitz einer g\u00fcltigen Fahrerlaubnis zum F\u00fchren von Kraftfahrzeugen war. \nFerner ergaben sich Hinweise auf eine Drogenbeeinflussung, weshalb dem \nMann im Anschluss eine Blutprobe im Polizeirevier-K\u00e4fertal entnommen \nwurde. <\/p>\n\n\n\n<p>Au\u00dferdem waren die an dem VW angebrachten Kennzeichen am \n04.10.2019 in Schwetzingen von einem anderen Fahrzeug entwendet wurden. \nF\u00fcr den VW bestand kein Versicherungsschutz. Au\u00dferdem wurden in dem Pkw \nweitere Fahrzeugpapiere f\u00fcr andere Fahrzeuge aufgefunden. Deren Herkunft\n bedarf weiterer Abkl\u00e4rungen. <\/p>\n\n\n\n<p>Der 33-J\u00e4hrige wurde u.a. wegen  Fahren ohne F\u00fchrerscheins, Fahren unter Drogeneinwirkung, Versto\u00df gegen  das BtmG, Versto\u00df Pflichtversicherungsgesetz, Diebstahl von Kennzeichen  zur Anzeige gebracht. <\/p>\n\n\n\n<h4 class=\"wp-block-heading\">(Schwetzingen \/ Rhein-Neckar-Kreis) &#8211; Einbrecher weckt Hauseigent\u00fcmer und fl\u00fcchtet, Zeugen gesucht!<\/h4>\n\n\n\n<p>Am Freitag gegen 22.30 Uhr brachen ein oder mehrere bislang unbekannte  T\u00e4ter in ein Einfamilienhaus in der Bruchh\u00e4user Stra\u00dfe ein. <\/p>\n\n\n\n<p>Der \noder die T\u00e4ter gelangte \u00fcber den Garten und danach durch die \nTerrassent\u00fcr in das Erdgeschoss des Hauses. Durch die Ger\u00e4usche im \nErdgeschoss wurde der Hauseigent\u00fcmer, der im Obergeschoss geschlafen \nhatte, wach. Der Mann riefs ins Erdgeschoss und ging auch runter. Dort \nnahm er in der K\u00fcche starken Nikotingeruch wahr und bemerkte die offene \nTerrassent\u00fcr. Der Hauseigent\u00fcmer verst\u00e4ndigte daraufhin die Polizei. <\/p>\n\n\n\n<p>Offenbar wurde nichts aus dem Haus entwendet, da der oder die T\u00e4ter bei ihrer Tatausf\u00fchrung gest\u00f6rt wurden. <\/p>\n\n\n\n<p>Beamte  der Kriminalpolizeidirektion Heidelberg \u00fcbernahmen die Ermittlungen.  Diese suchen nun nach Zeugen, denen verd\u00e4chtige Personen oder Fahrzeuge  in der Schwetzinger-Oststadt aufgefallen sind. Diese m\u00f6gen sich unter  0621 174 4444 melden und ihre Wahrnehmungen mitteilen. <\/p>\n\n\n\n<h4 class=\"wp-block-heading\">(Altlu\u00dfheim \/ Rhein-Neckar-Kreis) &#8211; Betrunken von der Fahrbahn abgekommen und auf der Fahrerseite liegen geblieben<\/h4>\n\n\n\n<p>Am Freitag gegen 11 Uhr befuhr ein 59-j\u00e4hriger Mann mit seinem Suzuki  die Kreisstra\u00dfe 4250 von Altlu\u00dfheim kommend in Richtung Ketsch. <\/p>\n\n\n\n<p>Hier\n kam er nach links von der Fahrbahn ab und fuhr die B\u00f6schung des \nRheindamms hinunter. Der Gel\u00e4ndewagen kippt auf die Fahrerseite und \nblieb dort liegen. Der 59-J\u00e4hrige konnte sich selbst\u00e4ndig aus dem \nFahrzeug befreien, lief nach Ketsch und verst\u00e4ndigte dort ein Taxi, dass\n ihn nach Hause fuhr. Von dort wollte der Mann ein Abschleppunternehmen \nmit der Bergung seines Fahrzeugs beauftragen. <\/p>\n\n\n\n<p>Der Mann wurde zu \nHause von Beamten des Polizeireviers Hockenheim angetroffen. Ein \ndurchgef\u00fchrter Alkoholtest ergab einen Wert von 0,4 Promille. <\/p>\n\n\n\n<p>Dem\n 59-J\u00e4hrigen wurden im Polizeirevier Hockenheim zwei Blutproben \nentnommen, da die M\u00f6glichkeit eines sog. Nachtrunks gegeben war. <\/p>\n\n\n\n<p>Der F\u00fchrerschein wurde beschlagnahmt. <\/p>\n\n\n\n<p>An dem Fahrzeug entstand Sachschaden in H\u00f6he von mehreren tausend Euro. <\/p>\n\n\n\n<h4 class=\"wp-block-heading\">(Angelbachtal \/ Rhein-Neckar-Kreis) &#8211; Zusammensto\u00df zwischen drei Fahrzeugen \/ Vier Verletzte<\/h4>\n\n\n\n<p>Am Samstagmittag, gegen 12 Uhr, geriet eine 47-j\u00e4hrige  Fahrzeugf\u00fchrerin, die mit ihrem Mercedes-Benz auf der B 39 von  Angelbachtal in Richtung M\u00fchlhausen unterwegs war, in den rechtsseitigen  Gr\u00fcnstreifen. Sie verlor daraufhin die Kontrolle \u00fcber ihren Pkw und  stie\u00df mit einem entgegenkommenden VW Transporter und einem nachfolgenden  Fiat Punto zusammen. <\/p>\n\n\n\n<p>Die 47-j\u00e4hrige Unfallverursacherin wurde in\n ihrem Pkw eingeklemmt und musste durch die Feuerwehr befreit werden. \nSie wurde gl\u00fccklicherweise nur leicht verletzt. Sowohl die Insassen des \nVW Transporters, eine 33-J\u00e4hrige und ein 3-j\u00e4hriges Kleinkind, als auch \nder 20-j\u00e4hrige Fiat-Fahrer wurden leicht verletzt. Alle Beteiligten \nwurden durch Rettungswagen in ein umliegendes Krankenhaus gebracht. <\/p>\n\n\n\n<p>Alle\n drei Unfallfahrzeuge waren nicht mehr fahrbereit und wurden \nabgeschleppt. Am Mercedes-Benz entstand Sachschaden in H\u00f6he von 15.000 \nEUR, am VW Transporter in H\u00f6he von 3.000 EUR und der Schaden am Fiat \nPunto wird auf 4.000 EUR gesch\u00e4tzt. <\/p>\n\n\n\n<p>F\u00fcr die Dauer der  Unfallaufnahme war die B 39 zw. Angelbachtal\/Eichtersheim und M\u00fchlhausen  bis 15 Uhr gesperrt. Zu nennenswerten Verkehrsbeeintr\u00e4chtigungen kam es  hierbei nicht. <\/p>\n\n\n\n<h4 class=\"wp-block-heading\">(Sinsheim \/ Rhein-Neckar-Kreis) &#8211; Versuchter Einbruch, T\u00e4ter mit roter Jacke fl\u00fcchtet. Wer hat was gesehen?<\/h4>\n\n\n\n<p>Am Freitag gegen 20.45 Uhr verst\u00e4ndigte eine aufmerksame Zeugin die  Polizei, dass sie gerade zwei oder drei bislang unbekannte Personen  dabei beobachtet h\u00e4tte, wie sie einen Holzzaun in der  Kloster-Lorsch-Stra\u00dfe eingetreten und in Richtung Alte Waibstadter  Stra\u00dfe gefl\u00fcchtet seien. Beim Eintreffen der Funkwagenbesatzungen trafen  die Beamten auf die Hauseigent\u00fcmer, die gerade nach Hause kamen. Bei  einer Nachschau stellten diese fest, dass eine Fensterscheibe  eingeschlagen war und ein Schaden am Zaun entstanden war. Offensichtlich  versuchten die Unbekannten in das Haus einzubrechen, drangen aber nicht  in dieses vor. <\/p>\n\n\n\n<p>Einer der Fl\u00fcchtenden soll eine rote Jacke getragen und eine Sporttasche mit sich gef\u00fchrt haben. <\/p>\n\n\n\n<p>Zeugen,  denen die T\u00e4ter auffielen und Hinweise auf deren Verbleib geben k\u00f6nnen,  werden gebeten, sich bei der Kriminalpolizei unter 0621 174 4444 zu  melden. <\/p>\n\n\n\n<h4 class=\"wp-block-heading\">(K 4284 \/ Neckarbischofheim \/ Adersbach \/ Rhein-Neckar-Kreis) &#8211; Betrunken mehrfach \u00fcberschlagen<\/h4>\n\n\n\n<p>Am Samstag gegen 00.15 Uhr befuhr ein 66-j\u00e4hriger Mann mit seinem VW,  Polo die Kreisstra\u00dfe 4284 von Neckarbischofsheim in Richtung Adersbach. <\/p>\n\n\n\n<p>Nach\n derzeitigem Ermittlungsstand kam der VW dabei nach rechts von der \nFahrbahn ab, wurde von dortigem Gel\u00e4nde abgewiesen, \u00fcberschlug sich \nmehrfach und kam auf dem Dach liegend auf der Fahrbahn zu Stillstand. <\/p>\n\n\n\n<p>Der 66-J\u00e4hrige konnte sich selbst aus seinem Fahrzeug befreien und wurde nur leicht verletzt. <\/p>\n\n\n\n<p>Der\n Fahrer wurde vorsorglich in ein Krankenhaus verbracht, ein dort \ndurchgef\u00fchrter Atemalkoholtest ergab einen Wert von 0,52 Promille. <\/p>\n\n\n\n<p>Dem Mann wurde eine Blutprobe entnommen. <\/p>\n\n\n\n<p>Es entstand ein Sachschaden von mehreren tausend Euro. Die Ermittlungen wegen Stra\u00dfenverkehrsgef\u00e4hrdung dauern an. <\/p>\n\n\n\n<h4 class=\"wp-block-heading\">(Eberbach \/ Rhein-Neckar-Kreis) &#8211; Ohne F\u00fchrerschein, unter Alkoholbeeinflussung Unfall verursacht, Ermittlungen auch gegen  Fahrzeughalter<\/h4>\n\n\n\n<p>Am Freitag kurz vor 06.30 Uhr befuhr eine 21-j\u00e4hrige Frau mit einem VW  eines Gleichaltrigen die Beckstra\u00dfe in Richtung Pleutersbacher Stra\u00dfe. <\/p>\n\n\n\n<p>Nach\n bisherigen Erkenntnissen steuerte die 21-J\u00e4hrige das Fahrzeug in H\u00f6he \nder Hausnummer 15 aufgrund von Alkoholeinfluss und nicht angepasster \nGeschwindigkeit zu weit nach rechts und prallte gegen einen am \nFahrbahnrand ordnungsgem\u00e4\u00df geparkten Opel. Der VW dreht sich um 180 Grad\n und kam mit ausgel\u00f6sten Frontairbags in der Fahrbahnmitte zum Stehen. <\/p>\n\n\n\n<p>Die 21-J\u00e4hrige blieb unverletzt. Es entstand ein Sachschaden in H\u00f6he von 16.000 Euro. <\/p>\n\n\n\n<p>Die\n 21-J\u00e4hrige ist nicht im Besitz einer g\u00fcltigen Fahrerlaubnis zum F\u00fchren \neines Kraftfahrzeuges. Au\u00dferdem stand sie zum Unfallzeitpunkt unter dem \nEinfluss von Alkohol. Ein durchgef\u00fchrter Atemalkoholtest ergab einen \nWert von 0,48 Promille. <\/p>\n\n\n\n<p>Der Unfallverursacherin wurde im Polizeirevier Eberbach eine Blutprobe entnommen. <\/p>\n\n\n\n<p>Gegen  den 21-j\u00e4hirgen Halter des VWs wird zudem wegen des Zulassens des  Fahrens eines Kraftfahrzeugs ohne Fahrerlaubnis ermittelt. Er soll der  21-J\u00e4hrigen zuvor die Fahrzeugschl\u00fcssel des VWs ausgeh\u00e4ndigt haben. <\/p>\n\n\n\n<h4 class=\"wp-block-heading\">(Weinheim \/ Rhein-Neckar-Kreis) &#8211; Betrunken gegen Hauswand gefahren und abgehauen!<\/h4>\n\n\n\n<p>Am Samstag gegen 02.45 Uhr befuhr ein 18-j\u00e4hriger Mann mit einem VW,  Golf die Uhlandstra\u00dfe, geriet in H\u00f6he der Hausnummer 6 nach rechts von  der Fahrbahn ab, stie\u00df gegen einen Zaun und fuhr anschlie\u00dfend gegen eine  Hauswand. Danach sollen die Fahrzeuginsassen ausgestiegen sein und sich  den Schaden angesehen haben. Anschlie\u00dfend soll sich der 18-J\u00e4hrige  wieder in sein Auto gesetzt haben und die Unfall\u00f6rtlichkeit verlassen  haben. <\/p>\n\n\n\n<p>Bei dem Unfall entstand ein Sachschaden von mehreren tausend Euro. <\/p>\n\n\n\n<p>Es\n ergaben sich Hinweise auf den unfallverursachenden Pkw und den \nUnfallverursacher. Als Polizeibeamte die Anschrift anfuhren und dort \nklingelten, gab sich der 18-J\u00e4hrige als F\u00fchrer des Pkws zu erkennen. <\/p>\n\n\n\n<p>Ein\n durchgef\u00fchrter Alkoholtest beim Heranwachsenden ergab einen Wert von \n1,2 Promille. Dem Beschuldigten wurden im Polizeirevier Weinheim zwei \nBlutproben entnommen, da ein sog. Nachtrunk nicht ausgeschlossen werden \nkonnte. Der F\u00fchrerschein wurde sichergestellt. <\/p>\n","protected":false},"excerpt":{"rendered":"<div class=\"mh-excerpt\"><p>Polizeimeldungen vom Samstag (02.11.2019) (Speyer) &#8211; Als Falschfahrer auf B9 unterwegs und Unfall verursacht Am 02.11.2019 gegen 06:35 Uhr befuhr ein 81-j\u00e4hriger VW-Polo Fahrer die B9, Fahrtrichtung Germersheim als Falschfahrer. Einige hundert Meter vor der <a class=\"mh-excerpt-more\" href=\"https:\/\/speyer24news.com\/?p=21574\" title=\"Polizei\">[&#8230;]<\/a><\/p>\n<\/div>","protected":false},"author":3,"featured_media":0,"comment_status":"open","ping_status":"open","sticky":false,"template":"","format":"standard","meta":{"_monsterinsights_skip_tracking":false,"_monsterinsights_sitenote_active":false,"_monsterinsights_sitenote_note":"","_monsterinsights_sitenote_category":0,"footnotes":""},"categories":[12],"tags":[3614,61,2555,63,105,53,1548,102,213,55,103,106,2803,2423,427,2625,380,62,104,979,1565],"aioseo_notices":[],"amp_enabled":true,"_links":{"self":[{"href":"https:\/\/speyer24news.com\/index.php?rest_route=\/wp\/v2\/posts\/21574"}],"collection":[{"href":"https:\/\/speyer24news.com\/index.php?rest_route=\/wp\/v2\/posts"}],"about":[{"href":"https:\/\/speyer24news.com\/index.php?rest_route=\/wp\/v2\/types\/post"}],"author":[{"embeddable":true,"href":"https:\/\/speyer24news.com\/index.php?rest_route=\/wp\/v2\/users\/3"}],"replies":[{"embeddable":true,"href":"https:\/\/speyer24news.com\/index.php?rest_route=%2Fwp%2Fv2%2Fcomments&post=21574"}],"version-history":[{"count":1,"href":"https:\/\/speyer24news.com\/index.php?rest_route=\/wp\/v2\/posts\/21574\/revisions"}],"predecessor-version":[{"id":21577,"href":"https:\/\/speyer24news.com\/index.php?rest_route=\/wp\/v2\/posts\/21574\/revisions\/21577"}],"wp:attachment":[{"href":"https:\/\/speyer24news.com\/index.php?rest_route=%2Fwp%2Fv2%2Fmedia&parent=21574"}],"wp:term":[{"taxonomy":"category","embeddable":true,"href":"https:\/\/speyer24news.com\/index.php?rest_route=%2Fwp%2Fv2%2Fcategories&post=21574"},{"taxonomy":"post_tag","embeddable":true,"href":"https:\/\/speyer24news.com\/index.php?rest_route=%2Fwp%2Fv2%2Ftags&post=21574"}],"curies":[{"name":"wp","href":"https:\/\/api.w.org\/{rel}","templated":true}]}}