{"id":21603,"date":"2019-11-05T10:55:58","date_gmt":"2019-11-05T09:55:58","guid":{"rendered":"https:\/\/speyer24news.com\/?p=21603"},"modified":"2019-11-05T10:56:00","modified_gmt":"2019-11-05T09:56:00","slug":"landau-und-kreis-ld-6","status":"publish","type":"post","link":"https:\/\/speyer24news.com\/?p=21603","title":{"rendered":"Landau und Kreis LD:"},"content":{"rendered":"<style type=\"text\/css\">\r\n\t.ads_top_disp{}\r\n\t.ads_top_corner_disp{ float:left; margin:0px 10px 10px 0px; }\r\n\t.ads_first_p_disp{}\r\n\t.ads_bottom_disp{}\r\n\t<\/style>\n<h2 class=\"wp-block-heading\">Vandalismus auf der Kleinen Kalmit: OB Hirsch macht sich vor Ort Bild von Sch\u00e4den \u2013 Spendenkonto zum Wiederaufbau eingerichtet \u2013 Stadt und Kreis setzen Belohnung in H\u00f6he von 1.000 Euro aus<\/h2>\n\n\n\n<div class=\"wp-block-image\"><figure class=\"aligncenter\"><img decoding=\"async\" loading=\"lazy\" width=\"800\" height=\"533\" src=\"https:\/\/speyer24news.com\/wp-content\/uploads\/2019\/11\/Info-542-Kleine-Kalmit.jpg\" alt=\"\" class=\"wp-image-21615\" srcset=\"https:\/\/speyer24news.com\/wp-content\/uploads\/2019\/11\/Info-542-Kleine-Kalmit.jpg 800w, https:\/\/speyer24news.com\/wp-content\/uploads\/2019\/11\/Info-542-Kleine-Kalmit-300x200.jpg 300w, https:\/\/speyer24news.com\/wp-content\/uploads\/2019\/11\/Info-542-Kleine-Kalmit-768x512.jpg 768w\" sizes=\"(max-width: 800px) 100vw, 800px\" \/><figcaption> Oberb\u00fcrgermeister Thomas Hirsch (2.v.l.) machte sich jetzt gemeinsam mit  Dekan Axel Brecht (l.), dem fr\u00fcheren OB Dr. Christof Wolff (r.) sowie  Ortsvorsteher Klaus Ki\u00dfel und Ortsb\u00fcrgermeister Peter Jean (beide  verdeckt) ein Bild vom Ausma\u00df  der Zerst\u00f6rung auf der Kleinen Kalmit.<\/figcaption><\/figure><\/div>\n\n\n\n<p>Auch drei\nTage, nachdem unbekannte T\u00e4ter in der Halloween-Nacht mit einem gestohlenen\nRadlader die Kapelle auf der Kleinen Kalmit in Arzheim schwer besch\u00e4digt haben,\nherrscht in Landau und der gesamten Region noch immer Fassungslosigkeit.\nOberb\u00fcrgermeister Thomas Hirsch, der sich zum Tatzeitpunkt auf einer Tagung in\nBerlin befand, machte sich am Montag, 4. November, vor Ort ein Bild vom Ausma\u00df\nder Zerst\u00f6rung. Neben dem Vordach der Kapelle und dem Kapellengeb\u00e4ude selbst wurden\nauch die ebenfalls in Arzheim befindliche Prinz-Eugen-H\u00fctte, mehrere Weinberge,\nFelder sowie Stra\u00dfenlaternen auf Landauer sowie S\u00dcW-Gemarkung besch\u00e4digt. <\/p>\n\n\n\n<p>\u201eDie\nSchneise der Verw\u00fcstung zieht sich vom Goethepark in der Innenstadt \u00fcber\nArzheim bis kurz vor Wollmesheim \u2013 und alleine der Schaden an der\nPrinz-Eugen-H\u00fctte betr\u00e4gt ersten Sch\u00e4tzungen unseres Geb\u00e4udemanagements zufolge\n25.000 bis 30.000 Euro\u201c, informierte OB Hirsch beim Vor-Ort-Termin auf der Kleinen\nKalmit, wo er sich auch mit dem Arzheimer Ortsvorsteher Klaus Ki\u00dfel, dem\nIlbesheimer Ortsb\u00fcrgermeister Peter Jean und Dekan Axel Brecht austauschte. Gemeinsam\ndankten die Vertreter von Verwaltung und Kirche den ehrenamtlichen Helfern, die\ndas besch\u00e4digte Dach der Kapelle gest\u00fctzt und regenfest gemacht hatten, und\nzeigten sich begeistert von der Welle der Hilfsbereitschaft aus der Bev\u00f6lkerung.\n\u201eDanke auch an die VR Bank S\u00fcdliche Weinstra\u00dfe-Wasgau, die sofort bereit war,\nschnell und unb\u00fcrokratisch ein Spendenkonto einzurichten und den Wiederaufbau\nauch selbst mit einer Spende zu unterst\u00fctzen\u201c, so Hirsch, der ebenfalls eine\nSpende der Sparkasse ank\u00fcndigte. <\/p>\n\n\n\n<p>\u201eWas in der\nNacht auf Freitag auf der Kleinen Kalmit passiert ist, hatte nichts mit\nHalloween zu tun\u201c, bekr\u00e4ftigt der Stadtchef. \u201eDas war eine mutwillige\nZerst\u00f6rungsaktion, f\u00fcr die es keinerlei Entschuldigung gibt \u2013 zumal es ja nicht\nnur um Sch\u00e4den an einem Geb\u00e4ude geht, sondern auch um die Zerst\u00f6rung eines\nKulturguts, das ein St\u00fcck weit auch identit\u00e4tsstiftend f\u00fcr Arzheim, Ilbesheim\nund die gesamte Region ist\u201c, so Hirsch. <\/p>\n\n\n\n<p>Aus diesem\nGrund haben sich die Stadt Landau und der Landkreis S\u00fcdliche Weinstra\u00dfe auch dazu\nentschlossen, gemeinsam eine Belohnung in H\u00f6he von insgesamt 1.000 Euro f\u00fcr\nHinweise auszusetzen, die zur Ergreifung der T\u00e4ter f\u00fchren, informieren OB\nHirsch und Landrat Dietmar Seefeldt. <\/p>\n\n\n\n<p>\u201eDie Kleine\nKalmit mit ihrer weithin sichtbaren Kapelle befindet sich genau an der\nSchnittstelle zwischen Stadt und Kreis\u201c, betont Seefeldt. \u201eDie Zerst\u00f6rung\ndieses Wahrzeichens bewegt die Menschen in S\u00dcW und aus diesem Grund war schnell\nklar, dass wir gemeinsam mit der Stadt Landau eine Belohnung aussetzen werden,\ndie hoffentlich dazu beitr\u00e4gt, dass die T\u00e4ter zeitnah gefasst werden k\u00f6nnen.\nWas in der Halloween-Nacht auf der Kleinen Kalmit geschehen ist, macht\nfassungslos und darf nicht unges\u00fchnt bleiben.\u201c <\/p>\n\n\n\n<p>Wer in der\nNacht auf Freitag verd\u00e4chtige Beobachtungen gemacht hat, wird gebeten, diese\nder Polizei Landau unter 0 63 41\/28 70 mitzuteilen. Die Stadt Landau hat \u00fcber die\nSch\u00e4den, die ihr bekannt sind, bereits Strafantrag gestellt. <\/p>\n\n\n\n<p><strong>Das Spendenkonto, das zur Reparatur und zum schnellstm\u00f6glichen Wiederaufbau der Kapelle eingerichtet wurde, lautet: <\/strong><\/p>\n\n\n\n<ul><li>IBAN: DE34 5489 1300 0061 9265 00<\/li><li>Empf\u00e4nger: Stadt Landau<\/li><li>Verwendungszweck: \u201eSpendenaufruf Kleine Kalmit, Facebook\u201c<\/li><\/ul>\n\n\n\n<p><em>Stadtverwaltung Landau in der Pfalz<br>05.11.2019<\/em><\/p>\n\n\n\n<h2 class=\"wp-block-heading\">Festungsstadt Landau: Historiker Dr. Harald Bruckert stellt neues Buch \u201eGeschichte der Festung Landau\u201c vor \u2013 Ab sofort im Museum f\u00fcr Stadtgeschichte und im Buchhandel erh\u00e4ltlich<\/h2>\n\n\n\n<div class=\"wp-block-image\"><figure class=\"aligncenter\"><img decoding=\"async\" loading=\"lazy\" width=\"800\" height=\"534\" src=\"https:\/\/speyer24news.com\/wp-content\/uploads\/2019\/11\/Info-537-Buchvorstellung.jpg\" alt=\"\" class=\"wp-image-21614\" srcset=\"https:\/\/speyer24news.com\/wp-content\/uploads\/2019\/11\/Info-537-Buchvorstellung.jpg 800w, https:\/\/speyer24news.com\/wp-content\/uploads\/2019\/11\/Info-537-Buchvorstellung-300x200.jpg 300w, https:\/\/speyer24news.com\/wp-content\/uploads\/2019\/11\/Info-537-Buchvorstellung-768x513.jpg 768w\" sizes=\"(max-width: 800px) 100vw, 800px\" \/><figcaption>v.r.:  B\u00fcrgermeister Dr. Maximilian Ingenthron und Stadtarchivarin Christine  Kohl-Langer gemeinsam mit Autor Dr. Harald Bruckert und Grafiker Stefan Kindel bei der Vorstellung des neuen Buchs \u201eGeschichte der Festung Landau\u201c. <\/figcaption><\/figure><\/div>\n\n\n\n<p>Sie galt als\neine der st\u00e4rksten Befestigungen der Christenheit: Die Festung der Stadt\nLandau. Mit ihren knapp 200 Festungswerken ist sie heute au\u00dferdem eines der gr\u00f6\u00dften\nFl\u00e4chendenkm\u00e4ler in Rheinland-Pfalz. Einheimische wie auch G\u00e4ste der Stadt haben\neine Reihen von M\u00f6glichkeiten, sich umfassend \u00fcber die historische Anlage zu\ninformieren. Zu den F\u00fchrungen des Festungsbauvereins ist seit 2016 das\nFestungsleitsystem \u201eRoute Vauban\u201c hinzugekommen und auch im neuen Museum f\u00fcr\nStadtgeschichte wurde der Fokus auf Landau als Festungsstadt gelegt. Mit dem\nBuch \u201eGeschichte der Festung Landau\u201c von Historiker Dr. Harald Bruckert und\nGrafiker Stefan Kindel liegt ab sofort au\u00dferdem eine umfassende Publikation zum\nThema Festung vor, die deren wechselvolle Geschichte im Lauf der Jahrhunderte\nbeschreibt. <\/p>\n\n\n\n<p>Die\nVorstellung des neuen Werks fand jetzt im Museum f\u00fcr Stadtgeschichte statt.\nB\u00fcrgermeister und Kulturdezernent Dr. Maximilian Ingenthron begr\u00fc\u00dfte die\n\u00fcberaus zahlreich erschienenen G\u00e4ste, betonte die Bedeutung der Landauer\nFestung f\u00fcr die Entwicklung der Stadt und war voll des Lobes f\u00fcr den neu\nerschienen Band der Schriftenreihe zur Geschichte Landaus. \u201eNichts hat unsere\nStadtentwicklung bis heute so gepr\u00e4gt wie die barocke Festungsanlage aus dem\n17. Jahrhundert. Massive Bauten und zahlreiche Belagerungen, wechselnde\nHerrschaften und gro\u00dfe Garnisonen nahmen f\u00fcr Jahrhunderte entscheidenden\nEinfluss auf die architektonische Stadtentwicklung und bestimmten das soziale\nund wirtschaftliche Leben in Landau. Es freut mich sehr, dass die Festung seit\neinigen Jahren, nicht zuletzt auch durch ihre Unterschutzstellung, wieder fest\nim \u00f6ffentlichen Interesse verankert ist. Mit dem Buch von Dr. Harald Bruckert\nliegt nun eine reich bebilderte Publikation zu dieser Thematik vor, die den\nLeserinnen und Lesern einen ganz gro\u00dfen Erkenntnisgewinn beschert. Das Werk\nstellt die Thematik in einer enormen Vielfalt an Einzelaspekten dar und\narbeitet vor allem auch heraus, was das Leben in einer Festungsstadt f\u00fcr das\nzivilgesellschaftliche Leben bedeutete. Die Festung pr\u00e4gte jedoch nicht nur\nStadt und Region, sondern war Teil von Weichenstellungen der deutschen, ja der\neurop\u00e4ischen Geschichte. Von der Befestigung bis zur Entfestigung, von der\nVergangenheit bis in die Gegenwart hinein war und ist die Festung Landau also\nweitaus mehr als ein Bauwerk. Sie beeinflusste ma\u00dfgeblich die Bildung einer\nLandauer Identit\u00e4t \u2013 und sie wird f\u00fcr die Stadt als Monument und Erinnerungsort\nauch in Zukunft von herausragender Bedeutung bleiben. All dies arbeitet die\nPublikation in \u00e4u\u00dferst lesenswerter Form heraus\u201c, so B\u00fcrgermeister Dr.\nIngenthron.<\/p>\n\n\n\n<p>\u201eDie im Jahr\n1989 erschienene letzte gro\u00dfe Publikation zum Thema Festung von Rolf \u00dcbel und\nFred Raithel ist seit langem vergriffen\u201c, betont Stadtarchivarin und\nMuseumsleiterin Christine Kohl-Langer. \u201eWir freuen uns, dass wir den\nB\u00fcrgerinnen und B\u00fcrgern mit dem Buch des Landauer Historikers Dr. Harald\nBruckert, der bereits zahlreiche Publikationen zur lokalen und regionalen\nGeschichte ver\u00f6ffentlicht hat und zugleich als Lehrer f\u00fcr Deutsch und\nGeschichte am Eduard-Spranger-Gymnasium t\u00e4tig ist, nun ein neues umfassendes\nNachschlagewerk zum Thema Festung pr\u00e4sentieren d\u00fcrfen.\u201c\n\nDas Buch \u201eGeschichte der Festung Landau\u201c ist der\n12. Band der Schriftenreihe zur Geschichte der Stadt Landau. Herausgegeben und\nfinanziert von der Stadt Landau, wurde er mit einer Auflage von 1.500\nExemplaren gedruckt und ist ab sofort f\u00fcr 18 Euro im Museum f\u00fcr Stadtgeschichte\nin der Maximilianstra\u00dfe sowie \u00fcberall im Buchhandel erh\u00e4ltlich.\n\n\n\n<\/p>\n\n\n\n<p><em>Stadtverwaltung Landau in der Pfalz<br>05.11.2019<\/em><\/p>\n\n\n\n<h2 class=\"wp-block-heading\">Informationsabend der Landauer weiterf\u00fchrenden Schulen am Mittwoch, 20. November, in der Jugendstil-Festhalle<\/h2>\n\n\n\n<div class=\"wp-block-image\"><figure class=\"aligncenter\"><img decoding=\"async\" loading=\"lazy\" width=\"800\" height=\"471\" src=\"https:\/\/speyer24news.com\/wp-content\/uploads\/2019\/11\/Info-533-Infoabend-weiterf\u00fchrende-Schulen.jpg\" alt=\"\" class=\"wp-image-21613\" srcset=\"https:\/\/speyer24news.com\/wp-content\/uploads\/2019\/11\/Info-533-Infoabend-weiterf\u00fchrende-Schulen.jpg 800w, https:\/\/speyer24news.com\/wp-content\/uploads\/2019\/11\/Info-533-Infoabend-weiterf\u00fchrende-Schulen-300x177.jpg 300w, https:\/\/speyer24news.com\/wp-content\/uploads\/2019\/11\/Info-533-Infoabend-weiterf\u00fchrende-Schulen-768x452.jpg 768w\" sizes=\"(max-width: 800px) 100vw, 800px\" \/><figcaption> Auch in diesem Jahr bietet die Stadt Landau eine  Informationsveranstaltung f\u00fcr Eltern an, deren Kinder im kommenden  Schuljahr die f\u00fcnfte Klasse besuchen werden: Am Mittwoch, 20. November,  pr\u00e4sentierten sich alle weiterf\u00fchrenden Schulen  in der Jugendstil-Festhalle. <\/figcaption><\/figure><\/div>\n\n\n\n<p>Auch in diesem Jahr bietet die Stadt Landau eine Informationsveranstaltung f\u00fcr Eltern an, deren Kinder im kommenden Schuljahr die f\u00fcnfte Klasse besuchen werden. Neben den staatlichen Schulen (Eduard-Spranger-Gymnasium, Max-Slevogt-Gymnasium, Otto-Hahn-Gymnasium, Integrierte Gesamtschule und Konrad-Adenauer-Realschule plus mit Fachoberschule Technik \/ Umwelt) werden sich auch die privaten Schulen (Maria-Ward-Schule mit Realschule und Gymnasium sowie Integrierte Gesamtschule Montessori) pr\u00e4sentieren. Damit sind alle weiterf\u00fchrenden Schulen an diesem Abend vertreten. Der Informationsabend findet am <strong>Mittwoch, 20. November<\/strong>, ab 19 Uhr in der Jugendstil-Festhalle statt; Einlass ist ab 18 Uhr.<\/p>\n\n\n\n<p>\u201eLandaus\nBildungslandschaft ist enorm vielf\u00e4ltig. Alle Schulen zeichnen sich durch ein unglaublich\nhohes Ma\u00df an Kreativit\u00e4t und ihr unerm\u00fcdliches Engagement aus\u201c, betont\nB\u00fcrgermeister Dr. Maximilian Ingenthron, der die Infoveranstaltung in seiner\nFunktion als Schuldezernent er\u00f6ffnen wird. \u201eDie Stadt Landau f\u00f6rdert diese\nVielfalt nach Kr\u00e4ften, ist sie doch die Grundlage daf\u00fcr, dass alle Sch\u00fclerinnen\nund Sch\u00fcler das f\u00fcr sie geeignete Bildungsangebot finden\u201c, so Dr. Ingenthron\nweiter. Aus diesem Grund sei ein umfassender Informationsabend, der die unterschiedlichen\nAusrichtungen und Profile der Schulen darstelle, sowohl f\u00fcr die Eltern als auch\nf\u00fcr die Sch\u00fclerinnen und Sch\u00fcler von erheblicher Bedeutung. <\/p>\n\n\n\n<p>Nach\nder Er\u00f6ffnung des Infoabends durch Dr. Ingenthron haben die Vertreterinnen und\nVertreter der IGS, der Montessori-Schule, der KARS plus und der\nMaria-Ward-Schule die Gelegenheit, \u00fcber die einzelnen Schulen zu berichten.\nAnschlie\u00dfend sind die Vertreterinnen und Vertreter der drei staatlichen\nGymnasien an der Reihe: Sie kl\u00e4ren \u00fcber die grunds\u00e4tzlichen Anforderungen, die\nan Kinder beim Besuch eines Gymnasiums gestellt werden, auf und erl\u00e4utern die\nwesentlichen Unterscheidungsmerkmale der drei Gymnasien.\n\nNach dem Ende des\noffiziellen Teils, das f\u00fcr 20:20 Uhr vorgesehen ist, stehen Lehrkr\u00e4fte der\neinzelnen Schulen f\u00fcr pers\u00f6nliche Gespr\u00e4che mit Eltern und Sch\u00fclerinnen und\nSch\u00fclern im Foyer zur Verf\u00fcgung.\n\n\n\n<\/p>\n\n\n\n<p><em>Stadtverwaltung Landau in der Pfalz<br>05.11.2019<\/em><\/p>\n\n\n\n<h2 class=\"wp-block-heading\">Kleine Kalmit in Arzheim: Landauer OB Hirsch verurteilt Vandalismus aufs Sch\u00e4rfste<\/h2>\n\n\n\n<div class=\"wp-block-image\"><figure class=\"aligncenter\"><img decoding=\"async\" loading=\"lazy\" width=\"500\" height=\"667\" src=\"https:\/\/speyer24news.com\/wp-content\/uploads\/2019\/11\/Info-541-Kleine-Kalmit.jpg\" alt=\"\" class=\"wp-image-21612\" srcset=\"https:\/\/speyer24news.com\/wp-content\/uploads\/2019\/11\/Info-541-Kleine-Kalmit.jpg 500w, https:\/\/speyer24news.com\/wp-content\/uploads\/2019\/11\/Info-541-Kleine-Kalmit-225x300.jpg 225w\" sizes=\"(max-width: 500px) 100vw, 500px\" \/><figcaption> Freiwillige Helferinnen und Helfer, darunter die Einheit Arzheim der  Freiwilligen Feuerwehr Landau, helfen bei der Sicherung des Dachs der  Kapelle auf der Kleinen Kalmit. <\/figcaption><\/figure><\/div>\n\n\n\n<p>Die Kapelle auf der Kleinen Kalmit bei Arzheim ist offenbar Opfer von Vandalismus geworden; das Vordach wurde von den unbekannten T\u00e4tern vollkommen zerst\u00f6rt und auch das Geb\u00e4ude selbst erheblich in Mitleidenschaft gezogen. Oberb\u00fcrgermeister Thomas Hirsch verurteilt die Tat aufs Sch\u00e4rfste. <\/p>\n\n\n\n<div class=\"wp-block-image\"><figure class=\"aligncenter\"><img decoding=\"async\" loading=\"lazy\" width=\"800\" height=\"600\" src=\"https:\/\/speyer24news.com\/wp-content\/uploads\/2019\/11\/01.11.2019-LD-Bagger2.jpg\" alt=\"\" class=\"wp-image-21539\" srcset=\"https:\/\/speyer24news.com\/wp-content\/uploads\/2019\/11\/01.11.2019-LD-Bagger2.jpg 800w, https:\/\/speyer24news.com\/wp-content\/uploads\/2019\/11\/01.11.2019-LD-Bagger2-300x225.jpg 300w, https:\/\/speyer24news.com\/wp-content\/uploads\/2019\/11\/01.11.2019-LD-Bagger2-768x576.jpg 768w, https:\/\/speyer24news.com\/wp-content\/uploads\/2019\/11\/01.11.2019-LD-Bagger2-678x509.jpg 678w, https:\/\/speyer24news.com\/wp-content\/uploads\/2019\/11\/01.11.2019-LD-Bagger2-326x245.jpg 326w, https:\/\/speyer24news.com\/wp-content\/uploads\/2019\/11\/01.11.2019-LD-Bagger2-80x60.jpg 80w\" sizes=\"(max-width: 800px) 100vw, 800px\" \/><figcaption>Besch\u00e4digtes Dach der Kapelle<\/figcaption><\/figure><\/div>\n\n\n\n<p>Der OB, der\nsich aktuell auf dem Weg zu einer Tagung in Berlin befindet, lie\u00df sich von\nOrtsvorsteher Klaus Ki\u00dfel \u00fcber die Vorg\u00e4nge informieren. Nach seiner R\u00fcckkehr\nwill sich der Stadtchef am kommenden Montag gemeinsam mit dem Ortsvorsteher\npers\u00f6nlich ein Bild vor Ort machen. Gegen\u00fcber dem Dekan der katholischen\nKirche, Axel Brecht, brachte der OB bereits seine Betroffenheit \u00fcber die\nbrutalen Besch\u00e4digungen zum Ausdruck. \n\n\u201eDie Mater-Dolorosa-Kapelle auf der Kleinen Kalmit\nist ein wertvolles Kleinod und als Zeichen der Identifikation f\u00fcr unser\nStadtdorf Arzheim weit \u00fcber die Region hinaus bekannt\u201c, so Hirsch in einer\nersten Reaktion. Man arbeite bereits an einer Spendenaktion f\u00fcr den\nWiederaufbau \u2013 auch wenn er hoffe, dass die T\u00e4ter ausfindig gemacht und nicht\nnur strafrechtlich, sondern auch finanziell zur Verantwortung gezogen werden\nk\u00f6nnen, informiert der OB.\n\n\n\n<\/p>\n\n\n\n<p><em>Stadtverwaltung Landau in der Pfalz<br>05.11.2019<\/em><\/p>\n\n\n\n<h2 class=\"wp-block-heading\">Landauerin gewinnt internationalen \u201eSpeaker Slam\u201c: Lehrerin und Lerncoach Lisa Reinheimer will Kindern Freude am Lernen vermitteln<\/h2>\n\n\n\n<div class=\"wp-block-image\"><figure class=\"aligncenter\"><img decoding=\"async\" loading=\"lazy\" width=\"800\" height=\"533\" src=\"https:\/\/speyer24news.com\/wp-content\/uploads\/2019\/11\/Info-526-Reinheimer.jpg\" alt=\"\" class=\"wp-image-21611\" srcset=\"https:\/\/speyer24news.com\/wp-content\/uploads\/2019\/11\/Info-526-Reinheimer.jpg 800w, https:\/\/speyer24news.com\/wp-content\/uploads\/2019\/11\/Info-526-Reinheimer-300x200.jpg 300w, https:\/\/speyer24news.com\/wp-content\/uploads\/2019\/11\/Info-526-Reinheimer-768x512.jpg 768w\" sizes=\"(max-width: 800px) 100vw, 800px\" \/><figcaption> OB Thomas Hirsch lud Lisa Reinheimer, Siegerin des  1. Internationalen Speaker Slams in Wiesbaden, jetzt zum Austausch ins  Landauer Rathaus ein.<\/figcaption><\/figure><\/div>\n\n\n\n<p>\u201eIch bin davon \u00fcberzeugt, dass es gar nicht so viel\nbraucht, um aus jedem Kind eine Klassenheldin oder einen Klassenhelden zu\nmachen.\u201c Wer mit Lisa Reinheimer spricht, merkt schnell: Die Lehrerin an der\nLandauer Montessori-Schule brennt f\u00fcr ihr Herzensthema \u2013 Kindern Freude am\nLernen zu vermitteln. Wie Lernen eine gl\u00fcckliche und erfolgreiche Erfahrung f\u00fcr\nKinder werden kann, war auch das Thema des Kurzvortrags, mit dem die 29-j\u00e4hrige\njetzt den 1. Internationalen Speaker Slam in Wiesbaden f\u00fcr sich entscheiden\nkonnte. In der Kategorie \u201eRedneragentur\u201c setzte sich Reinheimer gegen ihre 67\nMitstreiterinnen und Mitstreiter durch, die allesamt je 5 Minuten Zeit hatten,\num die Jury von sich und ihren ganz unterschiedlichen Themen zu \u00fcberzeugen. <\/p>\n\n\n\n<p>Oberb\u00fcrgermeister Thomas Hirsch freut sich \u00fcber den Erfolg der Landauerin \u2013 und betont die Wichtigkeit ihres Themas. \u201eLisas Reinheimers Enthusiasmus, wenn sie \u00fcber ihren Beruf und ihre Berufung redet, ist ansteckend und ich gratuliere ihr herzlich zu ihrem tollen und verdienten Erfolg auf der \u00abgro\u00dfen B\u00fchne\u00bb.\u201c Der Landauer Lehrerin sei es ein leidenschaftliches Anliegen, Jugendliche zu f\u00f6rdern und zu st\u00e4rken und ihnen Freude am Lernen zu vermitteln, so Hirsch \u2013 eine Herzensangelegenheit, die er als Jugenddezernent nur unterst\u00fctzen k\u00f6nne. Zu Recht betone Reinheimer selbst, dass die Vermittlung von Spa\u00df an Bildung bei Kindern und Jugendlichen letzlich auch ein Mittel gegen den gef\u00fcrchteten Fachkr\u00e4ftemangel sei, ist Landaus OB mit Blick auf die Wirtschaft \u00fcberzeugt.  \u201eJedes Kind soll eine gl\u00fcckliche Schulzeit haben\u201c: Mit diesem Ziel und inspiriert durch Erfahrungen in Hongkong und Singapur hat sich Lisa Reinheimer neben ihrer Lehrt\u00e4tigkeit an der Landauer Montessorischule zum Lerncoach ausbilden lassen. Ihre Tipps und Anregungen sollen Eltern dazu bef\u00e4higen, Kinder entspannt und erfolgreich durch die Schule zu bringen. \u201eIch will, dass jedes Kind die Schule gest\u00e4rkt verl\u00e4sst \u2013 mit einem Ranzen voller Erfolgserlebnisse, super Noten und gl\u00fccklicher Erinnerungen\u201c, so Reinheimers Motivation. Ihr Blog und ihre Lerntipps sind im Netz unter <a href=\"http:\/\/lisareinheimer.com\">http:\/\/lisareinheimer.com<\/a>, bei Facebook unter \u201e<a href=\"https:\/\/www.facebook.com\/lerncoachlisa-107234580646973\/\">lerncoach.lisa<\/a>\u201c und bei Instagram unter \u201elisareinheimer_\u201c zu finden.  <\/p>\n\n\n\n<p><em>Stadtverwaltung Landau in der Pfalz<br>05.11.2019<\/em><\/p>\n\n\n\n<h2 class=\"wp-block-heading\">Mitgliederversammlung mit Neuwahlen des Stadtjugendrings Landau<\/h2>\n\n\n\n<div class=\"wp-block-image\"><figure class=\"aligncenter\"><img decoding=\"async\" loading=\"lazy\" width=\"800\" height=\"531\" src=\"https:\/\/speyer24news.com\/wp-content\/uploads\/2019\/11\/Info-531-Stadtjugendring.jpg\" alt=\"\" class=\"wp-image-21610\" srcset=\"https:\/\/speyer24news.com\/wp-content\/uploads\/2019\/11\/Info-531-Stadtjugendring.jpg 800w, https:\/\/speyer24news.com\/wp-content\/uploads\/2019\/11\/Info-531-Stadtjugendring-300x199.jpg 300w, https:\/\/speyer24news.com\/wp-content\/uploads\/2019\/11\/Info-531-Stadtjugendring-768x510.jpg 768w\" sizes=\"(max-width: 800px) 100vw, 800px\" \/><figcaption> Gemeinsam stark f\u00fcr Jugendliche: Im Stadtjugendring  Landau sind Vereine, Verb\u00e4nde und Institutionen zusammengeschlossen,  die Kinder- und Jugendarbeit betreiben.<\/figcaption><\/figure><\/div>\n\n\n\n<p>Der Stadtjugendring Landau l\u00e4dt f\u00fcr <strong>Montag, 18. November<\/strong>, um 19 Uhr zu einer Mitgliederversammlung mit Neuwahlen des Vorstands ins Haus der Jugend in der Waffenstra\u00dfe. Eingeladen sind alle Mitgliedsverb\u00e4nde des Stadtjugendrings, aber auch Vereine und Verb\u00e4nde, die noch nicht Mitglied in diesem Gremium sind und sich \u00fcber die Arbeit und M\u00f6glichkeiten des Stadtjugendrings informieren m\u00f6chten.<\/p>\n\n\n\n<p>Mitglied werden k\u00f6nnen alle Vereine, Verb\u00e4nde und\nInstitutionen aus Landau, die Kinder- und Jugendarbeit betreiben. Um Mitglied\nzu werden, ist eine formlose Willenserkl\u00e4rung gegen\u00fcber der Vorstandschaft des\nStadtjugendrings erforderlich.<\/p>\n\n\n\n<p>Ausk\u00fcnfte \u00fcber den Stadtjugendring erteilen die Vorsitzende Ingrid Stubner (<a href=\"info@stadtjugendring-landau.de\">info@stadtjugendring-landau.de<\/a>) bzw. Stadtjugendpfleger Arno Sch\u00f6nh\u00f6fer (<a href=\"mailto:arno.schoenhoefer@landau.de\">arno.schoenhoefer@landau.de<\/a>, 0 63 41\/13 51 70). <\/p>\n\n\n\n<p><em>Stadtverwaltung Landau in der Pfalz<br>05.11.2019<\/em><\/p>\n\n\n\n<h2 class=\"wp-block-heading\">Gemeinsam f\u00fcr die Region: Verein S\u00dcW, B\u00fcro f\u00fcr Tourismus Landau und Sparkasse S\u00dcW gr\u00fcnden Veranstaltungsgesellschaft<\/h2>\n\n\n\n<div class=\"wp-block-image\"><figure class=\"aligncenter\"><img decoding=\"async\" loading=\"lazy\" width=\"800\" height=\"533\" src=\"https:\/\/speyer24news.com\/wp-content\/uploads\/2019\/11\/Gemeinsame-PM-Veranstaltungsgesellschaft.jpg\" alt=\"\" class=\"wp-image-21609\" srcset=\"https:\/\/speyer24news.com\/wp-content\/uploads\/2019\/11\/Gemeinsame-PM-Veranstaltungsgesellschaft.jpg 800w, https:\/\/speyer24news.com\/wp-content\/uploads\/2019\/11\/Gemeinsame-PM-Veranstaltungsgesellschaft-300x200.jpg 300w, https:\/\/speyer24news.com\/wp-content\/uploads\/2019\/11\/Gemeinsame-PM-Veranstaltungsgesellschaft-768x512.jpg 768w\" sizes=\"(max-width: 800px) 100vw, 800px\" \/><figcaption>v.l.:  Sparkassen-Vorstandsvorsitzender Bernd Jung, Oberb\u00fcrgermeister Thomas  Hirsch, der Landauer Tourismusgesch\u00e4ftsf\u00fchrer Bernd Wichmann und Landrat  Dietmar Seefeldt bei der Bekanntgabe der geplanten Gr\u00fcndung  einer gemeinsamen Veranstaltungsgesellschaft. <\/figcaption><\/figure><\/div>\n\n\n\n<p>Der Verein S\u00fcdliche\nWeinstrasse will gemeinsam mit dem B\u00fcro f\u00fcr Tourismus der Stadt Landau und der\nSparkasse S\u00fcdliche Weinstra\u00dfe eine Veranstaltungsgesellschaft gr\u00fcnden, um\nbisherige Aktivit\u00e4ten zu b\u00fcndeln, neue Potenziale zu erschlie\u00dfen und ein\nStandortmarketing zu entwickeln. Das gaben Landrat Dietmar Seefeldt,\nOberb\u00fcrgermeister Thomas Hirsch und Sparkassen-Vorstandsvorsitzender Bernd Jung\njetzt bekannt.<\/p>\n\n\n\n<p>Seefeldt hatte\nbereits bei der S\u00dcW-Mitgliederversammlung vergangene Woche erste Hinweise in\ndiese Richtung gegeben. \u201eZu diesem Zeitpunkt konnte ich leider noch nicht\nkonkret werden. Es war mir aber wichtig, dass die Mitglieder des Vereins\nzumindest wissen, dass eine Neuerung ansteht und diese nicht aus den Medien\nerfahren\u201c, so Seefeldt. Zwischenzeitlich seien weitere Entscheidungstr\u00e4ger in\ndie Planungen eingebunden worden, sodass jetzt die Bekanntgabe des Vorhabens\nerfolgen k\u00f6nne.<\/p>\n\n\n\n<p>Dazu ist\nvorgesehen, die beiden Verleihstellen an der Kreuzm\u00fchle (S\u00dcW) und in der\nTaubensuhlstra\u00dfe (LD) in Landau zusammenzuf\u00fchren. In der Taubensuhlstra\u00dfe soll\ndie neue Gesellschaft auch ihren Sitz haben.<\/p>\n\n\n\n<p>Neben dem\nVerleihservice soll die Gesellschaft zum Beispiel das S\u00dcW-Weinfest auf der\nBlutenburg in M\u00fcnchen, das Weinfest in Landau an der Isar, die Weintage der\nS\u00fcdlichen Weinstra\u00dfe im Frank-Loebschen-Haus in Landau sowie weitere\nMesseauftritte und Promotion-Veranstaltungen organisieren, aber auch die\nbew\u00e4hrte Veranstaltungslogistik zur Unterst\u00fctzung von Winzerbetrieben und\n\u00f6rtlichen Veranstaltern anbieten.<\/p>\n\n\n\n<p>Personell ist ein\nschlanker Aufbau vorgesehen: Bernd Wichmann, seit kurzem neuer Gesch\u00e4ftsf\u00fchrer\ndes Landauer B\u00fcros f\u00fcr Tourismus, soll auch Gesch\u00e4ftsf\u00fchrer der neuen\ngemeinsamen Veranstaltungsgesellschaft werden. Vorgesehen ist weiter, einen\nTeil des bisherigen Teams der S\u00dcW-Weinwerbung zu integrieren.<\/p>\n\n\n\n<p>F\u00fcr Landrat\nSeefeldt ist die neue Gesellschaft ein weiterer Beitrag zum kommunalen\nMiteinander im Interesse der Region. \u201eWir b\u00fcndeln Aufgaben und Interessen, um\neffizient f\u00fcr die S\u00dcW aufgestellt zu sein\u201c, so der S\u00dcW-Vorsitzende. <\/p>\n\n\n\n<p>OB Hirsch als sein\nStellvertreter beim Verein S\u00dcW erg\u00e4nzt: \u201eWir nutzen parallele Entwicklungen \u2013\ndie notwendige Neuaufstellung der Weinwerbung vor Ort beim Verein S\u00dcW und die\ngeplante Umstrukturierung mit dem Gesch\u00e4ftsf\u00fchrerwechsel bei unserem Landauer\nB\u00fcro f\u00fcr Tourismus \u2013 um Synergieeffekte auszubauen.\u201c <\/p>\n\n\n\n<p>Sparkassenchef\nBernd Jung: \u201eDie Sparkasse, die schon bisher als gro\u00dfer Sponsor und Abnehmer\nder Veranstaltungsleistungen gute Erfahrungen mit dem Verein S\u00dcW gemacht hat,\nsieht gro\u00dfes Potenzial in einem solchen Angebot; daher haben wir uns \u00fcber die\nEinladung zum Mitmachen sehr gefreut und wollen uns gerne mit unseren\nKompetenzen einbringen. In der neuen gemeinsamen Veranstaltungsgesellschaft tun\nsich drei starke Partner zusammen, um das gro\u00dfe Potenzial, das in der Region\nvorhanden ist, zu nutzen.\u201c<\/p>\n\n\n\n<p>Die neue Gesellschaft soll m\u00f6glichst zu Beginn des neuen Jahres ihre Arbeit aufnehmen, dann ist auch eine erste Auftaktveranstaltung geplant.<\/p>\n\n\n\n<p><em>Text: Gemeinsame Pressemitteilung des Vereins S\u00fcdliche Weinstrasse, des B\u00fcros f\u00fcr Tourismus der Stadt Landau in der Pfalz und der Sparkasse S\u00fcdliche Weinstra\u00dfe Foto: Stadt Landau in der Pfalz<br>05.11.2019<\/em><\/p>\n\n\n\n<h2 class=\"wp-block-heading\">\u201eHaus des Sehens\u201c: OB Thomas Hirsch stattet Sehzentrum und Augenoptikbetrieb am Landauer Obertorplatz Unternehmensbesuch ab<\/h2>\n\n\n\n<div class=\"wp-block-image\"><figure class=\"aligncenter\"><img decoding=\"async\" loading=\"lazy\" width=\"800\" height=\"533\" src=\"https:\/\/speyer24news.com\/wp-content\/uploads\/2019\/11\/Info-532-Haus-des-Sehens.jpg\" alt=\"\" class=\"wp-image-21608\" srcset=\"https:\/\/speyer24news.com\/wp-content\/uploads\/2019\/11\/Info-532-Haus-des-Sehens.jpg 800w, https:\/\/speyer24news.com\/wp-content\/uploads\/2019\/11\/Info-532-Haus-des-Sehens-300x200.jpg 300w, https:\/\/speyer24news.com\/wp-content\/uploads\/2019\/11\/Info-532-Haus-des-Sehens-768x512.jpg 768w\" sizes=\"(max-width: 800px) 100vw, 800px\" \/><figcaption> OB Thomas Hirsch (r.) stattete dem \u201eHaus des Sehens\u201c am Landauer  Obertorplatz jetzt einen Besuch ab und lie\u00df sich von Gesch\u00e4ftsinhaber  Martin M\u00fctsch (l.) \u00fcber aktuelle Entwicklungen informieren. <\/figcaption><\/figure><\/div>\n\n\n\n<p>Das\nThema Sehen ganzheitlich behandeln: Das ist Anspruch des Landauer\nAugenoptikbetriebs \u201eHaus des Sehens\u201c. Das rheinland-pfalzweit einzige von der Wissenschaftlichen\nVereinigung f\u00fcr Augenoptik und Optometrie (WVAO) zertifizierte Sehzentrum ist\nnicht nur qualifizierter Ansprechpartner f\u00fcr herk\u00f6mmliche Brillen, sondern\nbietet mit eigenen patentierten Verfahren auch spezielle visuelle Hilfen nach\neinem Schlaganfall oder bei anderweitigen Erkrankungen. Dar\u00fcber hinaus\nveranstaltet das Landauer Unternehmen in seinen R\u00e4umlichkeiten am Obertorplatz\nregelm\u00e4\u00dfig Musikevents, Kunstausstellungen oder Lesungen.<\/p>\n\n\n\n<p>Oberb\u00fcrgermeister\nThomas Hirsch stattete dem Betrieb im ehemaligen Telegraphenamt am\nFranz\u00f6sischen Tor jetzt einen Besuch ab und lie\u00df sich von Gesch\u00e4ftsinhaber\nMartin M\u00fctsch \u00fcber aktuelle Entwicklungen informieren. \u201eEs freut mich sehr,\ndass das \u00bbHaus des Sehens\u00ab nun schon seit fast zehn Jahren am Standort Landau\nt\u00e4tig ist und mit seinen patentierten Angeboten nicht nur regionale Kundinnen\nund Kunden, sondern auch Besucherinnen und Besucher \u00fcber Landes- und\nBundesgrenzen hinaus in unsere Stadt lockt\u201c, so der Stadtchef, der in diesem\nZusammenhang noch einmal auf die vielen \u201eHidden Champions\u201c in der Stadt\nverweist, die Patente auf innovative und einzigartige Ideen halten. Als inhabergef\u00fchrtes Gesch\u00e4ft,\ndas sich gleichzeitig mit Kunst- und Kulturevents in das kulturelle Leben der\nStadt einbringe, trage das \u201eHaus des Sehens\u201c ma\u00dfgeblich zur Attraktivit\u00e4t der\nLandauer Innenstadt und der weiteren Belebung des Bereichs rund um die Obere\nMarktstra\u00dfe und den Obertorplatz bei, ist Hirsch \u00fcberzeugt.\n\nN\u00e4here Information zu den\nAngeboten des Sehzentrums und zur aktuellen Doppelausstellung der K\u00fcnstlerinnen\nMargot Lied und Elke Hohmann finden sich unter <a href=\"http:\/\/www.haus-des-sehens.com\">www.haus-des-sehens.com<\/a>.\n\n\n\n<\/p>\n\n\n\n<p><em>Stadtverwaltung Landau in der Pfalz<br>05.11.2019<\/em><\/p>\n\n\n\n<h2 class=\"wp-block-heading\">Weichen f\u00fcr neuen Beirat f\u00fcr Migration und Integration in Landau gestellt: Ali Alhammoud holt meiste Stimmen \u2013 Sozialdezernent Dr. Ingenthron freut sich auf neue Impulse<\/h2>\n\n\n\n<div class=\"wp-block-image\"><figure class=\"aligncenter\"><img decoding=\"async\" loading=\"lazy\" width=\"800\" height=\"533\" src=\"https:\/\/speyer24news.com\/wp-content\/uploads\/2019\/11\/Info-527-Beirat-Migration-und-Integration.jpg\" alt=\"\" class=\"wp-image-21607\" srcset=\"https:\/\/speyer24news.com\/wp-content\/uploads\/2019\/11\/Info-527-Beirat-Migration-und-Integration.jpg 800w, https:\/\/speyer24news.com\/wp-content\/uploads\/2019\/11\/Info-527-Beirat-Migration-und-Integration-300x200.jpg 300w, https:\/\/speyer24news.com\/wp-content\/uploads\/2019\/11\/Info-527-Beirat-Migration-und-Integration-768x512.jpg 768w\" sizes=\"(max-width: 800px) 100vw, 800px\" \/><figcaption> v.l.: B\u00fcrgermeister Dr. Maximilian Ingenthron, Tri Tin Vuong, Kandasamy  Kulenderarajah, Ameer Albarode, Suhila Algmati, Ali Alhammoud, Nuriye  Bayram, Orhan Yilmaz und Hassan Jibril Hirsi nach der  Ausz\u00e4hlung f\u00fcr den Landauer Beirat  f\u00fcr Migration und Integration.  <\/figcaption><\/figure><\/div>\n\n\n\n<p>Landau hat gew\u00e4hlt: Am Sonntag, 27. Oktober, waren die\nEinwohnerinnen und Einwohner mit Migrationshintergrund aufgerufen, einen neuen\nBeirat f\u00fcr Migration und Integration zu w\u00e4hlen. Am Ende konnte die Liste \u201eLeben\nin Landau\u201c f\u00fcnf und die Liste \u201eZusammen Eins\u201c drei Sitze im neuen Gremien f\u00fcr\nsich verbuchen. Nach Listenpl\u00e4tzen zogen damit (in der Reihefolge der meisten\nStimmen) Ali Alhammoud, Hassan Jibril Hirsi, Ameer Albarode, Kandasamy\nKulenderarajah, Nuriye Bayram, Orhan Yilmaz, Suhila Algmati und Tri Tin Vuong\nin den Beirat f\u00fcr Migration und Integration ein. <\/p>\n\n\n\n<p>Oberb\u00fcrgermeister Thomas Hirsch und B\u00fcrgermeister Dr.\nMaximilian Ingenthron danken allen Kandidatinnen und Kandidaten f\u00fcr deren\nEngagement und gratulieren den Wahlsiegerinnen und Wahlsiegern. \u201eZum dritten\nMal seit der Einf\u00fchrung des Landesgesetzes \u00fcber die Einrichtung von kommunalen\nBeir\u00e4ten f\u00fcr Migration und Integration im Jahr 2009 wurde in unserer Stadt\njetzt ein solches Gremium gew\u00e4hlt \u2013 und unser Migrationsbeirat hat sich in\ndieser Zeit als Sprachrohr f\u00fcr Landauerinnen und Landauer mit\nMigrationshintergrund etabliert\u201c, ist der OB \u00fcberzeugt. Er hatte den Beirat und\ndessen Aktivit\u00e4ten viele Jahre als Sozialdezernent begleitet und nennt als\nErfolge in dieser Zeit u.a. die Teilnahme an den Internationalen Wochen gegen\nRassismus mit dem sichtbaren Hissen eines Banners am Rathausbalkon, die\nMitarbeit am neuen Integrationskonzept sowie zahlreiche sportliche\nIntegrationsveranstaltungen, mit denen sich der Beirat f\u00fcr das friedliche\nZusammenleben verschiedener Kulturen und Religionen in Landau eingesetzt habe. <\/p>\n\n\n\n<p>B\u00fcrgermeister Dr. Ingenthron, Hirschs Nachfolger als\nSozialdezernent, freut sich auf die Zusammenarbeit mit dem neuen Gremium: \u201eIch\nw\u00fcnsche den Mitgliedern viel Freude bei ihrer herausfordernden Aufgabe und\nfreue mich auf neue Impulse aus den Reihen des Beirats f\u00fcr Migration und\nIntegration.\u201c <\/p>\n\n\n\n<p>Gleichzeitig ordnet der Sozialdezernent die Wahlbeteiligung von 10,7 Prozent gegen\u00fcber 12,6 Prozent bei der Wahl im Jahr 2014 ein. \u201eKlar ist, dass eine h\u00f6here Wahlbeteiligung w\u00fcnschenswert gewesen w\u00e4re, jedoch stehen wir im landesweiten Vergleich in Landau durchaus sehr gut da\u201c, kommentiert Dr. Ingenthron. \u201eF\u00fcr die aktuellen Wahlen waren rund 4.300 Frauen und M\u00e4nner in unser W\u00e4hlerverzeichnis eingetragen, das war ein Plus von rund 1.200 an origin\u00e4r Stimmberechtigten gegen\u00fcber 2014. Hinzu kommen noch die Menschen mit Migrationshintergrund, die die deutsche Staatsb\u00fcrgerschaft besitzen. Die Zahl der Frauen und M\u00e4nner, die ihre Stimme tats\u00e4chlich abgegeben haben, stieg um rund 70 W\u00e4hlerinnen und W\u00e4hler auf insgesamt 463 an. Der Beirat wird auch weiterhin ein wichtiges Sprachrohr f\u00fcr Migrantinnen und Migranten in unserer Stadt sein und jedes Engagement f\u00fcr ein friedliches Zusammenleben und eine weltoffene Gesellschaft in Landau ist uns herzlich willkommen.\u201c Die detaillierten Ergebnisse der Wahlen zum Beirat f\u00fcr Migration und Integration k\u00f6nnen auf <a href=\"https:\/\/info.landau.de\/wahlen\">https:\/\/info.landau.de\/wahlen<\/a> eingesehen werden. <\/p>\n\n\n\n<p><em>Stadtverwaltung Landau in der Pfalz<br>05.11.2019<\/em><\/p>\n\n\n\n<h2 class=\"wp-block-heading\">Offizielle Er\u00f6ffnung nach der Anerkennung durch das Land Rheinland-Pfalz: Weingut Stefan Kuntz in Landau-M\u00f6rzheim ist \u201eLernort Bauernhof\u201c<\/h2>\n\n\n\n<div class=\"wp-block-image\"><figure class=\"aligncenter\"><img decoding=\"async\" loading=\"lazy\" width=\"500\" height=\"667\" src=\"https:\/\/speyer24news.com\/wp-content\/uploads\/2019\/11\/Info-524-Lernort-Bauernhof.jpg\" alt=\"\" class=\"wp-image-21606\" srcset=\"https:\/\/speyer24news.com\/wp-content\/uploads\/2019\/11\/Info-524-Lernort-Bauernhof.jpg 500w, https:\/\/speyer24news.com\/wp-content\/uploads\/2019\/11\/Info-524-Lernort-Bauernhof-225x300.jpg 225w\" sizes=\"(max-width: 500px) 100vw, 500px\" \/><figcaption>v.l.:  B\u00fcrgermeister Dr. Maximilian Ingenthron, Ortsvorsteherin Dorothea  M\u00fcller, Susanne Dicker und Stefan Kuntz bei der offiziellen  Er\u00f6ffnung des \u201eLernorts Bauernhof\u201c in Landau-M\u00f6rzheim. <\/figcaption><\/figure><\/div>\n\n\n\n<p>Wie riecht Schafwolle? Kann man ein Huhn streicheln? Und\nsind Brennesseln essbar? Die Antworten auf diese und viele weiteren Fragen\nerhalten Sch\u00fclerinnen und Sch\u00fcler seit kurzem im Bioland-Weingut Stefan Kuntz\nim Landauer Stadtdorf M\u00f6rzheim. Der Hof wurde vom Land Rheinland-Pfalz als\n\u201eLernort Bauernhof\u201c anerkannt und vermittelt Kindern Wissen nicht abstrakt,\nsondern erm\u00f6glicht es ihnen, eigene Erfahrungen mit Pflanzen, Tieren und\nProdukten zu machen. B\u00fcrgermeister und Schuldezernent Dr. Maximilian Ingenthron\nnahm gemeinsam mit Ortsvorsteherin Dorothea M\u00fcller an der offiziellen Er\u00f6ffnung\ndes neuen au\u00dferschulischen Lernorts teil und gratulierte F\u00f6rderschullehrerin\nSusanne Dicker und Winzermeister Stefan Kuntz herzlich zur tollen Idee auf dem\neigenen Hof. <\/p>\n\n\n\n<p>\u201eDas Weingut Stefan Kuntz in unserem sch\u00f6nen Stadtdorf\nM\u00f6rzheim produziert nicht nur exzellente Weine in Bioqualit\u00e4t, sondern ist mit\nder Auszeichnung als \u00abLernort Bauernhof\u00bb jetzt noch um eine tolle Attraktion\nreicher\u201c, freut sich Dr. Ingenthron. \u201eDass wir neben der Zooschule, der\nWaldwerkstatt auf dem Taubensuhl und dem Freilandmobil am\nEduard-Spranger-Gymnasium nun noch einen weiteren au\u00dferschulischen Lernort\nhaben, bereichert unsere Stadt und unsere gesamte Region und sorgt daf\u00fcr, dass die\nVielfalt an Angeboten in unserer Bildungslandschaft noch gr\u00f6\u00dfer wird\u201c, so der\nSchuldezernent. Er w\u00fcnscht Susanne Dicker und Stefan Kuntz f\u00fcr ihr neues\nProjekt viel Erfolg: \u201eVon jetzt an k\u00f6nnen Schulklassen an diesem wunderbaren\nOrt erleben, was Landwirtschaft und Tierhaltung bedeuten. F\u00fchlen, sehen,\nsp\u00fcren, riechen und vieles mehr \u2013 und das p\u00e4dagogisch betreut. Es ist einfach\ngro\u00dfartig, dass Susanne Dicker und Stefan Kuntz diesen Schritt gegangen sind\nund dieses Erlebnis m\u00f6glich machen.\u201c<\/p>\n\n\n\n<p>Der Lernbauernhof als au\u00dferschulischer Lernort bietet\nErlebnisse f\u00fcr Kinder wie \u201eTrauben werden zu Traubensaft\u201c, \u201eVom Schaf zur\nM\u00fctze\u201c und \u201eAlpakas streicheln und pflegen\u201c. Die Kinder lernen, nat\u00fcrliche\nAbl\u00e4ufe zu begreifen, werden mit verschiedenen Arbeitsschritten auf dem Hof\nvertraut gemacht und erleben die Arbeit mit und am Tier. Weitere Informationen\nfinden sich auf <a href=\"http:\/\/www.weingutkuntz.de\">www.weingutkuntz.de<\/a>.<\/p>\n\n\n\n<p><em>Stadtverwaltung Landau in der Pfalz<br>05.11.2019<\/em><\/p>\n\n\n\n<h2 class=\"wp-block-heading\">Aktiv die eigene Stadt mitgestalten: Countdown zur Wahl des Landauer Jugendbeirats l\u00e4uft \u2013 Bewerbungsaufruf f\u00fcr neues Gremium \u2013 Jugendversammlung am 2. Dezember im Alten Kaufhaus <\/h2>\n\n\n\n<div class=\"wp-block-image\"><figure class=\"aligncenter\"><img decoding=\"async\" loading=\"lazy\" width=\"500\" height=\"500\" src=\"https:\/\/speyer24news.com\/wp-content\/uploads\/2019\/11\/Info-521-Jugendversammlung.jpg\" alt=\"\" class=\"wp-image-21605\" srcset=\"https:\/\/speyer24news.com\/wp-content\/uploads\/2019\/11\/Info-521-Jugendversammlung.jpg 500w, https:\/\/speyer24news.com\/wp-content\/uploads\/2019\/11\/Info-521-Jugendversammlung-150x150.jpg 150w, https:\/\/speyer24news.com\/wp-content\/uploads\/2019\/11\/Info-521-Jugendversammlung-300x300.jpg 300w\" sizes=\"(max-width: 500px) 100vw, 500px\" \/><figcaption> Mitreden, was Jugend-Belange in Landau angeht:  Diese Chance erhalten Jugendliche im neuen Jugendbeirat, der am Montag,  2. Dezember, gew\u00e4hlt wird.<\/figcaption><\/figure><\/div>\n\n\n\n<p>Am <strong>Montag, 2. Dezember<\/strong>, ist es soweit: Gem\u00e4\u00df der neu verfassten Satzung des Jugendbeirats sind alle Einwohnerinnen und Einwohner Landaus, die zwischen dem 2. Januar 2000 und dem 1. Januar 2007 geboren wurden, zur ersten Jugendversammlung eingeladen. Diese findet von 18 bis 20:30 Uhr im Alten Kaufhaus statt. An diesem Abend stellen sich die Jugendlichen vor, die in den Jugendbeirat gew\u00e4hlt werden m\u00f6chten. Direkt im Anschluss findet die Wahl statt. <\/p>\n\n\n\n<p>Als Mitglieder des Jugendbeirats erhalten die Jugendlichen\ndie M\u00f6glichkeit, die Stadt Landau aktiv mitzugestalten, in Jugend-Belangen mitzusprechen\nund gemeinsam in der Gruppe vieles zu unternehmen und zu erleben. Dieses\nEngagement wird selbstverst\u00e4ndlich f\u00fcr den Lebenslauf bescheinigt.\n\nAlle Jugendlichen, die die\nVoraussetzungen erf\u00fcllen, werden Anfang November von der st\u00e4dtischen\nJugendbeteiligung angeschrieben. Wer kein Schreiben erh\u00e4lt, &nbsp;aber davon ausgeht, berechtigt zu sein, sich\naufstellen zu lassen bzw. w\u00e4hlen zu gehen, kann sich unter\nlisa.behret@landau.de oder 01 72\/2 13 64 06 melden.\n\n\n\n<\/p>\n\n\n\n<p><em>Stadtverwaltung Landau in der Pfalz<br>05.11.2019<\/em><\/p>\n\n\n\n<h2 class=\"wp-block-heading\">Die\nStadt Landau informiert: Vorl\u00e4ufiges Endergebnis der Wahlen zum Beirat f\u00fcr \u00e4ltere\nMenschen &nbsp;<\/h2>\n\n\n\n<p>Das\nvorl\u00e4ufige Endergebnis der Wahlen zum Beirat f\u00fcr \u00e4ltere Menschen in der Stadt\nLandau in der Pfalz am Sonntag, 27. Oktober, steht fest. Dr. Friedrich Gra\u00dfmann\n(832 Stimmen), Ursula Feierabend (802 Stimmen), Dr. Dietmar&nbsp; Molitor (797 Stimmen), Dr. Daniela Pitschas\n(704 Stimmen), Cornelia Gerber (699 Stimmen), Marlene Bracht (618 Stimmen),\nGabriele Kolain (566 Stimmen), Willi&nbsp;\nSchmitt (533 Stimmen), Ulrike Aulbur (515 Stimmen), Dr. Martin Schr\u00f6der\n(487 Stimmen), Maria Sch\u00f6nau (472 Stimmen), Michael Scherrer (465 Stimmen) und\nDieter W\u00f6rle (447 Stimmen) schafften den Einzug in das Gremium. <\/p>\n\n\n\n<p>Die\nWahlbeteiligung lag bei 12,4 Prozent. <\/p>\n\n\n\n<p>Die detaillierten Ergebnisse der Wahlen k\u00f6nnen auf <a href=\"https:\/\/info.landau.de\/wahlen\">https:\/\/info.landau.de\/wahlen<\/a> eingesehen werden.<\/p>\n\n\n\n<p><em>Stadtverwaltung Landau in der Pfalz<br>05.11.2019<\/em><\/p>\n\n\n\n<h2 class=\"wp-block-heading\">100 Jahre Deutsche Staatsphilharmonie Rheinland-Pfalz: Begeisterndes Sinfoniekonzert im Jubil\u00e4umsjahr mit Werken von Mendelssohn Bartholdy, Wagner und Strauss in Landauer Jugendstil-Festhalle<\/h2>\n\n\n\n<div class=\"wp-block-image\"><figure class=\"aligncenter\"><img decoding=\"async\" loading=\"lazy\" width=\"800\" height=\"448\" src=\"https:\/\/speyer24news.com\/wp-content\/uploads\/2019\/11\/Info-523-Staatsphilharmonie-Rheinland-Pfalz.jpg\" alt=\"\" class=\"wp-image-21604\" srcset=\"https:\/\/speyer24news.com\/wp-content\/uploads\/2019\/11\/Info-523-Staatsphilharmonie-Rheinland-Pfalz.jpg 800w, https:\/\/speyer24news.com\/wp-content\/uploads\/2019\/11\/Info-523-Staatsphilharmonie-Rheinland-Pfalz-300x168.jpg 300w, https:\/\/speyer24news.com\/wp-content\/uploads\/2019\/11\/Info-523-Staatsphilharmonie-Rheinland-Pfalz-768x430.jpg 768w, https:\/\/speyer24news.com\/wp-content\/uploads\/2019\/11\/Info-523-Staatsphilharmonie-Rheinland-Pfalz-678x381.jpg 678w\" sizes=\"(max-width: 800px) 100vw, 800px\" \/><figcaption> Beim ersten Abonnementkonzert spielte die Deutsche Staatsphilharmonie  Rheinland-Pfalz im Rahmen ihrer Jubil\u00e4umsspielzeit Werke von Felix  Mendelssohn Bartholdy, Richard Wagner und Richard Strauss in der  Landauer Jugendstil-Festhalle. <\/figcaption><\/figure><\/div>\n\n\n\n<p>Was f\u00fcr ein Grund zum Feiern: 100 Jahre Deutsche\nStaatsphilharmonie Rheinland-Pfalz! 1919 war das Orchester als\n\u201eLandes-Sinfonie-Orchester f\u00fcr Pfalz und Saarland\u201c im Schatten des Ersten Weltkriegs\nvon engagierten B\u00fcrgern in Landau gegr\u00fcndet worden. Der neue Klangk\u00f6rper gab\nsein erstes Konzert am 15. Februar 1920 in der Landauer Festhalle. Im Rahmen der\nJubil\u00e4umsspielzeit erklangen jetzt beim ersten Abonnementkonzert die 4.\nSinfonie und die Ouvert\u00fcre aus dem Sommernachtstraum von Felix Mendelssohn\nBartholdy, Richard Wagners Tristan und Isolde und Richard Strauss\u2018 Don Juan im\nGro\u00dfen Saal der Jugendstil-Festhalle. F\u00fcr den kurzfristig erkrankten Dirigenten\nChristoph Prick war George Pehlivanian eingesprungen.<\/p>\n\n\n\n<p>\u201e1919: Der Erste Weltkrieg war verloren, die Pfalz\nfranz\u00f6sisch besetzt, die wirtschaftliche Lage extrem schwierig. Den Menschen in\nder Region zumindest die Sehnsucht nach Kultur und Musik zu stillen, das war\nder starke Impuls zur Gr\u00fcndung dieses Orchesters. Eine gro\u00dfartige und\nweitsichtige Entscheidung \u2013 und zugleich der Beginn einer wunderbaren\nFreundschaft zwischen dem Ensemble und der Bev\u00f6lkerung Landaus\u201c, so\nB\u00fcrgermeister und Kulturdezernent Dr. Maximilian Ingenthron bei seinem Gru\u00dfwort\nzu Beginn des Konzerts, bei dem er alle Orchestermusikerinnen und -musiker\nebenso herzlich begr\u00fc\u00dfte wie den Intendanten, Beat Fehlmann.<\/p>\n\n\n\n<p>\u201eDie Staatsphilharmonie ist aus der Mitte der B\u00fcrgerschaft\nerwachsen und tief in Rheinland-Pfalz verwurzelt. Sie steht mit an der Spitze\ndes musikalisch-kulturellen Schaffens in unserem Land \u2013 und weit dar\u00fcber hinaus\u201c,\nerkl\u00e4rte Dr. Ingenthron weiter. \u201eWir sind sehr stolz darauf, uns als\nGeburtsstadt dieses Klangk\u00f6rpers bezeichnen zu k\u00f6nnen. Und die Geschichte\nunserer Stadt und unserer Jugendstil-Festhalle ist \u00fcber die Jahrzehnte eng mit\nder dieses gro\u00dfen und weitgereisten Orchesters verbunden geblieben.\u201c So hatte\ndas Orchester nicht nur sein allererstes Konzert in der Jugendstil-Festhalle in\nLandau gespielt. Auch das Festkonzert 1974 anl\u00e4sslich der \u00dcbernahme der\nPf\u00e4lzischen Philharmonie durch das Land Rheinland-Pfalz und das Konzert zum 80.\nOrchestergeburtstag im Jahr 1999 wurden in Landau gefeiert. Wie sich die Kreise\nimmer wieder schlie\u00dfen, werde daran deutlich, dass der f\u00fcr den erkrankten\nChristoph Prick eingesprungene Dirigent George Pehlivanian die Staatsphilharmonie\nschon beim Er\u00f6ffnungskonzert nach der Festhallensanierung 2002 dirigiert hatte.<\/p>\n\n\n\n<p>\u201eFlaggschiff und kultureller Leuchtturm \u2013 diese Ehrenbezeichnungen\nsind f\u00fcr die Staatsphilharmonie bereits besetzt. Da Landau die Stadt mit der\ngr\u00f6\u00dften Rebfl\u00e4che in Deutschland ist, f\u00fcge ich den Titel \u00abGro\u00dfes Gew\u00e4chs des\nkulturellen und musikalischen Schaffens\u00bb hinzu\u201c, formulierte der\nKulturdezernent augenzwinkernd in Anlehnung an die h\u00f6chste Stufe in der\nKlassifizierung von deutschen Weinen. Unz\u00e4hlige wunderbare Konzertereignisse\nhaben Landau und die ganze Region in den vergangenen 100 Jahren dank der\nStaatsphilharmonie erleben d\u00fcrfen. Mit Freude und gro\u00dfer Erwartung blicke das\nPublikum auf die Jubil\u00e4umssaison.<\/p>\n\n\n\n<p>W\u00e4hrend der Jubil\u00e4umsspielzeit soll das Orchester im Mittelpunkt stehen. Aus diesem Grund finden sich auch keine Solisten-, sondern reine Orchesterwerke auf dem Programm. Zum Jahrestag des ersten Konzertes findet in der Jugendstil-Festhalle am <strong>Samstag, 15. Februar 2020<\/strong>, um 20 Uhr das gro\u00dfe Jubil\u00e4umskonzert in Anwesenheit von Ministerpr\u00e4sidentin Malu Dreyer statt. Tickets sind noch im B\u00fcro f\u00fcr Tourismus im Rathaus, \u00fcber die Tickethotline der st\u00e4dtischen Kulturabteilung 0 6341\/13 41 41 sowie unter <a href=\"http:\/\/www.ticket-regional.de\">www.ticket-regional.de<\/a> erh\u00e4ltlich. <\/p>\n\n\n\n<p><em>Text: Stadtverwaltung Landau in der Pfalz Foto: Julia Okon <br>05.11.2019<\/em><\/p>\n\n\n\n<h2 class=\"wp-block-heading\">Die Stadt Landau informiert: Vorl\u00e4ufiges\nEndergebnis der Wahlen zum Beirat f\u00fcr Migration und Integration <\/h2>\n\n\n\n<p>Das vorl\u00e4ufige Endergebnis der Wahlen zum Beirat f\u00fcr\nMigration und Integration in der Stadt Landau in der Pfalz am Sonntag, 27.\nOktober, steht fest. Demnach holte die Liste \u201eLeben in Landau\u201c 56,4 Prozent der\nStimmen (1.536 Stimmen, 5 Sitze). Die Liste \u201eZusammen Eins\u201c kam auf 41,9\nProzent der Stimmen (1.141 Stimmen, 3 Sitze). Einzelkandidatin Alaa Hamada konnte\n1,8 Prozent der Stimmen (48 Stimmen, 0 Sitze) auf sich vereinen. <\/p>\n\n\n\n<p>Die Wahlbeteiligung lag bei 10,7 Prozent. <\/p>\n\n\n\n<p>Die detaillierten Ergebnisse der Wahlen k\u00f6nnen auf <a href=\"https:\/\/info.landau.de\/wahlen\/\">https:\/\/info.landau.de\/wahlen<\/a> eingesehen werden. <\/p>\n\n\n\n<p><em>Stadtverwaltung Landau in der Pfalz<br>05.11.2019<\/em><\/p>\n","protected":false},"excerpt":{"rendered":"<div class=\"mh-excerpt\"><p>Vandalismus auf der Kleinen Kalmit: OB Hirsch macht sich vor Ort Bild von Sch\u00e4den \u2013 Spendenkonto zum Wiederaufbau eingerichtet \u2013 Stadt und Kreis setzen Belohnung in H\u00f6he von 1.000 Euro aus Auch drei Tage, nachdem <a class=\"mh-excerpt-more\" href=\"https:\/\/speyer24news.com\/?p=21603\" title=\"Landau und Kreis LD:\">[&#8230;]<\/a><\/p>\n<\/div>","protected":false},"author":3,"featured_media":21105,"comment_status":"open","ping_status":"open","sticky":false,"template":"","format":"standard","meta":{"_monsterinsights_skip_tracking":false,"_monsterinsights_sitenote_active":false,"_monsterinsights_sitenote_note":"","_monsterinsights_sitenote_category":0,"footnotes":""},"categories":[675],"tags":[2725,2189,4308,2270,4296,4303,4306,4307,4294,3794,58,4297,4299,4304,4300,4298,4293,4301,4295,4302,4305],"aioseo_notices":[],"amp_enabled":true,"_links":{"self":[{"href":"https:\/\/speyer24news.com\/index.php?rest_route=\/wp\/v2\/posts\/21603"}],"collection":[{"href":"https:\/\/speyer24news.com\/index.php?rest_route=\/wp\/v2\/posts"}],"about":[{"href":"https:\/\/speyer24news.com\/index.php?rest_route=\/wp\/v2\/types\/post"}],"author":[{"embeddable":true,"href":"https:\/\/speyer24news.com\/index.php?rest_route=\/wp\/v2\/users\/3"}],"replies":[{"embeddable":true,"href":"https:\/\/speyer24news.com\/index.php?rest_route=%2Fwp%2Fv2%2Fcomments&post=21603"}],"version-history":[{"count":1,"href":"https:\/\/speyer24news.com\/index.php?rest_route=\/wp\/v2\/posts\/21603\/revisions"}],"predecessor-version":[{"id":21616,"href":"https:\/\/speyer24news.com\/index.php?rest_route=\/wp\/v2\/posts\/21603\/revisions\/21616"}],"wp:featuredmedia":[{"embeddable":true,"href":"https:\/\/speyer24news.com\/index.php?rest_route=\/wp\/v2\/media\/21105"}],"wp:attachment":[{"href":"https:\/\/speyer24news.com\/index.php?rest_route=%2Fwp%2Fv2%2Fmedia&parent=21603"}],"wp:term":[{"taxonomy":"category","embeddable":true,"href":"https:\/\/speyer24news.com\/index.php?rest_route=%2Fwp%2Fv2%2Fcategories&post=21603"},{"taxonomy":"post_tag","embeddable":true,"href":"https:\/\/speyer24news.com\/index.php?rest_route=%2Fwp%2Fv2%2Ftags&post=21603"}],"curies":[{"name":"wp","href":"https:\/\/api.w.org\/{rel}","templated":true}]}}