{"id":21617,"date":"2019-11-05T11:43:37","date_gmt":"2019-11-05T10:43:37","guid":{"rendered":"https:\/\/speyer24news.com\/?p=21617"},"modified":"2019-11-05T11:43:38","modified_gmt":"2019-11-05T10:43:38","slug":"kirche-35","status":"publish","type":"post","link":"https:\/\/speyer24news.com\/?p=21617","title":{"rendered":"Kirche:"},"content":{"rendered":"<style type=\"text\/css\">\r\n\t.ads_top_disp{}\r\n\t.ads_top_corner_disp{ float:left; margin:0px 10px 10px 0px; }\r\n\t.ads_first_p_disp{}\r\n\t.ads_bottom_disp{}\r\n\t<\/style>\n<h2 class=\"wp-block-heading\"><strong>Gedenken an tote Bisch\u00f6fe<\/strong><\/h2>\n\n\n\n<h3 class=\"wp-block-heading\"><strong>Pontifikalrequiem  mit Weihbischof Otto Georgens am 15. November \u2013 Grablichter und  Namensschilder kennzeichnen Bischofsgr\u00e4ber im Dom zu Speyer<\/strong><\/h3>\n\n\n\n<div class=\"wp-block-image\"><figure class=\"aligncenter\"><img decoding=\"async\" loading=\"lazy\" width=\"800\" height=\"533\" src=\"https:\/\/speyer24news.com\/wp-content\/uploads\/2019\/11\/IMG_1587_m.jpg\" alt=\"\" class=\"wp-image-21628\" srcset=\"https:\/\/speyer24news.com\/wp-content\/uploads\/2019\/11\/IMG_1587_m.jpg 800w, https:\/\/speyer24news.com\/wp-content\/uploads\/2019\/11\/IMG_1587_m-300x200.jpg 300w, https:\/\/speyer24news.com\/wp-content\/uploads\/2019\/11\/IMG_1587_m-768x512.jpg 768w\" sizes=\"(max-width: 800px) 100vw, 800px\" \/><figcaption> Gedenken an die verstorbenen Bisch\u00f6fe und Priester der Kathedrale, \u00a9 Foto: Domkapitel Speyer<\/figcaption><\/figure><\/div>\n\n\n\n<p><strong>Speyer &#8211; <\/strong>In einem Pontifikalrequiem wird j\u00e4hrlich im November den verstorbenen  Bisch\u00f6fen und Priestern der Kathedrale gedacht. In diesem Jahr  zelebriert Weihbischof Otto Georgens am <strong>Freitag, 15. November,<\/strong> um 18  Uhr, eine Pontifikalvesper und im Anschluss, um 18.30 Uhr, ein  Pontifikalrequiem im Speyerer Dom. Die musikalische Gestaltung \u00fcbernimmt  die Schola Cantorum Saliensis.<\/p>\n\n\n\n<p>Die\n Kaiser und Herrschergr\u00e4ber im Dom sind weithin bekannt. Weniger im \nBewusstsein ist, dass der Dom auch als Grabst\u00e4tte f\u00fcr die Bisch\u00f6fe der \nKathedrale dient. Im Dom erinnern am Tag des Requiems Grablichter an die\n verstorbenen Bisch\u00f6fe. Die Kerzen stehen zusammen mit Namensschildern \nan der Stelle, wo die Geistlichen begraben sind, beziehungsweise deren \nGr\u00e4ber vermutet werden. Die Bischofsgr\u00e4ber sind f\u00fcr Besucher \nnormalerweise mehr oder weniger unsichtbar, da nicht alle durch \nInschriften gekennzeichnet sind. Gr\u00e4ber befinden sich in der Krypta, im \nMittelschiff und den Seitenschiffen, dem K\u00f6nigschor und der Kapelle St. \nEmmeram und St. Martin. <\/p>\n\n\n\n<p>Bis\n heute fanden 37 Bisch\u00f6fe im Dom ihre letzte Ruhest\u00e4tte. Dazu kommen \nsterbliche \u00dcberreste, die in einem Sammelgrab in der Krypta beigesetzt \nwurden \u2013 vermutlich Gebeine, welche beim Bau des Doms gefunden wurden \nund die vorsalischen Bisch\u00f6fen zugeordnet werden. Zuletzt wurde am 4. \nOktober 2013 Weihbischof emeritus Ernst Gutting im n\u00f6rdlichen \nSeitenschiff des Doms beigesetzt. Das fr\u00fcheste Grab stammt aus der Zeit des salischen Dombaus um 1030. <\/p>\n\n\n\n<p>Nicht\n alle Speyerer Bisch\u00f6fe sind im Dom begraben. Wer nicht im Amt und nicht\n vor Ort starb, fand woanders seine letzte Ruhest\u00e4tte. Die Bisch\u00f6fe des \n18. Jahrhunderts wurden in St. Peter in Bruchsal beigesetzt, wo sich die\n bisch\u00f6fliche Residenz befand.<\/p>\n\n\n\n<p><em>Bistum Speyer<br>05.11.2019<\/em><\/p>\n\n\n\n<h2 class=\"wp-block-heading\"><strong>Orgelmatinee in der Kirche des Priesterseminars<\/strong><\/h2>\n\n\n\n<h3 class=\"wp-block-heading\"><strong>Gero Kaleschke spielt Werke englischer Komponisten<\/strong><\/h3>\n\n\n\n<p><strong>Speyer &#8211; <\/strong>In der Reihe &#8218;VIERTEL VOR ELF&#8216; l\u00e4dt das Priesterseminar St. German zur  n\u00e4chsten Orgelmatinee am <strong>Sonntag, 10. November<\/strong> um 10.45 Uhr in die  Kirche St. German in Speyer ein. Die historische Vowels-Orgel aus  England wird dann von Gero Kaleschke, dem Orgelbausachverst\u00e4ndigen der  Protestantischen Landeskirche gespielt. Es erklingen vor allen Dingen  Werke englischer Komponisten von John Stanley \u00fcber Charles J. Grey bis  hin zu Frederick Andrew Keene u. a.<\/p>\n\n\n\n<p>Kaleschke,  geb. 1940, erhielt w\u00e4hrend seiner Schul-, Studien- und  Referendariatszeit Orgelunterreicht u. a. bei Karl Hochreither, Diethard  Hellmann (Mainz) und zuletzt bei Domorganist Ludwig Doerr. 1973 gewann  er den 1. Preis f\u00fcr Improvisation beim Wettbewerb der  kirchenmusikalischen Ausbildungsst\u00e4tten in L\u00fcbeck. Seit mehr als 50  Jahren wirkt er als Organist an der gro\u00dfen Steinmeyer-Orgel der  Martin-Luther-Kirche in Neustadt.<\/p>\n\n\n\n<p>Sein  Interesse f\u00fcr Orgelgeschichte und Orgelbau f\u00fchrte dazu, dass er ab Mitte  der 70er Jahre in die Sachverst\u00e4ndigent\u00e4tigkeit der Evangelischen  Landeskirche der Pfalz einbezogen wurde und seit 1980 zun\u00e4chst als  stellvertretender Sachverst\u00e4ndiger und ab 1990 als  Orgelbausachverst\u00e4ndiger verantwortlich f\u00fcr die Landeskirche t\u00e4tig ist.  \u00dcber Konfessions- und Landesgrenzen hinaus wird seine Sachkenntnis im  Orgelbau gesch\u00e4tzt. Verantwortliche Mitarbeit bei Orgelprojekten f\u00fchrt  ihn immer wieder \u00fcber die Pfalz hinaus z. B. nach Oberwesel  (Liebfrauen), Fulda (Dom), Mainz (Hl. Kreuz) und zuletzt nach Weingarten  am Bodensee (Basilika).<\/p>\n\n\n\n<p><em>Bistum Speyer<br>05.11.2019<\/em><\/p>\n\n\n\n<h2 class=\"wp-block-heading\"><strong>Feierstunde der Kaiserdom-Stiftung<\/strong> <strong>mit festlichem Konzert<\/strong><\/h2>\n\n\n\n<div class=\"wp-block-image\"><figure class=\"aligncenter\"><img decoding=\"async\" loading=\"lazy\" width=\"800\" height=\"534\" src=\"https:\/\/speyer24news.com\/wp-content\/uploads\/2019\/11\/Rittersaal-quer-II-\u00a9-Klaus-Hecke.jpg\" alt=\"\" class=\"wp-image-21626\" srcset=\"https:\/\/speyer24news.com\/wp-content\/uploads\/2019\/11\/Rittersaal-quer-II-\u00a9-Klaus-Hecke.jpg 800w, https:\/\/speyer24news.com\/wp-content\/uploads\/2019\/11\/Rittersaal-quer-II-\u00a9-Klaus-Hecke-300x200.jpg 300w, https:\/\/speyer24news.com\/wp-content\/uploads\/2019\/11\/Rittersaal-quer-II-\u00a9-Klaus-Hecke-768x513.jpg 768w\" sizes=\"(max-width: 800px) 100vw, 800px\" \/><\/figure><\/div>\n\n\n\n<p><strong>Speyer &#8211; <\/strong>Mit einem festlichen Konzert am <strong>Dienstag, 12. November 2019<\/strong>, 18.00 Uhr, im Dom begeht die \u00bbEurop\u00e4ische Stiftung Kaiserdom zu Speyer\u00ab ihr zwanzigj\u00e4hriges Bestehen. Die musikalische Gestaltung \u00fcbernimmt das Kurpf\u00e4lzische Kammerorchester unter der Leitung seines Chefdirigenten Paul Meyer mit Werken von Wolfgang Amadeus Mozart, Franz Ignaz Beck, Camille Saint-Saens und Franz Xaver Richter. Kurze Ansprachen halten Ministerpr\u00e4sident a. D. Kurt Beck, Vorsitzender des Kuratoriums, und Vorstandsvorsitzender Prof. Peter Frankenberg.<\/p>\n\n\n\n<p>Die \u00bbEurop\u00e4ische Stiftung Kaiserdom zu Speyer\u00ab wurde am 2. Juli 1999 von neun Stiftern\nerrichtet. Mit originellen Mitmach-Aktionen wirbt sie um Unterst\u00fctzung bei der\nErhaltung des Domes, zuletzt etwa mit der Aktion \u201eDie Pfalz liest f\u00fcr\nden Dom\u201c. Seitdem hat sie rund\ndrei\u00dfig Sanierungsma\u00dfnahmen und wissenschaftliche Projekte zum Dom komplett\nfinanziert. Dem Konzert voraus geht die traditionelle Jahrestagung der Gremien der Stiftung. <\/p>\n\n\n\n<p>Die Feierstunde ist \u00f6ffentlich. Der Eintritt ist frei. Der Dom wird ab 17.30 Uhr f\u00fcr die Besucher des Konzerts ge\u00f6ffnet.<\/p>\n\n\n\n<div class=\"wp-block-image\"><figure class=\"aligncenter\"><img decoding=\"async\" loading=\"lazy\" width=\"500\" height=\"647\" src=\"https:\/\/speyer24news.com\/wp-content\/uploads\/2019\/11\/KKO_Presse-II_Klaus_Hecke.jpg\" alt=\"\" class=\"wp-image-21627\" srcset=\"https:\/\/speyer24news.com\/wp-content\/uploads\/2019\/11\/KKO_Presse-II_Klaus_Hecke.jpg 500w, https:\/\/speyer24news.com\/wp-content\/uploads\/2019\/11\/KKO_Presse-II_Klaus_Hecke-232x300.jpg 232w\" sizes=\"(max-width: 500px) 100vw, 500px\" \/><\/figure><\/div>\n\n\n\n<h4 class=\"wp-block-heading\"><strong>Information<\/strong>:<\/h4>\n\n\n\n<p>\u00bbEurop\u00e4ische Stiftung Kaiserdom zu Speyer\u00ab<br>Stifterb\u00fcro im Historischen Judenhof<br>Kleine Pfaffengasse 21<br>67346 Speyer<\/p>\n\n\n\n<p>Telefon: 06232 \/102-397 (Montag bis Donnerstag von 9.00 bis 12.00 Uhr)<br>Telefax: 06232 \/ 102-352<br>E-Mail:  <a href=\"stiftung-kaiserdom@bistum-speyer.de\">stiftung-kaiserdom@bistum-speyer.de<\/a><br>Internet: <a href=\"http:\/\/www.stiftung-kaiserdom.de\">www.stiftung-kaiserdom.de<\/a><\/p>\n\n\n\n<p><em>Text: Bistum Speyer Foto: Klaus Hecke<br>05.11.2019<\/em><\/p>\n\n\n\n<h2 class=\"wp-block-heading\"><strong>Pfarrgremienwahl im Bistum Speyer am 16. und 17. November<\/strong><\/h2>\n\n\n\n<h3 class=\"wp-block-heading\"><strong>Rund  460.000 Wahlberechtigte in der Pfalz und im Saarpfalzkreis sind zur  Wahl aufgerufen \u2013 3.500 Sitze in Pfarreir\u00e4ten, Verwaltungsr\u00e4ten und  Gemeindeaussch\u00fcssen sind neu zu besetzen<\/strong><\/h3>\n\n\n\n<div class=\"wp-block-image\"><figure class=\"aligncenter\"><img decoding=\"async\" loading=\"lazy\" width=\"800\" height=\"566\" src=\"https:\/\/speyer24news.com\/wp-content\/uploads\/2019\/11\/Bildmotiv-zur-Pfarrgremienwahl.jpg\" alt=\"\" class=\"wp-image-21625\" srcset=\"https:\/\/speyer24news.com\/wp-content\/uploads\/2019\/11\/Bildmotiv-zur-Pfarrgremienwahl.jpg 800w, https:\/\/speyer24news.com\/wp-content\/uploads\/2019\/11\/Bildmotiv-zur-Pfarrgremienwahl-300x212.jpg 300w, https:\/\/speyer24news.com\/wp-content\/uploads\/2019\/11\/Bildmotiv-zur-Pfarrgremienwahl-768x543.jpg 768w\" sizes=\"(max-width: 800px) 100vw, 800px\" \/><\/figure><\/div>\n\n\n\n<p><strong>Speyer &#8211;  <\/strong>Am <strong>16. und 17. November<\/strong> werden im Bistum Speyer die Mitglieder der  Pfarreir\u00e4te, Verwaltungsr\u00e4te und Gemeindeaussch\u00fcsse f\u00fcr die kommenden  vier Jahre gew\u00e4hlt. In den 70 Pfarreien des Bistums sind insgesamt rund  3.500 Pl\u00e4tze neu zu besetzen. \u201eViele engagierte Christen haben sich als  Kandidaten aufstellen lassen. Sie zeigen damit ihre Bereitschaft, sich  in den Pfarreien des Bistums mit Herz und Verstand einzubringen und das  kirchliche Leben vor Ort aktiv mitzugestalten. Mit der Wahl kann jeder  dieses wertvolle Engagement durch seine Stimme unterst\u00fctzen\u201c, ruft  Bischof Dr. Karl-Heinz Wiesemann zur Wahl auf. Das Leitwort zu den  Pfarrgremienwahlen lautet \u201eZusammen wachsen, weiter denken\u201c. Es sei ein  Appell, in Gemeinschaft mit anderen neue Wege zu suchen, \u201ewie die Kirche  wieder mehr \u00dcberzeugungs- und Ausstrahlungskraft gewinnen kann\u201c, so  Bischof Wiesemann.<\/p>\n\n\n\n<p>Ob\n Pfarreirat, Verwaltungsrat oder Gemeindeaussch\u00fcsse &#8211; jedes dieser \nGremien hat unterschiedliche Ziele und Aufgaben. Der Pfarreirat und der \nVerwaltungsrat sind auf die Pfarrei als Ganzes bezogen. Ziel des \nPfarreirats ist es, gemeinsam mit dem Pfarrer und dem Pastoralteam f\u00fcr \nein ausgewogenes und attraktives Seelsorgeangebot in der Pfarrei zu \nsorgen und das Zusammenwachsen der Gemeinden zu f\u00f6rdern. Der \nVerwaltungsrat k\u00fcmmert sich um die daf\u00fcr notwendigen personellen, \nr\u00e4umlichen und finanziellen Rahmenbedingungen. Zu jeder Pfarrei geh\u00f6ren \ndurchschnittlich f\u00fcnf Gemeinden, f\u00fcr die jeweils ein eigener \nGemeindeausschuss gew\u00e4hlt wird. Aufgabe der Gemeindeaussch\u00fcsse ist es, \ndas kirchliche Leben vor Ort, im Dorf oder im Stadtteil zu gestalten.<\/p>\n\n\n\n<p>Ab\n sofort k\u00f6nnen die Gl\u00e4ubigen die M\u00f6glichkeit der Briefwahl nutzen. Die \nWahlunterlagen k\u00f6nnen beim zust\u00e4ndigen Pfarrb\u00fcro vor Ort angefordert \nwerden. Die Wahllokale werden am Samstag (16. November) und Sonntag (17.\n November) ge\u00f6ffnet sein. \u00dcber die \u00d6ffnungszeiten informieren die \nPfarreien vor Ort, zum Beispiel auf ihren Internetseiten, in den \nPfarrbriefen oder \u00fcber die \u00f6ffentlichen Schauk\u00e4sten. Insgesamt gibt es \nim Bistum Speyer 363 Wahlbezirke f\u00fcr die Pfarrgremienwahlen. Das \nentspricht weitgehend der Zahl der 360 Gemeinden. \u00dcber die \nWahlergebnisse k\u00f6nnen sich die Gl\u00e4ubigen noch am Wahlsonntag (17. \nNovember) auf der Internetseite des Bistums informieren. \u201eSowie uns die \nWahlergebnisse aus den einzelnen Wahlbezirken gemeldet werden, \nver\u00f6ffentlichen wir die Ergebnisse und die Namen der gew\u00e4hlten Personen \nonline im Internet\u201c, erl\u00e4utert Pastoralreferent Marius Wingerter, bei \ndem die F\u00e4den der Wahlvorbereitung wie auch der Auswertung der \nErgebnisse zusammenlaufen.<\/p>\n\n\n\n<p>In\n einem Modellprojekt testet das Bistum Speyer in f\u00fcnf Pfarreien ein \nWahlverfahren ausschlie\u00dflich per Briefwahl. \u201eZiel dieses Pilotprojektes \nist es, Chancen und M\u00f6glichkeiten der allgemeinen Briefwahl auszuloten, \naber auch Erfahrung zu sammeln, wo es eventuell Schwierigkeiten geben \nk\u00f6nnten\u201c, erkl\u00e4rt Marius Wingerter. An dem Modellprojekt sind die \nPfarreien St. Laurentius (Herxheim), Heiliger Disibod (Feilbingert), \nHeilig Geist (Kaiserslautern), Mari\u00e4 Himmelfahrt (Otterberg) und \nHeiliger Ingobertus (St. Ingbert) beteiligt.<\/p>\n\n\n\n<p>Bei\n den Pfarrgremienwahlen im Jahr 2015 lag die Wahlbeteiligung bei 12,2 \nProzent. Rund 40 Prozent der Wahlberechtigten hatten damals von der \nM\u00f6glichkeit der Briefwahl gebrauch gemacht.<\/p>\n\n\n\n<p><strong>Weitere Informationen zur Pfarrgremienwahl:<\/strong> <a href=\"https:\/\/pfarrgremien.bistum-speyer.de\/\">https:\/\/pfarrgremien.bistum-speyer.de\/<\/a><\/p>\n\n\n\n<p><strong>Erkl\u00e4rvideo von \u201ekatholisch.de\u201c zu Pfarreigremien:<\/strong><\/p>\n\n\n\n<figure class=\"wp-block-embed-youtube wp-block-embed is-type-video is-provider-youtube wp-embed-aspect-16-9 wp-has-aspect-ratio\"><div class=\"wp-block-embed__wrapper\">\n<iframe loading=\"lazy\" title=\"Was sind Laiengremien?\" width=\"500\" height=\"281\" src=\"https:\/\/www.youtube.com\/embed\/GBQ4Y8TuWpU?feature=oembed\" frameborder=\"0\" allow=\"accelerometer; autoplay; encrypted-media; gyroscope; picture-in-picture\" allowfullscreen><\/iframe>\n<\/div><\/figure>\n\n\n\n<p><em>Bistum Speyer<br>05.11.2019<\/em><\/p>\n\n\n\n<h2 class=\"wp-block-heading\"><strong>Einspruch gegen die Angstmacher<\/strong><\/h2>\n\n\n\n<h3 class=\"wp-block-heading\">Kirchenpr\u00e4sident Schad fordert eine Atmosph\u00e4re der Toleranz und des Respekts \u2013 Reformationsgottesdienst in Frankenthal<\/h3>\n\n\n\n<div class=\"wp-block-image\"><figure class=\"aligncenter\"><img decoding=\"async\" src=\"https:\/\/speyer24news.com\/wp-content\/uploads\/2019\/10\/Christian-Schad-Portr\u00e4t-Ev.-Kirche.jpg\" alt=\"\" class=\"wp-image-20992\"\/><\/figure><\/div>\n\n\n\n<p><strong>Frankenthal <em>(lk)<\/em> &#8211; <\/strong>Eine Kultur der wechselseitigen Achtung und Anerkennung\u201c forderte  Kirchenpr\u00e4sident Christian Schad in seiner Predigt im zentralen  Reformationsgottesdienst in der Protestantischen Zw\u00f6lf-Apostel-Kirche  in Frankenthal. Unterschiedliche \u00dcberzeugungen k\u00f6nnten nicht mit Gewalt  oder Unterdr\u00fcckung, sondern nur in einer Atmosph\u00e4re der Toleranz und  des Respekts ausgetragen werden. Diese gelte f\u00fcr den Dialog der  christlichen Konfessionen untereinander ebenso wie  den Umgang der Religionen miteinander, erkl\u00e4rte Schad.<\/p>\n\n\n\n<p>Der Kirchenpr\u00e4sident\n erinnerte an die k\u00e4mpferischen Auseinandersetzungen in der \nReformationszeit, die zwischen Papst und Reformationsbewegung \nausgetragen wurden, aber auch die kriegerischen Konflikte, die zwischen\n dem christlichen Europa und dem islamisch-osmanischen Reich \nstattfanden. Religi\u00f6se Militanz und der \u201eBrandgeruch des \nFundamentalismus\u201c l\u00e4gen \u00fcber dieser Zeit. Von der christlichen Botschaft\n und der Liebe zum Evangelium sei bis in manche reformatorischen Texte\n hinein wenig sp\u00fcrbar gewesen.<\/p>\n\n\n\n<p>Heute sei es die Aufgabe der Protestanten wie \naller Christen, Glaubens- und Gewissensfreiheit einzufordern und daf\u00fcr \nzu sorgen, \u201edass kein Keil zwischen Menschen mit verschiedenen \nLebensentw\u00fcrfen oder aus unterschiedlichen Kulturen und\n Religionen getrieben wird\u201c, erkl\u00e4rte Kirchenpr\u00e4sident Schad. Es brauche\n den Einspruch, gegen die Angstmacher: \u201egegen die, die von \n\u201a\u00dcberfremdung\u2018 reden, von der \u201aGr\u00f6\u00dfe des deutschen Volkes\u2018 und die das \nGespenst des Antisemitismus wieder hoff\u00e4hig machen wollen.\u201c<\/p>\n\n\n\n<p>So zeige der Anschlag auf die Synagoge in Halle,\n dass die Kirche gefordert sei, \u201esich unverr\u00fcckbar an die Seite unserer \nj\u00fcdischen Geschwister zu stellen und allen rassistischen \u00c4u\u00dferungen \nentschieden entgegenzutreten\u201c. Der Antisemitismus\n widerspreche allem, wof\u00fcr das Christentum stehe. \u201eChristlicher Glaube \nund Judenfeindschaft schlie\u00dfen sich wechselseitig aus. Antisemitismus \nist Gottesl\u00e4sterung\u201c, sagte der Kirchenpr\u00e4sident.<\/p>\n\n\n\n<p>Als Ebenbilder Gottes empfingen alle Menschen  ihre unantastbare W\u00fcrde. \u201eGerade das Evangelium lehrt uns, dass jeder  Mensch unabh\u00e4ngig von seiner Herkunft, auch unabh\u00e4ngig von den  Voraussetzungen seines pers\u00f6nlichen Bekenntnisses, im  Wirkungshorizont der g\u00f6ttlichen Liebe steht\u201c, erkl\u00e4rte Schad. Daher  k\u00f6nne man am Reformationstag in die Bitte des Lutherliedes: \u201eErhalt uns,  Herr, bei deinem Wort!\u201c einstimmen.<\/p>\n\n\n\n<p><em>05.11.2019<\/em><\/p>\n\n\n\n<h2 class=\"wp-block-heading\"><strong>Neue Fortbildungsangebote f\u00fcr die Seelsorge<\/strong><\/h2>\n\n\n\n<h3 class=\"wp-block-heading\"><strong>Hauptabteilung Seelsorge ver\u00f6ffentlicht Programmheft f\u00fcr das erste Halbjahr 2020<\/strong><\/h3>\n\n\n\n<div class=\"wp-block-image\"><figure class=\"aligncenter\"><img decoding=\"async\" loading=\"lazy\" width=\"800\" height=\"558\" src=\"https:\/\/speyer24news.com\/wp-content\/uploads\/2019\/11\/Neues-Programm.jpg\" alt=\"\" class=\"wp-image-21623\" srcset=\"https:\/\/speyer24news.com\/wp-content\/uploads\/2019\/11\/Neues-Programm.jpg 800w, https:\/\/speyer24news.com\/wp-content\/uploads\/2019\/11\/Neues-Programm-300x209.jpg 300w, https:\/\/speyer24news.com\/wp-content\/uploads\/2019\/11\/Neues-Programm-768x536.jpg 768w\" sizes=\"(max-width: 800px) 100vw, 800px\" \/><\/figure><\/div>\n\n\n\n<p><strong>Speyer &#8211;<\/strong> \u201eSeelsorge \u2013 Fortbildungen und mehr\u201c ist das neue Programmheft der  Hauptabteilung Seelsorge f\u00fcr das erste Halbjahr 2020 \u00fcberschrieben. Auf  knapp 100 Seiten enth\u00e4lt es Fort- und Weiterbildungsangebote sowie  Veranstaltungshinweise f\u00fcr haupt- und ehrenamtlich Engagierte in der  Seelsorge. Das Programmheft kann ab sofort beim Bisch\u00f6flichen Ordinariat  bestellt werden.<\/p>\n\n\n\n<p>\u201eDie\n Vielfalt der Angebote soll den ehrenamtlich engagierten Frauen und \nM\u00e4nnern Lust machen, ihre Charismen zu entdecken, zu entfalten und \nkompetent umzusetzen. Das brauchen wir in der Kirche, und das alles in \neinem guten Mit- und Zueinander mit den vielen Hauptamtlichen\u201c, erkl\u00e4rt \nDomkapitular Franz Vogelgesang, der Leiter der Hauptabteilung Seelsorge.\n Er sieht darin einen \u201eersten Aspekt einer Vision von Kirche\u201c. Diese \nVision komme aus dem Himmel, falle aber \u201enicht vom Himmel\u201c. Vision \nbedeutet f\u00fcr ihn zuerst \u201estaunendes und dankbares Schauen auf Gottes \nKraft und sein Wirken\u201c, dann aber auch \u201eUmwandlung und Umsetzung des \nGeschauten in unsere Haltungen und Handlungen\u201c.<\/p>\n\n\n\n<p>Die\n Angebote zum Visionsprozesses stehen damit auch bewusst am Anfang des \nProgrammhefts. \u201eMit dem Katholikentag in Kaiserslautern haben wir eine \nspannende Suche nach der k\u00fcnftigen Gestalt von Kirche in unserem Bistum \ngestartet\u201c, erl\u00e4utert Franz Vogelgesang und l\u00e4dt alle Interessierten \nein, ihre pers\u00f6nlichen Erfahrungen und Sichtweisen einzubringen und \u00fcber\n den gewohnten Horizont hinauszudenken. Der Visionsprozess des Bistums \nsei als Suche nach Segensorten angelegt. \u201eSie sind \u00fcberall, da wo gelebt\n und geliebt wird, wo Menschen sich begegnen, drau\u00dfen und drinnen.\u201c<\/p>\n\n\n\n<p>Das  Programmheft umfasst au\u00dferdem Angebote f\u00fcr Pfarreien und Lebensr\u00e4ume,  f\u00fcr besondere Seelsorgebereiche ebenso wie f\u00fcr die Jugendseelsorge und  die Kirchenmusik. Von der Fortbildung zum erfolgreichen Leiten von  Sitzungen \u00fcber das Coaching f\u00fcr Lektorinnen und Lektoren bis hin zu  einer Grundausbildung f\u00fcr die B\u00fcchereiarbeit spannt sich der Bogen der  Angebote. Menschen mit Behinderung sind dabei ebenso im Blick wie zum  Beispiel Menschen, die sich in der Hospiz-, der Trauer- oder der  Notfallseelsorge engagieren. Und auch die Kirchenmusiker des Bistums  finden ein breites Spektrum an Workshops und Veranstaltungen, um sich  f\u00fcr die Chorarbeit oder das Orgelspiel neue Anregungen zu holen.<\/p>\n\n\n\n<h3 class=\"wp-block-heading\">Lesen sie hier das Programm als pdf:<\/h3>\n\n\n\n<div class=\"wp-block-file\"><a href=\"https:\/\/speyer24news.com\/wp-content\/uploads\/2019\/11\/Fortbildungsprogramm-Seelsorge.pdf\">Fortbildungsprogramm-Seelsorge<\/a><a href=\"https:\/\/speyer24news.com\/wp-content\/uploads\/2019\/11\/Fortbildungsprogramm-Seelsorge.pdf\" class=\"wp-block-file__button\" download>Herunterladen<\/a><\/div>\n\n\n\n<h4 class=\"wp-block-heading\"><strong>Kontakt:<\/strong><\/h4>\n\n\n\n<p>Bisch\u00f6fliches Ordinariat<br>Hauptabteilung Seelsorge<br>Webergasse 11, Speyer<br>Telefon: 06232 \/ 102-314<br>E-Mail: <a href=\"seelsorge@bistum-speyer.de\">seelsorge@bistum-speyer.de<\/a><\/p>\n\n\n\n<p><em>Bistum Speyer<br>05.11.2019<\/em><\/p>\n\n\n\n<h2 class=\"wp-block-heading\"><strong>Abschied und Neubeginn auf der Baustelle \u201eBildung\u201c<\/strong><\/h2>\n\n\n\n<h3 class=\"wp-block-heading\"><strong>Gottesdienst  im Speyerer Dom: Verabschiedung von Domdekan und Domkustos Dr.  Christoph Maria Kohl und Einf\u00fchrung von Ordinariatsdirektorin Dr. Irina  Kreusch<\/strong><\/h3>\n\n\n\n<div class=\"wp-block-image\"><figure class=\"aligncenter\"><img decoding=\"async\" loading=\"lazy\" width=\"800\" height=\"601\" src=\"https:\/\/speyer24news.com\/wp-content\/uploads\/2019\/11\/Dr.-Irina-Kreusch-Portr\u00e4t.jpg\" alt=\"\" class=\"wp-image-21621\" srcset=\"https:\/\/speyer24news.com\/wp-content\/uploads\/2019\/11\/Dr.-Irina-Kreusch-Portr\u00e4t.jpg 800w, https:\/\/speyer24news.com\/wp-content\/uploads\/2019\/11\/Dr.-Irina-Kreusch-Portr\u00e4t-300x225.jpg 300w, https:\/\/speyer24news.com\/wp-content\/uploads\/2019\/11\/Dr.-Irina-Kreusch-Portr\u00e4t-768x577.jpg 768w, https:\/\/speyer24news.com\/wp-content\/uploads\/2019\/11\/Dr.-Irina-Kreusch-Portr\u00e4t-678x509.jpg 678w, https:\/\/speyer24news.com\/wp-content\/uploads\/2019\/11\/Dr.-Irina-Kreusch-Portr\u00e4t-326x245.jpg 326w, https:\/\/speyer24news.com\/wp-content\/uploads\/2019\/11\/Dr.-Irina-Kreusch-Portr\u00e4t-80x60.jpg 80w\" sizes=\"(max-width: 800px) 100vw, 800px\" \/><\/figure><\/div>\n\n\n\n<p><strong>Speyer &#8211; <\/strong>Mit einer Vesper im Speyerer Dom am <strong>Mittwoch, den 6. November<\/strong>, um 16  Uhr wird der langj\u00e4hrige Leiter der Hauptabteilung \u201eSchulen, Hochschulen  und Bildung\u201c des Bisch\u00f6flichen Ordinariats, Domdekan Dr. Christoph  Maria Kohl, aus seinem Amt verabschiedet. Er leitete die Hauptabteilung  \u201eSchulen, Hochschulen und Bildung\u201c 15 Jahre lang und ist zur Jahresmitte  als Domdekan und Domkustos ganz an den Dom gewechselt. Als neue  Leiterin der Hauptabteilung \u201eSchulen, Hochschulen und Bildung\u201c wird  Ordinariatsdirektorin Dr. Irina Kreusch in ihr Amt eingef\u00fchrt. Sie hat  diese Aufgabe bereits zum 1. Oktober \u00fcbernommen. Im Anschluss an den  Gottesdienst findet ein Empfang im benachbarten Friedrich-Spee-Haus  statt.<\/p>\n\n\n\n<div class=\"wp-block-image\"><figure class=\"aligncenter\"><img decoding=\"async\" loading=\"lazy\" width=\"800\" height=\"600\" src=\"https:\/\/speyer24news.com\/wp-content\/uploads\/2019\/11\/Foto-Domdekan-Dr.-Christoph-Kohl-im-Dom.jpg\" alt=\"\" class=\"wp-image-21622\" srcset=\"https:\/\/speyer24news.com\/wp-content\/uploads\/2019\/11\/Foto-Domdekan-Dr.-Christoph-Kohl-im-Dom.jpg 800w, https:\/\/speyer24news.com\/wp-content\/uploads\/2019\/11\/Foto-Domdekan-Dr.-Christoph-Kohl-im-Dom-300x225.jpg 300w, https:\/\/speyer24news.com\/wp-content\/uploads\/2019\/11\/Foto-Domdekan-Dr.-Christoph-Kohl-im-Dom-768x576.jpg 768w, https:\/\/speyer24news.com\/wp-content\/uploads\/2019\/11\/Foto-Domdekan-Dr.-Christoph-Kohl-im-Dom-678x509.jpg 678w, https:\/\/speyer24news.com\/wp-content\/uploads\/2019\/11\/Foto-Domdekan-Dr.-Christoph-Kohl-im-Dom-326x245.jpg 326w, https:\/\/speyer24news.com\/wp-content\/uploads\/2019\/11\/Foto-Domdekan-Dr.-Christoph-Kohl-im-Dom-80x60.jpg 80w\" sizes=\"(max-width: 800px) 100vw, 800px\" \/><\/figure><\/div>\n\n\n\n<p>Der\n Hauptabteilung \u201eSchulen, Hochschulen und Bildung\u201c ist zust\u00e4ndig f\u00fcr die\n Katholischen Schulen im Bistum Speyer, den katholischen \nReligionsunterricht an allen Schulen im Bistumsgebiet, und bietet mit \nSchulprojekten von Globalem Lernen bis zur Sexualp\u00e4dagogik, der \nHochschularbeit sowie der Erwachsenenbildung mit vielen Kooperationen zu\n Tagungsh\u00e4usern und Verb\u00e4nden Bildung f\u00fcr alle Altersgruppen an. <\/p>\n\n\n\n<p><em>Bistum Speyer<br>05.11.2019<\/em><\/p>\n\n\n\n<h2 class=\"wp-block-heading\"><strong>Terminkalender des Bistum Speyer im November 2019<\/strong><\/h2>\n\n\n\n<div class=\"wp-block-image\"><figure class=\"aligncenter\"><img decoding=\"async\" loading=\"lazy\" width=\"800\" height=\"600\" src=\"https:\/\/speyer24news.com\/wp-content\/uploads\/2019\/11\/IMG_20191010_164759.jpg\" alt=\"\" class=\"wp-image-21620\" srcset=\"https:\/\/speyer24news.com\/wp-content\/uploads\/2019\/11\/IMG_20191010_164759.jpg 800w, https:\/\/speyer24news.com\/wp-content\/uploads\/2019\/11\/IMG_20191010_164759-300x225.jpg 300w, https:\/\/speyer24news.com\/wp-content\/uploads\/2019\/11\/IMG_20191010_164759-768x576.jpg 768w, https:\/\/speyer24news.com\/wp-content\/uploads\/2019\/11\/IMG_20191010_164759-678x509.jpg 678w, https:\/\/speyer24news.com\/wp-content\/uploads\/2019\/11\/IMG_20191010_164759-326x245.jpg 326w, https:\/\/speyer24news.com\/wp-content\/uploads\/2019\/11\/IMG_20191010_164759-80x60.jpg 80w\" sizes=\"(max-width: 800px) 100vw, 800px\" \/><\/figure><\/div>\n\n\n\n<table class=\"wp-block-table\"><tbody><tr><td>\n  <strong>5.11.<\/strong>\n  <\/td><td>\n  19 Uhr\n  bis 20.30 Uhr Vortragsabend unter dem Thema \u201eSo sterben wir \u2013 Was wir \u00fcber\n  unser Lebensende wissen sollten\u201c im Rahmen der Veranstaltungsreihe \u201eIm\n  Angesicht der Ewigkeit\u201c im Heinrich Pesch Haus in Ludwigshafen.\n  <\/td><\/tr><tr><td>\n  <strong>6.11.<\/strong>\n  <\/td><td>\n  16 Uhr\n  Vesper im Speyerer Dom anl\u00e4sslich der Verabschiedung von Domdekan Dr.\n  Christoph Kohl als Leiter der Hauptabteilung \u201eSchulen, Hochschulen und\n  Bildung\u201c im Bisch\u00f6flichen Ordinariat Speyer und Einf\u00fchrung von\n  Ordinariatsdirektorin Dr. Irina Kreusch als Leiterin der Hauptabteilung.\n  <\/td><\/tr><tr><td>\n  <strong>7.11.<\/strong>\n  <\/td><td>\n  19.30 Uhr\n  \u201eStammtisch f\u00fcr Entdecker*innen\u201c in Kaiserslautern.\n  \u00d6kumenische\n  Austauschplattform f\u00fcr Haupt- und Ehrenamtliche aus den verschiedenen\n  Regionen im Gebiet der beiden Gro\u00dfkirchen.\n  Veranstalter:\n  \u201eSchon jetzt\u201c \u2013 eine \u00f6kumenische Initiative der Evangelischen Kirche der\n  Pfalz (Prot. Landeskirche) und des Bistums Speyer.\n  <\/td><\/tr><tr><td>\n  <strong>8.11.<\/strong>\n  <\/td><td>\n  18 Uhr\n  Firmung durch Bischof Dr. Karl-Heinz Wiesemann in Limburgerhof.\n  <\/td><\/tr><tr><td>\n  <strong>8.11.<\/strong>\n  <\/td><td>\n  19 Uhr\n  bis 21.30 Uhr Gespr\u00e4chsreihe f\u00fcr Paare unter dem Thema \u201eLiebe kann wachsen\u201c\n  im Caritas-Zentrum in Landau (K\u00f6nigstr. 39 \u2013 41).\n  Leitung:\n  Barbara Meier, Erziehungs-, Ehe- und Lebensberatung des Caritaszentrum Landau\n  und Rita H\u00f6fer, Generationen\/Lebenswelten im Bisch\u00f6flichen Ordinariat Speyer.\n  <\/td><\/tr><tr><td>\n  <strong>8. \u2013\n  10.11.<\/strong>\n  <\/td><td>\n  Seminar\n  f\u00fcr Multiplikatorinnen in der Weltgebetstagsarbeit unter dem Motto \u201eSimbabwe\n  \u2013 Steh auf und geh!\u201c in Landau.\n  <\/td><\/tr><tr><td>\n  <strong>9.11.<\/strong>\n  <\/td><td>\n  10 Uhr\n  Firmung durch Bischof Dr. Karl-Heinz Wiesemann in Altrip.\n  <\/td><\/tr><tr><td>\n  <strong>9.11.<\/strong>\n  <\/td><td>\n  18 Uhr\n  Hubertusmesse im Speyerer Dom.\n  <\/td><\/tr><tr><td>\n  <strong>10.11.<\/strong>\n  <\/td><td>\n  10 Uhr Erwachsenenfirmung\n  durch Bischof Dr. Wiesemann im Speyerer Dom.\n  <\/td><\/tr><tr><td>\n  <strong>10.11.<\/strong>\n  <\/td><td>\n  \u00d6kumenischer Gottesdienst zur Er\u00f6ffnung\n  der \u00d6kumenischen Friedensdekade (10. bis 20. November 2019) unter dem Motto\n  \u201eFriedensklima\u201c in Gr\u00fcnstadt.\n  <\/td><\/tr><tr><td>\n  <strong>10.11.<\/strong>\n  <\/td><td>\n  15.30 Uhr Heilige Messe mit Bischof\n  Dr. Karl-Heinz Wiesemann anl\u00e4sslich des 30-j\u00e4hrigen Jubil\u00e4ums der\n  Promulgation der Komturei Regina Coeli in der Kirche des Bisch\u00f6flichen\n  Priesterseminars St. German in Speyer.\n  Anschlie\u00dfend Festakt.\n  <\/td><\/tr><\/tbody><\/table>\n\n\n\n<table class=\"wp-block-table\"><tbody><tr><td>\n  <strong>12.11.<\/strong>\n  <\/td><td>\n  Jahrestagung der Organe der\n  \u201eEurop\u00e4ischen Stiftung Kaiserdom zu Speyer\u201c im Rathaus der Stadt Speyer.\n  18 Uhr Festakt anl\u00e4sslich des\n  20-j\u00e4hrigen Bestehens der \u201eEurop\u00e4ischen Stiftung Kaiserdom zu Speyer\u201c mit\n  Konzert im Speyerer Dom mit dem Kurpf\u00e4lzischen Kammerorchester Mannheim.\n  <\/td><\/tr><tr><td>\n  <strong>13.11.<\/strong>\n  <\/td><td>\n  Pastoraltag 2019 in der Bildungs-\n  und Freizeitst\u00e4tte Heilsbach (bei Sch\u00f6nau\/Dahn) statt. P. Prof. Dr. Eckhard\n  Frick SJ und P. Bernhard Heindl SJ werden den Tag zur Thematik\n  \u201eRollenver\u00e4nderung\u201c gestalten.\n  <\/td><\/tr><tr><td>\n  <strong>14.11.<\/strong>\n  <\/td><td>\n  19 Uhr\n  BDKJ-Dekanatsversammlung in Winnweiler.\n  <\/td><\/tr><tr><td>\n  <strong>15.11.<\/strong>\n  <\/td><td>\n  18 Uhr\n  Pontifikalvesper mit Weihbischof Otto Georgens im Speyerer Dom.\n  18.30 Uhr\n  Pontifikalrequiem mit Weihbischof Otto Georgens im Speyerer Dom f\u00fcr die\n  verstorbenen Bisch\u00f6fe und Priester der Kathedrale.\n  <\/td><\/tr><tr><td>\n  <strong>16.11.<\/strong>\n  <\/td><td>\n  Di\u00f6zesankonferenz\n  der Katholischen jungen Gemeinde (KjG) im Bistum Speyer.\n  <\/td><\/tr><tr><td>\n  <strong>16.11.<\/strong>\n  <\/td><td>\n  19.30 Uhr\n  Orgelkonzert im Rahmen des Orgelzyklus 2019 im Speyerer Dom mit Bart Jacobs,\n  Br\u00fcssel\/Belgien.\n  <\/td><\/tr><tr><td>\n  <strong>16.\/17.11.<\/strong>\n  <\/td><td>\n  Pfarrgremienwahl\n  im Bistum Speyer unter dem Motto \u201eZusammen wachsen. Weiter denken\u201c. \n  <\/td><\/tr><tr><td>\n  <strong>17.11.<\/strong>\n  <\/td><td>\n  Diaspora-Sonntag\n  2019 unter dem Leitwort \u201eWerde Glaubensstifter!\u201c\n  <\/td><\/tr><tr><td>\n  <strong>17.11.<\/strong>\n  <\/td><td>\n  Kunstmarkt\n  des Dombauvereins Speyer mit Bildverkauf zu Gunsten des Speyerer Doms im\n  \u00c4gidienhaus in Speyer.\n  <\/td><\/tr><tr><td>\n  <strong>19.11.<\/strong>\n  <\/td><td>\n  Gedenktag\n  f\u00fcr die Wohlt\u00e4ter des Doms, die bayerischen K\u00f6nige, die F\u00f6rderer des Doms aus\n  dem Dombauverein und der Europ\u00e4ischen Stiftung Kaiserdom zu Speyer und alle,\n  die zum Erhalt des Speyerer Doms beigetragen haben.\n  18 Uhr\n  Kapitelsvesper im Speyerer Dom.\n  18.30 Uhr\n  Kapitelsamt im Speyerer Dom.\n  <\/td><\/tr><tr><td>\n  <strong>19.11.<\/strong>\n  <\/td><td>\n  10-j\u00e4hriges\n  Bestehen des Caritas-Altenzentrum St. Elisabeth in Germersheim.\n  <\/td><\/tr><tr><td>\n  <strong>19.11.<\/strong>\n  <\/td><td>\n  Theaterst\u00fcck\n  \u201eTrau Dich\u201c in Landau, Pr\u00e4ventionstheater, Maria-Ward-Schule Landau \n  <\/td><\/tr><tr><td>\n  <strong>21.11.<\/strong>\n  <\/td><td>\n  18 Uhr St. Martins-Jahresempfang des\n  Katholischen B\u00fcros Mainz mit den rheinland-pf\u00e4lzischen Bisch\u00f6fen im Erbacher\n  Hof in Mainz.\n  <\/td><\/tr><tr><td>\n  <strong>23.11.<\/strong>\n  <\/td><td>\n  J\u00e4hrlicher Caritastag (Begegnung f\u00fcr ehren-\n  und hauptamtliche Mitarbeiterinnen und Mitarbeiter der Caritas) in der\n  Stadthalle in Germersheim. Von 9-17 Uhr.\n  <\/td><\/tr><tr><td>\n  <strong>23.11.<\/strong>\n  <\/td><td>\n  16 Uhr Firmung durch Bischof Dr. Karl-Heinz\n  Wiesemann in Ramstein.\n  <\/td><\/tr><tr><td>\n  <strong>24.11.<\/strong>\n  <\/td><td>\n  10 Uhr Firmung durch Bischof Dr. Karl-Heinz\n  Wiesemann in der Kirche Hl. Dreifaltigkeit in Frankenthal.\n  <\/td><\/tr><tr><td>\n  <strong>24.11.<\/strong>\n  <\/td><td>\n  16 Uhr Firmung durch Bischof Dr. Karl-Heinz\n  Wiesemann in Flomersheim.\n  <\/td><\/tr><tr><td>\n  <strong>26.11.<\/strong>\n  <\/td><td>\n  19 Uhr Benefiz-Gala \u2013 Speyerer Autoren lesen\n  f\u00fcr den Dom in der Stadthalle in Speyer.\n  <\/td><\/tr><tr><td>\n  <strong>29.11.<\/strong>\n  <\/td><td>\n  10 Uhr, Pressegespr\u00e4ch zum Abschluss der\n  Restaurierungsarbeiten der Vorhalle des Domes.&nbsp;\n  <\/td><\/tr><\/tbody><\/table>\n\n\n\n<p><em>Bistum Speyer<br>05.11.2019<\/em><\/p>\n\n\n\n<h2 class=\"wp-block-heading\"><strong>Bistum Speyer mit neuem Internetauftritt<\/strong><\/h2>\n\n\n\n<h3 class=\"wp-block-heading\"><strong>Pro Monat nutzen rund 20.000 Menschen das digitale Angebot, um sich \u00fcber Neuigkeiten und kirchliche Angebote zu informieren \u2013 Barrierefreiheit  und verbesserte Ansicht f\u00fcr mobile Endger\u00e4te<\/strong><\/h3>\n\n\n\n<div class=\"wp-block-image\"><figure class=\"aligncenter\"><img decoding=\"async\" loading=\"lazy\" width=\"800\" height=\"553\" src=\"https:\/\/speyer24news.com\/wp-content\/uploads\/2019\/11\/Freischaltung.jpg\" alt=\"\" class=\"wp-image-21619\" srcset=\"https:\/\/speyer24news.com\/wp-content\/uploads\/2019\/11\/Freischaltung.jpg 800w, https:\/\/speyer24news.com\/wp-content\/uploads\/2019\/11\/Freischaltung-300x207.jpg 300w, https:\/\/speyer24news.com\/wp-content\/uploads\/2019\/11\/Freischaltung-768x531.jpg 768w\" sizes=\"(max-width: 800px) 100vw, 800px\" \/><figcaption>Bischof Dr. Karl-Heinz Wiesemann (rechts) und Generalvikar Andreas Sturm beim Freischalten des neuen Internetauftritts.<\/figcaption><\/figure><\/div>\n\n\n\n<p><strong>Speyer &#8211; <\/strong>Das Bistum Speyer stellt seine Angebote mit einem neuen  Internetauftritt vor. Er wurde am 27. Oktober von Bischof Dr. Karl-Heinz  Wiesemann und Generalvikar Andreas Sturm freigeschaltet. Der neue  Internetauftritt ist das Ergebnis einer zweij\u00e4hrigen Entwicklungszeit  mit dem Ziel, die Angebote des Bistums klar und \u00fcbersichtlich  darzustellen.<\/p>\n\n\n\n<p>\u201eDas\n Internet ist &#8211; zus\u00e4tzlich zur Medienarbeit, den Rundfunksendungen und \nunseren Angeboten in den sozialen Netzwerken &#8211; eine wichtige S\u00e4ule \nunserer Kommunikation\u201c, erl\u00e4utert Markus Herr, Leiter der Abteilung \n\u00d6ffentlichkeitsarbeit. Rund 20.000 Menschen pro Monat nutzen die \nInternetseite des Bistums. \u201eHier erf\u00e4hrt man tagesaktuell, was die \nKatholikinnen und Katholiken in der Pfalz und im Saarpfalzkreis bewegt. \nMan kann sich einen \u00dcberblick \u00fcber Gottesdienste und kirchliche \nVeranstaltungen verschaffen und sich umfassend \u00fcber das kirchlichen \nLeben zwischen Saar und Rhein, zwischen dem Donnersberg im Norden und \nder franz\u00f6sischer Grenze im S\u00fcden informieren.\u201c<\/p>\n\n\n\n<p>Leitend\n f\u00fcr die Entwicklung des neuen Internetauftritts sei gewesen, nicht die \nStrukturen, sondern die Inhalte in den Mittelpunkt zu stellen. \u201eWir \nwollen Fernstehenden eine kompakte Erstinformation vermitteln, zugleich \naber Menschen auf der gezielten Suche nach Themen und Angeboten den \nbestm\u00f6glichen Service bieten\u201c, betont Markus Herr. Mit dem neuen \nInternetauftritt wurden verbesserte Ansichten f\u00fcr die Nutzer von mobilen\n Endger\u00e4ten wie Tablets und Smartphones sowie eine barrierefreie \nAnsprache von Menschen mit Seh- und H\u00f6rbehinderungen verwirklicht. Neu \nist ein Angebot in leichter Sprache, das noch erg\u00e4nzt wird. Auch die \nVerkn\u00fcpfung mit Inhalten aus den sozialen Netzwerken wurde optimiert.<\/p>\n\n\n\n<p>Das\n Bistum Speyer, seine Pfarreien und Einrichtungen pr\u00e4sentieren sich im \nInternet als \u201eBistums-Webfamilie\u201c. Es handelt sich dabei um einen \nVerbund von aktuell 55 Internetauftritten, die auf einer gemeinsamen \nInternetplattform basieren. Dadurch wird erm\u00f6glicht, in vielf\u00e4ltiger \nWeise Informationen zu vernetzen: So sind nicht nur Gottesdienste und \nVeranstaltungen Pfarrei \u00fcbergreifend abrufbar, auch aktuelle Meldungen \nvon unterschiedlichen Akteuren innerhalb des Bistums werden von Homepage\n zu Homepage weitergegeben. Dadurch werden eine hohe Aktualit\u00e4t der \nInformationen und optimale Verteilung bis in die einzelnen Pfarreien \nerm\u00f6glicht. \u201eWir erreichen damit rund 150.000 Nutzerinnen und Nutzer pro\n Monat\u201c, informiert Markus Herr.<\/p>\n\n\n\n<p>Der\n Relaunch der Bistumshomepage ist der Auftakt eines \nModernisierungsprozesses, der bis Ende kommenden Jahres auf alle \nangeschlossenen Internetseiten wie zum Beispiel die des Speyerer Doms \noder des Verlags der Bistumszeitung ausgedehnt wird. Das bisherige \nWebdesign, das noch an gut gekannte, gelernte Naviagtionsstrukturen \nangelehnt war, wird damit Zug um Zug durch ein aktuelles Bedienkonzept \nabgel\u00f6st, das der zunehmenden Nutzung von mobilen Ger\u00e4ten Rechnung \ntr\u00e4gt, aber auch am PC-Bildschirm mehr Interaktionsm\u00f6glichkeiten bietet.\n <\/p>\n\n\n\n<p>Die\n Bistums-Webfamilie wurde 2011 von der Peregrinus GmbH, einer \nTochtergesellschaft des Bistums Speyer, mit dem Anliegen initiiert, \u00fcber\n alle Ebenen hinweg das Bistum von der einzelnen Pfarrei bis zum \nBisch\u00f6flichen Ordinariat transparent und informativ im Internet \nvorzustellen. F\u00fcr die konzeptionelle Weiterentwicklung sowie die \nKoordination mit den neu hinzukommenden Webfamilie-Mitgliedern steht \nGesch\u00e4ftsf\u00fchrer Marco Fraleoni als Ansprechpartner zur Verf\u00fcgung. Die \ntechnische Realisierung der gesamten Internetplattform sowie die \nEntwicklung der neuen Webtemplates liegt in den H\u00e4nden des \nTechnologiepartners \u201eCreatec Solution GmbH\u201c, unterst\u00fctzt von der \nKreativagentur \u201eArtell\u201c, beide mit Sitz in Landau.&#8220;<\/p>\n\n\n\n<p><strong>Weitere Informationen:<\/strong> <a rel=\"noreferrer noopener\" href=\"https:\/\/deref-web-02.de\/mail\/client\/1cyMA8jtc2g\/dereferrer\/?redirectUrl=http%3A%2F%2Fwww.bistum-speyer.de\" target=\"_blank\">www.bistum-speyer.de<\/a><\/p>\n\n\n\n<p><em>Bistum Speyer<br>05.11.2019<\/em><\/p>\n\n\n\n<h2 class=\"wp-block-heading\"><strong>Das letzte Hemd der Kaiser<\/strong><\/h2>\n\n\n\n<h3 class=\"wp-block-heading\"><strong>Vortrag von Sabine Kaufmann im Rahmen des Wissenschaftlichen Forums des Dombauvereins zu den Grabfunden im Speyerer Dom<\/strong><\/h3>\n\n\n\n<div class=\"wp-block-image\"><figure class=\"aligncenter\"><img decoding=\"async\" loading=\"lazy\" width=\"800\" height=\"560\" src=\"https:\/\/speyer24news.com\/wp-content\/uploads\/2019\/11\/7102_duplex_Oeffnung.jpg\" alt=\"\" class=\"wp-image-21618\" srcset=\"https:\/\/speyer24news.com\/wp-content\/uploads\/2019\/11\/7102_duplex_Oeffnung.jpg 800w, https:\/\/speyer24news.com\/wp-content\/uploads\/2019\/11\/7102_duplex_Oeffnung-300x210.jpg 300w, https:\/\/speyer24news.com\/wp-content\/uploads\/2019\/11\/7102_duplex_Oeffnung-768x538.jpg 768w\" sizes=\"(max-width: 800px) 100vw, 800px\" \/><figcaption>Grab\u00f6ffnung 1900 \u00a9 Historisches Museum der Pfalz Speyer <\/figcaption><\/figure><\/div>\n\n\n\n<p><strong>Speyer &#8211;<\/strong>  \u201eWas wissen die Toten?\u201c \u2013 diese Frage aus dem Buch der Prediger stellte  Sabine Kaufmann an den Anfang ihres Vortrags zu den Grabfunden im  Speyerer Dom. Die Sammlungsleiterin des Historischen Museums referierte  im Rahmen des Wissenschaftlichen Forums auf Einladung des Dombauvereins  \u00fcber das Schicksal der Herrschergr\u00e4ber im Dom. Das Interesse an diesem  Thema war so gro\u00df, das nachtr\u00e4gliche noch St\u00fchle herbei geschafft werden  mussten und der Saal in der Volksbank Speyer bis an seine  Kapazit\u00e4tsgrenzen gef\u00fcllt war.<\/p>\n\n\n\n<p>Was\n k\u00f6nnen wir \u00fcber die toten Kaiser, Kaiserinnen und K\u00f6nige, die im \nSpeyerer Dom ihre letzte Ruhest\u00e4tte fanden, wissen? Dieser Frage ging \nKaufmann nach, indem sie zun\u00e4chst einen \u00dcberblick \u00fcber die Geschichte \nder Grablege, Lage und Anordnung der Gr\u00e4ber sowie die Reihenfolge der \nBestattungen gab. Als gro\u00dfe Z\u00e4sur nannte sie die Zerst\u00f6rung im \nPf\u00e4lzischen Erbfolgekrieg 1689. Danach ging das Wissen um die genaue \nLage und den Zustand der Grabst\u00e4tte verloren. Als spannendes Detail \nschilderte die studierte Historikerin und Arch\u00e4ologin, dass man 1739 \nzun\u00e4chst von der Krypta aus versuchte, zu einer vermeintlichen Gruft zu \ngelangen. Da diese Grabung jedoch ohne Genehmigung des Bischofs \nstattgefunden hatte, wurde sie rasch unterbunden, was wahrscheinlich \ngr\u00f6\u00dfere Sch\u00e4den verhinderte, waren bei den Arbeiten doch bereits zwei \nK\u00f6nigsgr\u00e4ber angeschnitten und besch\u00e4digt worden. <\/p>\n\n\n\n<p>Ab\n 1900 schlie\u00dflich wurden alle Gr\u00e4ber ergraben und ge\u00f6ffnet. Die \nfotografischen Aufnahmen und das Grabungstagebuch geben bis heute \nn\u00fctzliche Hinweise, auch wenn nach heutigem Stand der Umgang mit den \nGrabfunden nicht immer gl\u00fccklich war. Detailliert und fachkundig \nbeleuchtete Kaufmann die Situation der einzelnen Gr\u00e4ber und res\u00fcmierte \nschlaglichtartig die wichtigsten Erkenntnisse, die mit Hilfe des \nsogenannten KUR-Projekts 2008 gewonnen werden konnten. Im Rahmen dieser,\n von der Kulturstiftung des Bundes gef\u00f6rderten Ma\u00dfnahme, wurden \ninsbesondere die textilen Grabfunde untersucht. So konnte festgestellt \nwerden, dass die Schuhe der Kaiserin Gisela zum Teil aus Biberhaar \ngearbeitet waren, was einen wasserabweisenden Effekt gehabt haben \nd\u00fcrfte. Auch die Grabkronen und \u00fcbrigen Funeralinsignien \u2013 also f\u00fcr die \nBestattung hergestellten Herrscherzeichen \u2013 wurden in ihrer Machart und \nFunktion dargestellt und gedeutet.<\/p>\n\n\n\n<p>Eine  zus\u00e4tzliche, neue Erkenntnis wurde 2016 gewonnen. Die Bleitafel, eine  sogenannte Grabautethik, die sich unter dem Kopf der toten Kaiserin  Gisela befand, wurde vom Interdisziplin\u00e4ren Zentrum f\u00fcr  Wissenschaftliches Rechnen der Universit\u00e4t Heidelberg einem  Steiflichtscan unterzogen. So konnte die teilweise mit dem blo\u00dfen Auge  nicht mehr lesbare Inschrift rekonstruiert werden. Aus der auf der  Platte dokumentierten gro\u00dfen Anzahl von bei dem Begr\u00e4bnis der  Herrscherin anwesenden Erzbisch\u00f6fen und Bisch\u00f6fen, leitete Professor  Matthias Untermann die These ab, dass etwa zeitgleich, n\u00e4mlich 1043, die  Weihe der Ostteile des Doms erfolgt sein m\u00fcsse. Der Vortrag von  Kaufmann vermochte so, einen umfassenden und spannendenden Einblick in  die Bestattungssituation der Kaiser im Dom zu geben, was ihr von den  Zuh\u00f6rerinnen und Zuh\u00f6rern mit anhaltendem Applaus gedankt wurde.<\/p>\n\n\n\n<p><em>Text: Friederike Walter Foto: \u00a9 Historisches Museum der Pfalz Speyer<br>05.11.2019<\/em><\/p>\n","protected":false},"excerpt":{"rendered":"<div class=\"mh-excerpt\"><p>Gedenken an tote Bisch\u00f6fe Pontifikalrequiem mit Weihbischof Otto Georgens am 15. November \u2013 Grablichter und Namensschilder kennzeichnen Bischofsgr\u00e4ber im Dom zu Speyer Speyer &#8211; In einem Pontifikalrequiem wird j\u00e4hrlich im November den verstorbenen Bisch\u00f6fen und <a class=\"mh-excerpt-more\" href=\"https:\/\/speyer24news.com\/?p=21617\" title=\"Kirche:\">[&#8230;]<\/a><\/p>\n<\/div>","protected":false},"author":3,"featured_media":20985,"comment_status":"open","ping_status":"open","sticky":false,"template":"","format":"standard","meta":{"_monsterinsights_skip_tracking":false,"_monsterinsights_sitenote_active":false,"_monsterinsights_sitenote_note":"","_monsterinsights_sitenote_category":0,"footnotes":""},"categories":[120],"tags":[174,2360,4315,60,4311,4321,4320,4312,121,4314,4318,4310,2998,4309,4313,3967,4317,3100,4319],"aioseo_notices":[],"amp_enabled":true,"_links":{"self":[{"href":"https:\/\/speyer24news.com\/index.php?rest_route=\/wp\/v2\/posts\/21617"}],"collection":[{"href":"https:\/\/speyer24news.com\/index.php?rest_route=\/wp\/v2\/posts"}],"about":[{"href":"https:\/\/speyer24news.com\/index.php?rest_route=\/wp\/v2\/types\/post"}],"author":[{"embeddable":true,"href":"https:\/\/speyer24news.com\/index.php?rest_route=\/wp\/v2\/users\/3"}],"replies":[{"embeddable":true,"href":"https:\/\/speyer24news.com\/index.php?rest_route=%2Fwp%2Fv2%2Fcomments&post=21617"}],"version-history":[{"count":1,"href":"https:\/\/speyer24news.com\/index.php?rest_route=\/wp\/v2\/posts\/21617\/revisions"}],"predecessor-version":[{"id":21629,"href":"https:\/\/speyer24news.com\/index.php?rest_route=\/wp\/v2\/posts\/21617\/revisions\/21629"}],"wp:featuredmedia":[{"embeddable":true,"href":"https:\/\/speyer24news.com\/index.php?rest_route=\/wp\/v2\/media\/20985"}],"wp:attachment":[{"href":"https:\/\/speyer24news.com\/index.php?rest_route=%2Fwp%2Fv2%2Fmedia&parent=21617"}],"wp:term":[{"taxonomy":"category","embeddable":true,"href":"https:\/\/speyer24news.com\/index.php?rest_route=%2Fwp%2Fv2%2Fcategories&post=21617"},{"taxonomy":"post_tag","embeddable":true,"href":"https:\/\/speyer24news.com\/index.php?rest_route=%2Fwp%2Fv2%2Ftags&post=21617"}],"curies":[{"name":"wp","href":"https:\/\/api.w.org\/{rel}","templated":true}]}}