{"id":21640,"date":"2019-11-05T14:18:15","date_gmt":"2019-11-05T13:18:15","guid":{"rendered":"https:\/\/speyer24news.com\/?p=21640"},"modified":"2019-11-05T14:21:50","modified_gmt":"2019-11-05T13:21:50","slug":"schwetzingen-31","status":"publish","type":"post","link":"https:\/\/speyer24news.com\/?p=21640","title":{"rendered":"Schwetzingen"},"content":{"rendered":"<style type=\"text\/css\">\r\n\t.ads_top_disp{}\r\n\t.ads_top_corner_disp{ float:left; margin:0px 10px 10px 0px; }\r\n\t.ads_first_p_disp{}\r\n\t.ads_bottom_disp{}\r\n\t<\/style>\n<h2 class=\"wp-block-heading\">N<strong>\u00e4chster Schwetzinger Klima-Stammtisch am 14. November\n<\/strong><\/h2>\n\n\n\n<p>Die  Stabsstelle Klimaschutz, Energie und Umwelt der Stadt Schwetzingen l\u00e4dt  alle interessierten B\u00fcrger\/innen am <strong>Donnerstag, 14. November 2019<\/strong>, zum  n\u00e4chsten Klima-Stammtisch ein. Die  Veranstaltung findet um 18:30 im Welde-Brauhaus, Mannheimer Str. 2,  statt.<\/p>\n\n\n\n<p>Neben\n den Mitarbeiter\/innen der Stabsstelle wird der Referent J\u00f6rg Marwede \nanwesend sein. Er arbeitete 30 Jahre lang in der Energiebranche \u2013 zuerst\n in der \u00d6lindustrie, sp\u00e4ter in seinem\n eigenen Unternehmen in der PV-Branche. Sein Motto: \u201eF\u00fcr den Klimaschutz\n muss sich jeder Einzelne engagieren\u201c. In seinem Kurzvortrag wird er \ninteressante Einblicke in den Energiesektor geben und \u00fcber seine \nlangj\u00e4hrigen Erfahrungen als aktiver Klimasch\u00fctzer\n berichten. Zur Diskussionsrunde werden au\u00dferdem Experten zum Thema \nE-Mobilit\u00e4t erwartet.<\/p>\n\n\n\n<p>Unter allen Teilnehmern werden 4 Karten f\u00fcr das E4-Testival 2020 auf dem Hockenheimring verlost. Um Anmeldung \u00fcber\n<a href=\"mailto:klimaschutz@schwetzingen.de\" target=\"_blank\" rel=\"noreferrer noopener\">klimaschutz@schwetzingen.de<\/a> wird gebeten<\/p>\n\n\n\n<p><em>Stadtverwaltung Schwetzingen<br>05.11.2019<\/em><\/p>\n\n\n\n<h2 class=\"wp-block-heading\"><strong>Landschaftserhaltungstag am 9. November \u2013 Freiwillige Helfer zur Pflege eines Heckenbiotops gesucht<\/strong><\/h2>\n\n\n\n<p>Die\n Stadt Schwetzingen veranstaltet am Samstag, 9. November 2019, gemeinsam\n mit dem Landschaftserhaltungsverband Rhein-Neckar e.V. (LEV),\n der Mannheimer J\u00e4gervereinigung und ehrenamtlichen Helfer\/innen einen \nLandschaftspflegetag.<\/p>\n\n\n\n<p>Im Rahmen dieses Aktionstages soll in Schwetzingen zur F\u00f6rderung der Strukturerh\u00f6hung in der Landschaft ein vielf\u00e4ltiges\n Heckenbiotop gepflegt werden. <\/p>\n\n\n\n<p>Geplant ist der Landschaftspflegetag am\n<strong>Samstag, den 09.11.2019<\/strong> <strong>ab 09:00 Uhr bis ca. 13:00 Uhr<\/strong>. \nTreffpunkt ist direkt bei der zu pflegenden Hecke in Schwetzingen. Die \nZufahrt zum Biotop erfolgt \u00fcber die Durlacher Stra\u00dfe (Schwetzingen) bis \nzum Heuweg (Ketsch).\n<\/p>\n\n\n\n<p>Gern\n k\u00f6nnen Sie folgendes zum Arbeitseinsatz mitzubringen: \nArbeitshandschuhe, festes Schuhwerk (bestenfalls Sicherheitsschuhe)\n und wenn m\u00f6glich geeignetes Werkzeug (z.B. Astscheren, Gabeln, Spaten).\n Der LEV wird auch eine Auswahl verschiedener Ger\u00e4te mitbringen.\n<\/p>\n\n\n\n<p>Zum Abschluss des Landschaftspflegetages wird ein kleiner Imbiss organisiert. Warme Getr\u00e4nke (Tee, Kaffee) sind bitte\n selbst mitzubringen.<\/p>\n\n\n\n<p>Wenn\n Sie am Landschaftspflegetag teilnehmen m\u00f6chten oder Fragen zu der \nAktion haben, bitten wir Sie sich beim Landschaftserhaltungsverband\n Rhein-Neckar e.V. \u2013 Frau Naumann (Tel.: 07261\/9466-5393) <strong>bis zum 7. November 2019<\/strong> zu melden.<\/p>\n\n\n\n<p><em>Stadtverwaltung Schwetzingen<br>05.11.2019<\/em><\/p>\n\n\n\n<h2 class=\"wp-block-heading\"><strong>HildaCaf\u00e9 am 7. November: Schwetzinger Stadtgespr\u00e4ch mit Ordnungsamtsleiter Pascal Seidel und Nicole Blem vom Generationenb\u00fcro<\/strong><\/h2>\n\n\n\n<div class=\"wp-block-image\"><figure class=\"aligncenter\"><img decoding=\"async\" src=\"https:\/\/speyer24news.com\/wp-content\/uploads\/2019\/10\/Hilda-Cafe-Schwetzingen.png\" alt=\"\" class=\"wp-image-20524\"\/><\/figure><\/div>\n\n\n\n<p>Immer donnerstags von 15.00 bis 17.00 Uhr \u00f6ffnet das HildaCaf\u00e9 im Hebelhaus f\u00fcr die Schwetzinger Senior\/innen seine T\u00fcren<em>.\n<\/em>An jedem ersten Donnerstag im Monat ist auf Einladung der Stadt \nSchwetzingen ein besonderer Referent zu Gast. Am 7. November sind Nicole\n Blem vom Generationenb\u00fcro der Stadt und der Ordnungsamtsleiter Pascal \nSeidel zu Gast. Unter dem Motto \u201eSchwetzinger\n Stadtgespr\u00e4che\u201c werden sie \u00fcber Neuigkeiten in der Stadt und \ninsbesondere \u00fcber geplante Infrastrukturma\u00dfnahmen wie den Umbau der \nKarlsruher Stra\u00dfe und die Umgestaltung&nbsp; beziehungsweise die Umsetzung \ndes ampelfreien Rondells berichten.<\/p>\n\n\n\n<p>Alle\n Seniorinnen und Senioren sind herzlich eingeladen, einen kurzweiligen \nNachmittag in netter Gesellschaft, bewirtet von den ehrenamtlichen \nHelfern der Freiwilligenagentur \u201eSei dabei\u201c\n zu genie\u00dfen. Das Besondere am Hildacaf\u00e9 ist auch, das jeder Gast nur \ndas bezahlt was er kann, denn f\u00fcr die angebotenen Getr\u00e4nke und Speisen \nsteht eine kleine Spendenkasse bereit. Einlass ab 14:30 Uhr, Beginn 15 \nUhr, Eintritt frei.<\/p>\n\n\n\n<p>Alle Termine des HildaCaf\u00e9s stehen im Internet unter\n<a href=\"https:\/\/deref-web-02.de\/mail\/client\/8RZweGniFG8\/dereferrer\/?redirectUrl=http%3A%2F%2Fwww.johann-peter-hebel-haus.de\" target=\"_blank\" rel=\"noreferrer noopener\">www.johann-peter-hebel-haus.de<\/a>.<\/p>\n\n\n\n<p><em>Stadtverwaltung Schwetzingen<br>05.11.2019<\/em><\/p>\n\n\n\n<h2 class=\"wp-block-heading\"><strong>Willkommensfr\u00fchst\u00fcck f\u00fcr Eltern mit Neugeborenen in Schwetzingen<\/strong><\/h2>\n\n\n\n<div class=\"wp-block-image\"><figure class=\"aligncenter\"><img decoding=\"async\" loading=\"lazy\" width=\"800\" height=\"600\" src=\"https:\/\/speyer24news.com\/wp-content\/uploads\/2019\/11\/Willkommensfr\u00fchst\u00fcck.jpg\" alt=\"\" class=\"wp-image-21642\" srcset=\"https:\/\/speyer24news.com\/wp-content\/uploads\/2019\/11\/Willkommensfr\u00fchst\u00fcck.jpg 800w, https:\/\/speyer24news.com\/wp-content\/uploads\/2019\/11\/Willkommensfr\u00fchst\u00fcck-300x225.jpg 300w, https:\/\/speyer24news.com\/wp-content\/uploads\/2019\/11\/Willkommensfr\u00fchst\u00fcck-768x576.jpg 768w, https:\/\/speyer24news.com\/wp-content\/uploads\/2019\/11\/Willkommensfr\u00fchst\u00fcck-678x509.jpg 678w, https:\/\/speyer24news.com\/wp-content\/uploads\/2019\/11\/Willkommensfr\u00fchst\u00fcck-326x245.jpg 326w, https:\/\/speyer24news.com\/wp-content\/uploads\/2019\/11\/Willkommensfr\u00fchst\u00fcck-80x60.jpg 80w\" sizes=\"(max-width: 800px) 100vw, 800px\" \/><\/figure><\/div>\n\n\n\n<p>Bereits  zum zweiten Mal l\u00e4dt das Generationenb\u00fcro der Stadt Schwetzingen  gemeinsam mit den \u201eFr\u00fchen Hilfen\u201c des Rhein-Neckar-Kreises am <strong>Samstag,  16. November 2019<\/strong>, zu einem \u201eWillkommensfr\u00fchst\u00fcck\u201c  f\u00fcr Eltern mit Babys im Alter von 0 bis 6 Monaten ein. <\/p>\n\n\n\n<p>Im\n Josefshaus (Schlossstra\u00dfe 8) haben frischgebackene Eltern von 09:30 bis\n 12:00 Uhr die Gelegenheit, gemeinsam zu fr\u00fchst\u00fccken, andere Familien \nkennenzulernen und sich auszutauschen.\n<\/p>\n\n\n\n<p>Neben\n dem zwanglosen Austausch miteinander gibt es auch die M\u00f6glichkeit, sich\n \u00fcber die unterschiedlichen Angebote f\u00fcr Eltern mit Kleinkindern in \nSchwetzingen zu informieren.&nbsp;\n<\/p>\n\n\n\n<p>So\n stellt zum Beispiel die Schwetzinger Hebamme Waltraud Hauth ihre \u201eMILKY\n WAY BABY GROUP\u201c, einen offenen Treff f\u00fcr M\u00fctter mit ihren Babys vor, \nund auch die Beratungsstellen in Schwetzingen\n informieren \u00fcber ihre Arbeit. <\/p>\n\n\n\n<p>Dar\u00fcber\n hinaus erhalten die Eltern an verschiedenen St\u00e4nden Informationen zu \nThemen wie Freizeitaktivit\u00e4ten mit Kindern, Beratungsangebote f\u00fcr \nFamilien, Kindergarten- und Krippenpl\u00e4tzen\n und noch vieles mehr. <\/p>\n\n\n\n<p>F\u00fcr \u00e4ltere Geschwisterkinder ist ebenfalls gesorgt. Hier wird es eine Kinderbetreuung geben, so dass keine Langeweile aufkommt.&nbsp;\n<\/p>\n\n\n\n<p>Familien,\n die einen Dolmetscher ben\u00f6tigen, k\u00f6nnen diesen Bedarf gerne vorab beim \nGenerationenb\u00fcro anmelden. Das Diakonische Werk wird sich dann um die \nentsprechenden Dolmetscher k\u00fcmmern.\n<\/p>\n\n\n\n<p>Die\n Teilnahme an der Veranstaltung ist kostenlos. Um die Planung zu \nerleichtern, bitten die Veranstalter um Anmeldung per E-Mail unter:\n<a href=\"mailto:generationenbuero@schwetzingen.de\" target=\"_blank\" rel=\"noreferrer noopener\">generationenbuero@schwetzingen.de<\/a> &nbsp;oder Tel. 06202\/87495 gebeten.<\/p>\n\n\n\n<p><em>Stadtverwaltung Schwetzingen<br>05.11.2019<\/em><\/p>\n\n\n\n<h2 class=\"wp-block-heading\"><strong>B\u00fcrgersprechstunde von Oberb\u00fcrgermeister Dr. Ren\u00e9 P\u00f6ltl im November &amp; Dezember<\/strong><\/h2>\n\n\n\n<div class=\"wp-block-image\"><figure class=\"aligncenter\"><img decoding=\"async\" loading=\"lazy\" width=\"640\" height=\"433\" src=\"https:\/\/speyer24news.com\/wp-content\/uploads\/2019\/10\/OB-Poeltl-Schwetzingen.jpg\" alt=\"\" class=\"wp-image-20285\" srcset=\"https:\/\/speyer24news.com\/wp-content\/uploads\/2019\/10\/OB-Poeltl-Schwetzingen.jpg 640w, https:\/\/speyer24news.com\/wp-content\/uploads\/2019\/10\/OB-Poeltl-Schwetzingen-300x203.jpg 300w\" sizes=\"(max-width: 640px) 100vw, 640px\" \/><\/figure><\/div>\n\n\n\n<p>Am  <strong>Dienstag, 19. November 2019<\/strong>, &nbsp;wird Oberb\u00fcrgermeister Dr. Ren\u00e9 P\u00f6ltl  seine n\u00e4chste B\u00fcrgersprechstunde abhalten. Sie findet in der Zeit ab 17  Uhr im Rathaus statt. F\u00fcr  diesen Termin sind noch Anmeldungen m\u00f6glich. <\/p>\n\n\n\n<p>Die  n\u00e4chste B\u00fcrgersprechstunde findet dann am Dienstag, 17. Dezember 2019,  ab 17 Uhr, statt. F\u00fcr diesen Termin sind ebenfalls bereits Anmeldungen  m\u00f6glich. Interessierte  B\u00fcrger\/innen k\u00f6nnen sich an Sarah Erles und Sabrina Cass, Tel. 87-201,  &nbsp;zwecks Terminvereinbarung wenden.<\/p>\n\n\n\n<p><em>Stadtverwaltung Schwetzingen<br>05.11.2019<\/em><\/p>\n\n\n\n<h2 class=\"wp-block-heading\"><strong>Narren st\u00fcrmen das Rathaus am 11.11.<\/strong><\/h2>\n\n\n\n<div class=\"wp-block-image\"><figure class=\"aligncenter\"><img decoding=\"async\" loading=\"lazy\" width=\"800\" height=\"533\" src=\"https:\/\/speyer24news.com\/wp-content\/uploads\/2019\/11\/carnival-2092819.jpg\" alt=\"\" class=\"wp-image-21641\" srcset=\"https:\/\/speyer24news.com\/wp-content\/uploads\/2019\/11\/carnival-2092819.jpg 800w, https:\/\/speyer24news.com\/wp-content\/uploads\/2019\/11\/carnival-2092819-300x200.jpg 300w, https:\/\/speyer24news.com\/wp-content\/uploads\/2019\/11\/carnival-2092819-768x512.jpg 768w\" sizes=\"(max-width: 800px) 100vw, 800px\" \/><\/figure><\/div>\n\n\n\n<p>P\u00fcnktlich zu Beginn der n\u00e4rrischen Zeit st\u00fcrmen am&nbsp;<strong>Montag, 11.11.2019 um 11.11 Uhr<\/strong>\n die Narren der Schwetzinger Carnevals Gesellschaft (SCG) das\n Rathaus, um den Rathausschl\u00fcssel in ihre Gewalt zu nehmen. Wie immer \nwird der Amtssitz wehrhaft von Oberb\u00fcrgermeister&nbsp;Ren\u00e9 P\u00f6ltl und seinen \nAmtsleitern verteidigt werden.\n<\/p>\n\n\n\n<p>Die Bev\u00f6lkerung ist herzlich zum \u201eRathaussturm\u201c und zum anschlie\u00dfenden  Imbiss mit&nbsp;hei\u00dfer Wurst, alkoholfreien Getr\u00e4nken, Bier&nbsp;und Berlinern ins  Rathausfoyer eingeladen.<\/p>\n\n\n\n<p><em>Stadtverwaltung Schwetzingen<br>05.11.2019<\/em><\/p>\n","protected":false},"excerpt":{"rendered":"<div class=\"mh-excerpt\"><p>N\u00e4chster Schwetzinger Klima-Stammtisch am 14. November Die Stabsstelle Klimaschutz, Energie und Umwelt der Stadt Schwetzingen l\u00e4dt alle interessierten B\u00fcrger\/innen am Donnerstag, 14. November 2019, zum n\u00e4chsten Klima-Stammtisch ein. Die Veranstaltung findet um 18:30 im Welde-Brauhaus, <a class=\"mh-excerpt-more\" href=\"https:\/\/speyer24news.com\/?p=21640\" title=\"Schwetzingen\">[&#8230;]<\/a><\/p>\n<\/div>","protected":false},"author":3,"featured_media":0,"comment_status":"open","ping_status":"open","sticky":false,"template":"","format":"standard","meta":{"_monsterinsights_skip_tracking":false,"_monsterinsights_sitenote_active":false,"_monsterinsights_sitenote_note":"","_monsterinsights_sitenote_category":0,"footnotes":""},"categories":[477],"tags":[478,4331,736,4328,4330,4332,4333,154,4334,4329,883],"aioseo_notices":[],"amp_enabled":true,"_links":{"self":[{"href":"https:\/\/speyer24news.com\/index.php?rest_route=\/wp\/v2\/posts\/21640"}],"collection":[{"href":"https:\/\/speyer24news.com\/index.php?rest_route=\/wp\/v2\/posts"}],"about":[{"href":"https:\/\/speyer24news.com\/index.php?rest_route=\/wp\/v2\/types\/post"}],"author":[{"embeddable":true,"href":"https:\/\/speyer24news.com\/index.php?rest_route=\/wp\/v2\/users\/3"}],"replies":[{"embeddable":true,"href":"https:\/\/speyer24news.com\/index.php?rest_route=%2Fwp%2Fv2%2Fcomments&post=21640"}],"version-history":[{"count":2,"href":"https:\/\/speyer24news.com\/index.php?rest_route=\/wp\/v2\/posts\/21640\/revisions"}],"predecessor-version":[{"id":21644,"href":"https:\/\/speyer24news.com\/index.php?rest_route=\/wp\/v2\/posts\/21640\/revisions\/21644"}],"wp:attachment":[{"href":"https:\/\/speyer24news.com\/index.php?rest_route=%2Fwp%2Fv2%2Fmedia&parent=21640"}],"wp:term":[{"taxonomy":"category","embeddable":true,"href":"https:\/\/speyer24news.com\/index.php?rest_route=%2Fwp%2Fv2%2Fcategories&post=21640"},{"taxonomy":"post_tag","embeddable":true,"href":"https:\/\/speyer24news.com\/index.php?rest_route=%2Fwp%2Fv2%2Ftags&post=21640"}],"curies":[{"name":"wp","href":"https:\/\/api.w.org\/{rel}","templated":true}]}}