{"id":21850,"date":"2019-11-08T10:23:22","date_gmt":"2019-11-08T09:23:22","guid":{"rendered":"https:\/\/speyer24news.com\/?p=21850"},"modified":"2019-11-08T11:16:05","modified_gmt":"2019-11-08T10:16:05","slug":"kultur-12","status":"publish","type":"post","link":"https:\/\/speyer24news.com\/?p=21850","title":{"rendered":"Kultur \/ Veranstaltungen"},"content":{"rendered":"<style type=\"text\/css\">\r\n\t.ads_top_disp{}\r\n\t.ads_top_corner_disp{ float:left; margin:0px 10px 10px 0px; }\r\n\t.ads_first_p_disp{}\r\n\t.ads_bottom_disp{}\r\n\t<\/style>\n<h2 class=\"wp-block-heading\">Ausstellung &#8222;Tanja Vetter &#8211; Hundstage&#8220;<\/h2>\n\n\n\n<div class=\"wp-block-image\"><figure class=\"aligncenter\"><img decoding=\"async\" loading=\"lazy\" width=\"500\" height=\"711\" src=\"https:\/\/speyer24news.com\/wp-content\/uploads\/2019\/11\/Tanja-Vetter-Hundstage-Plakat.png\" alt=\"\" class=\"wp-image-21868\" srcset=\"https:\/\/speyer24news.com\/wp-content\/uploads\/2019\/11\/Tanja-Vetter-Hundstage-Plakat.png 500w, https:\/\/speyer24news.com\/wp-content\/uploads\/2019\/11\/Tanja-Vetter-Hundstage-Plakat-211x300.png 211w\" sizes=\"(max-width: 500px) 100vw, 500px\" \/><\/figure><\/div>\n\n\n\n<p><strong>Speyer &#8211; <\/strong>Am <strong>Freitag, den 15. November 2019<\/strong> wird um 19 Uhr die Ausstellung &#8222;Tanja Vetter &#8211; Hundstage\u201c im K\u00fcnstlerhaus des Speyerer K\u00fcnstlerbundes er\u00f6ffnet. <\/p>\n\n\n\n<p>Die Ausstellung ist zu sehen<strong><em> bis zum 24. November<\/em><\/strong>, jeweils Samstag und Sonntag von 14 &#8211; 18 Uhr. <\/p>\n\n\n\n<p>Ich m\u00f6chte Sie hiermit ganz herzlich f\u00fcr diese Ausstellung am Dienstag, den 12. November 2019 um 17 Uhr im K\u00fcnstlerhaus, Gro\u00dfe S\u00e4mergasse 1a einladen!<\/p>\n\n\n\n<div class=\"wp-block-image\"><figure class=\"aligncenter\"><img decoding=\"async\" loading=\"lazy\" width=\"800\" height=\"399\" src=\"https:\/\/speyer24news.com\/wp-content\/uploads\/2019\/11\/Tanja-Vetter-Hundstage.png\" alt=\"\" class=\"wp-image-21869\" srcset=\"https:\/\/speyer24news.com\/wp-content\/uploads\/2019\/11\/Tanja-Vetter-Hundstage.png 800w, https:\/\/speyer24news.com\/wp-content\/uploads\/2019\/11\/Tanja-Vetter-Hundstage-300x150.png 300w, https:\/\/speyer24news.com\/wp-content\/uploads\/2019\/11\/Tanja-Vetter-Hundstage-768x383.png 768w\" sizes=\"(max-width: 800px) 100vw, 800px\" \/><\/figure><\/div>\n\n\n\n<p><em>K\u00fcnstlerbund Speyer<br>08.11.2019<\/em><\/p>\n\n\n\n<h2 class=\"wp-block-heading\">\u201eTage N\u00e4chte Schattensprung &#8211; Retrospektive zum 70. Geburtstag\u201c<\/h2>\n\n\n\n<h3 class=\"wp-block-heading\">Er\u00f6ffnung der Ausstellung Reinhard Ader am Freitag, dem 8. November 2019 um 18:00 Uhr in der St\u00e4dtischen Galerie,  Kulturhof Flachsgasse<\/h3>\n\n\n\n<div class=\"wp-block-image\"><figure class=\"aligncenter\"><img decoding=\"async\" loading=\"lazy\" width=\"500\" height=\"802\" src=\"https:\/\/speyer24news.com\/wp-content\/uploads\/2019\/11\/Tage-N\u00e4chte-Schattensprung.png\" alt=\"\" class=\"wp-image-21866\" srcset=\"https:\/\/speyer24news.com\/wp-content\/uploads\/2019\/11\/Tage-N\u00e4chte-Schattensprung.png 500w, https:\/\/speyer24news.com\/wp-content\/uploads\/2019\/11\/Tage-N\u00e4chte-Schattensprung-187x300.png 187w\" sizes=\"(max-width: 500px) 100vw, 500px\" \/><\/figure><\/div>\n\n\n\n<p><strong>Speyer &#8211; <\/strong>Der Titel, ein Konzept. \u00dcber 40 Jahre Malerei, mit  manchmal \u00fcbern\u00e4chtigten Tagen oder schlaflosen N\u00e4chten. Mit dem Versuch,  Schatten zu \u00fcberspringen, in die H\u00f6he, in die Tiefe. Malen, das hei\u00dft  malen ohne Zugest\u00e4ndnisse. Im Malen sich wiederfinden,  irgendwie und irgendwo. Malen \u2013 und dann auf die Stra\u00dfe laufen. Sich  verwundert umdrehen, sich unter B\u00e4umen wiederfinden, in Schluchten von  Stra\u00dfen. Und dann, am n\u00e4chsten Abend verscheuchen die Gedanken die  ersten Lichter: Es gibt kein Entrinnen, wenn die  Farbe auf der Leinwand ins Bl\u00e4uliche changiert, irgendwo Gl\u00e4ser  klirren, Papier knistert, mit blo\u00dfen Fingern Farbschichten entstehen,  das Licht den Raum flutet und Staubk\u00f6rnchen wirbeln l\u00e4sst und  Lichtreflexe im Glas ein Bild zaubern, das sowohl Illusion als  auch Realit\u00e4t widerspiegelt.<\/p>\n\n\n\n<p>Der Maler Reinhard Ader zieht Bilanz. <\/p>\n\n\n\n<p>Aders Arbeiten sind im eigentlichen Sinne \nvielf\u00e4ltig, so dass dem Betrachter die Wahl zwischen Tag und Nacht, \nLicht und Schatten, Gestern und Morgen, unten und oben, Expressivit\u00e4t \nund Sachlichkeit bleibt.<\/p>\n\n\n\n<p>Die Ausdrucksform wechselt vom Fotografisch-Realistischen zur expressiven Gegenstandslosigkeit, um  unversehens in surrealistische Tiefen und Gedankenr\u00e4ume zu st\u00fcrzen. Ein  im Small Talk mit einem Glas Wein in der Hand einfachsovorbeistreifender  Betrachter wird nur dann die Tiefe der Gem\u00e4lde nachvollziehen k\u00f6nnen,  wenn er den Versuch wagt, sein eigenes Selbst mit den Werken in  Kongruenz zu bringen \u2013 wobei ein Stolpern und Aufdienasefallen  impliziert sein k\u00f6nnen. Hat doch der Maler 2005 in seiner Ausstellung  \u201eSinn-los\u201c (im K\u00fcnstlerbund Speyer) damals schon die Besucher  listigerweise \u201eausgesperrt\u201c (man konnte die Werke nur von den  Eingangst\u00fcren aus sehen). Der Betrachter sollte sich nach den Werken  \u201esehnen\u201c. <\/p>\n\n\n\n<p>Die Realit\u00e4t hat diese Illusion l\u00e4ngst \u00fcberholt.<\/p>\n\n\n\n<p>Titel wie Today and Tomorrow, Lisa im Schatten, Abends, Die gl\u00fcckliche Kr\u00e4he, Ein Sturm kommt auf, usw. zeugen zudem f\u00fcr ein malerisch-literarisches Denken, gespickt mit Zitaten aus der Kunsthistorie.<\/p>\n\n\n\n<p>Zur Ausstellung erscheint ein Katalog.<\/p>\n\n\n\n<h4 class=\"wp-block-heading\">Lesen sie hier die Einladung zur Vernissage als pdf:<\/h4>\n\n\n\n<div class=\"wp-block-file\"><a href=\"https:\/\/speyer24news.com\/wp-content\/uploads\/2019\/11\/Einladung_Reinhard_Ader_081019.pdf\">Einladung_Reinhard_Ader_081019<\/a><a href=\"https:\/\/speyer24news.com\/wp-content\/uploads\/2019\/11\/Einladung_Reinhard_Ader_081019.pdf\" class=\"wp-block-file__button\" download>Herunterladen<\/a><\/div>\n\n\n\n<p><em>Stadt Speyer, Kulturb\u00fcro<br>08.11.2019<\/em><\/p>\n\n\n\n<h2 class=\"wp-block-heading\">HOLIDAY ON ICE feiert Saisoner\u00f6ffnung: spektakul\u00e4re Performances aus Show SUPERNOVA<\/h2>\n\n\n\n<h3 class=\"wp-block-heading\"><strong>Sechs  Wochen vor Saisonstart zeigt HOLIDAY ON ICE erste Einblicke in die neue  Produktion SUPERNOVA \u2013 Showerlebnis vom 30. Januar bis zum 02. Februar  in Mannheim<\/strong><\/h3>\n\n\n\n<div class=\"wp-block-image\"><figure class=\"aligncenter\"><img decoding=\"async\" loading=\"lazy\" width=\"800\" height=\"533\" src=\"https:\/\/speyer24news.com\/wp-content\/uploads\/2019\/11\/HOI_SUPERNOVA_161019_MAC6302.jpg\" alt=\"\" class=\"wp-image-21861\" srcset=\"https:\/\/speyer24news.com\/wp-content\/uploads\/2019\/11\/HOI_SUPERNOVA_161019_MAC6302.jpg 800w, https:\/\/speyer24news.com\/wp-content\/uploads\/2019\/11\/HOI_SUPERNOVA_161019_MAC6302-300x200.jpg 300w, https:\/\/speyer24news.com\/wp-content\/uploads\/2019\/11\/HOI_SUPERNOVA_161019_MAC6302-768x512.jpg 768w\" sizes=\"(max-width: 800px) 100vw, 800px\" \/><figcaption>HOLIDAY ON ICE Saisoner\u009affnung &#8211; SUPERNOVA &#8211; Journey to the Stars.\rHamburg am 16.10.2019\rPhoto: HOLIDAY ON ICE\/Morris Mac Matzen<\/figcaption><\/figure><\/div>\n\n\n\n<p><strong>Hamburg \/ Mannheim \u2013 <\/strong>HOLIDAY  ON ICE startet mit spektakul\u00e4ren Einblicken und Live-Performances der  Show SUPERNOVA in die neue Saison. Erstmals nahm der internationale Cast  heute ein Publikum mit auf die Reise von der Erde zu den Sternen. \u201eWir  touren in dieser Saison mit einzigartigen Showerlebnissen, die unsere  Besucher in fantasievolle Eiswelten entf\u00fchren, und zelebrieren eine neue  \u00c4ra vision\u00e4ren Live-Entertainments: \u00fcberraschend, effektvoll,  spektakul\u00e4r. Dargeboten in eindrucksvoller Perfektion von den besten  Eiskunstl\u00e4ufern unserer Zeit nehmen wir unser Publikum jedes Jahr mit in  eine neue Welt\u201c, so <strong>Peter O\u2018Keeffe<\/strong>, CEO und Produzent von HOLIDAY ON ICE.<\/p>\n\n\n\n<div class=\"wp-block-image\"><figure class=\"aligncenter\"><img decoding=\"async\" loading=\"lazy\" width=\"500\" height=\"750\" src=\"https:\/\/speyer24news.com\/wp-content\/uploads\/2019\/11\/HOI_SUPERNOVA_161019_X0I3567.jpg\" alt=\"\" class=\"wp-image-21862\" srcset=\"https:\/\/speyer24news.com\/wp-content\/uploads\/2019\/11\/HOI_SUPERNOVA_161019_X0I3567.jpg 500w, https:\/\/speyer24news.com\/wp-content\/uploads\/2019\/11\/HOI_SUPERNOVA_161019_X0I3567-200x300.jpg 200w\" sizes=\"(max-width: 500px) 100vw, 500px\" \/><figcaption>HOLIDAY ON ICE Saisoner\u009affnung &#8211; SUPERNOVA &#8211; Journey to the Stars.\rHamburg am 16.10.2019\rPhoto: HOLIDAY ON ICE\/Morris Mac Matzen<\/figcaption><\/figure><\/div>\n\n\n\n<p>Weiteres  Highlight: Die eindrucksvolle Showk\u00fcr der zw\u00f6lfj\u00e4hrigen Carolina Raabe  aus Hamburg. Sie ist eines der herausragenden Nachwuchstalente f\u00fcr die  kommende HOLIDAY ON ICE Tour, die einen eigenen Auftritt in der Show  bekommen werden. Der Olympiasieger und Paarlaufweltmeister <strong>Bruno Massot<\/strong> hatte Ausnahmetalente gemeinsam mit seiner Partnerin <strong>Aljona Savchenko<\/strong>  als Schirmherren der HOLIDAY ON ICE ACADEMY selbst ausgew\u00e4hlt \u2013 so auch  Shirley Luana Scheffler aus Mannheim. Ihre Showpremiere vor gro\u00dfem  Publikum wird die 7-j\u00e4hrige am 30. Januar 2020 um 19:30 Uhr bei  SUPERNOVA in der SAP Arena in Mannheim erleben. \u201eLetztes Jahr habe ich  HOLIDAY ON ICE in Mannheim besucht und war total fasziniert von der  Show. Als ich mitbekommen habe, dass Holiday on Ice Nachwuchstalente  sucht, habe ich mich gleich beworben\u201c, erkl\u00e4rt Shirley, die seit sie  vier Jahre alt ist Eiskunstlauf trainiert. Im Rahmen der  Nachwuchsinitiative HOLIDAY ON ICE ACADEMY wird in nahezu jeder  Tourstadt ein junges Talent in der Show vor Publikum mit seiner eigenen  Performance auftreten.<\/p>\n\n\n\n<p>F\u00fcr\n Kreativteam und Cast startet nun der Proben-Countdown. Im belgischen \nAntwerpen perfektionieren \u00fcber 80 Eiskunstl\u00e4ufer und Artisten aus 15 \nNationen innerhalb weniger Wochen das Zusammenspiel von anspruchsvollen \nChoreografien, spektakul\u00e4ren Stunts, eindrucksvollen Projektionen und \ninnovativer Technik, bis am 27. November in Grefrath der Startschuss f\u00fcr\n die kommende Saison f\u00e4llt. Bis Mitte April 2020 werden dann die beiden \nparallel tourenden Shows SUPERNOVA und SHOWTIME hunderttausende Besucher\n mitrei\u00dfen.<\/p>\n\n\n\n<h3 class=\"wp-block-heading\"><strong>SUPERNOVA \u2013 A journey to the stars<\/strong><\/h3>\n\n\n\n<div class=\"wp-block-image\"><figure class=\"aligncenter\"><img decoding=\"async\" loading=\"lazy\" width=\"800\" height=\"533\" src=\"https:\/\/speyer24news.com\/wp-content\/uploads\/2019\/11\/HOI_SUPERNOVA_161019_MAC6266.jpg\" alt=\"\" class=\"wp-image-21863\" srcset=\"https:\/\/speyer24news.com\/wp-content\/uploads\/2019\/11\/HOI_SUPERNOVA_161019_MAC6266.jpg 800w, https:\/\/speyer24news.com\/wp-content\/uploads\/2019\/11\/HOI_SUPERNOVA_161019_MAC6266-300x200.jpg 300w, https:\/\/speyer24news.com\/wp-content\/uploads\/2019\/11\/HOI_SUPERNOVA_161019_MAC6266-768x512.jpg 768w\" sizes=\"(max-width: 800px) 100vw, 800px\" \/><figcaption>HOLIDAY ON ICE Saisoner\u00f6ffnung &#8211; SUPERNOVA &#8211; Journey to the Stars.\rHamburg am 16.10.2019\rPhoto: HOLIDAY ON ICE\/Morris Mac Matzen<\/figcaption><\/figure><\/div>\n\n\n\n<p>SUPERNOVA  pr\u00e4sentiert spektakul\u00e4res Live-Entertainment auf und \u00fcber dem Eis. Das  energiegeladene Show-Erlebnis nimmt sein Publikum mit auf eine  Abenteuerreise von der Erde zu den Sternen: \u201eSUPERNOVA ist eine Hommage  an die Welt der Sterne, die wir mit berauschenden B\u00fchnenbildern und  atemberaubenden Choreografien zelebrieren. Es wird in den Arenen  wirklich schneien, wir erschaffen eine magisch anmutende Galaxie und ein  Meer von Nordlichtern wird unsere Zuschauer bezaubern\u201c, beschreibt  Robin Cousins, Creative Director der Produktion, die faszinierenden  M\u00f6glichkeiten der Geschichte. Sie beginnt in einer wunderbaren  Winterlandschaft, bevor ein Schneesturm die Protagonisten hinein in den  Kosmos tr\u00e4gt, wo eine einzigartige Reise zu den wahrhaft \u00fcberw\u00e4ltigenden  Orten der Galaxie beginnt. Zuletzt gelangen sie \u2013 durch eine  farbenpr\u00e4chtige, galaktische Explosion, eine Supernova \u2013 wieder zur\u00fcck  auf die Erde und feiern ein unvergessliches Finale. \u201eDas Publikum wird  durch eine unglaublich magische Projektion der Aurora Borealis in den  Bann gezogen. Wir sch\u00f6pfen alle Dimensionen der Eisb\u00fchne vollends aus,  Eiskunstl\u00e4ufer performen gleichzeitig auf dem Eis und fliegen dar\u00fcber\u201c,  verr\u00e4t Robin Cousins nach \u00fcber zw\u00f6lf Monaten Kreationsphase ein weiteres  Highlight von SUPERNOVA. Das Mannheimer Publikum begibt sich vom 30.  Januar bis zum 02. Februar 2020 in der SAP Arena auf eine Reise zu den  Sternen.<\/p>\n\n\n\n<div class=\"wp-block-image\"><figure class=\"aligncenter\"><img decoding=\"async\" loading=\"lazy\" width=\"600\" height=\"251\" src=\"https:\/\/speyer24news.com\/wp-content\/uploads\/2019\/11\/Holiday-on-Ice-Logo.png\" alt=\"\" class=\"wp-image-21864\" srcset=\"https:\/\/speyer24news.com\/wp-content\/uploads\/2019\/11\/Holiday-on-Ice-Logo.png 600w, https:\/\/speyer24news.com\/wp-content\/uploads\/2019\/11\/Holiday-on-Ice-Logo-300x126.png 300w\" sizes=\"(max-width: 600px) 100vw, 600px\" \/><\/figure><\/div>\n\n\n\n<h3 class=\"wp-block-heading\"><strong>Tickets und Infos zur Show: <a href=\"https:\/\/deref-web-02.de\/mail\/client\/JocFT2o7hKk\/dereferrer\/?redirectUrl=http%3A%2F%2Fnetwork.mynewsdesk.com%2Fwf%2Fclick%3Fupn%3DXL5WnwRUfWmKbqP9aWek0YE74OY81Gf-2BhK2h0CeAS111aQ8T8a02qS1IZsZP0N-2FE_A4fZCVkA0C5Eea9ASztAR0VuH-2BQrK4G8bmBnrTp5Kg0Q1-2FAB6-2BwYqd76GyvuoDlTJ5VsCNXJ056sxRtjCT4XmSuvsYckO3JbGj-2F-2Bo3MdrpKNS1FtOBa9el5ozzduT4vycGNvFFCpc7aB1Ybndy5UBRJeIBqXgS8onG2w5xQ95nt6v8JNdYot1zeuKkKtZrRyrBCXUZNKu5FdKAEI-2F64aJkKT0R-2BANdU8CeHbvhrOYE78QV14NmhZ2kqoEHGPJmGTLlhv1dDLKI4hcR9f7zxOgZeeOFeS-2BGmQRfCbU4Ef2e157Bi8TwUhUAznio4UWfR4tVChLzNNwnaHkl60YPcR7MKtXKZiEoPH3K699OLwc968SW9AdQRw103a55cd-2F6yPKo4BgOhWurlVS9cnNDfMWe9wd64uwy69Zy6savf1cy4-3D\" target=\"_blank\" rel=\"noreferrer noopener\">www.holidayonice.de<\/a><\/strong><\/h3>\n\n\n\n<p><strong>Ticket-Hotline: 01805-4414 (\u20ac 0,14\/Min. aus dem dt. Festnetz, mobil max. \u20ac 0,42\/Min)<\/strong><\/p>\n\n\n\n<p><strong>Tickets f\u00fcr HOLIDAY ON ICE sind ab 24,90 \u20ac* erh\u00e4ltlich. F\u00fcr Kinder ab 19,90 \u20ac*.<\/strong><\/p>\n\n\n\n<p><strong>*Alle angezeigten Preise verstehen sich inkl. der gesetzl. MwSt., Systemgeb\u00fchr und VVK-Geb\u00fchr; <\/strong><\/p>\n\n\n\n<p><strong>zzgl. Spielst\u00e4tten- und \u00d6PNV-Geb\u00fchr sowie Buchungsgeb\u00fchr von max. \u20ac 2,00 je Ticket und Versandkosten.<\/strong><\/p>\n\n\n\n<div class=\"wp-block-image\"><figure class=\"aligncenter\"><img decoding=\"async\" loading=\"lazy\" width=\"800\" height=\"533\" src=\"https:\/\/speyer24news.com\/wp-content\/uploads\/2019\/11\/HOI_SUPERNOVA_161019_X0I5236.jpg\" alt=\"\" class=\"wp-image-21865\" srcset=\"https:\/\/speyer24news.com\/wp-content\/uploads\/2019\/11\/HOI_SUPERNOVA_161019_X0I5236.jpg 800w, https:\/\/speyer24news.com\/wp-content\/uploads\/2019\/11\/HOI_SUPERNOVA_161019_X0I5236-300x200.jpg 300w, https:\/\/speyer24news.com\/wp-content\/uploads\/2019\/11\/HOI_SUPERNOVA_161019_X0I5236-768x512.jpg 768w\" sizes=\"(max-width: 800px) 100vw, 800px\" \/><figcaption>HOLIDAY ON ICE Saisoner\u009affnung &#8211; SUPERNOVA &#8211; Journey to the Stars.\rHamburg am 16.10.2019\rPhoto: HOLIDAY ON ICE\/Morris Mac Matzen<\/figcaption><\/figure><\/div>\n\n\n\n<h3 class=\"wp-block-heading\"><strong>Showzeiten f\u00fcr SUPERNOVA in Mannheim \u2013 SAP Arena<\/strong><\/h3>\n\n\n\n<table class=\"wp-block-table\"><tbody><tr><td>30.01.2020<\/td><td>Do<\/td><td><\/td><td><\/td><td>19:30*<\/td><\/tr><tr><td>31.01.2020<\/td><td>Fr<\/td><td><\/td><td>16:00<\/td><td>19:30<\/td><\/tr><tr><td>01.02.2020<\/td><td>Sa<\/td><td>13:00<\/td><td>16:30<\/td><td>20:00<\/td><\/tr><tr><td>02.02.2020<\/td><td>So<\/td><td>13:00<\/td><td>16:30<\/td><td><\/td><\/tr><\/tbody><\/table>\n\n\n\n<p>* Auftritt des HOLIDAY ON ICE Academy Nachwuchstalents<\/p>\n\n\n\n<h3 class=\"wp-block-heading\"><strong>Tourdaten f\u00fcr SUPERNOVA 2019\/2020<\/strong><\/h3>\n\n\n\n<table class=\"wp-block-table\"><tbody><tr><td>Grefrath<\/td><td>27.11.2019 &#8211; 01.12.2019<\/td><td>Grefrather EisSport &amp; EventPark<\/td><\/tr><tr><td>Rostock<\/td><td>05.12.2019 &#8211; 08.12.2019<\/td><td>StadtHalle<\/td><\/tr><tr><td>Hannover<\/td><td>12.12.2019 &#8211; 15.12.2019<\/td><td>TUI Arena<\/td><\/tr><tr><td>Leipzig<\/td><td>19.12.2019 &#8211; 26.12.2019<\/td><td>Arena Leipzig<\/td><\/tr><tr><td>K\u00f6ln<\/td><td>28.12.2019 &#8211; 29.12.2019<\/td><td>LANXESS arena<\/td><\/tr><tr><td>D\u00fcsseldorf<\/td><td>02.01.2020 &#8211; 05.01.2020<\/td><td>Mitsubishi Electric HALLE<\/td><\/tr><tr><td>Frankfurt<\/td><td>07.01.2020 &#8211; 13.01.2020<\/td><td>Festhalle<\/td><\/tr><tr><td>Dortmund<\/td><td>17.01.2020 &#8211; 19.01.2020<\/td><td>Westfalenhalle<\/td><\/tr><tr><td>Stuttgart<\/td><td>23.01.2020 &#8211; 26.01.2020<\/td><td>Porsche-Arena<\/td><\/tr><tr><td>Mannheim<\/td><td>30.01.2020 &#8211; 02.02.2020<\/td><td>SAP Arena<\/td><\/tr><tr><td>Hamburg<\/td><td>06.02.2020 &#8211; 09.02.2020<\/td><td>Barclaycard Arena<\/td><\/tr><tr><td>Zwickau<\/td><td>12.02.2020 &#8211; 17.02.2020<\/td><td>Stadthalle<\/td><\/tr><tr><td>Bremen<\/td><td>19.02.2020 &#8211; 23.02.2020<\/td><td>\u00d6VB-Arena<\/td><\/tr><\/tbody><\/table>\n\n\n\n<p><em>Text: HOI Productions Germany GmbH Foto: HOI Productions Germany GmbH \/ Morris Mac Matzen<br>08.11.2019<\/em><\/p>\n\n\n\n<h2 class=\"wp-block-heading\"><strong>Der deutsche Cast f\u00fcr <em>Harry Potter und das verwunschene Kind<\/em> steht fest!<\/strong><\/h2>\n\n\n\n<div class=\"wp-block-image\"><figure class=\"aligncenter\"><img decoding=\"async\" loading=\"lazy\" width=\"800\" height=\"320\" src=\"https:\/\/speyer24news.com\/wp-content\/uploads\/2019\/11\/HP-und-das-verwunschene-Kind.png\" alt=\"\" class=\"wp-image-21855\" srcset=\"https:\/\/speyer24news.com\/wp-content\/uploads\/2019\/11\/HP-und-das-verwunschene-Kind.png 800w, https:\/\/speyer24news.com\/wp-content\/uploads\/2019\/11\/HP-und-das-verwunschene-Kind-300x120.png 300w, https:\/\/speyer24news.com\/wp-content\/uploads\/2019\/11\/HP-und-das-verwunschene-Kind-768x307.png 768w\" sizes=\"(max-width: 800px) 100vw, 800px\" \/><\/figure><\/div>\n\n\n\n<p><strong>Hamburg &#8211; <\/strong>Am 21.10.2019 hat der Produzent der deutschsprachigen Erstauff\u00fchrung von <em><strong>Harry Potter und das verwunschene Kind<\/strong><\/em>,  Maik Klokow, die Besetzung bekannt gegeben. Ab 15. M\u00e4rz 2020 wird das  spektakul\u00e4re Theaterabenteuer den Zauber von J.K. Rowlings Harry-Potter  Saga live auf die B\u00fchne des aufw\u00e4ndig umgebauten Mehr! Theaters am  Gro\u00dfmarkt in Hamburg bringen.<\/p>\n\n\n\n<p>Das Ensemble besteht aus 35 Schauspielern. Die Rolle von Harry Potter \u00fcbernimmt <strong>Markus Sch\u00f6ttl<\/strong>. Ihm zur Seite stehen <strong>Jillian Anthony<\/strong> als Hermine Granger, <strong>Sebastian Witt<\/strong> als Ron Weasley, <strong>Sarah Sch\u00fctz <\/strong>als Ginny Potter, <strong>Vincent Lang <\/strong>als Albus Potter, <strong>Madina Frey<\/strong> als Rose Granger-Weasley, <strong>Alen Hodzovic<\/strong> als Draco Malfoy und <strong>Mathias Reiser <\/strong>als Scorpius Malfoy.<\/p>\n\n\n\n<p>In weiteren Rollen darf sich das Publikum auf folgende Darsteller freuen: <strong>Felicitas  Bauer, Christian Bock, Frank Brunet, Robin Cadet, Michael Clauder,  Mariyama Ebel, Alexandra Farkic, Tino Frers, Nikko Forteza, Anita Maria  Gramser, Olivia Grassner, Hans-J\u00fcrgen Helsig, Cornelius Henne, Fritz  Hille, Heidi J\u00fcrgens, Elvin Karakurt, Benjamin A. Merkl, Kristina  Peters, Ivy Quainoo, Felix Radcke, Michaela Schmid, Nicolai Schwab, Uwe  Serafin, Fernando Spengler, Ulrich Talle, Glenna Weber und Dave Wilcox<\/strong>. Hinzu kommen in jeder Vorstellung zwei Kinder, die alternierend von mehreren Kinderdarstellern gespielt werden.<\/p>\n\n\n\n<div class=\"wp-block-image\"><figure class=\"aligncenter\"><img decoding=\"async\" loading=\"lazy\" width=\"800\" height=\"567\" src=\"https:\/\/speyer24news.com\/wp-content\/uploads\/2019\/11\/hpudvk-foto-01-cast-hamburg-2020-credit-hergen-schimpf.jpg\" alt=\"\" class=\"wp-image-21856\" srcset=\"https:\/\/speyer24news.com\/wp-content\/uploads\/2019\/11\/hpudvk-foto-01-cast-hamburg-2020-credit-hergen-schimpf.jpg 800w, https:\/\/speyer24news.com\/wp-content\/uploads\/2019\/11\/hpudvk-foto-01-cast-hamburg-2020-credit-hergen-schimpf-300x213.jpg 300w, https:\/\/speyer24news.com\/wp-content\/uploads\/2019\/11\/hpudvk-foto-01-cast-hamburg-2020-credit-hergen-schimpf-768x544.jpg 768w\" sizes=\"(max-width: 800px) 100vw, 800px\" \/><figcaption>v.l.h.R.: Sebastian Witt (Ron),Markus Sch\u00f6ttl (Harry Potter), Sarah Sch\u00fctz (Ginny)<br>v.l.v.R.: Madina Frey (Rose), Jillian Anthony (Hermine), VincentLang (Albus), Alen Hodzovic (Draco), Mathias Reiser(Scorpius)  <em>Foto: Hergen Schimpf<\/em> <\/figcaption><\/figure><\/div>\n\n\n\n<p>Der deutsche Produzent Maik Klokow von Mehr-BB Entertainment:<em>  \u201eF\u00fcr mich pers\u00f6nlich ist Harry Potter und das verwunschene Kind die  au\u00dfergew\u00f6hnlichste Show, die ich in meiner bisherigen 30-j\u00e4hrigen  Theaterlaufbahn produzieren darf. J.K. Rowling hat Charaktere  geschaffen, die wie in keiner anderen Geschichte eine so gro\u00dfe, weltweit  treue Anh\u00e4ngerschaft gefunden haben. Das Publikum hat zu Recht extrem  hohe Erwartungen an unsere Cast und unser Kreativteam. Wir haben in den  Castings herausragende Talente gefunden. Ihre Entwicklung bis zur ersten  Auff\u00fchrung zu verfolgen, ist ein enorm spannender Prozess.\u201c<\/em><\/p>\n\n\n\n<p>Seitdem 22.10.2019 stellen sich die Hauptdarsteller \u00fcber die Social Media Kan\u00e4le <a rel=\"noreferrer noopener\" href=\"https:\/\/deref-web-02.de\/mail\/client\/l9vZn5-l6YM\/dereferrer\/?redirectUrl=http%3A%2F%2Fp.amxe.net%2Fgrwlfvmv-pbyxyqna-i19lxsoj-1br0\" target=\"_blank\">Youtube<\/a>, <a rel=\"noreferrer noopener\" href=\"https:\/\/deref-web-02.de\/mail\/client\/N_EUtugNOBI\/dereferrer\/?redirectUrl=http%3A%2F%2Fp.amxe.net%2Fgrwlfvmv-pbyxyqna-lxn2i947-eef\" target=\"_blank\">Facebook<\/a>, <a rel=\"noreferrer noopener\" href=\"https:\/\/deref-web-02.de\/mail\/client\/iQUV0N0lpag\/dereferrer\/?redirectUrl=http%3A%2F%2Fp.amxe.net%2Fgrwlfvmv-pbyxyqna-pgvrdb1j-17f3\" target=\"_blank\">Instagram<\/a> und <a rel=\"noreferrer noopener\" href=\"https:\/\/deref-web-02.de\/mail\/client\/gjQi6ncurzY\/dereferrer\/?redirectUrl=http%3A%2F%2Fp.amxe.net%2Fgrwlfvmv-pbyxyqna-so2nch3m-e3x\" target=\"_blank\">Twitter <\/a>vor. <\/p>\n\n\n\n<p>Mit <strong>Harry Potter und das verwunschene Kind<\/strong> kommt J.K. Rowlings magisches Universum als fantastisches Theatererlebnis live nach Hamburg. <strong>Harry Potter und das verwunschene Kind<\/strong> wird ab M\u00e4rz 2020 in Hamburg in der deutschen Fassung erstmals als nicht-englischsprachige Produktion gezeigt. Die Tickets sind erh\u00e4ltlich unter <a href=\"http:\/\/www.harry-potter-theater.de\">www.harry-potter-theater.de<\/a>.  <\/p>\n\n\n\n<p>Seine Urauff\u00fchrung erlebte <strong>Harry Potter und das verwunschene Kind<\/strong> 2016 in London und spielt dort seither vor ausverkauftem Haus. Weitere Spielorte sind New York und Melbourne. Im Herbst feiert das St\u00fcck in San Francisco Premiere. Au\u00dferdem wird das Theatererlebnis ab Herbst 2020 auch in Toronto zu sehen sein. <\/p>\n\n\n\n<div class=\"wp-block-image\"><figure class=\"aligncenter\"><img decoding=\"async\" loading=\"lazy\" width=\"500\" height=\"667\" src=\"https:\/\/speyer24news.com\/wp-content\/uploads\/2019\/11\/hpudvk-foto-02-cast-hamburg-SWittRon-JAnthonyHermine-MSch\u00f6ttl-Harry-2020-credit-hergen-schimpf.jpg\" alt=\"\" class=\"wp-image-21857\" srcset=\"https:\/\/speyer24news.com\/wp-content\/uploads\/2019\/11\/hpudvk-foto-02-cast-hamburg-SWittRon-JAnthonyHermine-MSch\u00f6ttl-Harry-2020-credit-hergen-schimpf.jpg 500w, https:\/\/speyer24news.com\/wp-content\/uploads\/2019\/11\/hpudvk-foto-02-cast-hamburg-SWittRon-JAnthonyHermine-MSch\u00f6ttl-Harry-2020-credit-hergen-schimpf-225x300.jpg 225w\" sizes=\"(max-width: 500px) 100vw, 500px\" \/><figcaption>v.l.: Sebastian Witt (Ron), Jillian Anthony (Hermine), Markus Sch\u00f6ttl (Harry Potter)  <em>Foto: Hergen Schimpf<\/em> <\/figcaption><\/figure><\/div>\n\n\n\n<p>Die Handlung: <em>Neunzehn Jahre sind vergangen, seit die Freunde die Welt der Zauberer gerettet haben. Doch die Schlacht ist noch nicht gewonnen: Denn das Dunkle kommt oft von dort, wo man es am wenigsten erwartet \u2026<\/em><\/p>\n\n\n\n<p><em>Harry Potter ist Angestellter im Zaubereiministerium, Ehemann und Vater von drei Schulkindern. Als sein Sohn Albus Severus Potter sich zum ersten Mal auf die Reise zur Hogwarts Schule f\u00fcr Hexerei und Zauberei macht, erleben er und sein neuer Freund Scorpius Malfoy eine atemberaubende Geschichte voller Magie und unerwarteter Wendungen. Um ihnen zu helfen, st\u00fcrzen sich auch die drei Freunde Harry, Ron und Hermine in ein neues, aufregendes Abenteuer. <\/em><\/p>\n\n\n\n<p><strong>Harry Potter und das verwunschene Kind<\/strong> wird aufgef\u00fchrt in der Regie von <strong>John Tiffany<\/strong> mit Movement Direction von <strong>Steven Hoggett<\/strong>, B\u00fchnenbild von <strong>Christine Jones<\/strong>, Kost\u00fcmbild von <strong>Katrina Lindsay<\/strong>, Komposition &amp; Arrangements von <strong>Imogen Heap<\/strong>, Lichtdesign von <strong>Neil Austin<\/strong>, Sounddesign von <strong>Gareth Fry<\/strong>, Illusionen &amp; Zauber von <strong>Jamie Harrison<\/strong>, Music Supervision &amp; Arrangements von <strong>Martin Lowe<\/strong>. <\/p>\n\n\n\n<p><strong><em>Harry Potter und das verwunschene Kind<\/em><\/strong> ist eine Produktion von <strong>Sonia Friedman Productions<\/strong>, <strong>Colin Callender<\/strong> und <strong>Harry Potter Theatrical Productions<\/strong>. <strong>Maik Klokow<\/strong> ist der deutsche Produzent f\u00fcr <strong>Mehr-BB Entertainment<\/strong>.<\/p>\n\n\n\n<div class=\"wp-block-image\"><figure class=\"aligncenter\"><img decoding=\"async\" loading=\"lazy\" width=\"800\" height=\"336\" src=\"https:\/\/speyer24news.com\/wp-content\/uploads\/2019\/11\/HP-und-das-verwunschene-Kind-Logo-neutral.png\" alt=\"\" class=\"wp-image-21858\" srcset=\"https:\/\/speyer24news.com\/wp-content\/uploads\/2019\/11\/HP-und-das-verwunschene-Kind-Logo-neutral.png 800w, https:\/\/speyer24news.com\/wp-content\/uploads\/2019\/11\/HP-und-das-verwunschene-Kind-Logo-neutral-300x126.png 300w, https:\/\/speyer24news.com\/wp-content\/uploads\/2019\/11\/HP-und-das-verwunschene-Kind-Logo-neutral-768x323.png 768w\" sizes=\"(max-width: 800px) 100vw, 800px\" \/><\/figure><\/div>\n\n\n\n<h3 class=\"wp-block-heading\">Deutschlandpremiere <\/h3>\n\n\n\n<ul><li>Sonntag, 15. M\u00e4rz 2020 im Mehr! Theater am Gro\u00dfmarkt in Hamburg<\/li><\/ul>\n\n\n\n<h3 class=\"wp-block-heading\">Ticketinformationen <\/h3>\n\n\n\n<ul><li>Tickets f\u00fcr <strong><em>Harry Potter und das verwunschene Kind unter<\/em><\/strong> <a href=\"http:\/\/www.harry-potter-theater.de\">www.harry-potter-theater.de<\/a> sowie in ausgew\u00e4hlten Vorverkaufsstellen <\/li><li>Tickets ab 49,95 \u20ac pro Teil (ab 99,90 \u20ac Gesamtpreis) <\/li><\/ul>\n\n\n\n<h3 class=\"wp-block-heading\">Vorstellungen<\/h3>\n\n\n\n<p><em><strong>Harry Potter und das verwunschene Kind<\/strong><\/em> wird in zwei Teilen aufgef\u00fchrt. <\/p>\n\n\n\n<p style=\"text-align:center\"><strong>Mittwochs <\/strong><\/p>\n\n\n\n<p style=\"text-align:center\">14.30 Uhr, Teil Eins &amp; 19.30 Uhr, Teil Zwei <\/p>\n\n\n\n<p style=\"text-align:center\"><strong>Donnerstags <\/strong><\/p>\n\n\n\n<p style=\"text-align:center\">19.30 Uhr, Teil Eins <\/p>\n\n\n\n<p style=\"text-align:center\"><strong>Freitags<\/strong><\/p>\n\n\n\n<p style=\"text-align:center\">19.30 Uhr, Teil Zwei <\/p>\n\n\n\n<p style=\"text-align:center\"><strong>Samstags<\/strong><\/p>\n\n\n\n<p style=\"text-align:center\">14.30 Uhr, Teil Eins &amp; 19.30 Uhr, Teil Zwei <\/p>\n\n\n\n<p style=\"text-align:center\"><strong>Sonntags <\/strong><\/p>\n\n\n\n<p style=\"text-align:center\">14.00 Uhr, Teil Eins &amp; 19.00 Uhr, Teil Zwei<\/p>\n\n\n\n<h4 class=\"wp-block-heading\">Sehen sie hier den Trailer auf <em>Harry Potter und das verwunschene Kind<\/em> in Hamburg: <\/h4>\n\n\n\n<figure class=\"wp-block-embed-youtube wp-block-embed is-type-video is-provider-youtube wp-embed-aspect-16-9 wp-has-aspect-ratio\"><div class=\"wp-block-embed__wrapper\">\n<iframe loading=\"lazy\" title=\"Harry Potter und das verwunschene Kind | Die Reise nach Hamburg | Premiere im M\u00e4rz 2020\" width=\"500\" height=\"281\" src=\"https:\/\/www.youtube.com\/embed\/yOUvYbAhs-E?feature=oembed\" frameborder=\"0\" allow=\"accelerometer; autoplay; encrypted-media; gyroscope; picture-in-picture\" allowfullscreen><\/iframe>\n<\/div><\/figure>\n\n\n\n<p><em>Text: ESMS GmbH f\u00fcr die BB Promotion GmbH Foto: Hergen Schimpf<br>08.11.2019<\/em><\/p>\n\n\n\n<h2 class=\"wp-block-heading\">Ten String: Handgemachte Musik aus der Pfalz<\/h2>\n\n\n\n<div class=\"wp-block-image\"><figure class=\"aligncenter\"><img decoding=\"async\" loading=\"lazy\" width=\"500\" height=\"705\" src=\"https:\/\/speyer24news.com\/wp-content\/uploads\/2019\/11\/Flyer-Tenstring-A6.png\" alt=\"\" class=\"wp-image-21852\" srcset=\"https:\/\/speyer24news.com\/wp-content\/uploads\/2019\/11\/Flyer-Tenstring-A6.png 500w, https:\/\/speyer24news.com\/wp-content\/uploads\/2019\/11\/Flyer-Tenstring-A6-213x300.png 213w\" sizes=\"(max-width: 500px) 100vw, 500px\" \/><\/figure><\/div>\n\n\n\n<p><strong>Speyer &#8211; <\/strong>\u201eTen String\u201c, gegr\u00fcndet von der US-Amerikanerin Amy Klein und dem  Schifferst\u00e4dter Stefan Teutsch, spielen nicht nur Bekanntes aus Rock und  Pop. Auch h\u00f6renswertes Unbekanntes z\u00e4hlt zum facettenreichen Repertoire  der Band.<\/p>\n\n\n\n<p>Schon bei der Gr\u00fcndung der Band nahmen sich die beiden vor, \u201eeinen  musikalischen bunten Blumenstrau\u00df\u201c zu binden \u2013 eben Musik, die sich von  der Coverwelt abhebt. Beide Musiker waren schon \u00fcber mehrere Jahre in  den unterschiedlichsten Musikrichtungen unterwegs  und von der Idee angetan etwas \u201eAnderes und Besonderes\u201c zu machen.<\/p>\n\n\n\n<div class=\"wp-block-image\"><figure class=\"aligncenter\"><img decoding=\"async\" loading=\"lazy\" width=\"800\" height=\"532\" src=\"https:\/\/speyer24news.com\/wp-content\/uploads\/2019\/11\/DSC_0498.jpg\" alt=\"\" class=\"wp-image-21853\" srcset=\"https:\/\/speyer24news.com\/wp-content\/uploads\/2019\/11\/DSC_0498.jpg 800w, https:\/\/speyer24news.com\/wp-content\/uploads\/2019\/11\/DSC_0498-300x200.jpg 300w, https:\/\/speyer24news.com\/wp-content\/uploads\/2019\/11\/DSC_0498-768x511.jpg 768w\" sizes=\"(max-width: 800px) 100vw, 800px\" \/><\/figure><\/div>\n\n\n\n<p>So entstand das Duo \u201eTen String\u201c, das mittlerweile als Trio auch  Bluegrass und Country spielt. Sogar Tango ist dabei. Als Dritter im  Bunde sorgt Daniel Sch\u00e4fer mit dem Kontra-Bass f\u00fcr den richtigen Beat.  W\u00e4hrend Amy Klein singt und gef\u00fchlvoll die Violine spielt,  \u00fcberrascht Stefan Teutsch (Banjo und Gitarre) mit einer rauchig  kr\u00e4ftigen Stimme \u2013 auch \u201eBruce Springsteen aus der Pfalz\u201c genannt.<\/p>\n\n\n\n<p>Ten String spielen am <strong>Freitag den 22. November<\/strong> um 20:00 im famili\u00e4ren  Rahmen des Jugendcaf\u00e9 Speyer-Mitte in der Ludwigstra\u00dfe 4 in Speyer. Der  Eintritt ist frei.<\/p>\n\n\n\n<h4 class=\"wp-block-heading\">Kultur im Fachkraftwerk<\/h4>\n\n\n\n<div class=\"wp-block-image\"><figure class=\"aligncenter\"><img decoding=\"async\" src=\"https:\/\/speyer24news.com\/wp-content\/uploads\/2019\/11\/Kultur-im-Fachkraftwerk.png\" alt=\"\" class=\"wp-image-21854\"\/><\/figure><\/div>\n\n\n\n<p>K\u00fcnstler aus der Region spielen handgemachte Musik oder spielen ihre  Darbietung hautnah vor einem kleinen Publikum. Die Veranstaltungsreihe  soll das Kulturleben in Speyer um handgemachte Musik und Kleinkunst in  einem kleinen famili\u00e4ren Rahmen erweitern.<\/p>\n\n\n\n<p>\u201eKultur im Fachkraftwerk\u201c ist eine Benefizveranstaltung, um die Arbeit  der CoLab zu unterst\u00fctzen. Ein wichtiger Aspekt der Kulturreihe ist es  daher, auf die prek\u00e4re Lebenswelt benachteiligter junger Menschen aus  der Vorderpfalz, manche sogar ohne festen Wohnsitz,  aufmerksam zu machen.<\/p>\n\n\n\n<h4 class=\"wp-block-heading\">Alle Angaben zum Konzert kompakt:<\/h4>\n\n\n\n<p> Ten String: Handgemachte Musik aus der Pfalz<br> Freitag, 22. November 2019, 20:00 Uhr<br> Jugendcaf\u00e9 Speyer-Mitte<br> Ludwigstra\u00dfe 4<br> N\u00e4he K\u00f6nigsplatz<br> Eintritt frei<\/p>\n\n\n\n<p><em>CoLab gGmbH<br>08.11.2019<\/em><\/p>\n","protected":false},"excerpt":{"rendered":"<div class=\"mh-excerpt\"><p>Ausstellung &#8222;Tanja Vetter &#8211; Hundstage&#8220; Speyer &#8211; Am Freitag, den 15. November 2019 wird um 19 Uhr die Ausstellung &#8222;Tanja Vetter &#8211; Hundstage\u201c im K\u00fcnstlerhaus des Speyerer K\u00fcnstlerbundes er\u00f6ffnet. Die Ausstellung ist zu sehen bis <a class=\"mh-excerpt-more\" href=\"https:\/\/speyer24news.com\/?p=21850\" title=\"Kultur \/ Veranstaltungen\">[&#8230;]<\/a><\/p>\n<\/div>","protected":false},"author":3,"featured_media":0,"comment_status":"open","ping_status":"open","sticky":false,"template":"","format":"standard","meta":{"_monsterinsights_skip_tracking":false,"_monsterinsights_sitenote_active":false,"_monsterinsights_sitenote_note":"","_monsterinsights_sitenote_category":0,"footnotes":""},"categories":[14],"tags":[4410,4401,4404,4405,4406,4403,4398,4400,4402,4409,4408,3272,56,4397,6,4399,4396,4394,4395,4407],"aioseo_notices":[],"amp_enabled":true,"_links":{"self":[{"href":"https:\/\/speyer24news.com\/index.php?rest_route=\/wp\/v2\/posts\/21850"}],"collection":[{"href":"https:\/\/speyer24news.com\/index.php?rest_route=\/wp\/v2\/posts"}],"about":[{"href":"https:\/\/speyer24news.com\/index.php?rest_route=\/wp\/v2\/types\/post"}],"author":[{"embeddable":true,"href":"https:\/\/speyer24news.com\/index.php?rest_route=\/wp\/v2\/users\/3"}],"replies":[{"embeddable":true,"href":"https:\/\/speyer24news.com\/index.php?rest_route=%2Fwp%2Fv2%2Fcomments&post=21850"}],"version-history":[{"count":2,"href":"https:\/\/speyer24news.com\/index.php?rest_route=\/wp\/v2\/posts\/21850\/revisions"}],"predecessor-version":[{"id":21870,"href":"https:\/\/speyer24news.com\/index.php?rest_route=\/wp\/v2\/posts\/21850\/revisions\/21870"}],"wp:attachment":[{"href":"https:\/\/speyer24news.com\/index.php?rest_route=%2Fwp%2Fv2%2Fmedia&parent=21850"}],"wp:term":[{"taxonomy":"category","embeddable":true,"href":"https:\/\/speyer24news.com\/index.php?rest_route=%2Fwp%2Fv2%2Fcategories&post=21850"},{"taxonomy":"post_tag","embeddable":true,"href":"https:\/\/speyer24news.com\/index.php?rest_route=%2Fwp%2Fv2%2Ftags&post=21850"}],"curies":[{"name":"wp","href":"https:\/\/api.w.org\/{rel}","templated":true}]}}