{"id":21871,"date":"2019-11-08T18:35:52","date_gmt":"2019-11-08T17:35:52","guid":{"rendered":"https:\/\/speyer24news.com\/?p=21871"},"modified":"2019-11-08T18:35:54","modified_gmt":"2019-11-08T17:35:54","slug":"kultur-historisches-museum-der-pfalz-speyer","status":"publish","type":"post","link":"https:\/\/speyer24news.com\/?p=21871","title":{"rendered":"Kultur \/ Historisches Museum der Pfalz Speyer"},"content":{"rendered":"<style type=\"text\/css\">\r\n\t.ads_top_disp{}\r\n\t.ads_top_corner_disp{ float:left; margin:0px 10px 10px 0px; }\r\n\t.ads_first_p_disp{}\r\n\t.ads_bottom_disp{}\r\n\t<\/style>\n<h1 class=\"wp-block-heading\" style=\"text-align:center\">Ausstellungsvorschau 2019-2020<\/h1>\n\n\n\n<h2 class=\"wp-block-heading\"><strong>Kulturhistorische Ausstellung zur Geschichte der Medizin<\/strong><\/h2>\n\n\n\n<h3 class=\"wp-block-heading\"><strong>Medicus   \u2013 Die Macht des Wissens<\/strong><\/h3>\n\n\n\n<h4 class=\"wp-block-heading\"><strong>8. Dezember 2019 bis 21. Juni 2020<\/strong><\/h4>\n\n\n\n<div class=\"wp-block-image\"><figure class=\"aligncenter\"><img decoding=\"async\" loading=\"lazy\" width=\"500\" height=\"703\" src=\"https:\/\/speyer24news.com\/wp-content\/uploads\/2019\/11\/Plakatmotiv.jpg\" alt=\"\" class=\"wp-image-21876\" srcset=\"https:\/\/speyer24news.com\/wp-content\/uploads\/2019\/11\/Plakatmotiv.jpg 500w, https:\/\/speyer24news.com\/wp-content\/uploads\/2019\/11\/Plakatmotiv-213x300.jpg 213w\" sizes=\"(max-width: 500px) 100vw, 500px\" \/><figcaption>Das Plakatmotiv zur kulturhistorischen Ausstellung \u201eMedicis \u2013 Die Macht des Wissens\u201c.<br><em>Foto: Historisches Museum der Pfalz\/Carolin Breckle<\/em><\/figcaption><\/figure><\/div>\n\n\n\n<p>Es ist die Welt der Bader und Quacksalber, in der der junge Rob Cole, der Held des Erfolgsromans \u201eDer Medicus\u201c, aufw\u00e4chst. Sein Wunsch, kranke Menschen zu heilen und sein Verlangen nach Erkenntnis, f\u00fchrt ihn von Europa in den Orient, wo er durch die dort ans\u00e4ssigen Gelehrten auf das medizinische Wissen der Antike trifft. Bezugnehmend auf die mitrei\u00dfende Erz\u00e4hlung von Noah Gordon, deren Verfilmung im Jahr 2013 Millionen Menschen begeisterte, zeigt das Historische Museum der Pfalz Speyer ab dem 8. Dezember 2019 eine einzigartige kulturhistorische Schau zur Geschichte der Medizin. <\/p>\n\n\n\n<p>Die Sonderausstellung nutzt den literarischen Zugang, um die komplexe und faszinierende Entwicklung des medizinischen Fortschritts in fesselnder Weise zu vermitteln. Sie begibt sich auf eine Zeitreise vom Altertum bis zur Gegenwart, in deren Mittelpunkt der existentielle Wunsch nach Gesundheit und Heilung steht. Eindrucksvoll schildert die Ausstellung anhand einzigartiger Objekte den Wandel der Behandlungsmethoden ausgehend von antiken Kulturen in \u00c4gypten, Mesopotamien, Griechenland und Rom \u00fcber das Mittelalter mit seinen Kl\u00f6stern, Universit\u00e4ten und Apotheken bis hin zur Fr\u00fchen Neuzeit, die den anatomischen Durchbruch brachte. Auf der Suche nach Erkenntnis spielt das unterschiedliche Verst\u00e4ndnis von Medizin, Krankheit, Heilung und Glaube in den verschiedenen Kulturen eine zentrale Rolle.<\/p>\n\n\n\n<div class=\"wp-block-image\"><figure class=\"aligncenter\"><img decoding=\"async\" loading=\"lazy\" width=\"800\" height=\"528\" src=\"https:\/\/speyer24news.com\/wp-content\/uploads\/2019\/11\/MedicusTisch.jpg\" alt=\"\" class=\"wp-image-21877\" srcset=\"https:\/\/speyer24news.com\/wp-content\/uploads\/2019\/11\/MedicusTisch.jpg 800w, https:\/\/speyer24news.com\/wp-content\/uploads\/2019\/11\/MedicusTisch-300x198.jpg 300w, https:\/\/speyer24news.com\/wp-content\/uploads\/2019\/11\/MedicusTisch-768x507.jpg 768w\" sizes=\"(max-width: 800px) 100vw, 800px\" \/><figcaption>Tisch eines Medicus<br><em> Foto: Historisches Museum der Pfalz Speyer\/Carolin Breckle<\/em><\/figcaption><\/figure><\/div>\n\n\n\n<p>Erstmals \u00fcberhaupt sind in einer Ausstellung medizingeschichtliche Fundst\u00fccke aus mehr als 5.000 Jahren in einem Kontext zusammengef\u00fchrt. Zu den mehr als 600 faszinierenden Objekten und sehenswerte Fundkomplexen z\u00e4hlen prachtvoll ausgestattete Handschriften, die das Wissen ihrer Zeit \u00fcberliefern ebenso wie ausgefeilte Instrumentarien r\u00f6mischer \u00c4rztinnen oder Schr\u00f6pfk\u00f6pfe und Klistiere mittelalterlicher Bader. Ein beeindruckendes Zeugnis alt\u00e4gyptischer Kunst ist die \u00fcberlebensgro\u00dfe Figur der G\u00f6ttin Sachmet, die Schutz vor Krankheiten bringen sollte. W\u00e4hrend mesopotamische Tontafeln jahrtausendealte Rezepte \u00fcberliefern, steht die \u201eGl\u00e4serne Frau\u201c f\u00fcr das Wissen der Moderne. Zu den namhaften Leihgebern aus dem In- und Ausland z\u00e4hlen die Uffizien in Florenz, der Louvre in Paris sowie die Staatlichen Museen zu Berlin. <\/p>\n\n\n\n<p>Nicht zuletzt bietet die gro\u00dfe kulturhistorische Schau ihren Besuchern mit dem Einsatz verschiedener Medienstationen und einer eigens f\u00fcr die Ausstellung produzierten Multivision, die Gelegenheit einzelne Themen zu vertiefen. Als digitale Projektionen treten sowohl die Protagonisten des Romans \u201eDer Medicus\u201c als auch historische Pers\u00f6nlichkeiten der Medizingeschichte mit den Besuchern in den Dialog. <\/p>\n\n\n\n<p><strong>Informationen zu \u00d6ffnungszeiten und begleitenden Veranstaltungen online unter<\/strong> <a href=\"http:\/\/www.medicus-ausstellung.de\">www.medicus-ausstellung.de<\/a><\/p>\n\n\n\n<h2 class=\"wp-block-heading\"><strong>Familien-Ausstellung mit Originalgrafiken von Axel Scheffler<\/strong><\/h2>\n\n\n\n<h3 class=\"wp-block-heading\"><strong>Der Gr\u00fcffelo \u2013 Die Ausstellung<\/strong><\/h3>\n\n\n\n<h4 class=\"wp-block-heading\"><strong>22. Dezember 2019 bis 14. Juni 2020<\/strong><\/h4>\n\n\n\n<div class=\"wp-block-image\"><figure class=\"aligncenter\"><img decoding=\"async\" loading=\"lazy\" width=\"500\" height=\"707\" src=\"https:\/\/speyer24news.com\/wp-content\/uploads\/2019\/11\/Plakatmotiv-Gr\u00fcffelo.jpg\" alt=\"\" class=\"wp-image-21878\" srcset=\"https:\/\/speyer24news.com\/wp-content\/uploads\/2019\/11\/Plakatmotiv-Gr\u00fcffelo.jpg 500w, https:\/\/speyer24news.com\/wp-content\/uploads\/2019\/11\/Plakatmotiv-Gr\u00fcffelo-212x300.jpg 212w\" sizes=\"(max-width: 500px) 100vw, 500px\" \/><figcaption>Das offizielle Plakat zur Ausstellung.<br> Der Gr\u00fcffelo \u00a9 1999 Julia Donaldson\/Axel Scheffler. Der Gr\u00fcffelo ist als Wortmarke und Logo ein registriertes Warenzeichen von Julia Donaldson und Axel Scheffler und lizensiert von Magic Light Pictures Limited.<em> Gestaltung: Historisches Museum der Pfalz\/Lisa-Marie Malek.<\/em><\/figcaption><\/figure><\/div>\n\n\n\n<p>Ab 22. Dezember 2019 zeigt das Historische Museum der Pfalz eine neue FamilienAusstellung. \u201eDer Gr\u00fcffelo \u2013 Die Ausstellung\u201c widmet sich dem von Julia Donaldson in humorvollen Reimen verfassten und von Axel Scheffler farbenfroh und detailreich illustrierten Kinderbuch \u201eDer Gr\u00fcffelo\u201c. <\/p>\n\n\n\n<div class=\"wp-block-image\"><figure class=\"aligncenter\"><img decoding=\"async\" loading=\"lazy\" width=\"500\" height=\"750\" src=\"https:\/\/speyer24news.com\/wp-content\/uploads\/2019\/11\/Axel-Scheffler-signiert.jpg\" alt=\"\" class=\"wp-image-21879\" srcset=\"https:\/\/speyer24news.com\/wp-content\/uploads\/2019\/11\/Axel-Scheffler-signiert.jpg 500w, https:\/\/speyer24news.com\/wp-content\/uploads\/2019\/11\/Axel-Scheffler-signiert-200x300.jpg 200w\" sizes=\"(max-width: 500px) 100vw, 500px\" \/><figcaption>Axel Scheffler signiert die Kinderb\u00fccher \u201eDer Gr\u00fcffelo\u201c w\u00e4hrend der Lesung im M\u00e4rz 2019 im Historischen Museum der Pfalz.<br><em> Foto: Historisches Museum der Pfalz\/Carolin Breckle<\/em><\/figcaption><\/figure><\/div>\n\n\n\n<p>Die Geschichte vom schauerlichen Gr\u00fcffelo-Monster mit einer giftigen Warze auf der Nase und Stacheln am R\u00fccken und der schlauen und mutigen Maus wird in der Ausstellungsinszenierung nacherz\u00e4hlt. Verschiedene Vermittlungsstationen laden die jungen Besucher zum Mitmachen ein. Das Angebot reicht vom Schattentheaterspiel mit Tiermasken, der selbstinszenierten Nacherz\u00e4hlung von Buchszenen bis zum Nachkochen fantasievoller Gerichte aus dem Kinderbuch wie Schlangenp\u00fcree und Gr\u00fcffelogr\u00fctze. Danach k\u00f6nnen die Besucher in der Ruhezone entspannen und in B\u00fcchern schm\u00f6kern. Erwachsene Besucher d\u00fcrfen sich auf einen Einblick in das k\u00fcnstlerische Werk des Illustrators Axel Scheffler freuen. Biographische Informationen und Original-Grafiken beleuchten dessen Vielseitigkeit und die Entwicklung Schefflers zu einem der erfolgreichsten Bilderbuch-Illustratoren europaweit. <\/p>\n\n\n\n<div class=\"wp-block-image\"><figure class=\"aligncenter\"><img decoding=\"async\" loading=\"lazy\" width=\"800\" height=\"533\" src=\"https:\/\/speyer24news.com\/wp-content\/uploads\/2019\/11\/Gr\u00fcffelo-Raum.jpg\" alt=\"\" class=\"wp-image-21880\" srcset=\"https:\/\/speyer24news.com\/wp-content\/uploads\/2019\/11\/Gr\u00fcffelo-Raum.jpg 800w, https:\/\/speyer24news.com\/wp-content\/uploads\/2019\/11\/Gr\u00fcffelo-Raum-300x200.jpg 300w, https:\/\/speyer24news.com\/wp-content\/uploads\/2019\/11\/Gr\u00fcffelo-Raum-768x512.jpg 768w\" sizes=\"(max-width: 800px) 100vw, 800px\" \/><figcaption>Ein Ausstellungsraum in der ehemaligen FamilienAusstellung \u201eDas Sams und die Helden der Kinderb\u00fccher\u201c waren dem Gr\u00fcffelo und seinen Erfindern gewidmet.<br><em> Foto: Historisches Museum der Pfalz\/Carolin Breckle<\/em><\/figcaption><\/figure><\/div>\n\n\n\n<p>Das Kinderbuch \u201eDer Gr\u00fcffelo\u201c feiert in diesem Jahr sein 20-j\u00e4hriges Jubil\u00e4um. Es erschien 1999 und erfreut sich seitdem gro\u00dfer internationaler Beliebtheit. Auch das Junge Museum Speyer, das JUMUS, feiert 2019 seinen 20. Geburtstag. Es wurde 1999 als erstes Kindermuseum in Rheinland-Pfalz gegr\u00fcndet und hat sich seitdem auf die kindgerechte Vermittlung von Ausstellungsthemen spezialisiert.<\/p>\n\n\n\n<div class=\"wp-block-image\"><figure class=\"aligncenter\"><img decoding=\"async\" loading=\"lazy\" width=\"500\" height=\"750\" src=\"https:\/\/speyer24news.com\/wp-content\/uploads\/2019\/11\/Gr\u00fcffelo-mit-Gr\u00fcffelo-Kind.jpg\" alt=\"\" class=\"wp-image-21881\" srcset=\"https:\/\/speyer24news.com\/wp-content\/uploads\/2019\/11\/Gr\u00fcffelo-mit-Gr\u00fcffelo-Kind.jpg 500w, https:\/\/speyer24news.com\/wp-content\/uploads\/2019\/11\/Gr\u00fcffelo-mit-Gr\u00fcffelo-Kind-200x300.jpg 200w\" sizes=\"(max-width: 500px) 100vw, 500px\" \/><figcaption>Der Gr\u00fcffelo und das Gr\u00fcffelo-Kind.<br> Museum f\u00fcr PuppentheaterKultur Bad Kreuznach (PUK), <em>Foto: Historisches Museum der Pfalz\/Carolin Breckl<\/em><\/figcaption><\/figure><\/div>\n\n\n\n<p><strong>Die Ausstellung ist bis zum 14. Juni 2020 zu sehen. Weitere Informationen unter<\/strong> <a href=\"http:\/\/www.grueffelo-ausstellung.de\">www.grueffelo-ausstellung.de<\/a> <\/p>\n\n\n\n<h2 class=\"wp-block-heading\"><strong>Kulturhistorische Ausstellung<\/strong><\/h2>\n\n\n\n<h3 class=\"wp-block-heading\"><strong>Marilyn Monroe. Die Unbekannte<\/strong><\/h3>\n\n\n\n<h4 class=\"wp-block-heading\"><strong>Verl\u00e4ngert bis 12. Januar 2020<\/strong><\/h4>\n\n\n\n<div class=\"wp-block-image\"><figure class=\"aligncenter\"><img decoding=\"async\" loading=\"lazy\" width=\"800\" height=\"356\" src=\"https:\/\/speyer24news.com\/wp-content\/uploads\/2019\/11\/Marilyn-Monroe-6.jpg\" alt=\"\" class=\"wp-image-21882\" srcset=\"https:\/\/speyer24news.com\/wp-content\/uploads\/2019\/11\/Marilyn-Monroe-6.jpg 800w, https:\/\/speyer24news.com\/wp-content\/uploads\/2019\/11\/Marilyn-Monroe-6-300x134.jpg 300w, https:\/\/speyer24news.com\/wp-content\/uploads\/2019\/11\/Marilyn-Monroe-6-768x342.jpg 768w\" sizes=\"(max-width: 800px) 100vw, 800px\" \/><\/figure><\/div>\n\n\n\n<p>Aufenthalt verl\u00e4ngert: \u201eMarilyn Monroe. Die Unbekannte\u201c bleibt bis 12. Januar 2020 im Historischen Museum der Pfalz in Speyer. Museumsdirektor Alexander Schubert erkl\u00e4rte: <\/p>\n\n\n\n<p>\u201eEs geh\u00f6rt bereits seit langem zum Profil des Historischen Museums der Pfalz, neben gro\u00dfen kulturgeschichtlichen Themen und Familienangeboten auch spannende Pers\u00f6nlichkeiten der Popkultur und Zeitgeschichte, wie Romy Schneider oder James Dean, zu beleuchten. Marilyn Monroe hat sich dabei als echter Volltreffer entpuppt. Die vielen Objekte aus ihrem pers\u00f6nlichen Bereich zeichnen ein neues Bild von der Hollywood-Diva, das die Besucher \u00fcberrascht und fasziniert.\u201c<\/p>\n\n\n\n<div class=\"wp-block-image\"><figure class=\"aligncenter\"><img decoding=\"async\" loading=\"lazy\" width=\"800\" height=\"600\" src=\"https:\/\/speyer24news.com\/wp-content\/uploads\/2019\/11\/Marilyn-Monroe-19.jpg\" alt=\"\" class=\"wp-image-21883\" srcset=\"https:\/\/speyer24news.com\/wp-content\/uploads\/2019\/11\/Marilyn-Monroe-19.jpg 800w, https:\/\/speyer24news.com\/wp-content\/uploads\/2019\/11\/Marilyn-Monroe-19-300x225.jpg 300w, https:\/\/speyer24news.com\/wp-content\/uploads\/2019\/11\/Marilyn-Monroe-19-768x576.jpg 768w, https:\/\/speyer24news.com\/wp-content\/uploads\/2019\/11\/Marilyn-Monroe-19-678x509.jpg 678w, https:\/\/speyer24news.com\/wp-content\/uploads\/2019\/11\/Marilyn-Monroe-19-326x245.jpg 326w, https:\/\/speyer24news.com\/wp-content\/uploads\/2019\/11\/Marilyn-Monroe-19-80x60.jpg 80w\" sizes=\"(max-width: 800px) 100vw, 800px\" \/><figcaption>Marilyn Monroe Double Suzie Kennedy im historischen Museum der Pfalz Speyer<br><em>Foto: Speyer 24\/7 News, dak<\/em><\/figcaption><\/figure><\/div>\n\n\n\n<p>Die rund 400 Exponate, darunter viele Objekte aus dem Privatnachlass von Marilyn Monroe geben tiefen Einblick in das Privatleben der Hollywood-Ikone: Zu den ganz pers\u00f6nlichen Exponaten z\u00e4hlen ihr Terminkalender von 1961 mit privaten Aufzeichnungen, aber auch Schuhe, Kleidungsst\u00fccke, Pflege- und Stylingprodukte, private Fotoaufnahmen und Zeichnungen sowie Briefe.<\/p>\n\n\n\n<div class=\"wp-block-image\"><figure class=\"aligncenter\"><img decoding=\"async\" loading=\"lazy\" width=\"800\" height=\"600\" src=\"https:\/\/speyer24news.com\/wp-content\/uploads\/2019\/11\/Marilyn-Monroe-33.jpg\" alt=\"\" class=\"wp-image-21884\" srcset=\"https:\/\/speyer24news.com\/wp-content\/uploads\/2019\/11\/Marilyn-Monroe-33.jpg 800w, https:\/\/speyer24news.com\/wp-content\/uploads\/2019\/11\/Marilyn-Monroe-33-300x225.jpg 300w, https:\/\/speyer24news.com\/wp-content\/uploads\/2019\/11\/Marilyn-Monroe-33-768x576.jpg 768w, https:\/\/speyer24news.com\/wp-content\/uploads\/2019\/11\/Marilyn-Monroe-33-678x509.jpg 678w, https:\/\/speyer24news.com\/wp-content\/uploads\/2019\/11\/Marilyn-Monroe-33-326x245.jpg 326w, https:\/\/speyer24news.com\/wp-content\/uploads\/2019\/11\/Marilyn-Monroe-33-80x60.jpg 80w\" sizes=\"(max-width: 800px) 100vw, 800px\" \/><figcaption>Schriftverkehr von Marilyn Monroe<br> <em>Foto: Speyer 24\/7 News, dak<\/em> <\/figcaption><\/figure><\/div>\n\n\n\n<p>Die Besucher tauchen in Marilyn Monroes Welt ein und verfolgen die wichtigsten Entwicklungsstufen und Lebensabschnitte, dar\u00fcber hinaus lernen sie bisher unbekannte Seiten einer ungew\u00f6hnlichen Frau kennen. Selbst \u00fcber ihre Lieblingsrezepte und kulinarischen Vorlieben k\u00f6nnen sich die Besucher in der Ausstellung ein Bild machen.<\/p>\n\n\n\n<div class=\"wp-block-image\"><figure class=\"aligncenter\"><img decoding=\"async\" loading=\"lazy\" width=\"800\" height=\"600\" src=\"https:\/\/speyer24news.com\/wp-content\/uploads\/2019\/11\/Marilyn-Monroe-90.jpg\" alt=\"\" class=\"wp-image-21885\" srcset=\"https:\/\/speyer24news.com\/wp-content\/uploads\/2019\/11\/Marilyn-Monroe-90.jpg 800w, https:\/\/speyer24news.com\/wp-content\/uploads\/2019\/11\/Marilyn-Monroe-90-300x225.jpg 300w, https:\/\/speyer24news.com\/wp-content\/uploads\/2019\/11\/Marilyn-Monroe-90-768x576.jpg 768w, https:\/\/speyer24news.com\/wp-content\/uploads\/2019\/11\/Marilyn-Monroe-90-678x509.jpg 678w, https:\/\/speyer24news.com\/wp-content\/uploads\/2019\/11\/Marilyn-Monroe-90-326x245.jpg 326w, https:\/\/speyer24news.com\/wp-content\/uploads\/2019\/11\/Marilyn-Monroe-90-80x60.jpg 80w\" sizes=\"(max-width: 800px) 100vw, 800px\" \/><figcaption>Tiefe Einblicke ins Leben der Person Marilyn Monroe<br> <em>Foto: Speyer 24\/7 News, dak<\/em> <\/figcaption><\/figure><\/div>\n\n\n\n<p>Unter dem Motto \u201eEin Abend mit Marilyn\u201c bietet der Gew\u00f6lbekeller in Speyer K\u00fcchenpartys an. <\/p>\n\n\n\n<p>Unter dem Motto \u201ex Monroe-Filmabende\u201c organisieren sechs noch geheime Personen des \u00f6ffentlichen Lebens jeweils bei sich zu Hause einen besonderen Filmabend. Ja sechs G\u00e4ste haben die Gelegenheit, einen Marilyn Monroe-Klassiker in den privaten R\u00e4umlichkeiten des Gastgebers zu erleben.<\/p>\n\n\n\n<div class=\"wp-block-image\"><figure class=\"aligncenter\"><img decoding=\"async\" loading=\"lazy\" width=\"800\" height=\"600\" src=\"https:\/\/speyer24news.com\/wp-content\/uploads\/2019\/11\/Marilyn-Monroe-35.jpg\" alt=\"\" class=\"wp-image-21886\" srcset=\"https:\/\/speyer24news.com\/wp-content\/uploads\/2019\/11\/Marilyn-Monroe-35.jpg 800w, https:\/\/speyer24news.com\/wp-content\/uploads\/2019\/11\/Marilyn-Monroe-35-300x225.jpg 300w, https:\/\/speyer24news.com\/wp-content\/uploads\/2019\/11\/Marilyn-Monroe-35-768x576.jpg 768w, https:\/\/speyer24news.com\/wp-content\/uploads\/2019\/11\/Marilyn-Monroe-35-678x509.jpg 678w, https:\/\/speyer24news.com\/wp-content\/uploads\/2019\/11\/Marilyn-Monroe-35-326x245.jpg 326w, https:\/\/speyer24news.com\/wp-content\/uploads\/2019\/11\/Marilyn-Monroe-35-80x60.jpg 80w\" sizes=\"(max-width: 800px) 100vw, 800px\" \/><figcaption>Filmisches Schaffen von Marilyn Monroe<br> <em>Foto: Speyer 24\/7 News, dak<\/em> <\/figcaption><\/figure><\/div>\n\n\n\n<p><strong>Weitere Informationen zum Begleitprogramm wie auch die Termine f\u00fcr die \u00f6ffentlichen F\u00fchrungen unter<\/strong> <a href=\"http:\/\/www.marilyn-ausstellung.de\">www.marilyn-ausstellung.de<\/a>. <\/p>\n\n\n\n<h2 class=\"wp-block-heading\"><strong>Arch\u00e4ologische Ausstellung<\/strong><\/h2>\n\n\n\n<h3 class=\"wp-block-heading\"><strong>Valentinian I. und die Pfalz in der Sp\u00e4tantike<\/strong><\/h3>\n\n\n\n<h4 class=\"wp-block-heading\"><strong>Verl\u00e4ngert bis 15. M\u00e4rz 2020<\/strong><\/h4>\n\n\n\n<div class=\"wp-block-image\"><figure class=\"aligncenter\"><img decoding=\"async\" loading=\"lazy\" width=\"500\" height=\"667\" src=\"https:\/\/speyer24news.com\/wp-content\/uploads\/2019\/11\/DSC01840.jpg\" alt=\"\" class=\"wp-image-21887\" srcset=\"https:\/\/speyer24news.com\/wp-content\/uploads\/2019\/11\/DSC01840.jpg 500w, https:\/\/speyer24news.com\/wp-content\/uploads\/2019\/11\/DSC01840-225x300.jpg 225w\" sizes=\"(max-width: 500px) 100vw, 500px\" \/><\/figure><\/div>\n\n\n\n<p>Im Jahr 364 beginnt f\u00fcr die Pfalz und den Nordwesten des Imperium Romanum eine besondere \u00c4ra: Flavius Valentinianus wird zum Kaiser des R\u00f6mischen Reiches erhoben und w\u00e4hlt Augusta Treverorum \u2013 Trier \u2013 zu seiner bevorzugten Residenz. Von dieser aus unternimmt er zahlreiche Reisen durch die Provinzen an Rhein und Donau und besucht auch mehrfach die Pfalz. Nach den schweren Einf\u00e4llen durch die Alamannen \u2013 ein germanischer Verband, der sich nach der Mitte des 3. Jahrhunderts im s\u00fcdwestdeutschen Raum ansiedelte \u2013 wird durch Valentinian I. ein umfangreiches Befestigungsprogramm an der Rheingrenze und im Hinterland realisiert. Er, der als einer der \u201estarken\u201c Kaiser seiner Zeit gilt, soll sogar einige der Festungsbauma\u00dfnahmen pers\u00f6nlich \u00fcberwacht haben. Damit ist er der einzige r\u00f6mische Kaiser, der direkt mit der Regionalgeschichte verbunden werden kann.<\/p>\n\n\n\n<div class=\"wp-block-image\"><figure class=\"aligncenter\"><img decoding=\"async\" loading=\"lazy\" width=\"800\" height=\"600\" src=\"https:\/\/speyer24news.com\/wp-content\/uploads\/2019\/11\/DSC01838.jpg\" alt=\"\" class=\"wp-image-21888\" srcset=\"https:\/\/speyer24news.com\/wp-content\/uploads\/2019\/11\/DSC01838.jpg 800w, https:\/\/speyer24news.com\/wp-content\/uploads\/2019\/11\/DSC01838-300x225.jpg 300w, https:\/\/speyer24news.com\/wp-content\/uploads\/2019\/11\/DSC01838-768x576.jpg 768w, https:\/\/speyer24news.com\/wp-content\/uploads\/2019\/11\/DSC01838-678x509.jpg 678w, https:\/\/speyer24news.com\/wp-content\/uploads\/2019\/11\/DSC01838-326x245.jpg 326w, https:\/\/speyer24news.com\/wp-content\/uploads\/2019\/11\/DSC01838-80x60.jpg 80w\" sizes=\"(max-width: 800px) 100vw, 800px\" \/><\/figure><\/div>\n\n\n\n<p>Mit der Ausstellung \u201eValentinian I. und die Pfalz in der Sp\u00e4tantike\u201c r\u00fcckt das Historische Museum der Pfalz vom 16. September 2018 bis 15. M\u00e4rz 2020 einen Zeitabschnitt in den Fokus des Interesses, der in der Region viele Spuren hinterlassen hat. W\u00e4hrend die Sp\u00e4tantike im Bewusstsein der Allgemeinheit noch oft als Zeit des Niedergangs und des Verfalls wahrgenommen wird, zeichnen die arch\u00e4ologischen Zeugnisse in der Pfalz ein komplexeres Bild. Aktuelle Forschungsergebnisse bezeugen eine dicht besiedelte Landschaft mit zahlreichen gr\u00f6\u00dferen und kleineren St\u00e4dten, befestigten Siedlungen und eindrucksvollen landwirtschaftlichen Betrieben. Die Pfalz erfuhr f\u00fcr kurze Zeit eine wirtschaftliche und kulturelle Bl\u00fcte. Doch nach dem Zusammenbruch der r\u00f6mischen Verwaltung im 5. Jahrhundert n. Chr. fand auch diese allm\u00e4hlich ein Ende.<\/p>\n\n\n\n<p>Die Ausstellung pr\u00e4sentiert auf 150 Quadratmetern rund 65 herausragende Fundkomplexe und Einzelexponate der Sp\u00e4tantike. Neben dem Brotstempel von Eisenberg \u2013 das \u00e4lteste Zeugnis des fr\u00fchen Christentums in der Pfalz und Teil der Sammlung des Historischen Museums der Pfalz \u2013 zeigt die Ausstellung weitere besondere Exponate von exquisiten Leihgebern. So stellt die Ny Carlsberg Glyptotek in Kopenhagen eine herausragende Marmorb\u00fcste zur Verf\u00fcgung. Sie ist eines der wenigen erhaltenen plastischen Bildnisse, die vermutlich Valentinian I. darstellen.<\/p>\n\n\n\n<div class=\"wp-block-image\"><figure class=\"aligncenter\"><img decoding=\"async\" loading=\"lazy\" width=\"800\" height=\"598\" src=\"https:\/\/speyer24news.com\/wp-content\/uploads\/2019\/11\/DSC01861.jpg\" alt=\"\" class=\"wp-image-21889\" srcset=\"https:\/\/speyer24news.com\/wp-content\/uploads\/2019\/11\/DSC01861.jpg 800w, https:\/\/speyer24news.com\/wp-content\/uploads\/2019\/11\/DSC01861-300x224.jpg 300w, https:\/\/speyer24news.com\/wp-content\/uploads\/2019\/11\/DSC01861-768x574.jpg 768w, https:\/\/speyer24news.com\/wp-content\/uploads\/2019\/11\/DSC01861-326x245.jpg 326w, https:\/\/speyer24news.com\/wp-content\/uploads\/2019\/11\/DSC01861-80x60.jpg 80w\" sizes=\"(max-width: 800px) 100vw, 800px\" \/><\/figure><\/div>\n\n\n\n<p>Zahlreiche weitere arch\u00e4ologische Funde aus Gr\u00e4bern und milit\u00e4rischen und zivilen Siedlungen, umfangreiche Hortfunde sowie interaktive multimediale Elemente geben den Ausstellungsbesuchern einen tieferen Einblick in die Umbruchszeit des 4. und 5. Jahrhunderts n. Chr.<\/p>\n\n\n\n<div class=\"wp-block-image\"><figure class=\"aligncenter\"><img decoding=\"async\" loading=\"lazy\" width=\"800\" height=\"597\" src=\"https:\/\/speyer24news.com\/wp-content\/uploads\/2019\/11\/DSC01885.jpg\" alt=\"\" class=\"wp-image-21890\" srcset=\"https:\/\/speyer24news.com\/wp-content\/uploads\/2019\/11\/DSC01885.jpg 800w, https:\/\/speyer24news.com\/wp-content\/uploads\/2019\/11\/DSC01885-300x224.jpg 300w, https:\/\/speyer24news.com\/wp-content\/uploads\/2019\/11\/DSC01885-768x573.jpg 768w, https:\/\/speyer24news.com\/wp-content\/uploads\/2019\/11\/DSC01885-80x60.jpg 80w\" sizes=\"(max-width: 800px) 100vw, 800px\" \/><\/figure><\/div>\n\n\n\n<p>Die Ausstellung entstand in Kooperation mit der Generaldirektion Kulturelles Erbe Rheinland-Pfalz (GDKE), Direktion Landesarch\u00e4ologie, Au\u00dfenstelle Speyer und dem Heidelberg Center for Cultural Heritage der Ruprecht-Karls-Universit\u00e4t Heidelberg (HCCH). Die enge Zusammenarbeit der Partner erm\u00f6glichte die Einbindung neuester Forschungsresultate und aktueller Grabungsergebnisse, die zum Teil erstmalig \u00f6ffentlich pr\u00e4sentiert und in der Begleitpublikation vorgestellt werden.<\/p>\n\n\n\n<div class=\"wp-block-image\"><figure class=\"aligncenter\"><img decoding=\"async\" loading=\"lazy\" width=\"800\" height=\"600\" src=\"https:\/\/speyer24news.com\/wp-content\/uploads\/2019\/11\/DSC04229.jpg\" alt=\"\" class=\"wp-image-21891\" srcset=\"https:\/\/speyer24news.com\/wp-content\/uploads\/2019\/11\/DSC04229.jpg 800w, https:\/\/speyer24news.com\/wp-content\/uploads\/2019\/11\/DSC04229-300x225.jpg 300w, https:\/\/speyer24news.com\/wp-content\/uploads\/2019\/11\/DSC04229-768x576.jpg 768w, https:\/\/speyer24news.com\/wp-content\/uploads\/2019\/11\/DSC04229-678x509.jpg 678w, https:\/\/speyer24news.com\/wp-content\/uploads\/2019\/11\/DSC04229-326x245.jpg 326w, https:\/\/speyer24news.com\/wp-content\/uploads\/2019\/11\/DSC04229-80x60.jpg 80w\" sizes=\"(max-width: 800px) 100vw, 800px\" \/><\/figure><\/div>\n\n\n\n<p>Zur Ausstellung erscheint ein 136 Seiten starkes Begleitbuch, in dem Valentinian I. und sein Wirken in der Pfalz umfassend beleuchtet werden. Informative und spannende Vortr\u00e4ge namhafter Forscher sowie eine wissenschaftliche Tagung begleiten die Ausstellung. <\/p>\n\n\n\n<p>Das Historische Museum der Pfalz ist dienstags bis sonntags, an Feiertagen auch montags, von 10 bis 18 Uhr ge\u00f6ffnet. <\/p>\n\n\n\n<p><strong>Mehr Informationen unter<\/strong> <a href=\"http:\/\/www.museum.speyer.de\">www.museum.speyer.de<\/a><\/p>\n\n\n\n<p><em>Text: Historisches Museum der Pfalz Speyer Foto: Siehe Bildunterschriften<br>08.11.2019<\/em><\/p>\n\n\n\n<h2 class=\"wp-block-heading\">Zeugnis aus der Vergangenheit: Speyerer Richtschwert<\/h2>\n\n\n\n<h3 class=\"wp-block-heading\">Neue Dauerleihgabe f\u00fcr das Historische Museum der Pfalz<\/h3>\n\n\n\n<div class=\"wp-block-image\"><figure class=\"aligncenter\"><img decoding=\"async\" loading=\"lazy\" width=\"800\" height=\"543\" src=\"https:\/\/speyer24news.com\/wp-content\/uploads\/2019\/11\/\u00dcbergabe_Richtschwert.jpg\" alt=\"\" class=\"wp-image-21872\" srcset=\"https:\/\/speyer24news.com\/wp-content\/uploads\/2019\/11\/\u00dcbergabe_Richtschwert.jpg 800w, https:\/\/speyer24news.com\/wp-content\/uploads\/2019\/11\/\u00dcbergabe_Richtschwert-300x204.jpg 300w, https:\/\/speyer24news.com\/wp-content\/uploads\/2019\/11\/\u00dcbergabe_Richtschwert-768x521.jpg 768w\" sizes=\"(max-width: 800px) 100vw, 800px\" \/><figcaption>Museumsdirektor Alexander Schubert mit dem Vorsitzenden des Vorstandes der Stiftung des Historischen Museums der Pfalz und Oberb\u00fcrgermeister a.D., Werner Schineller, sowie der Oberb\u00fcrgermeisterin der Stadt Speyer, Stefanie Seiler.<br><em>Foto: Klaus Venus<\/em><\/figcaption><\/figure><\/div>\n\n\n\n<p>Ein seltenes Objekt bereichert ab sofort die Sammlung des Historischen Museums der Pfalz: Ein Richtschwert aus dem fr\u00fchen 18. Jahrhundert, das bis um 1792 in Speyer bei Hinrichtungen eingesetzt wurde.<\/p>\n\n\n\n<p>Die Speyerer Oberb\u00fcrgermeisterin Stefanie Seiler \u00fcberreichte das Schwert als Dauerleihgabe an das Historische Museum der Pfalz, nachdem die Stadt \u2013 mit Hilfe der Kulturstiftung der Sparkasse Vorderpfalz und der Kulturstiftung Speyer \u2013 das Objekt im renommierten Auktionshaus Jan K. Kube in Sugenheim ersteigert hatte. Museumsdirektor Alexander Schubert dankte der Stadt Speyer und den Stiftungen f\u00fcr ihre Unterst\u00fctzung: \u201eDa das Museum \u00fcber keinen eigenen Ankaufsetat verf\u00fcgt, k\u00f6nnen wir unseren Sammlungsauftrag nur mit Hilfe Dritter erf\u00fcllen\u201c.<\/p>\n\n\n\n<div class=\"wp-block-image\"><figure class=\"aligncenter\"><img decoding=\"async\" loading=\"lazy\" width=\"1024\" height=\"252\" src=\"https:\/\/speyer24news.com\/wp-content\/uploads\/2019\/11\/Richtschwert-1024x252.jpg\" alt=\"\" class=\"wp-image-21873\" srcset=\"https:\/\/speyer24news.com\/wp-content\/uploads\/2019\/11\/Richtschwert-1024x252.jpg 1024w, https:\/\/speyer24news.com\/wp-content\/uploads\/2019\/11\/Richtschwert-300x74.jpg 300w, https:\/\/speyer24news.com\/wp-content\/uploads\/2019\/11\/Richtschwert-768x189.jpg 768w, https:\/\/speyer24news.com\/wp-content\/uploads\/2019\/11\/Richtschwert.jpg 1200w\" sizes=\"(max-width: 1024px) 100vw, 1024px\" \/><figcaption>Am 14. September 2019 ersteigerte die Stadt Speyer \u2013 mit Hilfe der Kulturstiftung der Sparkasse Vorderpfalz und der Kulturstiftung Speyer \u2013 in Sugenheim (Franken) im renommierten Auktionshaus Jan K. Kube ein \u201eRichtschwert\u201c. Jetzt \u00fcbergab die Oberb\u00fcrgermeisterin Stefanie Seiler das Schwert als Dauerleihgabe an das Historische Museum der Pfalz.<em> Foto: Historisches Museum der Pfalz\/Carolin Breckle<\/em><\/figcaption><\/figure><\/div>\n\n\n\n<p>\u201eEs kommt vielleicht alle 100 Jahre einmal vor, dass ein solch bedeutendes Objekt mit direktem Bezug zur Rechts-, Sozial- und Alltagsgeschichte der Stadt Speyer auf dem freien Markt auftaucht\u201c, erkl\u00e4rte Ludger Tekampe, Leiter der Sammlungen Volkskunde, Neuzeit und Weinmuseum im Historischen Museum der Pfalz. Die Echtheit des Richtschwertes wurde im Vorfeld, auch unter Hinzuziehung externer Experten, sorgf\u00e4ltig gepr\u00fcft.<\/p>\n\n\n\n<p>Die Inschriften auf der Klinge sowie der eingravierte Reichsadler und die zweit\u00fcrmige Domfassade verweisen auf die Geschichte der Stadt Speyer, die im Mittelalter Reichsstadt war. Seit dem Ende des 13. Jahrhunderts besa\u00df der Rat der Stadt Speyer das Recht, die Todesstrafe zu verh\u00e4ngen. Im 18. Jahrhundert wurde diese meistens mit dem Richtschwert vollzogen. Der Speyerer Richtplatz lag damals im Norden der Stadt ausgangs des Wormser Tores, genannt Rabenstein. Die Strafe vollzog der bisch\u00f6fliche Scharfrichter aus Bruchsal, der daf\u00fcr jedes Mal anreisen musste. Das Scharfrichterschwert wurde urspr\u00fcnglich in einer \u201eRichtzeugkiste\u201c im bis heute erhaltenen Stadttor, dem Altp\u00f6rtel, aufbewahrt. Infolge der Franz\u00f6sischen Revolution, die Speyer 1792 erreichte, wurde der Richtplatz am Rabenstein zerst\u00f6rt. Bei dieser Gelegenheit muss auch das Richtschwert abhandengekommen sein. Nach mehr als 225 Jahre ist es jetzt nach Speyer zur\u00fcckgekehrt.<\/p>\n\n\n\n<div class=\"wp-block-image\"><figure class=\"aligncenter\"><img decoding=\"async\" loading=\"lazy\" width=\"800\" height=\"533\" src=\"https:\/\/speyer24news.com\/wp-content\/uploads\/2019\/11\/Richtschwert_Detail.jpg\" alt=\"\" class=\"wp-image-21874\" srcset=\"https:\/\/speyer24news.com\/wp-content\/uploads\/2019\/11\/Richtschwert_Detail.jpg 800w, https:\/\/speyer24news.com\/wp-content\/uploads\/2019\/11\/Richtschwert_Detail-300x200.jpg 300w, https:\/\/speyer24news.com\/wp-content\/uploads\/2019\/11\/Richtschwert_Detail-768x512.jpg 768w\" sizes=\"(max-width: 800px) 100vw, 800px\" \/><figcaption>Am 14. September 2019 ersteigerte die Stadt Speyer \u2013 mit Hilfe der Kulturstiftung der Sparkasse Vorderpfalz und der Kulturstiftung Speyer \u2013 in Sugenheim (Franken) im renommierten Auktionshaus Jan K. Kube ein \u201eRichtschwert\u201c. Jetzt \u00fcbergab die Oberb\u00fcrgermeisterin Stefanie Seiler das Schwert als Dauerleihgabe an das Historische Museum der Pfalz. <em>Foto: Historisches Museum der Pfalz\/Carolin Breckle<\/em><\/figcaption><\/figure><\/div>\n\n\n\n<p>Das Schwert wird im neuen Jahr im Museumsfoyer ausgestellt.<\/p>\n\n\n\n<p>Das Historische Museum der Pfalz ist dienstags bis sonntags von 10 bis 18 Uhr ge\u00f6ffnet, an Feiertagen auch montags. Informationen zum Museum und dessen Ausstellungsprogramm unter <a href=\"http:\/\/www.museum.speyer.de\">www.museum.speyer.de<\/a><\/p>\n\n\n\n<p><em>Text: Historisches Museum der Pfalz Speyer Foto: (1) Klaus Venus; (2 &amp; 3) Historisches Museum der Pfalz\/Carolin Breckle<br>08.11.2019<\/em><\/p>\n","protected":false},"excerpt":{"rendered":"<div class=\"mh-excerpt\"><p>Ausstellungsvorschau 2019-2020 Kulturhistorische Ausstellung zur Geschichte der Medizin Medicus \u2013 Die Macht des Wissens 8. Dezember 2019 bis 21. Juni 2020 Es ist die Welt der Bader und Quacksalber, in der der junge Rob Cole, <a class=\"mh-excerpt-more\" href=\"https:\/\/speyer24news.com\/?p=21871\" title=\"Kultur \/ Historisches Museum der Pfalz Speyer\">[&#8230;]<\/a><\/p>\n<\/div>","protected":false},"author":3,"featured_media":0,"comment_status":"open","ping_status":"open","sticky":false,"template":"","format":"standard","meta":{"_monsterinsights_skip_tracking":false,"_monsterinsights_sitenote_active":false,"_monsterinsights_sitenote_note":"","_monsterinsights_sitenote_category":0,"footnotes":""},"categories":[14],"tags":[3154,4412,1191,540,577,543,867,4411,4415,4414,868,4413],"aioseo_notices":[],"amp_enabled":true,"_links":{"self":[{"href":"https:\/\/speyer24news.com\/index.php?rest_route=\/wp\/v2\/posts\/21871"}],"collection":[{"href":"https:\/\/speyer24news.com\/index.php?rest_route=\/wp\/v2\/posts"}],"about":[{"href":"https:\/\/speyer24news.com\/index.php?rest_route=\/wp\/v2\/types\/post"}],"author":[{"embeddable":true,"href":"https:\/\/speyer24news.com\/index.php?rest_route=\/wp\/v2\/users\/3"}],"replies":[{"embeddable":true,"href":"https:\/\/speyer24news.com\/index.php?rest_route=%2Fwp%2Fv2%2Fcomments&post=21871"}],"version-history":[{"count":1,"href":"https:\/\/speyer24news.com\/index.php?rest_route=\/wp\/v2\/posts\/21871\/revisions"}],"predecessor-version":[{"id":21892,"href":"https:\/\/speyer24news.com\/index.php?rest_route=\/wp\/v2\/posts\/21871\/revisions\/21892"}],"wp:attachment":[{"href":"https:\/\/speyer24news.com\/index.php?rest_route=%2Fwp%2Fv2%2Fmedia&parent=21871"}],"wp:term":[{"taxonomy":"category","embeddable":true,"href":"https:\/\/speyer24news.com\/index.php?rest_route=%2Fwp%2Fv2%2Fcategories&post=21871"},{"taxonomy":"post_tag","embeddable":true,"href":"https:\/\/speyer24news.com\/index.php?rest_route=%2Fwp%2Fv2%2Ftags&post=21871"}],"curies":[{"name":"wp","href":"https:\/\/api.w.org\/{rel}","templated":true}]}}