{"id":22054,"date":"2019-11-18T12:13:20","date_gmt":"2019-11-18T11:13:20","guid":{"rendered":"https:\/\/speyer24news.com\/?p=22054"},"modified":"2019-11-18T12:13:22","modified_gmt":"2019-11-18T11:13:22","slug":"hassloch-37","status":"publish","type":"post","link":"https:\/\/speyer24news.com\/?p=22054","title":{"rendered":"Ha\u00dfloch"},"content":{"rendered":"<style type=\"text\/css\">\r\n\t.ads_top_disp{}\r\n\t.ads_top_corner_disp{ float:left; margin:0px 10px 10px 0px; }\r\n\t.ads_first_p_disp{}\r\n\t.ads_bottom_disp{}\r\n\t<\/style>\n<h2 class=\"wp-block-heading\">Halbzeit bei den Ha\u00dflocher Frauenkulturtagen<\/h2>\n\n\n\n<p>Unter dem Leitthema \u201eLiebe \u2013 das besondere Gef\u00fchl\u201c sind am 09. November die Ha\u00dflocher Frauenkulturtage gestartet. Drei Veranstaltungen haben inzwischen stattgefunden, drei weitere Termine stehen noch aus und freuen sich auf interessierte Besucherinnen und Besucher. <\/p>\n\n\n\n<h4 class=\"wp-block-heading\">Montag, 18.11.2019: B\u00fccherherbst \u201eSchm\u00f6kern mit den Xanthippen\u201c<\/h4>\n\n\n\n<p>Der Frauenbuchladen Xanthippe in Mannheim existiert seit 1978. Er ist ein Ort der B\u00fccher, ein Raum f\u00fcr Veranstaltungen und bietet eine Atmosph\u00e4re, in der sich Frauen wohlf\u00fchlen. Yvonne Wenzel, eines der \u201eUrgesteine\u201c und Mitgr\u00fcnderin der Xanthippen, wird, wie in den vergangenen 28 Jahren, sowohl aus Neuerscheinungen der Frankfurter Buchmesse 2019 als auch aus ihren pers\u00f6nlichen Lieblingsb\u00fcchern lesen. Zudem wird der Weltladen an diesem Abend Tee ausschenken und ein kleines Sortiment vorweihnachtlicher Leckereien und Besonderheiten aus fairem Handel aus aller Welt zum Verkauf anbieten. Der B\u00fccherherbst findet am 18.11.2019 um 20:00 Uhr in der Gemeindeb\u00fccherei Ha\u00dfloch statt. Der Eintritt ist frei.<\/p>\n\n\n\n<h4 class=\"wp-block-heading\">Donnerstag, 21.11.2019: Vortrag \u201eLiebe, das besondere Gef\u00fchl\u2026 mehr als Biochemie?<\/h4>\n\n\n\n<p>Dr. Monika Eckstein ist Diplompsychologin und wissenschaftliche Mitarbeiterin am Institut f\u00fcr medizinische Psychologie Heidelberg. In ihrer wissenschaftlichen Arbeit verbindet sie neurowissenschaftliche mit psychologischen Erkenntnissen. Die Neurowissenschaft geht davon aus, dass bei verliebten Menschen der K\u00f6rper einfach verr\u00fccktspielt. Verantwortlich daf\u00fcr seien tausende von Molek\u00fclen, Hormonen und Botenstoffen. Bei l\u00e4ngeren Beziehungen \u00e4ndere sich das Verliebtsein in ein Gef\u00fchl der Verbundenheit, der W\u00e4rme und der Zusammengeh\u00f6rigkeit. Die Psychologie sieht die Liebe eher auf der emotionalen Ebene. Der Vortrag findet am 21.11.2019 um 20:00 Uhr im Jugend- und Kulturhaus Blaub\u00e4r statt. Der Eintrittspreis betr\u00e4gt 8 Euro; Karten gibt es im Vorverkauf in der Gemeindeb\u00fccherei, bei der Beratungsstelle f\u00fcr Alleinerziehende und Frauen sowie im Jugend- und Kulturhaus Blaub\u00e4r.<\/p>\n\n\n\n<h4 class=\"wp-block-heading\">Freitag, 22.11.2019: Konzert \u201eLiebe, die Leiden schafft\u201c<\/h4>\n\n\n\n<p>Menna Mulugeta wuchs in Weiler bei Bingen auf, hat aber \u00e4thiopische Wurzeln. Sie ist Popund Souls\u00e4ngerin und schaffte es im Jahr 2012 im Team \u201eNena\u201c bei \u201eThe Voice of Germany\u201c unter die Top 16 der Show. Ihr Konzert in Ha\u00dfloch steht unter dem Titel \u201eLiebe, die Leiden schafft\u201c und f\u00fcgt sich damit wunderbar in das Motto der diesj\u00e4hrigen Frauenkulturtage \u201eLiebe \u2013 das besondere Gef\u00fchl\u201c ein. Inspiriert durch Lebensgeschichten und Karrieren von gro\u00dfartigen S\u00e4ngerinnen wie Tina Turner, Whitney Houston, Rihanna und Amy Winehouse hat Menna Mulugeta ihre musikalische Heimat in der Pop- Rock-Soul-Musik gefunden. Sie wird verschiedene Songs dieser Musikgr\u00f6\u00dfen auf der B\u00fchne vortragen und auch die Hintergr\u00fcnde zu den einzelnen S\u00e4ngerinnen beleuchten. Begleitet wird sie dabei durch den  promovierten Komponisten, Pianisten und Harfenisten Gernot Blume. Das Konzert findet am 22.11.2019 um 20:00 Uhr im Kulturviereck statt. Der Eintrittspreis betr\u00e4gt 12 Euro; Karten gibt es im Vorverkauf in der Gemeindeb\u00fccherei, bei der Beratungsstelle f\u00fcr Alleinerziehende und Frauen sowie im Jugend- und Kulturhaus Blaub\u00e4r.<\/p>\n\n\n\n<p><em>Gemeindeverwaltung Ha\u00dfloch<br>18.11.2019<\/em><\/p>\n\n\n\n<h2 class=\"wp-block-heading\">Ha\u00dfloch zeigt Flagge zum \u201eTag gegen Gewalt an Frauen\u201c<\/h2>\n\n\n\n<p>Am <strong>25.11.2019<\/strong> ist weltweit der \u201eTag gegen Gewalt an Frauen\u201c und in vielen St\u00e4dten und Gemeinden finden wieder Aktionen statt, die auf dieses Thema aufmerksam und die immer noch, auch in unseren Gesellschaftsstrukturen, stattfindende allt\u00e4gliche Gewalt gegen Frauen sichtbar machen wollen. Rund um den 25. November setzt TERRE DES FEMMES daher mit der Fahne \u201eFrei leben \u2013 ohne Gewalt\u201c ein weithin sichtbares Zeichen gegen t\u00e4gliche Gewalt an M\u00e4dchen und Frauen. Auch am Ha\u00dflocher Rathaus wird die Fahne gehisst, um gemeinsam mit zahlreichen anderen St\u00e4dten, Landkreisen und Gemeinden bundesweit ein Zeichen zu setzen. <\/p>\n\n\n\n<p>Die ehrenamtliche Gleichstellungsbeauftragte der Gemeinde, Christine Steinmetz, m\u00f6chte am Morgen des 25. Novembers gemeinsam mit Vertretern aus Verwaltung und Politik die Fahne am Ha\u00dflocher Rathaus hissen und wird anschlie\u00dfend mit einem Infostand auf dem Rathausplatz vertreten sein. An dem Stand m\u00f6chte sie zwischen 08:00 und 13:00 Uhr auf das deutschlandweit agierende Hilfetelefon aufmerksam machen, das rund um die Uhr als eine m\u00f6gliche Anlaufstelle f\u00fcr Frauen, die von Gewalt betroffen sind, erreichbar ist. \u201eLeider wissen immer noch viel zu wenige Frauen und M\u00e4dchen, an wen sie sich bei h\u00e4uslicher Gewalt wenden k\u00f6nnen\u201c, so die ehrenamtliche Gleichstellungsbeauftragte. Daher ist es ihr ein Anliegen auf das Hilfetelefon (erreichbar unter 08000 116016) sowie wie weitere Angebote aufmerksam zu machen.<\/p>\n\n\n\n<p>Der \u201eTag gegen Gewalt an Frauen\u201c geht zur\u00fcck auf die Ermordung der drei Schwestern Mirabal, die am 25. November 1960 in der Dominikanischen Republik vom milit\u00e4rischen Geheimdienst nach monatelanger Folter get\u00f6tet wurden. Sie waren im Untergrund t\u00e4tig und hatten sich an Aktivit\u00e4ten gegen den tyrannischen Diktator Trujillo beteiligt. Der Mut der Mirabal-Schwestern bei ihrem Kampf gegen den Tyrannen gilt inzwischen als Symbol f\u00fcr Frauen weltweit, die n\u00f6tige Kraft f\u00fcr das Eintreten gegen jegliches Unrecht zu entwickeln. 1981 wurde der 25. November ein internationaler Gedenktag: Auf einem Treffen lateinamerikanischer und karibischer Feministinnen in Bogot\u00e1 in Kolumbien w\u00fcrdigten die Teilnehmerinnen diese Frauen und riefen das Todesdatum der drei Frauen zum Gedenktag f\u00fcr die Opfer von Gewalt an Frauen und M\u00e4dchen aus. Seit 1999 ist der 25. November auch von den Vereinten Nationen als offizieller internationaler Gedenktag anerkannt. <\/p>\n\n\n\n<p><em>Gemeindeverwaltung Ha\u00dfloch<br>18.11.2019<\/em><\/p>\n\n\n\n<h2 class=\"wp-block-heading\">Schmuckreisig beim Forstzweckverband<\/h2>\n\n\n\n<p>Der Forstzweckverband Ha\u00dfloch\/B\u00f6hl-Iggelheim\/Gommersheim bietet auch in diesem Jahr zur Adventszeit ein breites Angebot an frischem Tannengr\u00fcn. An zwei <strong>Donnerstagen, 21. und 28. November 2019<\/strong>, findet der Verkauf in der Zeit von jeweils 08:00 bis 17:00 Uhr im Wei\u00dfdornweg 2 in Ha\u00dfloch statt. Neben dem Angebot an Tannengr\u00fcn verschiedener Baumarten k\u00f6nnen auch Holzprodukte wie Holzsterne, Holzschalen, Holzs\u00e4ulen in allen Gr\u00f6\u00dfen und vieles mehr gekauft werden. <\/p>\n\n\n\n<p><em>Gemeindeverwaltung Ha\u00dfloch<br>18.11.2019<\/em><\/p>\n\n\n\n<h2 class=\"wp-block-heading\">Ha\u00dflocher Jahnplatz seit Freitag gesperrt<\/h2>\n\n\n\n<p>Am Freitag, 15.11.2019, fand der gro\u00dfe Sankt-Martins-Umzug der kommunalen Kindertagesst\u00e4tten statt. Der Umzug f\u00fchrt vom Pfalz- zum Jahnplatz und endet dort mit einem B\u00fchnenprogramm und Ausschank. \u00dcber die Kindertagesst\u00e4tten haben sich bisher rund 450 Personen f\u00fcr die Teilnahme am Umzug angemeldet. F\u00fcr einen reibungslosen Aufbau und eine problemlose Durchf\u00fchrung wird der Jahnplatz daher bereits ab Freitagmittag um 12:00 Uhr f\u00fcr den Verkehr gesperrt.  <\/p>\n\n\n\n<p>Am Montag, 18.11.2019, beginnen die Aufbauarbeiten f\u00fcr den \u201eWeihnachtsmarkt der 1000 Lichter\u201c. Daher wird nach Ende des Sankt-Martins-Umzuges die Sperrung des Jahnplatzes aufrecht erhalten bleiben.<\/p>\n\n\n\n<p>Der Ha\u00dflocher Weihnachtsmarkt er\u00f6ffnet dann am 29. November 2019 und wird an allen vier Adventswochenenden von freitags bis sonntags die Besucherinnen und Besucher in eine weihnachtliche Stimmung versetzen. Die Verkehrsfreigabe des Jahnplatzes erfolgt dann nach dem vollst\u00e4ndigen Abbau des Weihnachtsmarktes Anfang Januar 2020. <\/p>\n\n\n\n<p><em>Gemeindeverwaltung Ha\u00dfloch<br>18.11.2019<\/em><\/p>\n\n\n\n<h2 class=\"wp-block-heading\">Letztes Tauschb\u00f6rsentreffen in diesem Jahr<\/h2>\n\n\n\n<p>Das n\u00e4chste und gleichzeitig letzte Tauschb\u00f6rsentreffen in diesem Jahr findet am <strong>Donnerstag, 28.11.2019<\/strong> um 18:30 Uhr im Theodor-Friedrich-Haus in Ha\u00dfloch statt. Dieser Abend wird aber nicht wie die klassischen Tauschb\u00f6rsentreffen ablaufen, sondern soll ein Abend f\u00fcr Mitglieder und Unterst\u00fctzer der Tauschb\u00f6rse werden, an dem man das Tauschb\u00f6rsenjahr 2019 im Rahmen einer kleinen Weihnachtsfeier ausklingen l\u00e4sst. Im Januar 2020 gehen die Tauschb\u00f6rsentreffen dann in gewohnter Form weiter. <\/p>\n\n\n\n<p>Fragen zur Tauschb\u00f6rse beantworten Renate K\u00e4b, Telefon 06324\/4965 und Nadja Wittmann, Telefon 06324\/9369952. <\/p>\n\n\n\n<p><em>Gemeindeverwaltung Ha\u00dfloch<br>18.11.2019<\/em><\/p>\n\n\n\n<h2 class=\"wp-block-heading\">Runder Tisch des Kriminalpr\u00e4ventiven Rates \u2013 Einladung an B\u00fcrgerinnen und B\u00fcrger<\/h2>\n\n\n\n<p>Die Gemeindeverwaltung Ha\u00dfloch und die Polizeiinspektion Ha\u00dfloch laden alle interessierten B\u00fcrgerinnen und B\u00fcrger am <strong>28. November 2019<\/strong> um 19:00 Uhr zum Runden Tisch des Kriminalpr\u00e4ventiven Rates in den Versammlungsraum im Feuerwehrger\u00e4tehaus (Schillerstra\u00dfe 13b in Ha\u00dfloch) ein. Vor dem Hintergrund vermehrter Betrugsanrufe in j\u00fcngster Vergangenheit, bei denen Betr\u00fcger falsche Gewinnversprechen t\u00e4tigten oder sich gar als Notare, Anw\u00e4lte oder Polizisten ausgaben, m\u00f6chte der Runde Tisch das Thema aufgreifen und entsprechend sensibilisieren. Dazu wurde Rayk Schomburg von der Zentralen Pr\u00e4vention, Sachbereich 15, des Polizeipr\u00e4sidiums Rheinpfalz in Ludwigshafen eingeladen. Er wird in seinem Vortrag die Themenfelder \u201eEnkeltrick\u201c, \u201eFalscher Polizist am Telefon\u201c sowie weitere Betrugsmaschen beleuchten. Dar\u00fcber hinaus wird der stellenvertretende Leiter der Ha\u00dflocher Polizeiinspektion, Manfred Husch, einen Blick auf die Kriminalit\u00e4tsstatistik sowie Matthias Schramm einen Blick auf die Verkehrs- und Unfallstatistik in Ha\u00dfloch werfen. Im Anschluss sind au\u00dferdem Fragen an die jeweiligen Referenten m\u00f6glich.<\/p>\n\n\n\n<p>Der Kriminalpr\u00e4ventive Rat in Ha\u00dfloch setzt sich aus Vertretern der Ordnungsverwaltung sowie der Polizeiinspektion Ha\u00dfloch zusammen. Einmal im Quartal kommt man zu internen Dienstbesprechungen zusammen, um aktuelle Themen, Aufgaben, Probleme und Anliegen zu besprechen. In der Arbeit von Ordnungsamt und Polizei gibt es an vielen Stellen Ber\u00fchrungsund Schnittpunkte. \u201eEin regelm\u00e4\u00dfiger Austausch ist f\u00fcr eine gute Zusammenarbeit daher von gro\u00dfer Bedeutung und unerl\u00e4sslich\u201c, sind sich der Erste Beigeordnete Tobias Meyer und der Leiter der Ha\u00dflocher Polizeiinspektion, Wolfgang Brunke, einig.<\/p>\n\n\n\n<p>Unabh\u00e4ngig von den quartalsweisen Dienstbesprechungen hat es sich der Kriminalpr\u00e4ventive Rat zur Aufgabe gemacht, bei Runden Tischen \u00fcber verschiedene Themen zu informieren und in den Dialog mit den B\u00fcrgerinnen und B\u00fcrgern zu treten. Zuletzt fand eine solche Sitzung im November 2018 statt. Damals stand das Thema \u201eAlkohol im Stra\u00dfenverkehr\u201c im Mittelpunkt, ebenso hatte sich die Opferschutzorganisation Wei\u00dfer Ring vorgestellt. Auch Themen wie \u201eKaffeefahrten\u201c und \u201eDie untersch\u00e4tzte Gefahr von Legal Highs\u201c waren bei vergangenen Veranstaltungen bereits Thema. F\u00fcr die Sitzung am 28. November 2019 l\u00e4dt man herzlich ein und hofft auf reges Interesse. <\/p>\n\n\n\n<p><em>Gemeindeverwaltung Ha\u00dfloch<br>18.11.2019<\/em><\/p>\n\n\n\n<h2 class=\"wp-block-heading\">Einwohnerversammlung der Gemeinde Ha\u00dfloch<\/h2>\n\n\n\n<p>Die Ha\u00dflocher Gemeindeverwaltung l\u00e4dt alle interessierten B\u00fcrgerinnen und B\u00fcrger zur Einwohnerversammlung am <strong>Dienstag, den 03. Dezember<\/strong> 2019 ein. Veranstaltungsort ist das Kulturviereck in der Gillergasse 14. Beginn der Einwohnerversammlung ist um 19:00 Uhr.<\/p>\n\n\n\n<p>Die Veranstaltung ist in zwei Teile gegliedert. Zun\u00e4chst wird die Verwaltungsspitze (B\u00fcrgermeister und Beigeordnete) einen kurzen Sachstandsbericht zu aktuellen Themen pr\u00e4sentieren. Den gr\u00f6\u00dferen Part soll allerdings der zweite Teil der Einwohnerversammlung einnehmen. Hier haben B\u00fcrgerinnen und B\u00fcrger die M\u00f6glichkeit, Fragen und Anregungen an den B\u00fcrgermeister und die Beigeordneten zu richten.<\/p>\n\n\n\n<p><em>Gemeindeverwaltung Ha\u00dfloch<br>18.11.2019<\/em><\/p>\n\n\n\n<h2 class=\"wp-block-heading\">Vorweihnachtliche Angebote im Jugend- und Kulturhaus Blaub\u00e4r<\/h2>\n\n\n\n<div class=\"wp-block-image\"><figure class=\"aligncenter\"><img decoding=\"async\" loading=\"lazy\" width=\"330\" height=\"139\" src=\"https:\/\/speyer24news.com\/wp-content\/uploads\/2019\/11\/Blaub\u00e4r-Ha\u00dfloch-Logo.png\" alt=\"\" class=\"wp-image-22060\" srcset=\"https:\/\/speyer24news.com\/wp-content\/uploads\/2019\/11\/Blaub\u00e4r-Ha\u00dfloch-Logo.png 330w, https:\/\/speyer24news.com\/wp-content\/uploads\/2019\/11\/Blaub\u00e4r-Ha\u00dfloch-Logo-300x126.png 300w\" sizes=\"(max-width: 330px) 100vw, 330px\" \/><\/figure><\/div>\n\n\n\n<p>Zum Start in die Adventszeit bietet das Ha\u00dflocher Jugend- und Kulturhaus Blaub\u00e4r am Rathausplatz 5 in Ha\u00dfloch zwei vorweihnachtliche Veranstaltungen an:<\/p>\n\n\n\n<h3 class=\"wp-block-heading\">Familienadventsfeier am 28. November<\/h3>\n\n\n\n<p>Die Gemeinde, das Jugend- und Kulturhaus Blaub\u00e4r sowie die B\u00fccherei laden am Donnerstag, den 28. November 2019 zwischen 15:00 und 18:00 Uhr zu einer Familienadventsfeier in die R\u00e4umlichkeiten des Blaub\u00e4rs am Rathausplatz 5 ein. Im Rahmen der Adventsfeier zeigt das Artisjok-Theater aus Schweigen-Rechtenbach eine vorweihnachtliche Theatercollage mit dem Titel \u201eVorfreude, sch\u00f6nste Freude\u201c. In dem St\u00fcck f\u00fcr Kinder ab 4 Jahren geht es um Hosianna Eckstr\u00f6m, die in einer Spielzeugfabrik arbeitet und sich dort um die Wunschzettel der Kinder k\u00fcmmert. Der Wunsch eines M\u00e4dchens namens Emma ist besonders ungew\u00f6hnlich, denn sie w\u00fcnscht sich einen Adventskalender, den es noch nie gegeben hat. Hosianna nimmt die Herausforderung an und hat viele Ideen und \u00dcberraschungen im Gep\u00e4ck. <\/p>\n\n\n\n<p>Das Theaterst\u00fcck beginnt am 28. November um 16:30 Uhr. Bereits ab 15:00 Uhr sind die R\u00e4umlichkeiten des Blaub\u00e4rs zu den gewohnten Mini-Club-Zeiten ge\u00f6ffnet. Das Blaub\u00e4rCaf\u00e9 l\u00e4dt mit Punsch und Geb\u00e4ck zum gem\u00fctlichen Beisammensein ein. Der Eintritt zur Familienadventsfeier kostet f\u00fcr Erwachsene 3 Euro, f\u00fcr Kinder 2 Euro. Karten sind ab dem 15. November in der Gemeindeb\u00fccherei erh\u00e4ltlich.<\/p>\n\n\n\n<h3 class=\"wp-block-heading\">Kreativer Adventsmarkt am 30. November<\/h3>\n\n\n\n<p>Der kreative Adventsmarkt im Jugend- und Kulturhaus Blaub\u00e4r hat inzwischen Tradition und findet in diesem Jahr am Samstag, den 30. November 2019 zwischen 12:00 und 16:00 Uhr statt. An dem Tag wird in den R\u00e4umlichkeiten des Blaub\u00e4rs gehandwerkelt und gebastelt. Mit Holz, Papier, Ton, Perlen, Tannengr\u00fcn und vielem mehr werden Adventskr\u00e4nze gebunden, individuelle Weihnachtsdekoration gestaltet, Geb\u00e4ckmischungen f\u00fcr die Adventszeit abgef\u00fcllt und kleine Geschenke angefertigt. Der Kreativit\u00e4t sind dabei keine Grenzen gesetzt. Das Angebot richtet sich an Menschen jeden Alters, weshalb der Blaub\u00e4r die Altersgrenze von 10 bis 99 Jahren beziffert hat. Jeder, der Spa\u00df an der Bastelei hat, kann vorbeikommen und seine Werke am Ende mit nach Hause nehmen. <\/p>\n\n\n\n<p>Der Eintritt zum kreativen Adventsmarkt kostet 1,50 Euro. Vor Ort kann man sich ganz ungezwungen umschauen und bei Interesse spontan f\u00fcr ein Bastelangebot entscheiden. Die Materialkosten werden dann je nach Verbrauch individuell berechnet. Zu beachten ist, dass f\u00fcr das Binden der Adventskr\u00e4nze eine Anmeldung beim Blaub\u00e4r erforderlich ist. F\u00fcr alle anderen Angebote besteht keine Anmeldepflicht. Diese k\u00f6nnen nach Lust und Laune ausprobiert werden. W\u00e4hrend des Adventsmarktes hat auch das Blaub\u00e4r-Caf\u00e9 ge\u00f6ffnet und bietet neben Geb\u00e4ck und Kaffee auch herzhafte Snacks zum Erhalt der kreativen Kr\u00e4fte an.<\/p>\n\n\n\n<p>Weitere Informationen rund um den kreativen Adventsmarkt gibt es im Blaub\u00e4r unter 06324- 935460 sowie per Mail an <a href=\"blaubaer@hassloch.de\">blaubaer@hassloch.de<\/a>. \u00dcber diese Kontaktdaten ist auch eine Anmeldung f\u00fcr das Binden der Adventskr\u00e4nze m\u00f6glich. <\/p>\n\n\n\n<p><em>Gemeindeverwaltung Ha\u00dfloch<br>18.11.2019<\/em><\/p>\n\n\n\n<h2 class=\"wp-block-heading\">Kunst im Treppenhaus: \u201eFarbenfrohe Inspirationen in Acryl\u201c von Eleonore Emmert<\/h2>\n\n\n\n<div class=\"wp-block-image\"><figure class=\"aligncenter\"><img decoding=\"async\" loading=\"lazy\" width=\"500\" height=\"492\" src=\"https:\/\/speyer24news.com\/wp-content\/uploads\/2019\/11\/Bild-Eleonore-Emmert-01.jpg\" alt=\"\" class=\"wp-image-22058\" srcset=\"https:\/\/speyer24news.com\/wp-content\/uploads\/2019\/11\/Bild-Eleonore-Emmert-01.jpg 500w, https:\/\/speyer24news.com\/wp-content\/uploads\/2019\/11\/Bild-Eleonore-Emmert-01-300x295.jpg 300w\" sizes=\"(max-width: 500px) 100vw, 500px\" \/><\/figure><\/div>\n\n\n\n<p>Premiere f\u00fcr Eleonore Emmert bei \u201eKunst im Treppenhaus\u201c: Bis Ende Dezember zeigt die pensionierte Verwaltungsangestellte und Hobbyk\u00fcnstlerin Eleonore Emmert \u201eFarbenfrohe Inspirationen in Acryl\u201c. Es ist ihre erste Ausstellung im Rahmen der Reihe \u201eKunst im Treppenhaus\u201c in der Ha\u00dflocher Gemeindeb\u00fccherei, die zu den \u00fcblichen \u00d6ffnungszeiten der B\u00fccherei besichtigt werden kann.<\/p>\n\n\n\n<p>Eleonore Emmert ist in Neustadt geboren, lebt aber seit 1973 in Ha\u00dfloch. Hauptberuflich war sie \u00fcber 40 Jahre als Verwaltungsangestellte bei der Polizei Bad D\u00fcrkheim und Ha\u00dfloch besch\u00e4ftigt. Die Malerei ist seit Jahren ein Hobby. Zun\u00e4chst nahm sie selbstst\u00e4ndig Pinsel und Farbe in die Hand und hat Leinw\u00e4nde bearbeitet. \u201eIch hatte stets nach den passenden Bildern zu meiner Bettw\u00e4sche gesucht, aber selten entsprechende Motive gefunden. Daher habe ich selbst zum Pinsel gegriffen\u201c, erz\u00e4hlt Eleonore Emmert im Gespr\u00e4ch mit dem Ersten Beigeordneten Tobias Meyer, der sie recht herzlich bei \u201eKunst im Treppenhaus\u201c begr\u00fc\u00dft hat.<\/p>\n\n\n\n<div class=\"wp-block-image\"><figure class=\"aligncenter\"><img decoding=\"async\" loading=\"lazy\" width=\"800\" height=\"558\" src=\"https:\/\/speyer24news.com\/wp-content\/uploads\/2019\/11\/Bild-Eleonore-Emmert-02.jpg\" alt=\"\" class=\"wp-image-22059\" srcset=\"https:\/\/speyer24news.com\/wp-content\/uploads\/2019\/11\/Bild-Eleonore-Emmert-02.jpg 800w, https:\/\/speyer24news.com\/wp-content\/uploads\/2019\/11\/Bild-Eleonore-Emmert-02-300x209.jpg 300w, https:\/\/speyer24news.com\/wp-content\/uploads\/2019\/11\/Bild-Eleonore-Emmert-02-768x536.jpg 768w\" sizes=\"(max-width: 800px) 100vw, 800px\" \/><\/figure><\/div>\n\n\n\n<p>In der Volkshochschule Ha\u00dfloch verfeinerte Eleonore Emmert ihr K\u00f6nnen und erfuhr n\u00e4here Einzelheiten \u00fcber die Techniken der Acrylmalerei. Sie besuchte im Laufe der Zeit weitere Malkurse, die sie inspirierten, immer wieder Neues auszuprobieren. Durch ihren Verwaltungsberuf bei der Polizei bekam sie zudem die Gelegenheit, ihre Bilder im Polizeipr\u00e4sidium Ludwigshafen sowie in der Salierhalle Bad D\u00fcrkheim auszustellen.<\/p>\n\n\n\n<p>Nun ist sie Teil der Reihe \u201eKunst im Treppenhaus\u201c. B\u00fcchereileiterin Gabi Pfadt und der Erste Beigeordnete Tobias Meyer freuen sich, dass die Bilder von Eleonore Emmert das Treppenhaus der B\u00fccherei im November und Dezember schm\u00fccken. \u201eJede Ausstellung hat ihren ganz eigenen Charme und setzt im Treppenhaus immer wieder neue Akzente\u201c, so Tobias Meyer als zust\u00e4ndiger Dezernent. Daher sei die Reihe seit Jahren eine Bereicherung f\u00fcr beide Seiten: K\u00fcnstlerinnen und K\u00fcnstler bekommen die M\u00f6glichkeit, Ihre Werke zu pr\u00e4sentieren. Gleichzeitig erf\u00e4hrt das Treppenhaus der B\u00fccherei eine optische Aufwertung.<\/p>\n\n\n\n<p><em>Gemeindeverwaltung Ha\u00dfloch<br>18.11.2019<\/em><\/p>\n\n\n\n<h2 class=\"wp-block-heading\">Aufstellung der Fundsachen im Oktober 2019<\/h2>\n\n\n\n<p>Im Monat Oktober 2019 wurden nachstehende Fundsachen im Fundb\u00fcro der Gemeinde Ha\u00dfloch (B\u00fcrgerb\u00fcro, Langgasse 64) abgegeben:<\/p>\n\n\n\n<h4 class=\"wp-block-heading\">Fahrr\u00e4der:<\/h4>\n\n\n\n<ul><li>Ein Damenrad der Marke \u201eKettler\u201c<\/li><li>Ein Damenrad der Marke \u201eHercules\u201c<\/li><li>Ein Damenrad der Marke \u201eRiverside\u201c<\/li><li>Ein Herrenrad der Marke \u201eCannondale\u201c<\/li><li>Ein Herrenrad der Marke \u201ePeugot\u201c<\/li><\/ul>\n\n\n\n<h4 class=\"wp-block-heading\">Weitere Fundsachen:<\/h4>\n\n\n\n<ul><li>Ein Rucksack der Marke Fila mit Inhalt<\/li><li>Ein Rollator<\/li><li>Ein blauer Geldbeutel<\/li><li>Zwei K\u00fcchenmesser<\/li><\/ul>\n\n\n\n<p>Bei Fragen zu den Fundsachen k\u00f6nnen sich B\u00fcrgerinnen und B\u00fcrger an das B\u00fcrgerb\u00fcro in der Langgasse 64 wenden. Dieses ist zu den \u00fcblichen \u00d6ffnungszeiten unter der Telefonnummer 06324\/935-200 erreichbar.<\/p>\n\n\n\n<p><em>Gemeindeverwaltung Ha\u00dfloch \/ Fundb\u00fcro<br>18.11.2019<\/em><\/p>\n","protected":false},"excerpt":{"rendered":"<div class=\"mh-excerpt\"><p>Halbzeit bei den Ha\u00dflocher Frauenkulturtagen Unter dem Leitthema \u201eLiebe \u2013 das besondere Gef\u00fchl\u201c sind am 09. November die Ha\u00dflocher Frauenkulturtage gestartet. Drei Veranstaltungen haben inzwischen stattgefunden, drei weitere Termine stehen noch aus und freuen sich <a class=\"mh-excerpt-more\" href=\"https:\/\/speyer24news.com\/?p=22054\" title=\"Ha\u00dfloch\">[&#8230;]<\/a><\/p>\n<\/div>","protected":false},"author":3,"featured_media":22061,"comment_status":"open","ping_status":"open","sticky":false,"template":"","format":"standard","meta":{"_monsterinsights_skip_tracking":false,"_monsterinsights_sitenote_active":false,"_monsterinsights_sitenote_note":"","_monsterinsights_sitenote_category":0,"footnotes":""},"categories":[235],"tags":[4091,4475,4478,4472,4479,180,4473,4255,4476,3039,4477,4470,4474,4471],"aioseo_notices":[],"amp_enabled":true,"_links":{"self":[{"href":"https:\/\/speyer24news.com\/index.php?rest_route=\/wp\/v2\/posts\/22054"}],"collection":[{"href":"https:\/\/speyer24news.com\/index.php?rest_route=\/wp\/v2\/posts"}],"about":[{"href":"https:\/\/speyer24news.com\/index.php?rest_route=\/wp\/v2\/types\/post"}],"author":[{"embeddable":true,"href":"https:\/\/speyer24news.com\/index.php?rest_route=\/wp\/v2\/users\/3"}],"replies":[{"embeddable":true,"href":"https:\/\/speyer24news.com\/index.php?rest_route=%2Fwp%2Fv2%2Fcomments&post=22054"}],"version-history":[{"count":2,"href":"https:\/\/speyer24news.com\/index.php?rest_route=\/wp\/v2\/posts\/22054\/revisions"}],"predecessor-version":[{"id":22062,"href":"https:\/\/speyer24news.com\/index.php?rest_route=\/wp\/v2\/posts\/22054\/revisions\/22062"}],"wp:featuredmedia":[{"embeddable":true,"href":"https:\/\/speyer24news.com\/index.php?rest_route=\/wp\/v2\/media\/22061"}],"wp:attachment":[{"href":"https:\/\/speyer24news.com\/index.php?rest_route=%2Fwp%2Fv2%2Fmedia&parent=22054"}],"wp:term":[{"taxonomy":"category","embeddable":true,"href":"https:\/\/speyer24news.com\/index.php?rest_route=%2Fwp%2Fv2%2Fcategories&post=22054"},{"taxonomy":"post_tag","embeddable":true,"href":"https:\/\/speyer24news.com\/index.php?rest_route=%2Fwp%2Fv2%2Ftags&post=22054"}],"curies":[{"name":"wp","href":"https:\/\/api.w.org\/{rel}","templated":true}]}}