{"id":22066,"date":"2019-11-19T07:59:00","date_gmt":"2019-11-19T06:59:00","guid":{"rendered":"https:\/\/speyer24news.com\/?p=22066"},"modified":"2019-11-19T07:59:32","modified_gmt":"2019-11-19T06:59:32","slug":"polizei-126","status":"publish","type":"post","link":"https:\/\/speyer24news.com\/?p=22066","title":{"rendered":"Polizei"},"content":{"rendered":"<style type=\"text\/css\">\r\n\t.ads_top_disp{}\r\n\t.ads_top_corner_disp{ float:left; margin:0px 10px 10px 0px; }\r\n\t.ads_first_p_disp{}\r\n\t.ads_bottom_disp{}\r\n\t<\/style>\n<h2 class=\"wp-block-heading\">Polizeimeldungen vom Montag (18.11.2019)<\/h2>\n\n\n\n<div class=\"wp-block-image\"><figure class=\"aligncenter\"><img decoding=\"async\" src=\"https:\/\/speyer24news.com\/wp-content\/uploads\/2019\/11\/Aktuelles-Polizeilogo.jpg\" alt=\"\" class=\"wp-image-21845\"\/><\/figure><\/div>\n\n\n\n<h4 class=\"wp-block-heading\">(Speyer) &#8211; Gegen parkenden Pkw gefahren und gefl\u00fcchtet<\/h4>\n\n\n\n<p>Zu  einer Verkehrsunfallfluch kam es im Zeitraum 16.11 &#8211; 17.11.2019 auf  einem Parkplatz in der Landauer Stra\u00dfe, welcher sich hinter dem  Restaurant Korfu befindet. Ein unbekannter Verkehrsteilnehmer stie\u00df  vermutlich bei einem Parkman\u00f6ver gegen den Frontsto\u00dff\u00e4nger eines dort  parkenden Mercedes E200 mit Mannheimer Kennzeichen. An diesem entstand  ein Schaden von ca. 3000EUR. Wer sachdienliche Hinweise zu dem  Unfallverursacher \/ dessen Fahrzeug geben kann, wird gebeten, sich mit  der Polizei Speyer unter der Tel.-Nr. 06232-1370 oder per Mail an <a href=\"mailto:pispeyer@polizei.rlp.de\">pispeyer@polizei.rlp.de<\/a> in Verbindung zu setzen. <\/p>\n\n\n\n<h4 class=\"wp-block-heading\">(Otterstadt) &#8211; Beim Abbiegen entgegenkommendes Fahrzeug \u00fcbersehen<\/h4>\n\n\n\n<p>Zu  einem Verkehrsunfall zwischen einem Nissan Almera und einem Skoda Fabia  kam es am Sonntag gegen 12:00 Uhr in Otterstadt in der Karpfenstra\u00dfe.  Ein 83-J\u00e4hriger Otterst\u00e4dter wollte dabei mit seinem Nissan nach links  in die Zanderstra\u00dfe abbiegen. Hierbei \u00fcbersah er ein ihm auf der  Karpfenstra\u00dfe entgegenkommende 64-j\u00e4hrige Otterst\u00e4dterin in ihrem Skoda.  Im Einm\u00fcndungsbereich kam es zum Zusammensto\u00df der Fahrzeuge.  Gl\u00fccklicherweise entstand dabei lediglich Blechschaden in einer  Gesamth\u00f6he von ca. 8000EUR. Beide Fahrzeuge waren nach dem Unfall nicht  mehr fahrbereit und mussten abgeschleppt werden. <\/p>\n\n\n\n<h4 class=\"wp-block-heading\">(Germersheim) &#8211; Rettungshubschrauber im Einsatz<\/h4>\n\n\n\n<p>Wegen eines gest\u00fcrzten Zweiradfahrers kam es am Montagmorgen gegen  10.20 Uhr zu einem Rettungshubschraubereinsatz im Bereich der M\u00fcnchener  Stra\u00dfe. Der 34 &#8211; j\u00e4hrige Pedelec &#8211; Fahrer war in Richtung Mainzer Stra\u00dfe  unterwegs und in Folge nicht angepasster Geschwindigkeit gest\u00fcrzt. Es  handelte sich um einen sogenannten Alleinunfall. Durch den Sturz zog  sich der Fahrer Kopfverletzungen zu und wurde in eine Fachklinik  gebracht. Zum Unfallzeitpunkt trug der Pedelecfahrer keinen Schutzhelm. <\/p>\n\n\n\n<h4 class=\"wp-block-heading\">(Germersheim) &#8211; Raub in Schnellrestaurant<\/h4>\n\n\n\n<p>In den fr\u00fchen Morgenstunden des Montag, 18.11.2019, \u00fcberfielen  mindestens drei maskierte T\u00e4ter ein Schnellrestaurant in der M\u00fcnchener  Stra\u00dfe in Germersheim. Kurz nach Schlie\u00dfung des Restaurants gegen 02:00  Uhr betraten drei T\u00e4ter das Schnellrestaurant und forderten unter  Vorhalt einer Waffe die noch im Lokal befindlichen Mitarbeiter auf,  Bargeld in noch unbekannter H\u00f6he auszuh\u00e4ndigen. Bei der Waffe d\u00fcrfte es  sich nach jetzigem Stand der Ermittlungen wahrscheinlich um eine  Schreckschusswaffe gehandelt haben. W\u00e4hrend der Tatausf\u00fchrung schlugen  die T\u00e4ter die Angestellten, um so ihrer Forderung Nachdruck zu  verleihen. <\/p>\n\n\n\n<p>Die Kriminalpolizei Landau hat die Ermittlungen \naufgenommen und fragt, wer insbesondere zwischen 01:30 Uhr und 02:30 Uhr\n verd\u00e4chtige Wahrnehmungen im Bereich des Restaurants und der \nangrenzenden Tankstelle machte. <\/p>\n\n\n\n<p>Hinweise nimmt die Kriminalinspektion Landau unter 06341-2870 oder <a href=\"mailto:kilandau@polizei.rlp.de\">kilandau@polizei.rlp.de<\/a> entgegen. <\/p>\n\n\n\n<h4 class=\"wp-block-heading\">(Germersheim) &#8211; Geldbeutel aus Fahrzeug gestohlen<\/h4>\n\n\n\n<p>Bargeld und Dokumente wurden am Sonntag in der Zeit zwischen 3 und 14  Uhr aus einem geparkten Fahrzeug im Bereich der  Freiherr-vom-Stein-Stra\u00dfe gestohlen. Bislang ist unklar wie der T\u00e4ter in  das Fahrzeug gelangte. Zeugenhinweise nimmt die Polizeiinspektion  Germersheim telefonisch unter 07274\/9580 oder per Mail an <a href=\"mailto:pigermersheim@polizei.rlp.de\">pigermersheim@polizei.rlp.de<\/a> <\/p>\n\n\n\n<h4 class=\"wp-block-heading\">(Germersheim) &#8211; Betrunken in Zelle gelandet<\/h4>\n\n\n\n<p>Zu einem Polizeieinsatz kam es am Sonntagmorgen gegen 5 Uhr im Bereich  einer Tankstelle in der Hafenstra\u00dfe. Zwei betrunkene M\u00e4nner hielten sich  auf dem dortigen Gel\u00e4nde auf und befolgten nicht die Anweisungen des  Tankstellenmitarbeiters. Auch die hinzugerufenen Polizeibeamten konnten  die M\u00e4nner zun\u00e4chst nicht zum Verlassen des Gel\u00e4ndes bewegen, so dass  letztlich ein Mann in Gewahrsam genommen wurde. Dieser hatte bei einem  Atemalkoholtest ein Ergebnis von 2 Promille erzielt.  Daraufhin zeigte  sich der zweite Mann beeindruckt und verlie\u00df umgehend die \u00d6rtlichkeit. <\/p>\n\n\n\n<h4 class=\"wp-block-heading\">(Bellheim) &#8211; Ladendiebe ertappt<\/h4>\n\n\n\n<p>Lebensmittel im Wert von 150 EUR wollten am Samstagmittag gegen 16.35  Uhr ein Mann und eine Frau aus einem Einkaufsmarkt in Bellheim stehlen.  Die T\u00e4ter hatten die Ware in einer mitgef\u00fchrten Tasche und in den  Kleidern deponiert, waren jedoch von einer Mitarbeiterin bei der  Tatausf\u00fchrung ertappt worden. Ein Ermittlungsverfahren wegen Diebstahl  wurde eingeleitet. <\/p>\n\n\n\n<h4 class=\"wp-block-heading\">(Hatzenb\u00fchl) &#8211; Wiese verw\u00fcstet<\/h4>\n\n\n\n<p>In der Nacht zum Donnerstag, dem 14.11.2019, befuhren Unbekannte mit  einem Auto eine direkt rechts neben dem Radweg von Hatzenb\u00fchl in  Fahrtrichtung Kandel\/Leistenm\u00fchle gelegene Wiese und zerw\u00fchlten sie  durch mehrere Fahrman\u00f6ver.<\/p>\n\n\n\n<h4 class=\"wp-block-heading\">(Kandel) &#8211; Betrunkener Radfahrer fl\u00fcchtet<\/h4>\n\n\n\n<p>Am Samstag, dem 16.11.2019, um 12.40 Uhr, wurde von einer  Polizeistreife in der Stra\u00dfe im Apfelgarten ein offensichtlich  betrunkener Radfahrer festgestellt, der einer Kontrolle unterzogen  werden sollte. Er versuchte zu fl\u00fcchten, konnte allerdings nach kurzer  Verfolgung gestoppt werden. Ein Alkoholtest bei dem 37-j\u00e4hrigen Mann  ergab einen Wert von 2,02 Promille, weshalb ihm eine Blutprobe entnommen  wurde. Er wird wegen Trunkenheit im Verkehr angezeigt. <\/p>\n\n\n\n<h4 class=\"wp-block-heading\">(Winden) &#8211; Diebstahl aus Lagerhalle<\/h4>\n\n\n\n<p>Im Zeitraum vom 26.10.2019 bis zum 16.11.2019 drangen unbekannte T\u00e4ter  in eine unverschlossene Lagerhalle in der Raiffeisenstra\u00dfe ein und  entwendeten aus einem Pritschenwagen mehrere akkubetriebene  Arbeitsmaschinen. Der Wert des Diebesgutes betr\u00e4gt \u00fcber 1000 Euro. <\/p>\n\n\n\n<h4 class=\"wp-block-heading\">(Neuburg) &#8211; Trafobrand<\/h4>\n\n\n\n<p>Am Sonntag, dem 17.11.2019, gegen 19.05 Uhr, geriet auf einem  Einfamilienhaus in der W\u00f6rthestra\u00dfe der Trafo einer Stromleitung in  Brand. Ein \u00dcbergreifen des Feuers auf das Wohngeb\u00e4ude konnte von der  Freiwilligen Feuerwehr Neuburg verhindert werden, so dass lediglich der  Trafo zerst\u00f6rt wurde. Die Feuerwehr war mit f\u00fcnf  Einsatzfahrzeugen und  20 Einsatzkr\u00e4ften vor Ort. <\/p>\n\n\n\n<h4 class=\"wp-block-heading\">(Bad Bergzabern) &#8211; Bankgeb\u00e4ude beschmiert<\/h4>\n\n\n\n<p>In der Nacht von Sonntag auf Montag, 17.\/18.11.19, wurde in der  Weinstra\u00dfe, das Geb\u00e4ude einer Bank Wand mit schwarzer Farbe beschmiert.  Hierbei entstand ein Sachschaden in H\u00f6he von 1000.- Euro. Hinweise zu  dem oder den T\u00e4tern nimmt die Polizei Bad Bergzabern unter 06343-93340  oder per E-Mail unter <a href=\"mailto:pibadbergzabern@polizei.rlp.de\">pibadbergzabern@polizei.rlp.de<\/a> entgegen. <\/p>\n\n\n\n<h4 class=\"wp-block-heading\">(Edenkoben) &#8211; Handys\u00fcnder und Gurtmuffel unterwegs<\/h4>\n\n\n\n<p>Innerhalb kurzer Zeit erwischte die Polizei am Montagmorgen  (18.11.2019, 07.30 &#8211; 08.30 Uhr) in der Staatsstra\u00dfe gleich f\u00fcnf  Autofahrer, die telefonierten. Ein Bu\u00dfgeld von je 100 Euro m\u00fcssen sie  bezahlen. Zudem erwartet sie ein Punkt in der Flensburger  Verkehrss\u00fcnderkartei. Die Anzahl der Verkehrsunf\u00e4lle mit Ablenkung &#8211;  insbesondere das Nutzen von Handy &#8211; sind auff\u00e4llig. Wer mit 50 km\/h  unterwegs und eine Sekunde abgelenkt ist, legt ein &#8222;Blindflug&#8220; von 14  Metern hin. Vier weitere Autofahrer wurden erwischt, weil sie nicht  gegurtet waren. &#8222;Wir weisen darauf hin, dass der Gurt nach wie vor  Lebensretter Nummer 1 ist.&#8220; Acht Autofahrer wurden geb\u00fchrenpflichtig  sanktioniert, weil sie an der Kreuzung L 507\/L 542 bei Gro\u00dffischlingen  an der Haltelinie des &#8222;STOP-Schildes&#8220; nicht anhielten. Missachtung der  Vorfahrt ist und bleibt eine der Hauptunfallursachen. Stoppschilder  sollen Unf\u00e4lle an vielbefahrenen oder schlecht einsehbaren Kreuzungen  verhindern. <\/p>\n\n\n\n<h4 class=\"wp-block-heading\">(Edenkoben) &#8211; Richtig gehandelt<\/h4>\n\n\n\n<p>Einer Anwohnerin von der Stra\u00dfe &#8222;In der Halde&#8220; kam am Sonntagmorgen  (17.11.2019, 9 Uhr) das Verhalten eines Unbekannten merkw\u00fcrdig vor. Er  schlich sich an den geparkten Autos herum, weshalb sie richtigerweise  die Polizei verst\u00e4ndigte. Vor Ort konnte der Unbekannte angetroffen und  einer Kontrolle unterzogen werden. Der 56-j\u00e4hrige Mann aus dem Raum  Ludwigshafen war im Stadtgebiet unterwegs und verteilte Flyer f\u00fcr  Gebrauchtwagenank\u00e4ufe, weshalb er geparkte Fahrzeuge n\u00e4her unter die  Lupe nahm. B\u00fcrger sollen in jedem Fall die Polizei verst\u00e4ndigen, wenn  sie unbekannte oder auffallend verd\u00e4chtige Personen im Wohngebiet  feststellen. <\/p>\n\n\n\n<h4 class=\"wp-block-heading\">(Neustadt) &#8211; Brand in Asylunterkunft<\/h4>\n\n\n\n<p>Am 18.11.19, gegen 22 h, brach in der Europa Stra\u00dfe im  Gemeinschaftsraum der dort befindlichen Asylunterkunft aus bisher  unbekannten Gr\u00fcnden ein Brand aus. Bei dem Brand kamen insgesamt 3  Bewohner mit Verdacht auf Rauchgasintoxikation in ein Krankenhaus in NW.  Ein weiterer verletzte sich leicht beim L\u00f6schversuch mit dem  Feuerl\u00f6scher. Das gesamte Geb\u00e4ude wurde durch den Brand und die damit  einhergehende Ru\u00dfbildung stark in Mitleidenschaft gezogen und war nicht  mehr bewohnbar. Die Bewohner wurden beim DRK in NW untergebracht. Durch  den Brand d\u00fcrfte ein Sachschaden von mindestens 100 000 EUR entstanden  sein. Es ergeben sich keine Hinweise auf politisch motovierte  Kriminalit\u00e4t. Die Kriminalpolizei ermittelt. <\/p>\n\n\n\n<h4 class=\"wp-block-heading\">(Neustadt) &#8211; Dreister Dieb nutzt Leichtsinnigkeit aus<\/h4>\n\n\n\n<p>Dem T\u00e4ter nicht besonders schwer gemacht hat es eine Angestellte einer  Praxis f\u00fcr Physiotherapie in der Neustadter Innenstadt, als sie am  15.11.19 ihre Handtasche unbeaufsichtigt in einem frei zug\u00e4nglichen Raum  der Praxis belie\u00df. Der T\u00e4ter nutzte kurz nach 16:00 Uhr die  Gelegenheit, um den Geldbeutel aus der Tasche zu entnehmen und unerkannt  zu entkommen. Die Polizei appelliert nochmals: Bitte achten Sie auf  ihre Wertgegenst\u00e4nde und verstauen Sie sie sicher, ob am Arbeitsplatz,  beim Stadtbummel, beim Einkauf oder auch bald auf dem Weihnachtsmarkt.  Damit Sie -und nicht der T\u00e4ter- das Geld entweder f\u00fcr sich oder f\u00fcr Ihre  Liebsten zu Weihnachten einsetzen k\u00f6nnen. <\/p>\n\n\n\n<h4 class=\"wp-block-heading\">(He\u00dfheim) &#8211; Verkehrsunfallflucht<\/h4>\n\n\n\n<p>Die Gesch\u00e4digte parkt ihren Pkw Seat Arona in der Zeit von 16.11.2019,  14.00 Uhr, bis 17.11.2019, 12.00 Uhr, in der Gerhart-Hauptmann-Stra\u00dfe,  H\u00f6he Hausnummer 63. Als sie wieder zu ihrem Fahrzeug kommt, muss sie  feststellen, dass dieses durch einen bislang unbekannten Fahrzeugf\u00fchrer  an der Fahrert\u00fcr besch\u00e4digt wurde. Der Schaden wird auf etwa 200 Euro  gesch\u00e4tzt. <\/p>\n\n\n\n<p>Wer sachdienliche Hinweise zu den genannten F\u00e4llen  geben kann, wird gebeten sich mit der Polizeiinspektion Frankenthal  unter der Rufnummer 06233\/313-0 oder der Polizeiwache Maxdorf unter der  Rufnummer 06237\/934-1100 in Verbindung zu setzen. Hinweise k\u00f6nnen auch  per E-Mail unter <a href=\"mailto:pifrankenthal@polizei.rlp.de\">pifrankenthal@polizei.rlp.de<\/a> an die Polizei \u00fcbermittelt werden. <\/p>\n\n\n\n<h4 class=\"wp-block-heading\">(Frankenthal) &#8211; Sachbesch\u00e4digung<\/h4>\n\n\n\n<p>Am 17.11.2019, in der Zeit von 19.45 Uhr bis 20.05 Uhr, wird in der  Karolinenstra\u00dfe, an der dortigen B\u00e4ckerei durch bislang unbekannte T\u00e4ter  eine Schaufensterscheibe eingeschlagen. Der Schaden wird auf etwa 500  Euro gesch\u00e4tzt. <\/p>\n\n\n\n<p>Wer sachdienliche Hinweise zu den genannten  F\u00e4llen geben kann, wird gebeten sich mit der Polizeiinspektion  Frankenthal unter der Rufnummer 06233\/313-0 oder der Polizeiwache  Maxdorf unter der Rufnummer 06237\/934-1100 in Verbindung zu setzen.  Hinweise k\u00f6nnen auch per E-Mail unter <a href=\"mailto:pifrankenthal@polizei.rlp.de\">pifrankenthal@polizei.rlp.de<\/a> an die Polizei \u00fcbermittelt werden. <\/p>\n\n\n\n<h4 class=\"wp-block-heading\">(Ludwigshafen) &#8211; Au\u00dfenspiegel besch\u00e4digt<\/h4>\n\n\n\n<p>Von Samstag (16.11.2019) auf Sonntag (17.11.2019) wurden die  Au\u00dfenspiegel an drei Pkw besch\u00e4digt. Der schwarzer Mini, der roter Fiat  Panda und der graue Opel Corsa waren in der in Rohrlachstra\u00dfe geparkt.  Die Schadensh\u00f6he bel\u00e4uft sich auf insgesamt 450 Euro. Zeugen, die den  Vorfall beobachtet haben, werden gebeten, sich bei der Polizeiinspektion  Ludwigshafen 2  unter der Telefonnummer 0621 963-2222 oder per E-Mail <a href=\"mailto:piludwigshafen2@polizei.rlp.de\">piludwigshafen2@polizei.rlp.de<\/a> zu melden. <\/p>\n\n\n\n<h4 class=\"wp-block-heading\">(Ludwigshafen) &#8211; Mofa gestohlen<\/h4>\n\n\n\n<p>In der Zeit zwischen dem 14.11.2019, gegen 18:00 Uhr und dem  16.11.2019, gegen 12:00 Uhr, gelang es einem oder mehreren T\u00e4tern, ein  Mofa der Marke Piaggio zu stehlen. Das Fahrzeug hatte der 37-j\u00e4hrige  Besitzer in der Treidlergasse abgestellt und mehrfach gesichert.  Sachdienliche Hinweise nimmt die Polizeiinspektion Ludwigshafen 1 unter  der Telefonnummer 0621 963-2122 oder per e-Mail <a href=\"mailto:piludwigshafen1@polizei.rlp.de\">piludwigshafen1@polizei.rlp.de<\/a> entgegen . <\/p>\n\n\n\n<h4 class=\"wp-block-heading\">(Mannheim-Neckarau) &#8211; T\u00f6dlicher Verkehrsunfall, Radfahrerin wird von  Stra\u00dfenbahn erfasst und erliegt ihren Verletzungen, Zeugen gesucht!<\/h4>\n\n\n\n<p>Am Montag gegen 13.15 Uhr kam es in der Steubenstra\u00dfe kurz vor der  Haltestelle Rheingoldplatz zu einem Verkehrsunfall zwischen einer  Radfahrerin und einer Stra\u00dfenbahn. Die Radfahrerin wurde hierbei t\u00f6dlich  verletzt. <\/p>\n\n\n\n<p>Nach derzeitigem Ermittlungsstand soll eine 76-j\u00e4hrige\n Radfahrerin die Steubenstra\u00dfe und den dortigen Gleisbereich aus \nRichtung Sentastra\u00dfe kommend \u00fcberquert haben. Eine Stra\u00dfenbahn, die die \nSteubenstra\u00dfe in Richtung Rheingoldplatz befuhr, soll sie dabei frontal \nerfasst haben. <\/p>\n\n\n\n<p>Die Radfahrerin wurde von Rettungskr\u00e4ften geborgen\n und mit einem Krankenwagen in ein nahegelegenes Krankenhaus verbracht, \nwo sie ihren schweren Verletzungen erlag. <\/p>\n\n\n\n<p>W\u00e4hrend der \nUnfallaufnahme kam es rund um die Unfallstelle zu Verkehrsbehinderungen,\n zeitweise war der Stra\u00dfenbahnverkehr eingestellt. <\/p>\n\n\n\n<p>Die Ermittlungen des Verkehrsunfallaufnahmedienstes Mannheim und der Staatsanwaltschaft Mannheim dauern an. <\/p>\n\n\n\n<p>Die Ermittler suchen Zeugen des Unfalls, diese m\u00f6gen sich unter 0621 174 4045 melden und ihre Wahrnehmungen mitteilen. <\/p>\n\n\n\n<h4 class=\"wp-block-heading\">(Mannheim \/ Heidelberg) &#8211; Bilanz der Fahrradfahrer- und E-Scooter  Kontrollwochen des Polizeipr\u00e4sidiums Mannheim in den St\u00e4dten Heidelberg und Mannheim<\/h4>\n\n\n\n<div class=\"wp-block-image\"><figure class=\"aligncenter\"><img decoding=\"async\" loading=\"lazy\" width=\"800\" height=\"600\" src=\"https:\/\/speyer24news.com\/wp-content\/uploads\/2019\/11\/E-Roller-2.jpg\" alt=\"\" class=\"wp-image-22067\" srcset=\"https:\/\/speyer24news.com\/wp-content\/uploads\/2019\/11\/E-Roller-2.jpg 800w, https:\/\/speyer24news.com\/wp-content\/uploads\/2019\/11\/E-Roller-2-300x225.jpg 300w, https:\/\/speyer24news.com\/wp-content\/uploads\/2019\/11\/E-Roller-2-768x576.jpg 768w, https:\/\/speyer24news.com\/wp-content\/uploads\/2019\/11\/E-Roller-2-678x509.jpg 678w, https:\/\/speyer24news.com\/wp-content\/uploads\/2019\/11\/E-Roller-2-326x245.jpg 326w, https:\/\/speyer24news.com\/wp-content\/uploads\/2019\/11\/E-Roller-2-80x60.jpg 80w\" sizes=\"(max-width: 800px) 100vw, 800px\" \/><\/figure><\/div>\n\n\n\n<p>Von Montag, den 04.11.2019, bis zum Sonntag, den 17.11.2019, lag der  Fokus der Beamten des Polizeipr\u00e4sidiums Mannheim sowie der st\u00e4dtischen  Ordnungsdienste auf Kontrollen von Radfahrern und E-Scooter-Fahrern. <\/p>\n\n\n\n<p>Neben\n der konsequenten Ahndung von Verst\u00f6\u00dfen sollten die Verkehrsteilnehmer \naber auch zum verkehrsgerechtem und sicheren Verhalten im \nStra\u00dfenverkehrs angehalten werden. <\/p>\n\n\n\n<p>Die Kontrollwochen wurden von \nden St\u00e4dten Heidelberg und Mannheim sowie dem Polizeipr\u00e4sidium Mannheim \naufgrund der t\u00e4glichen Feststellungen und der Auswertung der \nVerkehrsunfallzahlen angek\u00fcndigt. Wir berichteten: <a target=\"_blank\" href=\"https:\/\/www.presseportal.de\/blaulicht\/pm\/14915\/4419219\" rel=\"noreferrer noopener\">https:\/\/www.presseportal.de\/blaulicht\/pm\/14915\/4419219<\/a> <\/p>\n\n\n\n<p>In\n den f\u00fcr zwei Wochen angesetzten Intensivkontrollen wurden 1.378 \nVerst\u00f6\u00dfe von Radfahrern festgestellt und geahndet. Dabei fuhren 284 \nRadler \u00fcber rote Ampeln, 55 entgegen der Fahrtrichtung und 350 hatten \nkeine oder mangelhafte Beleuchtungseinrichtungen. Zudem wurden 689 \nweitere Verst\u00f6\u00dfe gegen geltende Verkehrsregeln festgestellt. <\/p>\n\n\n\n<p>Bei \nE-Scooter-Fahrern wurden insgesamt 204 Verst\u00f6\u00dfe festgestellt. Trotz \nVerbot fuhren 48 auf dem Gehweg, 56 in einer Fu\u00dfg\u00e4ngerzone. 28 Fahrer \nstiegen trotz Alkohol- oder Drogenkonsum auf einen Roller und m\u00fcssen nun\n mit Konsequenzen sowie F\u00fchrerscheinentzug rechnen. Entgegen der \nFahrtrichtung fuhren lediglich drei Fahrer, neunmal wurden zwei Personen\n auf dem Roller festgestellt. 60 Weitere verstie\u00dfen gegen sonstige \nweitere Regeln der Stra\u00dfenverkehrsordnung. <\/p>\n\n\n\n<p>PD Dieter Sch\u00e4fer, der  Leiter der Verkehrspolizei, wertet insbesondere die Verst\u00f6\u00dfe der  Radfahrenden als Beleg f\u00fcr die unerkl\u00e4rliche Sorglosigkeit mancher  dieser Verkehrsgruppe. Besorgniserregend ist die insbesondere in  Heidelberg seit 2018 festzustellende Zunahme bei den Unf\u00e4llen mit  Alleinbeteiligung. In den Halbjahresstatistiken 2019 (2018) f\u00fcr  Heidelberg ereigneten sich bei insgesamt 190 (179) Unf\u00e4llen 42 (37)  St\u00fcrze, bei denen sich 13 (9) Radfahrende schwer und 28 (27) leicht  verletzten. In Mannheim waren es deutlich weniger. So st\u00fcrzten bei 168  (161) Unf\u00e4llen nur 18 (17) Radfahrende, von denen sich 3 (5) Personen  schwer und 15 (13) leicht verletzten. Das Dunkelfeld ist bei den  Alleinbeteiligungen allerdings um einiges h\u00f6her. Wenn auch einige dieser  Unf\u00e4lle auf M\u00e4ngel im Verkehrsraum zur\u00fcckgef\u00fchrt werden k\u00f6nnen, ist zu  vermuten, dass auch die zunehmende Ablenkung und Unaufmerksamkeit eine  Rolle spielen. Herr Sch\u00e4fer fordert hier eine konstruktive Diskussion  \u00fcber die Nutzung von smarten elektronischen Ger\u00e4ten, \u00fcberwiegend  Smartphones, bei der aktiven Verkehrsteilnahme. &#8222;Das menschliche Gehirn  taktet seine Aufmerksamkeit nicht gleichbleibend reihum wie ein  Computer. Es teilt Aufmerksamkeit. Au\u00dferdem gibt es wissenschaftliche  Belege, dass bei intensiver Befassung mit einem Thema die Gedanken noch  kurze Zeit beim Smartphone verharren, obwohl der Blick schon wieder dem  Verkehrsgeschehen zugewandt wird. Dieses Defizit kann unfallerheblich  sein und zu schwersten Folgen f\u00fchren&#8220;, so der Verkehrspolizeichef. <\/p>\n\n\n\n<h4 class=\"wp-block-heading\">(Mannheim \/ Heidelberg \/ Schwetzingen) &#8211; Mehrere E-Bikes gestohlen \/  Gesch\u00e4digter bekommt Fahrrad gegen Finderlohn ausgeh\u00e4ndigt &#8211; Polizei  sucht Zeugen!<\/h4>\n\n\n\n<p>Im Zeitraum von Donnerstag, 18 Uhr bis Sonntag, 14:30 Uhr, wurden in  Mannheim, Heidelberg und Schwetzingen insgesamt vier E-Bikes gestohlen. <\/p>\n\n\n\n<p>Auf\n dem Parkplatz des Uniklinikums Mannheim und in der Rathenaustra\u00dfe in \nder Mannheimer Oststadt wurden ein wei\u00dfes Damen E-Bike der Marke Winora \nsowie ein schwarzes Pegasus E-Bike entwendet, die beide verschlossen an \nden \u00d6rtlichkeiten abgestellt waren. Im selben Zeitraum lie\u00df ein bislang \nunbekannter T\u00e4ter auch in der Heidelberger Altstadt in der Ziegelgasse \nein E-Bike mitgehen. <\/p>\n\n\n\n<p>Am Donnerstagabend knackten bislang \nUnbekannte in Schwetzingen in der Werderstra\u00dfe\/Ecke Mannheimer Stra\u00dfe \ndas Schloss eines wei\u00dfen Elektro-Trekkingbikes der Marke NCM. Der \nBesitzer des Zweirads zeigte den Diebstahl am Abend bei der Polizei an. \nAls er anschlie\u00dfend wieder zu seinem Anwesen zur\u00fcckkehrte, traf er \npl\u00f6tzlich auf zwei junge M\u00e4nner mit seinem gestohlenen Fahrrad. Diese \ngaben an, das Rad aufgefunden und dieses gegen einen Finderlohn in H\u00f6he \nvon 50 Euro ihm auszuh\u00e4ndigen. Nachdem der Gesch\u00e4digte den Jugendlichen \ndas Geld \u00fcbergeben hatte, reichten diese ihm sein Fahrrad und gingen in \nunbekannte Richtung davon. <\/p>\n\n\n\n<p>Das Duo wurde wie folgt beschrieben: \nbeide Personen waren ca. 16-19 Jahre alt, hatten kurze dunkle Haare und \neine &#8222;Undercut&#8220;-Frisur. Einer der beiden war mit auff\u00e4lligen Sneakers \nund einer Jacke mit rotem Schriftzug bekleidet. <\/p>\n\n\n\n<p>Ob zwischen den \nvier Taten ein Zusammenhang besteht, ist Gegenstand der weiteren \nErmittlungen. Der Diebstahlschaden wird auf rund 10.000 Euro gesch\u00e4tzt. <\/p>\n\n\n\n<p>Zeugen,\n die sachdienliche Hinweise geben k\u00f6nnen, werden gebeten, sich beim \nPolizeirevier Mannheim-Neckarstadt unter Tel.: 0621\/3301-0, beim \nPolizeirevier Mannheim-Oststadt unter Tel.: 0621\/174-3310, beim \nPolizeirevier Heidelberg-Mitte unter Tel.: 06221\/99-1700 oder beim \nPolizeirevier Mannheim-Schwetzingen unter Tel.: 06202\/288-0 zu melden. <\/p>\n\n\n\n<h4 class=\"wp-block-heading\">(Heidelberg-Neuenheim) &#8211; Unbekannte besch\u00e4digen Kinderspielplatz \/ Polizei sucht Zeugen<\/h4>\n\n\n\n<p>In der Nacht von Samstag auf Sonntag besch\u00e4digten unbekannte T\u00e4ter  einen Spielplatz im Stadtteil Neuenheim. Die Unbekannten schmierten mit  Farbe auf mehrere Spielger\u00e4te des Spielplatzes am Werderplatz die  Graffiti-Tags &#8222;221&#8220;. Zudem hinterlie\u00dfen sie ihren Unrat, unter anderem  zahlreiche Glasscherben, auf dem Spielplatzgel\u00e4nde. <\/p>\n\n\n\n<p>Bereits am \nVorabend, kurz vor 22 Uhr, mussten die Beamten des Polizeireviers \nHeidelberg-Nord auf diesem Spielplatz wegen einer Ruhest\u00f6rung, ausgehend\n von einer Gruppe Jugendlicher, einschreiten. Beim Eintreffen der \nOrdnungsh\u00fcter entfernte sich ein Teil der Gruppe fluchtartig in alle \nRichtungen. Die verbliebenen Personen wurden einer Kontrolle unterzogen.\n Inwiefern ein Zusammenhang zu den Sachbesch\u00e4digungen in der Nacht \nbesteht, wird derzeit gepr\u00fcft. <\/p>\n\n\n\n<p>Zeugen, die verd\u00e4chtige  Wahrnehmungen gemacht haben, werden gebeten, sich beim Polizeirevier  Heidelberg-Nord, Tel.: 06221\/4569-0 zu melden. <\/p>\n\n\n\n<h4 class=\"wp-block-heading\">(Ketsch \/ Rhein-Neckar-Kreis) &#8211; Jugendliche besch\u00e4digen mehrere Autos, Zeugen gesucht<\/h4>\n\n\n\n<p>Am Sonntag gegen 07:20 Uhr besch\u00e4digte eine Gruppe Jugendlicher mehrere  Fahrzeuge in der Werderstra\u00dfe. Die Gruppe fiel zun\u00e4chst auf, da sie  sich gr\u00f6lend vor einer Gastst\u00e4tte in der Hockenheimer Stra\u00dfe aufhielt.  Anschlie\u00dfend zogen sie durch die Werderstra\u00dfe und traten an mindestens  zwei Pkw die Au\u00dfenspiegel ab. <\/p>\n\n\n\n<p>Zeugen und Gesch\u00e4digte werden gebeten, sich beim Polizeiposten Ketsch unter 06202 61696 zu melden. <\/p>\n\n\n\n<h4 class=\"wp-block-heading\">(Schwetzingen \/ Rhein-Neckar-Kreis) &#8211; Schwerer Unfall auf der Autobahn, Zeugen gesucht<\/h4>\n\n\n\n<p>Am Samstag kam es gegen 21:30 Uhr auf der A 6 zu einem Verkehrsunfall,  bei welchem ein 41-j\u00e4hriger Opel-Fahrer verletzt wurde. Nach bisherigen  Ermittlungen fuhr ein 55-j\u00e4hriger VW-Fahrer auf der A 6 in Richtung  Heilbronn, als er auf den vor ihm fahrenden 41-j\u00e4hrigen Opel-Fahrer  auffuhr. Bei dem Unfall entstand an beiden Fahrzeugen ein Sachschaden  von insgesamt 15.000 Euro. <\/p>\n\n\n\n<p>Die Ermittlungen des \nVerkehrskommissariats Walldorf hierzu dauern noch an. Zeugen, welche den\n Unfallhergang beobachtet haben, werden gebeten, sich bei den Kollegen \nunter 06227 358260 zu melden. <\/p>\n\n\n\n<h4 class=\"wp-block-heading\">(Schwetzingen \/ Rhein-Neckar-Kreis) &#8211; Farbschmierereien am Bahnhof, Zeugen gesucht<\/h4>\n\n\n\n<p>Am Samstag gegen 03:15 Uhr wurde der Sockel einer Skulptur in der  Bahnhofsanlage mit wei\u00dfen Buchstaben beschmiert. Der unbekannte T\u00e4ter  war schwarz gekleidet und entfernte sich nach der Tat, laut eines  Zeugen, in Richtung Bahnhof. <\/p>\n\n\n\n<p>Die Beamten des Polizeireviers Schwetzingen bittet Zeugen sich unter 06202 288-0 zu melden. <\/p>\n\n\n\n<h4 class=\"wp-block-heading\">(Leimen \/ Rhein-Neckar-Kreis) &#8211; Unbekannter Radfahrer streift zwei PKW und entfernt sich von Unfallstelle \/ Zeugen gesucht!<\/h4>\n\n\n\n<p>Ein bislang unbekannter Radfahrer besch\u00e4digte am Samstagnachmittag,  zwischen 15 Uhr und 16 Uhr, in der Hirtenwiesenstra\u00dfe beim Vorbeifahren  zwei geparkte PKW und entfernte sich im Anschluss von der Unfallstelle.  Der Mann klingelte nach der Kollision zun\u00e4chst bei einer Anwohnerin und  fragte nach den Haltern der betroffenen Fahrzeuge. Nachdem die Frau ihm  jedoch mitteilte, diese nicht zu kennen, fuhr der Radfahrer, ohne seine  Personalien zu hinterlassen, einfach davon. In welcher H\u00f6he Sachschaden  an den Fahrzeugen entstand, steht bislang nicht fest. <\/p>\n\n\n\n<p>Der \nRadfahrer wurde als ca. 30 Jahre alt, dunkelblond und mit einem gelben \nTrikot bekleidet beschrieben. Er fuhr ein rotes Rennrad. Ob der \nUnbekannte sich bei dem Unfall Verletzungen zuzog, ist nicht bekannt. <\/p>\n\n\n\n<p>Der  Radfahrer selbst sowie Zeugen, die Hinweise zu dem Unbekannten geben  k\u00f6nnen, werden gebeten, sich mit dem Polizeirevier Wiesloch unter Tel.:  06222\/5709-0 in Verbindung zu setzen. <\/p>\n\n\n\n<h4 class=\"wp-block-heading\">(Wiesloch \/ Rhein-Neckar-Kreis) &#8211; Duo wird bei Einbruch in Recyclinghof erwischt \/ Polizei sucht Zeugen!<\/h4>\n\n\n\n<p>Bislang unbekannte T\u00e4ter verschafften sich am Sonntagabend, gegen 22:20  Uhr, Zugang zum umz\u00e4unten Gel\u00e4nde eines Recyclinghofs in der Stra\u00dfe  &#8222;Bruchwiesen&#8220;. Die Unbekannten hatten an einer Stelle des Zaunes ein ca.  1,50 m x 0,5 m gro\u00dfes Loch hineingeschnitten und waren so auf das Areal  gelangt. Als sie sich dann dem B\u00fcrogeb\u00e4ude n\u00e4herten, wurden die beiden  M\u00e4nner von einem Angestellten entdeckt und angesprochen. Hierauf ergriff  das Duo sofort die Flucht und rannte in Richtung des angrenzenden  Feldgebiets davon. Ob die Einbrecher etwas gestohlen hatten, steht  derzeit noch nicht fest. <\/p>\n\n\n\n<p>Der Angestellte konnte die Personen wie folgt beschreiben: <\/p>\n\n\n\n<ul><li>m\u00e4nnlich<\/li><li>ca. 1,85 m gro\u00df<\/li><li>etwa 45 Jahre alt<\/li><li>schlank<\/li><li>athletisch<\/li><li>dunkel gekleidet<\/li><li>evtl. mit Regenbekleidung<\/li><li>Einer der beiden hatte mittellange Rastalocken. <\/li><\/ul>\n\n\n\n<p>Weitere Zeugen, die verd\u00e4chtige Wahrnehmungen \ngemacht haben und Hinweise zu den unbekannten Personen geben k\u00f6nnen, \nwerden gebeten, sich beim Polizeirevier Wiesloch unter Tel.: \n06222\/5709-0 zu melden. <\/p>\n\n\n\n<h4 class=\"wp-block-heading\">(Eberbach \/ Rhein-Neckar-Kreis) &#8211; Unfall verursacht und einfach weitergefahren \/ Verursacher rasch ermittelt<\/h4>\n\n\n\n<p>Einen Verkehrsunfall verursachte am Samstagnachmittag ein 52-j\u00e4hriger  Autofahrer auf der L524 zwischen Eberbach und Unterdielbach. Ein  48-j\u00e4hriger Mann war gegen 14.30 Uhr mit seinem Fahrzeug auf der L524 in  Richtung Unterdielbach unterwegs. Als die Fahrbahn zweispurig wurde,  wechselte der 48-J\u00e4hrige nach links und \u00fcberholte einen vorausfahrenden  Renault. Anschlie\u00dfend wollte er einen davor fahrenden Ford \u00fcberholen.  Als er links neben diesem fuhr, zog dieser pl\u00f6tzlich ebenfalls nach  links. Der 48-J\u00e4hrige musste ausweichen und eine Vollbremsung einleiten,  konnte einen Zusammensto\u00df jedoch nicht mehr vermeiden. Er versuchte  noch, den Ford-Fahrer mit Hupe und Lichthupe auf den Unfall aufmerksam  zu machen, dieser setzte seinen Weg anschlie\u00dfend jedoch ohne anzuhalten  in Richtung Str\u00fcmpfelbrunn fort. Der Gesch\u00e4digte konnte sich noch das  Kennzeichen des Ford notieren. Bei einer \u00dcberpr\u00fcfung der Anschrift des  Fahrzeughalters konnte dieser zun\u00e4chst nicht angetroffen werden. Ihm  wurde eine Nachricht hinterlassen, wonach er sich noch am Abend beim  Polizeirevier Eberbach meldete. Gegen ihn wird nun wegen Unfallflucht  ermittelt. <\/p>\n\n\n\n<h4 class=\"wp-block-heading\">(Eppelheim \/ Rhein-Neckar-Kreis) &#8211; Verletzte Radfahrerin begeht Unfallflucht, Zeugen gesucht<\/h4>\n\n\n\n<p>Am Montag kam es gegen 14:20 Uhr zu einem Verkehrsunfall zwischen einer  71-j\u00e4hrigen VW-Fahrerin und einer bislang unbekannten, ca. 40-j\u00e4hrigen,  Radfahrerin. Die Radfahrerin querte unachtsam die Grenzh\u00f6fer Stra\u00dfe und  stie\u00df mit dem VW zusammen, hierbei zog sich die Radfahrerin eine stark  blutende Verletzung zu. Anschlie\u00dfend entfernte sie sich unerlaubt von  der Unfall\u00f6rtlichkeit in Richtung Konrad-Adenauer-Ring. <\/p>\n\n\n\n<p>Zeugen, die Hinweise zu der Radfahrerin geben k\u00f6nnen, werden gebeten, sich unter 06221 3418-0 zu melden. <\/p>\n\n\n\n<h4 class=\"wp-block-heading\">(Dossenheim \/ Rhein-Neckar-Kreis) &#8211; In Apotheke eingebrochen \/ Zeugen gesucht<\/h4>\n\n\n\n<p>In der Nacht von Freitag auf Samstag brachen unbekannte T\u00e4ter in eine  Apotheke in Dossenheim ein. Die Einbrecher hebelten zwischen 21.45 Uhr  und 7.45 Uhr die gl\u00e4serne Eingangst\u00fcr der Apotheke in der Ringstra\u00dfe auf  und drangen in den Verkaufsraum ein. Hier \u00f6ffneten sie die  Wechselgeldkassen und entnahmen daraus das Bargeld. Anschlie\u00dfend  durchw\u00fchlten sie mehrere Schubladen, bevor sie sich ins Labor und ins  Medikamentenlager begaben, wo sie s\u00e4mtliche Schr\u00e4nke \u00f6ffneten und  durchsuchten. Aus einem Tresor entnahmen sie den gesamten Inhalt und  verstauten ihn in einer T\u00fcte, die sie letztendlich jedoch in den  Gesch\u00e4ftsr\u00e4umen zur\u00fccklie\u00dfen. Nach derzeitigem Sachstand wurde das  Wechselgeld und weiteres Bargeld aus dem Tresor entwendet. Inwiefern  auch Medikamente gestohlen wurden, ist derzeit noch unklar. <\/p>\n\n\n\n<p>Zeugen,\n die verd\u00e4chtige Wahrnehmungen gemacht haben und sachdienliche Hinweise \ngeben k\u00f6nnen, werden gebeten, sich beim Polizeirevier Heidelberg-Nord, \nTel.: 06221\/4569-0 zu melden. <\/p>\n","protected":false},"excerpt":{"rendered":"<div class=\"mh-excerpt\"><p>Polizeimeldungen vom Montag (18.11.2019) (Speyer) &#8211; Gegen parkenden Pkw gefahren und gefl\u00fcchtet Zu einer Verkehrsunfallfluch kam es im Zeitraum 16.11 &#8211; 17.11.2019 auf einem Parkplatz in der Landauer Stra\u00dfe, welcher sich hinter dem Restaurant Korfu <a class=\"mh-excerpt-more\" href=\"https:\/\/speyer24news.com\/?p=22066\" title=\"Polizei\">[&#8230;]<\/a><\/p>\n<\/div>","protected":false},"author":3,"featured_media":0,"comment_status":"open","ping_status":"open","sticky":false,"template":"","format":"standard","meta":{"_monsterinsights_skip_tracking":false,"_monsterinsights_sitenote_active":false,"_monsterinsights_sitenote_note":"","_monsterinsights_sitenote_category":0,"footnotes":""},"categories":[12],"tags":[3614,61,2555,63,105,53,1548,102,213,55,103,106,2803,2423,427,2625,380,62,104,979,1565],"aioseo_notices":[],"amp_enabled":true,"_links":{"self":[{"href":"https:\/\/speyer24news.com\/index.php?rest_route=\/wp\/v2\/posts\/22066"}],"collection":[{"href":"https:\/\/speyer24news.com\/index.php?rest_route=\/wp\/v2\/posts"}],"about":[{"href":"https:\/\/speyer24news.com\/index.php?rest_route=\/wp\/v2\/types\/post"}],"author":[{"embeddable":true,"href":"https:\/\/speyer24news.com\/index.php?rest_route=\/wp\/v2\/users\/3"}],"replies":[{"embeddable":true,"href":"https:\/\/speyer24news.com\/index.php?rest_route=%2Fwp%2Fv2%2Fcomments&post=22066"}],"version-history":[{"count":1,"href":"https:\/\/speyer24news.com\/index.php?rest_route=\/wp\/v2\/posts\/22066\/revisions"}],"predecessor-version":[{"id":22068,"href":"https:\/\/speyer24news.com\/index.php?rest_route=\/wp\/v2\/posts\/22066\/revisions\/22068"}],"wp:attachment":[{"href":"https:\/\/speyer24news.com\/index.php?rest_route=%2Fwp%2Fv2%2Fmedia&parent=22066"}],"wp:term":[{"taxonomy":"category","embeddable":true,"href":"https:\/\/speyer24news.com\/index.php?rest_route=%2Fwp%2Fv2%2Fcategories&post=22066"},{"taxonomy":"post_tag","embeddable":true,"href":"https:\/\/speyer24news.com\/index.php?rest_route=%2Fwp%2Fv2%2Ftags&post=22066"}],"curies":[{"name":"wp","href":"https:\/\/api.w.org\/{rel}","templated":true}]}}